{"id":141,"date":"2014-03-06T08:00:00","date_gmt":"2014-03-06T07:00:00","guid":{"rendered":"http:\/\/blogg.svenskakyrkan.se\/vandravagen\/2014\/03\/06\/fastan-for-dummies\/"},"modified":"2014-03-06T08:00:00","modified_gmt":"2014-03-06T07:00:00","slug":"fastan-for-dummies","status":"publish","type":"post","link":"https:\/\/blogg.svenskakyrkan.se\/vandravagen\/2014\/03\/06\/fastan-for-dummies\/","title":{"rendered":"Fastan for dummies"},"content":{"rendered":"<table align=\"center\" cellpadding=\"0\" cellspacing=\"0\">\n<tbody>\n<tr>\n<td><a href=\"http:\/\/4.bp.blogspot.com\/-2ZSFKuHfdwE\/UxbYeJUb8hI\/AAAAAAAAHFU\/6fQECIUZxc0\/s1600\/IMG_0450.jpg\"><img loading=\"lazy\" decoding=\"async\" border=\"0\" src=\"http:\/\/4.bp.blogspot.com\/-2ZSFKuHfdwE\/UxbYeJUb8hI\/AAAAAAAAHFU\/6fQECIUZxc0\/s1600\/IMG_0450.jpg\" height=\"480\" width=\"640\"><\/a><\/td>\n<\/tr>\n<tr>\n<td>Pojkar p\u00e5 Filippinerna p\u00e5b\u00f6rjar fastan med askkors i pannan!<\/td>\n<\/tr>\n<\/tbody>\n<\/table>\n<p>&#8230;men det var inte sant och det var inte sant f\u00f6r d\u00e4remellan kommer fastan. S\u00e5 sjunger vi i v\u00e5r folkligaste kyrko\u00e5rsvisa(?). Vad fastan \u00e4r f\u00f6r n\u00e5got kan vara oklart f\u00f6r m\u00e5nga i dessa tider d\u00e5 de kristna sederna \u00e4r svaga i v\u00e5rt land. D\u00e4rf\u00f6r kan det vara p\u00e5 sin plats med en liten grundkurs.<\/p>\n<div><\/div>\n<div><\/div>\n<div>Fastan heter den tid p\u00e5 \u00e5ret som leder fram till p\u00e5sk. Den \u00e4r 40 dagar l\u00e5ng och b\u00f6rjar p\u00e5 askonsdagen. D\u00e5 kan den som vill f\u00e5 ett kors i aska i sin panna i gudstj\u00e4nsten. Askan p\u00e5minner b\u00e5de om hur f\u00f6rg\u00e4ngligt allt \u00e4r och om reningen genom Jesu blod. R\u00e4knar man noga \u00e4r det 46 dagar fr\u00e5n askonsdagen och fram till p\u00e5sk men det beror p\u00e5 att fastan bryts p\u00e5 s\u00f6ndagarna, d\u00e5 vi som alltid firar Jesus uppst\u00e5ndelse, och d\u00e5 kan man ju inte fasta.<\/div>\n<div><\/div>\n<div><\/div>\n<div>Fastan \u00e4r uppdelad i tv\u00e5 delar. F\u00f6rsta halvan handlar om kampen mot ondskan. Vi f\u00e5r sk\u00e4rsk\u00e5da v\u00e5ra liv och anstr\u00e4nga oss att leva som vi egentligen vill. Den andra halvan heter &#8221;passionstiden&#8221;. P\u00e5sken n\u00e4rmar sig och textl\u00e4sningarna i gudstj\u00e4nsterna handlar alltmer om Jesu lidande. Detta kulminerar i stilla veckan och l\u00e5ngfredagen. Fastan tar egentligen slut vid p\u00e5sknattsm\u00e4ssan och firandet av uppst\u00e5ndelsens mysterium d\u00e5 sorg v\u00e4nds i gl\u00e4dje. I Sverige har vi sedan l\u00e4nge k\u00f6rt med att fira redan kv\u00e4llen f\u00f6re, p\u00e5 p\u00e5skafton. Det \u00e4r inte helt konstigt eftersom man f\u00f6rr (och i Bibelns tankev\u00e4rld) t\u00e4nkte sig att det nya dygnet b\u00f6rjar vid klockan sex p\u00e5 kv\u00e4llen.<\/div>\n<div><\/div>\n<div><\/div>\n<div>Att fasta handlar ursprungligen om att avst\u00e5 fr\u00e5n n\u00e5got av mat, dryck, bekv\u00e4mlighet etc f\u00f6r att \u00e4gna mer tid \u00e5t b\u00f6n och eftertanke. Jag t\u00e4nker att man ocks\u00e5 kan f\u00f6rs\u00f6ka p\u00e5b\u00f6rja goda vanor under fastan eller \u00e4gna mer tid \u00e5t s\u00e5dant man f\u00f6rsummar. Om fastan leder till att vi v\u00e5rdar v\u00e5ra relationer, l\u00e4ser v\u00e5r Bibel eller ber s\u00e5 har den ju lett till n\u00e5got gott. Det \u00e4r b\u00e4ttre att man g\u00f6r n\u00e5got litet \u00e4n att man har stora planer men inget blir av.\u00a0<\/div>\n<div><\/div>\n<div><\/div>\n<div>Det \u00e4r en bra \u00f6vning att avst\u00e5 saker. D\u00e5 m\u00e4rker man vad man tar f\u00f6r givet i vardagen och missar att gl\u00e4dja sig \u00f6ver. Man p\u00e5minner sig ocks\u00e5 om Jesu uppoffringar f\u00f6r v\u00e5r skull och \u00f6var sig i att f\u00f6rst\u00e5 dem b\u00e4ttre.\u00a0<\/div>\n<div><\/div>\n<div><\/div>\n<div>Det g\u00f6r inget om fastan k\u00e4nns lite men den ska vara av egen vilja. Jag t\u00e4nker mig att det \u00e4r med fasta som med ny\u00e5rsl\u00f6ften. Det blir fel om man lovar g\u00f6ra n\u00e5got bara f\u00f6r att man k\u00e4nner att man borde. Men om man k\u00e4nner att man vill och l\u00e4ngtar efter f\u00f6rdjupning kan det verkligen vara till v\u00e4lsignelse.\u00a0<\/div>\n<div><\/div>\n<div><\/div>\n<div>Vill du veta n\u00e5got mer om fastan? Eller har du n\u00e5got du vill till\u00e4gga? Skriv en kommentar!<\/div>\n","protected":false},"excerpt":{"rendered":"<p>Pojkar p\u00e5 Filippinerna p\u00e5b\u00f6rjar fastan med askkors i pannan! &#8230;men det var inte sant och det var inte sant f\u00f6r d\u00e4remellan kommer fastan. S\u00e5 sjunger vi i v\u00e5r folkligaste kyrko\u00e5rsvisa(?). Vad fastan \u00e4r f\u00f6r n\u00e5got kan vara oklart f\u00f6r m\u00e5nga i dessa tider d\u00e5 de kristna sederna \u00e4r svaga i v\u00e5rt land. D\u00e4rf\u00f6r kan det [&hellip;]<\/p>\n","protected":false},"author":392,"featured_media":0,"comment_status":"open","ping_status":"open","sticky":false,"template":"","format":"standard","meta":{"_acf_changed":false,"footnotes":""},"categories":[76189,8252],"tags":[],"class_list":["post-141","post","type-post","status-publish","format-standard","hentry","category-dagens-kyrka","category-kyrkoaret"],"acf":[],"yoast_head":"<!-- This site is optimized with the Yoast SEO plugin v27.1.1 - https:\/\/yoast.com\/product\/yoast-seo-wordpress\/ -->\n<title>Fastan for dummies - Vandra V\u00e4gen<\/title>\n<meta name=\"robots\" content=\"index, follow, max-snippet:-1, max-image-preview:large, max-video-preview:-1\" \/>\n<link rel=\"canonical\" href=\"https:\/\/blogg.svenskakyrkan.se\/vandravagen\/2014\/03\/06\/fastan-for-dummies\/\" \/>\n<meta property=\"og:locale\" content=\"sv_SE\" \/>\n<meta property=\"og:type\" content=\"article\" \/>\n<meta property=\"og:title\" content=\"Fastan for dummies - Vandra V\u00e4gen\" \/>\n<meta property=\"og:description\" content=\"Pojkar p\u00e5 Filippinerna p\u00e5b\u00f6rjar fastan med askkors i pannan! &#8230;men det var inte sant och det var inte sant f\u00f6r d\u00e4remellan kommer fastan. S\u00e5 sjunger vi i v\u00e5r folkligaste kyrko\u00e5rsvisa(?). Vad fastan \u00e4r f\u00f6r n\u00e5got kan vara oklart f\u00f6r m\u00e5nga i dessa tider d\u00e5 de kristna sederna \u00e4r svaga i v\u00e5rt land. D\u00e4rf\u00f6r kan det [&hellip;]\" \/>\n<meta property=\"og:url\" content=\"https:\/\/blogg.svenskakyrkan.se\/vandravagen\/2014\/03\/06\/fastan-for-dummies\/\" \/>\n<meta property=\"og:site_name\" content=\"Vandra V\u00e4gen\" \/>\n<meta property=\"article:publisher\" content=\"http:\/\/facebook.com\/vandravagen\" \/>\n<meta property=\"article:published_time\" content=\"2014-03-06T07:00:00+00:00\" \/>\n<meta property=\"og:image\" content=\"http:\/\/4.bp.blogspot.com\/-2ZSFKuHfdwE\/UxbYeJUb8hI\/AAAAAAAAHFU\/6fQECIUZxc0\/s1600\/IMG_0450.jpg\" \/>\n<meta name=\"author\" content=\"Tomas Jarvid\" \/>\n<meta name=\"twitter:card\" content=\"summary_large_image\" \/>\n<meta name=\"twitter:creator\" content=\"@fadertomas\" \/>\n<meta name=\"twitter:site\" content=\"@fadertomas\" \/>\n<meta name=\"twitter:label1\" content=\"Skriven av\" \/>\n\t<meta name=\"twitter:data1\" content=\"Tomas Jarvid\" \/>\n\t<meta name=\"twitter:label2\" content=\"Ber\u00e4knad l\u00e4stid\" \/>\n\t<meta name=\"twitter:data2\" content=\"3 minuter\" \/>\n<script type=\"application\/ld+json\" class=\"yoast-schema-graph\">{\"@context\":\"https:\/\/schema.org\",\"@graph\":[{\"@type\":\"Article\",\"@id\":\"https:\/\/blogg.svenskakyrkan.se\/vandravagen\/2014\/03\/06\/fastan-for-dummies\/#article\",\"isPartOf\":{\"@id\":\"https:\/\/blogg.svenskakyrkan.se\/vandravagen\/2014\/03\/06\/fastan-for-dummies\/\"},\"author\":{\"name\":\"Tomas Jarvid\",\"@id\":\"https:\/\/blogg.svenskakyrkan.se\/vandravagen\/#\/schema\/person\/25da02d4f76b137d04291711e2c9fc16\"},\"headline\":\"Fastan for dummies\",\"datePublished\":\"2014-03-06T07:00:00+00:00\",\"mainEntityOfPage\":{\"@id\":\"https:\/\/blogg.svenskakyrkan.se\/vandravagen\/2014\/03\/06\/fastan-for-dummies\/\"},\"wordCount\":551,\"commentCount\":5,\"publisher\":{\"@id\":\"https:\/\/blogg.svenskakyrkan.se\/vandravagen\/#organization\"},\"image\":{\"@id\":\"https:\/\/blogg.svenskakyrkan.se\/vandravagen\/2014\/03\/06\/fastan-for-dummies\/#primaryimage\"},\"thumbnailUrl\":\"http:\/\/4.bp.blogspot.com\/-2ZSFKuHfdwE\/UxbYeJUb8hI\/AAAAAAAAHFU\/6fQECIUZxc0\/s1600\/IMG_0450.jpg\",\"articleSection\":[\"Dagens Kyrka\",\"kyrko\u00e5ret\"],\"inLanguage\":\"sv-SE\",\"potentialAction\":[{\"@type\":\"CommentAction\",\"name\":\"Comment\",\"target\":[\"https:\/\/blogg.svenskakyrkan.se\/vandravagen\/2014\/03\/06\/fastan-for-dummies\/#respond\"]}]},{\"@type\":\"WebPage\",\"@id\":\"https:\/\/blogg.svenskakyrkan.se\/vandravagen\/2014\/03\/06\/fastan-for-dummies\/\",\"url\":\"https:\/\/blogg.svenskakyrkan.se\/vandravagen\/2014\/03\/06\/fastan-for-dummies\/\",\"name\":\"Fastan for dummies - Vandra V\u00e4gen\",\"isPartOf\":{\"@id\":\"https:\/\/blogg.svenskakyrkan.se\/vandravagen\/#website\"},\"primaryImageOfPage\":{\"@id\":\"https:\/\/blogg.svenskakyrkan.se\/vandravagen\/2014\/03\/06\/fastan-for-dummies\/#primaryimage\"},\"image\":{\"@id\":\"https:\/\/blogg.svenskakyrkan.se\/vandravagen\/2014\/03\/06\/fastan-for-dummies\/#primaryimage\"},\"thumbnailUrl\":\"http:\/\/4.bp.blogspot.com\/-2ZSFKuHfdwE\/UxbYeJUb8hI\/AAAAAAAAHFU\/6fQECIUZxc0\/s1600\/IMG_0450.jpg\",\"datePublished\":\"2014-03-06T07:00:00+00:00\",\"breadcrumb\":{\"@id\":\"https:\/\/blogg.svenskakyrkan.se\/vandravagen\/2014\/03\/06\/fastan-for-dummies\/#breadcrumb\"},\"inLanguage\":\"sv-SE\",\"potentialAction\":[{\"@type\":\"ReadAction\",\"target\":[\"https:\/\/blogg.svenskakyrkan.se\/vandravagen\/2014\/03\/06\/fastan-for-dummies\/\"]}]},{\"@type\":\"ImageObject\",\"inLanguage\":\"sv-SE\",\"@id\":\"https:\/\/blogg.svenskakyrkan.se\/vandravagen\/2014\/03\/06\/fastan-for-dummies\/#primaryimage\",\"url\":\"http:\/\/4.bp.blogspot.com\/-2ZSFKuHfdwE\/UxbYeJUb8hI\/AAAAAAAAHFU\/6fQECIUZxc0\/s1600\/IMG_0450.jpg\",\"contentUrl\":\"http:\/\/4.bp.blogspot.com\/-2ZSFKuHfdwE\/UxbYeJUb8hI\/AAAAAAAAHFU\/6fQECIUZxc0\/s1600\/IMG_0450.jpg\"},{\"@type\":\"BreadcrumbList\",\"@id\":\"https:\/\/blogg.svenskakyrkan.se\/vandravagen\/2014\/03\/06\/fastan-for-dummies\/#breadcrumb\",\"itemListElement\":[{\"@type\":\"ListItem\",\"position\":1,\"name\":\"Hem\",\"item\":\"https:\/\/blogg.svenskakyrkan.se\/vandravagen\/\"},{\"@type\":\"ListItem\",\"position\":2,\"name\":\"Fastan for dummies\"}]},{\"@type\":\"WebSite\",\"@id\":\"https:\/\/blogg.svenskakyrkan.se\/vandravagen\/#website\",\"url\":\"https:\/\/blogg.svenskakyrkan.se\/vandravagen\/\",\"name\":\"Vandra V\u00e4gen\",\"description\":\"-Mot en tro f\u00f6r hela livet\",\"publisher\":{\"@id\":\"https:\/\/blogg.svenskakyrkan.se\/vandravagen\/#organization\"},\"potentialAction\":[{\"@type\":\"SearchAction\",\"target\":{\"@type\":\"EntryPoint\",\"urlTemplate\":\"https:\/\/blogg.svenskakyrkan.se\/vandravagen\/?s={search_term_string}\"},\"query-input\":{\"@type\":\"PropertyValueSpecification\",\"valueRequired\":true,\"valueName\":\"search_term_string\"}}],\"inLanguage\":\"sv-SE\"},{\"@type\":\"Organization\",\"@id\":\"https:\/\/blogg.svenskakyrkan.se\/vandravagen\/#organization\",\"name\":\"ulricehamns pastorat\",\"alternateName\":\"ulricehamns pastorat\",\"url\":\"https:\/\/blogg.svenskakyrkan.se\/vandravagen\/\",\"logo\":{\"@type\":\"ImageObject\",\"inLanguage\":\"sv-SE\",\"@id\":\"https:\/\/blogg.svenskakyrkan.se\/vandravagen\/#\/schema\/logo\/image\/\",\"url\":\"https:\/\/blogg.svenskakyrkan.se\/vandravagen\/files\/2023\/05\/Ulr_logo_RGB.png\",\"contentUrl\":\"https:\/\/blogg.svenskakyrkan.se\/vandravagen\/files\/2023\/05\/Ulr_logo_RGB.png\",\"width\":205,\"height\":77,\"caption\":\"ulricehamns pastorat\"},\"image\":{\"@id\":\"https:\/\/blogg.svenskakyrkan.se\/vandravagen\/#\/schema\/logo\/image\/\"},\"sameAs\":[\"http:\/\/facebook.com\/vandravagen\",\"https:\/\/x.com\/fadertomas\",\"http:\/\/www.facebook.com\/svenskakyrkaniulricehamn\"]},{\"@type\":\"Person\",\"@id\":\"https:\/\/blogg.svenskakyrkan.se\/vandravagen\/#\/schema\/person\/25da02d4f76b137d04291711e2c9fc16\",\"name\":\"Tomas Jarvid\",\"image\":{\"@type\":\"ImageObject\",\"inLanguage\":\"sv-SE\",\"@id\":\"https:\/\/blogg.svenskakyrkan.se\/vandravagen\/#\/schema\/person\/image\/\",\"url\":\"https:\/\/secure.gravatar.com\/avatar\/7fa71899795e8f540f615a1f5ab25255dc27aa40f05ee7ddd21aac521e01bf50?s=96&d=identicon&r=g\",\"contentUrl\":\"https:\/\/secure.gravatar.com\/avatar\/7fa71899795e8f540f615a1f5ab25255dc27aa40f05ee7ddd21aac521e01bf50?s=96&d=identicon&r=g\",\"caption\":\"Tomas Jarvid\"},\"description\":\"Jag bor i Ulricehamn i V\u00e4sterg\u00f6tland och \u00e4r f\u00f6rsamlingspr\u00e4st i Svenska Kyrkan f\u00f6r Dalstorps f\u00f6rsamling i Kinds pastorat. P\u00e5 den h\u00e4r bloggen skriver jag ner tankar om vandringen som kristen.\",\"sameAs\":[\"http:\/\/www.vandravagen.se\"],\"url\":\"https:\/\/blogg.svenskakyrkan.se\/vandravagen\/author\/vandravagen\/\"}]}<\/script>\n<!-- \/ Yoast SEO plugin. -->","yoast_head_json":{"title":"Fastan for dummies - Vandra V\u00e4gen","robots":{"index":"index","follow":"follow","max-snippet":"max-snippet:-1","max-image-preview":"max-image-preview:large","max-video-preview":"max-video-preview:-1"},"canonical":"https:\/\/blogg.svenskakyrkan.se\/vandravagen\/2014\/03\/06\/fastan-for-dummies\/","og_locale":"sv_SE","og_type":"article","og_title":"Fastan for dummies - Vandra V\u00e4gen","og_description":"Pojkar p\u00e5 Filippinerna p\u00e5b\u00f6rjar fastan med askkors i pannan! &#8230;men det var inte sant och det var inte sant f\u00f6r d\u00e4remellan kommer fastan. S\u00e5 sjunger vi i v\u00e5r folkligaste kyrko\u00e5rsvisa(?). Vad fastan \u00e4r f\u00f6r n\u00e5got kan vara oklart f\u00f6r m\u00e5nga i dessa tider d\u00e5 de kristna sederna \u00e4r svaga i v\u00e5rt land. D\u00e4rf\u00f6r kan det [&hellip;]","og_url":"https:\/\/blogg.svenskakyrkan.se\/vandravagen\/2014\/03\/06\/fastan-for-dummies\/","og_site_name":"Vandra V\u00e4gen","article_publisher":"http:\/\/facebook.com\/vandravagen","article_published_time":"2014-03-06T07:00:00+00:00","og_image":[{"url":"http:\/\/4.bp.blogspot.com\/-2ZSFKuHfdwE\/UxbYeJUb8hI\/AAAAAAAAHFU\/6fQECIUZxc0\/s1600\/IMG_0450.jpg","type":"","width":"","height":""}],"author":"Tomas Jarvid","twitter_card":"summary_large_image","twitter_creator":"@fadertomas","twitter_site":"@fadertomas","twitter_misc":{"Skriven av":"Tomas Jarvid","Ber\u00e4knad l\u00e4stid":"3 minuter"},"schema":{"@context":"https:\/\/schema.org","@graph":[{"@type":"Article","@id":"https:\/\/blogg.svenskakyrkan.se\/vandravagen\/2014\/03\/06\/fastan-for-dummies\/#article","isPartOf":{"@id":"https:\/\/blogg.svenskakyrkan.se\/vandravagen\/2014\/03\/06\/fastan-for-dummies\/"},"author":{"name":"Tomas Jarvid","@id":"https:\/\/blogg.svenskakyrkan.se\/vandravagen\/#\/schema\/person\/25da02d4f76b137d04291711e2c9fc16"},"headline":"Fastan for dummies","datePublished":"2014-03-06T07:00:00+00:00","mainEntityOfPage":{"@id":"https:\/\/blogg.svenskakyrkan.se\/vandravagen\/2014\/03\/06\/fastan-for-dummies\/"},"wordCount":551,"commentCount":5,"publisher":{"@id":"https:\/\/blogg.svenskakyrkan.se\/vandravagen\/#organization"},"image":{"@id":"https:\/\/blogg.svenskakyrkan.se\/vandravagen\/2014\/03\/06\/fastan-for-dummies\/#primaryimage"},"thumbnailUrl":"http:\/\/4.bp.blogspot.com\/-2ZSFKuHfdwE\/UxbYeJUb8hI\/AAAAAAAAHFU\/6fQECIUZxc0\/s1600\/IMG_0450.jpg","articleSection":["Dagens Kyrka","kyrko\u00e5ret"],"inLanguage":"sv-SE","potentialAction":[{"@type":"CommentAction","name":"Comment","target":["https:\/\/blogg.svenskakyrkan.se\/vandravagen\/2014\/03\/06\/fastan-for-dummies\/#respond"]}]},{"@type":"WebPage","@id":"https:\/\/blogg.svenskakyrkan.se\/vandravagen\/2014\/03\/06\/fastan-for-dummies\/","url":"https:\/\/blogg.svenskakyrkan.se\/vandravagen\/2014\/03\/06\/fastan-for-dummies\/","name":"Fastan for dummies - Vandra V\u00e4gen","isPartOf":{"@id":"https:\/\/blogg.svenskakyrkan.se\/vandravagen\/#website"},"primaryImageOfPage":{"@id":"https:\/\/blogg.svenskakyrkan.se\/vandravagen\/2014\/03\/06\/fastan-for-dummies\/#primaryimage"},"image":{"@id":"https:\/\/blogg.svenskakyrkan.se\/vandravagen\/2014\/03\/06\/fastan-for-dummies\/#primaryimage"},"thumbnailUrl":"http:\/\/4.bp.blogspot.com\/-2ZSFKuHfdwE\/UxbYeJUb8hI\/AAAAAAAAHFU\/6fQECIUZxc0\/s1600\/IMG_0450.jpg","datePublished":"2014-03-06T07:00:00+00:00","breadcrumb":{"@id":"https:\/\/blogg.svenskakyrkan.se\/vandravagen\/2014\/03\/06\/fastan-for-dummies\/#breadcrumb"},"inLanguage":"sv-SE","potentialAction":[{"@type":"ReadAction","target":["https:\/\/blogg.svenskakyrkan.se\/vandravagen\/2014\/03\/06\/fastan-for-dummies\/"]}]},{"@type":"ImageObject","inLanguage":"sv-SE","@id":"https:\/\/blogg.svenskakyrkan.se\/vandravagen\/2014\/03\/06\/fastan-for-dummies\/#primaryimage","url":"http:\/\/4.bp.blogspot.com\/-2ZSFKuHfdwE\/UxbYeJUb8hI\/AAAAAAAAHFU\/6fQECIUZxc0\/s1600\/IMG_0450.jpg","contentUrl":"http:\/\/4.bp.blogspot.com\/-2ZSFKuHfdwE\/UxbYeJUb8hI\/AAAAAAAAHFU\/6fQECIUZxc0\/s1600\/IMG_0450.jpg"},{"@type":"BreadcrumbList","@id":"https:\/\/blogg.svenskakyrkan.se\/vandravagen\/2014\/03\/06\/fastan-for-dummies\/#breadcrumb","itemListElement":[{"@type":"ListItem","position":1,"name":"Hem","item":"https:\/\/blogg.svenskakyrkan.se\/vandravagen\/"},{"@type":"ListItem","position":2,"name":"Fastan for dummies"}]},{"@type":"WebSite","@id":"https:\/\/blogg.svenskakyrkan.se\/vandravagen\/#website","url":"https:\/\/blogg.svenskakyrkan.se\/vandravagen\/","name":"Vandra V\u00e4gen","description":"-Mot en tro f\u00f6r hela livet","publisher":{"@id":"https:\/\/blogg.svenskakyrkan.se\/vandravagen\/#organization"},"potentialAction":[{"@type":"SearchAction","target":{"@type":"EntryPoint","urlTemplate":"https:\/\/blogg.svenskakyrkan.se\/vandravagen\/?s={search_term_string}"},"query-input":{"@type":"PropertyValueSpecification","valueRequired":true,"valueName":"search_term_string"}}],"inLanguage":"sv-SE"},{"@type":"Organization","@id":"https:\/\/blogg.svenskakyrkan.se\/vandravagen\/#organization","name":"ulricehamns pastorat","alternateName":"ulricehamns pastorat","url":"https:\/\/blogg.svenskakyrkan.se\/vandravagen\/","logo":{"@type":"ImageObject","inLanguage":"sv-SE","@id":"https:\/\/blogg.svenskakyrkan.se\/vandravagen\/#\/schema\/logo\/image\/","url":"https:\/\/blogg.svenskakyrkan.se\/vandravagen\/files\/2023\/05\/Ulr_logo_RGB.png","contentUrl":"https:\/\/blogg.svenskakyrkan.se\/vandravagen\/files\/2023\/05\/Ulr_logo_RGB.png","width":205,"height":77,"caption":"ulricehamns pastorat"},"image":{"@id":"https:\/\/blogg.svenskakyrkan.se\/vandravagen\/#\/schema\/logo\/image\/"},"sameAs":["http:\/\/facebook.com\/vandravagen","https:\/\/x.com\/fadertomas","http:\/\/www.facebook.com\/svenskakyrkaniulricehamn"]},{"@type":"Person","@id":"https:\/\/blogg.svenskakyrkan.se\/vandravagen\/#\/schema\/person\/25da02d4f76b137d04291711e2c9fc16","name":"Tomas Jarvid","image":{"@type":"ImageObject","inLanguage":"sv-SE","@id":"https:\/\/blogg.svenskakyrkan.se\/vandravagen\/#\/schema\/person\/image\/","url":"https:\/\/secure.gravatar.com\/avatar\/7fa71899795e8f540f615a1f5ab25255dc27aa40f05ee7ddd21aac521e01bf50?s=96&d=identicon&r=g","contentUrl":"https:\/\/secure.gravatar.com\/avatar\/7fa71899795e8f540f615a1f5ab25255dc27aa40f05ee7ddd21aac521e01bf50?s=96&d=identicon&r=g","caption":"Tomas Jarvid"},"description":"Jag bor i Ulricehamn i V\u00e4sterg\u00f6tland och \u00e4r f\u00f6rsamlingspr\u00e4st i Svenska Kyrkan f\u00f6r Dalstorps f\u00f6rsamling i Kinds pastorat. P\u00e5 den h\u00e4r bloggen skriver jag ner tankar om vandringen som kristen.","sameAs":["http:\/\/www.vandravagen.se"],"url":"https:\/\/blogg.svenskakyrkan.se\/vandravagen\/author\/vandravagen\/"}]}},"author_meta":{"ID":"392","user_nicename":"vandravagen","user_url":"http:\/\/www.vandravagen.se","user_registered":"2014-05-19 05:44:52","display_name":"Tomas Jarvid","first_name":"Tomas","last_name":"Jarvid","avatar":"https:\/\/secure.gravatar.com\/avatar\/7fa71899795e8f540f615a1f5ab25255dc27aa40f05ee7ddd21aac521e01bf50?s=96&d=identicon&r=g"},"featured_image":false,"bloginfo":{"name":"Vandra V\u00e4gen","url":"https:\/\/blogg.svenskakyrkan.se\/vandravagen"},"_links":{"self":[{"href":"https:\/\/blogg.svenskakyrkan.se\/vandravagen\/wp-json\/wp\/v2\/posts\/141","targetHints":{"allow":["GET"]}}],"collection":[{"href":"https:\/\/blogg.svenskakyrkan.se\/vandravagen\/wp-json\/wp\/v2\/posts"}],"about":[{"href":"https:\/\/blogg.svenskakyrkan.se\/vandravagen\/wp-json\/wp\/v2\/types\/post"}],"author":[{"embeddable":true,"href":"https:\/\/blogg.svenskakyrkan.se\/vandravagen\/wp-json\/wp\/v2\/users\/392"}],"replies":[{"embeddable":true,"href":"https:\/\/blogg.svenskakyrkan.se\/vandravagen\/wp-json\/wp\/v2\/comments?post=141"}],"version-history":[{"count":0,"href":"https:\/\/blogg.svenskakyrkan.se\/vandravagen\/wp-json\/wp\/v2\/posts\/141\/revisions"}],"wp:attachment":[{"href":"https:\/\/blogg.svenskakyrkan.se\/vandravagen\/wp-json\/wp\/v2\/media?parent=141"}],"wp:term":[{"taxonomy":"category","embeddable":true,"href":"https:\/\/blogg.svenskakyrkan.se\/vandravagen\/wp-json\/wp\/v2\/categories?post=141"},{"taxonomy":"post_tag","embeddable":true,"href":"https:\/\/blogg.svenskakyrkan.se\/vandravagen\/wp-json\/wp\/v2\/tags?post=141"}],"curies":[{"name":"wp","href":"https:\/\/api.w.org\/{rel}","templated":true}]}}