{"id":1420,"date":"2015-04-14T07:00:19","date_gmt":"2015-04-14T05:00:19","guid":{"rendered":"http:\/\/blogg.svenskakyrkan.se\/vandravagen\/?p=1420"},"modified":"2015-04-13T20:17:57","modified_gmt":"2015-04-13T18:17:57","slug":"vad-ar-odmjukhet","status":"publish","type":"post","link":"https:\/\/blogg.svenskakyrkan.se\/vandravagen\/2015\/04\/14\/vad-ar-odmjukhet\/","title":{"rendered":"Vad \u00e4r \u00f6dmjukhet?"},"content":{"rendered":"<div id=\"attachment_2939\" style=\"width: 836px\" class=\"wp-caption aligncenter\"><a href=\"http:\/\/blogg.svenskakyrkan.se\/vandravagen\/files\/2015\/04\/IMG_5536.jpg\"><img loading=\"lazy\" decoding=\"async\" aria-describedby=\"caption-attachment-2939\" class=\"size-full wp-image-2939\" src=\"http:\/\/blogg.svenskakyrkan.se\/vandravagen\/files\/2015\/04\/IMG_5536.jpg\" alt=\"Od\u00f6dlig m\u00e5lare. Eller d\u00f6dlig? Kanske b\u00e5de ock? B\u00e4st att vara \u00f6dmjuk.\" width=\"826\" height=\"1024\" srcset=\"https:\/\/blogg.svenskakyrkan.se\/vandravagen\/files\/2015\/04\/IMG_5536.jpg 826w, https:\/\/blogg.svenskakyrkan.se\/vandravagen\/files\/2015\/04\/IMG_5536-300x371.jpg 300w, https:\/\/blogg.svenskakyrkan.se\/vandravagen\/files\/2015\/04\/IMG_5536-241x300.jpg 241w\" sizes=\"auto, (max-width: 826px) 100vw, 826px\" \/><\/a><p id=\"caption-attachment-2939\" class=\"wp-caption-text\">Od\u00f6dlig m\u00e5lare. Eller d\u00f6dlig? Kanske b\u00e5de ock? B\u00e4st att vara \u00f6dmjuk.<\/p><\/div>\n<blockquote>\n<p>&#8221;Han \u00e4r en \u00f6dmjuk man, som har v\u00e4ldigt mycket att vara \u00f6dmjuk \u00f6ver&#8221;<\/p>\n<p>Churchill (tror jag).<\/p>\n<\/blockquote>\n<p>\u00d6dmjukhet \u00e4r s\u00e5vitt jag f\u00f6rst\u00e5tt en genuint kristen dygd som &#8221;slog igenom&#8221; i och med att den kristna tron spred sig. Nu\u00a0tycker jag det finns en hel del som tyder p\u00e5 att \u00f6dmjukhet h\u00e5ller p\u00e5 att g\u00e5 ur modet igen, vad tror du?<\/p>\n<p>En sak jag \u00e4r s\u00e4ker p\u00e5 \u00e4r i alla fall att v\u00e4ldigt f\u00e5 f\u00f6rst\u00e5tt vad \u00f6dmjukhet egentligen \u00e4r. F\u00f6rest\u00e4llningen \u00e4r nog oftast att den som \u00e4r \u00f6dmjuk \u00e4r <strong>sj\u00e4lvutpl\u00e5nande<\/strong>, <strong>inte tar emot ber\u00f6m<\/strong>, inte kan njuta av livet, <strong>kr\u00e4lar<\/strong> i stoftet och <strong>\u00e4ltar hur d\u00e5lig han eller hon \u00e4r<\/strong> och s\u00e5 vidare. Men det \u00e4r faktiskt inte det \u00f6dmjukhet \u00e4r.<\/p>\n<p>I den kristna tankev\u00e4rlden \u00e4r \u00f6dmjukhetens motsats lasten h\u00f6gmod. Den f\u00e5r jag skriva mer om vid annat tillf\u00e4lle men det \u00e4r i alla fall s\u00e5 att man faktiskt kan vara h\u00f6gmodig p\u00e5 tv\u00e5 olika s\u00e4tt. Antingen som vi nog f\u00f6rst t\u00e4nker: genom att <strong>bl\u00e5sa upp sig<\/strong> sj\u00e4lv och sin betydelse och g\u00f6ra sig stor. Eller s\u00e5 kan man g\u00f6ra motsatsen. Man kan \u00e4gna sig \u00e5t att f\u00f6rst\u00e4rka sin identitet som underl\u00e4gsen och s\u00e4mre \u00e4n andra. Den som g\u00f6r det beundrar knappast de som \u00e4r &#8221;b\u00e4ttre&#8221; utan \u00e4gnar dem snarare f\u00f6rakt eller hat.<\/p>\n<p>Det d\u00e4r var ju v\u00e4ldigt olika saker kan man tycka men de har det gemensamt att b\u00e5de personerna \u00e4r h\u00f6gmodiga genom att vara v\u00e4ldigt <strong>upptagna av sig sj\u00e4lva<\/strong> (jo, det g\u00e4ller alla m\u00e4nniskor, \u00e4ven mig). Med ett k\u00e4nt citat fr\u00e5n C.S Lewis (som jag \u00f6vers\u00e4tter hj\u00e4lpligt men det \u00e4r f\u00f6rst\u00e5s mer elegant p\u00e5 engelska)<\/p>\n<blockquote>\n<p>&#8221;\u00d6dmjukhet \u00e4r inte att t\u00e4nka mindre om sig sj\u00e4lv utan att se p\u00e5 sig sj\u00e4lv mindre&#8221;.<\/p>\n<p>C.S Lewis<\/p>\n<\/blockquote>\n<p>Det \u00e4r det som \u00e4r anledningen till att den som blir alltmer \u00f6dmjuk inte kommer att m\u00e4rka det sj\u00e4lv. D\u00e4remot blir hon s\u00e4kert mer och mer <em>medveten<\/em> om sitt eget h\u00f6gmod. Att verkligen bli kvitt h\u00f6gmodet \u00e4r n\u00e4mligen inte l\u00e4tt. Citatet nedan antyder att man d\u00e4remot kan lura b\u00e5de sig sj\u00e4lv och andra om att man kommit l\u00e5ngt p\u00e5 den v\u00e4gen:<\/p>\n<blockquote>\n<p>&#8221;En stolt man kan l\u00e4ra sig att vara \u00f6dmjuk, men l\u00e4r f\u00f6rbli stolt \u00f6ver det.&#8221;<\/p>\n<p>Mignon McLaughlin<\/p>\n<\/blockquote>\n<p>Jag brukar t\u00e4nka att \u00f6dmjukhet \u00e4r att mer och mer <strong>anta sina r\u00e4tta proportioner.\u00a0<\/strong>Att inte g\u00f6ra sig st\u00f6rre \u00e4n man \u00e4r men inte heller g\u00f6ra sig mindre \u00e4n man \u00e4r. Eller som i den lilla barnsliga b\u00f6nen som f\u00e5r avsluta denna bloggpost:<\/p>\n<blockquote>\n<p>Jag \u00e4r liten fast\u00e4n stor, f\u00f6r i mitt hj\u00e4rta Gud bor.<\/p>\n<p>Amen<\/p>\n<\/blockquote>\n","protected":false},"excerpt":{"rendered":"<p>&#8221;Han \u00e4r en \u00f6dmjuk man, som har v\u00e4ldigt mycket att vara \u00f6dmjuk \u00f6ver&#8221; Churchill (tror jag). \u00d6dmjukhet \u00e4r s\u00e5vitt jag f\u00f6rst\u00e5tt en genuint kristen dygd som &#8221;slog igenom&#8221; i och med att den kristna tron spred sig. Nu\u00a0tycker jag det finns en hel del som tyder p\u00e5 att \u00f6dmjukhet h\u00e5ller p\u00e5 att g\u00e5 ur modet [&hellip;]<\/p>\n","protected":false},"author":392,"featured_media":0,"comment_status":"open","ping_status":"open","sticky":false,"template":"","format":"standard","meta":{"_acf_changed":false,"footnotes":""},"categories":[76189,78265,117,77554],"tags":[],"class_list":["post-1420","post","type-post","status-publish","format-standard","hentry","category-dagens-kyrka","category-motkultur","category-teologi","category-vara-manniska"],"acf":[],"yoast_head":"<!-- This site is optimized with the Yoast SEO plugin v27.1.1 - https:\/\/yoast.com\/product\/yoast-seo-wordpress\/ -->\n<title>Vad \u00e4r \u00f6dmjukhet? - Vandra V\u00e4gen<\/title>\n<meta name=\"robots\" content=\"index, follow, max-snippet:-1, max-image-preview:large, max-video-preview:-1\" \/>\n<link rel=\"canonical\" href=\"https:\/\/blogg.svenskakyrkan.se\/vandravagen\/2015\/04\/14\/vad-ar-odmjukhet\/\" \/>\n<meta property=\"og:locale\" content=\"sv_SE\" \/>\n<meta property=\"og:type\" content=\"article\" \/>\n<meta property=\"og:title\" content=\"Vad \u00e4r \u00f6dmjukhet? - Vandra V\u00e4gen\" \/>\n<meta property=\"og:description\" content=\"&#8221;Han \u00e4r en \u00f6dmjuk man, som har v\u00e4ldigt mycket att vara \u00f6dmjuk \u00f6ver&#8221; Churchill (tror jag). \u00d6dmjukhet \u00e4r s\u00e5vitt jag f\u00f6rst\u00e5tt en genuint kristen dygd som &#8221;slog igenom&#8221; i och med att den kristna tron spred sig. Nu\u00a0tycker jag det finns en hel del som tyder p\u00e5 att \u00f6dmjukhet h\u00e5ller p\u00e5 att g\u00e5 ur modet [&hellip;]\" \/>\n<meta property=\"og:url\" content=\"https:\/\/blogg.svenskakyrkan.se\/vandravagen\/2015\/04\/14\/vad-ar-odmjukhet\/\" \/>\n<meta property=\"og:site_name\" content=\"Vandra V\u00e4gen\" \/>\n<meta property=\"article:publisher\" content=\"http:\/\/facebook.com\/vandravagen\" \/>\n<meta property=\"article:published_time\" content=\"2015-04-14T05:00:19+00:00\" \/>\n<meta property=\"og:image\" content=\"http:\/\/blogg.svenskakyrkan.se\/vandravagen\/files\/2015\/04\/IMG_5536.jpg\" \/>\n<meta name=\"author\" content=\"Tomas Jarvid\" \/>\n<meta name=\"twitter:card\" content=\"summary_large_image\" \/>\n<meta name=\"twitter:creator\" content=\"@fadertomas\" \/>\n<meta name=\"twitter:site\" content=\"@fadertomas\" \/>\n<meta name=\"twitter:label1\" content=\"Skriven av\" \/>\n\t<meta name=\"twitter:data1\" content=\"Tomas Jarvid\" \/>\n\t<meta name=\"twitter:label2\" content=\"Ber\u00e4knad l\u00e4stid\" \/>\n\t<meta name=\"twitter:data2\" content=\"3 minuter\" \/>\n<script type=\"application\/ld+json\" class=\"yoast-schema-graph\">{\"@context\":\"https:\/\/schema.org\",\"@graph\":[{\"@type\":\"Article\",\"@id\":\"https:\/\/blogg.svenskakyrkan.se\/vandravagen\/2015\/04\/14\/vad-ar-odmjukhet\/#article\",\"isPartOf\":{\"@id\":\"https:\/\/blogg.svenskakyrkan.se\/vandravagen\/2015\/04\/14\/vad-ar-odmjukhet\/\"},\"author\":{\"name\":\"Tomas Jarvid\",\"@id\":\"https:\/\/blogg.svenskakyrkan.se\/vandravagen\/#\/schema\/person\/25da02d4f76b137d04291711e2c9fc16\"},\"headline\":\"Vad \u00e4r \u00f6dmjukhet?\",\"datePublished\":\"2015-04-14T05:00:19+00:00\",\"mainEntityOfPage\":{\"@id\":\"https:\/\/blogg.svenskakyrkan.se\/vandravagen\/2015\/04\/14\/vad-ar-odmjukhet\/\"},\"wordCount\":523,\"commentCount\":12,\"publisher\":{\"@id\":\"https:\/\/blogg.svenskakyrkan.se\/vandravagen\/#organization\"},\"image\":{\"@id\":\"https:\/\/blogg.svenskakyrkan.se\/vandravagen\/2015\/04\/14\/vad-ar-odmjukhet\/#primaryimage\"},\"thumbnailUrl\":\"http:\/\/blogg.svenskakyrkan.se\/vandravagen\/files\/2015\/04\/IMG_5536.jpg\",\"articleSection\":[\"Dagens Kyrka\",\"motkultur\",\"Teologi\",\"vara m\u00e4nniska\"],\"inLanguage\":\"sv-SE\",\"potentialAction\":[{\"@type\":\"CommentAction\",\"name\":\"Comment\",\"target\":[\"https:\/\/blogg.svenskakyrkan.se\/vandravagen\/2015\/04\/14\/vad-ar-odmjukhet\/#respond\"]}]},{\"@type\":\"WebPage\",\"@id\":\"https:\/\/blogg.svenskakyrkan.se\/vandravagen\/2015\/04\/14\/vad-ar-odmjukhet\/\",\"url\":\"https:\/\/blogg.svenskakyrkan.se\/vandravagen\/2015\/04\/14\/vad-ar-odmjukhet\/\",\"name\":\"Vad \u00e4r \u00f6dmjukhet? - Vandra V\u00e4gen\",\"isPartOf\":{\"@id\":\"https:\/\/blogg.svenskakyrkan.se\/vandravagen\/#website\"},\"primaryImageOfPage\":{\"@id\":\"https:\/\/blogg.svenskakyrkan.se\/vandravagen\/2015\/04\/14\/vad-ar-odmjukhet\/#primaryimage\"},\"image\":{\"@id\":\"https:\/\/blogg.svenskakyrkan.se\/vandravagen\/2015\/04\/14\/vad-ar-odmjukhet\/#primaryimage\"},\"thumbnailUrl\":\"http:\/\/blogg.svenskakyrkan.se\/vandravagen\/files\/2015\/04\/IMG_5536.jpg\",\"datePublished\":\"2015-04-14T05:00:19+00:00\",\"breadcrumb\":{\"@id\":\"https:\/\/blogg.svenskakyrkan.se\/vandravagen\/2015\/04\/14\/vad-ar-odmjukhet\/#breadcrumb\"},\"inLanguage\":\"sv-SE\",\"potentialAction\":[{\"@type\":\"ReadAction\",\"target\":[\"https:\/\/blogg.svenskakyrkan.se\/vandravagen\/2015\/04\/14\/vad-ar-odmjukhet\/\"]}]},{\"@type\":\"ImageObject\",\"inLanguage\":\"sv-SE\",\"@id\":\"https:\/\/blogg.svenskakyrkan.se\/vandravagen\/2015\/04\/14\/vad-ar-odmjukhet\/#primaryimage\",\"url\":\"http:\/\/blogg.svenskakyrkan.se\/vandravagen\/files\/2015\/04\/IMG_5536.jpg\",\"contentUrl\":\"http:\/\/blogg.svenskakyrkan.se\/vandravagen\/files\/2015\/04\/IMG_5536.jpg\"},{\"@type\":\"BreadcrumbList\",\"@id\":\"https:\/\/blogg.svenskakyrkan.se\/vandravagen\/2015\/04\/14\/vad-ar-odmjukhet\/#breadcrumb\",\"itemListElement\":[{\"@type\":\"ListItem\",\"position\":1,\"name\":\"Hem\",\"item\":\"https:\/\/blogg.svenskakyrkan.se\/vandravagen\/\"},{\"@type\":\"ListItem\",\"position\":2,\"name\":\"Vad \u00e4r \u00f6dmjukhet?\"}]},{\"@type\":\"WebSite\",\"@id\":\"https:\/\/blogg.svenskakyrkan.se\/vandravagen\/#website\",\"url\":\"https:\/\/blogg.svenskakyrkan.se\/vandravagen\/\",\"name\":\"Vandra V\u00e4gen\",\"description\":\"-Mot en tro f\u00f6r hela livet\",\"publisher\":{\"@id\":\"https:\/\/blogg.svenskakyrkan.se\/vandravagen\/#organization\"},\"potentialAction\":[{\"@type\":\"SearchAction\",\"target\":{\"@type\":\"EntryPoint\",\"urlTemplate\":\"https:\/\/blogg.svenskakyrkan.se\/vandravagen\/?s={search_term_string}\"},\"query-input\":{\"@type\":\"PropertyValueSpecification\",\"valueRequired\":true,\"valueName\":\"search_term_string\"}}],\"inLanguage\":\"sv-SE\"},{\"@type\":\"Organization\",\"@id\":\"https:\/\/blogg.svenskakyrkan.se\/vandravagen\/#organization\",\"name\":\"ulricehamns pastorat\",\"alternateName\":\"ulricehamns pastorat\",\"url\":\"https:\/\/blogg.svenskakyrkan.se\/vandravagen\/\",\"logo\":{\"@type\":\"ImageObject\",\"inLanguage\":\"sv-SE\",\"@id\":\"https:\/\/blogg.svenskakyrkan.se\/vandravagen\/#\/schema\/logo\/image\/\",\"url\":\"https:\/\/blogg.svenskakyrkan.se\/vandravagen\/files\/2023\/05\/Ulr_logo_RGB.png\",\"contentUrl\":\"https:\/\/blogg.svenskakyrkan.se\/vandravagen\/files\/2023\/05\/Ulr_logo_RGB.png\",\"width\":205,\"height\":77,\"caption\":\"ulricehamns pastorat\"},\"image\":{\"@id\":\"https:\/\/blogg.svenskakyrkan.se\/vandravagen\/#\/schema\/logo\/image\/\"},\"sameAs\":[\"http:\/\/facebook.com\/vandravagen\",\"https:\/\/x.com\/fadertomas\",\"http:\/\/www.facebook.com\/svenskakyrkaniulricehamn\"]},{\"@type\":\"Person\",\"@id\":\"https:\/\/blogg.svenskakyrkan.se\/vandravagen\/#\/schema\/person\/25da02d4f76b137d04291711e2c9fc16\",\"name\":\"Tomas Jarvid\",\"image\":{\"@type\":\"ImageObject\",\"inLanguage\":\"sv-SE\",\"@id\":\"https:\/\/blogg.svenskakyrkan.se\/vandravagen\/#\/schema\/person\/image\/\",\"url\":\"https:\/\/secure.gravatar.com\/avatar\/7fa71899795e8f540f615a1f5ab25255dc27aa40f05ee7ddd21aac521e01bf50?s=96&d=identicon&r=g\",\"contentUrl\":\"https:\/\/secure.gravatar.com\/avatar\/7fa71899795e8f540f615a1f5ab25255dc27aa40f05ee7ddd21aac521e01bf50?s=96&d=identicon&r=g\",\"caption\":\"Tomas Jarvid\"},\"description\":\"Jag bor i Ulricehamn i V\u00e4sterg\u00f6tland och \u00e4r f\u00f6rsamlingspr\u00e4st i Svenska Kyrkan f\u00f6r Dalstorps f\u00f6rsamling i Kinds pastorat. P\u00e5 den h\u00e4r bloggen skriver jag ner tankar om vandringen som kristen.\",\"sameAs\":[\"http:\/\/www.vandravagen.se\"],\"url\":\"https:\/\/blogg.svenskakyrkan.se\/vandravagen\/author\/vandravagen\/\"}]}<\/script>\n<!-- \/ Yoast SEO plugin. -->","yoast_head_json":{"title":"Vad \u00e4r \u00f6dmjukhet? - Vandra V\u00e4gen","robots":{"index":"index","follow":"follow","max-snippet":"max-snippet:-1","max-image-preview":"max-image-preview:large","max-video-preview":"max-video-preview:-1"},"canonical":"https:\/\/blogg.svenskakyrkan.se\/vandravagen\/2015\/04\/14\/vad-ar-odmjukhet\/","og_locale":"sv_SE","og_type":"article","og_title":"Vad \u00e4r \u00f6dmjukhet? - Vandra V\u00e4gen","og_description":"&#8221;Han \u00e4r en \u00f6dmjuk man, som har v\u00e4ldigt mycket att vara \u00f6dmjuk \u00f6ver&#8221; Churchill (tror jag). \u00d6dmjukhet \u00e4r s\u00e5vitt jag f\u00f6rst\u00e5tt en genuint kristen dygd som &#8221;slog igenom&#8221; i och med att den kristna tron spred sig. Nu\u00a0tycker jag det finns en hel del som tyder p\u00e5 att \u00f6dmjukhet h\u00e5ller p\u00e5 att g\u00e5 ur modet [&hellip;]","og_url":"https:\/\/blogg.svenskakyrkan.se\/vandravagen\/2015\/04\/14\/vad-ar-odmjukhet\/","og_site_name":"Vandra V\u00e4gen","article_publisher":"http:\/\/facebook.com\/vandravagen","article_published_time":"2015-04-14T05:00:19+00:00","og_image":[{"url":"http:\/\/blogg.svenskakyrkan.se\/vandravagen\/files\/2015\/04\/IMG_5536.jpg","type":"","width":"","height":""}],"author":"Tomas Jarvid","twitter_card":"summary_large_image","twitter_creator":"@fadertomas","twitter_site":"@fadertomas","twitter_misc":{"Skriven av":"Tomas Jarvid","Ber\u00e4knad l\u00e4stid":"3 minuter"},"schema":{"@context":"https:\/\/schema.org","@graph":[{"@type":"Article","@id":"https:\/\/blogg.svenskakyrkan.se\/vandravagen\/2015\/04\/14\/vad-ar-odmjukhet\/#article","isPartOf":{"@id":"https:\/\/blogg.svenskakyrkan.se\/vandravagen\/2015\/04\/14\/vad-ar-odmjukhet\/"},"author":{"name":"Tomas Jarvid","@id":"https:\/\/blogg.svenskakyrkan.se\/vandravagen\/#\/schema\/person\/25da02d4f76b137d04291711e2c9fc16"},"headline":"Vad \u00e4r \u00f6dmjukhet?","datePublished":"2015-04-14T05:00:19+00:00","mainEntityOfPage":{"@id":"https:\/\/blogg.svenskakyrkan.se\/vandravagen\/2015\/04\/14\/vad-ar-odmjukhet\/"},"wordCount":523,"commentCount":12,"publisher":{"@id":"https:\/\/blogg.svenskakyrkan.se\/vandravagen\/#organization"},"image":{"@id":"https:\/\/blogg.svenskakyrkan.se\/vandravagen\/2015\/04\/14\/vad-ar-odmjukhet\/#primaryimage"},"thumbnailUrl":"http:\/\/blogg.svenskakyrkan.se\/vandravagen\/files\/2015\/04\/IMG_5536.jpg","articleSection":["Dagens Kyrka","motkultur","Teologi","vara m\u00e4nniska"],"inLanguage":"sv-SE","potentialAction":[{"@type":"CommentAction","name":"Comment","target":["https:\/\/blogg.svenskakyrkan.se\/vandravagen\/2015\/04\/14\/vad-ar-odmjukhet\/#respond"]}]},{"@type":"WebPage","@id":"https:\/\/blogg.svenskakyrkan.se\/vandravagen\/2015\/04\/14\/vad-ar-odmjukhet\/","url":"https:\/\/blogg.svenskakyrkan.se\/vandravagen\/2015\/04\/14\/vad-ar-odmjukhet\/","name":"Vad \u00e4r \u00f6dmjukhet? - Vandra V\u00e4gen","isPartOf":{"@id":"https:\/\/blogg.svenskakyrkan.se\/vandravagen\/#website"},"primaryImageOfPage":{"@id":"https:\/\/blogg.svenskakyrkan.se\/vandravagen\/2015\/04\/14\/vad-ar-odmjukhet\/#primaryimage"},"image":{"@id":"https:\/\/blogg.svenskakyrkan.se\/vandravagen\/2015\/04\/14\/vad-ar-odmjukhet\/#primaryimage"},"thumbnailUrl":"http:\/\/blogg.svenskakyrkan.se\/vandravagen\/files\/2015\/04\/IMG_5536.jpg","datePublished":"2015-04-14T05:00:19+00:00","breadcrumb":{"@id":"https:\/\/blogg.svenskakyrkan.se\/vandravagen\/2015\/04\/14\/vad-ar-odmjukhet\/#breadcrumb"},"inLanguage":"sv-SE","potentialAction":[{"@type":"ReadAction","target":["https:\/\/blogg.svenskakyrkan.se\/vandravagen\/2015\/04\/14\/vad-ar-odmjukhet\/"]}]},{"@type":"ImageObject","inLanguage":"sv-SE","@id":"https:\/\/blogg.svenskakyrkan.se\/vandravagen\/2015\/04\/14\/vad-ar-odmjukhet\/#primaryimage","url":"http:\/\/blogg.svenskakyrkan.se\/vandravagen\/files\/2015\/04\/IMG_5536.jpg","contentUrl":"http:\/\/blogg.svenskakyrkan.se\/vandravagen\/files\/2015\/04\/IMG_5536.jpg"},{"@type":"BreadcrumbList","@id":"https:\/\/blogg.svenskakyrkan.se\/vandravagen\/2015\/04\/14\/vad-ar-odmjukhet\/#breadcrumb","itemListElement":[{"@type":"ListItem","position":1,"name":"Hem","item":"https:\/\/blogg.svenskakyrkan.se\/vandravagen\/"},{"@type":"ListItem","position":2,"name":"Vad \u00e4r \u00f6dmjukhet?"}]},{"@type":"WebSite","@id":"https:\/\/blogg.svenskakyrkan.se\/vandravagen\/#website","url":"https:\/\/blogg.svenskakyrkan.se\/vandravagen\/","name":"Vandra V\u00e4gen","description":"-Mot en tro f\u00f6r hela livet","publisher":{"@id":"https:\/\/blogg.svenskakyrkan.se\/vandravagen\/#organization"},"potentialAction":[{"@type":"SearchAction","target":{"@type":"EntryPoint","urlTemplate":"https:\/\/blogg.svenskakyrkan.se\/vandravagen\/?s={search_term_string}"},"query-input":{"@type":"PropertyValueSpecification","valueRequired":true,"valueName":"search_term_string"}}],"inLanguage":"sv-SE"},{"@type":"Organization","@id":"https:\/\/blogg.svenskakyrkan.se\/vandravagen\/#organization","name":"ulricehamns pastorat","alternateName":"ulricehamns pastorat","url":"https:\/\/blogg.svenskakyrkan.se\/vandravagen\/","logo":{"@type":"ImageObject","inLanguage":"sv-SE","@id":"https:\/\/blogg.svenskakyrkan.se\/vandravagen\/#\/schema\/logo\/image\/","url":"https:\/\/blogg.svenskakyrkan.se\/vandravagen\/files\/2023\/05\/Ulr_logo_RGB.png","contentUrl":"https:\/\/blogg.svenskakyrkan.se\/vandravagen\/files\/2023\/05\/Ulr_logo_RGB.png","width":205,"height":77,"caption":"ulricehamns pastorat"},"image":{"@id":"https:\/\/blogg.svenskakyrkan.se\/vandravagen\/#\/schema\/logo\/image\/"},"sameAs":["http:\/\/facebook.com\/vandravagen","https:\/\/x.com\/fadertomas","http:\/\/www.facebook.com\/svenskakyrkaniulricehamn"]},{"@type":"Person","@id":"https:\/\/blogg.svenskakyrkan.se\/vandravagen\/#\/schema\/person\/25da02d4f76b137d04291711e2c9fc16","name":"Tomas Jarvid","image":{"@type":"ImageObject","inLanguage":"sv-SE","@id":"https:\/\/blogg.svenskakyrkan.se\/vandravagen\/#\/schema\/person\/image\/","url":"https:\/\/secure.gravatar.com\/avatar\/7fa71899795e8f540f615a1f5ab25255dc27aa40f05ee7ddd21aac521e01bf50?s=96&d=identicon&r=g","contentUrl":"https:\/\/secure.gravatar.com\/avatar\/7fa71899795e8f540f615a1f5ab25255dc27aa40f05ee7ddd21aac521e01bf50?s=96&d=identicon&r=g","caption":"Tomas Jarvid"},"description":"Jag bor i Ulricehamn i V\u00e4sterg\u00f6tland och \u00e4r f\u00f6rsamlingspr\u00e4st i Svenska Kyrkan f\u00f6r Dalstorps f\u00f6rsamling i Kinds pastorat. P\u00e5 den h\u00e4r bloggen skriver jag ner tankar om vandringen som kristen.","sameAs":["http:\/\/www.vandravagen.se"],"url":"https:\/\/blogg.svenskakyrkan.se\/vandravagen\/author\/vandravagen\/"}]}},"author_meta":{"ID":"392","user_nicename":"vandravagen","user_url":"http:\/\/www.vandravagen.se","user_registered":"2014-05-19 05:44:52","display_name":"Tomas Jarvid","first_name":"Tomas","last_name":"Jarvid","avatar":"https:\/\/secure.gravatar.com\/avatar\/7fa71899795e8f540f615a1f5ab25255dc27aa40f05ee7ddd21aac521e01bf50?s=96&d=identicon&r=g"},"featured_image":false,"bloginfo":{"name":"Vandra V\u00e4gen","url":"https:\/\/blogg.svenskakyrkan.se\/vandravagen"},"_links":{"self":[{"href":"https:\/\/blogg.svenskakyrkan.se\/vandravagen\/wp-json\/wp\/v2\/posts\/1420","targetHints":{"allow":["GET"]}}],"collection":[{"href":"https:\/\/blogg.svenskakyrkan.se\/vandravagen\/wp-json\/wp\/v2\/posts"}],"about":[{"href":"https:\/\/blogg.svenskakyrkan.se\/vandravagen\/wp-json\/wp\/v2\/types\/post"}],"author":[{"embeddable":true,"href":"https:\/\/blogg.svenskakyrkan.se\/vandravagen\/wp-json\/wp\/v2\/users\/392"}],"replies":[{"embeddable":true,"href":"https:\/\/blogg.svenskakyrkan.se\/vandravagen\/wp-json\/wp\/v2\/comments?post=1420"}],"version-history":[{"count":5,"href":"https:\/\/blogg.svenskakyrkan.se\/vandravagen\/wp-json\/wp\/v2\/posts\/1420\/revisions"}],"predecessor-version":[{"id":2949,"href":"https:\/\/blogg.svenskakyrkan.se\/vandravagen\/wp-json\/wp\/v2\/posts\/1420\/revisions\/2949"}],"wp:attachment":[{"href":"https:\/\/blogg.svenskakyrkan.se\/vandravagen\/wp-json\/wp\/v2\/media?parent=1420"}],"wp:term":[{"taxonomy":"category","embeddable":true,"href":"https:\/\/blogg.svenskakyrkan.se\/vandravagen\/wp-json\/wp\/v2\/categories?post=1420"},{"taxonomy":"post_tag","embeddable":true,"href":"https:\/\/blogg.svenskakyrkan.se\/vandravagen\/wp-json\/wp\/v2\/tags?post=1420"}],"curies":[{"name":"wp","href":"https:\/\/api.w.org\/{rel}","templated":true}]}}