{"id":149,"date":"2014-02-27T07:47:00","date_gmt":"2014-02-27T06:47:00","guid":{"rendered":"http:\/\/blogg.svenskakyrkan.se\/vandravagen\/2014\/02\/27\/veckans-samlade-favorittweets\/"},"modified":"2014-02-27T07:47:00","modified_gmt":"2014-02-27T06:47:00","slug":"veckans-samlade-favorittweets","status":"publish","type":"post","link":"https:\/\/blogg.svenskakyrkan.se\/vandravagen\/2014\/02\/27\/veckans-samlade-favorittweets\/","title":{"rendered":"Veckans samlade favorittweets"},"content":{"rendered":"<table align=\"center\" cellpadding=\"0\" cellspacing=\"0\">\n<tbody>\n<tr>\n<td><a href=\"http:\/\/3.bp.blogspot.com\/-r7cXEC5TJoU\/Uwzc4-AxWtI\/AAAAAAAAHDk\/CdWhZ2Pct-E\/s1600\/IMG_3162.JPG\"><img loading=\"lazy\" decoding=\"async\" border=\"0\" src=\"http:\/\/3.bp.blogspot.com\/-r7cXEC5TJoU\/Uwzc4-AxWtI\/AAAAAAAAHDk\/CdWhZ2Pct-E\/s1600\/IMG_3162.JPG\" height=\"640\" width=\"410\"><\/a><\/td>\n<\/tr>\n<tr>\n<td>Mycket konstigt djur!<\/td>\n<\/tr>\n<\/tbody>\n<\/table>\n<p>\u00c4nnu en samling av de b\u00e4sta tweets jag sett senaste tiden. Somliga kloka, somliga roliga, somliga uppbyggliga f\u00f6r tron. L\u00e4s de du har gl\u00e4dje av.<\/p>\n<div><\/div>\n<div><\/div>\n<div><b>Kristna (?) tweets<\/b><\/div>\n<div><b><br \/><\/b><\/div>\n<div><b><br \/><\/b><\/div>\n<div>Bonhoeffer visste av dyr erfarenhet hur det var att leva efter sin tro.<\/div>\n<div><a href=\"http:\/\/3.bp.blogspot.com\/-cWVmmy_u5j0\/Uwzce3brdKI\/AAAAAAAAHA8\/lGjRhwtXonU\/s1600\/Ska%CC%88rmavbild+2014-02-25+kl.+18.55.16.png\"><img loading=\"lazy\" decoding=\"async\" border=\"0\" src=\"http:\/\/3.bp.blogspot.com\/-cWVmmy_u5j0\/Uwzce3brdKI\/AAAAAAAAHA8\/lGjRhwtXonU\/s1600\/Ska%CC%88rmavbild+2014-02-25+kl.+18.55.16.png\" height=\"80\" width=\"400\"><\/a><\/div>\n<div><\/div>\n<div>Passar ihop med den h\u00e4r va?<\/div>\n<div><a href=\"http:\/\/3.bp.blogspot.com\/-uLzdObUXiWA\/UwzciZfKCeI\/AAAAAAAAHB4\/CL20fDqxzEU\/s1600\/Ska%CC%88rmavbild+2014-02-25+kl.+18.58.05.png\"><img loading=\"lazy\" decoding=\"async\" border=\"0\" src=\"http:\/\/3.bp.blogspot.com\/-uLzdObUXiWA\/UwzciZfKCeI\/AAAAAAAAHB4\/CL20fDqxzEU\/s1600\/Ska%CC%88rmavbild+2014-02-25+kl.+18.58.05.png\" height=\"55\" width=\"400\"><\/a><\/div>\n<div><\/div>\n<div><\/div>\n<div><a href=\"http:\/\/1.bp.blogspot.com\/-a8BxeT7uLCw\/UwzcpoWWNSI\/AAAAAAAAHC0\/myYkvvH3VkQ\/s1600\/Ska%CC%88rmavbild+2014-02-25+kl.+19.02.22.png\"><img loading=\"lazy\" decoding=\"async\" border=\"0\" src=\"http:\/\/1.bp.blogspot.com\/-a8BxeT7uLCw\/UwzcpoWWNSI\/AAAAAAAAHC0\/myYkvvH3VkQ\/s1600\/Ska%CC%88rmavbild+2014-02-25+kl.+19.02.22.png\" height=\"80\" width=\"400\"><\/a><\/div>\n<div><\/div>\n<div><\/div>\n<div><a href=\"http:\/\/1.bp.blogspot.com\/-FOa_TjV6czo\/Uwzcpgi5_wI\/AAAAAAAAHC4\/wlV1U-TI0gA\/s1600\/Ska%CC%88rmavbild+2014-02-25+kl.+19.03.51.png\"><img loading=\"lazy\" decoding=\"async\" border=\"0\" src=\"http:\/\/1.bp.blogspot.com\/-FOa_TjV6czo\/Uwzcpgi5_wI\/AAAAAAAAHC4\/wlV1U-TI0gA\/s1600\/Ska%CC%88rmavbild+2014-02-25+kl.+19.03.51.png\" height=\"53\" width=\"400\"><\/a><\/div>\n<div><\/div>\n<div><\/div>\n<div>En del sk\u00e4mt \u00e4r roliga mest f\u00f6r att man f\u00f6rst\u00e5r dem. Som den h\u00e4r:<\/div>\n<div><a href=\"http:\/\/4.bp.blogspot.com\/-ugzMHWIOOPA\/Uwzcl_qVAcI\/AAAAAAAAHCY\/NvWjN8pvVn8\/s1600\/Ska%CC%88rmavbild+2014-02-25+kl.+19.01.30.png\"><img loading=\"lazy\" decoding=\"async\" border=\"0\" src=\"http:\/\/4.bp.blogspot.com\/-ugzMHWIOOPA\/Uwzcl_qVAcI\/AAAAAAAAHCY\/NvWjN8pvVn8\/s1600\/Ska%CC%88rmavbild+2014-02-25+kl.+19.01.30.png\" height=\"68\" width=\"400\"><\/a><\/div>\n<div><\/div>\n<div>Eller det h\u00e4r:<\/div>\n<div><a href=\"http:\/\/1.bp.blogspot.com\/-8k4fBCotTIc\/UwzcolxyIUI\/AAAAAAAAHCs\/sIdxWWLJE1M\/s1600\/Ska%CC%88rmavbild+2014-02-25+kl.+19.03.27.png\"><img loading=\"lazy\" decoding=\"async\" border=\"0\" src=\"http:\/\/1.bp.blogspot.com\/-8k4fBCotTIc\/UwzcolxyIUI\/AAAAAAAAHCs\/sIdxWWLJE1M\/s1600\/Ska%CC%88rmavbild+2014-02-25+kl.+19.03.27.png\" height=\"53\" width=\"400\"><\/a><\/div>\n<div><\/div>\n<div><\/div>\n<div><\/div>\n<div><b>Kloka tweets<\/b><\/div>\n<div><\/div>\n<div><a href=\"http:\/\/2.bp.blogspot.com\/-errtsdkrw7g\/Uwzca-DTvmI\/AAAAAAAAHAU\/a4rmZWoCmY0\/s1600\/Ska%CC%88rmavbild+2014-02-25+kl.+18.53.22.png\"><img loading=\"lazy\" decoding=\"async\" border=\"0\" src=\"http:\/\/2.bp.blogspot.com\/-errtsdkrw7g\/Uwzca-DTvmI\/AAAAAAAAHAU\/a4rmZWoCmY0\/s1600\/Ska%CC%88rmavbild+2014-02-25+kl.+18.53.22.png\" height=\"76\" width=\"400\"><\/a><\/div>\n<div><\/div>\n<div><\/div>\n<div><a href=\"http:\/\/2.bp.blogspot.com\/-c2R3Hj-wb0A\/UwzccdPp93I\/AAAAAAAAHAk\/lVdUWUhP9Qg\/s1600\/Ska%CC%88rmavbild+2014-02-25+kl.+18.54.18.png\"><img loading=\"lazy\" decoding=\"async\" border=\"0\" src=\"http:\/\/2.bp.blogspot.com\/-c2R3Hj-wb0A\/UwzccdPp93I\/AAAAAAAAHAk\/lVdUWUhP9Qg\/s1600\/Ska%CC%88rmavbild+2014-02-25+kl.+18.54.18.png\" height=\"67\" width=\"400\"><\/a><\/div>\n<div><\/div>\n<div><a href=\"http:\/\/2.bp.blogspot.com\/-z3iAlqYU6h8\/Uwzcf7zz86I\/AAAAAAAAHBQ\/Gaj4kS6W4zM\/s1600\/Ska%CC%88rmavbild+2014-02-25+kl.+18.55.28.png\"><img loading=\"lazy\" decoding=\"async\" border=\"0\" src=\"http:\/\/2.bp.blogspot.com\/-z3iAlqYU6h8\/Uwzcf7zz86I\/AAAAAAAAHBQ\/Gaj4kS6W4zM\/s1600\/Ska%CC%88rmavbild+2014-02-25+kl.+18.55.28.png\" height=\"70\" width=\"400\"><\/a><\/div>\n<div><\/div>\n<div><\/div>\n<div><a href=\"http:\/\/2.bp.blogspot.com\/-OsX27noVVOs\/UwzcmDIbB0I\/AAAAAAAAHCU\/1UkgfPdhvDU\/s1600\/Ska%CC%88rmavbild+2014-02-25+kl.+19.01.42.png\"><img loading=\"lazy\" decoding=\"async\" border=\"0\" src=\"http:\/\/2.bp.blogspot.com\/-OsX27noVVOs\/UwzcmDIbB0I\/AAAAAAAAHCU\/1UkgfPdhvDU\/s1600\/Ska%CC%88rmavbild+2014-02-25+kl.+19.01.42.png\" height=\"67\" width=\"400\"><\/a><\/div>\n<div><\/div>\n<div><\/div>\n<div><a href=\"http:\/\/4.bp.blogspot.com\/-Dk_nWwbbt0c\/UwzcregANSI\/AAAAAAAAHDM\/v28odU6nEcE\/s1600\/Ska%CC%88rmavbild+2014-02-25+kl.+19.05.06.png\"><img loading=\"lazy\" decoding=\"async\" border=\"0\" src=\"http:\/\/4.bp.blogspot.com\/-Dk_nWwbbt0c\/UwzcregANSI\/AAAAAAAAHDM\/v28odU6nEcE\/s1600\/Ska%CC%88rmavbild+2014-02-25+kl.+19.05.06.png\" height=\"80\" width=\"400\"><\/a><\/div>\n<div><\/div>\n<div><a href=\"http:\/\/1.bp.blogspot.com\/-5MQxlsvlf6w\/UwzcqezhAMI\/AAAAAAAAHDA\/HvkIHk76p3w\/s1600\/Ska%CC%88rmavbild+2014-02-25+kl.+19.04.20.png\"><img loading=\"lazy\" decoding=\"async\" border=\"0\" src=\"http:\/\/1.bp.blogspot.com\/-5MQxlsvlf6w\/UwzcqezhAMI\/AAAAAAAAHDA\/HvkIHk76p3w\/s1600\/Ska%CC%88rmavbild+2014-02-25+kl.+19.04.20.png\" height=\"53\" width=\"400\"><\/a><\/div>\n<div><\/div>\n<div><\/div>\n<div><a href=\"http:\/\/4.bp.blogspot.com\/-tt4bop1V-I8\/Uwzca2s6MqI\/AAAAAAAAHAY\/l-hesJz12Z4\/s1600\/Ska%CC%88rmavbild+2014-02-25+kl.+18.53.14.png\"><img loading=\"lazy\" decoding=\"async\" border=\"0\" src=\"http:\/\/4.bp.blogspot.com\/-tt4bop1V-I8\/Uwzca2s6MqI\/AAAAAAAAHAY\/l-hesJz12Z4\/s1600\/Ska%CC%88rmavbild+2014-02-25+kl.+18.53.14.png\" height=\"66\" width=\"400\"><\/a><\/div>\n<div><\/div>\n<div><\/div>\n<div><a href=\"http:\/\/3.bp.blogspot.com\/-zbsfI1N6LCQ\/UwzcnsCI_wI\/AAAAAAAAHCk\/b1CSty5EheY\/s1600\/Ska%CC%88rmavbild+2014-02-25+kl.+19.02.28.png\"><img loading=\"lazy\" decoding=\"async\" border=\"0\" src=\"http:\/\/3.bp.blogspot.com\/-zbsfI1N6LCQ\/UwzcnsCI_wI\/AAAAAAAAHCk\/b1CSty5EheY\/s1600\/Ska%CC%88rmavbild+2014-02-25+kl.+19.02.28.png\" height=\"67\" width=\"400\"><\/a><\/div>\n<div><\/div>\n<div><\/div>\n<div><a href=\"http:\/\/3.bp.blogspot.com\/-ZfOD9WzkSZ4\/UwzcjlPrb8I\/AAAAAAAAHB0\/DPT8Ptvf3Es\/s1600\/Ska%CC%88rmavbild+2014-02-25+kl.+19.00.45.png\"><img loading=\"lazy\" decoding=\"async\" border=\"0\" src=\"http:\/\/3.bp.blogspot.com\/-ZfOD9WzkSZ4\/UwzcjlPrb8I\/AAAAAAAAHB0\/DPT8Ptvf3Es\/s1600\/Ska%CC%88rmavbild+2014-02-25+kl.+19.00.45.png\" height=\"67\" width=\"400\"><\/a><\/div>\n<\/p>\n<div><\/div>\n<div><b>Roliga\/fyndiga\/\u00f6vriga tweets<\/b><\/div>\n<div><\/div>\n<\/p>\n<div><a href=\"http:\/\/3.bp.blogspot.com\/-er0tqdVcLco\/UwzctZw3ckI\/AAAAAAAAHDc\/ZeRIQ3ivU4I\/s1600\/Ska%CC%88rmavbild+2014-02-25+kl.+18.53.55.png\"><img loading=\"lazy\" decoding=\"async\" border=\"0\" src=\"http:\/\/3.bp.blogspot.com\/-er0tqdVcLco\/UwzctZw3ckI\/AAAAAAAAHDc\/ZeRIQ3ivU4I\/s1600\/Ska%CC%88rmavbild+2014-02-25+kl.+18.53.55.png\" height=\"65\" width=\"400\"><\/a><\/div>\n<div><\/div>\n<\/p>\n<div><a href=\"http:\/\/1.bp.blogspot.com\/-9AhJDhxWf5w\/UwzceNropjI\/AAAAAAAAHAw\/d9vQEv-iy_A\/s1600\/Ska%CC%88rmavbild+2014-02-25+kl.+18.54.09.png\"><img loading=\"lazy\" decoding=\"async\" border=\"0\" src=\"http:\/\/1.bp.blogspot.com\/-9AhJDhxWf5w\/UwzceNropjI\/AAAAAAAAHAw\/d9vQEv-iy_A\/s1600\/Ska%CC%88rmavbild+2014-02-25+kl.+18.54.09.png\" height=\"65\" width=\"400\"><\/a><\/div>\n<\/p>\n<div><\/div>\n<div><a href=\"http:\/\/1.bp.blogspot.com\/--FfVdx0o65s\/UwzcdexTiKI\/AAAAAAAAHAs\/EdumnxXBE-M\/s1600\/Ska%CC%88rmavbild+2014-02-25+kl.+18.54.47.png\"><img loading=\"lazy\" decoding=\"async\" border=\"0\" src=\"http:\/\/1.bp.blogspot.com\/--FfVdx0o65s\/UwzcdexTiKI\/AAAAAAAAHAs\/EdumnxXBE-M\/s1600\/Ska%CC%88rmavbild+2014-02-25+kl.+18.54.47.png\" height=\"66\" width=\"400\"><\/a><\/div>\n<div><a href=\"http:\/\/1.bp.blogspot.com\/-tXKQ1FTFdTA\/UwzceSEdo4I\/AAAAAAAAHBA\/1qGcGytnpqw\/s1600\/Ska%CC%88rmavbild+2014-02-25+kl.+18.55.00.png\"><img loading=\"lazy\" decoding=\"async\" border=\"0\" src=\"http:\/\/1.bp.blogspot.com\/-tXKQ1FTFdTA\/UwzceSEdo4I\/AAAAAAAAHBA\/1qGcGytnpqw\/s1600\/Ska%CC%88rmavbild+2014-02-25+kl.+18.55.00.png\" height=\"65\" width=\"400\"><\/a><\/div>\n<div><\/div>\n<\/p>\n<div><a href=\"http:\/\/1.bp.blogspot.com\/-JwQq5PxeV-0\/UwzcgfdkgnI\/AAAAAAAAHBM\/IP_EBF0Koi0\/s1600\/Ska%CC%88rmavbild+2014-02-25+kl.+18.57.00.png\"><img loading=\"lazy\" decoding=\"async\" border=\"0\" src=\"http:\/\/1.bp.blogspot.com\/-JwQq5PxeV-0\/UwzcgfdkgnI\/AAAAAAAAHBM\/IP_EBF0Koi0\/s1600\/Ska%CC%88rmavbild+2014-02-25+kl.+18.57.00.png\" height=\"67\" width=\"400\"><\/a><\/div>\n<div><\/div>\n<\/p>\n<div><a href=\"http:\/\/4.bp.blogspot.com\/-cb_LpD5IIV8\/UwzchITClcI\/AAAAAAAAHBg\/9JYXyb-Ztbs\/s1600\/Ska%CC%88rmavbild+2014-02-25+kl.+18.57.37.png\"><img loading=\"lazy\" decoding=\"async\" border=\"0\" src=\"http:\/\/4.bp.blogspot.com\/-cb_LpD5IIV8\/UwzchITClcI\/AAAAAAAAHBg\/9JYXyb-Ztbs\/s1600\/Ska%CC%88rmavbild+2014-02-25+kl.+18.57.37.png\" height=\"67\" width=\"400\"><\/a><\/div>\n<div><\/div>\n<\/p>\n<div><a href=\"http:\/\/1.bp.blogspot.com\/-1_X5GqqChKM\/Uwzchss0qoI\/AAAAAAAAHBc\/0GhW46HZP6A\/s1600\/Ska%CC%88rmavbild+2014-02-25+kl.+18.57.57.png\"><img loading=\"lazy\" decoding=\"async\" border=\"0\" src=\"http:\/\/1.bp.blogspot.com\/-1_X5GqqChKM\/Uwzchss0qoI\/AAAAAAAAHBc\/0GhW46HZP6A\/s1600\/Ska%CC%88rmavbild+2014-02-25+kl.+18.57.57.png\" height=\"68\" width=\"400\"><\/a><\/div>\n<div><\/div>\n<\/p>\n<div><a href=\"http:\/\/4.bp.blogspot.com\/-zUTr2mRXUjg\/UwzckrDmW7I\/AAAAAAAAHCI\/WixIGVBW_dM\/s1600\/Ska%CC%88rmavbild+2014-02-25+kl.+19.00.59.png\"><img loading=\"lazy\" decoding=\"async\" border=\"0\" src=\"http:\/\/4.bp.blogspot.com\/-zUTr2mRXUjg\/UwzckrDmW7I\/AAAAAAAAHCI\/WixIGVBW_dM\/s1600\/Ska%CC%88rmavbild+2014-02-25+kl.+19.00.59.png\" height=\"65\" width=\"400\"><\/a><\/div>\n<div><\/div>\n<\/p>\n<div><a href=\"http:\/\/1.bp.blogspot.com\/-DpAbHdV7p5c\/Uwzck47msZI\/AAAAAAAAHCE\/MekhZVykxk0\/s1600\/Ska%CC%88rmavbild+2014-02-25+kl.+19.01.11.png\"><img loading=\"lazy\" decoding=\"async\" border=\"0\" src=\"http:\/\/1.bp.blogspot.com\/-DpAbHdV7p5c\/Uwzck47msZI\/AAAAAAAAHCE\/MekhZVykxk0\/s1600\/Ska%CC%88rmavbild+2014-02-25+kl.+19.01.11.png\" height=\"55\" width=\"400\"><\/a><\/div>\n<div><\/div>\n<\/p>\n<div><a href=\"http:\/\/1.bp.blogspot.com\/-hym7KA3bblA\/UwzcqwjegoI\/AAAAAAAAHDQ\/_WYF3lp0lmk\/s1600\/Ska%CC%88rmavbild+2014-02-25+kl.+19.04.57.png\"><img loading=\"lazy\" decoding=\"async\" border=\"0\" src=\"http:\/\/1.bp.blogspot.com\/-hym7KA3bblA\/UwzcqwjegoI\/AAAAAAAAHDQ\/_WYF3lp0lmk\/s1600\/Ska%CC%88rmavbild+2014-02-25+kl.+19.04.57.png\" height=\"55\" width=\"400\"><\/a><\/div>\n<div><\/div>\n<div><\/div>\n<div><b>Veckans b\u00e4sta tweet<\/b><\/div>\n<div>kommer fr\u00e5n @Bringer_of_love:<\/div>\n<div><\/div>\n<div><a href=\"http:\/\/2.bp.blogspot.com\/-WilFMsdWRII\/Uwzci2PhMyI\/AAAAAAAAHBs\/zrFLdFhMrZo\/s1600\/Ska%CC%88rmavbild+2014-02-25+kl.+18.59.07.png\"><img loading=\"lazy\" decoding=\"async\" border=\"0\" src=\"http:\/\/2.bp.blogspot.com\/-WilFMsdWRII\/Uwzci2PhMyI\/AAAAAAAAHBs\/zrFLdFhMrZo\/s1600\/Ska%CC%88rmavbild+2014-02-25+kl.+18.59.07.png\" height=\"67\" width=\"400\"><\/a><\/div>\n<\/p>\n<div><\/div>\n<div>Tack alla!<\/div>\n","protected":false},"excerpt":{"rendered":"<p>Mycket konstigt djur! \u00c4nnu en samling av de b\u00e4sta tweets jag sett senaste tiden. Somliga kloka, somliga roliga, somliga uppbyggliga f\u00f6r tron. L\u00e4s de du har gl\u00e4dje av. Kristna (?) tweets Bonhoeffer visste av dyr erfarenhet hur det var att leva efter sin tro. Passar ihop med den h\u00e4r va? En del sk\u00e4mt \u00e4r roliga [&hellip;]<\/p>\n","protected":false},"author":392,"featured_media":0,"comment_status":"open","ping_status":"open","sticky":false,"template":"","format":"standard","meta":{"_acf_changed":false,"footnotes":""},"categories":[76189,78772],"tags":[],"class_list":["post-149","post","type-post","status-publish","format-standard","hentry","category-dagens-kyrka","category-favorittweets"],"acf":[],"yoast_head":"<!-- This site is optimized with the Yoast SEO plugin v27.1.1 - https:\/\/yoast.com\/product\/yoast-seo-wordpress\/ -->\n<title>Veckans samlade favorittweets - Vandra V\u00e4gen<\/title>\n<meta name=\"robots\" content=\"index, follow, max-snippet:-1, max-image-preview:large, max-video-preview:-1\" \/>\n<link rel=\"canonical\" href=\"https:\/\/blogg.svenskakyrkan.se\/vandravagen\/2014\/02\/27\/veckans-samlade-favorittweets\/\" \/>\n<meta property=\"og:locale\" content=\"sv_SE\" \/>\n<meta property=\"og:type\" content=\"article\" \/>\n<meta property=\"og:title\" content=\"Veckans samlade favorittweets - Vandra V\u00e4gen\" \/>\n<meta property=\"og:description\" content=\"Mycket konstigt djur! \u00c4nnu en samling av de b\u00e4sta tweets jag sett senaste tiden. Somliga kloka, somliga roliga, somliga uppbyggliga f\u00f6r tron. L\u00e4s de du har gl\u00e4dje av. Kristna (?) tweets Bonhoeffer visste av dyr erfarenhet hur det var att leva efter sin tro. Passar ihop med den h\u00e4r va? En del sk\u00e4mt \u00e4r roliga [&hellip;]\" \/>\n<meta property=\"og:url\" content=\"https:\/\/blogg.svenskakyrkan.se\/vandravagen\/2014\/02\/27\/veckans-samlade-favorittweets\/\" \/>\n<meta property=\"og:site_name\" content=\"Vandra V\u00e4gen\" \/>\n<meta property=\"article:publisher\" content=\"http:\/\/facebook.com\/vandravagen\" \/>\n<meta property=\"article:published_time\" content=\"2014-02-27T06:47:00+00:00\" \/>\n<meta property=\"og:image\" content=\"http:\/\/3.bp.blogspot.com\/-r7cXEC5TJoU\/Uwzc4-AxWtI\/AAAAAAAAHDk\/CdWhZ2Pct-E\/s1600\/IMG_3162.JPG\" \/>\n<meta name=\"author\" content=\"Tomas Jarvid\" \/>\n<meta name=\"twitter:card\" content=\"summary_large_image\" \/>\n<meta name=\"twitter:creator\" content=\"@fadertomas\" \/>\n<meta name=\"twitter:site\" content=\"@fadertomas\" \/>\n<meta name=\"twitter:label1\" content=\"Skriven av\" \/>\n\t<meta name=\"twitter:data1\" content=\"Tomas Jarvid\" \/>\n<script type=\"application\/ld+json\" class=\"yoast-schema-graph\">{\"@context\":\"https:\/\/schema.org\",\"@graph\":[{\"@type\":\"Article\",\"@id\":\"https:\/\/blogg.svenskakyrkan.se\/vandravagen\/2014\/02\/27\/veckans-samlade-favorittweets\/#article\",\"isPartOf\":{\"@id\":\"https:\/\/blogg.svenskakyrkan.se\/vandravagen\/2014\/02\/27\/veckans-samlade-favorittweets\/\"},\"author\":{\"name\":\"Tomas Jarvid\",\"@id\":\"https:\/\/blogg.svenskakyrkan.se\/vandravagen\/#\/schema\/person\/25da02d4f76b137d04291711e2c9fc16\"},\"headline\":\"Veckans samlade favorittweets\",\"datePublished\":\"2014-02-27T06:47:00+00:00\",\"mainEntityOfPage\":{\"@id\":\"https:\/\/blogg.svenskakyrkan.se\/vandravagen\/2014\/02\/27\/veckans-samlade-favorittweets\/\"},\"wordCount\":98,\"commentCount\":0,\"publisher\":{\"@id\":\"https:\/\/blogg.svenskakyrkan.se\/vandravagen\/#organization\"},\"image\":{\"@id\":\"https:\/\/blogg.svenskakyrkan.se\/vandravagen\/2014\/02\/27\/veckans-samlade-favorittweets\/#primaryimage\"},\"thumbnailUrl\":\"http:\/\/3.bp.blogspot.com\/-r7cXEC5TJoU\/Uwzc4-AxWtI\/AAAAAAAAHDk\/CdWhZ2Pct-E\/s1600\/IMG_3162.JPG\",\"articleSection\":[\"Dagens Kyrka\",\"favorittweets\"],\"inLanguage\":\"sv-SE\",\"potentialAction\":[{\"@type\":\"CommentAction\",\"name\":\"Comment\",\"target\":[\"https:\/\/blogg.svenskakyrkan.se\/vandravagen\/2014\/02\/27\/veckans-samlade-favorittweets\/#respond\"]}]},{\"@type\":\"WebPage\",\"@id\":\"https:\/\/blogg.svenskakyrkan.se\/vandravagen\/2014\/02\/27\/veckans-samlade-favorittweets\/\",\"url\":\"https:\/\/blogg.svenskakyrkan.se\/vandravagen\/2014\/02\/27\/veckans-samlade-favorittweets\/\",\"name\":\"Veckans samlade favorittweets - Vandra V\u00e4gen\",\"isPartOf\":{\"@id\":\"https:\/\/blogg.svenskakyrkan.se\/vandravagen\/#website\"},\"primaryImageOfPage\":{\"@id\":\"https:\/\/blogg.svenskakyrkan.se\/vandravagen\/2014\/02\/27\/veckans-samlade-favorittweets\/#primaryimage\"},\"image\":{\"@id\":\"https:\/\/blogg.svenskakyrkan.se\/vandravagen\/2014\/02\/27\/veckans-samlade-favorittweets\/#primaryimage\"},\"thumbnailUrl\":\"http:\/\/3.bp.blogspot.com\/-r7cXEC5TJoU\/Uwzc4-AxWtI\/AAAAAAAAHDk\/CdWhZ2Pct-E\/s1600\/IMG_3162.JPG\",\"datePublished\":\"2014-02-27T06:47:00+00:00\",\"breadcrumb\":{\"@id\":\"https:\/\/blogg.svenskakyrkan.se\/vandravagen\/2014\/02\/27\/veckans-samlade-favorittweets\/#breadcrumb\"},\"inLanguage\":\"sv-SE\",\"potentialAction\":[{\"@type\":\"ReadAction\",\"target\":[\"https:\/\/blogg.svenskakyrkan.se\/vandravagen\/2014\/02\/27\/veckans-samlade-favorittweets\/\"]}]},{\"@type\":\"ImageObject\",\"inLanguage\":\"sv-SE\",\"@id\":\"https:\/\/blogg.svenskakyrkan.se\/vandravagen\/2014\/02\/27\/veckans-samlade-favorittweets\/#primaryimage\",\"url\":\"http:\/\/3.bp.blogspot.com\/-r7cXEC5TJoU\/Uwzc4-AxWtI\/AAAAAAAAHDk\/CdWhZ2Pct-E\/s1600\/IMG_3162.JPG\",\"contentUrl\":\"http:\/\/3.bp.blogspot.com\/-r7cXEC5TJoU\/Uwzc4-AxWtI\/AAAAAAAAHDk\/CdWhZ2Pct-E\/s1600\/IMG_3162.JPG\"},{\"@type\":\"BreadcrumbList\",\"@id\":\"https:\/\/blogg.svenskakyrkan.se\/vandravagen\/2014\/02\/27\/veckans-samlade-favorittweets\/#breadcrumb\",\"itemListElement\":[{\"@type\":\"ListItem\",\"position\":1,\"name\":\"Hem\",\"item\":\"https:\/\/blogg.svenskakyrkan.se\/vandravagen\/\"},{\"@type\":\"ListItem\",\"position\":2,\"name\":\"Veckans samlade favorittweets\"}]},{\"@type\":\"WebSite\",\"@id\":\"https:\/\/blogg.svenskakyrkan.se\/vandravagen\/#website\",\"url\":\"https:\/\/blogg.svenskakyrkan.se\/vandravagen\/\",\"name\":\"Vandra V\u00e4gen\",\"description\":\"-Mot en tro f\u00f6r hela livet\",\"publisher\":{\"@id\":\"https:\/\/blogg.svenskakyrkan.se\/vandravagen\/#organization\"},\"potentialAction\":[{\"@type\":\"SearchAction\",\"target\":{\"@type\":\"EntryPoint\",\"urlTemplate\":\"https:\/\/blogg.svenskakyrkan.se\/vandravagen\/?s={search_term_string}\"},\"query-input\":{\"@type\":\"PropertyValueSpecification\",\"valueRequired\":true,\"valueName\":\"search_term_string\"}}],\"inLanguage\":\"sv-SE\"},{\"@type\":\"Organization\",\"@id\":\"https:\/\/blogg.svenskakyrkan.se\/vandravagen\/#organization\",\"name\":\"ulricehamns pastorat\",\"alternateName\":\"ulricehamns pastorat\",\"url\":\"https:\/\/blogg.svenskakyrkan.se\/vandravagen\/\",\"logo\":{\"@type\":\"ImageObject\",\"inLanguage\":\"sv-SE\",\"@id\":\"https:\/\/blogg.svenskakyrkan.se\/vandravagen\/#\/schema\/logo\/image\/\",\"url\":\"https:\/\/blogg.svenskakyrkan.se\/vandravagen\/files\/2023\/05\/Ulr_logo_RGB.png\",\"contentUrl\":\"https:\/\/blogg.svenskakyrkan.se\/vandravagen\/files\/2023\/05\/Ulr_logo_RGB.png\",\"width\":205,\"height\":77,\"caption\":\"ulricehamns pastorat\"},\"image\":{\"@id\":\"https:\/\/blogg.svenskakyrkan.se\/vandravagen\/#\/schema\/logo\/image\/\"},\"sameAs\":[\"http:\/\/facebook.com\/vandravagen\",\"https:\/\/x.com\/fadertomas\",\"http:\/\/www.facebook.com\/svenskakyrkaniulricehamn\"]},{\"@type\":\"Person\",\"@id\":\"https:\/\/blogg.svenskakyrkan.se\/vandravagen\/#\/schema\/person\/25da02d4f76b137d04291711e2c9fc16\",\"name\":\"Tomas Jarvid\",\"image\":{\"@type\":\"ImageObject\",\"inLanguage\":\"sv-SE\",\"@id\":\"https:\/\/blogg.svenskakyrkan.se\/vandravagen\/#\/schema\/person\/image\/\",\"url\":\"https:\/\/secure.gravatar.com\/avatar\/7fa71899795e8f540f615a1f5ab25255dc27aa40f05ee7ddd21aac521e01bf50?s=96&d=identicon&r=g\",\"contentUrl\":\"https:\/\/secure.gravatar.com\/avatar\/7fa71899795e8f540f615a1f5ab25255dc27aa40f05ee7ddd21aac521e01bf50?s=96&d=identicon&r=g\",\"caption\":\"Tomas Jarvid\"},\"description\":\"Jag bor i Ulricehamn i V\u00e4sterg\u00f6tland och \u00e4r f\u00f6rsamlingspr\u00e4st i Svenska Kyrkan f\u00f6r Dalstorps f\u00f6rsamling i Kinds pastorat. P\u00e5 den h\u00e4r bloggen skriver jag ner tankar om vandringen som kristen.\",\"sameAs\":[\"http:\/\/www.vandravagen.se\"],\"url\":\"https:\/\/blogg.svenskakyrkan.se\/vandravagen\/author\/vandravagen\/\"}]}<\/script>\n<!-- \/ Yoast SEO plugin. -->","yoast_head_json":{"title":"Veckans samlade favorittweets - Vandra V\u00e4gen","robots":{"index":"index","follow":"follow","max-snippet":"max-snippet:-1","max-image-preview":"max-image-preview:large","max-video-preview":"max-video-preview:-1"},"canonical":"https:\/\/blogg.svenskakyrkan.se\/vandravagen\/2014\/02\/27\/veckans-samlade-favorittweets\/","og_locale":"sv_SE","og_type":"article","og_title":"Veckans samlade favorittweets - Vandra V\u00e4gen","og_description":"Mycket konstigt djur! \u00c4nnu en samling av de b\u00e4sta tweets jag sett senaste tiden. Somliga kloka, somliga roliga, somliga uppbyggliga f\u00f6r tron. L\u00e4s de du har gl\u00e4dje av. Kristna (?) tweets Bonhoeffer visste av dyr erfarenhet hur det var att leva efter sin tro. Passar ihop med den h\u00e4r va? En del sk\u00e4mt \u00e4r roliga [&hellip;]","og_url":"https:\/\/blogg.svenskakyrkan.se\/vandravagen\/2014\/02\/27\/veckans-samlade-favorittweets\/","og_site_name":"Vandra V\u00e4gen","article_publisher":"http:\/\/facebook.com\/vandravagen","article_published_time":"2014-02-27T06:47:00+00:00","og_image":[{"url":"http:\/\/3.bp.blogspot.com\/-r7cXEC5TJoU\/Uwzc4-AxWtI\/AAAAAAAAHDk\/CdWhZ2Pct-E\/s1600\/IMG_3162.JPG","type":"","width":"","height":""}],"author":"Tomas Jarvid","twitter_card":"summary_large_image","twitter_creator":"@fadertomas","twitter_site":"@fadertomas","twitter_misc":{"Skriven av":"Tomas Jarvid"},"schema":{"@context":"https:\/\/schema.org","@graph":[{"@type":"Article","@id":"https:\/\/blogg.svenskakyrkan.se\/vandravagen\/2014\/02\/27\/veckans-samlade-favorittweets\/#article","isPartOf":{"@id":"https:\/\/blogg.svenskakyrkan.se\/vandravagen\/2014\/02\/27\/veckans-samlade-favorittweets\/"},"author":{"name":"Tomas Jarvid","@id":"https:\/\/blogg.svenskakyrkan.se\/vandravagen\/#\/schema\/person\/25da02d4f76b137d04291711e2c9fc16"},"headline":"Veckans samlade favorittweets","datePublished":"2014-02-27T06:47:00+00:00","mainEntityOfPage":{"@id":"https:\/\/blogg.svenskakyrkan.se\/vandravagen\/2014\/02\/27\/veckans-samlade-favorittweets\/"},"wordCount":98,"commentCount":0,"publisher":{"@id":"https:\/\/blogg.svenskakyrkan.se\/vandravagen\/#organization"},"image":{"@id":"https:\/\/blogg.svenskakyrkan.se\/vandravagen\/2014\/02\/27\/veckans-samlade-favorittweets\/#primaryimage"},"thumbnailUrl":"http:\/\/3.bp.blogspot.com\/-r7cXEC5TJoU\/Uwzc4-AxWtI\/AAAAAAAAHDk\/CdWhZ2Pct-E\/s1600\/IMG_3162.JPG","articleSection":["Dagens Kyrka","favorittweets"],"inLanguage":"sv-SE","potentialAction":[{"@type":"CommentAction","name":"Comment","target":["https:\/\/blogg.svenskakyrkan.se\/vandravagen\/2014\/02\/27\/veckans-samlade-favorittweets\/#respond"]}]},{"@type":"WebPage","@id":"https:\/\/blogg.svenskakyrkan.se\/vandravagen\/2014\/02\/27\/veckans-samlade-favorittweets\/","url":"https:\/\/blogg.svenskakyrkan.se\/vandravagen\/2014\/02\/27\/veckans-samlade-favorittweets\/","name":"Veckans samlade favorittweets - Vandra V\u00e4gen","isPartOf":{"@id":"https:\/\/blogg.svenskakyrkan.se\/vandravagen\/#website"},"primaryImageOfPage":{"@id":"https:\/\/blogg.svenskakyrkan.se\/vandravagen\/2014\/02\/27\/veckans-samlade-favorittweets\/#primaryimage"},"image":{"@id":"https:\/\/blogg.svenskakyrkan.se\/vandravagen\/2014\/02\/27\/veckans-samlade-favorittweets\/#primaryimage"},"thumbnailUrl":"http:\/\/3.bp.blogspot.com\/-r7cXEC5TJoU\/Uwzc4-AxWtI\/AAAAAAAAHDk\/CdWhZ2Pct-E\/s1600\/IMG_3162.JPG","datePublished":"2014-02-27T06:47:00+00:00","breadcrumb":{"@id":"https:\/\/blogg.svenskakyrkan.se\/vandravagen\/2014\/02\/27\/veckans-samlade-favorittweets\/#breadcrumb"},"inLanguage":"sv-SE","potentialAction":[{"@type":"ReadAction","target":["https:\/\/blogg.svenskakyrkan.se\/vandravagen\/2014\/02\/27\/veckans-samlade-favorittweets\/"]}]},{"@type":"ImageObject","inLanguage":"sv-SE","@id":"https:\/\/blogg.svenskakyrkan.se\/vandravagen\/2014\/02\/27\/veckans-samlade-favorittweets\/#primaryimage","url":"http:\/\/3.bp.blogspot.com\/-r7cXEC5TJoU\/Uwzc4-AxWtI\/AAAAAAAAHDk\/CdWhZ2Pct-E\/s1600\/IMG_3162.JPG","contentUrl":"http:\/\/3.bp.blogspot.com\/-r7cXEC5TJoU\/Uwzc4-AxWtI\/AAAAAAAAHDk\/CdWhZ2Pct-E\/s1600\/IMG_3162.JPG"},{"@type":"BreadcrumbList","@id":"https:\/\/blogg.svenskakyrkan.se\/vandravagen\/2014\/02\/27\/veckans-samlade-favorittweets\/#breadcrumb","itemListElement":[{"@type":"ListItem","position":1,"name":"Hem","item":"https:\/\/blogg.svenskakyrkan.se\/vandravagen\/"},{"@type":"ListItem","position":2,"name":"Veckans samlade favorittweets"}]},{"@type":"WebSite","@id":"https:\/\/blogg.svenskakyrkan.se\/vandravagen\/#website","url":"https:\/\/blogg.svenskakyrkan.se\/vandravagen\/","name":"Vandra V\u00e4gen","description":"-Mot en tro f\u00f6r hela livet","publisher":{"@id":"https:\/\/blogg.svenskakyrkan.se\/vandravagen\/#organization"},"potentialAction":[{"@type":"SearchAction","target":{"@type":"EntryPoint","urlTemplate":"https:\/\/blogg.svenskakyrkan.se\/vandravagen\/?s={search_term_string}"},"query-input":{"@type":"PropertyValueSpecification","valueRequired":true,"valueName":"search_term_string"}}],"inLanguage":"sv-SE"},{"@type":"Organization","@id":"https:\/\/blogg.svenskakyrkan.se\/vandravagen\/#organization","name":"ulricehamns pastorat","alternateName":"ulricehamns pastorat","url":"https:\/\/blogg.svenskakyrkan.se\/vandravagen\/","logo":{"@type":"ImageObject","inLanguage":"sv-SE","@id":"https:\/\/blogg.svenskakyrkan.se\/vandravagen\/#\/schema\/logo\/image\/","url":"https:\/\/blogg.svenskakyrkan.se\/vandravagen\/files\/2023\/05\/Ulr_logo_RGB.png","contentUrl":"https:\/\/blogg.svenskakyrkan.se\/vandravagen\/files\/2023\/05\/Ulr_logo_RGB.png","width":205,"height":77,"caption":"ulricehamns pastorat"},"image":{"@id":"https:\/\/blogg.svenskakyrkan.se\/vandravagen\/#\/schema\/logo\/image\/"},"sameAs":["http:\/\/facebook.com\/vandravagen","https:\/\/x.com\/fadertomas","http:\/\/www.facebook.com\/svenskakyrkaniulricehamn"]},{"@type":"Person","@id":"https:\/\/blogg.svenskakyrkan.se\/vandravagen\/#\/schema\/person\/25da02d4f76b137d04291711e2c9fc16","name":"Tomas Jarvid","image":{"@type":"ImageObject","inLanguage":"sv-SE","@id":"https:\/\/blogg.svenskakyrkan.se\/vandravagen\/#\/schema\/person\/image\/","url":"https:\/\/secure.gravatar.com\/avatar\/7fa71899795e8f540f615a1f5ab25255dc27aa40f05ee7ddd21aac521e01bf50?s=96&d=identicon&r=g","contentUrl":"https:\/\/secure.gravatar.com\/avatar\/7fa71899795e8f540f615a1f5ab25255dc27aa40f05ee7ddd21aac521e01bf50?s=96&d=identicon&r=g","caption":"Tomas Jarvid"},"description":"Jag bor i Ulricehamn i V\u00e4sterg\u00f6tland och \u00e4r f\u00f6rsamlingspr\u00e4st i Svenska Kyrkan f\u00f6r Dalstorps f\u00f6rsamling i Kinds pastorat. P\u00e5 den h\u00e4r bloggen skriver jag ner tankar om vandringen som kristen.","sameAs":["http:\/\/www.vandravagen.se"],"url":"https:\/\/blogg.svenskakyrkan.se\/vandravagen\/author\/vandravagen\/"}]}},"author_meta":{"ID":"392","user_nicename":"vandravagen","user_url":"http:\/\/www.vandravagen.se","user_registered":"2014-05-19 05:44:52","display_name":"Tomas Jarvid","first_name":"Tomas","last_name":"Jarvid","avatar":"https:\/\/secure.gravatar.com\/avatar\/7fa71899795e8f540f615a1f5ab25255dc27aa40f05ee7ddd21aac521e01bf50?s=96&d=identicon&r=g"},"featured_image":false,"bloginfo":{"name":"Vandra V\u00e4gen","url":"https:\/\/blogg.svenskakyrkan.se\/vandravagen"},"_links":{"self":[{"href":"https:\/\/blogg.svenskakyrkan.se\/vandravagen\/wp-json\/wp\/v2\/posts\/149","targetHints":{"allow":["GET"]}}],"collection":[{"href":"https:\/\/blogg.svenskakyrkan.se\/vandravagen\/wp-json\/wp\/v2\/posts"}],"about":[{"href":"https:\/\/blogg.svenskakyrkan.se\/vandravagen\/wp-json\/wp\/v2\/types\/post"}],"author":[{"embeddable":true,"href":"https:\/\/blogg.svenskakyrkan.se\/vandravagen\/wp-json\/wp\/v2\/users\/392"}],"replies":[{"embeddable":true,"href":"https:\/\/blogg.svenskakyrkan.se\/vandravagen\/wp-json\/wp\/v2\/comments?post=149"}],"version-history":[{"count":0,"href":"https:\/\/blogg.svenskakyrkan.se\/vandravagen\/wp-json\/wp\/v2\/posts\/149\/revisions"}],"wp:attachment":[{"href":"https:\/\/blogg.svenskakyrkan.se\/vandravagen\/wp-json\/wp\/v2\/media?parent=149"}],"wp:term":[{"taxonomy":"category","embeddable":true,"href":"https:\/\/blogg.svenskakyrkan.se\/vandravagen\/wp-json\/wp\/v2\/categories?post=149"},{"taxonomy":"post_tag","embeddable":true,"href":"https:\/\/blogg.svenskakyrkan.se\/vandravagen\/wp-json\/wp\/v2\/tags?post=149"}],"curies":[{"name":"wp","href":"https:\/\/api.w.org\/{rel}","templated":true}]}}