{"id":151,"date":"2014-02-25T20:14:00","date_gmt":"2014-02-25T19:14:00","guid":{"rendered":"http:\/\/blogg.svenskakyrkan.se\/vandravagen\/2014\/02\/25\/8-lankar-till-bra-lasning-pa-annat-hall\/"},"modified":"2014-02-25T20:14:00","modified_gmt":"2014-02-25T19:14:00","slug":"8-lankar-till-bra-lasning-pa-annat-hall","status":"publish","type":"post","link":"https:\/\/blogg.svenskakyrkan.se\/vandravagen\/2014\/02\/25\/8-lankar-till-bra-lasning-pa-annat-hall\/","title":{"rendered":"8 l\u00e4nkar till bra l\u00e4sning p\u00e5 annat h\u00e5ll"},"content":{"rendered":"<table align=\"center\" cellpadding=\"0\" cellspacing=\"0\">\n<tbody>\n<tr>\n<td><a href=\"http:\/\/2.bp.blogspot.com\/-S44AnswobHw\/UwxTqT51EOI\/AAAAAAAAG_0\/uP3Pz-Oz84Y\/s1600\/IMG_3184.JPG\"><img loading=\"lazy\" decoding=\"async\" border=\"0\" src=\"http:\/\/2.bp.blogspot.com\/-S44AnswobHw\/UwxTqT51EOI\/AAAAAAAAG_0\/uP3Pz-Oz84Y\/s1600\/IMG_3184.JPG\" height=\"480\" width=\"640\"><\/a><\/td>\n<\/tr>\n<tr>\n<td>Svamp p\u00e5 tr\u00e4dstam d\u00e4r jag bor. R\u00e4tt cool va?<\/td>\n<\/tr>\n<\/tbody>\n<\/table>\n<div><\/div>\n<p>Nu blir det lite blandade l\u00e4nkar igen. En del \u00e4r det r\u00e4tt l\u00e4nge sedan jag samlade p\u00e5 mig. \u00c4ven till inneh\u00e5llet \u00e4r de v\u00e4ldigt olika varandra. Jag b\u00f6rjar med de mer seri\u00f6sa s\u00e5 kommer det konstigare och konstigare saker allteftersom!<\/p>\n<p><b>&#8221;Brev till min gamle slav\u00e4gare&#8221;<\/b><br \/>Det h\u00e4r var v\u00e4ldigt fascinerande. <a href=\"http:\/\/www.lettersofnote.com\/2012\/01\/to-my-old-master.html?m=1\">Ett autentiskt gammalt brev.<\/a> En f\u00f6re detta slav fr\u00e5n amerikanska s\u00f6dern skriver oerh\u00f6rt sarkastiskt till sin tidigare \u00e4gare som bett honom komma tillbaka.<\/p>\n<p><b>Pilgrim p\u00e5 genomresa<\/b><br \/>En &#8221;evighetspilgrim&#8221; passerade nyligen genom stiftet och rastade bland annat i Sk\u00f6vde <a href=\"http:\/\/www.skovdenyheter.se\/artikel\/63006\/pilgrim-har-vandrat-till-skovde\">d\u00e4r tidningen talade med honom<\/a>. Jag minns att jag h\u00f6rt talas om honom f\u00f6r ett tiotal \u00e5r sedan ocks\u00e5 d\u00e5 han passerade v\u00e5r trakt senast. Gud vet hur m\u00e5nga l\u00e4nder han vandrat igenom sedan dess!<\/p>\n<\/p>\n<table align=\"center\" cellpadding=\"0\" cellspacing=\"0\">\n<tbody>\n<tr>\n<td><a href=\"http:\/\/1.bp.blogspot.com\/-x_gRnNjPFnk\/UwxRx0dfC6I\/AAAAAAAAG_k\/uKgE3ixVQ3I\/s1600\/IMG_3189.JPG\"><img loading=\"lazy\" decoding=\"async\" border=\"0\" src=\"http:\/\/1.bp.blogspot.com\/-x_gRnNjPFnk\/UwxRx0dfC6I\/AAAAAAAAG_k\/uKgE3ixVQ3I\/s1600\/IMG_3189.JPG\" height=\"320\" width=\"266\"><\/a><\/td>\n<\/tr>\n<tr>\n<td>Vad \u00e4r en app v\u00e4rd?<\/td>\n<\/tr>\n<\/tbody>\n<\/table>\n<p><b>V\u00e4rdet av en app<\/b><\/p>\n<div>Facebook k\u00f6pte nyligen appen &#8221;Whatsapp&#8221; f\u00f6r sansl\u00f6sa 19 miljarder dollar. <a href=\"http:\/\/www.facts.fm\/cheaper-than-whatsapp\">H\u00e4r \u00e4r n\u00e5gra j\u00e4mf\u00f6rande siffror<\/a> om vad man kan f\u00e5 ist\u00e4llet f\u00f6r den pengen. Till exempel, som p\u00e5 bilden h\u00e4r, rent vatten och avlopp till jordklotet tv\u00e5 g\u00e5nger om! Det \u00e4r r\u00e4tt billigt att g\u00f6ra v\u00e4rlden b\u00e4ttre, det \u00e4r bara det att vi anv\u00e4nder v\u00e5ra pengar till annat.<\/p>\n<div><\/div>\n<p><b>Soldater efter strid<\/b><br \/>Ett fotoreportage med<a href=\"http:\/\/www.upworthy.com\/mesmerizing-photographs-of-soldiers-faces-before-and-after-a-war\"> bilder p\u00e5 soldaters ansikten f\u00f6re, under och efter ett krig.<\/a> V\u00e4ldigt gripande.<\/p>\n<p><b>Vardags\u00e4nglar, finsk diakoni<\/b><br \/>Den evangelisk-lutherska finska kyrkans ungdomsf\u00f6rbund <a href=\"http:\/\/svenska.yle.fi\/artikel\/2014\/02\/19\/vi-vill-vara-vardagsanglar\">uppmanar f\u00f6rsamlingarna att skicka ut unga p\u00e5 diagonala uppdrag<\/a>. Bra f\u00f6r alla inblandade!<\/p>\n<p><b>V\u00e4rldens \u00e4ldsta tr\u00e4d<\/b><br \/><a href=\"http:\/\/www.aftonbladet.se\/nyheter\/kolumnister\/peterkadhammar\/article18226111.ab\">Kan finnas i Sverige. Otroligt gammalt!<\/a><\/p>\n<p><b>V\u00e4rsta farsan<\/b><br \/><a href=\"http:\/\/chicquero.com\/2012\/09\/24\/worlds-best-father\/\">Hejdl\u00f6sa fotomontage p\u00e5 far och dotter.<\/a> Gjort p\u00e5 skoj men ibland hissnar det.<\/p>\n<p><b>Om sagan om ringen-trilogin gjorts i Sverige&#8230;<\/b><br \/><a href=\"http:\/\/matsbax.wordpress.com\/2014\/02\/04\/a-swedish-remake-of-lord-of-the-rings-part-1\/\">S\u00e5 hade de h\u00e4r haft rollerna<\/a>. Snyggt gjort!<\/p>\n<p>Hoppas de \u00e4r till gl\u00e4dje f\u00f6r dig!<\/p><\/div>\n","protected":false},"excerpt":{"rendered":"<p>Svamp p\u00e5 tr\u00e4dstam d\u00e4r jag bor. R\u00e4tt cool va? Nu blir det lite blandade l\u00e4nkar igen. En del \u00e4r det r\u00e4tt l\u00e4nge sedan jag samlade p\u00e5 mig. \u00c4ven till inneh\u00e5llet \u00e4r de v\u00e4ldigt olika varandra. Jag b\u00f6rjar med de mer seri\u00f6sa s\u00e5 kommer det konstigare och konstigare saker allteftersom! &#8221;Brev till min gamle slav\u00e4gare&#8221;Det h\u00e4r [&hellip;]<\/p>\n","protected":false},"author":392,"featured_media":0,"comment_status":"open","ping_status":"open","sticky":false,"template":"","format":"standard","meta":{"_acf_changed":false,"footnotes":""},"categories":[76766,8313],"tags":[],"class_list":["post-151","post","type-post","status-publish","format-standard","hentry","category-blandat","category-lankar"],"acf":[],"yoast_head":"<!-- This site is optimized with the Yoast SEO plugin v27.1.1 - https:\/\/yoast.com\/product\/yoast-seo-wordpress\/ -->\n<title>8 l\u00e4nkar till bra l\u00e4sning p\u00e5 annat h\u00e5ll - Vandra V\u00e4gen<\/title>\n<meta name=\"robots\" content=\"index, follow, max-snippet:-1, max-image-preview:large, max-video-preview:-1\" \/>\n<link rel=\"canonical\" href=\"https:\/\/blogg.svenskakyrkan.se\/vandravagen\/2014\/02\/25\/8-lankar-till-bra-lasning-pa-annat-hall\/\" \/>\n<meta property=\"og:locale\" content=\"sv_SE\" \/>\n<meta property=\"og:type\" content=\"article\" \/>\n<meta property=\"og:title\" content=\"8 l\u00e4nkar till bra l\u00e4sning p\u00e5 annat h\u00e5ll - Vandra V\u00e4gen\" \/>\n<meta property=\"og:description\" content=\"Svamp p\u00e5 tr\u00e4dstam d\u00e4r jag bor. R\u00e4tt cool va? Nu blir det lite blandade l\u00e4nkar igen. En del \u00e4r det r\u00e4tt l\u00e4nge sedan jag samlade p\u00e5 mig. \u00c4ven till inneh\u00e5llet \u00e4r de v\u00e4ldigt olika varandra. Jag b\u00f6rjar med de mer seri\u00f6sa s\u00e5 kommer det konstigare och konstigare saker allteftersom! &#8221;Brev till min gamle slav\u00e4gare&#8221;Det h\u00e4r [&hellip;]\" \/>\n<meta property=\"og:url\" content=\"https:\/\/blogg.svenskakyrkan.se\/vandravagen\/2014\/02\/25\/8-lankar-till-bra-lasning-pa-annat-hall\/\" \/>\n<meta property=\"og:site_name\" content=\"Vandra V\u00e4gen\" \/>\n<meta property=\"article:publisher\" content=\"http:\/\/facebook.com\/vandravagen\" \/>\n<meta property=\"article:published_time\" content=\"2014-02-25T19:14:00+00:00\" \/>\n<meta property=\"og:image\" content=\"http:\/\/2.bp.blogspot.com\/-S44AnswobHw\/UwxTqT51EOI\/AAAAAAAAG_0\/uP3Pz-Oz84Y\/s1600\/IMG_3184.JPG\" \/>\n<meta name=\"author\" content=\"Tomas Jarvid\" \/>\n<meta name=\"twitter:card\" content=\"summary_large_image\" \/>\n<meta name=\"twitter:creator\" content=\"@fadertomas\" \/>\n<meta name=\"twitter:site\" content=\"@fadertomas\" \/>\n<meta name=\"twitter:label1\" content=\"Skriven av\" \/>\n\t<meta name=\"twitter:data1\" content=\"Tomas Jarvid\" \/>\n\t<meta name=\"twitter:label2\" content=\"Ber\u00e4knad l\u00e4stid\" \/>\n\t<meta name=\"twitter:data2\" content=\"2 minuter\" \/>\n<script type=\"application\/ld+json\" class=\"yoast-schema-graph\">{\"@context\":\"https:\/\/schema.org\",\"@graph\":[{\"@type\":\"Article\",\"@id\":\"https:\/\/blogg.svenskakyrkan.se\/vandravagen\/2014\/02\/25\/8-lankar-till-bra-lasning-pa-annat-hall\/#article\",\"isPartOf\":{\"@id\":\"https:\/\/blogg.svenskakyrkan.se\/vandravagen\/2014\/02\/25\/8-lankar-till-bra-lasning-pa-annat-hall\/\"},\"author\":{\"name\":\"Tomas Jarvid\",\"@id\":\"https:\/\/blogg.svenskakyrkan.se\/vandravagen\/#\/schema\/person\/25da02d4f76b137d04291711e2c9fc16\"},\"headline\":\"8 l\u00e4nkar till bra l\u00e4sning p\u00e5 annat h\u00e5ll\",\"datePublished\":\"2014-02-25T19:14:00+00:00\",\"mainEntityOfPage\":{\"@id\":\"https:\/\/blogg.svenskakyrkan.se\/vandravagen\/2014\/02\/25\/8-lankar-till-bra-lasning-pa-annat-hall\/\"},\"wordCount\":349,\"commentCount\":5,\"publisher\":{\"@id\":\"https:\/\/blogg.svenskakyrkan.se\/vandravagen\/#organization\"},\"image\":{\"@id\":\"https:\/\/blogg.svenskakyrkan.se\/vandravagen\/2014\/02\/25\/8-lankar-till-bra-lasning-pa-annat-hall\/#primaryimage\"},\"thumbnailUrl\":\"http:\/\/2.bp.blogspot.com\/-S44AnswobHw\/UwxTqT51EOI\/AAAAAAAAG_0\/uP3Pz-Oz84Y\/s1600\/IMG_3184.JPG\",\"articleSection\":[\"blandat\",\"l\u00e4nkar\"],\"inLanguage\":\"sv-SE\",\"potentialAction\":[{\"@type\":\"CommentAction\",\"name\":\"Comment\",\"target\":[\"https:\/\/blogg.svenskakyrkan.se\/vandravagen\/2014\/02\/25\/8-lankar-till-bra-lasning-pa-annat-hall\/#respond\"]}]},{\"@type\":\"WebPage\",\"@id\":\"https:\/\/blogg.svenskakyrkan.se\/vandravagen\/2014\/02\/25\/8-lankar-till-bra-lasning-pa-annat-hall\/\",\"url\":\"https:\/\/blogg.svenskakyrkan.se\/vandravagen\/2014\/02\/25\/8-lankar-till-bra-lasning-pa-annat-hall\/\",\"name\":\"8 l\u00e4nkar till bra l\u00e4sning p\u00e5 annat h\u00e5ll - Vandra V\u00e4gen\",\"isPartOf\":{\"@id\":\"https:\/\/blogg.svenskakyrkan.se\/vandravagen\/#website\"},\"primaryImageOfPage\":{\"@id\":\"https:\/\/blogg.svenskakyrkan.se\/vandravagen\/2014\/02\/25\/8-lankar-till-bra-lasning-pa-annat-hall\/#primaryimage\"},\"image\":{\"@id\":\"https:\/\/blogg.svenskakyrkan.se\/vandravagen\/2014\/02\/25\/8-lankar-till-bra-lasning-pa-annat-hall\/#primaryimage\"},\"thumbnailUrl\":\"http:\/\/2.bp.blogspot.com\/-S44AnswobHw\/UwxTqT51EOI\/AAAAAAAAG_0\/uP3Pz-Oz84Y\/s1600\/IMG_3184.JPG\",\"datePublished\":\"2014-02-25T19:14:00+00:00\",\"breadcrumb\":{\"@id\":\"https:\/\/blogg.svenskakyrkan.se\/vandravagen\/2014\/02\/25\/8-lankar-till-bra-lasning-pa-annat-hall\/#breadcrumb\"},\"inLanguage\":\"sv-SE\",\"potentialAction\":[{\"@type\":\"ReadAction\",\"target\":[\"https:\/\/blogg.svenskakyrkan.se\/vandravagen\/2014\/02\/25\/8-lankar-till-bra-lasning-pa-annat-hall\/\"]}]},{\"@type\":\"ImageObject\",\"inLanguage\":\"sv-SE\",\"@id\":\"https:\/\/blogg.svenskakyrkan.se\/vandravagen\/2014\/02\/25\/8-lankar-till-bra-lasning-pa-annat-hall\/#primaryimage\",\"url\":\"http:\/\/2.bp.blogspot.com\/-S44AnswobHw\/UwxTqT51EOI\/AAAAAAAAG_0\/uP3Pz-Oz84Y\/s1600\/IMG_3184.JPG\",\"contentUrl\":\"http:\/\/2.bp.blogspot.com\/-S44AnswobHw\/UwxTqT51EOI\/AAAAAAAAG_0\/uP3Pz-Oz84Y\/s1600\/IMG_3184.JPG\"},{\"@type\":\"BreadcrumbList\",\"@id\":\"https:\/\/blogg.svenskakyrkan.se\/vandravagen\/2014\/02\/25\/8-lankar-till-bra-lasning-pa-annat-hall\/#breadcrumb\",\"itemListElement\":[{\"@type\":\"ListItem\",\"position\":1,\"name\":\"Hem\",\"item\":\"https:\/\/blogg.svenskakyrkan.se\/vandravagen\/\"},{\"@type\":\"ListItem\",\"position\":2,\"name\":\"8 l\u00e4nkar till bra l\u00e4sning p\u00e5 annat h\u00e5ll\"}]},{\"@type\":\"WebSite\",\"@id\":\"https:\/\/blogg.svenskakyrkan.se\/vandravagen\/#website\",\"url\":\"https:\/\/blogg.svenskakyrkan.se\/vandravagen\/\",\"name\":\"Vandra V\u00e4gen\",\"description\":\"-Mot en tro f\u00f6r hela livet\",\"publisher\":{\"@id\":\"https:\/\/blogg.svenskakyrkan.se\/vandravagen\/#organization\"},\"potentialAction\":[{\"@type\":\"SearchAction\",\"target\":{\"@type\":\"EntryPoint\",\"urlTemplate\":\"https:\/\/blogg.svenskakyrkan.se\/vandravagen\/?s={search_term_string}\"},\"query-input\":{\"@type\":\"PropertyValueSpecification\",\"valueRequired\":true,\"valueName\":\"search_term_string\"}}],\"inLanguage\":\"sv-SE\"},{\"@type\":\"Organization\",\"@id\":\"https:\/\/blogg.svenskakyrkan.se\/vandravagen\/#organization\",\"name\":\"ulricehamns pastorat\",\"alternateName\":\"ulricehamns pastorat\",\"url\":\"https:\/\/blogg.svenskakyrkan.se\/vandravagen\/\",\"logo\":{\"@type\":\"ImageObject\",\"inLanguage\":\"sv-SE\",\"@id\":\"https:\/\/blogg.svenskakyrkan.se\/vandravagen\/#\/schema\/logo\/image\/\",\"url\":\"https:\/\/blogg.svenskakyrkan.se\/vandravagen\/files\/2023\/05\/Ulr_logo_RGB.png\",\"contentUrl\":\"https:\/\/blogg.svenskakyrkan.se\/vandravagen\/files\/2023\/05\/Ulr_logo_RGB.png\",\"width\":205,\"height\":77,\"caption\":\"ulricehamns pastorat\"},\"image\":{\"@id\":\"https:\/\/blogg.svenskakyrkan.se\/vandravagen\/#\/schema\/logo\/image\/\"},\"sameAs\":[\"http:\/\/facebook.com\/vandravagen\",\"https:\/\/x.com\/fadertomas\",\"http:\/\/www.facebook.com\/svenskakyrkaniulricehamn\"]},{\"@type\":\"Person\",\"@id\":\"https:\/\/blogg.svenskakyrkan.se\/vandravagen\/#\/schema\/person\/25da02d4f76b137d04291711e2c9fc16\",\"name\":\"Tomas Jarvid\",\"image\":{\"@type\":\"ImageObject\",\"inLanguage\":\"sv-SE\",\"@id\":\"https:\/\/blogg.svenskakyrkan.se\/vandravagen\/#\/schema\/person\/image\/\",\"url\":\"https:\/\/secure.gravatar.com\/avatar\/7fa71899795e8f540f615a1f5ab25255dc27aa40f05ee7ddd21aac521e01bf50?s=96&d=identicon&r=g\",\"contentUrl\":\"https:\/\/secure.gravatar.com\/avatar\/7fa71899795e8f540f615a1f5ab25255dc27aa40f05ee7ddd21aac521e01bf50?s=96&d=identicon&r=g\",\"caption\":\"Tomas Jarvid\"},\"description\":\"Jag bor i Ulricehamn i V\u00e4sterg\u00f6tland och \u00e4r f\u00f6rsamlingspr\u00e4st i Svenska Kyrkan f\u00f6r Dalstorps f\u00f6rsamling i Kinds pastorat. P\u00e5 den h\u00e4r bloggen skriver jag ner tankar om vandringen som kristen.\",\"sameAs\":[\"http:\/\/www.vandravagen.se\"],\"url\":\"https:\/\/blogg.svenskakyrkan.se\/vandravagen\/author\/vandravagen\/\"}]}<\/script>\n<!-- \/ Yoast SEO plugin. -->","yoast_head_json":{"title":"8 l\u00e4nkar till bra l\u00e4sning p\u00e5 annat h\u00e5ll - Vandra V\u00e4gen","robots":{"index":"index","follow":"follow","max-snippet":"max-snippet:-1","max-image-preview":"max-image-preview:large","max-video-preview":"max-video-preview:-1"},"canonical":"https:\/\/blogg.svenskakyrkan.se\/vandravagen\/2014\/02\/25\/8-lankar-till-bra-lasning-pa-annat-hall\/","og_locale":"sv_SE","og_type":"article","og_title":"8 l\u00e4nkar till bra l\u00e4sning p\u00e5 annat h\u00e5ll - Vandra V\u00e4gen","og_description":"Svamp p\u00e5 tr\u00e4dstam d\u00e4r jag bor. R\u00e4tt cool va? Nu blir det lite blandade l\u00e4nkar igen. En del \u00e4r det r\u00e4tt l\u00e4nge sedan jag samlade p\u00e5 mig. \u00c4ven till inneh\u00e5llet \u00e4r de v\u00e4ldigt olika varandra. Jag b\u00f6rjar med de mer seri\u00f6sa s\u00e5 kommer det konstigare och konstigare saker allteftersom! &#8221;Brev till min gamle slav\u00e4gare&#8221;Det h\u00e4r [&hellip;]","og_url":"https:\/\/blogg.svenskakyrkan.se\/vandravagen\/2014\/02\/25\/8-lankar-till-bra-lasning-pa-annat-hall\/","og_site_name":"Vandra V\u00e4gen","article_publisher":"http:\/\/facebook.com\/vandravagen","article_published_time":"2014-02-25T19:14:00+00:00","og_image":[{"url":"http:\/\/2.bp.blogspot.com\/-S44AnswobHw\/UwxTqT51EOI\/AAAAAAAAG_0\/uP3Pz-Oz84Y\/s1600\/IMG_3184.JPG","type":"","width":"","height":""}],"author":"Tomas Jarvid","twitter_card":"summary_large_image","twitter_creator":"@fadertomas","twitter_site":"@fadertomas","twitter_misc":{"Skriven av":"Tomas Jarvid","Ber\u00e4knad l\u00e4stid":"2 minuter"},"schema":{"@context":"https:\/\/schema.org","@graph":[{"@type":"Article","@id":"https:\/\/blogg.svenskakyrkan.se\/vandravagen\/2014\/02\/25\/8-lankar-till-bra-lasning-pa-annat-hall\/#article","isPartOf":{"@id":"https:\/\/blogg.svenskakyrkan.se\/vandravagen\/2014\/02\/25\/8-lankar-till-bra-lasning-pa-annat-hall\/"},"author":{"name":"Tomas Jarvid","@id":"https:\/\/blogg.svenskakyrkan.se\/vandravagen\/#\/schema\/person\/25da02d4f76b137d04291711e2c9fc16"},"headline":"8 l\u00e4nkar till bra l\u00e4sning p\u00e5 annat h\u00e5ll","datePublished":"2014-02-25T19:14:00+00:00","mainEntityOfPage":{"@id":"https:\/\/blogg.svenskakyrkan.se\/vandravagen\/2014\/02\/25\/8-lankar-till-bra-lasning-pa-annat-hall\/"},"wordCount":349,"commentCount":5,"publisher":{"@id":"https:\/\/blogg.svenskakyrkan.se\/vandravagen\/#organization"},"image":{"@id":"https:\/\/blogg.svenskakyrkan.se\/vandravagen\/2014\/02\/25\/8-lankar-till-bra-lasning-pa-annat-hall\/#primaryimage"},"thumbnailUrl":"http:\/\/2.bp.blogspot.com\/-S44AnswobHw\/UwxTqT51EOI\/AAAAAAAAG_0\/uP3Pz-Oz84Y\/s1600\/IMG_3184.JPG","articleSection":["blandat","l\u00e4nkar"],"inLanguage":"sv-SE","potentialAction":[{"@type":"CommentAction","name":"Comment","target":["https:\/\/blogg.svenskakyrkan.se\/vandravagen\/2014\/02\/25\/8-lankar-till-bra-lasning-pa-annat-hall\/#respond"]}]},{"@type":"WebPage","@id":"https:\/\/blogg.svenskakyrkan.se\/vandravagen\/2014\/02\/25\/8-lankar-till-bra-lasning-pa-annat-hall\/","url":"https:\/\/blogg.svenskakyrkan.se\/vandravagen\/2014\/02\/25\/8-lankar-till-bra-lasning-pa-annat-hall\/","name":"8 l\u00e4nkar till bra l\u00e4sning p\u00e5 annat h\u00e5ll - Vandra V\u00e4gen","isPartOf":{"@id":"https:\/\/blogg.svenskakyrkan.se\/vandravagen\/#website"},"primaryImageOfPage":{"@id":"https:\/\/blogg.svenskakyrkan.se\/vandravagen\/2014\/02\/25\/8-lankar-till-bra-lasning-pa-annat-hall\/#primaryimage"},"image":{"@id":"https:\/\/blogg.svenskakyrkan.se\/vandravagen\/2014\/02\/25\/8-lankar-till-bra-lasning-pa-annat-hall\/#primaryimage"},"thumbnailUrl":"http:\/\/2.bp.blogspot.com\/-S44AnswobHw\/UwxTqT51EOI\/AAAAAAAAG_0\/uP3Pz-Oz84Y\/s1600\/IMG_3184.JPG","datePublished":"2014-02-25T19:14:00+00:00","breadcrumb":{"@id":"https:\/\/blogg.svenskakyrkan.se\/vandravagen\/2014\/02\/25\/8-lankar-till-bra-lasning-pa-annat-hall\/#breadcrumb"},"inLanguage":"sv-SE","potentialAction":[{"@type":"ReadAction","target":["https:\/\/blogg.svenskakyrkan.se\/vandravagen\/2014\/02\/25\/8-lankar-till-bra-lasning-pa-annat-hall\/"]}]},{"@type":"ImageObject","inLanguage":"sv-SE","@id":"https:\/\/blogg.svenskakyrkan.se\/vandravagen\/2014\/02\/25\/8-lankar-till-bra-lasning-pa-annat-hall\/#primaryimage","url":"http:\/\/2.bp.blogspot.com\/-S44AnswobHw\/UwxTqT51EOI\/AAAAAAAAG_0\/uP3Pz-Oz84Y\/s1600\/IMG_3184.JPG","contentUrl":"http:\/\/2.bp.blogspot.com\/-S44AnswobHw\/UwxTqT51EOI\/AAAAAAAAG_0\/uP3Pz-Oz84Y\/s1600\/IMG_3184.JPG"},{"@type":"BreadcrumbList","@id":"https:\/\/blogg.svenskakyrkan.se\/vandravagen\/2014\/02\/25\/8-lankar-till-bra-lasning-pa-annat-hall\/#breadcrumb","itemListElement":[{"@type":"ListItem","position":1,"name":"Hem","item":"https:\/\/blogg.svenskakyrkan.se\/vandravagen\/"},{"@type":"ListItem","position":2,"name":"8 l\u00e4nkar till bra l\u00e4sning p\u00e5 annat h\u00e5ll"}]},{"@type":"WebSite","@id":"https:\/\/blogg.svenskakyrkan.se\/vandravagen\/#website","url":"https:\/\/blogg.svenskakyrkan.se\/vandravagen\/","name":"Vandra V\u00e4gen","description":"-Mot en tro f\u00f6r hela livet","publisher":{"@id":"https:\/\/blogg.svenskakyrkan.se\/vandravagen\/#organization"},"potentialAction":[{"@type":"SearchAction","target":{"@type":"EntryPoint","urlTemplate":"https:\/\/blogg.svenskakyrkan.se\/vandravagen\/?s={search_term_string}"},"query-input":{"@type":"PropertyValueSpecification","valueRequired":true,"valueName":"search_term_string"}}],"inLanguage":"sv-SE"},{"@type":"Organization","@id":"https:\/\/blogg.svenskakyrkan.se\/vandravagen\/#organization","name":"ulricehamns pastorat","alternateName":"ulricehamns pastorat","url":"https:\/\/blogg.svenskakyrkan.se\/vandravagen\/","logo":{"@type":"ImageObject","inLanguage":"sv-SE","@id":"https:\/\/blogg.svenskakyrkan.se\/vandravagen\/#\/schema\/logo\/image\/","url":"https:\/\/blogg.svenskakyrkan.se\/vandravagen\/files\/2023\/05\/Ulr_logo_RGB.png","contentUrl":"https:\/\/blogg.svenskakyrkan.se\/vandravagen\/files\/2023\/05\/Ulr_logo_RGB.png","width":205,"height":77,"caption":"ulricehamns pastorat"},"image":{"@id":"https:\/\/blogg.svenskakyrkan.se\/vandravagen\/#\/schema\/logo\/image\/"},"sameAs":["http:\/\/facebook.com\/vandravagen","https:\/\/x.com\/fadertomas","http:\/\/www.facebook.com\/svenskakyrkaniulricehamn"]},{"@type":"Person","@id":"https:\/\/blogg.svenskakyrkan.se\/vandravagen\/#\/schema\/person\/25da02d4f76b137d04291711e2c9fc16","name":"Tomas Jarvid","image":{"@type":"ImageObject","inLanguage":"sv-SE","@id":"https:\/\/blogg.svenskakyrkan.se\/vandravagen\/#\/schema\/person\/image\/","url":"https:\/\/secure.gravatar.com\/avatar\/7fa71899795e8f540f615a1f5ab25255dc27aa40f05ee7ddd21aac521e01bf50?s=96&d=identicon&r=g","contentUrl":"https:\/\/secure.gravatar.com\/avatar\/7fa71899795e8f540f615a1f5ab25255dc27aa40f05ee7ddd21aac521e01bf50?s=96&d=identicon&r=g","caption":"Tomas Jarvid"},"description":"Jag bor i Ulricehamn i V\u00e4sterg\u00f6tland och \u00e4r f\u00f6rsamlingspr\u00e4st i Svenska Kyrkan f\u00f6r Dalstorps f\u00f6rsamling i Kinds pastorat. P\u00e5 den h\u00e4r bloggen skriver jag ner tankar om vandringen som kristen.","sameAs":["http:\/\/www.vandravagen.se"],"url":"https:\/\/blogg.svenskakyrkan.se\/vandravagen\/author\/vandravagen\/"}]}},"author_meta":{"ID":"392","user_nicename":"vandravagen","user_url":"http:\/\/www.vandravagen.se","user_registered":"2014-05-19 05:44:52","display_name":"Tomas Jarvid","first_name":"Tomas","last_name":"Jarvid","avatar":"https:\/\/secure.gravatar.com\/avatar\/7fa71899795e8f540f615a1f5ab25255dc27aa40f05ee7ddd21aac521e01bf50?s=96&d=identicon&r=g"},"featured_image":false,"bloginfo":{"name":"Vandra V\u00e4gen","url":"https:\/\/blogg.svenskakyrkan.se\/vandravagen"},"_links":{"self":[{"href":"https:\/\/blogg.svenskakyrkan.se\/vandravagen\/wp-json\/wp\/v2\/posts\/151","targetHints":{"allow":["GET"]}}],"collection":[{"href":"https:\/\/blogg.svenskakyrkan.se\/vandravagen\/wp-json\/wp\/v2\/posts"}],"about":[{"href":"https:\/\/blogg.svenskakyrkan.se\/vandravagen\/wp-json\/wp\/v2\/types\/post"}],"author":[{"embeddable":true,"href":"https:\/\/blogg.svenskakyrkan.se\/vandravagen\/wp-json\/wp\/v2\/users\/392"}],"replies":[{"embeddable":true,"href":"https:\/\/blogg.svenskakyrkan.se\/vandravagen\/wp-json\/wp\/v2\/comments?post=151"}],"version-history":[{"count":0,"href":"https:\/\/blogg.svenskakyrkan.se\/vandravagen\/wp-json\/wp\/v2\/posts\/151\/revisions"}],"wp:attachment":[{"href":"https:\/\/blogg.svenskakyrkan.se\/vandravagen\/wp-json\/wp\/v2\/media?parent=151"}],"wp:term":[{"taxonomy":"category","embeddable":true,"href":"https:\/\/blogg.svenskakyrkan.se\/vandravagen\/wp-json\/wp\/v2\/categories?post=151"},{"taxonomy":"post_tag","embeddable":true,"href":"https:\/\/blogg.svenskakyrkan.se\/vandravagen\/wp-json\/wp\/v2\/tags?post=151"}],"curies":[{"name":"wp","href":"https:\/\/api.w.org\/{rel}","templated":true}]}}