{"id":154,"date":"2014-02-24T08:00:00","date_gmt":"2014-02-24T07:00:00","guid":{"rendered":"http:\/\/blogg.svenskakyrkan.se\/vandravagen\/2014\/02\/24\/dikt-om-ordet-som-ger-liv\/"},"modified":"2014-02-24T08:00:00","modified_gmt":"2014-02-24T07:00:00","slug":"dikt-om-ordet-som-ger-liv","status":"publish","type":"post","link":"https:\/\/blogg.svenskakyrkan.se\/vandravagen\/2014\/02\/24\/dikt-om-ordet-som-ger-liv\/","title":{"rendered":"Dikt om Ordet som ger liv"},"content":{"rendered":"<div>\n<table align=\"center\" cellpadding=\"0\" cellspacing=\"0\">\n<tbody>\n<tr>\n<td><a href=\"http:\/\/2.bp.blogspot.com\/-6rjg11pWXdY\/UwObGJ24QhI\/AAAAAAAAG-I\/7eQNJchb7gE\/s1600\/IMG_3697.JPG\"><img loading=\"lazy\" decoding=\"async\" border=\"0\" src=\"http:\/\/2.bp.blogspot.com\/-6rjg11pWXdY\/UwObGJ24QhI\/AAAAAAAAG-I\/7eQNJchb7gE\/s1600\/IMG_3697.JPG\" height=\"640\" width=\"572\"><\/a><\/td>\n<\/tr>\n<tr>\n<td>Isoleringen \u00e4r bruten. Den h\u00e4r pojken h\u00f6r ljud f\u00f6r f\u00f6rsta g\u00e5ngen!<\/td>\n<\/tr>\n<\/tbody>\n<\/table>\n<\/div>\n<div><span><br \/><\/span><span><br \/><\/span><span>Det levande Ordet<\/span><\/div>\n<div><span><\/span><\/p>\n<\/div>\n<div><span>I centrum f\u00f6r mitt andliga liv<\/span><br \/><span>D\u00e4r finns jag<\/span><\/div>\n<div><span>Mina tankar, mina bilder<\/span><\/div>\n<div><span>Gud \u00e4r en tanke i min hj\u00e4rna<\/span><\/div>\n<div><span>M\u00e4rkligt lik mig sj\u00e4lv<\/span><\/div>\n<div><span>En gud av halm till min avbild<\/span><\/div>\n<div><span><\/span><\/div>\n<div><span>Det \u00e4r bekv\u00e4mt s\u00e5<\/span><\/div>\n<div><span>Men inst\u00e4ngt<\/span><\/div>\n<div><span>I mig sj\u00e4lv och mitt<\/span><\/div>\n<div><span><\/span><\/div>\n<div><span>Men Du har det eviga livets ord<\/span><\/div>\n<div><span>N\u00e4r Du talar blir det liv<\/span><\/div>\n<div><span>N\u00e4r jag h\u00f6r Din r\u00f6st<\/span><\/div>\n<div><span>H\u00f6r jag r\u00f6sten av en <i>riktig<\/i> Gud<\/span><\/div>\n<div><span>En som fanns f\u00f6re mig<\/span><\/div>\n<div><span>Som inte beh\u00f6ver mina r\u00e5d<\/span><\/div>\n<div><span><\/span><\/div>\n<div><span>Tala till mig och l\u00e4r mig att lyssna<\/span><\/div>\n<div><span>D\u00e5 blir jag fri\u00a0<\/span><\/div>\n<\/p>\n<div><span>Att st\u00e5 under en o\u00e4ndlig himmel<\/span><br \/><span><br \/><\/span><span><br \/><\/span><span><br \/><\/span><span><br \/><\/span><span><br \/><\/span><\/div>\n<div><span><br \/><\/span><\/div>\n","protected":false},"excerpt":{"rendered":"<p>Isoleringen \u00e4r bruten. Den h\u00e4r pojken h\u00f6r ljud f\u00f6r f\u00f6rsta g\u00e5ngen! Det levande Ordet I centrum f\u00f6r mitt andliga livD\u00e4r finns jag Mina tankar, mina bilder Gud \u00e4r en tanke i min hj\u00e4rna M\u00e4rkligt lik mig sj\u00e4lv En gud av halm till min avbild Det \u00e4r bekv\u00e4mt s\u00e5 Men inst\u00e4ngt I mig sj\u00e4lv och mitt [&hellip;]<\/p>\n","protected":false},"author":392,"featured_media":0,"comment_status":"open","ping_status":"open","sticky":false,"template":"","format":"standard","meta":{"_acf_changed":false,"footnotes":""},"categories":[76189,8252,17159],"tags":[],"class_list":["post-154","post","type-post","status-publish","format-standard","hentry","category-dagens-kyrka","category-kyrkoaret","category-poesi"],"acf":[],"yoast_head":"<!-- This site is optimized with the Yoast SEO plugin v27.1.1 - https:\/\/yoast.com\/product\/yoast-seo-wordpress\/ -->\n<title>Dikt om Ordet som ger liv - Vandra V\u00e4gen<\/title>\n<meta name=\"robots\" content=\"index, follow, max-snippet:-1, max-image-preview:large, max-video-preview:-1\" \/>\n<link rel=\"canonical\" href=\"https:\/\/blogg.svenskakyrkan.se\/vandravagen\/2014\/02\/24\/dikt-om-ordet-som-ger-liv\/\" \/>\n<meta property=\"og:locale\" content=\"sv_SE\" \/>\n<meta property=\"og:type\" content=\"article\" \/>\n<meta property=\"og:title\" content=\"Dikt om Ordet som ger liv - Vandra V\u00e4gen\" \/>\n<meta property=\"og:description\" content=\"Isoleringen \u00e4r bruten. Den h\u00e4r pojken h\u00f6r ljud f\u00f6r f\u00f6rsta g\u00e5ngen! Det levande Ordet I centrum f\u00f6r mitt andliga livD\u00e4r finns jag Mina tankar, mina bilder Gud \u00e4r en tanke i min hj\u00e4rna M\u00e4rkligt lik mig sj\u00e4lv En gud av halm till min avbild Det \u00e4r bekv\u00e4mt s\u00e5 Men inst\u00e4ngt I mig sj\u00e4lv och mitt [&hellip;]\" \/>\n<meta property=\"og:url\" content=\"https:\/\/blogg.svenskakyrkan.se\/vandravagen\/2014\/02\/24\/dikt-om-ordet-som-ger-liv\/\" \/>\n<meta property=\"og:site_name\" content=\"Vandra V\u00e4gen\" \/>\n<meta property=\"article:publisher\" content=\"http:\/\/facebook.com\/vandravagen\" \/>\n<meta property=\"article:published_time\" content=\"2014-02-24T07:00:00+00:00\" \/>\n<meta property=\"og:image\" content=\"http:\/\/2.bp.blogspot.com\/-6rjg11pWXdY\/UwObGJ24QhI\/AAAAAAAAG-I\/7eQNJchb7gE\/s1600\/IMG_3697.JPG\" \/>\n<meta name=\"author\" content=\"Tomas Jarvid\" \/>\n<meta name=\"twitter:card\" content=\"summary_large_image\" \/>\n<meta name=\"twitter:creator\" content=\"@fadertomas\" \/>\n<meta name=\"twitter:site\" content=\"@fadertomas\" \/>\n<meta name=\"twitter:label1\" content=\"Skriven av\" \/>\n\t<meta name=\"twitter:data1\" content=\"Tomas Jarvid\" \/>\n\t<meta name=\"twitter:label2\" content=\"Ber\u00e4knad l\u00e4stid\" \/>\n\t<meta name=\"twitter:data2\" content=\"1 minut\" \/>\n<script type=\"application\/ld+json\" class=\"yoast-schema-graph\">{\"@context\":\"https:\/\/schema.org\",\"@graph\":[{\"@type\":\"Article\",\"@id\":\"https:\/\/blogg.svenskakyrkan.se\/vandravagen\/2014\/02\/24\/dikt-om-ordet-som-ger-liv\/#article\",\"isPartOf\":{\"@id\":\"https:\/\/blogg.svenskakyrkan.se\/vandravagen\/2014\/02\/24\/dikt-om-ordet-som-ger-liv\/\"},\"author\":{\"name\":\"Tomas Jarvid\",\"@id\":\"https:\/\/blogg.svenskakyrkan.se\/vandravagen\/#\/schema\/person\/25da02d4f76b137d04291711e2c9fc16\"},\"headline\":\"Dikt om Ordet som ger liv\",\"datePublished\":\"2014-02-24T07:00:00+00:00\",\"mainEntityOfPage\":{\"@id\":\"https:\/\/blogg.svenskakyrkan.se\/vandravagen\/2014\/02\/24\/dikt-om-ordet-som-ger-liv\/\"},\"wordCount\":139,\"commentCount\":2,\"publisher\":{\"@id\":\"https:\/\/blogg.svenskakyrkan.se\/vandravagen\/#organization\"},\"image\":{\"@id\":\"https:\/\/blogg.svenskakyrkan.se\/vandravagen\/2014\/02\/24\/dikt-om-ordet-som-ger-liv\/#primaryimage\"},\"thumbnailUrl\":\"http:\/\/2.bp.blogspot.com\/-6rjg11pWXdY\/UwObGJ24QhI\/AAAAAAAAG-I\/7eQNJchb7gE\/s1600\/IMG_3697.JPG\",\"articleSection\":[\"Dagens Kyrka\",\"kyrko\u00e5ret\",\"poesi\"],\"inLanguage\":\"sv-SE\",\"potentialAction\":[{\"@type\":\"CommentAction\",\"name\":\"Comment\",\"target\":[\"https:\/\/blogg.svenskakyrkan.se\/vandravagen\/2014\/02\/24\/dikt-om-ordet-som-ger-liv\/#respond\"]}]},{\"@type\":\"WebPage\",\"@id\":\"https:\/\/blogg.svenskakyrkan.se\/vandravagen\/2014\/02\/24\/dikt-om-ordet-som-ger-liv\/\",\"url\":\"https:\/\/blogg.svenskakyrkan.se\/vandravagen\/2014\/02\/24\/dikt-om-ordet-som-ger-liv\/\",\"name\":\"Dikt om Ordet som ger liv - Vandra V\u00e4gen\",\"isPartOf\":{\"@id\":\"https:\/\/blogg.svenskakyrkan.se\/vandravagen\/#website\"},\"primaryImageOfPage\":{\"@id\":\"https:\/\/blogg.svenskakyrkan.se\/vandravagen\/2014\/02\/24\/dikt-om-ordet-som-ger-liv\/#primaryimage\"},\"image\":{\"@id\":\"https:\/\/blogg.svenskakyrkan.se\/vandravagen\/2014\/02\/24\/dikt-om-ordet-som-ger-liv\/#primaryimage\"},\"thumbnailUrl\":\"http:\/\/2.bp.blogspot.com\/-6rjg11pWXdY\/UwObGJ24QhI\/AAAAAAAAG-I\/7eQNJchb7gE\/s1600\/IMG_3697.JPG\",\"datePublished\":\"2014-02-24T07:00:00+00:00\",\"breadcrumb\":{\"@id\":\"https:\/\/blogg.svenskakyrkan.se\/vandravagen\/2014\/02\/24\/dikt-om-ordet-som-ger-liv\/#breadcrumb\"},\"inLanguage\":\"sv-SE\",\"potentialAction\":[{\"@type\":\"ReadAction\",\"target\":[\"https:\/\/blogg.svenskakyrkan.se\/vandravagen\/2014\/02\/24\/dikt-om-ordet-som-ger-liv\/\"]}]},{\"@type\":\"ImageObject\",\"inLanguage\":\"sv-SE\",\"@id\":\"https:\/\/blogg.svenskakyrkan.se\/vandravagen\/2014\/02\/24\/dikt-om-ordet-som-ger-liv\/#primaryimage\",\"url\":\"http:\/\/2.bp.blogspot.com\/-6rjg11pWXdY\/UwObGJ24QhI\/AAAAAAAAG-I\/7eQNJchb7gE\/s1600\/IMG_3697.JPG\",\"contentUrl\":\"http:\/\/2.bp.blogspot.com\/-6rjg11pWXdY\/UwObGJ24QhI\/AAAAAAAAG-I\/7eQNJchb7gE\/s1600\/IMG_3697.JPG\"},{\"@type\":\"BreadcrumbList\",\"@id\":\"https:\/\/blogg.svenskakyrkan.se\/vandravagen\/2014\/02\/24\/dikt-om-ordet-som-ger-liv\/#breadcrumb\",\"itemListElement\":[{\"@type\":\"ListItem\",\"position\":1,\"name\":\"Hem\",\"item\":\"https:\/\/blogg.svenskakyrkan.se\/vandravagen\/\"},{\"@type\":\"ListItem\",\"position\":2,\"name\":\"Dikt om Ordet som ger liv\"}]},{\"@type\":\"WebSite\",\"@id\":\"https:\/\/blogg.svenskakyrkan.se\/vandravagen\/#website\",\"url\":\"https:\/\/blogg.svenskakyrkan.se\/vandravagen\/\",\"name\":\"Vandra V\u00e4gen\",\"description\":\"-Mot en tro f\u00f6r hela livet\",\"publisher\":{\"@id\":\"https:\/\/blogg.svenskakyrkan.se\/vandravagen\/#organization\"},\"potentialAction\":[{\"@type\":\"SearchAction\",\"target\":{\"@type\":\"EntryPoint\",\"urlTemplate\":\"https:\/\/blogg.svenskakyrkan.se\/vandravagen\/?s={search_term_string}\"},\"query-input\":{\"@type\":\"PropertyValueSpecification\",\"valueRequired\":true,\"valueName\":\"search_term_string\"}}],\"inLanguage\":\"sv-SE\"},{\"@type\":\"Organization\",\"@id\":\"https:\/\/blogg.svenskakyrkan.se\/vandravagen\/#organization\",\"name\":\"ulricehamns pastorat\",\"alternateName\":\"ulricehamns pastorat\",\"url\":\"https:\/\/blogg.svenskakyrkan.se\/vandravagen\/\",\"logo\":{\"@type\":\"ImageObject\",\"inLanguage\":\"sv-SE\",\"@id\":\"https:\/\/blogg.svenskakyrkan.se\/vandravagen\/#\/schema\/logo\/image\/\",\"url\":\"https:\/\/blogg.svenskakyrkan.se\/vandravagen\/files\/2023\/05\/Ulr_logo_RGB.png\",\"contentUrl\":\"https:\/\/blogg.svenskakyrkan.se\/vandravagen\/files\/2023\/05\/Ulr_logo_RGB.png\",\"width\":205,\"height\":77,\"caption\":\"ulricehamns pastorat\"},\"image\":{\"@id\":\"https:\/\/blogg.svenskakyrkan.se\/vandravagen\/#\/schema\/logo\/image\/\"},\"sameAs\":[\"http:\/\/facebook.com\/vandravagen\",\"https:\/\/x.com\/fadertomas\",\"http:\/\/www.facebook.com\/svenskakyrkaniulricehamn\"]},{\"@type\":\"Person\",\"@id\":\"https:\/\/blogg.svenskakyrkan.se\/vandravagen\/#\/schema\/person\/25da02d4f76b137d04291711e2c9fc16\",\"name\":\"Tomas Jarvid\",\"image\":{\"@type\":\"ImageObject\",\"inLanguage\":\"sv-SE\",\"@id\":\"https:\/\/blogg.svenskakyrkan.se\/vandravagen\/#\/schema\/person\/image\/\",\"url\":\"https:\/\/secure.gravatar.com\/avatar\/7fa71899795e8f540f615a1f5ab25255dc27aa40f05ee7ddd21aac521e01bf50?s=96&d=identicon&r=g\",\"contentUrl\":\"https:\/\/secure.gravatar.com\/avatar\/7fa71899795e8f540f615a1f5ab25255dc27aa40f05ee7ddd21aac521e01bf50?s=96&d=identicon&r=g\",\"caption\":\"Tomas Jarvid\"},\"description\":\"Jag bor i Ulricehamn i V\u00e4sterg\u00f6tland och \u00e4r f\u00f6rsamlingspr\u00e4st i Svenska Kyrkan f\u00f6r Dalstorps f\u00f6rsamling i Kinds pastorat. P\u00e5 den h\u00e4r bloggen skriver jag ner tankar om vandringen som kristen.\",\"sameAs\":[\"http:\/\/www.vandravagen.se\"],\"url\":\"https:\/\/blogg.svenskakyrkan.se\/vandravagen\/author\/vandravagen\/\"}]}<\/script>\n<!-- \/ Yoast SEO plugin. -->","yoast_head_json":{"title":"Dikt om Ordet som ger liv - Vandra V\u00e4gen","robots":{"index":"index","follow":"follow","max-snippet":"max-snippet:-1","max-image-preview":"max-image-preview:large","max-video-preview":"max-video-preview:-1"},"canonical":"https:\/\/blogg.svenskakyrkan.se\/vandravagen\/2014\/02\/24\/dikt-om-ordet-som-ger-liv\/","og_locale":"sv_SE","og_type":"article","og_title":"Dikt om Ordet som ger liv - Vandra V\u00e4gen","og_description":"Isoleringen \u00e4r bruten. Den h\u00e4r pojken h\u00f6r ljud f\u00f6r f\u00f6rsta g\u00e5ngen! Det levande Ordet I centrum f\u00f6r mitt andliga livD\u00e4r finns jag Mina tankar, mina bilder Gud \u00e4r en tanke i min hj\u00e4rna M\u00e4rkligt lik mig sj\u00e4lv En gud av halm till min avbild Det \u00e4r bekv\u00e4mt s\u00e5 Men inst\u00e4ngt I mig sj\u00e4lv och mitt [&hellip;]","og_url":"https:\/\/blogg.svenskakyrkan.se\/vandravagen\/2014\/02\/24\/dikt-om-ordet-som-ger-liv\/","og_site_name":"Vandra V\u00e4gen","article_publisher":"http:\/\/facebook.com\/vandravagen","article_published_time":"2014-02-24T07:00:00+00:00","og_image":[{"url":"http:\/\/2.bp.blogspot.com\/-6rjg11pWXdY\/UwObGJ24QhI\/AAAAAAAAG-I\/7eQNJchb7gE\/s1600\/IMG_3697.JPG","type":"","width":"","height":""}],"author":"Tomas Jarvid","twitter_card":"summary_large_image","twitter_creator":"@fadertomas","twitter_site":"@fadertomas","twitter_misc":{"Skriven av":"Tomas Jarvid","Ber\u00e4knad l\u00e4stid":"1 minut"},"schema":{"@context":"https:\/\/schema.org","@graph":[{"@type":"Article","@id":"https:\/\/blogg.svenskakyrkan.se\/vandravagen\/2014\/02\/24\/dikt-om-ordet-som-ger-liv\/#article","isPartOf":{"@id":"https:\/\/blogg.svenskakyrkan.se\/vandravagen\/2014\/02\/24\/dikt-om-ordet-som-ger-liv\/"},"author":{"name":"Tomas Jarvid","@id":"https:\/\/blogg.svenskakyrkan.se\/vandravagen\/#\/schema\/person\/25da02d4f76b137d04291711e2c9fc16"},"headline":"Dikt om Ordet som ger liv","datePublished":"2014-02-24T07:00:00+00:00","mainEntityOfPage":{"@id":"https:\/\/blogg.svenskakyrkan.se\/vandravagen\/2014\/02\/24\/dikt-om-ordet-som-ger-liv\/"},"wordCount":139,"commentCount":2,"publisher":{"@id":"https:\/\/blogg.svenskakyrkan.se\/vandravagen\/#organization"},"image":{"@id":"https:\/\/blogg.svenskakyrkan.se\/vandravagen\/2014\/02\/24\/dikt-om-ordet-som-ger-liv\/#primaryimage"},"thumbnailUrl":"http:\/\/2.bp.blogspot.com\/-6rjg11pWXdY\/UwObGJ24QhI\/AAAAAAAAG-I\/7eQNJchb7gE\/s1600\/IMG_3697.JPG","articleSection":["Dagens Kyrka","kyrko\u00e5ret","poesi"],"inLanguage":"sv-SE","potentialAction":[{"@type":"CommentAction","name":"Comment","target":["https:\/\/blogg.svenskakyrkan.se\/vandravagen\/2014\/02\/24\/dikt-om-ordet-som-ger-liv\/#respond"]}]},{"@type":"WebPage","@id":"https:\/\/blogg.svenskakyrkan.se\/vandravagen\/2014\/02\/24\/dikt-om-ordet-som-ger-liv\/","url":"https:\/\/blogg.svenskakyrkan.se\/vandravagen\/2014\/02\/24\/dikt-om-ordet-som-ger-liv\/","name":"Dikt om Ordet som ger liv - Vandra V\u00e4gen","isPartOf":{"@id":"https:\/\/blogg.svenskakyrkan.se\/vandravagen\/#website"},"primaryImageOfPage":{"@id":"https:\/\/blogg.svenskakyrkan.se\/vandravagen\/2014\/02\/24\/dikt-om-ordet-som-ger-liv\/#primaryimage"},"image":{"@id":"https:\/\/blogg.svenskakyrkan.se\/vandravagen\/2014\/02\/24\/dikt-om-ordet-som-ger-liv\/#primaryimage"},"thumbnailUrl":"http:\/\/2.bp.blogspot.com\/-6rjg11pWXdY\/UwObGJ24QhI\/AAAAAAAAG-I\/7eQNJchb7gE\/s1600\/IMG_3697.JPG","datePublished":"2014-02-24T07:00:00+00:00","breadcrumb":{"@id":"https:\/\/blogg.svenskakyrkan.se\/vandravagen\/2014\/02\/24\/dikt-om-ordet-som-ger-liv\/#breadcrumb"},"inLanguage":"sv-SE","potentialAction":[{"@type":"ReadAction","target":["https:\/\/blogg.svenskakyrkan.se\/vandravagen\/2014\/02\/24\/dikt-om-ordet-som-ger-liv\/"]}]},{"@type":"ImageObject","inLanguage":"sv-SE","@id":"https:\/\/blogg.svenskakyrkan.se\/vandravagen\/2014\/02\/24\/dikt-om-ordet-som-ger-liv\/#primaryimage","url":"http:\/\/2.bp.blogspot.com\/-6rjg11pWXdY\/UwObGJ24QhI\/AAAAAAAAG-I\/7eQNJchb7gE\/s1600\/IMG_3697.JPG","contentUrl":"http:\/\/2.bp.blogspot.com\/-6rjg11pWXdY\/UwObGJ24QhI\/AAAAAAAAG-I\/7eQNJchb7gE\/s1600\/IMG_3697.JPG"},{"@type":"BreadcrumbList","@id":"https:\/\/blogg.svenskakyrkan.se\/vandravagen\/2014\/02\/24\/dikt-om-ordet-som-ger-liv\/#breadcrumb","itemListElement":[{"@type":"ListItem","position":1,"name":"Hem","item":"https:\/\/blogg.svenskakyrkan.se\/vandravagen\/"},{"@type":"ListItem","position":2,"name":"Dikt om Ordet som ger liv"}]},{"@type":"WebSite","@id":"https:\/\/blogg.svenskakyrkan.se\/vandravagen\/#website","url":"https:\/\/blogg.svenskakyrkan.se\/vandravagen\/","name":"Vandra V\u00e4gen","description":"-Mot en tro f\u00f6r hela livet","publisher":{"@id":"https:\/\/blogg.svenskakyrkan.se\/vandravagen\/#organization"},"potentialAction":[{"@type":"SearchAction","target":{"@type":"EntryPoint","urlTemplate":"https:\/\/blogg.svenskakyrkan.se\/vandravagen\/?s={search_term_string}"},"query-input":{"@type":"PropertyValueSpecification","valueRequired":true,"valueName":"search_term_string"}}],"inLanguage":"sv-SE"},{"@type":"Organization","@id":"https:\/\/blogg.svenskakyrkan.se\/vandravagen\/#organization","name":"ulricehamns pastorat","alternateName":"ulricehamns pastorat","url":"https:\/\/blogg.svenskakyrkan.se\/vandravagen\/","logo":{"@type":"ImageObject","inLanguage":"sv-SE","@id":"https:\/\/blogg.svenskakyrkan.se\/vandravagen\/#\/schema\/logo\/image\/","url":"https:\/\/blogg.svenskakyrkan.se\/vandravagen\/files\/2023\/05\/Ulr_logo_RGB.png","contentUrl":"https:\/\/blogg.svenskakyrkan.se\/vandravagen\/files\/2023\/05\/Ulr_logo_RGB.png","width":205,"height":77,"caption":"ulricehamns pastorat"},"image":{"@id":"https:\/\/blogg.svenskakyrkan.se\/vandravagen\/#\/schema\/logo\/image\/"},"sameAs":["http:\/\/facebook.com\/vandravagen","https:\/\/x.com\/fadertomas","http:\/\/www.facebook.com\/svenskakyrkaniulricehamn"]},{"@type":"Person","@id":"https:\/\/blogg.svenskakyrkan.se\/vandravagen\/#\/schema\/person\/25da02d4f76b137d04291711e2c9fc16","name":"Tomas Jarvid","image":{"@type":"ImageObject","inLanguage":"sv-SE","@id":"https:\/\/blogg.svenskakyrkan.se\/vandravagen\/#\/schema\/person\/image\/","url":"https:\/\/secure.gravatar.com\/avatar\/7fa71899795e8f540f615a1f5ab25255dc27aa40f05ee7ddd21aac521e01bf50?s=96&d=identicon&r=g","contentUrl":"https:\/\/secure.gravatar.com\/avatar\/7fa71899795e8f540f615a1f5ab25255dc27aa40f05ee7ddd21aac521e01bf50?s=96&d=identicon&r=g","caption":"Tomas Jarvid"},"description":"Jag bor i Ulricehamn i V\u00e4sterg\u00f6tland och \u00e4r f\u00f6rsamlingspr\u00e4st i Svenska Kyrkan f\u00f6r Dalstorps f\u00f6rsamling i Kinds pastorat. P\u00e5 den h\u00e4r bloggen skriver jag ner tankar om vandringen som kristen.","sameAs":["http:\/\/www.vandravagen.se"],"url":"https:\/\/blogg.svenskakyrkan.se\/vandravagen\/author\/vandravagen\/"}]}},"author_meta":{"ID":"392","user_nicename":"vandravagen","user_url":"http:\/\/www.vandravagen.se","user_registered":"2014-05-19 05:44:52","display_name":"Tomas Jarvid","first_name":"Tomas","last_name":"Jarvid","avatar":"https:\/\/secure.gravatar.com\/avatar\/7fa71899795e8f540f615a1f5ab25255dc27aa40f05ee7ddd21aac521e01bf50?s=96&d=identicon&r=g"},"featured_image":false,"bloginfo":{"name":"Vandra V\u00e4gen","url":"https:\/\/blogg.svenskakyrkan.se\/vandravagen"},"_links":{"self":[{"href":"https:\/\/blogg.svenskakyrkan.se\/vandravagen\/wp-json\/wp\/v2\/posts\/154","targetHints":{"allow":["GET"]}}],"collection":[{"href":"https:\/\/blogg.svenskakyrkan.se\/vandravagen\/wp-json\/wp\/v2\/posts"}],"about":[{"href":"https:\/\/blogg.svenskakyrkan.se\/vandravagen\/wp-json\/wp\/v2\/types\/post"}],"author":[{"embeddable":true,"href":"https:\/\/blogg.svenskakyrkan.se\/vandravagen\/wp-json\/wp\/v2\/users\/392"}],"replies":[{"embeddable":true,"href":"https:\/\/blogg.svenskakyrkan.se\/vandravagen\/wp-json\/wp\/v2\/comments?post=154"}],"version-history":[{"count":0,"href":"https:\/\/blogg.svenskakyrkan.se\/vandravagen\/wp-json\/wp\/v2\/posts\/154\/revisions"}],"wp:attachment":[{"href":"https:\/\/blogg.svenskakyrkan.se\/vandravagen\/wp-json\/wp\/v2\/media?parent=154"}],"wp:term":[{"taxonomy":"category","embeddable":true,"href":"https:\/\/blogg.svenskakyrkan.se\/vandravagen\/wp-json\/wp\/v2\/categories?post=154"},{"taxonomy":"post_tag","embeddable":true,"href":"https:\/\/blogg.svenskakyrkan.se\/vandravagen\/wp-json\/wp\/v2\/tags?post=154"}],"curies":[{"name":"wp","href":"https:\/\/api.w.org\/{rel}","templated":true}]}}