{"id":155,"date":"2014-02-23T09:46:00","date_gmt":"2014-02-23T08:46:00","guid":{"rendered":"http:\/\/blogg.svenskakyrkan.se\/vandravagen\/2014\/02\/23\/den-heliga-anna-fran-husabys-dag\/"},"modified":"2014-02-23T09:46:00","modified_gmt":"2014-02-23T08:46:00","slug":"den-heliga-anna-fran-husabys-dag","status":"publish","type":"post","link":"https:\/\/blogg.svenskakyrkan.se\/vandravagen\/2014\/02\/23\/den-heliga-anna-fran-husabys-dag\/","title":{"rendered":"Den heliga Anna fr\u00e5n Husabys dag"},"content":{"rendered":"<table align=\"center\" cellpadding=\"0\" cellspacing=\"0\">\n<tbody>\n<tr>\n<td><a href=\"http:\/\/3.bp.blogspot.com\/-x_XddZIWrOc\/UvNXlSpu_NI\/AAAAAAAAG3o\/Yjv55QhvQdY\/s1600\/Anna+av+Novgorod.jpg\"><img loading=\"lazy\" decoding=\"async\" border=\"0\" src=\"http:\/\/3.bp.blogspot.com\/-x_XddZIWrOc\/UvNXlSpu_NI\/AAAAAAAAG3o\/Yjv55QhvQdY\/s1600\/Anna+av+Novgorod.jpg\" height=\"640\" width=\"504\"><\/a><\/td>\n<\/tr>\n<tr>\n<td>Ikon i Husaby kyrka. Den heliga Anna av Novgorod\/Ingegerd fr\u00e5n Husaby<\/td>\n<\/tr>\n<\/tbody>\n<\/table>\n<p>Nu den 23e februari infaller helgondagen f\u00f6r v\u00e5rt f\u00f6rsta svenskf\u00f6dda helgon. Inte nog med det, hon har bott h\u00e4r i Husaby d\u00e4r jag sitter och skriver! Det handlar om den i v\u00e5rt land i stort sett bortgl\u00f6mda Anna av Novgorod.<\/p>\n<div><\/div>\n<div>Fr\u00e5n b\u00f6rjan var hennes namn Ingegerd och hon var dotter till Olof Sk\u00f6tkonung. Hon f\u00f6ddes f\u00f6rmodligen omkring \u00e5r 1000 och kanske d\u00f6ptes hon vid samma tillf\u00e4lle som sin far och resten av familjen h\u00e4r i Brigidas k\u00e4lla i Husaby?<\/div>\n<div><\/div>\n<div>Ingegerd fick en friare i den norske kungen Olav Haraldson (sedermera k\u00e4nd som Olav den helige). Ingegerd var med p\u00e5 noterna men hennes pappa v\u00e4grade. Olav var ju en fiende. Ist\u00e4llet lovade han bort Ingegerd till den ryske fursten Jaroslav I (Ingegerds mamma Estrid var slavisk prinsessa). Ingegerd hade visst en hel del skinn p\u00e5 n\u00e4san f\u00f6r hon kr\u00e4vde landskapet Ladoga som personlig egendom vilket hon fick. S\u00e5 blev hon d\u00e5 bortgift.<\/div>\n<div><\/div>\n<div>\n<div>\n<table align=\"center\" cellpadding=\"0\" cellspacing=\"0\">\n<tbody>\n<tr>\n<td><a href=\"http:\/\/upload.wikimedia.org\/wikipedia\/commons\/8\/82\/Golden-gate-2008.jpg\"><img loading=\"lazy\" decoding=\"async\" border=\"0\" src=\"http:\/\/upload.wikimedia.org\/wikipedia\/commons\/8\/82\/Golden-gate-2008.jpg\" height=\"283\" width=\"400\"><\/a><\/td>\n<\/tr>\n<tr>\n<td>Den gyllene porten i Kiev, ett av Jaroslavs projekt<\/td>\n<\/tr>\n<\/tbody>\n<\/table>\n<p>Jaroslav var inblandad i m\u00e5nga maktstrider men stod till slut som segrare i dem. De slog sig ner i Kiev och landet fick under dem en guld\u00e5lder. Ingegerd fick nu hetta Irina, vilket betyder fred. Jaroslav och Irina fick 10 barn ihop och deras sl\u00e4kttr\u00e4d str\u00e4cker sig \u00e4nda ner i v\u00e5ra dagars kungahus.<\/p>\n<div><\/div>\n<table align=\"center\" cellpadding=\"0\" cellspacing=\"0\">\n<tbody>\n<tr>\n<td><a href=\"http:\/\/upload.wikimedia.org\/wikipedia\/commons\/0\/05\/St._Sophia's.jpg\"><img loading=\"lazy\" decoding=\"async\" border=\"0\" src=\"http:\/\/upload.wikimedia.org\/wikipedia\/commons\/0\/05\/St._Sophia's.jpg\" height=\"480\" width=\"640\"><\/a><\/td>\n<\/tr>\n<tr>\n<td>Sofiakatedralen i Kiev<\/td>\n<\/tr>\n<\/tbody>\n<\/table>\n<div><\/div>\n<div>Fursteparet l\u00e4t ocks\u00e5 bygga den enorma Sofiakatedralen i Kiev. Irina \u00e4gnade sig mycket \u00e5t kyrkan och det andliga livet. Mot slutet av sitt liv l\u00e4mnade hon ocks\u00e5 det kungliga livet och gick in under en mycket str\u00e4ng klosterordning och levde sina sista \u00e5r som nunna. Det var d\u00e5 hon fick namnet Anna, hennes tredje namn i livet. Sedan fick hon sin grav bredvid Jaroslav i katedralen.<\/div>\n<div><\/div>\n<div>Anna var den f\u00f6rsta ryska drottningen att g\u00e5 i kloster, dessutom var hon kyrkans beskyddare och bekostade stora byggen. Med tiden fick hon status som helgon. Enligt den gamla kalendern dog hon den 10 februari och \u00f6versatt till v\u00e5r kalender blir det den 23e. Idag allts\u00e5.<\/div>\n<div><\/div>\n<div>Ingegerd \u00e4r ett viktigt helgon i ortodoxa kyrkan, d\u00e4r ses hon som Sveriges skyddshelgon. 2009 fick de svenska ortodoxa f\u00f6rsamlingarna tillg\u00e5ng till reliker av henne som nu flyttar mellan olika platser.<\/div>\n<div><\/div>\n<div>Ortodoxa kyrkan har ocks\u00e5 firat Ingegerd i Husaby och nu finns det en ikon av henne framme i Husaby kyrka. En p\u00e5minnelse om Sveriges f\u00f6rsta helgon.<\/div>\n<\/div>\n<\/div>\n","protected":false},"excerpt":{"rendered":"<p>Ikon i Husaby kyrka. Den heliga Anna av Novgorod\/Ingegerd fr\u00e5n Husaby Nu den 23e februari infaller helgondagen f\u00f6r v\u00e5rt f\u00f6rsta svenskf\u00f6dda helgon. Inte nog med det, hon har bott h\u00e4r i Husaby d\u00e4r jag sitter och skriver! Det handlar om den i v\u00e5rt land i stort sett bortgl\u00f6mda Anna av Novgorod. Fr\u00e5n b\u00f6rjan var hennes [&hellip;]<\/p>\n","protected":false},"author":392,"featured_media":0,"comment_status":"open","ping_status":"open","sticky":false,"template":"","format":"standard","meta":{"_acf_changed":false,"footnotes":""},"categories":[76189,19356,8252],"tags":[],"class_list":["post-155","post","type-post","status-publish","format-standard","hentry","category-dagens-kyrka","category-helgon","category-kyrkoaret"],"acf":[],"yoast_head":"<!-- This site is optimized with the Yoast SEO plugin v27.1.1 - https:\/\/yoast.com\/product\/yoast-seo-wordpress\/ -->\n<title>Den heliga Anna fr\u00e5n Husabys dag - Vandra V\u00e4gen<\/title>\n<meta name=\"robots\" content=\"index, follow, max-snippet:-1, max-image-preview:large, max-video-preview:-1\" \/>\n<link rel=\"canonical\" href=\"https:\/\/blogg.svenskakyrkan.se\/vandravagen\/2014\/02\/23\/den-heliga-anna-fran-husabys-dag\/\" \/>\n<meta property=\"og:locale\" content=\"sv_SE\" \/>\n<meta property=\"og:type\" content=\"article\" \/>\n<meta property=\"og:title\" content=\"Den heliga Anna fr\u00e5n Husabys dag - Vandra V\u00e4gen\" \/>\n<meta property=\"og:description\" content=\"Ikon i Husaby kyrka. Den heliga Anna av Novgorod\/Ingegerd fr\u00e5n Husaby Nu den 23e februari infaller helgondagen f\u00f6r v\u00e5rt f\u00f6rsta svenskf\u00f6dda helgon. Inte nog med det, hon har bott h\u00e4r i Husaby d\u00e4r jag sitter och skriver! Det handlar om den i v\u00e5rt land i stort sett bortgl\u00f6mda Anna av Novgorod. Fr\u00e5n b\u00f6rjan var hennes [&hellip;]\" \/>\n<meta property=\"og:url\" content=\"https:\/\/blogg.svenskakyrkan.se\/vandravagen\/2014\/02\/23\/den-heliga-anna-fran-husabys-dag\/\" \/>\n<meta property=\"og:site_name\" content=\"Vandra V\u00e4gen\" \/>\n<meta property=\"article:publisher\" content=\"http:\/\/facebook.com\/vandravagen\" \/>\n<meta property=\"article:published_time\" content=\"2014-02-23T08:46:00+00:00\" \/>\n<meta property=\"og:image\" content=\"http:\/\/3.bp.blogspot.com\/-x_XddZIWrOc\/UvNXlSpu_NI\/AAAAAAAAG3o\/Yjv55QhvQdY\/s1600\/Anna+av+Novgorod.jpg\" \/>\n<meta name=\"author\" content=\"Tomas Jarvid\" \/>\n<meta name=\"twitter:card\" content=\"summary_large_image\" \/>\n<meta name=\"twitter:creator\" content=\"@fadertomas\" \/>\n<meta name=\"twitter:site\" content=\"@fadertomas\" \/>\n<meta name=\"twitter:label1\" content=\"Skriven av\" \/>\n\t<meta name=\"twitter:data1\" content=\"Tomas Jarvid\" \/>\n\t<meta name=\"twitter:label2\" content=\"Ber\u00e4knad l\u00e4stid\" \/>\n\t<meta name=\"twitter:data2\" content=\"2 minuter\" \/>\n<script type=\"application\/ld+json\" class=\"yoast-schema-graph\">{\"@context\":\"https:\/\/schema.org\",\"@graph\":[{\"@type\":\"Article\",\"@id\":\"https:\/\/blogg.svenskakyrkan.se\/vandravagen\/2014\/02\/23\/den-heliga-anna-fran-husabys-dag\/#article\",\"isPartOf\":{\"@id\":\"https:\/\/blogg.svenskakyrkan.se\/vandravagen\/2014\/02\/23\/den-heliga-anna-fran-husabys-dag\/\"},\"author\":{\"name\":\"Tomas Jarvid\",\"@id\":\"https:\/\/blogg.svenskakyrkan.se\/vandravagen\/#\/schema\/person\/25da02d4f76b137d04291711e2c9fc16\"},\"headline\":\"Den heliga Anna fr\u00e5n Husabys dag\",\"datePublished\":\"2014-02-23T08:46:00+00:00\",\"mainEntityOfPage\":{\"@id\":\"https:\/\/blogg.svenskakyrkan.se\/vandravagen\/2014\/02\/23\/den-heliga-anna-fran-husabys-dag\/\"},\"wordCount\":440,\"commentCount\":5,\"publisher\":{\"@id\":\"https:\/\/blogg.svenskakyrkan.se\/vandravagen\/#organization\"},\"image\":{\"@id\":\"https:\/\/blogg.svenskakyrkan.se\/vandravagen\/2014\/02\/23\/den-heliga-anna-fran-husabys-dag\/#primaryimage\"},\"thumbnailUrl\":\"http:\/\/3.bp.blogspot.com\/-x_XddZIWrOc\/UvNXlSpu_NI\/AAAAAAAAG3o\/Yjv55QhvQdY\/s1600\/Anna+av+Novgorod.jpg\",\"articleSection\":[\"Dagens Kyrka\",\"helgon\",\"kyrko\u00e5ret\"],\"inLanguage\":\"sv-SE\",\"potentialAction\":[{\"@type\":\"CommentAction\",\"name\":\"Comment\",\"target\":[\"https:\/\/blogg.svenskakyrkan.se\/vandravagen\/2014\/02\/23\/den-heliga-anna-fran-husabys-dag\/#respond\"]}]},{\"@type\":\"WebPage\",\"@id\":\"https:\/\/blogg.svenskakyrkan.se\/vandravagen\/2014\/02\/23\/den-heliga-anna-fran-husabys-dag\/\",\"url\":\"https:\/\/blogg.svenskakyrkan.se\/vandravagen\/2014\/02\/23\/den-heliga-anna-fran-husabys-dag\/\",\"name\":\"Den heliga Anna fr\u00e5n Husabys dag - Vandra V\u00e4gen\",\"isPartOf\":{\"@id\":\"https:\/\/blogg.svenskakyrkan.se\/vandravagen\/#website\"},\"primaryImageOfPage\":{\"@id\":\"https:\/\/blogg.svenskakyrkan.se\/vandravagen\/2014\/02\/23\/den-heliga-anna-fran-husabys-dag\/#primaryimage\"},\"image\":{\"@id\":\"https:\/\/blogg.svenskakyrkan.se\/vandravagen\/2014\/02\/23\/den-heliga-anna-fran-husabys-dag\/#primaryimage\"},\"thumbnailUrl\":\"http:\/\/3.bp.blogspot.com\/-x_XddZIWrOc\/UvNXlSpu_NI\/AAAAAAAAG3o\/Yjv55QhvQdY\/s1600\/Anna+av+Novgorod.jpg\",\"datePublished\":\"2014-02-23T08:46:00+00:00\",\"breadcrumb\":{\"@id\":\"https:\/\/blogg.svenskakyrkan.se\/vandravagen\/2014\/02\/23\/den-heliga-anna-fran-husabys-dag\/#breadcrumb\"},\"inLanguage\":\"sv-SE\",\"potentialAction\":[{\"@type\":\"ReadAction\",\"target\":[\"https:\/\/blogg.svenskakyrkan.se\/vandravagen\/2014\/02\/23\/den-heliga-anna-fran-husabys-dag\/\"]}]},{\"@type\":\"ImageObject\",\"inLanguage\":\"sv-SE\",\"@id\":\"https:\/\/blogg.svenskakyrkan.se\/vandravagen\/2014\/02\/23\/den-heliga-anna-fran-husabys-dag\/#primaryimage\",\"url\":\"http:\/\/3.bp.blogspot.com\/-x_XddZIWrOc\/UvNXlSpu_NI\/AAAAAAAAG3o\/Yjv55QhvQdY\/s1600\/Anna+av+Novgorod.jpg\",\"contentUrl\":\"http:\/\/3.bp.blogspot.com\/-x_XddZIWrOc\/UvNXlSpu_NI\/AAAAAAAAG3o\/Yjv55QhvQdY\/s1600\/Anna+av+Novgorod.jpg\"},{\"@type\":\"BreadcrumbList\",\"@id\":\"https:\/\/blogg.svenskakyrkan.se\/vandravagen\/2014\/02\/23\/den-heliga-anna-fran-husabys-dag\/#breadcrumb\",\"itemListElement\":[{\"@type\":\"ListItem\",\"position\":1,\"name\":\"Hem\",\"item\":\"https:\/\/blogg.svenskakyrkan.se\/vandravagen\/\"},{\"@type\":\"ListItem\",\"position\":2,\"name\":\"Den heliga Anna fr\u00e5n Husabys dag\"}]},{\"@type\":\"WebSite\",\"@id\":\"https:\/\/blogg.svenskakyrkan.se\/vandravagen\/#website\",\"url\":\"https:\/\/blogg.svenskakyrkan.se\/vandravagen\/\",\"name\":\"Vandra V\u00e4gen\",\"description\":\"-Mot en tro f\u00f6r hela livet\",\"publisher\":{\"@id\":\"https:\/\/blogg.svenskakyrkan.se\/vandravagen\/#organization\"},\"potentialAction\":[{\"@type\":\"SearchAction\",\"target\":{\"@type\":\"EntryPoint\",\"urlTemplate\":\"https:\/\/blogg.svenskakyrkan.se\/vandravagen\/?s={search_term_string}\"},\"query-input\":{\"@type\":\"PropertyValueSpecification\",\"valueRequired\":true,\"valueName\":\"search_term_string\"}}],\"inLanguage\":\"sv-SE\"},{\"@type\":\"Organization\",\"@id\":\"https:\/\/blogg.svenskakyrkan.se\/vandravagen\/#organization\",\"name\":\"ulricehamns pastorat\",\"alternateName\":\"ulricehamns pastorat\",\"url\":\"https:\/\/blogg.svenskakyrkan.se\/vandravagen\/\",\"logo\":{\"@type\":\"ImageObject\",\"inLanguage\":\"sv-SE\",\"@id\":\"https:\/\/blogg.svenskakyrkan.se\/vandravagen\/#\/schema\/logo\/image\/\",\"url\":\"https:\/\/blogg.svenskakyrkan.se\/vandravagen\/files\/2023\/05\/Ulr_logo_RGB.png\",\"contentUrl\":\"https:\/\/blogg.svenskakyrkan.se\/vandravagen\/files\/2023\/05\/Ulr_logo_RGB.png\",\"width\":205,\"height\":77,\"caption\":\"ulricehamns pastorat\"},\"image\":{\"@id\":\"https:\/\/blogg.svenskakyrkan.se\/vandravagen\/#\/schema\/logo\/image\/\"},\"sameAs\":[\"http:\/\/facebook.com\/vandravagen\",\"https:\/\/x.com\/fadertomas\",\"http:\/\/www.facebook.com\/svenskakyrkaniulricehamn\"]},{\"@type\":\"Person\",\"@id\":\"https:\/\/blogg.svenskakyrkan.se\/vandravagen\/#\/schema\/person\/25da02d4f76b137d04291711e2c9fc16\",\"name\":\"Tomas Jarvid\",\"image\":{\"@type\":\"ImageObject\",\"inLanguage\":\"sv-SE\",\"@id\":\"https:\/\/blogg.svenskakyrkan.se\/vandravagen\/#\/schema\/person\/image\/\",\"url\":\"https:\/\/secure.gravatar.com\/avatar\/7fa71899795e8f540f615a1f5ab25255dc27aa40f05ee7ddd21aac521e01bf50?s=96&d=identicon&r=g\",\"contentUrl\":\"https:\/\/secure.gravatar.com\/avatar\/7fa71899795e8f540f615a1f5ab25255dc27aa40f05ee7ddd21aac521e01bf50?s=96&d=identicon&r=g\",\"caption\":\"Tomas Jarvid\"},\"description\":\"Jag bor i Ulricehamn i V\u00e4sterg\u00f6tland och \u00e4r f\u00f6rsamlingspr\u00e4st i Svenska Kyrkan f\u00f6r Dalstorps f\u00f6rsamling i Kinds pastorat. P\u00e5 den h\u00e4r bloggen skriver jag ner tankar om vandringen som kristen.\",\"sameAs\":[\"http:\/\/www.vandravagen.se\"],\"url\":\"https:\/\/blogg.svenskakyrkan.se\/vandravagen\/author\/vandravagen\/\"}]}<\/script>\n<!-- \/ Yoast SEO plugin. -->","yoast_head_json":{"title":"Den heliga Anna fr\u00e5n Husabys dag - Vandra V\u00e4gen","robots":{"index":"index","follow":"follow","max-snippet":"max-snippet:-1","max-image-preview":"max-image-preview:large","max-video-preview":"max-video-preview:-1"},"canonical":"https:\/\/blogg.svenskakyrkan.se\/vandravagen\/2014\/02\/23\/den-heliga-anna-fran-husabys-dag\/","og_locale":"sv_SE","og_type":"article","og_title":"Den heliga Anna fr\u00e5n Husabys dag - Vandra V\u00e4gen","og_description":"Ikon i Husaby kyrka. Den heliga Anna av Novgorod\/Ingegerd fr\u00e5n Husaby Nu den 23e februari infaller helgondagen f\u00f6r v\u00e5rt f\u00f6rsta svenskf\u00f6dda helgon. Inte nog med det, hon har bott h\u00e4r i Husaby d\u00e4r jag sitter och skriver! Det handlar om den i v\u00e5rt land i stort sett bortgl\u00f6mda Anna av Novgorod. Fr\u00e5n b\u00f6rjan var hennes [&hellip;]","og_url":"https:\/\/blogg.svenskakyrkan.se\/vandravagen\/2014\/02\/23\/den-heliga-anna-fran-husabys-dag\/","og_site_name":"Vandra V\u00e4gen","article_publisher":"http:\/\/facebook.com\/vandravagen","article_published_time":"2014-02-23T08:46:00+00:00","og_image":[{"url":"http:\/\/3.bp.blogspot.com\/-x_XddZIWrOc\/UvNXlSpu_NI\/AAAAAAAAG3o\/Yjv55QhvQdY\/s1600\/Anna+av+Novgorod.jpg","type":"","width":"","height":""}],"author":"Tomas Jarvid","twitter_card":"summary_large_image","twitter_creator":"@fadertomas","twitter_site":"@fadertomas","twitter_misc":{"Skriven av":"Tomas Jarvid","Ber\u00e4knad l\u00e4stid":"2 minuter"},"schema":{"@context":"https:\/\/schema.org","@graph":[{"@type":"Article","@id":"https:\/\/blogg.svenskakyrkan.se\/vandravagen\/2014\/02\/23\/den-heliga-anna-fran-husabys-dag\/#article","isPartOf":{"@id":"https:\/\/blogg.svenskakyrkan.se\/vandravagen\/2014\/02\/23\/den-heliga-anna-fran-husabys-dag\/"},"author":{"name":"Tomas Jarvid","@id":"https:\/\/blogg.svenskakyrkan.se\/vandravagen\/#\/schema\/person\/25da02d4f76b137d04291711e2c9fc16"},"headline":"Den heliga Anna fr\u00e5n Husabys dag","datePublished":"2014-02-23T08:46:00+00:00","mainEntityOfPage":{"@id":"https:\/\/blogg.svenskakyrkan.se\/vandravagen\/2014\/02\/23\/den-heliga-anna-fran-husabys-dag\/"},"wordCount":440,"commentCount":5,"publisher":{"@id":"https:\/\/blogg.svenskakyrkan.se\/vandravagen\/#organization"},"image":{"@id":"https:\/\/blogg.svenskakyrkan.se\/vandravagen\/2014\/02\/23\/den-heliga-anna-fran-husabys-dag\/#primaryimage"},"thumbnailUrl":"http:\/\/3.bp.blogspot.com\/-x_XddZIWrOc\/UvNXlSpu_NI\/AAAAAAAAG3o\/Yjv55QhvQdY\/s1600\/Anna+av+Novgorod.jpg","articleSection":["Dagens Kyrka","helgon","kyrko\u00e5ret"],"inLanguage":"sv-SE","potentialAction":[{"@type":"CommentAction","name":"Comment","target":["https:\/\/blogg.svenskakyrkan.se\/vandravagen\/2014\/02\/23\/den-heliga-anna-fran-husabys-dag\/#respond"]}]},{"@type":"WebPage","@id":"https:\/\/blogg.svenskakyrkan.se\/vandravagen\/2014\/02\/23\/den-heliga-anna-fran-husabys-dag\/","url":"https:\/\/blogg.svenskakyrkan.se\/vandravagen\/2014\/02\/23\/den-heliga-anna-fran-husabys-dag\/","name":"Den heliga Anna fr\u00e5n Husabys dag - Vandra V\u00e4gen","isPartOf":{"@id":"https:\/\/blogg.svenskakyrkan.se\/vandravagen\/#website"},"primaryImageOfPage":{"@id":"https:\/\/blogg.svenskakyrkan.se\/vandravagen\/2014\/02\/23\/den-heliga-anna-fran-husabys-dag\/#primaryimage"},"image":{"@id":"https:\/\/blogg.svenskakyrkan.se\/vandravagen\/2014\/02\/23\/den-heliga-anna-fran-husabys-dag\/#primaryimage"},"thumbnailUrl":"http:\/\/3.bp.blogspot.com\/-x_XddZIWrOc\/UvNXlSpu_NI\/AAAAAAAAG3o\/Yjv55QhvQdY\/s1600\/Anna+av+Novgorod.jpg","datePublished":"2014-02-23T08:46:00+00:00","breadcrumb":{"@id":"https:\/\/blogg.svenskakyrkan.se\/vandravagen\/2014\/02\/23\/den-heliga-anna-fran-husabys-dag\/#breadcrumb"},"inLanguage":"sv-SE","potentialAction":[{"@type":"ReadAction","target":["https:\/\/blogg.svenskakyrkan.se\/vandravagen\/2014\/02\/23\/den-heliga-anna-fran-husabys-dag\/"]}]},{"@type":"ImageObject","inLanguage":"sv-SE","@id":"https:\/\/blogg.svenskakyrkan.se\/vandravagen\/2014\/02\/23\/den-heliga-anna-fran-husabys-dag\/#primaryimage","url":"http:\/\/3.bp.blogspot.com\/-x_XddZIWrOc\/UvNXlSpu_NI\/AAAAAAAAG3o\/Yjv55QhvQdY\/s1600\/Anna+av+Novgorod.jpg","contentUrl":"http:\/\/3.bp.blogspot.com\/-x_XddZIWrOc\/UvNXlSpu_NI\/AAAAAAAAG3o\/Yjv55QhvQdY\/s1600\/Anna+av+Novgorod.jpg"},{"@type":"BreadcrumbList","@id":"https:\/\/blogg.svenskakyrkan.se\/vandravagen\/2014\/02\/23\/den-heliga-anna-fran-husabys-dag\/#breadcrumb","itemListElement":[{"@type":"ListItem","position":1,"name":"Hem","item":"https:\/\/blogg.svenskakyrkan.se\/vandravagen\/"},{"@type":"ListItem","position":2,"name":"Den heliga Anna fr\u00e5n Husabys dag"}]},{"@type":"WebSite","@id":"https:\/\/blogg.svenskakyrkan.se\/vandravagen\/#website","url":"https:\/\/blogg.svenskakyrkan.se\/vandravagen\/","name":"Vandra V\u00e4gen","description":"-Mot en tro f\u00f6r hela livet","publisher":{"@id":"https:\/\/blogg.svenskakyrkan.se\/vandravagen\/#organization"},"potentialAction":[{"@type":"SearchAction","target":{"@type":"EntryPoint","urlTemplate":"https:\/\/blogg.svenskakyrkan.se\/vandravagen\/?s={search_term_string}"},"query-input":{"@type":"PropertyValueSpecification","valueRequired":true,"valueName":"search_term_string"}}],"inLanguage":"sv-SE"},{"@type":"Organization","@id":"https:\/\/blogg.svenskakyrkan.se\/vandravagen\/#organization","name":"ulricehamns pastorat","alternateName":"ulricehamns pastorat","url":"https:\/\/blogg.svenskakyrkan.se\/vandravagen\/","logo":{"@type":"ImageObject","inLanguage":"sv-SE","@id":"https:\/\/blogg.svenskakyrkan.se\/vandravagen\/#\/schema\/logo\/image\/","url":"https:\/\/blogg.svenskakyrkan.se\/vandravagen\/files\/2023\/05\/Ulr_logo_RGB.png","contentUrl":"https:\/\/blogg.svenskakyrkan.se\/vandravagen\/files\/2023\/05\/Ulr_logo_RGB.png","width":205,"height":77,"caption":"ulricehamns pastorat"},"image":{"@id":"https:\/\/blogg.svenskakyrkan.se\/vandravagen\/#\/schema\/logo\/image\/"},"sameAs":["http:\/\/facebook.com\/vandravagen","https:\/\/x.com\/fadertomas","http:\/\/www.facebook.com\/svenskakyrkaniulricehamn"]},{"@type":"Person","@id":"https:\/\/blogg.svenskakyrkan.se\/vandravagen\/#\/schema\/person\/25da02d4f76b137d04291711e2c9fc16","name":"Tomas Jarvid","image":{"@type":"ImageObject","inLanguage":"sv-SE","@id":"https:\/\/blogg.svenskakyrkan.se\/vandravagen\/#\/schema\/person\/image\/","url":"https:\/\/secure.gravatar.com\/avatar\/7fa71899795e8f540f615a1f5ab25255dc27aa40f05ee7ddd21aac521e01bf50?s=96&d=identicon&r=g","contentUrl":"https:\/\/secure.gravatar.com\/avatar\/7fa71899795e8f540f615a1f5ab25255dc27aa40f05ee7ddd21aac521e01bf50?s=96&d=identicon&r=g","caption":"Tomas Jarvid"},"description":"Jag bor i Ulricehamn i V\u00e4sterg\u00f6tland och \u00e4r f\u00f6rsamlingspr\u00e4st i Svenska Kyrkan f\u00f6r Dalstorps f\u00f6rsamling i Kinds pastorat. P\u00e5 den h\u00e4r bloggen skriver jag ner tankar om vandringen som kristen.","sameAs":["http:\/\/www.vandravagen.se"],"url":"https:\/\/blogg.svenskakyrkan.se\/vandravagen\/author\/vandravagen\/"}]}},"author_meta":{"ID":"392","user_nicename":"vandravagen","user_url":"http:\/\/www.vandravagen.se","user_registered":"2014-05-19 05:44:52","display_name":"Tomas Jarvid","first_name":"Tomas","last_name":"Jarvid","avatar":"https:\/\/secure.gravatar.com\/avatar\/7fa71899795e8f540f615a1f5ab25255dc27aa40f05ee7ddd21aac521e01bf50?s=96&d=identicon&r=g"},"featured_image":false,"bloginfo":{"name":"Vandra V\u00e4gen","url":"https:\/\/blogg.svenskakyrkan.se\/vandravagen"},"_links":{"self":[{"href":"https:\/\/blogg.svenskakyrkan.se\/vandravagen\/wp-json\/wp\/v2\/posts\/155","targetHints":{"allow":["GET"]}}],"collection":[{"href":"https:\/\/blogg.svenskakyrkan.se\/vandravagen\/wp-json\/wp\/v2\/posts"}],"about":[{"href":"https:\/\/blogg.svenskakyrkan.se\/vandravagen\/wp-json\/wp\/v2\/types\/post"}],"author":[{"embeddable":true,"href":"https:\/\/blogg.svenskakyrkan.se\/vandravagen\/wp-json\/wp\/v2\/users\/392"}],"replies":[{"embeddable":true,"href":"https:\/\/blogg.svenskakyrkan.se\/vandravagen\/wp-json\/wp\/v2\/comments?post=155"}],"version-history":[{"count":0,"href":"https:\/\/blogg.svenskakyrkan.se\/vandravagen\/wp-json\/wp\/v2\/posts\/155\/revisions"}],"wp:attachment":[{"href":"https:\/\/blogg.svenskakyrkan.se\/vandravagen\/wp-json\/wp\/v2\/media?parent=155"}],"wp:term":[{"taxonomy":"category","embeddable":true,"href":"https:\/\/blogg.svenskakyrkan.se\/vandravagen\/wp-json\/wp\/v2\/categories?post=155"},{"taxonomy":"post_tag","embeddable":true,"href":"https:\/\/blogg.svenskakyrkan.se\/vandravagen\/wp-json\/wp\/v2\/tags?post=155"}],"curies":[{"name":"wp","href":"https:\/\/api.w.org\/{rel}","templated":true}]}}