{"id":1555,"date":"2014-07-17T08:09:46","date_gmt":"2014-07-17T06:09:46","guid":{"rendered":"http:\/\/blogg.svenskakyrkan.se\/vandravagen\/?p=1555"},"modified":"2014-07-17T08:09:46","modified_gmt":"2014-07-17T06:09:46","slug":"en-utstallning-och-nagra-bocker","status":"publish","type":"post","link":"https:\/\/blogg.svenskakyrkan.se\/vandravagen\/2014\/07\/17\/en-utstallning-och-nagra-bocker\/","title":{"rendered":"En utst\u00e4llning och n\u00e5gra b\u00f6cker"},"content":{"rendered":"<div id=\"attachment_1556\" style=\"width: 650px\" class=\"wp-caption aligncenter\"><a href=\"http:\/\/blogg.svenskakyrkan.se\/vandravagen\/files\/2014\/07\/DSC_0427.jpg\"><img loading=\"lazy\" decoding=\"async\" aria-describedby=\"caption-attachment-1556\" class=\"size-full wp-image-1556\" alt=\"Vy \u00f6ver domkyrkan fr\u00e5n museet. Eller egentligen fr\u00e5n lekplatsen.\" src=\"http:\/\/blogg.svenskakyrkan.se\/vandravagen\/files\/2014\/07\/DSC_0427.jpg\" width=\"640\" height=\"426\" srcset=\"https:\/\/blogg.svenskakyrkan.se\/vandravagen\/files\/2014\/07\/DSC_0427.jpg 640w, https:\/\/blogg.svenskakyrkan.se\/vandravagen\/files\/2014\/07\/DSC_0427-300x199.jpg 300w, https:\/\/blogg.svenskakyrkan.se\/vandravagen\/files\/2014\/07\/DSC_0427-450x300.jpg 450w\" sizes=\"auto, (max-width: 640px) 100vw, 640px\" \/><\/a><p id=\"caption-attachment-1556\" class=\"wp-caption-text\">Vy \u00f6ver domkyrkan fr\u00e5n museet. Eller egentligen fr\u00e5n lekplatsen.<\/p><\/div>\n<p>Ig\u00e5r var jag i grannstaden Skara. D\u00e4r finns en bra lekplats. D\u00e4r finns ocks\u00e5 ett l\u00e4nsmuseum med gratis intr\u00e4de d\u00e4r de nu har en <strong>utst\u00e4llning i Skara stift 1000 \u00e5r<\/strong> (jag hoppas vi kan ses n\u00e4r det \u00e4r jubileumsfirande i slutet av augusti? Kul tillf\u00e4lle att ses i verkligheten!)<\/p>\n<p>Jag s\u00e5g nu bara halva utst\u00e4llningen, f\u00f6rmodligen den mindre intressanta delen, om de senaste 500 \u00e5ren. Den trogne l\u00e4saren vet att jag \u00e4r svagare f\u00f6r medeltida kyrkoliv egentligen men dit var det sv\u00e5rt att komma ner med dubbelbarnvagn. Jag f\u00e5r \u00e5terkomma helt enkelt. Jag var ocks\u00e5 os\u00e4ker p\u00e5 om man fick fotografera s\u00e5 jag har inte gjort det, kanske kan jag \u00e5terkomma med foton ocks\u00e5.<\/p>\n<p>Jag vill i alla fall rekommendera utst\u00e4llningen. Den var inte j\u00e4ttestor men den bestod av olika historiska f\u00f6rem\u00e5l. Bland annat var det f\u00f6rsta g\u00e5ngen jag s\u00e5g <strong>skaramissalet<\/strong>, en liten samling <strong>psalmodikon<\/strong> och annat sm\u00e5tt och gott. N\u00e4sta g\u00e5ng blir det reliker och grejer, det ser jag fram emot att se. En reflektion \u00e4r att det l\u00e4tt blir mycket b\u00f6cker man visar upp n\u00e4r man visar upp kyrkliga f\u00f6rem\u00e5l fr\u00e5n de senare \u00e5rhundradena. Jag tycker ju om s\u00e5na men det k\u00e4nns \u00e4nd\u00e5 lite tr\u00e5kigt att det \u00e4r s\u00e5.<\/p>\n<div id=\"attachment_1557\" style=\"width: 650px\" class=\"wp-caption aligncenter\"><a href=\"http:\/\/blogg.svenskakyrkan.se\/vandravagen\/files\/2014\/07\/DSC_0439.jpg\"><img loading=\"lazy\" decoding=\"async\" aria-describedby=\"caption-attachment-1557\" class=\"size-full wp-image-1557\" alt=\"Fina b\u00f6cker n\u00e4stan gratis.\" src=\"http:\/\/blogg.svenskakyrkan.se\/vandravagen\/files\/2014\/07\/DSC_0439.jpg\" width=\"640\" height=\"426\" srcset=\"https:\/\/blogg.svenskakyrkan.se\/vandravagen\/files\/2014\/07\/DSC_0439.jpg 640w, https:\/\/blogg.svenskakyrkan.se\/vandravagen\/files\/2014\/07\/DSC_0439-300x199.jpg 300w, https:\/\/blogg.svenskakyrkan.se\/vandravagen\/files\/2014\/07\/DSC_0439-450x300.jpg 450w\" sizes=\"auto, (max-width: 640px) 100vw, 640px\" \/><\/a><p id=\"caption-attachment-1557\" class=\"wp-caption-text\">Fina b\u00f6cker n\u00e4stan gratis.<\/p><\/div>\n<p>Sedan var vi inne i Skara bibliotek. Det \u00e4r fantastiskt med bibliotek och Skara verkar ha ett fint. D\u00e4r hade de gallrat ut b\u00f6cker och d\u00e4r hittade jag flera b\u00f6cker jag verkligen inte tycker de borde gjort sig av med.<\/p>\n<p>D\u00e4r var f\u00f6rst och fr\u00e4mst den helt otroliga boken &#8221;<a href=\"http:\/\/blogg.svenskakyrkan.se\/vandravagen\/2013\/03\/14\/vaga-ta-plats-i-ditt-barns-liv-sager-gordon-neufeld\/\">v\u00e5ga ta plats i ditt barns liv<\/a>&#8221; av Gordon Neufeld och Gabor Mate som jag skrivit en dr\u00f6s bloggposter utifr\u00e5n (bland annat <a href=\"http:\/\/blogg.svenskakyrkan.se\/vandravagen\/2013\/04\/05\/7-principer-for-barnuppfostran-enligt-gordon-neufeld\/\">7 principer f\u00f6r barnuppfostran enligt Gordon Neufeld<\/a>). Den \u00e4r jag f\u00f6rst\u00e5s glad att ha f\u00e5tt tag i men det hade varit b\u00e4ttre om den var tillg\u00e4nglig f\u00f6r fler.<\/p>\n<p>Dessutom hittade jag &#8221;verktyg f\u00f6r varaktig k\u00e4rlek&#8221;, en riktigt bra bok om relationer utifr\u00e5n ett stort forskningsmaterial. Boken anv\u00e4nds i relationsfriskv\u00e5rdskursen PREP.<\/p>\n<p>Jag hittade ocks\u00e5 en forts\u00e4ttning p\u00e5 &#8221;k\u00e4rlekens fem spr\u00e5k&#8221; (l<a href=\"http:\/\/blogg.svenskakyrkan.se\/vandravagen\/2014\/05\/23\/fem-karlekssprak-och-en-karlekstank\/\">\u00e4s h\u00e4r om fem k\u00e4rleksspr\u00e5k och en k\u00e4rlekstank<\/a>), n\u00e4mligen &#8221;f\u00f6rl\u00e5telsens fem spr\u00e5k&#8221;. Den \u00e4ger vi ocks\u00e5 redan i hemmet men den verkar bra.<\/p>\n<p>Jag vet inte riktigt vad jag ska g\u00f6ra med verktyg f\u00f6r varaktig k\u00e4rlek och f\u00f6rl\u00e5telsens fem spr\u00e5k. Jag kan g\u00e4rna ge n\u00e5gon av dem till dig mot att du l\u00e4gger en slant extra i kollekten. H\u00f6r av dig om du \u00e4r intresserad.<\/p>\n<p>Forts\u00e4ttning f\u00f6ljer n\u00e4r jag lyckats se andra halvan av utst\u00e4llningen.<\/p>\n<p>&nbsp;<\/p>\n","protected":false},"excerpt":{"rendered":"<p>Ig\u00e5r var jag i grannstaden Skara. D\u00e4r finns en bra lekplats. D\u00e4r finns ocks\u00e5 ett l\u00e4nsmuseum med gratis intr\u00e4de d\u00e4r de nu har en utst\u00e4llning i Skara stift 1000 \u00e5r (jag hoppas vi kan ses n\u00e4r det \u00e4r jubileumsfirande i slutet av augusti? Kul tillf\u00e4lle att ses i verkligheten!) Jag s\u00e5g nu bara halva utst\u00e4llningen, [&hellip;]<\/p>\n","protected":false},"author":392,"featured_media":0,"comment_status":"open","ping_status":"open","sticky":false,"template":"","format":"standard","meta":{"_acf_changed":false,"footnotes":""},"categories":[8253,76189,8337],"tags":[],"class_list":["post-1555","post","type-post","status-publish","format-standard","hentry","category-bocker","category-dagens-kyrka","category-historia"],"acf":[],"yoast_head":"<!-- This site is optimized with the Yoast SEO plugin v27.1.1 - https:\/\/yoast.com\/product\/yoast-seo-wordpress\/ -->\n<title>En utst\u00e4llning och n\u00e5gra b\u00f6cker - Vandra V\u00e4gen<\/title>\n<meta name=\"robots\" content=\"index, follow, max-snippet:-1, max-image-preview:large, max-video-preview:-1\" \/>\n<link rel=\"canonical\" href=\"https:\/\/blogg.svenskakyrkan.se\/vandravagen\/2014\/07\/17\/en-utstallning-och-nagra-bocker\/\" \/>\n<meta property=\"og:locale\" content=\"sv_SE\" \/>\n<meta property=\"og:type\" content=\"article\" \/>\n<meta property=\"og:title\" content=\"En utst\u00e4llning och n\u00e5gra b\u00f6cker - Vandra V\u00e4gen\" \/>\n<meta property=\"og:description\" content=\"Ig\u00e5r var jag i grannstaden Skara. D\u00e4r finns en bra lekplats. D\u00e4r finns ocks\u00e5 ett l\u00e4nsmuseum med gratis intr\u00e4de d\u00e4r de nu har en utst\u00e4llning i Skara stift 1000 \u00e5r (jag hoppas vi kan ses n\u00e4r det \u00e4r jubileumsfirande i slutet av augusti? Kul tillf\u00e4lle att ses i verkligheten!) Jag s\u00e5g nu bara halva utst\u00e4llningen, [&hellip;]\" \/>\n<meta property=\"og:url\" content=\"https:\/\/blogg.svenskakyrkan.se\/vandravagen\/2014\/07\/17\/en-utstallning-och-nagra-bocker\/\" \/>\n<meta property=\"og:site_name\" content=\"Vandra V\u00e4gen\" \/>\n<meta property=\"article:publisher\" content=\"http:\/\/facebook.com\/vandravagen\" \/>\n<meta property=\"article:published_time\" content=\"2014-07-17T06:09:46+00:00\" \/>\n<meta property=\"og:image\" content=\"http:\/\/blogg.svenskakyrkan.se\/vandravagen\/files\/2014\/07\/DSC_0427.jpg\" \/>\n<meta name=\"author\" content=\"Tomas Jarvid\" \/>\n<meta name=\"twitter:card\" content=\"summary_large_image\" \/>\n<meta name=\"twitter:creator\" content=\"@fadertomas\" \/>\n<meta name=\"twitter:site\" content=\"@fadertomas\" \/>\n<meta name=\"twitter:label1\" content=\"Skriven av\" \/>\n\t<meta name=\"twitter:data1\" content=\"Tomas Jarvid\" \/>\n\t<meta name=\"twitter:label2\" content=\"Ber\u00e4knad l\u00e4stid\" \/>\n\t<meta name=\"twitter:data2\" content=\"3 minuter\" \/>\n<script type=\"application\/ld+json\" class=\"yoast-schema-graph\">{\"@context\":\"https:\/\/schema.org\",\"@graph\":[{\"@type\":\"Article\",\"@id\":\"https:\/\/blogg.svenskakyrkan.se\/vandravagen\/2014\/07\/17\/en-utstallning-och-nagra-bocker\/#article\",\"isPartOf\":{\"@id\":\"https:\/\/blogg.svenskakyrkan.se\/vandravagen\/2014\/07\/17\/en-utstallning-och-nagra-bocker\/\"},\"author\":{\"name\":\"Tomas Jarvid\",\"@id\":\"https:\/\/blogg.svenskakyrkan.se\/vandravagen\/#\/schema\/person\/25da02d4f76b137d04291711e2c9fc16\"},\"headline\":\"En utst\u00e4llning och n\u00e5gra b\u00f6cker\",\"datePublished\":\"2014-07-17T06:09:46+00:00\",\"mainEntityOfPage\":{\"@id\":\"https:\/\/blogg.svenskakyrkan.se\/vandravagen\/2014\/07\/17\/en-utstallning-och-nagra-bocker\/\"},\"wordCount\":527,\"commentCount\":0,\"publisher\":{\"@id\":\"https:\/\/blogg.svenskakyrkan.se\/vandravagen\/#organization\"},\"image\":{\"@id\":\"https:\/\/blogg.svenskakyrkan.se\/vandravagen\/2014\/07\/17\/en-utstallning-och-nagra-bocker\/#primaryimage\"},\"thumbnailUrl\":\"http:\/\/blogg.svenskakyrkan.se\/vandravagen\/files\/2014\/07\/DSC_0427.jpg\",\"articleSection\":[\"b\u00f6cker\",\"Dagens Kyrka\",\"historia\"],\"inLanguage\":\"sv-SE\",\"potentialAction\":[{\"@type\":\"CommentAction\",\"name\":\"Comment\",\"target\":[\"https:\/\/blogg.svenskakyrkan.se\/vandravagen\/2014\/07\/17\/en-utstallning-och-nagra-bocker\/#respond\"]}]},{\"@type\":\"WebPage\",\"@id\":\"https:\/\/blogg.svenskakyrkan.se\/vandravagen\/2014\/07\/17\/en-utstallning-och-nagra-bocker\/\",\"url\":\"https:\/\/blogg.svenskakyrkan.se\/vandravagen\/2014\/07\/17\/en-utstallning-och-nagra-bocker\/\",\"name\":\"En utst\u00e4llning och n\u00e5gra b\u00f6cker - Vandra V\u00e4gen\",\"isPartOf\":{\"@id\":\"https:\/\/blogg.svenskakyrkan.se\/vandravagen\/#website\"},\"primaryImageOfPage\":{\"@id\":\"https:\/\/blogg.svenskakyrkan.se\/vandravagen\/2014\/07\/17\/en-utstallning-och-nagra-bocker\/#primaryimage\"},\"image\":{\"@id\":\"https:\/\/blogg.svenskakyrkan.se\/vandravagen\/2014\/07\/17\/en-utstallning-och-nagra-bocker\/#primaryimage\"},\"thumbnailUrl\":\"http:\/\/blogg.svenskakyrkan.se\/vandravagen\/files\/2014\/07\/DSC_0427.jpg\",\"datePublished\":\"2014-07-17T06:09:46+00:00\",\"breadcrumb\":{\"@id\":\"https:\/\/blogg.svenskakyrkan.se\/vandravagen\/2014\/07\/17\/en-utstallning-och-nagra-bocker\/#breadcrumb\"},\"inLanguage\":\"sv-SE\",\"potentialAction\":[{\"@type\":\"ReadAction\",\"target\":[\"https:\/\/blogg.svenskakyrkan.se\/vandravagen\/2014\/07\/17\/en-utstallning-och-nagra-bocker\/\"]}]},{\"@type\":\"ImageObject\",\"inLanguage\":\"sv-SE\",\"@id\":\"https:\/\/blogg.svenskakyrkan.se\/vandravagen\/2014\/07\/17\/en-utstallning-och-nagra-bocker\/#primaryimage\",\"url\":\"http:\/\/blogg.svenskakyrkan.se\/vandravagen\/files\/2014\/07\/DSC_0427.jpg\",\"contentUrl\":\"http:\/\/blogg.svenskakyrkan.se\/vandravagen\/files\/2014\/07\/DSC_0427.jpg\"},{\"@type\":\"BreadcrumbList\",\"@id\":\"https:\/\/blogg.svenskakyrkan.se\/vandravagen\/2014\/07\/17\/en-utstallning-och-nagra-bocker\/#breadcrumb\",\"itemListElement\":[{\"@type\":\"ListItem\",\"position\":1,\"name\":\"Hem\",\"item\":\"https:\/\/blogg.svenskakyrkan.se\/vandravagen\/\"},{\"@type\":\"ListItem\",\"position\":2,\"name\":\"En utst\u00e4llning och n\u00e5gra b\u00f6cker\"}]},{\"@type\":\"WebSite\",\"@id\":\"https:\/\/blogg.svenskakyrkan.se\/vandravagen\/#website\",\"url\":\"https:\/\/blogg.svenskakyrkan.se\/vandravagen\/\",\"name\":\"Vandra V\u00e4gen\",\"description\":\"-Mot en tro f\u00f6r hela livet\",\"publisher\":{\"@id\":\"https:\/\/blogg.svenskakyrkan.se\/vandravagen\/#organization\"},\"potentialAction\":[{\"@type\":\"SearchAction\",\"target\":{\"@type\":\"EntryPoint\",\"urlTemplate\":\"https:\/\/blogg.svenskakyrkan.se\/vandravagen\/?s={search_term_string}\"},\"query-input\":{\"@type\":\"PropertyValueSpecification\",\"valueRequired\":true,\"valueName\":\"search_term_string\"}}],\"inLanguage\":\"sv-SE\"},{\"@type\":\"Organization\",\"@id\":\"https:\/\/blogg.svenskakyrkan.se\/vandravagen\/#organization\",\"name\":\"ulricehamns pastorat\",\"alternateName\":\"ulricehamns pastorat\",\"url\":\"https:\/\/blogg.svenskakyrkan.se\/vandravagen\/\",\"logo\":{\"@type\":\"ImageObject\",\"inLanguage\":\"sv-SE\",\"@id\":\"https:\/\/blogg.svenskakyrkan.se\/vandravagen\/#\/schema\/logo\/image\/\",\"url\":\"https:\/\/blogg.svenskakyrkan.se\/vandravagen\/files\/2023\/05\/Ulr_logo_RGB.png\",\"contentUrl\":\"https:\/\/blogg.svenskakyrkan.se\/vandravagen\/files\/2023\/05\/Ulr_logo_RGB.png\",\"width\":205,\"height\":77,\"caption\":\"ulricehamns pastorat\"},\"image\":{\"@id\":\"https:\/\/blogg.svenskakyrkan.se\/vandravagen\/#\/schema\/logo\/image\/\"},\"sameAs\":[\"http:\/\/facebook.com\/vandravagen\",\"https:\/\/x.com\/fadertomas\",\"http:\/\/www.facebook.com\/svenskakyrkaniulricehamn\"]},{\"@type\":\"Person\",\"@id\":\"https:\/\/blogg.svenskakyrkan.se\/vandravagen\/#\/schema\/person\/25da02d4f76b137d04291711e2c9fc16\",\"name\":\"Tomas Jarvid\",\"image\":{\"@type\":\"ImageObject\",\"inLanguage\":\"sv-SE\",\"@id\":\"https:\/\/blogg.svenskakyrkan.se\/vandravagen\/#\/schema\/person\/image\/\",\"url\":\"https:\/\/secure.gravatar.com\/avatar\/7fa71899795e8f540f615a1f5ab25255dc27aa40f05ee7ddd21aac521e01bf50?s=96&d=identicon&r=g\",\"contentUrl\":\"https:\/\/secure.gravatar.com\/avatar\/7fa71899795e8f540f615a1f5ab25255dc27aa40f05ee7ddd21aac521e01bf50?s=96&d=identicon&r=g\",\"caption\":\"Tomas Jarvid\"},\"description\":\"Jag bor i Ulricehamn i V\u00e4sterg\u00f6tland och \u00e4r f\u00f6rsamlingspr\u00e4st i Svenska Kyrkan f\u00f6r Dalstorps f\u00f6rsamling i Kinds pastorat. P\u00e5 den h\u00e4r bloggen skriver jag ner tankar om vandringen som kristen.\",\"sameAs\":[\"http:\/\/www.vandravagen.se\"],\"url\":\"https:\/\/blogg.svenskakyrkan.se\/vandravagen\/author\/vandravagen\/\"}]}<\/script>\n<!-- \/ Yoast SEO plugin. -->","yoast_head_json":{"title":"En utst\u00e4llning och n\u00e5gra b\u00f6cker - Vandra V\u00e4gen","robots":{"index":"index","follow":"follow","max-snippet":"max-snippet:-1","max-image-preview":"max-image-preview:large","max-video-preview":"max-video-preview:-1"},"canonical":"https:\/\/blogg.svenskakyrkan.se\/vandravagen\/2014\/07\/17\/en-utstallning-och-nagra-bocker\/","og_locale":"sv_SE","og_type":"article","og_title":"En utst\u00e4llning och n\u00e5gra b\u00f6cker - Vandra V\u00e4gen","og_description":"Ig\u00e5r var jag i grannstaden Skara. D\u00e4r finns en bra lekplats. D\u00e4r finns ocks\u00e5 ett l\u00e4nsmuseum med gratis intr\u00e4de d\u00e4r de nu har en utst\u00e4llning i Skara stift 1000 \u00e5r (jag hoppas vi kan ses n\u00e4r det \u00e4r jubileumsfirande i slutet av augusti? Kul tillf\u00e4lle att ses i verkligheten!) Jag s\u00e5g nu bara halva utst\u00e4llningen, [&hellip;]","og_url":"https:\/\/blogg.svenskakyrkan.se\/vandravagen\/2014\/07\/17\/en-utstallning-och-nagra-bocker\/","og_site_name":"Vandra V\u00e4gen","article_publisher":"http:\/\/facebook.com\/vandravagen","article_published_time":"2014-07-17T06:09:46+00:00","og_image":[{"url":"http:\/\/blogg.svenskakyrkan.se\/vandravagen\/files\/2014\/07\/DSC_0427.jpg","type":"","width":"","height":""}],"author":"Tomas Jarvid","twitter_card":"summary_large_image","twitter_creator":"@fadertomas","twitter_site":"@fadertomas","twitter_misc":{"Skriven av":"Tomas Jarvid","Ber\u00e4knad l\u00e4stid":"3 minuter"},"schema":{"@context":"https:\/\/schema.org","@graph":[{"@type":"Article","@id":"https:\/\/blogg.svenskakyrkan.se\/vandravagen\/2014\/07\/17\/en-utstallning-och-nagra-bocker\/#article","isPartOf":{"@id":"https:\/\/blogg.svenskakyrkan.se\/vandravagen\/2014\/07\/17\/en-utstallning-och-nagra-bocker\/"},"author":{"name":"Tomas Jarvid","@id":"https:\/\/blogg.svenskakyrkan.se\/vandravagen\/#\/schema\/person\/25da02d4f76b137d04291711e2c9fc16"},"headline":"En utst\u00e4llning och n\u00e5gra b\u00f6cker","datePublished":"2014-07-17T06:09:46+00:00","mainEntityOfPage":{"@id":"https:\/\/blogg.svenskakyrkan.se\/vandravagen\/2014\/07\/17\/en-utstallning-och-nagra-bocker\/"},"wordCount":527,"commentCount":0,"publisher":{"@id":"https:\/\/blogg.svenskakyrkan.se\/vandravagen\/#organization"},"image":{"@id":"https:\/\/blogg.svenskakyrkan.se\/vandravagen\/2014\/07\/17\/en-utstallning-och-nagra-bocker\/#primaryimage"},"thumbnailUrl":"http:\/\/blogg.svenskakyrkan.se\/vandravagen\/files\/2014\/07\/DSC_0427.jpg","articleSection":["b\u00f6cker","Dagens Kyrka","historia"],"inLanguage":"sv-SE","potentialAction":[{"@type":"CommentAction","name":"Comment","target":["https:\/\/blogg.svenskakyrkan.se\/vandravagen\/2014\/07\/17\/en-utstallning-och-nagra-bocker\/#respond"]}]},{"@type":"WebPage","@id":"https:\/\/blogg.svenskakyrkan.se\/vandravagen\/2014\/07\/17\/en-utstallning-och-nagra-bocker\/","url":"https:\/\/blogg.svenskakyrkan.se\/vandravagen\/2014\/07\/17\/en-utstallning-och-nagra-bocker\/","name":"En utst\u00e4llning och n\u00e5gra b\u00f6cker - Vandra V\u00e4gen","isPartOf":{"@id":"https:\/\/blogg.svenskakyrkan.se\/vandravagen\/#website"},"primaryImageOfPage":{"@id":"https:\/\/blogg.svenskakyrkan.se\/vandravagen\/2014\/07\/17\/en-utstallning-och-nagra-bocker\/#primaryimage"},"image":{"@id":"https:\/\/blogg.svenskakyrkan.se\/vandravagen\/2014\/07\/17\/en-utstallning-och-nagra-bocker\/#primaryimage"},"thumbnailUrl":"http:\/\/blogg.svenskakyrkan.se\/vandravagen\/files\/2014\/07\/DSC_0427.jpg","datePublished":"2014-07-17T06:09:46+00:00","breadcrumb":{"@id":"https:\/\/blogg.svenskakyrkan.se\/vandravagen\/2014\/07\/17\/en-utstallning-och-nagra-bocker\/#breadcrumb"},"inLanguage":"sv-SE","potentialAction":[{"@type":"ReadAction","target":["https:\/\/blogg.svenskakyrkan.se\/vandravagen\/2014\/07\/17\/en-utstallning-och-nagra-bocker\/"]}]},{"@type":"ImageObject","inLanguage":"sv-SE","@id":"https:\/\/blogg.svenskakyrkan.se\/vandravagen\/2014\/07\/17\/en-utstallning-och-nagra-bocker\/#primaryimage","url":"http:\/\/blogg.svenskakyrkan.se\/vandravagen\/files\/2014\/07\/DSC_0427.jpg","contentUrl":"http:\/\/blogg.svenskakyrkan.se\/vandravagen\/files\/2014\/07\/DSC_0427.jpg"},{"@type":"BreadcrumbList","@id":"https:\/\/blogg.svenskakyrkan.se\/vandravagen\/2014\/07\/17\/en-utstallning-och-nagra-bocker\/#breadcrumb","itemListElement":[{"@type":"ListItem","position":1,"name":"Hem","item":"https:\/\/blogg.svenskakyrkan.se\/vandravagen\/"},{"@type":"ListItem","position":2,"name":"En utst\u00e4llning och n\u00e5gra b\u00f6cker"}]},{"@type":"WebSite","@id":"https:\/\/blogg.svenskakyrkan.se\/vandravagen\/#website","url":"https:\/\/blogg.svenskakyrkan.se\/vandravagen\/","name":"Vandra V\u00e4gen","description":"-Mot en tro f\u00f6r hela livet","publisher":{"@id":"https:\/\/blogg.svenskakyrkan.se\/vandravagen\/#organization"},"potentialAction":[{"@type":"SearchAction","target":{"@type":"EntryPoint","urlTemplate":"https:\/\/blogg.svenskakyrkan.se\/vandravagen\/?s={search_term_string}"},"query-input":{"@type":"PropertyValueSpecification","valueRequired":true,"valueName":"search_term_string"}}],"inLanguage":"sv-SE"},{"@type":"Organization","@id":"https:\/\/blogg.svenskakyrkan.se\/vandravagen\/#organization","name":"ulricehamns pastorat","alternateName":"ulricehamns pastorat","url":"https:\/\/blogg.svenskakyrkan.se\/vandravagen\/","logo":{"@type":"ImageObject","inLanguage":"sv-SE","@id":"https:\/\/blogg.svenskakyrkan.se\/vandravagen\/#\/schema\/logo\/image\/","url":"https:\/\/blogg.svenskakyrkan.se\/vandravagen\/files\/2023\/05\/Ulr_logo_RGB.png","contentUrl":"https:\/\/blogg.svenskakyrkan.se\/vandravagen\/files\/2023\/05\/Ulr_logo_RGB.png","width":205,"height":77,"caption":"ulricehamns pastorat"},"image":{"@id":"https:\/\/blogg.svenskakyrkan.se\/vandravagen\/#\/schema\/logo\/image\/"},"sameAs":["http:\/\/facebook.com\/vandravagen","https:\/\/x.com\/fadertomas","http:\/\/www.facebook.com\/svenskakyrkaniulricehamn"]},{"@type":"Person","@id":"https:\/\/blogg.svenskakyrkan.se\/vandravagen\/#\/schema\/person\/25da02d4f76b137d04291711e2c9fc16","name":"Tomas Jarvid","image":{"@type":"ImageObject","inLanguage":"sv-SE","@id":"https:\/\/blogg.svenskakyrkan.se\/vandravagen\/#\/schema\/person\/image\/","url":"https:\/\/secure.gravatar.com\/avatar\/7fa71899795e8f540f615a1f5ab25255dc27aa40f05ee7ddd21aac521e01bf50?s=96&d=identicon&r=g","contentUrl":"https:\/\/secure.gravatar.com\/avatar\/7fa71899795e8f540f615a1f5ab25255dc27aa40f05ee7ddd21aac521e01bf50?s=96&d=identicon&r=g","caption":"Tomas Jarvid"},"description":"Jag bor i Ulricehamn i V\u00e4sterg\u00f6tland och \u00e4r f\u00f6rsamlingspr\u00e4st i Svenska Kyrkan f\u00f6r Dalstorps f\u00f6rsamling i Kinds pastorat. P\u00e5 den h\u00e4r bloggen skriver jag ner tankar om vandringen som kristen.","sameAs":["http:\/\/www.vandravagen.se"],"url":"https:\/\/blogg.svenskakyrkan.se\/vandravagen\/author\/vandravagen\/"}]}},"author_meta":{"ID":"392","user_nicename":"vandravagen","user_url":"http:\/\/www.vandravagen.se","user_registered":"2014-05-19 05:44:52","display_name":"Tomas Jarvid","first_name":"Tomas","last_name":"Jarvid","avatar":"https:\/\/secure.gravatar.com\/avatar\/7fa71899795e8f540f615a1f5ab25255dc27aa40f05ee7ddd21aac521e01bf50?s=96&d=identicon&r=g"},"featured_image":false,"bloginfo":{"name":"Vandra V\u00e4gen","url":"https:\/\/blogg.svenskakyrkan.se\/vandravagen"},"_links":{"self":[{"href":"https:\/\/blogg.svenskakyrkan.se\/vandravagen\/wp-json\/wp\/v2\/posts\/1555","targetHints":{"allow":["GET"]}}],"collection":[{"href":"https:\/\/blogg.svenskakyrkan.se\/vandravagen\/wp-json\/wp\/v2\/posts"}],"about":[{"href":"https:\/\/blogg.svenskakyrkan.se\/vandravagen\/wp-json\/wp\/v2\/types\/post"}],"author":[{"embeddable":true,"href":"https:\/\/blogg.svenskakyrkan.se\/vandravagen\/wp-json\/wp\/v2\/users\/392"}],"replies":[{"embeddable":true,"href":"https:\/\/blogg.svenskakyrkan.se\/vandravagen\/wp-json\/wp\/v2\/comments?post=1555"}],"version-history":[{"count":1,"href":"https:\/\/blogg.svenskakyrkan.se\/vandravagen\/wp-json\/wp\/v2\/posts\/1555\/revisions"}],"predecessor-version":[{"id":1558,"href":"https:\/\/blogg.svenskakyrkan.se\/vandravagen\/wp-json\/wp\/v2\/posts\/1555\/revisions\/1558"}],"wp:attachment":[{"href":"https:\/\/blogg.svenskakyrkan.se\/vandravagen\/wp-json\/wp\/v2\/media?parent=1555"}],"wp:term":[{"taxonomy":"category","embeddable":true,"href":"https:\/\/blogg.svenskakyrkan.se\/vandravagen\/wp-json\/wp\/v2\/categories?post=1555"},{"taxonomy":"post_tag","embeddable":true,"href":"https:\/\/blogg.svenskakyrkan.se\/vandravagen\/wp-json\/wp\/v2\/tags?post=1555"}],"curies":[{"name":"wp","href":"https:\/\/api.w.org\/{rel}","templated":true}]}}