{"id":160,"date":"2014-02-19T09:27:00","date_gmt":"2014-02-19T08:27:00","guid":{"rendered":"http:\/\/blogg.svenskakyrkan.se\/vandravagen\/2014\/02\/19\/att-lasa-bibeln-utifran-tillit\/"},"modified":"2014-02-19T09:27:00","modified_gmt":"2014-02-19T08:27:00","slug":"att-lasa-bibeln-utifran-tillit","status":"publish","type":"post","link":"https:\/\/blogg.svenskakyrkan.se\/vandravagen\/2014\/02\/19\/att-lasa-bibeln-utifran-tillit\/","title":{"rendered":"Att l\u00e4sa Bibeln utifr\u00e5n tillit"},"content":{"rendered":"<table align=\"center\" cellpadding=\"0\" cellspacing=\"0\">\n<tbody>\n<tr>\n<td><a href=\"http:\/\/1.bp.blogspot.com\/-N8z8CfGKcp0\/UwMOnWZpL5I\/AAAAAAAAG94\/QyGCE50zhiY\/s1600\/IMG_3106.JPG\"><img loading=\"lazy\" decoding=\"async\" border=\"0\" src=\"http:\/\/1.bp.blogspot.com\/-N8z8CfGKcp0\/UwMOnWZpL5I\/AAAAAAAAG94\/QyGCE50zhiY\/s1600\/IMG_3106.JPG\" height=\"640\" width=\"459\"><\/a><\/td>\n<\/tr>\n<tr>\n<td>Trygg i Jesu armar?<\/td>\n<\/tr>\n<\/tbody>\n<\/table>\n<p>Jag kom att t\u00e4nka p\u00e5 ett akademiskt uttryck &#8221;tillitens hermeneutik&#8221; (hermeneutik \u00e4r vetenskapen om att tolka r\u00e4tt kan man s\u00e4ga). Efter lite googling verkar det inte som att det betyder riktigt vad jag trodde s\u00e5 vi kan egentligen strunta i sj\u00e4lva uttrycket. Det har \u00e4nd\u00e5 p\u00e5mint mig om n\u00e5got jag insett mer och mer i fr\u00e5ga om hur vi l\u00e4ser bibeln.<\/p>\n<p>Som student l\u00e4ste jag vid ett tillf\u00e4lle en tjock bok av Carl-Olof Rosenius, en teolog fr\u00e5n 1800-talet. I den stod det om Adam och Eva och det vi kallar &#8221;syndafallet&#8221;. Efter att ha \u00e4tit av den f\u00f6rbjudna frukten g\u00f6mde de sig f\u00f6r Gud (ganska sv\u00e5rt att lyckas med det va?) f\u00f6r att inte beh\u00f6va st\u00e5 f\u00f6r det de gjorde. S\u00e5 n\u00e4r Gud kom vandrande i aftonsvalkan (som Konungen i Mio min Mio t\u00e4nker jag mig) s\u00e5 ropade han p\u00e5 Adam och Eva.<\/p>\n<p>Jag hade dittills alltid t\u00e4nkt mig att Gud ropade p\u00e5 dem f\u00f6r att sk\u00e4lla ut dem men Rosenius skrev n\u00e5got annat. Han skrev att Gud var orolig f\u00f6r Adam och Eva eftersom de var r\u00e4dda nu n\u00e4r deras tillvaro f\u00f6r\u00e4ndrats genom det de gjort. Gud kom f\u00f6r att tr\u00f6sta dem. Det v\u00e5gade inte Adam och Eva tro och tydligen misstrodde jag Gud p\u00e5 samma s\u00e4tt? Vi misstror Gud f\u00f6r v\u00e5ra synders skull. Men Gud vill oss alltid v\u00e4l. Gud vill alltid hj\u00e4lpa oss p\u00e5 r\u00e4tt v\u00e4g igen \u00e4ven om det inneb\u00e4r sm\u00e4rta b\u00e5de f\u00f6r Gud och oss.<\/p>\n<p>Att Gud \u00e4r god och vill oss v\u00e4l har vi ofta sv\u00e5rt att ta till oss men vill vi ha garanti f\u00f6r det ska vi v\u00e4nda blicken mot Jesu kors. Jesus g\u00e5r hellre i d\u00f6den \u00e4n mister oss.<\/p>\n<p>Sedan har jag f\u00e5tt g\u00f6ra en s\u00e5dan &#8221;tankev\u00e4nda&#8221; som Rosenius hj\u00e4lpte mig med fler g\u00e5nger i samband med andra bibeltexter. Jag m\u00e4rkte att jag ofta l\u00e4ser Bibeln utifr\u00e5n utg\u00e5ngspunkten att man inte riktigt vet var man har Gud.<\/p>\n<p>Om nu det d\u00e4r med tillitens hermeneutik betyder n\u00e5got annat kan jag kanske kalla detta f\u00f6r att l\u00e4sa Bibeln utifr\u00e5n tillit eller n\u00e5got s\u00e5dant. D\u00e5 menar jag inte fr\u00e4mst tillit till att texten \u00e4r l\u00e4tt att begripa alla g\u00e5nger utan tillit p\u00e5 ett annat s\u00e4tt. Att vi missf\u00f6rst\u00e5r allt om vi missf\u00f6rst\u00e5r Guds inst\u00e4llning till oss. Gud vill oss v\u00e4l och \u00e4r god. S\u00e5 enkla ord men de \u00e4ndrar allt.<\/p><\/p>\n","protected":false},"excerpt":{"rendered":"<p>Trygg i Jesu armar? Jag kom att t\u00e4nka p\u00e5 ett akademiskt uttryck &#8221;tillitens hermeneutik&#8221; (hermeneutik \u00e4r vetenskapen om att tolka r\u00e4tt kan man s\u00e4ga). Efter lite googling verkar det inte som att det betyder riktigt vad jag trodde s\u00e5 vi kan egentligen strunta i sj\u00e4lva uttrycket. Det har \u00e4nd\u00e5 p\u00e5mint mig om n\u00e5got jag insett [&hellip;]<\/p>\n","protected":false},"author":392,"featured_media":0,"comment_status":"open","ping_status":"open","sticky":false,"template":"","format":"standard","meta":{"_acf_changed":false,"footnotes":""},"categories":[8298,76189,117],"tags":[],"class_list":["post-160","post","type-post","status-publish","format-standard","hentry","category-bibeln","category-dagens-kyrka","category-teologi"],"acf":[],"yoast_head":"<!-- This site is optimized with the Yoast SEO plugin v27.1.1 - https:\/\/yoast.com\/product\/yoast-seo-wordpress\/ -->\n<title>Att l\u00e4sa Bibeln utifr\u00e5n tillit - Vandra V\u00e4gen<\/title>\n<meta name=\"robots\" content=\"index, follow, max-snippet:-1, max-image-preview:large, max-video-preview:-1\" \/>\n<link rel=\"canonical\" href=\"https:\/\/blogg.svenskakyrkan.se\/vandravagen\/2014\/02\/19\/att-lasa-bibeln-utifran-tillit\/\" \/>\n<meta property=\"og:locale\" content=\"sv_SE\" \/>\n<meta property=\"og:type\" content=\"article\" \/>\n<meta property=\"og:title\" content=\"Att l\u00e4sa Bibeln utifr\u00e5n tillit - Vandra V\u00e4gen\" \/>\n<meta property=\"og:description\" content=\"Trygg i Jesu armar? Jag kom att t\u00e4nka p\u00e5 ett akademiskt uttryck &#8221;tillitens hermeneutik&#8221; (hermeneutik \u00e4r vetenskapen om att tolka r\u00e4tt kan man s\u00e4ga). Efter lite googling verkar det inte som att det betyder riktigt vad jag trodde s\u00e5 vi kan egentligen strunta i sj\u00e4lva uttrycket. Det har \u00e4nd\u00e5 p\u00e5mint mig om n\u00e5got jag insett [&hellip;]\" \/>\n<meta property=\"og:url\" content=\"https:\/\/blogg.svenskakyrkan.se\/vandravagen\/2014\/02\/19\/att-lasa-bibeln-utifran-tillit\/\" \/>\n<meta property=\"og:site_name\" content=\"Vandra V\u00e4gen\" \/>\n<meta property=\"article:publisher\" content=\"http:\/\/facebook.com\/vandravagen\" \/>\n<meta property=\"article:published_time\" content=\"2014-02-19T08:27:00+00:00\" \/>\n<meta property=\"og:image\" content=\"http:\/\/1.bp.blogspot.com\/-N8z8CfGKcp0\/UwMOnWZpL5I\/AAAAAAAAG94\/QyGCE50zhiY\/s1600\/IMG_3106.JPG\" \/>\n<meta name=\"author\" content=\"Tomas Jarvid\" \/>\n<meta name=\"twitter:card\" content=\"summary_large_image\" \/>\n<meta name=\"twitter:creator\" content=\"@fadertomas\" \/>\n<meta name=\"twitter:site\" content=\"@fadertomas\" \/>\n<meta name=\"twitter:label1\" content=\"Skriven av\" \/>\n\t<meta name=\"twitter:data1\" content=\"Tomas Jarvid\" \/>\n\t<meta name=\"twitter:label2\" content=\"Ber\u00e4knad l\u00e4stid\" \/>\n\t<meta name=\"twitter:data2\" content=\"2 minuter\" \/>\n<script type=\"application\/ld+json\" class=\"yoast-schema-graph\">{\"@context\":\"https:\/\/schema.org\",\"@graph\":[{\"@type\":\"Article\",\"@id\":\"https:\/\/blogg.svenskakyrkan.se\/vandravagen\/2014\/02\/19\/att-lasa-bibeln-utifran-tillit\/#article\",\"isPartOf\":{\"@id\":\"https:\/\/blogg.svenskakyrkan.se\/vandravagen\/2014\/02\/19\/att-lasa-bibeln-utifran-tillit\/\"},\"author\":{\"name\":\"Tomas Jarvid\",\"@id\":\"https:\/\/blogg.svenskakyrkan.se\/vandravagen\/#\/schema\/person\/25da02d4f76b137d04291711e2c9fc16\"},\"headline\":\"Att l\u00e4sa Bibeln utifr\u00e5n tillit\",\"datePublished\":\"2014-02-19T08:27:00+00:00\",\"mainEntityOfPage\":{\"@id\":\"https:\/\/blogg.svenskakyrkan.se\/vandravagen\/2014\/02\/19\/att-lasa-bibeln-utifran-tillit\/\"},\"wordCount\":473,\"commentCount\":9,\"publisher\":{\"@id\":\"https:\/\/blogg.svenskakyrkan.se\/vandravagen\/#organization\"},\"image\":{\"@id\":\"https:\/\/blogg.svenskakyrkan.se\/vandravagen\/2014\/02\/19\/att-lasa-bibeln-utifran-tillit\/#primaryimage\"},\"thumbnailUrl\":\"http:\/\/1.bp.blogspot.com\/-N8z8CfGKcp0\/UwMOnWZpL5I\/AAAAAAAAG94\/QyGCE50zhiY\/s1600\/IMG_3106.JPG\",\"articleSection\":[\"Bibeln\",\"Dagens Kyrka\",\"Teologi\"],\"inLanguage\":\"sv-SE\",\"potentialAction\":[{\"@type\":\"CommentAction\",\"name\":\"Comment\",\"target\":[\"https:\/\/blogg.svenskakyrkan.se\/vandravagen\/2014\/02\/19\/att-lasa-bibeln-utifran-tillit\/#respond\"]}]},{\"@type\":\"WebPage\",\"@id\":\"https:\/\/blogg.svenskakyrkan.se\/vandravagen\/2014\/02\/19\/att-lasa-bibeln-utifran-tillit\/\",\"url\":\"https:\/\/blogg.svenskakyrkan.se\/vandravagen\/2014\/02\/19\/att-lasa-bibeln-utifran-tillit\/\",\"name\":\"Att l\u00e4sa Bibeln utifr\u00e5n tillit - Vandra V\u00e4gen\",\"isPartOf\":{\"@id\":\"https:\/\/blogg.svenskakyrkan.se\/vandravagen\/#website\"},\"primaryImageOfPage\":{\"@id\":\"https:\/\/blogg.svenskakyrkan.se\/vandravagen\/2014\/02\/19\/att-lasa-bibeln-utifran-tillit\/#primaryimage\"},\"image\":{\"@id\":\"https:\/\/blogg.svenskakyrkan.se\/vandravagen\/2014\/02\/19\/att-lasa-bibeln-utifran-tillit\/#primaryimage\"},\"thumbnailUrl\":\"http:\/\/1.bp.blogspot.com\/-N8z8CfGKcp0\/UwMOnWZpL5I\/AAAAAAAAG94\/QyGCE50zhiY\/s1600\/IMG_3106.JPG\",\"datePublished\":\"2014-02-19T08:27:00+00:00\",\"breadcrumb\":{\"@id\":\"https:\/\/blogg.svenskakyrkan.se\/vandravagen\/2014\/02\/19\/att-lasa-bibeln-utifran-tillit\/#breadcrumb\"},\"inLanguage\":\"sv-SE\",\"potentialAction\":[{\"@type\":\"ReadAction\",\"target\":[\"https:\/\/blogg.svenskakyrkan.se\/vandravagen\/2014\/02\/19\/att-lasa-bibeln-utifran-tillit\/\"]}]},{\"@type\":\"ImageObject\",\"inLanguage\":\"sv-SE\",\"@id\":\"https:\/\/blogg.svenskakyrkan.se\/vandravagen\/2014\/02\/19\/att-lasa-bibeln-utifran-tillit\/#primaryimage\",\"url\":\"http:\/\/1.bp.blogspot.com\/-N8z8CfGKcp0\/UwMOnWZpL5I\/AAAAAAAAG94\/QyGCE50zhiY\/s1600\/IMG_3106.JPG\",\"contentUrl\":\"http:\/\/1.bp.blogspot.com\/-N8z8CfGKcp0\/UwMOnWZpL5I\/AAAAAAAAG94\/QyGCE50zhiY\/s1600\/IMG_3106.JPG\"},{\"@type\":\"BreadcrumbList\",\"@id\":\"https:\/\/blogg.svenskakyrkan.se\/vandravagen\/2014\/02\/19\/att-lasa-bibeln-utifran-tillit\/#breadcrumb\",\"itemListElement\":[{\"@type\":\"ListItem\",\"position\":1,\"name\":\"Hem\",\"item\":\"https:\/\/blogg.svenskakyrkan.se\/vandravagen\/\"},{\"@type\":\"ListItem\",\"position\":2,\"name\":\"Att l\u00e4sa Bibeln utifr\u00e5n tillit\"}]},{\"@type\":\"WebSite\",\"@id\":\"https:\/\/blogg.svenskakyrkan.se\/vandravagen\/#website\",\"url\":\"https:\/\/blogg.svenskakyrkan.se\/vandravagen\/\",\"name\":\"Vandra V\u00e4gen\",\"description\":\"-Mot en tro f\u00f6r hela livet\",\"publisher\":{\"@id\":\"https:\/\/blogg.svenskakyrkan.se\/vandravagen\/#organization\"},\"potentialAction\":[{\"@type\":\"SearchAction\",\"target\":{\"@type\":\"EntryPoint\",\"urlTemplate\":\"https:\/\/blogg.svenskakyrkan.se\/vandravagen\/?s={search_term_string}\"},\"query-input\":{\"@type\":\"PropertyValueSpecification\",\"valueRequired\":true,\"valueName\":\"search_term_string\"}}],\"inLanguage\":\"sv-SE\"},{\"@type\":\"Organization\",\"@id\":\"https:\/\/blogg.svenskakyrkan.se\/vandravagen\/#organization\",\"name\":\"ulricehamns pastorat\",\"alternateName\":\"ulricehamns pastorat\",\"url\":\"https:\/\/blogg.svenskakyrkan.se\/vandravagen\/\",\"logo\":{\"@type\":\"ImageObject\",\"inLanguage\":\"sv-SE\",\"@id\":\"https:\/\/blogg.svenskakyrkan.se\/vandravagen\/#\/schema\/logo\/image\/\",\"url\":\"https:\/\/blogg.svenskakyrkan.se\/vandravagen\/files\/2023\/05\/Ulr_logo_RGB.png\",\"contentUrl\":\"https:\/\/blogg.svenskakyrkan.se\/vandravagen\/files\/2023\/05\/Ulr_logo_RGB.png\",\"width\":205,\"height\":77,\"caption\":\"ulricehamns pastorat\"},\"image\":{\"@id\":\"https:\/\/blogg.svenskakyrkan.se\/vandravagen\/#\/schema\/logo\/image\/\"},\"sameAs\":[\"http:\/\/facebook.com\/vandravagen\",\"https:\/\/x.com\/fadertomas\",\"http:\/\/www.facebook.com\/svenskakyrkaniulricehamn\"]},{\"@type\":\"Person\",\"@id\":\"https:\/\/blogg.svenskakyrkan.se\/vandravagen\/#\/schema\/person\/25da02d4f76b137d04291711e2c9fc16\",\"name\":\"Tomas Jarvid\",\"image\":{\"@type\":\"ImageObject\",\"inLanguage\":\"sv-SE\",\"@id\":\"https:\/\/blogg.svenskakyrkan.se\/vandravagen\/#\/schema\/person\/image\/\",\"url\":\"https:\/\/secure.gravatar.com\/avatar\/7fa71899795e8f540f615a1f5ab25255dc27aa40f05ee7ddd21aac521e01bf50?s=96&d=identicon&r=g\",\"contentUrl\":\"https:\/\/secure.gravatar.com\/avatar\/7fa71899795e8f540f615a1f5ab25255dc27aa40f05ee7ddd21aac521e01bf50?s=96&d=identicon&r=g\",\"caption\":\"Tomas Jarvid\"},\"description\":\"Jag bor i Ulricehamn i V\u00e4sterg\u00f6tland och \u00e4r f\u00f6rsamlingspr\u00e4st i Svenska Kyrkan f\u00f6r Dalstorps f\u00f6rsamling i Kinds pastorat. P\u00e5 den h\u00e4r bloggen skriver jag ner tankar om vandringen som kristen.\",\"sameAs\":[\"http:\/\/www.vandravagen.se\"],\"url\":\"https:\/\/blogg.svenskakyrkan.se\/vandravagen\/author\/vandravagen\/\"}]}<\/script>\n<!-- \/ Yoast SEO plugin. -->","yoast_head_json":{"title":"Att l\u00e4sa Bibeln utifr\u00e5n tillit - Vandra V\u00e4gen","robots":{"index":"index","follow":"follow","max-snippet":"max-snippet:-1","max-image-preview":"max-image-preview:large","max-video-preview":"max-video-preview:-1"},"canonical":"https:\/\/blogg.svenskakyrkan.se\/vandravagen\/2014\/02\/19\/att-lasa-bibeln-utifran-tillit\/","og_locale":"sv_SE","og_type":"article","og_title":"Att l\u00e4sa Bibeln utifr\u00e5n tillit - Vandra V\u00e4gen","og_description":"Trygg i Jesu armar? Jag kom att t\u00e4nka p\u00e5 ett akademiskt uttryck &#8221;tillitens hermeneutik&#8221; (hermeneutik \u00e4r vetenskapen om att tolka r\u00e4tt kan man s\u00e4ga). Efter lite googling verkar det inte som att det betyder riktigt vad jag trodde s\u00e5 vi kan egentligen strunta i sj\u00e4lva uttrycket. Det har \u00e4nd\u00e5 p\u00e5mint mig om n\u00e5got jag insett [&hellip;]","og_url":"https:\/\/blogg.svenskakyrkan.se\/vandravagen\/2014\/02\/19\/att-lasa-bibeln-utifran-tillit\/","og_site_name":"Vandra V\u00e4gen","article_publisher":"http:\/\/facebook.com\/vandravagen","article_published_time":"2014-02-19T08:27:00+00:00","og_image":[{"url":"http:\/\/1.bp.blogspot.com\/-N8z8CfGKcp0\/UwMOnWZpL5I\/AAAAAAAAG94\/QyGCE50zhiY\/s1600\/IMG_3106.JPG","type":"","width":"","height":""}],"author":"Tomas Jarvid","twitter_card":"summary_large_image","twitter_creator":"@fadertomas","twitter_site":"@fadertomas","twitter_misc":{"Skriven av":"Tomas Jarvid","Ber\u00e4knad l\u00e4stid":"2 minuter"},"schema":{"@context":"https:\/\/schema.org","@graph":[{"@type":"Article","@id":"https:\/\/blogg.svenskakyrkan.se\/vandravagen\/2014\/02\/19\/att-lasa-bibeln-utifran-tillit\/#article","isPartOf":{"@id":"https:\/\/blogg.svenskakyrkan.se\/vandravagen\/2014\/02\/19\/att-lasa-bibeln-utifran-tillit\/"},"author":{"name":"Tomas Jarvid","@id":"https:\/\/blogg.svenskakyrkan.se\/vandravagen\/#\/schema\/person\/25da02d4f76b137d04291711e2c9fc16"},"headline":"Att l\u00e4sa Bibeln utifr\u00e5n tillit","datePublished":"2014-02-19T08:27:00+00:00","mainEntityOfPage":{"@id":"https:\/\/blogg.svenskakyrkan.se\/vandravagen\/2014\/02\/19\/att-lasa-bibeln-utifran-tillit\/"},"wordCount":473,"commentCount":9,"publisher":{"@id":"https:\/\/blogg.svenskakyrkan.se\/vandravagen\/#organization"},"image":{"@id":"https:\/\/blogg.svenskakyrkan.se\/vandravagen\/2014\/02\/19\/att-lasa-bibeln-utifran-tillit\/#primaryimage"},"thumbnailUrl":"http:\/\/1.bp.blogspot.com\/-N8z8CfGKcp0\/UwMOnWZpL5I\/AAAAAAAAG94\/QyGCE50zhiY\/s1600\/IMG_3106.JPG","articleSection":["Bibeln","Dagens Kyrka","Teologi"],"inLanguage":"sv-SE","potentialAction":[{"@type":"CommentAction","name":"Comment","target":["https:\/\/blogg.svenskakyrkan.se\/vandravagen\/2014\/02\/19\/att-lasa-bibeln-utifran-tillit\/#respond"]}]},{"@type":"WebPage","@id":"https:\/\/blogg.svenskakyrkan.se\/vandravagen\/2014\/02\/19\/att-lasa-bibeln-utifran-tillit\/","url":"https:\/\/blogg.svenskakyrkan.se\/vandravagen\/2014\/02\/19\/att-lasa-bibeln-utifran-tillit\/","name":"Att l\u00e4sa Bibeln utifr\u00e5n tillit - Vandra V\u00e4gen","isPartOf":{"@id":"https:\/\/blogg.svenskakyrkan.se\/vandravagen\/#website"},"primaryImageOfPage":{"@id":"https:\/\/blogg.svenskakyrkan.se\/vandravagen\/2014\/02\/19\/att-lasa-bibeln-utifran-tillit\/#primaryimage"},"image":{"@id":"https:\/\/blogg.svenskakyrkan.se\/vandravagen\/2014\/02\/19\/att-lasa-bibeln-utifran-tillit\/#primaryimage"},"thumbnailUrl":"http:\/\/1.bp.blogspot.com\/-N8z8CfGKcp0\/UwMOnWZpL5I\/AAAAAAAAG94\/QyGCE50zhiY\/s1600\/IMG_3106.JPG","datePublished":"2014-02-19T08:27:00+00:00","breadcrumb":{"@id":"https:\/\/blogg.svenskakyrkan.se\/vandravagen\/2014\/02\/19\/att-lasa-bibeln-utifran-tillit\/#breadcrumb"},"inLanguage":"sv-SE","potentialAction":[{"@type":"ReadAction","target":["https:\/\/blogg.svenskakyrkan.se\/vandravagen\/2014\/02\/19\/att-lasa-bibeln-utifran-tillit\/"]}]},{"@type":"ImageObject","inLanguage":"sv-SE","@id":"https:\/\/blogg.svenskakyrkan.se\/vandravagen\/2014\/02\/19\/att-lasa-bibeln-utifran-tillit\/#primaryimage","url":"http:\/\/1.bp.blogspot.com\/-N8z8CfGKcp0\/UwMOnWZpL5I\/AAAAAAAAG94\/QyGCE50zhiY\/s1600\/IMG_3106.JPG","contentUrl":"http:\/\/1.bp.blogspot.com\/-N8z8CfGKcp0\/UwMOnWZpL5I\/AAAAAAAAG94\/QyGCE50zhiY\/s1600\/IMG_3106.JPG"},{"@type":"BreadcrumbList","@id":"https:\/\/blogg.svenskakyrkan.se\/vandravagen\/2014\/02\/19\/att-lasa-bibeln-utifran-tillit\/#breadcrumb","itemListElement":[{"@type":"ListItem","position":1,"name":"Hem","item":"https:\/\/blogg.svenskakyrkan.se\/vandravagen\/"},{"@type":"ListItem","position":2,"name":"Att l\u00e4sa Bibeln utifr\u00e5n tillit"}]},{"@type":"WebSite","@id":"https:\/\/blogg.svenskakyrkan.se\/vandravagen\/#website","url":"https:\/\/blogg.svenskakyrkan.se\/vandravagen\/","name":"Vandra V\u00e4gen","description":"-Mot en tro f\u00f6r hela livet","publisher":{"@id":"https:\/\/blogg.svenskakyrkan.se\/vandravagen\/#organization"},"potentialAction":[{"@type":"SearchAction","target":{"@type":"EntryPoint","urlTemplate":"https:\/\/blogg.svenskakyrkan.se\/vandravagen\/?s={search_term_string}"},"query-input":{"@type":"PropertyValueSpecification","valueRequired":true,"valueName":"search_term_string"}}],"inLanguage":"sv-SE"},{"@type":"Organization","@id":"https:\/\/blogg.svenskakyrkan.se\/vandravagen\/#organization","name":"ulricehamns pastorat","alternateName":"ulricehamns pastorat","url":"https:\/\/blogg.svenskakyrkan.se\/vandravagen\/","logo":{"@type":"ImageObject","inLanguage":"sv-SE","@id":"https:\/\/blogg.svenskakyrkan.se\/vandravagen\/#\/schema\/logo\/image\/","url":"https:\/\/blogg.svenskakyrkan.se\/vandravagen\/files\/2023\/05\/Ulr_logo_RGB.png","contentUrl":"https:\/\/blogg.svenskakyrkan.se\/vandravagen\/files\/2023\/05\/Ulr_logo_RGB.png","width":205,"height":77,"caption":"ulricehamns pastorat"},"image":{"@id":"https:\/\/blogg.svenskakyrkan.se\/vandravagen\/#\/schema\/logo\/image\/"},"sameAs":["http:\/\/facebook.com\/vandravagen","https:\/\/x.com\/fadertomas","http:\/\/www.facebook.com\/svenskakyrkaniulricehamn"]},{"@type":"Person","@id":"https:\/\/blogg.svenskakyrkan.se\/vandravagen\/#\/schema\/person\/25da02d4f76b137d04291711e2c9fc16","name":"Tomas Jarvid","image":{"@type":"ImageObject","inLanguage":"sv-SE","@id":"https:\/\/blogg.svenskakyrkan.se\/vandravagen\/#\/schema\/person\/image\/","url":"https:\/\/secure.gravatar.com\/avatar\/7fa71899795e8f540f615a1f5ab25255dc27aa40f05ee7ddd21aac521e01bf50?s=96&d=identicon&r=g","contentUrl":"https:\/\/secure.gravatar.com\/avatar\/7fa71899795e8f540f615a1f5ab25255dc27aa40f05ee7ddd21aac521e01bf50?s=96&d=identicon&r=g","caption":"Tomas Jarvid"},"description":"Jag bor i Ulricehamn i V\u00e4sterg\u00f6tland och \u00e4r f\u00f6rsamlingspr\u00e4st i Svenska Kyrkan f\u00f6r Dalstorps f\u00f6rsamling i Kinds pastorat. P\u00e5 den h\u00e4r bloggen skriver jag ner tankar om vandringen som kristen.","sameAs":["http:\/\/www.vandravagen.se"],"url":"https:\/\/blogg.svenskakyrkan.se\/vandravagen\/author\/vandravagen\/"}]}},"author_meta":{"ID":"392","user_nicename":"vandravagen","user_url":"http:\/\/www.vandravagen.se","user_registered":"2014-05-19 05:44:52","display_name":"Tomas Jarvid","first_name":"Tomas","last_name":"Jarvid","avatar":"https:\/\/secure.gravatar.com\/avatar\/7fa71899795e8f540f615a1f5ab25255dc27aa40f05ee7ddd21aac521e01bf50?s=96&d=identicon&r=g"},"featured_image":false,"bloginfo":{"name":"Vandra V\u00e4gen","url":"https:\/\/blogg.svenskakyrkan.se\/vandravagen"},"_links":{"self":[{"href":"https:\/\/blogg.svenskakyrkan.se\/vandravagen\/wp-json\/wp\/v2\/posts\/160","targetHints":{"allow":["GET"]}}],"collection":[{"href":"https:\/\/blogg.svenskakyrkan.se\/vandravagen\/wp-json\/wp\/v2\/posts"}],"about":[{"href":"https:\/\/blogg.svenskakyrkan.se\/vandravagen\/wp-json\/wp\/v2\/types\/post"}],"author":[{"embeddable":true,"href":"https:\/\/blogg.svenskakyrkan.se\/vandravagen\/wp-json\/wp\/v2\/users\/392"}],"replies":[{"embeddable":true,"href":"https:\/\/blogg.svenskakyrkan.se\/vandravagen\/wp-json\/wp\/v2\/comments?post=160"}],"version-history":[{"count":0,"href":"https:\/\/blogg.svenskakyrkan.se\/vandravagen\/wp-json\/wp\/v2\/posts\/160\/revisions"}],"wp:attachment":[{"href":"https:\/\/blogg.svenskakyrkan.se\/vandravagen\/wp-json\/wp\/v2\/media?parent=160"}],"wp:term":[{"taxonomy":"category","embeddable":true,"href":"https:\/\/blogg.svenskakyrkan.se\/vandravagen\/wp-json\/wp\/v2\/categories?post=160"},{"taxonomy":"post_tag","embeddable":true,"href":"https:\/\/blogg.svenskakyrkan.se\/vandravagen\/wp-json\/wp\/v2\/tags?post=160"}],"curies":[{"name":"wp","href":"https:\/\/api.w.org\/{rel}","templated":true}]}}