{"id":1611,"date":"2014-07-28T06:30:43","date_gmt":"2014-07-28T04:30:43","guid":{"rendered":"http:\/\/blogg.svenskakyrkan.se\/vandravagen\/?p=1611"},"modified":"2014-07-27T23:15:39","modified_gmt":"2014-07-27T21:15:39","slug":"min-kanot-ar-en-tidsmaskin","status":"publish","type":"post","link":"https:\/\/blogg.svenskakyrkan.se\/vandravagen\/2014\/07\/28\/min-kanot-ar-en-tidsmaskin\/","title":{"rendered":"Min kanot \u00e4r en tidsmaskin"},"content":{"rendered":"<div id=\"attachment_1612\" style=\"width: 594px\" class=\"wp-caption aligncenter\"><a href=\"http:\/\/blogg.svenskakyrkan.se\/vandravagen\/files\/2014\/07\/bl\u00e5mesen.jpg\"><img loading=\"lazy\" decoding=\"async\" aria-describedby=\"caption-attachment-1612\" class=\"size-large wp-image-1612\" alt=\"Min kanot\" src=\"http:\/\/blogg.svenskakyrkan.se\/vandravagen\/files\/2014\/07\/bl\u00e5mesen-1024x768.jpg\" width=\"584\" height=\"438\" srcset=\"https:\/\/blogg.svenskakyrkan.se\/vandravagen\/files\/2014\/07\/bl\u00e5mesen-1024x768.jpg 1024w, https:\/\/blogg.svenskakyrkan.se\/vandravagen\/files\/2014\/07\/bl\u00e5mesen-300x225.jpg 300w, https:\/\/blogg.svenskakyrkan.se\/vandravagen\/files\/2014\/07\/bl\u00e5mesen-400x300.jpg 400w\" sizes=\"auto, (max-width: 584px) 100vw, 584px\" \/><\/a><p id=\"caption-attachment-1612\" class=\"wp-caption-text\">Min kanot<\/p><\/div>\n<p>Jag byggde en dukad tr\u00e4kanadensare under min tid p\u00e5 folkh\u00f6gskola efter gymnasiet. Det var en v\u00e4ldigt viktig tid i mitt liv d\u00e5 mycket av min vuxna identitet utformades. F\u00f6rst\u00e5s. Det var ju d\u00e5 jag blev vuxen.<\/p>\n<p>F\u00f6rra sommaren kom kanoten inte fram en enda g\u00e5ng men h\u00e4romdagen h\u00e4nde det i alla fall. Och vips h\u00e4nde det saker med mig. Allt det som var d\u00e5 blev med ens s\u00e5 mycket mer levande. Tankebanorna fr\u00e5n d\u00e5 kom tillbaka, f\u00e4rdigheterna satt kvar i kroppen.<\/p>\n<p>Jag har ocks\u00e5 l\u00e4st en friluftsbok h\u00e4romveckan av en av mina gamla l\u00e4rare. Samma sak d\u00e4r. Det som var d\u00e5 blev med ens s\u00e5 verkligt. Jag h\u00e4ngde ihop mellan d\u00e5 och nu p\u00e5 n\u00e5got vis.<\/p>\n<div id=\"attachment_1616\" style=\"width: 1034px\" class=\"wp-caption aligncenter\"><a href=\"http:\/\/blogg.svenskakyrkan.se\/vandravagen\/files\/2014\/07\/bild-6.jpg\"><img loading=\"lazy\" decoding=\"async\" aria-describedby=\"caption-attachment-1616\" class=\"size-full wp-image-1616\" alt=\"Paddling p\u00e5 V\u00e4nern\" src=\"http:\/\/blogg.svenskakyrkan.se\/vandravagen\/files\/2014\/07\/bild-6.jpg\" width=\"1024\" height=\"650\" srcset=\"https:\/\/blogg.svenskakyrkan.se\/vandravagen\/files\/2014\/07\/bild-6.jpg 1024w, https:\/\/blogg.svenskakyrkan.se\/vandravagen\/files\/2014\/07\/bild-6-300x190.jpg 300w, https:\/\/blogg.svenskakyrkan.se\/vandravagen\/files\/2014\/07\/bild-6-472x300.jpg 472w\" sizes=\"auto, (max-width: 1024px) 100vw, 1024px\" \/><\/a><p id=\"caption-attachment-1616\" class=\"wp-caption-text\">Paddling p\u00e5 V\u00e4nern<\/p><\/div>\n<p>Det h\u00e4r \u00e4r f\u00f6rst\u00e5s v\u00e4ldigt allm\u00e4nm\u00e4nskligt och intressant f\u00f6r den sakens skull, du har s\u00e4kert liknande erfarenheter? Jag t\u00e4nkte annars ta tillf\u00e4llet att f\u00f6rklara ett teologiskt begrepp utifr\u00e5n detta. I samband med nattvarden i kyrkan talar vi om &#8221;<strong>anamnes<\/strong>&#8221;, det grekiska ord som st\u00e5r i evangelierna d\u00e4r vi p\u00e5 svenska s\u00e4ger att Jesus sa &#8221;<strong>g\u00f6r det till min \u00e5minnelse<\/strong>&#8221;.<\/p>\n<p>&#8221;\u00c5minnelse&#8221; l\u00e5ter v\u00e4ldigt vagt. Som att vi ska f\u00f6rs\u00f6ka dra oss till minnes eller s\u00e5. I sj\u00e4lva verket syftar anamnes p\u00e5 att n\u00e5got som h\u00e4nde d\u00e5 blir n\u00e4rvarande nu. D\u00e5 och nu flyter ihop i Guds nu (&#8221;kairos&#8221; som jag skrev om n\u00e4r jag skrev om tidsperspektiv i bibeln &#8211;<a href=\"http:\/\/blogg.svenskakyrkan.se\/vandravagen\/2014\/07\/15\/tid-ar-timing\/\">tid \u00e4r timing<\/a>). Pl\u00f6tsligt f\u00e5r vi del av samma br\u00f6d som Jesus br\u00f6t \u00e5r l\u00e4rjungarna. Det \u00e4r som att det h\u00e4nde nu.<\/p>\n<p>S\u00e5 \u00e4r det v\u00e4l f\u00f6rresten med mycket annat i den kristna tron. Vi l\u00e4ser bibeln f\u00f6r att tr\u00e4da in och vara med i det som st\u00e5r d\u00e4r. Inte bara som information om n\u00e5got som varit utan som ett s\u00e4tt att l\u00e5ta det bil en del av v\u00e5r egen historia.<\/p>\n<p>Anamnes allts\u00e5. Min kanot \u00e4r visst en tidsmaskin. Det \u00e4r bibeln ocks\u00e5. Och nattvarden \u00e4r det kanske mest av allt?<\/p>\n<p>&nbsp;<\/p>\n","protected":false},"excerpt":{"rendered":"<p>Jag byggde en dukad tr\u00e4kanadensare under min tid p\u00e5 folkh\u00f6gskola efter gymnasiet. Det var en v\u00e4ldigt viktig tid i mitt liv d\u00e5 mycket av min vuxna identitet utformades. F\u00f6rst\u00e5s. Det var ju d\u00e5 jag blev vuxen. F\u00f6rra sommaren kom kanoten inte fram en enda g\u00e5ng men h\u00e4romdagen h\u00e4nde det i alla fall. Och vips h\u00e4nde [&hellip;]<\/p>\n","protected":false},"author":392,"featured_media":0,"comment_status":"open","ping_status":"open","sticky":false,"template":"","format":"standard","meta":{"_acf_changed":false,"footnotes":""},"categories":[9],"tags":[],"class_list":["post-1611","post","type-post","status-publish","format-standard","hentry","category-okategoriserade"],"acf":[],"yoast_head":"<!-- This site is optimized with the Yoast SEO plugin v27.1.1 - https:\/\/yoast.com\/product\/yoast-seo-wordpress\/ -->\n<title>Min kanot \u00e4r en tidsmaskin - Vandra V\u00e4gen<\/title>\n<meta name=\"robots\" content=\"index, follow, max-snippet:-1, max-image-preview:large, max-video-preview:-1\" \/>\n<link rel=\"canonical\" href=\"https:\/\/blogg.svenskakyrkan.se\/vandravagen\/2014\/07\/28\/min-kanot-ar-en-tidsmaskin\/\" \/>\n<meta property=\"og:locale\" content=\"sv_SE\" \/>\n<meta property=\"og:type\" content=\"article\" \/>\n<meta property=\"og:title\" content=\"Min kanot \u00e4r en tidsmaskin - Vandra V\u00e4gen\" \/>\n<meta property=\"og:description\" content=\"Jag byggde en dukad tr\u00e4kanadensare under min tid p\u00e5 folkh\u00f6gskola efter gymnasiet. Det var en v\u00e4ldigt viktig tid i mitt liv d\u00e5 mycket av min vuxna identitet utformades. F\u00f6rst\u00e5s. Det var ju d\u00e5 jag blev vuxen. F\u00f6rra sommaren kom kanoten inte fram en enda g\u00e5ng men h\u00e4romdagen h\u00e4nde det i alla fall. Och vips h\u00e4nde [&hellip;]\" \/>\n<meta property=\"og:url\" content=\"https:\/\/blogg.svenskakyrkan.se\/vandravagen\/2014\/07\/28\/min-kanot-ar-en-tidsmaskin\/\" \/>\n<meta property=\"og:site_name\" content=\"Vandra V\u00e4gen\" \/>\n<meta property=\"article:publisher\" content=\"http:\/\/facebook.com\/vandravagen\" \/>\n<meta property=\"article:published_time\" content=\"2014-07-28T04:30:43+00:00\" \/>\n<meta property=\"og:image\" content=\"http:\/\/blogg.svenskakyrkan.se\/vandravagen\/files\/2014\/07\/bild-6.jpg\" \/>\n<meta name=\"author\" content=\"Tomas Jarvid\" \/>\n<meta name=\"twitter:card\" content=\"summary_large_image\" \/>\n<meta name=\"twitter:creator\" content=\"@fadertomas\" \/>\n<meta name=\"twitter:site\" content=\"@fadertomas\" \/>\n<meta name=\"twitter:label1\" content=\"Skriven av\" \/>\n\t<meta name=\"twitter:data1\" content=\"Tomas Jarvid\" \/>\n\t<meta name=\"twitter:label2\" content=\"Ber\u00e4knad l\u00e4stid\" \/>\n\t<meta name=\"twitter:data2\" content=\"2 minuter\" \/>\n<script type=\"application\/ld+json\" class=\"yoast-schema-graph\">{\"@context\":\"https:\/\/schema.org\",\"@graph\":[{\"@type\":\"Article\",\"@id\":\"https:\/\/blogg.svenskakyrkan.se\/vandravagen\/2014\/07\/28\/min-kanot-ar-en-tidsmaskin\/#article\",\"isPartOf\":{\"@id\":\"https:\/\/blogg.svenskakyrkan.se\/vandravagen\/2014\/07\/28\/min-kanot-ar-en-tidsmaskin\/\"},\"author\":{\"name\":\"Tomas Jarvid\",\"@id\":\"https:\/\/blogg.svenskakyrkan.se\/vandravagen\/#\/schema\/person\/25da02d4f76b137d04291711e2c9fc16\"},\"headline\":\"Min kanot \u00e4r en tidsmaskin\",\"datePublished\":\"2014-07-28T04:30:43+00:00\",\"mainEntityOfPage\":{\"@id\":\"https:\/\/blogg.svenskakyrkan.se\/vandravagen\/2014\/07\/28\/min-kanot-ar-en-tidsmaskin\/\"},\"wordCount\":401,\"commentCount\":4,\"publisher\":{\"@id\":\"https:\/\/blogg.svenskakyrkan.se\/vandravagen\/#organization\"},\"image\":{\"@id\":\"https:\/\/blogg.svenskakyrkan.se\/vandravagen\/2014\/07\/28\/min-kanot-ar-en-tidsmaskin\/#primaryimage\"},\"thumbnailUrl\":\"http:\/\/blogg.svenskakyrkan.se\/vandravagen\/files\/2014\/07\/bild-6.jpg\",\"inLanguage\":\"sv-SE\",\"potentialAction\":[{\"@type\":\"CommentAction\",\"name\":\"Comment\",\"target\":[\"https:\/\/blogg.svenskakyrkan.se\/vandravagen\/2014\/07\/28\/min-kanot-ar-en-tidsmaskin\/#respond\"]}]},{\"@type\":\"WebPage\",\"@id\":\"https:\/\/blogg.svenskakyrkan.se\/vandravagen\/2014\/07\/28\/min-kanot-ar-en-tidsmaskin\/\",\"url\":\"https:\/\/blogg.svenskakyrkan.se\/vandravagen\/2014\/07\/28\/min-kanot-ar-en-tidsmaskin\/\",\"name\":\"Min kanot \u00e4r en tidsmaskin - Vandra V\u00e4gen\",\"isPartOf\":{\"@id\":\"https:\/\/blogg.svenskakyrkan.se\/vandravagen\/#website\"},\"primaryImageOfPage\":{\"@id\":\"https:\/\/blogg.svenskakyrkan.se\/vandravagen\/2014\/07\/28\/min-kanot-ar-en-tidsmaskin\/#primaryimage\"},\"image\":{\"@id\":\"https:\/\/blogg.svenskakyrkan.se\/vandravagen\/2014\/07\/28\/min-kanot-ar-en-tidsmaskin\/#primaryimage\"},\"thumbnailUrl\":\"http:\/\/blogg.svenskakyrkan.se\/vandravagen\/files\/2014\/07\/bild-6.jpg\",\"datePublished\":\"2014-07-28T04:30:43+00:00\",\"breadcrumb\":{\"@id\":\"https:\/\/blogg.svenskakyrkan.se\/vandravagen\/2014\/07\/28\/min-kanot-ar-en-tidsmaskin\/#breadcrumb\"},\"inLanguage\":\"sv-SE\",\"potentialAction\":[{\"@type\":\"ReadAction\",\"target\":[\"https:\/\/blogg.svenskakyrkan.se\/vandravagen\/2014\/07\/28\/min-kanot-ar-en-tidsmaskin\/\"]}]},{\"@type\":\"ImageObject\",\"inLanguage\":\"sv-SE\",\"@id\":\"https:\/\/blogg.svenskakyrkan.se\/vandravagen\/2014\/07\/28\/min-kanot-ar-en-tidsmaskin\/#primaryimage\",\"url\":\"http:\/\/blogg.svenskakyrkan.se\/vandravagen\/files\/2014\/07\/bild-6.jpg\",\"contentUrl\":\"http:\/\/blogg.svenskakyrkan.se\/vandravagen\/files\/2014\/07\/bild-6.jpg\"},{\"@type\":\"BreadcrumbList\",\"@id\":\"https:\/\/blogg.svenskakyrkan.se\/vandravagen\/2014\/07\/28\/min-kanot-ar-en-tidsmaskin\/#breadcrumb\",\"itemListElement\":[{\"@type\":\"ListItem\",\"position\":1,\"name\":\"Hem\",\"item\":\"https:\/\/blogg.svenskakyrkan.se\/vandravagen\/\"},{\"@type\":\"ListItem\",\"position\":2,\"name\":\"Min kanot \u00e4r en tidsmaskin\"}]},{\"@type\":\"WebSite\",\"@id\":\"https:\/\/blogg.svenskakyrkan.se\/vandravagen\/#website\",\"url\":\"https:\/\/blogg.svenskakyrkan.se\/vandravagen\/\",\"name\":\"Vandra V\u00e4gen\",\"description\":\"-Mot en tro f\u00f6r hela livet\",\"publisher\":{\"@id\":\"https:\/\/blogg.svenskakyrkan.se\/vandravagen\/#organization\"},\"potentialAction\":[{\"@type\":\"SearchAction\",\"target\":{\"@type\":\"EntryPoint\",\"urlTemplate\":\"https:\/\/blogg.svenskakyrkan.se\/vandravagen\/?s={search_term_string}\"},\"query-input\":{\"@type\":\"PropertyValueSpecification\",\"valueRequired\":true,\"valueName\":\"search_term_string\"}}],\"inLanguage\":\"sv-SE\"},{\"@type\":\"Organization\",\"@id\":\"https:\/\/blogg.svenskakyrkan.se\/vandravagen\/#organization\",\"name\":\"ulricehamns pastorat\",\"alternateName\":\"ulricehamns pastorat\",\"url\":\"https:\/\/blogg.svenskakyrkan.se\/vandravagen\/\",\"logo\":{\"@type\":\"ImageObject\",\"inLanguage\":\"sv-SE\",\"@id\":\"https:\/\/blogg.svenskakyrkan.se\/vandravagen\/#\/schema\/logo\/image\/\",\"url\":\"https:\/\/blogg.svenskakyrkan.se\/vandravagen\/files\/2023\/05\/Ulr_logo_RGB.png\",\"contentUrl\":\"https:\/\/blogg.svenskakyrkan.se\/vandravagen\/files\/2023\/05\/Ulr_logo_RGB.png\",\"width\":205,\"height\":77,\"caption\":\"ulricehamns pastorat\"},\"image\":{\"@id\":\"https:\/\/blogg.svenskakyrkan.se\/vandravagen\/#\/schema\/logo\/image\/\"},\"sameAs\":[\"http:\/\/facebook.com\/vandravagen\",\"https:\/\/x.com\/fadertomas\",\"http:\/\/www.facebook.com\/svenskakyrkaniulricehamn\"]},{\"@type\":\"Person\",\"@id\":\"https:\/\/blogg.svenskakyrkan.se\/vandravagen\/#\/schema\/person\/25da02d4f76b137d04291711e2c9fc16\",\"name\":\"Tomas Jarvid\",\"image\":{\"@type\":\"ImageObject\",\"inLanguage\":\"sv-SE\",\"@id\":\"https:\/\/blogg.svenskakyrkan.se\/vandravagen\/#\/schema\/person\/image\/\",\"url\":\"https:\/\/secure.gravatar.com\/avatar\/7fa71899795e8f540f615a1f5ab25255dc27aa40f05ee7ddd21aac521e01bf50?s=96&d=identicon&r=g\",\"contentUrl\":\"https:\/\/secure.gravatar.com\/avatar\/7fa71899795e8f540f615a1f5ab25255dc27aa40f05ee7ddd21aac521e01bf50?s=96&d=identicon&r=g\",\"caption\":\"Tomas Jarvid\"},\"description\":\"Jag bor i Ulricehamn i V\u00e4sterg\u00f6tland och \u00e4r f\u00f6rsamlingspr\u00e4st i Svenska Kyrkan f\u00f6r Dalstorps f\u00f6rsamling i Kinds pastorat. P\u00e5 den h\u00e4r bloggen skriver jag ner tankar om vandringen som kristen.\",\"sameAs\":[\"http:\/\/www.vandravagen.se\"],\"url\":\"https:\/\/blogg.svenskakyrkan.se\/vandravagen\/author\/vandravagen\/\"}]}<\/script>\n<!-- \/ Yoast SEO plugin. -->","yoast_head_json":{"title":"Min kanot \u00e4r en tidsmaskin - Vandra V\u00e4gen","robots":{"index":"index","follow":"follow","max-snippet":"max-snippet:-1","max-image-preview":"max-image-preview:large","max-video-preview":"max-video-preview:-1"},"canonical":"https:\/\/blogg.svenskakyrkan.se\/vandravagen\/2014\/07\/28\/min-kanot-ar-en-tidsmaskin\/","og_locale":"sv_SE","og_type":"article","og_title":"Min kanot \u00e4r en tidsmaskin - Vandra V\u00e4gen","og_description":"Jag byggde en dukad tr\u00e4kanadensare under min tid p\u00e5 folkh\u00f6gskola efter gymnasiet. Det var en v\u00e4ldigt viktig tid i mitt liv d\u00e5 mycket av min vuxna identitet utformades. F\u00f6rst\u00e5s. Det var ju d\u00e5 jag blev vuxen. F\u00f6rra sommaren kom kanoten inte fram en enda g\u00e5ng men h\u00e4romdagen h\u00e4nde det i alla fall. Och vips h\u00e4nde [&hellip;]","og_url":"https:\/\/blogg.svenskakyrkan.se\/vandravagen\/2014\/07\/28\/min-kanot-ar-en-tidsmaskin\/","og_site_name":"Vandra V\u00e4gen","article_publisher":"http:\/\/facebook.com\/vandravagen","article_published_time":"2014-07-28T04:30:43+00:00","og_image":[{"url":"http:\/\/blogg.svenskakyrkan.se\/vandravagen\/files\/2014\/07\/bild-6.jpg","type":"","width":"","height":""}],"author":"Tomas Jarvid","twitter_card":"summary_large_image","twitter_creator":"@fadertomas","twitter_site":"@fadertomas","twitter_misc":{"Skriven av":"Tomas Jarvid","Ber\u00e4knad l\u00e4stid":"2 minuter"},"schema":{"@context":"https:\/\/schema.org","@graph":[{"@type":"Article","@id":"https:\/\/blogg.svenskakyrkan.se\/vandravagen\/2014\/07\/28\/min-kanot-ar-en-tidsmaskin\/#article","isPartOf":{"@id":"https:\/\/blogg.svenskakyrkan.se\/vandravagen\/2014\/07\/28\/min-kanot-ar-en-tidsmaskin\/"},"author":{"name":"Tomas Jarvid","@id":"https:\/\/blogg.svenskakyrkan.se\/vandravagen\/#\/schema\/person\/25da02d4f76b137d04291711e2c9fc16"},"headline":"Min kanot \u00e4r en tidsmaskin","datePublished":"2014-07-28T04:30:43+00:00","mainEntityOfPage":{"@id":"https:\/\/blogg.svenskakyrkan.se\/vandravagen\/2014\/07\/28\/min-kanot-ar-en-tidsmaskin\/"},"wordCount":401,"commentCount":4,"publisher":{"@id":"https:\/\/blogg.svenskakyrkan.se\/vandravagen\/#organization"},"image":{"@id":"https:\/\/blogg.svenskakyrkan.se\/vandravagen\/2014\/07\/28\/min-kanot-ar-en-tidsmaskin\/#primaryimage"},"thumbnailUrl":"http:\/\/blogg.svenskakyrkan.se\/vandravagen\/files\/2014\/07\/bild-6.jpg","inLanguage":"sv-SE","potentialAction":[{"@type":"CommentAction","name":"Comment","target":["https:\/\/blogg.svenskakyrkan.se\/vandravagen\/2014\/07\/28\/min-kanot-ar-en-tidsmaskin\/#respond"]}]},{"@type":"WebPage","@id":"https:\/\/blogg.svenskakyrkan.se\/vandravagen\/2014\/07\/28\/min-kanot-ar-en-tidsmaskin\/","url":"https:\/\/blogg.svenskakyrkan.se\/vandravagen\/2014\/07\/28\/min-kanot-ar-en-tidsmaskin\/","name":"Min kanot \u00e4r en tidsmaskin - Vandra V\u00e4gen","isPartOf":{"@id":"https:\/\/blogg.svenskakyrkan.se\/vandravagen\/#website"},"primaryImageOfPage":{"@id":"https:\/\/blogg.svenskakyrkan.se\/vandravagen\/2014\/07\/28\/min-kanot-ar-en-tidsmaskin\/#primaryimage"},"image":{"@id":"https:\/\/blogg.svenskakyrkan.se\/vandravagen\/2014\/07\/28\/min-kanot-ar-en-tidsmaskin\/#primaryimage"},"thumbnailUrl":"http:\/\/blogg.svenskakyrkan.se\/vandravagen\/files\/2014\/07\/bild-6.jpg","datePublished":"2014-07-28T04:30:43+00:00","breadcrumb":{"@id":"https:\/\/blogg.svenskakyrkan.se\/vandravagen\/2014\/07\/28\/min-kanot-ar-en-tidsmaskin\/#breadcrumb"},"inLanguage":"sv-SE","potentialAction":[{"@type":"ReadAction","target":["https:\/\/blogg.svenskakyrkan.se\/vandravagen\/2014\/07\/28\/min-kanot-ar-en-tidsmaskin\/"]}]},{"@type":"ImageObject","inLanguage":"sv-SE","@id":"https:\/\/blogg.svenskakyrkan.se\/vandravagen\/2014\/07\/28\/min-kanot-ar-en-tidsmaskin\/#primaryimage","url":"http:\/\/blogg.svenskakyrkan.se\/vandravagen\/files\/2014\/07\/bild-6.jpg","contentUrl":"http:\/\/blogg.svenskakyrkan.se\/vandravagen\/files\/2014\/07\/bild-6.jpg"},{"@type":"BreadcrumbList","@id":"https:\/\/blogg.svenskakyrkan.se\/vandravagen\/2014\/07\/28\/min-kanot-ar-en-tidsmaskin\/#breadcrumb","itemListElement":[{"@type":"ListItem","position":1,"name":"Hem","item":"https:\/\/blogg.svenskakyrkan.se\/vandravagen\/"},{"@type":"ListItem","position":2,"name":"Min kanot \u00e4r en tidsmaskin"}]},{"@type":"WebSite","@id":"https:\/\/blogg.svenskakyrkan.se\/vandravagen\/#website","url":"https:\/\/blogg.svenskakyrkan.se\/vandravagen\/","name":"Vandra V\u00e4gen","description":"-Mot en tro f\u00f6r hela livet","publisher":{"@id":"https:\/\/blogg.svenskakyrkan.se\/vandravagen\/#organization"},"potentialAction":[{"@type":"SearchAction","target":{"@type":"EntryPoint","urlTemplate":"https:\/\/blogg.svenskakyrkan.se\/vandravagen\/?s={search_term_string}"},"query-input":{"@type":"PropertyValueSpecification","valueRequired":true,"valueName":"search_term_string"}}],"inLanguage":"sv-SE"},{"@type":"Organization","@id":"https:\/\/blogg.svenskakyrkan.se\/vandravagen\/#organization","name":"ulricehamns pastorat","alternateName":"ulricehamns pastorat","url":"https:\/\/blogg.svenskakyrkan.se\/vandravagen\/","logo":{"@type":"ImageObject","inLanguage":"sv-SE","@id":"https:\/\/blogg.svenskakyrkan.se\/vandravagen\/#\/schema\/logo\/image\/","url":"https:\/\/blogg.svenskakyrkan.se\/vandravagen\/files\/2023\/05\/Ulr_logo_RGB.png","contentUrl":"https:\/\/blogg.svenskakyrkan.se\/vandravagen\/files\/2023\/05\/Ulr_logo_RGB.png","width":205,"height":77,"caption":"ulricehamns pastorat"},"image":{"@id":"https:\/\/blogg.svenskakyrkan.se\/vandravagen\/#\/schema\/logo\/image\/"},"sameAs":["http:\/\/facebook.com\/vandravagen","https:\/\/x.com\/fadertomas","http:\/\/www.facebook.com\/svenskakyrkaniulricehamn"]},{"@type":"Person","@id":"https:\/\/blogg.svenskakyrkan.se\/vandravagen\/#\/schema\/person\/25da02d4f76b137d04291711e2c9fc16","name":"Tomas Jarvid","image":{"@type":"ImageObject","inLanguage":"sv-SE","@id":"https:\/\/blogg.svenskakyrkan.se\/vandravagen\/#\/schema\/person\/image\/","url":"https:\/\/secure.gravatar.com\/avatar\/7fa71899795e8f540f615a1f5ab25255dc27aa40f05ee7ddd21aac521e01bf50?s=96&d=identicon&r=g","contentUrl":"https:\/\/secure.gravatar.com\/avatar\/7fa71899795e8f540f615a1f5ab25255dc27aa40f05ee7ddd21aac521e01bf50?s=96&d=identicon&r=g","caption":"Tomas Jarvid"},"description":"Jag bor i Ulricehamn i V\u00e4sterg\u00f6tland och \u00e4r f\u00f6rsamlingspr\u00e4st i Svenska Kyrkan f\u00f6r Dalstorps f\u00f6rsamling i Kinds pastorat. P\u00e5 den h\u00e4r bloggen skriver jag ner tankar om vandringen som kristen.","sameAs":["http:\/\/www.vandravagen.se"],"url":"https:\/\/blogg.svenskakyrkan.se\/vandravagen\/author\/vandravagen\/"}]}},"author_meta":{"ID":"392","user_nicename":"vandravagen","user_url":"http:\/\/www.vandravagen.se","user_registered":"2014-05-19 05:44:52","display_name":"Tomas Jarvid","first_name":"Tomas","last_name":"Jarvid","avatar":"https:\/\/secure.gravatar.com\/avatar\/7fa71899795e8f540f615a1f5ab25255dc27aa40f05ee7ddd21aac521e01bf50?s=96&d=identicon&r=g"},"featured_image":false,"bloginfo":{"name":"Vandra V\u00e4gen","url":"https:\/\/blogg.svenskakyrkan.se\/vandravagen"},"_links":{"self":[{"href":"https:\/\/blogg.svenskakyrkan.se\/vandravagen\/wp-json\/wp\/v2\/posts\/1611","targetHints":{"allow":["GET"]}}],"collection":[{"href":"https:\/\/blogg.svenskakyrkan.se\/vandravagen\/wp-json\/wp\/v2\/posts"}],"about":[{"href":"https:\/\/blogg.svenskakyrkan.se\/vandravagen\/wp-json\/wp\/v2\/types\/post"}],"author":[{"embeddable":true,"href":"https:\/\/blogg.svenskakyrkan.se\/vandravagen\/wp-json\/wp\/v2\/users\/392"}],"replies":[{"embeddable":true,"href":"https:\/\/blogg.svenskakyrkan.se\/vandravagen\/wp-json\/wp\/v2\/comments?post=1611"}],"version-history":[{"count":4,"href":"https:\/\/blogg.svenskakyrkan.se\/vandravagen\/wp-json\/wp\/v2\/posts\/1611\/revisions"}],"predecessor-version":[{"id":1615,"href":"https:\/\/blogg.svenskakyrkan.se\/vandravagen\/wp-json\/wp\/v2\/posts\/1611\/revisions\/1615"}],"wp:attachment":[{"href":"https:\/\/blogg.svenskakyrkan.se\/vandravagen\/wp-json\/wp\/v2\/media?parent=1611"}],"wp:term":[{"taxonomy":"category","embeddable":true,"href":"https:\/\/blogg.svenskakyrkan.se\/vandravagen\/wp-json\/wp\/v2\/categories?post=1611"},{"taxonomy":"post_tag","embeddable":true,"href":"https:\/\/blogg.svenskakyrkan.se\/vandravagen\/wp-json\/wp\/v2\/tags?post=1611"}],"curies":[{"name":"wp","href":"https:\/\/api.w.org\/{rel}","templated":true}]}}