{"id":162,"date":"2014-02-18T07:49:00","date_gmt":"2014-02-18T06:49:00","guid":{"rendered":"http:\/\/blogg.svenskakyrkan.se\/vandravagen\/2014\/02\/18\/gud-ar-som-en-stjarna-dikt-av-roald-volmer\/"},"modified":"2014-02-18T07:49:00","modified_gmt":"2014-02-18T06:49:00","slug":"gud-ar-som-en-stjarna-dikt-av-roald-volmer","status":"publish","type":"post","link":"https:\/\/blogg.svenskakyrkan.se\/vandravagen\/2014\/02\/18\/gud-ar-som-en-stjarna-dikt-av-roald-volmer\/","title":{"rendered":"Gud \u00e4r som en stj\u00e4rna, dikt av Roald Volmer"},"content":{"rendered":"<table align=\"center\" cellpadding=\"0\" cellspacing=\"0\">\n<tbody>\n<tr>\n<td><a href=\"http:\/\/1.bp.blogspot.com\/-p81PAgy0fKE\/UvtTlR41ZeI\/AAAAAAAAG5I\/iGaetLOL1lo\/s1600\/IMG_3121.JPG\"><img loading=\"lazy\" decoding=\"async\" border=\"0\" src=\"http:\/\/1.bp.blogspot.com\/-p81PAgy0fKE\/UvtTlR41ZeI\/AAAAAAAAG5I\/iGaetLOL1lo\/s1600\/IMG_3121.JPG\" height=\"572\" width=\"640\"><\/a><\/td>\n<\/tr>\n<tr>\n<td>Roald ber\u00e4ttar, l\u00e4ser dikter och spelar munspel<\/td>\n<\/tr>\n<\/tbody>\n<\/table>\n<p>H\u00e4romdagen var jag i Lundsbrunn och lyssnade p\u00e5 Roald Volmer som ber\u00e4ttade om sitt h\u00e4ndelserika liv. Han ber\u00e4ttade s\u00e4rskilt om hur det var att se solen g\u00e5 upp \u00f6ver Aconcagua i Mendozadistriktet i Argentina. Nere i dalen var det \u00e4nnu natt i flera timmar till n\u00e4r solen redan sken p\u00e5 den 7000 meter h\u00f6ga toppen. Roald l\u00e4ste ocks\u00e5 egna dikter och spelade musik fr\u00e5n olika l\u00e4nder han bes\u00f6kt. Jag har f\u00e5tt lov att publicera en av hans dikter h\u00e4r:<\/p>\n<div><\/div>\n<div><\/div>\n<div>Dikt av Roald Volmer skriven den 11 april 1955<\/p>\n<p><span>Gud \u00e4r som en stj\u00e4rna &#8211; i henne finner jag avst\u00e5nd och frid. Trots det att den ser liten ut \u00e4r den st\u00f6rre \u00e4n solen. I Guds h\u00e4nder \u00e4r jag som en orgel. S\u00e5som varje orgel har jag en egen ton, men melodin \u00e4r hennes, och hon kan spela samma melodi p\u00e5 alla orglar. Det \u00e4r dag ibland och dess glans hindrar mig att se stj\u00e4rnan. D\u00e5 och d\u00e5 r\u00f6r sig molnen, l\u00e5ga varelser (liksom vissa tankar) ovanf\u00f6r jorden och d\u00e5 ser jag inte stj\u00e4rnan. Det f\u00f6rekommer ocks\u00e5 att jag tittar bort eller helt enkelt ner.<\/p>\n<p>Men det \u00e4ndrar ingenting i stj\u00e4rnans v\u00e4sen eller i mitt medvetande d\u00e4r jag j\u00e4mt anar stj\u00e4rnans n\u00e4rvaro.<\/p>\n<p>Den st\u00f6rsta lyckan \u00e4r &#8211; vilket h\u00e4nder s\u00e4llan &#8211; att jag kan lugnt betrakta stj\u00e4rnan. D\u00e5 drar sig oron undan, och f\u00f6rsvinner helt, ibland. Stj\u00e4rnan \u00f6vertygar mig mera \u00e4n n\u00e5got annat i Guds all-n\u00e4rvaro och p\u00e5minner mig om hennes v\u00e4sen. <\/p>\n<p> D\u00e4rf\u00f6r \u00e4lskar jag stj\u00e4rnan.<\/span><\/div>\n","protected":false},"excerpt":{"rendered":"<p>Roald ber\u00e4ttar, l\u00e4ser dikter och spelar munspel H\u00e4romdagen var jag i Lundsbrunn och lyssnade p\u00e5 Roald Volmer som ber\u00e4ttade om sitt h\u00e4ndelserika liv. Han ber\u00e4ttade s\u00e4rskilt om hur det var att se solen g\u00e5 upp \u00f6ver Aconcagua i Mendozadistriktet i Argentina. Nere i dalen var det \u00e4nnu natt i flera timmar till n\u00e4r solen redan [&hellip;]<\/p>\n","protected":false},"author":392,"featured_media":0,"comment_status":"open","ping_status":"open","sticky":false,"template":"","format":"standard","meta":{"_acf_changed":false,"footnotes":""},"categories":[76189,17159,117],"tags":[],"class_list":["post-162","post","type-post","status-publish","format-standard","hentry","category-dagens-kyrka","category-poesi","category-teologi"],"acf":[],"yoast_head":"<!-- This site is optimized with the Yoast SEO plugin v27.1.1 - https:\/\/yoast.com\/product\/yoast-seo-wordpress\/ -->\n<title>Gud \u00e4r som en stj\u00e4rna, dikt av Roald Volmer - Vandra V\u00e4gen<\/title>\n<meta name=\"robots\" content=\"index, follow, max-snippet:-1, max-image-preview:large, max-video-preview:-1\" \/>\n<link rel=\"canonical\" href=\"https:\/\/blogg.svenskakyrkan.se\/vandravagen\/2014\/02\/18\/gud-ar-som-en-stjarna-dikt-av-roald-volmer\/\" \/>\n<meta property=\"og:locale\" content=\"sv_SE\" \/>\n<meta property=\"og:type\" content=\"article\" \/>\n<meta property=\"og:title\" content=\"Gud \u00e4r som en stj\u00e4rna, dikt av Roald Volmer - Vandra V\u00e4gen\" \/>\n<meta property=\"og:description\" content=\"Roald ber\u00e4ttar, l\u00e4ser dikter och spelar munspel H\u00e4romdagen var jag i Lundsbrunn och lyssnade p\u00e5 Roald Volmer som ber\u00e4ttade om sitt h\u00e4ndelserika liv. Han ber\u00e4ttade s\u00e4rskilt om hur det var att se solen g\u00e5 upp \u00f6ver Aconcagua i Mendozadistriktet i Argentina. Nere i dalen var det \u00e4nnu natt i flera timmar till n\u00e4r solen redan [&hellip;]\" \/>\n<meta property=\"og:url\" content=\"https:\/\/blogg.svenskakyrkan.se\/vandravagen\/2014\/02\/18\/gud-ar-som-en-stjarna-dikt-av-roald-volmer\/\" \/>\n<meta property=\"og:site_name\" content=\"Vandra V\u00e4gen\" \/>\n<meta property=\"article:publisher\" content=\"http:\/\/facebook.com\/vandravagen\" \/>\n<meta property=\"article:published_time\" content=\"2014-02-18T06:49:00+00:00\" \/>\n<meta property=\"og:image\" content=\"http:\/\/1.bp.blogspot.com\/-p81PAgy0fKE\/UvtTlR41ZeI\/AAAAAAAAG5I\/iGaetLOL1lo\/s1600\/IMG_3121.JPG\" \/>\n<meta name=\"author\" content=\"Tomas Jarvid\" \/>\n<meta name=\"twitter:card\" content=\"summary_large_image\" \/>\n<meta name=\"twitter:creator\" content=\"@fadertomas\" \/>\n<meta name=\"twitter:site\" content=\"@fadertomas\" \/>\n<meta name=\"twitter:label1\" content=\"Skriven av\" \/>\n\t<meta name=\"twitter:data1\" content=\"Tomas Jarvid\" \/>\n\t<meta name=\"twitter:label2\" content=\"Ber\u00e4knad l\u00e4stid\" \/>\n\t<meta name=\"twitter:data2\" content=\"1 minut\" \/>\n<script type=\"application\/ld+json\" class=\"yoast-schema-graph\">{\"@context\":\"https:\/\/schema.org\",\"@graph\":[{\"@type\":\"Article\",\"@id\":\"https:\/\/blogg.svenskakyrkan.se\/vandravagen\/2014\/02\/18\/gud-ar-som-en-stjarna-dikt-av-roald-volmer\/#article\",\"isPartOf\":{\"@id\":\"https:\/\/blogg.svenskakyrkan.se\/vandravagen\/2014\/02\/18\/gud-ar-som-en-stjarna-dikt-av-roald-volmer\/\"},\"author\":{\"name\":\"Tomas Jarvid\",\"@id\":\"https:\/\/blogg.svenskakyrkan.se\/vandravagen\/#\/schema\/person\/25da02d4f76b137d04291711e2c9fc16\"},\"headline\":\"Gud \u00e4r som en stj\u00e4rna, dikt av Roald Volmer\",\"datePublished\":\"2014-02-18T06:49:00+00:00\",\"mainEntityOfPage\":{\"@id\":\"https:\/\/blogg.svenskakyrkan.se\/vandravagen\/2014\/02\/18\/gud-ar-som-en-stjarna-dikt-av-roald-volmer\/\"},\"wordCount\":304,\"commentCount\":2,\"publisher\":{\"@id\":\"https:\/\/blogg.svenskakyrkan.se\/vandravagen\/#organization\"},\"image\":{\"@id\":\"https:\/\/blogg.svenskakyrkan.se\/vandravagen\/2014\/02\/18\/gud-ar-som-en-stjarna-dikt-av-roald-volmer\/#primaryimage\"},\"thumbnailUrl\":\"http:\/\/1.bp.blogspot.com\/-p81PAgy0fKE\/UvtTlR41ZeI\/AAAAAAAAG5I\/iGaetLOL1lo\/s1600\/IMG_3121.JPG\",\"articleSection\":[\"Dagens Kyrka\",\"poesi\",\"Teologi\"],\"inLanguage\":\"sv-SE\",\"potentialAction\":[{\"@type\":\"CommentAction\",\"name\":\"Comment\",\"target\":[\"https:\/\/blogg.svenskakyrkan.se\/vandravagen\/2014\/02\/18\/gud-ar-som-en-stjarna-dikt-av-roald-volmer\/#respond\"]}]},{\"@type\":\"WebPage\",\"@id\":\"https:\/\/blogg.svenskakyrkan.se\/vandravagen\/2014\/02\/18\/gud-ar-som-en-stjarna-dikt-av-roald-volmer\/\",\"url\":\"https:\/\/blogg.svenskakyrkan.se\/vandravagen\/2014\/02\/18\/gud-ar-som-en-stjarna-dikt-av-roald-volmer\/\",\"name\":\"Gud \u00e4r som en stj\u00e4rna, dikt av Roald Volmer - Vandra V\u00e4gen\",\"isPartOf\":{\"@id\":\"https:\/\/blogg.svenskakyrkan.se\/vandravagen\/#website\"},\"primaryImageOfPage\":{\"@id\":\"https:\/\/blogg.svenskakyrkan.se\/vandravagen\/2014\/02\/18\/gud-ar-som-en-stjarna-dikt-av-roald-volmer\/#primaryimage\"},\"image\":{\"@id\":\"https:\/\/blogg.svenskakyrkan.se\/vandravagen\/2014\/02\/18\/gud-ar-som-en-stjarna-dikt-av-roald-volmer\/#primaryimage\"},\"thumbnailUrl\":\"http:\/\/1.bp.blogspot.com\/-p81PAgy0fKE\/UvtTlR41ZeI\/AAAAAAAAG5I\/iGaetLOL1lo\/s1600\/IMG_3121.JPG\",\"datePublished\":\"2014-02-18T06:49:00+00:00\",\"breadcrumb\":{\"@id\":\"https:\/\/blogg.svenskakyrkan.se\/vandravagen\/2014\/02\/18\/gud-ar-som-en-stjarna-dikt-av-roald-volmer\/#breadcrumb\"},\"inLanguage\":\"sv-SE\",\"potentialAction\":[{\"@type\":\"ReadAction\",\"target\":[\"https:\/\/blogg.svenskakyrkan.se\/vandravagen\/2014\/02\/18\/gud-ar-som-en-stjarna-dikt-av-roald-volmer\/\"]}]},{\"@type\":\"ImageObject\",\"inLanguage\":\"sv-SE\",\"@id\":\"https:\/\/blogg.svenskakyrkan.se\/vandravagen\/2014\/02\/18\/gud-ar-som-en-stjarna-dikt-av-roald-volmer\/#primaryimage\",\"url\":\"http:\/\/1.bp.blogspot.com\/-p81PAgy0fKE\/UvtTlR41ZeI\/AAAAAAAAG5I\/iGaetLOL1lo\/s1600\/IMG_3121.JPG\",\"contentUrl\":\"http:\/\/1.bp.blogspot.com\/-p81PAgy0fKE\/UvtTlR41ZeI\/AAAAAAAAG5I\/iGaetLOL1lo\/s1600\/IMG_3121.JPG\"},{\"@type\":\"BreadcrumbList\",\"@id\":\"https:\/\/blogg.svenskakyrkan.se\/vandravagen\/2014\/02\/18\/gud-ar-som-en-stjarna-dikt-av-roald-volmer\/#breadcrumb\",\"itemListElement\":[{\"@type\":\"ListItem\",\"position\":1,\"name\":\"Hem\",\"item\":\"https:\/\/blogg.svenskakyrkan.se\/vandravagen\/\"},{\"@type\":\"ListItem\",\"position\":2,\"name\":\"Gud \u00e4r som en stj\u00e4rna, dikt av Roald Volmer\"}]},{\"@type\":\"WebSite\",\"@id\":\"https:\/\/blogg.svenskakyrkan.se\/vandravagen\/#website\",\"url\":\"https:\/\/blogg.svenskakyrkan.se\/vandravagen\/\",\"name\":\"Vandra V\u00e4gen\",\"description\":\"-Mot en tro f\u00f6r hela livet\",\"publisher\":{\"@id\":\"https:\/\/blogg.svenskakyrkan.se\/vandravagen\/#organization\"},\"potentialAction\":[{\"@type\":\"SearchAction\",\"target\":{\"@type\":\"EntryPoint\",\"urlTemplate\":\"https:\/\/blogg.svenskakyrkan.se\/vandravagen\/?s={search_term_string}\"},\"query-input\":{\"@type\":\"PropertyValueSpecification\",\"valueRequired\":true,\"valueName\":\"search_term_string\"}}],\"inLanguage\":\"sv-SE\"},{\"@type\":\"Organization\",\"@id\":\"https:\/\/blogg.svenskakyrkan.se\/vandravagen\/#organization\",\"name\":\"ulricehamns pastorat\",\"alternateName\":\"ulricehamns pastorat\",\"url\":\"https:\/\/blogg.svenskakyrkan.se\/vandravagen\/\",\"logo\":{\"@type\":\"ImageObject\",\"inLanguage\":\"sv-SE\",\"@id\":\"https:\/\/blogg.svenskakyrkan.se\/vandravagen\/#\/schema\/logo\/image\/\",\"url\":\"https:\/\/blogg.svenskakyrkan.se\/vandravagen\/files\/2023\/05\/Ulr_logo_RGB.png\",\"contentUrl\":\"https:\/\/blogg.svenskakyrkan.se\/vandravagen\/files\/2023\/05\/Ulr_logo_RGB.png\",\"width\":205,\"height\":77,\"caption\":\"ulricehamns pastorat\"},\"image\":{\"@id\":\"https:\/\/blogg.svenskakyrkan.se\/vandravagen\/#\/schema\/logo\/image\/\"},\"sameAs\":[\"http:\/\/facebook.com\/vandravagen\",\"https:\/\/x.com\/fadertomas\",\"http:\/\/www.facebook.com\/svenskakyrkaniulricehamn\"]},{\"@type\":\"Person\",\"@id\":\"https:\/\/blogg.svenskakyrkan.se\/vandravagen\/#\/schema\/person\/25da02d4f76b137d04291711e2c9fc16\",\"name\":\"Tomas Jarvid\",\"image\":{\"@type\":\"ImageObject\",\"inLanguage\":\"sv-SE\",\"@id\":\"https:\/\/blogg.svenskakyrkan.se\/vandravagen\/#\/schema\/person\/image\/\",\"url\":\"https:\/\/secure.gravatar.com\/avatar\/7fa71899795e8f540f615a1f5ab25255dc27aa40f05ee7ddd21aac521e01bf50?s=96&d=identicon&r=g\",\"contentUrl\":\"https:\/\/secure.gravatar.com\/avatar\/7fa71899795e8f540f615a1f5ab25255dc27aa40f05ee7ddd21aac521e01bf50?s=96&d=identicon&r=g\",\"caption\":\"Tomas Jarvid\"},\"description\":\"Jag bor i Ulricehamn i V\u00e4sterg\u00f6tland och \u00e4r f\u00f6rsamlingspr\u00e4st i Svenska Kyrkan f\u00f6r Dalstorps f\u00f6rsamling i Kinds pastorat. P\u00e5 den h\u00e4r bloggen skriver jag ner tankar om vandringen som kristen.\",\"sameAs\":[\"http:\/\/www.vandravagen.se\"],\"url\":\"https:\/\/blogg.svenskakyrkan.se\/vandravagen\/author\/vandravagen\/\"}]}<\/script>\n<!-- \/ Yoast SEO plugin. -->","yoast_head_json":{"title":"Gud \u00e4r som en stj\u00e4rna, dikt av Roald Volmer - Vandra V\u00e4gen","robots":{"index":"index","follow":"follow","max-snippet":"max-snippet:-1","max-image-preview":"max-image-preview:large","max-video-preview":"max-video-preview:-1"},"canonical":"https:\/\/blogg.svenskakyrkan.se\/vandravagen\/2014\/02\/18\/gud-ar-som-en-stjarna-dikt-av-roald-volmer\/","og_locale":"sv_SE","og_type":"article","og_title":"Gud \u00e4r som en stj\u00e4rna, dikt av Roald Volmer - Vandra V\u00e4gen","og_description":"Roald ber\u00e4ttar, l\u00e4ser dikter och spelar munspel H\u00e4romdagen var jag i Lundsbrunn och lyssnade p\u00e5 Roald Volmer som ber\u00e4ttade om sitt h\u00e4ndelserika liv. Han ber\u00e4ttade s\u00e4rskilt om hur det var att se solen g\u00e5 upp \u00f6ver Aconcagua i Mendozadistriktet i Argentina. Nere i dalen var det \u00e4nnu natt i flera timmar till n\u00e4r solen redan [&hellip;]","og_url":"https:\/\/blogg.svenskakyrkan.se\/vandravagen\/2014\/02\/18\/gud-ar-som-en-stjarna-dikt-av-roald-volmer\/","og_site_name":"Vandra V\u00e4gen","article_publisher":"http:\/\/facebook.com\/vandravagen","article_published_time":"2014-02-18T06:49:00+00:00","og_image":[{"url":"http:\/\/1.bp.blogspot.com\/-p81PAgy0fKE\/UvtTlR41ZeI\/AAAAAAAAG5I\/iGaetLOL1lo\/s1600\/IMG_3121.JPG","type":"","width":"","height":""}],"author":"Tomas Jarvid","twitter_card":"summary_large_image","twitter_creator":"@fadertomas","twitter_site":"@fadertomas","twitter_misc":{"Skriven av":"Tomas Jarvid","Ber\u00e4knad l\u00e4stid":"1 minut"},"schema":{"@context":"https:\/\/schema.org","@graph":[{"@type":"Article","@id":"https:\/\/blogg.svenskakyrkan.se\/vandravagen\/2014\/02\/18\/gud-ar-som-en-stjarna-dikt-av-roald-volmer\/#article","isPartOf":{"@id":"https:\/\/blogg.svenskakyrkan.se\/vandravagen\/2014\/02\/18\/gud-ar-som-en-stjarna-dikt-av-roald-volmer\/"},"author":{"name":"Tomas Jarvid","@id":"https:\/\/blogg.svenskakyrkan.se\/vandravagen\/#\/schema\/person\/25da02d4f76b137d04291711e2c9fc16"},"headline":"Gud \u00e4r som en stj\u00e4rna, dikt av Roald Volmer","datePublished":"2014-02-18T06:49:00+00:00","mainEntityOfPage":{"@id":"https:\/\/blogg.svenskakyrkan.se\/vandravagen\/2014\/02\/18\/gud-ar-som-en-stjarna-dikt-av-roald-volmer\/"},"wordCount":304,"commentCount":2,"publisher":{"@id":"https:\/\/blogg.svenskakyrkan.se\/vandravagen\/#organization"},"image":{"@id":"https:\/\/blogg.svenskakyrkan.se\/vandravagen\/2014\/02\/18\/gud-ar-som-en-stjarna-dikt-av-roald-volmer\/#primaryimage"},"thumbnailUrl":"http:\/\/1.bp.blogspot.com\/-p81PAgy0fKE\/UvtTlR41ZeI\/AAAAAAAAG5I\/iGaetLOL1lo\/s1600\/IMG_3121.JPG","articleSection":["Dagens Kyrka","poesi","Teologi"],"inLanguage":"sv-SE","potentialAction":[{"@type":"CommentAction","name":"Comment","target":["https:\/\/blogg.svenskakyrkan.se\/vandravagen\/2014\/02\/18\/gud-ar-som-en-stjarna-dikt-av-roald-volmer\/#respond"]}]},{"@type":"WebPage","@id":"https:\/\/blogg.svenskakyrkan.se\/vandravagen\/2014\/02\/18\/gud-ar-som-en-stjarna-dikt-av-roald-volmer\/","url":"https:\/\/blogg.svenskakyrkan.se\/vandravagen\/2014\/02\/18\/gud-ar-som-en-stjarna-dikt-av-roald-volmer\/","name":"Gud \u00e4r som en stj\u00e4rna, dikt av Roald Volmer - Vandra V\u00e4gen","isPartOf":{"@id":"https:\/\/blogg.svenskakyrkan.se\/vandravagen\/#website"},"primaryImageOfPage":{"@id":"https:\/\/blogg.svenskakyrkan.se\/vandravagen\/2014\/02\/18\/gud-ar-som-en-stjarna-dikt-av-roald-volmer\/#primaryimage"},"image":{"@id":"https:\/\/blogg.svenskakyrkan.se\/vandravagen\/2014\/02\/18\/gud-ar-som-en-stjarna-dikt-av-roald-volmer\/#primaryimage"},"thumbnailUrl":"http:\/\/1.bp.blogspot.com\/-p81PAgy0fKE\/UvtTlR41ZeI\/AAAAAAAAG5I\/iGaetLOL1lo\/s1600\/IMG_3121.JPG","datePublished":"2014-02-18T06:49:00+00:00","breadcrumb":{"@id":"https:\/\/blogg.svenskakyrkan.se\/vandravagen\/2014\/02\/18\/gud-ar-som-en-stjarna-dikt-av-roald-volmer\/#breadcrumb"},"inLanguage":"sv-SE","potentialAction":[{"@type":"ReadAction","target":["https:\/\/blogg.svenskakyrkan.se\/vandravagen\/2014\/02\/18\/gud-ar-som-en-stjarna-dikt-av-roald-volmer\/"]}]},{"@type":"ImageObject","inLanguage":"sv-SE","@id":"https:\/\/blogg.svenskakyrkan.se\/vandravagen\/2014\/02\/18\/gud-ar-som-en-stjarna-dikt-av-roald-volmer\/#primaryimage","url":"http:\/\/1.bp.blogspot.com\/-p81PAgy0fKE\/UvtTlR41ZeI\/AAAAAAAAG5I\/iGaetLOL1lo\/s1600\/IMG_3121.JPG","contentUrl":"http:\/\/1.bp.blogspot.com\/-p81PAgy0fKE\/UvtTlR41ZeI\/AAAAAAAAG5I\/iGaetLOL1lo\/s1600\/IMG_3121.JPG"},{"@type":"BreadcrumbList","@id":"https:\/\/blogg.svenskakyrkan.se\/vandravagen\/2014\/02\/18\/gud-ar-som-en-stjarna-dikt-av-roald-volmer\/#breadcrumb","itemListElement":[{"@type":"ListItem","position":1,"name":"Hem","item":"https:\/\/blogg.svenskakyrkan.se\/vandravagen\/"},{"@type":"ListItem","position":2,"name":"Gud \u00e4r som en stj\u00e4rna, dikt av Roald Volmer"}]},{"@type":"WebSite","@id":"https:\/\/blogg.svenskakyrkan.se\/vandravagen\/#website","url":"https:\/\/blogg.svenskakyrkan.se\/vandravagen\/","name":"Vandra V\u00e4gen","description":"-Mot en tro f\u00f6r hela livet","publisher":{"@id":"https:\/\/blogg.svenskakyrkan.se\/vandravagen\/#organization"},"potentialAction":[{"@type":"SearchAction","target":{"@type":"EntryPoint","urlTemplate":"https:\/\/blogg.svenskakyrkan.se\/vandravagen\/?s={search_term_string}"},"query-input":{"@type":"PropertyValueSpecification","valueRequired":true,"valueName":"search_term_string"}}],"inLanguage":"sv-SE"},{"@type":"Organization","@id":"https:\/\/blogg.svenskakyrkan.se\/vandravagen\/#organization","name":"ulricehamns pastorat","alternateName":"ulricehamns pastorat","url":"https:\/\/blogg.svenskakyrkan.se\/vandravagen\/","logo":{"@type":"ImageObject","inLanguage":"sv-SE","@id":"https:\/\/blogg.svenskakyrkan.se\/vandravagen\/#\/schema\/logo\/image\/","url":"https:\/\/blogg.svenskakyrkan.se\/vandravagen\/files\/2023\/05\/Ulr_logo_RGB.png","contentUrl":"https:\/\/blogg.svenskakyrkan.se\/vandravagen\/files\/2023\/05\/Ulr_logo_RGB.png","width":205,"height":77,"caption":"ulricehamns pastorat"},"image":{"@id":"https:\/\/blogg.svenskakyrkan.se\/vandravagen\/#\/schema\/logo\/image\/"},"sameAs":["http:\/\/facebook.com\/vandravagen","https:\/\/x.com\/fadertomas","http:\/\/www.facebook.com\/svenskakyrkaniulricehamn"]},{"@type":"Person","@id":"https:\/\/blogg.svenskakyrkan.se\/vandravagen\/#\/schema\/person\/25da02d4f76b137d04291711e2c9fc16","name":"Tomas Jarvid","image":{"@type":"ImageObject","inLanguage":"sv-SE","@id":"https:\/\/blogg.svenskakyrkan.se\/vandravagen\/#\/schema\/person\/image\/","url":"https:\/\/secure.gravatar.com\/avatar\/7fa71899795e8f540f615a1f5ab25255dc27aa40f05ee7ddd21aac521e01bf50?s=96&d=identicon&r=g","contentUrl":"https:\/\/secure.gravatar.com\/avatar\/7fa71899795e8f540f615a1f5ab25255dc27aa40f05ee7ddd21aac521e01bf50?s=96&d=identicon&r=g","caption":"Tomas Jarvid"},"description":"Jag bor i Ulricehamn i V\u00e4sterg\u00f6tland och \u00e4r f\u00f6rsamlingspr\u00e4st i Svenska Kyrkan f\u00f6r Dalstorps f\u00f6rsamling i Kinds pastorat. P\u00e5 den h\u00e4r bloggen skriver jag ner tankar om vandringen som kristen.","sameAs":["http:\/\/www.vandravagen.se"],"url":"https:\/\/blogg.svenskakyrkan.se\/vandravagen\/author\/vandravagen\/"}]}},"author_meta":{"ID":"392","user_nicename":"vandravagen","user_url":"http:\/\/www.vandravagen.se","user_registered":"2014-05-19 05:44:52","display_name":"Tomas Jarvid","first_name":"Tomas","last_name":"Jarvid","avatar":"https:\/\/secure.gravatar.com\/avatar\/7fa71899795e8f540f615a1f5ab25255dc27aa40f05ee7ddd21aac521e01bf50?s=96&d=identicon&r=g"},"featured_image":false,"bloginfo":{"name":"Vandra V\u00e4gen","url":"https:\/\/blogg.svenskakyrkan.se\/vandravagen"},"_links":{"self":[{"href":"https:\/\/blogg.svenskakyrkan.se\/vandravagen\/wp-json\/wp\/v2\/posts\/162","targetHints":{"allow":["GET"]}}],"collection":[{"href":"https:\/\/blogg.svenskakyrkan.se\/vandravagen\/wp-json\/wp\/v2\/posts"}],"about":[{"href":"https:\/\/blogg.svenskakyrkan.se\/vandravagen\/wp-json\/wp\/v2\/types\/post"}],"author":[{"embeddable":true,"href":"https:\/\/blogg.svenskakyrkan.se\/vandravagen\/wp-json\/wp\/v2\/users\/392"}],"replies":[{"embeddable":true,"href":"https:\/\/blogg.svenskakyrkan.se\/vandravagen\/wp-json\/wp\/v2\/comments?post=162"}],"version-history":[{"count":0,"href":"https:\/\/blogg.svenskakyrkan.se\/vandravagen\/wp-json\/wp\/v2\/posts\/162\/revisions"}],"wp:attachment":[{"href":"https:\/\/blogg.svenskakyrkan.se\/vandravagen\/wp-json\/wp\/v2\/media?parent=162"}],"wp:term":[{"taxonomy":"category","embeddable":true,"href":"https:\/\/blogg.svenskakyrkan.se\/vandravagen\/wp-json\/wp\/v2\/categories?post=162"},{"taxonomy":"post_tag","embeddable":true,"href":"https:\/\/blogg.svenskakyrkan.se\/vandravagen\/wp-json\/wp\/v2\/tags?post=162"}],"curies":[{"name":"wp","href":"https:\/\/api.w.org\/{rel}","templated":true}]}}