{"id":1625,"date":"2014-07-30T06:26:35","date_gmt":"2014-07-30T04:26:35","guid":{"rendered":"http:\/\/blogg.svenskakyrkan.se\/vandravagen\/?p=1625"},"modified":"2014-07-29T22:30:07","modified_gmt":"2014-07-29T20:30:07","slug":"vagkyrka-i-husaby","status":"publish","type":"post","link":"https:\/\/blogg.svenskakyrkan.se\/vandravagen\/2014\/07\/30\/vagkyrka-i-husaby\/","title":{"rendered":"V\u00e4gkyrka i Husaby"},"content":{"rendered":"<div id=\"attachment_1626\" style=\"width: 650px\" class=\"wp-caption aligncenter\"><img loading=\"lazy\" decoding=\"async\" aria-describedby=\"caption-attachment-1626\" class=\"size-full wp-image-1626\" alt=\"V\u00e4gkyrka \u00f6ppen, v\u00e4lkommen in.\" src=\"http:\/\/blogg.svenskakyrkan.se\/vandravagen\/files\/2014\/07\/DSC_0488.jpg\" width=\"640\" height=\"426\" srcset=\"https:\/\/blogg.svenskakyrkan.se\/vandravagen\/files\/2014\/07\/DSC_0488.jpg 640w, https:\/\/blogg.svenskakyrkan.se\/vandravagen\/files\/2014\/07\/DSC_0488-300x199.jpg 300w, https:\/\/blogg.svenskakyrkan.se\/vandravagen\/files\/2014\/07\/DSC_0488-450x300.jpg 450w\" sizes=\"auto, (max-width: 640px) 100vw, 640px\" \/><p id=\"caption-attachment-1626\" class=\"wp-caption-text\">V\u00e4gkyrka \u00f6ppen, v\u00e4lkommen in.<\/p><\/div>\n<p>Nu har jag varit p\u00e5 v\u00e4gkyrka. Inte n\u00e5gon v\u00e4rst avl\u00e4gsen eller s\u00e4rskilt ok\u00e4nd heller f\u00f6r den delen. Det \u00e4r v\u00e4gkyrkoveckor i Husaby f\u00f6rra veckan och denna s\u00e5 om du t\u00e4nkt titta f\u00f6rbi Husaby kyrka \u00e4r det extra bra tillf\u00e4lle nu i n\u00e5gra dagar till. Sen \u00e4r det ocks\u00e5 \u00f6ppet f\u00f6r bes\u00f6k dagligen l\u00e5ngt fram mot h\u00f6sten men d\u00e5 finns det inga v\u00e4rdar p\u00e5 plats.<\/p>\n<div id=\"attachment_1627\" style=\"width: 650px\" class=\"wp-caption aligncenter\"><a href=\"http:\/\/blogg.svenskakyrkan.se\/vandravagen\/files\/2014\/07\/DSC_0483.jpg\"><img loading=\"lazy\" decoding=\"async\" aria-describedby=\"caption-attachment-1627\" class=\"size-full wp-image-1627\" alt=\"En port som \u00f6ppen st\u00e5r.\" src=\"http:\/\/blogg.svenskakyrkan.se\/vandravagen\/files\/2014\/07\/DSC_0483.jpg\" width=\"640\" height=\"426\" srcset=\"https:\/\/blogg.svenskakyrkan.se\/vandravagen\/files\/2014\/07\/DSC_0483.jpg 640w, https:\/\/blogg.svenskakyrkan.se\/vandravagen\/files\/2014\/07\/DSC_0483-300x199.jpg 300w, https:\/\/blogg.svenskakyrkan.se\/vandravagen\/files\/2014\/07\/DSC_0483-450x300.jpg 450w\" sizes=\"auto, (max-width: 640px) 100vw, 640px\" \/><\/a><p id=\"caption-attachment-1627\" class=\"wp-caption-text\">En port som \u00f6ppen st\u00e5r.<\/p><\/div>\n<p>Man k\u00e4nner sig lite f\u00e5raktig n\u00e4r man inser att man instinktivt st\u00e4ller sig och kollar in bokbordet f\u00f6r att \u00f6gonblicket senare inse att man varit med och valt ut b\u00f6ckerna dit. Ett fint bokbord \u00e4r det allts\u00e5 i alla fall. Och trevliga och p\u00e5l\u00e4sta unga v\u00e4rdar som tar emot bes\u00f6karna.<\/p>\n<div id=\"attachment_1628\" style=\"width: 650px\" class=\"wp-caption aligncenter\"><a href=\"http:\/\/blogg.svenskakyrkan.se\/vandravagen\/files\/2014\/07\/DSC_0484.jpg\"><img loading=\"lazy\" decoding=\"async\" aria-describedby=\"caption-attachment-1628\" class=\"size-full wp-image-1628\" alt=\"Fr\u00e4lsarkrans att begrunda vid.\" src=\"http:\/\/blogg.svenskakyrkan.se\/vandravagen\/files\/2014\/07\/DSC_0484.jpg\" width=\"640\" height=\"426\" srcset=\"https:\/\/blogg.svenskakyrkan.se\/vandravagen\/files\/2014\/07\/DSC_0484.jpg 640w, https:\/\/blogg.svenskakyrkan.se\/vandravagen\/files\/2014\/07\/DSC_0484-300x199.jpg 300w, https:\/\/blogg.svenskakyrkan.se\/vandravagen\/files\/2014\/07\/DSC_0484-450x300.jpg 450w\" sizes=\"auto, (max-width: 640px) 100vw, 640px\" \/><\/a><p id=\"caption-attachment-1628\" class=\"wp-caption-text\">Fr\u00e4lsarkrans att begrunda vid.<\/p><\/div>\n<p>Vi kom f\u00f6rst ig\u00e5r s\u00e5 v\u00e4rdarna h\u00f6ll just p\u00e5 att t\u00e4nda ljus, som denna fr\u00e4lsarkrans i ljuslyktor. Och en r\u00f6d stol att s\u00e4tta sig p\u00e5 f\u00f6r en stunds eftertanke. Det \u00e4r andakt i kyrkan 14 varje dag, dessutom ordnas det tornvandring och en hel del musikprogram men tanken \u00e4r ocks\u00e5 att man ska kunna f\u00e5 lite st\u00f6d f\u00f6r tankarna om man vill ha en egen andakt n\u00e4r man tittar f\u00f6rbi.<\/p>\n<div id=\"attachment_1629\" style=\"width: 436px\" class=\"wp-caption aligncenter\"><a href=\"http:\/\/blogg.svenskakyrkan.se\/vandravagen\/files\/2014\/07\/DSC_0495.jpg\"><img loading=\"lazy\" decoding=\"async\" aria-describedby=\"caption-attachment-1629\" class=\"size-full wp-image-1629\" alt=\"S\u00e5d\u00e4r bild men man vill ju ha n\u00e5got p\u00e5 utsidan ocks\u00e5.\" src=\"http:\/\/blogg.svenskakyrkan.se\/vandravagen\/files\/2014\/07\/DSC_0495.jpg\" width=\"426\" height=\"640\" srcset=\"https:\/\/blogg.svenskakyrkan.se\/vandravagen\/files\/2014\/07\/DSC_0495.jpg 426w, https:\/\/blogg.svenskakyrkan.se\/vandravagen\/files\/2014\/07\/DSC_0495-300x450.jpg 300w, https:\/\/blogg.svenskakyrkan.se\/vandravagen\/files\/2014\/07\/DSC_0495-199x300.jpg 199w\" sizes=\"auto, (max-width: 426px) 100vw, 426px\" \/><\/a><p id=\"caption-attachment-1629\" class=\"wp-caption-text\">S\u00e5d\u00e4r bild men man vill ju ha n\u00e5got p\u00e5 utsidan ocks\u00e5.<\/p><\/div>\n<p>Jag blev f\u00f6rv\u00e5nad och lite upprymd n\u00e4r jag passerade kyrkan h\u00e4romdagen och s\u00e5g att v\u00e4rdarna hade lappat bilarna p\u00e5 parkeringen med inbjudan till andakt. S\u00e5nt gillar jag.<\/p>\n<div id=\"attachment_1630\" style=\"width: 650px\" class=\"wp-caption aligncenter\"><a href=\"http:\/\/blogg.svenskakyrkan.se\/vandravagen\/files\/2014\/07\/DSC_0491.jpg\"><img loading=\"lazy\" decoding=\"async\" aria-describedby=\"caption-attachment-1630\" class=\"size-full wp-image-1630\" alt=\"Sankt Sigfrids k\u00e4lla. Med r\u00f6tt bord \u00e4ven h\u00e4r.\" src=\"http:\/\/blogg.svenskakyrkan.se\/vandravagen\/files\/2014\/07\/DSC_0491.jpg\" width=\"640\" height=\"426\" srcset=\"https:\/\/blogg.svenskakyrkan.se\/vandravagen\/files\/2014\/07\/DSC_0491.jpg 640w, https:\/\/blogg.svenskakyrkan.se\/vandravagen\/files\/2014\/07\/DSC_0491-300x199.jpg 300w, https:\/\/blogg.svenskakyrkan.se\/vandravagen\/files\/2014\/07\/DSC_0491-450x300.jpg 450w\" sizes=\"auto, (max-width: 640px) 100vw, 640px\" \/><\/a><p id=\"caption-attachment-1630\" class=\"wp-caption-text\">Sankt Sigfrids k\u00e4lla. Med r\u00f6tt bord \u00e4ven h\u00e4r.<\/p><\/div>\n<p>Det finns ocks\u00e5 ett litet r\u00f6tt bord nere vid Sigfrids k\u00e4lla. Ocks\u00e5 det en mycket vacker plats.<\/p>\n<p>Det \u00e4r alltid roligt att visa upp Husaby kyrka och dess unika atmosf\u00e4r, ta chansen du att bes\u00f6ka den i sommar. H\u00f6r av dig om du vill s\u00e5 kanske vi kan ses som hastigast?<\/p>\n","protected":false},"excerpt":{"rendered":"<p>Nu har jag varit p\u00e5 v\u00e4gkyrka. Inte n\u00e5gon v\u00e4rst avl\u00e4gsen eller s\u00e4rskilt ok\u00e4nd heller f\u00f6r den delen. Det \u00e4r v\u00e4gkyrkoveckor i Husaby f\u00f6rra veckan och denna s\u00e5 om du t\u00e4nkt titta f\u00f6rbi Husaby kyrka \u00e4r det extra bra tillf\u00e4lle nu i n\u00e5gra dagar till. Sen \u00e4r det ocks\u00e5 \u00f6ppet f\u00f6r bes\u00f6k dagligen l\u00e5ngt fram mot [&hellip;]<\/p>\n","protected":false},"author":392,"featured_media":0,"comment_status":"open","ping_status":"open","sticky":false,"template":"","format":"standard","meta":{"_acf_changed":false,"footnotes":""},"categories":[56,76766,76189],"tags":[],"class_list":["post-1625","post","type-post","status-publish","format-standard","hentry","category-bilder","category-blandat","category-dagens-kyrka"],"acf":[],"yoast_head":"<!-- This site is optimized with the Yoast SEO plugin v27.1.1 - https:\/\/yoast.com\/product\/yoast-seo-wordpress\/ -->\n<title>V\u00e4gkyrka i Husaby - Vandra V\u00e4gen<\/title>\n<meta name=\"robots\" content=\"index, follow, max-snippet:-1, max-image-preview:large, max-video-preview:-1\" \/>\n<link rel=\"canonical\" href=\"https:\/\/blogg.svenskakyrkan.se\/vandravagen\/2014\/07\/30\/vagkyrka-i-husaby\/\" \/>\n<meta property=\"og:locale\" content=\"sv_SE\" \/>\n<meta property=\"og:type\" content=\"article\" \/>\n<meta property=\"og:title\" content=\"V\u00e4gkyrka i Husaby - Vandra V\u00e4gen\" \/>\n<meta property=\"og:description\" content=\"Nu har jag varit p\u00e5 v\u00e4gkyrka. Inte n\u00e5gon v\u00e4rst avl\u00e4gsen eller s\u00e4rskilt ok\u00e4nd heller f\u00f6r den delen. Det \u00e4r v\u00e4gkyrkoveckor i Husaby f\u00f6rra veckan och denna s\u00e5 om du t\u00e4nkt titta f\u00f6rbi Husaby kyrka \u00e4r det extra bra tillf\u00e4lle nu i n\u00e5gra dagar till. Sen \u00e4r det ocks\u00e5 \u00f6ppet f\u00f6r bes\u00f6k dagligen l\u00e5ngt fram mot [&hellip;]\" \/>\n<meta property=\"og:url\" content=\"https:\/\/blogg.svenskakyrkan.se\/vandravagen\/2014\/07\/30\/vagkyrka-i-husaby\/\" \/>\n<meta property=\"og:site_name\" content=\"Vandra V\u00e4gen\" \/>\n<meta property=\"article:publisher\" content=\"http:\/\/facebook.com\/vandravagen\" \/>\n<meta property=\"article:published_time\" content=\"2014-07-30T04:26:35+00:00\" \/>\n<meta property=\"og:image\" content=\"http:\/\/blogg.svenskakyrkan.se\/vandravagen\/files\/2014\/07\/DSC_0488.jpg\" \/>\n<meta name=\"author\" content=\"Tomas Jarvid\" \/>\n<meta name=\"twitter:card\" content=\"summary_large_image\" \/>\n<meta name=\"twitter:creator\" content=\"@fadertomas\" \/>\n<meta name=\"twitter:site\" content=\"@fadertomas\" \/>\n<meta name=\"twitter:label1\" content=\"Skriven av\" \/>\n\t<meta name=\"twitter:data1\" content=\"Tomas Jarvid\" \/>\n\t<meta name=\"twitter:label2\" content=\"Ber\u00e4knad l\u00e4stid\" \/>\n\t<meta name=\"twitter:data2\" content=\"2 minuter\" \/>\n<script type=\"application\/ld+json\" class=\"yoast-schema-graph\">{\"@context\":\"https:\/\/schema.org\",\"@graph\":[{\"@type\":\"Article\",\"@id\":\"https:\/\/blogg.svenskakyrkan.se\/vandravagen\/2014\/07\/30\/vagkyrka-i-husaby\/#article\",\"isPartOf\":{\"@id\":\"https:\/\/blogg.svenskakyrkan.se\/vandravagen\/2014\/07\/30\/vagkyrka-i-husaby\/\"},\"author\":{\"name\":\"Tomas Jarvid\",\"@id\":\"https:\/\/blogg.svenskakyrkan.se\/vandravagen\/#\/schema\/person\/25da02d4f76b137d04291711e2c9fc16\"},\"headline\":\"V\u00e4gkyrka i Husaby\",\"datePublished\":\"2014-07-30T04:26:35+00:00\",\"mainEntityOfPage\":{\"@id\":\"https:\/\/blogg.svenskakyrkan.se\/vandravagen\/2014\/07\/30\/vagkyrka-i-husaby\/\"},\"wordCount\":395,\"commentCount\":2,\"publisher\":{\"@id\":\"https:\/\/blogg.svenskakyrkan.se\/vandravagen\/#organization\"},\"image\":{\"@id\":\"https:\/\/blogg.svenskakyrkan.se\/vandravagen\/2014\/07\/30\/vagkyrka-i-husaby\/#primaryimage\"},\"thumbnailUrl\":\"http:\/\/blogg.svenskakyrkan.se\/vandravagen\/files\/2014\/07\/DSC_0488.jpg\",\"articleSection\":[\"bilder\",\"blandat\",\"Dagens Kyrka\"],\"inLanguage\":\"sv-SE\",\"potentialAction\":[{\"@type\":\"CommentAction\",\"name\":\"Comment\",\"target\":[\"https:\/\/blogg.svenskakyrkan.se\/vandravagen\/2014\/07\/30\/vagkyrka-i-husaby\/#respond\"]}]},{\"@type\":\"WebPage\",\"@id\":\"https:\/\/blogg.svenskakyrkan.se\/vandravagen\/2014\/07\/30\/vagkyrka-i-husaby\/\",\"url\":\"https:\/\/blogg.svenskakyrkan.se\/vandravagen\/2014\/07\/30\/vagkyrka-i-husaby\/\",\"name\":\"V\u00e4gkyrka i Husaby - Vandra V\u00e4gen\",\"isPartOf\":{\"@id\":\"https:\/\/blogg.svenskakyrkan.se\/vandravagen\/#website\"},\"primaryImageOfPage\":{\"@id\":\"https:\/\/blogg.svenskakyrkan.se\/vandravagen\/2014\/07\/30\/vagkyrka-i-husaby\/#primaryimage\"},\"image\":{\"@id\":\"https:\/\/blogg.svenskakyrkan.se\/vandravagen\/2014\/07\/30\/vagkyrka-i-husaby\/#primaryimage\"},\"thumbnailUrl\":\"http:\/\/blogg.svenskakyrkan.se\/vandravagen\/files\/2014\/07\/DSC_0488.jpg\",\"datePublished\":\"2014-07-30T04:26:35+00:00\",\"breadcrumb\":{\"@id\":\"https:\/\/blogg.svenskakyrkan.se\/vandravagen\/2014\/07\/30\/vagkyrka-i-husaby\/#breadcrumb\"},\"inLanguage\":\"sv-SE\",\"potentialAction\":[{\"@type\":\"ReadAction\",\"target\":[\"https:\/\/blogg.svenskakyrkan.se\/vandravagen\/2014\/07\/30\/vagkyrka-i-husaby\/\"]}]},{\"@type\":\"ImageObject\",\"inLanguage\":\"sv-SE\",\"@id\":\"https:\/\/blogg.svenskakyrkan.se\/vandravagen\/2014\/07\/30\/vagkyrka-i-husaby\/#primaryimage\",\"url\":\"http:\/\/blogg.svenskakyrkan.se\/vandravagen\/files\/2014\/07\/DSC_0488.jpg\",\"contentUrl\":\"http:\/\/blogg.svenskakyrkan.se\/vandravagen\/files\/2014\/07\/DSC_0488.jpg\"},{\"@type\":\"BreadcrumbList\",\"@id\":\"https:\/\/blogg.svenskakyrkan.se\/vandravagen\/2014\/07\/30\/vagkyrka-i-husaby\/#breadcrumb\",\"itemListElement\":[{\"@type\":\"ListItem\",\"position\":1,\"name\":\"Hem\",\"item\":\"https:\/\/blogg.svenskakyrkan.se\/vandravagen\/\"},{\"@type\":\"ListItem\",\"position\":2,\"name\":\"V\u00e4gkyrka i Husaby\"}]},{\"@type\":\"WebSite\",\"@id\":\"https:\/\/blogg.svenskakyrkan.se\/vandravagen\/#website\",\"url\":\"https:\/\/blogg.svenskakyrkan.se\/vandravagen\/\",\"name\":\"Vandra V\u00e4gen\",\"description\":\"-Mot en tro f\u00f6r hela livet\",\"publisher\":{\"@id\":\"https:\/\/blogg.svenskakyrkan.se\/vandravagen\/#organization\"},\"potentialAction\":[{\"@type\":\"SearchAction\",\"target\":{\"@type\":\"EntryPoint\",\"urlTemplate\":\"https:\/\/blogg.svenskakyrkan.se\/vandravagen\/?s={search_term_string}\"},\"query-input\":{\"@type\":\"PropertyValueSpecification\",\"valueRequired\":true,\"valueName\":\"search_term_string\"}}],\"inLanguage\":\"sv-SE\"},{\"@type\":\"Organization\",\"@id\":\"https:\/\/blogg.svenskakyrkan.se\/vandravagen\/#organization\",\"name\":\"ulricehamns pastorat\",\"alternateName\":\"ulricehamns pastorat\",\"url\":\"https:\/\/blogg.svenskakyrkan.se\/vandravagen\/\",\"logo\":{\"@type\":\"ImageObject\",\"inLanguage\":\"sv-SE\",\"@id\":\"https:\/\/blogg.svenskakyrkan.se\/vandravagen\/#\/schema\/logo\/image\/\",\"url\":\"https:\/\/blogg.svenskakyrkan.se\/vandravagen\/files\/2023\/05\/Ulr_logo_RGB.png\",\"contentUrl\":\"https:\/\/blogg.svenskakyrkan.se\/vandravagen\/files\/2023\/05\/Ulr_logo_RGB.png\",\"width\":205,\"height\":77,\"caption\":\"ulricehamns pastorat\"},\"image\":{\"@id\":\"https:\/\/blogg.svenskakyrkan.se\/vandravagen\/#\/schema\/logo\/image\/\"},\"sameAs\":[\"http:\/\/facebook.com\/vandravagen\",\"https:\/\/x.com\/fadertomas\",\"http:\/\/www.facebook.com\/svenskakyrkaniulricehamn\"]},{\"@type\":\"Person\",\"@id\":\"https:\/\/blogg.svenskakyrkan.se\/vandravagen\/#\/schema\/person\/25da02d4f76b137d04291711e2c9fc16\",\"name\":\"Tomas Jarvid\",\"image\":{\"@type\":\"ImageObject\",\"inLanguage\":\"sv-SE\",\"@id\":\"https:\/\/blogg.svenskakyrkan.se\/vandravagen\/#\/schema\/person\/image\/\",\"url\":\"https:\/\/secure.gravatar.com\/avatar\/7fa71899795e8f540f615a1f5ab25255dc27aa40f05ee7ddd21aac521e01bf50?s=96&d=identicon&r=g\",\"contentUrl\":\"https:\/\/secure.gravatar.com\/avatar\/7fa71899795e8f540f615a1f5ab25255dc27aa40f05ee7ddd21aac521e01bf50?s=96&d=identicon&r=g\",\"caption\":\"Tomas Jarvid\"},\"description\":\"Jag bor i Ulricehamn i V\u00e4sterg\u00f6tland och \u00e4r f\u00f6rsamlingspr\u00e4st i Svenska Kyrkan f\u00f6r Dalstorps f\u00f6rsamling i Kinds pastorat. P\u00e5 den h\u00e4r bloggen skriver jag ner tankar om vandringen som kristen.\",\"sameAs\":[\"http:\/\/www.vandravagen.se\"],\"url\":\"https:\/\/blogg.svenskakyrkan.se\/vandravagen\/author\/vandravagen\/\"}]}<\/script>\n<!-- \/ Yoast SEO plugin. -->","yoast_head_json":{"title":"V\u00e4gkyrka i Husaby - Vandra V\u00e4gen","robots":{"index":"index","follow":"follow","max-snippet":"max-snippet:-1","max-image-preview":"max-image-preview:large","max-video-preview":"max-video-preview:-1"},"canonical":"https:\/\/blogg.svenskakyrkan.se\/vandravagen\/2014\/07\/30\/vagkyrka-i-husaby\/","og_locale":"sv_SE","og_type":"article","og_title":"V\u00e4gkyrka i Husaby - Vandra V\u00e4gen","og_description":"Nu har jag varit p\u00e5 v\u00e4gkyrka. Inte n\u00e5gon v\u00e4rst avl\u00e4gsen eller s\u00e4rskilt ok\u00e4nd heller f\u00f6r den delen. Det \u00e4r v\u00e4gkyrkoveckor i Husaby f\u00f6rra veckan och denna s\u00e5 om du t\u00e4nkt titta f\u00f6rbi Husaby kyrka \u00e4r det extra bra tillf\u00e4lle nu i n\u00e5gra dagar till. Sen \u00e4r det ocks\u00e5 \u00f6ppet f\u00f6r bes\u00f6k dagligen l\u00e5ngt fram mot [&hellip;]","og_url":"https:\/\/blogg.svenskakyrkan.se\/vandravagen\/2014\/07\/30\/vagkyrka-i-husaby\/","og_site_name":"Vandra V\u00e4gen","article_publisher":"http:\/\/facebook.com\/vandravagen","article_published_time":"2014-07-30T04:26:35+00:00","og_image":[{"url":"http:\/\/blogg.svenskakyrkan.se\/vandravagen\/files\/2014\/07\/DSC_0488.jpg","type":"","width":"","height":""}],"author":"Tomas Jarvid","twitter_card":"summary_large_image","twitter_creator":"@fadertomas","twitter_site":"@fadertomas","twitter_misc":{"Skriven av":"Tomas Jarvid","Ber\u00e4knad l\u00e4stid":"2 minuter"},"schema":{"@context":"https:\/\/schema.org","@graph":[{"@type":"Article","@id":"https:\/\/blogg.svenskakyrkan.se\/vandravagen\/2014\/07\/30\/vagkyrka-i-husaby\/#article","isPartOf":{"@id":"https:\/\/blogg.svenskakyrkan.se\/vandravagen\/2014\/07\/30\/vagkyrka-i-husaby\/"},"author":{"name":"Tomas Jarvid","@id":"https:\/\/blogg.svenskakyrkan.se\/vandravagen\/#\/schema\/person\/25da02d4f76b137d04291711e2c9fc16"},"headline":"V\u00e4gkyrka i Husaby","datePublished":"2014-07-30T04:26:35+00:00","mainEntityOfPage":{"@id":"https:\/\/blogg.svenskakyrkan.se\/vandravagen\/2014\/07\/30\/vagkyrka-i-husaby\/"},"wordCount":395,"commentCount":2,"publisher":{"@id":"https:\/\/blogg.svenskakyrkan.se\/vandravagen\/#organization"},"image":{"@id":"https:\/\/blogg.svenskakyrkan.se\/vandravagen\/2014\/07\/30\/vagkyrka-i-husaby\/#primaryimage"},"thumbnailUrl":"http:\/\/blogg.svenskakyrkan.se\/vandravagen\/files\/2014\/07\/DSC_0488.jpg","articleSection":["bilder","blandat","Dagens Kyrka"],"inLanguage":"sv-SE","potentialAction":[{"@type":"CommentAction","name":"Comment","target":["https:\/\/blogg.svenskakyrkan.se\/vandravagen\/2014\/07\/30\/vagkyrka-i-husaby\/#respond"]}]},{"@type":"WebPage","@id":"https:\/\/blogg.svenskakyrkan.se\/vandravagen\/2014\/07\/30\/vagkyrka-i-husaby\/","url":"https:\/\/blogg.svenskakyrkan.se\/vandravagen\/2014\/07\/30\/vagkyrka-i-husaby\/","name":"V\u00e4gkyrka i Husaby - Vandra V\u00e4gen","isPartOf":{"@id":"https:\/\/blogg.svenskakyrkan.se\/vandravagen\/#website"},"primaryImageOfPage":{"@id":"https:\/\/blogg.svenskakyrkan.se\/vandravagen\/2014\/07\/30\/vagkyrka-i-husaby\/#primaryimage"},"image":{"@id":"https:\/\/blogg.svenskakyrkan.se\/vandravagen\/2014\/07\/30\/vagkyrka-i-husaby\/#primaryimage"},"thumbnailUrl":"http:\/\/blogg.svenskakyrkan.se\/vandravagen\/files\/2014\/07\/DSC_0488.jpg","datePublished":"2014-07-30T04:26:35+00:00","breadcrumb":{"@id":"https:\/\/blogg.svenskakyrkan.se\/vandravagen\/2014\/07\/30\/vagkyrka-i-husaby\/#breadcrumb"},"inLanguage":"sv-SE","potentialAction":[{"@type":"ReadAction","target":["https:\/\/blogg.svenskakyrkan.se\/vandravagen\/2014\/07\/30\/vagkyrka-i-husaby\/"]}]},{"@type":"ImageObject","inLanguage":"sv-SE","@id":"https:\/\/blogg.svenskakyrkan.se\/vandravagen\/2014\/07\/30\/vagkyrka-i-husaby\/#primaryimage","url":"http:\/\/blogg.svenskakyrkan.se\/vandravagen\/files\/2014\/07\/DSC_0488.jpg","contentUrl":"http:\/\/blogg.svenskakyrkan.se\/vandravagen\/files\/2014\/07\/DSC_0488.jpg"},{"@type":"BreadcrumbList","@id":"https:\/\/blogg.svenskakyrkan.se\/vandravagen\/2014\/07\/30\/vagkyrka-i-husaby\/#breadcrumb","itemListElement":[{"@type":"ListItem","position":1,"name":"Hem","item":"https:\/\/blogg.svenskakyrkan.se\/vandravagen\/"},{"@type":"ListItem","position":2,"name":"V\u00e4gkyrka i Husaby"}]},{"@type":"WebSite","@id":"https:\/\/blogg.svenskakyrkan.se\/vandravagen\/#website","url":"https:\/\/blogg.svenskakyrkan.se\/vandravagen\/","name":"Vandra V\u00e4gen","description":"-Mot en tro f\u00f6r hela livet","publisher":{"@id":"https:\/\/blogg.svenskakyrkan.se\/vandravagen\/#organization"},"potentialAction":[{"@type":"SearchAction","target":{"@type":"EntryPoint","urlTemplate":"https:\/\/blogg.svenskakyrkan.se\/vandravagen\/?s={search_term_string}"},"query-input":{"@type":"PropertyValueSpecification","valueRequired":true,"valueName":"search_term_string"}}],"inLanguage":"sv-SE"},{"@type":"Organization","@id":"https:\/\/blogg.svenskakyrkan.se\/vandravagen\/#organization","name":"ulricehamns pastorat","alternateName":"ulricehamns pastorat","url":"https:\/\/blogg.svenskakyrkan.se\/vandravagen\/","logo":{"@type":"ImageObject","inLanguage":"sv-SE","@id":"https:\/\/blogg.svenskakyrkan.se\/vandravagen\/#\/schema\/logo\/image\/","url":"https:\/\/blogg.svenskakyrkan.se\/vandravagen\/files\/2023\/05\/Ulr_logo_RGB.png","contentUrl":"https:\/\/blogg.svenskakyrkan.se\/vandravagen\/files\/2023\/05\/Ulr_logo_RGB.png","width":205,"height":77,"caption":"ulricehamns pastorat"},"image":{"@id":"https:\/\/blogg.svenskakyrkan.se\/vandravagen\/#\/schema\/logo\/image\/"},"sameAs":["http:\/\/facebook.com\/vandravagen","https:\/\/x.com\/fadertomas","http:\/\/www.facebook.com\/svenskakyrkaniulricehamn"]},{"@type":"Person","@id":"https:\/\/blogg.svenskakyrkan.se\/vandravagen\/#\/schema\/person\/25da02d4f76b137d04291711e2c9fc16","name":"Tomas Jarvid","image":{"@type":"ImageObject","inLanguage":"sv-SE","@id":"https:\/\/blogg.svenskakyrkan.se\/vandravagen\/#\/schema\/person\/image\/","url":"https:\/\/secure.gravatar.com\/avatar\/7fa71899795e8f540f615a1f5ab25255dc27aa40f05ee7ddd21aac521e01bf50?s=96&d=identicon&r=g","contentUrl":"https:\/\/secure.gravatar.com\/avatar\/7fa71899795e8f540f615a1f5ab25255dc27aa40f05ee7ddd21aac521e01bf50?s=96&d=identicon&r=g","caption":"Tomas Jarvid"},"description":"Jag bor i Ulricehamn i V\u00e4sterg\u00f6tland och \u00e4r f\u00f6rsamlingspr\u00e4st i Svenska Kyrkan f\u00f6r Dalstorps f\u00f6rsamling i Kinds pastorat. P\u00e5 den h\u00e4r bloggen skriver jag ner tankar om vandringen som kristen.","sameAs":["http:\/\/www.vandravagen.se"],"url":"https:\/\/blogg.svenskakyrkan.se\/vandravagen\/author\/vandravagen\/"}]}},"author_meta":{"ID":"392","user_nicename":"vandravagen","user_url":"http:\/\/www.vandravagen.se","user_registered":"2014-05-19 05:44:52","display_name":"Tomas Jarvid","first_name":"Tomas","last_name":"Jarvid","avatar":"https:\/\/secure.gravatar.com\/avatar\/7fa71899795e8f540f615a1f5ab25255dc27aa40f05ee7ddd21aac521e01bf50?s=96&d=identicon&r=g"},"featured_image":false,"bloginfo":{"name":"Vandra V\u00e4gen","url":"https:\/\/blogg.svenskakyrkan.se\/vandravagen"},"_links":{"self":[{"href":"https:\/\/blogg.svenskakyrkan.se\/vandravagen\/wp-json\/wp\/v2\/posts\/1625","targetHints":{"allow":["GET"]}}],"collection":[{"href":"https:\/\/blogg.svenskakyrkan.se\/vandravagen\/wp-json\/wp\/v2\/posts"}],"about":[{"href":"https:\/\/blogg.svenskakyrkan.se\/vandravagen\/wp-json\/wp\/v2\/types\/post"}],"author":[{"embeddable":true,"href":"https:\/\/blogg.svenskakyrkan.se\/vandravagen\/wp-json\/wp\/v2\/users\/392"}],"replies":[{"embeddable":true,"href":"https:\/\/blogg.svenskakyrkan.se\/vandravagen\/wp-json\/wp\/v2\/comments?post=1625"}],"version-history":[{"count":2,"href":"https:\/\/blogg.svenskakyrkan.se\/vandravagen\/wp-json\/wp\/v2\/posts\/1625\/revisions"}],"predecessor-version":[{"id":1632,"href":"https:\/\/blogg.svenskakyrkan.se\/vandravagen\/wp-json\/wp\/v2\/posts\/1625\/revisions\/1632"}],"wp:attachment":[{"href":"https:\/\/blogg.svenskakyrkan.se\/vandravagen\/wp-json\/wp\/v2\/media?parent=1625"}],"wp:term":[{"taxonomy":"category","embeddable":true,"href":"https:\/\/blogg.svenskakyrkan.se\/vandravagen\/wp-json\/wp\/v2\/categories?post=1625"},{"taxonomy":"post_tag","embeddable":true,"href":"https:\/\/blogg.svenskakyrkan.se\/vandravagen\/wp-json\/wp\/v2\/tags?post=1625"}],"curies":[{"name":"wp","href":"https:\/\/api.w.org\/{rel}","templated":true}]}}