{"id":164,"date":"2014-02-16T20:17:00","date_gmt":"2014-02-16T19:17:00","guid":{"rendered":"http:\/\/blogg.svenskakyrkan.se\/vandravagen\/2014\/02\/16\/dagens-episteltext-som-sang-all-i-once-hel-dear\/"},"modified":"2014-02-16T20:17:00","modified_gmt":"2014-02-16T19:17:00","slug":"dagens-episteltext-som-sang-all-i-once-hel-dear","status":"publish","type":"post","link":"https:\/\/blogg.svenskakyrkan.se\/vandravagen\/2014\/02\/16\/dagens-episteltext-som-sang-all-i-once-hel-dear\/","title":{"rendered":"Dagens episteltext som s\u00e5ng: &quot;All i once hel dear&quot;"},"content":{"rendered":"<div><\/div>\n<div><\/div>\n<div>Det h\u00e4r \u00e4r en s\u00e5ng jag tycker mycket om. Dessutom \u00e4r det i stort sett ordagrant en \u00e5tergivning av episteln f\u00f6r s\u00f6ndagen (septuagesima, tredje \u00e5rg\u00e5ngen) Filipperbrevet 3:7-14 (h\u00e4r fr\u00e5n bibel 2000):<\/div>\n<div><\/div>\n<blockquote>\n<p>Paulus skriver, fr\u00e5n f\u00e4ngelset:<\/p>\n<p>&#8221;Men allt s\u00e5dant som var en vinst f\u00f6r mig har jag f\u00f6r Kristi skull kommit att r\u00e4kna som en ren f\u00f6rlust. Ja, jag r\u00e4knar faktiskt allt som en f\u00f6rlust j\u00e4mf\u00f6rt med det som \u00e4r l\u00e5ngt mera v\u00e4rt, kunskapen om min herre Kristus Jesus. F\u00f6r hans skull har allt det andra f\u00f6rlorat sitt v\u00e4rde f\u00f6r mig. Jag kastar det p\u00e5 soph\u00f6gen f\u00f6r att vinna Kristus och f\u00e5 leva i honom, inte med den r\u00e4ttf\u00e4rdighet som lagen ger utan med den som kommer av tro p\u00e5 Kristus, den r\u00e4ttf\u00e4rdighet som Gud ger \u00e5t dem som tror.\u00a0<\/p>\n<\/blockquote>\n<blockquote>\n<p>Jag vill l\u00e4ra k\u00e4nna Kristus och kraften fr\u00e5n hans uppst\u00e5ndelse och dela hans lidanden, genom att bli lik honom i en d\u00f6d som hans \u2013 kanske jag d\u00e5 kan n\u00e5 fram till uppst\u00e5ndelsen fr\u00e5n de d\u00f6da.\u00a0<\/p>\n<\/blockquote>\n<blockquote>\n<p>Tro inte att jag redan har n\u00e5tt detta eller redan har blivit fullkomlig. Men jag g\u00f6r allt f\u00f6r att gripa det, n\u00e4r nu Kristus Jesus har f\u00e5tt mig i sitt grepp. Br\u00f6der, jag menar inte att jag har det i min hand, men ett \u00e4r s\u00e4kert: jag gl\u00f6mmer det som ligger bakom mig och str\u00e4cker mig mot det som ligger framf\u00f6r mig och l\u00f6per mot m\u00e5let f\u00f6r att vinna det pris d\u00e4r uppe som Gud har kallat oss till genom Kristus Jesus.&#8221;<\/p>\n<\/blockquote>\n","protected":false},"excerpt":{"rendered":"<p>Det h\u00e4r \u00e4r en s\u00e5ng jag tycker mycket om. Dessutom \u00e4r det i stort sett ordagrant en \u00e5tergivning av episteln f\u00f6r s\u00f6ndagen (septuagesima, tredje \u00e5rg\u00e5ngen) Filipperbrevet 3:7-14 (h\u00e4r fr\u00e5n bibel 2000): Paulus skriver, fr\u00e5n f\u00e4ngelset: &#8221;Men allt s\u00e5dant som var en vinst f\u00f6r mig har jag f\u00f6r Kristi skull kommit att r\u00e4kna som en ren [&hellip;]<\/p>\n","protected":false},"author":392,"featured_media":0,"comment_status":"open","ping_status":"open","sticky":false,"template":"","format":"standard","meta":{"_acf_changed":false,"footnotes":""},"categories":[8298,76189,8252,8266],"tags":[],"class_list":["post-164","post","type-post","status-publish","format-standard","hentry","category-bibeln","category-dagens-kyrka","category-kyrkoaret","category-musik"],"acf":[],"yoast_head":"<!-- This site is optimized with the Yoast SEO plugin v27.1.1 - https:\/\/yoast.com\/product\/yoast-seo-wordpress\/ -->\n<title>Dagens episteltext som s\u00e5ng: &quot;All i once hel dear&quot; - Vandra V\u00e4gen<\/title>\n<meta name=\"robots\" content=\"index, follow, max-snippet:-1, max-image-preview:large, max-video-preview:-1\" \/>\n<link rel=\"canonical\" href=\"https:\/\/blogg.svenskakyrkan.se\/vandravagen\/2014\/02\/16\/dagens-episteltext-som-sang-all-i-once-hel-dear\/\" \/>\n<meta property=\"og:locale\" content=\"sv_SE\" \/>\n<meta property=\"og:type\" content=\"article\" \/>\n<meta property=\"og:title\" content=\"Dagens episteltext som s\u00e5ng: &quot;All i once hel dear&quot; - Vandra V\u00e4gen\" \/>\n<meta property=\"og:description\" content=\"Det h\u00e4r \u00e4r en s\u00e5ng jag tycker mycket om. Dessutom \u00e4r det i stort sett ordagrant en \u00e5tergivning av episteln f\u00f6r s\u00f6ndagen (septuagesima, tredje \u00e5rg\u00e5ngen) Filipperbrevet 3:7-14 (h\u00e4r fr\u00e5n bibel 2000): Paulus skriver, fr\u00e5n f\u00e4ngelset: &#8221;Men allt s\u00e5dant som var en vinst f\u00f6r mig har jag f\u00f6r Kristi skull kommit att r\u00e4kna som en ren [&hellip;]\" \/>\n<meta property=\"og:url\" content=\"https:\/\/blogg.svenskakyrkan.se\/vandravagen\/2014\/02\/16\/dagens-episteltext-som-sang-all-i-once-hel-dear\/\" \/>\n<meta property=\"og:site_name\" content=\"Vandra V\u00e4gen\" \/>\n<meta property=\"article:publisher\" content=\"http:\/\/facebook.com\/vandravagen\" \/>\n<meta property=\"article:published_time\" content=\"2014-02-16T19:17:00+00:00\" \/>\n<meta name=\"author\" content=\"Tomas Jarvid\" \/>\n<meta name=\"twitter:card\" content=\"summary_large_image\" \/>\n<meta name=\"twitter:creator\" content=\"@fadertomas\" \/>\n<meta name=\"twitter:site\" content=\"@fadertomas\" \/>\n<meta name=\"twitter:label1\" content=\"Skriven av\" \/>\n\t<meta name=\"twitter:data1\" content=\"Tomas Jarvid\" \/>\n\t<meta name=\"twitter:label2\" content=\"Ber\u00e4knad l\u00e4stid\" \/>\n\t<meta name=\"twitter:data2\" content=\"1 minut\" \/>\n<script type=\"application\/ld+json\" class=\"yoast-schema-graph\">{\"@context\":\"https:\/\/schema.org\",\"@graph\":[{\"@type\":\"Article\",\"@id\":\"https:\/\/blogg.svenskakyrkan.se\/vandravagen\/2014\/02\/16\/dagens-episteltext-som-sang-all-i-once-hel-dear\/#article\",\"isPartOf\":{\"@id\":\"https:\/\/blogg.svenskakyrkan.se\/vandravagen\/2014\/02\/16\/dagens-episteltext-som-sang-all-i-once-hel-dear\/\"},\"author\":{\"name\":\"Tomas Jarvid\",\"@id\":\"https:\/\/blogg.svenskakyrkan.se\/vandravagen\/#\/schema\/person\/25da02d4f76b137d04291711e2c9fc16\"},\"headline\":\"Dagens episteltext som s\u00e5ng: &quot;All i once hel dear&quot;\",\"datePublished\":\"2014-02-16T19:17:00+00:00\",\"mainEntityOfPage\":{\"@id\":\"https:\/\/blogg.svenskakyrkan.se\/vandravagen\/2014\/02\/16\/dagens-episteltext-som-sang-all-i-once-hel-dear\/\"},\"wordCount\":309,\"commentCount\":0,\"publisher\":{\"@id\":\"https:\/\/blogg.svenskakyrkan.se\/vandravagen\/#organization\"},\"articleSection\":[\"Bibeln\",\"Dagens Kyrka\",\"kyrko\u00e5ret\",\"musik\"],\"inLanguage\":\"sv-SE\",\"potentialAction\":[{\"@type\":\"CommentAction\",\"name\":\"Comment\",\"target\":[\"https:\/\/blogg.svenskakyrkan.se\/vandravagen\/2014\/02\/16\/dagens-episteltext-som-sang-all-i-once-hel-dear\/#respond\"]}]},{\"@type\":\"WebPage\",\"@id\":\"https:\/\/blogg.svenskakyrkan.se\/vandravagen\/2014\/02\/16\/dagens-episteltext-som-sang-all-i-once-hel-dear\/\",\"url\":\"https:\/\/blogg.svenskakyrkan.se\/vandravagen\/2014\/02\/16\/dagens-episteltext-som-sang-all-i-once-hel-dear\/\",\"name\":\"Dagens episteltext som s\u00e5ng: &quot;All i once hel dear&quot; - Vandra V\u00e4gen\",\"isPartOf\":{\"@id\":\"https:\/\/blogg.svenskakyrkan.se\/vandravagen\/#website\"},\"datePublished\":\"2014-02-16T19:17:00+00:00\",\"breadcrumb\":{\"@id\":\"https:\/\/blogg.svenskakyrkan.se\/vandravagen\/2014\/02\/16\/dagens-episteltext-som-sang-all-i-once-hel-dear\/#breadcrumb\"},\"inLanguage\":\"sv-SE\",\"potentialAction\":[{\"@type\":\"ReadAction\",\"target\":[\"https:\/\/blogg.svenskakyrkan.se\/vandravagen\/2014\/02\/16\/dagens-episteltext-som-sang-all-i-once-hel-dear\/\"]}]},{\"@type\":\"BreadcrumbList\",\"@id\":\"https:\/\/blogg.svenskakyrkan.se\/vandravagen\/2014\/02\/16\/dagens-episteltext-som-sang-all-i-once-hel-dear\/#breadcrumb\",\"itemListElement\":[{\"@type\":\"ListItem\",\"position\":1,\"name\":\"Hem\",\"item\":\"https:\/\/blogg.svenskakyrkan.se\/vandravagen\/\"},{\"@type\":\"ListItem\",\"position\":2,\"name\":\"Dagens episteltext som s\u00e5ng: &quot;All i once hel dear&quot;\"}]},{\"@type\":\"WebSite\",\"@id\":\"https:\/\/blogg.svenskakyrkan.se\/vandravagen\/#website\",\"url\":\"https:\/\/blogg.svenskakyrkan.se\/vandravagen\/\",\"name\":\"Vandra V\u00e4gen\",\"description\":\"-Mot en tro f\u00f6r hela livet\",\"publisher\":{\"@id\":\"https:\/\/blogg.svenskakyrkan.se\/vandravagen\/#organization\"},\"potentialAction\":[{\"@type\":\"SearchAction\",\"target\":{\"@type\":\"EntryPoint\",\"urlTemplate\":\"https:\/\/blogg.svenskakyrkan.se\/vandravagen\/?s={search_term_string}\"},\"query-input\":{\"@type\":\"PropertyValueSpecification\",\"valueRequired\":true,\"valueName\":\"search_term_string\"}}],\"inLanguage\":\"sv-SE\"},{\"@type\":\"Organization\",\"@id\":\"https:\/\/blogg.svenskakyrkan.se\/vandravagen\/#organization\",\"name\":\"ulricehamns pastorat\",\"alternateName\":\"ulricehamns pastorat\",\"url\":\"https:\/\/blogg.svenskakyrkan.se\/vandravagen\/\",\"logo\":{\"@type\":\"ImageObject\",\"inLanguage\":\"sv-SE\",\"@id\":\"https:\/\/blogg.svenskakyrkan.se\/vandravagen\/#\/schema\/logo\/image\/\",\"url\":\"https:\/\/blogg.svenskakyrkan.se\/vandravagen\/files\/2023\/05\/Ulr_logo_RGB.png\",\"contentUrl\":\"https:\/\/blogg.svenskakyrkan.se\/vandravagen\/files\/2023\/05\/Ulr_logo_RGB.png\",\"width\":205,\"height\":77,\"caption\":\"ulricehamns pastorat\"},\"image\":{\"@id\":\"https:\/\/blogg.svenskakyrkan.se\/vandravagen\/#\/schema\/logo\/image\/\"},\"sameAs\":[\"http:\/\/facebook.com\/vandravagen\",\"https:\/\/x.com\/fadertomas\",\"http:\/\/www.facebook.com\/svenskakyrkaniulricehamn\"]},{\"@type\":\"Person\",\"@id\":\"https:\/\/blogg.svenskakyrkan.se\/vandravagen\/#\/schema\/person\/25da02d4f76b137d04291711e2c9fc16\",\"name\":\"Tomas Jarvid\",\"image\":{\"@type\":\"ImageObject\",\"inLanguage\":\"sv-SE\",\"@id\":\"https:\/\/blogg.svenskakyrkan.se\/vandravagen\/#\/schema\/person\/image\/\",\"url\":\"https:\/\/secure.gravatar.com\/avatar\/7fa71899795e8f540f615a1f5ab25255dc27aa40f05ee7ddd21aac521e01bf50?s=96&d=identicon&r=g\",\"contentUrl\":\"https:\/\/secure.gravatar.com\/avatar\/7fa71899795e8f540f615a1f5ab25255dc27aa40f05ee7ddd21aac521e01bf50?s=96&d=identicon&r=g\",\"caption\":\"Tomas Jarvid\"},\"description\":\"Jag bor i Ulricehamn i V\u00e4sterg\u00f6tland och \u00e4r f\u00f6rsamlingspr\u00e4st i Svenska Kyrkan f\u00f6r Dalstorps f\u00f6rsamling i Kinds pastorat. P\u00e5 den h\u00e4r bloggen skriver jag ner tankar om vandringen som kristen.\",\"sameAs\":[\"http:\/\/www.vandravagen.se\"],\"url\":\"https:\/\/blogg.svenskakyrkan.se\/vandravagen\/author\/vandravagen\/\"}]}<\/script>\n<!-- \/ Yoast SEO plugin. -->","yoast_head_json":{"title":"Dagens episteltext som s\u00e5ng: &quot;All i once hel dear&quot; - Vandra V\u00e4gen","robots":{"index":"index","follow":"follow","max-snippet":"max-snippet:-1","max-image-preview":"max-image-preview:large","max-video-preview":"max-video-preview:-1"},"canonical":"https:\/\/blogg.svenskakyrkan.se\/vandravagen\/2014\/02\/16\/dagens-episteltext-som-sang-all-i-once-hel-dear\/","og_locale":"sv_SE","og_type":"article","og_title":"Dagens episteltext som s\u00e5ng: &quot;All i once hel dear&quot; - Vandra V\u00e4gen","og_description":"Det h\u00e4r \u00e4r en s\u00e5ng jag tycker mycket om. Dessutom \u00e4r det i stort sett ordagrant en \u00e5tergivning av episteln f\u00f6r s\u00f6ndagen (septuagesima, tredje \u00e5rg\u00e5ngen) Filipperbrevet 3:7-14 (h\u00e4r fr\u00e5n bibel 2000): Paulus skriver, fr\u00e5n f\u00e4ngelset: &#8221;Men allt s\u00e5dant som var en vinst f\u00f6r mig har jag f\u00f6r Kristi skull kommit att r\u00e4kna som en ren [&hellip;]","og_url":"https:\/\/blogg.svenskakyrkan.se\/vandravagen\/2014\/02\/16\/dagens-episteltext-som-sang-all-i-once-hel-dear\/","og_site_name":"Vandra V\u00e4gen","article_publisher":"http:\/\/facebook.com\/vandravagen","article_published_time":"2014-02-16T19:17:00+00:00","author":"Tomas Jarvid","twitter_card":"summary_large_image","twitter_creator":"@fadertomas","twitter_site":"@fadertomas","twitter_misc":{"Skriven av":"Tomas Jarvid","Ber\u00e4knad l\u00e4stid":"1 minut"},"schema":{"@context":"https:\/\/schema.org","@graph":[{"@type":"Article","@id":"https:\/\/blogg.svenskakyrkan.se\/vandravagen\/2014\/02\/16\/dagens-episteltext-som-sang-all-i-once-hel-dear\/#article","isPartOf":{"@id":"https:\/\/blogg.svenskakyrkan.se\/vandravagen\/2014\/02\/16\/dagens-episteltext-som-sang-all-i-once-hel-dear\/"},"author":{"name":"Tomas Jarvid","@id":"https:\/\/blogg.svenskakyrkan.se\/vandravagen\/#\/schema\/person\/25da02d4f76b137d04291711e2c9fc16"},"headline":"Dagens episteltext som s\u00e5ng: &quot;All i once hel dear&quot;","datePublished":"2014-02-16T19:17:00+00:00","mainEntityOfPage":{"@id":"https:\/\/blogg.svenskakyrkan.se\/vandravagen\/2014\/02\/16\/dagens-episteltext-som-sang-all-i-once-hel-dear\/"},"wordCount":309,"commentCount":0,"publisher":{"@id":"https:\/\/blogg.svenskakyrkan.se\/vandravagen\/#organization"},"articleSection":["Bibeln","Dagens Kyrka","kyrko\u00e5ret","musik"],"inLanguage":"sv-SE","potentialAction":[{"@type":"CommentAction","name":"Comment","target":["https:\/\/blogg.svenskakyrkan.se\/vandravagen\/2014\/02\/16\/dagens-episteltext-som-sang-all-i-once-hel-dear\/#respond"]}]},{"@type":"WebPage","@id":"https:\/\/blogg.svenskakyrkan.se\/vandravagen\/2014\/02\/16\/dagens-episteltext-som-sang-all-i-once-hel-dear\/","url":"https:\/\/blogg.svenskakyrkan.se\/vandravagen\/2014\/02\/16\/dagens-episteltext-som-sang-all-i-once-hel-dear\/","name":"Dagens episteltext som s\u00e5ng: &quot;All i once hel dear&quot; - Vandra V\u00e4gen","isPartOf":{"@id":"https:\/\/blogg.svenskakyrkan.se\/vandravagen\/#website"},"datePublished":"2014-02-16T19:17:00+00:00","breadcrumb":{"@id":"https:\/\/blogg.svenskakyrkan.se\/vandravagen\/2014\/02\/16\/dagens-episteltext-som-sang-all-i-once-hel-dear\/#breadcrumb"},"inLanguage":"sv-SE","potentialAction":[{"@type":"ReadAction","target":["https:\/\/blogg.svenskakyrkan.se\/vandravagen\/2014\/02\/16\/dagens-episteltext-som-sang-all-i-once-hel-dear\/"]}]},{"@type":"BreadcrumbList","@id":"https:\/\/blogg.svenskakyrkan.se\/vandravagen\/2014\/02\/16\/dagens-episteltext-som-sang-all-i-once-hel-dear\/#breadcrumb","itemListElement":[{"@type":"ListItem","position":1,"name":"Hem","item":"https:\/\/blogg.svenskakyrkan.se\/vandravagen\/"},{"@type":"ListItem","position":2,"name":"Dagens episteltext som s\u00e5ng: &quot;All i once hel dear&quot;"}]},{"@type":"WebSite","@id":"https:\/\/blogg.svenskakyrkan.se\/vandravagen\/#website","url":"https:\/\/blogg.svenskakyrkan.se\/vandravagen\/","name":"Vandra V\u00e4gen","description":"-Mot en tro f\u00f6r hela livet","publisher":{"@id":"https:\/\/blogg.svenskakyrkan.se\/vandravagen\/#organization"},"potentialAction":[{"@type":"SearchAction","target":{"@type":"EntryPoint","urlTemplate":"https:\/\/blogg.svenskakyrkan.se\/vandravagen\/?s={search_term_string}"},"query-input":{"@type":"PropertyValueSpecification","valueRequired":true,"valueName":"search_term_string"}}],"inLanguage":"sv-SE"},{"@type":"Organization","@id":"https:\/\/blogg.svenskakyrkan.se\/vandravagen\/#organization","name":"ulricehamns pastorat","alternateName":"ulricehamns pastorat","url":"https:\/\/blogg.svenskakyrkan.se\/vandravagen\/","logo":{"@type":"ImageObject","inLanguage":"sv-SE","@id":"https:\/\/blogg.svenskakyrkan.se\/vandravagen\/#\/schema\/logo\/image\/","url":"https:\/\/blogg.svenskakyrkan.se\/vandravagen\/files\/2023\/05\/Ulr_logo_RGB.png","contentUrl":"https:\/\/blogg.svenskakyrkan.se\/vandravagen\/files\/2023\/05\/Ulr_logo_RGB.png","width":205,"height":77,"caption":"ulricehamns pastorat"},"image":{"@id":"https:\/\/blogg.svenskakyrkan.se\/vandravagen\/#\/schema\/logo\/image\/"},"sameAs":["http:\/\/facebook.com\/vandravagen","https:\/\/x.com\/fadertomas","http:\/\/www.facebook.com\/svenskakyrkaniulricehamn"]},{"@type":"Person","@id":"https:\/\/blogg.svenskakyrkan.se\/vandravagen\/#\/schema\/person\/25da02d4f76b137d04291711e2c9fc16","name":"Tomas Jarvid","image":{"@type":"ImageObject","inLanguage":"sv-SE","@id":"https:\/\/blogg.svenskakyrkan.se\/vandravagen\/#\/schema\/person\/image\/","url":"https:\/\/secure.gravatar.com\/avatar\/7fa71899795e8f540f615a1f5ab25255dc27aa40f05ee7ddd21aac521e01bf50?s=96&d=identicon&r=g","contentUrl":"https:\/\/secure.gravatar.com\/avatar\/7fa71899795e8f540f615a1f5ab25255dc27aa40f05ee7ddd21aac521e01bf50?s=96&d=identicon&r=g","caption":"Tomas Jarvid"},"description":"Jag bor i Ulricehamn i V\u00e4sterg\u00f6tland och \u00e4r f\u00f6rsamlingspr\u00e4st i Svenska Kyrkan f\u00f6r Dalstorps f\u00f6rsamling i Kinds pastorat. P\u00e5 den h\u00e4r bloggen skriver jag ner tankar om vandringen som kristen.","sameAs":["http:\/\/www.vandravagen.se"],"url":"https:\/\/blogg.svenskakyrkan.se\/vandravagen\/author\/vandravagen\/"}]}},"author_meta":{"ID":"392","user_nicename":"vandravagen","user_url":"http:\/\/www.vandravagen.se","user_registered":"2014-05-19 05:44:52","display_name":"Tomas Jarvid","first_name":"Tomas","last_name":"Jarvid","avatar":"https:\/\/secure.gravatar.com\/avatar\/7fa71899795e8f540f615a1f5ab25255dc27aa40f05ee7ddd21aac521e01bf50?s=96&d=identicon&r=g"},"featured_image":false,"bloginfo":{"name":"Vandra V\u00e4gen","url":"https:\/\/blogg.svenskakyrkan.se\/vandravagen"},"_links":{"self":[{"href":"https:\/\/blogg.svenskakyrkan.se\/vandravagen\/wp-json\/wp\/v2\/posts\/164","targetHints":{"allow":["GET"]}}],"collection":[{"href":"https:\/\/blogg.svenskakyrkan.se\/vandravagen\/wp-json\/wp\/v2\/posts"}],"about":[{"href":"https:\/\/blogg.svenskakyrkan.se\/vandravagen\/wp-json\/wp\/v2\/types\/post"}],"author":[{"embeddable":true,"href":"https:\/\/blogg.svenskakyrkan.se\/vandravagen\/wp-json\/wp\/v2\/users\/392"}],"replies":[{"embeddable":true,"href":"https:\/\/blogg.svenskakyrkan.se\/vandravagen\/wp-json\/wp\/v2\/comments?post=164"}],"version-history":[{"count":0,"href":"https:\/\/blogg.svenskakyrkan.se\/vandravagen\/wp-json\/wp\/v2\/posts\/164\/revisions"}],"wp:attachment":[{"href":"https:\/\/blogg.svenskakyrkan.se\/vandravagen\/wp-json\/wp\/v2\/media?parent=164"}],"wp:term":[{"taxonomy":"category","embeddable":true,"href":"https:\/\/blogg.svenskakyrkan.se\/vandravagen\/wp-json\/wp\/v2\/categories?post=164"},{"taxonomy":"post_tag","embeddable":true,"href":"https:\/\/blogg.svenskakyrkan.se\/vandravagen\/wp-json\/wp\/v2\/tags?post=164"}],"curies":[{"name":"wp","href":"https:\/\/api.w.org\/{rel}","templated":true}]}}