{"id":166,"date":"2014-02-15T08:33:00","date_gmt":"2014-02-15T07:33:00","guid":{"rendered":"http:\/\/blogg.svenskakyrkan.se\/vandravagen\/2014\/02\/15\/st-sigfrids-dag-15e-februari-grattis\/"},"modified":"2014-02-15T08:33:00","modified_gmt":"2014-02-15T07:33:00","slug":"st-sigfrids-dag-15e-februari-grattis","status":"publish","type":"post","link":"https:\/\/blogg.svenskakyrkan.se\/vandravagen\/2014\/02\/15\/st-sigfrids-dag-15e-februari-grattis\/","title":{"rendered":"St Sigfrids dag 15e februari, grattis!"},"content":{"rendered":"<table align=\"center\" cellpadding=\"0\" cellspacing=\"0\">\n<tbody>\n<tr>\n<td><a href=\"http:\/\/2.bp.blogspot.com\/-WCP68s5Xs04\/Uvyz8EFPibI\/AAAAAAAAG9Y\/4II3i5thdQA\/s1600\/sigfrid+Husaby+kyrka.jpg\"><img loading=\"lazy\" decoding=\"async\" border=\"0\" src=\"http:\/\/2.bp.blogspot.com\/-WCP68s5Xs04\/Uvyz8EFPibI\/AAAAAAAAG9Y\/4II3i5thdQA\/s1600\/sigfrid+Husaby+kyrka.jpg\" height=\"426\" width=\"640\"><\/a><\/td>\n<\/tr>\n<tr>\n<td>St Sigfrid vackert snidad i Husaby kyrka<\/td>\n<\/tr>\n<\/tbody>\n<\/table>\n<div><\/div>\n<div><\/div>\n<p>Det duggar t\u00e4tt mellan helgondagarna f\u00f6r personer med anknytning till Husaby i februari. Den f\u00f6rsta februari var <a href=\"http:\/\/www.vandravagen.se\/2014\/02\/sta-brigidas-kalla-i-husaby.html\">sta Brigidas dag<\/a>, idag \u00e4r det St Sigfrids dag och snart kan man fira Anna av Novgorod\/Ingegerd fr\u00e5n Husaby, antingen den 10e eller 23e februari.<\/p>\n<div><a href=\"http:\/\/2.bp.blogspot.com\/-IgAfg3VdeUA\/Uvyz7NTUbeI\/AAAAAAAAG9Q\/lnr5UBVahdw\/s1600\/st+sigfrid+ikon.jpg\"><img loading=\"lazy\" decoding=\"async\" border=\"0\" src=\"http:\/\/2.bp.blogspot.com\/-IgAfg3VdeUA\/Uvyz7NTUbeI\/AAAAAAAAG9Q\/lnr5UBVahdw\/s1600\/st+sigfrid+ikon.jpg\" height=\"320\" width=\"320\"><\/a><\/div>\n<p>Jag har skrivit <a href=\"http:\/\/www.vandravagen.se\/2013\/02\/grattis-st-sigfrid-local-saint.html\">om Sigfrid tidigare<\/a>\u00a0b\u00e5de om hans dag och om<a href=\"http:\/\/www.vandravagen.se\/2013\/03\/st-sigfrid-ocksa-i-gotene.html\"> bilden i G\u00f6tene kyrka.<\/a>\u00a0En engelsk biskop som verkade som mission\u00e4r i Sverige (den kristna tron spreds i v\u00e5rt land fr\u00e5n de brittiska \u00f6arna), var den som d\u00f6pte Olof Sk\u00f6tkonung h\u00e4r i Husaby medan hans brors\u00f6ner Unaman, Vinaman och Vinaman (kyrkohistoriens svar p\u00e5 Knatte Fnatte och Tjatte efter namnet?) verkade i V\u00e4xj\u00f6trakten.<\/p>\n<p>N\u00e4r Sigfrid kom efter till V\u00e4xj\u00f6 var hans s\u00f6ner dr\u00e4pta som martyrer och han fick samla ihop deras avhuggna huvuden som fl\u00f6t p\u00e5 vattnet. D\u00e4rf\u00f6r avbildas han med deras huvuden i ett kar. Gruvliga historier! L\u00e4s g\u00e4rna mer om <a href=\"http:\/\/wadbring.com\/historia\/undersidor\/sigfridslegenden.htm\">Sigfridslegenden<\/a>.<\/p>\n<p>Kanske kom han v\u00e4sterifr\u00e5n med b\u00e5t \u00f6ver V\u00e4nern och vandrade f\u00f6rbi d\u00e4r vi nu bor tusen \u00e5r senare? Vad var han f\u00f6r person egentligen? Vilken drivkraft han m\u00e5ste haft f\u00f6r att ge sig p\u00e5 att resa hit och sprida den kristna tron!<\/p>\n","protected":false},"excerpt":{"rendered":"<p>St Sigfrid vackert snidad i Husaby kyrka Det duggar t\u00e4tt mellan helgondagarna f\u00f6r personer med anknytning till Husaby i februari. Den f\u00f6rsta februari var sta Brigidas dag, idag \u00e4r det St Sigfrids dag och snart kan man fira Anna av Novgorod\/Ingegerd fr\u00e5n Husaby, antingen den 10e eller 23e februari. Jag har skrivit om Sigfrid tidigare\u00a0b\u00e5de [&hellip;]<\/p>\n","protected":false},"author":392,"featured_media":0,"comment_status":"open","ping_status":"open","sticky":false,"template":"","format":"standard","meta":{"_acf_changed":false,"footnotes":""},"categories":[76189,19356,8252,8287],"tags":[],"class_list":["post-166","post","type-post","status-publish","format-standard","hentry","category-dagens-kyrka","category-helgon","category-kyrkoaret","category-mission"],"acf":[],"yoast_head":"<!-- This site is optimized with the Yoast SEO plugin v27.1.1 - https:\/\/yoast.com\/product\/yoast-seo-wordpress\/ -->\n<title>St Sigfrids dag 15e februari, grattis! - Vandra V\u00e4gen<\/title>\n<meta name=\"robots\" content=\"index, follow, max-snippet:-1, max-image-preview:large, max-video-preview:-1\" \/>\n<link rel=\"canonical\" href=\"https:\/\/blogg.svenskakyrkan.se\/vandravagen\/2014\/02\/15\/st-sigfrids-dag-15e-februari-grattis\/\" \/>\n<meta property=\"og:locale\" content=\"sv_SE\" \/>\n<meta property=\"og:type\" content=\"article\" \/>\n<meta property=\"og:title\" content=\"St Sigfrids dag 15e februari, grattis! - Vandra V\u00e4gen\" \/>\n<meta property=\"og:description\" content=\"St Sigfrid vackert snidad i Husaby kyrka Det duggar t\u00e4tt mellan helgondagarna f\u00f6r personer med anknytning till Husaby i februari. Den f\u00f6rsta februari var sta Brigidas dag, idag \u00e4r det St Sigfrids dag och snart kan man fira Anna av Novgorod\/Ingegerd fr\u00e5n Husaby, antingen den 10e eller 23e februari. Jag har skrivit om Sigfrid tidigare\u00a0b\u00e5de [&hellip;]\" \/>\n<meta property=\"og:url\" content=\"https:\/\/blogg.svenskakyrkan.se\/vandravagen\/2014\/02\/15\/st-sigfrids-dag-15e-februari-grattis\/\" \/>\n<meta property=\"og:site_name\" content=\"Vandra V\u00e4gen\" \/>\n<meta property=\"article:publisher\" content=\"http:\/\/facebook.com\/vandravagen\" \/>\n<meta property=\"article:published_time\" content=\"2014-02-15T07:33:00+00:00\" \/>\n<meta property=\"og:image\" content=\"http:\/\/2.bp.blogspot.com\/-WCP68s5Xs04\/Uvyz8EFPibI\/AAAAAAAAG9Y\/4II3i5thdQA\/s1600\/sigfrid+Husaby+kyrka.jpg\" \/>\n<meta name=\"author\" content=\"Tomas Jarvid\" \/>\n<meta name=\"twitter:card\" content=\"summary_large_image\" \/>\n<meta name=\"twitter:creator\" content=\"@fadertomas\" \/>\n<meta name=\"twitter:site\" content=\"@fadertomas\" \/>\n<meta name=\"twitter:label1\" content=\"Skriven av\" \/>\n\t<meta name=\"twitter:data1\" content=\"Tomas Jarvid\" \/>\n\t<meta name=\"twitter:label2\" content=\"Ber\u00e4knad l\u00e4stid\" \/>\n\t<meta name=\"twitter:data2\" content=\"1 minut\" \/>\n<script type=\"application\/ld+json\" class=\"yoast-schema-graph\">{\"@context\":\"https:\/\/schema.org\",\"@graph\":[{\"@type\":\"Article\",\"@id\":\"https:\/\/blogg.svenskakyrkan.se\/vandravagen\/2014\/02\/15\/st-sigfrids-dag-15e-februari-grattis\/#article\",\"isPartOf\":{\"@id\":\"https:\/\/blogg.svenskakyrkan.se\/vandravagen\/2014\/02\/15\/st-sigfrids-dag-15e-februari-grattis\/\"},\"author\":{\"name\":\"Tomas Jarvid\",\"@id\":\"https:\/\/blogg.svenskakyrkan.se\/vandravagen\/#\/schema\/person\/25da02d4f76b137d04291711e2c9fc16\"},\"headline\":\"St Sigfrids dag 15e februari, grattis!\",\"datePublished\":\"2014-02-15T07:33:00+00:00\",\"mainEntityOfPage\":{\"@id\":\"https:\/\/blogg.svenskakyrkan.se\/vandravagen\/2014\/02\/15\/st-sigfrids-dag-15e-februari-grattis\/\"},\"wordCount\":235,\"commentCount\":0,\"publisher\":{\"@id\":\"https:\/\/blogg.svenskakyrkan.se\/vandravagen\/#organization\"},\"image\":{\"@id\":\"https:\/\/blogg.svenskakyrkan.se\/vandravagen\/2014\/02\/15\/st-sigfrids-dag-15e-februari-grattis\/#primaryimage\"},\"thumbnailUrl\":\"http:\/\/2.bp.blogspot.com\/-WCP68s5Xs04\/Uvyz8EFPibI\/AAAAAAAAG9Y\/4II3i5thdQA\/s1600\/sigfrid+Husaby+kyrka.jpg\",\"articleSection\":[\"Dagens Kyrka\",\"helgon\",\"kyrko\u00e5ret\",\"mission\"],\"inLanguage\":\"sv-SE\",\"potentialAction\":[{\"@type\":\"CommentAction\",\"name\":\"Comment\",\"target\":[\"https:\/\/blogg.svenskakyrkan.se\/vandravagen\/2014\/02\/15\/st-sigfrids-dag-15e-februari-grattis\/#respond\"]}]},{\"@type\":\"WebPage\",\"@id\":\"https:\/\/blogg.svenskakyrkan.se\/vandravagen\/2014\/02\/15\/st-sigfrids-dag-15e-februari-grattis\/\",\"url\":\"https:\/\/blogg.svenskakyrkan.se\/vandravagen\/2014\/02\/15\/st-sigfrids-dag-15e-februari-grattis\/\",\"name\":\"St Sigfrids dag 15e februari, grattis! - Vandra V\u00e4gen\",\"isPartOf\":{\"@id\":\"https:\/\/blogg.svenskakyrkan.se\/vandravagen\/#website\"},\"primaryImageOfPage\":{\"@id\":\"https:\/\/blogg.svenskakyrkan.se\/vandravagen\/2014\/02\/15\/st-sigfrids-dag-15e-februari-grattis\/#primaryimage\"},\"image\":{\"@id\":\"https:\/\/blogg.svenskakyrkan.se\/vandravagen\/2014\/02\/15\/st-sigfrids-dag-15e-februari-grattis\/#primaryimage\"},\"thumbnailUrl\":\"http:\/\/2.bp.blogspot.com\/-WCP68s5Xs04\/Uvyz8EFPibI\/AAAAAAAAG9Y\/4II3i5thdQA\/s1600\/sigfrid+Husaby+kyrka.jpg\",\"datePublished\":\"2014-02-15T07:33:00+00:00\",\"breadcrumb\":{\"@id\":\"https:\/\/blogg.svenskakyrkan.se\/vandravagen\/2014\/02\/15\/st-sigfrids-dag-15e-februari-grattis\/#breadcrumb\"},\"inLanguage\":\"sv-SE\",\"potentialAction\":[{\"@type\":\"ReadAction\",\"target\":[\"https:\/\/blogg.svenskakyrkan.se\/vandravagen\/2014\/02\/15\/st-sigfrids-dag-15e-februari-grattis\/\"]}]},{\"@type\":\"ImageObject\",\"inLanguage\":\"sv-SE\",\"@id\":\"https:\/\/blogg.svenskakyrkan.se\/vandravagen\/2014\/02\/15\/st-sigfrids-dag-15e-februari-grattis\/#primaryimage\",\"url\":\"http:\/\/2.bp.blogspot.com\/-WCP68s5Xs04\/Uvyz8EFPibI\/AAAAAAAAG9Y\/4II3i5thdQA\/s1600\/sigfrid+Husaby+kyrka.jpg\",\"contentUrl\":\"http:\/\/2.bp.blogspot.com\/-WCP68s5Xs04\/Uvyz8EFPibI\/AAAAAAAAG9Y\/4II3i5thdQA\/s1600\/sigfrid+Husaby+kyrka.jpg\"},{\"@type\":\"BreadcrumbList\",\"@id\":\"https:\/\/blogg.svenskakyrkan.se\/vandravagen\/2014\/02\/15\/st-sigfrids-dag-15e-februari-grattis\/#breadcrumb\",\"itemListElement\":[{\"@type\":\"ListItem\",\"position\":1,\"name\":\"Hem\",\"item\":\"https:\/\/blogg.svenskakyrkan.se\/vandravagen\/\"},{\"@type\":\"ListItem\",\"position\":2,\"name\":\"St Sigfrids dag 15e februari, grattis!\"}]},{\"@type\":\"WebSite\",\"@id\":\"https:\/\/blogg.svenskakyrkan.se\/vandravagen\/#website\",\"url\":\"https:\/\/blogg.svenskakyrkan.se\/vandravagen\/\",\"name\":\"Vandra V\u00e4gen\",\"description\":\"-Mot en tro f\u00f6r hela livet\",\"publisher\":{\"@id\":\"https:\/\/blogg.svenskakyrkan.se\/vandravagen\/#organization\"},\"potentialAction\":[{\"@type\":\"SearchAction\",\"target\":{\"@type\":\"EntryPoint\",\"urlTemplate\":\"https:\/\/blogg.svenskakyrkan.se\/vandravagen\/?s={search_term_string}\"},\"query-input\":{\"@type\":\"PropertyValueSpecification\",\"valueRequired\":true,\"valueName\":\"search_term_string\"}}],\"inLanguage\":\"sv-SE\"},{\"@type\":\"Organization\",\"@id\":\"https:\/\/blogg.svenskakyrkan.se\/vandravagen\/#organization\",\"name\":\"ulricehamns pastorat\",\"alternateName\":\"ulricehamns pastorat\",\"url\":\"https:\/\/blogg.svenskakyrkan.se\/vandravagen\/\",\"logo\":{\"@type\":\"ImageObject\",\"inLanguage\":\"sv-SE\",\"@id\":\"https:\/\/blogg.svenskakyrkan.se\/vandravagen\/#\/schema\/logo\/image\/\",\"url\":\"https:\/\/blogg.svenskakyrkan.se\/vandravagen\/files\/2023\/05\/Ulr_logo_RGB.png\",\"contentUrl\":\"https:\/\/blogg.svenskakyrkan.se\/vandravagen\/files\/2023\/05\/Ulr_logo_RGB.png\",\"width\":205,\"height\":77,\"caption\":\"ulricehamns pastorat\"},\"image\":{\"@id\":\"https:\/\/blogg.svenskakyrkan.se\/vandravagen\/#\/schema\/logo\/image\/\"},\"sameAs\":[\"http:\/\/facebook.com\/vandravagen\",\"https:\/\/x.com\/fadertomas\",\"http:\/\/www.facebook.com\/svenskakyrkaniulricehamn\"]},{\"@type\":\"Person\",\"@id\":\"https:\/\/blogg.svenskakyrkan.se\/vandravagen\/#\/schema\/person\/25da02d4f76b137d04291711e2c9fc16\",\"name\":\"Tomas Jarvid\",\"image\":{\"@type\":\"ImageObject\",\"inLanguage\":\"sv-SE\",\"@id\":\"https:\/\/blogg.svenskakyrkan.se\/vandravagen\/#\/schema\/person\/image\/\",\"url\":\"https:\/\/secure.gravatar.com\/avatar\/7fa71899795e8f540f615a1f5ab25255dc27aa40f05ee7ddd21aac521e01bf50?s=96&d=identicon&r=g\",\"contentUrl\":\"https:\/\/secure.gravatar.com\/avatar\/7fa71899795e8f540f615a1f5ab25255dc27aa40f05ee7ddd21aac521e01bf50?s=96&d=identicon&r=g\",\"caption\":\"Tomas Jarvid\"},\"description\":\"Jag bor i Ulricehamn i V\u00e4sterg\u00f6tland och \u00e4r f\u00f6rsamlingspr\u00e4st i Svenska Kyrkan f\u00f6r Dalstorps f\u00f6rsamling i Kinds pastorat. P\u00e5 den h\u00e4r bloggen skriver jag ner tankar om vandringen som kristen.\",\"sameAs\":[\"http:\/\/www.vandravagen.se\"],\"url\":\"https:\/\/blogg.svenskakyrkan.se\/vandravagen\/author\/vandravagen\/\"}]}<\/script>\n<!-- \/ Yoast SEO plugin. -->","yoast_head_json":{"title":"St Sigfrids dag 15e februari, grattis! - Vandra V\u00e4gen","robots":{"index":"index","follow":"follow","max-snippet":"max-snippet:-1","max-image-preview":"max-image-preview:large","max-video-preview":"max-video-preview:-1"},"canonical":"https:\/\/blogg.svenskakyrkan.se\/vandravagen\/2014\/02\/15\/st-sigfrids-dag-15e-februari-grattis\/","og_locale":"sv_SE","og_type":"article","og_title":"St Sigfrids dag 15e februari, grattis! - Vandra V\u00e4gen","og_description":"St Sigfrid vackert snidad i Husaby kyrka Det duggar t\u00e4tt mellan helgondagarna f\u00f6r personer med anknytning till Husaby i februari. Den f\u00f6rsta februari var sta Brigidas dag, idag \u00e4r det St Sigfrids dag och snart kan man fira Anna av Novgorod\/Ingegerd fr\u00e5n Husaby, antingen den 10e eller 23e februari. Jag har skrivit om Sigfrid tidigare\u00a0b\u00e5de [&hellip;]","og_url":"https:\/\/blogg.svenskakyrkan.se\/vandravagen\/2014\/02\/15\/st-sigfrids-dag-15e-februari-grattis\/","og_site_name":"Vandra V\u00e4gen","article_publisher":"http:\/\/facebook.com\/vandravagen","article_published_time":"2014-02-15T07:33:00+00:00","og_image":[{"url":"http:\/\/2.bp.blogspot.com\/-WCP68s5Xs04\/Uvyz8EFPibI\/AAAAAAAAG9Y\/4II3i5thdQA\/s1600\/sigfrid+Husaby+kyrka.jpg","type":"","width":"","height":""}],"author":"Tomas Jarvid","twitter_card":"summary_large_image","twitter_creator":"@fadertomas","twitter_site":"@fadertomas","twitter_misc":{"Skriven av":"Tomas Jarvid","Ber\u00e4knad l\u00e4stid":"1 minut"},"schema":{"@context":"https:\/\/schema.org","@graph":[{"@type":"Article","@id":"https:\/\/blogg.svenskakyrkan.se\/vandravagen\/2014\/02\/15\/st-sigfrids-dag-15e-februari-grattis\/#article","isPartOf":{"@id":"https:\/\/blogg.svenskakyrkan.se\/vandravagen\/2014\/02\/15\/st-sigfrids-dag-15e-februari-grattis\/"},"author":{"name":"Tomas Jarvid","@id":"https:\/\/blogg.svenskakyrkan.se\/vandravagen\/#\/schema\/person\/25da02d4f76b137d04291711e2c9fc16"},"headline":"St Sigfrids dag 15e februari, grattis!","datePublished":"2014-02-15T07:33:00+00:00","mainEntityOfPage":{"@id":"https:\/\/blogg.svenskakyrkan.se\/vandravagen\/2014\/02\/15\/st-sigfrids-dag-15e-februari-grattis\/"},"wordCount":235,"commentCount":0,"publisher":{"@id":"https:\/\/blogg.svenskakyrkan.se\/vandravagen\/#organization"},"image":{"@id":"https:\/\/blogg.svenskakyrkan.se\/vandravagen\/2014\/02\/15\/st-sigfrids-dag-15e-februari-grattis\/#primaryimage"},"thumbnailUrl":"http:\/\/2.bp.blogspot.com\/-WCP68s5Xs04\/Uvyz8EFPibI\/AAAAAAAAG9Y\/4II3i5thdQA\/s1600\/sigfrid+Husaby+kyrka.jpg","articleSection":["Dagens Kyrka","helgon","kyrko\u00e5ret","mission"],"inLanguage":"sv-SE","potentialAction":[{"@type":"CommentAction","name":"Comment","target":["https:\/\/blogg.svenskakyrkan.se\/vandravagen\/2014\/02\/15\/st-sigfrids-dag-15e-februari-grattis\/#respond"]}]},{"@type":"WebPage","@id":"https:\/\/blogg.svenskakyrkan.se\/vandravagen\/2014\/02\/15\/st-sigfrids-dag-15e-februari-grattis\/","url":"https:\/\/blogg.svenskakyrkan.se\/vandravagen\/2014\/02\/15\/st-sigfrids-dag-15e-februari-grattis\/","name":"St Sigfrids dag 15e februari, grattis! - Vandra V\u00e4gen","isPartOf":{"@id":"https:\/\/blogg.svenskakyrkan.se\/vandravagen\/#website"},"primaryImageOfPage":{"@id":"https:\/\/blogg.svenskakyrkan.se\/vandravagen\/2014\/02\/15\/st-sigfrids-dag-15e-februari-grattis\/#primaryimage"},"image":{"@id":"https:\/\/blogg.svenskakyrkan.se\/vandravagen\/2014\/02\/15\/st-sigfrids-dag-15e-februari-grattis\/#primaryimage"},"thumbnailUrl":"http:\/\/2.bp.blogspot.com\/-WCP68s5Xs04\/Uvyz8EFPibI\/AAAAAAAAG9Y\/4II3i5thdQA\/s1600\/sigfrid+Husaby+kyrka.jpg","datePublished":"2014-02-15T07:33:00+00:00","breadcrumb":{"@id":"https:\/\/blogg.svenskakyrkan.se\/vandravagen\/2014\/02\/15\/st-sigfrids-dag-15e-februari-grattis\/#breadcrumb"},"inLanguage":"sv-SE","potentialAction":[{"@type":"ReadAction","target":["https:\/\/blogg.svenskakyrkan.se\/vandravagen\/2014\/02\/15\/st-sigfrids-dag-15e-februari-grattis\/"]}]},{"@type":"ImageObject","inLanguage":"sv-SE","@id":"https:\/\/blogg.svenskakyrkan.se\/vandravagen\/2014\/02\/15\/st-sigfrids-dag-15e-februari-grattis\/#primaryimage","url":"http:\/\/2.bp.blogspot.com\/-WCP68s5Xs04\/Uvyz8EFPibI\/AAAAAAAAG9Y\/4II3i5thdQA\/s1600\/sigfrid+Husaby+kyrka.jpg","contentUrl":"http:\/\/2.bp.blogspot.com\/-WCP68s5Xs04\/Uvyz8EFPibI\/AAAAAAAAG9Y\/4II3i5thdQA\/s1600\/sigfrid+Husaby+kyrka.jpg"},{"@type":"BreadcrumbList","@id":"https:\/\/blogg.svenskakyrkan.se\/vandravagen\/2014\/02\/15\/st-sigfrids-dag-15e-februari-grattis\/#breadcrumb","itemListElement":[{"@type":"ListItem","position":1,"name":"Hem","item":"https:\/\/blogg.svenskakyrkan.se\/vandravagen\/"},{"@type":"ListItem","position":2,"name":"St Sigfrids dag 15e februari, grattis!"}]},{"@type":"WebSite","@id":"https:\/\/blogg.svenskakyrkan.se\/vandravagen\/#website","url":"https:\/\/blogg.svenskakyrkan.se\/vandravagen\/","name":"Vandra V\u00e4gen","description":"-Mot en tro f\u00f6r hela livet","publisher":{"@id":"https:\/\/blogg.svenskakyrkan.se\/vandravagen\/#organization"},"potentialAction":[{"@type":"SearchAction","target":{"@type":"EntryPoint","urlTemplate":"https:\/\/blogg.svenskakyrkan.se\/vandravagen\/?s={search_term_string}"},"query-input":{"@type":"PropertyValueSpecification","valueRequired":true,"valueName":"search_term_string"}}],"inLanguage":"sv-SE"},{"@type":"Organization","@id":"https:\/\/blogg.svenskakyrkan.se\/vandravagen\/#organization","name":"ulricehamns pastorat","alternateName":"ulricehamns pastorat","url":"https:\/\/blogg.svenskakyrkan.se\/vandravagen\/","logo":{"@type":"ImageObject","inLanguage":"sv-SE","@id":"https:\/\/blogg.svenskakyrkan.se\/vandravagen\/#\/schema\/logo\/image\/","url":"https:\/\/blogg.svenskakyrkan.se\/vandravagen\/files\/2023\/05\/Ulr_logo_RGB.png","contentUrl":"https:\/\/blogg.svenskakyrkan.se\/vandravagen\/files\/2023\/05\/Ulr_logo_RGB.png","width":205,"height":77,"caption":"ulricehamns pastorat"},"image":{"@id":"https:\/\/blogg.svenskakyrkan.se\/vandravagen\/#\/schema\/logo\/image\/"},"sameAs":["http:\/\/facebook.com\/vandravagen","https:\/\/x.com\/fadertomas","http:\/\/www.facebook.com\/svenskakyrkaniulricehamn"]},{"@type":"Person","@id":"https:\/\/blogg.svenskakyrkan.se\/vandravagen\/#\/schema\/person\/25da02d4f76b137d04291711e2c9fc16","name":"Tomas Jarvid","image":{"@type":"ImageObject","inLanguage":"sv-SE","@id":"https:\/\/blogg.svenskakyrkan.se\/vandravagen\/#\/schema\/person\/image\/","url":"https:\/\/secure.gravatar.com\/avatar\/7fa71899795e8f540f615a1f5ab25255dc27aa40f05ee7ddd21aac521e01bf50?s=96&d=identicon&r=g","contentUrl":"https:\/\/secure.gravatar.com\/avatar\/7fa71899795e8f540f615a1f5ab25255dc27aa40f05ee7ddd21aac521e01bf50?s=96&d=identicon&r=g","caption":"Tomas Jarvid"},"description":"Jag bor i Ulricehamn i V\u00e4sterg\u00f6tland och \u00e4r f\u00f6rsamlingspr\u00e4st i Svenska Kyrkan f\u00f6r Dalstorps f\u00f6rsamling i Kinds pastorat. P\u00e5 den h\u00e4r bloggen skriver jag ner tankar om vandringen som kristen.","sameAs":["http:\/\/www.vandravagen.se"],"url":"https:\/\/blogg.svenskakyrkan.se\/vandravagen\/author\/vandravagen\/"}]}},"author_meta":{"ID":"392","user_nicename":"vandravagen","user_url":"http:\/\/www.vandravagen.se","user_registered":"2014-05-19 05:44:52","display_name":"Tomas Jarvid","first_name":"Tomas","last_name":"Jarvid","avatar":"https:\/\/secure.gravatar.com\/avatar\/7fa71899795e8f540f615a1f5ab25255dc27aa40f05ee7ddd21aac521e01bf50?s=96&d=identicon&r=g"},"featured_image":false,"bloginfo":{"name":"Vandra V\u00e4gen","url":"https:\/\/blogg.svenskakyrkan.se\/vandravagen"},"_links":{"self":[{"href":"https:\/\/blogg.svenskakyrkan.se\/vandravagen\/wp-json\/wp\/v2\/posts\/166","targetHints":{"allow":["GET"]}}],"collection":[{"href":"https:\/\/blogg.svenskakyrkan.se\/vandravagen\/wp-json\/wp\/v2\/posts"}],"about":[{"href":"https:\/\/blogg.svenskakyrkan.se\/vandravagen\/wp-json\/wp\/v2\/types\/post"}],"author":[{"embeddable":true,"href":"https:\/\/blogg.svenskakyrkan.se\/vandravagen\/wp-json\/wp\/v2\/users\/392"}],"replies":[{"embeddable":true,"href":"https:\/\/blogg.svenskakyrkan.se\/vandravagen\/wp-json\/wp\/v2\/comments?post=166"}],"version-history":[{"count":0,"href":"https:\/\/blogg.svenskakyrkan.se\/vandravagen\/wp-json\/wp\/v2\/posts\/166\/revisions"}],"wp:attachment":[{"href":"https:\/\/blogg.svenskakyrkan.se\/vandravagen\/wp-json\/wp\/v2\/media?parent=166"}],"wp:term":[{"taxonomy":"category","embeddable":true,"href":"https:\/\/blogg.svenskakyrkan.se\/vandravagen\/wp-json\/wp\/v2\/categories?post=166"},{"taxonomy":"post_tag","embeddable":true,"href":"https:\/\/blogg.svenskakyrkan.se\/vandravagen\/wp-json\/wp\/v2\/tags?post=166"}],"curies":[{"name":"wp","href":"https:\/\/api.w.org\/{rel}","templated":true}]}}