{"id":167,"date":"2014-02-14T08:00:00","date_gmt":"2014-02-14T07:00:00","guid":{"rendered":"http:\/\/blogg.svenskakyrkan.se\/vandravagen\/2014\/02\/14\/veckans-samlade-favorittweets-2\/"},"modified":"2014-02-14T08:00:00","modified_gmt":"2014-02-14T07:00:00","slug":"veckans-samlade-favorittweets-2","status":"publish","type":"post","link":"https:\/\/blogg.svenskakyrkan.se\/vandravagen\/2014\/02\/14\/veckans-samlade-favorittweets-2\/","title":{"rendered":"Veckans samlade favorittweets"},"content":{"rendered":"<table align=\"center\" cellpadding=\"0\" cellspacing=\"0\">\n<tbody>\n<tr>\n<td><a href=\"http:\/\/2.bp.blogspot.com\/-fKNMKBODZ58\/UvyLnPejhHI\/AAAAAAAAG9A\/7SQHaGqGgpg\/s1600\/IMG_3079.JPG\"><img loading=\"lazy\" decoding=\"async\" border=\"0\" src=\"http:\/\/2.bp.blogspot.com\/-fKNMKBODZ58\/UvyLnPejhHI\/AAAAAAAAG9A\/7SQHaGqGgpg\/s1600\/IMG_3079.JPG\" height=\"640\" width=\"466\"><\/a><\/td>\n<\/tr>\n<tr>\n<td>F\u00f6re segway, glad trafikant<\/td>\n<\/tr>\n<\/tbody>\n<\/table>\n<div><\/div>\n<div>\u00c4nnu en veckas favoriter ligger samlade f\u00f6r \u00e5teranv\u00e4ndning. H\u00e4r \u00e4r kloka, roliga eller m\u00e4rkliga tweets som jag samlat p\u00e5 mig fr\u00e5n skilda h\u00e5ll:<\/div>\n<div><\/div>\n<div><b>Kristna (?) tweets<\/b><\/div>\n<div><\/div>\n<div><\/div>\n<div>Angelica ger perspektiv:<\/div>\n<div><a href=\"http:\/\/2.bp.blogspot.com\/-fWljYeO9wrY\/UvyK4jOJgHI\/AAAAAAAAG8w\/RQvedUEStyQ\/s1600\/Ska%CC%88rmavbild+2014-02-13+kl.+09.48.06.png\"><img loading=\"lazy\" decoding=\"async\" border=\"0\" src=\"http:\/\/2.bp.blogspot.com\/-fWljYeO9wrY\/UvyK4jOJgHI\/AAAAAAAAG8w\/RQvedUEStyQ\/s1600\/Ska%CC%88rmavbild+2014-02-13+kl.+09.48.06.png\" height=\"66\" width=\"400\"><\/a><\/div>\n<div><\/div>\n<div><a href=\"http:\/\/2.bp.blogspot.com\/-Vi2o1btrrLU\/UvyKu_vgi6I\/AAAAAAAAG6M\/RnuHWeV4Ywo\/s1600\/Ska%CC%88rmavbild+2014-02-13+kl.+09.40.57.png\"><img loading=\"lazy\" decoding=\"async\" border=\"0\" src=\"http:\/\/2.bp.blogspot.com\/-Vi2o1btrrLU\/UvyKu_vgi6I\/AAAAAAAAG6M\/RnuHWeV4Ywo\/s1600\/Ska%CC%88rmavbild+2014-02-13+kl.+09.40.57.png\" height=\"63\" width=\"400\"><\/a><\/div>\n<div><\/div>\n<div><\/div>\n<div>Ja jag vet, det blir mest citat som vanligt men de \u00e4r ju s\u00e5 bra&#8230;<\/div>\n<div><a href=\"http:\/\/2.bp.blogspot.com\/-NkT1TMi4v-k\/UvyKtLvijWI\/AAAAAAAAG5w\/HpHx7u24Yh8\/s1600\/Ska%CC%88rmavbild+2014-02-13+kl.+09.39.50.png\"><img loading=\"lazy\" decoding=\"async\" border=\"0\" src=\"http:\/\/2.bp.blogspot.com\/-NkT1TMi4v-k\/UvyKtLvijWI\/AAAAAAAAG5w\/HpHx7u24Yh8\/s1600\/Ska%CC%88rmavbild+2014-02-13+kl.+09.39.50.png\" height=\"66\" width=\"400\"><\/a><\/div>\n<div><\/div>\n<div><\/div>\n<div><a href=\"http:\/\/4.bp.blogspot.com\/-K8aIC0tr2Ho\/UvyKwQE-hSI\/AAAAAAAAG6Y\/vLZ-bxppQeA\/s1600\/Ska%CC%88rmavbild+2014-02-13+kl.+09.41.34.png\"><img loading=\"lazy\" decoding=\"async\" border=\"0\" src=\"http:\/\/4.bp.blogspot.com\/-K8aIC0tr2Ho\/UvyKwQE-hSI\/AAAAAAAAG6Y\/vLZ-bxppQeA\/s1600\/Ska%CC%88rmavbild+2014-02-13+kl.+09.41.34.png\" height=\"52\" width=\"400\"><\/a><\/div>\n<div><\/div>\n<div><\/div>\n<div>Jag misst\u00e4nker p\u00e5 n\u00e5got s\u00e4tt att de h\u00e4r h\u00e4nger ihop mer \u00e4n att de fanns under varandra i mitt fl\u00f6de?<\/div>\n<div><a href=\"http:\/\/2.bp.blogspot.com\/-vzRFGVPhQ-E\/UvyK3zktuiI\/AAAAAAAAG8g\/2pyOf87AeK4\/s1600\/Ska%CC%88rmavbild+2014-02-13+kl.+09.56.46.png\"><img loading=\"lazy\" decoding=\"async\" border=\"0\" src=\"http:\/\/2.bp.blogspot.com\/-vzRFGVPhQ-E\/UvyK3zktuiI\/AAAAAAAAG8g\/2pyOf87AeK4\/s1600\/Ska%CC%88rmavbild+2014-02-13+kl.+09.56.46.png\" height=\"130\" width=\"400\"><\/a><\/div>\n<div><\/div>\n<div><\/div>\n<div>Bakl\u00e4xa till mig allts\u00e5 men han har ju r\u00e4tt.<\/div>\n<div><a href=\"http:\/\/2.bp.blogspot.com\/-r8tjo1aeRfI\/UvyK4KW_feI\/AAAAAAAAG8c\/ewChklfVdH4\/s1600\/Ska%CC%88rmavbild+2014-02-13+kl.+09.59.07.png\"><img loading=\"lazy\" decoding=\"async\" border=\"0\" src=\"http:\/\/2.bp.blogspot.com\/-r8tjo1aeRfI\/UvyK4KW_feI\/AAAAAAAAG8c\/ewChklfVdH4\/s1600\/Ska%CC%88rmavbild+2014-02-13+kl.+09.59.07.png\" height=\"53\" width=\"400\"><\/a><\/div>\n<div><\/div>\n<div><\/div>\n<div><\/div>\n<div><a href=\"http:\/\/2.bp.blogspot.com\/-WOV8afAgZn8\/UvyKub9F4pI\/AAAAAAAAG6Q\/OmwFlIn9K8s\/s1600\/Ska%CC%88rmavbild+2014-02-13+kl.+09.40.27.png\"><img loading=\"lazy\" decoding=\"async\" border=\"0\" src=\"http:\/\/2.bp.blogspot.com\/-WOV8afAgZn8\/UvyKub9F4pI\/AAAAAAAAG6Q\/OmwFlIn9K8s\/s1600\/Ska%CC%88rmavbild+2014-02-13+kl.+09.40.27.png\" height=\"66\" width=\"400\"><\/a><\/div>\n<div><\/div>\n<div><\/div>\n<div><\/div>\n<div><a href=\"http:\/\/3.bp.blogspot.com\/-jBowP2efJEo\/UvyKy9YVnDI\/AAAAAAAAG7I\/2OWudSDXc6I\/s1600\/Ska%CC%88rmavbild+2014-02-13+kl.+09.42.58.png\"><img loading=\"lazy\" decoding=\"async\" border=\"0\" src=\"http:\/\/3.bp.blogspot.com\/-jBowP2efJEo\/UvyKy9YVnDI\/AAAAAAAAG7I\/2OWudSDXc6I\/s1600\/Ska%CC%88rmavbild+2014-02-13+kl.+09.42.58.png\" height=\"65\" width=\"400\"><\/a><\/div>\n<div><\/div>\n<div><\/div>\n<div>Det \u00e4r onekligen mycket vi l\u00e4ser in i en text. Ibland mer \u00e4n vi l\u00e4ser ut?<\/div>\n<div><a href=\"http:\/\/4.bp.blogspot.com\/-18sdXXllusU\/UvyK1XgWEgI\/AAAAAAAAG7w\/ARRZfWvnT7w\/s1600\/Ska%CC%88rmavbild+2014-02-13+kl.+09.47.51.png\"><img loading=\"lazy\" decoding=\"async\" border=\"0\" src=\"http:\/\/4.bp.blogspot.com\/-18sdXXllusU\/UvyK1XgWEgI\/AAAAAAAAG7w\/ARRZfWvnT7w\/s1600\/Ska%CC%88rmavbild+2014-02-13+kl.+09.47.51.png\" height=\"65\" width=\"400\"><\/a><\/div>\n<div><\/div>\n<div><\/div>\n<div><a href=\"http:\/\/1.bp.blogspot.com\/-N8hkutuInp4\/UvyKx6qW1jI\/AAAAAAAAG6k\/Nf3USME0jY8\/s1600\/Ska%CC%88rmavbild+2014-02-13+kl.+09.44.00.png\"><img loading=\"lazy\" decoding=\"async\" border=\"0\" src=\"http:\/\/1.bp.blogspot.com\/-N8hkutuInp4\/UvyKx6qW1jI\/AAAAAAAAG6k\/Nf3USME0jY8\/s1600\/Ska%CC%88rmavbild+2014-02-13+kl.+09.44.00.png\" height=\"66\" width=\"400\"><\/a><\/div>\n<div><\/div>\n<div><\/div>\n<div><b><br \/><\/b><\/div>\n<div><b>Kloka tweets<\/b><\/div>\n<div><\/div>\n<div><\/div>\n<div><a href=\"http:\/\/4.bp.blogspot.com\/-QjleKMXTB8U\/UvyKvZMAOYI\/AAAAAAAAG6I\/ZrnRRYFMg0M\/s1600\/Ska%CC%88rmavbild+2014-02-13+kl.+09.39.21.png\"><img loading=\"lazy\" decoding=\"async\" border=\"0\" src=\"http:\/\/4.bp.blogspot.com\/-QjleKMXTB8U\/UvyKvZMAOYI\/AAAAAAAAG6I\/ZrnRRYFMg0M\/s1600\/Ska%CC%88rmavbild+2014-02-13+kl.+09.39.21.png\" height=\"53\" width=\"400\"><\/a><\/div>\n<div><\/div>\n<div><\/div>\n<div><a href=\"http:\/\/1.bp.blogspot.com\/-TiV0Mr92Ydc\/UvyKw-klRdI\/AAAAAAAAG64\/R9DgDs6DwiQ\/s1600\/Ska%CC%88rmavbild+2014-02-13+kl.+09.42.30.png\"><img loading=\"lazy\" decoding=\"async\" border=\"0\" src=\"http:\/\/1.bp.blogspot.com\/-TiV0Mr92Ydc\/UvyKw-klRdI\/AAAAAAAAG64\/R9DgDs6DwiQ\/s1600\/Ska%CC%88rmavbild+2014-02-13+kl.+09.42.30.png\" height=\"51\" width=\"400\"><\/a><\/div>\n<div><\/div>\n<div><\/div>\n<div>(upp till de kristna tweetsen?)<\/div>\n<div><a href=\"http:\/\/2.bp.blogspot.com\/-LQLaVgoaG0o\/UvyKzAEl_UI\/AAAAAAAAG7M\/8WvxlfHpmYg\/s1600\/Ska%CC%88rmavbild+2014-02-13+kl.+09.45.47.png\"><img loading=\"lazy\" decoding=\"async\" border=\"0\" src=\"http:\/\/2.bp.blogspot.com\/-LQLaVgoaG0o\/UvyKzAEl_UI\/AAAAAAAAG7M\/8WvxlfHpmYg\/s1600\/Ska%CC%88rmavbild+2014-02-13+kl.+09.45.47.png\" height=\"65\" width=\"400\"><\/a><\/div>\n<div><\/div>\n<div><\/div>\n<div><a href=\"http:\/\/3.bp.blogspot.com\/-JYW0oWk228o\/UvyK2dw7FNI\/AAAAAAAAG8A\/BHUblBsGOQY\/s1600\/Ska%CC%88rmavbild+2014-02-13+kl.+09.50.52.png\"><img loading=\"lazy\" decoding=\"async\" border=\"0\" src=\"http:\/\/3.bp.blogspot.com\/-JYW0oWk228o\/UvyK2dw7FNI\/AAAAAAAAG8A\/BHUblBsGOQY\/s1600\/Ska%CC%88rmavbild+2014-02-13+kl.+09.50.52.png\" height=\"53\" width=\"400\"><\/a><\/div>\n<div><\/div>\n<div><\/div>\n<div><a href=\"http:\/\/4.bp.blogspot.com\/-kXWHPiluMT4\/UvyK0aOoX1I\/AAAAAAAAG7U\/dFNgz_66bP4\/s1600\/Ska%CC%88rmavbild+2014-02-13+kl.+09.47.03.png\"><img loading=\"lazy\" decoding=\"async\" border=\"0\" src=\"http:\/\/4.bp.blogspot.com\/-kXWHPiluMT4\/UvyK0aOoX1I\/AAAAAAAAG7U\/dFNgz_66bP4\/s1600\/Ska%CC%88rmavbild+2014-02-13+kl.+09.47.03.png\" height=\"65\" width=\"400\"><\/a><\/div>\n<div><\/div>\n<div><\/div>\n<div><\/div>\n<div><b>Roliga\/fyndiga\/\u00f6vriga tweets<\/b><\/div>\n<div><\/div>\n<div><\/div>\n<div><\/div>\n<div><a href=\"http:\/\/4.bp.blogspot.com\/-BCQKLA1f7DI\/UvyKtGfCVYI\/AAAAAAAAG50\/c6PyKgi-8GY\/s1600\/Ska%CC%88rmavbild+2014-02-12+kl.+12.38.07.png\"><img loading=\"lazy\" decoding=\"async\" border=\"0\" src=\"http:\/\/4.bp.blogspot.com\/-BCQKLA1f7DI\/UvyKtGfCVYI\/AAAAAAAAG50\/c6PyKgi-8GY\/s1600\/Ska%CC%88rmavbild+2014-02-12+kl.+12.38.07.png\" height=\"110\" width=\"320\"><\/a><\/div>\n<\/p>\n<div><\/div>\n<\/p>\n<div><a href=\"http:\/\/1.bp.blogspot.com\/-ER0zf7v8LNU\/UvyKt11EUII\/AAAAAAAAG54\/j3kQSt-JE9U\/s1600\/Ska%CC%88rmavbild+2014-02-13+kl.+09.40.14.png\"><img loading=\"lazy\" decoding=\"async\" border=\"0\" src=\"http:\/\/1.bp.blogspot.com\/-ER0zf7v8LNU\/UvyKt11EUII\/AAAAAAAAG54\/j3kQSt-JE9U\/s1600\/Ska%CC%88rmavbild+2014-02-13+kl.+09.40.14.png\" height=\"67\" width=\"400\"><\/a><\/div>\n<\/p>\n<div><\/div>\n<\/p>\n<div><a href=\"http:\/\/3.bp.blogspot.com\/-0tKa7krwC2M\/UvyKxNAKdDI\/AAAAAAAAG6c\/d-dqXqNJFCw\/s1600\/Ska%CC%88rmavbild+2014-02-13+kl.+09.41.23.png\"><img loading=\"lazy\" decoding=\"async\" border=\"0\" src=\"http:\/\/3.bp.blogspot.com\/-0tKa7krwC2M\/UvyKxNAKdDI\/AAAAAAAAG6c\/d-dqXqNJFCw\/s1600\/Ska%CC%88rmavbild+2014-02-13+kl.+09.41.23.png\" height=\"65\" width=\"400\"><\/a><\/div>\n<\/p>\n<div><\/div>\n<div><\/div>\n<div><a href=\"http:\/\/1.bp.blogspot.com\/-qg448LGuxqU\/UvyKyf7e65I\/AAAAAAAAG60\/PEbANNuBVDo\/s1600\/Ska%CC%88rmavbild+2014-02-13+kl.+09.44.17.png\"><img loading=\"lazy\" decoding=\"async\" border=\"0\" src=\"http:\/\/1.bp.blogspot.com\/-qg448LGuxqU\/UvyKyf7e65I\/AAAAAAAAG60\/PEbANNuBVDo\/s1600\/Ska%CC%88rmavbild+2014-02-13+kl.+09.44.17.png\" height=\"52\" width=\"400\"><\/a><\/div>\n<div><\/div>\n<div><\/div>\n<\/p>\n<div><a href=\"http:\/\/2.bp.blogspot.com\/-jhAnuyEBAOs\/UvyK04eAErI\/AAAAAAAAG7c\/MgpSrAEHihA\/s1600\/Ska%CC%88rmavbild+2014-02-13+kl.+09.46.53.png\"><img loading=\"lazy\" decoding=\"async\" border=\"0\" src=\"http:\/\/2.bp.blogspot.com\/-jhAnuyEBAOs\/UvyK04eAErI\/AAAAAAAAG7c\/MgpSrAEHihA\/s1600\/Ska%CC%88rmavbild+2014-02-13+kl.+09.46.53.png\" height=\"115\" width=\"400\"><\/a><\/div>\n<div><a href=\"http:\/\/1.bp.blogspot.com\/-1sa53lgJR50\/UvyK0qbuGeI\/AAAAAAAAG74\/fsxwbEPxaF0\/s1600\/Ska%CC%88rmavbild+2014-02-13+kl.+09.47.22.png\"><img loading=\"lazy\" decoding=\"async\" border=\"0\" src=\"http:\/\/1.bp.blogspot.com\/-1sa53lgJR50\/UvyK0qbuGeI\/AAAAAAAAG74\/fsxwbEPxaF0\/s1600\/Ska%CC%88rmavbild+2014-02-13+kl.+09.47.22.png\" height=\"65\" width=\"400\"><\/a><\/div>\n<\/p>\n<div><a href=\"http:\/\/3.bp.blogspot.com\/-u8Mjmio-Y_o\/UvyK0yM5sCI\/AAAAAAAAG70\/EPNicz7j8m0\/s1600\/Ska%CC%88rmavbild+2014-02-13+kl.+09.47.35.png\"><img loading=\"lazy\" decoding=\"async\" border=\"0\" src=\"http:\/\/3.bp.blogspot.com\/-u8Mjmio-Y_o\/UvyK0yM5sCI\/AAAAAAAAG70\/EPNicz7j8m0\/s1600\/Ska%CC%88rmavbild+2014-02-13+kl.+09.47.35.png\" height=\"57\" width=\"400\"><\/a><\/div>\n<\/p>\n<div><\/div>\n<\/p>\n<div><a href=\"http:\/\/1.bp.blogspot.com\/-5Znk6XcyjfU\/UvyK2749_PI\/AAAAAAAAG8M\/BZEg5NmGHyw\/s1600\/Ska%CC%88rmavbild+2014-02-13+kl.+09.52.46.png\"><img loading=\"lazy\" decoding=\"async\" border=\"0\" src=\"http:\/\/1.bp.blogspot.com\/-5Znk6XcyjfU\/UvyK2749_PI\/AAAAAAAAG8M\/BZEg5NmGHyw\/s1600\/Ska%CC%88rmavbild+2014-02-13+kl.+09.52.46.png\" height=\"65\" width=\"400\"><\/a><\/div>\n<div><\/div>\n<\/p>\n<div><a href=\"http:\/\/4.bp.blogspot.com\/-LAx41Xrg8FU\/UvyK3FaC3NI\/AAAAAAAAG8U\/ocxzF0Ubei8\/s1600\/Ska%CC%88rmavbild+2014-02-13+kl.+09.53.15.png\"><img loading=\"lazy\" decoding=\"async\" border=\"0\" src=\"http:\/\/4.bp.blogspot.com\/-LAx41Xrg8FU\/UvyK3FaC3NI\/AAAAAAAAG8U\/ocxzF0Ubei8\/s1600\/Ska%CC%88rmavbild+2014-02-13+kl.+09.53.15.png\" height=\"90\" width=\"400\"><\/a><\/div>\n<\/p>\n<div><\/div>\n<div><a href=\"http:\/\/1.bp.blogspot.com\/-D0tKkiJYwDo\/UvyK4isb3MI\/AAAAAAAAG80\/S6WQJTXG_YE\/s1600\/Ska%CC%88rmavbild+2014-02-13+kl.+10.01.57.png\"><img loading=\"lazy\" decoding=\"async\" border=\"0\" src=\"http:\/\/1.bp.blogspot.com\/-D0tKkiJYwDo\/UvyK4isb3MI\/AAAAAAAAG80\/S6WQJTXG_YE\/s1600\/Ska%CC%88rmavbild+2014-02-13+kl.+10.01.57.png\" height=\"102\" width=\"400\"><\/a><\/div>\n<div><\/div>\n<div><\/div>\n<div><b>Veckans b\u00e4sta tweet\u00a0<\/b><\/div>\n<div><\/div>\n<div>\u00e4r fr\u00e5n @ABitOfAMess, ett tips till alla kattk\u00f6pare!<\/div>\n<div><\/div>\n<div><a href=\"http:\/\/2.bp.blogspot.com\/-zX0NRytxMpo\/UvyKzxRFGiI\/AAAAAAAAG7Q\/AKrLWm7UUx8\/s1600\/Ska%CC%88rmavbild+2014-02-13+kl.+09.45.27.png\"><img loading=\"lazy\" decoding=\"async\" border=\"0\" src=\"http:\/\/2.bp.blogspot.com\/-zX0NRytxMpo\/UvyKzxRFGiI\/AAAAAAAAG7Q\/AKrLWm7UUx8\/s1600\/Ska%CC%88rmavbild+2014-02-13+kl.+09.45.27.png\" height=\"65\" width=\"400\"><\/a><\/div>\n<\/p>\n<div><\/div>\n<div><\/div>\n<div><\/div>\n","protected":false},"excerpt":{"rendered":"<p>F\u00f6re segway, glad trafikant \u00c4nnu en veckas favoriter ligger samlade f\u00f6r \u00e5teranv\u00e4ndning. H\u00e4r \u00e4r kloka, roliga eller m\u00e4rkliga tweets som jag samlat p\u00e5 mig fr\u00e5n skilda h\u00e5ll: Kristna (?) tweets Angelica ger perspektiv: Ja jag vet, det blir mest citat som vanligt men de \u00e4r ju s\u00e5 bra&#8230; Jag misst\u00e4nker p\u00e5 n\u00e5got s\u00e4tt att de [&hellip;]<\/p>\n","protected":false},"author":392,"featured_media":0,"comment_status":"open","ping_status":"open","sticky":false,"template":"","format":"standard","meta":{"_acf_changed":false,"footnotes":""},"categories":[76189,78772],"tags":[],"class_list":["post-167","post","type-post","status-publish","format-standard","hentry","category-dagens-kyrka","category-favorittweets"],"acf":[],"yoast_head":"<!-- This site is optimized with the Yoast SEO plugin v27.1.1 - https:\/\/yoast.com\/product\/yoast-seo-wordpress\/ -->\n<title>Veckans samlade favorittweets - Vandra V\u00e4gen<\/title>\n<meta name=\"robots\" content=\"index, follow, max-snippet:-1, max-image-preview:large, max-video-preview:-1\" \/>\n<link rel=\"canonical\" href=\"https:\/\/blogg.svenskakyrkan.se\/vandravagen\/2014\/02\/14\/veckans-samlade-favorittweets-2\/\" \/>\n<meta property=\"og:locale\" content=\"sv_SE\" \/>\n<meta property=\"og:type\" content=\"article\" \/>\n<meta property=\"og:title\" content=\"Veckans samlade favorittweets - Vandra V\u00e4gen\" \/>\n<meta property=\"og:description\" content=\"F\u00f6re segway, glad trafikant \u00c4nnu en veckas favoriter ligger samlade f\u00f6r \u00e5teranv\u00e4ndning. H\u00e4r \u00e4r kloka, roliga eller m\u00e4rkliga tweets som jag samlat p\u00e5 mig fr\u00e5n skilda h\u00e5ll: Kristna (?) tweets Angelica ger perspektiv: Ja jag vet, det blir mest citat som vanligt men de \u00e4r ju s\u00e5 bra&#8230; Jag misst\u00e4nker p\u00e5 n\u00e5got s\u00e4tt att de [&hellip;]\" \/>\n<meta property=\"og:url\" content=\"https:\/\/blogg.svenskakyrkan.se\/vandravagen\/2014\/02\/14\/veckans-samlade-favorittweets-2\/\" \/>\n<meta property=\"og:site_name\" content=\"Vandra V\u00e4gen\" \/>\n<meta property=\"article:publisher\" content=\"http:\/\/facebook.com\/vandravagen\" \/>\n<meta property=\"article:published_time\" content=\"2014-02-14T07:00:00+00:00\" \/>\n<meta property=\"og:image\" content=\"http:\/\/2.bp.blogspot.com\/-fKNMKBODZ58\/UvyLnPejhHI\/AAAAAAAAG9A\/7SQHaGqGgpg\/s1600\/IMG_3079.JPG\" \/>\n<meta name=\"author\" content=\"Tomas Jarvid\" \/>\n<meta name=\"twitter:card\" content=\"summary_large_image\" \/>\n<meta name=\"twitter:creator\" content=\"@fadertomas\" \/>\n<meta name=\"twitter:site\" content=\"@fadertomas\" \/>\n<meta name=\"twitter:label1\" content=\"Skriven av\" \/>\n\t<meta name=\"twitter:data1\" content=\"Tomas Jarvid\" \/>\n\t<meta name=\"twitter:label2\" content=\"Ber\u00e4knad l\u00e4stid\" \/>\n\t<meta name=\"twitter:data2\" content=\"1 minut\" \/>\n<script type=\"application\/ld+json\" class=\"yoast-schema-graph\">{\"@context\":\"https:\/\/schema.org\",\"@graph\":[{\"@type\":\"Article\",\"@id\":\"https:\/\/blogg.svenskakyrkan.se\/vandravagen\/2014\/02\/14\/veckans-samlade-favorittweets-2\/#article\",\"isPartOf\":{\"@id\":\"https:\/\/blogg.svenskakyrkan.se\/vandravagen\/2014\/02\/14\/veckans-samlade-favorittweets-2\/\"},\"author\":{\"name\":\"Tomas Jarvid\",\"@id\":\"https:\/\/blogg.svenskakyrkan.se\/vandravagen\/#\/schema\/person\/25da02d4f76b137d04291711e2c9fc16\"},\"headline\":\"Veckans samlade favorittweets\",\"datePublished\":\"2014-02-14T07:00:00+00:00\",\"mainEntityOfPage\":{\"@id\":\"https:\/\/blogg.svenskakyrkan.se\/vandravagen\/2014\/02\/14\/veckans-samlade-favorittweets-2\/\"},\"wordCount\":137,\"commentCount\":0,\"publisher\":{\"@id\":\"https:\/\/blogg.svenskakyrkan.se\/vandravagen\/#organization\"},\"image\":{\"@id\":\"https:\/\/blogg.svenskakyrkan.se\/vandravagen\/2014\/02\/14\/veckans-samlade-favorittweets-2\/#primaryimage\"},\"thumbnailUrl\":\"http:\/\/2.bp.blogspot.com\/-fKNMKBODZ58\/UvyLnPejhHI\/AAAAAAAAG9A\/7SQHaGqGgpg\/s1600\/IMG_3079.JPG\",\"articleSection\":[\"Dagens Kyrka\",\"favorittweets\"],\"inLanguage\":\"sv-SE\",\"potentialAction\":[{\"@type\":\"CommentAction\",\"name\":\"Comment\",\"target\":[\"https:\/\/blogg.svenskakyrkan.se\/vandravagen\/2014\/02\/14\/veckans-samlade-favorittweets-2\/#respond\"]}]},{\"@type\":\"WebPage\",\"@id\":\"https:\/\/blogg.svenskakyrkan.se\/vandravagen\/2014\/02\/14\/veckans-samlade-favorittweets-2\/\",\"url\":\"https:\/\/blogg.svenskakyrkan.se\/vandravagen\/2014\/02\/14\/veckans-samlade-favorittweets-2\/\",\"name\":\"Veckans samlade favorittweets - Vandra V\u00e4gen\",\"isPartOf\":{\"@id\":\"https:\/\/blogg.svenskakyrkan.se\/vandravagen\/#website\"},\"primaryImageOfPage\":{\"@id\":\"https:\/\/blogg.svenskakyrkan.se\/vandravagen\/2014\/02\/14\/veckans-samlade-favorittweets-2\/#primaryimage\"},\"image\":{\"@id\":\"https:\/\/blogg.svenskakyrkan.se\/vandravagen\/2014\/02\/14\/veckans-samlade-favorittweets-2\/#primaryimage\"},\"thumbnailUrl\":\"http:\/\/2.bp.blogspot.com\/-fKNMKBODZ58\/UvyLnPejhHI\/AAAAAAAAG9A\/7SQHaGqGgpg\/s1600\/IMG_3079.JPG\",\"datePublished\":\"2014-02-14T07:00:00+00:00\",\"breadcrumb\":{\"@id\":\"https:\/\/blogg.svenskakyrkan.se\/vandravagen\/2014\/02\/14\/veckans-samlade-favorittweets-2\/#breadcrumb\"},\"inLanguage\":\"sv-SE\",\"potentialAction\":[{\"@type\":\"ReadAction\",\"target\":[\"https:\/\/blogg.svenskakyrkan.se\/vandravagen\/2014\/02\/14\/veckans-samlade-favorittweets-2\/\"]}]},{\"@type\":\"ImageObject\",\"inLanguage\":\"sv-SE\",\"@id\":\"https:\/\/blogg.svenskakyrkan.se\/vandravagen\/2014\/02\/14\/veckans-samlade-favorittweets-2\/#primaryimage\",\"url\":\"http:\/\/2.bp.blogspot.com\/-fKNMKBODZ58\/UvyLnPejhHI\/AAAAAAAAG9A\/7SQHaGqGgpg\/s1600\/IMG_3079.JPG\",\"contentUrl\":\"http:\/\/2.bp.blogspot.com\/-fKNMKBODZ58\/UvyLnPejhHI\/AAAAAAAAG9A\/7SQHaGqGgpg\/s1600\/IMG_3079.JPG\"},{\"@type\":\"BreadcrumbList\",\"@id\":\"https:\/\/blogg.svenskakyrkan.se\/vandravagen\/2014\/02\/14\/veckans-samlade-favorittweets-2\/#breadcrumb\",\"itemListElement\":[{\"@type\":\"ListItem\",\"position\":1,\"name\":\"Hem\",\"item\":\"https:\/\/blogg.svenskakyrkan.se\/vandravagen\/\"},{\"@type\":\"ListItem\",\"position\":2,\"name\":\"Veckans samlade favorittweets\"}]},{\"@type\":\"WebSite\",\"@id\":\"https:\/\/blogg.svenskakyrkan.se\/vandravagen\/#website\",\"url\":\"https:\/\/blogg.svenskakyrkan.se\/vandravagen\/\",\"name\":\"Vandra V\u00e4gen\",\"description\":\"-Mot en tro f\u00f6r hela livet\",\"publisher\":{\"@id\":\"https:\/\/blogg.svenskakyrkan.se\/vandravagen\/#organization\"},\"potentialAction\":[{\"@type\":\"SearchAction\",\"target\":{\"@type\":\"EntryPoint\",\"urlTemplate\":\"https:\/\/blogg.svenskakyrkan.se\/vandravagen\/?s={search_term_string}\"},\"query-input\":{\"@type\":\"PropertyValueSpecification\",\"valueRequired\":true,\"valueName\":\"search_term_string\"}}],\"inLanguage\":\"sv-SE\"},{\"@type\":\"Organization\",\"@id\":\"https:\/\/blogg.svenskakyrkan.se\/vandravagen\/#organization\",\"name\":\"ulricehamns pastorat\",\"alternateName\":\"ulricehamns pastorat\",\"url\":\"https:\/\/blogg.svenskakyrkan.se\/vandravagen\/\",\"logo\":{\"@type\":\"ImageObject\",\"inLanguage\":\"sv-SE\",\"@id\":\"https:\/\/blogg.svenskakyrkan.se\/vandravagen\/#\/schema\/logo\/image\/\",\"url\":\"https:\/\/blogg.svenskakyrkan.se\/vandravagen\/files\/2023\/05\/Ulr_logo_RGB.png\",\"contentUrl\":\"https:\/\/blogg.svenskakyrkan.se\/vandravagen\/files\/2023\/05\/Ulr_logo_RGB.png\",\"width\":205,\"height\":77,\"caption\":\"ulricehamns pastorat\"},\"image\":{\"@id\":\"https:\/\/blogg.svenskakyrkan.se\/vandravagen\/#\/schema\/logo\/image\/\"},\"sameAs\":[\"http:\/\/facebook.com\/vandravagen\",\"https:\/\/x.com\/fadertomas\",\"http:\/\/www.facebook.com\/svenskakyrkaniulricehamn\"]},{\"@type\":\"Person\",\"@id\":\"https:\/\/blogg.svenskakyrkan.se\/vandravagen\/#\/schema\/person\/25da02d4f76b137d04291711e2c9fc16\",\"name\":\"Tomas Jarvid\",\"image\":{\"@type\":\"ImageObject\",\"inLanguage\":\"sv-SE\",\"@id\":\"https:\/\/blogg.svenskakyrkan.se\/vandravagen\/#\/schema\/person\/image\/\",\"url\":\"https:\/\/secure.gravatar.com\/avatar\/7fa71899795e8f540f615a1f5ab25255dc27aa40f05ee7ddd21aac521e01bf50?s=96&d=identicon&r=g\",\"contentUrl\":\"https:\/\/secure.gravatar.com\/avatar\/7fa71899795e8f540f615a1f5ab25255dc27aa40f05ee7ddd21aac521e01bf50?s=96&d=identicon&r=g\",\"caption\":\"Tomas Jarvid\"},\"description\":\"Jag bor i Ulricehamn i V\u00e4sterg\u00f6tland och \u00e4r f\u00f6rsamlingspr\u00e4st i Svenska Kyrkan f\u00f6r Dalstorps f\u00f6rsamling i Kinds pastorat. P\u00e5 den h\u00e4r bloggen skriver jag ner tankar om vandringen som kristen.\",\"sameAs\":[\"http:\/\/www.vandravagen.se\"],\"url\":\"https:\/\/blogg.svenskakyrkan.se\/vandravagen\/author\/vandravagen\/\"}]}<\/script>\n<!-- \/ Yoast SEO plugin. -->","yoast_head_json":{"title":"Veckans samlade favorittweets - Vandra V\u00e4gen","robots":{"index":"index","follow":"follow","max-snippet":"max-snippet:-1","max-image-preview":"max-image-preview:large","max-video-preview":"max-video-preview:-1"},"canonical":"https:\/\/blogg.svenskakyrkan.se\/vandravagen\/2014\/02\/14\/veckans-samlade-favorittweets-2\/","og_locale":"sv_SE","og_type":"article","og_title":"Veckans samlade favorittweets - Vandra V\u00e4gen","og_description":"F\u00f6re segway, glad trafikant \u00c4nnu en veckas favoriter ligger samlade f\u00f6r \u00e5teranv\u00e4ndning. H\u00e4r \u00e4r kloka, roliga eller m\u00e4rkliga tweets som jag samlat p\u00e5 mig fr\u00e5n skilda h\u00e5ll: Kristna (?) tweets Angelica ger perspektiv: Ja jag vet, det blir mest citat som vanligt men de \u00e4r ju s\u00e5 bra&#8230; Jag misst\u00e4nker p\u00e5 n\u00e5got s\u00e4tt att de [&hellip;]","og_url":"https:\/\/blogg.svenskakyrkan.se\/vandravagen\/2014\/02\/14\/veckans-samlade-favorittweets-2\/","og_site_name":"Vandra V\u00e4gen","article_publisher":"http:\/\/facebook.com\/vandravagen","article_published_time":"2014-02-14T07:00:00+00:00","og_image":[{"url":"http:\/\/2.bp.blogspot.com\/-fKNMKBODZ58\/UvyLnPejhHI\/AAAAAAAAG9A\/7SQHaGqGgpg\/s1600\/IMG_3079.JPG","type":"","width":"","height":""}],"author":"Tomas Jarvid","twitter_card":"summary_large_image","twitter_creator":"@fadertomas","twitter_site":"@fadertomas","twitter_misc":{"Skriven av":"Tomas Jarvid","Ber\u00e4knad l\u00e4stid":"1 minut"},"schema":{"@context":"https:\/\/schema.org","@graph":[{"@type":"Article","@id":"https:\/\/blogg.svenskakyrkan.se\/vandravagen\/2014\/02\/14\/veckans-samlade-favorittweets-2\/#article","isPartOf":{"@id":"https:\/\/blogg.svenskakyrkan.se\/vandravagen\/2014\/02\/14\/veckans-samlade-favorittweets-2\/"},"author":{"name":"Tomas Jarvid","@id":"https:\/\/blogg.svenskakyrkan.se\/vandravagen\/#\/schema\/person\/25da02d4f76b137d04291711e2c9fc16"},"headline":"Veckans samlade favorittweets","datePublished":"2014-02-14T07:00:00+00:00","mainEntityOfPage":{"@id":"https:\/\/blogg.svenskakyrkan.se\/vandravagen\/2014\/02\/14\/veckans-samlade-favorittweets-2\/"},"wordCount":137,"commentCount":0,"publisher":{"@id":"https:\/\/blogg.svenskakyrkan.se\/vandravagen\/#organization"},"image":{"@id":"https:\/\/blogg.svenskakyrkan.se\/vandravagen\/2014\/02\/14\/veckans-samlade-favorittweets-2\/#primaryimage"},"thumbnailUrl":"http:\/\/2.bp.blogspot.com\/-fKNMKBODZ58\/UvyLnPejhHI\/AAAAAAAAG9A\/7SQHaGqGgpg\/s1600\/IMG_3079.JPG","articleSection":["Dagens Kyrka","favorittweets"],"inLanguage":"sv-SE","potentialAction":[{"@type":"CommentAction","name":"Comment","target":["https:\/\/blogg.svenskakyrkan.se\/vandravagen\/2014\/02\/14\/veckans-samlade-favorittweets-2\/#respond"]}]},{"@type":"WebPage","@id":"https:\/\/blogg.svenskakyrkan.se\/vandravagen\/2014\/02\/14\/veckans-samlade-favorittweets-2\/","url":"https:\/\/blogg.svenskakyrkan.se\/vandravagen\/2014\/02\/14\/veckans-samlade-favorittweets-2\/","name":"Veckans samlade favorittweets - Vandra V\u00e4gen","isPartOf":{"@id":"https:\/\/blogg.svenskakyrkan.se\/vandravagen\/#website"},"primaryImageOfPage":{"@id":"https:\/\/blogg.svenskakyrkan.se\/vandravagen\/2014\/02\/14\/veckans-samlade-favorittweets-2\/#primaryimage"},"image":{"@id":"https:\/\/blogg.svenskakyrkan.se\/vandravagen\/2014\/02\/14\/veckans-samlade-favorittweets-2\/#primaryimage"},"thumbnailUrl":"http:\/\/2.bp.blogspot.com\/-fKNMKBODZ58\/UvyLnPejhHI\/AAAAAAAAG9A\/7SQHaGqGgpg\/s1600\/IMG_3079.JPG","datePublished":"2014-02-14T07:00:00+00:00","breadcrumb":{"@id":"https:\/\/blogg.svenskakyrkan.se\/vandravagen\/2014\/02\/14\/veckans-samlade-favorittweets-2\/#breadcrumb"},"inLanguage":"sv-SE","potentialAction":[{"@type":"ReadAction","target":["https:\/\/blogg.svenskakyrkan.se\/vandravagen\/2014\/02\/14\/veckans-samlade-favorittweets-2\/"]}]},{"@type":"ImageObject","inLanguage":"sv-SE","@id":"https:\/\/blogg.svenskakyrkan.se\/vandravagen\/2014\/02\/14\/veckans-samlade-favorittweets-2\/#primaryimage","url":"http:\/\/2.bp.blogspot.com\/-fKNMKBODZ58\/UvyLnPejhHI\/AAAAAAAAG9A\/7SQHaGqGgpg\/s1600\/IMG_3079.JPG","contentUrl":"http:\/\/2.bp.blogspot.com\/-fKNMKBODZ58\/UvyLnPejhHI\/AAAAAAAAG9A\/7SQHaGqGgpg\/s1600\/IMG_3079.JPG"},{"@type":"BreadcrumbList","@id":"https:\/\/blogg.svenskakyrkan.se\/vandravagen\/2014\/02\/14\/veckans-samlade-favorittweets-2\/#breadcrumb","itemListElement":[{"@type":"ListItem","position":1,"name":"Hem","item":"https:\/\/blogg.svenskakyrkan.se\/vandravagen\/"},{"@type":"ListItem","position":2,"name":"Veckans samlade favorittweets"}]},{"@type":"WebSite","@id":"https:\/\/blogg.svenskakyrkan.se\/vandravagen\/#website","url":"https:\/\/blogg.svenskakyrkan.se\/vandravagen\/","name":"Vandra V\u00e4gen","description":"-Mot en tro f\u00f6r hela livet","publisher":{"@id":"https:\/\/blogg.svenskakyrkan.se\/vandravagen\/#organization"},"potentialAction":[{"@type":"SearchAction","target":{"@type":"EntryPoint","urlTemplate":"https:\/\/blogg.svenskakyrkan.se\/vandravagen\/?s={search_term_string}"},"query-input":{"@type":"PropertyValueSpecification","valueRequired":true,"valueName":"search_term_string"}}],"inLanguage":"sv-SE"},{"@type":"Organization","@id":"https:\/\/blogg.svenskakyrkan.se\/vandravagen\/#organization","name":"ulricehamns pastorat","alternateName":"ulricehamns pastorat","url":"https:\/\/blogg.svenskakyrkan.se\/vandravagen\/","logo":{"@type":"ImageObject","inLanguage":"sv-SE","@id":"https:\/\/blogg.svenskakyrkan.se\/vandravagen\/#\/schema\/logo\/image\/","url":"https:\/\/blogg.svenskakyrkan.se\/vandravagen\/files\/2023\/05\/Ulr_logo_RGB.png","contentUrl":"https:\/\/blogg.svenskakyrkan.se\/vandravagen\/files\/2023\/05\/Ulr_logo_RGB.png","width":205,"height":77,"caption":"ulricehamns pastorat"},"image":{"@id":"https:\/\/blogg.svenskakyrkan.se\/vandravagen\/#\/schema\/logo\/image\/"},"sameAs":["http:\/\/facebook.com\/vandravagen","https:\/\/x.com\/fadertomas","http:\/\/www.facebook.com\/svenskakyrkaniulricehamn"]},{"@type":"Person","@id":"https:\/\/blogg.svenskakyrkan.se\/vandravagen\/#\/schema\/person\/25da02d4f76b137d04291711e2c9fc16","name":"Tomas Jarvid","image":{"@type":"ImageObject","inLanguage":"sv-SE","@id":"https:\/\/blogg.svenskakyrkan.se\/vandravagen\/#\/schema\/person\/image\/","url":"https:\/\/secure.gravatar.com\/avatar\/7fa71899795e8f540f615a1f5ab25255dc27aa40f05ee7ddd21aac521e01bf50?s=96&d=identicon&r=g","contentUrl":"https:\/\/secure.gravatar.com\/avatar\/7fa71899795e8f540f615a1f5ab25255dc27aa40f05ee7ddd21aac521e01bf50?s=96&d=identicon&r=g","caption":"Tomas Jarvid"},"description":"Jag bor i Ulricehamn i V\u00e4sterg\u00f6tland och \u00e4r f\u00f6rsamlingspr\u00e4st i Svenska Kyrkan f\u00f6r Dalstorps f\u00f6rsamling i Kinds pastorat. P\u00e5 den h\u00e4r bloggen skriver jag ner tankar om vandringen som kristen.","sameAs":["http:\/\/www.vandravagen.se"],"url":"https:\/\/blogg.svenskakyrkan.se\/vandravagen\/author\/vandravagen\/"}]}},"author_meta":{"ID":"392","user_nicename":"vandravagen","user_url":"http:\/\/www.vandravagen.se","user_registered":"2014-05-19 05:44:52","display_name":"Tomas Jarvid","first_name":"Tomas","last_name":"Jarvid","avatar":"https:\/\/secure.gravatar.com\/avatar\/7fa71899795e8f540f615a1f5ab25255dc27aa40f05ee7ddd21aac521e01bf50?s=96&d=identicon&r=g"},"featured_image":false,"bloginfo":{"name":"Vandra V\u00e4gen","url":"https:\/\/blogg.svenskakyrkan.se\/vandravagen"},"_links":{"self":[{"href":"https:\/\/blogg.svenskakyrkan.se\/vandravagen\/wp-json\/wp\/v2\/posts\/167","targetHints":{"allow":["GET"]}}],"collection":[{"href":"https:\/\/blogg.svenskakyrkan.se\/vandravagen\/wp-json\/wp\/v2\/posts"}],"about":[{"href":"https:\/\/blogg.svenskakyrkan.se\/vandravagen\/wp-json\/wp\/v2\/types\/post"}],"author":[{"embeddable":true,"href":"https:\/\/blogg.svenskakyrkan.se\/vandravagen\/wp-json\/wp\/v2\/users\/392"}],"replies":[{"embeddable":true,"href":"https:\/\/blogg.svenskakyrkan.se\/vandravagen\/wp-json\/wp\/v2\/comments?post=167"}],"version-history":[{"count":0,"href":"https:\/\/blogg.svenskakyrkan.se\/vandravagen\/wp-json\/wp\/v2\/posts\/167\/revisions"}],"wp:attachment":[{"href":"https:\/\/blogg.svenskakyrkan.se\/vandravagen\/wp-json\/wp\/v2\/media?parent=167"}],"wp:term":[{"taxonomy":"category","embeddable":true,"href":"https:\/\/blogg.svenskakyrkan.se\/vandravagen\/wp-json\/wp\/v2\/categories?post=167"},{"taxonomy":"post_tag","embeddable":true,"href":"https:\/\/blogg.svenskakyrkan.se\/vandravagen\/wp-json\/wp\/v2\/tags?post=167"}],"curies":[{"name":"wp","href":"https:\/\/api.w.org\/{rel}","templated":true}]}}