{"id":173,"date":"2014-02-11T09:19:00","date_gmt":"2014-02-11T08:19:00","guid":{"rendered":"http:\/\/blogg.svenskakyrkan.se\/vandravagen\/2014\/02\/11\/sta-helena-traffar-folk-pa-vagen\/"},"modified":"2014-02-11T09:19:00","modified_gmt":"2014-02-11T08:19:00","slug":"sta-helena-traffar-folk-pa-vagen","status":"publish","type":"post","link":"https:\/\/blogg.svenskakyrkan.se\/vandravagen\/2014\/02\/11\/sta-helena-traffar-folk-pa-vagen\/","title":{"rendered":"Sta Helena tr\u00e4ffar folk p\u00e5 v\u00e4gen!"},"content":{"rendered":"<table align=\"center\" cellpadding=\"0\" cellspacing=\"0\">\n<tbody>\n<tr>\n<td><a href=\"http:\/\/1.bp.blogspot.com\/-kDA-bWGvz38\/Uvie7PBc6yI\/AAAAAAAAG4Y\/nGBbomkztDc\/s1600\/Ska%CC%88rmavbild+2014-02-10+kl.+10.41.02.png\"><img loading=\"lazy\" decoding=\"async\" border=\"0\" src=\"http:\/\/1.bp.blogspot.com\/-kDA-bWGvz38\/Uvie7PBc6yI\/AAAAAAAAG4Y\/nGBbomkztDc\/s640\/Ska%CC%88rmavbild+2014-02-10+kl.+10.41.02.png\" height=\"563\" width=\"640\"><\/a><\/td>\n<\/tr>\n<tr>\n<td>Sta Helenas resa sedan hon l\u00e4mnat Lilla Edet<\/td>\n<\/tr>\n<\/tbody>\n<\/table>\n<p>Nu ramlar det in nyheter om Sta Helenas geocachepilgrimsresa. Du som f\u00f6ljt Vandra V\u00e4gen ett tag vet att jag skickat ut en &#8221;travel bug&#8221; f\u00f6rest\u00e4llande helgonet Sta Helena (som dog h\u00e4r i G\u00f6tene) p\u00e5 resa till Jerusalem. Dit \u00e5kte den riktiga Helena ungef\u00e4r \u00e5r 1130. Geocachehelena f\u00e4rdas fr\u00e5n geocacheg\u00f6mma till geocacheg\u00f6mma med hj\u00e4lp av v\u00e4nliga h\u00e4nder och ska f\u00f6rhoppningsvis komma fram f\u00f6rr eller senare.<\/p>\n<p>Sedan jag skrev senast har v\u00e5r Helena kommit ner till Alings\u00e5strakten och, verkar det, pendlat in till G\u00f6teborg d\u00e4rifr\u00e5n n\u00e5gra g\u00e5nger. I helgen var hon p\u00e5 n\u00e5got slags samlingstr\u00e4ff f\u00f6r geocacheentusiaster och ca 20 pers har loggat att de &#8221;tr\u00e4ffat&#8221; henne d\u00e4r. Roligt att hon m\u00f6ter folk p\u00e5 v\u00e4gen, b\u00e5de s\u00e5dana som flyttar henne och s\u00e5dana som tittar p\u00e5 henne lite. Po\u00e4ngen med resan \u00e4r ju ocks\u00e5 att g\u00f6ra Sta Helena k\u00e4nd p\u00e5 nytt.<\/p>\n<p>S\u00e5 v\u00e4rst l\u00e5ngt bort \u00e4r hon inte \u00e4n men hon kanske tar ett spr\u00e5ng snart!<\/p>\n","protected":false},"excerpt":{"rendered":"<p>Sta Helenas resa sedan hon l\u00e4mnat Lilla Edet Nu ramlar det in nyheter om Sta Helenas geocachepilgrimsresa. Du som f\u00f6ljt Vandra V\u00e4gen ett tag vet att jag skickat ut en &#8221;travel bug&#8221; f\u00f6rest\u00e4llande helgonet Sta Helena (som dog h\u00e4r i G\u00f6tene) p\u00e5 resa till Jerusalem. Dit \u00e5kte den riktiga Helena ungef\u00e4r \u00e5r 1130. Geocachehelena f\u00e4rdas [&hellip;]<\/p>\n","protected":false},"author":392,"featured_media":0,"comment_status":"open","ping_status":"open","sticky":false,"template":"","format":"standard","meta":{"_acf_changed":false,"footnotes":""},"categories":[76766,35481],"tags":[],"class_list":["post-173","post","type-post","status-publish","format-standard","hentry","category-blandat","category-sta-helena"],"acf":[],"yoast_head":"<!-- This site is optimized with the Yoast SEO plugin v27.1.1 - https:\/\/yoast.com\/product\/yoast-seo-wordpress\/ -->\n<title>Sta Helena tr\u00e4ffar folk p\u00e5 v\u00e4gen! - Vandra V\u00e4gen<\/title>\n<meta name=\"robots\" content=\"index, follow, max-snippet:-1, max-image-preview:large, max-video-preview:-1\" \/>\n<link rel=\"canonical\" href=\"https:\/\/blogg.svenskakyrkan.se\/vandravagen\/2014\/02\/11\/sta-helena-traffar-folk-pa-vagen\/\" \/>\n<meta property=\"og:locale\" content=\"sv_SE\" \/>\n<meta property=\"og:type\" content=\"article\" \/>\n<meta property=\"og:title\" content=\"Sta Helena tr\u00e4ffar folk p\u00e5 v\u00e4gen! - Vandra V\u00e4gen\" \/>\n<meta property=\"og:description\" content=\"Sta Helenas resa sedan hon l\u00e4mnat Lilla Edet Nu ramlar det in nyheter om Sta Helenas geocachepilgrimsresa. Du som f\u00f6ljt Vandra V\u00e4gen ett tag vet att jag skickat ut en &#8221;travel bug&#8221; f\u00f6rest\u00e4llande helgonet Sta Helena (som dog h\u00e4r i G\u00f6tene) p\u00e5 resa till Jerusalem. Dit \u00e5kte den riktiga Helena ungef\u00e4r \u00e5r 1130. Geocachehelena f\u00e4rdas [&hellip;]\" \/>\n<meta property=\"og:url\" content=\"https:\/\/blogg.svenskakyrkan.se\/vandravagen\/2014\/02\/11\/sta-helena-traffar-folk-pa-vagen\/\" \/>\n<meta property=\"og:site_name\" content=\"Vandra V\u00e4gen\" \/>\n<meta property=\"article:publisher\" content=\"http:\/\/facebook.com\/vandravagen\" \/>\n<meta property=\"article:published_time\" content=\"2014-02-11T08:19:00+00:00\" \/>\n<meta property=\"og:image\" content=\"http:\/\/1.bp.blogspot.com\/-kDA-bWGvz38\/Uvie7PBc6yI\/AAAAAAAAG4Y\/nGBbomkztDc\/s640\/Ska%CC%88rmavbild+2014-02-10+kl.+10.41.02.png\" \/>\n<meta name=\"author\" content=\"Tomas Jarvid\" \/>\n<meta name=\"twitter:card\" content=\"summary_large_image\" \/>\n<meta name=\"twitter:creator\" content=\"@fadertomas\" \/>\n<meta name=\"twitter:site\" content=\"@fadertomas\" \/>\n<meta name=\"twitter:label1\" content=\"Skriven av\" \/>\n\t<meta name=\"twitter:data1\" content=\"Tomas Jarvid\" \/>\n\t<meta name=\"twitter:label2\" content=\"Ber\u00e4knad l\u00e4stid\" \/>\n\t<meta name=\"twitter:data2\" content=\"1 minut\" \/>\n<script type=\"application\/ld+json\" class=\"yoast-schema-graph\">{\"@context\":\"https:\/\/schema.org\",\"@graph\":[{\"@type\":\"Article\",\"@id\":\"https:\/\/blogg.svenskakyrkan.se\/vandravagen\/2014\/02\/11\/sta-helena-traffar-folk-pa-vagen\/#article\",\"isPartOf\":{\"@id\":\"https:\/\/blogg.svenskakyrkan.se\/vandravagen\/2014\/02\/11\/sta-helena-traffar-folk-pa-vagen\/\"},\"author\":{\"name\":\"Tomas Jarvid\",\"@id\":\"https:\/\/blogg.svenskakyrkan.se\/vandravagen\/#\/schema\/person\/25da02d4f76b137d04291711e2c9fc16\"},\"headline\":\"Sta Helena tr\u00e4ffar folk p\u00e5 v\u00e4gen!\",\"datePublished\":\"2014-02-11T08:19:00+00:00\",\"mainEntityOfPage\":{\"@id\":\"https:\/\/blogg.svenskakyrkan.se\/vandravagen\/2014\/02\/11\/sta-helena-traffar-folk-pa-vagen\/\"},\"wordCount\":207,\"commentCount\":3,\"publisher\":{\"@id\":\"https:\/\/blogg.svenskakyrkan.se\/vandravagen\/#organization\"},\"image\":{\"@id\":\"https:\/\/blogg.svenskakyrkan.se\/vandravagen\/2014\/02\/11\/sta-helena-traffar-folk-pa-vagen\/#primaryimage\"},\"thumbnailUrl\":\"http:\/\/1.bp.blogspot.com\/-kDA-bWGvz38\/Uvie7PBc6yI\/AAAAAAAAG4Y\/nGBbomkztDc\/s640\/Ska%CC%88rmavbild+2014-02-10+kl.+10.41.02.png\",\"articleSection\":[\"blandat\",\"sta Helena\"],\"inLanguage\":\"sv-SE\",\"potentialAction\":[{\"@type\":\"CommentAction\",\"name\":\"Comment\",\"target\":[\"https:\/\/blogg.svenskakyrkan.se\/vandravagen\/2014\/02\/11\/sta-helena-traffar-folk-pa-vagen\/#respond\"]}]},{\"@type\":\"WebPage\",\"@id\":\"https:\/\/blogg.svenskakyrkan.se\/vandravagen\/2014\/02\/11\/sta-helena-traffar-folk-pa-vagen\/\",\"url\":\"https:\/\/blogg.svenskakyrkan.se\/vandravagen\/2014\/02\/11\/sta-helena-traffar-folk-pa-vagen\/\",\"name\":\"Sta Helena tr\u00e4ffar folk p\u00e5 v\u00e4gen! - Vandra V\u00e4gen\",\"isPartOf\":{\"@id\":\"https:\/\/blogg.svenskakyrkan.se\/vandravagen\/#website\"},\"primaryImageOfPage\":{\"@id\":\"https:\/\/blogg.svenskakyrkan.se\/vandravagen\/2014\/02\/11\/sta-helena-traffar-folk-pa-vagen\/#primaryimage\"},\"image\":{\"@id\":\"https:\/\/blogg.svenskakyrkan.se\/vandravagen\/2014\/02\/11\/sta-helena-traffar-folk-pa-vagen\/#primaryimage\"},\"thumbnailUrl\":\"http:\/\/1.bp.blogspot.com\/-kDA-bWGvz38\/Uvie7PBc6yI\/AAAAAAAAG4Y\/nGBbomkztDc\/s640\/Ska%CC%88rmavbild+2014-02-10+kl.+10.41.02.png\",\"datePublished\":\"2014-02-11T08:19:00+00:00\",\"breadcrumb\":{\"@id\":\"https:\/\/blogg.svenskakyrkan.se\/vandravagen\/2014\/02\/11\/sta-helena-traffar-folk-pa-vagen\/#breadcrumb\"},\"inLanguage\":\"sv-SE\",\"potentialAction\":[{\"@type\":\"ReadAction\",\"target\":[\"https:\/\/blogg.svenskakyrkan.se\/vandravagen\/2014\/02\/11\/sta-helena-traffar-folk-pa-vagen\/\"]}]},{\"@type\":\"ImageObject\",\"inLanguage\":\"sv-SE\",\"@id\":\"https:\/\/blogg.svenskakyrkan.se\/vandravagen\/2014\/02\/11\/sta-helena-traffar-folk-pa-vagen\/#primaryimage\",\"url\":\"http:\/\/1.bp.blogspot.com\/-kDA-bWGvz38\/Uvie7PBc6yI\/AAAAAAAAG4Y\/nGBbomkztDc\/s640\/Ska%CC%88rmavbild+2014-02-10+kl.+10.41.02.png\",\"contentUrl\":\"http:\/\/1.bp.blogspot.com\/-kDA-bWGvz38\/Uvie7PBc6yI\/AAAAAAAAG4Y\/nGBbomkztDc\/s640\/Ska%CC%88rmavbild+2014-02-10+kl.+10.41.02.png\"},{\"@type\":\"BreadcrumbList\",\"@id\":\"https:\/\/blogg.svenskakyrkan.se\/vandravagen\/2014\/02\/11\/sta-helena-traffar-folk-pa-vagen\/#breadcrumb\",\"itemListElement\":[{\"@type\":\"ListItem\",\"position\":1,\"name\":\"Hem\",\"item\":\"https:\/\/blogg.svenskakyrkan.se\/vandravagen\/\"},{\"@type\":\"ListItem\",\"position\":2,\"name\":\"Sta Helena tr\u00e4ffar folk p\u00e5 v\u00e4gen!\"}]},{\"@type\":\"WebSite\",\"@id\":\"https:\/\/blogg.svenskakyrkan.se\/vandravagen\/#website\",\"url\":\"https:\/\/blogg.svenskakyrkan.se\/vandravagen\/\",\"name\":\"Vandra V\u00e4gen\",\"description\":\"-Mot en tro f\u00f6r hela livet\",\"publisher\":{\"@id\":\"https:\/\/blogg.svenskakyrkan.se\/vandravagen\/#organization\"},\"potentialAction\":[{\"@type\":\"SearchAction\",\"target\":{\"@type\":\"EntryPoint\",\"urlTemplate\":\"https:\/\/blogg.svenskakyrkan.se\/vandravagen\/?s={search_term_string}\"},\"query-input\":{\"@type\":\"PropertyValueSpecification\",\"valueRequired\":true,\"valueName\":\"search_term_string\"}}],\"inLanguage\":\"sv-SE\"},{\"@type\":\"Organization\",\"@id\":\"https:\/\/blogg.svenskakyrkan.se\/vandravagen\/#organization\",\"name\":\"ulricehamns pastorat\",\"alternateName\":\"ulricehamns pastorat\",\"url\":\"https:\/\/blogg.svenskakyrkan.se\/vandravagen\/\",\"logo\":{\"@type\":\"ImageObject\",\"inLanguage\":\"sv-SE\",\"@id\":\"https:\/\/blogg.svenskakyrkan.se\/vandravagen\/#\/schema\/logo\/image\/\",\"url\":\"https:\/\/blogg.svenskakyrkan.se\/vandravagen\/files\/2023\/05\/Ulr_logo_RGB.png\",\"contentUrl\":\"https:\/\/blogg.svenskakyrkan.se\/vandravagen\/files\/2023\/05\/Ulr_logo_RGB.png\",\"width\":205,\"height\":77,\"caption\":\"ulricehamns pastorat\"},\"image\":{\"@id\":\"https:\/\/blogg.svenskakyrkan.se\/vandravagen\/#\/schema\/logo\/image\/\"},\"sameAs\":[\"http:\/\/facebook.com\/vandravagen\",\"https:\/\/x.com\/fadertomas\",\"http:\/\/www.facebook.com\/svenskakyrkaniulricehamn\"]},{\"@type\":\"Person\",\"@id\":\"https:\/\/blogg.svenskakyrkan.se\/vandravagen\/#\/schema\/person\/25da02d4f76b137d04291711e2c9fc16\",\"name\":\"Tomas Jarvid\",\"image\":{\"@type\":\"ImageObject\",\"inLanguage\":\"sv-SE\",\"@id\":\"https:\/\/blogg.svenskakyrkan.se\/vandravagen\/#\/schema\/person\/image\/\",\"url\":\"https:\/\/secure.gravatar.com\/avatar\/7fa71899795e8f540f615a1f5ab25255dc27aa40f05ee7ddd21aac521e01bf50?s=96&d=identicon&r=g\",\"contentUrl\":\"https:\/\/secure.gravatar.com\/avatar\/7fa71899795e8f540f615a1f5ab25255dc27aa40f05ee7ddd21aac521e01bf50?s=96&d=identicon&r=g\",\"caption\":\"Tomas Jarvid\"},\"description\":\"Jag bor i Ulricehamn i V\u00e4sterg\u00f6tland och \u00e4r f\u00f6rsamlingspr\u00e4st i Svenska Kyrkan f\u00f6r Dalstorps f\u00f6rsamling i Kinds pastorat. P\u00e5 den h\u00e4r bloggen skriver jag ner tankar om vandringen som kristen.\",\"sameAs\":[\"http:\/\/www.vandravagen.se\"],\"url\":\"https:\/\/blogg.svenskakyrkan.se\/vandravagen\/author\/vandravagen\/\"}]}<\/script>\n<!-- \/ Yoast SEO plugin. -->","yoast_head_json":{"title":"Sta Helena tr\u00e4ffar folk p\u00e5 v\u00e4gen! - Vandra V\u00e4gen","robots":{"index":"index","follow":"follow","max-snippet":"max-snippet:-1","max-image-preview":"max-image-preview:large","max-video-preview":"max-video-preview:-1"},"canonical":"https:\/\/blogg.svenskakyrkan.se\/vandravagen\/2014\/02\/11\/sta-helena-traffar-folk-pa-vagen\/","og_locale":"sv_SE","og_type":"article","og_title":"Sta Helena tr\u00e4ffar folk p\u00e5 v\u00e4gen! - Vandra V\u00e4gen","og_description":"Sta Helenas resa sedan hon l\u00e4mnat Lilla Edet Nu ramlar det in nyheter om Sta Helenas geocachepilgrimsresa. Du som f\u00f6ljt Vandra V\u00e4gen ett tag vet att jag skickat ut en &#8221;travel bug&#8221; f\u00f6rest\u00e4llande helgonet Sta Helena (som dog h\u00e4r i G\u00f6tene) p\u00e5 resa till Jerusalem. Dit \u00e5kte den riktiga Helena ungef\u00e4r \u00e5r 1130. Geocachehelena f\u00e4rdas [&hellip;]","og_url":"https:\/\/blogg.svenskakyrkan.se\/vandravagen\/2014\/02\/11\/sta-helena-traffar-folk-pa-vagen\/","og_site_name":"Vandra V\u00e4gen","article_publisher":"http:\/\/facebook.com\/vandravagen","article_published_time":"2014-02-11T08:19:00+00:00","og_image":[{"url":"http:\/\/1.bp.blogspot.com\/-kDA-bWGvz38\/Uvie7PBc6yI\/AAAAAAAAG4Y\/nGBbomkztDc\/s640\/Ska%CC%88rmavbild+2014-02-10+kl.+10.41.02.png","type":"","width":"","height":""}],"author":"Tomas Jarvid","twitter_card":"summary_large_image","twitter_creator":"@fadertomas","twitter_site":"@fadertomas","twitter_misc":{"Skriven av":"Tomas Jarvid","Ber\u00e4knad l\u00e4stid":"1 minut"},"schema":{"@context":"https:\/\/schema.org","@graph":[{"@type":"Article","@id":"https:\/\/blogg.svenskakyrkan.se\/vandravagen\/2014\/02\/11\/sta-helena-traffar-folk-pa-vagen\/#article","isPartOf":{"@id":"https:\/\/blogg.svenskakyrkan.se\/vandravagen\/2014\/02\/11\/sta-helena-traffar-folk-pa-vagen\/"},"author":{"name":"Tomas Jarvid","@id":"https:\/\/blogg.svenskakyrkan.se\/vandravagen\/#\/schema\/person\/25da02d4f76b137d04291711e2c9fc16"},"headline":"Sta Helena tr\u00e4ffar folk p\u00e5 v\u00e4gen!","datePublished":"2014-02-11T08:19:00+00:00","mainEntityOfPage":{"@id":"https:\/\/blogg.svenskakyrkan.se\/vandravagen\/2014\/02\/11\/sta-helena-traffar-folk-pa-vagen\/"},"wordCount":207,"commentCount":3,"publisher":{"@id":"https:\/\/blogg.svenskakyrkan.se\/vandravagen\/#organization"},"image":{"@id":"https:\/\/blogg.svenskakyrkan.se\/vandravagen\/2014\/02\/11\/sta-helena-traffar-folk-pa-vagen\/#primaryimage"},"thumbnailUrl":"http:\/\/1.bp.blogspot.com\/-kDA-bWGvz38\/Uvie7PBc6yI\/AAAAAAAAG4Y\/nGBbomkztDc\/s640\/Ska%CC%88rmavbild+2014-02-10+kl.+10.41.02.png","articleSection":["blandat","sta Helena"],"inLanguage":"sv-SE","potentialAction":[{"@type":"CommentAction","name":"Comment","target":["https:\/\/blogg.svenskakyrkan.se\/vandravagen\/2014\/02\/11\/sta-helena-traffar-folk-pa-vagen\/#respond"]}]},{"@type":"WebPage","@id":"https:\/\/blogg.svenskakyrkan.se\/vandravagen\/2014\/02\/11\/sta-helena-traffar-folk-pa-vagen\/","url":"https:\/\/blogg.svenskakyrkan.se\/vandravagen\/2014\/02\/11\/sta-helena-traffar-folk-pa-vagen\/","name":"Sta Helena tr\u00e4ffar folk p\u00e5 v\u00e4gen! - Vandra V\u00e4gen","isPartOf":{"@id":"https:\/\/blogg.svenskakyrkan.se\/vandravagen\/#website"},"primaryImageOfPage":{"@id":"https:\/\/blogg.svenskakyrkan.se\/vandravagen\/2014\/02\/11\/sta-helena-traffar-folk-pa-vagen\/#primaryimage"},"image":{"@id":"https:\/\/blogg.svenskakyrkan.se\/vandravagen\/2014\/02\/11\/sta-helena-traffar-folk-pa-vagen\/#primaryimage"},"thumbnailUrl":"http:\/\/1.bp.blogspot.com\/-kDA-bWGvz38\/Uvie7PBc6yI\/AAAAAAAAG4Y\/nGBbomkztDc\/s640\/Ska%CC%88rmavbild+2014-02-10+kl.+10.41.02.png","datePublished":"2014-02-11T08:19:00+00:00","breadcrumb":{"@id":"https:\/\/blogg.svenskakyrkan.se\/vandravagen\/2014\/02\/11\/sta-helena-traffar-folk-pa-vagen\/#breadcrumb"},"inLanguage":"sv-SE","potentialAction":[{"@type":"ReadAction","target":["https:\/\/blogg.svenskakyrkan.se\/vandravagen\/2014\/02\/11\/sta-helena-traffar-folk-pa-vagen\/"]}]},{"@type":"ImageObject","inLanguage":"sv-SE","@id":"https:\/\/blogg.svenskakyrkan.se\/vandravagen\/2014\/02\/11\/sta-helena-traffar-folk-pa-vagen\/#primaryimage","url":"http:\/\/1.bp.blogspot.com\/-kDA-bWGvz38\/Uvie7PBc6yI\/AAAAAAAAG4Y\/nGBbomkztDc\/s640\/Ska%CC%88rmavbild+2014-02-10+kl.+10.41.02.png","contentUrl":"http:\/\/1.bp.blogspot.com\/-kDA-bWGvz38\/Uvie7PBc6yI\/AAAAAAAAG4Y\/nGBbomkztDc\/s640\/Ska%CC%88rmavbild+2014-02-10+kl.+10.41.02.png"},{"@type":"BreadcrumbList","@id":"https:\/\/blogg.svenskakyrkan.se\/vandravagen\/2014\/02\/11\/sta-helena-traffar-folk-pa-vagen\/#breadcrumb","itemListElement":[{"@type":"ListItem","position":1,"name":"Hem","item":"https:\/\/blogg.svenskakyrkan.se\/vandravagen\/"},{"@type":"ListItem","position":2,"name":"Sta Helena tr\u00e4ffar folk p\u00e5 v\u00e4gen!"}]},{"@type":"WebSite","@id":"https:\/\/blogg.svenskakyrkan.se\/vandravagen\/#website","url":"https:\/\/blogg.svenskakyrkan.se\/vandravagen\/","name":"Vandra V\u00e4gen","description":"-Mot en tro f\u00f6r hela livet","publisher":{"@id":"https:\/\/blogg.svenskakyrkan.se\/vandravagen\/#organization"},"potentialAction":[{"@type":"SearchAction","target":{"@type":"EntryPoint","urlTemplate":"https:\/\/blogg.svenskakyrkan.se\/vandravagen\/?s={search_term_string}"},"query-input":{"@type":"PropertyValueSpecification","valueRequired":true,"valueName":"search_term_string"}}],"inLanguage":"sv-SE"},{"@type":"Organization","@id":"https:\/\/blogg.svenskakyrkan.se\/vandravagen\/#organization","name":"ulricehamns pastorat","alternateName":"ulricehamns pastorat","url":"https:\/\/blogg.svenskakyrkan.se\/vandravagen\/","logo":{"@type":"ImageObject","inLanguage":"sv-SE","@id":"https:\/\/blogg.svenskakyrkan.se\/vandravagen\/#\/schema\/logo\/image\/","url":"https:\/\/blogg.svenskakyrkan.se\/vandravagen\/files\/2023\/05\/Ulr_logo_RGB.png","contentUrl":"https:\/\/blogg.svenskakyrkan.se\/vandravagen\/files\/2023\/05\/Ulr_logo_RGB.png","width":205,"height":77,"caption":"ulricehamns pastorat"},"image":{"@id":"https:\/\/blogg.svenskakyrkan.se\/vandravagen\/#\/schema\/logo\/image\/"},"sameAs":["http:\/\/facebook.com\/vandravagen","https:\/\/x.com\/fadertomas","http:\/\/www.facebook.com\/svenskakyrkaniulricehamn"]},{"@type":"Person","@id":"https:\/\/blogg.svenskakyrkan.se\/vandravagen\/#\/schema\/person\/25da02d4f76b137d04291711e2c9fc16","name":"Tomas Jarvid","image":{"@type":"ImageObject","inLanguage":"sv-SE","@id":"https:\/\/blogg.svenskakyrkan.se\/vandravagen\/#\/schema\/person\/image\/","url":"https:\/\/secure.gravatar.com\/avatar\/7fa71899795e8f540f615a1f5ab25255dc27aa40f05ee7ddd21aac521e01bf50?s=96&d=identicon&r=g","contentUrl":"https:\/\/secure.gravatar.com\/avatar\/7fa71899795e8f540f615a1f5ab25255dc27aa40f05ee7ddd21aac521e01bf50?s=96&d=identicon&r=g","caption":"Tomas Jarvid"},"description":"Jag bor i Ulricehamn i V\u00e4sterg\u00f6tland och \u00e4r f\u00f6rsamlingspr\u00e4st i Svenska Kyrkan f\u00f6r Dalstorps f\u00f6rsamling i Kinds pastorat. P\u00e5 den h\u00e4r bloggen skriver jag ner tankar om vandringen som kristen.","sameAs":["http:\/\/www.vandravagen.se"],"url":"https:\/\/blogg.svenskakyrkan.se\/vandravagen\/author\/vandravagen\/"}]}},"author_meta":{"ID":"392","user_nicename":"vandravagen","user_url":"http:\/\/www.vandravagen.se","user_registered":"2014-05-19 05:44:52","display_name":"Tomas Jarvid","first_name":"Tomas","last_name":"Jarvid","avatar":"https:\/\/secure.gravatar.com\/avatar\/7fa71899795e8f540f615a1f5ab25255dc27aa40f05ee7ddd21aac521e01bf50?s=96&d=identicon&r=g"},"featured_image":false,"bloginfo":{"name":"Vandra V\u00e4gen","url":"https:\/\/blogg.svenskakyrkan.se\/vandravagen"},"_links":{"self":[{"href":"https:\/\/blogg.svenskakyrkan.se\/vandravagen\/wp-json\/wp\/v2\/posts\/173","targetHints":{"allow":["GET"]}}],"collection":[{"href":"https:\/\/blogg.svenskakyrkan.se\/vandravagen\/wp-json\/wp\/v2\/posts"}],"about":[{"href":"https:\/\/blogg.svenskakyrkan.se\/vandravagen\/wp-json\/wp\/v2\/types\/post"}],"author":[{"embeddable":true,"href":"https:\/\/blogg.svenskakyrkan.se\/vandravagen\/wp-json\/wp\/v2\/users\/392"}],"replies":[{"embeddable":true,"href":"https:\/\/blogg.svenskakyrkan.se\/vandravagen\/wp-json\/wp\/v2\/comments?post=173"}],"version-history":[{"count":0,"href":"https:\/\/blogg.svenskakyrkan.se\/vandravagen\/wp-json\/wp\/v2\/posts\/173\/revisions"}],"wp:attachment":[{"href":"https:\/\/blogg.svenskakyrkan.se\/vandravagen\/wp-json\/wp\/v2\/media?parent=173"}],"wp:term":[{"taxonomy":"category","embeddable":true,"href":"https:\/\/blogg.svenskakyrkan.se\/vandravagen\/wp-json\/wp\/v2\/categories?post=173"},{"taxonomy":"post_tag","embeddable":true,"href":"https:\/\/blogg.svenskakyrkan.se\/vandravagen\/wp-json\/wp\/v2\/tags?post=173"}],"curies":[{"name":"wp","href":"https:\/\/api.w.org\/{rel}","templated":true}]}}