{"id":179,"date":"2014-02-06T10:12:00","date_gmt":"2014-02-06T09:12:00","guid":{"rendered":"http:\/\/blogg.svenskakyrkan.se\/vandravagen\/2014\/02\/06\/veckans-samlade-favorittweets-3\/"},"modified":"2014-02-06T10:12:00","modified_gmt":"2014-02-06T09:12:00","slug":"veckans-samlade-favorittweets-3","status":"publish","type":"post","link":"https:\/\/blogg.svenskakyrkan.se\/vandravagen\/2014\/02\/06\/veckans-samlade-favorittweets-3\/","title":{"rendered":"Veckans samlade favorittweets"},"content":{"rendered":"<table align=\"center\" cellpadding=\"0\" cellspacing=\"0\">\n<tbody>\n<tr>\n<td><a href=\"http:\/\/2.bp.blogspot.com\/-OEOkE1AHj1U\/UvMUJp0FysI\/AAAAAAAAG3I\/IufyPVLuANY\/s1600\/IMG_2814.JPG\"><img loading=\"lazy\" decoding=\"async\" border=\"0\" src=\"http:\/\/2.bp.blogspot.com\/-OEOkE1AHj1U\/UvMUJp0FysI\/AAAAAAAAG3I\/IufyPVLuANY\/s1600\/IMG_2814.JPG\" height=\"384\" width=\"640\"><\/a><\/td>\n<\/tr>\n<tr>\n<td>Glad och ledsen hund<\/td>\n<\/tr>\n<\/tbody>\n<\/table>\n<div><\/div>\n<div><\/div>\n<div>F\u00f6rst och fr\u00e4mst vill jag passa p\u00e5 att s\u00e4ga grattis till alla samer p\u00e5 nationaldagen.\u00a0<\/div>\n<div><\/div>\n<div>S\u00e5 till saken. Med (o)j\u00e4mna mellanrum brukar jag samla ihop en h\u00f6g bra saker andra skrivit p\u00e5 twitter och k\u00f6ra dem i repris p\u00e5 bloggen s\u00e5 att man f\u00e5r stanna till inf\u00f6r dem en g\u00e5ng till. \u00c4ven denna g\u00e5ng \u00e4r det en samling kloka eller fyndiga tankar som f\u00e5r ha ordet:<\/div>\n<div><\/div>\n<div><\/div>\n<div><b>Kristna (?) tweets<\/b><\/div>\n<div><\/div>\n<div>Sant det!<\/div>\n<div><a href=\"http:\/\/1.bp.blogspot.com\/-FFzUgHHvEhs\/UvMRlHZL4tI\/AAAAAAAAG0c\/M1uObcaFtpI\/s1600\/Ska%CC%88rmavbild+2014-02-05+kl.+21.12.02.png\"><img loading=\"lazy\" decoding=\"async\" border=\"0\" src=\"http:\/\/1.bp.blogspot.com\/-FFzUgHHvEhs\/UvMRlHZL4tI\/AAAAAAAAG0c\/M1uObcaFtpI\/s1600\/Ska%CC%88rmavbild+2014-02-05+kl.+21.12.02.png\" height=\"66\" width=\"400\"><\/a><\/div>\n<div><\/div>\n<div><\/div>\n<div><a href=\"http:\/\/2.bp.blogspot.com\/-hIqo1xm7g2M\/UvMRgpsrqVI\/AAAAAAAAGzo\/bvAP6UPk2nA\/s1600\/Ska%CC%88rmavbild+2014-02-05+kl.+21.10.45.png\"><img loading=\"lazy\" decoding=\"async\" border=\"0\" src=\"http:\/\/2.bp.blogspot.com\/-hIqo1xm7g2M\/UvMRgpsrqVI\/AAAAAAAAGzo\/bvAP6UPk2nA\/s1600\/Ska%CC%88rmavbild+2014-02-05+kl.+21.10.45.png\" height=\"62\" width=\"400\"><\/a><\/div>\n<div><\/div>\n<div><\/div>\n<div>Den d\u00e4r Peter Kreeft \u00e4r onelinernas m\u00e4stare!<\/div>\n<div><a href=\"http:\/\/3.bp.blogspot.com\/-jefaK_mjHo8\/UvMRuMWHUTI\/AAAAAAAAG2Y\/HqQvYDc_J5A\/s1600\/Ska%CC%88rmavbild+2014-02-05+kl.+21.21.51.png\"><img loading=\"lazy\" decoding=\"async\" border=\"0\" src=\"http:\/\/3.bp.blogspot.com\/-jefaK_mjHo8\/UvMRuMWHUTI\/AAAAAAAAG2Y\/HqQvYDc_J5A\/s1600\/Ska%CC%88rmavbild+2014-02-05+kl.+21.21.51.png\" height=\"76\" width=\"400\"><\/a><\/div>\n<div><\/div>\n<div><\/div>\n<div><a href=\"http:\/\/3.bp.blogspot.com\/-I3nkJ9RvMxE\/UvMRqiyTANI\/AAAAAAAAG1k\/VPNYEK0RAeY\/s1600\/Ska%CC%88rmavbild+2014-02-05+kl.+21.18.35.png\"><img loading=\"lazy\" decoding=\"async\" border=\"0\" src=\"http:\/\/3.bp.blogspot.com\/-I3nkJ9RvMxE\/UvMRqiyTANI\/AAAAAAAAG1k\/VPNYEK0RAeY\/s1600\/Ska%CC%88rmavbild+2014-02-05+kl.+21.18.35.png\" height=\"67\" width=\"400\"><\/a><\/div>\n<div><\/div>\n<div><\/div>\n<div>Bra n\u00e4r man kan f\u00f6rklara konstiga religi\u00f6sa ord och f\u00f6reteelser med v\u00e5rt vanliga beteende!<\/div>\n<div><a href=\"http:\/\/1.bp.blogspot.com\/-Qe2n7InadZc\/UvMRhSHjkvI\/AAAAAAAAGz4\/JapNpgel4Rw\/s1600\/Ska%CC%88rmavbild+2014-02-05+kl.+21.11.24.png\"><img loading=\"lazy\" decoding=\"async\" border=\"0\" src=\"http:\/\/1.bp.blogspot.com\/-Qe2n7InadZc\/UvMRhSHjkvI\/AAAAAAAAGz4\/JapNpgel4Rw\/s1600\/Ska%CC%88rmavbild+2014-02-05+kl.+21.11.24.png\" height=\"66\" width=\"400\"><\/a><\/div>\n<div><\/div>\n<div><\/div>\n<div>Hmm&#8230;<\/div>\n<div><a href=\"http:\/\/2.bp.blogspot.com\/-cSKjhxiRA1g\/UvMRjlro3UI\/AAAAAAAAG0M\/sjln13QjeEo\/s1600\/Ska%CC%88rmavbild+2014-02-05+kl.+21.12.55.png\"><img loading=\"lazy\" decoding=\"async\" border=\"0\" src=\"http:\/\/2.bp.blogspot.com\/-cSKjhxiRA1g\/UvMRjlro3UI\/AAAAAAAAG0M\/sjln13QjeEo\/s1600\/Ska%CC%88rmavbild+2014-02-05+kl.+21.12.55.png\" height=\"168\" width=\"400\"><\/a><\/div>\n<div><\/div>\n<div><\/div>\n<div>Good point!<\/div>\n<div><a href=\"http:\/\/4.bp.blogspot.com\/-wc-vQ13HvDU\/UvMRw8RUPMI\/AAAAAAAAG20\/MVMkR1T9LkE\/s1600\/Ska%CC%88rmavbild+2014-02-05+kl.+21.22.10.png\"><img loading=\"lazy\" decoding=\"async\" border=\"0\" src=\"http:\/\/4.bp.blogspot.com\/-wc-vQ13HvDU\/UvMRw8RUPMI\/AAAAAAAAG20\/MVMkR1T9LkE\/s1600\/Ska%CC%88rmavbild+2014-02-05+kl.+21.22.10.png\" height=\"52\" width=\"400\"><\/a><\/div>\n<div><\/div>\n<div><\/div>\n<div><a href=\"http:\/\/1.bp.blogspot.com\/-fJUwUE0xNyc\/UvMRrksXLaI\/AAAAAAAAG2A\/G6pqNfSkosA\/s1600\/Ska%CC%88rmavbild+2014-02-05+kl.+21.19.37.png\"><img loading=\"lazy\" decoding=\"async\" border=\"0\" src=\"http:\/\/1.bp.blogspot.com\/-fJUwUE0xNyc\/UvMRrksXLaI\/AAAAAAAAG2A\/G6pqNfSkosA\/s1600\/Ska%CC%88rmavbild+2014-02-05+kl.+21.19.37.png\" height=\"55\" width=\"400\"><\/a><\/div>\n<div><\/div>\n<div><\/div>\n<div><a href=\"http:\/\/3.bp.blogspot.com\/--aLuD3JTwb8\/UvMRopI4P4I\/AAAAAAAAG1I\/FCUyjTYcmWg\/s1600\/Ska%CC%88rmavbild+2014-02-05+kl.+21.14.35.png\"><img loading=\"lazy\" decoding=\"async\" border=\"0\" src=\"http:\/\/3.bp.blogspot.com\/--aLuD3JTwb8\/UvMRopI4P4I\/AAAAAAAAG1I\/FCUyjTYcmWg\/s1600\/Ska%CC%88rmavbild+2014-02-05+kl.+21.14.35.png\" height=\"66\" width=\"400\"><\/a><\/div>\n<div><\/div>\n<div><\/div>\n<div><a href=\"http:\/\/3.bp.blogspot.com\/-SAr8iv5tUmQ\/UvMRoCgP2WI\/AAAAAAAAG1E\/onnO7l-rnNU\/s1600\/Ska%CC%88rmavbild+2014-02-05+kl.+21.16.24.png\"><img loading=\"lazy\" decoding=\"async\" border=\"0\" src=\"http:\/\/3.bp.blogspot.com\/-SAr8iv5tUmQ\/UvMRoCgP2WI\/AAAAAAAAG1E\/onnO7l-rnNU\/s1600\/Ska%CC%88rmavbild+2014-02-05+kl.+21.16.24.png\" height=\"52\" width=\"400\"><\/a><\/div>\n<div><\/div>\n<div><\/div>\n<div>Och \u00e4ven en ateist <a href=\"http:\/\/www.vandravagen.se\/2013\/08\/ateisterna-lever-som-om-de-trodde-pa-gud.html\">lever i praktiken ofta som om de tror p\u00e5 Gud<\/a>.<\/div>\n<div><a href=\"http:\/\/4.bp.blogspot.com\/-fAhqqvHs8ww\/UvMRm8onl6I\/AAAAAAAAG04\/_2xGKIMSDEw\/s1600\/Ska%CC%88rmavbild+2014-02-05+kl.+21.13.01.png\"><img loading=\"lazy\" decoding=\"async\" border=\"0\" src=\"http:\/\/4.bp.blogspot.com\/-fAhqqvHs8ww\/UvMRm8onl6I\/AAAAAAAAG04\/_2xGKIMSDEw\/s1600\/Ska%CC%88rmavbild+2014-02-05+kl.+21.13.01.png\" height=\"63\" width=\"400\"><\/a><\/div>\n<div><\/div>\n<div><\/div>\n<div>Noga r\u00e4knat \u00e4r v\u00e4l detta ett muslimskt tweet? Bra hursomhelst!<\/div>\n<div><a href=\"http:\/\/2.bp.blogspot.com\/-hELbFFyQvBo\/UvMRm2Hw8tI\/AAAAAAAAG00\/-L912cLEywI\/s1600\/Ska%CC%88rmavbild+2014-02-05+kl.+21.16.01.png\"><img loading=\"lazy\" decoding=\"async\" border=\"0\" src=\"http:\/\/2.bp.blogspot.com\/-hELbFFyQvBo\/UvMRm2Hw8tI\/AAAAAAAAG00\/-L912cLEywI\/s1600\/Ska%CC%88rmavbild+2014-02-05+kl.+21.16.01.png\" height=\"58\" width=\"400\"><\/a><\/div>\n<div><\/div>\n<div><\/div>\n<div><a href=\"http:\/\/2.bp.blogspot.com\/--gaRN-aLGxM\/UvMRpVTiHvI\/AAAAAAAAG1U\/IKrUSzl9Pmw\/s1600\/Ska%CC%88rmavbild+2014-02-05+kl.+21.17.05.png\"><img loading=\"lazy\" decoding=\"async\" border=\"0\" src=\"http:\/\/2.bp.blogspot.com\/--gaRN-aLGxM\/UvMRpVTiHvI\/AAAAAAAAG1U\/IKrUSzl9Pmw\/s1600\/Ska%CC%88rmavbild+2014-02-05+kl.+21.17.05.png\" height=\"77\" width=\"400\"><\/a><\/div>\n<div><\/div>\n<div><\/div>\n<div>Och pappa vill man ju g\u00e4rna till\u00e4gga.<\/div>\n<div><a href=\"http:\/\/2.bp.blogspot.com\/-3xImFB3G-uw\/UvMRqOPCv0I\/AAAAAAAAG1o\/aTfiGLVbqaE\/s1600\/Ska%CC%88rmavbild+2014-02-05+kl.+21.17.59.png\"><img loading=\"lazy\" decoding=\"async\" border=\"0\" src=\"http:\/\/2.bp.blogspot.com\/-3xImFB3G-uw\/UvMRqOPCv0I\/AAAAAAAAG1o\/aTfiGLVbqaE\/s1600\/Ska%CC%88rmavbild+2014-02-05+kl.+21.17.59.png\" height=\"88\" width=\"400\"><\/a><\/div>\n<div><\/div>\n<div><\/div>\n<div><\/div>\n<div><b>Kloka tweets<\/b><\/div>\n<div><b><br \/><\/b><\/div>\n<div><a href=\"http:\/\/4.bp.blogspot.com\/-AC8wrOXffZs\/UvMRgmKO-6I\/AAAAAAAAGzk\/yFEQ8Pz05L0\/s1600\/Ska%CC%88rmavbild+2014-02-05+kl.+21.11.13.png\"><img loading=\"lazy\" decoding=\"async\" border=\"0\" src=\"http:\/\/4.bp.blogspot.com\/-AC8wrOXffZs\/UvMRgmKO-6I\/AAAAAAAAGzk\/yFEQ8Pz05L0\/s1600\/Ska%CC%88rmavbild+2014-02-05+kl.+21.11.13.png\" height=\"62\" width=\"400\"><\/a><\/div>\n<div><\/div>\n<div><\/div>\n<div><\/div>\n<div><a href=\"http:\/\/3.bp.blogspot.com\/-wR3n12brIho\/UvMRkz3iUEI\/AAAAAAAAG0g\/-mkBkB1lw8M\/s1600\/Ska%CC%88rmavbild+2014-02-05+kl.+21.13.30.png\"><img loading=\"lazy\" decoding=\"async\" border=\"0\" src=\"http:\/\/3.bp.blogspot.com\/-wR3n12brIho\/UvMRkz3iUEI\/AAAAAAAAG0g\/-mkBkB1lw8M\/s1600\/Ska%CC%88rmavbild+2014-02-05+kl.+21.13.30.png\" height=\"66\" width=\"400\"><\/a><\/div>\n<div><\/div>\n<div><\/div>\n<div><a href=\"http:\/\/2.bp.blogspot.com\/-kxI-53t-Ihc\/UvMRllzHwKI\/AAAAAAAAG0o\/IgFPnkyQC5w\/s1600\/Ska%CC%88rmavbild+2014-02-05+kl.+21.13.38.png\"><img loading=\"lazy\" decoding=\"async\" border=\"0\" src=\"http:\/\/2.bp.blogspot.com\/-kxI-53t-Ihc\/UvMRllzHwKI\/AAAAAAAAG0o\/IgFPnkyQC5w\/s1600\/Ska%CC%88rmavbild+2014-02-05+kl.+21.13.38.png\" height=\"78\" width=\"400\"><\/a><\/div>\n<div><\/div>\n<div><\/div>\n<div><a href=\"http:\/\/3.bp.blogspot.com\/-zZT0dHDj6m8\/UvMRtwrdq8I\/AAAAAAAAG2Q\/g7pL2hn5ZYw\/s1600\/Ska%CC%88rmavbild+2014-02-05+kl.+21.16.08.png\"><img loading=\"lazy\" decoding=\"async\" border=\"0\" src=\"http:\/\/3.bp.blogspot.com\/-zZT0dHDj6m8\/UvMRtwrdq8I\/AAAAAAAAG2Q\/g7pL2hn5ZYw\/s1600\/Ska%CC%88rmavbild+2014-02-05+kl.+21.16.08.png\" height=\"66\" width=\"400\"><\/a><\/div>\n<div><\/div>\n<div><\/div>\n<div><a href=\"http:\/\/3.bp.blogspot.com\/-9C4DPwHT5FU\/UvMRvLGFMlI\/AAAAAAAAG2k\/QB5ipDdNqAk\/s1600\/Ska%CC%88rmavbild+2014-02-05+kl.+21.22.38.png\"><img loading=\"lazy\" decoding=\"async\" border=\"0\" src=\"http:\/\/3.bp.blogspot.com\/-9C4DPwHT5FU\/UvMRvLGFMlI\/AAAAAAAAG2k\/QB5ipDdNqAk\/s1600\/Ska%CC%88rmavbild+2014-02-05+kl.+21.22.38.png\" height=\"52\" width=\"400\"><\/a><\/div>\n<div><\/div>\n<div><\/div>\n<div><a href=\"http:\/\/1.bp.blogspot.com\/-6iN5DGKZIJY\/UvMRsA7rU1I\/AAAAAAAAG18\/FXcPumqJ_eI\/s1600\/Ska%CC%88rmavbild+2014-02-05+kl.+21.20.20.png\"><img loading=\"lazy\" decoding=\"async\" border=\"0\" src=\"http:\/\/1.bp.blogspot.com\/-6iN5DGKZIJY\/UvMRsA7rU1I\/AAAAAAAAG18\/FXcPumqJ_eI\/s1600\/Ska%CC%88rmavbild+2014-02-05+kl.+21.20.20.png\" height=\"67\" width=\"400\"><\/a><\/div>\n<div><\/div>\n<div><\/div>\n<div><a href=\"http:\/\/2.bp.blogspot.com\/-9qiZKI-15cA\/UvMRtthKI4I\/AAAAAAAAG2M\/MaTshXMdYkw\/s1600\/Ska%CC%88rmavbild+2014-02-05+kl.+21.21.28.png\"><img loading=\"lazy\" decoding=\"async\" border=\"0\" src=\"http:\/\/2.bp.blogspot.com\/-9qiZKI-15cA\/UvMRtthKI4I\/AAAAAAAAG2M\/MaTshXMdYkw\/s1600\/Ska%CC%88rmavbild+2014-02-05+kl.+21.21.28.png\" height=\"90\" width=\"400\"><\/a><\/div>\n<div><\/div>\n<div><\/div>\n<div>Lite som jag skrev om <a href=\"http:\/\/www.vandravagen.se\/2014\/01\/syndaren-straffar-sig-sjalv.html\">&#8221;syndaren straffar sig sj\u00e4lv&#8221;<\/a><\/div>\n<div><a href=\"http:\/\/2.bp.blogspot.com\/-s0rm1X56E08\/UvMRrYDTRuI\/AAAAAAAAG1w\/7Jj72PurJCk\/s1600\/Ska%CC%88rmavbild+2014-02-05+kl.+21.19.10.png\"><img loading=\"lazy\" decoding=\"async\" border=\"0\" src=\"http:\/\/2.bp.blogspot.com\/-s0rm1X56E08\/UvMRrYDTRuI\/AAAAAAAAG1w\/7Jj72PurJCk\/s1600\/Ska%CC%88rmavbild+2014-02-05+kl.+21.19.10.png\" height=\"65\" width=\"400\"><\/a><\/div>\n<div><\/div>\n<div><\/div>\n<div><\/div>\n<div><b>Roliga\/\u00f6vriga tweets<\/b><\/div>\n<div><\/div>\n<\/p>\n<div><a href=\"http:\/\/3.bp.blogspot.com\/-uBEoilEbseI\/UvMRjJ9ReoI\/AAAAAAAAG0Q\/9X2AsOCRsuU\/s1600\/Ska%CC%88rmavbild+2014-02-05+kl.+21.10.55.png\"><img loading=\"lazy\" decoding=\"async\" border=\"0\" src=\"http:\/\/3.bp.blogspot.com\/-uBEoilEbseI\/UvMRjJ9ReoI\/AAAAAAAAG0Q\/9X2AsOCRsuU\/s1600\/Ska%CC%88rmavbild+2014-02-05+kl.+21.10.55.png\" height=\"68\" width=\"400\"><\/a><\/div>\n<\/p>\n<div><\/div>\n<\/p>\n<div><a href=\"http:\/\/3.bp.blogspot.com\/-hQmInrYiHo8\/UvMRhrOEokI\/AAAAAAAAGz0\/FBtJzPaRHsY\/s1600\/Ska%CC%88rmavbild+2014-02-05+kl.+21.11.32.png\"><img loading=\"lazy\" decoding=\"async\" border=\"0\" src=\"http:\/\/3.bp.blogspot.com\/-hQmInrYiHo8\/UvMRhrOEokI\/AAAAAAAAGz0\/FBtJzPaRHsY\/s1600\/Ska%CC%88rmavbild+2014-02-05+kl.+21.11.32.png\" height=\"72\" width=\"400\"><\/a><\/div>\n<\/p>\n<div><\/div>\n<div><a href=\"http:\/\/4.bp.blogspot.com\/-Fe_uC3Hi9Xk\/UvMRjI_1m9I\/AAAAAAAAG0A\/BxaJJN2RVlw\/s1600\/Ska%CC%88rmavbild+2014-02-05+kl.+21.12.36.png\"><img loading=\"lazy\" decoding=\"async\" border=\"0\" src=\"http:\/\/4.bp.blogspot.com\/-Fe_uC3Hi9Xk\/UvMRjI_1m9I\/AAAAAAAAG0A\/BxaJJN2RVlw\/s1600\/Ska%CC%88rmavbild+2014-02-05+kl.+21.12.36.png\" height=\"68\" width=\"400\"><\/a><\/div>\n<\/p>\n<div><\/div>\n<div><a href=\"http:\/\/1.bp.blogspot.com\/-hTjerh6EtDk\/UvMRo81BcEI\/AAAAAAAAG1Y\/95NDH_EtJSs\/s1600\/Ska%CC%88rmavbild+2014-02-05+kl.+21.16.57.png\"><img loading=\"lazy\" decoding=\"async\" border=\"0\" src=\"http:\/\/1.bp.blogspot.com\/-hTjerh6EtDk\/UvMRo81BcEI\/AAAAAAAAG1Y\/95NDH_EtJSs\/s1600\/Ska%CC%88rmavbild+2014-02-05+kl.+21.16.57.png\" height=\"88\" width=\"400\"><\/a><\/div>\n<div><\/div>\n<div><\/div>\n<div><a href=\"http:\/\/4.bp.blogspot.com\/-yja0zDssbPU\/UvMRwPr_E4I\/AAAAAAAAG24\/vJNezMQ4Ju0\/s1600\/Ska%CC%88rmavbild+2014-02-05+kl.+21.23.29.png\"><img loading=\"lazy\" decoding=\"async\" border=\"0\" src=\"http:\/\/4.bp.blogspot.com\/-yja0zDssbPU\/UvMRwPr_E4I\/AAAAAAAAG24\/vJNezMQ4Ju0\/s1600\/Ska%CC%88rmavbild+2014-02-05+kl.+21.23.29.png\" height=\"63\" width=\"400\"><\/a><\/div>\n<div><\/div>\n<div><\/div>\n<div><\/div>\n<div><b>Veckans b\u00e4sta tweet<\/b><\/div>\n<div><\/div>\n<div>Kommer fr\u00e5n @Utinatten!<\/div>\n<\/p>\n<div><\/div>\n<\/p>\n<div><a href=\"http:\/\/1.bp.blogspot.com\/-1oakJLMnYSw\/UvMRvlwJ_kI\/AAAAAAAAG2o\/2uBbt24lJn0\/s1600\/Ska%CC%88rmavbild+2014-02-05+kl.+21.21.18.png\"><img loading=\"lazy\" decoding=\"async\" border=\"0\" src=\"http:\/\/1.bp.blogspot.com\/-1oakJLMnYSw\/UvMRvlwJ_kI\/AAAAAAAAG2o\/2uBbt24lJn0\/s1600\/Ska%CC%88rmavbild+2014-02-05+kl.+21.21.18.png\" height=\"55\" width=\"400\"><\/a><\/div>\n<div><\/div>\n<div>Tack alla!<\/div>\n<\/p>\n<div><\/div>\n","protected":false},"excerpt":{"rendered":"<p>Glad och ledsen hund F\u00f6rst och fr\u00e4mst vill jag passa p\u00e5 att s\u00e4ga grattis till alla samer p\u00e5 nationaldagen.\u00a0 S\u00e5 till saken. Med (o)j\u00e4mna mellanrum brukar jag samla ihop en h\u00f6g bra saker andra skrivit p\u00e5 twitter och k\u00f6ra dem i repris p\u00e5 bloggen s\u00e5 att man f\u00e5r stanna till inf\u00f6r dem en g\u00e5ng till. [&hellip;]<\/p>\n","protected":false},"author":392,"featured_media":0,"comment_status":"open","ping_status":"open","sticky":false,"template":"","format":"standard","meta":{"_acf_changed":false,"footnotes":""},"categories":[76189,78772],"tags":[],"class_list":["post-179","post","type-post","status-publish","format-standard","hentry","category-dagens-kyrka","category-favorittweets"],"acf":[],"yoast_head":"<!-- This site is optimized with the Yoast SEO plugin v27.1.1 - https:\/\/yoast.com\/product\/yoast-seo-wordpress\/ -->\n<title>Veckans samlade favorittweets - Vandra V\u00e4gen<\/title>\n<meta name=\"robots\" content=\"index, follow, max-snippet:-1, max-image-preview:large, max-video-preview:-1\" \/>\n<link rel=\"canonical\" href=\"https:\/\/blogg.svenskakyrkan.se\/vandravagen\/2014\/02\/06\/veckans-samlade-favorittweets-3\/\" \/>\n<meta property=\"og:locale\" content=\"sv_SE\" \/>\n<meta property=\"og:type\" content=\"article\" \/>\n<meta property=\"og:title\" content=\"Veckans samlade favorittweets - Vandra V\u00e4gen\" \/>\n<meta property=\"og:description\" content=\"Glad och ledsen hund F\u00f6rst och fr\u00e4mst vill jag passa p\u00e5 att s\u00e4ga grattis till alla samer p\u00e5 nationaldagen.\u00a0 S\u00e5 till saken. Med (o)j\u00e4mna mellanrum brukar jag samla ihop en h\u00f6g bra saker andra skrivit p\u00e5 twitter och k\u00f6ra dem i repris p\u00e5 bloggen s\u00e5 att man f\u00e5r stanna till inf\u00f6r dem en g\u00e5ng till. [&hellip;]\" \/>\n<meta property=\"og:url\" content=\"https:\/\/blogg.svenskakyrkan.se\/vandravagen\/2014\/02\/06\/veckans-samlade-favorittweets-3\/\" \/>\n<meta property=\"og:site_name\" content=\"Vandra V\u00e4gen\" \/>\n<meta property=\"article:publisher\" content=\"http:\/\/facebook.com\/vandravagen\" \/>\n<meta property=\"article:published_time\" content=\"2014-02-06T09:12:00+00:00\" \/>\n<meta property=\"og:image\" content=\"http:\/\/2.bp.blogspot.com\/-OEOkE1AHj1U\/UvMUJp0FysI\/AAAAAAAAG3I\/IufyPVLuANY\/s1600\/IMG_2814.JPG\" \/>\n<meta name=\"author\" content=\"Tomas Jarvid\" \/>\n<meta name=\"twitter:card\" content=\"summary_large_image\" \/>\n<meta name=\"twitter:creator\" content=\"@fadertomas\" \/>\n<meta name=\"twitter:site\" content=\"@fadertomas\" \/>\n<meta name=\"twitter:label1\" content=\"Skriven av\" \/>\n\t<meta name=\"twitter:data1\" content=\"Tomas Jarvid\" \/>\n\t<meta name=\"twitter:label2\" content=\"Ber\u00e4knad l\u00e4stid\" \/>\n\t<meta name=\"twitter:data2\" content=\"1 minut\" \/>\n<script type=\"application\/ld+json\" class=\"yoast-schema-graph\">{\"@context\":\"https:\/\/schema.org\",\"@graph\":[{\"@type\":\"Article\",\"@id\":\"https:\/\/blogg.svenskakyrkan.se\/vandravagen\/2014\/02\/06\/veckans-samlade-favorittweets-3\/#article\",\"isPartOf\":{\"@id\":\"https:\/\/blogg.svenskakyrkan.se\/vandravagen\/2014\/02\/06\/veckans-samlade-favorittweets-3\/\"},\"author\":{\"name\":\"Tomas Jarvid\",\"@id\":\"https:\/\/blogg.svenskakyrkan.se\/vandravagen\/#\/schema\/person\/25da02d4f76b137d04291711e2c9fc16\"},\"headline\":\"Veckans samlade favorittweets\",\"datePublished\":\"2014-02-06T09:12:00+00:00\",\"mainEntityOfPage\":{\"@id\":\"https:\/\/blogg.svenskakyrkan.se\/vandravagen\/2014\/02\/06\/veckans-samlade-favorittweets-3\/\"},\"wordCount\":180,\"commentCount\":1,\"publisher\":{\"@id\":\"https:\/\/blogg.svenskakyrkan.se\/vandravagen\/#organization\"},\"image\":{\"@id\":\"https:\/\/blogg.svenskakyrkan.se\/vandravagen\/2014\/02\/06\/veckans-samlade-favorittweets-3\/#primaryimage\"},\"thumbnailUrl\":\"http:\/\/2.bp.blogspot.com\/-OEOkE1AHj1U\/UvMUJp0FysI\/AAAAAAAAG3I\/IufyPVLuANY\/s1600\/IMG_2814.JPG\",\"articleSection\":[\"Dagens Kyrka\",\"favorittweets\"],\"inLanguage\":\"sv-SE\",\"potentialAction\":[{\"@type\":\"CommentAction\",\"name\":\"Comment\",\"target\":[\"https:\/\/blogg.svenskakyrkan.se\/vandravagen\/2014\/02\/06\/veckans-samlade-favorittweets-3\/#respond\"]}]},{\"@type\":\"WebPage\",\"@id\":\"https:\/\/blogg.svenskakyrkan.se\/vandravagen\/2014\/02\/06\/veckans-samlade-favorittweets-3\/\",\"url\":\"https:\/\/blogg.svenskakyrkan.se\/vandravagen\/2014\/02\/06\/veckans-samlade-favorittweets-3\/\",\"name\":\"Veckans samlade favorittweets - Vandra V\u00e4gen\",\"isPartOf\":{\"@id\":\"https:\/\/blogg.svenskakyrkan.se\/vandravagen\/#website\"},\"primaryImageOfPage\":{\"@id\":\"https:\/\/blogg.svenskakyrkan.se\/vandravagen\/2014\/02\/06\/veckans-samlade-favorittweets-3\/#primaryimage\"},\"image\":{\"@id\":\"https:\/\/blogg.svenskakyrkan.se\/vandravagen\/2014\/02\/06\/veckans-samlade-favorittweets-3\/#primaryimage\"},\"thumbnailUrl\":\"http:\/\/2.bp.blogspot.com\/-OEOkE1AHj1U\/UvMUJp0FysI\/AAAAAAAAG3I\/IufyPVLuANY\/s1600\/IMG_2814.JPG\",\"datePublished\":\"2014-02-06T09:12:00+00:00\",\"breadcrumb\":{\"@id\":\"https:\/\/blogg.svenskakyrkan.se\/vandravagen\/2014\/02\/06\/veckans-samlade-favorittweets-3\/#breadcrumb\"},\"inLanguage\":\"sv-SE\",\"potentialAction\":[{\"@type\":\"ReadAction\",\"target\":[\"https:\/\/blogg.svenskakyrkan.se\/vandravagen\/2014\/02\/06\/veckans-samlade-favorittweets-3\/\"]}]},{\"@type\":\"ImageObject\",\"inLanguage\":\"sv-SE\",\"@id\":\"https:\/\/blogg.svenskakyrkan.se\/vandravagen\/2014\/02\/06\/veckans-samlade-favorittweets-3\/#primaryimage\",\"url\":\"http:\/\/2.bp.blogspot.com\/-OEOkE1AHj1U\/UvMUJp0FysI\/AAAAAAAAG3I\/IufyPVLuANY\/s1600\/IMG_2814.JPG\",\"contentUrl\":\"http:\/\/2.bp.blogspot.com\/-OEOkE1AHj1U\/UvMUJp0FysI\/AAAAAAAAG3I\/IufyPVLuANY\/s1600\/IMG_2814.JPG\"},{\"@type\":\"BreadcrumbList\",\"@id\":\"https:\/\/blogg.svenskakyrkan.se\/vandravagen\/2014\/02\/06\/veckans-samlade-favorittweets-3\/#breadcrumb\",\"itemListElement\":[{\"@type\":\"ListItem\",\"position\":1,\"name\":\"Hem\",\"item\":\"https:\/\/blogg.svenskakyrkan.se\/vandravagen\/\"},{\"@type\":\"ListItem\",\"position\":2,\"name\":\"Veckans samlade favorittweets\"}]},{\"@type\":\"WebSite\",\"@id\":\"https:\/\/blogg.svenskakyrkan.se\/vandravagen\/#website\",\"url\":\"https:\/\/blogg.svenskakyrkan.se\/vandravagen\/\",\"name\":\"Vandra V\u00e4gen\",\"description\":\"-Mot en tro f\u00f6r hela livet\",\"publisher\":{\"@id\":\"https:\/\/blogg.svenskakyrkan.se\/vandravagen\/#organization\"},\"potentialAction\":[{\"@type\":\"SearchAction\",\"target\":{\"@type\":\"EntryPoint\",\"urlTemplate\":\"https:\/\/blogg.svenskakyrkan.se\/vandravagen\/?s={search_term_string}\"},\"query-input\":{\"@type\":\"PropertyValueSpecification\",\"valueRequired\":true,\"valueName\":\"search_term_string\"}}],\"inLanguage\":\"sv-SE\"},{\"@type\":\"Organization\",\"@id\":\"https:\/\/blogg.svenskakyrkan.se\/vandravagen\/#organization\",\"name\":\"ulricehamns pastorat\",\"alternateName\":\"ulricehamns pastorat\",\"url\":\"https:\/\/blogg.svenskakyrkan.se\/vandravagen\/\",\"logo\":{\"@type\":\"ImageObject\",\"inLanguage\":\"sv-SE\",\"@id\":\"https:\/\/blogg.svenskakyrkan.se\/vandravagen\/#\/schema\/logo\/image\/\",\"url\":\"https:\/\/blogg.svenskakyrkan.se\/vandravagen\/files\/2023\/05\/Ulr_logo_RGB.png\",\"contentUrl\":\"https:\/\/blogg.svenskakyrkan.se\/vandravagen\/files\/2023\/05\/Ulr_logo_RGB.png\",\"width\":205,\"height\":77,\"caption\":\"ulricehamns pastorat\"},\"image\":{\"@id\":\"https:\/\/blogg.svenskakyrkan.se\/vandravagen\/#\/schema\/logo\/image\/\"},\"sameAs\":[\"http:\/\/facebook.com\/vandravagen\",\"https:\/\/x.com\/fadertomas\",\"http:\/\/www.facebook.com\/svenskakyrkaniulricehamn\"]},{\"@type\":\"Person\",\"@id\":\"https:\/\/blogg.svenskakyrkan.se\/vandravagen\/#\/schema\/person\/25da02d4f76b137d04291711e2c9fc16\",\"name\":\"Tomas Jarvid\",\"image\":{\"@type\":\"ImageObject\",\"inLanguage\":\"sv-SE\",\"@id\":\"https:\/\/blogg.svenskakyrkan.se\/vandravagen\/#\/schema\/person\/image\/\",\"url\":\"https:\/\/secure.gravatar.com\/avatar\/7fa71899795e8f540f615a1f5ab25255dc27aa40f05ee7ddd21aac521e01bf50?s=96&d=identicon&r=g\",\"contentUrl\":\"https:\/\/secure.gravatar.com\/avatar\/7fa71899795e8f540f615a1f5ab25255dc27aa40f05ee7ddd21aac521e01bf50?s=96&d=identicon&r=g\",\"caption\":\"Tomas Jarvid\"},\"description\":\"Jag bor i Ulricehamn i V\u00e4sterg\u00f6tland och \u00e4r f\u00f6rsamlingspr\u00e4st i Svenska Kyrkan f\u00f6r Dalstorps f\u00f6rsamling i Kinds pastorat. P\u00e5 den h\u00e4r bloggen skriver jag ner tankar om vandringen som kristen.\",\"sameAs\":[\"http:\/\/www.vandravagen.se\"],\"url\":\"https:\/\/blogg.svenskakyrkan.se\/vandravagen\/author\/vandravagen\/\"}]}<\/script>\n<!-- \/ Yoast SEO plugin. -->","yoast_head_json":{"title":"Veckans samlade favorittweets - Vandra V\u00e4gen","robots":{"index":"index","follow":"follow","max-snippet":"max-snippet:-1","max-image-preview":"max-image-preview:large","max-video-preview":"max-video-preview:-1"},"canonical":"https:\/\/blogg.svenskakyrkan.se\/vandravagen\/2014\/02\/06\/veckans-samlade-favorittweets-3\/","og_locale":"sv_SE","og_type":"article","og_title":"Veckans samlade favorittweets - Vandra V\u00e4gen","og_description":"Glad och ledsen hund F\u00f6rst och fr\u00e4mst vill jag passa p\u00e5 att s\u00e4ga grattis till alla samer p\u00e5 nationaldagen.\u00a0 S\u00e5 till saken. Med (o)j\u00e4mna mellanrum brukar jag samla ihop en h\u00f6g bra saker andra skrivit p\u00e5 twitter och k\u00f6ra dem i repris p\u00e5 bloggen s\u00e5 att man f\u00e5r stanna till inf\u00f6r dem en g\u00e5ng till. [&hellip;]","og_url":"https:\/\/blogg.svenskakyrkan.se\/vandravagen\/2014\/02\/06\/veckans-samlade-favorittweets-3\/","og_site_name":"Vandra V\u00e4gen","article_publisher":"http:\/\/facebook.com\/vandravagen","article_published_time":"2014-02-06T09:12:00+00:00","og_image":[{"url":"http:\/\/2.bp.blogspot.com\/-OEOkE1AHj1U\/UvMUJp0FysI\/AAAAAAAAG3I\/IufyPVLuANY\/s1600\/IMG_2814.JPG","type":"","width":"","height":""}],"author":"Tomas Jarvid","twitter_card":"summary_large_image","twitter_creator":"@fadertomas","twitter_site":"@fadertomas","twitter_misc":{"Skriven av":"Tomas Jarvid","Ber\u00e4knad l\u00e4stid":"1 minut"},"schema":{"@context":"https:\/\/schema.org","@graph":[{"@type":"Article","@id":"https:\/\/blogg.svenskakyrkan.se\/vandravagen\/2014\/02\/06\/veckans-samlade-favorittweets-3\/#article","isPartOf":{"@id":"https:\/\/blogg.svenskakyrkan.se\/vandravagen\/2014\/02\/06\/veckans-samlade-favorittweets-3\/"},"author":{"name":"Tomas Jarvid","@id":"https:\/\/blogg.svenskakyrkan.se\/vandravagen\/#\/schema\/person\/25da02d4f76b137d04291711e2c9fc16"},"headline":"Veckans samlade favorittweets","datePublished":"2014-02-06T09:12:00+00:00","mainEntityOfPage":{"@id":"https:\/\/blogg.svenskakyrkan.se\/vandravagen\/2014\/02\/06\/veckans-samlade-favorittweets-3\/"},"wordCount":180,"commentCount":1,"publisher":{"@id":"https:\/\/blogg.svenskakyrkan.se\/vandravagen\/#organization"},"image":{"@id":"https:\/\/blogg.svenskakyrkan.se\/vandravagen\/2014\/02\/06\/veckans-samlade-favorittweets-3\/#primaryimage"},"thumbnailUrl":"http:\/\/2.bp.blogspot.com\/-OEOkE1AHj1U\/UvMUJp0FysI\/AAAAAAAAG3I\/IufyPVLuANY\/s1600\/IMG_2814.JPG","articleSection":["Dagens Kyrka","favorittweets"],"inLanguage":"sv-SE","potentialAction":[{"@type":"CommentAction","name":"Comment","target":["https:\/\/blogg.svenskakyrkan.se\/vandravagen\/2014\/02\/06\/veckans-samlade-favorittweets-3\/#respond"]}]},{"@type":"WebPage","@id":"https:\/\/blogg.svenskakyrkan.se\/vandravagen\/2014\/02\/06\/veckans-samlade-favorittweets-3\/","url":"https:\/\/blogg.svenskakyrkan.se\/vandravagen\/2014\/02\/06\/veckans-samlade-favorittweets-3\/","name":"Veckans samlade favorittweets - Vandra V\u00e4gen","isPartOf":{"@id":"https:\/\/blogg.svenskakyrkan.se\/vandravagen\/#website"},"primaryImageOfPage":{"@id":"https:\/\/blogg.svenskakyrkan.se\/vandravagen\/2014\/02\/06\/veckans-samlade-favorittweets-3\/#primaryimage"},"image":{"@id":"https:\/\/blogg.svenskakyrkan.se\/vandravagen\/2014\/02\/06\/veckans-samlade-favorittweets-3\/#primaryimage"},"thumbnailUrl":"http:\/\/2.bp.blogspot.com\/-OEOkE1AHj1U\/UvMUJp0FysI\/AAAAAAAAG3I\/IufyPVLuANY\/s1600\/IMG_2814.JPG","datePublished":"2014-02-06T09:12:00+00:00","breadcrumb":{"@id":"https:\/\/blogg.svenskakyrkan.se\/vandravagen\/2014\/02\/06\/veckans-samlade-favorittweets-3\/#breadcrumb"},"inLanguage":"sv-SE","potentialAction":[{"@type":"ReadAction","target":["https:\/\/blogg.svenskakyrkan.se\/vandravagen\/2014\/02\/06\/veckans-samlade-favorittweets-3\/"]}]},{"@type":"ImageObject","inLanguage":"sv-SE","@id":"https:\/\/blogg.svenskakyrkan.se\/vandravagen\/2014\/02\/06\/veckans-samlade-favorittweets-3\/#primaryimage","url":"http:\/\/2.bp.blogspot.com\/-OEOkE1AHj1U\/UvMUJp0FysI\/AAAAAAAAG3I\/IufyPVLuANY\/s1600\/IMG_2814.JPG","contentUrl":"http:\/\/2.bp.blogspot.com\/-OEOkE1AHj1U\/UvMUJp0FysI\/AAAAAAAAG3I\/IufyPVLuANY\/s1600\/IMG_2814.JPG"},{"@type":"BreadcrumbList","@id":"https:\/\/blogg.svenskakyrkan.se\/vandravagen\/2014\/02\/06\/veckans-samlade-favorittweets-3\/#breadcrumb","itemListElement":[{"@type":"ListItem","position":1,"name":"Hem","item":"https:\/\/blogg.svenskakyrkan.se\/vandravagen\/"},{"@type":"ListItem","position":2,"name":"Veckans samlade favorittweets"}]},{"@type":"WebSite","@id":"https:\/\/blogg.svenskakyrkan.se\/vandravagen\/#website","url":"https:\/\/blogg.svenskakyrkan.se\/vandravagen\/","name":"Vandra V\u00e4gen","description":"-Mot en tro f\u00f6r hela livet","publisher":{"@id":"https:\/\/blogg.svenskakyrkan.se\/vandravagen\/#organization"},"potentialAction":[{"@type":"SearchAction","target":{"@type":"EntryPoint","urlTemplate":"https:\/\/blogg.svenskakyrkan.se\/vandravagen\/?s={search_term_string}"},"query-input":{"@type":"PropertyValueSpecification","valueRequired":true,"valueName":"search_term_string"}}],"inLanguage":"sv-SE"},{"@type":"Organization","@id":"https:\/\/blogg.svenskakyrkan.se\/vandravagen\/#organization","name":"ulricehamns pastorat","alternateName":"ulricehamns pastorat","url":"https:\/\/blogg.svenskakyrkan.se\/vandravagen\/","logo":{"@type":"ImageObject","inLanguage":"sv-SE","@id":"https:\/\/blogg.svenskakyrkan.se\/vandravagen\/#\/schema\/logo\/image\/","url":"https:\/\/blogg.svenskakyrkan.se\/vandravagen\/files\/2023\/05\/Ulr_logo_RGB.png","contentUrl":"https:\/\/blogg.svenskakyrkan.se\/vandravagen\/files\/2023\/05\/Ulr_logo_RGB.png","width":205,"height":77,"caption":"ulricehamns pastorat"},"image":{"@id":"https:\/\/blogg.svenskakyrkan.se\/vandravagen\/#\/schema\/logo\/image\/"},"sameAs":["http:\/\/facebook.com\/vandravagen","https:\/\/x.com\/fadertomas","http:\/\/www.facebook.com\/svenskakyrkaniulricehamn"]},{"@type":"Person","@id":"https:\/\/blogg.svenskakyrkan.se\/vandravagen\/#\/schema\/person\/25da02d4f76b137d04291711e2c9fc16","name":"Tomas Jarvid","image":{"@type":"ImageObject","inLanguage":"sv-SE","@id":"https:\/\/blogg.svenskakyrkan.se\/vandravagen\/#\/schema\/person\/image\/","url":"https:\/\/secure.gravatar.com\/avatar\/7fa71899795e8f540f615a1f5ab25255dc27aa40f05ee7ddd21aac521e01bf50?s=96&d=identicon&r=g","contentUrl":"https:\/\/secure.gravatar.com\/avatar\/7fa71899795e8f540f615a1f5ab25255dc27aa40f05ee7ddd21aac521e01bf50?s=96&d=identicon&r=g","caption":"Tomas Jarvid"},"description":"Jag bor i Ulricehamn i V\u00e4sterg\u00f6tland och \u00e4r f\u00f6rsamlingspr\u00e4st i Svenska Kyrkan f\u00f6r Dalstorps f\u00f6rsamling i Kinds pastorat. P\u00e5 den h\u00e4r bloggen skriver jag ner tankar om vandringen som kristen.","sameAs":["http:\/\/www.vandravagen.se"],"url":"https:\/\/blogg.svenskakyrkan.se\/vandravagen\/author\/vandravagen\/"}]}},"author_meta":{"ID":"392","user_nicename":"vandravagen","user_url":"http:\/\/www.vandravagen.se","user_registered":"2014-05-19 05:44:52","display_name":"Tomas Jarvid","first_name":"Tomas","last_name":"Jarvid","avatar":"https:\/\/secure.gravatar.com\/avatar\/7fa71899795e8f540f615a1f5ab25255dc27aa40f05ee7ddd21aac521e01bf50?s=96&d=identicon&r=g"},"featured_image":false,"bloginfo":{"name":"Vandra V\u00e4gen","url":"https:\/\/blogg.svenskakyrkan.se\/vandravagen"},"_links":{"self":[{"href":"https:\/\/blogg.svenskakyrkan.se\/vandravagen\/wp-json\/wp\/v2\/posts\/179","targetHints":{"allow":["GET"]}}],"collection":[{"href":"https:\/\/blogg.svenskakyrkan.se\/vandravagen\/wp-json\/wp\/v2\/posts"}],"about":[{"href":"https:\/\/blogg.svenskakyrkan.se\/vandravagen\/wp-json\/wp\/v2\/types\/post"}],"author":[{"embeddable":true,"href":"https:\/\/blogg.svenskakyrkan.se\/vandravagen\/wp-json\/wp\/v2\/users\/392"}],"replies":[{"embeddable":true,"href":"https:\/\/blogg.svenskakyrkan.se\/vandravagen\/wp-json\/wp\/v2\/comments?post=179"}],"version-history":[{"count":0,"href":"https:\/\/blogg.svenskakyrkan.se\/vandravagen\/wp-json\/wp\/v2\/posts\/179\/revisions"}],"wp:attachment":[{"href":"https:\/\/blogg.svenskakyrkan.se\/vandravagen\/wp-json\/wp\/v2\/media?parent=179"}],"wp:term":[{"taxonomy":"category","embeddable":true,"href":"https:\/\/blogg.svenskakyrkan.se\/vandravagen\/wp-json\/wp\/v2\/categories?post=179"},{"taxonomy":"post_tag","embeddable":true,"href":"https:\/\/blogg.svenskakyrkan.se\/vandravagen\/wp-json\/wp\/v2\/tags?post=179"}],"curies":[{"name":"wp","href":"https:\/\/api.w.org\/{rel}","templated":true}]}}