{"id":186,"date":"2014-02-01T06:41:00","date_gmt":"2014-02-01T05:41:00","guid":{"rendered":"http:\/\/blogg.svenskakyrkan.se\/vandravagen\/2014\/02\/01\/kyndelsmassodagens-ikon\/"},"modified":"2014-02-01T06:41:00","modified_gmt":"2014-02-01T05:41:00","slug":"kyndelsmassodagens-ikon","status":"publish","type":"post","link":"https:\/\/blogg.svenskakyrkan.se\/vandravagen\/2014\/02\/01\/kyndelsmassodagens-ikon\/","title":{"rendered":"Kyndelsm\u00e4ssodagens ikon"},"content":{"rendered":"<table align=\"center\" cellpadding=\"0\" cellspacing=\"0\">\n<tbody>\n<tr>\n<td><a href=\"http:\/\/christthesavioroca.org\/images\/Icons\/0202presentation.jpg\"><img loading=\"lazy\" decoding=\"async\" border=\"0\" src=\"http:\/\/christthesavioroca.org\/images\/Icons\/0202presentation.jpg\" height=\"640\" width=\"486\"><\/a><\/td>\n<\/tr>\n<tr>\n<td>Jesus b\u00e4rs fram i templet<\/td>\n<\/tr>\n<\/tbody>\n<\/table>\n<p>I morgon \u00e4r det Kyndelsm\u00e4ssodagen. Ett konstigt ord f\u00f6rvisso men det har med ljus att g\u00f6ra, &#8221;kyndel&#8221; \u00e4r ett gammalt ord f\u00f6r ljus. \u00a0S\u00e5 h\u00e4r ett tag efter jul l\u00e4ser vi texten om hur Jesus b\u00e4rs fram i templet av Josef och Maria som seden var enligt moselagen. Anledningen verkar dels ha varit en rening f\u00f6r Maria efter att ha f\u00f6tt barn, dels att offra tackoffer f\u00f6r barnet de f\u00e5tt.<\/p>\n<div>I templet tr\u00e4ffade de tv\u00e5 gamlingar. Symeon och Hanna. Gamla m\u00e4nniskor som tillbringade sin tid i templet i b\u00f6n och v\u00e4ntade p\u00e5 Messias som skulle komma. Genom den heliga Andens hj\u00e4lp kunde de se p\u00e5 det lilla barnet att det var kungen de v\u00e4ntade p\u00e5 och Symeon brast ut i sin ber\u00f6mda lovs\u00e5ng:<\/p>\n<p>&#8221;Herre, nu l\u00e5ter du din tj\u00e4nare g\u00e5 hem i frid som du har lovat<br \/>ty mina \u00f6gon har sk\u00e5dat fr\u00e4lsningen som du har berett \u00e5t alla folk<br \/>ett ljus med uppenbarelse \u00e5t hedningarna och h\u00e4rlighet \u00e5t ditt folk Israel&#8221;<\/p>\n<p>Ocks\u00e5 den gamla Hanna jublade och ber\u00e4ttade f\u00f6r alla hon m\u00f6tte om barnet hon sett.<\/p>\n<p>L\u00e4ngst bak ser vi Josef som b\u00e4r p\u00e5 de b\u00e5da duvorna de ska offra. Duvor var budgetniv\u00e5n p\u00e5 offer vilket antyder att de var fattiga. Alla har sina h\u00e4nder t\u00e4ckta vilket \u00e4r lite m\u00e4rkligt men symboliskt \u00e4r ett tecken p\u00e5 v\u00f6rdnad inf\u00f6r Jesus.<\/p>\n<\/div>\n<div>\n<div><\/div>\n<\/div>\n","protected":false},"excerpt":{"rendered":"<p>Jesus b\u00e4rs fram i templet I morgon \u00e4r det Kyndelsm\u00e4ssodagen. Ett konstigt ord f\u00f6rvisso men det har med ljus att g\u00f6ra, &#8221;kyndel&#8221; \u00e4r ett gammalt ord f\u00f6r ljus. \u00a0S\u00e5 h\u00e4r ett tag efter jul l\u00e4ser vi texten om hur Jesus b\u00e4rs fram i templet av Josef och Maria som seden var enligt moselagen. Anledningen verkar [&hellip;]<\/p>\n","protected":false},"author":392,"featured_media":0,"comment_status":"open","ping_status":"open","sticky":false,"template":"","format":"standard","meta":{"_acf_changed":false,"footnotes":""},"categories":[76189,77928,8252],"tags":[],"class_list":["post-186","post","type-post","status-publish","format-standard","hentry","category-dagens-kyrka","category-ikon","category-kyrkoaret"],"acf":[],"yoast_head":"<!-- This site is optimized with the Yoast SEO plugin v27.1.1 - https:\/\/yoast.com\/product\/yoast-seo-wordpress\/ -->\n<title>Kyndelsm\u00e4ssodagens ikon - Vandra V\u00e4gen<\/title>\n<meta name=\"robots\" content=\"index, follow, max-snippet:-1, max-image-preview:large, max-video-preview:-1\" \/>\n<link rel=\"canonical\" href=\"https:\/\/blogg.svenskakyrkan.se\/vandravagen\/2014\/02\/01\/kyndelsmassodagens-ikon\/\" \/>\n<meta property=\"og:locale\" content=\"sv_SE\" \/>\n<meta property=\"og:type\" content=\"article\" \/>\n<meta property=\"og:title\" content=\"Kyndelsm\u00e4ssodagens ikon - Vandra V\u00e4gen\" \/>\n<meta property=\"og:description\" content=\"Jesus b\u00e4rs fram i templet I morgon \u00e4r det Kyndelsm\u00e4ssodagen. Ett konstigt ord f\u00f6rvisso men det har med ljus att g\u00f6ra, &#8221;kyndel&#8221; \u00e4r ett gammalt ord f\u00f6r ljus. \u00a0S\u00e5 h\u00e4r ett tag efter jul l\u00e4ser vi texten om hur Jesus b\u00e4rs fram i templet av Josef och Maria som seden var enligt moselagen. Anledningen verkar [&hellip;]\" \/>\n<meta property=\"og:url\" content=\"https:\/\/blogg.svenskakyrkan.se\/vandravagen\/2014\/02\/01\/kyndelsmassodagens-ikon\/\" \/>\n<meta property=\"og:site_name\" content=\"Vandra V\u00e4gen\" \/>\n<meta property=\"article:publisher\" content=\"http:\/\/facebook.com\/vandravagen\" \/>\n<meta property=\"article:published_time\" content=\"2014-02-01T05:41:00+00:00\" \/>\n<meta property=\"og:image\" content=\"http:\/\/christthesavioroca.org\/images\/Icons\/0202presentation.jpg\" \/>\n<meta name=\"author\" content=\"Tomas Jarvid\" \/>\n<meta name=\"twitter:card\" content=\"summary_large_image\" \/>\n<meta name=\"twitter:creator\" content=\"@fadertomas\" \/>\n<meta name=\"twitter:site\" content=\"@fadertomas\" \/>\n<meta name=\"twitter:label1\" content=\"Skriven av\" \/>\n\t<meta name=\"twitter:data1\" content=\"Tomas Jarvid\" \/>\n\t<meta name=\"twitter:label2\" content=\"Ber\u00e4knad l\u00e4stid\" \/>\n\t<meta name=\"twitter:data2\" content=\"1 minut\" \/>\n<script type=\"application\/ld+json\" class=\"yoast-schema-graph\">{\"@context\":\"https:\/\/schema.org\",\"@graph\":[{\"@type\":\"Article\",\"@id\":\"https:\/\/blogg.svenskakyrkan.se\/vandravagen\/2014\/02\/01\/kyndelsmassodagens-ikon\/#article\",\"isPartOf\":{\"@id\":\"https:\/\/blogg.svenskakyrkan.se\/vandravagen\/2014\/02\/01\/kyndelsmassodagens-ikon\/\"},\"author\":{\"name\":\"Tomas Jarvid\",\"@id\":\"https:\/\/blogg.svenskakyrkan.se\/vandravagen\/#\/schema\/person\/25da02d4f76b137d04291711e2c9fc16\"},\"headline\":\"Kyndelsm\u00e4ssodagens ikon\",\"datePublished\":\"2014-02-01T05:41:00+00:00\",\"mainEntityOfPage\":{\"@id\":\"https:\/\/blogg.svenskakyrkan.se\/vandravagen\/2014\/02\/01\/kyndelsmassodagens-ikon\/\"},\"wordCount\":263,\"commentCount\":1,\"publisher\":{\"@id\":\"https:\/\/blogg.svenskakyrkan.se\/vandravagen\/#organization\"},\"image\":{\"@id\":\"https:\/\/blogg.svenskakyrkan.se\/vandravagen\/2014\/02\/01\/kyndelsmassodagens-ikon\/#primaryimage\"},\"thumbnailUrl\":\"http:\/\/christthesavioroca.org\/images\/Icons\/0202presentation.jpg\",\"articleSection\":[\"Dagens Kyrka\",\"ikon\",\"kyrko\u00e5ret\"],\"inLanguage\":\"sv-SE\",\"potentialAction\":[{\"@type\":\"CommentAction\",\"name\":\"Comment\",\"target\":[\"https:\/\/blogg.svenskakyrkan.se\/vandravagen\/2014\/02\/01\/kyndelsmassodagens-ikon\/#respond\"]}]},{\"@type\":\"WebPage\",\"@id\":\"https:\/\/blogg.svenskakyrkan.se\/vandravagen\/2014\/02\/01\/kyndelsmassodagens-ikon\/\",\"url\":\"https:\/\/blogg.svenskakyrkan.se\/vandravagen\/2014\/02\/01\/kyndelsmassodagens-ikon\/\",\"name\":\"Kyndelsm\u00e4ssodagens ikon - Vandra V\u00e4gen\",\"isPartOf\":{\"@id\":\"https:\/\/blogg.svenskakyrkan.se\/vandravagen\/#website\"},\"primaryImageOfPage\":{\"@id\":\"https:\/\/blogg.svenskakyrkan.se\/vandravagen\/2014\/02\/01\/kyndelsmassodagens-ikon\/#primaryimage\"},\"image\":{\"@id\":\"https:\/\/blogg.svenskakyrkan.se\/vandravagen\/2014\/02\/01\/kyndelsmassodagens-ikon\/#primaryimage\"},\"thumbnailUrl\":\"http:\/\/christthesavioroca.org\/images\/Icons\/0202presentation.jpg\",\"datePublished\":\"2014-02-01T05:41:00+00:00\",\"breadcrumb\":{\"@id\":\"https:\/\/blogg.svenskakyrkan.se\/vandravagen\/2014\/02\/01\/kyndelsmassodagens-ikon\/#breadcrumb\"},\"inLanguage\":\"sv-SE\",\"potentialAction\":[{\"@type\":\"ReadAction\",\"target\":[\"https:\/\/blogg.svenskakyrkan.se\/vandravagen\/2014\/02\/01\/kyndelsmassodagens-ikon\/\"]}]},{\"@type\":\"ImageObject\",\"inLanguage\":\"sv-SE\",\"@id\":\"https:\/\/blogg.svenskakyrkan.se\/vandravagen\/2014\/02\/01\/kyndelsmassodagens-ikon\/#primaryimage\",\"url\":\"http:\/\/christthesavioroca.org\/images\/Icons\/0202presentation.jpg\",\"contentUrl\":\"http:\/\/christthesavioroca.org\/images\/Icons\/0202presentation.jpg\"},{\"@type\":\"BreadcrumbList\",\"@id\":\"https:\/\/blogg.svenskakyrkan.se\/vandravagen\/2014\/02\/01\/kyndelsmassodagens-ikon\/#breadcrumb\",\"itemListElement\":[{\"@type\":\"ListItem\",\"position\":1,\"name\":\"Hem\",\"item\":\"https:\/\/blogg.svenskakyrkan.se\/vandravagen\/\"},{\"@type\":\"ListItem\",\"position\":2,\"name\":\"Kyndelsm\u00e4ssodagens ikon\"}]},{\"@type\":\"WebSite\",\"@id\":\"https:\/\/blogg.svenskakyrkan.se\/vandravagen\/#website\",\"url\":\"https:\/\/blogg.svenskakyrkan.se\/vandravagen\/\",\"name\":\"Vandra V\u00e4gen\",\"description\":\"-Mot en tro f\u00f6r hela livet\",\"publisher\":{\"@id\":\"https:\/\/blogg.svenskakyrkan.se\/vandravagen\/#organization\"},\"potentialAction\":[{\"@type\":\"SearchAction\",\"target\":{\"@type\":\"EntryPoint\",\"urlTemplate\":\"https:\/\/blogg.svenskakyrkan.se\/vandravagen\/?s={search_term_string}\"},\"query-input\":{\"@type\":\"PropertyValueSpecification\",\"valueRequired\":true,\"valueName\":\"search_term_string\"}}],\"inLanguage\":\"sv-SE\"},{\"@type\":\"Organization\",\"@id\":\"https:\/\/blogg.svenskakyrkan.se\/vandravagen\/#organization\",\"name\":\"ulricehamns pastorat\",\"alternateName\":\"ulricehamns pastorat\",\"url\":\"https:\/\/blogg.svenskakyrkan.se\/vandravagen\/\",\"logo\":{\"@type\":\"ImageObject\",\"inLanguage\":\"sv-SE\",\"@id\":\"https:\/\/blogg.svenskakyrkan.se\/vandravagen\/#\/schema\/logo\/image\/\",\"url\":\"https:\/\/blogg.svenskakyrkan.se\/vandravagen\/files\/2023\/05\/Ulr_logo_RGB.png\",\"contentUrl\":\"https:\/\/blogg.svenskakyrkan.se\/vandravagen\/files\/2023\/05\/Ulr_logo_RGB.png\",\"width\":205,\"height\":77,\"caption\":\"ulricehamns pastorat\"},\"image\":{\"@id\":\"https:\/\/blogg.svenskakyrkan.se\/vandravagen\/#\/schema\/logo\/image\/\"},\"sameAs\":[\"http:\/\/facebook.com\/vandravagen\",\"https:\/\/x.com\/fadertomas\",\"http:\/\/www.facebook.com\/svenskakyrkaniulricehamn\"]},{\"@type\":\"Person\",\"@id\":\"https:\/\/blogg.svenskakyrkan.se\/vandravagen\/#\/schema\/person\/25da02d4f76b137d04291711e2c9fc16\",\"name\":\"Tomas Jarvid\",\"image\":{\"@type\":\"ImageObject\",\"inLanguage\":\"sv-SE\",\"@id\":\"https:\/\/blogg.svenskakyrkan.se\/vandravagen\/#\/schema\/person\/image\/\",\"url\":\"https:\/\/secure.gravatar.com\/avatar\/7fa71899795e8f540f615a1f5ab25255dc27aa40f05ee7ddd21aac521e01bf50?s=96&d=identicon&r=g\",\"contentUrl\":\"https:\/\/secure.gravatar.com\/avatar\/7fa71899795e8f540f615a1f5ab25255dc27aa40f05ee7ddd21aac521e01bf50?s=96&d=identicon&r=g\",\"caption\":\"Tomas Jarvid\"},\"description\":\"Jag bor i Ulricehamn i V\u00e4sterg\u00f6tland och \u00e4r f\u00f6rsamlingspr\u00e4st i Svenska Kyrkan f\u00f6r Dalstorps f\u00f6rsamling i Kinds pastorat. P\u00e5 den h\u00e4r bloggen skriver jag ner tankar om vandringen som kristen.\",\"sameAs\":[\"http:\/\/www.vandravagen.se\"],\"url\":\"https:\/\/blogg.svenskakyrkan.se\/vandravagen\/author\/vandravagen\/\"}]}<\/script>\n<!-- \/ Yoast SEO plugin. -->","yoast_head_json":{"title":"Kyndelsm\u00e4ssodagens ikon - Vandra V\u00e4gen","robots":{"index":"index","follow":"follow","max-snippet":"max-snippet:-1","max-image-preview":"max-image-preview:large","max-video-preview":"max-video-preview:-1"},"canonical":"https:\/\/blogg.svenskakyrkan.se\/vandravagen\/2014\/02\/01\/kyndelsmassodagens-ikon\/","og_locale":"sv_SE","og_type":"article","og_title":"Kyndelsm\u00e4ssodagens ikon - Vandra V\u00e4gen","og_description":"Jesus b\u00e4rs fram i templet I morgon \u00e4r det Kyndelsm\u00e4ssodagen. Ett konstigt ord f\u00f6rvisso men det har med ljus att g\u00f6ra, &#8221;kyndel&#8221; \u00e4r ett gammalt ord f\u00f6r ljus. \u00a0S\u00e5 h\u00e4r ett tag efter jul l\u00e4ser vi texten om hur Jesus b\u00e4rs fram i templet av Josef och Maria som seden var enligt moselagen. Anledningen verkar [&hellip;]","og_url":"https:\/\/blogg.svenskakyrkan.se\/vandravagen\/2014\/02\/01\/kyndelsmassodagens-ikon\/","og_site_name":"Vandra V\u00e4gen","article_publisher":"http:\/\/facebook.com\/vandravagen","article_published_time":"2014-02-01T05:41:00+00:00","og_image":[{"url":"http:\/\/christthesavioroca.org\/images\/Icons\/0202presentation.jpg","type":"","width":"","height":""}],"author":"Tomas Jarvid","twitter_card":"summary_large_image","twitter_creator":"@fadertomas","twitter_site":"@fadertomas","twitter_misc":{"Skriven av":"Tomas Jarvid","Ber\u00e4knad l\u00e4stid":"1 minut"},"schema":{"@context":"https:\/\/schema.org","@graph":[{"@type":"Article","@id":"https:\/\/blogg.svenskakyrkan.se\/vandravagen\/2014\/02\/01\/kyndelsmassodagens-ikon\/#article","isPartOf":{"@id":"https:\/\/blogg.svenskakyrkan.se\/vandravagen\/2014\/02\/01\/kyndelsmassodagens-ikon\/"},"author":{"name":"Tomas Jarvid","@id":"https:\/\/blogg.svenskakyrkan.se\/vandravagen\/#\/schema\/person\/25da02d4f76b137d04291711e2c9fc16"},"headline":"Kyndelsm\u00e4ssodagens ikon","datePublished":"2014-02-01T05:41:00+00:00","mainEntityOfPage":{"@id":"https:\/\/blogg.svenskakyrkan.se\/vandravagen\/2014\/02\/01\/kyndelsmassodagens-ikon\/"},"wordCount":263,"commentCount":1,"publisher":{"@id":"https:\/\/blogg.svenskakyrkan.se\/vandravagen\/#organization"},"image":{"@id":"https:\/\/blogg.svenskakyrkan.se\/vandravagen\/2014\/02\/01\/kyndelsmassodagens-ikon\/#primaryimage"},"thumbnailUrl":"http:\/\/christthesavioroca.org\/images\/Icons\/0202presentation.jpg","articleSection":["Dagens Kyrka","ikon","kyrko\u00e5ret"],"inLanguage":"sv-SE","potentialAction":[{"@type":"CommentAction","name":"Comment","target":["https:\/\/blogg.svenskakyrkan.se\/vandravagen\/2014\/02\/01\/kyndelsmassodagens-ikon\/#respond"]}]},{"@type":"WebPage","@id":"https:\/\/blogg.svenskakyrkan.se\/vandravagen\/2014\/02\/01\/kyndelsmassodagens-ikon\/","url":"https:\/\/blogg.svenskakyrkan.se\/vandravagen\/2014\/02\/01\/kyndelsmassodagens-ikon\/","name":"Kyndelsm\u00e4ssodagens ikon - Vandra V\u00e4gen","isPartOf":{"@id":"https:\/\/blogg.svenskakyrkan.se\/vandravagen\/#website"},"primaryImageOfPage":{"@id":"https:\/\/blogg.svenskakyrkan.se\/vandravagen\/2014\/02\/01\/kyndelsmassodagens-ikon\/#primaryimage"},"image":{"@id":"https:\/\/blogg.svenskakyrkan.se\/vandravagen\/2014\/02\/01\/kyndelsmassodagens-ikon\/#primaryimage"},"thumbnailUrl":"http:\/\/christthesavioroca.org\/images\/Icons\/0202presentation.jpg","datePublished":"2014-02-01T05:41:00+00:00","breadcrumb":{"@id":"https:\/\/blogg.svenskakyrkan.se\/vandravagen\/2014\/02\/01\/kyndelsmassodagens-ikon\/#breadcrumb"},"inLanguage":"sv-SE","potentialAction":[{"@type":"ReadAction","target":["https:\/\/blogg.svenskakyrkan.se\/vandravagen\/2014\/02\/01\/kyndelsmassodagens-ikon\/"]}]},{"@type":"ImageObject","inLanguage":"sv-SE","@id":"https:\/\/blogg.svenskakyrkan.se\/vandravagen\/2014\/02\/01\/kyndelsmassodagens-ikon\/#primaryimage","url":"http:\/\/christthesavioroca.org\/images\/Icons\/0202presentation.jpg","contentUrl":"http:\/\/christthesavioroca.org\/images\/Icons\/0202presentation.jpg"},{"@type":"BreadcrumbList","@id":"https:\/\/blogg.svenskakyrkan.se\/vandravagen\/2014\/02\/01\/kyndelsmassodagens-ikon\/#breadcrumb","itemListElement":[{"@type":"ListItem","position":1,"name":"Hem","item":"https:\/\/blogg.svenskakyrkan.se\/vandravagen\/"},{"@type":"ListItem","position":2,"name":"Kyndelsm\u00e4ssodagens ikon"}]},{"@type":"WebSite","@id":"https:\/\/blogg.svenskakyrkan.se\/vandravagen\/#website","url":"https:\/\/blogg.svenskakyrkan.se\/vandravagen\/","name":"Vandra V\u00e4gen","description":"-Mot en tro f\u00f6r hela livet","publisher":{"@id":"https:\/\/blogg.svenskakyrkan.se\/vandravagen\/#organization"},"potentialAction":[{"@type":"SearchAction","target":{"@type":"EntryPoint","urlTemplate":"https:\/\/blogg.svenskakyrkan.se\/vandravagen\/?s={search_term_string}"},"query-input":{"@type":"PropertyValueSpecification","valueRequired":true,"valueName":"search_term_string"}}],"inLanguage":"sv-SE"},{"@type":"Organization","@id":"https:\/\/blogg.svenskakyrkan.se\/vandravagen\/#organization","name":"ulricehamns pastorat","alternateName":"ulricehamns pastorat","url":"https:\/\/blogg.svenskakyrkan.se\/vandravagen\/","logo":{"@type":"ImageObject","inLanguage":"sv-SE","@id":"https:\/\/blogg.svenskakyrkan.se\/vandravagen\/#\/schema\/logo\/image\/","url":"https:\/\/blogg.svenskakyrkan.se\/vandravagen\/files\/2023\/05\/Ulr_logo_RGB.png","contentUrl":"https:\/\/blogg.svenskakyrkan.se\/vandravagen\/files\/2023\/05\/Ulr_logo_RGB.png","width":205,"height":77,"caption":"ulricehamns pastorat"},"image":{"@id":"https:\/\/blogg.svenskakyrkan.se\/vandravagen\/#\/schema\/logo\/image\/"},"sameAs":["http:\/\/facebook.com\/vandravagen","https:\/\/x.com\/fadertomas","http:\/\/www.facebook.com\/svenskakyrkaniulricehamn"]},{"@type":"Person","@id":"https:\/\/blogg.svenskakyrkan.se\/vandravagen\/#\/schema\/person\/25da02d4f76b137d04291711e2c9fc16","name":"Tomas Jarvid","image":{"@type":"ImageObject","inLanguage":"sv-SE","@id":"https:\/\/blogg.svenskakyrkan.se\/vandravagen\/#\/schema\/person\/image\/","url":"https:\/\/secure.gravatar.com\/avatar\/7fa71899795e8f540f615a1f5ab25255dc27aa40f05ee7ddd21aac521e01bf50?s=96&d=identicon&r=g","contentUrl":"https:\/\/secure.gravatar.com\/avatar\/7fa71899795e8f540f615a1f5ab25255dc27aa40f05ee7ddd21aac521e01bf50?s=96&d=identicon&r=g","caption":"Tomas Jarvid"},"description":"Jag bor i Ulricehamn i V\u00e4sterg\u00f6tland och \u00e4r f\u00f6rsamlingspr\u00e4st i Svenska Kyrkan f\u00f6r Dalstorps f\u00f6rsamling i Kinds pastorat. P\u00e5 den h\u00e4r bloggen skriver jag ner tankar om vandringen som kristen.","sameAs":["http:\/\/www.vandravagen.se"],"url":"https:\/\/blogg.svenskakyrkan.se\/vandravagen\/author\/vandravagen\/"}]}},"author_meta":{"ID":"392","user_nicename":"vandravagen","user_url":"http:\/\/www.vandravagen.se","user_registered":"2014-05-19 05:44:52","display_name":"Tomas Jarvid","first_name":"Tomas","last_name":"Jarvid","avatar":"https:\/\/secure.gravatar.com\/avatar\/7fa71899795e8f540f615a1f5ab25255dc27aa40f05ee7ddd21aac521e01bf50?s=96&d=identicon&r=g"},"featured_image":false,"bloginfo":{"name":"Vandra V\u00e4gen","url":"https:\/\/blogg.svenskakyrkan.se\/vandravagen"},"_links":{"self":[{"href":"https:\/\/blogg.svenskakyrkan.se\/vandravagen\/wp-json\/wp\/v2\/posts\/186","targetHints":{"allow":["GET"]}}],"collection":[{"href":"https:\/\/blogg.svenskakyrkan.se\/vandravagen\/wp-json\/wp\/v2\/posts"}],"about":[{"href":"https:\/\/blogg.svenskakyrkan.se\/vandravagen\/wp-json\/wp\/v2\/types\/post"}],"author":[{"embeddable":true,"href":"https:\/\/blogg.svenskakyrkan.se\/vandravagen\/wp-json\/wp\/v2\/users\/392"}],"replies":[{"embeddable":true,"href":"https:\/\/blogg.svenskakyrkan.se\/vandravagen\/wp-json\/wp\/v2\/comments?post=186"}],"version-history":[{"count":0,"href":"https:\/\/blogg.svenskakyrkan.se\/vandravagen\/wp-json\/wp\/v2\/posts\/186\/revisions"}],"wp:attachment":[{"href":"https:\/\/blogg.svenskakyrkan.se\/vandravagen\/wp-json\/wp\/v2\/media?parent=186"}],"wp:term":[{"taxonomy":"category","embeddable":true,"href":"https:\/\/blogg.svenskakyrkan.se\/vandravagen\/wp-json\/wp\/v2\/categories?post=186"},{"taxonomy":"post_tag","embeddable":true,"href":"https:\/\/blogg.svenskakyrkan.se\/vandravagen\/wp-json\/wp\/v2\/tags?post=186"}],"curies":[{"name":"wp","href":"https:\/\/api.w.org\/{rel}","templated":true}]}}