{"id":199,"date":"2014-01-23T09:21:00","date_gmt":"2014-01-23T08:21:00","guid":{"rendered":"http:\/\/blogg.svenskakyrkan.se\/vandravagen\/2014\/01\/23\/veckans-samlade-favorittweets-4\/"},"modified":"2014-01-23T09:21:00","modified_gmt":"2014-01-23T08:21:00","slug":"veckans-samlade-favorittweets-4","status":"publish","type":"post","link":"https:\/\/blogg.svenskakyrkan.se\/vandravagen\/2014\/01\/23\/veckans-samlade-favorittweets-4\/","title":{"rendered":"Veckans samlade favorittweets"},"content":{"rendered":"<table align=\"center\" cellpadding=\"0\" cellspacing=\"0\">\n<tbody>\n<tr>\n<td><a href=\"http:\/\/1.bp.blogspot.com\/-LZNiwwi5oy8\/UuAFdHdt2II\/AAAAAAAAGwE\/uoVqn2z537c\/s1600\/IMG_2942.JPG\"><img loading=\"lazy\" decoding=\"async\" border=\"0\" src=\"http:\/\/1.bp.blogspot.com\/-LZNiwwi5oy8\/UuAFdHdt2II\/AAAAAAAAGwE\/uoVqn2z537c\/s1600\/IMG_2942.JPG\" height=\"496\" width=\"640\"><\/a><\/td>\n<\/tr>\n<tr>\n<td>Coola killar p\u00e5 80-talet&#8230; Aprop\u00e5 inget speciellt.<\/td>\n<\/tr>\n<\/tbody>\n<\/table>\n<div><\/div>\n<div>Nu har det visst g\u00e5tt n\u00e5gra veckor igen men h\u00e4r \u00e4r en ny dr\u00f6s med favorittweets. Kloka och roliga grejer fr\u00e5n \u00f6h.. ganska m\u00e5nga dagar bak\u00e5t d\u00e5. Bra \u00e4r de oavsett.\u00a0<\/div>\n<div><\/div>\n<div><b>Kristna (?) tweets<\/b><\/div>\n<div><\/div>\n<div><a href=\"http:\/\/4.bp.blogspot.com\/-ITAmYfgGKPw\/UuAEgM_S8uI\/AAAAAAAAGsM\/d9vp3ktLUAc\/s1600\/Ska%CC%88rmavbild+2014-01-22+kl.+18.32.04.png\"><img loading=\"lazy\" decoding=\"async\" border=\"0\" src=\"http:\/\/4.bp.blogspot.com\/-ITAmYfgGKPw\/UuAEgM_S8uI\/AAAAAAAAGsM\/d9vp3ktLUAc\/s1600\/Ska%CC%88rmavbild+2014-01-22+kl.+18.32.04.png\" height=\"75\" width=\"400\"><\/a><\/div>\n<div><\/div>\n<div><\/div>\n<div>Well put Luther. Pl\u00e5nbokens omv\u00e4ndelse. V\u00e4rt att t\u00e4nka p\u00e5!<\/div>\n<div><a href=\"http:\/\/1.bp.blogspot.com\/-z6XCVxVuK2g\/UuAEgM4bkJI\/AAAAAAAAGsQ\/Vi0HIS4fAro\/s1600\/Ska%CC%88rmavbild+2014-01-22+kl.+18.32.30.png\"><img loading=\"lazy\" decoding=\"async\" border=\"0\" src=\"http:\/\/1.bp.blogspot.com\/-z6XCVxVuK2g\/UuAEgM4bkJI\/AAAAAAAAGsQ\/Vi0HIS4fAro\/s1600\/Ska%CC%88rmavbild+2014-01-22+kl.+18.32.30.png\" height=\"75\" width=\"400\"><\/a><\/div>\n<div><\/div>\n<div><\/div>\n<div><a href=\"http:\/\/4.bp.blogspot.com\/-5GMLFCGLW24\/UuAEjCjMFwI\/AAAAAAAAGs4\/V9uCXtnB2FU\/s1600\/Ska%CC%88rmavbild+2014-01-22+kl.+18.32.41.png\"><img loading=\"lazy\" decoding=\"async\" border=\"0\" src=\"http:\/\/4.bp.blogspot.com\/-5GMLFCGLW24\/UuAEjCjMFwI\/AAAAAAAAGs4\/V9uCXtnB2FU\/s1600\/Ska%CC%88rmavbild+2014-01-22+kl.+18.32.41.png\" height=\"73\" width=\"400\"><\/a><\/div>\n<div><\/div>\n<div><\/div>\n<div><a href=\"http:\/\/4.bp.blogspot.com\/-7d1oQoXxMjE\/UuAEiL3XddI\/AAAAAAAAGso\/NwFidkDn7xc\/s1600\/Ska%CC%88rmavbild+2014-01-22+kl.+18.34.48.png\"><img loading=\"lazy\" decoding=\"async\" border=\"0\" src=\"http:\/\/4.bp.blogspot.com\/-7d1oQoXxMjE\/UuAEiL3XddI\/AAAAAAAAGso\/NwFidkDn7xc\/s1600\/Ska%CC%88rmavbild+2014-01-22+kl.+18.34.48.png\" height=\"75\" width=\"400\"><\/a><\/div>\n<div><\/div>\n<div><\/div>\n<div><a href=\"http:\/\/4.bp.blogspot.com\/-UGgVdH0tW3U\/UuAEjpsQ3BI\/AAAAAAAAGtA\/JV_GQvGEEmY\/s1600\/Ska%CC%88rmavbild+2014-01-22+kl.+18.35.48.png\"><img loading=\"lazy\" decoding=\"async\" border=\"0\" src=\"http:\/\/4.bp.blogspot.com\/-UGgVdH0tW3U\/UuAEjpsQ3BI\/AAAAAAAAGtA\/JV_GQvGEEmY\/s1600\/Ska%CC%88rmavbild+2014-01-22+kl.+18.35.48.png\" height=\"102\" width=\"400\"><\/a><\/div>\n<div><\/div>\n<div><\/div>\n<div><a href=\"http:\/\/3.bp.blogspot.com\/-NTe503FgE5M\/UuAElrBG3AI\/AAAAAAAAGtc\/d_AeSBNmJOY\/s1600\/Ska%CC%88rmavbild+2014-01-22+kl.+18.36.24.png\"><img loading=\"lazy\" decoding=\"async\" border=\"0\" src=\"http:\/\/3.bp.blogspot.com\/-NTe503FgE5M\/UuAElrBG3AI\/AAAAAAAAGtc\/d_AeSBNmJOY\/s1600\/Ska%CC%88rmavbild+2014-01-22+kl.+18.36.24.png\" height=\"75\" width=\"400\"><\/a><\/div>\n<div><\/div>\n<div><\/div>\n<div><a href=\"http:\/\/1.bp.blogspot.com\/-8wsjVCNsN9Q\/UuAEpwDSgmI\/AAAAAAAAGuo\/DOOW_3MR1Xs\/s1600\/Ska%CC%88rmavbild+2014-01-22+kl.+18.40.46.png\"><img loading=\"lazy\" decoding=\"async\" border=\"0\" src=\"http:\/\/1.bp.blogspot.com\/-8wsjVCNsN9Q\/UuAEpwDSgmI\/AAAAAAAAGuo\/DOOW_3MR1Xs\/s1600\/Ska%CC%88rmavbild+2014-01-22+kl.+18.40.46.png\" height=\"73\" width=\"400\"><\/a><\/div>\n<div><\/div>\n<div><\/div>\n<div><a href=\"http:\/\/4.bp.blogspot.com\/-ZGnsIqe8U-U\/UuAEnNeZ2CI\/AAAAAAAAGt4\/UgRKJC4n6ko\/s1600\/Ska%CC%88rmavbild+2014-01-22+kl.+18.37.54.png\"><img loading=\"lazy\" decoding=\"async\" border=\"0\" src=\"http:\/\/4.bp.blogspot.com\/-ZGnsIqe8U-U\/UuAEnNeZ2CI\/AAAAAAAAGt4\/UgRKJC4n6ko\/s1600\/Ska%CC%88rmavbild+2014-01-22+kl.+18.37.54.png\" height=\"86\" width=\"400\"><\/a><\/div>\n<div><\/div>\n<div><\/div>\n<div><a href=\"http:\/\/2.bp.blogspot.com\/-BkQLPXNDGDY\/UuAEuKin9TI\/AAAAAAAAGvc\/wfuRMFIirLo\/s1600\/Ska%CC%88rmavbild+2014-01-22+kl.+18.44.26.png\"><img loading=\"lazy\" decoding=\"async\" border=\"0\" src=\"http:\/\/2.bp.blogspot.com\/-BkQLPXNDGDY\/UuAEuKin9TI\/AAAAAAAAGvc\/wfuRMFIirLo\/s1600\/Ska%CC%88rmavbild+2014-01-22+kl.+18.44.26.png\" height=\"76\" width=\"400\"><\/a><\/div>\n<div><\/div>\n<div><\/div>\n<div>Fniss&#8230;<\/div>\n<div><a href=\"http:\/\/2.bp.blogspot.com\/-G-NLREm1Se8\/UuAEsukOF7I\/AAAAAAAAGvI\/mrgS1b_yz_Q\/s1600\/Ska%CC%88rmavbild+2014-01-22+kl.+18.43.31.png\"><img loading=\"lazy\" decoding=\"async\" border=\"0\" src=\"http:\/\/2.bp.blogspot.com\/-G-NLREm1Se8\/UuAEsukOF7I\/AAAAAAAAGvI\/mrgS1b_yz_Q\/s1600\/Ska%CC%88rmavbild+2014-01-22+kl.+18.43.31.png\" height=\"73\" width=\"400\"><\/a><\/div>\n<div><\/div>\n<div><\/div>\n<div><\/div>\n<div><b>Kloka tweets<\/b><\/div>\n<div><\/div>\n<div>Dagens sanning! Det <a href=\"http:\/\/www.vandravagen.se\/2013\/05\/allt-om-anknytning-jamarigorientering.html\">kommer an p\u00e5 anknytningen&#8230;<\/a><\/div>\n<div><a href=\"http:\/\/2.bp.blogspot.com\/-TPor04886v4\/UuAEhOBsG3I\/AAAAAAAAGsY\/m9rvuEtHNlE\/s1600\/Ska%CC%88rmavbild+2014-01-22+kl.+18.33.33.png\"><img loading=\"lazy\" decoding=\"async\" border=\"0\" src=\"http:\/\/2.bp.blogspot.com\/-TPor04886v4\/UuAEhOBsG3I\/AAAAAAAAGsY\/m9rvuEtHNlE\/s1600\/Ska%CC%88rmavbild+2014-01-22+kl.+18.33.33.png\" height=\"62\" width=\"400\"><\/a><\/div>\n<div><\/div>\n<div><\/div>\n<div><a href=\"http:\/\/2.bp.blogspot.com\/-r8WcHRrvMBM\/UuAEhqGuCWI\/AAAAAAAAGsg\/kqBdERaArsg\/s1600\/Ska%CC%88rmavbild+2014-01-22+kl.+18.34.09.png\"><img loading=\"lazy\" decoding=\"async\" border=\"0\" src=\"http:\/\/2.bp.blogspot.com\/-r8WcHRrvMBM\/UuAEhqGuCWI\/AAAAAAAAGsg\/kqBdERaArsg\/s1600\/Ska%CC%88rmavbild+2014-01-22+kl.+18.34.09.png\" height=\"86\" width=\"400\"><\/a><\/div>\n<div><\/div>\n<div><\/div>\n<div><a href=\"http:\/\/2.bp.blogspot.com\/-N3mfMKr0leA\/UuAEmpttYZI\/AAAAAAAAGto\/1CddypRmLSo\/s1600\/Ska%CC%88rmavbild+2014-01-22+kl.+18.37.26.png\"><img loading=\"lazy\" decoding=\"async\" border=\"0\" src=\"http:\/\/2.bp.blogspot.com\/-N3mfMKr0leA\/UuAEmpttYZI\/AAAAAAAAGto\/1CddypRmLSo\/s1600\/Ska%CC%88rmavbild+2014-01-22+kl.+18.37.26.png\" height=\"75\" width=\"400\"><\/a><\/div>\n<div><\/div>\n<div><\/div>\n<div><a href=\"http:\/\/1.bp.blogspot.com\/-sQdq-qKfE7Q\/UuAEkQEDKuI\/AAAAAAAAGtI\/mLZI5nYkmX0\/s1600\/Ska%CC%88rmavbild+2014-01-22+kl.+18.36.05.png\"><img loading=\"lazy\" decoding=\"async\" border=\"0\" src=\"http:\/\/1.bp.blogspot.com\/-sQdq-qKfE7Q\/UuAEkQEDKuI\/AAAAAAAAGtI\/mLZI5nYkmX0\/s1600\/Ska%CC%88rmavbild+2014-01-22+kl.+18.36.05.png\" height=\"75\" width=\"400\"><\/a><\/div>\n<div><\/div>\n<div><\/div>\n<div><\/div>\n<div><a href=\"http:\/\/3.bp.blogspot.com\/-fI79rtTVWI4\/UuAEi4nlZoI\/AAAAAAAAGs0\/mC_Ap_dAhZ4\/s1600\/Ska%CC%88rmavbild+2014-01-22+kl.+18.35.36.png\"><img loading=\"lazy\" decoding=\"async\" border=\"0\" src=\"http:\/\/3.bp.blogspot.com\/-fI79rtTVWI4\/UuAEi4nlZoI\/AAAAAAAAGs0\/mC_Ap_dAhZ4\/s1600\/Ska%CC%88rmavbild+2014-01-22+kl.+18.35.36.png\" height=\"73\" width=\"400\"><\/a><\/div>\n<div><\/div>\n<div><\/div>\n<div><a href=\"http:\/\/1.bp.blogspot.com\/-s3tDjHR5vlY\/UuAEvJo3YyI\/AAAAAAAAGvo\/UGr-lxOdkRo\/s1600\/Ska%CC%88rmavbild+2014-01-22+kl.+18.45.11.png\"><img loading=\"lazy\" decoding=\"async\" border=\"0\" src=\"http:\/\/1.bp.blogspot.com\/-s3tDjHR5vlY\/UuAEvJo3YyI\/AAAAAAAAGvo\/UGr-lxOdkRo\/s1600\/Ska%CC%88rmavbild+2014-01-22+kl.+18.45.11.png\" height=\"61\" width=\"400\"><\/a><\/div>\n<div><\/div>\n<div><\/div>\n<div><a href=\"http:\/\/2.bp.blogspot.com\/-c4b3J3Jh6sU\/UuAEpXhwQXI\/AAAAAAAAGuY\/hFOPVvKXSGs\/s1600\/Ska%CC%88rmavbild+2014-01-22+kl.+18.39.38.png\"><img loading=\"lazy\" decoding=\"async\" border=\"0\" src=\"http:\/\/2.bp.blogspot.com\/-c4b3J3Jh6sU\/UuAEpXhwQXI\/AAAAAAAAGuY\/hFOPVvKXSGs\/s1600\/Ska%CC%88rmavbild+2014-01-22+kl.+18.39.38.png\" height=\"60\" width=\"400\"><\/a><\/div>\n<div><\/div>\n<div><\/div>\n<div><a href=\"http:\/\/3.bp.blogspot.com\/-WmVa1wXVQnQ\/UuAEn0HXYcI\/AAAAAAAAGuI\/fLd4yynkAkI\/s1600\/Ska%CC%88rmavbild+2014-01-22+kl.+18.38.03.png\"><img loading=\"lazy\" decoding=\"async\" border=\"0\" src=\"http:\/\/3.bp.blogspot.com\/-WmVa1wXVQnQ\/UuAEn0HXYcI\/AAAAAAAAGuI\/fLd4yynkAkI\/s1600\/Ska%CC%88rmavbild+2014-01-22+kl.+18.38.03.png\" height=\"72\" width=\"400\"><\/a><\/div>\n<div><\/div>\n<div><\/div>\n<div><a href=\"http:\/\/2.bp.blogspot.com\/-Jb6QLAmTlGs\/UuAErUbAz9I\/AAAAAAAAGu4\/tp5ISnZtBHc\/s1600\/Ska%CC%88rmavbild+2014-01-22+kl.+18.42.31.png\"><img loading=\"lazy\" decoding=\"async\" border=\"0\" src=\"http:\/\/2.bp.blogspot.com\/-Jb6QLAmTlGs\/UuAErUbAz9I\/AAAAAAAAGu4\/tp5ISnZtBHc\/s1600\/Ska%CC%88rmavbild+2014-01-22+kl.+18.42.31.png\" height=\"117\" width=\"400\"><\/a><\/div>\n<div><\/div>\n<div><\/div>\n<div><a href=\"http:\/\/1.bp.blogspot.com\/-Xn5yt5s2pms\/UuAEqVp6BCI\/AAAAAAAAGuk\/cDGBFTyhTrU\/s1600\/Ska%CC%88rmavbild+2014-01-22+kl.+18.41.01.png\"><img loading=\"lazy\" decoding=\"async\" border=\"0\" src=\"http:\/\/1.bp.blogspot.com\/-Xn5yt5s2pms\/UuAEqVp6BCI\/AAAAAAAAGuk\/cDGBFTyhTrU\/s1600\/Ska%CC%88rmavbild+2014-01-22+kl.+18.41.01.png\" height=\"75\" width=\"400\"><\/a><\/div>\n<div><\/div>\n<div><\/div>\n<div><a href=\"http:\/\/3.bp.blogspot.com\/-Pk1bG2agr84\/UuAEoSW8-aI\/AAAAAAAAGuE\/zanOFp8RnoM\/s1600\/Ska%CC%88rmavbild+2014-01-22+kl.+18.38.12.png\"><img loading=\"lazy\" decoding=\"async\" border=\"0\" src=\"http:\/\/3.bp.blogspot.com\/-Pk1bG2agr84\/UuAEoSW8-aI\/AAAAAAAAGuE\/zanOFp8RnoM\/s1600\/Ska%CC%88rmavbild+2014-01-22+kl.+18.38.12.png\" height=\"58\" width=\"400\"><\/a><\/div>\n<div><\/div>\n<div><\/div>\n<div><a href=\"http:\/\/3.bp.blogspot.com\/-_vtinlJD5tQ\/UuAEra28lZI\/AAAAAAAAGu0\/aTc51XG0qCc\/s1600\/Ska%CC%88rmavbild+2014-01-22+kl.+18.39.33.png\"><img loading=\"lazy\" decoding=\"async\" border=\"0\" src=\"http:\/\/3.bp.blogspot.com\/-_vtinlJD5tQ\/UuAEra28lZI\/AAAAAAAAGu0\/aTc51XG0qCc\/s1600\/Ska%CC%88rmavbild+2014-01-22+kl.+18.39.33.png\" height=\"88\" width=\"400\"><\/a><\/div>\n<div><\/div>\n<div><\/div>\n<div><a href=\"http:\/\/4.bp.blogspot.com\/-3R_qGOEwXh4\/UuAEvshdl0I\/AAAAAAAAGv0\/RKwoDcwl4e4\/s1600\/Ska%CC%88rmavbild+2014-01-22+kl.+18.43.39.png\"><img loading=\"lazy\" decoding=\"async\" border=\"0\" src=\"http:\/\/4.bp.blogspot.com\/-3R_qGOEwXh4\/UuAEvshdl0I\/AAAAAAAAGv0\/RKwoDcwl4e4\/s1600\/Ska%CC%88rmavbild+2014-01-22+kl.+18.43.39.png\" height=\"71\" width=\"400\"><\/a><\/div>\n<div><\/div>\n<div><\/div>\n<div><b><br \/><\/b><\/div>\n<div><b>Roliga\/fyndiga\/\u00f6vriga<\/b><\/div>\n<div><\/div>\n<div><\/div>\n<div><a href=\"http:\/\/1.bp.blogspot.com\/-UcMQvB4itJo\/UuAEj5fu3VI\/AAAAAAAAGtQ\/XGC40M5rdaw\/s1600\/Ska%CC%88rmavbild+2014-01-22+kl.+18.35.57.png\"><img loading=\"lazy\" decoding=\"async\" border=\"0\" src=\"http:\/\/1.bp.blogspot.com\/-UcMQvB4itJo\/UuAEj5fu3VI\/AAAAAAAAGtQ\/XGC40M5rdaw\/s1600\/Ska%CC%88rmavbild+2014-01-22+kl.+18.35.57.png\" height=\"73\" width=\"400\"><\/a><\/div>\n<div><\/div>\n<div><\/div>\n<div>Det g\u00e4ller att sl\u00e5ss som gentlemen&#8230;<\/div>\n<div><a href=\"http:\/\/4.bp.blogspot.com\/-M9yXlYb2edg\/UuAEmC8oObI\/AAAAAAAAGtg\/s5N8jvOkotY\/s1600\/Ska%CC%88rmavbild+2014-01-22+kl.+18.31.03.png\"><img loading=\"lazy\" decoding=\"async\" border=\"0\" src=\"http:\/\/4.bp.blogspot.com\/-M9yXlYb2edg\/UuAEmC8oObI\/AAAAAAAAGtg\/s5N8jvOkotY\/s1600\/Ska%CC%88rmavbild+2014-01-22+kl.+18.31.03.png\" height=\"88\" width=\"400\"><\/a><\/div>\n<\/p>\n<div><\/div>\n<div>Jag hejar numera p\u00e5 Nikkaluokta, m\u00e5 de f\u00e5 som de \u00f6nskar och ha de kallast i Sverige.<\/div>\n<div><a href=\"http:\/\/3.bp.blogspot.com\/-Fx_py-hTRpc\/UuAEnXd-svI\/AAAAAAAAGt0\/qQD6fkiD8oo\/s1600\/Ska%CC%88rmavbild+2014-01-22+kl.+18.36.14.png\"><img loading=\"lazy\" decoding=\"async\" border=\"0\" src=\"http:\/\/3.bp.blogspot.com\/-Fx_py-hTRpc\/UuAEnXd-svI\/AAAAAAAAGt0\/qQD6fkiD8oo\/s1600\/Ska%CC%88rmavbild+2014-01-22+kl.+18.36.14.png\" height=\"77\" width=\"400\"><\/a><\/div>\n<div><\/div>\n<\/p>\n<div><a href=\"http:\/\/4.bp.blogspot.com\/-GSYgre_sBUc\/UuAEpMYPQlI\/AAAAAAAAGuQ\/5v1jRYsgWco\/s1600\/Ska%CC%88rmavbild+2014-01-22+kl.+18.37.38.png\"><img loading=\"lazy\" decoding=\"async\" border=\"0\" src=\"http:\/\/4.bp.blogspot.com\/-GSYgre_sBUc\/UuAEpMYPQlI\/AAAAAAAAGuQ\/5v1jRYsgWco\/s1600\/Ska%CC%88rmavbild+2014-01-22+kl.+18.37.38.png\" height=\"73\" width=\"400\"><\/a><\/div>\n<\/p>\n<div><\/div>\n<div><\/div>\n<div>Varje g\u00e5ng n\u00e5gon h\u00e4nvisar till att n\u00e5got h\u00e4nder i\/kommer fr\u00e5n Afrika kan man utbrista &#8221;V\u00e4rldens st\u00f6rsta land!&#8221;<\/div>\n<div><a href=\"http:\/\/2.bp.blogspot.com\/-ohM084KhjE0\/UuAEttu4UmI\/AAAAAAAAGvg\/nZFv6IJsa9g\/s1600\/Ska%CC%88rmavbild+2014-01-22+kl.+18.42.12.png\"><img loading=\"lazy\" decoding=\"async\" border=\"0\" src=\"http:\/\/2.bp.blogspot.com\/-ohM084KhjE0\/UuAEttu4UmI\/AAAAAAAAGvg\/nZFv6IJsa9g\/s1600\/Ska%CC%88rmavbild+2014-01-22+kl.+18.42.12.png\" height=\"116\" width=\"400\"><\/a><\/div>\n<\/p>\n<div><\/div>\n<\/p>\n<div>Sj\u00e4lva definitionen av att livet kan vara \u00f6ken<\/div>\n<div><a href=\"http:\/\/2.bp.blogspot.com\/-jvVcofaS3gY\/UuAEtpBb7FI\/AAAAAAAAGvQ\/raay1DGd0xQ\/s1600\/Ska%CC%88rmavbild+2014-01-22+kl.+18.43.52.png\"><img loading=\"lazy\" decoding=\"async\" border=\"0\" src=\"http:\/\/2.bp.blogspot.com\/-jvVcofaS3gY\/UuAEtpBb7FI\/AAAAAAAAGvQ\/raay1DGd0xQ\/s1600\/Ska%CC%88rmavbild+2014-01-22+kl.+18.43.52.png\" height=\"87\" width=\"400\"><\/a><\/div>\n<\/p>\n<div><\/div>\n<\/p>\n<div><a href=\"http:\/\/2.bp.blogspot.com\/-cbMoDdd-_2o\/UuAEvPcObVI\/AAAAAAAAGv4\/oJkvWe3QWOo\/s1600\/Ska%CC%88rmavbild+2014-01-22+kl.+18.44.30.png\"><img loading=\"lazy\" decoding=\"async\" border=\"0\" src=\"http:\/\/2.bp.blogspot.com\/-cbMoDdd-_2o\/UuAEvPcObVI\/AAAAAAAAGv4\/oJkvWe3QWOo\/s1600\/Ska%CC%88rmavbild+2014-01-22+kl.+18.44.30.png\" height=\"71\" width=\"400\"><\/a><\/div>\n<div><\/div>\n<div><\/div>\n<div><b>Veckans b\u00e4sta tweet<\/b><\/div>\n<div>Kommer fr\u00e5n @DilsaDSSten<\/div>\n<div><\/div>\n<div><\/div>\n<div><a href=\"http:\/\/3.bp.blogspot.com\/-H7WQk_PsNS8\/UuAEsW7limI\/AAAAAAAAGvA\/0XWOpBE-9Sw\/s1600\/Ska%CC%88rmavbild+2014-01-22+kl.+18.42.43.png\"><img loading=\"lazy\" decoding=\"async\" border=\"0\" src=\"http:\/\/3.bp.blogspot.com\/-H7WQk_PsNS8\/UuAEsW7limI\/AAAAAAAAGvA\/0XWOpBE-9Sw\/s1600\/Ska%CC%88rmavbild+2014-01-22+kl.+18.42.43.png\" height=\"77\" width=\"400\"><\/a><\/div>\n<\/p>\n<div><\/div>\n<div>Tack alla f\u00f6r veck(orn)a som g\u00e5tt!<\/div>\n<div><\/div>\n<div><\/div>\n","protected":false},"excerpt":{"rendered":"<p>Coola killar p\u00e5 80-talet&#8230; Aprop\u00e5 inget speciellt. Nu har det visst g\u00e5tt n\u00e5gra veckor igen men h\u00e4r \u00e4r en ny dr\u00f6s med favorittweets. Kloka och roliga grejer fr\u00e5n \u00f6h.. ganska m\u00e5nga dagar bak\u00e5t d\u00e5. Bra \u00e4r de oavsett.\u00a0 Kristna (?) tweets Well put Luther. Pl\u00e5nbokens omv\u00e4ndelse. V\u00e4rt att t\u00e4nka p\u00e5! Fniss&#8230; Kloka tweets Dagens sanning! [&hellip;]<\/p>\n","protected":false},"author":392,"featured_media":0,"comment_status":"open","ping_status":"open","sticky":false,"template":"","format":"standard","meta":{"_acf_changed":false,"footnotes":""},"categories":[76189,78772],"tags":[],"class_list":["post-199","post","type-post","status-publish","format-standard","hentry","category-dagens-kyrka","category-favorittweets"],"acf":[],"yoast_head":"<!-- This site is optimized with the Yoast SEO plugin v27.1.1 - https:\/\/yoast.com\/product\/yoast-seo-wordpress\/ -->\n<title>Veckans samlade favorittweets - Vandra V\u00e4gen<\/title>\n<meta name=\"robots\" content=\"index, follow, max-snippet:-1, max-image-preview:large, max-video-preview:-1\" \/>\n<link rel=\"canonical\" href=\"https:\/\/blogg.svenskakyrkan.se\/vandravagen\/2014\/01\/23\/veckans-samlade-favorittweets-4\/\" \/>\n<meta property=\"og:locale\" content=\"sv_SE\" \/>\n<meta property=\"og:type\" content=\"article\" \/>\n<meta property=\"og:title\" content=\"Veckans samlade favorittweets - Vandra V\u00e4gen\" \/>\n<meta property=\"og:description\" content=\"Coola killar p\u00e5 80-talet&#8230; Aprop\u00e5 inget speciellt. Nu har det visst g\u00e5tt n\u00e5gra veckor igen men h\u00e4r \u00e4r en ny dr\u00f6s med favorittweets. Kloka och roliga grejer fr\u00e5n \u00f6h.. ganska m\u00e5nga dagar bak\u00e5t d\u00e5. Bra \u00e4r de oavsett.\u00a0 Kristna (?) tweets Well put Luther. Pl\u00e5nbokens omv\u00e4ndelse. V\u00e4rt att t\u00e4nka p\u00e5! Fniss&#8230; Kloka tweets Dagens sanning! [&hellip;]\" \/>\n<meta property=\"og:url\" content=\"https:\/\/blogg.svenskakyrkan.se\/vandravagen\/2014\/01\/23\/veckans-samlade-favorittweets-4\/\" \/>\n<meta property=\"og:site_name\" content=\"Vandra V\u00e4gen\" \/>\n<meta property=\"article:publisher\" content=\"http:\/\/facebook.com\/vandravagen\" \/>\n<meta property=\"article:published_time\" content=\"2014-01-23T08:21:00+00:00\" \/>\n<meta property=\"og:image\" content=\"http:\/\/1.bp.blogspot.com\/-LZNiwwi5oy8\/UuAFdHdt2II\/AAAAAAAAGwE\/uoVqn2z537c\/s1600\/IMG_2942.JPG\" \/>\n<meta name=\"author\" content=\"Tomas Jarvid\" \/>\n<meta name=\"twitter:card\" content=\"summary_large_image\" \/>\n<meta name=\"twitter:creator\" content=\"@fadertomas\" \/>\n<meta name=\"twitter:site\" content=\"@fadertomas\" \/>\n<meta name=\"twitter:label1\" content=\"Skriven av\" \/>\n\t<meta name=\"twitter:data1\" content=\"Tomas Jarvid\" \/>\n\t<meta name=\"twitter:label2\" content=\"Ber\u00e4knad l\u00e4stid\" \/>\n\t<meta name=\"twitter:data2\" content=\"1 minut\" \/>\n<script type=\"application\/ld+json\" class=\"yoast-schema-graph\">{\"@context\":\"https:\/\/schema.org\",\"@graph\":[{\"@type\":\"Article\",\"@id\":\"https:\/\/blogg.svenskakyrkan.se\/vandravagen\/2014\/01\/23\/veckans-samlade-favorittweets-4\/#article\",\"isPartOf\":{\"@id\":\"https:\/\/blogg.svenskakyrkan.se\/vandravagen\/2014\/01\/23\/veckans-samlade-favorittweets-4\/\"},\"author\":{\"name\":\"Tomas Jarvid\",\"@id\":\"https:\/\/blogg.svenskakyrkan.se\/vandravagen\/#\/schema\/person\/25da02d4f76b137d04291711e2c9fc16\"},\"headline\":\"Veckans samlade favorittweets\",\"datePublished\":\"2014-01-23T08:21:00+00:00\",\"mainEntityOfPage\":{\"@id\":\"https:\/\/blogg.svenskakyrkan.se\/vandravagen\/2014\/01\/23\/veckans-samlade-favorittweets-4\/\"},\"wordCount\":154,\"commentCount\":1,\"publisher\":{\"@id\":\"https:\/\/blogg.svenskakyrkan.se\/vandravagen\/#organization\"},\"image\":{\"@id\":\"https:\/\/blogg.svenskakyrkan.se\/vandravagen\/2014\/01\/23\/veckans-samlade-favorittweets-4\/#primaryimage\"},\"thumbnailUrl\":\"http:\/\/1.bp.blogspot.com\/-LZNiwwi5oy8\/UuAFdHdt2II\/AAAAAAAAGwE\/uoVqn2z537c\/s1600\/IMG_2942.JPG\",\"articleSection\":[\"Dagens Kyrka\",\"favorittweets\"],\"inLanguage\":\"sv-SE\",\"potentialAction\":[{\"@type\":\"CommentAction\",\"name\":\"Comment\",\"target\":[\"https:\/\/blogg.svenskakyrkan.se\/vandravagen\/2014\/01\/23\/veckans-samlade-favorittweets-4\/#respond\"]}]},{\"@type\":\"WebPage\",\"@id\":\"https:\/\/blogg.svenskakyrkan.se\/vandravagen\/2014\/01\/23\/veckans-samlade-favorittweets-4\/\",\"url\":\"https:\/\/blogg.svenskakyrkan.se\/vandravagen\/2014\/01\/23\/veckans-samlade-favorittweets-4\/\",\"name\":\"Veckans samlade favorittweets - Vandra V\u00e4gen\",\"isPartOf\":{\"@id\":\"https:\/\/blogg.svenskakyrkan.se\/vandravagen\/#website\"},\"primaryImageOfPage\":{\"@id\":\"https:\/\/blogg.svenskakyrkan.se\/vandravagen\/2014\/01\/23\/veckans-samlade-favorittweets-4\/#primaryimage\"},\"image\":{\"@id\":\"https:\/\/blogg.svenskakyrkan.se\/vandravagen\/2014\/01\/23\/veckans-samlade-favorittweets-4\/#primaryimage\"},\"thumbnailUrl\":\"http:\/\/1.bp.blogspot.com\/-LZNiwwi5oy8\/UuAFdHdt2II\/AAAAAAAAGwE\/uoVqn2z537c\/s1600\/IMG_2942.JPG\",\"datePublished\":\"2014-01-23T08:21:00+00:00\",\"breadcrumb\":{\"@id\":\"https:\/\/blogg.svenskakyrkan.se\/vandravagen\/2014\/01\/23\/veckans-samlade-favorittweets-4\/#breadcrumb\"},\"inLanguage\":\"sv-SE\",\"potentialAction\":[{\"@type\":\"ReadAction\",\"target\":[\"https:\/\/blogg.svenskakyrkan.se\/vandravagen\/2014\/01\/23\/veckans-samlade-favorittweets-4\/\"]}]},{\"@type\":\"ImageObject\",\"inLanguage\":\"sv-SE\",\"@id\":\"https:\/\/blogg.svenskakyrkan.se\/vandravagen\/2014\/01\/23\/veckans-samlade-favorittweets-4\/#primaryimage\",\"url\":\"http:\/\/1.bp.blogspot.com\/-LZNiwwi5oy8\/UuAFdHdt2II\/AAAAAAAAGwE\/uoVqn2z537c\/s1600\/IMG_2942.JPG\",\"contentUrl\":\"http:\/\/1.bp.blogspot.com\/-LZNiwwi5oy8\/UuAFdHdt2II\/AAAAAAAAGwE\/uoVqn2z537c\/s1600\/IMG_2942.JPG\"},{\"@type\":\"BreadcrumbList\",\"@id\":\"https:\/\/blogg.svenskakyrkan.se\/vandravagen\/2014\/01\/23\/veckans-samlade-favorittweets-4\/#breadcrumb\",\"itemListElement\":[{\"@type\":\"ListItem\",\"position\":1,\"name\":\"Hem\",\"item\":\"https:\/\/blogg.svenskakyrkan.se\/vandravagen\/\"},{\"@type\":\"ListItem\",\"position\":2,\"name\":\"Veckans samlade favorittweets\"}]},{\"@type\":\"WebSite\",\"@id\":\"https:\/\/blogg.svenskakyrkan.se\/vandravagen\/#website\",\"url\":\"https:\/\/blogg.svenskakyrkan.se\/vandravagen\/\",\"name\":\"Vandra V\u00e4gen\",\"description\":\"-Mot en tro f\u00f6r hela livet\",\"publisher\":{\"@id\":\"https:\/\/blogg.svenskakyrkan.se\/vandravagen\/#organization\"},\"potentialAction\":[{\"@type\":\"SearchAction\",\"target\":{\"@type\":\"EntryPoint\",\"urlTemplate\":\"https:\/\/blogg.svenskakyrkan.se\/vandravagen\/?s={search_term_string}\"},\"query-input\":{\"@type\":\"PropertyValueSpecification\",\"valueRequired\":true,\"valueName\":\"search_term_string\"}}],\"inLanguage\":\"sv-SE\"},{\"@type\":\"Organization\",\"@id\":\"https:\/\/blogg.svenskakyrkan.se\/vandravagen\/#organization\",\"name\":\"ulricehamns pastorat\",\"alternateName\":\"ulricehamns pastorat\",\"url\":\"https:\/\/blogg.svenskakyrkan.se\/vandravagen\/\",\"logo\":{\"@type\":\"ImageObject\",\"inLanguage\":\"sv-SE\",\"@id\":\"https:\/\/blogg.svenskakyrkan.se\/vandravagen\/#\/schema\/logo\/image\/\",\"url\":\"https:\/\/blogg.svenskakyrkan.se\/vandravagen\/files\/2023\/05\/Ulr_logo_RGB.png\",\"contentUrl\":\"https:\/\/blogg.svenskakyrkan.se\/vandravagen\/files\/2023\/05\/Ulr_logo_RGB.png\",\"width\":205,\"height\":77,\"caption\":\"ulricehamns pastorat\"},\"image\":{\"@id\":\"https:\/\/blogg.svenskakyrkan.se\/vandravagen\/#\/schema\/logo\/image\/\"},\"sameAs\":[\"http:\/\/facebook.com\/vandravagen\",\"https:\/\/x.com\/fadertomas\",\"http:\/\/www.facebook.com\/svenskakyrkaniulricehamn\"]},{\"@type\":\"Person\",\"@id\":\"https:\/\/blogg.svenskakyrkan.se\/vandravagen\/#\/schema\/person\/25da02d4f76b137d04291711e2c9fc16\",\"name\":\"Tomas Jarvid\",\"image\":{\"@type\":\"ImageObject\",\"inLanguage\":\"sv-SE\",\"@id\":\"https:\/\/blogg.svenskakyrkan.se\/vandravagen\/#\/schema\/person\/image\/\",\"url\":\"https:\/\/secure.gravatar.com\/avatar\/7fa71899795e8f540f615a1f5ab25255dc27aa40f05ee7ddd21aac521e01bf50?s=96&d=identicon&r=g\",\"contentUrl\":\"https:\/\/secure.gravatar.com\/avatar\/7fa71899795e8f540f615a1f5ab25255dc27aa40f05ee7ddd21aac521e01bf50?s=96&d=identicon&r=g\",\"caption\":\"Tomas Jarvid\"},\"description\":\"Jag bor i Ulricehamn i V\u00e4sterg\u00f6tland och \u00e4r f\u00f6rsamlingspr\u00e4st i Svenska Kyrkan f\u00f6r Dalstorps f\u00f6rsamling i Kinds pastorat. P\u00e5 den h\u00e4r bloggen skriver jag ner tankar om vandringen som kristen.\",\"sameAs\":[\"http:\/\/www.vandravagen.se\"],\"url\":\"https:\/\/blogg.svenskakyrkan.se\/vandravagen\/author\/vandravagen\/\"}]}<\/script>\n<!-- \/ Yoast SEO plugin. -->","yoast_head_json":{"title":"Veckans samlade favorittweets - Vandra V\u00e4gen","robots":{"index":"index","follow":"follow","max-snippet":"max-snippet:-1","max-image-preview":"max-image-preview:large","max-video-preview":"max-video-preview:-1"},"canonical":"https:\/\/blogg.svenskakyrkan.se\/vandravagen\/2014\/01\/23\/veckans-samlade-favorittweets-4\/","og_locale":"sv_SE","og_type":"article","og_title":"Veckans samlade favorittweets - Vandra V\u00e4gen","og_description":"Coola killar p\u00e5 80-talet&#8230; Aprop\u00e5 inget speciellt. Nu har det visst g\u00e5tt n\u00e5gra veckor igen men h\u00e4r \u00e4r en ny dr\u00f6s med favorittweets. Kloka och roliga grejer fr\u00e5n \u00f6h.. ganska m\u00e5nga dagar bak\u00e5t d\u00e5. Bra \u00e4r de oavsett.\u00a0 Kristna (?) tweets Well put Luther. Pl\u00e5nbokens omv\u00e4ndelse. V\u00e4rt att t\u00e4nka p\u00e5! Fniss&#8230; Kloka tweets Dagens sanning! [&hellip;]","og_url":"https:\/\/blogg.svenskakyrkan.se\/vandravagen\/2014\/01\/23\/veckans-samlade-favorittweets-4\/","og_site_name":"Vandra V\u00e4gen","article_publisher":"http:\/\/facebook.com\/vandravagen","article_published_time":"2014-01-23T08:21:00+00:00","og_image":[{"url":"http:\/\/1.bp.blogspot.com\/-LZNiwwi5oy8\/UuAFdHdt2II\/AAAAAAAAGwE\/uoVqn2z537c\/s1600\/IMG_2942.JPG","type":"","width":"","height":""}],"author":"Tomas Jarvid","twitter_card":"summary_large_image","twitter_creator":"@fadertomas","twitter_site":"@fadertomas","twitter_misc":{"Skriven av":"Tomas Jarvid","Ber\u00e4knad l\u00e4stid":"1 minut"},"schema":{"@context":"https:\/\/schema.org","@graph":[{"@type":"Article","@id":"https:\/\/blogg.svenskakyrkan.se\/vandravagen\/2014\/01\/23\/veckans-samlade-favorittweets-4\/#article","isPartOf":{"@id":"https:\/\/blogg.svenskakyrkan.se\/vandravagen\/2014\/01\/23\/veckans-samlade-favorittweets-4\/"},"author":{"name":"Tomas Jarvid","@id":"https:\/\/blogg.svenskakyrkan.se\/vandravagen\/#\/schema\/person\/25da02d4f76b137d04291711e2c9fc16"},"headline":"Veckans samlade favorittweets","datePublished":"2014-01-23T08:21:00+00:00","mainEntityOfPage":{"@id":"https:\/\/blogg.svenskakyrkan.se\/vandravagen\/2014\/01\/23\/veckans-samlade-favorittweets-4\/"},"wordCount":154,"commentCount":1,"publisher":{"@id":"https:\/\/blogg.svenskakyrkan.se\/vandravagen\/#organization"},"image":{"@id":"https:\/\/blogg.svenskakyrkan.se\/vandravagen\/2014\/01\/23\/veckans-samlade-favorittweets-4\/#primaryimage"},"thumbnailUrl":"http:\/\/1.bp.blogspot.com\/-LZNiwwi5oy8\/UuAFdHdt2II\/AAAAAAAAGwE\/uoVqn2z537c\/s1600\/IMG_2942.JPG","articleSection":["Dagens Kyrka","favorittweets"],"inLanguage":"sv-SE","potentialAction":[{"@type":"CommentAction","name":"Comment","target":["https:\/\/blogg.svenskakyrkan.se\/vandravagen\/2014\/01\/23\/veckans-samlade-favorittweets-4\/#respond"]}]},{"@type":"WebPage","@id":"https:\/\/blogg.svenskakyrkan.se\/vandravagen\/2014\/01\/23\/veckans-samlade-favorittweets-4\/","url":"https:\/\/blogg.svenskakyrkan.se\/vandravagen\/2014\/01\/23\/veckans-samlade-favorittweets-4\/","name":"Veckans samlade favorittweets - Vandra V\u00e4gen","isPartOf":{"@id":"https:\/\/blogg.svenskakyrkan.se\/vandravagen\/#website"},"primaryImageOfPage":{"@id":"https:\/\/blogg.svenskakyrkan.se\/vandravagen\/2014\/01\/23\/veckans-samlade-favorittweets-4\/#primaryimage"},"image":{"@id":"https:\/\/blogg.svenskakyrkan.se\/vandravagen\/2014\/01\/23\/veckans-samlade-favorittweets-4\/#primaryimage"},"thumbnailUrl":"http:\/\/1.bp.blogspot.com\/-LZNiwwi5oy8\/UuAFdHdt2II\/AAAAAAAAGwE\/uoVqn2z537c\/s1600\/IMG_2942.JPG","datePublished":"2014-01-23T08:21:00+00:00","breadcrumb":{"@id":"https:\/\/blogg.svenskakyrkan.se\/vandravagen\/2014\/01\/23\/veckans-samlade-favorittweets-4\/#breadcrumb"},"inLanguage":"sv-SE","potentialAction":[{"@type":"ReadAction","target":["https:\/\/blogg.svenskakyrkan.se\/vandravagen\/2014\/01\/23\/veckans-samlade-favorittweets-4\/"]}]},{"@type":"ImageObject","inLanguage":"sv-SE","@id":"https:\/\/blogg.svenskakyrkan.se\/vandravagen\/2014\/01\/23\/veckans-samlade-favorittweets-4\/#primaryimage","url":"http:\/\/1.bp.blogspot.com\/-LZNiwwi5oy8\/UuAFdHdt2II\/AAAAAAAAGwE\/uoVqn2z537c\/s1600\/IMG_2942.JPG","contentUrl":"http:\/\/1.bp.blogspot.com\/-LZNiwwi5oy8\/UuAFdHdt2II\/AAAAAAAAGwE\/uoVqn2z537c\/s1600\/IMG_2942.JPG"},{"@type":"BreadcrumbList","@id":"https:\/\/blogg.svenskakyrkan.se\/vandravagen\/2014\/01\/23\/veckans-samlade-favorittweets-4\/#breadcrumb","itemListElement":[{"@type":"ListItem","position":1,"name":"Hem","item":"https:\/\/blogg.svenskakyrkan.se\/vandravagen\/"},{"@type":"ListItem","position":2,"name":"Veckans samlade favorittweets"}]},{"@type":"WebSite","@id":"https:\/\/blogg.svenskakyrkan.se\/vandravagen\/#website","url":"https:\/\/blogg.svenskakyrkan.se\/vandravagen\/","name":"Vandra V\u00e4gen","description":"-Mot en tro f\u00f6r hela livet","publisher":{"@id":"https:\/\/blogg.svenskakyrkan.se\/vandravagen\/#organization"},"potentialAction":[{"@type":"SearchAction","target":{"@type":"EntryPoint","urlTemplate":"https:\/\/blogg.svenskakyrkan.se\/vandravagen\/?s={search_term_string}"},"query-input":{"@type":"PropertyValueSpecification","valueRequired":true,"valueName":"search_term_string"}}],"inLanguage":"sv-SE"},{"@type":"Organization","@id":"https:\/\/blogg.svenskakyrkan.se\/vandravagen\/#organization","name":"ulricehamns pastorat","alternateName":"ulricehamns pastorat","url":"https:\/\/blogg.svenskakyrkan.se\/vandravagen\/","logo":{"@type":"ImageObject","inLanguage":"sv-SE","@id":"https:\/\/blogg.svenskakyrkan.se\/vandravagen\/#\/schema\/logo\/image\/","url":"https:\/\/blogg.svenskakyrkan.se\/vandravagen\/files\/2023\/05\/Ulr_logo_RGB.png","contentUrl":"https:\/\/blogg.svenskakyrkan.se\/vandravagen\/files\/2023\/05\/Ulr_logo_RGB.png","width":205,"height":77,"caption":"ulricehamns pastorat"},"image":{"@id":"https:\/\/blogg.svenskakyrkan.se\/vandravagen\/#\/schema\/logo\/image\/"},"sameAs":["http:\/\/facebook.com\/vandravagen","https:\/\/x.com\/fadertomas","http:\/\/www.facebook.com\/svenskakyrkaniulricehamn"]},{"@type":"Person","@id":"https:\/\/blogg.svenskakyrkan.se\/vandravagen\/#\/schema\/person\/25da02d4f76b137d04291711e2c9fc16","name":"Tomas Jarvid","image":{"@type":"ImageObject","inLanguage":"sv-SE","@id":"https:\/\/blogg.svenskakyrkan.se\/vandravagen\/#\/schema\/person\/image\/","url":"https:\/\/secure.gravatar.com\/avatar\/7fa71899795e8f540f615a1f5ab25255dc27aa40f05ee7ddd21aac521e01bf50?s=96&d=identicon&r=g","contentUrl":"https:\/\/secure.gravatar.com\/avatar\/7fa71899795e8f540f615a1f5ab25255dc27aa40f05ee7ddd21aac521e01bf50?s=96&d=identicon&r=g","caption":"Tomas Jarvid"},"description":"Jag bor i Ulricehamn i V\u00e4sterg\u00f6tland och \u00e4r f\u00f6rsamlingspr\u00e4st i Svenska Kyrkan f\u00f6r Dalstorps f\u00f6rsamling i Kinds pastorat. P\u00e5 den h\u00e4r bloggen skriver jag ner tankar om vandringen som kristen.","sameAs":["http:\/\/www.vandravagen.se"],"url":"https:\/\/blogg.svenskakyrkan.se\/vandravagen\/author\/vandravagen\/"}]}},"author_meta":{"ID":"392","user_nicename":"vandravagen","user_url":"http:\/\/www.vandravagen.se","user_registered":"2014-05-19 05:44:52","display_name":"Tomas Jarvid","first_name":"Tomas","last_name":"Jarvid","avatar":"https:\/\/secure.gravatar.com\/avatar\/7fa71899795e8f540f615a1f5ab25255dc27aa40f05ee7ddd21aac521e01bf50?s=96&d=identicon&r=g"},"featured_image":false,"bloginfo":{"name":"Vandra V\u00e4gen","url":"https:\/\/blogg.svenskakyrkan.se\/vandravagen"},"_links":{"self":[{"href":"https:\/\/blogg.svenskakyrkan.se\/vandravagen\/wp-json\/wp\/v2\/posts\/199","targetHints":{"allow":["GET"]}}],"collection":[{"href":"https:\/\/blogg.svenskakyrkan.se\/vandravagen\/wp-json\/wp\/v2\/posts"}],"about":[{"href":"https:\/\/blogg.svenskakyrkan.se\/vandravagen\/wp-json\/wp\/v2\/types\/post"}],"author":[{"embeddable":true,"href":"https:\/\/blogg.svenskakyrkan.se\/vandravagen\/wp-json\/wp\/v2\/users\/392"}],"replies":[{"embeddable":true,"href":"https:\/\/blogg.svenskakyrkan.se\/vandravagen\/wp-json\/wp\/v2\/comments?post=199"}],"version-history":[{"count":0,"href":"https:\/\/blogg.svenskakyrkan.se\/vandravagen\/wp-json\/wp\/v2\/posts\/199\/revisions"}],"wp:attachment":[{"href":"https:\/\/blogg.svenskakyrkan.se\/vandravagen\/wp-json\/wp\/v2\/media?parent=199"}],"wp:term":[{"taxonomy":"category","embeddable":true,"href":"https:\/\/blogg.svenskakyrkan.se\/vandravagen\/wp-json\/wp\/v2\/categories?post=199"},{"taxonomy":"post_tag","embeddable":true,"href":"https:\/\/blogg.svenskakyrkan.se\/vandravagen\/wp-json\/wp\/v2\/tags?post=199"}],"curies":[{"name":"wp","href":"https:\/\/api.w.org\/{rel}","templated":true}]}}