{"id":2035,"date":"2015-06-04T07:00:04","date_gmt":"2015-06-04T05:00:04","guid":{"rendered":"http:\/\/blogg.svenskakyrkan.se\/vandravagen\/?p=2035"},"modified":"2015-06-04T11:09:43","modified_gmt":"2015-06-04T09:09:43","slug":"gud-blev-manniska-dar-och-da","status":"publish","type":"post","link":"https:\/\/blogg.svenskakyrkan.se\/vandravagen\/2015\/06\/04\/gud-blev-manniska-dar-och-da\/","title":{"rendered":"Gud blev m\u00e4nniska, d\u00e4r och d\u00e5"},"content":{"rendered":"<div id=\"attachment_3201\" style=\"width: 594px\" class=\"wp-caption aligncenter\"><a href=\"http:\/\/blogg.svenskakyrkan.se\/vandravagen\/files\/2015\/05\/P2210116.jpg\"><img loading=\"lazy\" decoding=\"async\" aria-describedby=\"caption-attachment-3201\" class=\"size-large wp-image-3201\" src=\"http:\/\/blogg.svenskakyrkan.se\/vandravagen\/files\/2015\/05\/P2210116-1024x768.jpg\" alt=\"Jesus och Maria i Bangalore, Indien\" width=\"584\" height=\"438\" srcset=\"https:\/\/blogg.svenskakyrkan.se\/vandravagen\/files\/2015\/05\/P2210116-1024x768.jpg 1024w, https:\/\/blogg.svenskakyrkan.se\/vandravagen\/files\/2015\/05\/P2210116-300x225.jpg 300w, https:\/\/blogg.svenskakyrkan.se\/vandravagen\/files\/2015\/05\/P2210116-400x300.jpg 400w\" sizes=\"auto, (max-width: 584px) 100vw, 584px\" \/><\/a><p id=\"caption-attachment-3201\" class=\"wp-caption-text\">Jesus och Maria i Bangalore, Indien<\/p><\/div>\n<p>S\u00e5 h\u00e4r i pingsttid har vi f\u00e5tt h\u00f6ra i textl\u00e4sningarna i kyrkan om hur Anden kan tala alla spr\u00e5k. Jag har t\u00e4nkt en del p\u00e5 det m\u00e4rkliga i hur Gud blev m\u00e4nniska och nu vill jag dela lite tankar med dig.<\/p>\n<p>I kristen tro s\u00e4ger vi att Jesus \u00e4r Gud &#8221;inkarnerad&#8221;, Gud som blivit k\u00f6tt, blivit m\u00e4nniska. Allt det d\u00e4r vet ni f\u00f6rst\u00e5s allihop men man kan vrida lite p\u00e5 det och t\u00e4nka p\u00e5 hur m\u00e4rkligt det \u00e4r hur v\u00e4ldigt kulturspecifikt det var n\u00e4r Gud blev m\u00e4nniska. Jesus var ingen v\u00e4rldsmedborgare som stod \u00f6ver alla m\u00e4nskliga kulturer. Han var tv\u00e4rtom djupt nedb\u00e4ddad i sin judiska kultur just i sin egen tid under det f\u00f6rsta \u00e5rhundradet.<strong> D\u00e4r och d\u00e5.<\/strong><\/p>\n<p>Gud talade till just de m\u00e4nniskor som levde d\u00e4r och d\u00e5 och m\u00f6tte Jesus, p\u00e5 ett v\u00e4ldigt specialiserat s\u00e4tt. Jesus talade till de m\u00e4nniskor han m\u00f6tte i det sammanhang d\u00e4r de fanns. Sedan n\u00e4r den kristna tron b\u00f6rjade sprida sig s\u00e5 st\u00e4lldes kyrkan inf\u00f6r en enorm \u00f6vers\u00e4ttningsutmaning. Man m\u00e5ste ju f\u00f6rklara allt det Jesus gjorde och sa i sitt sammanhang s\u00e5 att de fick f\u00f6rst\u00e5 samma saker utifr\u00e5n sin kultur. <strong>Kristen teologi\u00a0har alltsedan dess varit ett slags kreativt \u00f6vers\u00e4ttningsarbete<\/strong>. Kristen tro \u00e4r aldrig utan sammanhang.<\/p>\n<p>Det \u00e4r nog tur f\u00f6r oss att Gud talar till m\u00e4nniskor just utifr\u00e5n d\u00e4r vi \u00e4r i tid och rum. F\u00f6r annars skulle vi inte f\u00f6rst\u00e5 mycket alls. Hur g\u00e4rna vi \u00e4n vill tro att vi har v\u00e4ldigt vidstr\u00e4ckta perspektiv s\u00e5 f\u00f6rst\u00e5r vi egentligen var och en en v\u00e4ldigt liten del av v\u00e4rlden.<\/p>\n<p>Vi tar lite musik p\u00e5 det. Fr\u00e5n 90-talet! &#8221;One of us&#8221; med Joan Osborne \u00e4r i sanning en inkarnationss\u00e5ng!<\/p>\n<p><iframe loading=\"lazy\" title=\"Joan Osborne - One Of Us\" width=\"500\" height=\"375\" src=\"https:\/\/www.youtube.com\/embed\/B4CRkpBGQzU?feature=oembed\" frameborder=\"0\" allow=\"accelerometer; autoplay; clipboard-write; encrypted-media; gyroscope; picture-in-picture; web-share\" referrerpolicy=\"strict-origin-when-cross-origin\" allowfullscreen><\/iframe><\/p>\n<p>Eftersom vi har s\u00e5 sn\u00e4va horisonter som vi har s\u00e5 m\u00e4rker vi inte ens att vi ofta t\u00e4nker oss v\u00e5r egen milj\u00f6 runt Jesus i bibelber\u00e4ttelserna. Och det \u00e4r nog n\u00e5got gott f\u00f6r d\u00e5 har vi i alla fall fattat po\u00e4ngen, att Gud blev en av oss, men ju djupare vi kan g\u00e5 i \u00f6vers\u00e4ttningsarbetet desto b\u00e4ttre f\u00f6r v\u00e5r f\u00f6rst\u00e5else.<\/p>\n","protected":false},"excerpt":{"rendered":"<p>S\u00e5 h\u00e4r i pingsttid har vi f\u00e5tt h\u00f6ra i textl\u00e4sningarna i kyrkan om hur Anden kan tala alla spr\u00e5k. Jag har t\u00e4nkt en del p\u00e5 det m\u00e4rkliga i hur Gud blev m\u00e4nniska och nu vill jag dela lite tankar med dig. I kristen tro s\u00e4ger vi att Jesus \u00e4r Gud &#8221;inkarnerad&#8221;, Gud som blivit k\u00f6tt, [&hellip;]<\/p>\n","protected":false},"author":392,"featured_media":0,"comment_status":"open","ping_status":"open","sticky":false,"template":"","format":"standard","meta":{"_acf_changed":false,"footnotes":""},"categories":[8298,76189,117],"tags":[],"class_list":["post-2035","post","type-post","status-publish","format-standard","hentry","category-bibeln","category-dagens-kyrka","category-teologi"],"acf":[],"yoast_head":"<!-- This site is optimized with the Yoast SEO plugin v27.1.1 - https:\/\/yoast.com\/product\/yoast-seo-wordpress\/ -->\n<title>Gud blev m\u00e4nniska, d\u00e4r och d\u00e5 - Vandra V\u00e4gen<\/title>\n<meta name=\"robots\" content=\"index, follow, max-snippet:-1, max-image-preview:large, max-video-preview:-1\" \/>\n<link rel=\"canonical\" href=\"https:\/\/blogg.svenskakyrkan.se\/vandravagen\/2015\/06\/04\/gud-blev-manniska-dar-och-da\/\" \/>\n<meta property=\"og:locale\" content=\"sv_SE\" \/>\n<meta property=\"og:type\" content=\"article\" \/>\n<meta property=\"og:title\" content=\"Gud blev m\u00e4nniska, d\u00e4r och d\u00e5 - Vandra V\u00e4gen\" \/>\n<meta property=\"og:description\" content=\"S\u00e5 h\u00e4r i pingsttid har vi f\u00e5tt h\u00f6ra i textl\u00e4sningarna i kyrkan om hur Anden kan tala alla spr\u00e5k. Jag har t\u00e4nkt en del p\u00e5 det m\u00e4rkliga i hur Gud blev m\u00e4nniska och nu vill jag dela lite tankar med dig. I kristen tro s\u00e4ger vi att Jesus \u00e4r Gud &#8221;inkarnerad&#8221;, Gud som blivit k\u00f6tt, [&hellip;]\" \/>\n<meta property=\"og:url\" content=\"https:\/\/blogg.svenskakyrkan.se\/vandravagen\/2015\/06\/04\/gud-blev-manniska-dar-och-da\/\" \/>\n<meta property=\"og:site_name\" content=\"Vandra V\u00e4gen\" \/>\n<meta property=\"article:publisher\" content=\"http:\/\/facebook.com\/vandravagen\" \/>\n<meta property=\"article:published_time\" content=\"2015-06-04T05:00:04+00:00\" \/>\n<meta property=\"article:modified_time\" content=\"2015-06-04T09:09:43+00:00\" \/>\n<meta property=\"og:image\" content=\"http:\/\/blogg.svenskakyrkan.se\/vandravagen\/files\/2015\/05\/P2210116-1024x768.jpg\" \/>\n<meta name=\"author\" content=\"Tomas Jarvid\" \/>\n<meta name=\"twitter:card\" content=\"summary_large_image\" \/>\n<meta name=\"twitter:creator\" content=\"@fadertomas\" \/>\n<meta name=\"twitter:site\" content=\"@fadertomas\" \/>\n<meta name=\"twitter:label1\" content=\"Skriven av\" \/>\n\t<meta name=\"twitter:data1\" content=\"Tomas Jarvid\" \/>\n\t<meta name=\"twitter:label2\" content=\"Ber\u00e4knad l\u00e4stid\" \/>\n\t<meta name=\"twitter:data2\" content=\"2 minuter\" \/>\n<script type=\"application\/ld+json\" class=\"yoast-schema-graph\">{\"@context\":\"https:\/\/schema.org\",\"@graph\":[{\"@type\":\"Article\",\"@id\":\"https:\/\/blogg.svenskakyrkan.se\/vandravagen\/2015\/06\/04\/gud-blev-manniska-dar-och-da\/#article\",\"isPartOf\":{\"@id\":\"https:\/\/blogg.svenskakyrkan.se\/vandravagen\/2015\/06\/04\/gud-blev-manniska-dar-och-da\/\"},\"author\":{\"name\":\"Tomas Jarvid\",\"@id\":\"https:\/\/blogg.svenskakyrkan.se\/vandravagen\/#\/schema\/person\/25da02d4f76b137d04291711e2c9fc16\"},\"headline\":\"Gud blev m\u00e4nniska, d\u00e4r och d\u00e5\",\"datePublished\":\"2015-06-04T05:00:04+00:00\",\"dateModified\":\"2015-06-04T09:09:43+00:00\",\"mainEntityOfPage\":{\"@id\":\"https:\/\/blogg.svenskakyrkan.se\/vandravagen\/2015\/06\/04\/gud-blev-manniska-dar-och-da\/\"},\"wordCount\":439,\"commentCount\":6,\"publisher\":{\"@id\":\"https:\/\/blogg.svenskakyrkan.se\/vandravagen\/#organization\"},\"image\":{\"@id\":\"https:\/\/blogg.svenskakyrkan.se\/vandravagen\/2015\/06\/04\/gud-blev-manniska-dar-och-da\/#primaryimage\"},\"thumbnailUrl\":\"http:\/\/blogg.svenskakyrkan.se\/vandravagen\/files\/2015\/05\/P2210116-1024x768.jpg\",\"articleSection\":[\"Bibeln\",\"Dagens Kyrka\",\"Teologi\"],\"inLanguage\":\"sv-SE\",\"potentialAction\":[{\"@type\":\"CommentAction\",\"name\":\"Comment\",\"target\":[\"https:\/\/blogg.svenskakyrkan.se\/vandravagen\/2015\/06\/04\/gud-blev-manniska-dar-och-da\/#respond\"]}]},{\"@type\":\"WebPage\",\"@id\":\"https:\/\/blogg.svenskakyrkan.se\/vandravagen\/2015\/06\/04\/gud-blev-manniska-dar-och-da\/\",\"url\":\"https:\/\/blogg.svenskakyrkan.se\/vandravagen\/2015\/06\/04\/gud-blev-manniska-dar-och-da\/\",\"name\":\"Gud blev m\u00e4nniska, d\u00e4r och d\u00e5 - Vandra V\u00e4gen\",\"isPartOf\":{\"@id\":\"https:\/\/blogg.svenskakyrkan.se\/vandravagen\/#website\"},\"primaryImageOfPage\":{\"@id\":\"https:\/\/blogg.svenskakyrkan.se\/vandravagen\/2015\/06\/04\/gud-blev-manniska-dar-och-da\/#primaryimage\"},\"image\":{\"@id\":\"https:\/\/blogg.svenskakyrkan.se\/vandravagen\/2015\/06\/04\/gud-blev-manniska-dar-och-da\/#primaryimage\"},\"thumbnailUrl\":\"http:\/\/blogg.svenskakyrkan.se\/vandravagen\/files\/2015\/05\/P2210116-1024x768.jpg\",\"datePublished\":\"2015-06-04T05:00:04+00:00\",\"dateModified\":\"2015-06-04T09:09:43+00:00\",\"breadcrumb\":{\"@id\":\"https:\/\/blogg.svenskakyrkan.se\/vandravagen\/2015\/06\/04\/gud-blev-manniska-dar-och-da\/#breadcrumb\"},\"inLanguage\":\"sv-SE\",\"potentialAction\":[{\"@type\":\"ReadAction\",\"target\":[\"https:\/\/blogg.svenskakyrkan.se\/vandravagen\/2015\/06\/04\/gud-blev-manniska-dar-och-da\/\"]}]},{\"@type\":\"ImageObject\",\"inLanguage\":\"sv-SE\",\"@id\":\"https:\/\/blogg.svenskakyrkan.se\/vandravagen\/2015\/06\/04\/gud-blev-manniska-dar-och-da\/#primaryimage\",\"url\":\"http:\/\/blogg.svenskakyrkan.se\/vandravagen\/files\/2015\/05\/P2210116-1024x768.jpg\",\"contentUrl\":\"http:\/\/blogg.svenskakyrkan.se\/vandravagen\/files\/2015\/05\/P2210116-1024x768.jpg\"},{\"@type\":\"BreadcrumbList\",\"@id\":\"https:\/\/blogg.svenskakyrkan.se\/vandravagen\/2015\/06\/04\/gud-blev-manniska-dar-och-da\/#breadcrumb\",\"itemListElement\":[{\"@type\":\"ListItem\",\"position\":1,\"name\":\"Hem\",\"item\":\"https:\/\/blogg.svenskakyrkan.se\/vandravagen\/\"},{\"@type\":\"ListItem\",\"position\":2,\"name\":\"Gud blev m\u00e4nniska, d\u00e4r och d\u00e5\"}]},{\"@type\":\"WebSite\",\"@id\":\"https:\/\/blogg.svenskakyrkan.se\/vandravagen\/#website\",\"url\":\"https:\/\/blogg.svenskakyrkan.se\/vandravagen\/\",\"name\":\"Vandra V\u00e4gen\",\"description\":\"-Mot en tro f\u00f6r hela livet\",\"publisher\":{\"@id\":\"https:\/\/blogg.svenskakyrkan.se\/vandravagen\/#organization\"},\"potentialAction\":[{\"@type\":\"SearchAction\",\"target\":{\"@type\":\"EntryPoint\",\"urlTemplate\":\"https:\/\/blogg.svenskakyrkan.se\/vandravagen\/?s={search_term_string}\"},\"query-input\":{\"@type\":\"PropertyValueSpecification\",\"valueRequired\":true,\"valueName\":\"search_term_string\"}}],\"inLanguage\":\"sv-SE\"},{\"@type\":\"Organization\",\"@id\":\"https:\/\/blogg.svenskakyrkan.se\/vandravagen\/#organization\",\"name\":\"ulricehamns pastorat\",\"alternateName\":\"ulricehamns pastorat\",\"url\":\"https:\/\/blogg.svenskakyrkan.se\/vandravagen\/\",\"logo\":{\"@type\":\"ImageObject\",\"inLanguage\":\"sv-SE\",\"@id\":\"https:\/\/blogg.svenskakyrkan.se\/vandravagen\/#\/schema\/logo\/image\/\",\"url\":\"https:\/\/blogg.svenskakyrkan.se\/vandravagen\/files\/2023\/05\/Ulr_logo_RGB.png\",\"contentUrl\":\"https:\/\/blogg.svenskakyrkan.se\/vandravagen\/files\/2023\/05\/Ulr_logo_RGB.png\",\"width\":205,\"height\":77,\"caption\":\"ulricehamns pastorat\"},\"image\":{\"@id\":\"https:\/\/blogg.svenskakyrkan.se\/vandravagen\/#\/schema\/logo\/image\/\"},\"sameAs\":[\"http:\/\/facebook.com\/vandravagen\",\"https:\/\/x.com\/fadertomas\",\"http:\/\/www.facebook.com\/svenskakyrkaniulricehamn\"]},{\"@type\":\"Person\",\"@id\":\"https:\/\/blogg.svenskakyrkan.se\/vandravagen\/#\/schema\/person\/25da02d4f76b137d04291711e2c9fc16\",\"name\":\"Tomas Jarvid\",\"image\":{\"@type\":\"ImageObject\",\"inLanguage\":\"sv-SE\",\"@id\":\"https:\/\/blogg.svenskakyrkan.se\/vandravagen\/#\/schema\/person\/image\/\",\"url\":\"https:\/\/secure.gravatar.com\/avatar\/7fa71899795e8f540f615a1f5ab25255dc27aa40f05ee7ddd21aac521e01bf50?s=96&d=identicon&r=g\",\"contentUrl\":\"https:\/\/secure.gravatar.com\/avatar\/7fa71899795e8f540f615a1f5ab25255dc27aa40f05ee7ddd21aac521e01bf50?s=96&d=identicon&r=g\",\"caption\":\"Tomas Jarvid\"},\"description\":\"Jag bor i Ulricehamn i V\u00e4sterg\u00f6tland och \u00e4r f\u00f6rsamlingspr\u00e4st i Svenska Kyrkan f\u00f6r Dalstorps f\u00f6rsamling i Kinds pastorat. P\u00e5 den h\u00e4r bloggen skriver jag ner tankar om vandringen som kristen.\",\"sameAs\":[\"http:\/\/www.vandravagen.se\"],\"url\":\"https:\/\/blogg.svenskakyrkan.se\/vandravagen\/author\/vandravagen\/\"}]}<\/script>\n<!-- \/ Yoast SEO plugin. -->","yoast_head_json":{"title":"Gud blev m\u00e4nniska, d\u00e4r och d\u00e5 - Vandra V\u00e4gen","robots":{"index":"index","follow":"follow","max-snippet":"max-snippet:-1","max-image-preview":"max-image-preview:large","max-video-preview":"max-video-preview:-1"},"canonical":"https:\/\/blogg.svenskakyrkan.se\/vandravagen\/2015\/06\/04\/gud-blev-manniska-dar-och-da\/","og_locale":"sv_SE","og_type":"article","og_title":"Gud blev m\u00e4nniska, d\u00e4r och d\u00e5 - Vandra V\u00e4gen","og_description":"S\u00e5 h\u00e4r i pingsttid har vi f\u00e5tt h\u00f6ra i textl\u00e4sningarna i kyrkan om hur Anden kan tala alla spr\u00e5k. Jag har t\u00e4nkt en del p\u00e5 det m\u00e4rkliga i hur Gud blev m\u00e4nniska och nu vill jag dela lite tankar med dig. I kristen tro s\u00e4ger vi att Jesus \u00e4r Gud &#8221;inkarnerad&#8221;, Gud som blivit k\u00f6tt, [&hellip;]","og_url":"https:\/\/blogg.svenskakyrkan.se\/vandravagen\/2015\/06\/04\/gud-blev-manniska-dar-och-da\/","og_site_name":"Vandra V\u00e4gen","article_publisher":"http:\/\/facebook.com\/vandravagen","article_published_time":"2015-06-04T05:00:04+00:00","article_modified_time":"2015-06-04T09:09:43+00:00","og_image":[{"url":"http:\/\/blogg.svenskakyrkan.se\/vandravagen\/files\/2015\/05\/P2210116-1024x768.jpg","type":"","width":"","height":""}],"author":"Tomas Jarvid","twitter_card":"summary_large_image","twitter_creator":"@fadertomas","twitter_site":"@fadertomas","twitter_misc":{"Skriven av":"Tomas Jarvid","Ber\u00e4knad l\u00e4stid":"2 minuter"},"schema":{"@context":"https:\/\/schema.org","@graph":[{"@type":"Article","@id":"https:\/\/blogg.svenskakyrkan.se\/vandravagen\/2015\/06\/04\/gud-blev-manniska-dar-och-da\/#article","isPartOf":{"@id":"https:\/\/blogg.svenskakyrkan.se\/vandravagen\/2015\/06\/04\/gud-blev-manniska-dar-och-da\/"},"author":{"name":"Tomas Jarvid","@id":"https:\/\/blogg.svenskakyrkan.se\/vandravagen\/#\/schema\/person\/25da02d4f76b137d04291711e2c9fc16"},"headline":"Gud blev m\u00e4nniska, d\u00e4r och d\u00e5","datePublished":"2015-06-04T05:00:04+00:00","dateModified":"2015-06-04T09:09:43+00:00","mainEntityOfPage":{"@id":"https:\/\/blogg.svenskakyrkan.se\/vandravagen\/2015\/06\/04\/gud-blev-manniska-dar-och-da\/"},"wordCount":439,"commentCount":6,"publisher":{"@id":"https:\/\/blogg.svenskakyrkan.se\/vandravagen\/#organization"},"image":{"@id":"https:\/\/blogg.svenskakyrkan.se\/vandravagen\/2015\/06\/04\/gud-blev-manniska-dar-och-da\/#primaryimage"},"thumbnailUrl":"http:\/\/blogg.svenskakyrkan.se\/vandravagen\/files\/2015\/05\/P2210116-1024x768.jpg","articleSection":["Bibeln","Dagens Kyrka","Teologi"],"inLanguage":"sv-SE","potentialAction":[{"@type":"CommentAction","name":"Comment","target":["https:\/\/blogg.svenskakyrkan.se\/vandravagen\/2015\/06\/04\/gud-blev-manniska-dar-och-da\/#respond"]}]},{"@type":"WebPage","@id":"https:\/\/blogg.svenskakyrkan.se\/vandravagen\/2015\/06\/04\/gud-blev-manniska-dar-och-da\/","url":"https:\/\/blogg.svenskakyrkan.se\/vandravagen\/2015\/06\/04\/gud-blev-manniska-dar-och-da\/","name":"Gud blev m\u00e4nniska, d\u00e4r och d\u00e5 - Vandra V\u00e4gen","isPartOf":{"@id":"https:\/\/blogg.svenskakyrkan.se\/vandravagen\/#website"},"primaryImageOfPage":{"@id":"https:\/\/blogg.svenskakyrkan.se\/vandravagen\/2015\/06\/04\/gud-blev-manniska-dar-och-da\/#primaryimage"},"image":{"@id":"https:\/\/blogg.svenskakyrkan.se\/vandravagen\/2015\/06\/04\/gud-blev-manniska-dar-och-da\/#primaryimage"},"thumbnailUrl":"http:\/\/blogg.svenskakyrkan.se\/vandravagen\/files\/2015\/05\/P2210116-1024x768.jpg","datePublished":"2015-06-04T05:00:04+00:00","dateModified":"2015-06-04T09:09:43+00:00","breadcrumb":{"@id":"https:\/\/blogg.svenskakyrkan.se\/vandravagen\/2015\/06\/04\/gud-blev-manniska-dar-och-da\/#breadcrumb"},"inLanguage":"sv-SE","potentialAction":[{"@type":"ReadAction","target":["https:\/\/blogg.svenskakyrkan.se\/vandravagen\/2015\/06\/04\/gud-blev-manniska-dar-och-da\/"]}]},{"@type":"ImageObject","inLanguage":"sv-SE","@id":"https:\/\/blogg.svenskakyrkan.se\/vandravagen\/2015\/06\/04\/gud-blev-manniska-dar-och-da\/#primaryimage","url":"http:\/\/blogg.svenskakyrkan.se\/vandravagen\/files\/2015\/05\/P2210116-1024x768.jpg","contentUrl":"http:\/\/blogg.svenskakyrkan.se\/vandravagen\/files\/2015\/05\/P2210116-1024x768.jpg"},{"@type":"BreadcrumbList","@id":"https:\/\/blogg.svenskakyrkan.se\/vandravagen\/2015\/06\/04\/gud-blev-manniska-dar-och-da\/#breadcrumb","itemListElement":[{"@type":"ListItem","position":1,"name":"Hem","item":"https:\/\/blogg.svenskakyrkan.se\/vandravagen\/"},{"@type":"ListItem","position":2,"name":"Gud blev m\u00e4nniska, d\u00e4r och d\u00e5"}]},{"@type":"WebSite","@id":"https:\/\/blogg.svenskakyrkan.se\/vandravagen\/#website","url":"https:\/\/blogg.svenskakyrkan.se\/vandravagen\/","name":"Vandra V\u00e4gen","description":"-Mot en tro f\u00f6r hela livet","publisher":{"@id":"https:\/\/blogg.svenskakyrkan.se\/vandravagen\/#organization"},"potentialAction":[{"@type":"SearchAction","target":{"@type":"EntryPoint","urlTemplate":"https:\/\/blogg.svenskakyrkan.se\/vandravagen\/?s={search_term_string}"},"query-input":{"@type":"PropertyValueSpecification","valueRequired":true,"valueName":"search_term_string"}}],"inLanguage":"sv-SE"},{"@type":"Organization","@id":"https:\/\/blogg.svenskakyrkan.se\/vandravagen\/#organization","name":"ulricehamns pastorat","alternateName":"ulricehamns pastorat","url":"https:\/\/blogg.svenskakyrkan.se\/vandravagen\/","logo":{"@type":"ImageObject","inLanguage":"sv-SE","@id":"https:\/\/blogg.svenskakyrkan.se\/vandravagen\/#\/schema\/logo\/image\/","url":"https:\/\/blogg.svenskakyrkan.se\/vandravagen\/files\/2023\/05\/Ulr_logo_RGB.png","contentUrl":"https:\/\/blogg.svenskakyrkan.se\/vandravagen\/files\/2023\/05\/Ulr_logo_RGB.png","width":205,"height":77,"caption":"ulricehamns pastorat"},"image":{"@id":"https:\/\/blogg.svenskakyrkan.se\/vandravagen\/#\/schema\/logo\/image\/"},"sameAs":["http:\/\/facebook.com\/vandravagen","https:\/\/x.com\/fadertomas","http:\/\/www.facebook.com\/svenskakyrkaniulricehamn"]},{"@type":"Person","@id":"https:\/\/blogg.svenskakyrkan.se\/vandravagen\/#\/schema\/person\/25da02d4f76b137d04291711e2c9fc16","name":"Tomas Jarvid","image":{"@type":"ImageObject","inLanguage":"sv-SE","@id":"https:\/\/blogg.svenskakyrkan.se\/vandravagen\/#\/schema\/person\/image\/","url":"https:\/\/secure.gravatar.com\/avatar\/7fa71899795e8f540f615a1f5ab25255dc27aa40f05ee7ddd21aac521e01bf50?s=96&d=identicon&r=g","contentUrl":"https:\/\/secure.gravatar.com\/avatar\/7fa71899795e8f540f615a1f5ab25255dc27aa40f05ee7ddd21aac521e01bf50?s=96&d=identicon&r=g","caption":"Tomas Jarvid"},"description":"Jag bor i Ulricehamn i V\u00e4sterg\u00f6tland och \u00e4r f\u00f6rsamlingspr\u00e4st i Svenska Kyrkan f\u00f6r Dalstorps f\u00f6rsamling i Kinds pastorat. P\u00e5 den h\u00e4r bloggen skriver jag ner tankar om vandringen som kristen.","sameAs":["http:\/\/www.vandravagen.se"],"url":"https:\/\/blogg.svenskakyrkan.se\/vandravagen\/author\/vandravagen\/"}]}},"author_meta":{"ID":"392","user_nicename":"vandravagen","user_url":"http:\/\/www.vandravagen.se","user_registered":"2014-05-19 05:44:52","display_name":"Tomas Jarvid","first_name":"Tomas","last_name":"Jarvid","avatar":"https:\/\/secure.gravatar.com\/avatar\/7fa71899795e8f540f615a1f5ab25255dc27aa40f05ee7ddd21aac521e01bf50?s=96&d=identicon&r=g"},"featured_image":false,"bloginfo":{"name":"Vandra V\u00e4gen","url":"https:\/\/blogg.svenskakyrkan.se\/vandravagen"},"_links":{"self":[{"href":"https:\/\/blogg.svenskakyrkan.se\/vandravagen\/wp-json\/wp\/v2\/posts\/2035","targetHints":{"allow":["GET"]}}],"collection":[{"href":"https:\/\/blogg.svenskakyrkan.se\/vandravagen\/wp-json\/wp\/v2\/posts"}],"about":[{"href":"https:\/\/blogg.svenskakyrkan.se\/vandravagen\/wp-json\/wp\/v2\/types\/post"}],"author":[{"embeddable":true,"href":"https:\/\/blogg.svenskakyrkan.se\/vandravagen\/wp-json\/wp\/v2\/users\/392"}],"replies":[{"embeddable":true,"href":"https:\/\/blogg.svenskakyrkan.se\/vandravagen\/wp-json\/wp\/v2\/comments?post=2035"}],"version-history":[{"count":6,"href":"https:\/\/blogg.svenskakyrkan.se\/vandravagen\/wp-json\/wp\/v2\/posts\/2035\/revisions"}],"predecessor-version":[{"id":3221,"href":"https:\/\/blogg.svenskakyrkan.se\/vandravagen\/wp-json\/wp\/v2\/posts\/2035\/revisions\/3221"}],"wp:attachment":[{"href":"https:\/\/blogg.svenskakyrkan.se\/vandravagen\/wp-json\/wp\/v2\/media?parent=2035"}],"wp:term":[{"taxonomy":"category","embeddable":true,"href":"https:\/\/blogg.svenskakyrkan.se\/vandravagen\/wp-json\/wp\/v2\/categories?post=2035"},{"taxonomy":"post_tag","embeddable":true,"href":"https:\/\/blogg.svenskakyrkan.se\/vandravagen\/wp-json\/wp\/v2\/tags?post=2035"}],"curies":[{"name":"wp","href":"https:\/\/api.w.org\/{rel}","templated":true}]}}