{"id":212,"date":"2014-01-11T08:09:00","date_gmt":"2014-01-11T07:09:00","guid":{"rendered":"http:\/\/blogg.svenskakyrkan.se\/vandravagen\/2014\/01\/11\/syndaren-straffar-sig-sjalv\/"},"modified":"2014-01-11T08:09:00","modified_gmt":"2014-01-11T07:09:00","slug":"syndaren-straffar-sig-sjalv","status":"publish","type":"post","link":"https:\/\/blogg.svenskakyrkan.se\/vandravagen\/2014\/01\/11\/syndaren-straffar-sig-sjalv\/","title":{"rendered":"Syndaren straffar sig sj\u00e4lv"},"content":{"rendered":"<table align=\"center\" cellpadding=\"0\" cellspacing=\"0\">\n<tbody>\n<tr>\n<td><a href=\"http:\/\/1.bp.blogspot.com\/-7eXmIyzy8Yk\/UtDdfHEEv7I\/AAAAAAAAGlk\/6TY6ZyF387I\/s1600\/IMG_2589.JPG\"><img loading=\"lazy\" decoding=\"async\" border=\"0\" src=\"http:\/\/1.bp.blogspot.com\/-7eXmIyzy8Yk\/UtDdfHEEv7I\/AAAAAAAAGlk\/6TY6ZyF387I\/s1600\/IMG_2589.JPG\" height=\"640\" width=\"489\"><\/a><\/td>\n<\/tr>\n<tr>\n<td>Ett r\u00f6kande barn och en h\u00f6na. Vad s\u00e4ger det om synd?<\/td>\n<\/tr>\n<\/tbody>\n<\/table>\n<div><\/div>\n<div><\/div>\n<div>Jag har skrivit en del <a href=\"http:\/\/www.vandravagen.se\/2013\/10\/synden-blir-man-inte-av-med.html\">om ordet &#8221;synd&#8221; h\u00e4r p\u00e5 Vandra V\u00e4gen<\/a>. Jag brukar f\u00f6rs\u00f6ka jobba p\u00e5 att rehabilitera ordet s\u00e5 att vi kan anv\u00e4nda det igen. Jag tror att vi beh\u00f6ver det f\u00f6r det \u00e4r sv\u00e5rt att byta ut det mot n\u00e5got annat.<\/div>\n<div><\/div>\n<div>Tomas av Aquino, medeltidens skarpaste teolog, beskrev synd prim\u00e4rt som n\u00e5got man g\u00f6r mot sig sj\u00e4lv. Genom att g\u00f6ra l\u00e5ga och onda handlingar bidrar man till sin egen f\u00f6rnedring som m\u00e4nniska. Ungef\u00e4r som Natanael Beskow ocks\u00e5 skriver:<\/div>\n<div><\/div>\n<div><a href=\"http:\/\/4.bp.blogspot.com\/-742r2bQL3hs\/Up21sKRlA5I\/AAAAAAAAGCU\/1KpsVRpmyII\/s1600\/Ska%CC%88rmavbild+2013-11-26+kl.+19.53.44.png\"><img loading=\"lazy\" decoding=\"async\" border=\"0\" src=\"http:\/\/4.bp.blogspot.com\/-742r2bQL3hs\/Up21sKRlA5I\/AAAAAAAAGCU\/1KpsVRpmyII\/s400\/Ska%CC%88rmavbild+2013-11-26+kl.+19.53.44.png\" height=\"87\" width=\"400\"><\/a><\/div>\n<div><\/div>\n<div>Den kristna tron s\u00e4ger att vi \u00e4r skapade till att vara Guds avbild. Det \u00e4r i grunden n\u00e5got oerh\u00f6rt stort att vara en m\u00e4nniska. Givetvis \u00e4r det djupt tragiskt n\u00e4r vi inte lever upp till de vi egentligen borde vara. Det \u00e4r dels illa eftersom andra m\u00e4nniskor och andra delar i skapelsen f\u00e5r lida av d\u00e5liga saker vi g\u00f6r men ocks\u00e5 illa f\u00f6r v\u00e5r egen skull. Det medf\u00f6r lidande, f\u00e5ngenskap under d\u00e5liga vanor, distans, ensamhet, isolering, destruktivitet och s\u00e5 vidare. N\u00e5gon \u00f6stkyrklig teolog har sagt att\u00a0<\/div>\n<div><\/div>\n<div>&#8221;Var extra v\u00e4nlig mot de allra v\u00e4rsta syndare, f\u00f6r ingen lider s\u00e5 mycket som en syndare&#8221;.<\/div>\n<div><\/div>\n<div>Och s\u00e5 kanske det \u00e4r?<\/div>\n<div><\/div>\n<div>L\u00f6sningen ligger tyv\u00e4rr utanf\u00f6r v\u00e5r kontroll. Vi kan inte sj\u00e4lva skaka av oss v\u00e5ra bojor. Men det finns en som kan hj\u00e4lpa oss! En b\u00f6n som man enligt l\u00e5ng erfarenhet alltid kan be visar p\u00e5 l\u00f6sningen:<\/div>\n<div><\/div>\n<div>Herre, Jesus Kristus Guds Son, f\u00f6rbarma dig \u00f6ver mig, syndare<\/div>\n<div>Amen<\/div>\n<div><\/div>\n<div><\/div><\/p>\n","protected":false},"excerpt":{"rendered":"<p>Ett r\u00f6kande barn och en h\u00f6na. Vad s\u00e4ger det om synd? Jag har skrivit en del om ordet &#8221;synd&#8221; h\u00e4r p\u00e5 Vandra V\u00e4gen. Jag brukar f\u00f6rs\u00f6ka jobba p\u00e5 att rehabilitera ordet s\u00e5 att vi kan anv\u00e4nda det igen. Jag tror att vi beh\u00f6ver det f\u00f6r det \u00e4r sv\u00e5rt att byta ut det mot n\u00e5got annat. [&hellip;]<\/p>\n","protected":false},"author":392,"featured_media":0,"comment_status":"open","ping_status":"open","sticky":false,"template":"","format":"standard","meta":{"_acf_changed":false,"footnotes":""},"categories":[35,76189,117],"tags":[],"class_list":["post-212","post","type-post","status-publish","format-standard","hentry","category-bon","category-dagens-kyrka","category-teologi"],"acf":[],"yoast_head":"<!-- This site is optimized with the Yoast SEO plugin v27.1.1 - https:\/\/yoast.com\/product\/yoast-seo-wordpress\/ -->\n<title>Syndaren straffar sig sj\u00e4lv - Vandra V\u00e4gen<\/title>\n<meta name=\"robots\" content=\"index, follow, max-snippet:-1, max-image-preview:large, max-video-preview:-1\" \/>\n<link rel=\"canonical\" href=\"https:\/\/blogg.svenskakyrkan.se\/vandravagen\/2014\/01\/11\/syndaren-straffar-sig-sjalv\/\" \/>\n<meta property=\"og:locale\" content=\"sv_SE\" \/>\n<meta property=\"og:type\" content=\"article\" \/>\n<meta property=\"og:title\" content=\"Syndaren straffar sig sj\u00e4lv - Vandra V\u00e4gen\" \/>\n<meta property=\"og:description\" content=\"Ett r\u00f6kande barn och en h\u00f6na. Vad s\u00e4ger det om synd? Jag har skrivit en del om ordet &#8221;synd&#8221; h\u00e4r p\u00e5 Vandra V\u00e4gen. Jag brukar f\u00f6rs\u00f6ka jobba p\u00e5 att rehabilitera ordet s\u00e5 att vi kan anv\u00e4nda det igen. Jag tror att vi beh\u00f6ver det f\u00f6r det \u00e4r sv\u00e5rt att byta ut det mot n\u00e5got annat. [&hellip;]\" \/>\n<meta property=\"og:url\" content=\"https:\/\/blogg.svenskakyrkan.se\/vandravagen\/2014\/01\/11\/syndaren-straffar-sig-sjalv\/\" \/>\n<meta property=\"og:site_name\" content=\"Vandra V\u00e4gen\" \/>\n<meta property=\"article:publisher\" content=\"http:\/\/facebook.com\/vandravagen\" \/>\n<meta property=\"article:published_time\" content=\"2014-01-11T07:09:00+00:00\" \/>\n<meta property=\"og:image\" content=\"http:\/\/1.bp.blogspot.com\/-7eXmIyzy8Yk\/UtDdfHEEv7I\/AAAAAAAAGlk\/6TY6ZyF387I\/s1600\/IMG_2589.JPG\" \/>\n<meta name=\"author\" content=\"Tomas Jarvid\" \/>\n<meta name=\"twitter:card\" content=\"summary_large_image\" \/>\n<meta name=\"twitter:creator\" content=\"@fadertomas\" \/>\n<meta name=\"twitter:site\" content=\"@fadertomas\" \/>\n<meta name=\"twitter:label1\" content=\"Skriven av\" \/>\n\t<meta name=\"twitter:data1\" content=\"Tomas Jarvid\" \/>\n\t<meta name=\"twitter:label2\" content=\"Ber\u00e4knad l\u00e4stid\" \/>\n\t<meta name=\"twitter:data2\" content=\"1 minut\" \/>\n<script type=\"application\/ld+json\" class=\"yoast-schema-graph\">{\"@context\":\"https:\/\/schema.org\",\"@graph\":[{\"@type\":\"Article\",\"@id\":\"https:\/\/blogg.svenskakyrkan.se\/vandravagen\/2014\/01\/11\/syndaren-straffar-sig-sjalv\/#article\",\"isPartOf\":{\"@id\":\"https:\/\/blogg.svenskakyrkan.se\/vandravagen\/2014\/01\/11\/syndaren-straffar-sig-sjalv\/\"},\"author\":{\"name\":\"Tomas Jarvid\",\"@id\":\"https:\/\/blogg.svenskakyrkan.se\/vandravagen\/#\/schema\/person\/25da02d4f76b137d04291711e2c9fc16\"},\"headline\":\"Syndaren straffar sig sj\u00e4lv\",\"datePublished\":\"2014-01-11T07:09:00+00:00\",\"mainEntityOfPage\":{\"@id\":\"https:\/\/blogg.svenskakyrkan.se\/vandravagen\/2014\/01\/11\/syndaren-straffar-sig-sjalv\/\"},\"wordCount\":301,\"commentCount\":2,\"publisher\":{\"@id\":\"https:\/\/blogg.svenskakyrkan.se\/vandravagen\/#organization\"},\"image\":{\"@id\":\"https:\/\/blogg.svenskakyrkan.se\/vandravagen\/2014\/01\/11\/syndaren-straffar-sig-sjalv\/#primaryimage\"},\"thumbnailUrl\":\"http:\/\/1.bp.blogspot.com\/-7eXmIyzy8Yk\/UtDdfHEEv7I\/AAAAAAAAGlk\/6TY6ZyF387I\/s1600\/IMG_2589.JPG\",\"articleSection\":[\"b\u00f6n\",\"Dagens Kyrka\",\"Teologi\"],\"inLanguage\":\"sv-SE\",\"potentialAction\":[{\"@type\":\"CommentAction\",\"name\":\"Comment\",\"target\":[\"https:\/\/blogg.svenskakyrkan.se\/vandravagen\/2014\/01\/11\/syndaren-straffar-sig-sjalv\/#respond\"]}]},{\"@type\":\"WebPage\",\"@id\":\"https:\/\/blogg.svenskakyrkan.se\/vandravagen\/2014\/01\/11\/syndaren-straffar-sig-sjalv\/\",\"url\":\"https:\/\/blogg.svenskakyrkan.se\/vandravagen\/2014\/01\/11\/syndaren-straffar-sig-sjalv\/\",\"name\":\"Syndaren straffar sig sj\u00e4lv - Vandra V\u00e4gen\",\"isPartOf\":{\"@id\":\"https:\/\/blogg.svenskakyrkan.se\/vandravagen\/#website\"},\"primaryImageOfPage\":{\"@id\":\"https:\/\/blogg.svenskakyrkan.se\/vandravagen\/2014\/01\/11\/syndaren-straffar-sig-sjalv\/#primaryimage\"},\"image\":{\"@id\":\"https:\/\/blogg.svenskakyrkan.se\/vandravagen\/2014\/01\/11\/syndaren-straffar-sig-sjalv\/#primaryimage\"},\"thumbnailUrl\":\"http:\/\/1.bp.blogspot.com\/-7eXmIyzy8Yk\/UtDdfHEEv7I\/AAAAAAAAGlk\/6TY6ZyF387I\/s1600\/IMG_2589.JPG\",\"datePublished\":\"2014-01-11T07:09:00+00:00\",\"breadcrumb\":{\"@id\":\"https:\/\/blogg.svenskakyrkan.se\/vandravagen\/2014\/01\/11\/syndaren-straffar-sig-sjalv\/#breadcrumb\"},\"inLanguage\":\"sv-SE\",\"potentialAction\":[{\"@type\":\"ReadAction\",\"target\":[\"https:\/\/blogg.svenskakyrkan.se\/vandravagen\/2014\/01\/11\/syndaren-straffar-sig-sjalv\/\"]}]},{\"@type\":\"ImageObject\",\"inLanguage\":\"sv-SE\",\"@id\":\"https:\/\/blogg.svenskakyrkan.se\/vandravagen\/2014\/01\/11\/syndaren-straffar-sig-sjalv\/#primaryimage\",\"url\":\"http:\/\/1.bp.blogspot.com\/-7eXmIyzy8Yk\/UtDdfHEEv7I\/AAAAAAAAGlk\/6TY6ZyF387I\/s1600\/IMG_2589.JPG\",\"contentUrl\":\"http:\/\/1.bp.blogspot.com\/-7eXmIyzy8Yk\/UtDdfHEEv7I\/AAAAAAAAGlk\/6TY6ZyF387I\/s1600\/IMG_2589.JPG\"},{\"@type\":\"BreadcrumbList\",\"@id\":\"https:\/\/blogg.svenskakyrkan.se\/vandravagen\/2014\/01\/11\/syndaren-straffar-sig-sjalv\/#breadcrumb\",\"itemListElement\":[{\"@type\":\"ListItem\",\"position\":1,\"name\":\"Hem\",\"item\":\"https:\/\/blogg.svenskakyrkan.se\/vandravagen\/\"},{\"@type\":\"ListItem\",\"position\":2,\"name\":\"Syndaren straffar sig sj\u00e4lv\"}]},{\"@type\":\"WebSite\",\"@id\":\"https:\/\/blogg.svenskakyrkan.se\/vandravagen\/#website\",\"url\":\"https:\/\/blogg.svenskakyrkan.se\/vandravagen\/\",\"name\":\"Vandra V\u00e4gen\",\"description\":\"-Mot en tro f\u00f6r hela livet\",\"publisher\":{\"@id\":\"https:\/\/blogg.svenskakyrkan.se\/vandravagen\/#organization\"},\"potentialAction\":[{\"@type\":\"SearchAction\",\"target\":{\"@type\":\"EntryPoint\",\"urlTemplate\":\"https:\/\/blogg.svenskakyrkan.se\/vandravagen\/?s={search_term_string}\"},\"query-input\":{\"@type\":\"PropertyValueSpecification\",\"valueRequired\":true,\"valueName\":\"search_term_string\"}}],\"inLanguage\":\"sv-SE\"},{\"@type\":\"Organization\",\"@id\":\"https:\/\/blogg.svenskakyrkan.se\/vandravagen\/#organization\",\"name\":\"ulricehamns pastorat\",\"alternateName\":\"ulricehamns pastorat\",\"url\":\"https:\/\/blogg.svenskakyrkan.se\/vandravagen\/\",\"logo\":{\"@type\":\"ImageObject\",\"inLanguage\":\"sv-SE\",\"@id\":\"https:\/\/blogg.svenskakyrkan.se\/vandravagen\/#\/schema\/logo\/image\/\",\"url\":\"https:\/\/blogg.svenskakyrkan.se\/vandravagen\/files\/2023\/05\/Ulr_logo_RGB.png\",\"contentUrl\":\"https:\/\/blogg.svenskakyrkan.se\/vandravagen\/files\/2023\/05\/Ulr_logo_RGB.png\",\"width\":205,\"height\":77,\"caption\":\"ulricehamns pastorat\"},\"image\":{\"@id\":\"https:\/\/blogg.svenskakyrkan.se\/vandravagen\/#\/schema\/logo\/image\/\"},\"sameAs\":[\"http:\/\/facebook.com\/vandravagen\",\"https:\/\/x.com\/fadertomas\",\"http:\/\/www.facebook.com\/svenskakyrkaniulricehamn\"]},{\"@type\":\"Person\",\"@id\":\"https:\/\/blogg.svenskakyrkan.se\/vandravagen\/#\/schema\/person\/25da02d4f76b137d04291711e2c9fc16\",\"name\":\"Tomas Jarvid\",\"image\":{\"@type\":\"ImageObject\",\"inLanguage\":\"sv-SE\",\"@id\":\"https:\/\/blogg.svenskakyrkan.se\/vandravagen\/#\/schema\/person\/image\/\",\"url\":\"https:\/\/secure.gravatar.com\/avatar\/7fa71899795e8f540f615a1f5ab25255dc27aa40f05ee7ddd21aac521e01bf50?s=96&d=identicon&r=g\",\"contentUrl\":\"https:\/\/secure.gravatar.com\/avatar\/7fa71899795e8f540f615a1f5ab25255dc27aa40f05ee7ddd21aac521e01bf50?s=96&d=identicon&r=g\",\"caption\":\"Tomas Jarvid\"},\"description\":\"Jag bor i Ulricehamn i V\u00e4sterg\u00f6tland och \u00e4r f\u00f6rsamlingspr\u00e4st i Svenska Kyrkan f\u00f6r Dalstorps f\u00f6rsamling i Kinds pastorat. P\u00e5 den h\u00e4r bloggen skriver jag ner tankar om vandringen som kristen.\",\"sameAs\":[\"http:\/\/www.vandravagen.se\"],\"url\":\"https:\/\/blogg.svenskakyrkan.se\/vandravagen\/author\/vandravagen\/\"}]}<\/script>\n<!-- \/ Yoast SEO plugin. -->","yoast_head_json":{"title":"Syndaren straffar sig sj\u00e4lv - Vandra V\u00e4gen","robots":{"index":"index","follow":"follow","max-snippet":"max-snippet:-1","max-image-preview":"max-image-preview:large","max-video-preview":"max-video-preview:-1"},"canonical":"https:\/\/blogg.svenskakyrkan.se\/vandravagen\/2014\/01\/11\/syndaren-straffar-sig-sjalv\/","og_locale":"sv_SE","og_type":"article","og_title":"Syndaren straffar sig sj\u00e4lv - Vandra V\u00e4gen","og_description":"Ett r\u00f6kande barn och en h\u00f6na. Vad s\u00e4ger det om synd? Jag har skrivit en del om ordet &#8221;synd&#8221; h\u00e4r p\u00e5 Vandra V\u00e4gen. Jag brukar f\u00f6rs\u00f6ka jobba p\u00e5 att rehabilitera ordet s\u00e5 att vi kan anv\u00e4nda det igen. Jag tror att vi beh\u00f6ver det f\u00f6r det \u00e4r sv\u00e5rt att byta ut det mot n\u00e5got annat. [&hellip;]","og_url":"https:\/\/blogg.svenskakyrkan.se\/vandravagen\/2014\/01\/11\/syndaren-straffar-sig-sjalv\/","og_site_name":"Vandra V\u00e4gen","article_publisher":"http:\/\/facebook.com\/vandravagen","article_published_time":"2014-01-11T07:09:00+00:00","og_image":[{"url":"http:\/\/1.bp.blogspot.com\/-7eXmIyzy8Yk\/UtDdfHEEv7I\/AAAAAAAAGlk\/6TY6ZyF387I\/s1600\/IMG_2589.JPG","type":"","width":"","height":""}],"author":"Tomas Jarvid","twitter_card":"summary_large_image","twitter_creator":"@fadertomas","twitter_site":"@fadertomas","twitter_misc":{"Skriven av":"Tomas Jarvid","Ber\u00e4knad l\u00e4stid":"1 minut"},"schema":{"@context":"https:\/\/schema.org","@graph":[{"@type":"Article","@id":"https:\/\/blogg.svenskakyrkan.se\/vandravagen\/2014\/01\/11\/syndaren-straffar-sig-sjalv\/#article","isPartOf":{"@id":"https:\/\/blogg.svenskakyrkan.se\/vandravagen\/2014\/01\/11\/syndaren-straffar-sig-sjalv\/"},"author":{"name":"Tomas Jarvid","@id":"https:\/\/blogg.svenskakyrkan.se\/vandravagen\/#\/schema\/person\/25da02d4f76b137d04291711e2c9fc16"},"headline":"Syndaren straffar sig sj\u00e4lv","datePublished":"2014-01-11T07:09:00+00:00","mainEntityOfPage":{"@id":"https:\/\/blogg.svenskakyrkan.se\/vandravagen\/2014\/01\/11\/syndaren-straffar-sig-sjalv\/"},"wordCount":301,"commentCount":2,"publisher":{"@id":"https:\/\/blogg.svenskakyrkan.se\/vandravagen\/#organization"},"image":{"@id":"https:\/\/blogg.svenskakyrkan.se\/vandravagen\/2014\/01\/11\/syndaren-straffar-sig-sjalv\/#primaryimage"},"thumbnailUrl":"http:\/\/1.bp.blogspot.com\/-7eXmIyzy8Yk\/UtDdfHEEv7I\/AAAAAAAAGlk\/6TY6ZyF387I\/s1600\/IMG_2589.JPG","articleSection":["b\u00f6n","Dagens Kyrka","Teologi"],"inLanguage":"sv-SE","potentialAction":[{"@type":"CommentAction","name":"Comment","target":["https:\/\/blogg.svenskakyrkan.se\/vandravagen\/2014\/01\/11\/syndaren-straffar-sig-sjalv\/#respond"]}]},{"@type":"WebPage","@id":"https:\/\/blogg.svenskakyrkan.se\/vandravagen\/2014\/01\/11\/syndaren-straffar-sig-sjalv\/","url":"https:\/\/blogg.svenskakyrkan.se\/vandravagen\/2014\/01\/11\/syndaren-straffar-sig-sjalv\/","name":"Syndaren straffar sig sj\u00e4lv - Vandra V\u00e4gen","isPartOf":{"@id":"https:\/\/blogg.svenskakyrkan.se\/vandravagen\/#website"},"primaryImageOfPage":{"@id":"https:\/\/blogg.svenskakyrkan.se\/vandravagen\/2014\/01\/11\/syndaren-straffar-sig-sjalv\/#primaryimage"},"image":{"@id":"https:\/\/blogg.svenskakyrkan.se\/vandravagen\/2014\/01\/11\/syndaren-straffar-sig-sjalv\/#primaryimage"},"thumbnailUrl":"http:\/\/1.bp.blogspot.com\/-7eXmIyzy8Yk\/UtDdfHEEv7I\/AAAAAAAAGlk\/6TY6ZyF387I\/s1600\/IMG_2589.JPG","datePublished":"2014-01-11T07:09:00+00:00","breadcrumb":{"@id":"https:\/\/blogg.svenskakyrkan.se\/vandravagen\/2014\/01\/11\/syndaren-straffar-sig-sjalv\/#breadcrumb"},"inLanguage":"sv-SE","potentialAction":[{"@type":"ReadAction","target":["https:\/\/blogg.svenskakyrkan.se\/vandravagen\/2014\/01\/11\/syndaren-straffar-sig-sjalv\/"]}]},{"@type":"ImageObject","inLanguage":"sv-SE","@id":"https:\/\/blogg.svenskakyrkan.se\/vandravagen\/2014\/01\/11\/syndaren-straffar-sig-sjalv\/#primaryimage","url":"http:\/\/1.bp.blogspot.com\/-7eXmIyzy8Yk\/UtDdfHEEv7I\/AAAAAAAAGlk\/6TY6ZyF387I\/s1600\/IMG_2589.JPG","contentUrl":"http:\/\/1.bp.blogspot.com\/-7eXmIyzy8Yk\/UtDdfHEEv7I\/AAAAAAAAGlk\/6TY6ZyF387I\/s1600\/IMG_2589.JPG"},{"@type":"BreadcrumbList","@id":"https:\/\/blogg.svenskakyrkan.se\/vandravagen\/2014\/01\/11\/syndaren-straffar-sig-sjalv\/#breadcrumb","itemListElement":[{"@type":"ListItem","position":1,"name":"Hem","item":"https:\/\/blogg.svenskakyrkan.se\/vandravagen\/"},{"@type":"ListItem","position":2,"name":"Syndaren straffar sig sj\u00e4lv"}]},{"@type":"WebSite","@id":"https:\/\/blogg.svenskakyrkan.se\/vandravagen\/#website","url":"https:\/\/blogg.svenskakyrkan.se\/vandravagen\/","name":"Vandra V\u00e4gen","description":"-Mot en tro f\u00f6r hela livet","publisher":{"@id":"https:\/\/blogg.svenskakyrkan.se\/vandravagen\/#organization"},"potentialAction":[{"@type":"SearchAction","target":{"@type":"EntryPoint","urlTemplate":"https:\/\/blogg.svenskakyrkan.se\/vandravagen\/?s={search_term_string}"},"query-input":{"@type":"PropertyValueSpecification","valueRequired":true,"valueName":"search_term_string"}}],"inLanguage":"sv-SE"},{"@type":"Organization","@id":"https:\/\/blogg.svenskakyrkan.se\/vandravagen\/#organization","name":"ulricehamns pastorat","alternateName":"ulricehamns pastorat","url":"https:\/\/blogg.svenskakyrkan.se\/vandravagen\/","logo":{"@type":"ImageObject","inLanguage":"sv-SE","@id":"https:\/\/blogg.svenskakyrkan.se\/vandravagen\/#\/schema\/logo\/image\/","url":"https:\/\/blogg.svenskakyrkan.se\/vandravagen\/files\/2023\/05\/Ulr_logo_RGB.png","contentUrl":"https:\/\/blogg.svenskakyrkan.se\/vandravagen\/files\/2023\/05\/Ulr_logo_RGB.png","width":205,"height":77,"caption":"ulricehamns pastorat"},"image":{"@id":"https:\/\/blogg.svenskakyrkan.se\/vandravagen\/#\/schema\/logo\/image\/"},"sameAs":["http:\/\/facebook.com\/vandravagen","https:\/\/x.com\/fadertomas","http:\/\/www.facebook.com\/svenskakyrkaniulricehamn"]},{"@type":"Person","@id":"https:\/\/blogg.svenskakyrkan.se\/vandravagen\/#\/schema\/person\/25da02d4f76b137d04291711e2c9fc16","name":"Tomas Jarvid","image":{"@type":"ImageObject","inLanguage":"sv-SE","@id":"https:\/\/blogg.svenskakyrkan.se\/vandravagen\/#\/schema\/person\/image\/","url":"https:\/\/secure.gravatar.com\/avatar\/7fa71899795e8f540f615a1f5ab25255dc27aa40f05ee7ddd21aac521e01bf50?s=96&d=identicon&r=g","contentUrl":"https:\/\/secure.gravatar.com\/avatar\/7fa71899795e8f540f615a1f5ab25255dc27aa40f05ee7ddd21aac521e01bf50?s=96&d=identicon&r=g","caption":"Tomas Jarvid"},"description":"Jag bor i Ulricehamn i V\u00e4sterg\u00f6tland och \u00e4r f\u00f6rsamlingspr\u00e4st i Svenska Kyrkan f\u00f6r Dalstorps f\u00f6rsamling i Kinds pastorat. P\u00e5 den h\u00e4r bloggen skriver jag ner tankar om vandringen som kristen.","sameAs":["http:\/\/www.vandravagen.se"],"url":"https:\/\/blogg.svenskakyrkan.se\/vandravagen\/author\/vandravagen\/"}]}},"author_meta":{"ID":"392","user_nicename":"vandravagen","user_url":"http:\/\/www.vandravagen.se","user_registered":"2014-05-19 05:44:52","display_name":"Tomas Jarvid","first_name":"Tomas","last_name":"Jarvid","avatar":"https:\/\/secure.gravatar.com\/avatar\/7fa71899795e8f540f615a1f5ab25255dc27aa40f05ee7ddd21aac521e01bf50?s=96&d=identicon&r=g"},"featured_image":false,"bloginfo":{"name":"Vandra V\u00e4gen","url":"https:\/\/blogg.svenskakyrkan.se\/vandravagen"},"_links":{"self":[{"href":"https:\/\/blogg.svenskakyrkan.se\/vandravagen\/wp-json\/wp\/v2\/posts\/212","targetHints":{"allow":["GET"]}}],"collection":[{"href":"https:\/\/blogg.svenskakyrkan.se\/vandravagen\/wp-json\/wp\/v2\/posts"}],"about":[{"href":"https:\/\/blogg.svenskakyrkan.se\/vandravagen\/wp-json\/wp\/v2\/types\/post"}],"author":[{"embeddable":true,"href":"https:\/\/blogg.svenskakyrkan.se\/vandravagen\/wp-json\/wp\/v2\/users\/392"}],"replies":[{"embeddable":true,"href":"https:\/\/blogg.svenskakyrkan.se\/vandravagen\/wp-json\/wp\/v2\/comments?post=212"}],"version-history":[{"count":0,"href":"https:\/\/blogg.svenskakyrkan.se\/vandravagen\/wp-json\/wp\/v2\/posts\/212\/revisions"}],"wp:attachment":[{"href":"https:\/\/blogg.svenskakyrkan.se\/vandravagen\/wp-json\/wp\/v2\/media?parent=212"}],"wp:term":[{"taxonomy":"category","embeddable":true,"href":"https:\/\/blogg.svenskakyrkan.se\/vandravagen\/wp-json\/wp\/v2\/categories?post=212"},{"taxonomy":"post_tag","embeddable":true,"href":"https:\/\/blogg.svenskakyrkan.se\/vandravagen\/wp-json\/wp\/v2\/tags?post=212"}],"curies":[{"name":"wp","href":"https:\/\/api.w.org\/{rel}","templated":true}]}}