{"id":214,"date":"2014-01-08T08:00:00","date_gmt":"2014-01-08T07:00:00","guid":{"rendered":"http:\/\/blogg.svenskakyrkan.se\/vandravagen\/2014\/01\/08\/veckans-samlade-favoriter-fran-twitter-2\/"},"modified":"2014-01-08T08:00:00","modified_gmt":"2014-01-08T07:00:00","slug":"veckans-samlade-favoriter-fran-twitter-2","status":"publish","type":"post","link":"https:\/\/blogg.svenskakyrkan.se\/vandravagen\/2014\/01\/08\/veckans-samlade-favoriter-fran-twitter-2\/","title":{"rendered":"Veckans samlade favoriter fr\u00e5n twitter"},"content":{"rendered":"<table align=\"center\" cellpadding=\"0\" cellspacing=\"0\">\n<tbody>\n<tr>\n<td><a href=\"http:\/\/3.bp.blogspot.com\/-eAXyfUSqRPA\/UsxEm1EHSKI\/AAAAAAAAGk8\/PzBOMnFCUJg\/s1600\/IMG_3994.JPG\"><img loading=\"lazy\" decoding=\"async\" border=\"0\" src=\"http:\/\/3.bp.blogspot.com\/-eAXyfUSqRPA\/UsxEm1EHSKI\/AAAAAAAAGk8\/PzBOMnFCUJg\/s1600\/IMG_3994.JPG\" height=\"640\" width=\"486\"><\/a><\/td>\n<\/tr>\n<tr>\n<td>Mannen p\u00e5 styltcykeln&#8230; ja jag vet inte vad jag ska skriva om den&#8230;<\/td>\n<\/tr>\n<\/tbody>\n<\/table>\n<div><\/div>\n<div>Ny vecka, nya favorittweets. Jag blir lite orolig n\u00e4r jag t\u00e4nker p\u00e5 hur m\u00e5nga tweets jag scrollar f\u00f6rbi p\u00e5 en vecka. Men du kan nu \u00e5 andra sidan n\u00f6ja dig med att plocka 20-30 russin ur kakan och sedan \u00e4gna dig \u00e5t dina relationer&#8230; H\u00e4r \u00e4r i alla fall kloka, fromma, roliga och andra bra tweets:<\/div>\n<div><\/div>\n<div><\/div>\n<div><b>Kristna (?) tweets<\/b><\/div>\n<div><\/div>\n<div><\/div>\n<div>De h\u00e4r b\u00e5da f\u00f6ljande f\u00f6rklarar p\u00e5 n\u00e5got s\u00e4tt varandra&#8230;.<\/div>\n<div><a href=\"http:\/\/2.bp.blogspot.com\/-oTg_8HaLL-0\/UsxD16iA4rI\/AAAAAAAAGhg\/PjvjOLkqRlI\/s1600\/Ska%CC%88rmavbild+2014-01-07+kl.+18.58.04.png\"><img loading=\"lazy\" decoding=\"async\" border=\"0\" src=\"http:\/\/2.bp.blogspot.com\/-oTg_8HaLL-0\/UsxD16iA4rI\/AAAAAAAAGhg\/PjvjOLkqRlI\/s1600\/Ska%CC%88rmavbild+2014-01-07+kl.+18.58.04.png\" height=\"61\" width=\"400\"><\/a><\/div>\n<div><\/div>\n<div><a href=\"http:\/\/3.bp.blogspot.com\/-0AMvNNc4nr4\/UsxEAMoaA4I\/AAAAAAAAGkk\/yXaqagJEHNw\/s1600\/Ska%CC%88rmavbild+2014-01-07+kl.+19.08.16.png\"><img loading=\"lazy\" decoding=\"async\" border=\"0\" src=\"http:\/\/3.bp.blogspot.com\/-0AMvNNc4nr4\/UsxEAMoaA4I\/AAAAAAAAGkk\/yXaqagJEHNw\/s1600\/Ska%CC%88rmavbild+2014-01-07+kl.+19.08.16.png\" height=\"76\" width=\"400\"><\/a><\/div>\n<div><\/div>\n<div><\/div>\n<\/p>\n<div><a href=\"http:\/\/3.bp.blogspot.com\/-YSAiFvSpIFw\/UsxD2CqVunI\/AAAAAAAAGho\/c9QiPwWOdNI\/s1600\/Ska%CC%88rmavbild+2014-01-07+kl.+18.58.32.png\"><img loading=\"lazy\" decoding=\"async\" border=\"0\" src=\"http:\/\/3.bp.blogspot.com\/-YSAiFvSpIFw\/UsxD2CqVunI\/AAAAAAAAGho\/c9QiPwWOdNI\/s1600\/Ska%CC%88rmavbild+2014-01-07+kl.+18.58.32.png\" height=\"61\" width=\"400\"><\/a><\/div>\n<div><\/div>\n<div><\/div>\n<div>Det h\u00e4r \u00e4r jag r\u00e4tt \u00f6vertygad om att det st\u00e4mmer:<\/div>\n<div><a href=\"http:\/\/2.bp.blogspot.com\/-IG8ZCDZvt0w\/UsxD6HlLMMI\/AAAAAAAAGi0\/z3y91KDIbGM\/s1600\/Ska%CC%88rmavbild+2014-01-07+kl.+19.01.54.png\"><img loading=\"lazy\" decoding=\"async\" border=\"0\" src=\"http:\/\/2.bp.blogspot.com\/-IG8ZCDZvt0w\/UsxD6HlLMMI\/AAAAAAAAGi0\/z3y91KDIbGM\/s1600\/Ska%CC%88rmavbild+2014-01-07+kl.+19.01.54.png\" height=\"61\" width=\"400\"><\/a><\/div>\n<div><\/div>\n<\/p>\n<div><a href=\"http:\/\/3.bp.blogspot.com\/-EOR7h49lpCQ\/UsxD58LnsfI\/AAAAAAAAGig\/wja1vGBWyic\/s1600\/Ska%CC%88rmavbild+2014-01-07+kl.+19.01.39.png\"><img loading=\"lazy\" decoding=\"async\" border=\"0\" src=\"http:\/\/3.bp.blogspot.com\/-EOR7h49lpCQ\/UsxD58LnsfI\/AAAAAAAAGig\/wja1vGBWyic\/s1600\/Ska%CC%88rmavbild+2014-01-07+kl.+19.01.39.png\" height=\"101\" width=\"400\"><\/a><\/div>\n<div><\/div>\n<\/p>\n<div><a href=\"http:\/\/3.bp.blogspot.com\/-E_4GeOKDylk\/UsxD2ioPxII\/AAAAAAAAGh4\/T7Bcii-QhEg\/s1600\/Ska%CC%88rmavbild+2014-01-07+kl.+18.59.37.png\"><img loading=\"lazy\" decoding=\"async\" border=\"0\" src=\"http:\/\/3.bp.blogspot.com\/-E_4GeOKDylk\/UsxD2ioPxII\/AAAAAAAAGh4\/T7Bcii-QhEg\/s1600\/Ska%CC%88rmavbild+2014-01-07+kl.+18.59.37.png\" height=\"77\" width=\"400\"><\/a><\/div>\n<div><\/div>\n<\/p>\n<div><a href=\"http:\/\/4.bp.blogspot.com\/-sqVkgQoMKdA\/UsxD5z6kypI\/AAAAAAAAGjA\/qDv6gixmILQ\/s1600\/Ska%CC%88rmavbild+2014-01-07+kl.+18.59.45.png\"><img loading=\"lazy\" decoding=\"async\" border=\"0\" src=\"http:\/\/4.bp.blogspot.com\/-sqVkgQoMKdA\/UsxD5z6kypI\/AAAAAAAAGjA\/qDv6gixmILQ\/s1600\/Ska%CC%88rmavbild+2014-01-07+kl.+18.59.45.png\" height=\"73\" width=\"400\"><\/a><\/div>\n<div><\/div>\n<div><\/div>\n<div><a href=\"http:\/\/3.bp.blogspot.com\/-VkkEA3yoYOs\/UsxD7Vw9LUI\/AAAAAAAAGi4\/5ZxTluAfoBU\/s1600\/Ska%CC%88rmavbild+2014-01-07+kl.+19.02.16.png\"><img loading=\"lazy\" decoding=\"async\" border=\"0\" src=\"http:\/\/3.bp.blogspot.com\/-VkkEA3yoYOs\/UsxD7Vw9LUI\/AAAAAAAAGi4\/5ZxTluAfoBU\/s1600\/Ska%CC%88rmavbild+2014-01-07+kl.+19.02.16.png\" height=\"75\" width=\"400\"><\/a><\/div>\n<div><\/div>\n<div><\/div>\n<div><a href=\"http:\/\/2.bp.blogspot.com\/-mbtDZUIdCSU\/UsxD777EkGI\/AAAAAAAAGjU\/hX6sjjCGVzU\/s1600\/Ska%CC%88rmavbild+2014-01-07+kl.+19.02.40.png\"><img loading=\"lazy\" decoding=\"async\" border=\"0\" src=\"http:\/\/2.bp.blogspot.com\/-mbtDZUIdCSU\/UsxD777EkGI\/AAAAAAAAGjU\/hX6sjjCGVzU\/s1600\/Ska%CC%88rmavbild+2014-01-07+kl.+19.02.40.png\" height=\"87\" width=\"400\"><\/a><\/div>\n<div><\/div>\n<div><\/div>\n<div>Ben Myers sammanfattar varje bibelbok i en tweet. H\u00e4r s\u00e4tter han Jakobsbrevet i en mening!<\/div>\n<div><a href=\"http:\/\/1.bp.blogspot.com\/-_TYF8ItmUYc\/UsxD5Fa60cI\/AAAAAAAAGiU\/ZL1O7-l0z-o\/s1600\/Ska%CC%88rmavbild+2014-01-07+kl.+19.01.08.png\"><img loading=\"lazy\" decoding=\"async\" border=\"0\" src=\"http:\/\/1.bp.blogspot.com\/-_TYF8ItmUYc\/UsxD5Fa60cI\/AAAAAAAAGiU\/ZL1O7-l0z-o\/s1600\/Ska%CC%88rmavbild+2014-01-07+kl.+19.01.08.png\" height=\"75\" width=\"400\"><\/a><\/div>\n<div><\/div>\n<div><\/div>\n<div><\/div>\n<div><b>Kloka tweets<\/b><\/div>\n<div><\/div>\n<div>Nietzsche allts\u00e5&#8230; fast h\u00e4r tror jag han har n\u00e5got bra!<\/div>\n<div><a href=\"http:\/\/1.bp.blogspot.com\/-vuE8fmZZUzI\/UsxD2PyDHWI\/AAAAAAAAGhk\/z4ZKmwjDxIk\/s1600\/Ska%CC%88rmavbild+2014-01-07+kl.+18.58.50.png\"><img loading=\"lazy\" decoding=\"async\" border=\"0\" src=\"http:\/\/1.bp.blogspot.com\/-vuE8fmZZUzI\/UsxD2PyDHWI\/AAAAAAAAGhk\/z4ZKmwjDxIk\/s1600\/Ska%CC%88rmavbild+2014-01-07+kl.+18.58.50.png\" height=\"73\" width=\"400\"><\/a><\/div>\n<div><\/div>\n<div><\/div>\n<div>DET H\u00c4R \u00e4r v\u00e4ldigt viktigt. Jag <a href=\"http:\/\/www.vandravagen.se\/2012\/03\/om-att-overtyga-2.html\">har varit inne p\u00e5 det f\u00f6r l\u00e4nge sedan<\/a> men det kan inte upprepas f\u00f6r mycket. Well put!<\/div>\n<div><a href=\"http:\/\/3.bp.blogspot.com\/--Nvjn9MyNCA\/UsxD_gqPPcI\/AAAAAAAAGkI\/E9HrS_nHauw\/s1600\/Ska%CC%88rmavbild+2014-01-07+kl.+19.03.04.png\"><img loading=\"lazy\" decoding=\"async\" border=\"0\" src=\"http:\/\/3.bp.blogspot.com\/--Nvjn9MyNCA\/UsxD_gqPPcI\/AAAAAAAAGkI\/E9HrS_nHauw\/s1600\/Ska%CC%88rmavbild+2014-01-07+kl.+19.03.04.png\" height=\"71\" width=\"400\"><\/a><\/div>\n<div><\/div>\n<div><\/div>\n<div>Undrar detsamma (och det h\u00e4r <a href=\"http:\/\/www.vandravagen.se\/2012\/08\/evangeliet-enligt-twitter.html\">har jag faktiskt ocks\u00e5 skrivit om<\/a>)!<\/div>\n<div><a href=\"http:\/\/1.bp.blogspot.com\/-GdYjqnfyQps\/UsxD_Fk_wJI\/AAAAAAAAGkQ\/iWGNGbHbHpM\/s1600\/Ska%CC%88rmavbild+2014-01-07+kl.+19.07.28.png\"><img loading=\"lazy\" decoding=\"async\" border=\"0\" src=\"http:\/\/1.bp.blogspot.com\/-GdYjqnfyQps\/UsxD_Fk_wJI\/AAAAAAAAGkQ\/iWGNGbHbHpM\/s1600\/Ska%CC%88rmavbild+2014-01-07+kl.+19.07.28.png\" height=\"75\" width=\"400\"><\/a><\/div>\n<div><\/div>\n<div><\/div>\n<div><a href=\"http:\/\/4.bp.blogspot.com\/-3ZXRUwhd-NU\/UsxD-BrP_3I\/AAAAAAAAGj8\/Ja5YMAa86v4\/s1600\/Ska%CC%88rmavbild+2014-01-07+kl.+19.06.43.png\"><img loading=\"lazy\" decoding=\"async\" border=\"0\" src=\"http:\/\/4.bp.blogspot.com\/-3ZXRUwhd-NU\/UsxD-BrP_3I\/AAAAAAAAGj8\/Ja5YMAa86v4\/s1600\/Ska%CC%88rmavbild+2014-01-07+kl.+19.06.43.png\" height=\"72\" width=\"400\"><\/a><\/div>\n<div><\/div>\n<\/p>\n<div><a href=\"http:\/\/3.bp.blogspot.com\/-aHw7cyjlglM\/UsxD3HhKHCI\/AAAAAAAAGh0\/AIPDvt0eJSY\/s1600\/Ska%CC%88rmavbild+2014-01-07+kl.+18.59.54.png\"><img loading=\"lazy\" decoding=\"async\" border=\"0\" src=\"http:\/\/3.bp.blogspot.com\/-aHw7cyjlglM\/UsxD3HhKHCI\/AAAAAAAAGh0\/AIPDvt0eJSY\/s1600\/Ska%CC%88rmavbild+2014-01-07+kl.+18.59.54.png\" height=\"86\" width=\"400\"><\/a><\/div>\n<div><\/div>\n<div><\/div>\n<div><a href=\"http:\/\/4.bp.blogspot.com\/-omer5X42ewY\/UsxD8KiImUI\/AAAAAAAAGjQ\/EtoVVL29GO8\/s1600\/Ska%CC%88rmavbild+2014-01-07+kl.+19.02.53.png\"><img loading=\"lazy\" decoding=\"async\" border=\"0\" src=\"http:\/\/4.bp.blogspot.com\/-omer5X42ewY\/UsxD8KiImUI\/AAAAAAAAGjQ\/EtoVVL29GO8\/s1600\/Ska%CC%88rmavbild+2014-01-07+kl.+19.02.53.png\" height=\"73\" width=\"400\"><\/a><\/div>\n<div><\/div>\n<\/p>\n<div>Det h\u00e4r ska jag s\u00e4tta upp p\u00e5 kylsk\u00e5pet eller n\u00e5t. Grymt bra sagt. Vilken h\u00f6jdarvecka med tweets!<\/div>\n<div><a href=\"http:\/\/2.bp.blogspot.com\/-mufZBkFpBjQ\/UsxD36OVCfI\/AAAAAAAAGiM\/UkMuSzmtfzI\/s1600\/Ska%CC%88rmavbild+2014-01-07+kl.+19.00.19.png\"><img loading=\"lazy\" decoding=\"async\" border=\"0\" src=\"http:\/\/2.bp.blogspot.com\/-mufZBkFpBjQ\/UsxD36OVCfI\/AAAAAAAAGiM\/UkMuSzmtfzI\/s1600\/Ska%CC%88rmavbild+2014-01-07+kl.+19.00.19.png\" height=\"72\" width=\"400\"><\/a><\/div>\n<div><\/div>\n<div><\/div>\n<div><b>Roliga\/fyndiga\/\u00f6vriga tweets<\/b><\/div>\n<div><a href=\"http:\/\/1.bp.blogspot.com\/-PBu6CppcaV0\/UsxD4FmZTKI\/AAAAAAAAGiI\/_LpY7_eVb7Y\/s1600\/Ska%CC%88rmavbild+2014-01-07+kl.+19.00.43.png\"><img loading=\"lazy\" decoding=\"async\" border=\"0\" src=\"http:\/\/1.bp.blogspot.com\/-PBu6CppcaV0\/UsxD4FmZTKI\/AAAAAAAAGiI\/_LpY7_eVb7Y\/s1600\/Ska%CC%88rmavbild+2014-01-07+kl.+19.00.43.png\" height=\"90\" width=\"400\"><\/a><\/div>\n<\/p>\n<div><\/div>\n<\/p>\n<div><a href=\"http:\/\/4.bp.blogspot.com\/-snsQa3lTlrQ\/UsxD5s__flI\/AAAAAAAAGiY\/kaKAg4ep4IY\/s1600\/Ska%CC%88rmavbild+2014-01-07+kl.+19.01.28.png\"><img loading=\"lazy\" decoding=\"async\" border=\"0\" src=\"http:\/\/4.bp.blogspot.com\/-snsQa3lTlrQ\/UsxD5s__flI\/AAAAAAAAGiY\/kaKAg4ep4IY\/s1600\/Ska%CC%88rmavbild+2014-01-07+kl.+19.01.28.png\" height=\"75\" width=\"400\"><\/a><\/div>\n<\/p>\n<div><\/div>\n<\/p>\n<div><a href=\"http:\/\/1.bp.blogspot.com\/-E1za0NdByg0\/UsxD6vzvWUI\/AAAAAAAAGiw\/3OL4rgz1NYc\/s1600\/Ska%CC%88rmavbild+2014-01-07+kl.+19.02.05.png\"><img loading=\"lazy\" decoding=\"async\" border=\"0\" src=\"http:\/\/1.bp.blogspot.com\/-E1za0NdByg0\/UsxD6vzvWUI\/AAAAAAAAGiw\/3OL4rgz1NYc\/s1600\/Ska%CC%88rmavbild+2014-01-07+kl.+19.02.05.png\" height=\"73\" width=\"400\"><\/a><\/div>\n<\/p>\n<div><\/div>\n<\/p>\n<div><a href=\"http:\/\/3.bp.blogspot.com\/-yAhW6fhJFHc\/UsxD7mvDFHI\/AAAAAAAAGjY\/_gFpyFC1cNU\/s1600\/Ska%CC%88rmavbild+2014-01-07+kl.+19.02.26.png\"><img loading=\"lazy\" decoding=\"async\" border=\"0\" src=\"http:\/\/3.bp.blogspot.com\/-yAhW6fhJFHc\/UsxD7mvDFHI\/AAAAAAAAGjY\/_gFpyFC1cNU\/s1600\/Ska%CC%88rmavbild+2014-01-07+kl.+19.02.26.png\" height=\"88\" width=\"400\"><\/a><\/div>\n<\/p>\n<div><\/div>\n<\/p>\n<div><a href=\"http:\/\/4.bp.blogspot.com\/-nPVAS8Jd7ow\/UsxD9mCOKKI\/AAAAAAAAGjk\/sLiuaBCAwtQ\/s1600\/Ska%CC%88rmavbild+2014-01-07+kl.+19.05.52.png\"><img loading=\"lazy\" decoding=\"async\" border=\"0\" src=\"http:\/\/4.bp.blogspot.com\/-nPVAS8Jd7ow\/UsxD9mCOKKI\/AAAAAAAAGjk\/sLiuaBCAwtQ\/s1600\/Ska%CC%88rmavbild+2014-01-07+kl.+19.05.52.png\" height=\"102\" width=\"400\"><\/a><\/div>\n<\/p>\n<div><\/div>\n<div>Verkligheten \u00f6vertr\u00e4ffar dikten:<\/div>\n<div><a href=\"http:\/\/3.bp.blogspot.com\/-o-PKF1tyyhw\/UsxD-WTtX0I\/AAAAAAAAGj0\/qD1bs_6UD0E\/s1600\/Ska%CC%88rmavbild+2014-01-07+kl.+19.07.14.png\"><img loading=\"lazy\" decoding=\"async\" border=\"0\" src=\"http:\/\/3.bp.blogspot.com\/-o-PKF1tyyhw\/UsxD-WTtX0I\/AAAAAAAAGj0\/qD1bs_6UD0E\/s1600\/Ska%CC%88rmavbild+2014-01-07+kl.+19.07.14.png\" height=\"88\" width=\"400\"><\/a><\/div>\n<\/p>\n<div><\/div>\n<\/p>\n<div><a href=\"http:\/\/3.bp.blogspot.com\/-e9VjApbNCVQ\/UsxD_adcC0I\/AAAAAAAAGkM\/Fqe5CTbmOY8\/s1600\/Ska%CC%88rmavbild+2014-01-07+kl.+19.07.52.png\"><img loading=\"lazy\" decoding=\"async\" border=\"0\" src=\"http:\/\/3.bp.blogspot.com\/-e9VjApbNCVQ\/UsxD_adcC0I\/AAAAAAAAGkM\/Fqe5CTbmOY8\/s1600\/Ska%CC%88rmavbild+2014-01-07+kl.+19.07.52.png\" height=\"171\" width=\"400\"><\/a><\/div>\n<\/p>\n<div><\/div>\n<\/p>\n<div><a href=\"http:\/\/1.bp.blogspot.com\/-fGELsHqu7hU\/UsxEAQIYmrI\/AAAAAAAAGkg\/dGLjubVQOUg\/s1600\/Ska%CC%88rmavbild+2014-01-07+kl.+19.08.27.png\"><img loading=\"lazy\" decoding=\"async\" border=\"0\" src=\"http:\/\/1.bp.blogspot.com\/-fGELsHqu7hU\/UsxEAQIYmrI\/AAAAAAAAGkg\/dGLjubVQOUg\/s1600\/Ska%CC%88rmavbild+2014-01-07+kl.+19.08.27.png\" height=\"75\" width=\"400\"><\/a><\/div>\n<div><\/div>\n<div><\/div>\n<div><\/div>\n<div><b>Veckans b\u00e4sta tweet<\/b><\/div>\n<div><\/div>\n<div>Kommer fr\u00e5n @nyfikenful, jag tror aldrig jag haft n\u00e5gon bildtweet h\u00e4r f\u00f6rut men det h\u00e4r var en s\u00e5 klockren grej!<\/div>\n<div><\/div>\n<div><\/div>\n<div><a href=\"http:\/\/4.bp.blogspot.com\/-KCRsLM2sWKY\/UsxD9UGmeDI\/AAAAAAAAGjo\/1wdOqvrOGXg\/s1600\/Ska%CC%88rmavbild+2014-01-07+kl.+19.03.30.png\"><img loading=\"lazy\" decoding=\"async\" border=\"0\" src=\"http:\/\/4.bp.blogspot.com\/-KCRsLM2sWKY\/UsxD9UGmeDI\/AAAAAAAAGjo\/1wdOqvrOGXg\/s1600\/Ska%CC%88rmavbild+2014-01-07+kl.+19.03.30.png\" height=\"320\" width=\"290\"><\/a><\/div>\n<div><\/div>\n<div>Tack alla, vi ses om en vecka!<\/div><\/p>\n","protected":false},"excerpt":{"rendered":"<p>Mannen p\u00e5 styltcykeln&#8230; ja jag vet inte vad jag ska skriva om den&#8230; Ny vecka, nya favorittweets. Jag blir lite orolig n\u00e4r jag t\u00e4nker p\u00e5 hur m\u00e5nga tweets jag scrollar f\u00f6rbi p\u00e5 en vecka. Men du kan nu \u00e5 andra sidan n\u00f6ja dig med att plocka 20-30 russin ur kakan och sedan \u00e4gna dig \u00e5t [&hellip;]<\/p>\n","protected":false},"author":392,"featured_media":0,"comment_status":"open","ping_status":"open","sticky":false,"template":"","format":"standard","meta":{"_acf_changed":false,"footnotes":""},"categories":[76189,78772],"tags":[],"class_list":["post-214","post","type-post","status-publish","format-standard","hentry","category-dagens-kyrka","category-favorittweets"],"acf":[],"yoast_head":"<!-- This site is optimized with the Yoast SEO plugin v27.1.1 - https:\/\/yoast.com\/product\/yoast-seo-wordpress\/ -->\n<title>Veckans samlade favoriter fr\u00e5n twitter - Vandra V\u00e4gen<\/title>\n<meta name=\"robots\" content=\"index, follow, max-snippet:-1, max-image-preview:large, max-video-preview:-1\" \/>\n<link rel=\"canonical\" href=\"https:\/\/blogg.svenskakyrkan.se\/vandravagen\/2014\/01\/08\/veckans-samlade-favoriter-fran-twitter-2\/\" \/>\n<meta property=\"og:locale\" content=\"sv_SE\" \/>\n<meta property=\"og:type\" content=\"article\" \/>\n<meta property=\"og:title\" content=\"Veckans samlade favoriter fr\u00e5n twitter - Vandra V\u00e4gen\" \/>\n<meta property=\"og:description\" content=\"Mannen p\u00e5 styltcykeln&#8230; ja jag vet inte vad jag ska skriva om den&#8230; Ny vecka, nya favorittweets. Jag blir lite orolig n\u00e4r jag t\u00e4nker p\u00e5 hur m\u00e5nga tweets jag scrollar f\u00f6rbi p\u00e5 en vecka. Men du kan nu \u00e5 andra sidan n\u00f6ja dig med att plocka 20-30 russin ur kakan och sedan \u00e4gna dig \u00e5t [&hellip;]\" \/>\n<meta property=\"og:url\" content=\"https:\/\/blogg.svenskakyrkan.se\/vandravagen\/2014\/01\/08\/veckans-samlade-favoriter-fran-twitter-2\/\" \/>\n<meta property=\"og:site_name\" content=\"Vandra V\u00e4gen\" \/>\n<meta property=\"article:publisher\" content=\"http:\/\/facebook.com\/vandravagen\" \/>\n<meta property=\"article:published_time\" content=\"2014-01-08T07:00:00+00:00\" \/>\n<meta property=\"og:image\" content=\"http:\/\/3.bp.blogspot.com\/-eAXyfUSqRPA\/UsxEm1EHSKI\/AAAAAAAAGk8\/PzBOMnFCUJg\/s1600\/IMG_3994.JPG\" \/>\n<meta name=\"author\" content=\"Tomas Jarvid\" \/>\n<meta name=\"twitter:card\" content=\"summary_large_image\" \/>\n<meta name=\"twitter:creator\" content=\"@fadertomas\" \/>\n<meta name=\"twitter:site\" content=\"@fadertomas\" \/>\n<meta name=\"twitter:label1\" content=\"Skriven av\" \/>\n\t<meta name=\"twitter:data1\" content=\"Tomas Jarvid\" \/>\n\t<meta name=\"twitter:label2\" content=\"Ber\u00e4knad l\u00e4stid\" \/>\n\t<meta name=\"twitter:data2\" content=\"1 minut\" \/>\n<script type=\"application\/ld+json\" class=\"yoast-schema-graph\">{\"@context\":\"https:\/\/schema.org\",\"@graph\":[{\"@type\":\"Article\",\"@id\":\"https:\/\/blogg.svenskakyrkan.se\/vandravagen\/2014\/01\/08\/veckans-samlade-favoriter-fran-twitter-2\/#article\",\"isPartOf\":{\"@id\":\"https:\/\/blogg.svenskakyrkan.se\/vandravagen\/2014\/01\/08\/veckans-samlade-favoriter-fran-twitter-2\/\"},\"author\":{\"name\":\"Tomas Jarvid\",\"@id\":\"https:\/\/blogg.svenskakyrkan.se\/vandravagen\/#\/schema\/person\/25da02d4f76b137d04291711e2c9fc16\"},\"headline\":\"Veckans samlade favoriter fr\u00e5n twitter\",\"datePublished\":\"2014-01-08T07:00:00+00:00\",\"mainEntityOfPage\":{\"@id\":\"https:\/\/blogg.svenskakyrkan.se\/vandravagen\/2014\/01\/08\/veckans-samlade-favoriter-fran-twitter-2\/\"},\"wordCount\":247,\"commentCount\":0,\"publisher\":{\"@id\":\"https:\/\/blogg.svenskakyrkan.se\/vandravagen\/#organization\"},\"image\":{\"@id\":\"https:\/\/blogg.svenskakyrkan.se\/vandravagen\/2014\/01\/08\/veckans-samlade-favoriter-fran-twitter-2\/#primaryimage\"},\"thumbnailUrl\":\"http:\/\/3.bp.blogspot.com\/-eAXyfUSqRPA\/UsxEm1EHSKI\/AAAAAAAAGk8\/PzBOMnFCUJg\/s1600\/IMG_3994.JPG\",\"articleSection\":[\"Dagens Kyrka\",\"favorittweets\"],\"inLanguage\":\"sv-SE\",\"potentialAction\":[{\"@type\":\"CommentAction\",\"name\":\"Comment\",\"target\":[\"https:\/\/blogg.svenskakyrkan.se\/vandravagen\/2014\/01\/08\/veckans-samlade-favoriter-fran-twitter-2\/#respond\"]}]},{\"@type\":\"WebPage\",\"@id\":\"https:\/\/blogg.svenskakyrkan.se\/vandravagen\/2014\/01\/08\/veckans-samlade-favoriter-fran-twitter-2\/\",\"url\":\"https:\/\/blogg.svenskakyrkan.se\/vandravagen\/2014\/01\/08\/veckans-samlade-favoriter-fran-twitter-2\/\",\"name\":\"Veckans samlade favoriter fr\u00e5n twitter - Vandra V\u00e4gen\",\"isPartOf\":{\"@id\":\"https:\/\/blogg.svenskakyrkan.se\/vandravagen\/#website\"},\"primaryImageOfPage\":{\"@id\":\"https:\/\/blogg.svenskakyrkan.se\/vandravagen\/2014\/01\/08\/veckans-samlade-favoriter-fran-twitter-2\/#primaryimage\"},\"image\":{\"@id\":\"https:\/\/blogg.svenskakyrkan.se\/vandravagen\/2014\/01\/08\/veckans-samlade-favoriter-fran-twitter-2\/#primaryimage\"},\"thumbnailUrl\":\"http:\/\/3.bp.blogspot.com\/-eAXyfUSqRPA\/UsxEm1EHSKI\/AAAAAAAAGk8\/PzBOMnFCUJg\/s1600\/IMG_3994.JPG\",\"datePublished\":\"2014-01-08T07:00:00+00:00\",\"breadcrumb\":{\"@id\":\"https:\/\/blogg.svenskakyrkan.se\/vandravagen\/2014\/01\/08\/veckans-samlade-favoriter-fran-twitter-2\/#breadcrumb\"},\"inLanguage\":\"sv-SE\",\"potentialAction\":[{\"@type\":\"ReadAction\",\"target\":[\"https:\/\/blogg.svenskakyrkan.se\/vandravagen\/2014\/01\/08\/veckans-samlade-favoriter-fran-twitter-2\/\"]}]},{\"@type\":\"ImageObject\",\"inLanguage\":\"sv-SE\",\"@id\":\"https:\/\/blogg.svenskakyrkan.se\/vandravagen\/2014\/01\/08\/veckans-samlade-favoriter-fran-twitter-2\/#primaryimage\",\"url\":\"http:\/\/3.bp.blogspot.com\/-eAXyfUSqRPA\/UsxEm1EHSKI\/AAAAAAAAGk8\/PzBOMnFCUJg\/s1600\/IMG_3994.JPG\",\"contentUrl\":\"http:\/\/3.bp.blogspot.com\/-eAXyfUSqRPA\/UsxEm1EHSKI\/AAAAAAAAGk8\/PzBOMnFCUJg\/s1600\/IMG_3994.JPG\"},{\"@type\":\"BreadcrumbList\",\"@id\":\"https:\/\/blogg.svenskakyrkan.se\/vandravagen\/2014\/01\/08\/veckans-samlade-favoriter-fran-twitter-2\/#breadcrumb\",\"itemListElement\":[{\"@type\":\"ListItem\",\"position\":1,\"name\":\"Hem\",\"item\":\"https:\/\/blogg.svenskakyrkan.se\/vandravagen\/\"},{\"@type\":\"ListItem\",\"position\":2,\"name\":\"Veckans samlade favoriter fr\u00e5n twitter\"}]},{\"@type\":\"WebSite\",\"@id\":\"https:\/\/blogg.svenskakyrkan.se\/vandravagen\/#website\",\"url\":\"https:\/\/blogg.svenskakyrkan.se\/vandravagen\/\",\"name\":\"Vandra V\u00e4gen\",\"description\":\"-Mot en tro f\u00f6r hela livet\",\"publisher\":{\"@id\":\"https:\/\/blogg.svenskakyrkan.se\/vandravagen\/#organization\"},\"potentialAction\":[{\"@type\":\"SearchAction\",\"target\":{\"@type\":\"EntryPoint\",\"urlTemplate\":\"https:\/\/blogg.svenskakyrkan.se\/vandravagen\/?s={search_term_string}\"},\"query-input\":{\"@type\":\"PropertyValueSpecification\",\"valueRequired\":true,\"valueName\":\"search_term_string\"}}],\"inLanguage\":\"sv-SE\"},{\"@type\":\"Organization\",\"@id\":\"https:\/\/blogg.svenskakyrkan.se\/vandravagen\/#organization\",\"name\":\"ulricehamns pastorat\",\"alternateName\":\"ulricehamns pastorat\",\"url\":\"https:\/\/blogg.svenskakyrkan.se\/vandravagen\/\",\"logo\":{\"@type\":\"ImageObject\",\"inLanguage\":\"sv-SE\",\"@id\":\"https:\/\/blogg.svenskakyrkan.se\/vandravagen\/#\/schema\/logo\/image\/\",\"url\":\"https:\/\/blogg.svenskakyrkan.se\/vandravagen\/files\/2023\/05\/Ulr_logo_RGB.png\",\"contentUrl\":\"https:\/\/blogg.svenskakyrkan.se\/vandravagen\/files\/2023\/05\/Ulr_logo_RGB.png\",\"width\":205,\"height\":77,\"caption\":\"ulricehamns pastorat\"},\"image\":{\"@id\":\"https:\/\/blogg.svenskakyrkan.se\/vandravagen\/#\/schema\/logo\/image\/\"},\"sameAs\":[\"http:\/\/facebook.com\/vandravagen\",\"https:\/\/x.com\/fadertomas\",\"http:\/\/www.facebook.com\/svenskakyrkaniulricehamn\"]},{\"@type\":\"Person\",\"@id\":\"https:\/\/blogg.svenskakyrkan.se\/vandravagen\/#\/schema\/person\/25da02d4f76b137d04291711e2c9fc16\",\"name\":\"Tomas Jarvid\",\"image\":{\"@type\":\"ImageObject\",\"inLanguage\":\"sv-SE\",\"@id\":\"https:\/\/blogg.svenskakyrkan.se\/vandravagen\/#\/schema\/person\/image\/\",\"url\":\"https:\/\/secure.gravatar.com\/avatar\/7fa71899795e8f540f615a1f5ab25255dc27aa40f05ee7ddd21aac521e01bf50?s=96&d=identicon&r=g\",\"contentUrl\":\"https:\/\/secure.gravatar.com\/avatar\/7fa71899795e8f540f615a1f5ab25255dc27aa40f05ee7ddd21aac521e01bf50?s=96&d=identicon&r=g\",\"caption\":\"Tomas Jarvid\"},\"description\":\"Jag bor i Ulricehamn i V\u00e4sterg\u00f6tland och \u00e4r f\u00f6rsamlingspr\u00e4st i Svenska Kyrkan f\u00f6r Dalstorps f\u00f6rsamling i Kinds pastorat. P\u00e5 den h\u00e4r bloggen skriver jag ner tankar om vandringen som kristen.\",\"sameAs\":[\"http:\/\/www.vandravagen.se\"],\"url\":\"https:\/\/blogg.svenskakyrkan.se\/vandravagen\/author\/vandravagen\/\"}]}<\/script>\n<!-- \/ Yoast SEO plugin. -->","yoast_head_json":{"title":"Veckans samlade favoriter fr\u00e5n twitter - Vandra V\u00e4gen","robots":{"index":"index","follow":"follow","max-snippet":"max-snippet:-1","max-image-preview":"max-image-preview:large","max-video-preview":"max-video-preview:-1"},"canonical":"https:\/\/blogg.svenskakyrkan.se\/vandravagen\/2014\/01\/08\/veckans-samlade-favoriter-fran-twitter-2\/","og_locale":"sv_SE","og_type":"article","og_title":"Veckans samlade favoriter fr\u00e5n twitter - Vandra V\u00e4gen","og_description":"Mannen p\u00e5 styltcykeln&#8230; ja jag vet inte vad jag ska skriva om den&#8230; Ny vecka, nya favorittweets. Jag blir lite orolig n\u00e4r jag t\u00e4nker p\u00e5 hur m\u00e5nga tweets jag scrollar f\u00f6rbi p\u00e5 en vecka. Men du kan nu \u00e5 andra sidan n\u00f6ja dig med att plocka 20-30 russin ur kakan och sedan \u00e4gna dig \u00e5t [&hellip;]","og_url":"https:\/\/blogg.svenskakyrkan.se\/vandravagen\/2014\/01\/08\/veckans-samlade-favoriter-fran-twitter-2\/","og_site_name":"Vandra V\u00e4gen","article_publisher":"http:\/\/facebook.com\/vandravagen","article_published_time":"2014-01-08T07:00:00+00:00","og_image":[{"url":"http:\/\/3.bp.blogspot.com\/-eAXyfUSqRPA\/UsxEm1EHSKI\/AAAAAAAAGk8\/PzBOMnFCUJg\/s1600\/IMG_3994.JPG","type":"","width":"","height":""}],"author":"Tomas Jarvid","twitter_card":"summary_large_image","twitter_creator":"@fadertomas","twitter_site":"@fadertomas","twitter_misc":{"Skriven av":"Tomas Jarvid","Ber\u00e4knad l\u00e4stid":"1 minut"},"schema":{"@context":"https:\/\/schema.org","@graph":[{"@type":"Article","@id":"https:\/\/blogg.svenskakyrkan.se\/vandravagen\/2014\/01\/08\/veckans-samlade-favoriter-fran-twitter-2\/#article","isPartOf":{"@id":"https:\/\/blogg.svenskakyrkan.se\/vandravagen\/2014\/01\/08\/veckans-samlade-favoriter-fran-twitter-2\/"},"author":{"name":"Tomas Jarvid","@id":"https:\/\/blogg.svenskakyrkan.se\/vandravagen\/#\/schema\/person\/25da02d4f76b137d04291711e2c9fc16"},"headline":"Veckans samlade favoriter fr\u00e5n twitter","datePublished":"2014-01-08T07:00:00+00:00","mainEntityOfPage":{"@id":"https:\/\/blogg.svenskakyrkan.se\/vandravagen\/2014\/01\/08\/veckans-samlade-favoriter-fran-twitter-2\/"},"wordCount":247,"commentCount":0,"publisher":{"@id":"https:\/\/blogg.svenskakyrkan.se\/vandravagen\/#organization"},"image":{"@id":"https:\/\/blogg.svenskakyrkan.se\/vandravagen\/2014\/01\/08\/veckans-samlade-favoriter-fran-twitter-2\/#primaryimage"},"thumbnailUrl":"http:\/\/3.bp.blogspot.com\/-eAXyfUSqRPA\/UsxEm1EHSKI\/AAAAAAAAGk8\/PzBOMnFCUJg\/s1600\/IMG_3994.JPG","articleSection":["Dagens Kyrka","favorittweets"],"inLanguage":"sv-SE","potentialAction":[{"@type":"CommentAction","name":"Comment","target":["https:\/\/blogg.svenskakyrkan.se\/vandravagen\/2014\/01\/08\/veckans-samlade-favoriter-fran-twitter-2\/#respond"]}]},{"@type":"WebPage","@id":"https:\/\/blogg.svenskakyrkan.se\/vandravagen\/2014\/01\/08\/veckans-samlade-favoriter-fran-twitter-2\/","url":"https:\/\/blogg.svenskakyrkan.se\/vandravagen\/2014\/01\/08\/veckans-samlade-favoriter-fran-twitter-2\/","name":"Veckans samlade favoriter fr\u00e5n twitter - Vandra V\u00e4gen","isPartOf":{"@id":"https:\/\/blogg.svenskakyrkan.se\/vandravagen\/#website"},"primaryImageOfPage":{"@id":"https:\/\/blogg.svenskakyrkan.se\/vandravagen\/2014\/01\/08\/veckans-samlade-favoriter-fran-twitter-2\/#primaryimage"},"image":{"@id":"https:\/\/blogg.svenskakyrkan.se\/vandravagen\/2014\/01\/08\/veckans-samlade-favoriter-fran-twitter-2\/#primaryimage"},"thumbnailUrl":"http:\/\/3.bp.blogspot.com\/-eAXyfUSqRPA\/UsxEm1EHSKI\/AAAAAAAAGk8\/PzBOMnFCUJg\/s1600\/IMG_3994.JPG","datePublished":"2014-01-08T07:00:00+00:00","breadcrumb":{"@id":"https:\/\/blogg.svenskakyrkan.se\/vandravagen\/2014\/01\/08\/veckans-samlade-favoriter-fran-twitter-2\/#breadcrumb"},"inLanguage":"sv-SE","potentialAction":[{"@type":"ReadAction","target":["https:\/\/blogg.svenskakyrkan.se\/vandravagen\/2014\/01\/08\/veckans-samlade-favoriter-fran-twitter-2\/"]}]},{"@type":"ImageObject","inLanguage":"sv-SE","@id":"https:\/\/blogg.svenskakyrkan.se\/vandravagen\/2014\/01\/08\/veckans-samlade-favoriter-fran-twitter-2\/#primaryimage","url":"http:\/\/3.bp.blogspot.com\/-eAXyfUSqRPA\/UsxEm1EHSKI\/AAAAAAAAGk8\/PzBOMnFCUJg\/s1600\/IMG_3994.JPG","contentUrl":"http:\/\/3.bp.blogspot.com\/-eAXyfUSqRPA\/UsxEm1EHSKI\/AAAAAAAAGk8\/PzBOMnFCUJg\/s1600\/IMG_3994.JPG"},{"@type":"BreadcrumbList","@id":"https:\/\/blogg.svenskakyrkan.se\/vandravagen\/2014\/01\/08\/veckans-samlade-favoriter-fran-twitter-2\/#breadcrumb","itemListElement":[{"@type":"ListItem","position":1,"name":"Hem","item":"https:\/\/blogg.svenskakyrkan.se\/vandravagen\/"},{"@type":"ListItem","position":2,"name":"Veckans samlade favoriter fr\u00e5n twitter"}]},{"@type":"WebSite","@id":"https:\/\/blogg.svenskakyrkan.se\/vandravagen\/#website","url":"https:\/\/blogg.svenskakyrkan.se\/vandravagen\/","name":"Vandra V\u00e4gen","description":"-Mot en tro f\u00f6r hela livet","publisher":{"@id":"https:\/\/blogg.svenskakyrkan.se\/vandravagen\/#organization"},"potentialAction":[{"@type":"SearchAction","target":{"@type":"EntryPoint","urlTemplate":"https:\/\/blogg.svenskakyrkan.se\/vandravagen\/?s={search_term_string}"},"query-input":{"@type":"PropertyValueSpecification","valueRequired":true,"valueName":"search_term_string"}}],"inLanguage":"sv-SE"},{"@type":"Organization","@id":"https:\/\/blogg.svenskakyrkan.se\/vandravagen\/#organization","name":"ulricehamns pastorat","alternateName":"ulricehamns pastorat","url":"https:\/\/blogg.svenskakyrkan.se\/vandravagen\/","logo":{"@type":"ImageObject","inLanguage":"sv-SE","@id":"https:\/\/blogg.svenskakyrkan.se\/vandravagen\/#\/schema\/logo\/image\/","url":"https:\/\/blogg.svenskakyrkan.se\/vandravagen\/files\/2023\/05\/Ulr_logo_RGB.png","contentUrl":"https:\/\/blogg.svenskakyrkan.se\/vandravagen\/files\/2023\/05\/Ulr_logo_RGB.png","width":205,"height":77,"caption":"ulricehamns pastorat"},"image":{"@id":"https:\/\/blogg.svenskakyrkan.se\/vandravagen\/#\/schema\/logo\/image\/"},"sameAs":["http:\/\/facebook.com\/vandravagen","https:\/\/x.com\/fadertomas","http:\/\/www.facebook.com\/svenskakyrkaniulricehamn"]},{"@type":"Person","@id":"https:\/\/blogg.svenskakyrkan.se\/vandravagen\/#\/schema\/person\/25da02d4f76b137d04291711e2c9fc16","name":"Tomas Jarvid","image":{"@type":"ImageObject","inLanguage":"sv-SE","@id":"https:\/\/blogg.svenskakyrkan.se\/vandravagen\/#\/schema\/person\/image\/","url":"https:\/\/secure.gravatar.com\/avatar\/7fa71899795e8f540f615a1f5ab25255dc27aa40f05ee7ddd21aac521e01bf50?s=96&d=identicon&r=g","contentUrl":"https:\/\/secure.gravatar.com\/avatar\/7fa71899795e8f540f615a1f5ab25255dc27aa40f05ee7ddd21aac521e01bf50?s=96&d=identicon&r=g","caption":"Tomas Jarvid"},"description":"Jag bor i Ulricehamn i V\u00e4sterg\u00f6tland och \u00e4r f\u00f6rsamlingspr\u00e4st i Svenska Kyrkan f\u00f6r Dalstorps f\u00f6rsamling i Kinds pastorat. P\u00e5 den h\u00e4r bloggen skriver jag ner tankar om vandringen som kristen.","sameAs":["http:\/\/www.vandravagen.se"],"url":"https:\/\/blogg.svenskakyrkan.se\/vandravagen\/author\/vandravagen\/"}]}},"author_meta":{"ID":"392","user_nicename":"vandravagen","user_url":"http:\/\/www.vandravagen.se","user_registered":"2014-05-19 05:44:52","display_name":"Tomas Jarvid","first_name":"Tomas","last_name":"Jarvid","avatar":"https:\/\/secure.gravatar.com\/avatar\/7fa71899795e8f540f615a1f5ab25255dc27aa40f05ee7ddd21aac521e01bf50?s=96&d=identicon&r=g"},"featured_image":false,"bloginfo":{"name":"Vandra V\u00e4gen","url":"https:\/\/blogg.svenskakyrkan.se\/vandravagen"},"_links":{"self":[{"href":"https:\/\/blogg.svenskakyrkan.se\/vandravagen\/wp-json\/wp\/v2\/posts\/214","targetHints":{"allow":["GET"]}}],"collection":[{"href":"https:\/\/blogg.svenskakyrkan.se\/vandravagen\/wp-json\/wp\/v2\/posts"}],"about":[{"href":"https:\/\/blogg.svenskakyrkan.se\/vandravagen\/wp-json\/wp\/v2\/types\/post"}],"author":[{"embeddable":true,"href":"https:\/\/blogg.svenskakyrkan.se\/vandravagen\/wp-json\/wp\/v2\/users\/392"}],"replies":[{"embeddable":true,"href":"https:\/\/blogg.svenskakyrkan.se\/vandravagen\/wp-json\/wp\/v2\/comments?post=214"}],"version-history":[{"count":0,"href":"https:\/\/blogg.svenskakyrkan.se\/vandravagen\/wp-json\/wp\/v2\/posts\/214\/revisions"}],"wp:attachment":[{"href":"https:\/\/blogg.svenskakyrkan.se\/vandravagen\/wp-json\/wp\/v2\/media?parent=214"}],"wp:term":[{"taxonomy":"category","embeddable":true,"href":"https:\/\/blogg.svenskakyrkan.se\/vandravagen\/wp-json\/wp\/v2\/categories?post=214"},{"taxonomy":"post_tag","embeddable":true,"href":"https:\/\/blogg.svenskakyrkan.se\/vandravagen\/wp-json\/wp\/v2\/tags?post=214"}],"curies":[{"name":"wp","href":"https:\/\/api.w.org\/{rel}","templated":true}]}}