{"id":217,"date":"2014-01-07T08:52:00","date_gmt":"2014-01-07T07:52:00","guid":{"rendered":"http:\/\/blogg.svenskakyrkan.se\/vandravagen\/2014\/01\/07\/trettondag-jul\/"},"modified":"2014-01-07T08:52:00","modified_gmt":"2014-01-07T07:52:00","slug":"trettondag-jul","status":"publish","type":"post","link":"https:\/\/blogg.svenskakyrkan.se\/vandravagen\/2014\/01\/07\/trettondag-jul\/","title":{"rendered":"Trettondag jul"},"content":{"rendered":"<table align=\"center\" cellpadding=\"0\" cellspacing=\"0\">\n<tbody>\n<tr>\n<td><a href=\"http:\/\/3.bp.blogspot.com\/-kbTWNxLS0pk\/UsuivL68hDI\/AAAAAAAAGhA\/UScY2PgQB8Q\/s1600\/06+VENICE+THE+MAGIS.JPG\"><img loading=\"lazy\" decoding=\"async\" border=\"0\" src=\"http:\/\/3.bp.blogspot.com\/-kbTWNxLS0pk\/UsuivL68hDI\/AAAAAAAAGhA\/UScY2PgQB8Q\/s1600\/06+VENICE+THE+MAGIS.JPG\" height=\"470\" width=\"640\"><\/a><\/td>\n<\/tr>\n<tr>\n<td>Kungar tre p\u00e5 marsch man kunde se<\/td>\n<\/tr>\n<\/tbody>\n<\/table>\n<div><span><br \/><\/span><\/div>\n<div><span><br \/><\/span><\/div>\n<div><span>Ig\u00e5r blev det en podpredikan utan text. Idag blir det en betraktelse fr\u00e5n g\u00e5rdagens musikgudstj\u00e4nst i Ledsj\u00f6, fast utan ljudsp\u00e5r. Ig\u00e5r sj\u00f6ng vi ut julen med k\u00f6r och f\u00f6rsamling (fast den varar ju till p\u00e5ska? Fasta?). Jag blev dessutom v\u00e4lkomnad som f\u00f6rsamlingspr\u00e4st i Ledsj\u00f6 (i f\u00f6rrg\u00e5r blev jag v\u00e4lkomnad p\u00e5 samma s\u00e4tt i Husaby f\u00f6rsamling) med blomma och fina ord. Nog om det, h\u00e4r \u00e4r vad jag sa. De h\u00e4r predikningarna g\u00f6r sig b\u00e4ttre i talad form, n\u00e4r jag skriver dem vet jag ju alltid att jag kan formulera mig som det passar b\u00e4st i stunden och d\u00e4rf\u00f6r kan det bli lite oklart ibland som text tror jag. Det f\u00e5r du ha \u00f6verseende med idag.<\/span><\/div>\n<div><span>En k\u00e4lla jag dragit fr\u00e5n i de h\u00e4r tankarna \u00e4r julavsnittet p\u00e5 &#8221;samtid och sanning&#8221;s podcast. <a href=\"http:\/\/www.stefangustavsson.se\/?p=1901\">Det hittar du h\u00e4r<\/a> om du vill lyssna sj\u00e4lv.<\/span><\/div>\n<div><span><br \/><\/span><\/div>\n<div><span><br \/><\/span><\/div>\n<div><span><br \/><\/span><\/div>\n<div><span>Det kan vara s\u00e5 att julevangeliet f\u00f6r m\u00e5nga f\u00e5tt drag av saga och d\u00e5 g\u00e4ller det nog i synnerhet f\u00f6r de tre vise m\u00e4nnen, de tre kungarna, de tre stj\u00e4rntydarna eller vad vi kallar dem.<\/span><span>\u00a0<\/span><\/div>\n<div><span><\/span><\/div>\n<div><span>I v\u00e5r julkrubba kan det h\u00e4nda att de har olika hudf\u00e4rg och kommer fr\u00e5n olika h\u00e5ll. I legenderna s\u00e5 representerar de tre v\u00e4rldsdelar, hela den k\u00e4nda v\u00e4rlden, som kommer f\u00f6r att hylla barnet. Det s\u00e4gs ocks\u00e5 att det var en ung man, en mitt i livet och en gamling, p\u00e5 s\u00e5 s\u00e4tt \u00e4r de representativa f\u00f6r m\u00e4nskligheten ocks\u00e5 p\u00e5 det s\u00e4ttet. De har f\u00e5tt namn: Kaspar, Melkior och Balthasar.\u00a0 Deras grav finns f\u00f6r \u00f6vrigt i katedralen i K\u00f6ln och var en v\u00e4ldigt viktig pilgrimsort i \u00e5rhundraden. D\u00e4r kan man tycka att det g\u00e5tt lite \u00f6ver styr med legenden. Mycket av det \u00e4r goda meditationer om man s\u00e5 vill \u00f6ver inneb\u00f6rden i de internationella g\u00e4sterna vid Jesu f\u00f6delse men risken \u00e4r att effekten blir att vi avf\u00e4rdar alltihop som saga. En lite f\u00f6r skruvad historia f\u00f6r att vi ska kunna f\u00e5 ut n\u00e5got av den?<\/span><\/div>\n<div><span><\/span><\/div>\n<div><span>F\u00f6r evangeliets f\u00f6rsta \u00e5h\u00f6rare var det f\u00f6rst\u00e5s m\u00e4rkligt det som h\u00e4nde men stj\u00e4rntydare i sig var inget konstigt. Det fanns det gott om i alla l\u00e4nder. I Israel skilde de ut sig genom att man ju bara trodde p\u00e5 en Gud, annars s\u00e5g man ofta himlakropparna som gudar. V\u00e5ra \u201dmagi\u201d som det st\u00e5r i grundspr\u00e5ket var n\u00e5gon slags blandning av toppvetenskapsm\u00e4n, astronomer och astrologer.\u00a0<\/span><\/div>\n<div><span><\/span><\/div>\n<div><span>Stj\u00e4rnor kunde man bra. En annan sak man t\u00e4nker n\u00e4r man l\u00e4ser texten \u00e4r ju att f\u00f6rr m\u00e5ste de ju varit dumma i huvet. En ny stj\u00e4rna t\u00e4nds? Och den g\u00e5r f\u00f6re dem? S\u00e5 funkar ju faktiskt inte stj\u00e4rnhimlen. Och det visste de faktiskt ocks\u00e5 d\u00e5. De tittade p\u00e5 stj\u00e4rnorna och visste nog betydligt mer om dem \u00e4n du och jag som inte vet s\u00e5 mycket. Omkring \u00e5r 7 f\u00f6re Kristus passerade Jupiter och Saturnus varandra tre g\u00e5nger p\u00e5 n\u00e5got \u00e5r och effekten blev att det s\u00e5g ut som en extra ljusstark stj\u00e4rna. Efter vad man vet om deras tankar s\u00e5 kunde det l\u00e4sas som ett tecken om \u201dlycka\u201d och \u201dkung\u201d. Efter vad jag f\u00f6rst\u00e5tt fanns det ocks\u00e5 vid den tiden f\u00f6rv\u00e4ntningar p\u00e5 att en ny v\u00e4rldsh\u00e4rskare skulle framtr\u00e4da n\u00e4ra havet, medelhavet. Det finns visst utombibliska k\u00e4llor om det.<\/span><\/div>\n<div><span><\/span><\/div>\n<div><span>S\u00e5 stj\u00e4rntydarna begav sig iv\u00e4g mot havet, de stannade f\u00f6rst\u00e5s och fr\u00e5gade hos kungen i Jerusalem. D\u00e4r f\u00e5r de h\u00f6ra det som alla vet, att Betlehem \u00e4r kungens stad. Och s\u00e5 ger de sig iv\u00e4g vidare dit. Stj\u00e4rnan pekar ut mer exakt och teorier jag h\u00f6rt s\u00e4ger att det ocks\u00e5 kan ha varit s\u00e5 att den nya stj\u00e4rnan var en komet med en svans som man kan tycka \u201dpekar\u201d ner mot en plats.<\/span><\/div>\n<div><span><\/span><\/div>\n<div><span>De \u00e4r s\u00f6kare kan man s\u00e4ga. De \u00e4r outsiders i Betlehem, vet inte hur judarna t\u00e4nker och f\u00f6rst\u00e5r sig kanske inte p\u00e5 dem, ungef\u00e4r som om man som vuxen hittar v\u00e4gen in i kyrkan. Deras sanningss\u00f6kande har lett dem hela v\u00e4gen till Jesus och det \u00e4r s\u00e5nt som h\u00e4nder ocks\u00e5 idag. De kan vara f\u00f6rebilder p\u00e5 det s\u00e4ttet. Vi f\u00e5r alltid b\u00f6rja d\u00e4r vi \u00e4r och med vad vi redan f\u00f6rst\u00e5tt n\u00e4r vi s\u00f6ker Gud. K\u00e4rnan i den kristna tron \u00e4r inte att man m\u00e5ste f\u00f6rst\u00e5 hur man beter sig i en kyrka eller l\u00e4ra sig sv\u00e5ra begrepp eller n\u00e5t, det \u00e4r att g\u00e5 till Jesus. Leva i relation till honom. Tala och lyssna. L\u00e4gga ner sina g\u00e5vor och talanger f\u00f6r honom och se vad han kan g\u00f6ra med dem. Teologi \u00e4r viktigt men det kristna livet \u00e4r inte teori. Det \u00e4r ett stort och m\u00e4rkligt mysterium, att vi har en Gud som f\u00f6rst\u00e5r oss och vill dela livet med oss.<\/span><\/div>\n<div><span><\/span><\/div>\n<div><span>Ett \u00e4rligt s\u00f6kande ing\u00e5r i tron. L\u00e4mnar du Gud f\u00f6r sanningens skull s\u00e5 faller du i hans armar, sa en kristen mystiker. Jesus s\u00e4ger ju sj\u00e4lv att han \u00e4r sanningen. Kosmos innersta ansikte.<\/span><\/div>\n<div><span><\/span><\/div>\n<div><span>Magierna kommer med tre g\u00e5vor och det \u00e4r d\u00e4rf\u00f6r vi tror att de \u00e4r tre.De har med guld, till en kung. De har med r\u00f6kelse, s\u00e5dant som pr\u00e4ster svingar p\u00e5 gudstj\u00e4nster och de har med myrra. Det s\u00e4ger n\u00e5got om vem Jesus \u00e4r. Han \u00e4r verkligen den sanne kungen fast han f\u00f6ds i skymundan och framtr\u00e4der \u00f6dmjukt, han \u00e4r som de gammaltestamentliga pr\u00e4sterna eftersom han kommer b\u00e4ra fram det stora offret, sig sj\u00e4lv f\u00f6r att f\u00f6ra oss till Gud, och myrran, v\u00e4lluktande harts f\u00f6r den fr\u00e4mste av profeterna, en som mer \u00e4n n\u00e5gon annan visar oss Guds vilja och omsorg.<\/span><\/div>\n<div><span><\/span><\/div>\n<div>Vi ber<\/div>\n<div><\/div>\n<div><span>Gud, nu \u00e4r vi samlade kring din krubba tillsammans med de tre stj\u00e4rntydarna.<\/span><\/div>\n<div><span>Tack f\u00f6r att alla m\u00e4nniskor var vi \u00e4n kommer fr\u00e5n \u00e4r v\u00e4lkomna och kallade av dig<\/span><\/div>\n<div><span>Hj\u00e4lp oss att st\u00e4ndigt forts\u00e4tta v\u00e5rt s\u00f6kande efter dig och v\u00e5r v\u00e4g med dig, oavsett hur mycket vi redan funnit.<\/span><\/div>\n<\/p>\n<div><span>Amen\u00a0<\/span><\/div>\n","protected":false},"excerpt":{"rendered":"<p>Kungar tre p\u00e5 marsch man kunde se Ig\u00e5r blev det en podpredikan utan text. Idag blir det en betraktelse fr\u00e5n g\u00e5rdagens musikgudstj\u00e4nst i Ledsj\u00f6, fast utan ljudsp\u00e5r. Ig\u00e5r sj\u00f6ng vi ut julen med k\u00f6r och f\u00f6rsamling (fast den varar ju till p\u00e5ska? Fasta?). Jag blev dessutom v\u00e4lkomnad som f\u00f6rsamlingspr\u00e4st i Ledsj\u00f6 (i f\u00f6rrg\u00e5r blev jag [&hellip;]<\/p>\n","protected":false},"author":392,"featured_media":0,"comment_status":"open","ping_status":"open","sticky":false,"template":"","format":"standard","meta":{"_acf_changed":false,"footnotes":""},"categories":[8298,76189,8252],"tags":[],"class_list":["post-217","post","type-post","status-publish","format-standard","hentry","category-bibeln","category-dagens-kyrka","category-kyrkoaret"],"acf":[],"yoast_head":"<!-- This site is optimized with the Yoast SEO plugin v27.1.1 - https:\/\/yoast.com\/product\/yoast-seo-wordpress\/ -->\n<title>Trettondag jul - Vandra V\u00e4gen<\/title>\n<meta name=\"robots\" content=\"index, follow, max-snippet:-1, max-image-preview:large, max-video-preview:-1\" \/>\n<link rel=\"canonical\" href=\"https:\/\/blogg.svenskakyrkan.se\/vandravagen\/2014\/01\/07\/trettondag-jul\/\" \/>\n<meta property=\"og:locale\" content=\"sv_SE\" \/>\n<meta property=\"og:type\" content=\"article\" \/>\n<meta property=\"og:title\" content=\"Trettondag jul - Vandra V\u00e4gen\" \/>\n<meta property=\"og:description\" content=\"Kungar tre p\u00e5 marsch man kunde se Ig\u00e5r blev det en podpredikan utan text. Idag blir det en betraktelse fr\u00e5n g\u00e5rdagens musikgudstj\u00e4nst i Ledsj\u00f6, fast utan ljudsp\u00e5r. Ig\u00e5r sj\u00f6ng vi ut julen med k\u00f6r och f\u00f6rsamling (fast den varar ju till p\u00e5ska? Fasta?). Jag blev dessutom v\u00e4lkomnad som f\u00f6rsamlingspr\u00e4st i Ledsj\u00f6 (i f\u00f6rrg\u00e5r blev jag [&hellip;]\" \/>\n<meta property=\"og:url\" content=\"https:\/\/blogg.svenskakyrkan.se\/vandravagen\/2014\/01\/07\/trettondag-jul\/\" \/>\n<meta property=\"og:site_name\" content=\"Vandra V\u00e4gen\" \/>\n<meta property=\"article:publisher\" content=\"http:\/\/facebook.com\/vandravagen\" \/>\n<meta property=\"article:published_time\" content=\"2014-01-07T07:52:00+00:00\" \/>\n<meta property=\"og:image\" content=\"http:\/\/3.bp.blogspot.com\/-kbTWNxLS0pk\/UsuivL68hDI\/AAAAAAAAGhA\/UScY2PgQB8Q\/s1600\/06+VENICE+THE+MAGIS.JPG\" \/>\n<meta name=\"author\" content=\"Tomas Jarvid\" \/>\n<meta name=\"twitter:card\" content=\"summary_large_image\" \/>\n<meta name=\"twitter:creator\" content=\"@fadertomas\" \/>\n<meta name=\"twitter:site\" content=\"@fadertomas\" \/>\n<meta name=\"twitter:label1\" content=\"Skriven av\" \/>\n\t<meta name=\"twitter:data1\" content=\"Tomas Jarvid\" \/>\n\t<meta name=\"twitter:label2\" content=\"Ber\u00e4knad l\u00e4stid\" \/>\n\t<meta name=\"twitter:data2\" content=\"6 minuter\" \/>\n<script type=\"application\/ld+json\" class=\"yoast-schema-graph\">{\"@context\":\"https:\/\/schema.org\",\"@graph\":[{\"@type\":\"Article\",\"@id\":\"https:\/\/blogg.svenskakyrkan.se\/vandravagen\/2014\/01\/07\/trettondag-jul\/#article\",\"isPartOf\":{\"@id\":\"https:\/\/blogg.svenskakyrkan.se\/vandravagen\/2014\/01\/07\/trettondag-jul\/\"},\"author\":{\"name\":\"Tomas Jarvid\",\"@id\":\"https:\/\/blogg.svenskakyrkan.se\/vandravagen\/#\/schema\/person\/25da02d4f76b137d04291711e2c9fc16\"},\"headline\":\"Trettondag jul\",\"datePublished\":\"2014-01-07T07:52:00+00:00\",\"mainEntityOfPage\":{\"@id\":\"https:\/\/blogg.svenskakyrkan.se\/vandravagen\/2014\/01\/07\/trettondag-jul\/\"},\"wordCount\":1143,\"commentCount\":4,\"publisher\":{\"@id\":\"https:\/\/blogg.svenskakyrkan.se\/vandravagen\/#organization\"},\"image\":{\"@id\":\"https:\/\/blogg.svenskakyrkan.se\/vandravagen\/2014\/01\/07\/trettondag-jul\/#primaryimage\"},\"thumbnailUrl\":\"http:\/\/3.bp.blogspot.com\/-kbTWNxLS0pk\/UsuivL68hDI\/AAAAAAAAGhA\/UScY2PgQB8Q\/s1600\/06+VENICE+THE+MAGIS.JPG\",\"articleSection\":[\"Bibeln\",\"Dagens Kyrka\",\"kyrko\u00e5ret\"],\"inLanguage\":\"sv-SE\",\"potentialAction\":[{\"@type\":\"CommentAction\",\"name\":\"Comment\",\"target\":[\"https:\/\/blogg.svenskakyrkan.se\/vandravagen\/2014\/01\/07\/trettondag-jul\/#respond\"]}]},{\"@type\":\"WebPage\",\"@id\":\"https:\/\/blogg.svenskakyrkan.se\/vandravagen\/2014\/01\/07\/trettondag-jul\/\",\"url\":\"https:\/\/blogg.svenskakyrkan.se\/vandravagen\/2014\/01\/07\/trettondag-jul\/\",\"name\":\"Trettondag jul - Vandra V\u00e4gen\",\"isPartOf\":{\"@id\":\"https:\/\/blogg.svenskakyrkan.se\/vandravagen\/#website\"},\"primaryImageOfPage\":{\"@id\":\"https:\/\/blogg.svenskakyrkan.se\/vandravagen\/2014\/01\/07\/trettondag-jul\/#primaryimage\"},\"image\":{\"@id\":\"https:\/\/blogg.svenskakyrkan.se\/vandravagen\/2014\/01\/07\/trettondag-jul\/#primaryimage\"},\"thumbnailUrl\":\"http:\/\/3.bp.blogspot.com\/-kbTWNxLS0pk\/UsuivL68hDI\/AAAAAAAAGhA\/UScY2PgQB8Q\/s1600\/06+VENICE+THE+MAGIS.JPG\",\"datePublished\":\"2014-01-07T07:52:00+00:00\",\"breadcrumb\":{\"@id\":\"https:\/\/blogg.svenskakyrkan.se\/vandravagen\/2014\/01\/07\/trettondag-jul\/#breadcrumb\"},\"inLanguage\":\"sv-SE\",\"potentialAction\":[{\"@type\":\"ReadAction\",\"target\":[\"https:\/\/blogg.svenskakyrkan.se\/vandravagen\/2014\/01\/07\/trettondag-jul\/\"]}]},{\"@type\":\"ImageObject\",\"inLanguage\":\"sv-SE\",\"@id\":\"https:\/\/blogg.svenskakyrkan.se\/vandravagen\/2014\/01\/07\/trettondag-jul\/#primaryimage\",\"url\":\"http:\/\/3.bp.blogspot.com\/-kbTWNxLS0pk\/UsuivL68hDI\/AAAAAAAAGhA\/UScY2PgQB8Q\/s1600\/06+VENICE+THE+MAGIS.JPG\",\"contentUrl\":\"http:\/\/3.bp.blogspot.com\/-kbTWNxLS0pk\/UsuivL68hDI\/AAAAAAAAGhA\/UScY2PgQB8Q\/s1600\/06+VENICE+THE+MAGIS.JPG\"},{\"@type\":\"BreadcrumbList\",\"@id\":\"https:\/\/blogg.svenskakyrkan.se\/vandravagen\/2014\/01\/07\/trettondag-jul\/#breadcrumb\",\"itemListElement\":[{\"@type\":\"ListItem\",\"position\":1,\"name\":\"Hem\",\"item\":\"https:\/\/blogg.svenskakyrkan.se\/vandravagen\/\"},{\"@type\":\"ListItem\",\"position\":2,\"name\":\"Trettondag jul\"}]},{\"@type\":\"WebSite\",\"@id\":\"https:\/\/blogg.svenskakyrkan.se\/vandravagen\/#website\",\"url\":\"https:\/\/blogg.svenskakyrkan.se\/vandravagen\/\",\"name\":\"Vandra V\u00e4gen\",\"description\":\"-Mot en tro f\u00f6r hela livet\",\"publisher\":{\"@id\":\"https:\/\/blogg.svenskakyrkan.se\/vandravagen\/#organization\"},\"potentialAction\":[{\"@type\":\"SearchAction\",\"target\":{\"@type\":\"EntryPoint\",\"urlTemplate\":\"https:\/\/blogg.svenskakyrkan.se\/vandravagen\/?s={search_term_string}\"},\"query-input\":{\"@type\":\"PropertyValueSpecification\",\"valueRequired\":true,\"valueName\":\"search_term_string\"}}],\"inLanguage\":\"sv-SE\"},{\"@type\":\"Organization\",\"@id\":\"https:\/\/blogg.svenskakyrkan.se\/vandravagen\/#organization\",\"name\":\"ulricehamns pastorat\",\"alternateName\":\"ulricehamns pastorat\",\"url\":\"https:\/\/blogg.svenskakyrkan.se\/vandravagen\/\",\"logo\":{\"@type\":\"ImageObject\",\"inLanguage\":\"sv-SE\",\"@id\":\"https:\/\/blogg.svenskakyrkan.se\/vandravagen\/#\/schema\/logo\/image\/\",\"url\":\"https:\/\/blogg.svenskakyrkan.se\/vandravagen\/files\/2023\/05\/Ulr_logo_RGB.png\",\"contentUrl\":\"https:\/\/blogg.svenskakyrkan.se\/vandravagen\/files\/2023\/05\/Ulr_logo_RGB.png\",\"width\":205,\"height\":77,\"caption\":\"ulricehamns pastorat\"},\"image\":{\"@id\":\"https:\/\/blogg.svenskakyrkan.se\/vandravagen\/#\/schema\/logo\/image\/\"},\"sameAs\":[\"http:\/\/facebook.com\/vandravagen\",\"https:\/\/x.com\/fadertomas\",\"http:\/\/www.facebook.com\/svenskakyrkaniulricehamn\"]},{\"@type\":\"Person\",\"@id\":\"https:\/\/blogg.svenskakyrkan.se\/vandravagen\/#\/schema\/person\/25da02d4f76b137d04291711e2c9fc16\",\"name\":\"Tomas Jarvid\",\"image\":{\"@type\":\"ImageObject\",\"inLanguage\":\"sv-SE\",\"@id\":\"https:\/\/blogg.svenskakyrkan.se\/vandravagen\/#\/schema\/person\/image\/\",\"url\":\"https:\/\/secure.gravatar.com\/avatar\/7fa71899795e8f540f615a1f5ab25255dc27aa40f05ee7ddd21aac521e01bf50?s=96&d=identicon&r=g\",\"contentUrl\":\"https:\/\/secure.gravatar.com\/avatar\/7fa71899795e8f540f615a1f5ab25255dc27aa40f05ee7ddd21aac521e01bf50?s=96&d=identicon&r=g\",\"caption\":\"Tomas Jarvid\"},\"description\":\"Jag bor i Ulricehamn i V\u00e4sterg\u00f6tland och \u00e4r f\u00f6rsamlingspr\u00e4st i Svenska Kyrkan f\u00f6r Dalstorps f\u00f6rsamling i Kinds pastorat. P\u00e5 den h\u00e4r bloggen skriver jag ner tankar om vandringen som kristen.\",\"sameAs\":[\"http:\/\/www.vandravagen.se\"],\"url\":\"https:\/\/blogg.svenskakyrkan.se\/vandravagen\/author\/vandravagen\/\"}]}<\/script>\n<!-- \/ Yoast SEO plugin. -->","yoast_head_json":{"title":"Trettondag jul - Vandra V\u00e4gen","robots":{"index":"index","follow":"follow","max-snippet":"max-snippet:-1","max-image-preview":"max-image-preview:large","max-video-preview":"max-video-preview:-1"},"canonical":"https:\/\/blogg.svenskakyrkan.se\/vandravagen\/2014\/01\/07\/trettondag-jul\/","og_locale":"sv_SE","og_type":"article","og_title":"Trettondag jul - Vandra V\u00e4gen","og_description":"Kungar tre p\u00e5 marsch man kunde se Ig\u00e5r blev det en podpredikan utan text. Idag blir det en betraktelse fr\u00e5n g\u00e5rdagens musikgudstj\u00e4nst i Ledsj\u00f6, fast utan ljudsp\u00e5r. Ig\u00e5r sj\u00f6ng vi ut julen med k\u00f6r och f\u00f6rsamling (fast den varar ju till p\u00e5ska? Fasta?). Jag blev dessutom v\u00e4lkomnad som f\u00f6rsamlingspr\u00e4st i Ledsj\u00f6 (i f\u00f6rrg\u00e5r blev jag [&hellip;]","og_url":"https:\/\/blogg.svenskakyrkan.se\/vandravagen\/2014\/01\/07\/trettondag-jul\/","og_site_name":"Vandra V\u00e4gen","article_publisher":"http:\/\/facebook.com\/vandravagen","article_published_time":"2014-01-07T07:52:00+00:00","og_image":[{"url":"http:\/\/3.bp.blogspot.com\/-kbTWNxLS0pk\/UsuivL68hDI\/AAAAAAAAGhA\/UScY2PgQB8Q\/s1600\/06+VENICE+THE+MAGIS.JPG","type":"","width":"","height":""}],"author":"Tomas Jarvid","twitter_card":"summary_large_image","twitter_creator":"@fadertomas","twitter_site":"@fadertomas","twitter_misc":{"Skriven av":"Tomas Jarvid","Ber\u00e4knad l\u00e4stid":"6 minuter"},"schema":{"@context":"https:\/\/schema.org","@graph":[{"@type":"Article","@id":"https:\/\/blogg.svenskakyrkan.se\/vandravagen\/2014\/01\/07\/trettondag-jul\/#article","isPartOf":{"@id":"https:\/\/blogg.svenskakyrkan.se\/vandravagen\/2014\/01\/07\/trettondag-jul\/"},"author":{"name":"Tomas Jarvid","@id":"https:\/\/blogg.svenskakyrkan.se\/vandravagen\/#\/schema\/person\/25da02d4f76b137d04291711e2c9fc16"},"headline":"Trettondag jul","datePublished":"2014-01-07T07:52:00+00:00","mainEntityOfPage":{"@id":"https:\/\/blogg.svenskakyrkan.se\/vandravagen\/2014\/01\/07\/trettondag-jul\/"},"wordCount":1143,"commentCount":4,"publisher":{"@id":"https:\/\/blogg.svenskakyrkan.se\/vandravagen\/#organization"},"image":{"@id":"https:\/\/blogg.svenskakyrkan.se\/vandravagen\/2014\/01\/07\/trettondag-jul\/#primaryimage"},"thumbnailUrl":"http:\/\/3.bp.blogspot.com\/-kbTWNxLS0pk\/UsuivL68hDI\/AAAAAAAAGhA\/UScY2PgQB8Q\/s1600\/06+VENICE+THE+MAGIS.JPG","articleSection":["Bibeln","Dagens Kyrka","kyrko\u00e5ret"],"inLanguage":"sv-SE","potentialAction":[{"@type":"CommentAction","name":"Comment","target":["https:\/\/blogg.svenskakyrkan.se\/vandravagen\/2014\/01\/07\/trettondag-jul\/#respond"]}]},{"@type":"WebPage","@id":"https:\/\/blogg.svenskakyrkan.se\/vandravagen\/2014\/01\/07\/trettondag-jul\/","url":"https:\/\/blogg.svenskakyrkan.se\/vandravagen\/2014\/01\/07\/trettondag-jul\/","name":"Trettondag jul - Vandra V\u00e4gen","isPartOf":{"@id":"https:\/\/blogg.svenskakyrkan.se\/vandravagen\/#website"},"primaryImageOfPage":{"@id":"https:\/\/blogg.svenskakyrkan.se\/vandravagen\/2014\/01\/07\/trettondag-jul\/#primaryimage"},"image":{"@id":"https:\/\/blogg.svenskakyrkan.se\/vandravagen\/2014\/01\/07\/trettondag-jul\/#primaryimage"},"thumbnailUrl":"http:\/\/3.bp.blogspot.com\/-kbTWNxLS0pk\/UsuivL68hDI\/AAAAAAAAGhA\/UScY2PgQB8Q\/s1600\/06+VENICE+THE+MAGIS.JPG","datePublished":"2014-01-07T07:52:00+00:00","breadcrumb":{"@id":"https:\/\/blogg.svenskakyrkan.se\/vandravagen\/2014\/01\/07\/trettondag-jul\/#breadcrumb"},"inLanguage":"sv-SE","potentialAction":[{"@type":"ReadAction","target":["https:\/\/blogg.svenskakyrkan.se\/vandravagen\/2014\/01\/07\/trettondag-jul\/"]}]},{"@type":"ImageObject","inLanguage":"sv-SE","@id":"https:\/\/blogg.svenskakyrkan.se\/vandravagen\/2014\/01\/07\/trettondag-jul\/#primaryimage","url":"http:\/\/3.bp.blogspot.com\/-kbTWNxLS0pk\/UsuivL68hDI\/AAAAAAAAGhA\/UScY2PgQB8Q\/s1600\/06+VENICE+THE+MAGIS.JPG","contentUrl":"http:\/\/3.bp.blogspot.com\/-kbTWNxLS0pk\/UsuivL68hDI\/AAAAAAAAGhA\/UScY2PgQB8Q\/s1600\/06+VENICE+THE+MAGIS.JPG"},{"@type":"BreadcrumbList","@id":"https:\/\/blogg.svenskakyrkan.se\/vandravagen\/2014\/01\/07\/trettondag-jul\/#breadcrumb","itemListElement":[{"@type":"ListItem","position":1,"name":"Hem","item":"https:\/\/blogg.svenskakyrkan.se\/vandravagen\/"},{"@type":"ListItem","position":2,"name":"Trettondag jul"}]},{"@type":"WebSite","@id":"https:\/\/blogg.svenskakyrkan.se\/vandravagen\/#website","url":"https:\/\/blogg.svenskakyrkan.se\/vandravagen\/","name":"Vandra V\u00e4gen","description":"-Mot en tro f\u00f6r hela livet","publisher":{"@id":"https:\/\/blogg.svenskakyrkan.se\/vandravagen\/#organization"},"potentialAction":[{"@type":"SearchAction","target":{"@type":"EntryPoint","urlTemplate":"https:\/\/blogg.svenskakyrkan.se\/vandravagen\/?s={search_term_string}"},"query-input":{"@type":"PropertyValueSpecification","valueRequired":true,"valueName":"search_term_string"}}],"inLanguage":"sv-SE"},{"@type":"Organization","@id":"https:\/\/blogg.svenskakyrkan.se\/vandravagen\/#organization","name":"ulricehamns pastorat","alternateName":"ulricehamns pastorat","url":"https:\/\/blogg.svenskakyrkan.se\/vandravagen\/","logo":{"@type":"ImageObject","inLanguage":"sv-SE","@id":"https:\/\/blogg.svenskakyrkan.se\/vandravagen\/#\/schema\/logo\/image\/","url":"https:\/\/blogg.svenskakyrkan.se\/vandravagen\/files\/2023\/05\/Ulr_logo_RGB.png","contentUrl":"https:\/\/blogg.svenskakyrkan.se\/vandravagen\/files\/2023\/05\/Ulr_logo_RGB.png","width":205,"height":77,"caption":"ulricehamns pastorat"},"image":{"@id":"https:\/\/blogg.svenskakyrkan.se\/vandravagen\/#\/schema\/logo\/image\/"},"sameAs":["http:\/\/facebook.com\/vandravagen","https:\/\/x.com\/fadertomas","http:\/\/www.facebook.com\/svenskakyrkaniulricehamn"]},{"@type":"Person","@id":"https:\/\/blogg.svenskakyrkan.se\/vandravagen\/#\/schema\/person\/25da02d4f76b137d04291711e2c9fc16","name":"Tomas Jarvid","image":{"@type":"ImageObject","inLanguage":"sv-SE","@id":"https:\/\/blogg.svenskakyrkan.se\/vandravagen\/#\/schema\/person\/image\/","url":"https:\/\/secure.gravatar.com\/avatar\/7fa71899795e8f540f615a1f5ab25255dc27aa40f05ee7ddd21aac521e01bf50?s=96&d=identicon&r=g","contentUrl":"https:\/\/secure.gravatar.com\/avatar\/7fa71899795e8f540f615a1f5ab25255dc27aa40f05ee7ddd21aac521e01bf50?s=96&d=identicon&r=g","caption":"Tomas Jarvid"},"description":"Jag bor i Ulricehamn i V\u00e4sterg\u00f6tland och \u00e4r f\u00f6rsamlingspr\u00e4st i Svenska Kyrkan f\u00f6r Dalstorps f\u00f6rsamling i Kinds pastorat. P\u00e5 den h\u00e4r bloggen skriver jag ner tankar om vandringen som kristen.","sameAs":["http:\/\/www.vandravagen.se"],"url":"https:\/\/blogg.svenskakyrkan.se\/vandravagen\/author\/vandravagen\/"}]}},"author_meta":{"ID":"392","user_nicename":"vandravagen","user_url":"http:\/\/www.vandravagen.se","user_registered":"2014-05-19 05:44:52","display_name":"Tomas Jarvid","first_name":"Tomas","last_name":"Jarvid","avatar":"https:\/\/secure.gravatar.com\/avatar\/7fa71899795e8f540f615a1f5ab25255dc27aa40f05ee7ddd21aac521e01bf50?s=96&d=identicon&r=g"},"featured_image":false,"bloginfo":{"name":"Vandra V\u00e4gen","url":"https:\/\/blogg.svenskakyrkan.se\/vandravagen"},"_links":{"self":[{"href":"https:\/\/blogg.svenskakyrkan.se\/vandravagen\/wp-json\/wp\/v2\/posts\/217","targetHints":{"allow":["GET"]}}],"collection":[{"href":"https:\/\/blogg.svenskakyrkan.se\/vandravagen\/wp-json\/wp\/v2\/posts"}],"about":[{"href":"https:\/\/blogg.svenskakyrkan.se\/vandravagen\/wp-json\/wp\/v2\/types\/post"}],"author":[{"embeddable":true,"href":"https:\/\/blogg.svenskakyrkan.se\/vandravagen\/wp-json\/wp\/v2\/users\/392"}],"replies":[{"embeddable":true,"href":"https:\/\/blogg.svenskakyrkan.se\/vandravagen\/wp-json\/wp\/v2\/comments?post=217"}],"version-history":[{"count":0,"href":"https:\/\/blogg.svenskakyrkan.se\/vandravagen\/wp-json\/wp\/v2\/posts\/217\/revisions"}],"wp:attachment":[{"href":"https:\/\/blogg.svenskakyrkan.se\/vandravagen\/wp-json\/wp\/v2\/media?parent=217"}],"wp:term":[{"taxonomy":"category","embeddable":true,"href":"https:\/\/blogg.svenskakyrkan.se\/vandravagen\/wp-json\/wp\/v2\/categories?post=217"},{"taxonomy":"post_tag","embeddable":true,"href":"https:\/\/blogg.svenskakyrkan.se\/vandravagen\/wp-json\/wp\/v2\/tags?post=217"}],"curies":[{"name":"wp","href":"https:\/\/api.w.org\/{rel}","templated":true}]}}