{"id":220,"date":"2014-01-04T19:00:00","date_gmt":"2014-01-04T18:00:00","guid":{"rendered":"http:\/\/blogg.svenskakyrkan.se\/vandravagen\/2014\/01\/04\/psalm-i-midvintern-innan-gryningen\/"},"modified":"2014-01-04T19:00:00","modified_gmt":"2014-01-04T18:00:00","slug":"psalm-i-midvintern-innan-gryningen","status":"publish","type":"post","link":"https:\/\/blogg.svenskakyrkan.se\/vandravagen\/2014\/01\/04\/psalm-i-midvintern-innan-gryningen\/","title":{"rendered":"Psalm i midvintern, Innan gryningen"},"content":{"rendered":"<div><\/div>\n<div><\/div>\n<div>S\u00e5 h\u00e4r i midvinterm\u00f6rkret \u00e4r det givet att stanna upp inf\u00f6r den h\u00e4r fantasiska psalmen av Ylva Eggehorn och Benny Andersson. H\u00e4r framf\u00f6rd av folkmusikgruppen Triakel. V\u00e4ldigt fint, v\u00e4ldigt mycket att meditera \u00f6ver!<\/div>\n<div><\/div>\n<div><\/div>\n<div>S\u00e5 kom du d\u00e5 till sist. Du var en fr\u00e4mling<\/div>\n<div>en mytgestalt som jag h\u00f6rt talas om.<\/div>\n<div>S\u00e5 m\u00e5nga hade m\u00e5lat dina bilder<\/div>\n<div>men det var bortom bilderna du kom.<\/div>\n<div><\/div>\n<div>Vi trodde du var anv\u00e4ndbar, till salu<\/div>\n<div>vi skrev ditt namn p\u00e5 v\u00e5ra stridsban\u00e9r<\/div>\n<div>vi byggde katedraler h\u00f6gt mot himlen<\/div>\n<div>men du gick hela tiden l\u00e4nge ner.<\/div>\n<div><\/div>\n<div>Du \u00e4r ett barn som ligger p\u00e5 ett jordgolv<\/div>\n<div>du fryser om vi inte gripper in<\/div>\n<div>du r\u00f6r vid kroppar, hatar or\u00e4ttvisor<\/div>\n<div>du bjuder \u00e4lskande p\u00e5 moget vin.<\/div>\n<div><\/div>\n<div>Du stiger ut ur tomma gravar<\/div>\n<div>du \u00e4r en vind som s\u00e4ger: det bliv v\u00e5.<\/div>\n<div>Du kommer som en flykting \u00f6ver bergen<\/div>\n<div>du f\u00f6ljer oss dit ingen annan n\u00e5r.<\/div>\n<div><\/div>\n<div>Du \u00e4r den s\u00e5ng om livet som jag gl\u00f6mde<\/div>\n<div>den sanning jag f\u00f6rr\u00e5dde dag f\u00f6r dag.<\/div>\n<div>Jag svek mig sj\u00e4lv: den spegel som jag g\u00f6mde<\/div>\n<div>b\u00e4r dina br\u00e5ddjup, dina anletsdrag.<\/div>\n<div><\/div>\n<div>Kom n\u00e4rmare. Bli kvar hos mig. Det m\u00f6rknar<\/div>\n<div>och kanske ljusnar det p\u00e5 bytt igen.<\/div>\n<div>Ditt liv ska b\u00e4ra mig. Jag h\u00f6r en koltrast<\/div>\n<div>som sjunger timmen innan gryningen<\/div>\n<div><\/div>\n<div>Musik: Benny Andersson<\/div>\n<div>Text: Ylva Eggehorn<\/div>\n","protected":false},"excerpt":{"rendered":"<p>S\u00e5 h\u00e4r i midvinterm\u00f6rkret \u00e4r det givet att stanna upp inf\u00f6r den h\u00e4r fantasiska psalmen av Ylva Eggehorn och Benny Andersson. H\u00e4r framf\u00f6rd av folkmusikgruppen Triakel. V\u00e4ldigt fint, v\u00e4ldigt mycket att meditera \u00f6ver! S\u00e5 kom du d\u00e5 till sist. Du var en fr\u00e4mling en mytgestalt som jag h\u00f6rt talas om. S\u00e5 m\u00e5nga hade m\u00e5lat dina [&hellip;]<\/p>\n","protected":false},"author":392,"featured_media":0,"comment_status":"open","ping_status":"open","sticky":false,"template":"","format":"standard","meta":{"_acf_changed":false,"footnotes":""},"categories":[8252,8266],"tags":[],"class_list":["post-220","post","type-post","status-publish","format-standard","hentry","category-kyrkoaret","category-musik"],"acf":[],"yoast_head":"<!-- This site is optimized with the Yoast SEO plugin v27.1.1 - https:\/\/yoast.com\/product\/yoast-seo-wordpress\/ -->\n<title>Psalm i midvintern, Innan gryningen - Vandra V\u00e4gen<\/title>\n<meta name=\"robots\" content=\"index, follow, max-snippet:-1, max-image-preview:large, max-video-preview:-1\" \/>\n<link rel=\"canonical\" href=\"https:\/\/blogg.svenskakyrkan.se\/vandravagen\/2014\/01\/04\/psalm-i-midvintern-innan-gryningen\/\" \/>\n<meta property=\"og:locale\" content=\"sv_SE\" \/>\n<meta property=\"og:type\" content=\"article\" \/>\n<meta property=\"og:title\" content=\"Psalm i midvintern, Innan gryningen - Vandra V\u00e4gen\" \/>\n<meta property=\"og:description\" content=\"S\u00e5 h\u00e4r i midvinterm\u00f6rkret \u00e4r det givet att stanna upp inf\u00f6r den h\u00e4r fantasiska psalmen av Ylva Eggehorn och Benny Andersson. H\u00e4r framf\u00f6rd av folkmusikgruppen Triakel. V\u00e4ldigt fint, v\u00e4ldigt mycket att meditera \u00f6ver! S\u00e5 kom du d\u00e5 till sist. Du var en fr\u00e4mling en mytgestalt som jag h\u00f6rt talas om. S\u00e5 m\u00e5nga hade m\u00e5lat dina [&hellip;]\" \/>\n<meta property=\"og:url\" content=\"https:\/\/blogg.svenskakyrkan.se\/vandravagen\/2014\/01\/04\/psalm-i-midvintern-innan-gryningen\/\" \/>\n<meta property=\"og:site_name\" content=\"Vandra V\u00e4gen\" \/>\n<meta property=\"article:publisher\" content=\"http:\/\/facebook.com\/vandravagen\" \/>\n<meta property=\"article:published_time\" content=\"2014-01-04T18:00:00+00:00\" \/>\n<meta name=\"author\" content=\"Tomas Jarvid\" \/>\n<meta name=\"twitter:card\" content=\"summary_large_image\" \/>\n<meta name=\"twitter:creator\" content=\"@fadertomas\" \/>\n<meta name=\"twitter:site\" content=\"@fadertomas\" \/>\n<meta name=\"twitter:label1\" content=\"Skriven av\" \/>\n\t<meta name=\"twitter:data1\" content=\"Tomas Jarvid\" \/>\n\t<meta name=\"twitter:label2\" content=\"Ber\u00e4knad l\u00e4stid\" \/>\n\t<meta name=\"twitter:data2\" content=\"1 minut\" \/>\n<script type=\"application\/ld+json\" class=\"yoast-schema-graph\">{\"@context\":\"https:\/\/schema.org\",\"@graph\":[{\"@type\":\"Article\",\"@id\":\"https:\/\/blogg.svenskakyrkan.se\/vandravagen\/2014\/01\/04\/psalm-i-midvintern-innan-gryningen\/#article\",\"isPartOf\":{\"@id\":\"https:\/\/blogg.svenskakyrkan.se\/vandravagen\/2014\/01\/04\/psalm-i-midvintern-innan-gryningen\/\"},\"author\":{\"name\":\"Tomas Jarvid\",\"@id\":\"https:\/\/blogg.svenskakyrkan.se\/vandravagen\/#\/schema\/person\/25da02d4f76b137d04291711e2c9fc16\"},\"headline\":\"Psalm i midvintern, Innan gryningen\",\"datePublished\":\"2014-01-04T18:00:00+00:00\",\"mainEntityOfPage\":{\"@id\":\"https:\/\/blogg.svenskakyrkan.se\/vandravagen\/2014\/01\/04\/psalm-i-midvintern-innan-gryningen\/\"},\"wordCount\":252,\"commentCount\":1,\"publisher\":{\"@id\":\"https:\/\/blogg.svenskakyrkan.se\/vandravagen\/#organization\"},\"articleSection\":[\"kyrko\u00e5ret\",\"musik\"],\"inLanguage\":\"sv-SE\",\"potentialAction\":[{\"@type\":\"CommentAction\",\"name\":\"Comment\",\"target\":[\"https:\/\/blogg.svenskakyrkan.se\/vandravagen\/2014\/01\/04\/psalm-i-midvintern-innan-gryningen\/#respond\"]}]},{\"@type\":\"WebPage\",\"@id\":\"https:\/\/blogg.svenskakyrkan.se\/vandravagen\/2014\/01\/04\/psalm-i-midvintern-innan-gryningen\/\",\"url\":\"https:\/\/blogg.svenskakyrkan.se\/vandravagen\/2014\/01\/04\/psalm-i-midvintern-innan-gryningen\/\",\"name\":\"Psalm i midvintern, Innan gryningen - Vandra V\u00e4gen\",\"isPartOf\":{\"@id\":\"https:\/\/blogg.svenskakyrkan.se\/vandravagen\/#website\"},\"datePublished\":\"2014-01-04T18:00:00+00:00\",\"breadcrumb\":{\"@id\":\"https:\/\/blogg.svenskakyrkan.se\/vandravagen\/2014\/01\/04\/psalm-i-midvintern-innan-gryningen\/#breadcrumb\"},\"inLanguage\":\"sv-SE\",\"potentialAction\":[{\"@type\":\"ReadAction\",\"target\":[\"https:\/\/blogg.svenskakyrkan.se\/vandravagen\/2014\/01\/04\/psalm-i-midvintern-innan-gryningen\/\"]}]},{\"@type\":\"BreadcrumbList\",\"@id\":\"https:\/\/blogg.svenskakyrkan.se\/vandravagen\/2014\/01\/04\/psalm-i-midvintern-innan-gryningen\/#breadcrumb\",\"itemListElement\":[{\"@type\":\"ListItem\",\"position\":1,\"name\":\"Hem\",\"item\":\"https:\/\/blogg.svenskakyrkan.se\/vandravagen\/\"},{\"@type\":\"ListItem\",\"position\":2,\"name\":\"Psalm i midvintern, Innan gryningen\"}]},{\"@type\":\"WebSite\",\"@id\":\"https:\/\/blogg.svenskakyrkan.se\/vandravagen\/#website\",\"url\":\"https:\/\/blogg.svenskakyrkan.se\/vandravagen\/\",\"name\":\"Vandra V\u00e4gen\",\"description\":\"-Mot en tro f\u00f6r hela livet\",\"publisher\":{\"@id\":\"https:\/\/blogg.svenskakyrkan.se\/vandravagen\/#organization\"},\"potentialAction\":[{\"@type\":\"SearchAction\",\"target\":{\"@type\":\"EntryPoint\",\"urlTemplate\":\"https:\/\/blogg.svenskakyrkan.se\/vandravagen\/?s={search_term_string}\"},\"query-input\":{\"@type\":\"PropertyValueSpecification\",\"valueRequired\":true,\"valueName\":\"search_term_string\"}}],\"inLanguage\":\"sv-SE\"},{\"@type\":\"Organization\",\"@id\":\"https:\/\/blogg.svenskakyrkan.se\/vandravagen\/#organization\",\"name\":\"ulricehamns pastorat\",\"alternateName\":\"ulricehamns pastorat\",\"url\":\"https:\/\/blogg.svenskakyrkan.se\/vandravagen\/\",\"logo\":{\"@type\":\"ImageObject\",\"inLanguage\":\"sv-SE\",\"@id\":\"https:\/\/blogg.svenskakyrkan.se\/vandravagen\/#\/schema\/logo\/image\/\",\"url\":\"https:\/\/blogg.svenskakyrkan.se\/vandravagen\/files\/2023\/05\/Ulr_logo_RGB.png\",\"contentUrl\":\"https:\/\/blogg.svenskakyrkan.se\/vandravagen\/files\/2023\/05\/Ulr_logo_RGB.png\",\"width\":205,\"height\":77,\"caption\":\"ulricehamns pastorat\"},\"image\":{\"@id\":\"https:\/\/blogg.svenskakyrkan.se\/vandravagen\/#\/schema\/logo\/image\/\"},\"sameAs\":[\"http:\/\/facebook.com\/vandravagen\",\"https:\/\/x.com\/fadertomas\",\"http:\/\/www.facebook.com\/svenskakyrkaniulricehamn\"]},{\"@type\":\"Person\",\"@id\":\"https:\/\/blogg.svenskakyrkan.se\/vandravagen\/#\/schema\/person\/25da02d4f76b137d04291711e2c9fc16\",\"name\":\"Tomas Jarvid\",\"image\":{\"@type\":\"ImageObject\",\"inLanguage\":\"sv-SE\",\"@id\":\"https:\/\/blogg.svenskakyrkan.se\/vandravagen\/#\/schema\/person\/image\/\",\"url\":\"https:\/\/secure.gravatar.com\/avatar\/7fa71899795e8f540f615a1f5ab25255dc27aa40f05ee7ddd21aac521e01bf50?s=96&d=identicon&r=g\",\"contentUrl\":\"https:\/\/secure.gravatar.com\/avatar\/7fa71899795e8f540f615a1f5ab25255dc27aa40f05ee7ddd21aac521e01bf50?s=96&d=identicon&r=g\",\"caption\":\"Tomas Jarvid\"},\"description\":\"Jag bor i Ulricehamn i V\u00e4sterg\u00f6tland och \u00e4r f\u00f6rsamlingspr\u00e4st i Svenska Kyrkan f\u00f6r Dalstorps f\u00f6rsamling i Kinds pastorat. P\u00e5 den h\u00e4r bloggen skriver jag ner tankar om vandringen som kristen.\",\"sameAs\":[\"http:\/\/www.vandravagen.se\"],\"url\":\"https:\/\/blogg.svenskakyrkan.se\/vandravagen\/author\/vandravagen\/\"}]}<\/script>\n<!-- \/ Yoast SEO plugin. -->","yoast_head_json":{"title":"Psalm i midvintern, Innan gryningen - Vandra V\u00e4gen","robots":{"index":"index","follow":"follow","max-snippet":"max-snippet:-1","max-image-preview":"max-image-preview:large","max-video-preview":"max-video-preview:-1"},"canonical":"https:\/\/blogg.svenskakyrkan.se\/vandravagen\/2014\/01\/04\/psalm-i-midvintern-innan-gryningen\/","og_locale":"sv_SE","og_type":"article","og_title":"Psalm i midvintern, Innan gryningen - Vandra V\u00e4gen","og_description":"S\u00e5 h\u00e4r i midvinterm\u00f6rkret \u00e4r det givet att stanna upp inf\u00f6r den h\u00e4r fantasiska psalmen av Ylva Eggehorn och Benny Andersson. H\u00e4r framf\u00f6rd av folkmusikgruppen Triakel. V\u00e4ldigt fint, v\u00e4ldigt mycket att meditera \u00f6ver! S\u00e5 kom du d\u00e5 till sist. Du var en fr\u00e4mling en mytgestalt som jag h\u00f6rt talas om. S\u00e5 m\u00e5nga hade m\u00e5lat dina [&hellip;]","og_url":"https:\/\/blogg.svenskakyrkan.se\/vandravagen\/2014\/01\/04\/psalm-i-midvintern-innan-gryningen\/","og_site_name":"Vandra V\u00e4gen","article_publisher":"http:\/\/facebook.com\/vandravagen","article_published_time":"2014-01-04T18:00:00+00:00","author":"Tomas Jarvid","twitter_card":"summary_large_image","twitter_creator":"@fadertomas","twitter_site":"@fadertomas","twitter_misc":{"Skriven av":"Tomas Jarvid","Ber\u00e4knad l\u00e4stid":"1 minut"},"schema":{"@context":"https:\/\/schema.org","@graph":[{"@type":"Article","@id":"https:\/\/blogg.svenskakyrkan.se\/vandravagen\/2014\/01\/04\/psalm-i-midvintern-innan-gryningen\/#article","isPartOf":{"@id":"https:\/\/blogg.svenskakyrkan.se\/vandravagen\/2014\/01\/04\/psalm-i-midvintern-innan-gryningen\/"},"author":{"name":"Tomas Jarvid","@id":"https:\/\/blogg.svenskakyrkan.se\/vandravagen\/#\/schema\/person\/25da02d4f76b137d04291711e2c9fc16"},"headline":"Psalm i midvintern, Innan gryningen","datePublished":"2014-01-04T18:00:00+00:00","mainEntityOfPage":{"@id":"https:\/\/blogg.svenskakyrkan.se\/vandravagen\/2014\/01\/04\/psalm-i-midvintern-innan-gryningen\/"},"wordCount":252,"commentCount":1,"publisher":{"@id":"https:\/\/blogg.svenskakyrkan.se\/vandravagen\/#organization"},"articleSection":["kyrko\u00e5ret","musik"],"inLanguage":"sv-SE","potentialAction":[{"@type":"CommentAction","name":"Comment","target":["https:\/\/blogg.svenskakyrkan.se\/vandravagen\/2014\/01\/04\/psalm-i-midvintern-innan-gryningen\/#respond"]}]},{"@type":"WebPage","@id":"https:\/\/blogg.svenskakyrkan.se\/vandravagen\/2014\/01\/04\/psalm-i-midvintern-innan-gryningen\/","url":"https:\/\/blogg.svenskakyrkan.se\/vandravagen\/2014\/01\/04\/psalm-i-midvintern-innan-gryningen\/","name":"Psalm i midvintern, Innan gryningen - Vandra V\u00e4gen","isPartOf":{"@id":"https:\/\/blogg.svenskakyrkan.se\/vandravagen\/#website"},"datePublished":"2014-01-04T18:00:00+00:00","breadcrumb":{"@id":"https:\/\/blogg.svenskakyrkan.se\/vandravagen\/2014\/01\/04\/psalm-i-midvintern-innan-gryningen\/#breadcrumb"},"inLanguage":"sv-SE","potentialAction":[{"@type":"ReadAction","target":["https:\/\/blogg.svenskakyrkan.se\/vandravagen\/2014\/01\/04\/psalm-i-midvintern-innan-gryningen\/"]}]},{"@type":"BreadcrumbList","@id":"https:\/\/blogg.svenskakyrkan.se\/vandravagen\/2014\/01\/04\/psalm-i-midvintern-innan-gryningen\/#breadcrumb","itemListElement":[{"@type":"ListItem","position":1,"name":"Hem","item":"https:\/\/blogg.svenskakyrkan.se\/vandravagen\/"},{"@type":"ListItem","position":2,"name":"Psalm i midvintern, Innan gryningen"}]},{"@type":"WebSite","@id":"https:\/\/blogg.svenskakyrkan.se\/vandravagen\/#website","url":"https:\/\/blogg.svenskakyrkan.se\/vandravagen\/","name":"Vandra V\u00e4gen","description":"-Mot en tro f\u00f6r hela livet","publisher":{"@id":"https:\/\/blogg.svenskakyrkan.se\/vandravagen\/#organization"},"potentialAction":[{"@type":"SearchAction","target":{"@type":"EntryPoint","urlTemplate":"https:\/\/blogg.svenskakyrkan.se\/vandravagen\/?s={search_term_string}"},"query-input":{"@type":"PropertyValueSpecification","valueRequired":true,"valueName":"search_term_string"}}],"inLanguage":"sv-SE"},{"@type":"Organization","@id":"https:\/\/blogg.svenskakyrkan.se\/vandravagen\/#organization","name":"ulricehamns pastorat","alternateName":"ulricehamns pastorat","url":"https:\/\/blogg.svenskakyrkan.se\/vandravagen\/","logo":{"@type":"ImageObject","inLanguage":"sv-SE","@id":"https:\/\/blogg.svenskakyrkan.se\/vandravagen\/#\/schema\/logo\/image\/","url":"https:\/\/blogg.svenskakyrkan.se\/vandravagen\/files\/2023\/05\/Ulr_logo_RGB.png","contentUrl":"https:\/\/blogg.svenskakyrkan.se\/vandravagen\/files\/2023\/05\/Ulr_logo_RGB.png","width":205,"height":77,"caption":"ulricehamns pastorat"},"image":{"@id":"https:\/\/blogg.svenskakyrkan.se\/vandravagen\/#\/schema\/logo\/image\/"},"sameAs":["http:\/\/facebook.com\/vandravagen","https:\/\/x.com\/fadertomas","http:\/\/www.facebook.com\/svenskakyrkaniulricehamn"]},{"@type":"Person","@id":"https:\/\/blogg.svenskakyrkan.se\/vandravagen\/#\/schema\/person\/25da02d4f76b137d04291711e2c9fc16","name":"Tomas Jarvid","image":{"@type":"ImageObject","inLanguage":"sv-SE","@id":"https:\/\/blogg.svenskakyrkan.se\/vandravagen\/#\/schema\/person\/image\/","url":"https:\/\/secure.gravatar.com\/avatar\/7fa71899795e8f540f615a1f5ab25255dc27aa40f05ee7ddd21aac521e01bf50?s=96&d=identicon&r=g","contentUrl":"https:\/\/secure.gravatar.com\/avatar\/7fa71899795e8f540f615a1f5ab25255dc27aa40f05ee7ddd21aac521e01bf50?s=96&d=identicon&r=g","caption":"Tomas Jarvid"},"description":"Jag bor i Ulricehamn i V\u00e4sterg\u00f6tland och \u00e4r f\u00f6rsamlingspr\u00e4st i Svenska Kyrkan f\u00f6r Dalstorps f\u00f6rsamling i Kinds pastorat. P\u00e5 den h\u00e4r bloggen skriver jag ner tankar om vandringen som kristen.","sameAs":["http:\/\/www.vandravagen.se"],"url":"https:\/\/blogg.svenskakyrkan.se\/vandravagen\/author\/vandravagen\/"}]}},"author_meta":{"ID":"392","user_nicename":"vandravagen","user_url":"http:\/\/www.vandravagen.se","user_registered":"2014-05-19 05:44:52","display_name":"Tomas Jarvid","first_name":"Tomas","last_name":"Jarvid","avatar":"https:\/\/secure.gravatar.com\/avatar\/7fa71899795e8f540f615a1f5ab25255dc27aa40f05ee7ddd21aac521e01bf50?s=96&d=identicon&r=g"},"featured_image":false,"bloginfo":{"name":"Vandra V\u00e4gen","url":"https:\/\/blogg.svenskakyrkan.se\/vandravagen"},"_links":{"self":[{"href":"https:\/\/blogg.svenskakyrkan.se\/vandravagen\/wp-json\/wp\/v2\/posts\/220","targetHints":{"allow":["GET"]}}],"collection":[{"href":"https:\/\/blogg.svenskakyrkan.se\/vandravagen\/wp-json\/wp\/v2\/posts"}],"about":[{"href":"https:\/\/blogg.svenskakyrkan.se\/vandravagen\/wp-json\/wp\/v2\/types\/post"}],"author":[{"embeddable":true,"href":"https:\/\/blogg.svenskakyrkan.se\/vandravagen\/wp-json\/wp\/v2\/users\/392"}],"replies":[{"embeddable":true,"href":"https:\/\/blogg.svenskakyrkan.se\/vandravagen\/wp-json\/wp\/v2\/comments?post=220"}],"version-history":[{"count":0,"href":"https:\/\/blogg.svenskakyrkan.se\/vandravagen\/wp-json\/wp\/v2\/posts\/220\/revisions"}],"wp:attachment":[{"href":"https:\/\/blogg.svenskakyrkan.se\/vandravagen\/wp-json\/wp\/v2\/media?parent=220"}],"wp:term":[{"taxonomy":"category","embeddable":true,"href":"https:\/\/blogg.svenskakyrkan.se\/vandravagen\/wp-json\/wp\/v2\/categories?post=220"},{"taxonomy":"post_tag","embeddable":true,"href":"https:\/\/blogg.svenskakyrkan.se\/vandravagen\/wp-json\/wp\/v2\/tags?post=220"}],"curies":[{"name":"wp","href":"https:\/\/api.w.org\/{rel}","templated":true}]}}