{"id":225,"date":"2013-12-31T09:27:00","date_gmt":"2013-12-31T08:27:00","guid":{"rendered":"http:\/\/blogg.svenskakyrkan.se\/vandravagen\/2013\/12\/31\/minibibelstudium-vad-ar-ett-evangelium\/"},"modified":"2013-12-31T09:27:00","modified_gmt":"2013-12-31T08:27:00","slug":"minibibelstudium-vad-ar-ett-evangelium","status":"publish","type":"post","link":"https:\/\/blogg.svenskakyrkan.se\/vandravagen\/2013\/12\/31\/minibibelstudium-vad-ar-ett-evangelium\/","title":{"rendered":"Minibibelstudium: vad \u00e4r ett evangelium?"},"content":{"rendered":"<table align=\"center\" cellpadding=\"0\" cellspacing=\"0\">\n<tbody>\n<tr>\n<td><a href=\"http:\/\/2.bp.blogspot.com\/-fElDLwHhdok\/UsJxyEG__dI\/AAAAAAAAGaE\/KQnWJivvKvw\/s1600\/IMG_3875.JPG\"><img loading=\"lazy\" decoding=\"async\" border=\"0\" src=\"http:\/\/2.bp.blogspot.com\/-fElDLwHhdok\/UsJxyEG__dI\/AAAAAAAAGaE\/KQnWJivvKvw\/s1600\/IMG_3875.JPG\" height=\"444\" width=\"640\"><\/a><\/td>\n<\/tr>\n<tr>\n<td>Vilt segerjubel vid andra v\u00e4rldskrigets slut!<\/td>\n<\/tr>\n<\/tbody>\n<\/table>\n<p>Idag blir det ett minibibelstudium p\u00e5 Vandra V\u00e4gen. Jag har ruvat p\u00e5 det sedan fj\u00e4rde s\u00f6ndagen i advent d\u00e5 det h\u00e4r stod i den gammaltestamentliga texten i gudstj\u00e4nsterna:<\/p>\n<div><span>7<\/span>H\u00e4rligt \u00e4r <b>att h\u00f6ra budb\u00e4rarens steg<\/b><\/div>\n<div><b>n\u00e4r han kommer \u00f6ver bergen,<\/b><\/div>\n<div><b>han som b\u00e4r bud om seger,<\/b><\/div>\n<div><b>som ropar ut goda nyheter,<\/b><\/div>\n<div><b>b\u00e4r bud om r\u00e4ddning<\/b><\/div>\n<div>och s\u00e4ger till Sion:<\/div>\n<div>\u201dDin Gud \u00e4r konung!\u201d<\/div>\n<div><span>8<\/span>H\u00f6r, dina v\u00e4ktare ropar och jublar.<\/div>\n<div>Med egna \u00f6gon ser de<\/div>\n<div>hur Herren v\u00e4nder \u00e5ter till Sion.<\/div>\n<div><span>9<\/span>Brist ut i jubel, Jerusalems ruiner,<\/div>\n<div>Herren tr\u00f6star sitt folk<\/div>\n<div>och frik\u00f6per Jerusalem.<\/div>\n<div><span>10<\/span>Herren visar sin makt och helighet<\/div>\n<div>inf\u00f6r alla folk,<\/div>\n<div>hela jorden skall se<\/div>\n<div>hur v\u00e5r Gud r\u00e4ddar oss. (Jesaja 52, bibel 2000)<\/div>\n<div><\/div>\n<div>Om man tar sig en titt i den grekiska \u00f6vers\u00e4ttningen av gamla testamentet (den var flitigt l\u00e4st parallellt med den hebreiska och kallas &#8221;Septuaginta&#8221; eller &#8221;LXX&#8221; eftersom den ska vara gjord av 70 judiska skriftl\u00e4rda) s\u00e5 hittar man n\u00e5got sp\u00e4nnande.<\/div>\n<div><\/div>\n<div>Budb\u00e4raren kommer \u00f6ver bergen med goda nyheter och det ord som anv\u00e4nds d\u00e5 \u00e4r v\u00e4lbekant; det st\u00e5r &#8221;euangelion&#8221;-evangelium! Evangelium \u00e4r ju f\u00f6r oss en specialterm f\u00f6r genren som \u00e4r ber\u00e4ttelserna om Jesus i nya testamentet men det hade en vardaglig betydelse fr\u00e5n b\u00f6rjan, innan det religi\u00f6sa spr\u00e5ket s\u00e5 att s\u00e4ga absorberade ordet. Som jag har f\u00f6rst\u00e5tt det var det bland annat en term just f\u00f6r segerbudskap. N\u00e4r budb\u00e4rare kom inst\u00f6rtande i en stad och ropade ut budskapet om en seger s\u00e5 att alla fick h\u00f6ra och gl\u00e4djas, d\u00e5 var det ett evangelium.<\/p>\n<p>Det \u00e4r bra att k\u00e4nna till s\u00e5dana h\u00e4r detaljer f\u00f6r det kan ocks\u00e5 hj\u00e4lpa oss att se med nya \u00f6gon p\u00e5 hur de f\u00f6rsta kristna s\u00e5g p\u00e5 sitt budskap. Budskapet om Jesus \u00e4r fantastiska nyheter som \u00e4r v\u00e4rda att ropa ut s\u00e5 att hela v\u00e4rlden f\u00e5r gl\u00e4dja sig tillsammans med oss \u00f6ver Jesu uppst\u00e5ndelse och seger. Om vi inte ser p\u00e5 evangeliet p\u00e5 det s\u00e4ttet (\u00e4n? l\u00e4ngre?) s\u00e5 kanske vi missat grejen med alltihop och beh\u00f6ver f\u00f6rdjupa oss?<\/p>\n<p>Jag vill ocks\u00e5 passa p\u00e5 att \u00f6nska dig ett gott slut och en ny b\u00f6rjan s\u00e5 h\u00e4r n\u00e4r 2013 byts i 2014. Det gamla d\u00f6r men det nya bryter fram, precis som i den kristna tron.<\/p><\/div>\n","protected":false},"excerpt":{"rendered":"<p>Vilt segerjubel vid andra v\u00e4rldskrigets slut! Idag blir det ett minibibelstudium p\u00e5 Vandra V\u00e4gen. Jag har ruvat p\u00e5 det sedan fj\u00e4rde s\u00f6ndagen i advent d\u00e5 det h\u00e4r stod i den gammaltestamentliga texten i gudstj\u00e4nsterna: 7H\u00e4rligt \u00e4r att h\u00f6ra budb\u00e4rarens steg n\u00e4r han kommer \u00f6ver bergen, han som b\u00e4r bud om seger, som ropar ut goda [&hellip;]<\/p>\n","protected":false},"author":392,"featured_media":0,"comment_status":"open","ping_status":"open","sticky":false,"template":"","format":"standard","meta":{"_acf_changed":false,"footnotes":""},"categories":[8298,76189,117],"tags":[],"class_list":["post-225","post","type-post","status-publish","format-standard","hentry","category-bibeln","category-dagens-kyrka","category-teologi"],"acf":[],"yoast_head":"<!-- This site is optimized with the Yoast SEO plugin v27.1.1 - https:\/\/yoast.com\/product\/yoast-seo-wordpress\/ -->\n<title>Minibibelstudium: vad \u00e4r ett evangelium? - Vandra V\u00e4gen<\/title>\n<meta name=\"robots\" content=\"index, follow, max-snippet:-1, max-image-preview:large, max-video-preview:-1\" \/>\n<link rel=\"canonical\" href=\"https:\/\/blogg.svenskakyrkan.se\/vandravagen\/2013\/12\/31\/minibibelstudium-vad-ar-ett-evangelium\/\" \/>\n<meta property=\"og:locale\" content=\"sv_SE\" \/>\n<meta property=\"og:type\" content=\"article\" \/>\n<meta property=\"og:title\" content=\"Minibibelstudium: vad \u00e4r ett evangelium? - Vandra V\u00e4gen\" \/>\n<meta property=\"og:description\" content=\"Vilt segerjubel vid andra v\u00e4rldskrigets slut! Idag blir det ett minibibelstudium p\u00e5 Vandra V\u00e4gen. Jag har ruvat p\u00e5 det sedan fj\u00e4rde s\u00f6ndagen i advent d\u00e5 det h\u00e4r stod i den gammaltestamentliga texten i gudstj\u00e4nsterna: 7H\u00e4rligt \u00e4r att h\u00f6ra budb\u00e4rarens steg n\u00e4r han kommer \u00f6ver bergen, han som b\u00e4r bud om seger, som ropar ut goda [&hellip;]\" \/>\n<meta property=\"og:url\" content=\"https:\/\/blogg.svenskakyrkan.se\/vandravagen\/2013\/12\/31\/minibibelstudium-vad-ar-ett-evangelium\/\" \/>\n<meta property=\"og:site_name\" content=\"Vandra V\u00e4gen\" \/>\n<meta property=\"article:publisher\" content=\"http:\/\/facebook.com\/vandravagen\" \/>\n<meta property=\"article:published_time\" content=\"2013-12-31T08:27:00+00:00\" \/>\n<meta property=\"og:image\" content=\"http:\/\/2.bp.blogspot.com\/-fElDLwHhdok\/UsJxyEG__dI\/AAAAAAAAGaE\/KQnWJivvKvw\/s1600\/IMG_3875.JPG\" \/>\n<meta name=\"author\" content=\"Tomas Jarvid\" \/>\n<meta name=\"twitter:card\" content=\"summary_large_image\" \/>\n<meta name=\"twitter:creator\" content=\"@fadertomas\" \/>\n<meta name=\"twitter:site\" content=\"@fadertomas\" \/>\n<meta name=\"twitter:label1\" content=\"Skriven av\" \/>\n\t<meta name=\"twitter:data1\" content=\"Tomas Jarvid\" \/>\n\t<meta name=\"twitter:label2\" content=\"Ber\u00e4knad l\u00e4stid\" \/>\n\t<meta name=\"twitter:data2\" content=\"2 minuter\" \/>\n<script type=\"application\/ld+json\" class=\"yoast-schema-graph\">{\"@context\":\"https:\/\/schema.org\",\"@graph\":[{\"@type\":\"Article\",\"@id\":\"https:\/\/blogg.svenskakyrkan.se\/vandravagen\/2013\/12\/31\/minibibelstudium-vad-ar-ett-evangelium\/#article\",\"isPartOf\":{\"@id\":\"https:\/\/blogg.svenskakyrkan.se\/vandravagen\/2013\/12\/31\/minibibelstudium-vad-ar-ett-evangelium\/\"},\"author\":{\"name\":\"Tomas Jarvid\",\"@id\":\"https:\/\/blogg.svenskakyrkan.se\/vandravagen\/#\/schema\/person\/25da02d4f76b137d04291711e2c9fc16\"},\"headline\":\"Minibibelstudium: vad \u00e4r ett evangelium?\",\"datePublished\":\"2013-12-31T08:27:00+00:00\",\"mainEntityOfPage\":{\"@id\":\"https:\/\/blogg.svenskakyrkan.se\/vandravagen\/2013\/12\/31\/minibibelstudium-vad-ar-ett-evangelium\/\"},\"wordCount\":434,\"commentCount\":3,\"publisher\":{\"@id\":\"https:\/\/blogg.svenskakyrkan.se\/vandravagen\/#organization\"},\"image\":{\"@id\":\"https:\/\/blogg.svenskakyrkan.se\/vandravagen\/2013\/12\/31\/minibibelstudium-vad-ar-ett-evangelium\/#primaryimage\"},\"thumbnailUrl\":\"http:\/\/2.bp.blogspot.com\/-fElDLwHhdok\/UsJxyEG__dI\/AAAAAAAAGaE\/KQnWJivvKvw\/s1600\/IMG_3875.JPG\",\"articleSection\":[\"Bibeln\",\"Dagens Kyrka\",\"Teologi\"],\"inLanguage\":\"sv-SE\",\"potentialAction\":[{\"@type\":\"CommentAction\",\"name\":\"Comment\",\"target\":[\"https:\/\/blogg.svenskakyrkan.se\/vandravagen\/2013\/12\/31\/minibibelstudium-vad-ar-ett-evangelium\/#respond\"]}]},{\"@type\":\"WebPage\",\"@id\":\"https:\/\/blogg.svenskakyrkan.se\/vandravagen\/2013\/12\/31\/minibibelstudium-vad-ar-ett-evangelium\/\",\"url\":\"https:\/\/blogg.svenskakyrkan.se\/vandravagen\/2013\/12\/31\/minibibelstudium-vad-ar-ett-evangelium\/\",\"name\":\"Minibibelstudium: vad \u00e4r ett evangelium? - Vandra V\u00e4gen\",\"isPartOf\":{\"@id\":\"https:\/\/blogg.svenskakyrkan.se\/vandravagen\/#website\"},\"primaryImageOfPage\":{\"@id\":\"https:\/\/blogg.svenskakyrkan.se\/vandravagen\/2013\/12\/31\/minibibelstudium-vad-ar-ett-evangelium\/#primaryimage\"},\"image\":{\"@id\":\"https:\/\/blogg.svenskakyrkan.se\/vandravagen\/2013\/12\/31\/minibibelstudium-vad-ar-ett-evangelium\/#primaryimage\"},\"thumbnailUrl\":\"http:\/\/2.bp.blogspot.com\/-fElDLwHhdok\/UsJxyEG__dI\/AAAAAAAAGaE\/KQnWJivvKvw\/s1600\/IMG_3875.JPG\",\"datePublished\":\"2013-12-31T08:27:00+00:00\",\"breadcrumb\":{\"@id\":\"https:\/\/blogg.svenskakyrkan.se\/vandravagen\/2013\/12\/31\/minibibelstudium-vad-ar-ett-evangelium\/#breadcrumb\"},\"inLanguage\":\"sv-SE\",\"potentialAction\":[{\"@type\":\"ReadAction\",\"target\":[\"https:\/\/blogg.svenskakyrkan.se\/vandravagen\/2013\/12\/31\/minibibelstudium-vad-ar-ett-evangelium\/\"]}]},{\"@type\":\"ImageObject\",\"inLanguage\":\"sv-SE\",\"@id\":\"https:\/\/blogg.svenskakyrkan.se\/vandravagen\/2013\/12\/31\/minibibelstudium-vad-ar-ett-evangelium\/#primaryimage\",\"url\":\"http:\/\/2.bp.blogspot.com\/-fElDLwHhdok\/UsJxyEG__dI\/AAAAAAAAGaE\/KQnWJivvKvw\/s1600\/IMG_3875.JPG\",\"contentUrl\":\"http:\/\/2.bp.blogspot.com\/-fElDLwHhdok\/UsJxyEG__dI\/AAAAAAAAGaE\/KQnWJivvKvw\/s1600\/IMG_3875.JPG\"},{\"@type\":\"BreadcrumbList\",\"@id\":\"https:\/\/blogg.svenskakyrkan.se\/vandravagen\/2013\/12\/31\/minibibelstudium-vad-ar-ett-evangelium\/#breadcrumb\",\"itemListElement\":[{\"@type\":\"ListItem\",\"position\":1,\"name\":\"Hem\",\"item\":\"https:\/\/blogg.svenskakyrkan.se\/vandravagen\/\"},{\"@type\":\"ListItem\",\"position\":2,\"name\":\"Minibibelstudium: vad \u00e4r ett evangelium?\"}]},{\"@type\":\"WebSite\",\"@id\":\"https:\/\/blogg.svenskakyrkan.se\/vandravagen\/#website\",\"url\":\"https:\/\/blogg.svenskakyrkan.se\/vandravagen\/\",\"name\":\"Vandra V\u00e4gen\",\"description\":\"-Mot en tro f\u00f6r hela livet\",\"publisher\":{\"@id\":\"https:\/\/blogg.svenskakyrkan.se\/vandravagen\/#organization\"},\"potentialAction\":[{\"@type\":\"SearchAction\",\"target\":{\"@type\":\"EntryPoint\",\"urlTemplate\":\"https:\/\/blogg.svenskakyrkan.se\/vandravagen\/?s={search_term_string}\"},\"query-input\":{\"@type\":\"PropertyValueSpecification\",\"valueRequired\":true,\"valueName\":\"search_term_string\"}}],\"inLanguage\":\"sv-SE\"},{\"@type\":\"Organization\",\"@id\":\"https:\/\/blogg.svenskakyrkan.se\/vandravagen\/#organization\",\"name\":\"ulricehamns pastorat\",\"alternateName\":\"ulricehamns pastorat\",\"url\":\"https:\/\/blogg.svenskakyrkan.se\/vandravagen\/\",\"logo\":{\"@type\":\"ImageObject\",\"inLanguage\":\"sv-SE\",\"@id\":\"https:\/\/blogg.svenskakyrkan.se\/vandravagen\/#\/schema\/logo\/image\/\",\"url\":\"https:\/\/blogg.svenskakyrkan.se\/vandravagen\/files\/2023\/05\/Ulr_logo_RGB.png\",\"contentUrl\":\"https:\/\/blogg.svenskakyrkan.se\/vandravagen\/files\/2023\/05\/Ulr_logo_RGB.png\",\"width\":205,\"height\":77,\"caption\":\"ulricehamns pastorat\"},\"image\":{\"@id\":\"https:\/\/blogg.svenskakyrkan.se\/vandravagen\/#\/schema\/logo\/image\/\"},\"sameAs\":[\"http:\/\/facebook.com\/vandravagen\",\"https:\/\/x.com\/fadertomas\",\"http:\/\/www.facebook.com\/svenskakyrkaniulricehamn\"]},{\"@type\":\"Person\",\"@id\":\"https:\/\/blogg.svenskakyrkan.se\/vandravagen\/#\/schema\/person\/25da02d4f76b137d04291711e2c9fc16\",\"name\":\"Tomas Jarvid\",\"image\":{\"@type\":\"ImageObject\",\"inLanguage\":\"sv-SE\",\"@id\":\"https:\/\/blogg.svenskakyrkan.se\/vandravagen\/#\/schema\/person\/image\/\",\"url\":\"https:\/\/secure.gravatar.com\/avatar\/7fa71899795e8f540f615a1f5ab25255dc27aa40f05ee7ddd21aac521e01bf50?s=96&d=identicon&r=g\",\"contentUrl\":\"https:\/\/secure.gravatar.com\/avatar\/7fa71899795e8f540f615a1f5ab25255dc27aa40f05ee7ddd21aac521e01bf50?s=96&d=identicon&r=g\",\"caption\":\"Tomas Jarvid\"},\"description\":\"Jag bor i Ulricehamn i V\u00e4sterg\u00f6tland och \u00e4r f\u00f6rsamlingspr\u00e4st i Svenska Kyrkan f\u00f6r Dalstorps f\u00f6rsamling i Kinds pastorat. P\u00e5 den h\u00e4r bloggen skriver jag ner tankar om vandringen som kristen.\",\"sameAs\":[\"http:\/\/www.vandravagen.se\"],\"url\":\"https:\/\/blogg.svenskakyrkan.se\/vandravagen\/author\/vandravagen\/\"}]}<\/script>\n<!-- \/ Yoast SEO plugin. -->","yoast_head_json":{"title":"Minibibelstudium: vad \u00e4r ett evangelium? - Vandra V\u00e4gen","robots":{"index":"index","follow":"follow","max-snippet":"max-snippet:-1","max-image-preview":"max-image-preview:large","max-video-preview":"max-video-preview:-1"},"canonical":"https:\/\/blogg.svenskakyrkan.se\/vandravagen\/2013\/12\/31\/minibibelstudium-vad-ar-ett-evangelium\/","og_locale":"sv_SE","og_type":"article","og_title":"Minibibelstudium: vad \u00e4r ett evangelium? - Vandra V\u00e4gen","og_description":"Vilt segerjubel vid andra v\u00e4rldskrigets slut! Idag blir det ett minibibelstudium p\u00e5 Vandra V\u00e4gen. Jag har ruvat p\u00e5 det sedan fj\u00e4rde s\u00f6ndagen i advent d\u00e5 det h\u00e4r stod i den gammaltestamentliga texten i gudstj\u00e4nsterna: 7H\u00e4rligt \u00e4r att h\u00f6ra budb\u00e4rarens steg n\u00e4r han kommer \u00f6ver bergen, han som b\u00e4r bud om seger, som ropar ut goda [&hellip;]","og_url":"https:\/\/blogg.svenskakyrkan.se\/vandravagen\/2013\/12\/31\/minibibelstudium-vad-ar-ett-evangelium\/","og_site_name":"Vandra V\u00e4gen","article_publisher":"http:\/\/facebook.com\/vandravagen","article_published_time":"2013-12-31T08:27:00+00:00","og_image":[{"url":"http:\/\/2.bp.blogspot.com\/-fElDLwHhdok\/UsJxyEG__dI\/AAAAAAAAGaE\/KQnWJivvKvw\/s1600\/IMG_3875.JPG","type":"","width":"","height":""}],"author":"Tomas Jarvid","twitter_card":"summary_large_image","twitter_creator":"@fadertomas","twitter_site":"@fadertomas","twitter_misc":{"Skriven av":"Tomas Jarvid","Ber\u00e4knad l\u00e4stid":"2 minuter"},"schema":{"@context":"https:\/\/schema.org","@graph":[{"@type":"Article","@id":"https:\/\/blogg.svenskakyrkan.se\/vandravagen\/2013\/12\/31\/minibibelstudium-vad-ar-ett-evangelium\/#article","isPartOf":{"@id":"https:\/\/blogg.svenskakyrkan.se\/vandravagen\/2013\/12\/31\/minibibelstudium-vad-ar-ett-evangelium\/"},"author":{"name":"Tomas Jarvid","@id":"https:\/\/blogg.svenskakyrkan.se\/vandravagen\/#\/schema\/person\/25da02d4f76b137d04291711e2c9fc16"},"headline":"Minibibelstudium: vad \u00e4r ett evangelium?","datePublished":"2013-12-31T08:27:00+00:00","mainEntityOfPage":{"@id":"https:\/\/blogg.svenskakyrkan.se\/vandravagen\/2013\/12\/31\/minibibelstudium-vad-ar-ett-evangelium\/"},"wordCount":434,"commentCount":3,"publisher":{"@id":"https:\/\/blogg.svenskakyrkan.se\/vandravagen\/#organization"},"image":{"@id":"https:\/\/blogg.svenskakyrkan.se\/vandravagen\/2013\/12\/31\/minibibelstudium-vad-ar-ett-evangelium\/#primaryimage"},"thumbnailUrl":"http:\/\/2.bp.blogspot.com\/-fElDLwHhdok\/UsJxyEG__dI\/AAAAAAAAGaE\/KQnWJivvKvw\/s1600\/IMG_3875.JPG","articleSection":["Bibeln","Dagens Kyrka","Teologi"],"inLanguage":"sv-SE","potentialAction":[{"@type":"CommentAction","name":"Comment","target":["https:\/\/blogg.svenskakyrkan.se\/vandravagen\/2013\/12\/31\/minibibelstudium-vad-ar-ett-evangelium\/#respond"]}]},{"@type":"WebPage","@id":"https:\/\/blogg.svenskakyrkan.se\/vandravagen\/2013\/12\/31\/minibibelstudium-vad-ar-ett-evangelium\/","url":"https:\/\/blogg.svenskakyrkan.se\/vandravagen\/2013\/12\/31\/minibibelstudium-vad-ar-ett-evangelium\/","name":"Minibibelstudium: vad \u00e4r ett evangelium? - Vandra V\u00e4gen","isPartOf":{"@id":"https:\/\/blogg.svenskakyrkan.se\/vandravagen\/#website"},"primaryImageOfPage":{"@id":"https:\/\/blogg.svenskakyrkan.se\/vandravagen\/2013\/12\/31\/minibibelstudium-vad-ar-ett-evangelium\/#primaryimage"},"image":{"@id":"https:\/\/blogg.svenskakyrkan.se\/vandravagen\/2013\/12\/31\/minibibelstudium-vad-ar-ett-evangelium\/#primaryimage"},"thumbnailUrl":"http:\/\/2.bp.blogspot.com\/-fElDLwHhdok\/UsJxyEG__dI\/AAAAAAAAGaE\/KQnWJivvKvw\/s1600\/IMG_3875.JPG","datePublished":"2013-12-31T08:27:00+00:00","breadcrumb":{"@id":"https:\/\/blogg.svenskakyrkan.se\/vandravagen\/2013\/12\/31\/minibibelstudium-vad-ar-ett-evangelium\/#breadcrumb"},"inLanguage":"sv-SE","potentialAction":[{"@type":"ReadAction","target":["https:\/\/blogg.svenskakyrkan.se\/vandravagen\/2013\/12\/31\/minibibelstudium-vad-ar-ett-evangelium\/"]}]},{"@type":"ImageObject","inLanguage":"sv-SE","@id":"https:\/\/blogg.svenskakyrkan.se\/vandravagen\/2013\/12\/31\/minibibelstudium-vad-ar-ett-evangelium\/#primaryimage","url":"http:\/\/2.bp.blogspot.com\/-fElDLwHhdok\/UsJxyEG__dI\/AAAAAAAAGaE\/KQnWJivvKvw\/s1600\/IMG_3875.JPG","contentUrl":"http:\/\/2.bp.blogspot.com\/-fElDLwHhdok\/UsJxyEG__dI\/AAAAAAAAGaE\/KQnWJivvKvw\/s1600\/IMG_3875.JPG"},{"@type":"BreadcrumbList","@id":"https:\/\/blogg.svenskakyrkan.se\/vandravagen\/2013\/12\/31\/minibibelstudium-vad-ar-ett-evangelium\/#breadcrumb","itemListElement":[{"@type":"ListItem","position":1,"name":"Hem","item":"https:\/\/blogg.svenskakyrkan.se\/vandravagen\/"},{"@type":"ListItem","position":2,"name":"Minibibelstudium: vad \u00e4r ett evangelium?"}]},{"@type":"WebSite","@id":"https:\/\/blogg.svenskakyrkan.se\/vandravagen\/#website","url":"https:\/\/blogg.svenskakyrkan.se\/vandravagen\/","name":"Vandra V\u00e4gen","description":"-Mot en tro f\u00f6r hela livet","publisher":{"@id":"https:\/\/blogg.svenskakyrkan.se\/vandravagen\/#organization"},"potentialAction":[{"@type":"SearchAction","target":{"@type":"EntryPoint","urlTemplate":"https:\/\/blogg.svenskakyrkan.se\/vandravagen\/?s={search_term_string}"},"query-input":{"@type":"PropertyValueSpecification","valueRequired":true,"valueName":"search_term_string"}}],"inLanguage":"sv-SE"},{"@type":"Organization","@id":"https:\/\/blogg.svenskakyrkan.se\/vandravagen\/#organization","name":"ulricehamns pastorat","alternateName":"ulricehamns pastorat","url":"https:\/\/blogg.svenskakyrkan.se\/vandravagen\/","logo":{"@type":"ImageObject","inLanguage":"sv-SE","@id":"https:\/\/blogg.svenskakyrkan.se\/vandravagen\/#\/schema\/logo\/image\/","url":"https:\/\/blogg.svenskakyrkan.se\/vandravagen\/files\/2023\/05\/Ulr_logo_RGB.png","contentUrl":"https:\/\/blogg.svenskakyrkan.se\/vandravagen\/files\/2023\/05\/Ulr_logo_RGB.png","width":205,"height":77,"caption":"ulricehamns pastorat"},"image":{"@id":"https:\/\/blogg.svenskakyrkan.se\/vandravagen\/#\/schema\/logo\/image\/"},"sameAs":["http:\/\/facebook.com\/vandravagen","https:\/\/x.com\/fadertomas","http:\/\/www.facebook.com\/svenskakyrkaniulricehamn"]},{"@type":"Person","@id":"https:\/\/blogg.svenskakyrkan.se\/vandravagen\/#\/schema\/person\/25da02d4f76b137d04291711e2c9fc16","name":"Tomas Jarvid","image":{"@type":"ImageObject","inLanguage":"sv-SE","@id":"https:\/\/blogg.svenskakyrkan.se\/vandravagen\/#\/schema\/person\/image\/","url":"https:\/\/secure.gravatar.com\/avatar\/7fa71899795e8f540f615a1f5ab25255dc27aa40f05ee7ddd21aac521e01bf50?s=96&d=identicon&r=g","contentUrl":"https:\/\/secure.gravatar.com\/avatar\/7fa71899795e8f540f615a1f5ab25255dc27aa40f05ee7ddd21aac521e01bf50?s=96&d=identicon&r=g","caption":"Tomas Jarvid"},"description":"Jag bor i Ulricehamn i V\u00e4sterg\u00f6tland och \u00e4r f\u00f6rsamlingspr\u00e4st i Svenska Kyrkan f\u00f6r Dalstorps f\u00f6rsamling i Kinds pastorat. P\u00e5 den h\u00e4r bloggen skriver jag ner tankar om vandringen som kristen.","sameAs":["http:\/\/www.vandravagen.se"],"url":"https:\/\/blogg.svenskakyrkan.se\/vandravagen\/author\/vandravagen\/"}]}},"author_meta":{"ID":"392","user_nicename":"vandravagen","user_url":"http:\/\/www.vandravagen.se","user_registered":"2014-05-19 05:44:52","display_name":"Tomas Jarvid","first_name":"Tomas","last_name":"Jarvid","avatar":"https:\/\/secure.gravatar.com\/avatar\/7fa71899795e8f540f615a1f5ab25255dc27aa40f05ee7ddd21aac521e01bf50?s=96&d=identicon&r=g"},"featured_image":false,"bloginfo":{"name":"Vandra V\u00e4gen","url":"https:\/\/blogg.svenskakyrkan.se\/vandravagen"},"_links":{"self":[{"href":"https:\/\/blogg.svenskakyrkan.se\/vandravagen\/wp-json\/wp\/v2\/posts\/225","targetHints":{"allow":["GET"]}}],"collection":[{"href":"https:\/\/blogg.svenskakyrkan.se\/vandravagen\/wp-json\/wp\/v2\/posts"}],"about":[{"href":"https:\/\/blogg.svenskakyrkan.se\/vandravagen\/wp-json\/wp\/v2\/types\/post"}],"author":[{"embeddable":true,"href":"https:\/\/blogg.svenskakyrkan.se\/vandravagen\/wp-json\/wp\/v2\/users\/392"}],"replies":[{"embeddable":true,"href":"https:\/\/blogg.svenskakyrkan.se\/vandravagen\/wp-json\/wp\/v2\/comments?post=225"}],"version-history":[{"count":0,"href":"https:\/\/blogg.svenskakyrkan.se\/vandravagen\/wp-json\/wp\/v2\/posts\/225\/revisions"}],"wp:attachment":[{"href":"https:\/\/blogg.svenskakyrkan.se\/vandravagen\/wp-json\/wp\/v2\/media?parent=225"}],"wp:term":[{"taxonomy":"category","embeddable":true,"href":"https:\/\/blogg.svenskakyrkan.se\/vandravagen\/wp-json\/wp\/v2\/categories?post=225"},{"taxonomy":"post_tag","embeddable":true,"href":"https:\/\/blogg.svenskakyrkan.se\/vandravagen\/wp-json\/wp\/v2\/tags?post=225"}],"curies":[{"name":"wp","href":"https:\/\/api.w.org\/{rel}","templated":true}]}}