{"id":226,"date":"2013-12-30T11:03:00","date_gmt":"2013-12-30T10:03:00","guid":{"rendered":"http:\/\/blogg.svenskakyrkan.se\/vandravagen\/2013\/12\/30\/veckans-samlade-favoriter-fran-twitter-3\/"},"modified":"2013-12-30T11:03:00","modified_gmt":"2013-12-30T10:03:00","slug":"veckans-samlade-favoriter-fran-twitter-3","status":"publish","type":"post","link":"https:\/\/blogg.svenskakyrkan.se\/vandravagen\/2013\/12\/30\/veckans-samlade-favoriter-fran-twitter-3\/","title":{"rendered":"Veckans samlade favoriter fr\u00e5n twitter"},"content":{"rendered":"<\/p>\n<table align=\"center\" cellpadding=\"0\" cellspacing=\"0\">\n<tbody>\n<tr>\n<td><a href=\"http:\/\/3.bp.blogspot.com\/-m0AGVj0oYb0\/UsEsZXnOmAI\/AAAAAAAAGZ0\/Fi1x0c6Oyqg\/s1600\/IMG_2836.PNG\"><img loading=\"lazy\" decoding=\"async\" border=\"0\" height=\"410\" src=\"http:\/\/3.bp.blogspot.com\/-m0AGVj0oYb0\/UsEsZXnOmAI\/AAAAAAAAGZ0\/Fi1x0c6Oyqg\/s640\/IMG_2836.PNG\" width=\"640\"><\/a><\/td>\n<\/tr>\n<tr>\n<td>V\u00e4lordnat<\/td>\n<\/tr>\n<\/tbody>\n<\/table>\n<p>Att samla favorittweets efter kategorier verkar \u00e4nd\u00e5 r\u00e4tt normalt j\u00e4mf\u00f6rt med att sortera ett bollhav? H\u00e4r \u00e4r \u00e5rets sista samling favorittweets, dock fr\u00e5n lite mer \u00e4n en vecka. I vanlig ordning blir det kristna, kloka och roliga tweets men idag blir det ocks\u00e5 en julkategori. Kanske n\u00e5gon tycker det \u00e4r inaktuellt men julen varar \u00e4n till p\u00e5ska (nej det var inte sant, d\u00e4remellan kommer fasta&#8230;). Vars\u00e5goda:<\/p>\n<div><\/div>\n<div>\n<div><b>Blandade jultweets<\/b><\/div>\n<div><\/div>\n<div><a href=\"http:\/\/3.bp.blogspot.com\/-BiZ-_PMdy7A\/UsErIu5DGFI\/AAAAAAAAGZA\/UriEohrzlFY\/s1600\/Ska%25CC%2588rmavbild+2013-12-30+kl.+06.07.16.png\"><img loading=\"lazy\" decoding=\"async\" border=\"0\" height=\"71\" src=\"http:\/\/3.bp.blogspot.com\/-BiZ-_PMdy7A\/UsErIu5DGFI\/AAAAAAAAGZA\/UriEohrzlFY\/s400\/Ska%25CC%2588rmavbild+2013-12-30+kl.+06.07.16.png\" width=\"400\"><\/a><\/div>\n<div><\/div>\n<div>Jag har f\u00e5tt upp \u00f6gonen f\u00f6r den rappande kyrkofadern Augustinus av hiphop (han fr\u00e5n Hippo har jag h\u00f6rt om tidigare):<\/div>\n<div><a href=\"http:\/\/3.bp.blogspot.com\/-HxO5_4RY1XA\/UsErFYTQnzI\/AAAAAAAAGYQ\/DwXrsCOCERQ\/s1600\/Ska%25CC%2588rmavbild+2013-12-29+kl.+21.19.50.png\"><img loading=\"lazy\" decoding=\"async\" border=\"0\" height=\"76\" src=\"http:\/\/3.bp.blogspot.com\/-HxO5_4RY1XA\/UsErFYTQnzI\/AAAAAAAAGYQ\/DwXrsCOCERQ\/s400\/Ska%25CC%2588rmavbild+2013-12-29+kl.+21.19.50.png\" width=\"400\"><\/a><\/div>\n<div><\/div>\n<div><\/div>\n<div><a href=\"http:\/\/1.bp.blogspot.com\/-bx7hdJ4h43I\/UsErGy6MEKI\/AAAAAAAAGYo\/RgknIMe2vtQ\/s1600\/Ska%25CC%2588rmavbild+2013-12-29+kl.+21.20.57.png\"><img loading=\"lazy\" decoding=\"async\" border=\"0\" height=\"60\" src=\"http:\/\/1.bp.blogspot.com\/-bx7hdJ4h43I\/UsErGy6MEKI\/AAAAAAAAGYo\/RgknIMe2vtQ\/s400\/Ska%25CC%2588rmavbild+2013-12-29+kl.+21.20.57.png\" width=\"400\"><\/a><\/div>\n<div><\/div>\n<div><\/div>\n<div><a href=\"http:\/\/4.bp.blogspot.com\/-bb4yC-DpjAw\/UsErJsFf-DI\/AAAAAAAAGZQ\/JVg4HMoRQ84\/s1600\/Ska%25CC%2588rmavbild+2013-12-30+kl.+06.20.00.png\"><img loading=\"lazy\" decoding=\"async\" border=\"0\" height=\"71\" src=\"http:\/\/4.bp.blogspot.com\/-bb4yC-DpjAw\/UsErJsFf-DI\/AAAAAAAAGZQ\/JVg4HMoRQ84\/s400\/Ska%25CC%2588rmavbild+2013-12-30+kl.+06.20.00.png\" width=\"400\"><\/a><\/div>\n<div><\/div>\n<div><\/div>\n<div><a href=\"http:\/\/1.bp.blogspot.com\/-F_Zt-YqBFVE\/UsErE7371GI\/AAAAAAAAGYE\/8t9AnUpmqnY\/s1600\/Ska%25CC%2588rmavbild+2013-12-29+kl.+21.19.19.png\"><img loading=\"lazy\" decoding=\"async\" border=\"0\" height=\"75\" src=\"http:\/\/1.bp.blogspot.com\/-F_Zt-YqBFVE\/UsErE7371GI\/AAAAAAAAGYE\/8t9AnUpmqnY\/s400\/Ska%25CC%2588rmavbild+2013-12-29+kl.+21.19.19.png\" width=\"400\"><\/a><\/div>\n<div><\/div>\n<div><\/div>\n<div><a href=\"http:\/\/4.bp.blogspot.com\/-rK2EOQSukdg\/UsErBGDW-HI\/AAAAAAAAGXg\/QJ27ismJl_4\/s1600\/Ska%25CC%2588rmavbild+2013-12-29+kl.+21.17.37.png\"><img loading=\"lazy\" decoding=\"async\" border=\"0\" height=\"72\" src=\"http:\/\/4.bp.blogspot.com\/-rK2EOQSukdg\/UsErBGDW-HI\/AAAAAAAAGXg\/QJ27ismJl_4\/s400\/Ska%25CC%2588rmavbild+2013-12-29+kl.+21.17.37.png\" width=\"400\"><\/a><\/div>\n<div><\/div>\n<div><\/div>\n<div>Ocks\u00e5 detta kom med i <a href=\"http:\/\/www.vandravagen.se\/2013\/12\/betlehem-i-ledsjo-och-ditt-och-mitt.html\">julnattsgudstj\u00e4nsten<\/a>. Fint!<\/div>\n<div><a href=\"http:\/\/4.bp.blogspot.com\/-vD8XyZu_dC8\/UsErB7WQ6pI\/AAAAAAAAGXk\/BV2fM_KtyZg\/s1600\/Ska%25CC%2588rmavbild+2013-12-29+kl.+21.17.53.png\"><img loading=\"lazy\" decoding=\"async\" border=\"0\" height=\"73\" src=\"http:\/\/4.bp.blogspot.com\/-vD8XyZu_dC8\/UsErB7WQ6pI\/AAAAAAAAGXk\/BV2fM_KtyZg\/s400\/Ska%25CC%2588rmavbild+2013-12-29+kl.+21.17.53.png\" width=\"400\"><\/a><\/div>\n<div><\/div>\n<div><\/div>\n<div>Engelsm\u00e4nnen skrev en m\u00e4ngd fina saker under taggen &#8221;#christmasmeans&#8221;:<\/div>\n<div><a href=\"http:\/\/2.bp.blogspot.com\/-2Ouh9crVJ1M\/UsErD-n_75I\/AAAAAAAAGYA\/_EoF7yqUgoM\/s1600\/Ska%25CC%2588rmavbild+2013-12-29+kl.+21.18.36.png\"><img loading=\"lazy\" decoding=\"async\" border=\"0\" height=\"307\" src=\"http:\/\/2.bp.blogspot.com\/-2Ouh9crVJ1M\/UsErD-n_75I\/AAAAAAAAGYA\/_EoF7yqUgoM\/s400\/Ska%25CC%2588rmavbild+2013-12-29+kl.+21.18.36.png\" width=\"400\"><\/a><\/div>\n<div><\/div>\n<div><\/div>\n<div><a href=\"http:\/\/4.bp.blogspot.com\/-HM92jnLkMnA\/UsErGcTxJZI\/AAAAAAAAGYg\/uQeg3hRE164\/s1600\/Ska%25CC%2588rmavbild+2013-12-29+kl.+21.20.04.png\"><img loading=\"lazy\" decoding=\"async\" border=\"0\" height=\"73\" src=\"http:\/\/4.bp.blogspot.com\/-HM92jnLkMnA\/UsErGcTxJZI\/AAAAAAAAGYg\/uQeg3hRE164\/s400\/Ska%25CC%2588rmavbild+2013-12-29+kl.+21.20.04.png\" width=\"400\"><\/a><\/div>\n<div><\/div>\n<div><\/div>\n<div><a href=\"http:\/\/2.bp.blogspot.com\/-prC9G7mhn-k\/UsEq_5DfvHI\/AAAAAAAAGXE\/CMJmLvFtK7A\/s1600\/Ska%25CC%2588rmavbild+2013-12-29+kl.+21.17.07.png\"><img loading=\"lazy\" decoding=\"async\" border=\"0\" height=\"76\" src=\"http:\/\/2.bp.blogspot.com\/-prC9G7mhn-k\/UsEq_5DfvHI\/AAAAAAAAGXE\/CMJmLvFtK7A\/s400\/Ska%25CC%2588rmavbild+2013-12-29+kl.+21.17.07.png\" width=\"400\"><\/a><\/div>\n<div><\/div>\n<div><\/div>\n<div><b>Kristna (?) tweets<\/b><\/div>\n<div><b><br \/><\/b><\/div>\n<div>Det h\u00e4r var riktigt klokt ju mer jag t\u00e4nker p\u00e5 det!<\/div>\n<div><a href=\"http:\/\/4.bp.blogspot.com\/-4jYMktBKqSo\/UsEq5RLIErI\/AAAAAAAAGVc\/TjjN5HU8RMQ\/s1600\/Ska%25CC%2588rmavbild+2013-12-29+kl.+20.11.46.png\"><img loading=\"lazy\" decoding=\"async\" border=\"0\" height=\"61\" src=\"http:\/\/4.bp.blogspot.com\/-4jYMktBKqSo\/UsEq5RLIErI\/AAAAAAAAGVc\/TjjN5HU8RMQ\/s400\/Ska%25CC%2588rmavbild+2013-12-29+kl.+20.11.46.png\" width=\"400\"><\/a><\/div>\n<div><\/div>\n<div><\/div>\n<div>Det h\u00e4r k\u00e4nner jag ju inte igen att Jesus sagt men.. l\u00e5ter bra.<\/div>\n<div><a href=\"http:\/\/4.bp.blogspot.com\/-wSJmt_IzMWM\/UsEq6E8kTYI\/AAAAAAAAGV4\/oJ1dvPL28gY\/s1600\/Ska%25CC%2588rmavbild+2013-12-29+kl.+21.14.05.png\"><img loading=\"lazy\" decoding=\"async\" border=\"0\" height=\"60\" src=\"http:\/\/4.bp.blogspot.com\/-wSJmt_IzMWM\/UsEq6E8kTYI\/AAAAAAAAGV4\/oJ1dvPL28gY\/s400\/Ska%25CC%2588rmavbild+2013-12-29+kl.+21.14.05.png\" width=\"400\"><\/a><\/div>\n<div><\/div>\n<div><\/div>\n<div><a href=\"http:\/\/1.bp.blogspot.com\/-kMARJ2ec1Gs\/UsErKUyVxTI\/AAAAAAAAGZY\/2X_zjlEJHCE\/s1600\/Ska%25CC%2588rmavbild+2013-12-30+kl.+06.20.22.png\"><img loading=\"lazy\" decoding=\"async\" border=\"0\" height=\"73\" src=\"http:\/\/1.bp.blogspot.com\/-kMARJ2ec1Gs\/UsErKUyVxTI\/AAAAAAAAGZY\/2X_zjlEJHCE\/s400\/Ska%25CC%2588rmavbild+2013-12-30+kl.+06.20.22.png\" width=\"400\"><\/a><\/div>\n<div><\/div>\n<div><\/div>\n<div><a href=\"http:\/\/2.bp.blogspot.com\/-oXGdtZ-R3nQ\/UsEq-zR_AyI\/AAAAAAAAGWw\/vzAWL3dgq2s\/s1600\/Ska%25CC%2588rmavbild+2013-12-29+kl.+21.16.45.png\"><img loading=\"lazy\" decoding=\"async\" border=\"0\" height=\"76\" src=\"http:\/\/2.bp.blogspot.com\/-oXGdtZ-R3nQ\/UsEq-zR_AyI\/AAAAAAAAGWw\/vzAWL3dgq2s\/s400\/Ska%25CC%2588rmavbild+2013-12-29+kl.+21.16.45.png\" width=\"400\"><\/a><\/div>\n<div><\/div>\n<div><\/div>\n<div>Det h\u00e4r har jag varit inne p\u00e5 flera g\u00e5nger p\u00e5 bloggen. <a href=\"http:\/\/www.vandravagen.se\/2012\/09\/makt-och-tjanande.html\">Gr\u00e4nsen \u00e4r fin mellan att h\u00e4rska och tj\u00e4na<\/a>.<\/div>\n<div><a href=\"http:\/\/1.bp.blogspot.com\/-ii5e95unnkE\/UsEq781ztRI\/AAAAAAAAGWI\/YpG7lZYXB0Y\/s1600\/Ska%25CC%2588rmavbild+2013-12-29+kl.+21.15.08.png\"><img loading=\"lazy\" decoding=\"async\" border=\"0\" height=\"73\" src=\"http:\/\/1.bp.blogspot.com\/-ii5e95unnkE\/UsEq781ztRI\/AAAAAAAAGWI\/YpG7lZYXB0Y\/s400\/Ska%25CC%2588rmavbild+2013-12-29+kl.+21.15.08.png\" width=\"400\"><\/a><\/div>\n<div><\/div>\n<div><\/div>\n<div>H\u00e4rligt med twitter, jag fick en forts\u00e4ttning p\u00e5 mitt favoritcitat!<\/div>\n<div><a href=\"http:\/\/1.bp.blogspot.com\/-HnwD2ivhB6E\/UsErCxmMK8I\/AAAAAAAAGXw\/K7JslhfxRWY\/s1600\/Ska%25CC%2588rmavbild+2013-12-29+kl.+21.18.06.png\"><img loading=\"lazy\" decoding=\"async\" border=\"0\" height=\"161\" src=\"http:\/\/1.bp.blogspot.com\/-HnwD2ivhB6E\/UsErCxmMK8I\/AAAAAAAAGXw\/K7JslhfxRWY\/s400\/Ska%25CC%2588rmavbild+2013-12-29+kl.+21.18.06.png\" width=\"400\"><\/a><\/div>\n<div><\/div>\n<div><\/div>\n<div><a href=\"http:\/\/2.bp.blogspot.com\/-5c6q67iKi7Y\/UsErH0kLCWI\/AAAAAAAAGY4\/OfujHx07yRc\/s1600\/Ska%25CC%2588rmavbild+2013-12-30+kl.+06.06.43.png\"><img loading=\"lazy\" decoding=\"async\" border=\"0\" height=\"103\" src=\"http:\/\/2.bp.blogspot.com\/-5c6q67iKi7Y\/UsErH0kLCWI\/AAAAAAAAGY4\/OfujHx07yRc\/s400\/Ska%25CC%2588rmavbild+2013-12-30+kl.+06.06.43.png\" width=\"400\"><\/a><\/div>\n<div><\/div>\n<div><\/div>\n<div><a href=\"http:\/\/4.bp.blogspot.com\/-P2Dyl49KB_4\/UsEq9F_Uh3I\/AAAAAAAAGWY\/Jj8meKm-poE\/s1600\/Ska%25CC%2588rmavbild+2013-12-29+kl.+21.15.33.png\"><img loading=\"lazy\" decoding=\"async\" border=\"0\" height=\"72\" src=\"http:\/\/4.bp.blogspot.com\/-P2Dyl49KB_4\/UsEq9F_Uh3I\/AAAAAAAAGWY\/Jj8meKm-poE\/s400\/Ska%25CC%2588rmavbild+2013-12-29+kl.+21.15.33.png\" width=\"400\"><\/a><\/div>\n<div><\/div>\n<div><\/div>\n<div><b>Kloka tweets<\/b><\/div>\n<div><\/div>\n<div><a href=\"http:\/\/2.bp.blogspot.com\/-1HJ4q82c-qg\/UsEq-GmHzvI\/AAAAAAAAGW4\/V2As0EbSfB4\/s1600\/Ska%25CC%2588rmavbild+2013-12-29+kl.+21.14.58.png\"><img loading=\"lazy\" decoding=\"async\" border=\"0\" height=\"72\" src=\"http:\/\/2.bp.blogspot.com\/-1HJ4q82c-qg\/UsEq-GmHzvI\/AAAAAAAAGW4\/V2As0EbSfB4\/s400\/Ska%25CC%2588rmavbild+2013-12-29+kl.+21.14.58.png\" width=\"400\"><\/a><\/div>\n<div><\/div>\n<div><\/div>\n<div><a href=\"http:\/\/2.bp.blogspot.com\/-fiqSOFrAeP4\/UsErDee-RnI\/AAAAAAAAGX0\/pmPk6JhOjlY\/s1600\/Ska%25CC%2588rmavbild+2013-12-29+kl.+21.18.27.png\"><img loading=\"lazy\" decoding=\"async\" border=\"0\" height=\"86\" src=\"http:\/\/2.bp.blogspot.com\/-fiqSOFrAeP4\/UsErDee-RnI\/AAAAAAAAGX0\/pmPk6JhOjlY\/s400\/Ska%25CC%2588rmavbild+2013-12-29+kl.+21.18.27.png\" width=\"400\"><\/a><\/div>\n<div><\/div>\n<div><\/div>\n<div>Amen till det!<\/div>\n<div><a href=\"http:\/\/2.bp.blogspot.com\/-4E57BV0EPaM\/UsErMLJRwHI\/AAAAAAAAGZs\/kxMxmo5P07w\/s1600\/Ska%25CC%2588rmavbild+2013-12-30+kl.+06.21.54.png\"><img loading=\"lazy\" decoding=\"async\" border=\"0\" height=\"73\" src=\"http:\/\/2.bp.blogspot.com\/-4E57BV0EPaM\/UsErMLJRwHI\/AAAAAAAAGZs\/kxMxmo5P07w\/s400\/Ska%25CC%2588rmavbild+2013-12-30+kl.+06.21.54.png\" width=\"400\"><\/a><\/div>\n<div><\/div>\n<div>det h\u00e4nger ju ihop med detta:<\/div>\n<div><a href=\"http:\/\/3.bp.blogspot.com\/-IPiMbirphG0\/UsErF8ak-xI\/AAAAAAAAGYY\/exWLIVt1aTI\/s1600\/Ska%25CC%2588rmavbild+2013-12-29+kl.+21.19.57.png\"><img loading=\"lazy\" decoding=\"async\" border=\"0\" height=\"58\" src=\"http:\/\/3.bp.blogspot.com\/-IPiMbirphG0\/UsErF8ak-xI\/AAAAAAAAGYY\/exWLIVt1aTI\/s400\/Ska%25CC%2588rmavbild+2013-12-29+kl.+21.19.57.png\" width=\"400\"><\/a><\/div>\n<div><\/div>\n<div><\/div>\n<div><a href=\"http:\/\/2.bp.blogspot.com\/-uHa6_gNmjXY\/UsErAjhOn5I\/AAAAAAAAGXQ\/tMbHbvCjmbc\/s1600\/Ska%25CC%2588rmavbild+2013-12-29+kl.+21.17.26.png\"><img loading=\"lazy\" decoding=\"async\" border=\"0\" height=\"86\" src=\"http:\/\/2.bp.blogspot.com\/-uHa6_gNmjXY\/UsErAjhOn5I\/AAAAAAAAGXQ\/tMbHbvCjmbc\/s400\/Ska%25CC%2588rmavbild+2013-12-29+kl.+21.17.26.png\" width=\"400\"><\/a><\/div>\n<div><\/div>\n<div><\/div>\n<div><b>Roliga\/fyndiga\/\u00f6vriga tweets<\/b><\/div>\n<div><\/div>\n<\/p>\n<div><a href=\"http:\/\/2.bp.blogspot.com\/-pV6Twhb8YQo\/UsEq5eJtHTI\/AAAAAAAAGVk\/_x4HCJTeSjY\/s1600\/Ska%25CC%2588rmavbild+2013-12-29+kl.+20.11.35.png\"><img loading=\"lazy\" decoding=\"async\" border=\"0\" height=\"71\" src=\"http:\/\/2.bp.blogspot.com\/-pV6Twhb8YQo\/UsEq5eJtHTI\/AAAAAAAAGVk\/_x4HCJTeSjY\/s400\/Ska%25CC%2588rmavbild+2013-12-29+kl.+20.11.35.png\" width=\"400\"><\/a><\/div>\n<div><a href=\"http:\/\/3.bp.blogspot.com\/-tsGIwaBURIM\/UsEq5aIPSpI\/AAAAAAAAGVg\/MYqJt499B9Q\/s1600\/Ska%25CC%2588rmavbild+2013-12-29+kl.+20.11.58.png\"><img loading=\"lazy\" decoding=\"async\" border=\"0\" height=\"73\" src=\"http:\/\/3.bp.blogspot.com\/-tsGIwaBURIM\/UsEq5aIPSpI\/AAAAAAAAGVg\/MYqJt499B9Q\/s400\/Ska%25CC%2588rmavbild+2013-12-29+kl.+20.11.58.png\" width=\"400\"><\/a><\/div>\n<div><a href=\"http:\/\/3.bp.blogspot.com\/-ENxeOMcBM8c\/UsEq6VgL3pI\/AAAAAAAAGV8\/6_9HKOU5ZJ8\/s1600\/Ska%25CC%2588rmavbild+2013-12-29+kl.+21.14.17.png\"><img loading=\"lazy\" decoding=\"async\" border=\"0\" height=\"73\" src=\"http:\/\/3.bp.blogspot.com\/-ENxeOMcBM8c\/UsEq6VgL3pI\/AAAAAAAAGV8\/6_9HKOU5ZJ8\/s400\/Ska%25CC%2588rmavbild+2013-12-29+kl.+21.14.17.png\" width=\"400\"><\/a><\/div>\n<div><\/div>\n<\/p>\n<div><a href=\"http:\/\/3.bp.blogspot.com\/-WG2mTPOkfVk\/UsEq6vsFeaI\/AAAAAAAAGV0\/rZvlBJ9hYdQ\/s1600\/Ska%25CC%2588rmavbild+2013-12-29+kl.+21.14.28.png\"><img loading=\"lazy\" decoding=\"async\" border=\"0\" height=\"87\" src=\"http:\/\/3.bp.blogspot.com\/-WG2mTPOkfVk\/UsEq6vsFeaI\/AAAAAAAAGV0\/rZvlBJ9hYdQ\/s400\/Ska%25CC%2588rmavbild+2013-12-29+kl.+21.14.28.png\" width=\"400\"><\/a><\/div>\n<div><a href=\"http:\/\/2.bp.blogspot.com\/-Ru4GOQBhw8M\/UsEq7324AuI\/AAAAAAAAGWQ\/brnJpBj0fiw\/s1600\/Ska%25CC%2588rmavbild+2013-12-29+kl.+21.14.43.png\"><img loading=\"lazy\" decoding=\"async\" border=\"0\" height=\"73\" src=\"http:\/\/2.bp.blogspot.com\/-Ru4GOQBhw8M\/UsEq7324AuI\/AAAAAAAAGWQ\/brnJpBj0fiw\/s400\/Ska%25CC%2588rmavbild+2013-12-29+kl.+21.14.43.png\" width=\"400\"><\/a><\/div>\n<\/p>\n<div><\/div>\n<\/p>\n<div><a href=\"http:\/\/2.bp.blogspot.com\/-K7jeWKI8Aio\/UsEq83Pxd1I\/AAAAAAAAGWg\/Nbxt_M_J74s\/s1600\/Ska%25CC%2588rmavbild+2013-12-29+kl.+21.15.23.png\"><img loading=\"lazy\" decoding=\"async\" border=\"0\" height=\"71\" src=\"http:\/\/2.bp.blogspot.com\/-K7jeWKI8Aio\/UsEq83Pxd1I\/AAAAAAAAGWg\/Nbxt_M_J74s\/s400\/Ska%25CC%2588rmavbild+2013-12-29+kl.+21.15.23.png\" width=\"400\"><\/a><\/div>\n<\/p>\n<div><\/div>\n<\/p>\n<div><a href=\"http:\/\/1.bp.blogspot.com\/-zCssHGe1mhA\/UsEq-TGRi9I\/AAAAAAAAGWk\/q1ZnhUeCklo\/s1600\/Ska%25CC%2588rmavbild+2013-12-29+kl.+21.16.35.png\"><img loading=\"lazy\" decoding=\"async\" border=\"0\" height=\"77\" src=\"http:\/\/1.bp.blogspot.com\/-zCssHGe1mhA\/UsEq-TGRi9I\/AAAAAAAAGWk\/q1ZnhUeCklo\/s400\/Ska%25CC%2588rmavbild+2013-12-29+kl.+21.16.35.png\" width=\"400\"><\/a><\/div>\n<\/p>\n<div><\/div>\n<\/p>\n<div><a href=\"http:\/\/3.bp.blogspot.com\/-azYxcK0ovd8\/UsEq_b74YbI\/AAAAAAAAGXA\/Rd4vr8shAgo\/s1600\/Ska%25CC%2588rmavbild+2013-12-29+kl.+21.16.56.png\"><img loading=\"lazy\" decoding=\"async\" border=\"0\" height=\"73\" src=\"http:\/\/3.bp.blogspot.com\/-azYxcK0ovd8\/UsEq_b74YbI\/AAAAAAAAGXA\/Rd4vr8shAgo\/s400\/Ska%25CC%2588rmavbild+2013-12-29+kl.+21.16.56.png\" width=\"400\"><\/a><\/div>\n<div><a href=\"http:\/\/2.bp.blogspot.com\/-pA_QEfvkmYk\/UsErHY3A7xI\/AAAAAAAAGYs\/mrhcXMiITYs\/s1600\/Ska%25CC%2588rmavbild+2013-12-30+kl.+06.06.34.png\"><img loading=\"lazy\" decoding=\"async\" border=\"0\" height=\"75\" src=\"http:\/\/2.bp.blogspot.com\/-pA_QEfvkmYk\/UsErHY3A7xI\/AAAAAAAAGYs\/mrhcXMiITYs\/s400\/Ska%25CC%2588rmavbild+2013-12-30+kl.+06.06.34.png\" width=\"400\"><\/a><\/div>\n<\/p>\n<div><\/div>\n<\/p>\n<div><a href=\"http:\/\/1.bp.blogspot.com\/-EJHIX9iJxq4\/UsErJAhPMEI\/AAAAAAAAGZE\/GymeLdYZ80U\/s1600\/Ska%25CC%2588rmavbild+2013-12-30+kl.+06.08.44.png\"><img loading=\"lazy\" decoding=\"async\" border=\"0\" height=\"72\" src=\"http:\/\/1.bp.blogspot.com\/-EJHIX9iJxq4\/UsErJAhPMEI\/AAAAAAAAGZE\/GymeLdYZ80U\/s400\/Ska%25CC%2588rmavbild+2013-12-30+kl.+06.08.44.png\" width=\"400\"><\/a><\/div>\n<\/p>\n<div><\/div>\n<div><a href=\"http:\/\/4.bp.blogspot.com\/-d8Ry9jvCGfw\/UsErK_CAuZI\/AAAAAAAAGZc\/Vz3SXeY-SOc\/s1600\/Ska%25CC%2588rmavbild+2013-12-30+kl.+06.20.43.png\"><img loading=\"lazy\" decoding=\"async\" border=\"0\" height=\"73\" src=\"http:\/\/4.bp.blogspot.com\/-d8Ry9jvCGfw\/UsErK_CAuZI\/AAAAAAAAGZc\/Vz3SXeY-SOc\/s400\/Ska%25CC%2588rmavbild+2013-12-30+kl.+06.20.43.png\" width=\"400\"><\/a><\/div>\n<div><\/div>\n<div><\/div>\n<div><b>Veckans b\u00e4sta tweet<\/b><\/div>\n<div>st\u00e5r @landgren_martin f\u00f6r, s\u00e5 h\u00e4r \u00e4r det!<\/div>\n<\/p>\n<div><a href=\"http:\/\/1.bp.blogspot.com\/-HcxJHHFUFaE\/UsErLEw7drI\/AAAAAAAAGZo\/XBwZA2lCE2o\/s1600\/Ska%25CC%2588rmavbild+2013-12-30+kl.+06.21.25.png\"><img loading=\"lazy\" decoding=\"async\" border=\"0\" height=\"73\" src=\"http:\/\/1.bp.blogspot.com\/-HcxJHHFUFaE\/UsErLEw7drI\/AAAAAAAAGZo\/XBwZA2lCE2o\/s400\/Ska%25CC%2588rmavbild+2013-12-30+kl.+06.21.25.png\" width=\"400\"><\/a><\/div>\n<div><\/div>\n<div>Tack alla f\u00f6r denna vecka!<\/div>\n<\/div>\n","protected":false},"excerpt":{"rendered":"<p>V\u00e4lordnat Att samla favorittweets efter kategorier verkar \u00e4nd\u00e5 r\u00e4tt normalt j\u00e4mf\u00f6rt med att sortera ett bollhav? H\u00e4r \u00e4r \u00e5rets sista samling favorittweets, dock fr\u00e5n lite mer \u00e4n en vecka. I vanlig ordning blir det kristna, kloka och roliga tweets men idag blir det ocks\u00e5 en julkategori. Kanske n\u00e5gon tycker det \u00e4r inaktuellt men julen varar [&hellip;]<\/p>\n","protected":false},"author":392,"featured_media":0,"comment_status":"open","ping_status":"open","sticky":false,"template":"","format":"standard","meta":{"_acf_changed":false,"footnotes":""},"categories":[76189,78772],"tags":[],"class_list":["post-226","post","type-post","status-publish","format-standard","hentry","category-dagens-kyrka","category-favorittweets"],"acf":[],"yoast_head":"<!-- This site is optimized with the Yoast SEO plugin v27.1.1 - https:\/\/yoast.com\/product\/yoast-seo-wordpress\/ -->\n<title>Veckans samlade favoriter fr\u00e5n twitter - Vandra V\u00e4gen<\/title>\n<meta name=\"robots\" content=\"index, follow, max-snippet:-1, max-image-preview:large, max-video-preview:-1\" \/>\n<link rel=\"canonical\" href=\"https:\/\/blogg.svenskakyrkan.se\/vandravagen\/2013\/12\/30\/veckans-samlade-favoriter-fran-twitter-3\/\" \/>\n<meta property=\"og:locale\" content=\"sv_SE\" \/>\n<meta property=\"og:type\" content=\"article\" \/>\n<meta property=\"og:title\" content=\"Veckans samlade favoriter fr\u00e5n twitter - Vandra V\u00e4gen\" \/>\n<meta property=\"og:description\" content=\"V\u00e4lordnat Att samla favorittweets efter kategorier verkar \u00e4nd\u00e5 r\u00e4tt normalt j\u00e4mf\u00f6rt med att sortera ett bollhav? H\u00e4r \u00e4r \u00e5rets sista samling favorittweets, dock fr\u00e5n lite mer \u00e4n en vecka. I vanlig ordning blir det kristna, kloka och roliga tweets men idag blir det ocks\u00e5 en julkategori. Kanske n\u00e5gon tycker det \u00e4r inaktuellt men julen varar [&hellip;]\" \/>\n<meta property=\"og:url\" content=\"https:\/\/blogg.svenskakyrkan.se\/vandravagen\/2013\/12\/30\/veckans-samlade-favoriter-fran-twitter-3\/\" \/>\n<meta property=\"og:site_name\" content=\"Vandra V\u00e4gen\" \/>\n<meta property=\"article:publisher\" content=\"http:\/\/facebook.com\/vandravagen\" \/>\n<meta property=\"article:published_time\" content=\"2013-12-30T10:03:00+00:00\" \/>\n<meta property=\"og:image\" content=\"http:\/\/3.bp.blogspot.com\/-m0AGVj0oYb0\/UsEsZXnOmAI\/AAAAAAAAGZ0\/Fi1x0c6Oyqg\/s640\/IMG_2836.PNG\" \/>\n<meta name=\"author\" content=\"Tomas Jarvid\" \/>\n<meta name=\"twitter:card\" content=\"summary_large_image\" \/>\n<meta name=\"twitter:creator\" content=\"@fadertomas\" \/>\n<meta name=\"twitter:site\" content=\"@fadertomas\" \/>\n<meta name=\"twitter:label1\" content=\"Skriven av\" \/>\n\t<meta name=\"twitter:data1\" content=\"Tomas Jarvid\" \/>\n\t<meta name=\"twitter:label2\" content=\"Ber\u00e4knad l\u00e4stid\" \/>\n\t<meta name=\"twitter:data2\" content=\"1 minut\" \/>\n<script type=\"application\/ld+json\" class=\"yoast-schema-graph\">{\"@context\":\"https:\/\/schema.org\",\"@graph\":[{\"@type\":\"Article\",\"@id\":\"https:\/\/blogg.svenskakyrkan.se\/vandravagen\/2013\/12\/30\/veckans-samlade-favoriter-fran-twitter-3\/#article\",\"isPartOf\":{\"@id\":\"https:\/\/blogg.svenskakyrkan.se\/vandravagen\/2013\/12\/30\/veckans-samlade-favoriter-fran-twitter-3\/\"},\"author\":{\"name\":\"Tomas Jarvid\",\"@id\":\"https:\/\/blogg.svenskakyrkan.se\/vandravagen\/#\/schema\/person\/25da02d4f76b137d04291711e2c9fc16\"},\"headline\":\"Veckans samlade favoriter fr\u00e5n twitter\",\"datePublished\":\"2013-12-30T10:03:00+00:00\",\"mainEntityOfPage\":{\"@id\":\"https:\/\/blogg.svenskakyrkan.se\/vandravagen\/2013\/12\/30\/veckans-samlade-favoriter-fran-twitter-3\/\"},\"wordCount\":232,\"commentCount\":0,\"publisher\":{\"@id\":\"https:\/\/blogg.svenskakyrkan.se\/vandravagen\/#organization\"},\"image\":{\"@id\":\"https:\/\/blogg.svenskakyrkan.se\/vandravagen\/2013\/12\/30\/veckans-samlade-favoriter-fran-twitter-3\/#primaryimage\"},\"thumbnailUrl\":\"http:\/\/3.bp.blogspot.com\/-m0AGVj0oYb0\/UsEsZXnOmAI\/AAAAAAAAGZ0\/Fi1x0c6Oyqg\/s640\/IMG_2836.PNG\",\"articleSection\":[\"Dagens Kyrka\",\"favorittweets\"],\"inLanguage\":\"sv-SE\",\"potentialAction\":[{\"@type\":\"CommentAction\",\"name\":\"Comment\",\"target\":[\"https:\/\/blogg.svenskakyrkan.se\/vandravagen\/2013\/12\/30\/veckans-samlade-favoriter-fran-twitter-3\/#respond\"]}]},{\"@type\":\"WebPage\",\"@id\":\"https:\/\/blogg.svenskakyrkan.se\/vandravagen\/2013\/12\/30\/veckans-samlade-favoriter-fran-twitter-3\/\",\"url\":\"https:\/\/blogg.svenskakyrkan.se\/vandravagen\/2013\/12\/30\/veckans-samlade-favoriter-fran-twitter-3\/\",\"name\":\"Veckans samlade favoriter fr\u00e5n twitter - Vandra V\u00e4gen\",\"isPartOf\":{\"@id\":\"https:\/\/blogg.svenskakyrkan.se\/vandravagen\/#website\"},\"primaryImageOfPage\":{\"@id\":\"https:\/\/blogg.svenskakyrkan.se\/vandravagen\/2013\/12\/30\/veckans-samlade-favoriter-fran-twitter-3\/#primaryimage\"},\"image\":{\"@id\":\"https:\/\/blogg.svenskakyrkan.se\/vandravagen\/2013\/12\/30\/veckans-samlade-favoriter-fran-twitter-3\/#primaryimage\"},\"thumbnailUrl\":\"http:\/\/3.bp.blogspot.com\/-m0AGVj0oYb0\/UsEsZXnOmAI\/AAAAAAAAGZ0\/Fi1x0c6Oyqg\/s640\/IMG_2836.PNG\",\"datePublished\":\"2013-12-30T10:03:00+00:00\",\"breadcrumb\":{\"@id\":\"https:\/\/blogg.svenskakyrkan.se\/vandravagen\/2013\/12\/30\/veckans-samlade-favoriter-fran-twitter-3\/#breadcrumb\"},\"inLanguage\":\"sv-SE\",\"potentialAction\":[{\"@type\":\"ReadAction\",\"target\":[\"https:\/\/blogg.svenskakyrkan.se\/vandravagen\/2013\/12\/30\/veckans-samlade-favoriter-fran-twitter-3\/\"]}]},{\"@type\":\"ImageObject\",\"inLanguage\":\"sv-SE\",\"@id\":\"https:\/\/blogg.svenskakyrkan.se\/vandravagen\/2013\/12\/30\/veckans-samlade-favoriter-fran-twitter-3\/#primaryimage\",\"url\":\"http:\/\/3.bp.blogspot.com\/-m0AGVj0oYb0\/UsEsZXnOmAI\/AAAAAAAAGZ0\/Fi1x0c6Oyqg\/s640\/IMG_2836.PNG\",\"contentUrl\":\"http:\/\/3.bp.blogspot.com\/-m0AGVj0oYb0\/UsEsZXnOmAI\/AAAAAAAAGZ0\/Fi1x0c6Oyqg\/s640\/IMG_2836.PNG\"},{\"@type\":\"BreadcrumbList\",\"@id\":\"https:\/\/blogg.svenskakyrkan.se\/vandravagen\/2013\/12\/30\/veckans-samlade-favoriter-fran-twitter-3\/#breadcrumb\",\"itemListElement\":[{\"@type\":\"ListItem\",\"position\":1,\"name\":\"Hem\",\"item\":\"https:\/\/blogg.svenskakyrkan.se\/vandravagen\/\"},{\"@type\":\"ListItem\",\"position\":2,\"name\":\"Veckans samlade favoriter fr\u00e5n twitter\"}]},{\"@type\":\"WebSite\",\"@id\":\"https:\/\/blogg.svenskakyrkan.se\/vandravagen\/#website\",\"url\":\"https:\/\/blogg.svenskakyrkan.se\/vandravagen\/\",\"name\":\"Vandra V\u00e4gen\",\"description\":\"-Mot en tro f\u00f6r hela livet\",\"publisher\":{\"@id\":\"https:\/\/blogg.svenskakyrkan.se\/vandravagen\/#organization\"},\"potentialAction\":[{\"@type\":\"SearchAction\",\"target\":{\"@type\":\"EntryPoint\",\"urlTemplate\":\"https:\/\/blogg.svenskakyrkan.se\/vandravagen\/?s={search_term_string}\"},\"query-input\":{\"@type\":\"PropertyValueSpecification\",\"valueRequired\":true,\"valueName\":\"search_term_string\"}}],\"inLanguage\":\"sv-SE\"},{\"@type\":\"Organization\",\"@id\":\"https:\/\/blogg.svenskakyrkan.se\/vandravagen\/#organization\",\"name\":\"ulricehamns pastorat\",\"alternateName\":\"ulricehamns pastorat\",\"url\":\"https:\/\/blogg.svenskakyrkan.se\/vandravagen\/\",\"logo\":{\"@type\":\"ImageObject\",\"inLanguage\":\"sv-SE\",\"@id\":\"https:\/\/blogg.svenskakyrkan.se\/vandravagen\/#\/schema\/logo\/image\/\",\"url\":\"https:\/\/blogg.svenskakyrkan.se\/vandravagen\/files\/2023\/05\/Ulr_logo_RGB.png\",\"contentUrl\":\"https:\/\/blogg.svenskakyrkan.se\/vandravagen\/files\/2023\/05\/Ulr_logo_RGB.png\",\"width\":205,\"height\":77,\"caption\":\"ulricehamns pastorat\"},\"image\":{\"@id\":\"https:\/\/blogg.svenskakyrkan.se\/vandravagen\/#\/schema\/logo\/image\/\"},\"sameAs\":[\"http:\/\/facebook.com\/vandravagen\",\"https:\/\/x.com\/fadertomas\",\"http:\/\/www.facebook.com\/svenskakyrkaniulricehamn\"]},{\"@type\":\"Person\",\"@id\":\"https:\/\/blogg.svenskakyrkan.se\/vandravagen\/#\/schema\/person\/25da02d4f76b137d04291711e2c9fc16\",\"name\":\"Tomas Jarvid\",\"image\":{\"@type\":\"ImageObject\",\"inLanguage\":\"sv-SE\",\"@id\":\"https:\/\/blogg.svenskakyrkan.se\/vandravagen\/#\/schema\/person\/image\/\",\"url\":\"https:\/\/secure.gravatar.com\/avatar\/7fa71899795e8f540f615a1f5ab25255dc27aa40f05ee7ddd21aac521e01bf50?s=96&d=identicon&r=g\",\"contentUrl\":\"https:\/\/secure.gravatar.com\/avatar\/7fa71899795e8f540f615a1f5ab25255dc27aa40f05ee7ddd21aac521e01bf50?s=96&d=identicon&r=g\",\"caption\":\"Tomas Jarvid\"},\"description\":\"Jag bor i Ulricehamn i V\u00e4sterg\u00f6tland och \u00e4r f\u00f6rsamlingspr\u00e4st i Svenska Kyrkan f\u00f6r Dalstorps f\u00f6rsamling i Kinds pastorat. P\u00e5 den h\u00e4r bloggen skriver jag ner tankar om vandringen som kristen.\",\"sameAs\":[\"http:\/\/www.vandravagen.se\"],\"url\":\"https:\/\/blogg.svenskakyrkan.se\/vandravagen\/author\/vandravagen\/\"}]}<\/script>\n<!-- \/ Yoast SEO plugin. -->","yoast_head_json":{"title":"Veckans samlade favoriter fr\u00e5n twitter - Vandra V\u00e4gen","robots":{"index":"index","follow":"follow","max-snippet":"max-snippet:-1","max-image-preview":"max-image-preview:large","max-video-preview":"max-video-preview:-1"},"canonical":"https:\/\/blogg.svenskakyrkan.se\/vandravagen\/2013\/12\/30\/veckans-samlade-favoriter-fran-twitter-3\/","og_locale":"sv_SE","og_type":"article","og_title":"Veckans samlade favoriter fr\u00e5n twitter - Vandra V\u00e4gen","og_description":"V\u00e4lordnat Att samla favorittweets efter kategorier verkar \u00e4nd\u00e5 r\u00e4tt normalt j\u00e4mf\u00f6rt med att sortera ett bollhav? H\u00e4r \u00e4r \u00e5rets sista samling favorittweets, dock fr\u00e5n lite mer \u00e4n en vecka. I vanlig ordning blir det kristna, kloka och roliga tweets men idag blir det ocks\u00e5 en julkategori. Kanske n\u00e5gon tycker det \u00e4r inaktuellt men julen varar [&hellip;]","og_url":"https:\/\/blogg.svenskakyrkan.se\/vandravagen\/2013\/12\/30\/veckans-samlade-favoriter-fran-twitter-3\/","og_site_name":"Vandra V\u00e4gen","article_publisher":"http:\/\/facebook.com\/vandravagen","article_published_time":"2013-12-30T10:03:00+00:00","og_image":[{"url":"http:\/\/3.bp.blogspot.com\/-m0AGVj0oYb0\/UsEsZXnOmAI\/AAAAAAAAGZ0\/Fi1x0c6Oyqg\/s640\/IMG_2836.PNG","type":"","width":"","height":""}],"author":"Tomas Jarvid","twitter_card":"summary_large_image","twitter_creator":"@fadertomas","twitter_site":"@fadertomas","twitter_misc":{"Skriven av":"Tomas Jarvid","Ber\u00e4knad l\u00e4stid":"1 minut"},"schema":{"@context":"https:\/\/schema.org","@graph":[{"@type":"Article","@id":"https:\/\/blogg.svenskakyrkan.se\/vandravagen\/2013\/12\/30\/veckans-samlade-favoriter-fran-twitter-3\/#article","isPartOf":{"@id":"https:\/\/blogg.svenskakyrkan.se\/vandravagen\/2013\/12\/30\/veckans-samlade-favoriter-fran-twitter-3\/"},"author":{"name":"Tomas Jarvid","@id":"https:\/\/blogg.svenskakyrkan.se\/vandravagen\/#\/schema\/person\/25da02d4f76b137d04291711e2c9fc16"},"headline":"Veckans samlade favoriter fr\u00e5n twitter","datePublished":"2013-12-30T10:03:00+00:00","mainEntityOfPage":{"@id":"https:\/\/blogg.svenskakyrkan.se\/vandravagen\/2013\/12\/30\/veckans-samlade-favoriter-fran-twitter-3\/"},"wordCount":232,"commentCount":0,"publisher":{"@id":"https:\/\/blogg.svenskakyrkan.se\/vandravagen\/#organization"},"image":{"@id":"https:\/\/blogg.svenskakyrkan.se\/vandravagen\/2013\/12\/30\/veckans-samlade-favoriter-fran-twitter-3\/#primaryimage"},"thumbnailUrl":"http:\/\/3.bp.blogspot.com\/-m0AGVj0oYb0\/UsEsZXnOmAI\/AAAAAAAAGZ0\/Fi1x0c6Oyqg\/s640\/IMG_2836.PNG","articleSection":["Dagens Kyrka","favorittweets"],"inLanguage":"sv-SE","potentialAction":[{"@type":"CommentAction","name":"Comment","target":["https:\/\/blogg.svenskakyrkan.se\/vandravagen\/2013\/12\/30\/veckans-samlade-favoriter-fran-twitter-3\/#respond"]}]},{"@type":"WebPage","@id":"https:\/\/blogg.svenskakyrkan.se\/vandravagen\/2013\/12\/30\/veckans-samlade-favoriter-fran-twitter-3\/","url":"https:\/\/blogg.svenskakyrkan.se\/vandravagen\/2013\/12\/30\/veckans-samlade-favoriter-fran-twitter-3\/","name":"Veckans samlade favoriter fr\u00e5n twitter - Vandra V\u00e4gen","isPartOf":{"@id":"https:\/\/blogg.svenskakyrkan.se\/vandravagen\/#website"},"primaryImageOfPage":{"@id":"https:\/\/blogg.svenskakyrkan.se\/vandravagen\/2013\/12\/30\/veckans-samlade-favoriter-fran-twitter-3\/#primaryimage"},"image":{"@id":"https:\/\/blogg.svenskakyrkan.se\/vandravagen\/2013\/12\/30\/veckans-samlade-favoriter-fran-twitter-3\/#primaryimage"},"thumbnailUrl":"http:\/\/3.bp.blogspot.com\/-m0AGVj0oYb0\/UsEsZXnOmAI\/AAAAAAAAGZ0\/Fi1x0c6Oyqg\/s640\/IMG_2836.PNG","datePublished":"2013-12-30T10:03:00+00:00","breadcrumb":{"@id":"https:\/\/blogg.svenskakyrkan.se\/vandravagen\/2013\/12\/30\/veckans-samlade-favoriter-fran-twitter-3\/#breadcrumb"},"inLanguage":"sv-SE","potentialAction":[{"@type":"ReadAction","target":["https:\/\/blogg.svenskakyrkan.se\/vandravagen\/2013\/12\/30\/veckans-samlade-favoriter-fran-twitter-3\/"]}]},{"@type":"ImageObject","inLanguage":"sv-SE","@id":"https:\/\/blogg.svenskakyrkan.se\/vandravagen\/2013\/12\/30\/veckans-samlade-favoriter-fran-twitter-3\/#primaryimage","url":"http:\/\/3.bp.blogspot.com\/-m0AGVj0oYb0\/UsEsZXnOmAI\/AAAAAAAAGZ0\/Fi1x0c6Oyqg\/s640\/IMG_2836.PNG","contentUrl":"http:\/\/3.bp.blogspot.com\/-m0AGVj0oYb0\/UsEsZXnOmAI\/AAAAAAAAGZ0\/Fi1x0c6Oyqg\/s640\/IMG_2836.PNG"},{"@type":"BreadcrumbList","@id":"https:\/\/blogg.svenskakyrkan.se\/vandravagen\/2013\/12\/30\/veckans-samlade-favoriter-fran-twitter-3\/#breadcrumb","itemListElement":[{"@type":"ListItem","position":1,"name":"Hem","item":"https:\/\/blogg.svenskakyrkan.se\/vandravagen\/"},{"@type":"ListItem","position":2,"name":"Veckans samlade favoriter fr\u00e5n twitter"}]},{"@type":"WebSite","@id":"https:\/\/blogg.svenskakyrkan.se\/vandravagen\/#website","url":"https:\/\/blogg.svenskakyrkan.se\/vandravagen\/","name":"Vandra V\u00e4gen","description":"-Mot en tro f\u00f6r hela livet","publisher":{"@id":"https:\/\/blogg.svenskakyrkan.se\/vandravagen\/#organization"},"potentialAction":[{"@type":"SearchAction","target":{"@type":"EntryPoint","urlTemplate":"https:\/\/blogg.svenskakyrkan.se\/vandravagen\/?s={search_term_string}"},"query-input":{"@type":"PropertyValueSpecification","valueRequired":true,"valueName":"search_term_string"}}],"inLanguage":"sv-SE"},{"@type":"Organization","@id":"https:\/\/blogg.svenskakyrkan.se\/vandravagen\/#organization","name":"ulricehamns pastorat","alternateName":"ulricehamns pastorat","url":"https:\/\/blogg.svenskakyrkan.se\/vandravagen\/","logo":{"@type":"ImageObject","inLanguage":"sv-SE","@id":"https:\/\/blogg.svenskakyrkan.se\/vandravagen\/#\/schema\/logo\/image\/","url":"https:\/\/blogg.svenskakyrkan.se\/vandravagen\/files\/2023\/05\/Ulr_logo_RGB.png","contentUrl":"https:\/\/blogg.svenskakyrkan.se\/vandravagen\/files\/2023\/05\/Ulr_logo_RGB.png","width":205,"height":77,"caption":"ulricehamns pastorat"},"image":{"@id":"https:\/\/blogg.svenskakyrkan.se\/vandravagen\/#\/schema\/logo\/image\/"},"sameAs":["http:\/\/facebook.com\/vandravagen","https:\/\/x.com\/fadertomas","http:\/\/www.facebook.com\/svenskakyrkaniulricehamn"]},{"@type":"Person","@id":"https:\/\/blogg.svenskakyrkan.se\/vandravagen\/#\/schema\/person\/25da02d4f76b137d04291711e2c9fc16","name":"Tomas Jarvid","image":{"@type":"ImageObject","inLanguage":"sv-SE","@id":"https:\/\/blogg.svenskakyrkan.se\/vandravagen\/#\/schema\/person\/image\/","url":"https:\/\/secure.gravatar.com\/avatar\/7fa71899795e8f540f615a1f5ab25255dc27aa40f05ee7ddd21aac521e01bf50?s=96&d=identicon&r=g","contentUrl":"https:\/\/secure.gravatar.com\/avatar\/7fa71899795e8f540f615a1f5ab25255dc27aa40f05ee7ddd21aac521e01bf50?s=96&d=identicon&r=g","caption":"Tomas Jarvid"},"description":"Jag bor i Ulricehamn i V\u00e4sterg\u00f6tland och \u00e4r f\u00f6rsamlingspr\u00e4st i Svenska Kyrkan f\u00f6r Dalstorps f\u00f6rsamling i Kinds pastorat. P\u00e5 den h\u00e4r bloggen skriver jag ner tankar om vandringen som kristen.","sameAs":["http:\/\/www.vandravagen.se"],"url":"https:\/\/blogg.svenskakyrkan.se\/vandravagen\/author\/vandravagen\/"}]}},"author_meta":{"ID":"392","user_nicename":"vandravagen","user_url":"http:\/\/www.vandravagen.se","user_registered":"2014-05-19 05:44:52","display_name":"Tomas Jarvid","first_name":"Tomas","last_name":"Jarvid","avatar":"https:\/\/secure.gravatar.com\/avatar\/7fa71899795e8f540f615a1f5ab25255dc27aa40f05ee7ddd21aac521e01bf50?s=96&d=identicon&r=g"},"featured_image":false,"bloginfo":{"name":"Vandra V\u00e4gen","url":"https:\/\/blogg.svenskakyrkan.se\/vandravagen"},"_links":{"self":[{"href":"https:\/\/blogg.svenskakyrkan.se\/vandravagen\/wp-json\/wp\/v2\/posts\/226","targetHints":{"allow":["GET"]}}],"collection":[{"href":"https:\/\/blogg.svenskakyrkan.se\/vandravagen\/wp-json\/wp\/v2\/posts"}],"about":[{"href":"https:\/\/blogg.svenskakyrkan.se\/vandravagen\/wp-json\/wp\/v2\/types\/post"}],"author":[{"embeddable":true,"href":"https:\/\/blogg.svenskakyrkan.se\/vandravagen\/wp-json\/wp\/v2\/users\/392"}],"replies":[{"embeddable":true,"href":"https:\/\/blogg.svenskakyrkan.se\/vandravagen\/wp-json\/wp\/v2\/comments?post=226"}],"version-history":[{"count":0,"href":"https:\/\/blogg.svenskakyrkan.se\/vandravagen\/wp-json\/wp\/v2\/posts\/226\/revisions"}],"wp:attachment":[{"href":"https:\/\/blogg.svenskakyrkan.se\/vandravagen\/wp-json\/wp\/v2\/media?parent=226"}],"wp:term":[{"taxonomy":"category","embeddable":true,"href":"https:\/\/blogg.svenskakyrkan.se\/vandravagen\/wp-json\/wp\/v2\/categories?post=226"},{"taxonomy":"post_tag","embeddable":true,"href":"https:\/\/blogg.svenskakyrkan.se\/vandravagen\/wp-json\/wp\/v2\/tags?post=226"}],"curies":[{"name":"wp","href":"https:\/\/api.w.org\/{rel}","templated":true}]}}