{"id":228,"date":"2013-12-28T11:51:00","date_gmt":"2013-12-28T10:51:00","guid":{"rendered":"http:\/\/blogg.svenskakyrkan.se\/vandravagen\/2013\/12\/28\/sta-helenas-pilgrimsfard-gar-vidare\/"},"modified":"2013-12-28T11:51:00","modified_gmt":"2013-12-28T10:51:00","slug":"sta-helenas-pilgrimsfard-gar-vidare","status":"publish","type":"post","link":"https:\/\/blogg.svenskakyrkan.se\/vandravagen\/2013\/12\/28\/sta-helenas-pilgrimsfard-gar-vidare\/","title":{"rendered":"Sta Helenas pilgrimsf\u00e4rd g\u00e5r vidare!"},"content":{"rendered":"<\/p>\n<table align=\"center\" cellpadding=\"0\" cellspacing=\"0\">\n<tbody>\n<tr>\n<td><a href=\"http:\/\/3.bp.blogspot.com\/-NBUGY-spr4U\/Ur6a78oKzRI\/AAAAAAAAGUw\/xgs8RiFLl24\/s1600\/helenatravelbug.jpg\"><img loading=\"lazy\" decoding=\"async\" border=\"0\" src=\"http:\/\/3.bp.blogspot.com\/-NBUGY-spr4U\/Ur6a78oKzRI\/AAAAAAAAGUw\/xgs8RiFLl24\/s1600\/helenatravelbug.jpg\" height=\"478\" width=\"640\"><\/a><\/td>\n<\/tr>\n<tr>\n<td>Minns ni detta?<\/td>\n<\/tr>\n<\/tbody>\n<\/table>\n<p>Den trogna bloggl\u00e4saren <a href=\"http:\/\/www.vandravagen.se\/2013\/06\/helenas-pilgrimsfard-pa-nytt-i.html\">minns kanske i somras<\/a> n\u00e4r jag skickade iv\u00e4g en &#8221;travel bug&#8221; av G\u00f6tenes helgon Sankta Helena f\u00f6r att, via olika geocacheg\u00f6mmor f\u00f6rhoppningsvis n\u00e5 Jerusalem och upprepa sin pilgrimsf\u00e4rd fr\u00e5n 1100-talet. Det blev till och med <a href=\"http:\/\/www.vandravagen.se\/2013\/06\/geocachehelena-i-tidning-och-radio.html\">uppm\u00e4rksammat i lokalmedierna h\u00e4romkring<\/a>.<\/p>\n<div><\/div>\n<div>Sedan hade jag t\u00e4nkte komma med sp\u00e4nnande rapporter om Helenas framfart och i samband med det passa p\u00e5 att ber\u00e4tta en del om medeltida pilgrimsf\u00e4rder.\u00a0<\/div>\n<div><\/div>\n<div>Men det blev v\u00e4ldigt tyst om det hela. Helena f\u00f6rsvann fr\u00e5n sin f\u00f6rsta g\u00f6mma men jag h\u00f6rde inget mer ifr\u00e5n henne. P\u00e5 ett halv\u00e5r! Jag hade f\u00f6r l\u00e4nge sedan gett upp hoppet om att h\u00f6ra n\u00e5got om henne men s\u00e5, pl\u00f6tsligt h\u00e4nder det!<\/div>\n<div><\/div>\n<div>Sankta Helenas geocachepilgrimsf\u00e4rd forts\u00e4tter! Hon har tillbringat de senaste m\u00e5naderna i trakten av Lilla Edet och d\u00e4r har flera geocachare st\u00f6tt p\u00e5 henne. Nu har hon fortsatt vidare ut mot kusten och det ska bli sp\u00e4nnande att f\u00f6lja forts\u00e4ttningen!<\/div>\n<div><\/div>\n<div>Det visade sig att jag sj\u00e4lv missat i loggningen n\u00e4r jag lade ut henne men det har en v\u00e4nlig sj\u00e4l r\u00e4ttat till.\u00a0<\/div>\n<div><\/div>\n<div>Det g\u00e5r i r\u00e4tt maklig takt f\u00e5r man medge, kanske 12 mil p\u00e5 6 m\u00e5nader, men l\u00e5ngsamhet \u00e4r ju \u00e5 andra sidan en av pilgrimens nyckelord&#8230;<\/div>\n<div><\/div>\n<div>Jag \u00e4r mycket glad \u00f6ver att hon fortfarande \u00e4r p\u00e5 resande fot och m\u00f6ter lite folk l\u00e4ngs v\u00e4gen! Mot Jerusalem!<\/div>\n<div><\/div>\n<div><\/div>\n<div><\/div>\n<div>L\u00e4s g\u00e4rna mer om sta Helena p\u00e5 <a href=\"http:\/\/www.sanktahelena.se\/\">hennes officiella hemsida<\/a>. Eller l\u00e4s <a href=\"http:\/\/www.vandravagen.se\/2013\/08\/sta-helenas-pilgrimsfard-enligt-biskop.html\">vad biskop Brynolf en g\u00e5ng skrev om hennes pilgrimsf\u00e4rd<\/a>.<\/p>\n<\/div>\n","protected":false},"excerpt":{"rendered":"<p>Minns ni detta? Den trogna bloggl\u00e4saren minns kanske i somras n\u00e4r jag skickade iv\u00e4g en &#8221;travel bug&#8221; av G\u00f6tenes helgon Sankta Helena f\u00f6r att, via olika geocacheg\u00f6mmor f\u00f6rhoppningsvis n\u00e5 Jerusalem och upprepa sin pilgrimsf\u00e4rd fr\u00e5n 1100-talet. Det blev till och med uppm\u00e4rksammat i lokalmedierna h\u00e4romkring. Sedan hade jag t\u00e4nkte komma med sp\u00e4nnande rapporter om Helenas [&hellip;]<\/p>\n","protected":false},"author":392,"featured_media":0,"comment_status":"open","ping_status":"open","sticky":false,"template":"","format":"standard","meta":{"_acf_changed":false,"footnotes":""},"categories":[76189,35481],"tags":[],"class_list":["post-228","post","type-post","status-publish","format-standard","hentry","category-dagens-kyrka","category-sta-helena"],"acf":[],"yoast_head":"<!-- This site is optimized with the Yoast SEO plugin v27.1.1 - https:\/\/yoast.com\/product\/yoast-seo-wordpress\/ -->\n<title>Sta Helenas pilgrimsf\u00e4rd g\u00e5r vidare! - Vandra V\u00e4gen<\/title>\n<meta name=\"robots\" content=\"index, follow, max-snippet:-1, max-image-preview:large, max-video-preview:-1\" \/>\n<link rel=\"canonical\" href=\"https:\/\/blogg.svenskakyrkan.se\/vandravagen\/2013\/12\/28\/sta-helenas-pilgrimsfard-gar-vidare\/\" \/>\n<meta property=\"og:locale\" content=\"sv_SE\" \/>\n<meta property=\"og:type\" content=\"article\" \/>\n<meta property=\"og:title\" content=\"Sta Helenas pilgrimsf\u00e4rd g\u00e5r vidare! - Vandra V\u00e4gen\" \/>\n<meta property=\"og:description\" content=\"Minns ni detta? Den trogna bloggl\u00e4saren minns kanske i somras n\u00e4r jag skickade iv\u00e4g en &#8221;travel bug&#8221; av G\u00f6tenes helgon Sankta Helena f\u00f6r att, via olika geocacheg\u00f6mmor f\u00f6rhoppningsvis n\u00e5 Jerusalem och upprepa sin pilgrimsf\u00e4rd fr\u00e5n 1100-talet. Det blev till och med uppm\u00e4rksammat i lokalmedierna h\u00e4romkring. Sedan hade jag t\u00e4nkte komma med sp\u00e4nnande rapporter om Helenas [&hellip;]\" \/>\n<meta property=\"og:url\" content=\"https:\/\/blogg.svenskakyrkan.se\/vandravagen\/2013\/12\/28\/sta-helenas-pilgrimsfard-gar-vidare\/\" \/>\n<meta property=\"og:site_name\" content=\"Vandra V\u00e4gen\" \/>\n<meta property=\"article:publisher\" content=\"http:\/\/facebook.com\/vandravagen\" \/>\n<meta property=\"article:published_time\" content=\"2013-12-28T10:51:00+00:00\" \/>\n<meta property=\"og:image\" content=\"http:\/\/3.bp.blogspot.com\/-NBUGY-spr4U\/Ur6a78oKzRI\/AAAAAAAAGUw\/xgs8RiFLl24\/s1600\/helenatravelbug.jpg\" \/>\n<meta name=\"author\" content=\"Tomas Jarvid\" \/>\n<meta name=\"twitter:card\" content=\"summary_large_image\" \/>\n<meta name=\"twitter:creator\" content=\"@fadertomas\" \/>\n<meta name=\"twitter:site\" content=\"@fadertomas\" \/>\n<meta name=\"twitter:label1\" content=\"Skriven av\" \/>\n\t<meta name=\"twitter:data1\" content=\"Tomas Jarvid\" \/>\n\t<meta name=\"twitter:label2\" content=\"Ber\u00e4knad l\u00e4stid\" \/>\n\t<meta name=\"twitter:data2\" content=\"1 minut\" \/>\n<script type=\"application\/ld+json\" class=\"yoast-schema-graph\">{\"@context\":\"https:\/\/schema.org\",\"@graph\":[{\"@type\":\"Article\",\"@id\":\"https:\/\/blogg.svenskakyrkan.se\/vandravagen\/2013\/12\/28\/sta-helenas-pilgrimsfard-gar-vidare\/#article\",\"isPartOf\":{\"@id\":\"https:\/\/blogg.svenskakyrkan.se\/vandravagen\/2013\/12\/28\/sta-helenas-pilgrimsfard-gar-vidare\/\"},\"author\":{\"name\":\"Tomas Jarvid\",\"@id\":\"https:\/\/blogg.svenskakyrkan.se\/vandravagen\/#\/schema\/person\/25da02d4f76b137d04291711e2c9fc16\"},\"headline\":\"Sta Helenas pilgrimsf\u00e4rd g\u00e5r vidare!\",\"datePublished\":\"2013-12-28T10:51:00+00:00\",\"mainEntityOfPage\":{\"@id\":\"https:\/\/blogg.svenskakyrkan.se\/vandravagen\/2013\/12\/28\/sta-helenas-pilgrimsfard-gar-vidare\/\"},\"wordCount\":300,\"commentCount\":5,\"publisher\":{\"@id\":\"https:\/\/blogg.svenskakyrkan.se\/vandravagen\/#organization\"},\"image\":{\"@id\":\"https:\/\/blogg.svenskakyrkan.se\/vandravagen\/2013\/12\/28\/sta-helenas-pilgrimsfard-gar-vidare\/#primaryimage\"},\"thumbnailUrl\":\"http:\/\/3.bp.blogspot.com\/-NBUGY-spr4U\/Ur6a78oKzRI\/AAAAAAAAGUw\/xgs8RiFLl24\/s1600\/helenatravelbug.jpg\",\"articleSection\":[\"Dagens Kyrka\",\"sta Helena\"],\"inLanguage\":\"sv-SE\",\"potentialAction\":[{\"@type\":\"CommentAction\",\"name\":\"Comment\",\"target\":[\"https:\/\/blogg.svenskakyrkan.se\/vandravagen\/2013\/12\/28\/sta-helenas-pilgrimsfard-gar-vidare\/#respond\"]}]},{\"@type\":\"WebPage\",\"@id\":\"https:\/\/blogg.svenskakyrkan.se\/vandravagen\/2013\/12\/28\/sta-helenas-pilgrimsfard-gar-vidare\/\",\"url\":\"https:\/\/blogg.svenskakyrkan.se\/vandravagen\/2013\/12\/28\/sta-helenas-pilgrimsfard-gar-vidare\/\",\"name\":\"Sta Helenas pilgrimsf\u00e4rd g\u00e5r vidare! - Vandra V\u00e4gen\",\"isPartOf\":{\"@id\":\"https:\/\/blogg.svenskakyrkan.se\/vandravagen\/#website\"},\"primaryImageOfPage\":{\"@id\":\"https:\/\/blogg.svenskakyrkan.se\/vandravagen\/2013\/12\/28\/sta-helenas-pilgrimsfard-gar-vidare\/#primaryimage\"},\"image\":{\"@id\":\"https:\/\/blogg.svenskakyrkan.se\/vandravagen\/2013\/12\/28\/sta-helenas-pilgrimsfard-gar-vidare\/#primaryimage\"},\"thumbnailUrl\":\"http:\/\/3.bp.blogspot.com\/-NBUGY-spr4U\/Ur6a78oKzRI\/AAAAAAAAGUw\/xgs8RiFLl24\/s1600\/helenatravelbug.jpg\",\"datePublished\":\"2013-12-28T10:51:00+00:00\",\"breadcrumb\":{\"@id\":\"https:\/\/blogg.svenskakyrkan.se\/vandravagen\/2013\/12\/28\/sta-helenas-pilgrimsfard-gar-vidare\/#breadcrumb\"},\"inLanguage\":\"sv-SE\",\"potentialAction\":[{\"@type\":\"ReadAction\",\"target\":[\"https:\/\/blogg.svenskakyrkan.se\/vandravagen\/2013\/12\/28\/sta-helenas-pilgrimsfard-gar-vidare\/\"]}]},{\"@type\":\"ImageObject\",\"inLanguage\":\"sv-SE\",\"@id\":\"https:\/\/blogg.svenskakyrkan.se\/vandravagen\/2013\/12\/28\/sta-helenas-pilgrimsfard-gar-vidare\/#primaryimage\",\"url\":\"http:\/\/3.bp.blogspot.com\/-NBUGY-spr4U\/Ur6a78oKzRI\/AAAAAAAAGUw\/xgs8RiFLl24\/s1600\/helenatravelbug.jpg\",\"contentUrl\":\"http:\/\/3.bp.blogspot.com\/-NBUGY-spr4U\/Ur6a78oKzRI\/AAAAAAAAGUw\/xgs8RiFLl24\/s1600\/helenatravelbug.jpg\"},{\"@type\":\"BreadcrumbList\",\"@id\":\"https:\/\/blogg.svenskakyrkan.se\/vandravagen\/2013\/12\/28\/sta-helenas-pilgrimsfard-gar-vidare\/#breadcrumb\",\"itemListElement\":[{\"@type\":\"ListItem\",\"position\":1,\"name\":\"Hem\",\"item\":\"https:\/\/blogg.svenskakyrkan.se\/vandravagen\/\"},{\"@type\":\"ListItem\",\"position\":2,\"name\":\"Sta Helenas pilgrimsf\u00e4rd g\u00e5r vidare!\"}]},{\"@type\":\"WebSite\",\"@id\":\"https:\/\/blogg.svenskakyrkan.se\/vandravagen\/#website\",\"url\":\"https:\/\/blogg.svenskakyrkan.se\/vandravagen\/\",\"name\":\"Vandra V\u00e4gen\",\"description\":\"-Mot en tro f\u00f6r hela livet\",\"publisher\":{\"@id\":\"https:\/\/blogg.svenskakyrkan.se\/vandravagen\/#organization\"},\"potentialAction\":[{\"@type\":\"SearchAction\",\"target\":{\"@type\":\"EntryPoint\",\"urlTemplate\":\"https:\/\/blogg.svenskakyrkan.se\/vandravagen\/?s={search_term_string}\"},\"query-input\":{\"@type\":\"PropertyValueSpecification\",\"valueRequired\":true,\"valueName\":\"search_term_string\"}}],\"inLanguage\":\"sv-SE\"},{\"@type\":\"Organization\",\"@id\":\"https:\/\/blogg.svenskakyrkan.se\/vandravagen\/#organization\",\"name\":\"ulricehamns pastorat\",\"alternateName\":\"ulricehamns pastorat\",\"url\":\"https:\/\/blogg.svenskakyrkan.se\/vandravagen\/\",\"logo\":{\"@type\":\"ImageObject\",\"inLanguage\":\"sv-SE\",\"@id\":\"https:\/\/blogg.svenskakyrkan.se\/vandravagen\/#\/schema\/logo\/image\/\",\"url\":\"https:\/\/blogg.svenskakyrkan.se\/vandravagen\/files\/2023\/05\/Ulr_logo_RGB.png\",\"contentUrl\":\"https:\/\/blogg.svenskakyrkan.se\/vandravagen\/files\/2023\/05\/Ulr_logo_RGB.png\",\"width\":205,\"height\":77,\"caption\":\"ulricehamns pastorat\"},\"image\":{\"@id\":\"https:\/\/blogg.svenskakyrkan.se\/vandravagen\/#\/schema\/logo\/image\/\"},\"sameAs\":[\"http:\/\/facebook.com\/vandravagen\",\"https:\/\/x.com\/fadertomas\",\"http:\/\/www.facebook.com\/svenskakyrkaniulricehamn\"]},{\"@type\":\"Person\",\"@id\":\"https:\/\/blogg.svenskakyrkan.se\/vandravagen\/#\/schema\/person\/25da02d4f76b137d04291711e2c9fc16\",\"name\":\"Tomas Jarvid\",\"image\":{\"@type\":\"ImageObject\",\"inLanguage\":\"sv-SE\",\"@id\":\"https:\/\/blogg.svenskakyrkan.se\/vandravagen\/#\/schema\/person\/image\/\",\"url\":\"https:\/\/secure.gravatar.com\/avatar\/7fa71899795e8f540f615a1f5ab25255dc27aa40f05ee7ddd21aac521e01bf50?s=96&d=identicon&r=g\",\"contentUrl\":\"https:\/\/secure.gravatar.com\/avatar\/7fa71899795e8f540f615a1f5ab25255dc27aa40f05ee7ddd21aac521e01bf50?s=96&d=identicon&r=g\",\"caption\":\"Tomas Jarvid\"},\"description\":\"Jag bor i Ulricehamn i V\u00e4sterg\u00f6tland och \u00e4r f\u00f6rsamlingspr\u00e4st i Svenska Kyrkan f\u00f6r Dalstorps f\u00f6rsamling i Kinds pastorat. P\u00e5 den h\u00e4r bloggen skriver jag ner tankar om vandringen som kristen.\",\"sameAs\":[\"http:\/\/www.vandravagen.se\"],\"url\":\"https:\/\/blogg.svenskakyrkan.se\/vandravagen\/author\/vandravagen\/\"}]}<\/script>\n<!-- \/ Yoast SEO plugin. -->","yoast_head_json":{"title":"Sta Helenas pilgrimsf\u00e4rd g\u00e5r vidare! - Vandra V\u00e4gen","robots":{"index":"index","follow":"follow","max-snippet":"max-snippet:-1","max-image-preview":"max-image-preview:large","max-video-preview":"max-video-preview:-1"},"canonical":"https:\/\/blogg.svenskakyrkan.se\/vandravagen\/2013\/12\/28\/sta-helenas-pilgrimsfard-gar-vidare\/","og_locale":"sv_SE","og_type":"article","og_title":"Sta Helenas pilgrimsf\u00e4rd g\u00e5r vidare! - Vandra V\u00e4gen","og_description":"Minns ni detta? Den trogna bloggl\u00e4saren minns kanske i somras n\u00e4r jag skickade iv\u00e4g en &#8221;travel bug&#8221; av G\u00f6tenes helgon Sankta Helena f\u00f6r att, via olika geocacheg\u00f6mmor f\u00f6rhoppningsvis n\u00e5 Jerusalem och upprepa sin pilgrimsf\u00e4rd fr\u00e5n 1100-talet. Det blev till och med uppm\u00e4rksammat i lokalmedierna h\u00e4romkring. Sedan hade jag t\u00e4nkte komma med sp\u00e4nnande rapporter om Helenas [&hellip;]","og_url":"https:\/\/blogg.svenskakyrkan.se\/vandravagen\/2013\/12\/28\/sta-helenas-pilgrimsfard-gar-vidare\/","og_site_name":"Vandra V\u00e4gen","article_publisher":"http:\/\/facebook.com\/vandravagen","article_published_time":"2013-12-28T10:51:00+00:00","og_image":[{"url":"http:\/\/3.bp.blogspot.com\/-NBUGY-spr4U\/Ur6a78oKzRI\/AAAAAAAAGUw\/xgs8RiFLl24\/s1600\/helenatravelbug.jpg","type":"","width":"","height":""}],"author":"Tomas Jarvid","twitter_card":"summary_large_image","twitter_creator":"@fadertomas","twitter_site":"@fadertomas","twitter_misc":{"Skriven av":"Tomas Jarvid","Ber\u00e4knad l\u00e4stid":"1 minut"},"schema":{"@context":"https:\/\/schema.org","@graph":[{"@type":"Article","@id":"https:\/\/blogg.svenskakyrkan.se\/vandravagen\/2013\/12\/28\/sta-helenas-pilgrimsfard-gar-vidare\/#article","isPartOf":{"@id":"https:\/\/blogg.svenskakyrkan.se\/vandravagen\/2013\/12\/28\/sta-helenas-pilgrimsfard-gar-vidare\/"},"author":{"name":"Tomas Jarvid","@id":"https:\/\/blogg.svenskakyrkan.se\/vandravagen\/#\/schema\/person\/25da02d4f76b137d04291711e2c9fc16"},"headline":"Sta Helenas pilgrimsf\u00e4rd g\u00e5r vidare!","datePublished":"2013-12-28T10:51:00+00:00","mainEntityOfPage":{"@id":"https:\/\/blogg.svenskakyrkan.se\/vandravagen\/2013\/12\/28\/sta-helenas-pilgrimsfard-gar-vidare\/"},"wordCount":300,"commentCount":5,"publisher":{"@id":"https:\/\/blogg.svenskakyrkan.se\/vandravagen\/#organization"},"image":{"@id":"https:\/\/blogg.svenskakyrkan.se\/vandravagen\/2013\/12\/28\/sta-helenas-pilgrimsfard-gar-vidare\/#primaryimage"},"thumbnailUrl":"http:\/\/3.bp.blogspot.com\/-NBUGY-spr4U\/Ur6a78oKzRI\/AAAAAAAAGUw\/xgs8RiFLl24\/s1600\/helenatravelbug.jpg","articleSection":["Dagens Kyrka","sta Helena"],"inLanguage":"sv-SE","potentialAction":[{"@type":"CommentAction","name":"Comment","target":["https:\/\/blogg.svenskakyrkan.se\/vandravagen\/2013\/12\/28\/sta-helenas-pilgrimsfard-gar-vidare\/#respond"]}]},{"@type":"WebPage","@id":"https:\/\/blogg.svenskakyrkan.se\/vandravagen\/2013\/12\/28\/sta-helenas-pilgrimsfard-gar-vidare\/","url":"https:\/\/blogg.svenskakyrkan.se\/vandravagen\/2013\/12\/28\/sta-helenas-pilgrimsfard-gar-vidare\/","name":"Sta Helenas pilgrimsf\u00e4rd g\u00e5r vidare! - Vandra V\u00e4gen","isPartOf":{"@id":"https:\/\/blogg.svenskakyrkan.se\/vandravagen\/#website"},"primaryImageOfPage":{"@id":"https:\/\/blogg.svenskakyrkan.se\/vandravagen\/2013\/12\/28\/sta-helenas-pilgrimsfard-gar-vidare\/#primaryimage"},"image":{"@id":"https:\/\/blogg.svenskakyrkan.se\/vandravagen\/2013\/12\/28\/sta-helenas-pilgrimsfard-gar-vidare\/#primaryimage"},"thumbnailUrl":"http:\/\/3.bp.blogspot.com\/-NBUGY-spr4U\/Ur6a78oKzRI\/AAAAAAAAGUw\/xgs8RiFLl24\/s1600\/helenatravelbug.jpg","datePublished":"2013-12-28T10:51:00+00:00","breadcrumb":{"@id":"https:\/\/blogg.svenskakyrkan.se\/vandravagen\/2013\/12\/28\/sta-helenas-pilgrimsfard-gar-vidare\/#breadcrumb"},"inLanguage":"sv-SE","potentialAction":[{"@type":"ReadAction","target":["https:\/\/blogg.svenskakyrkan.se\/vandravagen\/2013\/12\/28\/sta-helenas-pilgrimsfard-gar-vidare\/"]}]},{"@type":"ImageObject","inLanguage":"sv-SE","@id":"https:\/\/blogg.svenskakyrkan.se\/vandravagen\/2013\/12\/28\/sta-helenas-pilgrimsfard-gar-vidare\/#primaryimage","url":"http:\/\/3.bp.blogspot.com\/-NBUGY-spr4U\/Ur6a78oKzRI\/AAAAAAAAGUw\/xgs8RiFLl24\/s1600\/helenatravelbug.jpg","contentUrl":"http:\/\/3.bp.blogspot.com\/-NBUGY-spr4U\/Ur6a78oKzRI\/AAAAAAAAGUw\/xgs8RiFLl24\/s1600\/helenatravelbug.jpg"},{"@type":"BreadcrumbList","@id":"https:\/\/blogg.svenskakyrkan.se\/vandravagen\/2013\/12\/28\/sta-helenas-pilgrimsfard-gar-vidare\/#breadcrumb","itemListElement":[{"@type":"ListItem","position":1,"name":"Hem","item":"https:\/\/blogg.svenskakyrkan.se\/vandravagen\/"},{"@type":"ListItem","position":2,"name":"Sta Helenas pilgrimsf\u00e4rd g\u00e5r vidare!"}]},{"@type":"WebSite","@id":"https:\/\/blogg.svenskakyrkan.se\/vandravagen\/#website","url":"https:\/\/blogg.svenskakyrkan.se\/vandravagen\/","name":"Vandra V\u00e4gen","description":"-Mot en tro f\u00f6r hela livet","publisher":{"@id":"https:\/\/blogg.svenskakyrkan.se\/vandravagen\/#organization"},"potentialAction":[{"@type":"SearchAction","target":{"@type":"EntryPoint","urlTemplate":"https:\/\/blogg.svenskakyrkan.se\/vandravagen\/?s={search_term_string}"},"query-input":{"@type":"PropertyValueSpecification","valueRequired":true,"valueName":"search_term_string"}}],"inLanguage":"sv-SE"},{"@type":"Organization","@id":"https:\/\/blogg.svenskakyrkan.se\/vandravagen\/#organization","name":"ulricehamns pastorat","alternateName":"ulricehamns pastorat","url":"https:\/\/blogg.svenskakyrkan.se\/vandravagen\/","logo":{"@type":"ImageObject","inLanguage":"sv-SE","@id":"https:\/\/blogg.svenskakyrkan.se\/vandravagen\/#\/schema\/logo\/image\/","url":"https:\/\/blogg.svenskakyrkan.se\/vandravagen\/files\/2023\/05\/Ulr_logo_RGB.png","contentUrl":"https:\/\/blogg.svenskakyrkan.se\/vandravagen\/files\/2023\/05\/Ulr_logo_RGB.png","width":205,"height":77,"caption":"ulricehamns pastorat"},"image":{"@id":"https:\/\/blogg.svenskakyrkan.se\/vandravagen\/#\/schema\/logo\/image\/"},"sameAs":["http:\/\/facebook.com\/vandravagen","https:\/\/x.com\/fadertomas","http:\/\/www.facebook.com\/svenskakyrkaniulricehamn"]},{"@type":"Person","@id":"https:\/\/blogg.svenskakyrkan.se\/vandravagen\/#\/schema\/person\/25da02d4f76b137d04291711e2c9fc16","name":"Tomas Jarvid","image":{"@type":"ImageObject","inLanguage":"sv-SE","@id":"https:\/\/blogg.svenskakyrkan.se\/vandravagen\/#\/schema\/person\/image\/","url":"https:\/\/secure.gravatar.com\/avatar\/7fa71899795e8f540f615a1f5ab25255dc27aa40f05ee7ddd21aac521e01bf50?s=96&d=identicon&r=g","contentUrl":"https:\/\/secure.gravatar.com\/avatar\/7fa71899795e8f540f615a1f5ab25255dc27aa40f05ee7ddd21aac521e01bf50?s=96&d=identicon&r=g","caption":"Tomas Jarvid"},"description":"Jag bor i Ulricehamn i V\u00e4sterg\u00f6tland och \u00e4r f\u00f6rsamlingspr\u00e4st i Svenska Kyrkan f\u00f6r Dalstorps f\u00f6rsamling i Kinds pastorat. P\u00e5 den h\u00e4r bloggen skriver jag ner tankar om vandringen som kristen.","sameAs":["http:\/\/www.vandravagen.se"],"url":"https:\/\/blogg.svenskakyrkan.se\/vandravagen\/author\/vandravagen\/"}]}},"author_meta":{"ID":"392","user_nicename":"vandravagen","user_url":"http:\/\/www.vandravagen.se","user_registered":"2014-05-19 05:44:52","display_name":"Tomas Jarvid","first_name":"Tomas","last_name":"Jarvid","avatar":"https:\/\/secure.gravatar.com\/avatar\/7fa71899795e8f540f615a1f5ab25255dc27aa40f05ee7ddd21aac521e01bf50?s=96&d=identicon&r=g"},"featured_image":false,"bloginfo":{"name":"Vandra V\u00e4gen","url":"https:\/\/blogg.svenskakyrkan.se\/vandravagen"},"_links":{"self":[{"href":"https:\/\/blogg.svenskakyrkan.se\/vandravagen\/wp-json\/wp\/v2\/posts\/228","targetHints":{"allow":["GET"]}}],"collection":[{"href":"https:\/\/blogg.svenskakyrkan.se\/vandravagen\/wp-json\/wp\/v2\/posts"}],"about":[{"href":"https:\/\/blogg.svenskakyrkan.se\/vandravagen\/wp-json\/wp\/v2\/types\/post"}],"author":[{"embeddable":true,"href":"https:\/\/blogg.svenskakyrkan.se\/vandravagen\/wp-json\/wp\/v2\/users\/392"}],"replies":[{"embeddable":true,"href":"https:\/\/blogg.svenskakyrkan.se\/vandravagen\/wp-json\/wp\/v2\/comments?post=228"}],"version-history":[{"count":0,"href":"https:\/\/blogg.svenskakyrkan.se\/vandravagen\/wp-json\/wp\/v2\/posts\/228\/revisions"}],"wp:attachment":[{"href":"https:\/\/blogg.svenskakyrkan.se\/vandravagen\/wp-json\/wp\/v2\/media?parent=228"}],"wp:term":[{"taxonomy":"category","embeddable":true,"href":"https:\/\/blogg.svenskakyrkan.se\/vandravagen\/wp-json\/wp\/v2\/categories?post=228"},{"taxonomy":"post_tag","embeddable":true,"href":"https:\/\/blogg.svenskakyrkan.se\/vandravagen\/wp-json\/wp\/v2\/tags?post=228"}],"curies":[{"name":"wp","href":"https:\/\/api.w.org\/{rel}","templated":true}]}}