{"id":229,"date":"2013-12-27T10:28:00","date_gmt":"2013-12-27T09:28:00","guid":{"rendered":"http:\/\/blogg.svenskakyrkan.se\/vandravagen\/2013\/12\/27\/det-absurda-julbudskapet\/"},"modified":"2013-12-27T10:28:00","modified_gmt":"2013-12-27T09:28:00","slug":"det-absurda-julbudskapet","status":"publish","type":"post","link":"https:\/\/blogg.svenskakyrkan.se\/vandravagen\/2013\/12\/27\/det-absurda-julbudskapet\/","title":{"rendered":"Det absurda julbudskapet"},"content":{"rendered":"<table align=\"center\" cellpadding=\"0\" cellspacing=\"0\">\n<tbody>\n<tr>\n<td><a href=\"http:\/\/3.bp.blogspot.com\/-fezzvzgppjk\/Ur059Vja6BI\/AAAAAAAAGUg\/U9xzOWyfzpA\/s1600\/IMG_2870.JPG\"><img loading=\"lazy\" decoding=\"async\" border=\"0\" src=\"http:\/\/3.bp.blogspot.com\/-fezzvzgppjk\/Ur059Vja6BI\/AAAAAAAAGUg\/U9xzOWyfzpA\/s1600\/IMG_2870.JPG\" height=\"498\" width=\"640\"><\/a><\/td>\n<\/tr>\n<tr>\n<td>Barn sjunger ut det glada budskapet!<\/td>\n<\/tr>\n<\/tbody>\n<\/table>\n<p>F\u00f6re jul ber\u00e4ttade jag f\u00f6r skolbarn om julen i samband med julvandringarna i Ledsj\u00f6. Jag f\u00f6rs\u00f6kte f\u00f6rklara s\u00e5 enkelt som m\u00f6jligt varf\u00f6r Kyrkan firar jul:<\/p>\n<div><\/div>\n<div>&#8221;Jo allts\u00e5, vi firar att Jesus f\u00f6ddes och det g\u00f6r vi f\u00f6r att vi menar att det \u00e4r n\u00e5got v\u00e4ldigt speciellt med Jesus. Vi tror att Jesus \u00e4r Guds Son. Att Jesus \u00e4r Gud allts\u00e5.&#8221;<\/div>\n<div><\/div>\n<div>Och d\u00e4r och d\u00e5 n\u00e4r jag h\u00f6rde mina egna ord kunde jag h\u00f6ra hur absurt det l\u00e4t! Det lilla barnet som f\u00f6tts \u00e4r Gud och m\u00e4nniska. Jag anade skeptiska miner och med full r\u00e4tt f\u00f6r barnen har inte l\u00e4rt sig att acceptera livets mysterier med en klackspark \u00e4nnu. Det hj\u00e4lpte ocks\u00e5 mig att h\u00f6ra det m\u00e4rkliga i julens evangelium.<\/div>\n<div><\/div>\n<div>Tack f\u00f6r det, ni skolbarn! F\u00f6r det \u00e4r verkligen k\u00e4rnan i den kristna tron att Jesus \u00e4r Gud (och m\u00e4nniska), och det \u00e4r verkligen helt obegripligt f\u00f6r oss!<\/div>\n<div><\/div>\n<div><\/div>\n","protected":false},"excerpt":{"rendered":"<p>Barn sjunger ut det glada budskapet! F\u00f6re jul ber\u00e4ttade jag f\u00f6r skolbarn om julen i samband med julvandringarna i Ledsj\u00f6. Jag f\u00f6rs\u00f6kte f\u00f6rklara s\u00e5 enkelt som m\u00f6jligt varf\u00f6r Kyrkan firar jul: &#8221;Jo allts\u00e5, vi firar att Jesus f\u00f6ddes och det g\u00f6r vi f\u00f6r att vi menar att det \u00e4r n\u00e5got v\u00e4ldigt speciellt med Jesus. Vi [&hellip;]<\/p>\n","protected":false},"author":392,"featured_media":0,"comment_status":"open","ping_status":"open","sticky":false,"template":"","format":"standard","meta":{"_acf_changed":false,"footnotes":""},"categories":[76189,8252,117],"tags":[],"class_list":["post-229","post","type-post","status-publish","format-standard","hentry","category-dagens-kyrka","category-kyrkoaret","category-teologi"],"acf":[],"yoast_head":"<!-- This site is optimized with the Yoast SEO plugin v27.1.1 - https:\/\/yoast.com\/product\/yoast-seo-wordpress\/ -->\n<title>Det absurda julbudskapet - Vandra V\u00e4gen<\/title>\n<meta name=\"robots\" content=\"index, follow, max-snippet:-1, max-image-preview:large, max-video-preview:-1\" \/>\n<link rel=\"canonical\" href=\"https:\/\/blogg.svenskakyrkan.se\/vandravagen\/2013\/12\/27\/det-absurda-julbudskapet\/\" \/>\n<meta property=\"og:locale\" content=\"sv_SE\" \/>\n<meta property=\"og:type\" content=\"article\" \/>\n<meta property=\"og:title\" content=\"Det absurda julbudskapet - Vandra V\u00e4gen\" \/>\n<meta property=\"og:description\" content=\"Barn sjunger ut det glada budskapet! F\u00f6re jul ber\u00e4ttade jag f\u00f6r skolbarn om julen i samband med julvandringarna i Ledsj\u00f6. Jag f\u00f6rs\u00f6kte f\u00f6rklara s\u00e5 enkelt som m\u00f6jligt varf\u00f6r Kyrkan firar jul: &#8221;Jo allts\u00e5, vi firar att Jesus f\u00f6ddes och det g\u00f6r vi f\u00f6r att vi menar att det \u00e4r n\u00e5got v\u00e4ldigt speciellt med Jesus. Vi [&hellip;]\" \/>\n<meta property=\"og:url\" content=\"https:\/\/blogg.svenskakyrkan.se\/vandravagen\/2013\/12\/27\/det-absurda-julbudskapet\/\" \/>\n<meta property=\"og:site_name\" content=\"Vandra V\u00e4gen\" \/>\n<meta property=\"article:publisher\" content=\"http:\/\/facebook.com\/vandravagen\" \/>\n<meta property=\"article:published_time\" content=\"2013-12-27T09:28:00+00:00\" \/>\n<meta property=\"og:image\" content=\"http:\/\/3.bp.blogspot.com\/-fezzvzgppjk\/Ur059Vja6BI\/AAAAAAAAGUg\/U9xzOWyfzpA\/s1600\/IMG_2870.JPG\" \/>\n<meta name=\"author\" content=\"Tomas Jarvid\" \/>\n<meta name=\"twitter:card\" content=\"summary_large_image\" \/>\n<meta name=\"twitter:creator\" content=\"@fadertomas\" \/>\n<meta name=\"twitter:site\" content=\"@fadertomas\" \/>\n<meta name=\"twitter:label1\" content=\"Skriven av\" \/>\n\t<meta name=\"twitter:data1\" content=\"Tomas Jarvid\" \/>\n\t<meta name=\"twitter:label2\" content=\"Ber\u00e4knad l\u00e4stid\" \/>\n\t<meta name=\"twitter:data2\" content=\"1 minut\" \/>\n<script type=\"application\/ld+json\" class=\"yoast-schema-graph\">{\"@context\":\"https:\/\/schema.org\",\"@graph\":[{\"@type\":\"Article\",\"@id\":\"https:\/\/blogg.svenskakyrkan.se\/vandravagen\/2013\/12\/27\/det-absurda-julbudskapet\/#article\",\"isPartOf\":{\"@id\":\"https:\/\/blogg.svenskakyrkan.se\/vandravagen\/2013\/12\/27\/det-absurda-julbudskapet\/\"},\"author\":{\"name\":\"Tomas Jarvid\",\"@id\":\"https:\/\/blogg.svenskakyrkan.se\/vandravagen\/#\/schema\/person\/25da02d4f76b137d04291711e2c9fc16\"},\"headline\":\"Det absurda julbudskapet\",\"datePublished\":\"2013-12-27T09:28:00+00:00\",\"mainEntityOfPage\":{\"@id\":\"https:\/\/blogg.svenskakyrkan.se\/vandravagen\/2013\/12\/27\/det-absurda-julbudskapet\/\"},\"wordCount\":187,\"commentCount\":0,\"publisher\":{\"@id\":\"https:\/\/blogg.svenskakyrkan.se\/vandravagen\/#organization\"},\"image\":{\"@id\":\"https:\/\/blogg.svenskakyrkan.se\/vandravagen\/2013\/12\/27\/det-absurda-julbudskapet\/#primaryimage\"},\"thumbnailUrl\":\"http:\/\/3.bp.blogspot.com\/-fezzvzgppjk\/Ur059Vja6BI\/AAAAAAAAGUg\/U9xzOWyfzpA\/s1600\/IMG_2870.JPG\",\"articleSection\":[\"Dagens Kyrka\",\"kyrko\u00e5ret\",\"Teologi\"],\"inLanguage\":\"sv-SE\",\"potentialAction\":[{\"@type\":\"CommentAction\",\"name\":\"Comment\",\"target\":[\"https:\/\/blogg.svenskakyrkan.se\/vandravagen\/2013\/12\/27\/det-absurda-julbudskapet\/#respond\"]}]},{\"@type\":\"WebPage\",\"@id\":\"https:\/\/blogg.svenskakyrkan.se\/vandravagen\/2013\/12\/27\/det-absurda-julbudskapet\/\",\"url\":\"https:\/\/blogg.svenskakyrkan.se\/vandravagen\/2013\/12\/27\/det-absurda-julbudskapet\/\",\"name\":\"Det absurda julbudskapet - Vandra V\u00e4gen\",\"isPartOf\":{\"@id\":\"https:\/\/blogg.svenskakyrkan.se\/vandravagen\/#website\"},\"primaryImageOfPage\":{\"@id\":\"https:\/\/blogg.svenskakyrkan.se\/vandravagen\/2013\/12\/27\/det-absurda-julbudskapet\/#primaryimage\"},\"image\":{\"@id\":\"https:\/\/blogg.svenskakyrkan.se\/vandravagen\/2013\/12\/27\/det-absurda-julbudskapet\/#primaryimage\"},\"thumbnailUrl\":\"http:\/\/3.bp.blogspot.com\/-fezzvzgppjk\/Ur059Vja6BI\/AAAAAAAAGUg\/U9xzOWyfzpA\/s1600\/IMG_2870.JPG\",\"datePublished\":\"2013-12-27T09:28:00+00:00\",\"breadcrumb\":{\"@id\":\"https:\/\/blogg.svenskakyrkan.se\/vandravagen\/2013\/12\/27\/det-absurda-julbudskapet\/#breadcrumb\"},\"inLanguage\":\"sv-SE\",\"potentialAction\":[{\"@type\":\"ReadAction\",\"target\":[\"https:\/\/blogg.svenskakyrkan.se\/vandravagen\/2013\/12\/27\/det-absurda-julbudskapet\/\"]}]},{\"@type\":\"ImageObject\",\"inLanguage\":\"sv-SE\",\"@id\":\"https:\/\/blogg.svenskakyrkan.se\/vandravagen\/2013\/12\/27\/det-absurda-julbudskapet\/#primaryimage\",\"url\":\"http:\/\/3.bp.blogspot.com\/-fezzvzgppjk\/Ur059Vja6BI\/AAAAAAAAGUg\/U9xzOWyfzpA\/s1600\/IMG_2870.JPG\",\"contentUrl\":\"http:\/\/3.bp.blogspot.com\/-fezzvzgppjk\/Ur059Vja6BI\/AAAAAAAAGUg\/U9xzOWyfzpA\/s1600\/IMG_2870.JPG\"},{\"@type\":\"BreadcrumbList\",\"@id\":\"https:\/\/blogg.svenskakyrkan.se\/vandravagen\/2013\/12\/27\/det-absurda-julbudskapet\/#breadcrumb\",\"itemListElement\":[{\"@type\":\"ListItem\",\"position\":1,\"name\":\"Hem\",\"item\":\"https:\/\/blogg.svenskakyrkan.se\/vandravagen\/\"},{\"@type\":\"ListItem\",\"position\":2,\"name\":\"Det absurda julbudskapet\"}]},{\"@type\":\"WebSite\",\"@id\":\"https:\/\/blogg.svenskakyrkan.se\/vandravagen\/#website\",\"url\":\"https:\/\/blogg.svenskakyrkan.se\/vandravagen\/\",\"name\":\"Vandra V\u00e4gen\",\"description\":\"-Mot en tro f\u00f6r hela livet\",\"publisher\":{\"@id\":\"https:\/\/blogg.svenskakyrkan.se\/vandravagen\/#organization\"},\"potentialAction\":[{\"@type\":\"SearchAction\",\"target\":{\"@type\":\"EntryPoint\",\"urlTemplate\":\"https:\/\/blogg.svenskakyrkan.se\/vandravagen\/?s={search_term_string}\"},\"query-input\":{\"@type\":\"PropertyValueSpecification\",\"valueRequired\":true,\"valueName\":\"search_term_string\"}}],\"inLanguage\":\"sv-SE\"},{\"@type\":\"Organization\",\"@id\":\"https:\/\/blogg.svenskakyrkan.se\/vandravagen\/#organization\",\"name\":\"ulricehamns pastorat\",\"alternateName\":\"ulricehamns pastorat\",\"url\":\"https:\/\/blogg.svenskakyrkan.se\/vandravagen\/\",\"logo\":{\"@type\":\"ImageObject\",\"inLanguage\":\"sv-SE\",\"@id\":\"https:\/\/blogg.svenskakyrkan.se\/vandravagen\/#\/schema\/logo\/image\/\",\"url\":\"https:\/\/blogg.svenskakyrkan.se\/vandravagen\/files\/2023\/05\/Ulr_logo_RGB.png\",\"contentUrl\":\"https:\/\/blogg.svenskakyrkan.se\/vandravagen\/files\/2023\/05\/Ulr_logo_RGB.png\",\"width\":205,\"height\":77,\"caption\":\"ulricehamns pastorat\"},\"image\":{\"@id\":\"https:\/\/blogg.svenskakyrkan.se\/vandravagen\/#\/schema\/logo\/image\/\"},\"sameAs\":[\"http:\/\/facebook.com\/vandravagen\",\"https:\/\/x.com\/fadertomas\",\"http:\/\/www.facebook.com\/svenskakyrkaniulricehamn\"]},{\"@type\":\"Person\",\"@id\":\"https:\/\/blogg.svenskakyrkan.se\/vandravagen\/#\/schema\/person\/25da02d4f76b137d04291711e2c9fc16\",\"name\":\"Tomas Jarvid\",\"image\":{\"@type\":\"ImageObject\",\"inLanguage\":\"sv-SE\",\"@id\":\"https:\/\/blogg.svenskakyrkan.se\/vandravagen\/#\/schema\/person\/image\/\",\"url\":\"https:\/\/secure.gravatar.com\/avatar\/7fa71899795e8f540f615a1f5ab25255dc27aa40f05ee7ddd21aac521e01bf50?s=96&d=identicon&r=g\",\"contentUrl\":\"https:\/\/secure.gravatar.com\/avatar\/7fa71899795e8f540f615a1f5ab25255dc27aa40f05ee7ddd21aac521e01bf50?s=96&d=identicon&r=g\",\"caption\":\"Tomas Jarvid\"},\"description\":\"Jag bor i Ulricehamn i V\u00e4sterg\u00f6tland och \u00e4r f\u00f6rsamlingspr\u00e4st i Svenska Kyrkan f\u00f6r Dalstorps f\u00f6rsamling i Kinds pastorat. P\u00e5 den h\u00e4r bloggen skriver jag ner tankar om vandringen som kristen.\",\"sameAs\":[\"http:\/\/www.vandravagen.se\"],\"url\":\"https:\/\/blogg.svenskakyrkan.se\/vandravagen\/author\/vandravagen\/\"}]}<\/script>\n<!-- \/ Yoast SEO plugin. -->","yoast_head_json":{"title":"Det absurda julbudskapet - Vandra V\u00e4gen","robots":{"index":"index","follow":"follow","max-snippet":"max-snippet:-1","max-image-preview":"max-image-preview:large","max-video-preview":"max-video-preview:-1"},"canonical":"https:\/\/blogg.svenskakyrkan.se\/vandravagen\/2013\/12\/27\/det-absurda-julbudskapet\/","og_locale":"sv_SE","og_type":"article","og_title":"Det absurda julbudskapet - Vandra V\u00e4gen","og_description":"Barn sjunger ut det glada budskapet! F\u00f6re jul ber\u00e4ttade jag f\u00f6r skolbarn om julen i samband med julvandringarna i Ledsj\u00f6. Jag f\u00f6rs\u00f6kte f\u00f6rklara s\u00e5 enkelt som m\u00f6jligt varf\u00f6r Kyrkan firar jul: &#8221;Jo allts\u00e5, vi firar att Jesus f\u00f6ddes och det g\u00f6r vi f\u00f6r att vi menar att det \u00e4r n\u00e5got v\u00e4ldigt speciellt med Jesus. Vi [&hellip;]","og_url":"https:\/\/blogg.svenskakyrkan.se\/vandravagen\/2013\/12\/27\/det-absurda-julbudskapet\/","og_site_name":"Vandra V\u00e4gen","article_publisher":"http:\/\/facebook.com\/vandravagen","article_published_time":"2013-12-27T09:28:00+00:00","og_image":[{"url":"http:\/\/3.bp.blogspot.com\/-fezzvzgppjk\/Ur059Vja6BI\/AAAAAAAAGUg\/U9xzOWyfzpA\/s1600\/IMG_2870.JPG","type":"","width":"","height":""}],"author":"Tomas Jarvid","twitter_card":"summary_large_image","twitter_creator":"@fadertomas","twitter_site":"@fadertomas","twitter_misc":{"Skriven av":"Tomas Jarvid","Ber\u00e4knad l\u00e4stid":"1 minut"},"schema":{"@context":"https:\/\/schema.org","@graph":[{"@type":"Article","@id":"https:\/\/blogg.svenskakyrkan.se\/vandravagen\/2013\/12\/27\/det-absurda-julbudskapet\/#article","isPartOf":{"@id":"https:\/\/blogg.svenskakyrkan.se\/vandravagen\/2013\/12\/27\/det-absurda-julbudskapet\/"},"author":{"name":"Tomas Jarvid","@id":"https:\/\/blogg.svenskakyrkan.se\/vandravagen\/#\/schema\/person\/25da02d4f76b137d04291711e2c9fc16"},"headline":"Det absurda julbudskapet","datePublished":"2013-12-27T09:28:00+00:00","mainEntityOfPage":{"@id":"https:\/\/blogg.svenskakyrkan.se\/vandravagen\/2013\/12\/27\/det-absurda-julbudskapet\/"},"wordCount":187,"commentCount":0,"publisher":{"@id":"https:\/\/blogg.svenskakyrkan.se\/vandravagen\/#organization"},"image":{"@id":"https:\/\/blogg.svenskakyrkan.se\/vandravagen\/2013\/12\/27\/det-absurda-julbudskapet\/#primaryimage"},"thumbnailUrl":"http:\/\/3.bp.blogspot.com\/-fezzvzgppjk\/Ur059Vja6BI\/AAAAAAAAGUg\/U9xzOWyfzpA\/s1600\/IMG_2870.JPG","articleSection":["Dagens Kyrka","kyrko\u00e5ret","Teologi"],"inLanguage":"sv-SE","potentialAction":[{"@type":"CommentAction","name":"Comment","target":["https:\/\/blogg.svenskakyrkan.se\/vandravagen\/2013\/12\/27\/det-absurda-julbudskapet\/#respond"]}]},{"@type":"WebPage","@id":"https:\/\/blogg.svenskakyrkan.se\/vandravagen\/2013\/12\/27\/det-absurda-julbudskapet\/","url":"https:\/\/blogg.svenskakyrkan.se\/vandravagen\/2013\/12\/27\/det-absurda-julbudskapet\/","name":"Det absurda julbudskapet - Vandra V\u00e4gen","isPartOf":{"@id":"https:\/\/blogg.svenskakyrkan.se\/vandravagen\/#website"},"primaryImageOfPage":{"@id":"https:\/\/blogg.svenskakyrkan.se\/vandravagen\/2013\/12\/27\/det-absurda-julbudskapet\/#primaryimage"},"image":{"@id":"https:\/\/blogg.svenskakyrkan.se\/vandravagen\/2013\/12\/27\/det-absurda-julbudskapet\/#primaryimage"},"thumbnailUrl":"http:\/\/3.bp.blogspot.com\/-fezzvzgppjk\/Ur059Vja6BI\/AAAAAAAAGUg\/U9xzOWyfzpA\/s1600\/IMG_2870.JPG","datePublished":"2013-12-27T09:28:00+00:00","breadcrumb":{"@id":"https:\/\/blogg.svenskakyrkan.se\/vandravagen\/2013\/12\/27\/det-absurda-julbudskapet\/#breadcrumb"},"inLanguage":"sv-SE","potentialAction":[{"@type":"ReadAction","target":["https:\/\/blogg.svenskakyrkan.se\/vandravagen\/2013\/12\/27\/det-absurda-julbudskapet\/"]}]},{"@type":"ImageObject","inLanguage":"sv-SE","@id":"https:\/\/blogg.svenskakyrkan.se\/vandravagen\/2013\/12\/27\/det-absurda-julbudskapet\/#primaryimage","url":"http:\/\/3.bp.blogspot.com\/-fezzvzgppjk\/Ur059Vja6BI\/AAAAAAAAGUg\/U9xzOWyfzpA\/s1600\/IMG_2870.JPG","contentUrl":"http:\/\/3.bp.blogspot.com\/-fezzvzgppjk\/Ur059Vja6BI\/AAAAAAAAGUg\/U9xzOWyfzpA\/s1600\/IMG_2870.JPG"},{"@type":"BreadcrumbList","@id":"https:\/\/blogg.svenskakyrkan.se\/vandravagen\/2013\/12\/27\/det-absurda-julbudskapet\/#breadcrumb","itemListElement":[{"@type":"ListItem","position":1,"name":"Hem","item":"https:\/\/blogg.svenskakyrkan.se\/vandravagen\/"},{"@type":"ListItem","position":2,"name":"Det absurda julbudskapet"}]},{"@type":"WebSite","@id":"https:\/\/blogg.svenskakyrkan.se\/vandravagen\/#website","url":"https:\/\/blogg.svenskakyrkan.se\/vandravagen\/","name":"Vandra V\u00e4gen","description":"-Mot en tro f\u00f6r hela livet","publisher":{"@id":"https:\/\/blogg.svenskakyrkan.se\/vandravagen\/#organization"},"potentialAction":[{"@type":"SearchAction","target":{"@type":"EntryPoint","urlTemplate":"https:\/\/blogg.svenskakyrkan.se\/vandravagen\/?s={search_term_string}"},"query-input":{"@type":"PropertyValueSpecification","valueRequired":true,"valueName":"search_term_string"}}],"inLanguage":"sv-SE"},{"@type":"Organization","@id":"https:\/\/blogg.svenskakyrkan.se\/vandravagen\/#organization","name":"ulricehamns pastorat","alternateName":"ulricehamns pastorat","url":"https:\/\/blogg.svenskakyrkan.se\/vandravagen\/","logo":{"@type":"ImageObject","inLanguage":"sv-SE","@id":"https:\/\/blogg.svenskakyrkan.se\/vandravagen\/#\/schema\/logo\/image\/","url":"https:\/\/blogg.svenskakyrkan.se\/vandravagen\/files\/2023\/05\/Ulr_logo_RGB.png","contentUrl":"https:\/\/blogg.svenskakyrkan.se\/vandravagen\/files\/2023\/05\/Ulr_logo_RGB.png","width":205,"height":77,"caption":"ulricehamns pastorat"},"image":{"@id":"https:\/\/blogg.svenskakyrkan.se\/vandravagen\/#\/schema\/logo\/image\/"},"sameAs":["http:\/\/facebook.com\/vandravagen","https:\/\/x.com\/fadertomas","http:\/\/www.facebook.com\/svenskakyrkaniulricehamn"]},{"@type":"Person","@id":"https:\/\/blogg.svenskakyrkan.se\/vandravagen\/#\/schema\/person\/25da02d4f76b137d04291711e2c9fc16","name":"Tomas Jarvid","image":{"@type":"ImageObject","inLanguage":"sv-SE","@id":"https:\/\/blogg.svenskakyrkan.se\/vandravagen\/#\/schema\/person\/image\/","url":"https:\/\/secure.gravatar.com\/avatar\/7fa71899795e8f540f615a1f5ab25255dc27aa40f05ee7ddd21aac521e01bf50?s=96&d=identicon&r=g","contentUrl":"https:\/\/secure.gravatar.com\/avatar\/7fa71899795e8f540f615a1f5ab25255dc27aa40f05ee7ddd21aac521e01bf50?s=96&d=identicon&r=g","caption":"Tomas Jarvid"},"description":"Jag bor i Ulricehamn i V\u00e4sterg\u00f6tland och \u00e4r f\u00f6rsamlingspr\u00e4st i Svenska Kyrkan f\u00f6r Dalstorps f\u00f6rsamling i Kinds pastorat. P\u00e5 den h\u00e4r bloggen skriver jag ner tankar om vandringen som kristen.","sameAs":["http:\/\/www.vandravagen.se"],"url":"https:\/\/blogg.svenskakyrkan.se\/vandravagen\/author\/vandravagen\/"}]}},"author_meta":{"ID":"392","user_nicename":"vandravagen","user_url":"http:\/\/www.vandravagen.se","user_registered":"2014-05-19 05:44:52","display_name":"Tomas Jarvid","first_name":"Tomas","last_name":"Jarvid","avatar":"https:\/\/secure.gravatar.com\/avatar\/7fa71899795e8f540f615a1f5ab25255dc27aa40f05ee7ddd21aac521e01bf50?s=96&d=identicon&r=g"},"featured_image":false,"bloginfo":{"name":"Vandra V\u00e4gen","url":"https:\/\/blogg.svenskakyrkan.se\/vandravagen"},"_links":{"self":[{"href":"https:\/\/blogg.svenskakyrkan.se\/vandravagen\/wp-json\/wp\/v2\/posts\/229","targetHints":{"allow":["GET"]}}],"collection":[{"href":"https:\/\/blogg.svenskakyrkan.se\/vandravagen\/wp-json\/wp\/v2\/posts"}],"about":[{"href":"https:\/\/blogg.svenskakyrkan.se\/vandravagen\/wp-json\/wp\/v2\/types\/post"}],"author":[{"embeddable":true,"href":"https:\/\/blogg.svenskakyrkan.se\/vandravagen\/wp-json\/wp\/v2\/users\/392"}],"replies":[{"embeddable":true,"href":"https:\/\/blogg.svenskakyrkan.se\/vandravagen\/wp-json\/wp\/v2\/comments?post=229"}],"version-history":[{"count":0,"href":"https:\/\/blogg.svenskakyrkan.se\/vandravagen\/wp-json\/wp\/v2\/posts\/229\/revisions"}],"wp:attachment":[{"href":"https:\/\/blogg.svenskakyrkan.se\/vandravagen\/wp-json\/wp\/v2\/media?parent=229"}],"wp:term":[{"taxonomy":"category","embeddable":true,"href":"https:\/\/blogg.svenskakyrkan.se\/vandravagen\/wp-json\/wp\/v2\/categories?post=229"},{"taxonomy":"post_tag","embeddable":true,"href":"https:\/\/blogg.svenskakyrkan.se\/vandravagen\/wp-json\/wp\/v2\/tags?post=229"}],"curies":[{"name":"wp","href":"https:\/\/api.w.org\/{rel}","templated":true}]}}