{"id":230,"date":"2013-12-26T14:21:00","date_gmt":"2013-12-26T13:21:00","guid":{"rendered":"http:\/\/blogg.svenskakyrkan.se\/vandravagen\/2013\/12\/26\/ett-helt-annat-skal-till-att-julen-firas-den-25e\/"},"modified":"2013-12-26T14:21:00","modified_gmt":"2013-12-26T13:21:00","slug":"ett-helt-annat-skal-till-att-julen-firas-den-25e","status":"publish","type":"post","link":"https:\/\/blogg.svenskakyrkan.se\/vandravagen\/2013\/12\/26\/ett-helt-annat-skal-till-att-julen-firas-den-25e\/","title":{"rendered":"Ett helt annat sk\u00e4l till att julen firas den 25e?"},"content":{"rendered":"<table align=\"center\" cellpadding=\"0\" cellspacing=\"0\">\n<tbody>\n<tr>\n<td><a href=\"http:\/\/3.bp.blogspot.com\/-TLNOYDBcDJg\/UrwfK2Crl0I\/AAAAAAAAGUQ\/oFyhwI-_-Ow\/s1600\/IMG_2843.JPG\"><img loading=\"lazy\" decoding=\"async\" border=\"0\" src=\"http:\/\/3.bp.blogspot.com\/-TLNOYDBcDJg\/UrwfK2Crl0I\/AAAAAAAAGUQ\/oFyhwI-_-Ow\/s1600\/IMG_2843.JPG\" height=\"480\" width=\"640\"><\/a><\/td>\n<\/tr>\n<tr>\n<td>En.. annan julkrubba.<\/td>\n<\/tr>\n<\/tbody>\n<\/table>\n<p>Varf\u00f6r firar vi egentligen julen och Jesu f\u00f6delse den 25e december? Jesus f\u00f6ddes med h\u00f6gsta sannolikhet inte den dagen och han kommer ocks\u00e5 fr\u00e5n en kultur som inte f\u00e4ster vikt vid datum f\u00f6r f\u00f6delsedagar. Som jag f\u00f6rst\u00e5r det brukar inga herdar heller ha n\u00e5gra f\u00e5r ute mitt i vintern. N\u00e5gonstans har jag st\u00f6tt p\u00e5 ett f\u00f6rslag om att det troligaste datumet f\u00f6r Jesu f\u00f6delse var 6e mars. Varf\u00f6r har jag inte en aning om.<\/p>\n<p>Det som brukar s\u00e4gas \u00e4r att den kristna julen fick sin plats f\u00f6r att ers\u00e4tta hedniska midvinterfester. P\u00e5 romersk mark firade man &#8221;den obesegrade solens fest&#8221; vid den h\u00e4r tiden p\u00e5 \u00e5ret och vintersolst\u00e5ndet har s\u00e4kert uppm\u00e4rksammats p\u00e5 andra h\u00e5ll i v\u00e4rlden ocks\u00e5. Symboliskt \u00e4r det f\u00f6rst\u00e5s starkt att julen kommer precis n\u00e4r m\u00f6rkret v\u00e4nder mot ljuset. I och f\u00f6r sig \u00e4r det v\u00e4l mycket tydligare med ljus och m\u00f6rker h\u00e4r uppe hos oss i m\u00f6rka och kalla norden men det var ju inte h\u00e4r kyrko\u00e5ret utformades utan p\u00e5 sydligare marker.<\/p>\n<p>Via en av Carl Henrik Martlings b\u00f6cker har jag f\u00e5tt tag i en annan tr\u00e5d om julens placering i almanackan. Det \u00e4r en tillbakablick p\u00e5 hur v\u00e5rt kyrko\u00e5r blev till och ibland kan man tycka att sv\u00e4ngarna \u00e4r lite ov\u00e4ntade men intressant \u00e4r det.<\/p>\n<p>Det tog ett tag innan Kyrkan b\u00f6rjade fira julen men gnostiska grupper (som avviker fr\u00e5n den renl\u00e4riga kristendomen) som ans\u00e5g att det var i och med sitt dop som Jesus blev Guds Son ist\u00e4llet f\u00f6r att han var det i sig sj\u00e4lv med kropp och allt b\u00f6rjade fira Jesu dop den 6e januari. D\u00e5 blev det viktigt att f\u00f6r egen del fira stort att Jesus b\u00e5de var Gud och m\u00e4nniska och i \u00f6ster firar man alltj\u00e4mt jul den 6e januari (d\u00e5 vi firar trettondag jul).<\/p>\n<p>De kluriga teologerna ans\u00e5g att eftersom Gud fr\u00e5n b\u00f6rjan l\u00e4mnat v\u00e4rlden i perfekt balans s\u00e5 slutf\u00f6rdes skapelsedagarna vid v\u00e5rdagj\u00e4mningen d\u00e5 dag och natt \u00e4r lika l\u00e5nga. Det s\u00e5g de ocks\u00e5 som den perfekta tidpunkten f\u00f6r Jesu f\u00f6delse, d\u00e5 b\u00f6rjar ju den nya skapelsen (&#8221;se jag g\u00f6r allting nytt, s\u00e4ger Jesus). Detta gjorde att f\u00f6delsen firades 25e mars.<\/p>\n<p>Fast noga r\u00e4knat var det kanske Marie beb\u00e5delse som borde firas den 25e? D\u00e5 blev ju Jesus till i Marias livmoder? D\u00e5 borde man ju ocks\u00e5 fira sj\u00e4lva f\u00f6delsen precis 9 m\u00e5nader senare (det hade de koll p\u00e5!), det blir ju&#8230; 25e december ja!<\/p>\n<p>Om det st\u00e4mmer \u00e4r det inte alls f\u00f6r midvinterns skull som julen infaller nu utan snarare f\u00f6r att det \u00e4r 9 m\u00e5nader efter v\u00e5rdagj\u00e4mningen. Sen m\u00e5ste f\u00f6rst\u00e5s inte tv\u00e5 f\u00f6rklaringar utesluta varandra.<\/p>\n<p>Lite sn\u00e5rigt resonemang kanske men det visar hur kyrko\u00e5ret v\u00e4xt fram gradvis och i f\u00f6rh\u00e5llande till redan existerande helger. (Kyrko\u00e5ret kan f\u00f6 ocks\u00e5 funka som <a href=\"http:\/\/www.vandravagen.se\/2013\/11\/en-andlig-kostcirkel.html\">andlig kostcirkel<\/a>).<\/p>\n<p>G\u00e5 g\u00e4rna tillbaka till det jag skrev f\u00f6rra julen, till exempel <a href=\"http:\/\/www.vandravagen.se\/2012\/12\/josef-och-tvivlet-tankar-utifran.html\">tankarna utifr\u00e5n julikonen<\/a>.<\/p>\n<div><\/div>\n","protected":false},"excerpt":{"rendered":"<p>En.. annan julkrubba. Varf\u00f6r firar vi egentligen julen och Jesu f\u00f6delse den 25e december? Jesus f\u00f6ddes med h\u00f6gsta sannolikhet inte den dagen och han kommer ocks\u00e5 fr\u00e5n en kultur som inte f\u00e4ster vikt vid datum f\u00f6r f\u00f6delsedagar. Som jag f\u00f6rst\u00e5r det brukar inga herdar heller ha n\u00e5gra f\u00e5r ute mitt i vintern. N\u00e5gonstans har jag [&hellip;]<\/p>\n","protected":false},"author":392,"featured_media":0,"comment_status":"open","ping_status":"open","sticky":false,"template":"","format":"standard","meta":{"_acf_changed":false,"footnotes":""},"categories":[76189,8337,8252],"tags":[],"class_list":["post-230","post","type-post","status-publish","format-standard","hentry","category-dagens-kyrka","category-historia","category-kyrkoaret"],"acf":[],"yoast_head":"<!-- This site is optimized with the Yoast SEO plugin v27.1.1 - https:\/\/yoast.com\/product\/yoast-seo-wordpress\/ -->\n<title>Ett helt annat sk\u00e4l till att julen firas den 25e? - Vandra V\u00e4gen<\/title>\n<meta name=\"robots\" content=\"index, follow, max-snippet:-1, max-image-preview:large, max-video-preview:-1\" \/>\n<link rel=\"canonical\" href=\"https:\/\/blogg.svenskakyrkan.se\/vandravagen\/2013\/12\/26\/ett-helt-annat-skal-till-att-julen-firas-den-25e\/\" \/>\n<meta property=\"og:locale\" content=\"sv_SE\" \/>\n<meta property=\"og:type\" content=\"article\" \/>\n<meta property=\"og:title\" content=\"Ett helt annat sk\u00e4l till att julen firas den 25e? - Vandra V\u00e4gen\" \/>\n<meta property=\"og:description\" content=\"En.. annan julkrubba. Varf\u00f6r firar vi egentligen julen och Jesu f\u00f6delse den 25e december? Jesus f\u00f6ddes med h\u00f6gsta sannolikhet inte den dagen och han kommer ocks\u00e5 fr\u00e5n en kultur som inte f\u00e4ster vikt vid datum f\u00f6r f\u00f6delsedagar. Som jag f\u00f6rst\u00e5r det brukar inga herdar heller ha n\u00e5gra f\u00e5r ute mitt i vintern. N\u00e5gonstans har jag [&hellip;]\" \/>\n<meta property=\"og:url\" content=\"https:\/\/blogg.svenskakyrkan.se\/vandravagen\/2013\/12\/26\/ett-helt-annat-skal-till-att-julen-firas-den-25e\/\" \/>\n<meta property=\"og:site_name\" content=\"Vandra V\u00e4gen\" \/>\n<meta property=\"article:publisher\" content=\"http:\/\/facebook.com\/vandravagen\" \/>\n<meta property=\"article:published_time\" content=\"2013-12-26T13:21:00+00:00\" \/>\n<meta property=\"og:image\" content=\"http:\/\/3.bp.blogspot.com\/-TLNOYDBcDJg\/UrwfK2Crl0I\/AAAAAAAAGUQ\/oFyhwI-_-Ow\/s1600\/IMG_2843.JPG\" \/>\n<meta name=\"author\" content=\"Tomas Jarvid\" \/>\n<meta name=\"twitter:card\" content=\"summary_large_image\" \/>\n<meta name=\"twitter:creator\" content=\"@fadertomas\" \/>\n<meta name=\"twitter:site\" content=\"@fadertomas\" \/>\n<meta name=\"twitter:label1\" content=\"Skriven av\" \/>\n\t<meta name=\"twitter:data1\" content=\"Tomas Jarvid\" \/>\n\t<meta name=\"twitter:label2\" content=\"Ber\u00e4knad l\u00e4stid\" \/>\n\t<meta name=\"twitter:data2\" content=\"3 minuter\" \/>\n<script type=\"application\/ld+json\" class=\"yoast-schema-graph\">{\"@context\":\"https:\/\/schema.org\",\"@graph\":[{\"@type\":\"Article\",\"@id\":\"https:\/\/blogg.svenskakyrkan.se\/vandravagen\/2013\/12\/26\/ett-helt-annat-skal-till-att-julen-firas-den-25e\/#article\",\"isPartOf\":{\"@id\":\"https:\/\/blogg.svenskakyrkan.se\/vandravagen\/2013\/12\/26\/ett-helt-annat-skal-till-att-julen-firas-den-25e\/\"},\"author\":{\"name\":\"Tomas Jarvid\",\"@id\":\"https:\/\/blogg.svenskakyrkan.se\/vandravagen\/#\/schema\/person\/25da02d4f76b137d04291711e2c9fc16\"},\"headline\":\"Ett helt annat sk\u00e4l till att julen firas den 25e?\",\"datePublished\":\"2013-12-26T13:21:00+00:00\",\"mainEntityOfPage\":{\"@id\":\"https:\/\/blogg.svenskakyrkan.se\/vandravagen\/2013\/12\/26\/ett-helt-annat-skal-till-att-julen-firas-den-25e\/\"},\"wordCount\":578,\"commentCount\":0,\"publisher\":{\"@id\":\"https:\/\/blogg.svenskakyrkan.se\/vandravagen\/#organization\"},\"image\":{\"@id\":\"https:\/\/blogg.svenskakyrkan.se\/vandravagen\/2013\/12\/26\/ett-helt-annat-skal-till-att-julen-firas-den-25e\/#primaryimage\"},\"thumbnailUrl\":\"http:\/\/3.bp.blogspot.com\/-TLNOYDBcDJg\/UrwfK2Crl0I\/AAAAAAAAGUQ\/oFyhwI-_-Ow\/s1600\/IMG_2843.JPG\",\"articleSection\":[\"Dagens Kyrka\",\"historia\",\"kyrko\u00e5ret\"],\"inLanguage\":\"sv-SE\",\"potentialAction\":[{\"@type\":\"CommentAction\",\"name\":\"Comment\",\"target\":[\"https:\/\/blogg.svenskakyrkan.se\/vandravagen\/2013\/12\/26\/ett-helt-annat-skal-till-att-julen-firas-den-25e\/#respond\"]}]},{\"@type\":\"WebPage\",\"@id\":\"https:\/\/blogg.svenskakyrkan.se\/vandravagen\/2013\/12\/26\/ett-helt-annat-skal-till-att-julen-firas-den-25e\/\",\"url\":\"https:\/\/blogg.svenskakyrkan.se\/vandravagen\/2013\/12\/26\/ett-helt-annat-skal-till-att-julen-firas-den-25e\/\",\"name\":\"Ett helt annat sk\u00e4l till att julen firas den 25e? - Vandra V\u00e4gen\",\"isPartOf\":{\"@id\":\"https:\/\/blogg.svenskakyrkan.se\/vandravagen\/#website\"},\"primaryImageOfPage\":{\"@id\":\"https:\/\/blogg.svenskakyrkan.se\/vandravagen\/2013\/12\/26\/ett-helt-annat-skal-till-att-julen-firas-den-25e\/#primaryimage\"},\"image\":{\"@id\":\"https:\/\/blogg.svenskakyrkan.se\/vandravagen\/2013\/12\/26\/ett-helt-annat-skal-till-att-julen-firas-den-25e\/#primaryimage\"},\"thumbnailUrl\":\"http:\/\/3.bp.blogspot.com\/-TLNOYDBcDJg\/UrwfK2Crl0I\/AAAAAAAAGUQ\/oFyhwI-_-Ow\/s1600\/IMG_2843.JPG\",\"datePublished\":\"2013-12-26T13:21:00+00:00\",\"breadcrumb\":{\"@id\":\"https:\/\/blogg.svenskakyrkan.se\/vandravagen\/2013\/12\/26\/ett-helt-annat-skal-till-att-julen-firas-den-25e\/#breadcrumb\"},\"inLanguage\":\"sv-SE\",\"potentialAction\":[{\"@type\":\"ReadAction\",\"target\":[\"https:\/\/blogg.svenskakyrkan.se\/vandravagen\/2013\/12\/26\/ett-helt-annat-skal-till-att-julen-firas-den-25e\/\"]}]},{\"@type\":\"ImageObject\",\"inLanguage\":\"sv-SE\",\"@id\":\"https:\/\/blogg.svenskakyrkan.se\/vandravagen\/2013\/12\/26\/ett-helt-annat-skal-till-att-julen-firas-den-25e\/#primaryimage\",\"url\":\"http:\/\/3.bp.blogspot.com\/-TLNOYDBcDJg\/UrwfK2Crl0I\/AAAAAAAAGUQ\/oFyhwI-_-Ow\/s1600\/IMG_2843.JPG\",\"contentUrl\":\"http:\/\/3.bp.blogspot.com\/-TLNOYDBcDJg\/UrwfK2Crl0I\/AAAAAAAAGUQ\/oFyhwI-_-Ow\/s1600\/IMG_2843.JPG\"},{\"@type\":\"BreadcrumbList\",\"@id\":\"https:\/\/blogg.svenskakyrkan.se\/vandravagen\/2013\/12\/26\/ett-helt-annat-skal-till-att-julen-firas-den-25e\/#breadcrumb\",\"itemListElement\":[{\"@type\":\"ListItem\",\"position\":1,\"name\":\"Hem\",\"item\":\"https:\/\/blogg.svenskakyrkan.se\/vandravagen\/\"},{\"@type\":\"ListItem\",\"position\":2,\"name\":\"Ett helt annat sk\u00e4l till att julen firas den 25e?\"}]},{\"@type\":\"WebSite\",\"@id\":\"https:\/\/blogg.svenskakyrkan.se\/vandravagen\/#website\",\"url\":\"https:\/\/blogg.svenskakyrkan.se\/vandravagen\/\",\"name\":\"Vandra V\u00e4gen\",\"description\":\"-Mot en tro f\u00f6r hela livet\",\"publisher\":{\"@id\":\"https:\/\/blogg.svenskakyrkan.se\/vandravagen\/#organization\"},\"potentialAction\":[{\"@type\":\"SearchAction\",\"target\":{\"@type\":\"EntryPoint\",\"urlTemplate\":\"https:\/\/blogg.svenskakyrkan.se\/vandravagen\/?s={search_term_string}\"},\"query-input\":{\"@type\":\"PropertyValueSpecification\",\"valueRequired\":true,\"valueName\":\"search_term_string\"}}],\"inLanguage\":\"sv-SE\"},{\"@type\":\"Organization\",\"@id\":\"https:\/\/blogg.svenskakyrkan.se\/vandravagen\/#organization\",\"name\":\"ulricehamns pastorat\",\"alternateName\":\"ulricehamns pastorat\",\"url\":\"https:\/\/blogg.svenskakyrkan.se\/vandravagen\/\",\"logo\":{\"@type\":\"ImageObject\",\"inLanguage\":\"sv-SE\",\"@id\":\"https:\/\/blogg.svenskakyrkan.se\/vandravagen\/#\/schema\/logo\/image\/\",\"url\":\"https:\/\/blogg.svenskakyrkan.se\/vandravagen\/files\/2023\/05\/Ulr_logo_RGB.png\",\"contentUrl\":\"https:\/\/blogg.svenskakyrkan.se\/vandravagen\/files\/2023\/05\/Ulr_logo_RGB.png\",\"width\":205,\"height\":77,\"caption\":\"ulricehamns pastorat\"},\"image\":{\"@id\":\"https:\/\/blogg.svenskakyrkan.se\/vandravagen\/#\/schema\/logo\/image\/\"},\"sameAs\":[\"http:\/\/facebook.com\/vandravagen\",\"https:\/\/x.com\/fadertomas\",\"http:\/\/www.facebook.com\/svenskakyrkaniulricehamn\"]},{\"@type\":\"Person\",\"@id\":\"https:\/\/blogg.svenskakyrkan.se\/vandravagen\/#\/schema\/person\/25da02d4f76b137d04291711e2c9fc16\",\"name\":\"Tomas Jarvid\",\"image\":{\"@type\":\"ImageObject\",\"inLanguage\":\"sv-SE\",\"@id\":\"https:\/\/blogg.svenskakyrkan.se\/vandravagen\/#\/schema\/person\/image\/\",\"url\":\"https:\/\/secure.gravatar.com\/avatar\/7fa71899795e8f540f615a1f5ab25255dc27aa40f05ee7ddd21aac521e01bf50?s=96&d=identicon&r=g\",\"contentUrl\":\"https:\/\/secure.gravatar.com\/avatar\/7fa71899795e8f540f615a1f5ab25255dc27aa40f05ee7ddd21aac521e01bf50?s=96&d=identicon&r=g\",\"caption\":\"Tomas Jarvid\"},\"description\":\"Jag bor i Ulricehamn i V\u00e4sterg\u00f6tland och \u00e4r f\u00f6rsamlingspr\u00e4st i Svenska Kyrkan f\u00f6r Dalstorps f\u00f6rsamling i Kinds pastorat. P\u00e5 den h\u00e4r bloggen skriver jag ner tankar om vandringen som kristen.\",\"sameAs\":[\"http:\/\/www.vandravagen.se\"],\"url\":\"https:\/\/blogg.svenskakyrkan.se\/vandravagen\/author\/vandravagen\/\"}]}<\/script>\n<!-- \/ Yoast SEO plugin. -->","yoast_head_json":{"title":"Ett helt annat sk\u00e4l till att julen firas den 25e? - Vandra V\u00e4gen","robots":{"index":"index","follow":"follow","max-snippet":"max-snippet:-1","max-image-preview":"max-image-preview:large","max-video-preview":"max-video-preview:-1"},"canonical":"https:\/\/blogg.svenskakyrkan.se\/vandravagen\/2013\/12\/26\/ett-helt-annat-skal-till-att-julen-firas-den-25e\/","og_locale":"sv_SE","og_type":"article","og_title":"Ett helt annat sk\u00e4l till att julen firas den 25e? - Vandra V\u00e4gen","og_description":"En.. annan julkrubba. Varf\u00f6r firar vi egentligen julen och Jesu f\u00f6delse den 25e december? Jesus f\u00f6ddes med h\u00f6gsta sannolikhet inte den dagen och han kommer ocks\u00e5 fr\u00e5n en kultur som inte f\u00e4ster vikt vid datum f\u00f6r f\u00f6delsedagar. Som jag f\u00f6rst\u00e5r det brukar inga herdar heller ha n\u00e5gra f\u00e5r ute mitt i vintern. N\u00e5gonstans har jag [&hellip;]","og_url":"https:\/\/blogg.svenskakyrkan.se\/vandravagen\/2013\/12\/26\/ett-helt-annat-skal-till-att-julen-firas-den-25e\/","og_site_name":"Vandra V\u00e4gen","article_publisher":"http:\/\/facebook.com\/vandravagen","article_published_time":"2013-12-26T13:21:00+00:00","og_image":[{"url":"http:\/\/3.bp.blogspot.com\/-TLNOYDBcDJg\/UrwfK2Crl0I\/AAAAAAAAGUQ\/oFyhwI-_-Ow\/s1600\/IMG_2843.JPG","type":"","width":"","height":""}],"author":"Tomas Jarvid","twitter_card":"summary_large_image","twitter_creator":"@fadertomas","twitter_site":"@fadertomas","twitter_misc":{"Skriven av":"Tomas Jarvid","Ber\u00e4knad l\u00e4stid":"3 minuter"},"schema":{"@context":"https:\/\/schema.org","@graph":[{"@type":"Article","@id":"https:\/\/blogg.svenskakyrkan.se\/vandravagen\/2013\/12\/26\/ett-helt-annat-skal-till-att-julen-firas-den-25e\/#article","isPartOf":{"@id":"https:\/\/blogg.svenskakyrkan.se\/vandravagen\/2013\/12\/26\/ett-helt-annat-skal-till-att-julen-firas-den-25e\/"},"author":{"name":"Tomas Jarvid","@id":"https:\/\/blogg.svenskakyrkan.se\/vandravagen\/#\/schema\/person\/25da02d4f76b137d04291711e2c9fc16"},"headline":"Ett helt annat sk\u00e4l till att julen firas den 25e?","datePublished":"2013-12-26T13:21:00+00:00","mainEntityOfPage":{"@id":"https:\/\/blogg.svenskakyrkan.se\/vandravagen\/2013\/12\/26\/ett-helt-annat-skal-till-att-julen-firas-den-25e\/"},"wordCount":578,"commentCount":0,"publisher":{"@id":"https:\/\/blogg.svenskakyrkan.se\/vandravagen\/#organization"},"image":{"@id":"https:\/\/blogg.svenskakyrkan.se\/vandravagen\/2013\/12\/26\/ett-helt-annat-skal-till-att-julen-firas-den-25e\/#primaryimage"},"thumbnailUrl":"http:\/\/3.bp.blogspot.com\/-TLNOYDBcDJg\/UrwfK2Crl0I\/AAAAAAAAGUQ\/oFyhwI-_-Ow\/s1600\/IMG_2843.JPG","articleSection":["Dagens Kyrka","historia","kyrko\u00e5ret"],"inLanguage":"sv-SE","potentialAction":[{"@type":"CommentAction","name":"Comment","target":["https:\/\/blogg.svenskakyrkan.se\/vandravagen\/2013\/12\/26\/ett-helt-annat-skal-till-att-julen-firas-den-25e\/#respond"]}]},{"@type":"WebPage","@id":"https:\/\/blogg.svenskakyrkan.se\/vandravagen\/2013\/12\/26\/ett-helt-annat-skal-till-att-julen-firas-den-25e\/","url":"https:\/\/blogg.svenskakyrkan.se\/vandravagen\/2013\/12\/26\/ett-helt-annat-skal-till-att-julen-firas-den-25e\/","name":"Ett helt annat sk\u00e4l till att julen firas den 25e? - Vandra V\u00e4gen","isPartOf":{"@id":"https:\/\/blogg.svenskakyrkan.se\/vandravagen\/#website"},"primaryImageOfPage":{"@id":"https:\/\/blogg.svenskakyrkan.se\/vandravagen\/2013\/12\/26\/ett-helt-annat-skal-till-att-julen-firas-den-25e\/#primaryimage"},"image":{"@id":"https:\/\/blogg.svenskakyrkan.se\/vandravagen\/2013\/12\/26\/ett-helt-annat-skal-till-att-julen-firas-den-25e\/#primaryimage"},"thumbnailUrl":"http:\/\/3.bp.blogspot.com\/-TLNOYDBcDJg\/UrwfK2Crl0I\/AAAAAAAAGUQ\/oFyhwI-_-Ow\/s1600\/IMG_2843.JPG","datePublished":"2013-12-26T13:21:00+00:00","breadcrumb":{"@id":"https:\/\/blogg.svenskakyrkan.se\/vandravagen\/2013\/12\/26\/ett-helt-annat-skal-till-att-julen-firas-den-25e\/#breadcrumb"},"inLanguage":"sv-SE","potentialAction":[{"@type":"ReadAction","target":["https:\/\/blogg.svenskakyrkan.se\/vandravagen\/2013\/12\/26\/ett-helt-annat-skal-till-att-julen-firas-den-25e\/"]}]},{"@type":"ImageObject","inLanguage":"sv-SE","@id":"https:\/\/blogg.svenskakyrkan.se\/vandravagen\/2013\/12\/26\/ett-helt-annat-skal-till-att-julen-firas-den-25e\/#primaryimage","url":"http:\/\/3.bp.blogspot.com\/-TLNOYDBcDJg\/UrwfK2Crl0I\/AAAAAAAAGUQ\/oFyhwI-_-Ow\/s1600\/IMG_2843.JPG","contentUrl":"http:\/\/3.bp.blogspot.com\/-TLNOYDBcDJg\/UrwfK2Crl0I\/AAAAAAAAGUQ\/oFyhwI-_-Ow\/s1600\/IMG_2843.JPG"},{"@type":"BreadcrumbList","@id":"https:\/\/blogg.svenskakyrkan.se\/vandravagen\/2013\/12\/26\/ett-helt-annat-skal-till-att-julen-firas-den-25e\/#breadcrumb","itemListElement":[{"@type":"ListItem","position":1,"name":"Hem","item":"https:\/\/blogg.svenskakyrkan.se\/vandravagen\/"},{"@type":"ListItem","position":2,"name":"Ett helt annat sk\u00e4l till att julen firas den 25e?"}]},{"@type":"WebSite","@id":"https:\/\/blogg.svenskakyrkan.se\/vandravagen\/#website","url":"https:\/\/blogg.svenskakyrkan.se\/vandravagen\/","name":"Vandra V\u00e4gen","description":"-Mot en tro f\u00f6r hela livet","publisher":{"@id":"https:\/\/blogg.svenskakyrkan.se\/vandravagen\/#organization"},"potentialAction":[{"@type":"SearchAction","target":{"@type":"EntryPoint","urlTemplate":"https:\/\/blogg.svenskakyrkan.se\/vandravagen\/?s={search_term_string}"},"query-input":{"@type":"PropertyValueSpecification","valueRequired":true,"valueName":"search_term_string"}}],"inLanguage":"sv-SE"},{"@type":"Organization","@id":"https:\/\/blogg.svenskakyrkan.se\/vandravagen\/#organization","name":"ulricehamns pastorat","alternateName":"ulricehamns pastorat","url":"https:\/\/blogg.svenskakyrkan.se\/vandravagen\/","logo":{"@type":"ImageObject","inLanguage":"sv-SE","@id":"https:\/\/blogg.svenskakyrkan.se\/vandravagen\/#\/schema\/logo\/image\/","url":"https:\/\/blogg.svenskakyrkan.se\/vandravagen\/files\/2023\/05\/Ulr_logo_RGB.png","contentUrl":"https:\/\/blogg.svenskakyrkan.se\/vandravagen\/files\/2023\/05\/Ulr_logo_RGB.png","width":205,"height":77,"caption":"ulricehamns pastorat"},"image":{"@id":"https:\/\/blogg.svenskakyrkan.se\/vandravagen\/#\/schema\/logo\/image\/"},"sameAs":["http:\/\/facebook.com\/vandravagen","https:\/\/x.com\/fadertomas","http:\/\/www.facebook.com\/svenskakyrkaniulricehamn"]},{"@type":"Person","@id":"https:\/\/blogg.svenskakyrkan.se\/vandravagen\/#\/schema\/person\/25da02d4f76b137d04291711e2c9fc16","name":"Tomas Jarvid","image":{"@type":"ImageObject","inLanguage":"sv-SE","@id":"https:\/\/blogg.svenskakyrkan.se\/vandravagen\/#\/schema\/person\/image\/","url":"https:\/\/secure.gravatar.com\/avatar\/7fa71899795e8f540f615a1f5ab25255dc27aa40f05ee7ddd21aac521e01bf50?s=96&d=identicon&r=g","contentUrl":"https:\/\/secure.gravatar.com\/avatar\/7fa71899795e8f540f615a1f5ab25255dc27aa40f05ee7ddd21aac521e01bf50?s=96&d=identicon&r=g","caption":"Tomas Jarvid"},"description":"Jag bor i Ulricehamn i V\u00e4sterg\u00f6tland och \u00e4r f\u00f6rsamlingspr\u00e4st i Svenska Kyrkan f\u00f6r Dalstorps f\u00f6rsamling i Kinds pastorat. P\u00e5 den h\u00e4r bloggen skriver jag ner tankar om vandringen som kristen.","sameAs":["http:\/\/www.vandravagen.se"],"url":"https:\/\/blogg.svenskakyrkan.se\/vandravagen\/author\/vandravagen\/"}]}},"author_meta":{"ID":"392","user_nicename":"vandravagen","user_url":"http:\/\/www.vandravagen.se","user_registered":"2014-05-19 05:44:52","display_name":"Tomas Jarvid","first_name":"Tomas","last_name":"Jarvid","avatar":"https:\/\/secure.gravatar.com\/avatar\/7fa71899795e8f540f615a1f5ab25255dc27aa40f05ee7ddd21aac521e01bf50?s=96&d=identicon&r=g"},"featured_image":false,"bloginfo":{"name":"Vandra V\u00e4gen","url":"https:\/\/blogg.svenskakyrkan.se\/vandravagen"},"_links":{"self":[{"href":"https:\/\/blogg.svenskakyrkan.se\/vandravagen\/wp-json\/wp\/v2\/posts\/230","targetHints":{"allow":["GET"]}}],"collection":[{"href":"https:\/\/blogg.svenskakyrkan.se\/vandravagen\/wp-json\/wp\/v2\/posts"}],"about":[{"href":"https:\/\/blogg.svenskakyrkan.se\/vandravagen\/wp-json\/wp\/v2\/types\/post"}],"author":[{"embeddable":true,"href":"https:\/\/blogg.svenskakyrkan.se\/vandravagen\/wp-json\/wp\/v2\/users\/392"}],"replies":[{"embeddable":true,"href":"https:\/\/blogg.svenskakyrkan.se\/vandravagen\/wp-json\/wp\/v2\/comments?post=230"}],"version-history":[{"count":0,"href":"https:\/\/blogg.svenskakyrkan.se\/vandravagen\/wp-json\/wp\/v2\/posts\/230\/revisions"}],"wp:attachment":[{"href":"https:\/\/blogg.svenskakyrkan.se\/vandravagen\/wp-json\/wp\/v2\/media?parent=230"}],"wp:term":[{"taxonomy":"category","embeddable":true,"href":"https:\/\/blogg.svenskakyrkan.se\/vandravagen\/wp-json\/wp\/v2\/categories?post=230"},{"taxonomy":"post_tag","embeddable":true,"href":"https:\/\/blogg.svenskakyrkan.se\/vandravagen\/wp-json\/wp\/v2\/tags?post=230"}],"curies":[{"name":"wp","href":"https:\/\/api.w.org\/{rel}","templated":true}]}}