{"id":231,"date":"2013-12-25T12:15:00","date_gmt":"2013-12-25T11:15:00","guid":{"rendered":"http:\/\/blogg.svenskakyrkan.se\/vandravagen\/2013\/12\/25\/betlehem-i-ledsjo-och-ditt-och-mitt-hjarta\/"},"modified":"2013-12-25T12:15:00","modified_gmt":"2013-12-25T11:15:00","slug":"betlehem-i-ledsjo-och-ditt-och-mitt-hjarta","status":"publish","type":"post","link":"https:\/\/blogg.svenskakyrkan.se\/vandravagen\/2013\/12\/25\/betlehem-i-ledsjo-och-ditt-och-mitt-hjarta\/","title":{"rendered":"Betlehem i Ledsj\u00f6 och ditt och mitt hj\u00e4rta"},"content":{"rendered":"<table align=\"center\" cellpadding=\"0\" cellspacing=\"0\">\n<tbody>\n<tr>\n<td><a href=\"http:\/\/2.bp.blogspot.com\/-olLPkxB4Fs0\/UrqwFbWpCGI\/AAAAAAAAGUA\/kJ5vd9x4MpA\/s1600\/IMG_2557.JPG\"><img loading=\"lazy\" decoding=\"async\" border=\"0\" src=\"http:\/\/2.bp.blogspot.com\/-olLPkxB4Fs0\/UrqwFbWpCGI\/AAAAAAAAGUA\/kJ5vd9x4MpA\/s1600\/IMG_2557.JPG\" height=\"414\" width=\"640\"><\/a><\/td>\n<\/tr>\n<tr>\n<td>Nyf\u00f6dd flodh\u00e4st med sin mamma!<\/td>\n<\/tr>\n<\/tbody>\n<\/table>\n<div><span><br \/><\/span><\/div>\n<div><span><br \/><\/span><\/div>\n<div><span>Jag \u00f6nskar dig en god och v\u00e4lsignad jul! I natt predikade jag p\u00e5 julnattsgudstj\u00e4nsten i Ledsj\u00f6 och h\u00e4r \u00e4r nu det jag sade. F\u00f6rst en liten spelare att klicka p\u00e5, sedan text f\u00f6r den som f\u00f6redrar det. Det g\u00e5r ocks\u00e5 bra att ladda ner ljudfilen fr\u00e5n spelaren, fr\u00e5n sondaghelaveckan.se eller fr\u00e5n iTunes.<\/span><\/div>\n<div><span><\/span><\/div>\n<\/p>\n<div><span>Julnatten \u00e4r bland det mest fantastiska p\u00e5 kyrko\u00e5ret och jag var gripen och omtumlad n\u00e4r jag omsider kom hem. I morse hade jag ingen julotta men jag var \u00e4nd\u00e5 uppe klockan 6, det s\u00e5g bebisdottern till. Nu sitter jag h\u00e4r tr\u00f6tt men glad och ser fram emot de lugna juldagarna som v\u00e4ntar. Nog om det, h\u00e4r \u00e4r julpredikan:<\/span><\/div>\n<\/p>\n<div><\/div>\n<\/p>\n<div><span><\/span><\/div>\n<div><\/div>\n<div><span><\/span><\/div>\n<div><span><\/span><\/div>\n<div><span>F\u00f6r en vecka sedan kunde man bes\u00f6ka Betlehem i Ledsj\u00f6. Dels f\u00f6r skolbarn men ocks\u00e5 vem som ville. Skattskrivningen p\u00e5gick, kommers i staden, v\u00e4rdshuset var fullt. Herdarna som vaktade sina f\u00e5r p\u00e5 \u00e4ngen ber\u00e4ttade om hur de sett \u00e4nglar som ber\u00e4ttat om ett barn, lindat i en krubba men som var Messias, Herren. Man kunde forts\u00e4tta under stj\u00e4rnornas och m\u00e5nens sken till stallet och d\u00e4r, vid \u00e5snan och n\u00e5gra tjurar fanns Maria och Josef och ett lindat barn.\u00a0<\/span><\/div>\n<div><span><\/span><\/div>\n<div><span><\/span><\/div>\n<div><span>N\u00e4r herdarna kom till stallet gnuggade de sig s\u00e4kert i \u00f6gonen och undrade vad det var de var med om, de hade ju f\u00e5tt beskrivit f\u00f6r sig att det skulle vara ett lindat barn, som var Herren sj\u00e4lv. Och h\u00e4r var n\u00e5gra slitna m\u00e4nniskor efter en f\u00f6rlossning och allt var som det beskrivits f\u00f6r dem. Det m\u00e5ste st\u00e4mma!<\/span><\/div>\n<div><span><\/span><\/div>\n<div><span><\/span><\/div>\n<div><span>Man kan tycka att det \u00e4r ov\u00e4ntat att Betlehem kunde vara i Betlehem f\u00f6rra veckan. Julen handlar ju om n\u00e5got som h\u00e4nde l\u00e5ngt borta och f\u00f6r l\u00e4nge sedan. Men samtidigt kunde det lika g\u00e4rna h\u00e4nt h\u00e4r och nu. Det var lika ov\u00e4ntat f\u00f6r herdarna som om en \u00e4ngel skulle dyka upp f\u00f6r oss nu. Det \u00e4r sv\u00e5rt att komma ih\u00e5g att bibelns m\u00e4nniskor faktiskt \u00e4r v\u00e4ldigt lika oss, speciellt kanske i julevangeliet, det kan vara s\u00e5 v\u00e4lk\u00e4nda ord att man knappt h\u00f6r dem n\u00e4r de l\u00e4ses. Herdarna kom fr\u00e5n sina f\u00e5r och sina vardagliga bekymmer. Det g\u00f6r vi ocks\u00e5 \u00f6verlag n\u00e4r vi samlas i kyrkan. Betlehem var inte n\u00e5got exotiskt st\u00e4lle f\u00f6r dem, det var hemma och de k\u00e4nde, som alla andra, till profetian om att det var i Davids stad som Messias skulle f\u00f6das, men att det skulle ske s\u00e5 h\u00e4r, det hade ingen r\u00e4knat med. Vi har kanske ocks\u00e5 h\u00f6rt om Guds handlande i v\u00e4rlden i allm\u00e4nhet men att det skulle kunna ske i v\u00e5ra liv, det \u00e4r ofta sv\u00e5rt att tro p\u00e5.<\/span><\/div>\n<div><span><\/span><\/div>\n<div><span><\/span><\/div>\n<div><span>\u00c4ven f\u00f6r Maria var det sv\u00e5rt att f\u00f6rst\u00e5 vad hon var med om. I de ortodoxa kyrkorna l\u00e4gger man f\u00f6ljande julhymn i hennes mun:<\/span><\/div>\n<div><span><\/span><\/div>\n<div><span><\/span><\/div>\n<div><span>Ska jag ge dig mj\u00f6lk, Du som f\u00f6der hela skapelsen?<\/span><\/div>\n<div><span><\/span><\/div>\n<div><span>Skall jag h\u00e5lla Dig i mina armar, Du som uppeh\u00e5ller allt?<\/span><\/div>\n<div><span><\/span><\/div>\n<div><span>Skall jag se utan fruktan p\u00e5 Dig, inf\u00f6r vilken de m\u00e5ng\u00f6gda keruberna inte v\u00e5gar lyfta sin blick?<\/span><\/div>\n<div><span><\/span><\/div>\n<div><span><\/span><\/div>\n<div><span>En som firade jul i den verkliga staden Betlehem var Hieronymus. Han var en l\u00e4rd man inom kyrkan p\u00e5 3-400talet, en kyrkofader. Han var l\u00e4rd och spr\u00e5kbeg\u00e5vad och \u00f6versatte bibeln till latin fr\u00e5n grekiska, men han var ocks\u00e5 m\u00e4nniska med brister och svagheter. Han verkar ha gr\u00e4lat med n\u00e4stan alla andra teologer i sin samtid och var kanske r\u00e4tt jobbig. I vilket fall flyttade han till Betlehem och bosatte sig d\u00e4r, i n\u00e4rheten av herdarnas \u00e4ng. D\u00e4r firade han ocks\u00e5 sina jular.\u00a0<\/span><\/div>\n<div><span><\/span><\/div>\n<div><span><\/span><\/div>\n<div><span>Han har l\u00e4mnat en m\u00e4rklig ber\u00e4ttelse efter sig. En julnatt som denna, n\u00e4r han s\u00f6kte upp den plats som traditionen pekar ut som Jesu f\u00f6delseplats f\u00f6r han ett samtal med det lilla Jesusbarnet. Barnet blir p\u00e5tagligt och verkligt f\u00f6r honom och han talar med det. Om det \u00e4r dr\u00f6m eller verklighet \u00e4r sv\u00e5rt att avg\u00f6ra men s\u00e5 h\u00e4r st\u00e5r det skrivet med Hieronymus egna ord:<\/span><\/div>\n<div><span><\/span><\/div>\n<div><span><\/span><\/div>\n<div><span>Varje g\u00e5ng som jag betraktar denna plats, har mitt hj\u00e4rta ett ljuvt samtal med Jesus- barnet.<\/span><\/div>\n<div><span><\/span><\/div>\n<div><span>Jag s\u00e4ger: Ack, Herre Jesus, s\u00e5 du darrar, s\u00e5 h\u00e5rt du ligger f\u00f6r min salighets skull! Hur skall jag \u00e5terg\u00e4lda det?<\/span><\/div>\n<div><span><\/span><\/div>\n<div><span>D\u00e5 tycks det mig som om Jesusbarnet svarar: K\u00e4re Hieronymus, jag beg\u00e4r ingenting annat \u00e4n att du sjunger: \u00c4ra vare Gud i h\u00f6jden! Jag kommer att vara \u00e4nnu mer utblottad i Getsemane och p\u00e5 det heliga korset.<\/span><\/div>\n<div><span><\/span><\/div>\n<div><span>Jag s\u00e4ger vidare: K\u00e4ra Jesusbarn, jag m\u00e5ste ge dig n\u00e5got, jag vill ge dig alla mina pengar.<\/span><\/div>\n<div><span><\/span><\/div>\n<div><span>Barnet svarar: Himmel och jord \u00e4r ju redan mina. Jag beh\u00f6ver ingenting, giv det till de fattiga, det vill jag ta emot som om det hade givits till mig sj\u00e4lv.<\/span><\/div>\n<div><span><\/span><\/div>\n<div><span>Jag forts\u00e4tter och s\u00e4ger: K\u00e4ra Jesus- barn, det g\u00f6r jag g\u00e4rna, men jag m\u00e5ste ocks\u00e5 ge n\u00e5got \u00e5t dig personligen, annars kommer jag d\u00f6 av sm\u00e4rta.<\/span><\/div>\n<div><span><\/span><\/div>\n<div><span>Det lilla barnet svarar: K\u00e4re Hierony- mus, eftersom du \u00e4r s\u00e5 frikostig, s\u00e5 skall jag s\u00e4ga vad du skall ge mig: Giv mig dina synder, ditt d\u00e5liga samvete och din f\u00f6rd\u00f6melse.<\/span><\/div>\n<div><span><\/span><\/div>\n<div><span>Jag s\u00e4ger: Vad skall du g\u00f6ra med det?<\/span><\/div>\n<div><span><\/span><\/div>\n<div><span>Jesusbarnet s\u00e4ger: Jag skall ta det p\u00e5 mina skuldror, det skall vara mitt herra- d\u00f6me och h\u00e4rliga g\u00e4rning, s\u00e5som Jesaja i forna tider har talat, att jag skall b\u00e4ra dina synder, och b\u00e4ra bort dem.<\/span><\/div>\n<div><span><\/span><\/div>\n<div><span>D\u00e5 b\u00f6rjar jag gr\u00e5ta bittert och s\u00e4ger: Lilla barn, k\u00e4ra lilla barn, s\u00e5 du har r\u00f6rt mitt hj\u00e4rta! Jag t\u00e4nkte att du ville ha n\u00e5got gott, och i st\u00e4llet vill du ha allt det hos mig som \u00e4r ont. Tag bort det som \u00e4r mitt! Ge mig det som \u00e4r ditt, s\u00e5 \u00e4r jag fri fr\u00e5n synden och viss om det eviga livet.<\/span><\/div>\n<div><span><\/span><\/div>\n<div><span>N\u00e4r Gud f\u00f6ddes till jorden kliver han rakt ner i v\u00e5r tillvaro, Betlehem ligger i Betlehem, det ligger i Ledsj\u00f6 och det ligger l\u00e4ngst in i ditt och mitt hj\u00e4rta. Dit Gud vill n\u00e5 f\u00f6r att r\u00e4dda ocks\u00e5 dig och mig och skapa nytt liv i m\u00f6rkret.<\/span><\/div>\n<div><span><\/span><\/div>\n<div><span>O Herre, du som skapat allt, tog \u00e4nd\u00e5 m\u00e4nniskogestalt och \u00e4r f\u00f6rn\u00f6jd med halm och str\u00e5, som stallets boskap vilar p\u00e5.\u00a0<\/span><\/div>\n<div><span><\/span><\/div>\n<div><span>Ack Herre Jesus h\u00f6r min r\u00f6st, g\u00f6r dig en krubba i mitt br\u00f6st, uti mitt hj\u00e4rta bliv och bo s\u00e5 har jag tr\u00f6st och evig ro.(Luther)\u00a0<\/span><\/div>\n<div><span><\/span><\/div>\n<div><span>S\u00e5 skrev Luther. Sedan var det kl\u00e5fingriga l\u00e4rda m\u00e4n framme efter\u00e5t och \u00e4ndrade hans ord, \u201dg\u00f6r dig ett tempel i mitt br\u00f6st\u201d, s\u00e5 st\u00e5r det i v\u00e5r psalmbok nu. S\u00e5 vill man kanske hellre t\u00e4nka. Att Gud ska bo fint i mitt hj\u00e4rtat och kanske bli lite imponerad av mig? N\u00e4r man hade g\u00e4ster f\u00f6rr s\u00e5 anv\u00e4nde man finrummet. Det k\u00e4nns b\u00e4ttre f\u00f6r v\u00e4rden att visa upp det vackra och g\u00e4sten blir hedrad. Men i v\u00e5rt hj\u00e4rtans Betlehem tror jag inte n\u00e5gon av oss har ett finrum \u00e5t Jesus att bo i. Men vi har alla en m\u00f6rk vr\u00e5, en grotta, en fattig krubba. D\u00e5 \u00e4r det sk\u00f6nt att veta att Jesus inte drar sig f\u00f6r att bo p\u00e5 s\u00e5dana st\u00e4llen. Han har gjort det f\u00f6rut. Han vet hur det \u00e4r st\u00e4llt med oss men det \u00e4r ocks\u00e5 just d\u00e4rf\u00f6r han vill komma till oss.\u00a0<\/span><\/div>\n<div><span><\/span><\/div>\n<div><span>De f\u00f6rsta herdarna vid krubban kom direkt fr\u00e5n sin vardag, och en stund senare \u00e5terv\u00e4nde de dit. F\u00e5ren var desamma, vardagsbekymren ocks\u00e5. Det var som att inget var annorlunda, samtidigt var allt annorlunda. Gud \u00e4r med oss i det sv\u00e5ra. Jag var aldrig ensam och \u00f6vergiven. Du \u00e4r aldrig ensam och \u00f6vergiven. Inte egentligen. Gud sj\u00e4lv vet hur vi har det.<\/span><\/div>\n<div><span><\/span><\/div>\n<div><span><\/span><\/div>\n<div><span>Kom Jesus, mitt hj\u00e4rta \u00e4r en tom krubba<\/span><\/div>\n<div><span><\/span><\/div>\n<div><span>Jag vill v\u00e4lkomna dig dit och ta emot det du vill ge<\/span><\/div>\n<div><span><\/span><\/div>\n<div><span>Tack f\u00f6r att du kommer dit fast det \u00e4r smutsigt<\/span><\/div>\n<div><span><\/span><\/div>\n<div><span>L\u00e5t dig f\u00f6das p\u00e5 nytt i mitt liv, igen och igen<\/span><\/div>\n<div><span><\/span><\/div>\n<div><span>L\u00e5t mig alltmer l\u00e4ra k\u00e4nna dig och l\u00e5t mig f\u00e5 bli alltmer lik dig<\/span><\/div>\n<div><span><\/span><\/div>\n<div><span>Mitt hj\u00e4rta \u00e4r en tom krubba<\/span><\/div>\n<div><span><\/span><\/div>\n<div><span>Kom<\/span><\/div>\n<div><span><\/span><\/div>\n<div><span><\/span><\/div>\n<\/p>\n<div><span>Amen<\/span><\/div>\n","protected":false},"excerpt":{"rendered":"<p>Nyf\u00f6dd flodh\u00e4st med sin mamma! Jag \u00f6nskar dig en god och v\u00e4lsignad jul! I natt predikade jag p\u00e5 julnattsgudstj\u00e4nsten i Ledsj\u00f6 och h\u00e4r \u00e4r nu det jag sade. F\u00f6rst en liten spelare att klicka p\u00e5, sedan text f\u00f6r den som f\u00f6redrar det. Det g\u00e5r ocks\u00e5 bra att ladda ner ljudfilen fr\u00e5n spelaren, fr\u00e5n sondaghelaveckan.se eller [&hellip;]<\/p>\n","protected":false},"author":392,"featured_media":0,"comment_status":"open","ping_status":"open","sticky":false,"template":"","format":"standard","meta":{"_acf_changed":false,"footnotes":""},"categories":[76189,8252,114],"tags":[],"class_list":["post-231","post","type-post","status-publish","format-standard","hentry","category-dagens-kyrka","category-kyrkoaret","category-predikan"],"acf":[],"yoast_head":"<!-- This site is optimized with the Yoast SEO plugin v27.1.1 - https:\/\/yoast.com\/product\/yoast-seo-wordpress\/ -->\n<title>Betlehem i Ledsj\u00f6 och ditt och mitt hj\u00e4rta - Vandra V\u00e4gen<\/title>\n<meta name=\"robots\" content=\"index, follow, max-snippet:-1, max-image-preview:large, max-video-preview:-1\" \/>\n<link rel=\"canonical\" href=\"https:\/\/blogg.svenskakyrkan.se\/vandravagen\/2013\/12\/25\/betlehem-i-ledsjo-och-ditt-och-mitt-hjarta\/\" \/>\n<meta property=\"og:locale\" content=\"sv_SE\" \/>\n<meta property=\"og:type\" content=\"article\" \/>\n<meta property=\"og:title\" content=\"Betlehem i Ledsj\u00f6 och ditt och mitt hj\u00e4rta - Vandra V\u00e4gen\" \/>\n<meta property=\"og:description\" content=\"Nyf\u00f6dd flodh\u00e4st med sin mamma! Jag \u00f6nskar dig en god och v\u00e4lsignad jul! I natt predikade jag p\u00e5 julnattsgudstj\u00e4nsten i Ledsj\u00f6 och h\u00e4r \u00e4r nu det jag sade. F\u00f6rst en liten spelare att klicka p\u00e5, sedan text f\u00f6r den som f\u00f6redrar det. Det g\u00e5r ocks\u00e5 bra att ladda ner ljudfilen fr\u00e5n spelaren, fr\u00e5n sondaghelaveckan.se eller [&hellip;]\" \/>\n<meta property=\"og:url\" content=\"https:\/\/blogg.svenskakyrkan.se\/vandravagen\/2013\/12\/25\/betlehem-i-ledsjo-och-ditt-och-mitt-hjarta\/\" \/>\n<meta property=\"og:site_name\" content=\"Vandra V\u00e4gen\" \/>\n<meta property=\"article:publisher\" content=\"http:\/\/facebook.com\/vandravagen\" \/>\n<meta property=\"article:published_time\" content=\"2013-12-25T11:15:00+00:00\" \/>\n<meta property=\"og:image\" content=\"http:\/\/2.bp.blogspot.com\/-olLPkxB4Fs0\/UrqwFbWpCGI\/AAAAAAAAGUA\/kJ5vd9x4MpA\/s1600\/IMG_2557.JPG\" \/>\n<meta name=\"author\" content=\"Tomas Jarvid\" \/>\n<meta name=\"twitter:card\" content=\"summary_large_image\" \/>\n<meta name=\"twitter:creator\" content=\"@fadertomas\" \/>\n<meta name=\"twitter:site\" content=\"@fadertomas\" \/>\n<meta name=\"twitter:label1\" content=\"Skriven av\" \/>\n\t<meta name=\"twitter:data1\" content=\"Tomas Jarvid\" \/>\n\t<meta name=\"twitter:label2\" content=\"Ber\u00e4knad l\u00e4stid\" \/>\n\t<meta name=\"twitter:data2\" content=\"8 minuter\" \/>\n<script type=\"application\/ld+json\" class=\"yoast-schema-graph\">{\"@context\":\"https:\/\/schema.org\",\"@graph\":[{\"@type\":\"Article\",\"@id\":\"https:\/\/blogg.svenskakyrkan.se\/vandravagen\/2013\/12\/25\/betlehem-i-ledsjo-och-ditt-och-mitt-hjarta\/#article\",\"isPartOf\":{\"@id\":\"https:\/\/blogg.svenskakyrkan.se\/vandravagen\/2013\/12\/25\/betlehem-i-ledsjo-och-ditt-och-mitt-hjarta\/\"},\"author\":{\"name\":\"Tomas Jarvid\",\"@id\":\"https:\/\/blogg.svenskakyrkan.se\/vandravagen\/#\/schema\/person\/25da02d4f76b137d04291711e2c9fc16\"},\"headline\":\"Betlehem i Ledsj\u00f6 och ditt och mitt hj\u00e4rta\",\"datePublished\":\"2013-12-25T11:15:00+00:00\",\"mainEntityOfPage\":{\"@id\":\"https:\/\/blogg.svenskakyrkan.se\/vandravagen\/2013\/12\/25\/betlehem-i-ledsjo-och-ditt-och-mitt-hjarta\/\"},\"wordCount\":1525,\"commentCount\":0,\"publisher\":{\"@id\":\"https:\/\/blogg.svenskakyrkan.se\/vandravagen\/#organization\"},\"image\":{\"@id\":\"https:\/\/blogg.svenskakyrkan.se\/vandravagen\/2013\/12\/25\/betlehem-i-ledsjo-och-ditt-och-mitt-hjarta\/#primaryimage\"},\"thumbnailUrl\":\"http:\/\/2.bp.blogspot.com\/-olLPkxB4Fs0\/UrqwFbWpCGI\/AAAAAAAAGUA\/kJ5vd9x4MpA\/s1600\/IMG_2557.JPG\",\"articleSection\":[\"Dagens Kyrka\",\"kyrko\u00e5ret\",\"predikan\"],\"inLanguage\":\"sv-SE\",\"potentialAction\":[{\"@type\":\"CommentAction\",\"name\":\"Comment\",\"target\":[\"https:\/\/blogg.svenskakyrkan.se\/vandravagen\/2013\/12\/25\/betlehem-i-ledsjo-och-ditt-och-mitt-hjarta\/#respond\"]}]},{\"@type\":\"WebPage\",\"@id\":\"https:\/\/blogg.svenskakyrkan.se\/vandravagen\/2013\/12\/25\/betlehem-i-ledsjo-och-ditt-och-mitt-hjarta\/\",\"url\":\"https:\/\/blogg.svenskakyrkan.se\/vandravagen\/2013\/12\/25\/betlehem-i-ledsjo-och-ditt-och-mitt-hjarta\/\",\"name\":\"Betlehem i Ledsj\u00f6 och ditt och mitt hj\u00e4rta - Vandra V\u00e4gen\",\"isPartOf\":{\"@id\":\"https:\/\/blogg.svenskakyrkan.se\/vandravagen\/#website\"},\"primaryImageOfPage\":{\"@id\":\"https:\/\/blogg.svenskakyrkan.se\/vandravagen\/2013\/12\/25\/betlehem-i-ledsjo-och-ditt-och-mitt-hjarta\/#primaryimage\"},\"image\":{\"@id\":\"https:\/\/blogg.svenskakyrkan.se\/vandravagen\/2013\/12\/25\/betlehem-i-ledsjo-och-ditt-och-mitt-hjarta\/#primaryimage\"},\"thumbnailUrl\":\"http:\/\/2.bp.blogspot.com\/-olLPkxB4Fs0\/UrqwFbWpCGI\/AAAAAAAAGUA\/kJ5vd9x4MpA\/s1600\/IMG_2557.JPG\",\"datePublished\":\"2013-12-25T11:15:00+00:00\",\"breadcrumb\":{\"@id\":\"https:\/\/blogg.svenskakyrkan.se\/vandravagen\/2013\/12\/25\/betlehem-i-ledsjo-och-ditt-och-mitt-hjarta\/#breadcrumb\"},\"inLanguage\":\"sv-SE\",\"potentialAction\":[{\"@type\":\"ReadAction\",\"target\":[\"https:\/\/blogg.svenskakyrkan.se\/vandravagen\/2013\/12\/25\/betlehem-i-ledsjo-och-ditt-och-mitt-hjarta\/\"]}]},{\"@type\":\"ImageObject\",\"inLanguage\":\"sv-SE\",\"@id\":\"https:\/\/blogg.svenskakyrkan.se\/vandravagen\/2013\/12\/25\/betlehem-i-ledsjo-och-ditt-och-mitt-hjarta\/#primaryimage\",\"url\":\"http:\/\/2.bp.blogspot.com\/-olLPkxB4Fs0\/UrqwFbWpCGI\/AAAAAAAAGUA\/kJ5vd9x4MpA\/s1600\/IMG_2557.JPG\",\"contentUrl\":\"http:\/\/2.bp.blogspot.com\/-olLPkxB4Fs0\/UrqwFbWpCGI\/AAAAAAAAGUA\/kJ5vd9x4MpA\/s1600\/IMG_2557.JPG\"},{\"@type\":\"BreadcrumbList\",\"@id\":\"https:\/\/blogg.svenskakyrkan.se\/vandravagen\/2013\/12\/25\/betlehem-i-ledsjo-och-ditt-och-mitt-hjarta\/#breadcrumb\",\"itemListElement\":[{\"@type\":\"ListItem\",\"position\":1,\"name\":\"Hem\",\"item\":\"https:\/\/blogg.svenskakyrkan.se\/vandravagen\/\"},{\"@type\":\"ListItem\",\"position\":2,\"name\":\"Betlehem i Ledsj\u00f6 och ditt och mitt hj\u00e4rta\"}]},{\"@type\":\"WebSite\",\"@id\":\"https:\/\/blogg.svenskakyrkan.se\/vandravagen\/#website\",\"url\":\"https:\/\/blogg.svenskakyrkan.se\/vandravagen\/\",\"name\":\"Vandra V\u00e4gen\",\"description\":\"-Mot en tro f\u00f6r hela livet\",\"publisher\":{\"@id\":\"https:\/\/blogg.svenskakyrkan.se\/vandravagen\/#organization\"},\"potentialAction\":[{\"@type\":\"SearchAction\",\"target\":{\"@type\":\"EntryPoint\",\"urlTemplate\":\"https:\/\/blogg.svenskakyrkan.se\/vandravagen\/?s={search_term_string}\"},\"query-input\":{\"@type\":\"PropertyValueSpecification\",\"valueRequired\":true,\"valueName\":\"search_term_string\"}}],\"inLanguage\":\"sv-SE\"},{\"@type\":\"Organization\",\"@id\":\"https:\/\/blogg.svenskakyrkan.se\/vandravagen\/#organization\",\"name\":\"ulricehamns pastorat\",\"alternateName\":\"ulricehamns pastorat\",\"url\":\"https:\/\/blogg.svenskakyrkan.se\/vandravagen\/\",\"logo\":{\"@type\":\"ImageObject\",\"inLanguage\":\"sv-SE\",\"@id\":\"https:\/\/blogg.svenskakyrkan.se\/vandravagen\/#\/schema\/logo\/image\/\",\"url\":\"https:\/\/blogg.svenskakyrkan.se\/vandravagen\/files\/2023\/05\/Ulr_logo_RGB.png\",\"contentUrl\":\"https:\/\/blogg.svenskakyrkan.se\/vandravagen\/files\/2023\/05\/Ulr_logo_RGB.png\",\"width\":205,\"height\":77,\"caption\":\"ulricehamns pastorat\"},\"image\":{\"@id\":\"https:\/\/blogg.svenskakyrkan.se\/vandravagen\/#\/schema\/logo\/image\/\"},\"sameAs\":[\"http:\/\/facebook.com\/vandravagen\",\"https:\/\/x.com\/fadertomas\",\"http:\/\/www.facebook.com\/svenskakyrkaniulricehamn\"]},{\"@type\":\"Person\",\"@id\":\"https:\/\/blogg.svenskakyrkan.se\/vandravagen\/#\/schema\/person\/25da02d4f76b137d04291711e2c9fc16\",\"name\":\"Tomas Jarvid\",\"image\":{\"@type\":\"ImageObject\",\"inLanguage\":\"sv-SE\",\"@id\":\"https:\/\/blogg.svenskakyrkan.se\/vandravagen\/#\/schema\/person\/image\/\",\"url\":\"https:\/\/secure.gravatar.com\/avatar\/7fa71899795e8f540f615a1f5ab25255dc27aa40f05ee7ddd21aac521e01bf50?s=96&d=identicon&r=g\",\"contentUrl\":\"https:\/\/secure.gravatar.com\/avatar\/7fa71899795e8f540f615a1f5ab25255dc27aa40f05ee7ddd21aac521e01bf50?s=96&d=identicon&r=g\",\"caption\":\"Tomas Jarvid\"},\"description\":\"Jag bor i Ulricehamn i V\u00e4sterg\u00f6tland och \u00e4r f\u00f6rsamlingspr\u00e4st i Svenska Kyrkan f\u00f6r Dalstorps f\u00f6rsamling i Kinds pastorat. P\u00e5 den h\u00e4r bloggen skriver jag ner tankar om vandringen som kristen.\",\"sameAs\":[\"http:\/\/www.vandravagen.se\"],\"url\":\"https:\/\/blogg.svenskakyrkan.se\/vandravagen\/author\/vandravagen\/\"}]}<\/script>\n<!-- \/ Yoast SEO plugin. -->","yoast_head_json":{"title":"Betlehem i Ledsj\u00f6 och ditt och mitt hj\u00e4rta - Vandra V\u00e4gen","robots":{"index":"index","follow":"follow","max-snippet":"max-snippet:-1","max-image-preview":"max-image-preview:large","max-video-preview":"max-video-preview:-1"},"canonical":"https:\/\/blogg.svenskakyrkan.se\/vandravagen\/2013\/12\/25\/betlehem-i-ledsjo-och-ditt-och-mitt-hjarta\/","og_locale":"sv_SE","og_type":"article","og_title":"Betlehem i Ledsj\u00f6 och ditt och mitt hj\u00e4rta - Vandra V\u00e4gen","og_description":"Nyf\u00f6dd flodh\u00e4st med sin mamma! Jag \u00f6nskar dig en god och v\u00e4lsignad jul! I natt predikade jag p\u00e5 julnattsgudstj\u00e4nsten i Ledsj\u00f6 och h\u00e4r \u00e4r nu det jag sade. F\u00f6rst en liten spelare att klicka p\u00e5, sedan text f\u00f6r den som f\u00f6redrar det. Det g\u00e5r ocks\u00e5 bra att ladda ner ljudfilen fr\u00e5n spelaren, fr\u00e5n sondaghelaveckan.se eller [&hellip;]","og_url":"https:\/\/blogg.svenskakyrkan.se\/vandravagen\/2013\/12\/25\/betlehem-i-ledsjo-och-ditt-och-mitt-hjarta\/","og_site_name":"Vandra V\u00e4gen","article_publisher":"http:\/\/facebook.com\/vandravagen","article_published_time":"2013-12-25T11:15:00+00:00","og_image":[{"url":"http:\/\/2.bp.blogspot.com\/-olLPkxB4Fs0\/UrqwFbWpCGI\/AAAAAAAAGUA\/kJ5vd9x4MpA\/s1600\/IMG_2557.JPG","type":"","width":"","height":""}],"author":"Tomas Jarvid","twitter_card":"summary_large_image","twitter_creator":"@fadertomas","twitter_site":"@fadertomas","twitter_misc":{"Skriven av":"Tomas Jarvid","Ber\u00e4knad l\u00e4stid":"8 minuter"},"schema":{"@context":"https:\/\/schema.org","@graph":[{"@type":"Article","@id":"https:\/\/blogg.svenskakyrkan.se\/vandravagen\/2013\/12\/25\/betlehem-i-ledsjo-och-ditt-och-mitt-hjarta\/#article","isPartOf":{"@id":"https:\/\/blogg.svenskakyrkan.se\/vandravagen\/2013\/12\/25\/betlehem-i-ledsjo-och-ditt-och-mitt-hjarta\/"},"author":{"name":"Tomas Jarvid","@id":"https:\/\/blogg.svenskakyrkan.se\/vandravagen\/#\/schema\/person\/25da02d4f76b137d04291711e2c9fc16"},"headline":"Betlehem i Ledsj\u00f6 och ditt och mitt hj\u00e4rta","datePublished":"2013-12-25T11:15:00+00:00","mainEntityOfPage":{"@id":"https:\/\/blogg.svenskakyrkan.se\/vandravagen\/2013\/12\/25\/betlehem-i-ledsjo-och-ditt-och-mitt-hjarta\/"},"wordCount":1525,"commentCount":0,"publisher":{"@id":"https:\/\/blogg.svenskakyrkan.se\/vandravagen\/#organization"},"image":{"@id":"https:\/\/blogg.svenskakyrkan.se\/vandravagen\/2013\/12\/25\/betlehem-i-ledsjo-och-ditt-och-mitt-hjarta\/#primaryimage"},"thumbnailUrl":"http:\/\/2.bp.blogspot.com\/-olLPkxB4Fs0\/UrqwFbWpCGI\/AAAAAAAAGUA\/kJ5vd9x4MpA\/s1600\/IMG_2557.JPG","articleSection":["Dagens Kyrka","kyrko\u00e5ret","predikan"],"inLanguage":"sv-SE","potentialAction":[{"@type":"CommentAction","name":"Comment","target":["https:\/\/blogg.svenskakyrkan.se\/vandravagen\/2013\/12\/25\/betlehem-i-ledsjo-och-ditt-och-mitt-hjarta\/#respond"]}]},{"@type":"WebPage","@id":"https:\/\/blogg.svenskakyrkan.se\/vandravagen\/2013\/12\/25\/betlehem-i-ledsjo-och-ditt-och-mitt-hjarta\/","url":"https:\/\/blogg.svenskakyrkan.se\/vandravagen\/2013\/12\/25\/betlehem-i-ledsjo-och-ditt-och-mitt-hjarta\/","name":"Betlehem i Ledsj\u00f6 och ditt och mitt hj\u00e4rta - Vandra V\u00e4gen","isPartOf":{"@id":"https:\/\/blogg.svenskakyrkan.se\/vandravagen\/#website"},"primaryImageOfPage":{"@id":"https:\/\/blogg.svenskakyrkan.se\/vandravagen\/2013\/12\/25\/betlehem-i-ledsjo-och-ditt-och-mitt-hjarta\/#primaryimage"},"image":{"@id":"https:\/\/blogg.svenskakyrkan.se\/vandravagen\/2013\/12\/25\/betlehem-i-ledsjo-och-ditt-och-mitt-hjarta\/#primaryimage"},"thumbnailUrl":"http:\/\/2.bp.blogspot.com\/-olLPkxB4Fs0\/UrqwFbWpCGI\/AAAAAAAAGUA\/kJ5vd9x4MpA\/s1600\/IMG_2557.JPG","datePublished":"2013-12-25T11:15:00+00:00","breadcrumb":{"@id":"https:\/\/blogg.svenskakyrkan.se\/vandravagen\/2013\/12\/25\/betlehem-i-ledsjo-och-ditt-och-mitt-hjarta\/#breadcrumb"},"inLanguage":"sv-SE","potentialAction":[{"@type":"ReadAction","target":["https:\/\/blogg.svenskakyrkan.se\/vandravagen\/2013\/12\/25\/betlehem-i-ledsjo-och-ditt-och-mitt-hjarta\/"]}]},{"@type":"ImageObject","inLanguage":"sv-SE","@id":"https:\/\/blogg.svenskakyrkan.se\/vandravagen\/2013\/12\/25\/betlehem-i-ledsjo-och-ditt-och-mitt-hjarta\/#primaryimage","url":"http:\/\/2.bp.blogspot.com\/-olLPkxB4Fs0\/UrqwFbWpCGI\/AAAAAAAAGUA\/kJ5vd9x4MpA\/s1600\/IMG_2557.JPG","contentUrl":"http:\/\/2.bp.blogspot.com\/-olLPkxB4Fs0\/UrqwFbWpCGI\/AAAAAAAAGUA\/kJ5vd9x4MpA\/s1600\/IMG_2557.JPG"},{"@type":"BreadcrumbList","@id":"https:\/\/blogg.svenskakyrkan.se\/vandravagen\/2013\/12\/25\/betlehem-i-ledsjo-och-ditt-och-mitt-hjarta\/#breadcrumb","itemListElement":[{"@type":"ListItem","position":1,"name":"Hem","item":"https:\/\/blogg.svenskakyrkan.se\/vandravagen\/"},{"@type":"ListItem","position":2,"name":"Betlehem i Ledsj\u00f6 och ditt och mitt hj\u00e4rta"}]},{"@type":"WebSite","@id":"https:\/\/blogg.svenskakyrkan.se\/vandravagen\/#website","url":"https:\/\/blogg.svenskakyrkan.se\/vandravagen\/","name":"Vandra V\u00e4gen","description":"-Mot en tro f\u00f6r hela livet","publisher":{"@id":"https:\/\/blogg.svenskakyrkan.se\/vandravagen\/#organization"},"potentialAction":[{"@type":"SearchAction","target":{"@type":"EntryPoint","urlTemplate":"https:\/\/blogg.svenskakyrkan.se\/vandravagen\/?s={search_term_string}"},"query-input":{"@type":"PropertyValueSpecification","valueRequired":true,"valueName":"search_term_string"}}],"inLanguage":"sv-SE"},{"@type":"Organization","@id":"https:\/\/blogg.svenskakyrkan.se\/vandravagen\/#organization","name":"ulricehamns pastorat","alternateName":"ulricehamns pastorat","url":"https:\/\/blogg.svenskakyrkan.se\/vandravagen\/","logo":{"@type":"ImageObject","inLanguage":"sv-SE","@id":"https:\/\/blogg.svenskakyrkan.se\/vandravagen\/#\/schema\/logo\/image\/","url":"https:\/\/blogg.svenskakyrkan.se\/vandravagen\/files\/2023\/05\/Ulr_logo_RGB.png","contentUrl":"https:\/\/blogg.svenskakyrkan.se\/vandravagen\/files\/2023\/05\/Ulr_logo_RGB.png","width":205,"height":77,"caption":"ulricehamns pastorat"},"image":{"@id":"https:\/\/blogg.svenskakyrkan.se\/vandravagen\/#\/schema\/logo\/image\/"},"sameAs":["http:\/\/facebook.com\/vandravagen","https:\/\/x.com\/fadertomas","http:\/\/www.facebook.com\/svenskakyrkaniulricehamn"]},{"@type":"Person","@id":"https:\/\/blogg.svenskakyrkan.se\/vandravagen\/#\/schema\/person\/25da02d4f76b137d04291711e2c9fc16","name":"Tomas Jarvid","image":{"@type":"ImageObject","inLanguage":"sv-SE","@id":"https:\/\/blogg.svenskakyrkan.se\/vandravagen\/#\/schema\/person\/image\/","url":"https:\/\/secure.gravatar.com\/avatar\/7fa71899795e8f540f615a1f5ab25255dc27aa40f05ee7ddd21aac521e01bf50?s=96&d=identicon&r=g","contentUrl":"https:\/\/secure.gravatar.com\/avatar\/7fa71899795e8f540f615a1f5ab25255dc27aa40f05ee7ddd21aac521e01bf50?s=96&d=identicon&r=g","caption":"Tomas Jarvid"},"description":"Jag bor i Ulricehamn i V\u00e4sterg\u00f6tland och \u00e4r f\u00f6rsamlingspr\u00e4st i Svenska Kyrkan f\u00f6r Dalstorps f\u00f6rsamling i Kinds pastorat. P\u00e5 den h\u00e4r bloggen skriver jag ner tankar om vandringen som kristen.","sameAs":["http:\/\/www.vandravagen.se"],"url":"https:\/\/blogg.svenskakyrkan.se\/vandravagen\/author\/vandravagen\/"}]}},"author_meta":{"ID":"392","user_nicename":"vandravagen","user_url":"http:\/\/www.vandravagen.se","user_registered":"2014-05-19 05:44:52","display_name":"Tomas Jarvid","first_name":"Tomas","last_name":"Jarvid","avatar":"https:\/\/secure.gravatar.com\/avatar\/7fa71899795e8f540f615a1f5ab25255dc27aa40f05ee7ddd21aac521e01bf50?s=96&d=identicon&r=g"},"featured_image":false,"bloginfo":{"name":"Vandra V\u00e4gen","url":"https:\/\/blogg.svenskakyrkan.se\/vandravagen"},"_links":{"self":[{"href":"https:\/\/blogg.svenskakyrkan.se\/vandravagen\/wp-json\/wp\/v2\/posts\/231","targetHints":{"allow":["GET"]}}],"collection":[{"href":"https:\/\/blogg.svenskakyrkan.se\/vandravagen\/wp-json\/wp\/v2\/posts"}],"about":[{"href":"https:\/\/blogg.svenskakyrkan.se\/vandravagen\/wp-json\/wp\/v2\/types\/post"}],"author":[{"embeddable":true,"href":"https:\/\/blogg.svenskakyrkan.se\/vandravagen\/wp-json\/wp\/v2\/users\/392"}],"replies":[{"embeddable":true,"href":"https:\/\/blogg.svenskakyrkan.se\/vandravagen\/wp-json\/wp\/v2\/comments?post=231"}],"version-history":[{"count":0,"href":"https:\/\/blogg.svenskakyrkan.se\/vandravagen\/wp-json\/wp\/v2\/posts\/231\/revisions"}],"wp:attachment":[{"href":"https:\/\/blogg.svenskakyrkan.se\/vandravagen\/wp-json\/wp\/v2\/media?parent=231"}],"wp:term":[{"taxonomy":"category","embeddable":true,"href":"https:\/\/blogg.svenskakyrkan.se\/vandravagen\/wp-json\/wp\/v2\/categories?post=231"},{"taxonomy":"post_tag","embeddable":true,"href":"https:\/\/blogg.svenskakyrkan.se\/vandravagen\/wp-json\/wp\/v2\/tags?post=231"}],"curies":[{"name":"wp","href":"https:\/\/api.w.org\/{rel}","templated":true}]}}