{"id":233,"date":"2013-12-23T12:08:00","date_gmt":"2013-12-23T11:08:00","guid":{"rendered":"http:\/\/blogg.svenskakyrkan.se\/vandravagen\/2013\/12\/23\/dan-fore-dopparedan\/"},"modified":"2013-12-23T12:08:00","modified_gmt":"2013-12-23T11:08:00","slug":"dan-fore-dopparedan","status":"publish","type":"post","link":"https:\/\/blogg.svenskakyrkan.se\/vandravagen\/2013\/12\/23\/dan-fore-dopparedan\/","title":{"rendered":"Dan f\u00f6re dopparedan"},"content":{"rendered":"<table align=\"center\" cellpadding=\"0\" cellspacing=\"0\">\n<tbody>\n<tr>\n<td><a href=\"http:\/\/4.bp.blogspot.com\/-XY9QnvkWzLw\/UrgLWYkfjUI\/AAAAAAAAGTg\/MzmfSxQCSOA\/s1600\/IMG_2387.JPG\"><img loading=\"lazy\" decoding=\"async\" border=\"0\" src=\"http:\/\/4.bp.blogspot.com\/-XY9QnvkWzLw\/UrgLWYkfjUI\/AAAAAAAAGTg\/MzmfSxQCSOA\/s1600\/IMG_2387.JPG\" height=\"640\" width=\"480\"><\/a><\/td>\n<\/tr>\n<tr>\n<td>Nu \u00e4r det hjul igen n\u00e5gon ska serva pariserhjulen ocks\u00e5&#8230;.<\/td>\n<\/tr>\n<\/tbody>\n<\/table>\n<p>Jag sitter med ett grymt utkast till bloggpost f\u00f6r idag. Ett minibibelstudium utifr\u00e5n en av texterna i g\u00e5r p\u00e5 fj\u00e4rde advent. Nu inser jag att ni kanske inte har tid att engagera er i tyngre fr\u00e5gor idag och sj\u00e4lv har jag v\u00e4l egentligen inte tid att skriva heller.<\/p>\n<p>Jag h\u00e4mtar d\u00e4rf\u00f6r ist\u00e4llet hj\u00e4lp fr\u00e5n youtube och denna snyggt gjorda jul (what if internet fanns n\u00e4r Jesus f\u00f6ddes?)!<\/p>\n<p>Jag vill g\u00e4rna sl\u00e5 ett slag f\u00f6r att fira sin jul i kyrkan ocks\u00e5 n\u00e4r jag \u00e4nd\u00e5 har ordet. I v\u00e5rt fall s\u00e5 h\u00e4nger vi p\u00e5 kyrkans alternativa julfirande tillsammans med \u00f6ver 80 andra (!), intresset f\u00f6r att hitta en annan gemenskap att fira jul i \u00e4r tydligen stort. Bra att det finns s\u00e4tt att fira \u00e4ven om man inte har mycket familj eller sl\u00e4kt eller helt enkelt inte riktigt orkar.<\/p>\n<p>I morgon \u00e4r det julb\u00f6n och midnattsgudstj\u00e4nst f\u00f6r min del, kyrkjulen \u00e4r b\u00e4st!<\/p>\n<\/p>\n<div><\/div>\n","protected":false},"excerpt":{"rendered":"<p>Nu \u00e4r det hjul igen n\u00e5gon ska serva pariserhjulen ocks\u00e5&#8230;. Jag sitter med ett grymt utkast till bloggpost f\u00f6r idag. Ett minibibelstudium utifr\u00e5n en av texterna i g\u00e5r p\u00e5 fj\u00e4rde advent. Nu inser jag att ni kanske inte har tid att engagera er i tyngre fr\u00e5gor idag och sj\u00e4lv har jag v\u00e4l egentligen inte tid [&hellip;]<\/p>\n","protected":false},"author":392,"featured_media":0,"comment_status":"open","ping_status":"open","sticky":false,"template":"","format":"standard","meta":{"_acf_changed":false,"footnotes":""},"categories":[76766,76189,8252],"tags":[],"class_list":["post-233","post","type-post","status-publish","format-standard","hentry","category-blandat","category-dagens-kyrka","category-kyrkoaret"],"acf":[],"yoast_head":"<!-- This site is optimized with the Yoast SEO plugin v27.1.1 - https:\/\/yoast.com\/product\/yoast-seo-wordpress\/ -->\n<title>Dan f\u00f6re dopparedan - Vandra V\u00e4gen<\/title>\n<meta name=\"robots\" content=\"index, follow, max-snippet:-1, max-image-preview:large, max-video-preview:-1\" \/>\n<link rel=\"canonical\" href=\"https:\/\/blogg.svenskakyrkan.se\/vandravagen\/2013\/12\/23\/dan-fore-dopparedan\/\" \/>\n<meta property=\"og:locale\" content=\"sv_SE\" \/>\n<meta property=\"og:type\" content=\"article\" \/>\n<meta property=\"og:title\" content=\"Dan f\u00f6re dopparedan - Vandra V\u00e4gen\" \/>\n<meta property=\"og:description\" content=\"Nu \u00e4r det hjul igen n\u00e5gon ska serva pariserhjulen ocks\u00e5&#8230;. Jag sitter med ett grymt utkast till bloggpost f\u00f6r idag. Ett minibibelstudium utifr\u00e5n en av texterna i g\u00e5r p\u00e5 fj\u00e4rde advent. Nu inser jag att ni kanske inte har tid att engagera er i tyngre fr\u00e5gor idag och sj\u00e4lv har jag v\u00e4l egentligen inte tid [&hellip;]\" \/>\n<meta property=\"og:url\" content=\"https:\/\/blogg.svenskakyrkan.se\/vandravagen\/2013\/12\/23\/dan-fore-dopparedan\/\" \/>\n<meta property=\"og:site_name\" content=\"Vandra V\u00e4gen\" \/>\n<meta property=\"article:publisher\" content=\"http:\/\/facebook.com\/vandravagen\" \/>\n<meta property=\"article:published_time\" content=\"2013-12-23T11:08:00+00:00\" \/>\n<meta property=\"og:image\" content=\"http:\/\/4.bp.blogspot.com\/-XY9QnvkWzLw\/UrgLWYkfjUI\/AAAAAAAAGTg\/MzmfSxQCSOA\/s1600\/IMG_2387.JPG\" \/>\n<meta name=\"author\" content=\"Tomas Jarvid\" \/>\n<meta name=\"twitter:card\" content=\"summary_large_image\" \/>\n<meta name=\"twitter:creator\" content=\"@fadertomas\" \/>\n<meta name=\"twitter:site\" content=\"@fadertomas\" \/>\n<meta name=\"twitter:label1\" content=\"Skriven av\" \/>\n\t<meta name=\"twitter:data1\" content=\"Tomas Jarvid\" \/>\n\t<meta name=\"twitter:label2\" content=\"Ber\u00e4knad l\u00e4stid\" \/>\n\t<meta name=\"twitter:data2\" content=\"1 minut\" \/>\n<script type=\"application\/ld+json\" class=\"yoast-schema-graph\">{\"@context\":\"https:\/\/schema.org\",\"@graph\":[{\"@type\":\"Article\",\"@id\":\"https:\/\/blogg.svenskakyrkan.se\/vandravagen\/2013\/12\/23\/dan-fore-dopparedan\/#article\",\"isPartOf\":{\"@id\":\"https:\/\/blogg.svenskakyrkan.se\/vandravagen\/2013\/12\/23\/dan-fore-dopparedan\/\"},\"author\":{\"name\":\"Tomas Jarvid\",\"@id\":\"https:\/\/blogg.svenskakyrkan.se\/vandravagen\/#\/schema\/person\/25da02d4f76b137d04291711e2c9fc16\"},\"headline\":\"Dan f\u00f6re dopparedan\",\"datePublished\":\"2013-12-23T11:08:00+00:00\",\"mainEntityOfPage\":{\"@id\":\"https:\/\/blogg.svenskakyrkan.se\/vandravagen\/2013\/12\/23\/dan-fore-dopparedan\/\"},\"wordCount\":191,\"commentCount\":0,\"publisher\":{\"@id\":\"https:\/\/blogg.svenskakyrkan.se\/vandravagen\/#organization\"},\"image\":{\"@id\":\"https:\/\/blogg.svenskakyrkan.se\/vandravagen\/2013\/12\/23\/dan-fore-dopparedan\/#primaryimage\"},\"thumbnailUrl\":\"http:\/\/4.bp.blogspot.com\/-XY9QnvkWzLw\/UrgLWYkfjUI\/AAAAAAAAGTg\/MzmfSxQCSOA\/s1600\/IMG_2387.JPG\",\"articleSection\":[\"blandat\",\"Dagens Kyrka\",\"kyrko\u00e5ret\"],\"inLanguage\":\"sv-SE\",\"potentialAction\":[{\"@type\":\"CommentAction\",\"name\":\"Comment\",\"target\":[\"https:\/\/blogg.svenskakyrkan.se\/vandravagen\/2013\/12\/23\/dan-fore-dopparedan\/#respond\"]}]},{\"@type\":\"WebPage\",\"@id\":\"https:\/\/blogg.svenskakyrkan.se\/vandravagen\/2013\/12\/23\/dan-fore-dopparedan\/\",\"url\":\"https:\/\/blogg.svenskakyrkan.se\/vandravagen\/2013\/12\/23\/dan-fore-dopparedan\/\",\"name\":\"Dan f\u00f6re dopparedan - Vandra V\u00e4gen\",\"isPartOf\":{\"@id\":\"https:\/\/blogg.svenskakyrkan.se\/vandravagen\/#website\"},\"primaryImageOfPage\":{\"@id\":\"https:\/\/blogg.svenskakyrkan.se\/vandravagen\/2013\/12\/23\/dan-fore-dopparedan\/#primaryimage\"},\"image\":{\"@id\":\"https:\/\/blogg.svenskakyrkan.se\/vandravagen\/2013\/12\/23\/dan-fore-dopparedan\/#primaryimage\"},\"thumbnailUrl\":\"http:\/\/4.bp.blogspot.com\/-XY9QnvkWzLw\/UrgLWYkfjUI\/AAAAAAAAGTg\/MzmfSxQCSOA\/s1600\/IMG_2387.JPG\",\"datePublished\":\"2013-12-23T11:08:00+00:00\",\"breadcrumb\":{\"@id\":\"https:\/\/blogg.svenskakyrkan.se\/vandravagen\/2013\/12\/23\/dan-fore-dopparedan\/#breadcrumb\"},\"inLanguage\":\"sv-SE\",\"potentialAction\":[{\"@type\":\"ReadAction\",\"target\":[\"https:\/\/blogg.svenskakyrkan.se\/vandravagen\/2013\/12\/23\/dan-fore-dopparedan\/\"]}]},{\"@type\":\"ImageObject\",\"inLanguage\":\"sv-SE\",\"@id\":\"https:\/\/blogg.svenskakyrkan.se\/vandravagen\/2013\/12\/23\/dan-fore-dopparedan\/#primaryimage\",\"url\":\"http:\/\/4.bp.blogspot.com\/-XY9QnvkWzLw\/UrgLWYkfjUI\/AAAAAAAAGTg\/MzmfSxQCSOA\/s1600\/IMG_2387.JPG\",\"contentUrl\":\"http:\/\/4.bp.blogspot.com\/-XY9QnvkWzLw\/UrgLWYkfjUI\/AAAAAAAAGTg\/MzmfSxQCSOA\/s1600\/IMG_2387.JPG\"},{\"@type\":\"BreadcrumbList\",\"@id\":\"https:\/\/blogg.svenskakyrkan.se\/vandravagen\/2013\/12\/23\/dan-fore-dopparedan\/#breadcrumb\",\"itemListElement\":[{\"@type\":\"ListItem\",\"position\":1,\"name\":\"Hem\",\"item\":\"https:\/\/blogg.svenskakyrkan.se\/vandravagen\/\"},{\"@type\":\"ListItem\",\"position\":2,\"name\":\"Dan f\u00f6re dopparedan\"}]},{\"@type\":\"WebSite\",\"@id\":\"https:\/\/blogg.svenskakyrkan.se\/vandravagen\/#website\",\"url\":\"https:\/\/blogg.svenskakyrkan.se\/vandravagen\/\",\"name\":\"Vandra V\u00e4gen\",\"description\":\"-Mot en tro f\u00f6r hela livet\",\"publisher\":{\"@id\":\"https:\/\/blogg.svenskakyrkan.se\/vandravagen\/#organization\"},\"potentialAction\":[{\"@type\":\"SearchAction\",\"target\":{\"@type\":\"EntryPoint\",\"urlTemplate\":\"https:\/\/blogg.svenskakyrkan.se\/vandravagen\/?s={search_term_string}\"},\"query-input\":{\"@type\":\"PropertyValueSpecification\",\"valueRequired\":true,\"valueName\":\"search_term_string\"}}],\"inLanguage\":\"sv-SE\"},{\"@type\":\"Organization\",\"@id\":\"https:\/\/blogg.svenskakyrkan.se\/vandravagen\/#organization\",\"name\":\"ulricehamns pastorat\",\"alternateName\":\"ulricehamns pastorat\",\"url\":\"https:\/\/blogg.svenskakyrkan.se\/vandravagen\/\",\"logo\":{\"@type\":\"ImageObject\",\"inLanguage\":\"sv-SE\",\"@id\":\"https:\/\/blogg.svenskakyrkan.se\/vandravagen\/#\/schema\/logo\/image\/\",\"url\":\"https:\/\/blogg.svenskakyrkan.se\/vandravagen\/files\/2023\/05\/Ulr_logo_RGB.png\",\"contentUrl\":\"https:\/\/blogg.svenskakyrkan.se\/vandravagen\/files\/2023\/05\/Ulr_logo_RGB.png\",\"width\":205,\"height\":77,\"caption\":\"ulricehamns pastorat\"},\"image\":{\"@id\":\"https:\/\/blogg.svenskakyrkan.se\/vandravagen\/#\/schema\/logo\/image\/\"},\"sameAs\":[\"http:\/\/facebook.com\/vandravagen\",\"https:\/\/x.com\/fadertomas\",\"http:\/\/www.facebook.com\/svenskakyrkaniulricehamn\"]},{\"@type\":\"Person\",\"@id\":\"https:\/\/blogg.svenskakyrkan.se\/vandravagen\/#\/schema\/person\/25da02d4f76b137d04291711e2c9fc16\",\"name\":\"Tomas Jarvid\",\"image\":{\"@type\":\"ImageObject\",\"inLanguage\":\"sv-SE\",\"@id\":\"https:\/\/blogg.svenskakyrkan.se\/vandravagen\/#\/schema\/person\/image\/\",\"url\":\"https:\/\/secure.gravatar.com\/avatar\/7fa71899795e8f540f615a1f5ab25255dc27aa40f05ee7ddd21aac521e01bf50?s=96&d=identicon&r=g\",\"contentUrl\":\"https:\/\/secure.gravatar.com\/avatar\/7fa71899795e8f540f615a1f5ab25255dc27aa40f05ee7ddd21aac521e01bf50?s=96&d=identicon&r=g\",\"caption\":\"Tomas Jarvid\"},\"description\":\"Jag bor i Ulricehamn i V\u00e4sterg\u00f6tland och \u00e4r f\u00f6rsamlingspr\u00e4st i Svenska Kyrkan f\u00f6r Dalstorps f\u00f6rsamling i Kinds pastorat. P\u00e5 den h\u00e4r bloggen skriver jag ner tankar om vandringen som kristen.\",\"sameAs\":[\"http:\/\/www.vandravagen.se\"],\"url\":\"https:\/\/blogg.svenskakyrkan.se\/vandravagen\/author\/vandravagen\/\"}]}<\/script>\n<!-- \/ Yoast SEO plugin. -->","yoast_head_json":{"title":"Dan f\u00f6re dopparedan - Vandra V\u00e4gen","robots":{"index":"index","follow":"follow","max-snippet":"max-snippet:-1","max-image-preview":"max-image-preview:large","max-video-preview":"max-video-preview:-1"},"canonical":"https:\/\/blogg.svenskakyrkan.se\/vandravagen\/2013\/12\/23\/dan-fore-dopparedan\/","og_locale":"sv_SE","og_type":"article","og_title":"Dan f\u00f6re dopparedan - Vandra V\u00e4gen","og_description":"Nu \u00e4r det hjul igen n\u00e5gon ska serva pariserhjulen ocks\u00e5&#8230;. Jag sitter med ett grymt utkast till bloggpost f\u00f6r idag. Ett minibibelstudium utifr\u00e5n en av texterna i g\u00e5r p\u00e5 fj\u00e4rde advent. Nu inser jag att ni kanske inte har tid att engagera er i tyngre fr\u00e5gor idag och sj\u00e4lv har jag v\u00e4l egentligen inte tid [&hellip;]","og_url":"https:\/\/blogg.svenskakyrkan.se\/vandravagen\/2013\/12\/23\/dan-fore-dopparedan\/","og_site_name":"Vandra V\u00e4gen","article_publisher":"http:\/\/facebook.com\/vandravagen","article_published_time":"2013-12-23T11:08:00+00:00","og_image":[{"url":"http:\/\/4.bp.blogspot.com\/-XY9QnvkWzLw\/UrgLWYkfjUI\/AAAAAAAAGTg\/MzmfSxQCSOA\/s1600\/IMG_2387.JPG","type":"","width":"","height":""}],"author":"Tomas Jarvid","twitter_card":"summary_large_image","twitter_creator":"@fadertomas","twitter_site":"@fadertomas","twitter_misc":{"Skriven av":"Tomas Jarvid","Ber\u00e4knad l\u00e4stid":"1 minut"},"schema":{"@context":"https:\/\/schema.org","@graph":[{"@type":"Article","@id":"https:\/\/blogg.svenskakyrkan.se\/vandravagen\/2013\/12\/23\/dan-fore-dopparedan\/#article","isPartOf":{"@id":"https:\/\/blogg.svenskakyrkan.se\/vandravagen\/2013\/12\/23\/dan-fore-dopparedan\/"},"author":{"name":"Tomas Jarvid","@id":"https:\/\/blogg.svenskakyrkan.se\/vandravagen\/#\/schema\/person\/25da02d4f76b137d04291711e2c9fc16"},"headline":"Dan f\u00f6re dopparedan","datePublished":"2013-12-23T11:08:00+00:00","mainEntityOfPage":{"@id":"https:\/\/blogg.svenskakyrkan.se\/vandravagen\/2013\/12\/23\/dan-fore-dopparedan\/"},"wordCount":191,"commentCount":0,"publisher":{"@id":"https:\/\/blogg.svenskakyrkan.se\/vandravagen\/#organization"},"image":{"@id":"https:\/\/blogg.svenskakyrkan.se\/vandravagen\/2013\/12\/23\/dan-fore-dopparedan\/#primaryimage"},"thumbnailUrl":"http:\/\/4.bp.blogspot.com\/-XY9QnvkWzLw\/UrgLWYkfjUI\/AAAAAAAAGTg\/MzmfSxQCSOA\/s1600\/IMG_2387.JPG","articleSection":["blandat","Dagens Kyrka","kyrko\u00e5ret"],"inLanguage":"sv-SE","potentialAction":[{"@type":"CommentAction","name":"Comment","target":["https:\/\/blogg.svenskakyrkan.se\/vandravagen\/2013\/12\/23\/dan-fore-dopparedan\/#respond"]}]},{"@type":"WebPage","@id":"https:\/\/blogg.svenskakyrkan.se\/vandravagen\/2013\/12\/23\/dan-fore-dopparedan\/","url":"https:\/\/blogg.svenskakyrkan.se\/vandravagen\/2013\/12\/23\/dan-fore-dopparedan\/","name":"Dan f\u00f6re dopparedan - Vandra V\u00e4gen","isPartOf":{"@id":"https:\/\/blogg.svenskakyrkan.se\/vandravagen\/#website"},"primaryImageOfPage":{"@id":"https:\/\/blogg.svenskakyrkan.se\/vandravagen\/2013\/12\/23\/dan-fore-dopparedan\/#primaryimage"},"image":{"@id":"https:\/\/blogg.svenskakyrkan.se\/vandravagen\/2013\/12\/23\/dan-fore-dopparedan\/#primaryimage"},"thumbnailUrl":"http:\/\/4.bp.blogspot.com\/-XY9QnvkWzLw\/UrgLWYkfjUI\/AAAAAAAAGTg\/MzmfSxQCSOA\/s1600\/IMG_2387.JPG","datePublished":"2013-12-23T11:08:00+00:00","breadcrumb":{"@id":"https:\/\/blogg.svenskakyrkan.se\/vandravagen\/2013\/12\/23\/dan-fore-dopparedan\/#breadcrumb"},"inLanguage":"sv-SE","potentialAction":[{"@type":"ReadAction","target":["https:\/\/blogg.svenskakyrkan.se\/vandravagen\/2013\/12\/23\/dan-fore-dopparedan\/"]}]},{"@type":"ImageObject","inLanguage":"sv-SE","@id":"https:\/\/blogg.svenskakyrkan.se\/vandravagen\/2013\/12\/23\/dan-fore-dopparedan\/#primaryimage","url":"http:\/\/4.bp.blogspot.com\/-XY9QnvkWzLw\/UrgLWYkfjUI\/AAAAAAAAGTg\/MzmfSxQCSOA\/s1600\/IMG_2387.JPG","contentUrl":"http:\/\/4.bp.blogspot.com\/-XY9QnvkWzLw\/UrgLWYkfjUI\/AAAAAAAAGTg\/MzmfSxQCSOA\/s1600\/IMG_2387.JPG"},{"@type":"BreadcrumbList","@id":"https:\/\/blogg.svenskakyrkan.se\/vandravagen\/2013\/12\/23\/dan-fore-dopparedan\/#breadcrumb","itemListElement":[{"@type":"ListItem","position":1,"name":"Hem","item":"https:\/\/blogg.svenskakyrkan.se\/vandravagen\/"},{"@type":"ListItem","position":2,"name":"Dan f\u00f6re dopparedan"}]},{"@type":"WebSite","@id":"https:\/\/blogg.svenskakyrkan.se\/vandravagen\/#website","url":"https:\/\/blogg.svenskakyrkan.se\/vandravagen\/","name":"Vandra V\u00e4gen","description":"-Mot en tro f\u00f6r hela livet","publisher":{"@id":"https:\/\/blogg.svenskakyrkan.se\/vandravagen\/#organization"},"potentialAction":[{"@type":"SearchAction","target":{"@type":"EntryPoint","urlTemplate":"https:\/\/blogg.svenskakyrkan.se\/vandravagen\/?s={search_term_string}"},"query-input":{"@type":"PropertyValueSpecification","valueRequired":true,"valueName":"search_term_string"}}],"inLanguage":"sv-SE"},{"@type":"Organization","@id":"https:\/\/blogg.svenskakyrkan.se\/vandravagen\/#organization","name":"ulricehamns pastorat","alternateName":"ulricehamns pastorat","url":"https:\/\/blogg.svenskakyrkan.se\/vandravagen\/","logo":{"@type":"ImageObject","inLanguage":"sv-SE","@id":"https:\/\/blogg.svenskakyrkan.se\/vandravagen\/#\/schema\/logo\/image\/","url":"https:\/\/blogg.svenskakyrkan.se\/vandravagen\/files\/2023\/05\/Ulr_logo_RGB.png","contentUrl":"https:\/\/blogg.svenskakyrkan.se\/vandravagen\/files\/2023\/05\/Ulr_logo_RGB.png","width":205,"height":77,"caption":"ulricehamns pastorat"},"image":{"@id":"https:\/\/blogg.svenskakyrkan.se\/vandravagen\/#\/schema\/logo\/image\/"},"sameAs":["http:\/\/facebook.com\/vandravagen","https:\/\/x.com\/fadertomas","http:\/\/www.facebook.com\/svenskakyrkaniulricehamn"]},{"@type":"Person","@id":"https:\/\/blogg.svenskakyrkan.se\/vandravagen\/#\/schema\/person\/25da02d4f76b137d04291711e2c9fc16","name":"Tomas Jarvid","image":{"@type":"ImageObject","inLanguage":"sv-SE","@id":"https:\/\/blogg.svenskakyrkan.se\/vandravagen\/#\/schema\/person\/image\/","url":"https:\/\/secure.gravatar.com\/avatar\/7fa71899795e8f540f615a1f5ab25255dc27aa40f05ee7ddd21aac521e01bf50?s=96&d=identicon&r=g","contentUrl":"https:\/\/secure.gravatar.com\/avatar\/7fa71899795e8f540f615a1f5ab25255dc27aa40f05ee7ddd21aac521e01bf50?s=96&d=identicon&r=g","caption":"Tomas Jarvid"},"description":"Jag bor i Ulricehamn i V\u00e4sterg\u00f6tland och \u00e4r f\u00f6rsamlingspr\u00e4st i Svenska Kyrkan f\u00f6r Dalstorps f\u00f6rsamling i Kinds pastorat. P\u00e5 den h\u00e4r bloggen skriver jag ner tankar om vandringen som kristen.","sameAs":["http:\/\/www.vandravagen.se"],"url":"https:\/\/blogg.svenskakyrkan.se\/vandravagen\/author\/vandravagen\/"}]}},"author_meta":{"ID":"392","user_nicename":"vandravagen","user_url":"http:\/\/www.vandravagen.se","user_registered":"2014-05-19 05:44:52","display_name":"Tomas Jarvid","first_name":"Tomas","last_name":"Jarvid","avatar":"https:\/\/secure.gravatar.com\/avatar\/7fa71899795e8f540f615a1f5ab25255dc27aa40f05ee7ddd21aac521e01bf50?s=96&d=identicon&r=g"},"featured_image":false,"bloginfo":{"name":"Vandra V\u00e4gen","url":"https:\/\/blogg.svenskakyrkan.se\/vandravagen"},"_links":{"self":[{"href":"https:\/\/blogg.svenskakyrkan.se\/vandravagen\/wp-json\/wp\/v2\/posts\/233","targetHints":{"allow":["GET"]}}],"collection":[{"href":"https:\/\/blogg.svenskakyrkan.se\/vandravagen\/wp-json\/wp\/v2\/posts"}],"about":[{"href":"https:\/\/blogg.svenskakyrkan.se\/vandravagen\/wp-json\/wp\/v2\/types\/post"}],"author":[{"embeddable":true,"href":"https:\/\/blogg.svenskakyrkan.se\/vandravagen\/wp-json\/wp\/v2\/users\/392"}],"replies":[{"embeddable":true,"href":"https:\/\/blogg.svenskakyrkan.se\/vandravagen\/wp-json\/wp\/v2\/comments?post=233"}],"version-history":[{"count":0,"href":"https:\/\/blogg.svenskakyrkan.se\/vandravagen\/wp-json\/wp\/v2\/posts\/233\/revisions"}],"wp:attachment":[{"href":"https:\/\/blogg.svenskakyrkan.se\/vandravagen\/wp-json\/wp\/v2\/media?parent=233"}],"wp:term":[{"taxonomy":"category","embeddable":true,"href":"https:\/\/blogg.svenskakyrkan.se\/vandravagen\/wp-json\/wp\/v2\/categories?post=233"},{"taxonomy":"post_tag","embeddable":true,"href":"https:\/\/blogg.svenskakyrkan.se\/vandravagen\/wp-json\/wp\/v2\/tags?post=233"}],"curies":[{"name":"wp","href":"https:\/\/api.w.org\/{rel}","templated":true}]}}