{"id":235,"date":"2013-12-21T19:37:00","date_gmt":"2013-12-21T18:37:00","guid":{"rendered":"http:\/\/blogg.svenskakyrkan.se\/vandravagen\/2013\/12\/21\/hur-lar-man-sig-det-religiosa-spraket-da\/"},"modified":"2013-12-21T19:37:00","modified_gmt":"2013-12-21T18:37:00","slug":"hur-lar-man-sig-det-religiosa-spraket-da","status":"publish","type":"post","link":"https:\/\/blogg.svenskakyrkan.se\/vandravagen\/2013\/12\/21\/hur-lar-man-sig-det-religiosa-spraket-da\/","title":{"rendered":"Hur l\u00e4r man sig det religi\u00f6sa spr\u00e5ket d\u00e5?"},"content":{"rendered":"<table align=\"center\" cellpadding=\"0\" cellspacing=\"0\">\n<tbody>\n<tr>\n<td><a href=\"http:\/\/2.bp.blogspot.com\/-FvbCzmeln3U\/UrXRiH5cjzI\/AAAAAAAAGTA\/jJvQWHhcfoU\/s1600\/IMG_2430.JPG\"><img loading=\"lazy\" decoding=\"async\" border=\"0\" src=\"http:\/\/2.bp.blogspot.com\/-FvbCzmeln3U\/UrXRiH5cjzI\/AAAAAAAAGTA\/jJvQWHhcfoU\/s1600\/IMG_2430.JPG\" height=\"478\" width=\"640\"><\/a><\/td>\n<\/tr>\n<tr>\n<td>Foto fr\u00e5n ett \u00e5r sen. R\u00e4tt snyggt?<\/td>\n<\/tr>\n<\/tbody>\n<\/table>\n<p>Jag fick svar p\u00e5 g\u00e5rdagens inl\u00e4gg om <a href=\"http:\/\/www.vandravagen.se\/2013\/12\/det-fantastiska-med-det-religiosa.html\">DET FANTASTISKA med det religi\u00f6sa spr\u00e5ket<\/a> (det d\u00e4r h\u00f6r man inte f\u00f6r ofta va?).<\/p>\n<p>Pr\u00e4sten Johan Danz skrev ett eget blogginl\u00e4gg <a href=\"http:\/\/johandanz.se\/reclaiming-theologi-tankar-utifran-vandra-vagen\/\">om varifr\u00e5n man kan f\u00e5 ett s\u00e5dant spr\u00e5k<\/a>. Roligt, det k\u00e4nns som att jag \u00e4r med i en s\u00e5n d\u00e4r bloggargemenskap typ. Efter vad jag kan se \u00e4r Johan en flitig bloggare s\u00e5 kolla g\u00e4rna upp hans blogg. Lite mindre trams \u00e4n p\u00e5 den h\u00e4r bloggen tror jag?<\/p>\n<p><a href=\"http:\/\/johandanz.se\/\">http:\/\/johandanz.se\/<\/a><\/p>\n","protected":false},"excerpt":{"rendered":"<p>Foto fr\u00e5n ett \u00e5r sen. R\u00e4tt snyggt? Jag fick svar p\u00e5 g\u00e5rdagens inl\u00e4gg om DET FANTASTISKA med det religi\u00f6sa spr\u00e5ket (det d\u00e4r h\u00f6r man inte f\u00f6r ofta va?). Pr\u00e4sten Johan Danz skrev ett eget blogginl\u00e4gg om varifr\u00e5n man kan f\u00e5 ett s\u00e5dant spr\u00e5k. Roligt, det k\u00e4nns som att jag \u00e4r med i en s\u00e5n d\u00e4r [&hellip;]<\/p>\n","protected":false},"author":392,"featured_media":0,"comment_status":"open","ping_status":"open","sticky":false,"template":"","format":"standard","meta":{"_acf_changed":false,"footnotes":""},"categories":[76189,117],"tags":[],"class_list":["post-235","post","type-post","status-publish","format-standard","hentry","category-dagens-kyrka","category-teologi"],"acf":[],"yoast_head":"<!-- This site is optimized with the Yoast SEO plugin v27.1.1 - https:\/\/yoast.com\/product\/yoast-seo-wordpress\/ -->\n<title>Hur l\u00e4r man sig det religi\u00f6sa spr\u00e5ket d\u00e5? - Vandra V\u00e4gen<\/title>\n<meta name=\"robots\" content=\"index, follow, max-snippet:-1, max-image-preview:large, max-video-preview:-1\" \/>\n<link rel=\"canonical\" href=\"https:\/\/blogg.svenskakyrkan.se\/vandravagen\/2013\/12\/21\/hur-lar-man-sig-det-religiosa-spraket-da\/\" \/>\n<meta property=\"og:locale\" content=\"sv_SE\" \/>\n<meta property=\"og:type\" content=\"article\" \/>\n<meta property=\"og:title\" content=\"Hur l\u00e4r man sig det religi\u00f6sa spr\u00e5ket d\u00e5? - Vandra V\u00e4gen\" \/>\n<meta property=\"og:description\" content=\"Foto fr\u00e5n ett \u00e5r sen. R\u00e4tt snyggt? Jag fick svar p\u00e5 g\u00e5rdagens inl\u00e4gg om DET FANTASTISKA med det religi\u00f6sa spr\u00e5ket (det d\u00e4r h\u00f6r man inte f\u00f6r ofta va?). Pr\u00e4sten Johan Danz skrev ett eget blogginl\u00e4gg om varifr\u00e5n man kan f\u00e5 ett s\u00e5dant spr\u00e5k. Roligt, det k\u00e4nns som att jag \u00e4r med i en s\u00e5n d\u00e4r [&hellip;]\" \/>\n<meta property=\"og:url\" content=\"https:\/\/blogg.svenskakyrkan.se\/vandravagen\/2013\/12\/21\/hur-lar-man-sig-det-religiosa-spraket-da\/\" \/>\n<meta property=\"og:site_name\" content=\"Vandra V\u00e4gen\" \/>\n<meta property=\"article:publisher\" content=\"http:\/\/facebook.com\/vandravagen\" \/>\n<meta property=\"article:published_time\" content=\"2013-12-21T18:37:00+00:00\" \/>\n<meta property=\"og:image\" content=\"http:\/\/2.bp.blogspot.com\/-FvbCzmeln3U\/UrXRiH5cjzI\/AAAAAAAAGTA\/jJvQWHhcfoU\/s1600\/IMG_2430.JPG\" \/>\n<meta name=\"author\" content=\"Tomas Jarvid\" \/>\n<meta name=\"twitter:card\" content=\"summary_large_image\" \/>\n<meta name=\"twitter:creator\" content=\"@fadertomas\" \/>\n<meta name=\"twitter:site\" content=\"@fadertomas\" \/>\n<meta name=\"twitter:label1\" content=\"Skriven av\" \/>\n\t<meta name=\"twitter:data1\" content=\"Tomas Jarvid\" \/>\n\t<meta name=\"twitter:label2\" content=\"Ber\u00e4knad l\u00e4stid\" \/>\n\t<meta name=\"twitter:data2\" content=\"1 minut\" \/>\n<script type=\"application\/ld+json\" class=\"yoast-schema-graph\">{\"@context\":\"https:\/\/schema.org\",\"@graph\":[{\"@type\":\"Article\",\"@id\":\"https:\/\/blogg.svenskakyrkan.se\/vandravagen\/2013\/12\/21\/hur-lar-man-sig-det-religiosa-spraket-da\/#article\",\"isPartOf\":{\"@id\":\"https:\/\/blogg.svenskakyrkan.se\/vandravagen\/2013\/12\/21\/hur-lar-man-sig-det-religiosa-spraket-da\/\"},\"author\":{\"name\":\"Tomas Jarvid\",\"@id\":\"https:\/\/blogg.svenskakyrkan.se\/vandravagen\/#\/schema\/person\/25da02d4f76b137d04291711e2c9fc16\"},\"headline\":\"Hur l\u00e4r man sig det religi\u00f6sa spr\u00e5ket d\u00e5?\",\"datePublished\":\"2013-12-21T18:37:00+00:00\",\"mainEntityOfPage\":{\"@id\":\"https:\/\/blogg.svenskakyrkan.se\/vandravagen\/2013\/12\/21\/hur-lar-man-sig-det-religiosa-spraket-da\/\"},\"wordCount\":116,\"commentCount\":3,\"publisher\":{\"@id\":\"https:\/\/blogg.svenskakyrkan.se\/vandravagen\/#organization\"},\"image\":{\"@id\":\"https:\/\/blogg.svenskakyrkan.se\/vandravagen\/2013\/12\/21\/hur-lar-man-sig-det-religiosa-spraket-da\/#primaryimage\"},\"thumbnailUrl\":\"http:\/\/2.bp.blogspot.com\/-FvbCzmeln3U\/UrXRiH5cjzI\/AAAAAAAAGTA\/jJvQWHhcfoU\/s1600\/IMG_2430.JPG\",\"articleSection\":[\"Dagens Kyrka\",\"Teologi\"],\"inLanguage\":\"sv-SE\",\"potentialAction\":[{\"@type\":\"CommentAction\",\"name\":\"Comment\",\"target\":[\"https:\/\/blogg.svenskakyrkan.se\/vandravagen\/2013\/12\/21\/hur-lar-man-sig-det-religiosa-spraket-da\/#respond\"]}]},{\"@type\":\"WebPage\",\"@id\":\"https:\/\/blogg.svenskakyrkan.se\/vandravagen\/2013\/12\/21\/hur-lar-man-sig-det-religiosa-spraket-da\/\",\"url\":\"https:\/\/blogg.svenskakyrkan.se\/vandravagen\/2013\/12\/21\/hur-lar-man-sig-det-religiosa-spraket-da\/\",\"name\":\"Hur l\u00e4r man sig det religi\u00f6sa spr\u00e5ket d\u00e5? - Vandra V\u00e4gen\",\"isPartOf\":{\"@id\":\"https:\/\/blogg.svenskakyrkan.se\/vandravagen\/#website\"},\"primaryImageOfPage\":{\"@id\":\"https:\/\/blogg.svenskakyrkan.se\/vandravagen\/2013\/12\/21\/hur-lar-man-sig-det-religiosa-spraket-da\/#primaryimage\"},\"image\":{\"@id\":\"https:\/\/blogg.svenskakyrkan.se\/vandravagen\/2013\/12\/21\/hur-lar-man-sig-det-religiosa-spraket-da\/#primaryimage\"},\"thumbnailUrl\":\"http:\/\/2.bp.blogspot.com\/-FvbCzmeln3U\/UrXRiH5cjzI\/AAAAAAAAGTA\/jJvQWHhcfoU\/s1600\/IMG_2430.JPG\",\"datePublished\":\"2013-12-21T18:37:00+00:00\",\"breadcrumb\":{\"@id\":\"https:\/\/blogg.svenskakyrkan.se\/vandravagen\/2013\/12\/21\/hur-lar-man-sig-det-religiosa-spraket-da\/#breadcrumb\"},\"inLanguage\":\"sv-SE\",\"potentialAction\":[{\"@type\":\"ReadAction\",\"target\":[\"https:\/\/blogg.svenskakyrkan.se\/vandravagen\/2013\/12\/21\/hur-lar-man-sig-det-religiosa-spraket-da\/\"]}]},{\"@type\":\"ImageObject\",\"inLanguage\":\"sv-SE\",\"@id\":\"https:\/\/blogg.svenskakyrkan.se\/vandravagen\/2013\/12\/21\/hur-lar-man-sig-det-religiosa-spraket-da\/#primaryimage\",\"url\":\"http:\/\/2.bp.blogspot.com\/-FvbCzmeln3U\/UrXRiH5cjzI\/AAAAAAAAGTA\/jJvQWHhcfoU\/s1600\/IMG_2430.JPG\",\"contentUrl\":\"http:\/\/2.bp.blogspot.com\/-FvbCzmeln3U\/UrXRiH5cjzI\/AAAAAAAAGTA\/jJvQWHhcfoU\/s1600\/IMG_2430.JPG\"},{\"@type\":\"BreadcrumbList\",\"@id\":\"https:\/\/blogg.svenskakyrkan.se\/vandravagen\/2013\/12\/21\/hur-lar-man-sig-det-religiosa-spraket-da\/#breadcrumb\",\"itemListElement\":[{\"@type\":\"ListItem\",\"position\":1,\"name\":\"Hem\",\"item\":\"https:\/\/blogg.svenskakyrkan.se\/vandravagen\/\"},{\"@type\":\"ListItem\",\"position\":2,\"name\":\"Hur l\u00e4r man sig det religi\u00f6sa spr\u00e5ket d\u00e5?\"}]},{\"@type\":\"WebSite\",\"@id\":\"https:\/\/blogg.svenskakyrkan.se\/vandravagen\/#website\",\"url\":\"https:\/\/blogg.svenskakyrkan.se\/vandravagen\/\",\"name\":\"Vandra V\u00e4gen\",\"description\":\"-Mot en tro f\u00f6r hela livet\",\"publisher\":{\"@id\":\"https:\/\/blogg.svenskakyrkan.se\/vandravagen\/#organization\"},\"potentialAction\":[{\"@type\":\"SearchAction\",\"target\":{\"@type\":\"EntryPoint\",\"urlTemplate\":\"https:\/\/blogg.svenskakyrkan.se\/vandravagen\/?s={search_term_string}\"},\"query-input\":{\"@type\":\"PropertyValueSpecification\",\"valueRequired\":true,\"valueName\":\"search_term_string\"}}],\"inLanguage\":\"sv-SE\"},{\"@type\":\"Organization\",\"@id\":\"https:\/\/blogg.svenskakyrkan.se\/vandravagen\/#organization\",\"name\":\"ulricehamns pastorat\",\"alternateName\":\"ulricehamns pastorat\",\"url\":\"https:\/\/blogg.svenskakyrkan.se\/vandravagen\/\",\"logo\":{\"@type\":\"ImageObject\",\"inLanguage\":\"sv-SE\",\"@id\":\"https:\/\/blogg.svenskakyrkan.se\/vandravagen\/#\/schema\/logo\/image\/\",\"url\":\"https:\/\/blogg.svenskakyrkan.se\/vandravagen\/files\/2023\/05\/Ulr_logo_RGB.png\",\"contentUrl\":\"https:\/\/blogg.svenskakyrkan.se\/vandravagen\/files\/2023\/05\/Ulr_logo_RGB.png\",\"width\":205,\"height\":77,\"caption\":\"ulricehamns pastorat\"},\"image\":{\"@id\":\"https:\/\/blogg.svenskakyrkan.se\/vandravagen\/#\/schema\/logo\/image\/\"},\"sameAs\":[\"http:\/\/facebook.com\/vandravagen\",\"https:\/\/x.com\/fadertomas\",\"http:\/\/www.facebook.com\/svenskakyrkaniulricehamn\"]},{\"@type\":\"Person\",\"@id\":\"https:\/\/blogg.svenskakyrkan.se\/vandravagen\/#\/schema\/person\/25da02d4f76b137d04291711e2c9fc16\",\"name\":\"Tomas Jarvid\",\"image\":{\"@type\":\"ImageObject\",\"inLanguage\":\"sv-SE\",\"@id\":\"https:\/\/blogg.svenskakyrkan.se\/vandravagen\/#\/schema\/person\/image\/\",\"url\":\"https:\/\/secure.gravatar.com\/avatar\/7fa71899795e8f540f615a1f5ab25255dc27aa40f05ee7ddd21aac521e01bf50?s=96&d=identicon&r=g\",\"contentUrl\":\"https:\/\/secure.gravatar.com\/avatar\/7fa71899795e8f540f615a1f5ab25255dc27aa40f05ee7ddd21aac521e01bf50?s=96&d=identicon&r=g\",\"caption\":\"Tomas Jarvid\"},\"description\":\"Jag bor i Ulricehamn i V\u00e4sterg\u00f6tland och \u00e4r f\u00f6rsamlingspr\u00e4st i Svenska Kyrkan f\u00f6r Dalstorps f\u00f6rsamling i Kinds pastorat. P\u00e5 den h\u00e4r bloggen skriver jag ner tankar om vandringen som kristen.\",\"sameAs\":[\"http:\/\/www.vandravagen.se\"],\"url\":\"https:\/\/blogg.svenskakyrkan.se\/vandravagen\/author\/vandravagen\/\"}]}<\/script>\n<!-- \/ Yoast SEO plugin. -->","yoast_head_json":{"title":"Hur l\u00e4r man sig det religi\u00f6sa spr\u00e5ket d\u00e5? - Vandra V\u00e4gen","robots":{"index":"index","follow":"follow","max-snippet":"max-snippet:-1","max-image-preview":"max-image-preview:large","max-video-preview":"max-video-preview:-1"},"canonical":"https:\/\/blogg.svenskakyrkan.se\/vandravagen\/2013\/12\/21\/hur-lar-man-sig-det-religiosa-spraket-da\/","og_locale":"sv_SE","og_type":"article","og_title":"Hur l\u00e4r man sig det religi\u00f6sa spr\u00e5ket d\u00e5? - Vandra V\u00e4gen","og_description":"Foto fr\u00e5n ett \u00e5r sen. R\u00e4tt snyggt? Jag fick svar p\u00e5 g\u00e5rdagens inl\u00e4gg om DET FANTASTISKA med det religi\u00f6sa spr\u00e5ket (det d\u00e4r h\u00f6r man inte f\u00f6r ofta va?). Pr\u00e4sten Johan Danz skrev ett eget blogginl\u00e4gg om varifr\u00e5n man kan f\u00e5 ett s\u00e5dant spr\u00e5k. Roligt, det k\u00e4nns som att jag \u00e4r med i en s\u00e5n d\u00e4r [&hellip;]","og_url":"https:\/\/blogg.svenskakyrkan.se\/vandravagen\/2013\/12\/21\/hur-lar-man-sig-det-religiosa-spraket-da\/","og_site_name":"Vandra V\u00e4gen","article_publisher":"http:\/\/facebook.com\/vandravagen","article_published_time":"2013-12-21T18:37:00+00:00","og_image":[{"url":"http:\/\/2.bp.blogspot.com\/-FvbCzmeln3U\/UrXRiH5cjzI\/AAAAAAAAGTA\/jJvQWHhcfoU\/s1600\/IMG_2430.JPG","type":"","width":"","height":""}],"author":"Tomas Jarvid","twitter_card":"summary_large_image","twitter_creator":"@fadertomas","twitter_site":"@fadertomas","twitter_misc":{"Skriven av":"Tomas Jarvid","Ber\u00e4knad l\u00e4stid":"1 minut"},"schema":{"@context":"https:\/\/schema.org","@graph":[{"@type":"Article","@id":"https:\/\/blogg.svenskakyrkan.se\/vandravagen\/2013\/12\/21\/hur-lar-man-sig-det-religiosa-spraket-da\/#article","isPartOf":{"@id":"https:\/\/blogg.svenskakyrkan.se\/vandravagen\/2013\/12\/21\/hur-lar-man-sig-det-religiosa-spraket-da\/"},"author":{"name":"Tomas Jarvid","@id":"https:\/\/blogg.svenskakyrkan.se\/vandravagen\/#\/schema\/person\/25da02d4f76b137d04291711e2c9fc16"},"headline":"Hur l\u00e4r man sig det religi\u00f6sa spr\u00e5ket d\u00e5?","datePublished":"2013-12-21T18:37:00+00:00","mainEntityOfPage":{"@id":"https:\/\/blogg.svenskakyrkan.se\/vandravagen\/2013\/12\/21\/hur-lar-man-sig-det-religiosa-spraket-da\/"},"wordCount":116,"commentCount":3,"publisher":{"@id":"https:\/\/blogg.svenskakyrkan.se\/vandravagen\/#organization"},"image":{"@id":"https:\/\/blogg.svenskakyrkan.se\/vandravagen\/2013\/12\/21\/hur-lar-man-sig-det-religiosa-spraket-da\/#primaryimage"},"thumbnailUrl":"http:\/\/2.bp.blogspot.com\/-FvbCzmeln3U\/UrXRiH5cjzI\/AAAAAAAAGTA\/jJvQWHhcfoU\/s1600\/IMG_2430.JPG","articleSection":["Dagens Kyrka","Teologi"],"inLanguage":"sv-SE","potentialAction":[{"@type":"CommentAction","name":"Comment","target":["https:\/\/blogg.svenskakyrkan.se\/vandravagen\/2013\/12\/21\/hur-lar-man-sig-det-religiosa-spraket-da\/#respond"]}]},{"@type":"WebPage","@id":"https:\/\/blogg.svenskakyrkan.se\/vandravagen\/2013\/12\/21\/hur-lar-man-sig-det-religiosa-spraket-da\/","url":"https:\/\/blogg.svenskakyrkan.se\/vandravagen\/2013\/12\/21\/hur-lar-man-sig-det-religiosa-spraket-da\/","name":"Hur l\u00e4r man sig det religi\u00f6sa spr\u00e5ket d\u00e5? - Vandra V\u00e4gen","isPartOf":{"@id":"https:\/\/blogg.svenskakyrkan.se\/vandravagen\/#website"},"primaryImageOfPage":{"@id":"https:\/\/blogg.svenskakyrkan.se\/vandravagen\/2013\/12\/21\/hur-lar-man-sig-det-religiosa-spraket-da\/#primaryimage"},"image":{"@id":"https:\/\/blogg.svenskakyrkan.se\/vandravagen\/2013\/12\/21\/hur-lar-man-sig-det-religiosa-spraket-da\/#primaryimage"},"thumbnailUrl":"http:\/\/2.bp.blogspot.com\/-FvbCzmeln3U\/UrXRiH5cjzI\/AAAAAAAAGTA\/jJvQWHhcfoU\/s1600\/IMG_2430.JPG","datePublished":"2013-12-21T18:37:00+00:00","breadcrumb":{"@id":"https:\/\/blogg.svenskakyrkan.se\/vandravagen\/2013\/12\/21\/hur-lar-man-sig-det-religiosa-spraket-da\/#breadcrumb"},"inLanguage":"sv-SE","potentialAction":[{"@type":"ReadAction","target":["https:\/\/blogg.svenskakyrkan.se\/vandravagen\/2013\/12\/21\/hur-lar-man-sig-det-religiosa-spraket-da\/"]}]},{"@type":"ImageObject","inLanguage":"sv-SE","@id":"https:\/\/blogg.svenskakyrkan.se\/vandravagen\/2013\/12\/21\/hur-lar-man-sig-det-religiosa-spraket-da\/#primaryimage","url":"http:\/\/2.bp.blogspot.com\/-FvbCzmeln3U\/UrXRiH5cjzI\/AAAAAAAAGTA\/jJvQWHhcfoU\/s1600\/IMG_2430.JPG","contentUrl":"http:\/\/2.bp.blogspot.com\/-FvbCzmeln3U\/UrXRiH5cjzI\/AAAAAAAAGTA\/jJvQWHhcfoU\/s1600\/IMG_2430.JPG"},{"@type":"BreadcrumbList","@id":"https:\/\/blogg.svenskakyrkan.se\/vandravagen\/2013\/12\/21\/hur-lar-man-sig-det-religiosa-spraket-da\/#breadcrumb","itemListElement":[{"@type":"ListItem","position":1,"name":"Hem","item":"https:\/\/blogg.svenskakyrkan.se\/vandravagen\/"},{"@type":"ListItem","position":2,"name":"Hur l\u00e4r man sig det religi\u00f6sa spr\u00e5ket d\u00e5?"}]},{"@type":"WebSite","@id":"https:\/\/blogg.svenskakyrkan.se\/vandravagen\/#website","url":"https:\/\/blogg.svenskakyrkan.se\/vandravagen\/","name":"Vandra V\u00e4gen","description":"-Mot en tro f\u00f6r hela livet","publisher":{"@id":"https:\/\/blogg.svenskakyrkan.se\/vandravagen\/#organization"},"potentialAction":[{"@type":"SearchAction","target":{"@type":"EntryPoint","urlTemplate":"https:\/\/blogg.svenskakyrkan.se\/vandravagen\/?s={search_term_string}"},"query-input":{"@type":"PropertyValueSpecification","valueRequired":true,"valueName":"search_term_string"}}],"inLanguage":"sv-SE"},{"@type":"Organization","@id":"https:\/\/blogg.svenskakyrkan.se\/vandravagen\/#organization","name":"ulricehamns pastorat","alternateName":"ulricehamns pastorat","url":"https:\/\/blogg.svenskakyrkan.se\/vandravagen\/","logo":{"@type":"ImageObject","inLanguage":"sv-SE","@id":"https:\/\/blogg.svenskakyrkan.se\/vandravagen\/#\/schema\/logo\/image\/","url":"https:\/\/blogg.svenskakyrkan.se\/vandravagen\/files\/2023\/05\/Ulr_logo_RGB.png","contentUrl":"https:\/\/blogg.svenskakyrkan.se\/vandravagen\/files\/2023\/05\/Ulr_logo_RGB.png","width":205,"height":77,"caption":"ulricehamns pastorat"},"image":{"@id":"https:\/\/blogg.svenskakyrkan.se\/vandravagen\/#\/schema\/logo\/image\/"},"sameAs":["http:\/\/facebook.com\/vandravagen","https:\/\/x.com\/fadertomas","http:\/\/www.facebook.com\/svenskakyrkaniulricehamn"]},{"@type":"Person","@id":"https:\/\/blogg.svenskakyrkan.se\/vandravagen\/#\/schema\/person\/25da02d4f76b137d04291711e2c9fc16","name":"Tomas Jarvid","image":{"@type":"ImageObject","inLanguage":"sv-SE","@id":"https:\/\/blogg.svenskakyrkan.se\/vandravagen\/#\/schema\/person\/image\/","url":"https:\/\/secure.gravatar.com\/avatar\/7fa71899795e8f540f615a1f5ab25255dc27aa40f05ee7ddd21aac521e01bf50?s=96&d=identicon&r=g","contentUrl":"https:\/\/secure.gravatar.com\/avatar\/7fa71899795e8f540f615a1f5ab25255dc27aa40f05ee7ddd21aac521e01bf50?s=96&d=identicon&r=g","caption":"Tomas Jarvid"},"description":"Jag bor i Ulricehamn i V\u00e4sterg\u00f6tland och \u00e4r f\u00f6rsamlingspr\u00e4st i Svenska Kyrkan f\u00f6r Dalstorps f\u00f6rsamling i Kinds pastorat. P\u00e5 den h\u00e4r bloggen skriver jag ner tankar om vandringen som kristen.","sameAs":["http:\/\/www.vandravagen.se"],"url":"https:\/\/blogg.svenskakyrkan.se\/vandravagen\/author\/vandravagen\/"}]}},"author_meta":{"ID":"392","user_nicename":"vandravagen","user_url":"http:\/\/www.vandravagen.se","user_registered":"2014-05-19 05:44:52","display_name":"Tomas Jarvid","first_name":"Tomas","last_name":"Jarvid","avatar":"https:\/\/secure.gravatar.com\/avatar\/7fa71899795e8f540f615a1f5ab25255dc27aa40f05ee7ddd21aac521e01bf50?s=96&d=identicon&r=g"},"featured_image":false,"bloginfo":{"name":"Vandra V\u00e4gen","url":"https:\/\/blogg.svenskakyrkan.se\/vandravagen"},"_links":{"self":[{"href":"https:\/\/blogg.svenskakyrkan.se\/vandravagen\/wp-json\/wp\/v2\/posts\/235","targetHints":{"allow":["GET"]}}],"collection":[{"href":"https:\/\/blogg.svenskakyrkan.se\/vandravagen\/wp-json\/wp\/v2\/posts"}],"about":[{"href":"https:\/\/blogg.svenskakyrkan.se\/vandravagen\/wp-json\/wp\/v2\/types\/post"}],"author":[{"embeddable":true,"href":"https:\/\/blogg.svenskakyrkan.se\/vandravagen\/wp-json\/wp\/v2\/users\/392"}],"replies":[{"embeddable":true,"href":"https:\/\/blogg.svenskakyrkan.se\/vandravagen\/wp-json\/wp\/v2\/comments?post=235"}],"version-history":[{"count":0,"href":"https:\/\/blogg.svenskakyrkan.se\/vandravagen\/wp-json\/wp\/v2\/posts\/235\/revisions"}],"wp:attachment":[{"href":"https:\/\/blogg.svenskakyrkan.se\/vandravagen\/wp-json\/wp\/v2\/media?parent=235"}],"wp:term":[{"taxonomy":"category","embeddable":true,"href":"https:\/\/blogg.svenskakyrkan.se\/vandravagen\/wp-json\/wp\/v2\/categories?post=235"},{"taxonomy":"post_tag","embeddable":true,"href":"https:\/\/blogg.svenskakyrkan.se\/vandravagen\/wp-json\/wp\/v2\/tags?post=235"}],"curies":[{"name":"wp","href":"https:\/\/api.w.org\/{rel}","templated":true}]}}