{"id":236,"date":"2013-12-21T08:00:00","date_gmt":"2013-12-21T07:00:00","guid":{"rendered":"http:\/\/blogg.svenskakyrkan.se\/vandravagen\/2013\/12\/21\/glad-tomasdag\/"},"modified":"2013-12-21T08:00:00","modified_gmt":"2013-12-21T07:00:00","slug":"glad-tomasdag","status":"publish","type":"post","link":"https:\/\/blogg.svenskakyrkan.se\/vandravagen\/2013\/12\/21\/glad-tomasdag\/","title":{"rendered":"Glad Tomasdag!"},"content":{"rendered":"<table align=\"center\" cellpadding=\"0\" cellspacing=\"0\">\n<tbody>\n<tr>\n<td><a href=\"http:\/\/1.bp.blogspot.com\/-sqCaW2itiho\/UrSqNwfXLiI\/AAAAAAAAGSw\/Jm4LGo0FSTE\/s1600\/IMG_2750.JPG\"><img loading=\"lazy\" decoding=\"async\" border=\"0\" src=\"http:\/\/1.bp.blogspot.com\/-sqCaW2itiho\/UrSqNwfXLiI\/AAAAAAAAGSw\/Jm4LGo0FSTE\/s1600\/IMG_2750.JPG\" height=\"640\" width=\"460\"><\/a><\/td>\n<\/tr>\n<tr>\n<td>Lycka \u00e4r att f\u00e5 ett par nya skor! H\u00e4r inte p\u00e5 namnsdagen men d\u00e4remot mitt under andra v\u00e4rldskriget!<\/td>\n<\/tr>\n<\/tbody>\n<\/table>\n<p>Idag \u00e4r det Tomasdagen, min namnsdag. V\u00e4rt att fira till exempel med en mindre eller st\u00f6rre present om du har v\u00e4garna f\u00f6rbi och k\u00f6pt f\u00f6r m\u00e5nga julklappar.<\/p>\n<p>Jag minns det som att n\u00e4r jag var barn slutade alltid (kan ju inte st\u00e4mma) skolan den 21a och d\u00e5 gick jag till farmor efter\u00e5t och fick fika och present. P\u00e5 n\u00e5got s\u00e4tt har den 21a kvar en hel del av sin laddning f\u00f6r mig.<\/p>\n<p>Det har h\u00e4nt en del sedan dess. Om inte konfirmanderna \u00f6verraskar (hint hint) s\u00e5 blir det v\u00e4l ingen present och bes\u00f6ken hos farmor efter skolan h\u00f6r till det f\u00f6rg\u00e5ngna. Saker \u00e4ndras.<\/p>\n<p>I dagarna har jag ocks\u00e5 t\u00e4nkt en del p\u00e5 att julen f\u00f6r\u00e4ndrats mycket f\u00f6r mig. Kyrkjulen blir viktigare och viktigare \u00e5r fr\u00e5n \u00e5r och budskapet om Guds m\u00e4nniskoblivande smyger sig in i var och varannan predikan under \u00e5ret ocks\u00e5. Jag talar framf\u00f6rallt om det p\u00e5 begravningar. Det kan man tycka \u00e4r lustigt men julens budskap \u00e4r garanten f\u00f6r att Gud vet hur k\u00e4mpigt det \u00e4r att vara m\u00e4nniska.<\/p>\n<p>Mycket av det andra kan kvittta n\u00e4r det g\u00e4ller julen, det kan l\u00e4tt k\u00e4nnas som f\u00f6r mycket. Eller som att det g\u00f6r det sv\u00e5rt att se det stora som ligger i botten?<\/p>\n<p>Hur det \u00e4n \u00e4r med det f\u00f6r dig och mig s\u00e5 ska det bli fint med jul. N\u00e4r v\u00e4l granen \u00e4r t\u00e4nd och tomtarna p\u00e5 plats \u00e4r jag allt r\u00e4tt glad \u00f6ver det ocks\u00e5&#8230;<\/p>\n","protected":false},"excerpt":{"rendered":"<p>Lycka \u00e4r att f\u00e5 ett par nya skor! H\u00e4r inte p\u00e5 namnsdagen men d\u00e4remot mitt under andra v\u00e4rldskriget! Idag \u00e4r det Tomasdagen, min namnsdag. V\u00e4rt att fira till exempel med en mindre eller st\u00f6rre present om du har v\u00e4garna f\u00f6rbi och k\u00f6pt f\u00f6r m\u00e5nga julklappar. Jag minns det som att n\u00e4r jag var barn slutade [&hellip;]<\/p>\n","protected":false},"author":392,"featured_media":0,"comment_status":"open","ping_status":"open","sticky":false,"template":"","format":"standard","meta":{"_acf_changed":false,"footnotes":""},"categories":[76766,8252],"tags":[],"class_list":["post-236","post","type-post","status-publish","format-standard","hentry","category-blandat","category-kyrkoaret"],"acf":[],"yoast_head":"<!-- This site is optimized with the Yoast SEO plugin v27.1.1 - https:\/\/yoast.com\/product\/yoast-seo-wordpress\/ -->\n<title>Glad Tomasdag! - Vandra V\u00e4gen<\/title>\n<meta name=\"robots\" content=\"index, follow, max-snippet:-1, max-image-preview:large, max-video-preview:-1\" \/>\n<link rel=\"canonical\" href=\"https:\/\/blogg.svenskakyrkan.se\/vandravagen\/2013\/12\/21\/glad-tomasdag\/\" \/>\n<meta property=\"og:locale\" content=\"sv_SE\" \/>\n<meta property=\"og:type\" content=\"article\" \/>\n<meta property=\"og:title\" content=\"Glad Tomasdag! - Vandra V\u00e4gen\" \/>\n<meta property=\"og:description\" content=\"Lycka \u00e4r att f\u00e5 ett par nya skor! H\u00e4r inte p\u00e5 namnsdagen men d\u00e4remot mitt under andra v\u00e4rldskriget! Idag \u00e4r det Tomasdagen, min namnsdag. V\u00e4rt att fira till exempel med en mindre eller st\u00f6rre present om du har v\u00e4garna f\u00f6rbi och k\u00f6pt f\u00f6r m\u00e5nga julklappar. Jag minns det som att n\u00e4r jag var barn slutade [&hellip;]\" \/>\n<meta property=\"og:url\" content=\"https:\/\/blogg.svenskakyrkan.se\/vandravagen\/2013\/12\/21\/glad-tomasdag\/\" \/>\n<meta property=\"og:site_name\" content=\"Vandra V\u00e4gen\" \/>\n<meta property=\"article:publisher\" content=\"http:\/\/facebook.com\/vandravagen\" \/>\n<meta property=\"article:published_time\" content=\"2013-12-21T07:00:00+00:00\" \/>\n<meta property=\"og:image\" content=\"http:\/\/1.bp.blogspot.com\/-sqCaW2itiho\/UrSqNwfXLiI\/AAAAAAAAGSw\/Jm4LGo0FSTE\/s1600\/IMG_2750.JPG\" \/>\n<meta name=\"author\" content=\"Tomas Jarvid\" \/>\n<meta name=\"twitter:card\" content=\"summary_large_image\" \/>\n<meta name=\"twitter:creator\" content=\"@fadertomas\" \/>\n<meta name=\"twitter:site\" content=\"@fadertomas\" \/>\n<meta name=\"twitter:label1\" content=\"Skriven av\" \/>\n\t<meta name=\"twitter:data1\" content=\"Tomas Jarvid\" \/>\n\t<meta name=\"twitter:label2\" content=\"Ber\u00e4knad l\u00e4stid\" \/>\n\t<meta name=\"twitter:data2\" content=\"1 minut\" \/>\n<script type=\"application\/ld+json\" class=\"yoast-schema-graph\">{\"@context\":\"https:\/\/schema.org\",\"@graph\":[{\"@type\":\"Article\",\"@id\":\"https:\/\/blogg.svenskakyrkan.se\/vandravagen\/2013\/12\/21\/glad-tomasdag\/#article\",\"isPartOf\":{\"@id\":\"https:\/\/blogg.svenskakyrkan.se\/vandravagen\/2013\/12\/21\/glad-tomasdag\/\"},\"author\":{\"name\":\"Tomas Jarvid\",\"@id\":\"https:\/\/blogg.svenskakyrkan.se\/vandravagen\/#\/schema\/person\/25da02d4f76b137d04291711e2c9fc16\"},\"headline\":\"Glad Tomasdag!\",\"datePublished\":\"2013-12-21T07:00:00+00:00\",\"mainEntityOfPage\":{\"@id\":\"https:\/\/blogg.svenskakyrkan.se\/vandravagen\/2013\/12\/21\/glad-tomasdag\/\"},\"wordCount\":301,\"commentCount\":1,\"publisher\":{\"@id\":\"https:\/\/blogg.svenskakyrkan.se\/vandravagen\/#organization\"},\"image\":{\"@id\":\"https:\/\/blogg.svenskakyrkan.se\/vandravagen\/2013\/12\/21\/glad-tomasdag\/#primaryimage\"},\"thumbnailUrl\":\"http:\/\/1.bp.blogspot.com\/-sqCaW2itiho\/UrSqNwfXLiI\/AAAAAAAAGSw\/Jm4LGo0FSTE\/s1600\/IMG_2750.JPG\",\"articleSection\":[\"blandat\",\"kyrko\u00e5ret\"],\"inLanguage\":\"sv-SE\",\"potentialAction\":[{\"@type\":\"CommentAction\",\"name\":\"Comment\",\"target\":[\"https:\/\/blogg.svenskakyrkan.se\/vandravagen\/2013\/12\/21\/glad-tomasdag\/#respond\"]}]},{\"@type\":\"WebPage\",\"@id\":\"https:\/\/blogg.svenskakyrkan.se\/vandravagen\/2013\/12\/21\/glad-tomasdag\/\",\"url\":\"https:\/\/blogg.svenskakyrkan.se\/vandravagen\/2013\/12\/21\/glad-tomasdag\/\",\"name\":\"Glad Tomasdag! - Vandra V\u00e4gen\",\"isPartOf\":{\"@id\":\"https:\/\/blogg.svenskakyrkan.se\/vandravagen\/#website\"},\"primaryImageOfPage\":{\"@id\":\"https:\/\/blogg.svenskakyrkan.se\/vandravagen\/2013\/12\/21\/glad-tomasdag\/#primaryimage\"},\"image\":{\"@id\":\"https:\/\/blogg.svenskakyrkan.se\/vandravagen\/2013\/12\/21\/glad-tomasdag\/#primaryimage\"},\"thumbnailUrl\":\"http:\/\/1.bp.blogspot.com\/-sqCaW2itiho\/UrSqNwfXLiI\/AAAAAAAAGSw\/Jm4LGo0FSTE\/s1600\/IMG_2750.JPG\",\"datePublished\":\"2013-12-21T07:00:00+00:00\",\"breadcrumb\":{\"@id\":\"https:\/\/blogg.svenskakyrkan.se\/vandravagen\/2013\/12\/21\/glad-tomasdag\/#breadcrumb\"},\"inLanguage\":\"sv-SE\",\"potentialAction\":[{\"@type\":\"ReadAction\",\"target\":[\"https:\/\/blogg.svenskakyrkan.se\/vandravagen\/2013\/12\/21\/glad-tomasdag\/\"]}]},{\"@type\":\"ImageObject\",\"inLanguage\":\"sv-SE\",\"@id\":\"https:\/\/blogg.svenskakyrkan.se\/vandravagen\/2013\/12\/21\/glad-tomasdag\/#primaryimage\",\"url\":\"http:\/\/1.bp.blogspot.com\/-sqCaW2itiho\/UrSqNwfXLiI\/AAAAAAAAGSw\/Jm4LGo0FSTE\/s1600\/IMG_2750.JPG\",\"contentUrl\":\"http:\/\/1.bp.blogspot.com\/-sqCaW2itiho\/UrSqNwfXLiI\/AAAAAAAAGSw\/Jm4LGo0FSTE\/s1600\/IMG_2750.JPG\"},{\"@type\":\"BreadcrumbList\",\"@id\":\"https:\/\/blogg.svenskakyrkan.se\/vandravagen\/2013\/12\/21\/glad-tomasdag\/#breadcrumb\",\"itemListElement\":[{\"@type\":\"ListItem\",\"position\":1,\"name\":\"Hem\",\"item\":\"https:\/\/blogg.svenskakyrkan.se\/vandravagen\/\"},{\"@type\":\"ListItem\",\"position\":2,\"name\":\"Glad Tomasdag!\"}]},{\"@type\":\"WebSite\",\"@id\":\"https:\/\/blogg.svenskakyrkan.se\/vandravagen\/#website\",\"url\":\"https:\/\/blogg.svenskakyrkan.se\/vandravagen\/\",\"name\":\"Vandra V\u00e4gen\",\"description\":\"-Mot en tro f\u00f6r hela livet\",\"publisher\":{\"@id\":\"https:\/\/blogg.svenskakyrkan.se\/vandravagen\/#organization\"},\"potentialAction\":[{\"@type\":\"SearchAction\",\"target\":{\"@type\":\"EntryPoint\",\"urlTemplate\":\"https:\/\/blogg.svenskakyrkan.se\/vandravagen\/?s={search_term_string}\"},\"query-input\":{\"@type\":\"PropertyValueSpecification\",\"valueRequired\":true,\"valueName\":\"search_term_string\"}}],\"inLanguage\":\"sv-SE\"},{\"@type\":\"Organization\",\"@id\":\"https:\/\/blogg.svenskakyrkan.se\/vandravagen\/#organization\",\"name\":\"ulricehamns pastorat\",\"alternateName\":\"ulricehamns pastorat\",\"url\":\"https:\/\/blogg.svenskakyrkan.se\/vandravagen\/\",\"logo\":{\"@type\":\"ImageObject\",\"inLanguage\":\"sv-SE\",\"@id\":\"https:\/\/blogg.svenskakyrkan.se\/vandravagen\/#\/schema\/logo\/image\/\",\"url\":\"https:\/\/blogg.svenskakyrkan.se\/vandravagen\/files\/2023\/05\/Ulr_logo_RGB.png\",\"contentUrl\":\"https:\/\/blogg.svenskakyrkan.se\/vandravagen\/files\/2023\/05\/Ulr_logo_RGB.png\",\"width\":205,\"height\":77,\"caption\":\"ulricehamns pastorat\"},\"image\":{\"@id\":\"https:\/\/blogg.svenskakyrkan.se\/vandravagen\/#\/schema\/logo\/image\/\"},\"sameAs\":[\"http:\/\/facebook.com\/vandravagen\",\"https:\/\/x.com\/fadertomas\",\"http:\/\/www.facebook.com\/svenskakyrkaniulricehamn\"]},{\"@type\":\"Person\",\"@id\":\"https:\/\/blogg.svenskakyrkan.se\/vandravagen\/#\/schema\/person\/25da02d4f76b137d04291711e2c9fc16\",\"name\":\"Tomas Jarvid\",\"image\":{\"@type\":\"ImageObject\",\"inLanguage\":\"sv-SE\",\"@id\":\"https:\/\/blogg.svenskakyrkan.se\/vandravagen\/#\/schema\/person\/image\/\",\"url\":\"https:\/\/secure.gravatar.com\/avatar\/7fa71899795e8f540f615a1f5ab25255dc27aa40f05ee7ddd21aac521e01bf50?s=96&d=identicon&r=g\",\"contentUrl\":\"https:\/\/secure.gravatar.com\/avatar\/7fa71899795e8f540f615a1f5ab25255dc27aa40f05ee7ddd21aac521e01bf50?s=96&d=identicon&r=g\",\"caption\":\"Tomas Jarvid\"},\"description\":\"Jag bor i Ulricehamn i V\u00e4sterg\u00f6tland och \u00e4r f\u00f6rsamlingspr\u00e4st i Svenska Kyrkan f\u00f6r Dalstorps f\u00f6rsamling i Kinds pastorat. P\u00e5 den h\u00e4r bloggen skriver jag ner tankar om vandringen som kristen.\",\"sameAs\":[\"http:\/\/www.vandravagen.se\"],\"url\":\"https:\/\/blogg.svenskakyrkan.se\/vandravagen\/author\/vandravagen\/\"}]}<\/script>\n<!-- \/ Yoast SEO plugin. -->","yoast_head_json":{"title":"Glad Tomasdag! - Vandra V\u00e4gen","robots":{"index":"index","follow":"follow","max-snippet":"max-snippet:-1","max-image-preview":"max-image-preview:large","max-video-preview":"max-video-preview:-1"},"canonical":"https:\/\/blogg.svenskakyrkan.se\/vandravagen\/2013\/12\/21\/glad-tomasdag\/","og_locale":"sv_SE","og_type":"article","og_title":"Glad Tomasdag! - Vandra V\u00e4gen","og_description":"Lycka \u00e4r att f\u00e5 ett par nya skor! H\u00e4r inte p\u00e5 namnsdagen men d\u00e4remot mitt under andra v\u00e4rldskriget! Idag \u00e4r det Tomasdagen, min namnsdag. V\u00e4rt att fira till exempel med en mindre eller st\u00f6rre present om du har v\u00e4garna f\u00f6rbi och k\u00f6pt f\u00f6r m\u00e5nga julklappar. Jag minns det som att n\u00e4r jag var barn slutade [&hellip;]","og_url":"https:\/\/blogg.svenskakyrkan.se\/vandravagen\/2013\/12\/21\/glad-tomasdag\/","og_site_name":"Vandra V\u00e4gen","article_publisher":"http:\/\/facebook.com\/vandravagen","article_published_time":"2013-12-21T07:00:00+00:00","og_image":[{"url":"http:\/\/1.bp.blogspot.com\/-sqCaW2itiho\/UrSqNwfXLiI\/AAAAAAAAGSw\/Jm4LGo0FSTE\/s1600\/IMG_2750.JPG","type":"","width":"","height":""}],"author":"Tomas Jarvid","twitter_card":"summary_large_image","twitter_creator":"@fadertomas","twitter_site":"@fadertomas","twitter_misc":{"Skriven av":"Tomas Jarvid","Ber\u00e4knad l\u00e4stid":"1 minut"},"schema":{"@context":"https:\/\/schema.org","@graph":[{"@type":"Article","@id":"https:\/\/blogg.svenskakyrkan.se\/vandravagen\/2013\/12\/21\/glad-tomasdag\/#article","isPartOf":{"@id":"https:\/\/blogg.svenskakyrkan.se\/vandravagen\/2013\/12\/21\/glad-tomasdag\/"},"author":{"name":"Tomas Jarvid","@id":"https:\/\/blogg.svenskakyrkan.se\/vandravagen\/#\/schema\/person\/25da02d4f76b137d04291711e2c9fc16"},"headline":"Glad Tomasdag!","datePublished":"2013-12-21T07:00:00+00:00","mainEntityOfPage":{"@id":"https:\/\/blogg.svenskakyrkan.se\/vandravagen\/2013\/12\/21\/glad-tomasdag\/"},"wordCount":301,"commentCount":1,"publisher":{"@id":"https:\/\/blogg.svenskakyrkan.se\/vandravagen\/#organization"},"image":{"@id":"https:\/\/blogg.svenskakyrkan.se\/vandravagen\/2013\/12\/21\/glad-tomasdag\/#primaryimage"},"thumbnailUrl":"http:\/\/1.bp.blogspot.com\/-sqCaW2itiho\/UrSqNwfXLiI\/AAAAAAAAGSw\/Jm4LGo0FSTE\/s1600\/IMG_2750.JPG","articleSection":["blandat","kyrko\u00e5ret"],"inLanguage":"sv-SE","potentialAction":[{"@type":"CommentAction","name":"Comment","target":["https:\/\/blogg.svenskakyrkan.se\/vandravagen\/2013\/12\/21\/glad-tomasdag\/#respond"]}]},{"@type":"WebPage","@id":"https:\/\/blogg.svenskakyrkan.se\/vandravagen\/2013\/12\/21\/glad-tomasdag\/","url":"https:\/\/blogg.svenskakyrkan.se\/vandravagen\/2013\/12\/21\/glad-tomasdag\/","name":"Glad Tomasdag! - Vandra V\u00e4gen","isPartOf":{"@id":"https:\/\/blogg.svenskakyrkan.se\/vandravagen\/#website"},"primaryImageOfPage":{"@id":"https:\/\/blogg.svenskakyrkan.se\/vandravagen\/2013\/12\/21\/glad-tomasdag\/#primaryimage"},"image":{"@id":"https:\/\/blogg.svenskakyrkan.se\/vandravagen\/2013\/12\/21\/glad-tomasdag\/#primaryimage"},"thumbnailUrl":"http:\/\/1.bp.blogspot.com\/-sqCaW2itiho\/UrSqNwfXLiI\/AAAAAAAAGSw\/Jm4LGo0FSTE\/s1600\/IMG_2750.JPG","datePublished":"2013-12-21T07:00:00+00:00","breadcrumb":{"@id":"https:\/\/blogg.svenskakyrkan.se\/vandravagen\/2013\/12\/21\/glad-tomasdag\/#breadcrumb"},"inLanguage":"sv-SE","potentialAction":[{"@type":"ReadAction","target":["https:\/\/blogg.svenskakyrkan.se\/vandravagen\/2013\/12\/21\/glad-tomasdag\/"]}]},{"@type":"ImageObject","inLanguage":"sv-SE","@id":"https:\/\/blogg.svenskakyrkan.se\/vandravagen\/2013\/12\/21\/glad-tomasdag\/#primaryimage","url":"http:\/\/1.bp.blogspot.com\/-sqCaW2itiho\/UrSqNwfXLiI\/AAAAAAAAGSw\/Jm4LGo0FSTE\/s1600\/IMG_2750.JPG","contentUrl":"http:\/\/1.bp.blogspot.com\/-sqCaW2itiho\/UrSqNwfXLiI\/AAAAAAAAGSw\/Jm4LGo0FSTE\/s1600\/IMG_2750.JPG"},{"@type":"BreadcrumbList","@id":"https:\/\/blogg.svenskakyrkan.se\/vandravagen\/2013\/12\/21\/glad-tomasdag\/#breadcrumb","itemListElement":[{"@type":"ListItem","position":1,"name":"Hem","item":"https:\/\/blogg.svenskakyrkan.se\/vandravagen\/"},{"@type":"ListItem","position":2,"name":"Glad Tomasdag!"}]},{"@type":"WebSite","@id":"https:\/\/blogg.svenskakyrkan.se\/vandravagen\/#website","url":"https:\/\/blogg.svenskakyrkan.se\/vandravagen\/","name":"Vandra V\u00e4gen","description":"-Mot en tro f\u00f6r hela livet","publisher":{"@id":"https:\/\/blogg.svenskakyrkan.se\/vandravagen\/#organization"},"potentialAction":[{"@type":"SearchAction","target":{"@type":"EntryPoint","urlTemplate":"https:\/\/blogg.svenskakyrkan.se\/vandravagen\/?s={search_term_string}"},"query-input":{"@type":"PropertyValueSpecification","valueRequired":true,"valueName":"search_term_string"}}],"inLanguage":"sv-SE"},{"@type":"Organization","@id":"https:\/\/blogg.svenskakyrkan.se\/vandravagen\/#organization","name":"ulricehamns pastorat","alternateName":"ulricehamns pastorat","url":"https:\/\/blogg.svenskakyrkan.se\/vandravagen\/","logo":{"@type":"ImageObject","inLanguage":"sv-SE","@id":"https:\/\/blogg.svenskakyrkan.se\/vandravagen\/#\/schema\/logo\/image\/","url":"https:\/\/blogg.svenskakyrkan.se\/vandravagen\/files\/2023\/05\/Ulr_logo_RGB.png","contentUrl":"https:\/\/blogg.svenskakyrkan.se\/vandravagen\/files\/2023\/05\/Ulr_logo_RGB.png","width":205,"height":77,"caption":"ulricehamns pastorat"},"image":{"@id":"https:\/\/blogg.svenskakyrkan.se\/vandravagen\/#\/schema\/logo\/image\/"},"sameAs":["http:\/\/facebook.com\/vandravagen","https:\/\/x.com\/fadertomas","http:\/\/www.facebook.com\/svenskakyrkaniulricehamn"]},{"@type":"Person","@id":"https:\/\/blogg.svenskakyrkan.se\/vandravagen\/#\/schema\/person\/25da02d4f76b137d04291711e2c9fc16","name":"Tomas Jarvid","image":{"@type":"ImageObject","inLanguage":"sv-SE","@id":"https:\/\/blogg.svenskakyrkan.se\/vandravagen\/#\/schema\/person\/image\/","url":"https:\/\/secure.gravatar.com\/avatar\/7fa71899795e8f540f615a1f5ab25255dc27aa40f05ee7ddd21aac521e01bf50?s=96&d=identicon&r=g","contentUrl":"https:\/\/secure.gravatar.com\/avatar\/7fa71899795e8f540f615a1f5ab25255dc27aa40f05ee7ddd21aac521e01bf50?s=96&d=identicon&r=g","caption":"Tomas Jarvid"},"description":"Jag bor i Ulricehamn i V\u00e4sterg\u00f6tland och \u00e4r f\u00f6rsamlingspr\u00e4st i Svenska Kyrkan f\u00f6r Dalstorps f\u00f6rsamling i Kinds pastorat. P\u00e5 den h\u00e4r bloggen skriver jag ner tankar om vandringen som kristen.","sameAs":["http:\/\/www.vandravagen.se"],"url":"https:\/\/blogg.svenskakyrkan.se\/vandravagen\/author\/vandravagen\/"}]}},"author_meta":{"ID":"392","user_nicename":"vandravagen","user_url":"http:\/\/www.vandravagen.se","user_registered":"2014-05-19 05:44:52","display_name":"Tomas Jarvid","first_name":"Tomas","last_name":"Jarvid","avatar":"https:\/\/secure.gravatar.com\/avatar\/7fa71899795e8f540f615a1f5ab25255dc27aa40f05ee7ddd21aac521e01bf50?s=96&d=identicon&r=g"},"featured_image":false,"bloginfo":{"name":"Vandra V\u00e4gen","url":"https:\/\/blogg.svenskakyrkan.se\/vandravagen"},"_links":{"self":[{"href":"https:\/\/blogg.svenskakyrkan.se\/vandravagen\/wp-json\/wp\/v2\/posts\/236","targetHints":{"allow":["GET"]}}],"collection":[{"href":"https:\/\/blogg.svenskakyrkan.se\/vandravagen\/wp-json\/wp\/v2\/posts"}],"about":[{"href":"https:\/\/blogg.svenskakyrkan.se\/vandravagen\/wp-json\/wp\/v2\/types\/post"}],"author":[{"embeddable":true,"href":"https:\/\/blogg.svenskakyrkan.se\/vandravagen\/wp-json\/wp\/v2\/users\/392"}],"replies":[{"embeddable":true,"href":"https:\/\/blogg.svenskakyrkan.se\/vandravagen\/wp-json\/wp\/v2\/comments?post=236"}],"version-history":[{"count":0,"href":"https:\/\/blogg.svenskakyrkan.se\/vandravagen\/wp-json\/wp\/v2\/posts\/236\/revisions"}],"wp:attachment":[{"href":"https:\/\/blogg.svenskakyrkan.se\/vandravagen\/wp-json\/wp\/v2\/media?parent=236"}],"wp:term":[{"taxonomy":"category","embeddable":true,"href":"https:\/\/blogg.svenskakyrkan.se\/vandravagen\/wp-json\/wp\/v2\/categories?post=236"},{"taxonomy":"post_tag","embeddable":true,"href":"https:\/\/blogg.svenskakyrkan.se\/vandravagen\/wp-json\/wp\/v2\/tags?post=236"}],"curies":[{"name":"wp","href":"https:\/\/api.w.org\/{rel}","templated":true}]}}