{"id":237,"date":"2013-12-20T18:12:00","date_gmt":"2013-12-20T17:12:00","guid":{"rendered":"http:\/\/blogg.svenskakyrkan.se\/vandravagen\/2013\/12\/20\/det-fantastiska-med-det-religiosa-spraket\/"},"modified":"2013-12-20T18:12:00","modified_gmt":"2013-12-20T17:12:00","slug":"det-fantastiska-med-det-religiosa-spraket","status":"publish","type":"post","link":"https:\/\/blogg.svenskakyrkan.se\/vandravagen\/2013\/12\/20\/det-fantastiska-med-det-religiosa-spraket\/","title":{"rendered":"Det FANTASTISKA med det religi\u00f6sa spr\u00e5ket"},"content":{"rendered":"<table align=\"center\" cellpadding=\"0\" cellspacing=\"0\">\n<tbody>\n<tr>\n<td><a href=\"http:\/\/1.bp.blogspot.com\/-DgVjfaMifpI\/UrRqhJbxlqI\/AAAAAAAAGSg\/xtn2x8xw-RA\/s1600\/IMG_2442.JPG\"><img loading=\"lazy\" decoding=\"async\" border=\"0\" src=\"http:\/\/1.bp.blogspot.com\/-DgVjfaMifpI\/UrRqhJbxlqI\/AAAAAAAAGSg\/xtn2x8xw-RA\/s1600\/IMG_2442.JPG\" height=\"640\" width=\"534\"><\/a><\/td>\n<\/tr>\n<tr>\n<td>Det kan vara sv\u00e5rt att l\u00e4ra sig spr\u00e5ket!<\/td>\n<\/tr>\n<\/tbody>\n<\/table>\n<p>Det religi\u00f6sa spr\u00e5ket beskrivs ofta som n\u00e5got som \u00e4r mest \u00e4r till besv\u00e4r. De traditionella orden kring den kristna tron \u00e4r ovana f\u00f6r m\u00e5nga och m\u00e5nga har sv\u00e5rt att f\u00e5 ihop dem med sina erfarenheter av det gudomliga. S\u00e5 s\u00e4gs det och jag tror s\u00e4kert det ligger en hel del i det. Men idag t\u00e4nker jag h\u00e4vda motsatsen ist\u00e4llet. Det \u00e4r viktigt, fantastiskt och underbart att kunna anv\u00e4nda det religi\u00f6sa spr\u00e5kbruket! Det \u00e4r klart att det s\u00e4gs mycket dumt och att kommunikation m\u00e5nga g\u00e5nger klickar men i grund och botten \u00e4r det viktigt att ha ett fungerande spr\u00e5k f\u00f6r sina erfarenheter!<\/p>\n<p>Inspirationen till den h\u00e4r bloggposten kom n\u00e4r jag h\u00f6rde Maria K\u00fcchen p\u00e5 Teologiska rummet i P1. Hon har kommit till tro i vuxen \u00e5lder, enligt sig sj\u00e4lv hade hon varit n\u00e5gon slags agnostiker innan (agnostiker menar att vi inte kan veta om det finns en Gud eller inte). Hon visste egentligen inte riktigt vad hon trodde och i det, menade hon, var hon nog som folk \u00e4r mest nu f\u00f6r tiden.<\/p>\n<p>N\u00e4r K\u00fcchen kom till tro blev hon oerh\u00f6rt glad \u00f6ver dogmerna, att det fanns folk som hade reflekterat kring och uttryckt den kristna erfarenheten s\u00e5 att det inte f\u00f6ll p\u00e5 varje enskild. Den kristna tron bygger ju inte p\u00e5 egna k\u00e4nslor utan p\u00e5 h\u00e4ndelser i historien. Om dem kan man fundera filosofiskt och teologiskt och v\u00e4xa i tron.<\/p>\n<p>N\u00e4r jag h\u00f6rde det t\u00e4nkte jag p\u00e5 n\u00e5got jag h\u00f6rt. N\u00e5gonstans h\u00f6rde jag om n\u00e5gra analfabetiska invandrarkvinnor som kom till Sverige. I samband med att de l\u00e4rde sig svenska l\u00e4rde de sig ocks\u00e5 att l\u00e4sa och skriva och det fascinerande var att i samband med det l\u00e4rde de sig ocks\u00e5 att t\u00e4nka mycket klarare! De fick en b\u00e4ttre relation till spr\u00e5ket kan man s\u00e4ga.<\/p>\n<p>Bland m\u00e5nga andra saker som \u00e4r bra med spr\u00e5k \u00e4r att de ocks\u00e5 hj\u00e4lper oss att t\u00e4nka. V\u00e4ldigt m\u00e5nga svenskar saknar ett spr\u00e5k och begrepp f\u00f6r religi\u00f6sa erfarenheter (som de flesta utan tvekan upplever) och det g\u00f6r att man har sv\u00e5rt att klarg\u00f6ra f\u00f6r sig sj\u00e4lv och andra vad man t\u00e4nker\/k\u00e4nner\/erfar.<\/p>\n<p>I brist p\u00e5 ett genuint religi\u00f6st spr\u00e5k och spr\u00e5k f\u00f6r de djupare v\u00e4rdena i livet (som man f\u00f6rst\u00e5s ocks\u00e5 uttrycker inom litteratur och annan konst) verkar det dessutom vara s\u00e5 att marknadens spr\u00e5k och logik f\u00e5r allt st\u00f6rre plats. Det talas om varum\u00e4rken, investerad tid, &#8221;whats in it for me?&#8221; och m\u00e5nga relationer pr\u00e4glas alltf\u00f6r mycket av en konsumentaktig inst\u00e4llning.<\/p>\n<p>Det religi\u00f6sa spr\u00e5ket \u00e4r allts\u00e5 i grund och botten n\u00e5got v\u00e4ldigt positivt som det ligger i v\u00e5rt intresse att f\u00f6rdjupa oss i. Det g\u00e4ller str\u00e4ngt taget \u00f6verlevnaden b\u00e5de f\u00f6r v\u00e5r sj\u00e4l och f\u00f6r planeten.<\/p>\n<p>Vad t\u00e4nker du om religi\u00f6st spr\u00e5kbruk?<\/p>\n<p><b>UPPDATERING<\/b><br \/>Pr\u00e4sten Johan Danz har svarat p\u00e5 den h\u00e4r bloggposten med n\u00e5gra tankar <a href=\"http:\/\/johandanz.se\/reclaiming-theologi-tankar-utifran-vandra-vagen\/\">om varifr\u00e5n man l\u00e4r sig ett trons spr\u00e5k<\/a>, check it out.<\/p>\n","protected":false},"excerpt":{"rendered":"<p>Det kan vara sv\u00e5rt att l\u00e4ra sig spr\u00e5ket! Det religi\u00f6sa spr\u00e5ket beskrivs ofta som n\u00e5got som \u00e4r mest \u00e4r till besv\u00e4r. De traditionella orden kring den kristna tron \u00e4r ovana f\u00f6r m\u00e5nga och m\u00e5nga har sv\u00e5rt att f\u00e5 ihop dem med sina erfarenheter av det gudomliga. S\u00e5 s\u00e4gs det och jag tror s\u00e4kert det ligger [&hellip;]<\/p>\n","protected":false},"author":392,"featured_media":0,"comment_status":"open","ping_status":"open","sticky":false,"template":"","format":"standard","meta":{"_acf_changed":false,"footnotes":""},"categories":[76189,117],"tags":[],"class_list":["post-237","post","type-post","status-publish","format-standard","hentry","category-dagens-kyrka","category-teologi"],"acf":[],"yoast_head":"<!-- This site is optimized with the Yoast SEO plugin v27.1.1 - https:\/\/yoast.com\/product\/yoast-seo-wordpress\/ -->\n<title>Det FANTASTISKA med det religi\u00f6sa spr\u00e5ket - Vandra V\u00e4gen<\/title>\n<meta name=\"robots\" content=\"index, follow, max-snippet:-1, max-image-preview:large, max-video-preview:-1\" \/>\n<link rel=\"canonical\" href=\"https:\/\/blogg.svenskakyrkan.se\/vandravagen\/2013\/12\/20\/det-fantastiska-med-det-religiosa-spraket\/\" \/>\n<meta property=\"og:locale\" content=\"sv_SE\" \/>\n<meta property=\"og:type\" content=\"article\" \/>\n<meta property=\"og:title\" content=\"Det FANTASTISKA med det religi\u00f6sa spr\u00e5ket - Vandra V\u00e4gen\" \/>\n<meta property=\"og:description\" content=\"Det kan vara sv\u00e5rt att l\u00e4ra sig spr\u00e5ket! Det religi\u00f6sa spr\u00e5ket beskrivs ofta som n\u00e5got som \u00e4r mest \u00e4r till besv\u00e4r. De traditionella orden kring den kristna tron \u00e4r ovana f\u00f6r m\u00e5nga och m\u00e5nga har sv\u00e5rt att f\u00e5 ihop dem med sina erfarenheter av det gudomliga. S\u00e5 s\u00e4gs det och jag tror s\u00e4kert det ligger [&hellip;]\" \/>\n<meta property=\"og:url\" content=\"https:\/\/blogg.svenskakyrkan.se\/vandravagen\/2013\/12\/20\/det-fantastiska-med-det-religiosa-spraket\/\" \/>\n<meta property=\"og:site_name\" content=\"Vandra V\u00e4gen\" \/>\n<meta property=\"article:publisher\" content=\"http:\/\/facebook.com\/vandravagen\" \/>\n<meta property=\"article:published_time\" content=\"2013-12-20T17:12:00+00:00\" \/>\n<meta property=\"og:image\" content=\"http:\/\/1.bp.blogspot.com\/-DgVjfaMifpI\/UrRqhJbxlqI\/AAAAAAAAGSg\/xtn2x8xw-RA\/s1600\/IMG_2442.JPG\" \/>\n<meta name=\"author\" content=\"Tomas Jarvid\" \/>\n<meta name=\"twitter:card\" content=\"summary_large_image\" \/>\n<meta name=\"twitter:creator\" content=\"@fadertomas\" \/>\n<meta name=\"twitter:site\" content=\"@fadertomas\" \/>\n<meta name=\"twitter:label1\" content=\"Skriven av\" \/>\n\t<meta name=\"twitter:data1\" content=\"Tomas Jarvid\" \/>\n\t<meta name=\"twitter:label2\" content=\"Ber\u00e4knad l\u00e4stid\" \/>\n\t<meta name=\"twitter:data2\" content=\"3 minuter\" \/>\n<script type=\"application\/ld+json\" class=\"yoast-schema-graph\">{\"@context\":\"https:\/\/schema.org\",\"@graph\":[{\"@type\":\"Article\",\"@id\":\"https:\/\/blogg.svenskakyrkan.se\/vandravagen\/2013\/12\/20\/det-fantastiska-med-det-religiosa-spraket\/#article\",\"isPartOf\":{\"@id\":\"https:\/\/blogg.svenskakyrkan.se\/vandravagen\/2013\/12\/20\/det-fantastiska-med-det-religiosa-spraket\/\"},\"author\":{\"name\":\"Tomas Jarvid\",\"@id\":\"https:\/\/blogg.svenskakyrkan.se\/vandravagen\/#\/schema\/person\/25da02d4f76b137d04291711e2c9fc16\"},\"headline\":\"Det FANTASTISKA med det religi\u00f6sa spr\u00e5ket\",\"datePublished\":\"2013-12-20T17:12:00+00:00\",\"mainEntityOfPage\":{\"@id\":\"https:\/\/blogg.svenskakyrkan.se\/vandravagen\/2013\/12\/20\/det-fantastiska-med-det-religiosa-spraket\/\"},\"wordCount\":594,\"commentCount\":0,\"publisher\":{\"@id\":\"https:\/\/blogg.svenskakyrkan.se\/vandravagen\/#organization\"},\"image\":{\"@id\":\"https:\/\/blogg.svenskakyrkan.se\/vandravagen\/2013\/12\/20\/det-fantastiska-med-det-religiosa-spraket\/#primaryimage\"},\"thumbnailUrl\":\"http:\/\/1.bp.blogspot.com\/-DgVjfaMifpI\/UrRqhJbxlqI\/AAAAAAAAGSg\/xtn2x8xw-RA\/s1600\/IMG_2442.JPG\",\"articleSection\":[\"Dagens Kyrka\",\"Teologi\"],\"inLanguage\":\"sv-SE\",\"potentialAction\":[{\"@type\":\"CommentAction\",\"name\":\"Comment\",\"target\":[\"https:\/\/blogg.svenskakyrkan.se\/vandravagen\/2013\/12\/20\/det-fantastiska-med-det-religiosa-spraket\/#respond\"]}]},{\"@type\":\"WebPage\",\"@id\":\"https:\/\/blogg.svenskakyrkan.se\/vandravagen\/2013\/12\/20\/det-fantastiska-med-det-religiosa-spraket\/\",\"url\":\"https:\/\/blogg.svenskakyrkan.se\/vandravagen\/2013\/12\/20\/det-fantastiska-med-det-religiosa-spraket\/\",\"name\":\"Det FANTASTISKA med det religi\u00f6sa spr\u00e5ket - Vandra V\u00e4gen\",\"isPartOf\":{\"@id\":\"https:\/\/blogg.svenskakyrkan.se\/vandravagen\/#website\"},\"primaryImageOfPage\":{\"@id\":\"https:\/\/blogg.svenskakyrkan.se\/vandravagen\/2013\/12\/20\/det-fantastiska-med-det-religiosa-spraket\/#primaryimage\"},\"image\":{\"@id\":\"https:\/\/blogg.svenskakyrkan.se\/vandravagen\/2013\/12\/20\/det-fantastiska-med-det-religiosa-spraket\/#primaryimage\"},\"thumbnailUrl\":\"http:\/\/1.bp.blogspot.com\/-DgVjfaMifpI\/UrRqhJbxlqI\/AAAAAAAAGSg\/xtn2x8xw-RA\/s1600\/IMG_2442.JPG\",\"datePublished\":\"2013-12-20T17:12:00+00:00\",\"breadcrumb\":{\"@id\":\"https:\/\/blogg.svenskakyrkan.se\/vandravagen\/2013\/12\/20\/det-fantastiska-med-det-religiosa-spraket\/#breadcrumb\"},\"inLanguage\":\"sv-SE\",\"potentialAction\":[{\"@type\":\"ReadAction\",\"target\":[\"https:\/\/blogg.svenskakyrkan.se\/vandravagen\/2013\/12\/20\/det-fantastiska-med-det-religiosa-spraket\/\"]}]},{\"@type\":\"ImageObject\",\"inLanguage\":\"sv-SE\",\"@id\":\"https:\/\/blogg.svenskakyrkan.se\/vandravagen\/2013\/12\/20\/det-fantastiska-med-det-religiosa-spraket\/#primaryimage\",\"url\":\"http:\/\/1.bp.blogspot.com\/-DgVjfaMifpI\/UrRqhJbxlqI\/AAAAAAAAGSg\/xtn2x8xw-RA\/s1600\/IMG_2442.JPG\",\"contentUrl\":\"http:\/\/1.bp.blogspot.com\/-DgVjfaMifpI\/UrRqhJbxlqI\/AAAAAAAAGSg\/xtn2x8xw-RA\/s1600\/IMG_2442.JPG\"},{\"@type\":\"BreadcrumbList\",\"@id\":\"https:\/\/blogg.svenskakyrkan.se\/vandravagen\/2013\/12\/20\/det-fantastiska-med-det-religiosa-spraket\/#breadcrumb\",\"itemListElement\":[{\"@type\":\"ListItem\",\"position\":1,\"name\":\"Hem\",\"item\":\"https:\/\/blogg.svenskakyrkan.se\/vandravagen\/\"},{\"@type\":\"ListItem\",\"position\":2,\"name\":\"Det FANTASTISKA med det religi\u00f6sa spr\u00e5ket\"}]},{\"@type\":\"WebSite\",\"@id\":\"https:\/\/blogg.svenskakyrkan.se\/vandravagen\/#website\",\"url\":\"https:\/\/blogg.svenskakyrkan.se\/vandravagen\/\",\"name\":\"Vandra V\u00e4gen\",\"description\":\"-Mot en tro f\u00f6r hela livet\",\"publisher\":{\"@id\":\"https:\/\/blogg.svenskakyrkan.se\/vandravagen\/#organization\"},\"potentialAction\":[{\"@type\":\"SearchAction\",\"target\":{\"@type\":\"EntryPoint\",\"urlTemplate\":\"https:\/\/blogg.svenskakyrkan.se\/vandravagen\/?s={search_term_string}\"},\"query-input\":{\"@type\":\"PropertyValueSpecification\",\"valueRequired\":true,\"valueName\":\"search_term_string\"}}],\"inLanguage\":\"sv-SE\"},{\"@type\":\"Organization\",\"@id\":\"https:\/\/blogg.svenskakyrkan.se\/vandravagen\/#organization\",\"name\":\"ulricehamns pastorat\",\"alternateName\":\"ulricehamns pastorat\",\"url\":\"https:\/\/blogg.svenskakyrkan.se\/vandravagen\/\",\"logo\":{\"@type\":\"ImageObject\",\"inLanguage\":\"sv-SE\",\"@id\":\"https:\/\/blogg.svenskakyrkan.se\/vandravagen\/#\/schema\/logo\/image\/\",\"url\":\"https:\/\/blogg.svenskakyrkan.se\/vandravagen\/files\/2023\/05\/Ulr_logo_RGB.png\",\"contentUrl\":\"https:\/\/blogg.svenskakyrkan.se\/vandravagen\/files\/2023\/05\/Ulr_logo_RGB.png\",\"width\":205,\"height\":77,\"caption\":\"ulricehamns pastorat\"},\"image\":{\"@id\":\"https:\/\/blogg.svenskakyrkan.se\/vandravagen\/#\/schema\/logo\/image\/\"},\"sameAs\":[\"http:\/\/facebook.com\/vandravagen\",\"https:\/\/x.com\/fadertomas\",\"http:\/\/www.facebook.com\/svenskakyrkaniulricehamn\"]},{\"@type\":\"Person\",\"@id\":\"https:\/\/blogg.svenskakyrkan.se\/vandravagen\/#\/schema\/person\/25da02d4f76b137d04291711e2c9fc16\",\"name\":\"Tomas Jarvid\",\"image\":{\"@type\":\"ImageObject\",\"inLanguage\":\"sv-SE\",\"@id\":\"https:\/\/blogg.svenskakyrkan.se\/vandravagen\/#\/schema\/person\/image\/\",\"url\":\"https:\/\/secure.gravatar.com\/avatar\/7fa71899795e8f540f615a1f5ab25255dc27aa40f05ee7ddd21aac521e01bf50?s=96&d=identicon&r=g\",\"contentUrl\":\"https:\/\/secure.gravatar.com\/avatar\/7fa71899795e8f540f615a1f5ab25255dc27aa40f05ee7ddd21aac521e01bf50?s=96&d=identicon&r=g\",\"caption\":\"Tomas Jarvid\"},\"description\":\"Jag bor i Ulricehamn i V\u00e4sterg\u00f6tland och \u00e4r f\u00f6rsamlingspr\u00e4st i Svenska Kyrkan f\u00f6r Dalstorps f\u00f6rsamling i Kinds pastorat. P\u00e5 den h\u00e4r bloggen skriver jag ner tankar om vandringen som kristen.\",\"sameAs\":[\"http:\/\/www.vandravagen.se\"],\"url\":\"https:\/\/blogg.svenskakyrkan.se\/vandravagen\/author\/vandravagen\/\"}]}<\/script>\n<!-- \/ Yoast SEO plugin. -->","yoast_head_json":{"title":"Det FANTASTISKA med det religi\u00f6sa spr\u00e5ket - Vandra V\u00e4gen","robots":{"index":"index","follow":"follow","max-snippet":"max-snippet:-1","max-image-preview":"max-image-preview:large","max-video-preview":"max-video-preview:-1"},"canonical":"https:\/\/blogg.svenskakyrkan.se\/vandravagen\/2013\/12\/20\/det-fantastiska-med-det-religiosa-spraket\/","og_locale":"sv_SE","og_type":"article","og_title":"Det FANTASTISKA med det religi\u00f6sa spr\u00e5ket - Vandra V\u00e4gen","og_description":"Det kan vara sv\u00e5rt att l\u00e4ra sig spr\u00e5ket! Det religi\u00f6sa spr\u00e5ket beskrivs ofta som n\u00e5got som \u00e4r mest \u00e4r till besv\u00e4r. De traditionella orden kring den kristna tron \u00e4r ovana f\u00f6r m\u00e5nga och m\u00e5nga har sv\u00e5rt att f\u00e5 ihop dem med sina erfarenheter av det gudomliga. S\u00e5 s\u00e4gs det och jag tror s\u00e4kert det ligger [&hellip;]","og_url":"https:\/\/blogg.svenskakyrkan.se\/vandravagen\/2013\/12\/20\/det-fantastiska-med-det-religiosa-spraket\/","og_site_name":"Vandra V\u00e4gen","article_publisher":"http:\/\/facebook.com\/vandravagen","article_published_time":"2013-12-20T17:12:00+00:00","og_image":[{"url":"http:\/\/1.bp.blogspot.com\/-DgVjfaMifpI\/UrRqhJbxlqI\/AAAAAAAAGSg\/xtn2x8xw-RA\/s1600\/IMG_2442.JPG","type":"","width":"","height":""}],"author":"Tomas Jarvid","twitter_card":"summary_large_image","twitter_creator":"@fadertomas","twitter_site":"@fadertomas","twitter_misc":{"Skriven av":"Tomas Jarvid","Ber\u00e4knad l\u00e4stid":"3 minuter"},"schema":{"@context":"https:\/\/schema.org","@graph":[{"@type":"Article","@id":"https:\/\/blogg.svenskakyrkan.se\/vandravagen\/2013\/12\/20\/det-fantastiska-med-det-religiosa-spraket\/#article","isPartOf":{"@id":"https:\/\/blogg.svenskakyrkan.se\/vandravagen\/2013\/12\/20\/det-fantastiska-med-det-religiosa-spraket\/"},"author":{"name":"Tomas Jarvid","@id":"https:\/\/blogg.svenskakyrkan.se\/vandravagen\/#\/schema\/person\/25da02d4f76b137d04291711e2c9fc16"},"headline":"Det FANTASTISKA med det religi\u00f6sa spr\u00e5ket","datePublished":"2013-12-20T17:12:00+00:00","mainEntityOfPage":{"@id":"https:\/\/blogg.svenskakyrkan.se\/vandravagen\/2013\/12\/20\/det-fantastiska-med-det-religiosa-spraket\/"},"wordCount":594,"commentCount":0,"publisher":{"@id":"https:\/\/blogg.svenskakyrkan.se\/vandravagen\/#organization"},"image":{"@id":"https:\/\/blogg.svenskakyrkan.se\/vandravagen\/2013\/12\/20\/det-fantastiska-med-det-religiosa-spraket\/#primaryimage"},"thumbnailUrl":"http:\/\/1.bp.blogspot.com\/-DgVjfaMifpI\/UrRqhJbxlqI\/AAAAAAAAGSg\/xtn2x8xw-RA\/s1600\/IMG_2442.JPG","articleSection":["Dagens Kyrka","Teologi"],"inLanguage":"sv-SE","potentialAction":[{"@type":"CommentAction","name":"Comment","target":["https:\/\/blogg.svenskakyrkan.se\/vandravagen\/2013\/12\/20\/det-fantastiska-med-det-religiosa-spraket\/#respond"]}]},{"@type":"WebPage","@id":"https:\/\/blogg.svenskakyrkan.se\/vandravagen\/2013\/12\/20\/det-fantastiska-med-det-religiosa-spraket\/","url":"https:\/\/blogg.svenskakyrkan.se\/vandravagen\/2013\/12\/20\/det-fantastiska-med-det-religiosa-spraket\/","name":"Det FANTASTISKA med det religi\u00f6sa spr\u00e5ket - Vandra V\u00e4gen","isPartOf":{"@id":"https:\/\/blogg.svenskakyrkan.se\/vandravagen\/#website"},"primaryImageOfPage":{"@id":"https:\/\/blogg.svenskakyrkan.se\/vandravagen\/2013\/12\/20\/det-fantastiska-med-det-religiosa-spraket\/#primaryimage"},"image":{"@id":"https:\/\/blogg.svenskakyrkan.se\/vandravagen\/2013\/12\/20\/det-fantastiska-med-det-religiosa-spraket\/#primaryimage"},"thumbnailUrl":"http:\/\/1.bp.blogspot.com\/-DgVjfaMifpI\/UrRqhJbxlqI\/AAAAAAAAGSg\/xtn2x8xw-RA\/s1600\/IMG_2442.JPG","datePublished":"2013-12-20T17:12:00+00:00","breadcrumb":{"@id":"https:\/\/blogg.svenskakyrkan.se\/vandravagen\/2013\/12\/20\/det-fantastiska-med-det-religiosa-spraket\/#breadcrumb"},"inLanguage":"sv-SE","potentialAction":[{"@type":"ReadAction","target":["https:\/\/blogg.svenskakyrkan.se\/vandravagen\/2013\/12\/20\/det-fantastiska-med-det-religiosa-spraket\/"]}]},{"@type":"ImageObject","inLanguage":"sv-SE","@id":"https:\/\/blogg.svenskakyrkan.se\/vandravagen\/2013\/12\/20\/det-fantastiska-med-det-religiosa-spraket\/#primaryimage","url":"http:\/\/1.bp.blogspot.com\/-DgVjfaMifpI\/UrRqhJbxlqI\/AAAAAAAAGSg\/xtn2x8xw-RA\/s1600\/IMG_2442.JPG","contentUrl":"http:\/\/1.bp.blogspot.com\/-DgVjfaMifpI\/UrRqhJbxlqI\/AAAAAAAAGSg\/xtn2x8xw-RA\/s1600\/IMG_2442.JPG"},{"@type":"BreadcrumbList","@id":"https:\/\/blogg.svenskakyrkan.se\/vandravagen\/2013\/12\/20\/det-fantastiska-med-det-religiosa-spraket\/#breadcrumb","itemListElement":[{"@type":"ListItem","position":1,"name":"Hem","item":"https:\/\/blogg.svenskakyrkan.se\/vandravagen\/"},{"@type":"ListItem","position":2,"name":"Det FANTASTISKA med det religi\u00f6sa spr\u00e5ket"}]},{"@type":"WebSite","@id":"https:\/\/blogg.svenskakyrkan.se\/vandravagen\/#website","url":"https:\/\/blogg.svenskakyrkan.se\/vandravagen\/","name":"Vandra V\u00e4gen","description":"-Mot en tro f\u00f6r hela livet","publisher":{"@id":"https:\/\/blogg.svenskakyrkan.se\/vandravagen\/#organization"},"potentialAction":[{"@type":"SearchAction","target":{"@type":"EntryPoint","urlTemplate":"https:\/\/blogg.svenskakyrkan.se\/vandravagen\/?s={search_term_string}"},"query-input":{"@type":"PropertyValueSpecification","valueRequired":true,"valueName":"search_term_string"}}],"inLanguage":"sv-SE"},{"@type":"Organization","@id":"https:\/\/blogg.svenskakyrkan.se\/vandravagen\/#organization","name":"ulricehamns pastorat","alternateName":"ulricehamns pastorat","url":"https:\/\/blogg.svenskakyrkan.se\/vandravagen\/","logo":{"@type":"ImageObject","inLanguage":"sv-SE","@id":"https:\/\/blogg.svenskakyrkan.se\/vandravagen\/#\/schema\/logo\/image\/","url":"https:\/\/blogg.svenskakyrkan.se\/vandravagen\/files\/2023\/05\/Ulr_logo_RGB.png","contentUrl":"https:\/\/blogg.svenskakyrkan.se\/vandravagen\/files\/2023\/05\/Ulr_logo_RGB.png","width":205,"height":77,"caption":"ulricehamns pastorat"},"image":{"@id":"https:\/\/blogg.svenskakyrkan.se\/vandravagen\/#\/schema\/logo\/image\/"},"sameAs":["http:\/\/facebook.com\/vandravagen","https:\/\/x.com\/fadertomas","http:\/\/www.facebook.com\/svenskakyrkaniulricehamn"]},{"@type":"Person","@id":"https:\/\/blogg.svenskakyrkan.se\/vandravagen\/#\/schema\/person\/25da02d4f76b137d04291711e2c9fc16","name":"Tomas Jarvid","image":{"@type":"ImageObject","inLanguage":"sv-SE","@id":"https:\/\/blogg.svenskakyrkan.se\/vandravagen\/#\/schema\/person\/image\/","url":"https:\/\/secure.gravatar.com\/avatar\/7fa71899795e8f540f615a1f5ab25255dc27aa40f05ee7ddd21aac521e01bf50?s=96&d=identicon&r=g","contentUrl":"https:\/\/secure.gravatar.com\/avatar\/7fa71899795e8f540f615a1f5ab25255dc27aa40f05ee7ddd21aac521e01bf50?s=96&d=identicon&r=g","caption":"Tomas Jarvid"},"description":"Jag bor i Ulricehamn i V\u00e4sterg\u00f6tland och \u00e4r f\u00f6rsamlingspr\u00e4st i Svenska Kyrkan f\u00f6r Dalstorps f\u00f6rsamling i Kinds pastorat. P\u00e5 den h\u00e4r bloggen skriver jag ner tankar om vandringen som kristen.","sameAs":["http:\/\/www.vandravagen.se"],"url":"https:\/\/blogg.svenskakyrkan.se\/vandravagen\/author\/vandravagen\/"}]}},"author_meta":{"ID":"392","user_nicename":"vandravagen","user_url":"http:\/\/www.vandravagen.se","user_registered":"2014-05-19 05:44:52","display_name":"Tomas Jarvid","first_name":"Tomas","last_name":"Jarvid","avatar":"https:\/\/secure.gravatar.com\/avatar\/7fa71899795e8f540f615a1f5ab25255dc27aa40f05ee7ddd21aac521e01bf50?s=96&d=identicon&r=g"},"featured_image":false,"bloginfo":{"name":"Vandra V\u00e4gen","url":"https:\/\/blogg.svenskakyrkan.se\/vandravagen"},"_links":{"self":[{"href":"https:\/\/blogg.svenskakyrkan.se\/vandravagen\/wp-json\/wp\/v2\/posts\/237","targetHints":{"allow":["GET"]}}],"collection":[{"href":"https:\/\/blogg.svenskakyrkan.se\/vandravagen\/wp-json\/wp\/v2\/posts"}],"about":[{"href":"https:\/\/blogg.svenskakyrkan.se\/vandravagen\/wp-json\/wp\/v2\/types\/post"}],"author":[{"embeddable":true,"href":"https:\/\/blogg.svenskakyrkan.se\/vandravagen\/wp-json\/wp\/v2\/users\/392"}],"replies":[{"embeddable":true,"href":"https:\/\/blogg.svenskakyrkan.se\/vandravagen\/wp-json\/wp\/v2\/comments?post=237"}],"version-history":[{"count":0,"href":"https:\/\/blogg.svenskakyrkan.se\/vandravagen\/wp-json\/wp\/v2\/posts\/237\/revisions"}],"wp:attachment":[{"href":"https:\/\/blogg.svenskakyrkan.se\/vandravagen\/wp-json\/wp\/v2\/media?parent=237"}],"wp:term":[{"taxonomy":"category","embeddable":true,"href":"https:\/\/blogg.svenskakyrkan.se\/vandravagen\/wp-json\/wp\/v2\/categories?post=237"},{"taxonomy":"post_tag","embeddable":true,"href":"https:\/\/blogg.svenskakyrkan.se\/vandravagen\/wp-json\/wp\/v2\/tags?post=237"}],"curies":[{"name":"wp","href":"https:\/\/api.w.org\/{rel}","templated":true}]}}