{"id":2371,"date":"2014-12-15T06:48:30","date_gmt":"2014-12-15T05:48:30","guid":{"rendered":"http:\/\/blogg.svenskakyrkan.se\/vandravagen\/?p=2371"},"modified":"2014-12-14T21:06:03","modified_gmt":"2014-12-14T20:06:03","slug":"fred-och-frid-och-frojd-och-hopp-hopp-hopp","status":"publish","type":"post","link":"https:\/\/blogg.svenskakyrkan.se\/vandravagen\/2014\/12\/15\/fred-och-frid-och-frojd-och-hopp-hopp-hopp\/","title":{"rendered":"Fred och frid och fr\u00f6jd och hopp, hopp, hopp"},"content":{"rendered":"<p><a href=\"http:\/\/blogg.svenskakyrkan.se\/vandravagen\/files\/2014\/12\/IMG_4907.jpg\"><img loading=\"lazy\" decoding=\"async\" class=\"aligncenter size-full wp-image-2372\" alt=\"IMG_4907\" src=\"http:\/\/blogg.svenskakyrkan.se\/vandravagen\/files\/2014\/12\/IMG_4907.jpg\" width=\"599\" height=\"470\" srcset=\"https:\/\/blogg.svenskakyrkan.se\/vandravagen\/files\/2014\/12\/IMG_4907.jpg 599w, https:\/\/blogg.svenskakyrkan.se\/vandravagen\/files\/2014\/12\/IMG_4907-300x235.jpg 300w, https:\/\/blogg.svenskakyrkan.se\/vandravagen\/files\/2014\/12\/IMG_4907-382x300.jpg 382w\" sizes=\"auto, (max-width: 599px) 100vw, 599px\" \/><\/a><\/p>\n<p>N\u00e4r jag l\u00e4ste Amoz Oz bok &#8221;hur man botar en fanatiker&#8221; (l\u00e4s &#8221;<a href=\"http:\/\/blogg.svenskakyrkan.se\/vandravagen\/2014\/12\/03\/fragan-som-avslojar-en-kristen-fanatiker\/\">fr\u00e5gan som avsl\u00f6jar en kristen fanatiker<\/a>&#8221;) s\u00e5 skrev han n\u00e5got man kan fundera vidare p\u00e5. Han menade att <strong>krig inte \u00e4r det v\u00e4rsta man kan t\u00e4nka sig, det \u00e4r &#8221;aggressionen&#8221;<\/strong>. Man kan fundera p\u00e5 vad han menar med det. Krig \u00e4r ju den v\u00e4rsta t\u00e4nkbara situation man kan befinna sig i, eller? Jag tror han menar att kriget b\u00f6rjar l\u00e5ngt innan man tar upp vapnen. Det b\u00f6rjar i olika sorters aggression och lyckas man inte v\u00e4nda den onda spiralen kan det urarta i krig. \u00c4r det s\u00e5 s\u00e5 har man kanske inget annat val \u00e4n att sj\u00e4lv ta upp vapen men \u00e5 andra sidan har man d\u00e5 redan missat m\u00e5nga andra chanser att l\u00f6sa konflikten.<\/p>\n<p>V\u00e5rt ord <strong>fred<\/strong> \u00e4r ganska sn\u00e4vt. I vardagligt tal betyder det v\u00e4l ungef\u00e4r samma sak som att man inte \u00e4r i \u00f6ppen strid med varandra. Det <a href=\"http:\/\/blogg.svenskakyrkan.se\/vandravagen\/2014\/08\/15\/fred-i-bibeln\/\">hebreiska begreppet schalom<\/a> \u00e4r betydligt vidare i sitt omf\u00e5ng. I den aronitiska v\u00e4lsignelsen brukar det uttydas &#8221;frid&#8221; (Herren v\u00e4nde sitt ansikte till er och give er frid&#8221;).<\/p>\n<p>Ordet &#8221;<strong>frid<\/strong>&#8221; har nog ocks\u00e5 alltf\u00f6r sn\u00e4v ram i v\u00e5rt spr\u00e5k. Vi f\u00f6rknippar v\u00e4l ordet med &#8221;frid i sj\u00e4len&#8221; eller brist p\u00e5 oro och r\u00e4dsla i livet.<\/p>\n<p>Ur ett bibliskt perspektiv r\u00e5der det inte schalom\/frid\/fred i ett samh\u00e4lle d\u00e4r n\u00e5gon f\u00f6rtrycks av en annan. I gamla testamentet tar det h\u00e4r sig st\u00e4ndigt uttryck i uppmaningar fr\u00e5n Gud att inte behandla fattiga, flyktingar eller maktl\u00f6sa illa och f\u00f6rv\u00e4gra dem r\u00e4ttvisa.<\/p>\n<p>Freden best\u00e5r i grund och botten av goda relationer. Av harmoni. Freden b\u00f6rjar med dig och mig allts\u00e5. Och det \u00e4r inte givet att freden b\u00f6rjar med att sopa saker under mattan f\u00f6r husfridens skull. Snarare b\u00f6rjar freden med att arbeta f\u00f6r det goda.<\/p>\n<div>\n<p>&nbsp;<\/p>\n<\/div>\n","protected":false},"excerpt":{"rendered":"<p>N\u00e4r jag l\u00e4ste Amoz Oz bok &#8221;hur man botar en fanatiker&#8221; (l\u00e4s &#8221;fr\u00e5gan som avsl\u00f6jar en kristen fanatiker&#8221;) s\u00e5 skrev han n\u00e5got man kan fundera vidare p\u00e5. Han menade att krig inte \u00e4r det v\u00e4rsta man kan t\u00e4nka sig, det \u00e4r &#8221;aggressionen&#8221;. Man kan fundera p\u00e5 vad han menar med det. Krig \u00e4r ju den [&hellip;]<\/p>\n","protected":false},"author":392,"featured_media":0,"comment_status":"open","ping_status":"open","sticky":false,"template":"","format":"standard","meta":{"_acf_changed":false,"footnotes":""},"categories":[8298,76189,78265,45265,117],"tags":[],"class_list":["post-2371","post","type-post","status-publish","format-standard","hentry","category-bibeln","category-dagens-kyrka","category-motkultur","category-ord","category-teologi"],"acf":[],"yoast_head":"<!-- This site is optimized with the Yoast SEO plugin v27.1.1 - https:\/\/yoast.com\/product\/yoast-seo-wordpress\/ -->\n<title>Fred och frid och fr\u00f6jd och hopp, hopp, hopp - Vandra V\u00e4gen<\/title>\n<meta name=\"robots\" content=\"index, follow, max-snippet:-1, max-image-preview:large, max-video-preview:-1\" \/>\n<link rel=\"canonical\" href=\"https:\/\/blogg.svenskakyrkan.se\/vandravagen\/2014\/12\/15\/fred-och-frid-och-frojd-och-hopp-hopp-hopp\/\" \/>\n<meta property=\"og:locale\" content=\"sv_SE\" \/>\n<meta property=\"og:type\" content=\"article\" \/>\n<meta property=\"og:title\" content=\"Fred och frid och fr\u00f6jd och hopp, hopp, hopp - Vandra V\u00e4gen\" \/>\n<meta property=\"og:description\" content=\"N\u00e4r jag l\u00e4ste Amoz Oz bok &#8221;hur man botar en fanatiker&#8221; (l\u00e4s &#8221;fr\u00e5gan som avsl\u00f6jar en kristen fanatiker&#8221;) s\u00e5 skrev han n\u00e5got man kan fundera vidare p\u00e5. Han menade att krig inte \u00e4r det v\u00e4rsta man kan t\u00e4nka sig, det \u00e4r &#8221;aggressionen&#8221;. Man kan fundera p\u00e5 vad han menar med det. Krig \u00e4r ju den [&hellip;]\" \/>\n<meta property=\"og:url\" content=\"https:\/\/blogg.svenskakyrkan.se\/vandravagen\/2014\/12\/15\/fred-och-frid-och-frojd-och-hopp-hopp-hopp\/\" \/>\n<meta property=\"og:site_name\" content=\"Vandra V\u00e4gen\" \/>\n<meta property=\"article:publisher\" content=\"http:\/\/facebook.com\/vandravagen\" \/>\n<meta property=\"article:published_time\" content=\"2014-12-15T05:48:30+00:00\" \/>\n<meta property=\"og:image\" content=\"http:\/\/blogg.svenskakyrkan.se\/vandravagen\/files\/2014\/12\/IMG_4907.jpg\" \/>\n<meta name=\"author\" content=\"Tomas Jarvid\" \/>\n<meta name=\"twitter:card\" content=\"summary_large_image\" \/>\n<meta name=\"twitter:creator\" content=\"@fadertomas\" \/>\n<meta name=\"twitter:site\" content=\"@fadertomas\" \/>\n<meta name=\"twitter:label1\" content=\"Skriven av\" \/>\n\t<meta name=\"twitter:data1\" content=\"Tomas Jarvid\" \/>\n\t<meta name=\"twitter:label2\" content=\"Ber\u00e4knad l\u00e4stid\" \/>\n\t<meta name=\"twitter:data2\" content=\"2 minuter\" \/>\n<script type=\"application\/ld+json\" class=\"yoast-schema-graph\">{\"@context\":\"https:\/\/schema.org\",\"@graph\":[{\"@type\":\"Article\",\"@id\":\"https:\/\/blogg.svenskakyrkan.se\/vandravagen\/2014\/12\/15\/fred-och-frid-och-frojd-och-hopp-hopp-hopp\/#article\",\"isPartOf\":{\"@id\":\"https:\/\/blogg.svenskakyrkan.se\/vandravagen\/2014\/12\/15\/fred-och-frid-och-frojd-och-hopp-hopp-hopp\/\"},\"author\":{\"name\":\"Tomas Jarvid\",\"@id\":\"https:\/\/blogg.svenskakyrkan.se\/vandravagen\/#\/schema\/person\/25da02d4f76b137d04291711e2c9fc16\"},\"headline\":\"Fred och frid och fr\u00f6jd och hopp, hopp, hopp\",\"datePublished\":\"2014-12-15T05:48:30+00:00\",\"mainEntityOfPage\":{\"@id\":\"https:\/\/blogg.svenskakyrkan.se\/vandravagen\/2014\/12\/15\/fred-och-frid-och-frojd-och-hopp-hopp-hopp\/\"},\"wordCount\":355,\"commentCount\":2,\"publisher\":{\"@id\":\"https:\/\/blogg.svenskakyrkan.se\/vandravagen\/#organization\"},\"image\":{\"@id\":\"https:\/\/blogg.svenskakyrkan.se\/vandravagen\/2014\/12\/15\/fred-och-frid-och-frojd-och-hopp-hopp-hopp\/#primaryimage\"},\"thumbnailUrl\":\"http:\/\/blogg.svenskakyrkan.se\/vandravagen\/files\/2014\/12\/IMG_4907.jpg\",\"articleSection\":[\"Bibeln\",\"Dagens Kyrka\",\"motkultur\",\"ord\",\"Teologi\"],\"inLanguage\":\"sv-SE\",\"potentialAction\":[{\"@type\":\"CommentAction\",\"name\":\"Comment\",\"target\":[\"https:\/\/blogg.svenskakyrkan.se\/vandravagen\/2014\/12\/15\/fred-och-frid-och-frojd-och-hopp-hopp-hopp\/#respond\"]}]},{\"@type\":\"WebPage\",\"@id\":\"https:\/\/blogg.svenskakyrkan.se\/vandravagen\/2014\/12\/15\/fred-och-frid-och-frojd-och-hopp-hopp-hopp\/\",\"url\":\"https:\/\/blogg.svenskakyrkan.se\/vandravagen\/2014\/12\/15\/fred-och-frid-och-frojd-och-hopp-hopp-hopp\/\",\"name\":\"Fred och frid och fr\u00f6jd och hopp, hopp, hopp - Vandra V\u00e4gen\",\"isPartOf\":{\"@id\":\"https:\/\/blogg.svenskakyrkan.se\/vandravagen\/#website\"},\"primaryImageOfPage\":{\"@id\":\"https:\/\/blogg.svenskakyrkan.se\/vandravagen\/2014\/12\/15\/fred-och-frid-och-frojd-och-hopp-hopp-hopp\/#primaryimage\"},\"image\":{\"@id\":\"https:\/\/blogg.svenskakyrkan.se\/vandravagen\/2014\/12\/15\/fred-och-frid-och-frojd-och-hopp-hopp-hopp\/#primaryimage\"},\"thumbnailUrl\":\"http:\/\/blogg.svenskakyrkan.se\/vandravagen\/files\/2014\/12\/IMG_4907.jpg\",\"datePublished\":\"2014-12-15T05:48:30+00:00\",\"breadcrumb\":{\"@id\":\"https:\/\/blogg.svenskakyrkan.se\/vandravagen\/2014\/12\/15\/fred-och-frid-och-frojd-och-hopp-hopp-hopp\/#breadcrumb\"},\"inLanguage\":\"sv-SE\",\"potentialAction\":[{\"@type\":\"ReadAction\",\"target\":[\"https:\/\/blogg.svenskakyrkan.se\/vandravagen\/2014\/12\/15\/fred-och-frid-och-frojd-och-hopp-hopp-hopp\/\"]}]},{\"@type\":\"ImageObject\",\"inLanguage\":\"sv-SE\",\"@id\":\"https:\/\/blogg.svenskakyrkan.se\/vandravagen\/2014\/12\/15\/fred-och-frid-och-frojd-och-hopp-hopp-hopp\/#primaryimage\",\"url\":\"http:\/\/blogg.svenskakyrkan.se\/vandravagen\/files\/2014\/12\/IMG_4907.jpg\",\"contentUrl\":\"http:\/\/blogg.svenskakyrkan.se\/vandravagen\/files\/2014\/12\/IMG_4907.jpg\"},{\"@type\":\"BreadcrumbList\",\"@id\":\"https:\/\/blogg.svenskakyrkan.se\/vandravagen\/2014\/12\/15\/fred-och-frid-och-frojd-och-hopp-hopp-hopp\/#breadcrumb\",\"itemListElement\":[{\"@type\":\"ListItem\",\"position\":1,\"name\":\"Hem\",\"item\":\"https:\/\/blogg.svenskakyrkan.se\/vandravagen\/\"},{\"@type\":\"ListItem\",\"position\":2,\"name\":\"Fred och frid och fr\u00f6jd och hopp, hopp, hopp\"}]},{\"@type\":\"WebSite\",\"@id\":\"https:\/\/blogg.svenskakyrkan.se\/vandravagen\/#website\",\"url\":\"https:\/\/blogg.svenskakyrkan.se\/vandravagen\/\",\"name\":\"Vandra V\u00e4gen\",\"description\":\"-Mot en tro f\u00f6r hela livet\",\"publisher\":{\"@id\":\"https:\/\/blogg.svenskakyrkan.se\/vandravagen\/#organization\"},\"potentialAction\":[{\"@type\":\"SearchAction\",\"target\":{\"@type\":\"EntryPoint\",\"urlTemplate\":\"https:\/\/blogg.svenskakyrkan.se\/vandravagen\/?s={search_term_string}\"},\"query-input\":{\"@type\":\"PropertyValueSpecification\",\"valueRequired\":true,\"valueName\":\"search_term_string\"}}],\"inLanguage\":\"sv-SE\"},{\"@type\":\"Organization\",\"@id\":\"https:\/\/blogg.svenskakyrkan.se\/vandravagen\/#organization\",\"name\":\"ulricehamns pastorat\",\"alternateName\":\"ulricehamns pastorat\",\"url\":\"https:\/\/blogg.svenskakyrkan.se\/vandravagen\/\",\"logo\":{\"@type\":\"ImageObject\",\"inLanguage\":\"sv-SE\",\"@id\":\"https:\/\/blogg.svenskakyrkan.se\/vandravagen\/#\/schema\/logo\/image\/\",\"url\":\"https:\/\/blogg.svenskakyrkan.se\/vandravagen\/files\/2023\/05\/Ulr_logo_RGB.png\",\"contentUrl\":\"https:\/\/blogg.svenskakyrkan.se\/vandravagen\/files\/2023\/05\/Ulr_logo_RGB.png\",\"width\":205,\"height\":77,\"caption\":\"ulricehamns pastorat\"},\"image\":{\"@id\":\"https:\/\/blogg.svenskakyrkan.se\/vandravagen\/#\/schema\/logo\/image\/\"},\"sameAs\":[\"http:\/\/facebook.com\/vandravagen\",\"https:\/\/x.com\/fadertomas\",\"http:\/\/www.facebook.com\/svenskakyrkaniulricehamn\"]},{\"@type\":\"Person\",\"@id\":\"https:\/\/blogg.svenskakyrkan.se\/vandravagen\/#\/schema\/person\/25da02d4f76b137d04291711e2c9fc16\",\"name\":\"Tomas Jarvid\",\"image\":{\"@type\":\"ImageObject\",\"inLanguage\":\"sv-SE\",\"@id\":\"https:\/\/blogg.svenskakyrkan.se\/vandravagen\/#\/schema\/person\/image\/\",\"url\":\"https:\/\/secure.gravatar.com\/avatar\/7fa71899795e8f540f615a1f5ab25255dc27aa40f05ee7ddd21aac521e01bf50?s=96&d=identicon&r=g\",\"contentUrl\":\"https:\/\/secure.gravatar.com\/avatar\/7fa71899795e8f540f615a1f5ab25255dc27aa40f05ee7ddd21aac521e01bf50?s=96&d=identicon&r=g\",\"caption\":\"Tomas Jarvid\"},\"description\":\"Jag bor i Ulricehamn i V\u00e4sterg\u00f6tland och \u00e4r f\u00f6rsamlingspr\u00e4st i Svenska Kyrkan f\u00f6r Dalstorps f\u00f6rsamling i Kinds pastorat. P\u00e5 den h\u00e4r bloggen skriver jag ner tankar om vandringen som kristen.\",\"sameAs\":[\"http:\/\/www.vandravagen.se\"],\"url\":\"https:\/\/blogg.svenskakyrkan.se\/vandravagen\/author\/vandravagen\/\"}]}<\/script>\n<!-- \/ Yoast SEO plugin. -->","yoast_head_json":{"title":"Fred och frid och fr\u00f6jd och hopp, hopp, hopp - Vandra V\u00e4gen","robots":{"index":"index","follow":"follow","max-snippet":"max-snippet:-1","max-image-preview":"max-image-preview:large","max-video-preview":"max-video-preview:-1"},"canonical":"https:\/\/blogg.svenskakyrkan.se\/vandravagen\/2014\/12\/15\/fred-och-frid-och-frojd-och-hopp-hopp-hopp\/","og_locale":"sv_SE","og_type":"article","og_title":"Fred och frid och fr\u00f6jd och hopp, hopp, hopp - Vandra V\u00e4gen","og_description":"N\u00e4r jag l\u00e4ste Amoz Oz bok &#8221;hur man botar en fanatiker&#8221; (l\u00e4s &#8221;fr\u00e5gan som avsl\u00f6jar en kristen fanatiker&#8221;) s\u00e5 skrev han n\u00e5got man kan fundera vidare p\u00e5. Han menade att krig inte \u00e4r det v\u00e4rsta man kan t\u00e4nka sig, det \u00e4r &#8221;aggressionen&#8221;. Man kan fundera p\u00e5 vad han menar med det. Krig \u00e4r ju den [&hellip;]","og_url":"https:\/\/blogg.svenskakyrkan.se\/vandravagen\/2014\/12\/15\/fred-och-frid-och-frojd-och-hopp-hopp-hopp\/","og_site_name":"Vandra V\u00e4gen","article_publisher":"http:\/\/facebook.com\/vandravagen","article_published_time":"2014-12-15T05:48:30+00:00","og_image":[{"url":"http:\/\/blogg.svenskakyrkan.se\/vandravagen\/files\/2014\/12\/IMG_4907.jpg","type":"","width":"","height":""}],"author":"Tomas Jarvid","twitter_card":"summary_large_image","twitter_creator":"@fadertomas","twitter_site":"@fadertomas","twitter_misc":{"Skriven av":"Tomas Jarvid","Ber\u00e4knad l\u00e4stid":"2 minuter"},"schema":{"@context":"https:\/\/schema.org","@graph":[{"@type":"Article","@id":"https:\/\/blogg.svenskakyrkan.se\/vandravagen\/2014\/12\/15\/fred-och-frid-och-frojd-och-hopp-hopp-hopp\/#article","isPartOf":{"@id":"https:\/\/blogg.svenskakyrkan.se\/vandravagen\/2014\/12\/15\/fred-och-frid-och-frojd-och-hopp-hopp-hopp\/"},"author":{"name":"Tomas Jarvid","@id":"https:\/\/blogg.svenskakyrkan.se\/vandravagen\/#\/schema\/person\/25da02d4f76b137d04291711e2c9fc16"},"headline":"Fred och frid och fr\u00f6jd och hopp, hopp, hopp","datePublished":"2014-12-15T05:48:30+00:00","mainEntityOfPage":{"@id":"https:\/\/blogg.svenskakyrkan.se\/vandravagen\/2014\/12\/15\/fred-och-frid-och-frojd-och-hopp-hopp-hopp\/"},"wordCount":355,"commentCount":2,"publisher":{"@id":"https:\/\/blogg.svenskakyrkan.se\/vandravagen\/#organization"},"image":{"@id":"https:\/\/blogg.svenskakyrkan.se\/vandravagen\/2014\/12\/15\/fred-och-frid-och-frojd-och-hopp-hopp-hopp\/#primaryimage"},"thumbnailUrl":"http:\/\/blogg.svenskakyrkan.se\/vandravagen\/files\/2014\/12\/IMG_4907.jpg","articleSection":["Bibeln","Dagens Kyrka","motkultur","ord","Teologi"],"inLanguage":"sv-SE","potentialAction":[{"@type":"CommentAction","name":"Comment","target":["https:\/\/blogg.svenskakyrkan.se\/vandravagen\/2014\/12\/15\/fred-och-frid-och-frojd-och-hopp-hopp-hopp\/#respond"]}]},{"@type":"WebPage","@id":"https:\/\/blogg.svenskakyrkan.se\/vandravagen\/2014\/12\/15\/fred-och-frid-och-frojd-och-hopp-hopp-hopp\/","url":"https:\/\/blogg.svenskakyrkan.se\/vandravagen\/2014\/12\/15\/fred-och-frid-och-frojd-och-hopp-hopp-hopp\/","name":"Fred och frid och fr\u00f6jd och hopp, hopp, hopp - Vandra V\u00e4gen","isPartOf":{"@id":"https:\/\/blogg.svenskakyrkan.se\/vandravagen\/#website"},"primaryImageOfPage":{"@id":"https:\/\/blogg.svenskakyrkan.se\/vandravagen\/2014\/12\/15\/fred-och-frid-och-frojd-och-hopp-hopp-hopp\/#primaryimage"},"image":{"@id":"https:\/\/blogg.svenskakyrkan.se\/vandravagen\/2014\/12\/15\/fred-och-frid-och-frojd-och-hopp-hopp-hopp\/#primaryimage"},"thumbnailUrl":"http:\/\/blogg.svenskakyrkan.se\/vandravagen\/files\/2014\/12\/IMG_4907.jpg","datePublished":"2014-12-15T05:48:30+00:00","breadcrumb":{"@id":"https:\/\/blogg.svenskakyrkan.se\/vandravagen\/2014\/12\/15\/fred-och-frid-och-frojd-och-hopp-hopp-hopp\/#breadcrumb"},"inLanguage":"sv-SE","potentialAction":[{"@type":"ReadAction","target":["https:\/\/blogg.svenskakyrkan.se\/vandravagen\/2014\/12\/15\/fred-och-frid-och-frojd-och-hopp-hopp-hopp\/"]}]},{"@type":"ImageObject","inLanguage":"sv-SE","@id":"https:\/\/blogg.svenskakyrkan.se\/vandravagen\/2014\/12\/15\/fred-och-frid-och-frojd-och-hopp-hopp-hopp\/#primaryimage","url":"http:\/\/blogg.svenskakyrkan.se\/vandravagen\/files\/2014\/12\/IMG_4907.jpg","contentUrl":"http:\/\/blogg.svenskakyrkan.se\/vandravagen\/files\/2014\/12\/IMG_4907.jpg"},{"@type":"BreadcrumbList","@id":"https:\/\/blogg.svenskakyrkan.se\/vandravagen\/2014\/12\/15\/fred-och-frid-och-frojd-och-hopp-hopp-hopp\/#breadcrumb","itemListElement":[{"@type":"ListItem","position":1,"name":"Hem","item":"https:\/\/blogg.svenskakyrkan.se\/vandravagen\/"},{"@type":"ListItem","position":2,"name":"Fred och frid och fr\u00f6jd och hopp, hopp, hopp"}]},{"@type":"WebSite","@id":"https:\/\/blogg.svenskakyrkan.se\/vandravagen\/#website","url":"https:\/\/blogg.svenskakyrkan.se\/vandravagen\/","name":"Vandra V\u00e4gen","description":"-Mot en tro f\u00f6r hela livet","publisher":{"@id":"https:\/\/blogg.svenskakyrkan.se\/vandravagen\/#organization"},"potentialAction":[{"@type":"SearchAction","target":{"@type":"EntryPoint","urlTemplate":"https:\/\/blogg.svenskakyrkan.se\/vandravagen\/?s={search_term_string}"},"query-input":{"@type":"PropertyValueSpecification","valueRequired":true,"valueName":"search_term_string"}}],"inLanguage":"sv-SE"},{"@type":"Organization","@id":"https:\/\/blogg.svenskakyrkan.se\/vandravagen\/#organization","name":"ulricehamns pastorat","alternateName":"ulricehamns pastorat","url":"https:\/\/blogg.svenskakyrkan.se\/vandravagen\/","logo":{"@type":"ImageObject","inLanguage":"sv-SE","@id":"https:\/\/blogg.svenskakyrkan.se\/vandravagen\/#\/schema\/logo\/image\/","url":"https:\/\/blogg.svenskakyrkan.se\/vandravagen\/files\/2023\/05\/Ulr_logo_RGB.png","contentUrl":"https:\/\/blogg.svenskakyrkan.se\/vandravagen\/files\/2023\/05\/Ulr_logo_RGB.png","width":205,"height":77,"caption":"ulricehamns pastorat"},"image":{"@id":"https:\/\/blogg.svenskakyrkan.se\/vandravagen\/#\/schema\/logo\/image\/"},"sameAs":["http:\/\/facebook.com\/vandravagen","https:\/\/x.com\/fadertomas","http:\/\/www.facebook.com\/svenskakyrkaniulricehamn"]},{"@type":"Person","@id":"https:\/\/blogg.svenskakyrkan.se\/vandravagen\/#\/schema\/person\/25da02d4f76b137d04291711e2c9fc16","name":"Tomas Jarvid","image":{"@type":"ImageObject","inLanguage":"sv-SE","@id":"https:\/\/blogg.svenskakyrkan.se\/vandravagen\/#\/schema\/person\/image\/","url":"https:\/\/secure.gravatar.com\/avatar\/7fa71899795e8f540f615a1f5ab25255dc27aa40f05ee7ddd21aac521e01bf50?s=96&d=identicon&r=g","contentUrl":"https:\/\/secure.gravatar.com\/avatar\/7fa71899795e8f540f615a1f5ab25255dc27aa40f05ee7ddd21aac521e01bf50?s=96&d=identicon&r=g","caption":"Tomas Jarvid"},"description":"Jag bor i Ulricehamn i V\u00e4sterg\u00f6tland och \u00e4r f\u00f6rsamlingspr\u00e4st i Svenska Kyrkan f\u00f6r Dalstorps f\u00f6rsamling i Kinds pastorat. P\u00e5 den h\u00e4r bloggen skriver jag ner tankar om vandringen som kristen.","sameAs":["http:\/\/www.vandravagen.se"],"url":"https:\/\/blogg.svenskakyrkan.se\/vandravagen\/author\/vandravagen\/"}]}},"author_meta":{"ID":"392","user_nicename":"vandravagen","user_url":"http:\/\/www.vandravagen.se","user_registered":"2014-05-19 05:44:52","display_name":"Tomas Jarvid","first_name":"Tomas","last_name":"Jarvid","avatar":"https:\/\/secure.gravatar.com\/avatar\/7fa71899795e8f540f615a1f5ab25255dc27aa40f05ee7ddd21aac521e01bf50?s=96&d=identicon&r=g"},"featured_image":false,"bloginfo":{"name":"Vandra V\u00e4gen","url":"https:\/\/blogg.svenskakyrkan.se\/vandravagen"},"_links":{"self":[{"href":"https:\/\/blogg.svenskakyrkan.se\/vandravagen\/wp-json\/wp\/v2\/posts\/2371","targetHints":{"allow":["GET"]}}],"collection":[{"href":"https:\/\/blogg.svenskakyrkan.se\/vandravagen\/wp-json\/wp\/v2\/posts"}],"about":[{"href":"https:\/\/blogg.svenskakyrkan.se\/vandravagen\/wp-json\/wp\/v2\/types\/post"}],"author":[{"embeddable":true,"href":"https:\/\/blogg.svenskakyrkan.se\/vandravagen\/wp-json\/wp\/v2\/users\/392"}],"replies":[{"embeddable":true,"href":"https:\/\/blogg.svenskakyrkan.se\/vandravagen\/wp-json\/wp\/v2\/comments?post=2371"}],"version-history":[{"count":1,"href":"https:\/\/blogg.svenskakyrkan.se\/vandravagen\/wp-json\/wp\/v2\/posts\/2371\/revisions"}],"predecessor-version":[{"id":2373,"href":"https:\/\/blogg.svenskakyrkan.se\/vandravagen\/wp-json\/wp\/v2\/posts\/2371\/revisions\/2373"}],"wp:attachment":[{"href":"https:\/\/blogg.svenskakyrkan.se\/vandravagen\/wp-json\/wp\/v2\/media?parent=2371"}],"wp:term":[{"taxonomy":"category","embeddable":true,"href":"https:\/\/blogg.svenskakyrkan.se\/vandravagen\/wp-json\/wp\/v2\/categories?post=2371"},{"taxonomy":"post_tag","embeddable":true,"href":"https:\/\/blogg.svenskakyrkan.se\/vandravagen\/wp-json\/wp\/v2\/tags?post=2371"}],"curies":[{"name":"wp","href":"https:\/\/api.w.org\/{rel}","templated":true}]}}