{"id":238,"date":"2013-12-19T08:52:00","date_gmt":"2013-12-19T07:52:00","guid":{"rendered":"http:\/\/blogg.svenskakyrkan.se\/vandravagen\/2013\/12\/19\/veckans-samlade-favoriter-fran-twitter-4\/"},"modified":"2013-12-19T08:52:00","modified_gmt":"2013-12-19T07:52:00","slug":"veckans-samlade-favoriter-fran-twitter-4","status":"publish","type":"post","link":"https:\/\/blogg.svenskakyrkan.se\/vandravagen\/2013\/12\/19\/veckans-samlade-favoriter-fran-twitter-4\/","title":{"rendered":"Veckans samlade favoriter fr\u00e5n twitter"},"content":{"rendered":"<table align=\"center\" cellpadding=\"0\" cellspacing=\"0\">\n<tbody>\n<tr>\n<td><a href=\"http:\/\/1.bp.blogspot.com\/-QfTBg0koPR0\/UrKUVlpuLoI\/AAAAAAAAGSI\/2UT9diSdIsA\/s1600\/IMG_2723.JPG\"><img loading=\"lazy\" decoding=\"async\" border=\"0\" height=\"430\" src=\"http:\/\/1.bp.blogspot.com\/-QfTBg0koPR0\/UrKUVlpuLoI\/AAAAAAAAGSI\/2UT9diSdIsA\/s640\/IMG_2723.JPG\" width=\"640\"><\/a><\/td>\n<\/tr>\n<tr>\n<td>&#8221;Vi har kommit hit f\u00f6r de utlovade tweetsen&#8221;<\/td>\n<\/tr>\n<\/tbody>\n<\/table>\n<div><\/div>\n<div>Det lackar mot jul. I dagarna tv\u00e5 har jag medverkat i olika julvandringar och spel och det har varit v\u00e4ldigt fint. Nu \u00e4r bloggen tillbaka med kraft och med denna numera traditionsenliga samling av de b\u00e4sta t\u00e4nkv\u00e4rdheterna(?) twitter haft att erbjuda p\u00e5 sistone.<\/div>\n<div><\/div>\n<div>Kristna (?) tweets<\/div>\n<div><\/div>\n<div><a href=\"http:\/\/1.bp.blogspot.com\/--VeX-gfVTmo\/UrKTetoe3_I\/AAAAAAAAGPM\/k4wITpkbQUk\/s1600\/Ska%CC%88rmavbild+2013-12-18+kl.+19.37.34.png\"><img loading=\"lazy\" decoding=\"async\" border=\"0\" height=\"102\" src=\"http:\/\/1.bp.blogspot.com\/--VeX-gfVTmo\/UrKTetoe3_I\/AAAAAAAAGPM\/k4wITpkbQUk\/s400\/Ska%CC%88rmavbild+2013-12-18+kl.+19.37.34.png\" width=\"400\"><\/a><\/div>\n<div><\/div>\n<div><\/div>\n<div><a href=\"http:\/\/4.bp.blogspot.com\/-8Jf3gyurH6A\/UrKTfb3cJfI\/AAAAAAAAGO0\/Vrwd-ozLGIw\/s1600\/Ska%CC%88rmavbild+2013-12-18+kl.+19.38.09.png\"><img loading=\"lazy\" decoding=\"async\" border=\"0\" height=\"85\" src=\"http:\/\/4.bp.blogspot.com\/-8Jf3gyurH6A\/UrKTfb3cJfI\/AAAAAAAAGO0\/Vrwd-ozLGIw\/s400\/Ska%CC%88rmavbild+2013-12-18+kl.+19.38.09.png\" width=\"400\"><\/a><\/div>\n<div><\/div>\n<div><\/div>\n<div>Lovs\u00e5ng, en livsstil!<\/div>\n<div><a href=\"http:\/\/4.bp.blogspot.com\/-roO2OrpVe-Q\/UrKTkuU5luI\/AAAAAAAAGQs\/6aJRRK5NZGU\/s1600\/Ska%CC%88rmavbild+2013-12-18+kl.+22.49.29.png\"><img loading=\"lazy\" decoding=\"async\" border=\"0\" height=\"98\" src=\"http:\/\/4.bp.blogspot.com\/-roO2OrpVe-Q\/UrKTkuU5luI\/AAAAAAAAGQs\/6aJRRK5NZGU\/s400\/Ska%CC%88rmavbild+2013-12-18+kl.+22.49.29.png\" width=\"400\"><\/a><\/div>\n<div><\/div>\n<div><\/div>\n<div><a href=\"http:\/\/3.bp.blogspot.com\/-Qlsc2KDxxSQ\/UrKTiPb3yQI\/AAAAAAAAGPw\/RcvvaJ8EsNk\/s1600\/Ska%CC%88rmavbild+2013-12-18+kl.+22.35.03.png\"><img loading=\"lazy\" decoding=\"async\" border=\"0\" height=\"87\" src=\"http:\/\/3.bp.blogspot.com\/-Qlsc2KDxxSQ\/UrKTiPb3yQI\/AAAAAAAAGPw\/RcvvaJ8EsNk\/s400\/Ska%CC%88rmavbild+2013-12-18+kl.+22.35.03.png\" width=\"400\"><\/a><\/div>\n<div><\/div>\n<div><\/div>\n<div>Bra d\u00e4r p\u00e5ven!<\/div>\n<div><a href=\"http:\/\/1.bp.blogspot.com\/-ZlcR5Puak0I\/UrKTlcrBngI\/AAAAAAAAGRE\/64zkA3O0vHs\/s1600\/Ska%CC%88rmavbild+2013-12-18+kl.+22.50.05.png\"><img loading=\"lazy\" decoding=\"async\" border=\"0\" height=\"60\" src=\"http:\/\/1.bp.blogspot.com\/-ZlcR5Puak0I\/UrKTlcrBngI\/AAAAAAAAGRE\/64zkA3O0vHs\/s400\/Ska%CC%88rmavbild+2013-12-18+kl.+22.50.05.png\" width=\"400\"><\/a><\/div>\n<div><\/div>\n<div><\/div>\n<div>Det h\u00e4r k\u00e4nner jag igen fr\u00e5n de gamla \u00f6kenf\u00e4dernas syn p\u00e5 &#8221;det delade hj\u00e4rtat&#8221;.<\/div>\n<div><a href=\"http:\/\/2.bp.blogspot.com\/-dJqr8ueHTyw\/UrKTjAQjmeI\/AAAAAAAAGQI\/5_f10sVpGok\/s1600\/Ska%CC%88rmavbild+2013-12-18+kl.+22.48.24.png\"><img loading=\"lazy\" decoding=\"async\" border=\"0\" height=\"63\" src=\"http:\/\/2.bp.blogspot.com\/-dJqr8ueHTyw\/UrKTjAQjmeI\/AAAAAAAAGQI\/5_f10sVpGok\/s400\/Ska%CC%88rmavbild+2013-12-18+kl.+22.48.24.png\" width=\"400\"><\/a><\/div>\n<div><\/div>\n<div><\/div>\n<div><\/div>\n<div><b>Kloka tweets<\/b><\/div>\n<div><\/div>\n<div><\/div>\n<div><a href=\"http:\/\/1.bp.blogspot.com\/-GyB780e6eF8\/UrKTfowtG0I\/AAAAAAAAGPI\/D5br2bfljBA\/s1600\/Ska%CC%88rmavbild+2013-12-18+kl.+22.28.08.png\"><img loading=\"lazy\" decoding=\"async\" border=\"0\" height=\"60\" src=\"http:\/\/1.bp.blogspot.com\/-GyB780e6eF8\/UrKTfowtG0I\/AAAAAAAAGPI\/D5br2bfljBA\/s400\/Ska%CC%88rmavbild+2013-12-18+kl.+22.28.08.png\" width=\"400\"><\/a><\/div>\n<div><\/div>\n<div><\/div>\n<div><a href=\"http:\/\/4.bp.blogspot.com\/-GYg9efyBJuM\/UrKTjkG-yRI\/AAAAAAAAGQQ\/qycuERCGm_Y\/s1600\/Ska%CC%88rmavbild+2013-12-18+kl.+22.48.41.png\"><img loading=\"lazy\" decoding=\"async\" border=\"0\" height=\"73\" src=\"http:\/\/4.bp.blogspot.com\/-GYg9efyBJuM\/UrKTjkG-yRI\/AAAAAAAAGQQ\/qycuERCGm_Y\/s400\/Ska%CC%88rmavbild+2013-12-18+kl.+22.48.41.png\" width=\"400\"><\/a><\/div>\n<div><\/div>\n<div><\/div>\n<div><a href=\"http:\/\/1.bp.blogspot.com\/-yrDoiqkVUpk\/UrKTgYK1nhI\/AAAAAAAAGPk\/ZAasU4982HY\/s1600\/Ska%CC%88rmavbild+2013-12-18+kl.+22.28.26.png\"><img loading=\"lazy\" decoding=\"async\" border=\"0\" height=\"90\" src=\"http:\/\/1.bp.blogspot.com\/-yrDoiqkVUpk\/UrKTgYK1nhI\/AAAAAAAAGPk\/ZAasU4982HY\/s400\/Ska%CC%88rmavbild+2013-12-18+kl.+22.28.26.png\" width=\"400\"><\/a><\/div>\n<div><\/div>\n<div><\/div>\n<div><a href=\"http:\/\/2.bp.blogspot.com\/-UsuzitZLrJI\/UrKTmVMpLUI\/AAAAAAAAGRc\/jK0KNU1zISc\/s1600\/Ska%CC%88rmavbild+2013-12-18+kl.+22.50.42.png\"><img loading=\"lazy\" decoding=\"async\" border=\"0\" height=\"73\" src=\"http:\/\/2.bp.blogspot.com\/-UsuzitZLrJI\/UrKTmVMpLUI\/AAAAAAAAGRc\/jK0KNU1zISc\/s400\/Ska%CC%88rmavbild+2013-12-18+kl.+22.50.42.png\" width=\"400\"><\/a><\/div>\n<div><\/div>\n<div><\/div>\n<div><a href=\"http:\/\/2.bp.blogspot.com\/-gfdQhM3NvUE\/UrKTh5GL4NI\/AAAAAAAAGP4\/2YByl8MvOsE\/s1600\/Ska%CC%88rmavbild+2013-12-18+kl.+22.29.26.png\"><img loading=\"lazy\" decoding=\"async\" border=\"0\" height=\"73\" src=\"http:\/\/2.bp.blogspot.com\/-gfdQhM3NvUE\/UrKTh5GL4NI\/AAAAAAAAGP4\/2YByl8MvOsE\/s400\/Ska%CC%88rmavbild+2013-12-18+kl.+22.29.26.png\" width=\"400\"><\/a><\/div>\n<div><\/div>\n<div><\/div>\n<div><a href=\"http:\/\/3.bp.blogspot.com\/-z3TC20V0JlQ\/UrKTiwcjRjI\/AAAAAAAAGQA\/hDRMtSLh9es\/s1600\/Ska%CC%88rmavbild+2013-12-18+kl.+22.38.00.png\"><img loading=\"lazy\" decoding=\"async\" border=\"0\" height=\"73\" src=\"http:\/\/3.bp.blogspot.com\/-z3TC20V0JlQ\/UrKTiwcjRjI\/AAAAAAAAGQA\/hDRMtSLh9es\/s400\/Ska%CC%88rmavbild+2013-12-18+kl.+22.38.00.png\" width=\"400\"><\/a><\/div>\n<div><\/div>\n<div><\/div>\n<div><a href=\"http:\/\/4.bp.blogspot.com\/-xXi2Vv5KFi8\/UrKTk4eVR8I\/AAAAAAAAGQk\/oCkymd9jb14\/s1600\/Ska%CC%88rmavbild+2013-12-18+kl.+22.49.58.png\"><img loading=\"lazy\" decoding=\"async\" border=\"0\" height=\"80\" src=\"http:\/\/4.bp.blogspot.com\/-xXi2Vv5KFi8\/UrKTk4eVR8I\/AAAAAAAAGQk\/oCkymd9jb14\/s400\/Ska%CC%88rmavbild+2013-12-18+kl.+22.49.58.png\" width=\"400\"><\/a><\/div>\n<div><\/div>\n<div><\/div>\n<div><a href=\"http:\/\/3.bp.blogspot.com\/-eikXFzid9JI\/UrKTnkMg-3I\/AAAAAAAAGRw\/EKhtz_aZOds\/s1600\/Ska%CC%88rmavbild+2013-12-18+kl.+22.51.44.png\"><img loading=\"lazy\" decoding=\"async\" border=\"0\" height=\"60\" src=\"http:\/\/3.bp.blogspot.com\/-eikXFzid9JI\/UrKTnkMg-3I\/AAAAAAAAGRw\/EKhtz_aZOds\/s400\/Ska%CC%88rmavbild+2013-12-18+kl.+22.51.44.png\" width=\"400\"><\/a><\/div>\n<div><\/div>\n<div><\/div>\n<div><a href=\"http:\/\/2.bp.blogspot.com\/-v2ij87b6DhU\/UrKTm4_IyBI\/AAAAAAAAGRU\/IjuSfYkZfGY\/s1600\/Ska%CC%88rmavbild+2013-12-18+kl.+22.51.23.png\"><img loading=\"lazy\" decoding=\"async\" border=\"0\" height=\"73\" src=\"http:\/\/2.bp.blogspot.com\/-v2ij87b6DhU\/UrKTm4_IyBI\/AAAAAAAAGRU\/IjuSfYkZfGY\/s400\/Ska%CC%88rmavbild+2013-12-18+kl.+22.51.23.png\" width=\"400\"><\/a><\/div>\n<div><\/div>\n<div><\/div>\n<div><a href=\"http:\/\/4.bp.blogspot.com\/-APb_-cim0xc\/UrKThBC_ibI\/AAAAAAAAGPc\/7HuviNvCGqk\/s1600\/Ska%CC%88rmavbild+2013-12-18+kl.+22.29.01.png\"><img loading=\"lazy\" decoding=\"async\" border=\"0\" height=\"76\" src=\"http:\/\/4.bp.blogspot.com\/-APb_-cim0xc\/UrKThBC_ibI\/AAAAAAAAGPc\/7HuviNvCGqk\/s400\/Ska%CC%88rmavbild+2013-12-18+kl.+22.29.01.png\" width=\"400\"><\/a><\/div>\n<div><\/div>\n<div><\/div>\n<div><\/div>\n<div><b>Roliga\/fyndiga\/\u00f6vriga tweets<\/b><\/div>\n<div><\/div>\n<div><\/div>\n<div>Fast det h\u00e4r var jobbigt, jag har ju satsat r\u00e4tt h\u00e5rt p\u00e5 att visheten sitter i sk\u00e4ggkliandet och s\u00e5 f\u00e5r man det h\u00e4r fr\u00e5n en ortodox jude:<\/div>\n<div><a href=\"http:\/\/1.bp.blogspot.com\/-2dtrYZYPBaM\/UrKTj4UgPxI\/AAAAAAAAGQY\/T7IQEiLgBiI\/s1600\/Ska%CC%88rmavbild+2013-12-18+kl.+22.48.54.png\"><img loading=\"lazy\" decoding=\"async\" border=\"0\" height=\"73\" src=\"http:\/\/1.bp.blogspot.com\/-2dtrYZYPBaM\/UrKTj4UgPxI\/AAAAAAAAGQY\/T7IQEiLgBiI\/s400\/Ska%CC%88rmavbild+2013-12-18+kl.+22.48.54.png\" width=\"400\"><\/a><\/div>\n<div><\/div>\n<div><\/div>\n<div><\/div>\n<div><a href=\"http:\/\/4.bp.blogspot.com\/-X0N3wg7blhk\/UrKTgmRtRRI\/AAAAAAAAGPg\/_FG2YWapLKU\/s1600\/Ska%CC%88rmavbild+2013-12-18+kl.+22.28.38.png\"><img loading=\"lazy\" decoding=\"async\" border=\"0\" height=\"101\" src=\"http:\/\/4.bp.blogspot.com\/-X0N3wg7blhk\/UrKTgmRtRRI\/AAAAAAAAGPg\/_FG2YWapLKU\/s400\/Ska%CC%88rmavbild+2013-12-18+kl.+22.28.38.png\" width=\"400\"><\/a><\/div>\n<div><\/div>\n<div><\/div>\n<div><a href=\"http:\/\/3.bp.blogspot.com\/-N4mbl26VO9c\/UrKTnhFvi8I\/AAAAAAAAGRs\/HaLuYc42LH4\/s1600\/Ska%CC%88rmavbild+2013-12-18+kl.+22.52.26.png\"><img loading=\"lazy\" decoding=\"async\" border=\"0\" height=\"87\" src=\"http:\/\/3.bp.blogspot.com\/-N4mbl26VO9c\/UrKTnhFvi8I\/AAAAAAAAGRs\/HaLuYc42LH4\/s400\/Ska%CC%88rmavbild+2013-12-18+kl.+22.52.26.png\" width=\"400\"><\/a><\/div>\n<div><\/div>\n<div><\/div>\n<div><a href=\"http:\/\/4.bp.blogspot.com\/-Qm-y82I7jI8\/UrKTlgldSHI\/AAAAAAAAGRA\/zFnNmcLotAc\/s1600\/Ska%CC%88rmavbild+2013-12-18+kl.+22.50.13.png\"><img loading=\"lazy\" decoding=\"async\" border=\"0\" height=\"73\" src=\"http:\/\/4.bp.blogspot.com\/-Qm-y82I7jI8\/UrKTlgldSHI\/AAAAAAAAGRA\/zFnNmcLotAc\/s400\/Ska%CC%88rmavbild+2013-12-18+kl.+22.50.13.png\" width=\"400\"><\/a><\/div>\n<div><\/div>\n<div><\/div>\n<div><a href=\"http:\/\/3.bp.blogspot.com\/-j4fh855YYqA\/UrKTl4_YCoI\/AAAAAAAAGQ8\/Gph_Zaw4t54\/s1600\/Ska%CC%88rmavbild+2013-12-18+kl.+22.50.35.png\"><img loading=\"lazy\" decoding=\"async\" border=\"0\" height=\"75\" src=\"http:\/\/3.bp.blogspot.com\/-j4fh855YYqA\/UrKTl4_YCoI\/AAAAAAAAGQ8\/Gph_Zaw4t54\/s400\/Ska%CC%88rmavbild+2013-12-18+kl.+22.50.35.png\" width=\"400\"><\/a><\/div>\n<div><\/div>\n<div><\/div>\n<div><a href=\"http:\/\/4.bp.blogspot.com\/-6ujDb553s2c\/UrKTmhFolOI\/AAAAAAAAGRY\/l71DQMx0ulY\/s1600\/Ska%CC%88rmavbild+2013-12-18+kl.+22.50.51.png\"><img loading=\"lazy\" decoding=\"async\" border=\"0\" height=\"87\" src=\"http:\/\/4.bp.blogspot.com\/-6ujDb553s2c\/UrKTmhFolOI\/AAAAAAAAGRY\/l71DQMx0ulY\/s400\/Ska%CC%88rmavbild+2013-12-18+kl.+22.50.51.png\" width=\"400\"><\/a><\/div>\n<div><\/div>\n<\/p>\n<div><a href=\"http:\/\/4.bp.blogspot.com\/-hz-JQXJWqDU\/UrKTeiC9P-I\/AAAAAAAAGOw\/fjp0CA4DR_s\/s1600\/Ska%CC%88rmavbild+2013-12-18+kl.+19.37.48.png\"><img loading=\"lazy\" decoding=\"async\" border=\"0\" height=\"75\" src=\"http:\/\/4.bp.blogspot.com\/-hz-JQXJWqDU\/UrKTeiC9P-I\/AAAAAAAAGOw\/fjp0CA4DR_s\/s400\/Ska%CC%88rmavbild+2013-12-18+kl.+19.37.48.png\" width=\"400\"><\/a><\/div>\n<div><\/div>\n<\/p>\n<div><a href=\"http:\/\/4.bp.blogspot.com\/-mLuFnuQ_zJI\/UrKTe1u1muI\/AAAAAAAAGOs\/AChqzu8uXts\/s1600\/Ska%CC%88rmavbild+2013-12-18+kl.+19.38.02.png\"><img loading=\"lazy\" decoding=\"async\" border=\"0\" height=\"61\" src=\"http:\/\/4.bp.blogspot.com\/-mLuFnuQ_zJI\/UrKTe1u1muI\/AAAAAAAAGOs\/AChqzu8uXts\/s400\/Ska%CC%88rmavbild+2013-12-18+kl.+19.38.02.png\" width=\"400\"><\/a><\/div>\n<\/p>\n<div><\/div>\n<div><\/div>\n<div><b>Veckans b\u00e4sta tweet!<\/b><\/div>\n<div><\/div>\n<div>\u00c4r fr\u00e5n @JennyCarlenius, jag riktigt k\u00e4nde frihetsk\u00e4nslan n\u00e4r jag l\u00e4ste det och det gladde jag mig mycket \u00e5r.\u00a0<\/div>\n<\/p>\n<div><\/div>\n<\/p>\n<div><a href=\"http:\/\/3.bp.blogspot.com\/-ZFHgkcN4GCg\/UrKTftzISqI\/AAAAAAAAGPE\/oFjUs7KThrI\/s1600\/Ska%CC%88rmavbild+2013-12-18+kl.+22.28.15.png\"><img loading=\"lazy\" decoding=\"async\" border=\"0\" height=\"75\" src=\"http:\/\/3.bp.blogspot.com\/-ZFHgkcN4GCg\/UrKTftzISqI\/AAAAAAAAGPE\/oFjUs7KThrI\/s400\/Ska%CC%88rmavbild+2013-12-18+kl.+22.28.15.png\" width=\"400\"><\/a><\/div>\n<div><\/div>\n<div>Tack alla!<\/div>\n<\/p>\n<div><\/div>\n<\/p>\n<div><\/div><\/p>\n","protected":false},"excerpt":{"rendered":"<p>&#8221;Vi har kommit hit f\u00f6r de utlovade tweetsen&#8221; Det lackar mot jul. I dagarna tv\u00e5 har jag medverkat i olika julvandringar och spel och det har varit v\u00e4ldigt fint. Nu \u00e4r bloggen tillbaka med kraft och med denna numera traditionsenliga samling av de b\u00e4sta t\u00e4nkv\u00e4rdheterna(?) twitter haft att erbjuda p\u00e5 sistone. Kristna (?) tweets Lovs\u00e5ng, [&hellip;]<\/p>\n","protected":false},"author":392,"featured_media":0,"comment_status":"open","ping_status":"open","sticky":false,"template":"","format":"standard","meta":{"_acf_changed":false,"footnotes":""},"categories":[76189,78772],"tags":[],"class_list":["post-238","post","type-post","status-publish","format-standard","hentry","category-dagens-kyrka","category-favorittweets"],"acf":[],"yoast_head":"<!-- This site is optimized with the Yoast SEO plugin v27.1.1 - https:\/\/yoast.com\/product\/yoast-seo-wordpress\/ -->\n<title>Veckans samlade favoriter fr\u00e5n twitter - Vandra V\u00e4gen<\/title>\n<meta name=\"robots\" content=\"index, follow, max-snippet:-1, max-image-preview:large, max-video-preview:-1\" \/>\n<link rel=\"canonical\" href=\"https:\/\/blogg.svenskakyrkan.se\/vandravagen\/2013\/12\/19\/veckans-samlade-favoriter-fran-twitter-4\/\" \/>\n<meta property=\"og:locale\" content=\"sv_SE\" \/>\n<meta property=\"og:type\" content=\"article\" \/>\n<meta property=\"og:title\" content=\"Veckans samlade favoriter fr\u00e5n twitter - Vandra V\u00e4gen\" \/>\n<meta property=\"og:description\" content=\"&#8221;Vi har kommit hit f\u00f6r de utlovade tweetsen&#8221; Det lackar mot jul. I dagarna tv\u00e5 har jag medverkat i olika julvandringar och spel och det har varit v\u00e4ldigt fint. Nu \u00e4r bloggen tillbaka med kraft och med denna numera traditionsenliga samling av de b\u00e4sta t\u00e4nkv\u00e4rdheterna(?) twitter haft att erbjuda p\u00e5 sistone. Kristna (?) tweets Lovs\u00e5ng, [&hellip;]\" \/>\n<meta property=\"og:url\" content=\"https:\/\/blogg.svenskakyrkan.se\/vandravagen\/2013\/12\/19\/veckans-samlade-favoriter-fran-twitter-4\/\" \/>\n<meta property=\"og:site_name\" content=\"Vandra V\u00e4gen\" \/>\n<meta property=\"article:publisher\" content=\"http:\/\/facebook.com\/vandravagen\" \/>\n<meta property=\"article:published_time\" content=\"2013-12-19T07:52:00+00:00\" \/>\n<meta property=\"og:image\" content=\"http:\/\/1.bp.blogspot.com\/-QfTBg0koPR0\/UrKUVlpuLoI\/AAAAAAAAGSI\/2UT9diSdIsA\/s640\/IMG_2723.JPG\" \/>\n<meta name=\"author\" content=\"Tomas Jarvid\" \/>\n<meta name=\"twitter:card\" content=\"summary_large_image\" \/>\n<meta name=\"twitter:creator\" content=\"@fadertomas\" \/>\n<meta name=\"twitter:site\" content=\"@fadertomas\" \/>\n<meta name=\"twitter:label1\" content=\"Skriven av\" \/>\n\t<meta name=\"twitter:data1\" content=\"Tomas Jarvid\" \/>\n\t<meta name=\"twitter:label2\" content=\"Ber\u00e4knad l\u00e4stid\" \/>\n\t<meta name=\"twitter:data2\" content=\"1 minut\" \/>\n<script type=\"application\/ld+json\" class=\"yoast-schema-graph\">{\"@context\":\"https:\/\/schema.org\",\"@graph\":[{\"@type\":\"Article\",\"@id\":\"https:\/\/blogg.svenskakyrkan.se\/vandravagen\/2013\/12\/19\/veckans-samlade-favoriter-fran-twitter-4\/#article\",\"isPartOf\":{\"@id\":\"https:\/\/blogg.svenskakyrkan.se\/vandravagen\/2013\/12\/19\/veckans-samlade-favoriter-fran-twitter-4\/\"},\"author\":{\"name\":\"Tomas Jarvid\",\"@id\":\"https:\/\/blogg.svenskakyrkan.se\/vandravagen\/#\/schema\/person\/25da02d4f76b137d04291711e2c9fc16\"},\"headline\":\"Veckans samlade favoriter fr\u00e5n twitter\",\"datePublished\":\"2013-12-19T07:52:00+00:00\",\"mainEntityOfPage\":{\"@id\":\"https:\/\/blogg.svenskakyrkan.se\/vandravagen\/2013\/12\/19\/veckans-samlade-favoriter-fran-twitter-4\/\"},\"wordCount\":161,\"commentCount\":3,\"publisher\":{\"@id\":\"https:\/\/blogg.svenskakyrkan.se\/vandravagen\/#organization\"},\"image\":{\"@id\":\"https:\/\/blogg.svenskakyrkan.se\/vandravagen\/2013\/12\/19\/veckans-samlade-favoriter-fran-twitter-4\/#primaryimage\"},\"thumbnailUrl\":\"http:\/\/1.bp.blogspot.com\/-QfTBg0koPR0\/UrKUVlpuLoI\/AAAAAAAAGSI\/2UT9diSdIsA\/s640\/IMG_2723.JPG\",\"articleSection\":[\"Dagens Kyrka\",\"favorittweets\"],\"inLanguage\":\"sv-SE\",\"potentialAction\":[{\"@type\":\"CommentAction\",\"name\":\"Comment\",\"target\":[\"https:\/\/blogg.svenskakyrkan.se\/vandravagen\/2013\/12\/19\/veckans-samlade-favoriter-fran-twitter-4\/#respond\"]}]},{\"@type\":\"WebPage\",\"@id\":\"https:\/\/blogg.svenskakyrkan.se\/vandravagen\/2013\/12\/19\/veckans-samlade-favoriter-fran-twitter-4\/\",\"url\":\"https:\/\/blogg.svenskakyrkan.se\/vandravagen\/2013\/12\/19\/veckans-samlade-favoriter-fran-twitter-4\/\",\"name\":\"Veckans samlade favoriter fr\u00e5n twitter - Vandra V\u00e4gen\",\"isPartOf\":{\"@id\":\"https:\/\/blogg.svenskakyrkan.se\/vandravagen\/#website\"},\"primaryImageOfPage\":{\"@id\":\"https:\/\/blogg.svenskakyrkan.se\/vandravagen\/2013\/12\/19\/veckans-samlade-favoriter-fran-twitter-4\/#primaryimage\"},\"image\":{\"@id\":\"https:\/\/blogg.svenskakyrkan.se\/vandravagen\/2013\/12\/19\/veckans-samlade-favoriter-fran-twitter-4\/#primaryimage\"},\"thumbnailUrl\":\"http:\/\/1.bp.blogspot.com\/-QfTBg0koPR0\/UrKUVlpuLoI\/AAAAAAAAGSI\/2UT9diSdIsA\/s640\/IMG_2723.JPG\",\"datePublished\":\"2013-12-19T07:52:00+00:00\",\"breadcrumb\":{\"@id\":\"https:\/\/blogg.svenskakyrkan.se\/vandravagen\/2013\/12\/19\/veckans-samlade-favoriter-fran-twitter-4\/#breadcrumb\"},\"inLanguage\":\"sv-SE\",\"potentialAction\":[{\"@type\":\"ReadAction\",\"target\":[\"https:\/\/blogg.svenskakyrkan.se\/vandravagen\/2013\/12\/19\/veckans-samlade-favoriter-fran-twitter-4\/\"]}]},{\"@type\":\"ImageObject\",\"inLanguage\":\"sv-SE\",\"@id\":\"https:\/\/blogg.svenskakyrkan.se\/vandravagen\/2013\/12\/19\/veckans-samlade-favoriter-fran-twitter-4\/#primaryimage\",\"url\":\"http:\/\/1.bp.blogspot.com\/-QfTBg0koPR0\/UrKUVlpuLoI\/AAAAAAAAGSI\/2UT9diSdIsA\/s640\/IMG_2723.JPG\",\"contentUrl\":\"http:\/\/1.bp.blogspot.com\/-QfTBg0koPR0\/UrKUVlpuLoI\/AAAAAAAAGSI\/2UT9diSdIsA\/s640\/IMG_2723.JPG\"},{\"@type\":\"BreadcrumbList\",\"@id\":\"https:\/\/blogg.svenskakyrkan.se\/vandravagen\/2013\/12\/19\/veckans-samlade-favoriter-fran-twitter-4\/#breadcrumb\",\"itemListElement\":[{\"@type\":\"ListItem\",\"position\":1,\"name\":\"Hem\",\"item\":\"https:\/\/blogg.svenskakyrkan.se\/vandravagen\/\"},{\"@type\":\"ListItem\",\"position\":2,\"name\":\"Veckans samlade favoriter fr\u00e5n twitter\"}]},{\"@type\":\"WebSite\",\"@id\":\"https:\/\/blogg.svenskakyrkan.se\/vandravagen\/#website\",\"url\":\"https:\/\/blogg.svenskakyrkan.se\/vandravagen\/\",\"name\":\"Vandra V\u00e4gen\",\"description\":\"-Mot en tro f\u00f6r hela livet\",\"publisher\":{\"@id\":\"https:\/\/blogg.svenskakyrkan.se\/vandravagen\/#organization\"},\"potentialAction\":[{\"@type\":\"SearchAction\",\"target\":{\"@type\":\"EntryPoint\",\"urlTemplate\":\"https:\/\/blogg.svenskakyrkan.se\/vandravagen\/?s={search_term_string}\"},\"query-input\":{\"@type\":\"PropertyValueSpecification\",\"valueRequired\":true,\"valueName\":\"search_term_string\"}}],\"inLanguage\":\"sv-SE\"},{\"@type\":\"Organization\",\"@id\":\"https:\/\/blogg.svenskakyrkan.se\/vandravagen\/#organization\",\"name\":\"ulricehamns pastorat\",\"alternateName\":\"ulricehamns pastorat\",\"url\":\"https:\/\/blogg.svenskakyrkan.se\/vandravagen\/\",\"logo\":{\"@type\":\"ImageObject\",\"inLanguage\":\"sv-SE\",\"@id\":\"https:\/\/blogg.svenskakyrkan.se\/vandravagen\/#\/schema\/logo\/image\/\",\"url\":\"https:\/\/blogg.svenskakyrkan.se\/vandravagen\/files\/2023\/05\/Ulr_logo_RGB.png\",\"contentUrl\":\"https:\/\/blogg.svenskakyrkan.se\/vandravagen\/files\/2023\/05\/Ulr_logo_RGB.png\",\"width\":205,\"height\":77,\"caption\":\"ulricehamns pastorat\"},\"image\":{\"@id\":\"https:\/\/blogg.svenskakyrkan.se\/vandravagen\/#\/schema\/logo\/image\/\"},\"sameAs\":[\"http:\/\/facebook.com\/vandravagen\",\"https:\/\/x.com\/fadertomas\",\"http:\/\/www.facebook.com\/svenskakyrkaniulricehamn\"]},{\"@type\":\"Person\",\"@id\":\"https:\/\/blogg.svenskakyrkan.se\/vandravagen\/#\/schema\/person\/25da02d4f76b137d04291711e2c9fc16\",\"name\":\"Tomas Jarvid\",\"image\":{\"@type\":\"ImageObject\",\"inLanguage\":\"sv-SE\",\"@id\":\"https:\/\/blogg.svenskakyrkan.se\/vandravagen\/#\/schema\/person\/image\/\",\"url\":\"https:\/\/secure.gravatar.com\/avatar\/7fa71899795e8f540f615a1f5ab25255dc27aa40f05ee7ddd21aac521e01bf50?s=96&d=identicon&r=g\",\"contentUrl\":\"https:\/\/secure.gravatar.com\/avatar\/7fa71899795e8f540f615a1f5ab25255dc27aa40f05ee7ddd21aac521e01bf50?s=96&d=identicon&r=g\",\"caption\":\"Tomas Jarvid\"},\"description\":\"Jag bor i Ulricehamn i V\u00e4sterg\u00f6tland och \u00e4r f\u00f6rsamlingspr\u00e4st i Svenska Kyrkan f\u00f6r Dalstorps f\u00f6rsamling i Kinds pastorat. P\u00e5 den h\u00e4r bloggen skriver jag ner tankar om vandringen som kristen.\",\"sameAs\":[\"http:\/\/www.vandravagen.se\"],\"url\":\"https:\/\/blogg.svenskakyrkan.se\/vandravagen\/author\/vandravagen\/\"}]}<\/script>\n<!-- \/ Yoast SEO plugin. -->","yoast_head_json":{"title":"Veckans samlade favoriter fr\u00e5n twitter - Vandra V\u00e4gen","robots":{"index":"index","follow":"follow","max-snippet":"max-snippet:-1","max-image-preview":"max-image-preview:large","max-video-preview":"max-video-preview:-1"},"canonical":"https:\/\/blogg.svenskakyrkan.se\/vandravagen\/2013\/12\/19\/veckans-samlade-favoriter-fran-twitter-4\/","og_locale":"sv_SE","og_type":"article","og_title":"Veckans samlade favoriter fr\u00e5n twitter - Vandra V\u00e4gen","og_description":"&#8221;Vi har kommit hit f\u00f6r de utlovade tweetsen&#8221; Det lackar mot jul. I dagarna tv\u00e5 har jag medverkat i olika julvandringar och spel och det har varit v\u00e4ldigt fint. Nu \u00e4r bloggen tillbaka med kraft och med denna numera traditionsenliga samling av de b\u00e4sta t\u00e4nkv\u00e4rdheterna(?) twitter haft att erbjuda p\u00e5 sistone. Kristna (?) tweets Lovs\u00e5ng, [&hellip;]","og_url":"https:\/\/blogg.svenskakyrkan.se\/vandravagen\/2013\/12\/19\/veckans-samlade-favoriter-fran-twitter-4\/","og_site_name":"Vandra V\u00e4gen","article_publisher":"http:\/\/facebook.com\/vandravagen","article_published_time":"2013-12-19T07:52:00+00:00","og_image":[{"url":"http:\/\/1.bp.blogspot.com\/-QfTBg0koPR0\/UrKUVlpuLoI\/AAAAAAAAGSI\/2UT9diSdIsA\/s640\/IMG_2723.JPG","type":"","width":"","height":""}],"author":"Tomas Jarvid","twitter_card":"summary_large_image","twitter_creator":"@fadertomas","twitter_site":"@fadertomas","twitter_misc":{"Skriven av":"Tomas Jarvid","Ber\u00e4knad l\u00e4stid":"1 minut"},"schema":{"@context":"https:\/\/schema.org","@graph":[{"@type":"Article","@id":"https:\/\/blogg.svenskakyrkan.se\/vandravagen\/2013\/12\/19\/veckans-samlade-favoriter-fran-twitter-4\/#article","isPartOf":{"@id":"https:\/\/blogg.svenskakyrkan.se\/vandravagen\/2013\/12\/19\/veckans-samlade-favoriter-fran-twitter-4\/"},"author":{"name":"Tomas Jarvid","@id":"https:\/\/blogg.svenskakyrkan.se\/vandravagen\/#\/schema\/person\/25da02d4f76b137d04291711e2c9fc16"},"headline":"Veckans samlade favoriter fr\u00e5n twitter","datePublished":"2013-12-19T07:52:00+00:00","mainEntityOfPage":{"@id":"https:\/\/blogg.svenskakyrkan.se\/vandravagen\/2013\/12\/19\/veckans-samlade-favoriter-fran-twitter-4\/"},"wordCount":161,"commentCount":3,"publisher":{"@id":"https:\/\/blogg.svenskakyrkan.se\/vandravagen\/#organization"},"image":{"@id":"https:\/\/blogg.svenskakyrkan.se\/vandravagen\/2013\/12\/19\/veckans-samlade-favoriter-fran-twitter-4\/#primaryimage"},"thumbnailUrl":"http:\/\/1.bp.blogspot.com\/-QfTBg0koPR0\/UrKUVlpuLoI\/AAAAAAAAGSI\/2UT9diSdIsA\/s640\/IMG_2723.JPG","articleSection":["Dagens Kyrka","favorittweets"],"inLanguage":"sv-SE","potentialAction":[{"@type":"CommentAction","name":"Comment","target":["https:\/\/blogg.svenskakyrkan.se\/vandravagen\/2013\/12\/19\/veckans-samlade-favoriter-fran-twitter-4\/#respond"]}]},{"@type":"WebPage","@id":"https:\/\/blogg.svenskakyrkan.se\/vandravagen\/2013\/12\/19\/veckans-samlade-favoriter-fran-twitter-4\/","url":"https:\/\/blogg.svenskakyrkan.se\/vandravagen\/2013\/12\/19\/veckans-samlade-favoriter-fran-twitter-4\/","name":"Veckans samlade favoriter fr\u00e5n twitter - Vandra V\u00e4gen","isPartOf":{"@id":"https:\/\/blogg.svenskakyrkan.se\/vandravagen\/#website"},"primaryImageOfPage":{"@id":"https:\/\/blogg.svenskakyrkan.se\/vandravagen\/2013\/12\/19\/veckans-samlade-favoriter-fran-twitter-4\/#primaryimage"},"image":{"@id":"https:\/\/blogg.svenskakyrkan.se\/vandravagen\/2013\/12\/19\/veckans-samlade-favoriter-fran-twitter-4\/#primaryimage"},"thumbnailUrl":"http:\/\/1.bp.blogspot.com\/-QfTBg0koPR0\/UrKUVlpuLoI\/AAAAAAAAGSI\/2UT9diSdIsA\/s640\/IMG_2723.JPG","datePublished":"2013-12-19T07:52:00+00:00","breadcrumb":{"@id":"https:\/\/blogg.svenskakyrkan.se\/vandravagen\/2013\/12\/19\/veckans-samlade-favoriter-fran-twitter-4\/#breadcrumb"},"inLanguage":"sv-SE","potentialAction":[{"@type":"ReadAction","target":["https:\/\/blogg.svenskakyrkan.se\/vandravagen\/2013\/12\/19\/veckans-samlade-favoriter-fran-twitter-4\/"]}]},{"@type":"ImageObject","inLanguage":"sv-SE","@id":"https:\/\/blogg.svenskakyrkan.se\/vandravagen\/2013\/12\/19\/veckans-samlade-favoriter-fran-twitter-4\/#primaryimage","url":"http:\/\/1.bp.blogspot.com\/-QfTBg0koPR0\/UrKUVlpuLoI\/AAAAAAAAGSI\/2UT9diSdIsA\/s640\/IMG_2723.JPG","contentUrl":"http:\/\/1.bp.blogspot.com\/-QfTBg0koPR0\/UrKUVlpuLoI\/AAAAAAAAGSI\/2UT9diSdIsA\/s640\/IMG_2723.JPG"},{"@type":"BreadcrumbList","@id":"https:\/\/blogg.svenskakyrkan.se\/vandravagen\/2013\/12\/19\/veckans-samlade-favoriter-fran-twitter-4\/#breadcrumb","itemListElement":[{"@type":"ListItem","position":1,"name":"Hem","item":"https:\/\/blogg.svenskakyrkan.se\/vandravagen\/"},{"@type":"ListItem","position":2,"name":"Veckans samlade favoriter fr\u00e5n twitter"}]},{"@type":"WebSite","@id":"https:\/\/blogg.svenskakyrkan.se\/vandravagen\/#website","url":"https:\/\/blogg.svenskakyrkan.se\/vandravagen\/","name":"Vandra V\u00e4gen","description":"-Mot en tro f\u00f6r hela livet","publisher":{"@id":"https:\/\/blogg.svenskakyrkan.se\/vandravagen\/#organization"},"potentialAction":[{"@type":"SearchAction","target":{"@type":"EntryPoint","urlTemplate":"https:\/\/blogg.svenskakyrkan.se\/vandravagen\/?s={search_term_string}"},"query-input":{"@type":"PropertyValueSpecification","valueRequired":true,"valueName":"search_term_string"}}],"inLanguage":"sv-SE"},{"@type":"Organization","@id":"https:\/\/blogg.svenskakyrkan.se\/vandravagen\/#organization","name":"ulricehamns pastorat","alternateName":"ulricehamns pastorat","url":"https:\/\/blogg.svenskakyrkan.se\/vandravagen\/","logo":{"@type":"ImageObject","inLanguage":"sv-SE","@id":"https:\/\/blogg.svenskakyrkan.se\/vandravagen\/#\/schema\/logo\/image\/","url":"https:\/\/blogg.svenskakyrkan.se\/vandravagen\/files\/2023\/05\/Ulr_logo_RGB.png","contentUrl":"https:\/\/blogg.svenskakyrkan.se\/vandravagen\/files\/2023\/05\/Ulr_logo_RGB.png","width":205,"height":77,"caption":"ulricehamns pastorat"},"image":{"@id":"https:\/\/blogg.svenskakyrkan.se\/vandravagen\/#\/schema\/logo\/image\/"},"sameAs":["http:\/\/facebook.com\/vandravagen","https:\/\/x.com\/fadertomas","http:\/\/www.facebook.com\/svenskakyrkaniulricehamn"]},{"@type":"Person","@id":"https:\/\/blogg.svenskakyrkan.se\/vandravagen\/#\/schema\/person\/25da02d4f76b137d04291711e2c9fc16","name":"Tomas Jarvid","image":{"@type":"ImageObject","inLanguage":"sv-SE","@id":"https:\/\/blogg.svenskakyrkan.se\/vandravagen\/#\/schema\/person\/image\/","url":"https:\/\/secure.gravatar.com\/avatar\/7fa71899795e8f540f615a1f5ab25255dc27aa40f05ee7ddd21aac521e01bf50?s=96&d=identicon&r=g","contentUrl":"https:\/\/secure.gravatar.com\/avatar\/7fa71899795e8f540f615a1f5ab25255dc27aa40f05ee7ddd21aac521e01bf50?s=96&d=identicon&r=g","caption":"Tomas Jarvid"},"description":"Jag bor i Ulricehamn i V\u00e4sterg\u00f6tland och \u00e4r f\u00f6rsamlingspr\u00e4st i Svenska Kyrkan f\u00f6r Dalstorps f\u00f6rsamling i Kinds pastorat. P\u00e5 den h\u00e4r bloggen skriver jag ner tankar om vandringen som kristen.","sameAs":["http:\/\/www.vandravagen.se"],"url":"https:\/\/blogg.svenskakyrkan.se\/vandravagen\/author\/vandravagen\/"}]}},"author_meta":{"ID":"392","user_nicename":"vandravagen","user_url":"http:\/\/www.vandravagen.se","user_registered":"2014-05-19 05:44:52","display_name":"Tomas Jarvid","first_name":"Tomas","last_name":"Jarvid","avatar":"https:\/\/secure.gravatar.com\/avatar\/7fa71899795e8f540f615a1f5ab25255dc27aa40f05ee7ddd21aac521e01bf50?s=96&d=identicon&r=g"},"featured_image":false,"bloginfo":{"name":"Vandra V\u00e4gen","url":"https:\/\/blogg.svenskakyrkan.se\/vandravagen"},"_links":{"self":[{"href":"https:\/\/blogg.svenskakyrkan.se\/vandravagen\/wp-json\/wp\/v2\/posts\/238","targetHints":{"allow":["GET"]}}],"collection":[{"href":"https:\/\/blogg.svenskakyrkan.se\/vandravagen\/wp-json\/wp\/v2\/posts"}],"about":[{"href":"https:\/\/blogg.svenskakyrkan.se\/vandravagen\/wp-json\/wp\/v2\/types\/post"}],"author":[{"embeddable":true,"href":"https:\/\/blogg.svenskakyrkan.se\/vandravagen\/wp-json\/wp\/v2\/users\/392"}],"replies":[{"embeddable":true,"href":"https:\/\/blogg.svenskakyrkan.se\/vandravagen\/wp-json\/wp\/v2\/comments?post=238"}],"version-history":[{"count":0,"href":"https:\/\/blogg.svenskakyrkan.se\/vandravagen\/wp-json\/wp\/v2\/posts\/238\/revisions"}],"wp:attachment":[{"href":"https:\/\/blogg.svenskakyrkan.se\/vandravagen\/wp-json\/wp\/v2\/media?parent=238"}],"wp:term":[{"taxonomy":"category","embeddable":true,"href":"https:\/\/blogg.svenskakyrkan.se\/vandravagen\/wp-json\/wp\/v2\/categories?post=238"},{"taxonomy":"post_tag","embeddable":true,"href":"https:\/\/blogg.svenskakyrkan.se\/vandravagen\/wp-json\/wp\/v2\/tags?post=238"}],"curies":[{"name":"wp","href":"https:\/\/api.w.org\/{rel}","templated":true}]}}