{"id":2391,"date":"2015-03-05T07:00:48","date_gmt":"2015-03-05T06:00:48","guid":{"rendered":"http:\/\/blogg.svenskakyrkan.se\/vandravagen\/?p=2391"},"modified":"2015-03-04T20:03:16","modified_gmt":"2015-03-04T19:03:16","slug":"gor-som-gud-njut-av-skapelsen","status":"publish","type":"post","link":"https:\/\/blogg.svenskakyrkan.se\/vandravagen\/2015\/03\/05\/gor-som-gud-njut-av-skapelsen\/","title":{"rendered":"G\u00f6r som Gud &#8211; njut av skapelsen"},"content":{"rendered":"<div id=\"attachment_2777\" style=\"width: 746px\" class=\"wp-caption aligncenter\"><a href=\"http:\/\/blogg.svenskakyrkan.se\/vandravagen\/files\/2015\/03\/IMG_5735.jpg\"><img loading=\"lazy\" decoding=\"async\" aria-describedby=\"caption-attachment-2777\" class=\"size-full wp-image-2777\" src=\"http:\/\/blogg.svenskakyrkan.se\/vandravagen\/files\/2015\/03\/IMG_5735.jpg\" alt=\"Jo det h\u00e4r \u00e4r vinguden Bacchus. Fast om du l\u00e4ser till slut anar du nog varf\u00f6r dyrkan av honom inte h\u00e5ller...\" width=\"736\" height=\"884\" srcset=\"https:\/\/blogg.svenskakyrkan.se\/vandravagen\/files\/2015\/03\/IMG_5735.jpg 736w, https:\/\/blogg.svenskakyrkan.se\/vandravagen\/files\/2015\/03\/IMG_5735-300x360.jpg 300w, https:\/\/blogg.svenskakyrkan.se\/vandravagen\/files\/2015\/03\/IMG_5735-249x300.jpg 249w\" sizes=\"auto, (max-width: 736px) 100vw, 736px\" \/><\/a><p id=\"caption-attachment-2777\" class=\"wp-caption-text\">Jo det h\u00e4r \u00e4r vinguden Bacchus. Fast om du l\u00e4ser till slut anar du nog varf\u00f6r dyrkan av honom inte h\u00e5ller&#8230;<\/p><\/div>\n<p>&nbsp;<\/p>\n<p>Ok, nu tar vi i ordentligt. Fr\u00e5gan framf\u00f6r alla fr\u00e5gor:<\/p>\n<blockquote>\n<p>Vad \u00e4r meningen med livet?<\/p>\n<p>&nbsp;<\/p>\n<\/blockquote>\n<p>Nej, det h\u00e4r blir inte det slutgiltiga svaret p\u00e5 den fr\u00e5gan men \u00e4nd\u00e5 vad jag tror \u00e4r ett viktigt svar.<\/p>\n<p>Det ber\u00e4ttas om Gud att sedan Gud skapat v\u00e4rlden p\u00e5 6 dagar s\u00e5 vilade han. Kanske \u00e4r det h\u00e4r svaret p\u00e5 varf\u00f6r Gud skapar v\u00e4rlden \u00f6ver huvud taget? <strong>F\u00f6r att njuta av den och gl\u00e4djas \u00e5t allt det goda i den.<\/strong><\/p>\n<p>M\u00e4nniskan \u00e4r en del i det h\u00e4r. Skapad av Gud men ocks\u00e5 en m\u00e4rklig slags f\u00f6rvaltare eller fadder \u00f6ver den v\u00e4rld hon blev satt i. Vad \u00e4r meningen med det? Kanske samma sak. F\u00f6r att vi ska kunna njuta av det goda och gl\u00e4djas \u00f6ver det tillsammans med Gud.<\/p>\n<p>Strax d\u00e4rp\u00e5 i bibeltexterna s\u00e5 kommer ondskan in i v\u00e4rlden och m\u00e4nniskan f\u00e5r ocks\u00e5 \u00e4gna sig \u00e5t att k\u00e4mpa f\u00f6r det goda men det \u00e4r faktiskt f\u00f6rst senare. F\u00f6rst var allt gott. Vad kan m\u00e4nniskan ha f\u00f6r syfte i s\u00e5dan v\u00e4rld, mer \u00e4n att njuta av den? Bibeln g\u00e5r vidare med att det ocks\u00e5 ska komma en dag d\u00e5 det ondas tid \u00e4r \u00f6ver, d\u00e5 det goda \u00e4r allt. Vad ska m\u00e4nniskan g\u00f6ra i en s\u00e5dan v\u00e4rld?<\/p>\n<p>I v\u00e4rlden som den nu ser ut, <strong>d\u00e4r det onda \u00e4r hemskt verkligt, \u00e4r det mer komplicerat.<\/strong> Min njutning kanske h\u00e4nger ihop med andras olycka? Avund kanske smyger sig in och f\u00f6rd\u00e4rvar gl\u00e4djen? Ren oskyldig njutning \u00e4r ibland ganska ovanligt?<\/p>\n<p>I en del \u00f6ron l\u00e5ter nog det jag skrivit h\u00e4r konstigt och ovant. Njutningen \u00e4r inte n\u00e5got vi talar alltf\u00f6r ofta om i kyrkan (eller?). Samtidigt \u00e4r det en oerh\u00f6rt sk\u00f6n\u00a0tanke om en gener\u00f6s Gud. Eller vad s\u00e4ger du?<\/p>\n<p>Om jag gl\u00e4ds \u00e5t livet och v\u00e4rlden s\u00e5 \u00e4r det inget on\u00f6digt eller onyttigt med det. Det \u00e4r f\u00f6r det vi finns till.<\/p>\n","protected":false},"excerpt":{"rendered":"<p>&nbsp; Ok, nu tar vi i ordentligt. Fr\u00e5gan framf\u00f6r alla fr\u00e5gor: Vad \u00e4r meningen med livet? &nbsp; Nej, det h\u00e4r blir inte det slutgiltiga svaret p\u00e5 den fr\u00e5gan men \u00e4nd\u00e5 vad jag tror \u00e4r ett viktigt svar. Det ber\u00e4ttas om Gud att sedan Gud skapat v\u00e4rlden p\u00e5 6 dagar s\u00e5 vilade han. Kanske \u00e4r det [&hellip;]<\/p>\n","protected":false},"author":392,"featured_media":0,"comment_status":"open","ping_status":"open","sticky":false,"template":"","format":"standard","meta":{"_acf_changed":false,"footnotes":""},"categories":[76189,117,77554],"tags":[],"class_list":["post-2391","post","type-post","status-publish","format-standard","hentry","category-dagens-kyrka","category-teologi","category-vara-manniska"],"acf":[],"yoast_head":"<!-- This site is optimized with the Yoast SEO plugin v27.1.1 - https:\/\/yoast.com\/product\/yoast-seo-wordpress\/ -->\n<title>G\u00f6r som Gud - njut av skapelsen - Vandra V\u00e4gen<\/title>\n<meta name=\"robots\" content=\"index, follow, max-snippet:-1, max-image-preview:large, max-video-preview:-1\" \/>\n<link rel=\"canonical\" href=\"https:\/\/blogg.svenskakyrkan.se\/vandravagen\/2015\/03\/05\/gor-som-gud-njut-av-skapelsen\/\" \/>\n<meta property=\"og:locale\" content=\"sv_SE\" \/>\n<meta property=\"og:type\" content=\"article\" \/>\n<meta property=\"og:title\" content=\"G\u00f6r som Gud - njut av skapelsen - Vandra V\u00e4gen\" \/>\n<meta property=\"og:description\" content=\"&nbsp; Ok, nu tar vi i ordentligt. Fr\u00e5gan framf\u00f6r alla fr\u00e5gor: Vad \u00e4r meningen med livet? &nbsp; Nej, det h\u00e4r blir inte det slutgiltiga svaret p\u00e5 den fr\u00e5gan men \u00e4nd\u00e5 vad jag tror \u00e4r ett viktigt svar. Det ber\u00e4ttas om Gud att sedan Gud skapat v\u00e4rlden p\u00e5 6 dagar s\u00e5 vilade han. Kanske \u00e4r det [&hellip;]\" \/>\n<meta property=\"og:url\" content=\"https:\/\/blogg.svenskakyrkan.se\/vandravagen\/2015\/03\/05\/gor-som-gud-njut-av-skapelsen\/\" \/>\n<meta property=\"og:site_name\" content=\"Vandra V\u00e4gen\" \/>\n<meta property=\"article:publisher\" content=\"http:\/\/facebook.com\/vandravagen\" \/>\n<meta property=\"article:published_time\" content=\"2015-03-05T06:00:48+00:00\" \/>\n<meta property=\"og:image\" content=\"http:\/\/blogg.svenskakyrkan.se\/vandravagen\/files\/2015\/03\/IMG_5735.jpg\" \/>\n<meta name=\"author\" content=\"Tomas Jarvid\" \/>\n<meta name=\"twitter:card\" content=\"summary_large_image\" \/>\n<meta name=\"twitter:creator\" content=\"@fadertomas\" \/>\n<meta name=\"twitter:site\" content=\"@fadertomas\" \/>\n<meta name=\"twitter:label1\" content=\"Skriven av\" \/>\n\t<meta name=\"twitter:data1\" content=\"Tomas Jarvid\" \/>\n\t<meta name=\"twitter:label2\" content=\"Ber\u00e4knad l\u00e4stid\" \/>\n\t<meta name=\"twitter:data2\" content=\"2 minuter\" \/>\n<script type=\"application\/ld+json\" class=\"yoast-schema-graph\">{\"@context\":\"https:\/\/schema.org\",\"@graph\":[{\"@type\":\"Article\",\"@id\":\"https:\/\/blogg.svenskakyrkan.se\/vandravagen\/2015\/03\/05\/gor-som-gud-njut-av-skapelsen\/#article\",\"isPartOf\":{\"@id\":\"https:\/\/blogg.svenskakyrkan.se\/vandravagen\/2015\/03\/05\/gor-som-gud-njut-av-skapelsen\/\"},\"author\":{\"name\":\"Tomas Jarvid\",\"@id\":\"https:\/\/blogg.svenskakyrkan.se\/vandravagen\/#\/schema\/person\/25da02d4f76b137d04291711e2c9fc16\"},\"headline\":\"G\u00f6r som Gud &#8211; njut av skapelsen\",\"datePublished\":\"2015-03-05T06:00:48+00:00\",\"mainEntityOfPage\":{\"@id\":\"https:\/\/blogg.svenskakyrkan.se\/vandravagen\/2015\/03\/05\/gor-som-gud-njut-av-skapelsen\/\"},\"wordCount\":400,\"commentCount\":2,\"publisher\":{\"@id\":\"https:\/\/blogg.svenskakyrkan.se\/vandravagen\/#organization\"},\"image\":{\"@id\":\"https:\/\/blogg.svenskakyrkan.se\/vandravagen\/2015\/03\/05\/gor-som-gud-njut-av-skapelsen\/#primaryimage\"},\"thumbnailUrl\":\"http:\/\/blogg.svenskakyrkan.se\/vandravagen\/files\/2015\/03\/IMG_5735.jpg\",\"articleSection\":[\"Dagens Kyrka\",\"Teologi\",\"vara m\u00e4nniska\"],\"inLanguage\":\"sv-SE\",\"potentialAction\":[{\"@type\":\"CommentAction\",\"name\":\"Comment\",\"target\":[\"https:\/\/blogg.svenskakyrkan.se\/vandravagen\/2015\/03\/05\/gor-som-gud-njut-av-skapelsen\/#respond\"]}]},{\"@type\":\"WebPage\",\"@id\":\"https:\/\/blogg.svenskakyrkan.se\/vandravagen\/2015\/03\/05\/gor-som-gud-njut-av-skapelsen\/\",\"url\":\"https:\/\/blogg.svenskakyrkan.se\/vandravagen\/2015\/03\/05\/gor-som-gud-njut-av-skapelsen\/\",\"name\":\"G\u00f6r som Gud - njut av skapelsen - Vandra V\u00e4gen\",\"isPartOf\":{\"@id\":\"https:\/\/blogg.svenskakyrkan.se\/vandravagen\/#website\"},\"primaryImageOfPage\":{\"@id\":\"https:\/\/blogg.svenskakyrkan.se\/vandravagen\/2015\/03\/05\/gor-som-gud-njut-av-skapelsen\/#primaryimage\"},\"image\":{\"@id\":\"https:\/\/blogg.svenskakyrkan.se\/vandravagen\/2015\/03\/05\/gor-som-gud-njut-av-skapelsen\/#primaryimage\"},\"thumbnailUrl\":\"http:\/\/blogg.svenskakyrkan.se\/vandravagen\/files\/2015\/03\/IMG_5735.jpg\",\"datePublished\":\"2015-03-05T06:00:48+00:00\",\"breadcrumb\":{\"@id\":\"https:\/\/blogg.svenskakyrkan.se\/vandravagen\/2015\/03\/05\/gor-som-gud-njut-av-skapelsen\/#breadcrumb\"},\"inLanguage\":\"sv-SE\",\"potentialAction\":[{\"@type\":\"ReadAction\",\"target\":[\"https:\/\/blogg.svenskakyrkan.se\/vandravagen\/2015\/03\/05\/gor-som-gud-njut-av-skapelsen\/\"]}]},{\"@type\":\"ImageObject\",\"inLanguage\":\"sv-SE\",\"@id\":\"https:\/\/blogg.svenskakyrkan.se\/vandravagen\/2015\/03\/05\/gor-som-gud-njut-av-skapelsen\/#primaryimage\",\"url\":\"http:\/\/blogg.svenskakyrkan.se\/vandravagen\/files\/2015\/03\/IMG_5735.jpg\",\"contentUrl\":\"http:\/\/blogg.svenskakyrkan.se\/vandravagen\/files\/2015\/03\/IMG_5735.jpg\"},{\"@type\":\"BreadcrumbList\",\"@id\":\"https:\/\/blogg.svenskakyrkan.se\/vandravagen\/2015\/03\/05\/gor-som-gud-njut-av-skapelsen\/#breadcrumb\",\"itemListElement\":[{\"@type\":\"ListItem\",\"position\":1,\"name\":\"Hem\",\"item\":\"https:\/\/blogg.svenskakyrkan.se\/vandravagen\/\"},{\"@type\":\"ListItem\",\"position\":2,\"name\":\"G\u00f6r som Gud &#8211; njut av skapelsen\"}]},{\"@type\":\"WebSite\",\"@id\":\"https:\/\/blogg.svenskakyrkan.se\/vandravagen\/#website\",\"url\":\"https:\/\/blogg.svenskakyrkan.se\/vandravagen\/\",\"name\":\"Vandra V\u00e4gen\",\"description\":\"-Mot en tro f\u00f6r hela livet\",\"publisher\":{\"@id\":\"https:\/\/blogg.svenskakyrkan.se\/vandravagen\/#organization\"},\"potentialAction\":[{\"@type\":\"SearchAction\",\"target\":{\"@type\":\"EntryPoint\",\"urlTemplate\":\"https:\/\/blogg.svenskakyrkan.se\/vandravagen\/?s={search_term_string}\"},\"query-input\":{\"@type\":\"PropertyValueSpecification\",\"valueRequired\":true,\"valueName\":\"search_term_string\"}}],\"inLanguage\":\"sv-SE\"},{\"@type\":\"Organization\",\"@id\":\"https:\/\/blogg.svenskakyrkan.se\/vandravagen\/#organization\",\"name\":\"ulricehamns pastorat\",\"alternateName\":\"ulricehamns pastorat\",\"url\":\"https:\/\/blogg.svenskakyrkan.se\/vandravagen\/\",\"logo\":{\"@type\":\"ImageObject\",\"inLanguage\":\"sv-SE\",\"@id\":\"https:\/\/blogg.svenskakyrkan.se\/vandravagen\/#\/schema\/logo\/image\/\",\"url\":\"https:\/\/blogg.svenskakyrkan.se\/vandravagen\/files\/2023\/05\/Ulr_logo_RGB.png\",\"contentUrl\":\"https:\/\/blogg.svenskakyrkan.se\/vandravagen\/files\/2023\/05\/Ulr_logo_RGB.png\",\"width\":205,\"height\":77,\"caption\":\"ulricehamns pastorat\"},\"image\":{\"@id\":\"https:\/\/blogg.svenskakyrkan.se\/vandravagen\/#\/schema\/logo\/image\/\"},\"sameAs\":[\"http:\/\/facebook.com\/vandravagen\",\"https:\/\/x.com\/fadertomas\",\"http:\/\/www.facebook.com\/svenskakyrkaniulricehamn\"]},{\"@type\":\"Person\",\"@id\":\"https:\/\/blogg.svenskakyrkan.se\/vandravagen\/#\/schema\/person\/25da02d4f76b137d04291711e2c9fc16\",\"name\":\"Tomas Jarvid\",\"image\":{\"@type\":\"ImageObject\",\"inLanguage\":\"sv-SE\",\"@id\":\"https:\/\/blogg.svenskakyrkan.se\/vandravagen\/#\/schema\/person\/image\/\",\"url\":\"https:\/\/secure.gravatar.com\/avatar\/7fa71899795e8f540f615a1f5ab25255dc27aa40f05ee7ddd21aac521e01bf50?s=96&d=identicon&r=g\",\"contentUrl\":\"https:\/\/secure.gravatar.com\/avatar\/7fa71899795e8f540f615a1f5ab25255dc27aa40f05ee7ddd21aac521e01bf50?s=96&d=identicon&r=g\",\"caption\":\"Tomas Jarvid\"},\"description\":\"Jag bor i Ulricehamn i V\u00e4sterg\u00f6tland och \u00e4r f\u00f6rsamlingspr\u00e4st i Svenska Kyrkan f\u00f6r Dalstorps f\u00f6rsamling i Kinds pastorat. P\u00e5 den h\u00e4r bloggen skriver jag ner tankar om vandringen som kristen.\",\"sameAs\":[\"http:\/\/www.vandravagen.se\"],\"url\":\"https:\/\/blogg.svenskakyrkan.se\/vandravagen\/author\/vandravagen\/\"}]}<\/script>\n<!-- \/ Yoast SEO plugin. -->","yoast_head_json":{"title":"G\u00f6r som Gud - njut av skapelsen - Vandra V\u00e4gen","robots":{"index":"index","follow":"follow","max-snippet":"max-snippet:-1","max-image-preview":"max-image-preview:large","max-video-preview":"max-video-preview:-1"},"canonical":"https:\/\/blogg.svenskakyrkan.se\/vandravagen\/2015\/03\/05\/gor-som-gud-njut-av-skapelsen\/","og_locale":"sv_SE","og_type":"article","og_title":"G\u00f6r som Gud - njut av skapelsen - Vandra V\u00e4gen","og_description":"&nbsp; Ok, nu tar vi i ordentligt. Fr\u00e5gan framf\u00f6r alla fr\u00e5gor: Vad \u00e4r meningen med livet? &nbsp; Nej, det h\u00e4r blir inte det slutgiltiga svaret p\u00e5 den fr\u00e5gan men \u00e4nd\u00e5 vad jag tror \u00e4r ett viktigt svar. Det ber\u00e4ttas om Gud att sedan Gud skapat v\u00e4rlden p\u00e5 6 dagar s\u00e5 vilade han. Kanske \u00e4r det [&hellip;]","og_url":"https:\/\/blogg.svenskakyrkan.se\/vandravagen\/2015\/03\/05\/gor-som-gud-njut-av-skapelsen\/","og_site_name":"Vandra V\u00e4gen","article_publisher":"http:\/\/facebook.com\/vandravagen","article_published_time":"2015-03-05T06:00:48+00:00","og_image":[{"url":"http:\/\/blogg.svenskakyrkan.se\/vandravagen\/files\/2015\/03\/IMG_5735.jpg","type":"","width":"","height":""}],"author":"Tomas Jarvid","twitter_card":"summary_large_image","twitter_creator":"@fadertomas","twitter_site":"@fadertomas","twitter_misc":{"Skriven av":"Tomas Jarvid","Ber\u00e4knad l\u00e4stid":"2 minuter"},"schema":{"@context":"https:\/\/schema.org","@graph":[{"@type":"Article","@id":"https:\/\/blogg.svenskakyrkan.se\/vandravagen\/2015\/03\/05\/gor-som-gud-njut-av-skapelsen\/#article","isPartOf":{"@id":"https:\/\/blogg.svenskakyrkan.se\/vandravagen\/2015\/03\/05\/gor-som-gud-njut-av-skapelsen\/"},"author":{"name":"Tomas Jarvid","@id":"https:\/\/blogg.svenskakyrkan.se\/vandravagen\/#\/schema\/person\/25da02d4f76b137d04291711e2c9fc16"},"headline":"G\u00f6r som Gud &#8211; njut av skapelsen","datePublished":"2015-03-05T06:00:48+00:00","mainEntityOfPage":{"@id":"https:\/\/blogg.svenskakyrkan.se\/vandravagen\/2015\/03\/05\/gor-som-gud-njut-av-skapelsen\/"},"wordCount":400,"commentCount":2,"publisher":{"@id":"https:\/\/blogg.svenskakyrkan.se\/vandravagen\/#organization"},"image":{"@id":"https:\/\/blogg.svenskakyrkan.se\/vandravagen\/2015\/03\/05\/gor-som-gud-njut-av-skapelsen\/#primaryimage"},"thumbnailUrl":"http:\/\/blogg.svenskakyrkan.se\/vandravagen\/files\/2015\/03\/IMG_5735.jpg","articleSection":["Dagens Kyrka","Teologi","vara m\u00e4nniska"],"inLanguage":"sv-SE","potentialAction":[{"@type":"CommentAction","name":"Comment","target":["https:\/\/blogg.svenskakyrkan.se\/vandravagen\/2015\/03\/05\/gor-som-gud-njut-av-skapelsen\/#respond"]}]},{"@type":"WebPage","@id":"https:\/\/blogg.svenskakyrkan.se\/vandravagen\/2015\/03\/05\/gor-som-gud-njut-av-skapelsen\/","url":"https:\/\/blogg.svenskakyrkan.se\/vandravagen\/2015\/03\/05\/gor-som-gud-njut-av-skapelsen\/","name":"G\u00f6r som Gud - njut av skapelsen - Vandra V\u00e4gen","isPartOf":{"@id":"https:\/\/blogg.svenskakyrkan.se\/vandravagen\/#website"},"primaryImageOfPage":{"@id":"https:\/\/blogg.svenskakyrkan.se\/vandravagen\/2015\/03\/05\/gor-som-gud-njut-av-skapelsen\/#primaryimage"},"image":{"@id":"https:\/\/blogg.svenskakyrkan.se\/vandravagen\/2015\/03\/05\/gor-som-gud-njut-av-skapelsen\/#primaryimage"},"thumbnailUrl":"http:\/\/blogg.svenskakyrkan.se\/vandravagen\/files\/2015\/03\/IMG_5735.jpg","datePublished":"2015-03-05T06:00:48+00:00","breadcrumb":{"@id":"https:\/\/blogg.svenskakyrkan.se\/vandravagen\/2015\/03\/05\/gor-som-gud-njut-av-skapelsen\/#breadcrumb"},"inLanguage":"sv-SE","potentialAction":[{"@type":"ReadAction","target":["https:\/\/blogg.svenskakyrkan.se\/vandravagen\/2015\/03\/05\/gor-som-gud-njut-av-skapelsen\/"]}]},{"@type":"ImageObject","inLanguage":"sv-SE","@id":"https:\/\/blogg.svenskakyrkan.se\/vandravagen\/2015\/03\/05\/gor-som-gud-njut-av-skapelsen\/#primaryimage","url":"http:\/\/blogg.svenskakyrkan.se\/vandravagen\/files\/2015\/03\/IMG_5735.jpg","contentUrl":"http:\/\/blogg.svenskakyrkan.se\/vandravagen\/files\/2015\/03\/IMG_5735.jpg"},{"@type":"BreadcrumbList","@id":"https:\/\/blogg.svenskakyrkan.se\/vandravagen\/2015\/03\/05\/gor-som-gud-njut-av-skapelsen\/#breadcrumb","itemListElement":[{"@type":"ListItem","position":1,"name":"Hem","item":"https:\/\/blogg.svenskakyrkan.se\/vandravagen\/"},{"@type":"ListItem","position":2,"name":"G\u00f6r som Gud &#8211; njut av skapelsen"}]},{"@type":"WebSite","@id":"https:\/\/blogg.svenskakyrkan.se\/vandravagen\/#website","url":"https:\/\/blogg.svenskakyrkan.se\/vandravagen\/","name":"Vandra V\u00e4gen","description":"-Mot en tro f\u00f6r hela livet","publisher":{"@id":"https:\/\/blogg.svenskakyrkan.se\/vandravagen\/#organization"},"potentialAction":[{"@type":"SearchAction","target":{"@type":"EntryPoint","urlTemplate":"https:\/\/blogg.svenskakyrkan.se\/vandravagen\/?s={search_term_string}"},"query-input":{"@type":"PropertyValueSpecification","valueRequired":true,"valueName":"search_term_string"}}],"inLanguage":"sv-SE"},{"@type":"Organization","@id":"https:\/\/blogg.svenskakyrkan.se\/vandravagen\/#organization","name":"ulricehamns pastorat","alternateName":"ulricehamns pastorat","url":"https:\/\/blogg.svenskakyrkan.se\/vandravagen\/","logo":{"@type":"ImageObject","inLanguage":"sv-SE","@id":"https:\/\/blogg.svenskakyrkan.se\/vandravagen\/#\/schema\/logo\/image\/","url":"https:\/\/blogg.svenskakyrkan.se\/vandravagen\/files\/2023\/05\/Ulr_logo_RGB.png","contentUrl":"https:\/\/blogg.svenskakyrkan.se\/vandravagen\/files\/2023\/05\/Ulr_logo_RGB.png","width":205,"height":77,"caption":"ulricehamns pastorat"},"image":{"@id":"https:\/\/blogg.svenskakyrkan.se\/vandravagen\/#\/schema\/logo\/image\/"},"sameAs":["http:\/\/facebook.com\/vandravagen","https:\/\/x.com\/fadertomas","http:\/\/www.facebook.com\/svenskakyrkaniulricehamn"]},{"@type":"Person","@id":"https:\/\/blogg.svenskakyrkan.se\/vandravagen\/#\/schema\/person\/25da02d4f76b137d04291711e2c9fc16","name":"Tomas Jarvid","image":{"@type":"ImageObject","inLanguage":"sv-SE","@id":"https:\/\/blogg.svenskakyrkan.se\/vandravagen\/#\/schema\/person\/image\/","url":"https:\/\/secure.gravatar.com\/avatar\/7fa71899795e8f540f615a1f5ab25255dc27aa40f05ee7ddd21aac521e01bf50?s=96&d=identicon&r=g","contentUrl":"https:\/\/secure.gravatar.com\/avatar\/7fa71899795e8f540f615a1f5ab25255dc27aa40f05ee7ddd21aac521e01bf50?s=96&d=identicon&r=g","caption":"Tomas Jarvid"},"description":"Jag bor i Ulricehamn i V\u00e4sterg\u00f6tland och \u00e4r f\u00f6rsamlingspr\u00e4st i Svenska Kyrkan f\u00f6r Dalstorps f\u00f6rsamling i Kinds pastorat. P\u00e5 den h\u00e4r bloggen skriver jag ner tankar om vandringen som kristen.","sameAs":["http:\/\/www.vandravagen.se"],"url":"https:\/\/blogg.svenskakyrkan.se\/vandravagen\/author\/vandravagen\/"}]}},"author_meta":{"ID":"392","user_nicename":"vandravagen","user_url":"http:\/\/www.vandravagen.se","user_registered":"2014-05-19 05:44:52","display_name":"Tomas Jarvid","first_name":"Tomas","last_name":"Jarvid","avatar":"https:\/\/secure.gravatar.com\/avatar\/7fa71899795e8f540f615a1f5ab25255dc27aa40f05ee7ddd21aac521e01bf50?s=96&d=identicon&r=g"},"featured_image":false,"bloginfo":{"name":"Vandra V\u00e4gen","url":"https:\/\/blogg.svenskakyrkan.se\/vandravagen"},"_links":{"self":[{"href":"https:\/\/blogg.svenskakyrkan.se\/vandravagen\/wp-json\/wp\/v2\/posts\/2391","targetHints":{"allow":["GET"]}}],"collection":[{"href":"https:\/\/blogg.svenskakyrkan.se\/vandravagen\/wp-json\/wp\/v2\/posts"}],"about":[{"href":"https:\/\/blogg.svenskakyrkan.se\/vandravagen\/wp-json\/wp\/v2\/types\/post"}],"author":[{"embeddable":true,"href":"https:\/\/blogg.svenskakyrkan.se\/vandravagen\/wp-json\/wp\/v2\/users\/392"}],"replies":[{"embeddable":true,"href":"https:\/\/blogg.svenskakyrkan.se\/vandravagen\/wp-json\/wp\/v2\/comments?post=2391"}],"version-history":[{"count":2,"href":"https:\/\/blogg.svenskakyrkan.se\/vandravagen\/wp-json\/wp\/v2\/posts\/2391\/revisions"}],"predecessor-version":[{"id":2778,"href":"https:\/\/blogg.svenskakyrkan.se\/vandravagen\/wp-json\/wp\/v2\/posts\/2391\/revisions\/2778"}],"wp:attachment":[{"href":"https:\/\/blogg.svenskakyrkan.se\/vandravagen\/wp-json\/wp\/v2\/media?parent=2391"}],"wp:term":[{"taxonomy":"category","embeddable":true,"href":"https:\/\/blogg.svenskakyrkan.se\/vandravagen\/wp-json\/wp\/v2\/categories?post=2391"},{"taxonomy":"post_tag","embeddable":true,"href":"https:\/\/blogg.svenskakyrkan.se\/vandravagen\/wp-json\/wp\/v2\/tags?post=2391"}],"curies":[{"name":"wp","href":"https:\/\/api.w.org\/{rel}","templated":true}]}}