{"id":2395,"date":"2014-12-19T07:00:09","date_gmt":"2014-12-19T06:00:09","guid":{"rendered":"http:\/\/blogg.svenskakyrkan.se\/vandravagen\/?p=2395"},"modified":"2014-12-18T19:53:43","modified_gmt":"2014-12-18T18:53:43","slug":"vad-forestaller-bilden-del-30","status":"publish","type":"post","link":"https:\/\/blogg.svenskakyrkan.se\/vandravagen\/2014\/12\/19\/vad-forestaller-bilden-del-30\/","title":{"rendered":"Vad f\u00f6rest\u00e4ller bilden, del 30!"},"content":{"rendered":"<p><a href=\"http:\/\/blogg.svenskakyrkan.se\/vandravagen\/files\/2014\/12\/21-HE-QI-2005-SPIESRE-TURN-FROM-CANNAN.jpg\"><img loading=\"lazy\" decoding=\"async\" class=\"aligncenter size-full wp-image-2330\" src=\"http:\/\/blogg.svenskakyrkan.se\/vandravagen\/files\/2014\/12\/21-HE-QI-2005-SPIESRE-TURN-FROM-CANNAN.jpg\" alt=\"21 HE QI 2005 SPIESRE TURN FROM CANNAN\" width=\"450\" height=\"450\" srcset=\"https:\/\/blogg.svenskakyrkan.se\/vandravagen\/files\/2014\/12\/21-HE-QI-2005-SPIESRE-TURN-FROM-CANNAN.jpg 450w, https:\/\/blogg.svenskakyrkan.se\/vandravagen\/files\/2014\/12\/21-HE-QI-2005-SPIESRE-TURN-FROM-CANNAN-150x150.jpg 150w, https:\/\/blogg.svenskakyrkan.se\/vandravagen\/files\/2014\/12\/21-HE-QI-2005-SPIESRE-TURN-FROM-CANNAN-300x300.jpg 300w\" sizes=\"auto, (max-width: 450px) 100vw, 450px\" \/><\/a><\/p>\n<p>Det har blivit dags f\u00f6r en ny bildg\u00e5ta. Det \u00e4r nummer 30 i ordningen, inte illa f\u00e5r man s\u00e4ga.<\/p>\n<p>F\u00f6rra bildg\u00e5tan var sv\u00e5r men Jonas Eriksson och Simon hade koll p\u00e5 sina moseb\u00f6cker och kom in med r\u00e4tt svar. \u00c4ra och erk\u00e4nnande \u00e5t er!<\/p>\n<p>Vad f\u00f6rest\u00e4ller d\u00e5 bilden? Israels folk s\u00e4nde ut spejare in i det f\u00f6rlovade landet. Dessa fick se att det var ett fantastiskt land och bland annat hittade de den h\u00e4r druklasen:<\/p>\n<blockquote>\n<p><span class=\"selection\">&#8221;Sedan kom de till Druvdalen. D\u00e4r skar de av en vinranka med en enda druvklase, som tv\u00e5 man fick b\u00e4ra mellan sig p\u00e5 en st\u00e5ng, och plockade ocks\u00e5 granat\u00e4pplen och fikon.&#8221; 4 mos 13:24\u00a0<\/span><\/p>\n<\/blockquote>\n<p>Den tog de med sig f\u00f6r att visa folket att det var ett gott land, men ocks\u00e5 v\u00e4l f\u00f6rsvarat.<\/p>\n<p>H\u00e4r kommer en ny bildg\u00e5ta. Kanh\u00e4nda lite enklare? Vad f\u00f6rest\u00e4ller den h\u00e4r bilden? Skriv en kommentar, mail, tweet eller ropa ut svaret p\u00e5 farstubron s\u00e5 \u00e5terkommer jag med r\u00e4tt svar i sinom tid.<\/p>\n<div id=\"attachment_2396\" style=\"width: 550px\" class=\"wp-caption aligncenter\"><a href=\"http:\/\/blogg.svenskakyrkan.se\/vandravagen\/files\/2014\/12\/bildg\u00e5ta-3.jpg\"><img loading=\"lazy\" decoding=\"async\" aria-describedby=\"caption-attachment-2396\" class=\"size-full wp-image-2396\" src=\"http:\/\/blogg.svenskakyrkan.se\/vandravagen\/files\/2014\/12\/bildg\u00e5ta-3.jpg\" alt=\"Vad f\u00f6rest\u00e4ller bilden?\" width=\"540\" height=\"640\" srcset=\"https:\/\/blogg.svenskakyrkan.se\/vandravagen\/files\/2014\/12\/bildg\u00e5ta-3.jpg 540w, https:\/\/blogg.svenskakyrkan.se\/vandravagen\/files\/2014\/12\/bildg\u00e5ta-3-300x355.jpg 300w, https:\/\/blogg.svenskakyrkan.se\/vandravagen\/files\/2014\/12\/bildg\u00e5ta-3-253x300.jpg 253w\" sizes=\"auto, (max-width: 540px) 100vw, 540px\" \/><\/a><p id=\"caption-attachment-2396\" class=\"wp-caption-text\">Vad f\u00f6rest\u00e4ller bilden?<\/p><\/div>\n","protected":false},"excerpt":{"rendered":"<p>Det har blivit dags f\u00f6r en ny bildg\u00e5ta. Det \u00e4r nummer 30 i ordningen, inte illa f\u00e5r man s\u00e4ga. F\u00f6rra bildg\u00e5tan var sv\u00e5r men Jonas Eriksson och Simon hade koll p\u00e5 sina moseb\u00f6cker och kom in med r\u00e4tt svar. \u00c4ra och erk\u00e4nnande \u00e5t er! Vad f\u00f6rest\u00e4ller d\u00e5 bilden? Israels folk s\u00e4nde ut spejare in i [&hellip;]<\/p>\n","protected":false},"author":392,"featured_media":0,"comment_status":"open","ping_status":"open","sticky":false,"template":"","format":"standard","meta":{"_acf_changed":false,"footnotes":""},"categories":[8298,79126,76189],"tags":[],"class_list":["post-2395","post","type-post","status-publish","format-standard","hentry","category-bibeln","category-bildgatan","category-dagens-kyrka"],"acf":[],"yoast_head":"<!-- This site is optimized with the Yoast SEO plugin v27.1.1 - https:\/\/yoast.com\/product\/yoast-seo-wordpress\/ -->\n<title>Vad f\u00f6rest\u00e4ller bilden, del 30! - Vandra V\u00e4gen<\/title>\n<meta name=\"robots\" content=\"index, follow, max-snippet:-1, max-image-preview:large, max-video-preview:-1\" \/>\n<link rel=\"canonical\" href=\"https:\/\/blogg.svenskakyrkan.se\/vandravagen\/2014\/12\/19\/vad-forestaller-bilden-del-30\/\" \/>\n<meta property=\"og:locale\" content=\"sv_SE\" \/>\n<meta property=\"og:type\" content=\"article\" \/>\n<meta property=\"og:title\" content=\"Vad f\u00f6rest\u00e4ller bilden, del 30! - Vandra V\u00e4gen\" \/>\n<meta property=\"og:description\" content=\"Det har blivit dags f\u00f6r en ny bildg\u00e5ta. Det \u00e4r nummer 30 i ordningen, inte illa f\u00e5r man s\u00e4ga. F\u00f6rra bildg\u00e5tan var sv\u00e5r men Jonas Eriksson och Simon hade koll p\u00e5 sina moseb\u00f6cker och kom in med r\u00e4tt svar. \u00c4ra och erk\u00e4nnande \u00e5t er! Vad f\u00f6rest\u00e4ller d\u00e5 bilden? Israels folk s\u00e4nde ut spejare in i [&hellip;]\" \/>\n<meta property=\"og:url\" content=\"https:\/\/blogg.svenskakyrkan.se\/vandravagen\/2014\/12\/19\/vad-forestaller-bilden-del-30\/\" \/>\n<meta property=\"og:site_name\" content=\"Vandra V\u00e4gen\" \/>\n<meta property=\"article:publisher\" content=\"http:\/\/facebook.com\/vandravagen\" \/>\n<meta property=\"article:published_time\" content=\"2014-12-19T06:00:09+00:00\" \/>\n<meta property=\"og:image\" content=\"http:\/\/blogg.svenskakyrkan.se\/vandravagen\/files\/2014\/12\/21-HE-QI-2005-SPIESRE-TURN-FROM-CANNAN.jpg\" \/>\n<meta name=\"author\" content=\"Tomas Jarvid\" \/>\n<meta name=\"twitter:card\" content=\"summary_large_image\" \/>\n<meta name=\"twitter:creator\" content=\"@fadertomas\" \/>\n<meta name=\"twitter:site\" content=\"@fadertomas\" \/>\n<meta name=\"twitter:label1\" content=\"Skriven av\" \/>\n\t<meta name=\"twitter:data1\" content=\"Tomas Jarvid\" \/>\n\t<meta name=\"twitter:label2\" content=\"Ber\u00e4knad l\u00e4stid\" \/>\n\t<meta name=\"twitter:data2\" content=\"1 minut\" \/>\n<script type=\"application\/ld+json\" class=\"yoast-schema-graph\">{\"@context\":\"https:\/\/schema.org\",\"@graph\":[{\"@type\":\"Article\",\"@id\":\"https:\/\/blogg.svenskakyrkan.se\/vandravagen\/2014\/12\/19\/vad-forestaller-bilden-del-30\/#article\",\"isPartOf\":{\"@id\":\"https:\/\/blogg.svenskakyrkan.se\/vandravagen\/2014\/12\/19\/vad-forestaller-bilden-del-30\/\"},\"author\":{\"name\":\"Tomas Jarvid\",\"@id\":\"https:\/\/blogg.svenskakyrkan.se\/vandravagen\/#\/schema\/person\/25da02d4f76b137d04291711e2c9fc16\"},\"headline\":\"Vad f\u00f6rest\u00e4ller bilden, del 30!\",\"datePublished\":\"2014-12-19T06:00:09+00:00\",\"mainEntityOfPage\":{\"@id\":\"https:\/\/blogg.svenskakyrkan.se\/vandravagen\/2014\/12\/19\/vad-forestaller-bilden-del-30\/\"},\"wordCount\":205,\"commentCount\":2,\"publisher\":{\"@id\":\"https:\/\/blogg.svenskakyrkan.se\/vandravagen\/#organization\"},\"image\":{\"@id\":\"https:\/\/blogg.svenskakyrkan.se\/vandravagen\/2014\/12\/19\/vad-forestaller-bilden-del-30\/#primaryimage\"},\"thumbnailUrl\":\"http:\/\/blogg.svenskakyrkan.se\/vandravagen\/files\/2014\/12\/21-HE-QI-2005-SPIESRE-TURN-FROM-CANNAN.jpg\",\"articleSection\":[\"Bibeln\",\"bildg\u00e5tan\",\"Dagens Kyrka\"],\"inLanguage\":\"sv-SE\",\"potentialAction\":[{\"@type\":\"CommentAction\",\"name\":\"Comment\",\"target\":[\"https:\/\/blogg.svenskakyrkan.se\/vandravagen\/2014\/12\/19\/vad-forestaller-bilden-del-30\/#respond\"]}]},{\"@type\":\"WebPage\",\"@id\":\"https:\/\/blogg.svenskakyrkan.se\/vandravagen\/2014\/12\/19\/vad-forestaller-bilden-del-30\/\",\"url\":\"https:\/\/blogg.svenskakyrkan.se\/vandravagen\/2014\/12\/19\/vad-forestaller-bilden-del-30\/\",\"name\":\"Vad f\u00f6rest\u00e4ller bilden, del 30! - Vandra V\u00e4gen\",\"isPartOf\":{\"@id\":\"https:\/\/blogg.svenskakyrkan.se\/vandravagen\/#website\"},\"primaryImageOfPage\":{\"@id\":\"https:\/\/blogg.svenskakyrkan.se\/vandravagen\/2014\/12\/19\/vad-forestaller-bilden-del-30\/#primaryimage\"},\"image\":{\"@id\":\"https:\/\/blogg.svenskakyrkan.se\/vandravagen\/2014\/12\/19\/vad-forestaller-bilden-del-30\/#primaryimage\"},\"thumbnailUrl\":\"http:\/\/blogg.svenskakyrkan.se\/vandravagen\/files\/2014\/12\/21-HE-QI-2005-SPIESRE-TURN-FROM-CANNAN.jpg\",\"datePublished\":\"2014-12-19T06:00:09+00:00\",\"breadcrumb\":{\"@id\":\"https:\/\/blogg.svenskakyrkan.se\/vandravagen\/2014\/12\/19\/vad-forestaller-bilden-del-30\/#breadcrumb\"},\"inLanguage\":\"sv-SE\",\"potentialAction\":[{\"@type\":\"ReadAction\",\"target\":[\"https:\/\/blogg.svenskakyrkan.se\/vandravagen\/2014\/12\/19\/vad-forestaller-bilden-del-30\/\"]}]},{\"@type\":\"ImageObject\",\"inLanguage\":\"sv-SE\",\"@id\":\"https:\/\/blogg.svenskakyrkan.se\/vandravagen\/2014\/12\/19\/vad-forestaller-bilden-del-30\/#primaryimage\",\"url\":\"http:\/\/blogg.svenskakyrkan.se\/vandravagen\/files\/2014\/12\/21-HE-QI-2005-SPIESRE-TURN-FROM-CANNAN.jpg\",\"contentUrl\":\"http:\/\/blogg.svenskakyrkan.se\/vandravagen\/files\/2014\/12\/21-HE-QI-2005-SPIESRE-TURN-FROM-CANNAN.jpg\"},{\"@type\":\"BreadcrumbList\",\"@id\":\"https:\/\/blogg.svenskakyrkan.se\/vandravagen\/2014\/12\/19\/vad-forestaller-bilden-del-30\/#breadcrumb\",\"itemListElement\":[{\"@type\":\"ListItem\",\"position\":1,\"name\":\"Hem\",\"item\":\"https:\/\/blogg.svenskakyrkan.se\/vandravagen\/\"},{\"@type\":\"ListItem\",\"position\":2,\"name\":\"Vad f\u00f6rest\u00e4ller bilden, del 30!\"}]},{\"@type\":\"WebSite\",\"@id\":\"https:\/\/blogg.svenskakyrkan.se\/vandravagen\/#website\",\"url\":\"https:\/\/blogg.svenskakyrkan.se\/vandravagen\/\",\"name\":\"Vandra V\u00e4gen\",\"description\":\"-Mot en tro f\u00f6r hela livet\",\"publisher\":{\"@id\":\"https:\/\/blogg.svenskakyrkan.se\/vandravagen\/#organization\"},\"potentialAction\":[{\"@type\":\"SearchAction\",\"target\":{\"@type\":\"EntryPoint\",\"urlTemplate\":\"https:\/\/blogg.svenskakyrkan.se\/vandravagen\/?s={search_term_string}\"},\"query-input\":{\"@type\":\"PropertyValueSpecification\",\"valueRequired\":true,\"valueName\":\"search_term_string\"}}],\"inLanguage\":\"sv-SE\"},{\"@type\":\"Organization\",\"@id\":\"https:\/\/blogg.svenskakyrkan.se\/vandravagen\/#organization\",\"name\":\"ulricehamns pastorat\",\"alternateName\":\"ulricehamns pastorat\",\"url\":\"https:\/\/blogg.svenskakyrkan.se\/vandravagen\/\",\"logo\":{\"@type\":\"ImageObject\",\"inLanguage\":\"sv-SE\",\"@id\":\"https:\/\/blogg.svenskakyrkan.se\/vandravagen\/#\/schema\/logo\/image\/\",\"url\":\"https:\/\/blogg.svenskakyrkan.se\/vandravagen\/files\/2023\/05\/Ulr_logo_RGB.png\",\"contentUrl\":\"https:\/\/blogg.svenskakyrkan.se\/vandravagen\/files\/2023\/05\/Ulr_logo_RGB.png\",\"width\":205,\"height\":77,\"caption\":\"ulricehamns pastorat\"},\"image\":{\"@id\":\"https:\/\/blogg.svenskakyrkan.se\/vandravagen\/#\/schema\/logo\/image\/\"},\"sameAs\":[\"http:\/\/facebook.com\/vandravagen\",\"https:\/\/x.com\/fadertomas\",\"http:\/\/www.facebook.com\/svenskakyrkaniulricehamn\"]},{\"@type\":\"Person\",\"@id\":\"https:\/\/blogg.svenskakyrkan.se\/vandravagen\/#\/schema\/person\/25da02d4f76b137d04291711e2c9fc16\",\"name\":\"Tomas Jarvid\",\"image\":{\"@type\":\"ImageObject\",\"inLanguage\":\"sv-SE\",\"@id\":\"https:\/\/blogg.svenskakyrkan.se\/vandravagen\/#\/schema\/person\/image\/\",\"url\":\"https:\/\/secure.gravatar.com\/avatar\/7fa71899795e8f540f615a1f5ab25255dc27aa40f05ee7ddd21aac521e01bf50?s=96&d=identicon&r=g\",\"contentUrl\":\"https:\/\/secure.gravatar.com\/avatar\/7fa71899795e8f540f615a1f5ab25255dc27aa40f05ee7ddd21aac521e01bf50?s=96&d=identicon&r=g\",\"caption\":\"Tomas Jarvid\"},\"description\":\"Jag bor i Ulricehamn i V\u00e4sterg\u00f6tland och \u00e4r f\u00f6rsamlingspr\u00e4st i Svenska Kyrkan f\u00f6r Dalstorps f\u00f6rsamling i Kinds pastorat. P\u00e5 den h\u00e4r bloggen skriver jag ner tankar om vandringen som kristen.\",\"sameAs\":[\"http:\/\/www.vandravagen.se\"],\"url\":\"https:\/\/blogg.svenskakyrkan.se\/vandravagen\/author\/vandravagen\/\"}]}<\/script>\n<!-- \/ Yoast SEO plugin. -->","yoast_head_json":{"title":"Vad f\u00f6rest\u00e4ller bilden, del 30! - Vandra V\u00e4gen","robots":{"index":"index","follow":"follow","max-snippet":"max-snippet:-1","max-image-preview":"max-image-preview:large","max-video-preview":"max-video-preview:-1"},"canonical":"https:\/\/blogg.svenskakyrkan.se\/vandravagen\/2014\/12\/19\/vad-forestaller-bilden-del-30\/","og_locale":"sv_SE","og_type":"article","og_title":"Vad f\u00f6rest\u00e4ller bilden, del 30! - Vandra V\u00e4gen","og_description":"Det har blivit dags f\u00f6r en ny bildg\u00e5ta. Det \u00e4r nummer 30 i ordningen, inte illa f\u00e5r man s\u00e4ga. F\u00f6rra bildg\u00e5tan var sv\u00e5r men Jonas Eriksson och Simon hade koll p\u00e5 sina moseb\u00f6cker och kom in med r\u00e4tt svar. \u00c4ra och erk\u00e4nnande \u00e5t er! Vad f\u00f6rest\u00e4ller d\u00e5 bilden? Israels folk s\u00e4nde ut spejare in i [&hellip;]","og_url":"https:\/\/blogg.svenskakyrkan.se\/vandravagen\/2014\/12\/19\/vad-forestaller-bilden-del-30\/","og_site_name":"Vandra V\u00e4gen","article_publisher":"http:\/\/facebook.com\/vandravagen","article_published_time":"2014-12-19T06:00:09+00:00","og_image":[{"url":"http:\/\/blogg.svenskakyrkan.se\/vandravagen\/files\/2014\/12\/21-HE-QI-2005-SPIESRE-TURN-FROM-CANNAN.jpg","type":"","width":"","height":""}],"author":"Tomas Jarvid","twitter_card":"summary_large_image","twitter_creator":"@fadertomas","twitter_site":"@fadertomas","twitter_misc":{"Skriven av":"Tomas Jarvid","Ber\u00e4knad l\u00e4stid":"1 minut"},"schema":{"@context":"https:\/\/schema.org","@graph":[{"@type":"Article","@id":"https:\/\/blogg.svenskakyrkan.se\/vandravagen\/2014\/12\/19\/vad-forestaller-bilden-del-30\/#article","isPartOf":{"@id":"https:\/\/blogg.svenskakyrkan.se\/vandravagen\/2014\/12\/19\/vad-forestaller-bilden-del-30\/"},"author":{"name":"Tomas Jarvid","@id":"https:\/\/blogg.svenskakyrkan.se\/vandravagen\/#\/schema\/person\/25da02d4f76b137d04291711e2c9fc16"},"headline":"Vad f\u00f6rest\u00e4ller bilden, del 30!","datePublished":"2014-12-19T06:00:09+00:00","mainEntityOfPage":{"@id":"https:\/\/blogg.svenskakyrkan.se\/vandravagen\/2014\/12\/19\/vad-forestaller-bilden-del-30\/"},"wordCount":205,"commentCount":2,"publisher":{"@id":"https:\/\/blogg.svenskakyrkan.se\/vandravagen\/#organization"},"image":{"@id":"https:\/\/blogg.svenskakyrkan.se\/vandravagen\/2014\/12\/19\/vad-forestaller-bilden-del-30\/#primaryimage"},"thumbnailUrl":"http:\/\/blogg.svenskakyrkan.se\/vandravagen\/files\/2014\/12\/21-HE-QI-2005-SPIESRE-TURN-FROM-CANNAN.jpg","articleSection":["Bibeln","bildg\u00e5tan","Dagens Kyrka"],"inLanguage":"sv-SE","potentialAction":[{"@type":"CommentAction","name":"Comment","target":["https:\/\/blogg.svenskakyrkan.se\/vandravagen\/2014\/12\/19\/vad-forestaller-bilden-del-30\/#respond"]}]},{"@type":"WebPage","@id":"https:\/\/blogg.svenskakyrkan.se\/vandravagen\/2014\/12\/19\/vad-forestaller-bilden-del-30\/","url":"https:\/\/blogg.svenskakyrkan.se\/vandravagen\/2014\/12\/19\/vad-forestaller-bilden-del-30\/","name":"Vad f\u00f6rest\u00e4ller bilden, del 30! - Vandra V\u00e4gen","isPartOf":{"@id":"https:\/\/blogg.svenskakyrkan.se\/vandravagen\/#website"},"primaryImageOfPage":{"@id":"https:\/\/blogg.svenskakyrkan.se\/vandravagen\/2014\/12\/19\/vad-forestaller-bilden-del-30\/#primaryimage"},"image":{"@id":"https:\/\/blogg.svenskakyrkan.se\/vandravagen\/2014\/12\/19\/vad-forestaller-bilden-del-30\/#primaryimage"},"thumbnailUrl":"http:\/\/blogg.svenskakyrkan.se\/vandravagen\/files\/2014\/12\/21-HE-QI-2005-SPIESRE-TURN-FROM-CANNAN.jpg","datePublished":"2014-12-19T06:00:09+00:00","breadcrumb":{"@id":"https:\/\/blogg.svenskakyrkan.se\/vandravagen\/2014\/12\/19\/vad-forestaller-bilden-del-30\/#breadcrumb"},"inLanguage":"sv-SE","potentialAction":[{"@type":"ReadAction","target":["https:\/\/blogg.svenskakyrkan.se\/vandravagen\/2014\/12\/19\/vad-forestaller-bilden-del-30\/"]}]},{"@type":"ImageObject","inLanguage":"sv-SE","@id":"https:\/\/blogg.svenskakyrkan.se\/vandravagen\/2014\/12\/19\/vad-forestaller-bilden-del-30\/#primaryimage","url":"http:\/\/blogg.svenskakyrkan.se\/vandravagen\/files\/2014\/12\/21-HE-QI-2005-SPIESRE-TURN-FROM-CANNAN.jpg","contentUrl":"http:\/\/blogg.svenskakyrkan.se\/vandravagen\/files\/2014\/12\/21-HE-QI-2005-SPIESRE-TURN-FROM-CANNAN.jpg"},{"@type":"BreadcrumbList","@id":"https:\/\/blogg.svenskakyrkan.se\/vandravagen\/2014\/12\/19\/vad-forestaller-bilden-del-30\/#breadcrumb","itemListElement":[{"@type":"ListItem","position":1,"name":"Hem","item":"https:\/\/blogg.svenskakyrkan.se\/vandravagen\/"},{"@type":"ListItem","position":2,"name":"Vad f\u00f6rest\u00e4ller bilden, del 30!"}]},{"@type":"WebSite","@id":"https:\/\/blogg.svenskakyrkan.se\/vandravagen\/#website","url":"https:\/\/blogg.svenskakyrkan.se\/vandravagen\/","name":"Vandra V\u00e4gen","description":"-Mot en tro f\u00f6r hela livet","publisher":{"@id":"https:\/\/blogg.svenskakyrkan.se\/vandravagen\/#organization"},"potentialAction":[{"@type":"SearchAction","target":{"@type":"EntryPoint","urlTemplate":"https:\/\/blogg.svenskakyrkan.se\/vandravagen\/?s={search_term_string}"},"query-input":{"@type":"PropertyValueSpecification","valueRequired":true,"valueName":"search_term_string"}}],"inLanguage":"sv-SE"},{"@type":"Organization","@id":"https:\/\/blogg.svenskakyrkan.se\/vandravagen\/#organization","name":"ulricehamns pastorat","alternateName":"ulricehamns pastorat","url":"https:\/\/blogg.svenskakyrkan.se\/vandravagen\/","logo":{"@type":"ImageObject","inLanguage":"sv-SE","@id":"https:\/\/blogg.svenskakyrkan.se\/vandravagen\/#\/schema\/logo\/image\/","url":"https:\/\/blogg.svenskakyrkan.se\/vandravagen\/files\/2023\/05\/Ulr_logo_RGB.png","contentUrl":"https:\/\/blogg.svenskakyrkan.se\/vandravagen\/files\/2023\/05\/Ulr_logo_RGB.png","width":205,"height":77,"caption":"ulricehamns pastorat"},"image":{"@id":"https:\/\/blogg.svenskakyrkan.se\/vandravagen\/#\/schema\/logo\/image\/"},"sameAs":["http:\/\/facebook.com\/vandravagen","https:\/\/x.com\/fadertomas","http:\/\/www.facebook.com\/svenskakyrkaniulricehamn"]},{"@type":"Person","@id":"https:\/\/blogg.svenskakyrkan.se\/vandravagen\/#\/schema\/person\/25da02d4f76b137d04291711e2c9fc16","name":"Tomas Jarvid","image":{"@type":"ImageObject","inLanguage":"sv-SE","@id":"https:\/\/blogg.svenskakyrkan.se\/vandravagen\/#\/schema\/person\/image\/","url":"https:\/\/secure.gravatar.com\/avatar\/7fa71899795e8f540f615a1f5ab25255dc27aa40f05ee7ddd21aac521e01bf50?s=96&d=identicon&r=g","contentUrl":"https:\/\/secure.gravatar.com\/avatar\/7fa71899795e8f540f615a1f5ab25255dc27aa40f05ee7ddd21aac521e01bf50?s=96&d=identicon&r=g","caption":"Tomas Jarvid"},"description":"Jag bor i Ulricehamn i V\u00e4sterg\u00f6tland och \u00e4r f\u00f6rsamlingspr\u00e4st i Svenska Kyrkan f\u00f6r Dalstorps f\u00f6rsamling i Kinds pastorat. P\u00e5 den h\u00e4r bloggen skriver jag ner tankar om vandringen som kristen.","sameAs":["http:\/\/www.vandravagen.se"],"url":"https:\/\/blogg.svenskakyrkan.se\/vandravagen\/author\/vandravagen\/"}]}},"author_meta":{"ID":"392","user_nicename":"vandravagen","user_url":"http:\/\/www.vandravagen.se","user_registered":"2014-05-19 05:44:52","display_name":"Tomas Jarvid","first_name":"Tomas","last_name":"Jarvid","avatar":"https:\/\/secure.gravatar.com\/avatar\/7fa71899795e8f540f615a1f5ab25255dc27aa40f05ee7ddd21aac521e01bf50?s=96&d=identicon&r=g"},"featured_image":false,"bloginfo":{"name":"Vandra V\u00e4gen","url":"https:\/\/blogg.svenskakyrkan.se\/vandravagen"},"_links":{"self":[{"href":"https:\/\/blogg.svenskakyrkan.se\/vandravagen\/wp-json\/wp\/v2\/posts\/2395","targetHints":{"allow":["GET"]}}],"collection":[{"href":"https:\/\/blogg.svenskakyrkan.se\/vandravagen\/wp-json\/wp\/v2\/posts"}],"about":[{"href":"https:\/\/blogg.svenskakyrkan.se\/vandravagen\/wp-json\/wp\/v2\/types\/post"}],"author":[{"embeddable":true,"href":"https:\/\/blogg.svenskakyrkan.se\/vandravagen\/wp-json\/wp\/v2\/users\/392"}],"replies":[{"embeddable":true,"href":"https:\/\/blogg.svenskakyrkan.se\/vandravagen\/wp-json\/wp\/v2\/comments?post=2395"}],"version-history":[{"count":2,"href":"https:\/\/blogg.svenskakyrkan.se\/vandravagen\/wp-json\/wp\/v2\/posts\/2395\/revisions"}],"predecessor-version":[{"id":2398,"href":"https:\/\/blogg.svenskakyrkan.se\/vandravagen\/wp-json\/wp\/v2\/posts\/2395\/revisions\/2398"}],"wp:attachment":[{"href":"https:\/\/blogg.svenskakyrkan.se\/vandravagen\/wp-json\/wp\/v2\/media?parent=2395"}],"wp:term":[{"taxonomy":"category","embeddable":true,"href":"https:\/\/blogg.svenskakyrkan.se\/vandravagen\/wp-json\/wp\/v2\/categories?post=2395"},{"taxonomy":"post_tag","embeddable":true,"href":"https:\/\/blogg.svenskakyrkan.se\/vandravagen\/wp-json\/wp\/v2\/tags?post=2395"}],"curies":[{"name":"wp","href":"https:\/\/api.w.org\/{rel}","templated":true}]}}