{"id":240,"date":"2013-12-17T22:01:00","date_gmt":"2013-12-17T21:01:00","guid":{"rendered":"http:\/\/blogg.svenskakyrkan.se\/vandravagen\/2013\/12\/17\/betlehem-i-ledsjo\/"},"modified":"2013-12-17T22:01:00","modified_gmt":"2013-12-17T21:01:00","slug":"betlehem-i-ledsjo","status":"publish","type":"post","link":"https:\/\/blogg.svenskakyrkan.se\/vandravagen\/2013\/12\/17\/betlehem-i-ledsjo\/","title":{"rendered":"Betlehem i Ledsj\u00f6"},"content":{"rendered":"<table align=\"center\" cellpadding=\"0\" cellspacing=\"0\">\n<tbody>\n<tr>\n<td><a href=\"http:\/\/4.bp.blogspot.com\/-uhFbGTpwk9g\/UrCsEpxlbRI\/AAAAAAAAGNc\/30Pl7_nUp3o\/s1600\/DSC_0367.jpg\"><img loading=\"lazy\" decoding=\"async\" border=\"0\" src=\"http:\/\/4.bp.blogspot.com\/-uhFbGTpwk9g\/UrCsEpxlbRI\/AAAAAAAAGNc\/30Pl7_nUp3o\/s1600\/DSC_0367.jpg\" height=\"426\" width=\"640\"><\/a><\/td>\n<\/tr>\n<tr>\n<td>Skattskrivaren och romarna br\u00e5kar man inte med.\u00a0<\/td>\n<\/tr>\n<\/tbody>\n<\/table>\n<p>Idag har jag varit i Betlehem, fast i Ledsj\u00f6. Skolan i Lundsbrunn och sedan p\u00e5 kv\u00e4llen allm\u00e4nheten var v\u00e4lkommen till Betlehem f\u00f6r skattskrivning och som ett s\u00e4tt att l\u00e4ra sig mer om och f\u00f6rbereda sig f\u00f6r julen.<\/p>\n<div><\/div>\n<div>\n<table align=\"center\" cellpadding=\"0\" cellspacing=\"0\">\n<tbody>\n<tr>\n<td><a href=\"http:\/\/4.bp.blogspot.com\/-l_4eDpIrD2c\/UrCsEszkkeI\/AAAAAAAAGNU\/2ndnB3hPOzA\/s1600\/DSC_0376.jpg\"><img loading=\"lazy\" decoding=\"async\" border=\"0\" src=\"http:\/\/4.bp.blogspot.com\/-l_4eDpIrD2c\/UrCsEszkkeI\/AAAAAAAAGNU\/2ndnB3hPOzA\/s1600\/DSC_0376.jpg\" height=\"426\" width=\"640\"><\/a><\/td>\n<\/tr>\n<tr>\n<td>Herdarna fick bes\u00f6k av \u00e4nglar n\u00e4r de vaktade sin hjord om natten.<\/td>\n<\/tr>\n<\/tbody>\n<\/table>\n<p>H\u00e4r \u00e4r n\u00e5gra bilder fr\u00e5n dagen. Djur och dr\u00e4kter gjorde att alla sinnen fick vara med.<\/p>\n<table align=\"center\" cellpadding=\"0\" cellspacing=\"0\">\n<tbody>\n<tr>\n<td><a href=\"http:\/\/4.bp.blogspot.com\/-hJbQUlRznzA\/UrCsE4nEv4I\/AAAAAAAAGNY\/Iqj7MKEJqEM\/s1600\/DSC_0379.jpg\"><img loading=\"lazy\" decoding=\"async\" border=\"0\" src=\"http:\/\/4.bp.blogspot.com\/-hJbQUlRznzA\/UrCsE4nEv4I\/AAAAAAAAGNY\/Iqj7MKEJqEM\/s1600\/DSC_0379.jpg\" height=\"426\" width=\"640\"><\/a><\/td>\n<\/tr>\n<tr>\n<td>De skyndade sig till stallet f\u00f6r att se det nyf\u00f6dda barnet<\/td>\n<\/tr>\n<\/tbody>\n<\/table>\n<p>N\u00e5gon kanske tycker det \u00e4r konstigt att Jesus f\u00f6tts i Ledsj\u00f6 men lika konstigt var det f\u00f6r herdarna, de hade inte v\u00e4ntat sig n\u00e5got annat \u00e4n sin vanliga vardag p\u00e5 f\u00e4lten utanf\u00f6r Betlehem. Pl\u00f6tsligt steg himlen ner p\u00e5 jorden ibland dem. Vem kan v\u00e4nta sig n\u00e5got s\u00e5dant?<\/p>\n<table align=\"center\" cellpadding=\"0\" cellspacing=\"0\">\n<tbody>\n<tr>\n<td><a href=\"http:\/\/4.bp.blogspot.com\/-_VY9GqnVeUc\/UrCsFTDuUyI\/AAAAAAAAGN8\/dYEUF9_vY-M\/s1600\/DSC_0380.jpg\"><img loading=\"lazy\" decoding=\"async\" border=\"0\" src=\"http:\/\/4.bp.blogspot.com\/-_VY9GqnVeUc\/UrCsFTDuUyI\/AAAAAAAAGN8\/dYEUF9_vY-M\/s1600\/DSC_0380.jpg\" height=\"426\" width=\"640\"><\/a><\/td>\n<\/tr>\n<tr>\n<td>Finns det en kung i detta skjul?<\/td>\n<\/tr>\n<\/tbody>\n<\/table>\n<p>Mitt hj\u00e4rta \u00e4r en tom krubba Herre, kom!<\/p>\n<\/p>\n<table align=\"center\" cellpadding=\"0\" cellspacing=\"0\">\n<tbody>\n<tr>\n<td><a href=\"http:\/\/1.bp.blogspot.com\/-jlW3wHcdXVI\/UrCsFoeyyOI\/AAAAAAAAGNw\/90sF_CKrS4A\/s1600\/DSC_0381.jpg\"><img loading=\"lazy\" decoding=\"async\" border=\"0\" src=\"http:\/\/1.bp.blogspot.com\/-jlW3wHcdXVI\/UrCsFoeyyOI\/AAAAAAAAGNw\/90sF_CKrS4A\/s1600\/DSC_0381.jpg\" height=\"426\" width=\"640\"><\/a><\/td>\n<\/tr>\n<tr>\n<td>\u00c5snan v\u00e4ntar t\u00e5lmodigt.<\/td>\n<\/tr>\n<\/tbody>\n<\/table>\n<table align=\"center\" cellpadding=\"0\" cellspacing=\"0\">\n<tbody>\n<tr>\n<td><a href=\"http:\/\/1.bp.blogspot.com\/-nhy7u201GG4\/UrCsF5E1DdI\/AAAAAAAAGNs\/XdBAoEN5kaA\/s1600\/DSC_0384.jpg\"><img loading=\"lazy\" decoding=\"async\" border=\"0\" src=\"http:\/\/1.bp.blogspot.com\/-nhy7u201GG4\/UrCsF5E1DdI\/AAAAAAAAGNs\/XdBAoEN5kaA\/s1600\/DSC_0384.jpg\" height=\"426\" width=\"640\"><\/a><\/td>\n<\/tr>\n<tr>\n<td>Liksom tjuren som g\u00f6mmer sig i dunklet.<\/td>\n<\/tr>\n<\/tbody>\n<\/table>\n<table align=\"center\" cellpadding=\"0\" cellspacing=\"0\">\n<tbody>\n<tr>\n<td><a href=\"http:\/\/4.bp.blogspot.com\/-wMh--5gTeCk\/UrCsHnI9nSI\/AAAAAAAAGOM\/NrP2Ovoego0\/s1600\/DSC_0386.jpg\"><img loading=\"lazy\" decoding=\"async\" border=\"0\" src=\"http:\/\/4.bp.blogspot.com\/-wMh--5gTeCk\/UrCsHnI9nSI\/AAAAAAAAGOM\/NrP2Ovoego0\/s1600\/DSC_0386.jpg\" height=\"426\" width=\"640\"><\/a><\/td>\n<\/tr>\n<tr>\n<td>Vandringen forts\u00e4tter i v\u00e5rt vanliga julfirande i v\u00e5r tid<\/td>\n<\/tr>\n<\/tbody>\n<\/table>\n<table align=\"center\" cellpadding=\"0\" cellspacing=\"0\">\n<tbody>\n<tr>\n<td><a href=\"http:\/\/2.bp.blogspot.com\/-N-i6QujIxPA\/UrCsHEXNBkI\/AAAAAAAAGN4\/9cgNowt5Dj4\/s1600\/DSC_0389.jpg\"><img loading=\"lazy\" decoding=\"async\" border=\"0\" src=\"http:\/\/2.bp.blogspot.com\/-N-i6QujIxPA\/UrCsHEXNBkI\/AAAAAAAAGN4\/9cgNowt5Dj4\/s1600\/DSC_0389.jpg\" height=\"426\" width=\"640\"><\/a><\/td>\n<\/tr>\n<tr>\n<td>Kungarna f\u00f6ljde stj\u00e4rnan.\u00a0<\/td>\n<\/tr>\n<\/tbody>\n<\/table>\n<\/div>\n","protected":false},"excerpt":{"rendered":"<p>Skattskrivaren och romarna br\u00e5kar man inte med.\u00a0 Idag har jag varit i Betlehem, fast i Ledsj\u00f6. Skolan i Lundsbrunn och sedan p\u00e5 kv\u00e4llen allm\u00e4nheten var v\u00e4lkommen till Betlehem f\u00f6r skattskrivning och som ett s\u00e4tt att l\u00e4ra sig mer om och f\u00f6rbereda sig f\u00f6r julen. Herdarna fick bes\u00f6k av \u00e4nglar n\u00e4r de vaktade sin hjord om [&hellip;]<\/p>\n","protected":false},"author":392,"featured_media":0,"comment_status":"open","ping_status":"open","sticky":false,"template":"","format":"standard","meta":{"_acf_changed":false,"footnotes":""},"categories":[56,76189,8252],"tags":[],"class_list":["post-240","post","type-post","status-publish","format-standard","hentry","category-bilder","category-dagens-kyrka","category-kyrkoaret"],"acf":[],"yoast_head":"<!-- This site is optimized with the Yoast SEO plugin v27.1.1 - https:\/\/yoast.com\/product\/yoast-seo-wordpress\/ -->\n<title>Betlehem i Ledsj\u00f6 - Vandra V\u00e4gen<\/title>\n<meta name=\"robots\" content=\"index, follow, max-snippet:-1, max-image-preview:large, max-video-preview:-1\" \/>\n<link rel=\"canonical\" href=\"https:\/\/blogg.svenskakyrkan.se\/vandravagen\/2013\/12\/17\/betlehem-i-ledsjo\/\" \/>\n<meta property=\"og:locale\" content=\"sv_SE\" \/>\n<meta property=\"og:type\" content=\"article\" \/>\n<meta property=\"og:title\" content=\"Betlehem i Ledsj\u00f6 - Vandra V\u00e4gen\" \/>\n<meta property=\"og:description\" content=\"Skattskrivaren och romarna br\u00e5kar man inte med.\u00a0 Idag har jag varit i Betlehem, fast i Ledsj\u00f6. Skolan i Lundsbrunn och sedan p\u00e5 kv\u00e4llen allm\u00e4nheten var v\u00e4lkommen till Betlehem f\u00f6r skattskrivning och som ett s\u00e4tt att l\u00e4ra sig mer om och f\u00f6rbereda sig f\u00f6r julen. Herdarna fick bes\u00f6k av \u00e4nglar n\u00e4r de vaktade sin hjord om [&hellip;]\" \/>\n<meta property=\"og:url\" content=\"https:\/\/blogg.svenskakyrkan.se\/vandravagen\/2013\/12\/17\/betlehem-i-ledsjo\/\" \/>\n<meta property=\"og:site_name\" content=\"Vandra V\u00e4gen\" \/>\n<meta property=\"article:publisher\" content=\"http:\/\/facebook.com\/vandravagen\" \/>\n<meta property=\"article:published_time\" content=\"2013-12-17T21:01:00+00:00\" \/>\n<meta property=\"og:image\" content=\"http:\/\/4.bp.blogspot.com\/-uhFbGTpwk9g\/UrCsEpxlbRI\/AAAAAAAAGNc\/30Pl7_nUp3o\/s1600\/DSC_0367.jpg\" \/>\n<meta name=\"author\" content=\"Tomas Jarvid\" \/>\n<meta name=\"twitter:card\" content=\"summary_large_image\" \/>\n<meta name=\"twitter:creator\" content=\"@fadertomas\" \/>\n<meta name=\"twitter:site\" content=\"@fadertomas\" \/>\n<meta name=\"twitter:label1\" content=\"Skriven av\" \/>\n\t<meta name=\"twitter:data1\" content=\"Tomas Jarvid\" \/>\n\t<meta name=\"twitter:label2\" content=\"Ber\u00e4knad l\u00e4stid\" \/>\n\t<meta name=\"twitter:data2\" content=\"1 minut\" \/>\n<script type=\"application\/ld+json\" class=\"yoast-schema-graph\">{\"@context\":\"https:\/\/schema.org\",\"@graph\":[{\"@type\":\"Article\",\"@id\":\"https:\/\/blogg.svenskakyrkan.se\/vandravagen\/2013\/12\/17\/betlehem-i-ledsjo\/#article\",\"isPartOf\":{\"@id\":\"https:\/\/blogg.svenskakyrkan.se\/vandravagen\/2013\/12\/17\/betlehem-i-ledsjo\/\"},\"author\":{\"name\":\"Tomas Jarvid\",\"@id\":\"https:\/\/blogg.svenskakyrkan.se\/vandravagen\/#\/schema\/person\/25da02d4f76b137d04291711e2c9fc16\"},\"headline\":\"Betlehem i Ledsj\u00f6\",\"datePublished\":\"2013-12-17T21:01:00+00:00\",\"mainEntityOfPage\":{\"@id\":\"https:\/\/blogg.svenskakyrkan.se\/vandravagen\/2013\/12\/17\/betlehem-i-ledsjo\/\"},\"wordCount\":207,\"commentCount\":0,\"publisher\":{\"@id\":\"https:\/\/blogg.svenskakyrkan.se\/vandravagen\/#organization\"},\"image\":{\"@id\":\"https:\/\/blogg.svenskakyrkan.se\/vandravagen\/2013\/12\/17\/betlehem-i-ledsjo\/#primaryimage\"},\"thumbnailUrl\":\"http:\/\/4.bp.blogspot.com\/-uhFbGTpwk9g\/UrCsEpxlbRI\/AAAAAAAAGNc\/30Pl7_nUp3o\/s1600\/DSC_0367.jpg\",\"articleSection\":[\"bilder\",\"Dagens Kyrka\",\"kyrko\u00e5ret\"],\"inLanguage\":\"sv-SE\",\"potentialAction\":[{\"@type\":\"CommentAction\",\"name\":\"Comment\",\"target\":[\"https:\/\/blogg.svenskakyrkan.se\/vandravagen\/2013\/12\/17\/betlehem-i-ledsjo\/#respond\"]}]},{\"@type\":\"WebPage\",\"@id\":\"https:\/\/blogg.svenskakyrkan.se\/vandravagen\/2013\/12\/17\/betlehem-i-ledsjo\/\",\"url\":\"https:\/\/blogg.svenskakyrkan.se\/vandravagen\/2013\/12\/17\/betlehem-i-ledsjo\/\",\"name\":\"Betlehem i Ledsj\u00f6 - Vandra V\u00e4gen\",\"isPartOf\":{\"@id\":\"https:\/\/blogg.svenskakyrkan.se\/vandravagen\/#website\"},\"primaryImageOfPage\":{\"@id\":\"https:\/\/blogg.svenskakyrkan.se\/vandravagen\/2013\/12\/17\/betlehem-i-ledsjo\/#primaryimage\"},\"image\":{\"@id\":\"https:\/\/blogg.svenskakyrkan.se\/vandravagen\/2013\/12\/17\/betlehem-i-ledsjo\/#primaryimage\"},\"thumbnailUrl\":\"http:\/\/4.bp.blogspot.com\/-uhFbGTpwk9g\/UrCsEpxlbRI\/AAAAAAAAGNc\/30Pl7_nUp3o\/s1600\/DSC_0367.jpg\",\"datePublished\":\"2013-12-17T21:01:00+00:00\",\"breadcrumb\":{\"@id\":\"https:\/\/blogg.svenskakyrkan.se\/vandravagen\/2013\/12\/17\/betlehem-i-ledsjo\/#breadcrumb\"},\"inLanguage\":\"sv-SE\",\"potentialAction\":[{\"@type\":\"ReadAction\",\"target\":[\"https:\/\/blogg.svenskakyrkan.se\/vandravagen\/2013\/12\/17\/betlehem-i-ledsjo\/\"]}]},{\"@type\":\"ImageObject\",\"inLanguage\":\"sv-SE\",\"@id\":\"https:\/\/blogg.svenskakyrkan.se\/vandravagen\/2013\/12\/17\/betlehem-i-ledsjo\/#primaryimage\",\"url\":\"http:\/\/4.bp.blogspot.com\/-uhFbGTpwk9g\/UrCsEpxlbRI\/AAAAAAAAGNc\/30Pl7_nUp3o\/s1600\/DSC_0367.jpg\",\"contentUrl\":\"http:\/\/4.bp.blogspot.com\/-uhFbGTpwk9g\/UrCsEpxlbRI\/AAAAAAAAGNc\/30Pl7_nUp3o\/s1600\/DSC_0367.jpg\"},{\"@type\":\"BreadcrumbList\",\"@id\":\"https:\/\/blogg.svenskakyrkan.se\/vandravagen\/2013\/12\/17\/betlehem-i-ledsjo\/#breadcrumb\",\"itemListElement\":[{\"@type\":\"ListItem\",\"position\":1,\"name\":\"Hem\",\"item\":\"https:\/\/blogg.svenskakyrkan.se\/vandravagen\/\"},{\"@type\":\"ListItem\",\"position\":2,\"name\":\"Betlehem i Ledsj\u00f6\"}]},{\"@type\":\"WebSite\",\"@id\":\"https:\/\/blogg.svenskakyrkan.se\/vandravagen\/#website\",\"url\":\"https:\/\/blogg.svenskakyrkan.se\/vandravagen\/\",\"name\":\"Vandra V\u00e4gen\",\"description\":\"-Mot en tro f\u00f6r hela livet\",\"publisher\":{\"@id\":\"https:\/\/blogg.svenskakyrkan.se\/vandravagen\/#organization\"},\"potentialAction\":[{\"@type\":\"SearchAction\",\"target\":{\"@type\":\"EntryPoint\",\"urlTemplate\":\"https:\/\/blogg.svenskakyrkan.se\/vandravagen\/?s={search_term_string}\"},\"query-input\":{\"@type\":\"PropertyValueSpecification\",\"valueRequired\":true,\"valueName\":\"search_term_string\"}}],\"inLanguage\":\"sv-SE\"},{\"@type\":\"Organization\",\"@id\":\"https:\/\/blogg.svenskakyrkan.se\/vandravagen\/#organization\",\"name\":\"ulricehamns pastorat\",\"alternateName\":\"ulricehamns pastorat\",\"url\":\"https:\/\/blogg.svenskakyrkan.se\/vandravagen\/\",\"logo\":{\"@type\":\"ImageObject\",\"inLanguage\":\"sv-SE\",\"@id\":\"https:\/\/blogg.svenskakyrkan.se\/vandravagen\/#\/schema\/logo\/image\/\",\"url\":\"https:\/\/blogg.svenskakyrkan.se\/vandravagen\/files\/2023\/05\/Ulr_logo_RGB.png\",\"contentUrl\":\"https:\/\/blogg.svenskakyrkan.se\/vandravagen\/files\/2023\/05\/Ulr_logo_RGB.png\",\"width\":205,\"height\":77,\"caption\":\"ulricehamns pastorat\"},\"image\":{\"@id\":\"https:\/\/blogg.svenskakyrkan.se\/vandravagen\/#\/schema\/logo\/image\/\"},\"sameAs\":[\"http:\/\/facebook.com\/vandravagen\",\"https:\/\/x.com\/fadertomas\",\"http:\/\/www.facebook.com\/svenskakyrkaniulricehamn\"]},{\"@type\":\"Person\",\"@id\":\"https:\/\/blogg.svenskakyrkan.se\/vandravagen\/#\/schema\/person\/25da02d4f76b137d04291711e2c9fc16\",\"name\":\"Tomas Jarvid\",\"image\":{\"@type\":\"ImageObject\",\"inLanguage\":\"sv-SE\",\"@id\":\"https:\/\/blogg.svenskakyrkan.se\/vandravagen\/#\/schema\/person\/image\/\",\"url\":\"https:\/\/secure.gravatar.com\/avatar\/7fa71899795e8f540f615a1f5ab25255dc27aa40f05ee7ddd21aac521e01bf50?s=96&d=identicon&r=g\",\"contentUrl\":\"https:\/\/secure.gravatar.com\/avatar\/7fa71899795e8f540f615a1f5ab25255dc27aa40f05ee7ddd21aac521e01bf50?s=96&d=identicon&r=g\",\"caption\":\"Tomas Jarvid\"},\"description\":\"Jag bor i Ulricehamn i V\u00e4sterg\u00f6tland och \u00e4r f\u00f6rsamlingspr\u00e4st i Svenska Kyrkan f\u00f6r Dalstorps f\u00f6rsamling i Kinds pastorat. P\u00e5 den h\u00e4r bloggen skriver jag ner tankar om vandringen som kristen.\",\"sameAs\":[\"http:\/\/www.vandravagen.se\"],\"url\":\"https:\/\/blogg.svenskakyrkan.se\/vandravagen\/author\/vandravagen\/\"}]}<\/script>\n<!-- \/ Yoast SEO plugin. -->","yoast_head_json":{"title":"Betlehem i Ledsj\u00f6 - Vandra V\u00e4gen","robots":{"index":"index","follow":"follow","max-snippet":"max-snippet:-1","max-image-preview":"max-image-preview:large","max-video-preview":"max-video-preview:-1"},"canonical":"https:\/\/blogg.svenskakyrkan.se\/vandravagen\/2013\/12\/17\/betlehem-i-ledsjo\/","og_locale":"sv_SE","og_type":"article","og_title":"Betlehem i Ledsj\u00f6 - Vandra V\u00e4gen","og_description":"Skattskrivaren och romarna br\u00e5kar man inte med.\u00a0 Idag har jag varit i Betlehem, fast i Ledsj\u00f6. Skolan i Lundsbrunn och sedan p\u00e5 kv\u00e4llen allm\u00e4nheten var v\u00e4lkommen till Betlehem f\u00f6r skattskrivning och som ett s\u00e4tt att l\u00e4ra sig mer om och f\u00f6rbereda sig f\u00f6r julen. Herdarna fick bes\u00f6k av \u00e4nglar n\u00e4r de vaktade sin hjord om [&hellip;]","og_url":"https:\/\/blogg.svenskakyrkan.se\/vandravagen\/2013\/12\/17\/betlehem-i-ledsjo\/","og_site_name":"Vandra V\u00e4gen","article_publisher":"http:\/\/facebook.com\/vandravagen","article_published_time":"2013-12-17T21:01:00+00:00","og_image":[{"url":"http:\/\/4.bp.blogspot.com\/-uhFbGTpwk9g\/UrCsEpxlbRI\/AAAAAAAAGNc\/30Pl7_nUp3o\/s1600\/DSC_0367.jpg","type":"","width":"","height":""}],"author":"Tomas Jarvid","twitter_card":"summary_large_image","twitter_creator":"@fadertomas","twitter_site":"@fadertomas","twitter_misc":{"Skriven av":"Tomas Jarvid","Ber\u00e4knad l\u00e4stid":"1 minut"},"schema":{"@context":"https:\/\/schema.org","@graph":[{"@type":"Article","@id":"https:\/\/blogg.svenskakyrkan.se\/vandravagen\/2013\/12\/17\/betlehem-i-ledsjo\/#article","isPartOf":{"@id":"https:\/\/blogg.svenskakyrkan.se\/vandravagen\/2013\/12\/17\/betlehem-i-ledsjo\/"},"author":{"name":"Tomas Jarvid","@id":"https:\/\/blogg.svenskakyrkan.se\/vandravagen\/#\/schema\/person\/25da02d4f76b137d04291711e2c9fc16"},"headline":"Betlehem i Ledsj\u00f6","datePublished":"2013-12-17T21:01:00+00:00","mainEntityOfPage":{"@id":"https:\/\/blogg.svenskakyrkan.se\/vandravagen\/2013\/12\/17\/betlehem-i-ledsjo\/"},"wordCount":207,"commentCount":0,"publisher":{"@id":"https:\/\/blogg.svenskakyrkan.se\/vandravagen\/#organization"},"image":{"@id":"https:\/\/blogg.svenskakyrkan.se\/vandravagen\/2013\/12\/17\/betlehem-i-ledsjo\/#primaryimage"},"thumbnailUrl":"http:\/\/4.bp.blogspot.com\/-uhFbGTpwk9g\/UrCsEpxlbRI\/AAAAAAAAGNc\/30Pl7_nUp3o\/s1600\/DSC_0367.jpg","articleSection":["bilder","Dagens Kyrka","kyrko\u00e5ret"],"inLanguage":"sv-SE","potentialAction":[{"@type":"CommentAction","name":"Comment","target":["https:\/\/blogg.svenskakyrkan.se\/vandravagen\/2013\/12\/17\/betlehem-i-ledsjo\/#respond"]}]},{"@type":"WebPage","@id":"https:\/\/blogg.svenskakyrkan.se\/vandravagen\/2013\/12\/17\/betlehem-i-ledsjo\/","url":"https:\/\/blogg.svenskakyrkan.se\/vandravagen\/2013\/12\/17\/betlehem-i-ledsjo\/","name":"Betlehem i Ledsj\u00f6 - Vandra V\u00e4gen","isPartOf":{"@id":"https:\/\/blogg.svenskakyrkan.se\/vandravagen\/#website"},"primaryImageOfPage":{"@id":"https:\/\/blogg.svenskakyrkan.se\/vandravagen\/2013\/12\/17\/betlehem-i-ledsjo\/#primaryimage"},"image":{"@id":"https:\/\/blogg.svenskakyrkan.se\/vandravagen\/2013\/12\/17\/betlehem-i-ledsjo\/#primaryimage"},"thumbnailUrl":"http:\/\/4.bp.blogspot.com\/-uhFbGTpwk9g\/UrCsEpxlbRI\/AAAAAAAAGNc\/30Pl7_nUp3o\/s1600\/DSC_0367.jpg","datePublished":"2013-12-17T21:01:00+00:00","breadcrumb":{"@id":"https:\/\/blogg.svenskakyrkan.se\/vandravagen\/2013\/12\/17\/betlehem-i-ledsjo\/#breadcrumb"},"inLanguage":"sv-SE","potentialAction":[{"@type":"ReadAction","target":["https:\/\/blogg.svenskakyrkan.se\/vandravagen\/2013\/12\/17\/betlehem-i-ledsjo\/"]}]},{"@type":"ImageObject","inLanguage":"sv-SE","@id":"https:\/\/blogg.svenskakyrkan.se\/vandravagen\/2013\/12\/17\/betlehem-i-ledsjo\/#primaryimage","url":"http:\/\/4.bp.blogspot.com\/-uhFbGTpwk9g\/UrCsEpxlbRI\/AAAAAAAAGNc\/30Pl7_nUp3o\/s1600\/DSC_0367.jpg","contentUrl":"http:\/\/4.bp.blogspot.com\/-uhFbGTpwk9g\/UrCsEpxlbRI\/AAAAAAAAGNc\/30Pl7_nUp3o\/s1600\/DSC_0367.jpg"},{"@type":"BreadcrumbList","@id":"https:\/\/blogg.svenskakyrkan.se\/vandravagen\/2013\/12\/17\/betlehem-i-ledsjo\/#breadcrumb","itemListElement":[{"@type":"ListItem","position":1,"name":"Hem","item":"https:\/\/blogg.svenskakyrkan.se\/vandravagen\/"},{"@type":"ListItem","position":2,"name":"Betlehem i Ledsj\u00f6"}]},{"@type":"WebSite","@id":"https:\/\/blogg.svenskakyrkan.se\/vandravagen\/#website","url":"https:\/\/blogg.svenskakyrkan.se\/vandravagen\/","name":"Vandra V\u00e4gen","description":"-Mot en tro f\u00f6r hela livet","publisher":{"@id":"https:\/\/blogg.svenskakyrkan.se\/vandravagen\/#organization"},"potentialAction":[{"@type":"SearchAction","target":{"@type":"EntryPoint","urlTemplate":"https:\/\/blogg.svenskakyrkan.se\/vandravagen\/?s={search_term_string}"},"query-input":{"@type":"PropertyValueSpecification","valueRequired":true,"valueName":"search_term_string"}}],"inLanguage":"sv-SE"},{"@type":"Organization","@id":"https:\/\/blogg.svenskakyrkan.se\/vandravagen\/#organization","name":"ulricehamns pastorat","alternateName":"ulricehamns pastorat","url":"https:\/\/blogg.svenskakyrkan.se\/vandravagen\/","logo":{"@type":"ImageObject","inLanguage":"sv-SE","@id":"https:\/\/blogg.svenskakyrkan.se\/vandravagen\/#\/schema\/logo\/image\/","url":"https:\/\/blogg.svenskakyrkan.se\/vandravagen\/files\/2023\/05\/Ulr_logo_RGB.png","contentUrl":"https:\/\/blogg.svenskakyrkan.se\/vandravagen\/files\/2023\/05\/Ulr_logo_RGB.png","width":205,"height":77,"caption":"ulricehamns pastorat"},"image":{"@id":"https:\/\/blogg.svenskakyrkan.se\/vandravagen\/#\/schema\/logo\/image\/"},"sameAs":["http:\/\/facebook.com\/vandravagen","https:\/\/x.com\/fadertomas","http:\/\/www.facebook.com\/svenskakyrkaniulricehamn"]},{"@type":"Person","@id":"https:\/\/blogg.svenskakyrkan.se\/vandravagen\/#\/schema\/person\/25da02d4f76b137d04291711e2c9fc16","name":"Tomas Jarvid","image":{"@type":"ImageObject","inLanguage":"sv-SE","@id":"https:\/\/blogg.svenskakyrkan.se\/vandravagen\/#\/schema\/person\/image\/","url":"https:\/\/secure.gravatar.com\/avatar\/7fa71899795e8f540f615a1f5ab25255dc27aa40f05ee7ddd21aac521e01bf50?s=96&d=identicon&r=g","contentUrl":"https:\/\/secure.gravatar.com\/avatar\/7fa71899795e8f540f615a1f5ab25255dc27aa40f05ee7ddd21aac521e01bf50?s=96&d=identicon&r=g","caption":"Tomas Jarvid"},"description":"Jag bor i Ulricehamn i V\u00e4sterg\u00f6tland och \u00e4r f\u00f6rsamlingspr\u00e4st i Svenska Kyrkan f\u00f6r Dalstorps f\u00f6rsamling i Kinds pastorat. P\u00e5 den h\u00e4r bloggen skriver jag ner tankar om vandringen som kristen.","sameAs":["http:\/\/www.vandravagen.se"],"url":"https:\/\/blogg.svenskakyrkan.se\/vandravagen\/author\/vandravagen\/"}]}},"author_meta":{"ID":"392","user_nicename":"vandravagen","user_url":"http:\/\/www.vandravagen.se","user_registered":"2014-05-19 05:44:52","display_name":"Tomas Jarvid","first_name":"Tomas","last_name":"Jarvid","avatar":"https:\/\/secure.gravatar.com\/avatar\/7fa71899795e8f540f615a1f5ab25255dc27aa40f05ee7ddd21aac521e01bf50?s=96&d=identicon&r=g"},"featured_image":false,"bloginfo":{"name":"Vandra V\u00e4gen","url":"https:\/\/blogg.svenskakyrkan.se\/vandravagen"},"_links":{"self":[{"href":"https:\/\/blogg.svenskakyrkan.se\/vandravagen\/wp-json\/wp\/v2\/posts\/240","targetHints":{"allow":["GET"]}}],"collection":[{"href":"https:\/\/blogg.svenskakyrkan.se\/vandravagen\/wp-json\/wp\/v2\/posts"}],"about":[{"href":"https:\/\/blogg.svenskakyrkan.se\/vandravagen\/wp-json\/wp\/v2\/types\/post"}],"author":[{"embeddable":true,"href":"https:\/\/blogg.svenskakyrkan.se\/vandravagen\/wp-json\/wp\/v2\/users\/392"}],"replies":[{"embeddable":true,"href":"https:\/\/blogg.svenskakyrkan.se\/vandravagen\/wp-json\/wp\/v2\/comments?post=240"}],"version-history":[{"count":0,"href":"https:\/\/blogg.svenskakyrkan.se\/vandravagen\/wp-json\/wp\/v2\/posts\/240\/revisions"}],"wp:attachment":[{"href":"https:\/\/blogg.svenskakyrkan.se\/vandravagen\/wp-json\/wp\/v2\/media?parent=240"}],"wp:term":[{"taxonomy":"category","embeddable":true,"href":"https:\/\/blogg.svenskakyrkan.se\/vandravagen\/wp-json\/wp\/v2\/categories?post=240"},{"taxonomy":"post_tag","embeddable":true,"href":"https:\/\/blogg.svenskakyrkan.se\/vandravagen\/wp-json\/wp\/v2\/tags?post=240"}],"curies":[{"name":"wp","href":"https:\/\/api.w.org\/{rel}","templated":true}]}}