{"id":2412,"date":"2014-12-23T07:00:05","date_gmt":"2014-12-23T06:00:05","guid":{"rendered":"http:\/\/blogg.svenskakyrkan.se\/vandravagen\/?p=2412"},"modified":"2014-12-22T22:14:01","modified_gmt":"2014-12-22T21:14:01","slug":"hundra-ar-sedan-julfreden","status":"publish","type":"post","link":"https:\/\/blogg.svenskakyrkan.se\/vandravagen\/2014\/12\/23\/hundra-ar-sedan-julfreden\/","title":{"rendered":"Hundra \u00e5r sedan julfreden"},"content":{"rendered":"<p>&nbsp;<\/p>\n<div id=\"attachment_2419\" style=\"width: 746px\" class=\"wp-caption aligncenter\"><a href=\"http:\/\/blogg.svenskakyrkan.se\/vandravagen\/files\/2014\/12\/IMG_5109.jpg\"><img loading=\"lazy\" decoding=\"async\" aria-describedby=\"caption-attachment-2419\" class=\"size-full wp-image-2419\" src=\"http:\/\/blogg.svenskakyrkan.se\/vandravagen\/files\/2014\/12\/IMG_5109.jpg\" alt=\"Julf\u00f6rberedelser i skyttegravarna. Pyntet g\u00f6r sig inte riktigt.\" width=\"736\" height=\"518\" srcset=\"https:\/\/blogg.svenskakyrkan.se\/vandravagen\/files\/2014\/12\/IMG_5109.jpg 736w, https:\/\/blogg.svenskakyrkan.se\/vandravagen\/files\/2014\/12\/IMG_5109-300x211.jpg 300w, https:\/\/blogg.svenskakyrkan.se\/vandravagen\/files\/2014\/12\/IMG_5109-426x300.jpg 426w\" sizes=\"auto, (max-width: 736px) 100vw, 736px\" \/><\/a><p id=\"caption-attachment-2419\" class=\"wp-caption-text\">Julf\u00f6rberedelser i skyttegravarna. Pyntet g\u00f6r sig inte riktigt.<\/p><\/div>\n<p>I kv\u00e4ll \u00e4r det precis hundra \u00e5r sedan en av de m\u00e4rkligaste och h\u00e4rligaste historiska ber\u00e4ttelser jag k\u00e4nner till. <strong>Julfreden<\/strong> vid v\u00e4stfronten under f\u00f6rsta v\u00e4rldskriget.<\/p>\n<p>P\u00e5 bilden ovan kan man se hur soldater tappert g\u00f6r sitt b\u00e4sta f\u00f6r att fira jul i skyttegravarna. Tydligen fraktade man julgranar i stora m\u00e4ngder ut till fronten p\u00e5 den tyska sidan f\u00f6r att h\u00f6ja moralen hos trupperna.<\/p>\n<p>S\u00e5 h\u00e4nde det n\u00e5got mirakul\u00f6st p\u00e5 kv\u00e4llen den 23e. En helt stilla kv\u00e4ll h\u00f6rdes pl\u00f6tsligt en klar r\u00f6st sjunga &#8221;Stille nacht&#8221; s\u00e5 att det h\u00f6rdes till andra sidan. S\u00e5ng f\u00f6ljde p\u00e5 s\u00e5ng och de olika sidorna svarade med sina respektive juls\u00e5nger. Trevande kom n\u00e5gra sedan \u00f6verens om att inte skjuta p\u00e5 varandra och s\u00e5 h\u00e4nde det n\u00e5got oerh\u00f6rt. Man tr\u00e4ffades i ingenmansland och tog varann i hand, trots livsfaran. Man lade ner kriget under julen. Alla var tr\u00f6tta p\u00e5 kriget. Ingen ville sl\u00e5ss.<\/p>\n<p>L\u00e4s mer i <a href=\"http:\/\/www.svd.se\/kultur\/understrecket\/befalen-stod-maktlosa-infor-julfreden-1914_381050.svd\">denna fina understreckare<\/a> fr\u00e5n f\u00f6r n\u00e5gra \u00e5r sedan. Man trodde tydligen l\u00e4nge att historien om julfreden var en skr\u00f6na eftersom de med makt s\u00e5g till att den h\u00f6lls utanf\u00f6r historieskrivningen men sedan har man hittat bevis som visar att den faktiskt \u00e4gt rum.<\/p>\n<div id=\"attachment_2420\" style=\"width: 1000px\" class=\"wp-caption aligncenter\"><a href=\"http:\/\/blogg.svenskakyrkan.se\/vandravagen\/files\/2014\/12\/IMG_5034.jpg\"><img loading=\"lazy\" decoding=\"async\" aria-describedby=\"caption-attachment-2420\" class=\"size-full wp-image-2420\" src=\"http:\/\/blogg.svenskakyrkan.se\/vandravagen\/files\/2014\/12\/IMG_5034.jpg\" alt=\"Fredlig fotbollsmatch.\" width=\"990\" height=\"721\" srcset=\"https:\/\/blogg.svenskakyrkan.se\/vandravagen\/files\/2014\/12\/IMG_5034.jpg 990w, https:\/\/blogg.svenskakyrkan.se\/vandravagen\/files\/2014\/12\/IMG_5034-300x218.jpg 300w, https:\/\/blogg.svenskakyrkan.se\/vandravagen\/files\/2014\/12\/IMG_5034-411x300.jpg 411w\" sizes=\"auto, (max-width: 990px) 100vw, 990px\" \/><\/a><p id=\"caption-attachment-2420\" class=\"wp-caption-text\">Fredlig fotbollsmatch.<\/p><\/div>\n<p>De som skulle kriga spelade fotbollsmatcher mot varandra. I brist p\u00e5 pr\u00e4ster ordnades det gemensamma begravningar f\u00f6r soldater fr\u00e5n b\u00e5da sidorna. Om inte de h\u00f6gre bef\u00e4len till slut f\u00f6rst\u00e5tt situationen och reagerat med krafttag s\u00e5 vem vet om kriget alls hade kunnat forts\u00e4tta?<\/p>\n<p>Etikern Hauerwas ska ha sagt att om bara kristna kunde vara \u00f6verens om att inte d\u00f6da varandra s\u00e5 skulle vi vare en bra bit p\u00e5 v\u00e4g mot fred p\u00e5 jorden. Inv\u00e4ndningen mot en ickev\u00e5ldsfilosofi brukar vara att vad skulle man d\u00e5 g\u00f6ra mot en Hitler men jag t\u00e4nker \u00e4nd\u00e5 inte att det \u00e4r givet att pragmatikerna har r\u00e4tt. L\u00e5t oss komma ih\u00e5g att Hitler st\u00e4llde upp kristna soldater f\u00f6r att utf\u00f6ra sina krig. Hur kunde han lyckas med det? En annan attityd fr\u00e5n kyrkans h\u00e5ll till v\u00e5ld s\u00e5 hade kanske historien inte alls sett ut som den gjort?<\/p>\n<p>N\u00e4r jag t\u00e4nker p\u00e5 julfreden som varade n\u00e5gra dagar f\u00f6r hundra \u00e5r sedan s\u00e5 r\u00f6r det vid hj\u00e4rtat. T\u00e4nk om allt kunde vara annorlunda \u00e4nd\u00e5? T\u00e4nk om striderna aldrig tagit fart igen? War is over if you want it? Borde det inte vara s\u00e5 med oss som bek\u00e4nner oss till fredsfursten?<\/p>\n<p>Vad t\u00e4nker du?<\/p>\n","protected":false},"excerpt":{"rendered":"<p>&nbsp; I kv\u00e4ll \u00e4r det precis hundra \u00e5r sedan en av de m\u00e4rkligaste och h\u00e4rligaste historiska ber\u00e4ttelser jag k\u00e4nner till. Julfreden vid v\u00e4stfronten under f\u00f6rsta v\u00e4rldskriget. P\u00e5 bilden ovan kan man se hur soldater tappert g\u00f6r sitt b\u00e4sta f\u00f6r att fira jul i skyttegravarna. Tydligen fraktade man julgranar i stora m\u00e4ngder ut till fronten p\u00e5 [&hellip;]<\/p>\n","protected":false},"author":392,"featured_media":0,"comment_status":"open","ping_status":"open","sticky":false,"template":"","format":"standard","meta":{"_acf_changed":false,"footnotes":""},"categories":[76189,8337],"tags":[],"class_list":["post-2412","post","type-post","status-publish","format-standard","hentry","category-dagens-kyrka","category-historia"],"acf":[],"yoast_head":"<!-- This site is optimized with the Yoast SEO plugin v27.1.1 - https:\/\/yoast.com\/product\/yoast-seo-wordpress\/ -->\n<title>Hundra \u00e5r sedan julfreden - Vandra V\u00e4gen<\/title>\n<meta name=\"robots\" content=\"index, follow, max-snippet:-1, max-image-preview:large, max-video-preview:-1\" \/>\n<link rel=\"canonical\" href=\"https:\/\/blogg.svenskakyrkan.se\/vandravagen\/2014\/12\/23\/hundra-ar-sedan-julfreden\/\" \/>\n<meta property=\"og:locale\" content=\"sv_SE\" \/>\n<meta property=\"og:type\" content=\"article\" \/>\n<meta property=\"og:title\" content=\"Hundra \u00e5r sedan julfreden - Vandra V\u00e4gen\" \/>\n<meta property=\"og:description\" content=\"&nbsp; I kv\u00e4ll \u00e4r det precis hundra \u00e5r sedan en av de m\u00e4rkligaste och h\u00e4rligaste historiska ber\u00e4ttelser jag k\u00e4nner till. Julfreden vid v\u00e4stfronten under f\u00f6rsta v\u00e4rldskriget. P\u00e5 bilden ovan kan man se hur soldater tappert g\u00f6r sitt b\u00e4sta f\u00f6r att fira jul i skyttegravarna. Tydligen fraktade man julgranar i stora m\u00e4ngder ut till fronten p\u00e5 [&hellip;]\" \/>\n<meta property=\"og:url\" content=\"https:\/\/blogg.svenskakyrkan.se\/vandravagen\/2014\/12\/23\/hundra-ar-sedan-julfreden\/\" \/>\n<meta property=\"og:site_name\" content=\"Vandra V\u00e4gen\" \/>\n<meta property=\"article:publisher\" content=\"http:\/\/facebook.com\/vandravagen\" \/>\n<meta property=\"article:published_time\" content=\"2014-12-23T06:00:05+00:00\" \/>\n<meta property=\"og:image\" content=\"http:\/\/blogg.svenskakyrkan.se\/vandravagen\/files\/2014\/12\/IMG_5109.jpg\" \/>\n<meta name=\"author\" content=\"Tomas Jarvid\" \/>\n<meta name=\"twitter:card\" content=\"summary_large_image\" \/>\n<meta name=\"twitter:creator\" content=\"@fadertomas\" \/>\n<meta name=\"twitter:site\" content=\"@fadertomas\" \/>\n<meta name=\"twitter:label1\" content=\"Skriven av\" \/>\n\t<meta name=\"twitter:data1\" content=\"Tomas Jarvid\" \/>\n\t<meta name=\"twitter:label2\" content=\"Ber\u00e4knad l\u00e4stid\" \/>\n\t<meta name=\"twitter:data2\" content=\"2 minuter\" \/>\n<script type=\"application\/ld+json\" class=\"yoast-schema-graph\">{\"@context\":\"https:\/\/schema.org\",\"@graph\":[{\"@type\":\"Article\",\"@id\":\"https:\/\/blogg.svenskakyrkan.se\/vandravagen\/2014\/12\/23\/hundra-ar-sedan-julfreden\/#article\",\"isPartOf\":{\"@id\":\"https:\/\/blogg.svenskakyrkan.se\/vandravagen\/2014\/12\/23\/hundra-ar-sedan-julfreden\/\"},\"author\":{\"name\":\"Tomas Jarvid\",\"@id\":\"https:\/\/blogg.svenskakyrkan.se\/vandravagen\/#\/schema\/person\/25da02d4f76b137d04291711e2c9fc16\"},\"headline\":\"Hundra \u00e5r sedan julfreden\",\"datePublished\":\"2014-12-23T06:00:05+00:00\",\"mainEntityOfPage\":{\"@id\":\"https:\/\/blogg.svenskakyrkan.se\/vandravagen\/2014\/12\/23\/hundra-ar-sedan-julfreden\/\"},\"wordCount\":495,\"commentCount\":0,\"publisher\":{\"@id\":\"https:\/\/blogg.svenskakyrkan.se\/vandravagen\/#organization\"},\"image\":{\"@id\":\"https:\/\/blogg.svenskakyrkan.se\/vandravagen\/2014\/12\/23\/hundra-ar-sedan-julfreden\/#primaryimage\"},\"thumbnailUrl\":\"http:\/\/blogg.svenskakyrkan.se\/vandravagen\/files\/2014\/12\/IMG_5109.jpg\",\"articleSection\":[\"Dagens Kyrka\",\"historia\"],\"inLanguage\":\"sv-SE\",\"potentialAction\":[{\"@type\":\"CommentAction\",\"name\":\"Comment\",\"target\":[\"https:\/\/blogg.svenskakyrkan.se\/vandravagen\/2014\/12\/23\/hundra-ar-sedan-julfreden\/#respond\"]}]},{\"@type\":\"WebPage\",\"@id\":\"https:\/\/blogg.svenskakyrkan.se\/vandravagen\/2014\/12\/23\/hundra-ar-sedan-julfreden\/\",\"url\":\"https:\/\/blogg.svenskakyrkan.se\/vandravagen\/2014\/12\/23\/hundra-ar-sedan-julfreden\/\",\"name\":\"Hundra \u00e5r sedan julfreden - Vandra V\u00e4gen\",\"isPartOf\":{\"@id\":\"https:\/\/blogg.svenskakyrkan.se\/vandravagen\/#website\"},\"primaryImageOfPage\":{\"@id\":\"https:\/\/blogg.svenskakyrkan.se\/vandravagen\/2014\/12\/23\/hundra-ar-sedan-julfreden\/#primaryimage\"},\"image\":{\"@id\":\"https:\/\/blogg.svenskakyrkan.se\/vandravagen\/2014\/12\/23\/hundra-ar-sedan-julfreden\/#primaryimage\"},\"thumbnailUrl\":\"http:\/\/blogg.svenskakyrkan.se\/vandravagen\/files\/2014\/12\/IMG_5109.jpg\",\"datePublished\":\"2014-12-23T06:00:05+00:00\",\"breadcrumb\":{\"@id\":\"https:\/\/blogg.svenskakyrkan.se\/vandravagen\/2014\/12\/23\/hundra-ar-sedan-julfreden\/#breadcrumb\"},\"inLanguage\":\"sv-SE\",\"potentialAction\":[{\"@type\":\"ReadAction\",\"target\":[\"https:\/\/blogg.svenskakyrkan.se\/vandravagen\/2014\/12\/23\/hundra-ar-sedan-julfreden\/\"]}]},{\"@type\":\"ImageObject\",\"inLanguage\":\"sv-SE\",\"@id\":\"https:\/\/blogg.svenskakyrkan.se\/vandravagen\/2014\/12\/23\/hundra-ar-sedan-julfreden\/#primaryimage\",\"url\":\"http:\/\/blogg.svenskakyrkan.se\/vandravagen\/files\/2014\/12\/IMG_5109.jpg\",\"contentUrl\":\"http:\/\/blogg.svenskakyrkan.se\/vandravagen\/files\/2014\/12\/IMG_5109.jpg\"},{\"@type\":\"BreadcrumbList\",\"@id\":\"https:\/\/blogg.svenskakyrkan.se\/vandravagen\/2014\/12\/23\/hundra-ar-sedan-julfreden\/#breadcrumb\",\"itemListElement\":[{\"@type\":\"ListItem\",\"position\":1,\"name\":\"Hem\",\"item\":\"https:\/\/blogg.svenskakyrkan.se\/vandravagen\/\"},{\"@type\":\"ListItem\",\"position\":2,\"name\":\"Hundra \u00e5r sedan julfreden\"}]},{\"@type\":\"WebSite\",\"@id\":\"https:\/\/blogg.svenskakyrkan.se\/vandravagen\/#website\",\"url\":\"https:\/\/blogg.svenskakyrkan.se\/vandravagen\/\",\"name\":\"Vandra V\u00e4gen\",\"description\":\"-Mot en tro f\u00f6r hela livet\",\"publisher\":{\"@id\":\"https:\/\/blogg.svenskakyrkan.se\/vandravagen\/#organization\"},\"potentialAction\":[{\"@type\":\"SearchAction\",\"target\":{\"@type\":\"EntryPoint\",\"urlTemplate\":\"https:\/\/blogg.svenskakyrkan.se\/vandravagen\/?s={search_term_string}\"},\"query-input\":{\"@type\":\"PropertyValueSpecification\",\"valueRequired\":true,\"valueName\":\"search_term_string\"}}],\"inLanguage\":\"sv-SE\"},{\"@type\":\"Organization\",\"@id\":\"https:\/\/blogg.svenskakyrkan.se\/vandravagen\/#organization\",\"name\":\"ulricehamns pastorat\",\"alternateName\":\"ulricehamns pastorat\",\"url\":\"https:\/\/blogg.svenskakyrkan.se\/vandravagen\/\",\"logo\":{\"@type\":\"ImageObject\",\"inLanguage\":\"sv-SE\",\"@id\":\"https:\/\/blogg.svenskakyrkan.se\/vandravagen\/#\/schema\/logo\/image\/\",\"url\":\"https:\/\/blogg.svenskakyrkan.se\/vandravagen\/files\/2023\/05\/Ulr_logo_RGB.png\",\"contentUrl\":\"https:\/\/blogg.svenskakyrkan.se\/vandravagen\/files\/2023\/05\/Ulr_logo_RGB.png\",\"width\":205,\"height\":77,\"caption\":\"ulricehamns pastorat\"},\"image\":{\"@id\":\"https:\/\/blogg.svenskakyrkan.se\/vandravagen\/#\/schema\/logo\/image\/\"},\"sameAs\":[\"http:\/\/facebook.com\/vandravagen\",\"https:\/\/x.com\/fadertomas\",\"http:\/\/www.facebook.com\/svenskakyrkaniulricehamn\"]},{\"@type\":\"Person\",\"@id\":\"https:\/\/blogg.svenskakyrkan.se\/vandravagen\/#\/schema\/person\/25da02d4f76b137d04291711e2c9fc16\",\"name\":\"Tomas Jarvid\",\"image\":{\"@type\":\"ImageObject\",\"inLanguage\":\"sv-SE\",\"@id\":\"https:\/\/blogg.svenskakyrkan.se\/vandravagen\/#\/schema\/person\/image\/\",\"url\":\"https:\/\/secure.gravatar.com\/avatar\/7fa71899795e8f540f615a1f5ab25255dc27aa40f05ee7ddd21aac521e01bf50?s=96&d=identicon&r=g\",\"contentUrl\":\"https:\/\/secure.gravatar.com\/avatar\/7fa71899795e8f540f615a1f5ab25255dc27aa40f05ee7ddd21aac521e01bf50?s=96&d=identicon&r=g\",\"caption\":\"Tomas Jarvid\"},\"description\":\"Jag bor i Ulricehamn i V\u00e4sterg\u00f6tland och \u00e4r f\u00f6rsamlingspr\u00e4st i Svenska Kyrkan f\u00f6r Dalstorps f\u00f6rsamling i Kinds pastorat. P\u00e5 den h\u00e4r bloggen skriver jag ner tankar om vandringen som kristen.\",\"sameAs\":[\"http:\/\/www.vandravagen.se\"],\"url\":\"https:\/\/blogg.svenskakyrkan.se\/vandravagen\/author\/vandravagen\/\"}]}<\/script>\n<!-- \/ Yoast SEO plugin. -->","yoast_head_json":{"title":"Hundra \u00e5r sedan julfreden - Vandra V\u00e4gen","robots":{"index":"index","follow":"follow","max-snippet":"max-snippet:-1","max-image-preview":"max-image-preview:large","max-video-preview":"max-video-preview:-1"},"canonical":"https:\/\/blogg.svenskakyrkan.se\/vandravagen\/2014\/12\/23\/hundra-ar-sedan-julfreden\/","og_locale":"sv_SE","og_type":"article","og_title":"Hundra \u00e5r sedan julfreden - Vandra V\u00e4gen","og_description":"&nbsp; I kv\u00e4ll \u00e4r det precis hundra \u00e5r sedan en av de m\u00e4rkligaste och h\u00e4rligaste historiska ber\u00e4ttelser jag k\u00e4nner till. Julfreden vid v\u00e4stfronten under f\u00f6rsta v\u00e4rldskriget. P\u00e5 bilden ovan kan man se hur soldater tappert g\u00f6r sitt b\u00e4sta f\u00f6r att fira jul i skyttegravarna. Tydligen fraktade man julgranar i stora m\u00e4ngder ut till fronten p\u00e5 [&hellip;]","og_url":"https:\/\/blogg.svenskakyrkan.se\/vandravagen\/2014\/12\/23\/hundra-ar-sedan-julfreden\/","og_site_name":"Vandra V\u00e4gen","article_publisher":"http:\/\/facebook.com\/vandravagen","article_published_time":"2014-12-23T06:00:05+00:00","og_image":[{"url":"http:\/\/blogg.svenskakyrkan.se\/vandravagen\/files\/2014\/12\/IMG_5109.jpg","type":"","width":"","height":""}],"author":"Tomas Jarvid","twitter_card":"summary_large_image","twitter_creator":"@fadertomas","twitter_site":"@fadertomas","twitter_misc":{"Skriven av":"Tomas Jarvid","Ber\u00e4knad l\u00e4stid":"2 minuter"},"schema":{"@context":"https:\/\/schema.org","@graph":[{"@type":"Article","@id":"https:\/\/blogg.svenskakyrkan.se\/vandravagen\/2014\/12\/23\/hundra-ar-sedan-julfreden\/#article","isPartOf":{"@id":"https:\/\/blogg.svenskakyrkan.se\/vandravagen\/2014\/12\/23\/hundra-ar-sedan-julfreden\/"},"author":{"name":"Tomas Jarvid","@id":"https:\/\/blogg.svenskakyrkan.se\/vandravagen\/#\/schema\/person\/25da02d4f76b137d04291711e2c9fc16"},"headline":"Hundra \u00e5r sedan julfreden","datePublished":"2014-12-23T06:00:05+00:00","mainEntityOfPage":{"@id":"https:\/\/blogg.svenskakyrkan.se\/vandravagen\/2014\/12\/23\/hundra-ar-sedan-julfreden\/"},"wordCount":495,"commentCount":0,"publisher":{"@id":"https:\/\/blogg.svenskakyrkan.se\/vandravagen\/#organization"},"image":{"@id":"https:\/\/blogg.svenskakyrkan.se\/vandravagen\/2014\/12\/23\/hundra-ar-sedan-julfreden\/#primaryimage"},"thumbnailUrl":"http:\/\/blogg.svenskakyrkan.se\/vandravagen\/files\/2014\/12\/IMG_5109.jpg","articleSection":["Dagens Kyrka","historia"],"inLanguage":"sv-SE","potentialAction":[{"@type":"CommentAction","name":"Comment","target":["https:\/\/blogg.svenskakyrkan.se\/vandravagen\/2014\/12\/23\/hundra-ar-sedan-julfreden\/#respond"]}]},{"@type":"WebPage","@id":"https:\/\/blogg.svenskakyrkan.se\/vandravagen\/2014\/12\/23\/hundra-ar-sedan-julfreden\/","url":"https:\/\/blogg.svenskakyrkan.se\/vandravagen\/2014\/12\/23\/hundra-ar-sedan-julfreden\/","name":"Hundra \u00e5r sedan julfreden - Vandra V\u00e4gen","isPartOf":{"@id":"https:\/\/blogg.svenskakyrkan.se\/vandravagen\/#website"},"primaryImageOfPage":{"@id":"https:\/\/blogg.svenskakyrkan.se\/vandravagen\/2014\/12\/23\/hundra-ar-sedan-julfreden\/#primaryimage"},"image":{"@id":"https:\/\/blogg.svenskakyrkan.se\/vandravagen\/2014\/12\/23\/hundra-ar-sedan-julfreden\/#primaryimage"},"thumbnailUrl":"http:\/\/blogg.svenskakyrkan.se\/vandravagen\/files\/2014\/12\/IMG_5109.jpg","datePublished":"2014-12-23T06:00:05+00:00","breadcrumb":{"@id":"https:\/\/blogg.svenskakyrkan.se\/vandravagen\/2014\/12\/23\/hundra-ar-sedan-julfreden\/#breadcrumb"},"inLanguage":"sv-SE","potentialAction":[{"@type":"ReadAction","target":["https:\/\/blogg.svenskakyrkan.se\/vandravagen\/2014\/12\/23\/hundra-ar-sedan-julfreden\/"]}]},{"@type":"ImageObject","inLanguage":"sv-SE","@id":"https:\/\/blogg.svenskakyrkan.se\/vandravagen\/2014\/12\/23\/hundra-ar-sedan-julfreden\/#primaryimage","url":"http:\/\/blogg.svenskakyrkan.se\/vandravagen\/files\/2014\/12\/IMG_5109.jpg","contentUrl":"http:\/\/blogg.svenskakyrkan.se\/vandravagen\/files\/2014\/12\/IMG_5109.jpg"},{"@type":"BreadcrumbList","@id":"https:\/\/blogg.svenskakyrkan.se\/vandravagen\/2014\/12\/23\/hundra-ar-sedan-julfreden\/#breadcrumb","itemListElement":[{"@type":"ListItem","position":1,"name":"Hem","item":"https:\/\/blogg.svenskakyrkan.se\/vandravagen\/"},{"@type":"ListItem","position":2,"name":"Hundra \u00e5r sedan julfreden"}]},{"@type":"WebSite","@id":"https:\/\/blogg.svenskakyrkan.se\/vandravagen\/#website","url":"https:\/\/blogg.svenskakyrkan.se\/vandravagen\/","name":"Vandra V\u00e4gen","description":"-Mot en tro f\u00f6r hela livet","publisher":{"@id":"https:\/\/blogg.svenskakyrkan.se\/vandravagen\/#organization"},"potentialAction":[{"@type":"SearchAction","target":{"@type":"EntryPoint","urlTemplate":"https:\/\/blogg.svenskakyrkan.se\/vandravagen\/?s={search_term_string}"},"query-input":{"@type":"PropertyValueSpecification","valueRequired":true,"valueName":"search_term_string"}}],"inLanguage":"sv-SE"},{"@type":"Organization","@id":"https:\/\/blogg.svenskakyrkan.se\/vandravagen\/#organization","name":"ulricehamns pastorat","alternateName":"ulricehamns pastorat","url":"https:\/\/blogg.svenskakyrkan.se\/vandravagen\/","logo":{"@type":"ImageObject","inLanguage":"sv-SE","@id":"https:\/\/blogg.svenskakyrkan.se\/vandravagen\/#\/schema\/logo\/image\/","url":"https:\/\/blogg.svenskakyrkan.se\/vandravagen\/files\/2023\/05\/Ulr_logo_RGB.png","contentUrl":"https:\/\/blogg.svenskakyrkan.se\/vandravagen\/files\/2023\/05\/Ulr_logo_RGB.png","width":205,"height":77,"caption":"ulricehamns pastorat"},"image":{"@id":"https:\/\/blogg.svenskakyrkan.se\/vandravagen\/#\/schema\/logo\/image\/"},"sameAs":["http:\/\/facebook.com\/vandravagen","https:\/\/x.com\/fadertomas","http:\/\/www.facebook.com\/svenskakyrkaniulricehamn"]},{"@type":"Person","@id":"https:\/\/blogg.svenskakyrkan.se\/vandravagen\/#\/schema\/person\/25da02d4f76b137d04291711e2c9fc16","name":"Tomas Jarvid","image":{"@type":"ImageObject","inLanguage":"sv-SE","@id":"https:\/\/blogg.svenskakyrkan.se\/vandravagen\/#\/schema\/person\/image\/","url":"https:\/\/secure.gravatar.com\/avatar\/7fa71899795e8f540f615a1f5ab25255dc27aa40f05ee7ddd21aac521e01bf50?s=96&d=identicon&r=g","contentUrl":"https:\/\/secure.gravatar.com\/avatar\/7fa71899795e8f540f615a1f5ab25255dc27aa40f05ee7ddd21aac521e01bf50?s=96&d=identicon&r=g","caption":"Tomas Jarvid"},"description":"Jag bor i Ulricehamn i V\u00e4sterg\u00f6tland och \u00e4r f\u00f6rsamlingspr\u00e4st i Svenska Kyrkan f\u00f6r Dalstorps f\u00f6rsamling i Kinds pastorat. P\u00e5 den h\u00e4r bloggen skriver jag ner tankar om vandringen som kristen.","sameAs":["http:\/\/www.vandravagen.se"],"url":"https:\/\/blogg.svenskakyrkan.se\/vandravagen\/author\/vandravagen\/"}]}},"author_meta":{"ID":"392","user_nicename":"vandravagen","user_url":"http:\/\/www.vandravagen.se","user_registered":"2014-05-19 05:44:52","display_name":"Tomas Jarvid","first_name":"Tomas","last_name":"Jarvid","avatar":"https:\/\/secure.gravatar.com\/avatar\/7fa71899795e8f540f615a1f5ab25255dc27aa40f05ee7ddd21aac521e01bf50?s=96&d=identicon&r=g"},"featured_image":false,"bloginfo":{"name":"Vandra V\u00e4gen","url":"https:\/\/blogg.svenskakyrkan.se\/vandravagen"},"_links":{"self":[{"href":"https:\/\/blogg.svenskakyrkan.se\/vandravagen\/wp-json\/wp\/v2\/posts\/2412","targetHints":{"allow":["GET"]}}],"collection":[{"href":"https:\/\/blogg.svenskakyrkan.se\/vandravagen\/wp-json\/wp\/v2\/posts"}],"about":[{"href":"https:\/\/blogg.svenskakyrkan.se\/vandravagen\/wp-json\/wp\/v2\/types\/post"}],"author":[{"embeddable":true,"href":"https:\/\/blogg.svenskakyrkan.se\/vandravagen\/wp-json\/wp\/v2\/users\/392"}],"replies":[{"embeddable":true,"href":"https:\/\/blogg.svenskakyrkan.se\/vandravagen\/wp-json\/wp\/v2\/comments?post=2412"}],"version-history":[{"count":3,"href":"https:\/\/blogg.svenskakyrkan.se\/vandravagen\/wp-json\/wp\/v2\/posts\/2412\/revisions"}],"predecessor-version":[{"id":2425,"href":"https:\/\/blogg.svenskakyrkan.se\/vandravagen\/wp-json\/wp\/v2\/posts\/2412\/revisions\/2425"}],"wp:attachment":[{"href":"https:\/\/blogg.svenskakyrkan.se\/vandravagen\/wp-json\/wp\/v2\/media?parent=2412"}],"wp:term":[{"taxonomy":"category","embeddable":true,"href":"https:\/\/blogg.svenskakyrkan.se\/vandravagen\/wp-json\/wp\/v2\/categories?post=2412"},{"taxonomy":"post_tag","embeddable":true,"href":"https:\/\/blogg.svenskakyrkan.se\/vandravagen\/wp-json\/wp\/v2\/tags?post=2412"}],"curies":[{"name":"wp","href":"https:\/\/api.w.org\/{rel}","templated":true}]}}