{"id":2439,"date":"2014-12-27T06:47:21","date_gmt":"2014-12-27T05:47:21","guid":{"rendered":"http:\/\/blogg.svenskakyrkan.se\/vandravagen\/?p=2439"},"modified":"2014-12-26T21:47:42","modified_gmt":"2014-12-26T20:47:42","slug":"fotobloggpost-fran-tidavads-kyrka","status":"publish","type":"post","link":"https:\/\/blogg.svenskakyrkan.se\/vandravagen\/2014\/12\/27\/fotobloggpost-fran-tidavads-kyrka\/","title":{"rendered":"Fotobloggpost fr\u00e5n Tidavads kyrka"},"content":{"rendered":"<div id=\"attachment_2440\" style=\"width: 650px\" class=\"wp-caption aligncenter\"><a href=\"http:\/\/blogg.svenskakyrkan.se\/vandravagen\/files\/2014\/12\/DSC_0553.jpg\"><img loading=\"lazy\" decoding=\"async\" aria-describedby=\"caption-attachment-2440\" class=\"size-full wp-image-2440\" src=\"http:\/\/blogg.svenskakyrkan.se\/vandravagen\/files\/2014\/12\/DSC_0553.jpg\" alt=\"Landet kring Tidavad. Vackert och platt, som det ofta \u00e4r i dessa trakter.\" width=\"640\" height=\"426\" srcset=\"https:\/\/blogg.svenskakyrkan.se\/vandravagen\/files\/2014\/12\/DSC_0553.jpg 640w, https:\/\/blogg.svenskakyrkan.se\/vandravagen\/files\/2014\/12\/DSC_0553-300x199.jpg 300w, https:\/\/blogg.svenskakyrkan.se\/vandravagen\/files\/2014\/12\/DSC_0553-450x300.jpg 450w\" sizes=\"auto, (max-width: 640px) 100vw, 640px\" \/><\/a><p id=\"caption-attachment-2440\" class=\"wp-caption-text\">Landet kring Tidavad. Vackert och platt, som det ofta \u00e4r i dessa trakter.<\/p><\/div>\n<p>Annandag jul firade vi h\u00f6gm\u00e4ssa i Tidavads kyrka en l\u00e5ng bit rakt ut p\u00e5 landet utanf\u00f6r Mariestad. Tidavad verkar vara en by som till 90% best\u00e5r av j\u00e4ttefina hus och ligger d\u00e4r den ligger p\u00e5 grund av att det varit ett bra st\u00e4lle f\u00f6r att ta sig \u00f6ver Tidan, numera medelst bro.<\/p>\n<div id=\"attachment_2441\" style=\"width: 650px\" class=\"wp-caption aligncenter\"><a href=\"http:\/\/blogg.svenskakyrkan.se\/vandravagen\/files\/2014\/12\/DSC_0537.jpg\"><img loading=\"lazy\" decoding=\"async\" aria-describedby=\"caption-attachment-2441\" class=\"size-full wp-image-2441\" src=\"http:\/\/blogg.svenskakyrkan.se\/vandravagen\/files\/2014\/12\/DSC_0537.jpg\" alt=\"En exteri\u00f6rbild ska man ju ha. L\u00e4gg m\u00e4rke till nunan p\u00e5 klockstapeln.\" width=\"640\" height=\"426\" srcset=\"https:\/\/blogg.svenskakyrkan.se\/vandravagen\/files\/2014\/12\/DSC_0537.jpg 640w, https:\/\/blogg.svenskakyrkan.se\/vandravagen\/files\/2014\/12\/DSC_0537-300x199.jpg 300w, https:\/\/blogg.svenskakyrkan.se\/vandravagen\/files\/2014\/12\/DSC_0537-450x300.jpg 450w\" sizes=\"auto, (max-width: 640px) 100vw, 640px\" \/><\/a><p id=\"caption-attachment-2441\" class=\"wp-caption-text\">En exteri\u00f6rbild ska man ju ha. L\u00e4gg m\u00e4rke till nunan p\u00e5 klockstapeln.<\/p><\/div>\n<p>En lustig sak med Tidavads kyrka \u00e4r att klockstapeln ser ut lite som en konstig gubbe med spetsig hatt. Kyrkan \u00e4r f\u00f6rresten v\u00e4ldigt fin och f\u00e5r \u00e4ven riktigt h\u00f6gt betyg f\u00f6r lekh\u00f6rnan f\u00f6r barn.<\/p>\n<div id=\"attachment_2442\" style=\"width: 650px\" class=\"wp-caption aligncenter\"><a href=\"http:\/\/blogg.svenskakyrkan.se\/vandravagen\/files\/2014\/12\/DSC_0538.jpg\"><img loading=\"lazy\" decoding=\"async\" aria-describedby=\"caption-attachment-2442\" class=\"size-full wp-image-2442\" src=\"http:\/\/blogg.svenskakyrkan.se\/vandravagen\/files\/2014\/12\/DSC_0538.jpg\" alt=\"Maria s\u00f6rjer sin son.\" width=\"640\" height=\"426\" srcset=\"https:\/\/blogg.svenskakyrkan.se\/vandravagen\/files\/2014\/12\/DSC_0538.jpg 640w, https:\/\/blogg.svenskakyrkan.se\/vandravagen\/files\/2014\/12\/DSC_0538-300x199.jpg 300w, https:\/\/blogg.svenskakyrkan.se\/vandravagen\/files\/2014\/12\/DSC_0538-450x300.jpg 450w\" sizes=\"auto, (max-width: 640px) 100vw, 640px\" \/><\/a><p id=\"caption-attachment-2442\" class=\"wp-caption-text\">Maria s\u00f6rjer sin son.<\/p><\/div>\n<p>I kyrkan hittade jag flera mycket vackra konstverk. H\u00e4r en piet\u00e1 med Maria och hennes son, nyss nedtagen fr\u00e5n korset. Mycket gripande.<\/p>\n<div id=\"attachment_2443\" style=\"width: 650px\" class=\"wp-caption aligncenter\"><a href=\"http:\/\/blogg.svenskakyrkan.se\/vandravagen\/files\/2014\/12\/DSC_0549.jpg\"><img loading=\"lazy\" decoding=\"async\" aria-describedby=\"caption-attachment-2443\" class=\"size-full wp-image-2443\" src=\"http:\/\/blogg.svenskakyrkan.se\/vandravagen\/files\/2014\/12\/DSC_0549.jpg\" alt=\"Lite dunkelt n\u00e4r lyset sl\u00e4kts men st\u00e4mningsfullt blev det.\" width=\"640\" height=\"426\" srcset=\"https:\/\/blogg.svenskakyrkan.se\/vandravagen\/files\/2014\/12\/DSC_0549.jpg 640w, https:\/\/blogg.svenskakyrkan.se\/vandravagen\/files\/2014\/12\/DSC_0549-300x199.jpg 300w, https:\/\/blogg.svenskakyrkan.se\/vandravagen\/files\/2014\/12\/DSC_0549-450x300.jpg 450w\" sizes=\"auto, (max-width: 640px) 100vw, 640px\" \/><\/a><p id=\"caption-attachment-2443\" class=\"wp-caption-text\">Lite dunkelt n\u00e4r lyset sl\u00e4kts men st\u00e4mningsfullt blev det.<\/p><\/div>\n<p>S\u00e5d\u00e4r, nu kan ni sl\u00e5 upp psalmerna ocks\u00e5 och se vad vi sj\u00f6ng.<\/p>\n<div id=\"attachment_2444\" style=\"width: 436px\" class=\"wp-caption aligncenter\"><a href=\"http:\/\/blogg.svenskakyrkan.se\/vandravagen\/files\/2014\/12\/DSC_0547.jpg\"><img loading=\"lazy\" decoding=\"async\" aria-describedby=\"caption-attachment-2444\" class=\"size-full wp-image-2444\" src=\"http:\/\/blogg.svenskakyrkan.se\/vandravagen\/files\/2014\/12\/DSC_0547.jpg\" alt=\"Maria med barnet.\" width=\"426\" height=\"640\" srcset=\"https:\/\/blogg.svenskakyrkan.se\/vandravagen\/files\/2014\/12\/DSC_0547.jpg 426w, https:\/\/blogg.svenskakyrkan.se\/vandravagen\/files\/2014\/12\/DSC_0547-300x450.jpg 300w, https:\/\/blogg.svenskakyrkan.se\/vandravagen\/files\/2014\/12\/DSC_0547-199x300.jpg 199w\" sizes=\"auto, (max-width: 426px) 100vw, 426px\" \/><\/a><p id=\"caption-attachment-2444\" class=\"wp-caption-text\">Maria med barnet.<\/p><\/div>\n<p>Det fanns \u00e4ven en vackert huggen Maria med Jesusbarnet. Lite lustig \u00e4r den allt ocks\u00e5 i detaljerna.<\/p>\n<div id=\"attachment_2445\" style=\"width: 456px\" class=\"wp-caption aligncenter\"><a href=\"http:\/\/blogg.svenskakyrkan.se\/vandravagen\/files\/2014\/12\/DSC_0543.jpg\"><img loading=\"lazy\" decoding=\"async\" aria-describedby=\"caption-attachment-2445\" class=\"size-full wp-image-2445\" src=\"http:\/\/blogg.svenskakyrkan.se\/vandravagen\/files\/2014\/12\/DSC_0543.jpg\" alt=\"Frostigt glas.\" width=\"446\" height=\"640\" srcset=\"https:\/\/blogg.svenskakyrkan.se\/vandravagen\/files\/2014\/12\/DSC_0543.jpg 446w, https:\/\/blogg.svenskakyrkan.se\/vandravagen\/files\/2014\/12\/DSC_0543-300x430.jpg 300w, https:\/\/blogg.svenskakyrkan.se\/vandravagen\/files\/2014\/12\/DSC_0543-209x300.jpg 209w\" sizes=\"auto, (max-width: 446px) 100vw, 446px\" \/><\/a><p id=\"caption-attachment-2445\" class=\"wp-caption-text\">Frostigt glas.<\/p><\/div>\n<p>N\u00e4st sist\u00a0en \u00e4ngel fr\u00e5n altaruppsatsen. Jag tyckte f\u00f6rst att han var skallig men han har i alla fall r\u00e4tt h\u00f6gt h\u00e5rf\u00e4ste f\u00f6r en \u00e4ngel. Det \u00e4r fint att se att de kan se ut s\u00e5 ocks\u00e5.<\/p>\n<div id=\"attachment_2446\" style=\"width: 650px\" class=\"wp-caption aligncenter\"><a href=\"http:\/\/blogg.svenskakyrkan.se\/vandravagen\/files\/2014\/12\/DSC_0542.jpg\"><img loading=\"lazy\" decoding=\"async\" aria-describedby=\"caption-attachment-2446\" class=\"size-full wp-image-2446\" src=\"http:\/\/blogg.svenskakyrkan.se\/vandravagen\/files\/2014\/12\/DSC_0542.jpg\" alt=\"Skallig \u00e4ngel?\" width=\"640\" height=\"434\" srcset=\"https:\/\/blogg.svenskakyrkan.se\/vandravagen\/files\/2014\/12\/DSC_0542.jpg 640w, https:\/\/blogg.svenskakyrkan.se\/vandravagen\/files\/2014\/12\/DSC_0542-300x203.jpg 300w, https:\/\/blogg.svenskakyrkan.se\/vandravagen\/files\/2014\/12\/DSC_0542-442x300.jpg 442w\" sizes=\"auto, (max-width: 640px) 100vw, 640px\" \/><\/a><p id=\"caption-attachment-2446\" class=\"wp-caption-text\">Skallig \u00e4ngel?<\/p><\/div>\n<p>Och som avslutning hade visst kr\u00e5korna byggt sig en egen kyrka i tr\u00e4det utanf\u00f6r. Bj\u00e4ssigt f\u00e5gelbo. Har du varit i Tidavad n\u00e5gon g\u00e5ng? Skriv en kommentar!<\/p>\n<p><a href=\"http:\/\/blogg.svenskakyrkan.se\/vandravagen\/files\/2014\/12\/DSC_0552.jpg\"><img loading=\"lazy\" decoding=\"async\" class=\"aligncenter size-full wp-image-2447\" src=\"http:\/\/blogg.svenskakyrkan.se\/vandravagen\/files\/2014\/12\/DSC_0552.jpg\" alt=\"DSC_0552\" width=\"567\" height=\"640\" srcset=\"https:\/\/blogg.svenskakyrkan.se\/vandravagen\/files\/2014\/12\/DSC_0552.jpg 567w, https:\/\/blogg.svenskakyrkan.se\/vandravagen\/files\/2014\/12\/DSC_0552-300x338.jpg 300w, https:\/\/blogg.svenskakyrkan.se\/vandravagen\/files\/2014\/12\/DSC_0552-265x300.jpg 265w\" sizes=\"auto, (max-width: 567px) 100vw, 567px\" \/><\/a><\/p>\n","protected":false},"excerpt":{"rendered":"<p>Annandag jul firade vi h\u00f6gm\u00e4ssa i Tidavads kyrka en l\u00e5ng bit rakt ut p\u00e5 landet utanf\u00f6r Mariestad. Tidavad verkar vara en by som till 90% best\u00e5r av j\u00e4ttefina hus och ligger d\u00e4r den ligger p\u00e5 grund av att det varit ett bra st\u00e4lle f\u00f6r att ta sig \u00f6ver Tidan, numera medelst bro. En lustig sak [&hellip;]<\/p>\n","protected":false},"author":392,"featured_media":0,"comment_status":"open","ping_status":"open","sticky":false,"template":"","format":"standard","meta":{"_acf_changed":false,"footnotes":""},"categories":[56,76189],"tags":[],"class_list":["post-2439","post","type-post","status-publish","format-standard","hentry","category-bilder","category-dagens-kyrka"],"acf":[],"yoast_head":"<!-- This site is optimized with the Yoast SEO plugin v27.1.1 - https:\/\/yoast.com\/product\/yoast-seo-wordpress\/ -->\n<title>Fotobloggpost fr\u00e5n Tidavads kyrka - Vandra V\u00e4gen<\/title>\n<meta name=\"robots\" content=\"index, follow, max-snippet:-1, max-image-preview:large, max-video-preview:-1\" \/>\n<link rel=\"canonical\" href=\"https:\/\/blogg.svenskakyrkan.se\/vandravagen\/2014\/12\/27\/fotobloggpost-fran-tidavads-kyrka\/\" \/>\n<meta property=\"og:locale\" content=\"sv_SE\" \/>\n<meta property=\"og:type\" content=\"article\" \/>\n<meta property=\"og:title\" content=\"Fotobloggpost fr\u00e5n Tidavads kyrka - Vandra V\u00e4gen\" \/>\n<meta property=\"og:description\" content=\"Annandag jul firade vi h\u00f6gm\u00e4ssa i Tidavads kyrka en l\u00e5ng bit rakt ut p\u00e5 landet utanf\u00f6r Mariestad. Tidavad verkar vara en by som till 90% best\u00e5r av j\u00e4ttefina hus och ligger d\u00e4r den ligger p\u00e5 grund av att det varit ett bra st\u00e4lle f\u00f6r att ta sig \u00f6ver Tidan, numera medelst bro. En lustig sak [&hellip;]\" \/>\n<meta property=\"og:url\" content=\"https:\/\/blogg.svenskakyrkan.se\/vandravagen\/2014\/12\/27\/fotobloggpost-fran-tidavads-kyrka\/\" \/>\n<meta property=\"og:site_name\" content=\"Vandra V\u00e4gen\" \/>\n<meta property=\"article:publisher\" content=\"http:\/\/facebook.com\/vandravagen\" \/>\n<meta property=\"article:published_time\" content=\"2014-12-27T05:47:21+00:00\" \/>\n<meta property=\"og:image\" content=\"http:\/\/blogg.svenskakyrkan.se\/vandravagen\/files\/2014\/12\/DSC_0553.jpg\" \/>\n<meta name=\"author\" content=\"Tomas Jarvid\" \/>\n<meta name=\"twitter:card\" content=\"summary_large_image\" \/>\n<meta name=\"twitter:creator\" content=\"@fadertomas\" \/>\n<meta name=\"twitter:site\" content=\"@fadertomas\" \/>\n<meta name=\"twitter:label1\" content=\"Skriven av\" \/>\n\t<meta name=\"twitter:data1\" content=\"Tomas Jarvid\" \/>\n\t<meta name=\"twitter:label2\" content=\"Ber\u00e4knad l\u00e4stid\" \/>\n\t<meta name=\"twitter:data2\" content=\"2 minuter\" \/>\n<script type=\"application\/ld+json\" class=\"yoast-schema-graph\">{\"@context\":\"https:\/\/schema.org\",\"@graph\":[{\"@type\":\"Article\",\"@id\":\"https:\/\/blogg.svenskakyrkan.se\/vandravagen\/2014\/12\/27\/fotobloggpost-fran-tidavads-kyrka\/#article\",\"isPartOf\":{\"@id\":\"https:\/\/blogg.svenskakyrkan.se\/vandravagen\/2014\/12\/27\/fotobloggpost-fran-tidavads-kyrka\/\"},\"author\":{\"name\":\"Tomas Jarvid\",\"@id\":\"https:\/\/blogg.svenskakyrkan.se\/vandravagen\/#\/schema\/person\/25da02d4f76b137d04291711e2c9fc16\"},\"headline\":\"Fotobloggpost fr\u00e5n Tidavads kyrka\",\"datePublished\":\"2014-12-27T05:47:21+00:00\",\"mainEntityOfPage\":{\"@id\":\"https:\/\/blogg.svenskakyrkan.se\/vandravagen\/2014\/12\/27\/fotobloggpost-fran-tidavads-kyrka\/\"},\"wordCount\":342,\"commentCount\":2,\"publisher\":{\"@id\":\"https:\/\/blogg.svenskakyrkan.se\/vandravagen\/#organization\"},\"image\":{\"@id\":\"https:\/\/blogg.svenskakyrkan.se\/vandravagen\/2014\/12\/27\/fotobloggpost-fran-tidavads-kyrka\/#primaryimage\"},\"thumbnailUrl\":\"http:\/\/blogg.svenskakyrkan.se\/vandravagen\/files\/2014\/12\/DSC_0553.jpg\",\"articleSection\":[\"bilder\",\"Dagens Kyrka\"],\"inLanguage\":\"sv-SE\",\"potentialAction\":[{\"@type\":\"CommentAction\",\"name\":\"Comment\",\"target\":[\"https:\/\/blogg.svenskakyrkan.se\/vandravagen\/2014\/12\/27\/fotobloggpost-fran-tidavads-kyrka\/#respond\"]}]},{\"@type\":\"WebPage\",\"@id\":\"https:\/\/blogg.svenskakyrkan.se\/vandravagen\/2014\/12\/27\/fotobloggpost-fran-tidavads-kyrka\/\",\"url\":\"https:\/\/blogg.svenskakyrkan.se\/vandravagen\/2014\/12\/27\/fotobloggpost-fran-tidavads-kyrka\/\",\"name\":\"Fotobloggpost fr\u00e5n Tidavads kyrka - Vandra V\u00e4gen\",\"isPartOf\":{\"@id\":\"https:\/\/blogg.svenskakyrkan.se\/vandravagen\/#website\"},\"primaryImageOfPage\":{\"@id\":\"https:\/\/blogg.svenskakyrkan.se\/vandravagen\/2014\/12\/27\/fotobloggpost-fran-tidavads-kyrka\/#primaryimage\"},\"image\":{\"@id\":\"https:\/\/blogg.svenskakyrkan.se\/vandravagen\/2014\/12\/27\/fotobloggpost-fran-tidavads-kyrka\/#primaryimage\"},\"thumbnailUrl\":\"http:\/\/blogg.svenskakyrkan.se\/vandravagen\/files\/2014\/12\/DSC_0553.jpg\",\"datePublished\":\"2014-12-27T05:47:21+00:00\",\"breadcrumb\":{\"@id\":\"https:\/\/blogg.svenskakyrkan.se\/vandravagen\/2014\/12\/27\/fotobloggpost-fran-tidavads-kyrka\/#breadcrumb\"},\"inLanguage\":\"sv-SE\",\"potentialAction\":[{\"@type\":\"ReadAction\",\"target\":[\"https:\/\/blogg.svenskakyrkan.se\/vandravagen\/2014\/12\/27\/fotobloggpost-fran-tidavads-kyrka\/\"]}]},{\"@type\":\"ImageObject\",\"inLanguage\":\"sv-SE\",\"@id\":\"https:\/\/blogg.svenskakyrkan.se\/vandravagen\/2014\/12\/27\/fotobloggpost-fran-tidavads-kyrka\/#primaryimage\",\"url\":\"http:\/\/blogg.svenskakyrkan.se\/vandravagen\/files\/2014\/12\/DSC_0553.jpg\",\"contentUrl\":\"http:\/\/blogg.svenskakyrkan.se\/vandravagen\/files\/2014\/12\/DSC_0553.jpg\"},{\"@type\":\"BreadcrumbList\",\"@id\":\"https:\/\/blogg.svenskakyrkan.se\/vandravagen\/2014\/12\/27\/fotobloggpost-fran-tidavads-kyrka\/#breadcrumb\",\"itemListElement\":[{\"@type\":\"ListItem\",\"position\":1,\"name\":\"Hem\",\"item\":\"https:\/\/blogg.svenskakyrkan.se\/vandravagen\/\"},{\"@type\":\"ListItem\",\"position\":2,\"name\":\"Fotobloggpost fr\u00e5n Tidavads kyrka\"}]},{\"@type\":\"WebSite\",\"@id\":\"https:\/\/blogg.svenskakyrkan.se\/vandravagen\/#website\",\"url\":\"https:\/\/blogg.svenskakyrkan.se\/vandravagen\/\",\"name\":\"Vandra V\u00e4gen\",\"description\":\"-Mot en tro f\u00f6r hela livet\",\"publisher\":{\"@id\":\"https:\/\/blogg.svenskakyrkan.se\/vandravagen\/#organization\"},\"potentialAction\":[{\"@type\":\"SearchAction\",\"target\":{\"@type\":\"EntryPoint\",\"urlTemplate\":\"https:\/\/blogg.svenskakyrkan.se\/vandravagen\/?s={search_term_string}\"},\"query-input\":{\"@type\":\"PropertyValueSpecification\",\"valueRequired\":true,\"valueName\":\"search_term_string\"}}],\"inLanguage\":\"sv-SE\"},{\"@type\":\"Organization\",\"@id\":\"https:\/\/blogg.svenskakyrkan.se\/vandravagen\/#organization\",\"name\":\"ulricehamns pastorat\",\"alternateName\":\"ulricehamns pastorat\",\"url\":\"https:\/\/blogg.svenskakyrkan.se\/vandravagen\/\",\"logo\":{\"@type\":\"ImageObject\",\"inLanguage\":\"sv-SE\",\"@id\":\"https:\/\/blogg.svenskakyrkan.se\/vandravagen\/#\/schema\/logo\/image\/\",\"url\":\"https:\/\/blogg.svenskakyrkan.se\/vandravagen\/files\/2023\/05\/Ulr_logo_RGB.png\",\"contentUrl\":\"https:\/\/blogg.svenskakyrkan.se\/vandravagen\/files\/2023\/05\/Ulr_logo_RGB.png\",\"width\":205,\"height\":77,\"caption\":\"ulricehamns pastorat\"},\"image\":{\"@id\":\"https:\/\/blogg.svenskakyrkan.se\/vandravagen\/#\/schema\/logo\/image\/\"},\"sameAs\":[\"http:\/\/facebook.com\/vandravagen\",\"https:\/\/x.com\/fadertomas\",\"http:\/\/www.facebook.com\/svenskakyrkaniulricehamn\"]},{\"@type\":\"Person\",\"@id\":\"https:\/\/blogg.svenskakyrkan.se\/vandravagen\/#\/schema\/person\/25da02d4f76b137d04291711e2c9fc16\",\"name\":\"Tomas Jarvid\",\"image\":{\"@type\":\"ImageObject\",\"inLanguage\":\"sv-SE\",\"@id\":\"https:\/\/blogg.svenskakyrkan.se\/vandravagen\/#\/schema\/person\/image\/\",\"url\":\"https:\/\/secure.gravatar.com\/avatar\/7fa71899795e8f540f615a1f5ab25255dc27aa40f05ee7ddd21aac521e01bf50?s=96&d=identicon&r=g\",\"contentUrl\":\"https:\/\/secure.gravatar.com\/avatar\/7fa71899795e8f540f615a1f5ab25255dc27aa40f05ee7ddd21aac521e01bf50?s=96&d=identicon&r=g\",\"caption\":\"Tomas Jarvid\"},\"description\":\"Jag bor i Ulricehamn i V\u00e4sterg\u00f6tland och \u00e4r f\u00f6rsamlingspr\u00e4st i Svenska Kyrkan f\u00f6r Dalstorps f\u00f6rsamling i Kinds pastorat. P\u00e5 den h\u00e4r bloggen skriver jag ner tankar om vandringen som kristen.\",\"sameAs\":[\"http:\/\/www.vandravagen.se\"],\"url\":\"https:\/\/blogg.svenskakyrkan.se\/vandravagen\/author\/vandravagen\/\"}]}<\/script>\n<!-- \/ Yoast SEO plugin. -->","yoast_head_json":{"title":"Fotobloggpost fr\u00e5n Tidavads kyrka - Vandra V\u00e4gen","robots":{"index":"index","follow":"follow","max-snippet":"max-snippet:-1","max-image-preview":"max-image-preview:large","max-video-preview":"max-video-preview:-1"},"canonical":"https:\/\/blogg.svenskakyrkan.se\/vandravagen\/2014\/12\/27\/fotobloggpost-fran-tidavads-kyrka\/","og_locale":"sv_SE","og_type":"article","og_title":"Fotobloggpost fr\u00e5n Tidavads kyrka - Vandra V\u00e4gen","og_description":"Annandag jul firade vi h\u00f6gm\u00e4ssa i Tidavads kyrka en l\u00e5ng bit rakt ut p\u00e5 landet utanf\u00f6r Mariestad. Tidavad verkar vara en by som till 90% best\u00e5r av j\u00e4ttefina hus och ligger d\u00e4r den ligger p\u00e5 grund av att det varit ett bra st\u00e4lle f\u00f6r att ta sig \u00f6ver Tidan, numera medelst bro. En lustig sak [&hellip;]","og_url":"https:\/\/blogg.svenskakyrkan.se\/vandravagen\/2014\/12\/27\/fotobloggpost-fran-tidavads-kyrka\/","og_site_name":"Vandra V\u00e4gen","article_publisher":"http:\/\/facebook.com\/vandravagen","article_published_time":"2014-12-27T05:47:21+00:00","og_image":[{"url":"http:\/\/blogg.svenskakyrkan.se\/vandravagen\/files\/2014\/12\/DSC_0553.jpg","type":"","width":"","height":""}],"author":"Tomas Jarvid","twitter_card":"summary_large_image","twitter_creator":"@fadertomas","twitter_site":"@fadertomas","twitter_misc":{"Skriven av":"Tomas Jarvid","Ber\u00e4knad l\u00e4stid":"2 minuter"},"schema":{"@context":"https:\/\/schema.org","@graph":[{"@type":"Article","@id":"https:\/\/blogg.svenskakyrkan.se\/vandravagen\/2014\/12\/27\/fotobloggpost-fran-tidavads-kyrka\/#article","isPartOf":{"@id":"https:\/\/blogg.svenskakyrkan.se\/vandravagen\/2014\/12\/27\/fotobloggpost-fran-tidavads-kyrka\/"},"author":{"name":"Tomas Jarvid","@id":"https:\/\/blogg.svenskakyrkan.se\/vandravagen\/#\/schema\/person\/25da02d4f76b137d04291711e2c9fc16"},"headline":"Fotobloggpost fr\u00e5n Tidavads kyrka","datePublished":"2014-12-27T05:47:21+00:00","mainEntityOfPage":{"@id":"https:\/\/blogg.svenskakyrkan.se\/vandravagen\/2014\/12\/27\/fotobloggpost-fran-tidavads-kyrka\/"},"wordCount":342,"commentCount":2,"publisher":{"@id":"https:\/\/blogg.svenskakyrkan.se\/vandravagen\/#organization"},"image":{"@id":"https:\/\/blogg.svenskakyrkan.se\/vandravagen\/2014\/12\/27\/fotobloggpost-fran-tidavads-kyrka\/#primaryimage"},"thumbnailUrl":"http:\/\/blogg.svenskakyrkan.se\/vandravagen\/files\/2014\/12\/DSC_0553.jpg","articleSection":["bilder","Dagens Kyrka"],"inLanguage":"sv-SE","potentialAction":[{"@type":"CommentAction","name":"Comment","target":["https:\/\/blogg.svenskakyrkan.se\/vandravagen\/2014\/12\/27\/fotobloggpost-fran-tidavads-kyrka\/#respond"]}]},{"@type":"WebPage","@id":"https:\/\/blogg.svenskakyrkan.se\/vandravagen\/2014\/12\/27\/fotobloggpost-fran-tidavads-kyrka\/","url":"https:\/\/blogg.svenskakyrkan.se\/vandravagen\/2014\/12\/27\/fotobloggpost-fran-tidavads-kyrka\/","name":"Fotobloggpost fr\u00e5n Tidavads kyrka - Vandra V\u00e4gen","isPartOf":{"@id":"https:\/\/blogg.svenskakyrkan.se\/vandravagen\/#website"},"primaryImageOfPage":{"@id":"https:\/\/blogg.svenskakyrkan.se\/vandravagen\/2014\/12\/27\/fotobloggpost-fran-tidavads-kyrka\/#primaryimage"},"image":{"@id":"https:\/\/blogg.svenskakyrkan.se\/vandravagen\/2014\/12\/27\/fotobloggpost-fran-tidavads-kyrka\/#primaryimage"},"thumbnailUrl":"http:\/\/blogg.svenskakyrkan.se\/vandravagen\/files\/2014\/12\/DSC_0553.jpg","datePublished":"2014-12-27T05:47:21+00:00","breadcrumb":{"@id":"https:\/\/blogg.svenskakyrkan.se\/vandravagen\/2014\/12\/27\/fotobloggpost-fran-tidavads-kyrka\/#breadcrumb"},"inLanguage":"sv-SE","potentialAction":[{"@type":"ReadAction","target":["https:\/\/blogg.svenskakyrkan.se\/vandravagen\/2014\/12\/27\/fotobloggpost-fran-tidavads-kyrka\/"]}]},{"@type":"ImageObject","inLanguage":"sv-SE","@id":"https:\/\/blogg.svenskakyrkan.se\/vandravagen\/2014\/12\/27\/fotobloggpost-fran-tidavads-kyrka\/#primaryimage","url":"http:\/\/blogg.svenskakyrkan.se\/vandravagen\/files\/2014\/12\/DSC_0553.jpg","contentUrl":"http:\/\/blogg.svenskakyrkan.se\/vandravagen\/files\/2014\/12\/DSC_0553.jpg"},{"@type":"BreadcrumbList","@id":"https:\/\/blogg.svenskakyrkan.se\/vandravagen\/2014\/12\/27\/fotobloggpost-fran-tidavads-kyrka\/#breadcrumb","itemListElement":[{"@type":"ListItem","position":1,"name":"Hem","item":"https:\/\/blogg.svenskakyrkan.se\/vandravagen\/"},{"@type":"ListItem","position":2,"name":"Fotobloggpost fr\u00e5n Tidavads kyrka"}]},{"@type":"WebSite","@id":"https:\/\/blogg.svenskakyrkan.se\/vandravagen\/#website","url":"https:\/\/blogg.svenskakyrkan.se\/vandravagen\/","name":"Vandra V\u00e4gen","description":"-Mot en tro f\u00f6r hela livet","publisher":{"@id":"https:\/\/blogg.svenskakyrkan.se\/vandravagen\/#organization"},"potentialAction":[{"@type":"SearchAction","target":{"@type":"EntryPoint","urlTemplate":"https:\/\/blogg.svenskakyrkan.se\/vandravagen\/?s={search_term_string}"},"query-input":{"@type":"PropertyValueSpecification","valueRequired":true,"valueName":"search_term_string"}}],"inLanguage":"sv-SE"},{"@type":"Organization","@id":"https:\/\/blogg.svenskakyrkan.se\/vandravagen\/#organization","name":"ulricehamns pastorat","alternateName":"ulricehamns pastorat","url":"https:\/\/blogg.svenskakyrkan.se\/vandravagen\/","logo":{"@type":"ImageObject","inLanguage":"sv-SE","@id":"https:\/\/blogg.svenskakyrkan.se\/vandravagen\/#\/schema\/logo\/image\/","url":"https:\/\/blogg.svenskakyrkan.se\/vandravagen\/files\/2023\/05\/Ulr_logo_RGB.png","contentUrl":"https:\/\/blogg.svenskakyrkan.se\/vandravagen\/files\/2023\/05\/Ulr_logo_RGB.png","width":205,"height":77,"caption":"ulricehamns pastorat"},"image":{"@id":"https:\/\/blogg.svenskakyrkan.se\/vandravagen\/#\/schema\/logo\/image\/"},"sameAs":["http:\/\/facebook.com\/vandravagen","https:\/\/x.com\/fadertomas","http:\/\/www.facebook.com\/svenskakyrkaniulricehamn"]},{"@type":"Person","@id":"https:\/\/blogg.svenskakyrkan.se\/vandravagen\/#\/schema\/person\/25da02d4f76b137d04291711e2c9fc16","name":"Tomas Jarvid","image":{"@type":"ImageObject","inLanguage":"sv-SE","@id":"https:\/\/blogg.svenskakyrkan.se\/vandravagen\/#\/schema\/person\/image\/","url":"https:\/\/secure.gravatar.com\/avatar\/7fa71899795e8f540f615a1f5ab25255dc27aa40f05ee7ddd21aac521e01bf50?s=96&d=identicon&r=g","contentUrl":"https:\/\/secure.gravatar.com\/avatar\/7fa71899795e8f540f615a1f5ab25255dc27aa40f05ee7ddd21aac521e01bf50?s=96&d=identicon&r=g","caption":"Tomas Jarvid"},"description":"Jag bor i Ulricehamn i V\u00e4sterg\u00f6tland och \u00e4r f\u00f6rsamlingspr\u00e4st i Svenska Kyrkan f\u00f6r Dalstorps f\u00f6rsamling i Kinds pastorat. P\u00e5 den h\u00e4r bloggen skriver jag ner tankar om vandringen som kristen.","sameAs":["http:\/\/www.vandravagen.se"],"url":"https:\/\/blogg.svenskakyrkan.se\/vandravagen\/author\/vandravagen\/"}]}},"author_meta":{"ID":"392","user_nicename":"vandravagen","user_url":"http:\/\/www.vandravagen.se","user_registered":"2014-05-19 05:44:52","display_name":"Tomas Jarvid","first_name":"Tomas","last_name":"Jarvid","avatar":"https:\/\/secure.gravatar.com\/avatar\/7fa71899795e8f540f615a1f5ab25255dc27aa40f05ee7ddd21aac521e01bf50?s=96&d=identicon&r=g"},"featured_image":false,"bloginfo":{"name":"Vandra V\u00e4gen","url":"https:\/\/blogg.svenskakyrkan.se\/vandravagen"},"_links":{"self":[{"href":"https:\/\/blogg.svenskakyrkan.se\/vandravagen\/wp-json\/wp\/v2\/posts\/2439","targetHints":{"allow":["GET"]}}],"collection":[{"href":"https:\/\/blogg.svenskakyrkan.se\/vandravagen\/wp-json\/wp\/v2\/posts"}],"about":[{"href":"https:\/\/blogg.svenskakyrkan.se\/vandravagen\/wp-json\/wp\/v2\/types\/post"}],"author":[{"embeddable":true,"href":"https:\/\/blogg.svenskakyrkan.se\/vandravagen\/wp-json\/wp\/v2\/users\/392"}],"replies":[{"embeddable":true,"href":"https:\/\/blogg.svenskakyrkan.se\/vandravagen\/wp-json\/wp\/v2\/comments?post=2439"}],"version-history":[{"count":1,"href":"https:\/\/blogg.svenskakyrkan.se\/vandravagen\/wp-json\/wp\/v2\/posts\/2439\/revisions"}],"predecessor-version":[{"id":2448,"href":"https:\/\/blogg.svenskakyrkan.se\/vandravagen\/wp-json\/wp\/v2\/posts\/2439\/revisions\/2448"}],"wp:attachment":[{"href":"https:\/\/blogg.svenskakyrkan.se\/vandravagen\/wp-json\/wp\/v2\/media?parent=2439"}],"wp:term":[{"taxonomy":"category","embeddable":true,"href":"https:\/\/blogg.svenskakyrkan.se\/vandravagen\/wp-json\/wp\/v2\/categories?post=2439"},{"taxonomy":"post_tag","embeddable":true,"href":"https:\/\/blogg.svenskakyrkan.se\/vandravagen\/wp-json\/wp\/v2\/tags?post=2439"}],"curies":[{"name":"wp","href":"https:\/\/api.w.org\/{rel}","templated":true}]}}