{"id":245,"date":"2013-12-13T10:23:00","date_gmt":"2013-12-13T09:23:00","guid":{"rendered":"http:\/\/blogg.svenskakyrkan.se\/vandravagen\/2013\/12\/13\/har-du-en-bra-varldsbild\/"},"modified":"2013-12-13T10:23:00","modified_gmt":"2013-12-13T09:23:00","slug":"har-du-en-bra-varldsbild","status":"publish","type":"post","link":"https:\/\/blogg.svenskakyrkan.se\/vandravagen\/2013\/12\/13\/har-du-en-bra-varldsbild\/","title":{"rendered":"Har du en bra v\u00e4rldsbild?"},"content":{"rendered":"<p>Jag skrev f\u00f6r ett tag sedan om att <a href=\"http:\/\/www.vandravagen.se\/2013\/11\/en-bra-varldsbild-men-lite-for-liten.html\">man kan ha en bra v\u00e4rldsbild \u00e4ven om den alltid \u00e4r f\u00f6r liten<\/a>. S\u00e5 h\u00e4r s\u00e5g till exempel v\u00e4rlden ut enligt den gamle greken Herodotos:<\/p>\n<div><a href=\"http:\/\/2.bp.blogspot.com\/-AY0Dp9gJKco\/Uqi-TMk7pLI\/AAAAAAAAGHw\/37Z7C-F-1bo\/s1600\/IMG_2401.JPG\"><img loading=\"lazy\" decoding=\"async\" border=\"0\" height=\"368\" src=\"http:\/\/2.bp.blogspot.com\/-AY0Dp9gJKco\/Uqi-TMk7pLI\/AAAAAAAAGHw\/37Z7C-F-1bo\/s640\/IMG_2401.JPG\" width=\"640\"><\/a><\/div>\n<p>Jag har t\u00e4nkt lite till p\u00e5 v\u00e4rldsbilder. Ulf Jonsson, katolsk religionsfilosof har i ett sammanhang p\u00e5pekat att vi runt om i v\u00e4rlden lever med radikalt olika v\u00e4rldsbilder och att en v\u00e4rldsbild inte g\u00e5r att bevisa.<\/p>\n<p>Det h\u00e4r \u00e4r anledningen till att <a href=\"http:\/\/www.vandravagen.se\/2013\/04\/ett-gudsbevis-utifran-var-langtan.html\">s\u00e5 kallade &#8221;Gudsbevis<\/a>&#8221; b\u00e5de fungerar och inte fungerar. Det g\u00e5r f\u00f6rvisso att argumentera f\u00f6r Guds existens men man g\u00f6r det aldrig i ett vakuum. Man argumenterar d\u00e5 p\u00e5 ett s\u00e4tt som \u00e4r \u00f6vertygande f\u00f6r de som delar avg\u00f6rande premisser om tillvaron men de som t\u00e4nker i grunden annorlunda blir inte omv\u00e4nda f\u00f6r det.<\/p>\n<p>En v\u00e4rldsbild \u00e4r inte n\u00e5got vi ser. Den \u00e4r n\u00e5got vi ser genom. Den \u00e4r v\u00e5ra glas\u00f6gon som vi ser p\u00e5 v\u00e4rlden och tolkar v\u00e4rlden genom. Vi kommer liksom aldrig undan att se p\u00e5 v\u00e4rlden genom v\u00e5r kulturs och v\u00e5ra egna tidigare erfarenheter och abstraktioner.<\/p>\n<p>Det h\u00e4r \u00e4r v\u00e4gen ut p\u00e5 det relativistiska gungflyt postmodernismen. Om det nu \u00e4r s\u00e5 h\u00e4r kan vi v\u00e4l inte veta n\u00e5got entydigt och objektivt sant utan allt \u00e4r bara tolkningar? Sj\u00e4lv tycker jag inte det \u00e4r rimligt att dra s\u00e5 stora v\u00e4xlar p\u00e5 det omedelbart. \u00c4ven om man kan tolka saker olika s\u00e5 finns det f\u00f6rst\u00e5s b\u00e4ttre och s\u00e4mre tolkningar. Man kan argumentera.<\/p>\n<p>Den kristna tron bygger i mycket p\u00e5 att vi vet n\u00e5got objektivt om Gud och v\u00e4rldens beskaffenhet f\u00f6r att Gud sj\u00e4lv gett sig till k\u00e4nna. &#8221;Uppenbarelse&#8221; kallas det p\u00e5 teologiskt spr\u00e5k. Gud har visat sig. Framf\u00f6rallt i m\u00e4nniskan Jesus Kristus.<\/p>\n<p>Hur kan man veta att det \u00e4r sant d\u00e5? En kristen s\u00e4ger visserligen att Jesus \u00e4r Gud men kan man lita p\u00e5 honom eller hennes ord? \u00c4ven om man upplever en stark upplevelse av Guds n\u00e4rvaro kan man aldrig helt bevisa att man varit med om det p\u00e5 riktigt. Man kan dock bli \u00f6vertygad. Men man kan bli tillr\u00e4ckligt \u00f6vertygad f\u00f6r att s\u00f6ka sig vidare. Man har f\u00e5tt en aning att g\u00e5 p\u00e5 och s\u00e5 f\u00e5r man forts\u00e4tta unders\u00f6ka om den kristna tron h\u00e5ller m\u00e5ttet. Dess grundpremisser och v\u00e4rldsbild \u00e4r f\u00f6rmodligen b\u00e4ttre genomt\u00e4nkta \u00e4n de flesta andra v\u00e4rldsbilder!<\/p>\n<p>Det \u00e4r \u00f6ver huvud taget intressant att fundera p\u00e5 varf\u00f6r man uppfattar v\u00e4rlden som man g\u00f6r. I Sverige lever vi alla fortfarande i mycket kvar i ett kristet s\u00e4tt att se p\u00e5 v\u00e4rlden, \u00e4ven om sj\u00e4lva tron inte delas av alla. Vi lever ocks\u00e5 mycket med upplysningstidens och modernismens vetenskapsorienterade v\u00e4rldsbild som m\u00e5nga antar \u00e4r mer objektiv men som dras med problem den ocks\u00e5, bara av ett annat slag (som att bara det \u00e4r verkligt som kan r\u00e4knas och m\u00e4tas).<\/p>\n<p>Det h\u00e4r blev mer och kanske sn\u00e5rigare \u00e4n jag hade t\u00e4nkt mig. H\u00e5ll tillgodo. Kommentera g\u00e4rna.<\/p>\n","protected":false},"excerpt":{"rendered":"<p>Jag skrev f\u00f6r ett tag sedan om att man kan ha en bra v\u00e4rldsbild \u00e4ven om den alltid \u00e4r f\u00f6r liten. S\u00e5 h\u00e4r s\u00e5g till exempel v\u00e4rlden ut enligt den gamle greken Herodotos: Jag har t\u00e4nkt lite till p\u00e5 v\u00e4rldsbilder. Ulf Jonsson, katolsk religionsfilosof har i ett sammanhang p\u00e5pekat att vi runt om i v\u00e4rlden [&hellip;]<\/p>\n","protected":false},"author":392,"featured_media":0,"comment_status":"open","ping_status":"open","sticky":false,"template":"","format":"standard","meta":{"_acf_changed":false,"footnotes":""},"categories":[76189,117],"tags":[],"class_list":["post-245","post","type-post","status-publish","format-standard","hentry","category-dagens-kyrka","category-teologi"],"acf":[],"yoast_head":"<!-- This site is optimized with the Yoast SEO plugin v27.1.1 - https:\/\/yoast.com\/product\/yoast-seo-wordpress\/ -->\n<title>Har du en bra v\u00e4rldsbild? - Vandra V\u00e4gen<\/title>\n<meta name=\"robots\" content=\"index, follow, max-snippet:-1, max-image-preview:large, max-video-preview:-1\" \/>\n<link rel=\"canonical\" href=\"https:\/\/blogg.svenskakyrkan.se\/vandravagen\/2013\/12\/13\/har-du-en-bra-varldsbild\/\" \/>\n<meta property=\"og:locale\" content=\"sv_SE\" \/>\n<meta property=\"og:type\" content=\"article\" \/>\n<meta property=\"og:title\" content=\"Har du en bra v\u00e4rldsbild? - Vandra V\u00e4gen\" \/>\n<meta property=\"og:description\" content=\"Jag skrev f\u00f6r ett tag sedan om att man kan ha en bra v\u00e4rldsbild \u00e4ven om den alltid \u00e4r f\u00f6r liten. S\u00e5 h\u00e4r s\u00e5g till exempel v\u00e4rlden ut enligt den gamle greken Herodotos: Jag har t\u00e4nkt lite till p\u00e5 v\u00e4rldsbilder. Ulf Jonsson, katolsk religionsfilosof har i ett sammanhang p\u00e5pekat att vi runt om i v\u00e4rlden [&hellip;]\" \/>\n<meta property=\"og:url\" content=\"https:\/\/blogg.svenskakyrkan.se\/vandravagen\/2013\/12\/13\/har-du-en-bra-varldsbild\/\" \/>\n<meta property=\"og:site_name\" content=\"Vandra V\u00e4gen\" \/>\n<meta property=\"article:publisher\" content=\"http:\/\/facebook.com\/vandravagen\" \/>\n<meta property=\"article:published_time\" content=\"2013-12-13T09:23:00+00:00\" \/>\n<meta property=\"og:image\" content=\"http:\/\/2.bp.blogspot.com\/-AY0Dp9gJKco\/Uqi-TMk7pLI\/AAAAAAAAGHw\/37Z7C-F-1bo\/s640\/IMG_2401.JPG\" \/>\n<meta name=\"author\" content=\"Tomas Jarvid\" \/>\n<meta name=\"twitter:card\" content=\"summary_large_image\" \/>\n<meta name=\"twitter:creator\" content=\"@fadertomas\" \/>\n<meta name=\"twitter:site\" content=\"@fadertomas\" \/>\n<meta name=\"twitter:label1\" content=\"Skriven av\" \/>\n\t<meta name=\"twitter:data1\" content=\"Tomas Jarvid\" \/>\n\t<meta name=\"twitter:label2\" content=\"Ber\u00e4knad l\u00e4stid\" \/>\n\t<meta name=\"twitter:data2\" content=\"3 minuter\" \/>\n<script type=\"application\/ld+json\" class=\"yoast-schema-graph\">{\"@context\":\"https:\/\/schema.org\",\"@graph\":[{\"@type\":\"Article\",\"@id\":\"https:\/\/blogg.svenskakyrkan.se\/vandravagen\/2013\/12\/13\/har-du-en-bra-varldsbild\/#article\",\"isPartOf\":{\"@id\":\"https:\/\/blogg.svenskakyrkan.se\/vandravagen\/2013\/12\/13\/har-du-en-bra-varldsbild\/\"},\"author\":{\"name\":\"Tomas Jarvid\",\"@id\":\"https:\/\/blogg.svenskakyrkan.se\/vandravagen\/#\/schema\/person\/25da02d4f76b137d04291711e2c9fc16\"},\"headline\":\"Har du en bra v\u00e4rldsbild?\",\"datePublished\":\"2013-12-13T09:23:00+00:00\",\"mainEntityOfPage\":{\"@id\":\"https:\/\/blogg.svenskakyrkan.se\/vandravagen\/2013\/12\/13\/har-du-en-bra-varldsbild\/\"},\"wordCount\":561,\"commentCount\":0,\"publisher\":{\"@id\":\"https:\/\/blogg.svenskakyrkan.se\/vandravagen\/#organization\"},\"image\":{\"@id\":\"https:\/\/blogg.svenskakyrkan.se\/vandravagen\/2013\/12\/13\/har-du-en-bra-varldsbild\/#primaryimage\"},\"thumbnailUrl\":\"http:\/\/2.bp.blogspot.com\/-AY0Dp9gJKco\/Uqi-TMk7pLI\/AAAAAAAAGHw\/37Z7C-F-1bo\/s640\/IMG_2401.JPG\",\"articleSection\":[\"Dagens Kyrka\",\"Teologi\"],\"inLanguage\":\"sv-SE\",\"potentialAction\":[{\"@type\":\"CommentAction\",\"name\":\"Comment\",\"target\":[\"https:\/\/blogg.svenskakyrkan.se\/vandravagen\/2013\/12\/13\/har-du-en-bra-varldsbild\/#respond\"]}]},{\"@type\":\"WebPage\",\"@id\":\"https:\/\/blogg.svenskakyrkan.se\/vandravagen\/2013\/12\/13\/har-du-en-bra-varldsbild\/\",\"url\":\"https:\/\/blogg.svenskakyrkan.se\/vandravagen\/2013\/12\/13\/har-du-en-bra-varldsbild\/\",\"name\":\"Har du en bra v\u00e4rldsbild? - Vandra V\u00e4gen\",\"isPartOf\":{\"@id\":\"https:\/\/blogg.svenskakyrkan.se\/vandravagen\/#website\"},\"primaryImageOfPage\":{\"@id\":\"https:\/\/blogg.svenskakyrkan.se\/vandravagen\/2013\/12\/13\/har-du-en-bra-varldsbild\/#primaryimage\"},\"image\":{\"@id\":\"https:\/\/blogg.svenskakyrkan.se\/vandravagen\/2013\/12\/13\/har-du-en-bra-varldsbild\/#primaryimage\"},\"thumbnailUrl\":\"http:\/\/2.bp.blogspot.com\/-AY0Dp9gJKco\/Uqi-TMk7pLI\/AAAAAAAAGHw\/37Z7C-F-1bo\/s640\/IMG_2401.JPG\",\"datePublished\":\"2013-12-13T09:23:00+00:00\",\"breadcrumb\":{\"@id\":\"https:\/\/blogg.svenskakyrkan.se\/vandravagen\/2013\/12\/13\/har-du-en-bra-varldsbild\/#breadcrumb\"},\"inLanguage\":\"sv-SE\",\"potentialAction\":[{\"@type\":\"ReadAction\",\"target\":[\"https:\/\/blogg.svenskakyrkan.se\/vandravagen\/2013\/12\/13\/har-du-en-bra-varldsbild\/\"]}]},{\"@type\":\"ImageObject\",\"inLanguage\":\"sv-SE\",\"@id\":\"https:\/\/blogg.svenskakyrkan.se\/vandravagen\/2013\/12\/13\/har-du-en-bra-varldsbild\/#primaryimage\",\"url\":\"http:\/\/2.bp.blogspot.com\/-AY0Dp9gJKco\/Uqi-TMk7pLI\/AAAAAAAAGHw\/37Z7C-F-1bo\/s640\/IMG_2401.JPG\",\"contentUrl\":\"http:\/\/2.bp.blogspot.com\/-AY0Dp9gJKco\/Uqi-TMk7pLI\/AAAAAAAAGHw\/37Z7C-F-1bo\/s640\/IMG_2401.JPG\"},{\"@type\":\"BreadcrumbList\",\"@id\":\"https:\/\/blogg.svenskakyrkan.se\/vandravagen\/2013\/12\/13\/har-du-en-bra-varldsbild\/#breadcrumb\",\"itemListElement\":[{\"@type\":\"ListItem\",\"position\":1,\"name\":\"Hem\",\"item\":\"https:\/\/blogg.svenskakyrkan.se\/vandravagen\/\"},{\"@type\":\"ListItem\",\"position\":2,\"name\":\"Har du en bra v\u00e4rldsbild?\"}]},{\"@type\":\"WebSite\",\"@id\":\"https:\/\/blogg.svenskakyrkan.se\/vandravagen\/#website\",\"url\":\"https:\/\/blogg.svenskakyrkan.se\/vandravagen\/\",\"name\":\"Vandra V\u00e4gen\",\"description\":\"-Mot en tro f\u00f6r hela livet\",\"publisher\":{\"@id\":\"https:\/\/blogg.svenskakyrkan.se\/vandravagen\/#organization\"},\"potentialAction\":[{\"@type\":\"SearchAction\",\"target\":{\"@type\":\"EntryPoint\",\"urlTemplate\":\"https:\/\/blogg.svenskakyrkan.se\/vandravagen\/?s={search_term_string}\"},\"query-input\":{\"@type\":\"PropertyValueSpecification\",\"valueRequired\":true,\"valueName\":\"search_term_string\"}}],\"inLanguage\":\"sv-SE\"},{\"@type\":\"Organization\",\"@id\":\"https:\/\/blogg.svenskakyrkan.se\/vandravagen\/#organization\",\"name\":\"ulricehamns pastorat\",\"alternateName\":\"ulricehamns pastorat\",\"url\":\"https:\/\/blogg.svenskakyrkan.se\/vandravagen\/\",\"logo\":{\"@type\":\"ImageObject\",\"inLanguage\":\"sv-SE\",\"@id\":\"https:\/\/blogg.svenskakyrkan.se\/vandravagen\/#\/schema\/logo\/image\/\",\"url\":\"https:\/\/blogg.svenskakyrkan.se\/vandravagen\/files\/2023\/05\/Ulr_logo_RGB.png\",\"contentUrl\":\"https:\/\/blogg.svenskakyrkan.se\/vandravagen\/files\/2023\/05\/Ulr_logo_RGB.png\",\"width\":205,\"height\":77,\"caption\":\"ulricehamns pastorat\"},\"image\":{\"@id\":\"https:\/\/blogg.svenskakyrkan.se\/vandravagen\/#\/schema\/logo\/image\/\"},\"sameAs\":[\"http:\/\/facebook.com\/vandravagen\",\"https:\/\/x.com\/fadertomas\",\"http:\/\/www.facebook.com\/svenskakyrkaniulricehamn\"]},{\"@type\":\"Person\",\"@id\":\"https:\/\/blogg.svenskakyrkan.se\/vandravagen\/#\/schema\/person\/25da02d4f76b137d04291711e2c9fc16\",\"name\":\"Tomas Jarvid\",\"image\":{\"@type\":\"ImageObject\",\"inLanguage\":\"sv-SE\",\"@id\":\"https:\/\/blogg.svenskakyrkan.se\/vandravagen\/#\/schema\/person\/image\/\",\"url\":\"https:\/\/secure.gravatar.com\/avatar\/7fa71899795e8f540f615a1f5ab25255dc27aa40f05ee7ddd21aac521e01bf50?s=96&d=identicon&r=g\",\"contentUrl\":\"https:\/\/secure.gravatar.com\/avatar\/7fa71899795e8f540f615a1f5ab25255dc27aa40f05ee7ddd21aac521e01bf50?s=96&d=identicon&r=g\",\"caption\":\"Tomas Jarvid\"},\"description\":\"Jag bor i Ulricehamn i V\u00e4sterg\u00f6tland och \u00e4r f\u00f6rsamlingspr\u00e4st i Svenska Kyrkan f\u00f6r Dalstorps f\u00f6rsamling i Kinds pastorat. P\u00e5 den h\u00e4r bloggen skriver jag ner tankar om vandringen som kristen.\",\"sameAs\":[\"http:\/\/www.vandravagen.se\"],\"url\":\"https:\/\/blogg.svenskakyrkan.se\/vandravagen\/author\/vandravagen\/\"}]}<\/script>\n<!-- \/ Yoast SEO plugin. -->","yoast_head_json":{"title":"Har du en bra v\u00e4rldsbild? - Vandra V\u00e4gen","robots":{"index":"index","follow":"follow","max-snippet":"max-snippet:-1","max-image-preview":"max-image-preview:large","max-video-preview":"max-video-preview:-1"},"canonical":"https:\/\/blogg.svenskakyrkan.se\/vandravagen\/2013\/12\/13\/har-du-en-bra-varldsbild\/","og_locale":"sv_SE","og_type":"article","og_title":"Har du en bra v\u00e4rldsbild? - Vandra V\u00e4gen","og_description":"Jag skrev f\u00f6r ett tag sedan om att man kan ha en bra v\u00e4rldsbild \u00e4ven om den alltid \u00e4r f\u00f6r liten. S\u00e5 h\u00e4r s\u00e5g till exempel v\u00e4rlden ut enligt den gamle greken Herodotos: Jag har t\u00e4nkt lite till p\u00e5 v\u00e4rldsbilder. Ulf Jonsson, katolsk religionsfilosof har i ett sammanhang p\u00e5pekat att vi runt om i v\u00e4rlden [&hellip;]","og_url":"https:\/\/blogg.svenskakyrkan.se\/vandravagen\/2013\/12\/13\/har-du-en-bra-varldsbild\/","og_site_name":"Vandra V\u00e4gen","article_publisher":"http:\/\/facebook.com\/vandravagen","article_published_time":"2013-12-13T09:23:00+00:00","og_image":[{"url":"http:\/\/2.bp.blogspot.com\/-AY0Dp9gJKco\/Uqi-TMk7pLI\/AAAAAAAAGHw\/37Z7C-F-1bo\/s640\/IMG_2401.JPG","type":"","width":"","height":""}],"author":"Tomas Jarvid","twitter_card":"summary_large_image","twitter_creator":"@fadertomas","twitter_site":"@fadertomas","twitter_misc":{"Skriven av":"Tomas Jarvid","Ber\u00e4knad l\u00e4stid":"3 minuter"},"schema":{"@context":"https:\/\/schema.org","@graph":[{"@type":"Article","@id":"https:\/\/blogg.svenskakyrkan.se\/vandravagen\/2013\/12\/13\/har-du-en-bra-varldsbild\/#article","isPartOf":{"@id":"https:\/\/blogg.svenskakyrkan.se\/vandravagen\/2013\/12\/13\/har-du-en-bra-varldsbild\/"},"author":{"name":"Tomas Jarvid","@id":"https:\/\/blogg.svenskakyrkan.se\/vandravagen\/#\/schema\/person\/25da02d4f76b137d04291711e2c9fc16"},"headline":"Har du en bra v\u00e4rldsbild?","datePublished":"2013-12-13T09:23:00+00:00","mainEntityOfPage":{"@id":"https:\/\/blogg.svenskakyrkan.se\/vandravagen\/2013\/12\/13\/har-du-en-bra-varldsbild\/"},"wordCount":561,"commentCount":0,"publisher":{"@id":"https:\/\/blogg.svenskakyrkan.se\/vandravagen\/#organization"},"image":{"@id":"https:\/\/blogg.svenskakyrkan.se\/vandravagen\/2013\/12\/13\/har-du-en-bra-varldsbild\/#primaryimage"},"thumbnailUrl":"http:\/\/2.bp.blogspot.com\/-AY0Dp9gJKco\/Uqi-TMk7pLI\/AAAAAAAAGHw\/37Z7C-F-1bo\/s640\/IMG_2401.JPG","articleSection":["Dagens Kyrka","Teologi"],"inLanguage":"sv-SE","potentialAction":[{"@type":"CommentAction","name":"Comment","target":["https:\/\/blogg.svenskakyrkan.se\/vandravagen\/2013\/12\/13\/har-du-en-bra-varldsbild\/#respond"]}]},{"@type":"WebPage","@id":"https:\/\/blogg.svenskakyrkan.se\/vandravagen\/2013\/12\/13\/har-du-en-bra-varldsbild\/","url":"https:\/\/blogg.svenskakyrkan.se\/vandravagen\/2013\/12\/13\/har-du-en-bra-varldsbild\/","name":"Har du en bra v\u00e4rldsbild? - Vandra V\u00e4gen","isPartOf":{"@id":"https:\/\/blogg.svenskakyrkan.se\/vandravagen\/#website"},"primaryImageOfPage":{"@id":"https:\/\/blogg.svenskakyrkan.se\/vandravagen\/2013\/12\/13\/har-du-en-bra-varldsbild\/#primaryimage"},"image":{"@id":"https:\/\/blogg.svenskakyrkan.se\/vandravagen\/2013\/12\/13\/har-du-en-bra-varldsbild\/#primaryimage"},"thumbnailUrl":"http:\/\/2.bp.blogspot.com\/-AY0Dp9gJKco\/Uqi-TMk7pLI\/AAAAAAAAGHw\/37Z7C-F-1bo\/s640\/IMG_2401.JPG","datePublished":"2013-12-13T09:23:00+00:00","breadcrumb":{"@id":"https:\/\/blogg.svenskakyrkan.se\/vandravagen\/2013\/12\/13\/har-du-en-bra-varldsbild\/#breadcrumb"},"inLanguage":"sv-SE","potentialAction":[{"@type":"ReadAction","target":["https:\/\/blogg.svenskakyrkan.se\/vandravagen\/2013\/12\/13\/har-du-en-bra-varldsbild\/"]}]},{"@type":"ImageObject","inLanguage":"sv-SE","@id":"https:\/\/blogg.svenskakyrkan.se\/vandravagen\/2013\/12\/13\/har-du-en-bra-varldsbild\/#primaryimage","url":"http:\/\/2.bp.blogspot.com\/-AY0Dp9gJKco\/Uqi-TMk7pLI\/AAAAAAAAGHw\/37Z7C-F-1bo\/s640\/IMG_2401.JPG","contentUrl":"http:\/\/2.bp.blogspot.com\/-AY0Dp9gJKco\/Uqi-TMk7pLI\/AAAAAAAAGHw\/37Z7C-F-1bo\/s640\/IMG_2401.JPG"},{"@type":"BreadcrumbList","@id":"https:\/\/blogg.svenskakyrkan.se\/vandravagen\/2013\/12\/13\/har-du-en-bra-varldsbild\/#breadcrumb","itemListElement":[{"@type":"ListItem","position":1,"name":"Hem","item":"https:\/\/blogg.svenskakyrkan.se\/vandravagen\/"},{"@type":"ListItem","position":2,"name":"Har du en bra v\u00e4rldsbild?"}]},{"@type":"WebSite","@id":"https:\/\/blogg.svenskakyrkan.se\/vandravagen\/#website","url":"https:\/\/blogg.svenskakyrkan.se\/vandravagen\/","name":"Vandra V\u00e4gen","description":"-Mot en tro f\u00f6r hela livet","publisher":{"@id":"https:\/\/blogg.svenskakyrkan.se\/vandravagen\/#organization"},"potentialAction":[{"@type":"SearchAction","target":{"@type":"EntryPoint","urlTemplate":"https:\/\/blogg.svenskakyrkan.se\/vandravagen\/?s={search_term_string}"},"query-input":{"@type":"PropertyValueSpecification","valueRequired":true,"valueName":"search_term_string"}}],"inLanguage":"sv-SE"},{"@type":"Organization","@id":"https:\/\/blogg.svenskakyrkan.se\/vandravagen\/#organization","name":"ulricehamns pastorat","alternateName":"ulricehamns pastorat","url":"https:\/\/blogg.svenskakyrkan.se\/vandravagen\/","logo":{"@type":"ImageObject","inLanguage":"sv-SE","@id":"https:\/\/blogg.svenskakyrkan.se\/vandravagen\/#\/schema\/logo\/image\/","url":"https:\/\/blogg.svenskakyrkan.se\/vandravagen\/files\/2023\/05\/Ulr_logo_RGB.png","contentUrl":"https:\/\/blogg.svenskakyrkan.se\/vandravagen\/files\/2023\/05\/Ulr_logo_RGB.png","width":205,"height":77,"caption":"ulricehamns pastorat"},"image":{"@id":"https:\/\/blogg.svenskakyrkan.se\/vandravagen\/#\/schema\/logo\/image\/"},"sameAs":["http:\/\/facebook.com\/vandravagen","https:\/\/x.com\/fadertomas","http:\/\/www.facebook.com\/svenskakyrkaniulricehamn"]},{"@type":"Person","@id":"https:\/\/blogg.svenskakyrkan.se\/vandravagen\/#\/schema\/person\/25da02d4f76b137d04291711e2c9fc16","name":"Tomas Jarvid","image":{"@type":"ImageObject","inLanguage":"sv-SE","@id":"https:\/\/blogg.svenskakyrkan.se\/vandravagen\/#\/schema\/person\/image\/","url":"https:\/\/secure.gravatar.com\/avatar\/7fa71899795e8f540f615a1f5ab25255dc27aa40f05ee7ddd21aac521e01bf50?s=96&d=identicon&r=g","contentUrl":"https:\/\/secure.gravatar.com\/avatar\/7fa71899795e8f540f615a1f5ab25255dc27aa40f05ee7ddd21aac521e01bf50?s=96&d=identicon&r=g","caption":"Tomas Jarvid"},"description":"Jag bor i Ulricehamn i V\u00e4sterg\u00f6tland och \u00e4r f\u00f6rsamlingspr\u00e4st i Svenska Kyrkan f\u00f6r Dalstorps f\u00f6rsamling i Kinds pastorat. P\u00e5 den h\u00e4r bloggen skriver jag ner tankar om vandringen som kristen.","sameAs":["http:\/\/www.vandravagen.se"],"url":"https:\/\/blogg.svenskakyrkan.se\/vandravagen\/author\/vandravagen\/"}]}},"author_meta":{"ID":"392","user_nicename":"vandravagen","user_url":"http:\/\/www.vandravagen.se","user_registered":"2014-05-19 05:44:52","display_name":"Tomas Jarvid","first_name":"Tomas","last_name":"Jarvid","avatar":"https:\/\/secure.gravatar.com\/avatar\/7fa71899795e8f540f615a1f5ab25255dc27aa40f05ee7ddd21aac521e01bf50?s=96&d=identicon&r=g"},"featured_image":false,"bloginfo":{"name":"Vandra V\u00e4gen","url":"https:\/\/blogg.svenskakyrkan.se\/vandravagen"},"_links":{"self":[{"href":"https:\/\/blogg.svenskakyrkan.se\/vandravagen\/wp-json\/wp\/v2\/posts\/245","targetHints":{"allow":["GET"]}}],"collection":[{"href":"https:\/\/blogg.svenskakyrkan.se\/vandravagen\/wp-json\/wp\/v2\/posts"}],"about":[{"href":"https:\/\/blogg.svenskakyrkan.se\/vandravagen\/wp-json\/wp\/v2\/types\/post"}],"author":[{"embeddable":true,"href":"https:\/\/blogg.svenskakyrkan.se\/vandravagen\/wp-json\/wp\/v2\/users\/392"}],"replies":[{"embeddable":true,"href":"https:\/\/blogg.svenskakyrkan.se\/vandravagen\/wp-json\/wp\/v2\/comments?post=245"}],"version-history":[{"count":0,"href":"https:\/\/blogg.svenskakyrkan.se\/vandravagen\/wp-json\/wp\/v2\/posts\/245\/revisions"}],"wp:attachment":[{"href":"https:\/\/blogg.svenskakyrkan.se\/vandravagen\/wp-json\/wp\/v2\/media?parent=245"}],"wp:term":[{"taxonomy":"category","embeddable":true,"href":"https:\/\/blogg.svenskakyrkan.se\/vandravagen\/wp-json\/wp\/v2\/categories?post=245"},{"taxonomy":"post_tag","embeddable":true,"href":"https:\/\/blogg.svenskakyrkan.se\/vandravagen\/wp-json\/wp\/v2\/tags?post=245"}],"curies":[{"name":"wp","href":"https:\/\/api.w.org\/{rel}","templated":true}]}}