{"id":246,"date":"2013-12-12T08:00:00","date_gmt":"2013-12-12T07:00:00","guid":{"rendered":"http:\/\/blogg.svenskakyrkan.se\/vandravagen\/2013\/12\/12\/veckans-samlade-favoriter-fran-twitter-5\/"},"modified":"2013-12-12T08:00:00","modified_gmt":"2013-12-12T07:00:00","slug":"veckans-samlade-favoriter-fran-twitter-5","status":"publish","type":"post","link":"https:\/\/blogg.svenskakyrkan.se\/vandravagen\/2013\/12\/12\/veckans-samlade-favoriter-fran-twitter-5\/","title":{"rendered":"Veckans samlade favoriter fr\u00e5n twitter"},"content":{"rendered":"<div>\u00c4ntligen dags igen f\u00f6r en veckas samlade fintweets. Det h\u00e4r \u00e4r de b\u00e4sta jag kunnat hitta, h\u00e5ll tillgodo med fyndiga, kloka och ett och annat uppbyggligt tweet!<\/div>\n<div><\/div>\n<div><b>Kristna (?) tweets<\/b><\/div>\n<div><b><br \/><\/b><\/div>\n<div>Det r\u00e4cker inte att ha en tro, den ska matas ocks\u00e5.<\/div>\n<div><a href=\"http:\/\/4.bp.blogspot.com\/-S6Bo5SPNpRg\/UqjGZXvHkWI\/AAAAAAAAGK0\/fFREWOH6I0Q\/s1600\/Ska%CC%88rmavbild+2013-12-11+kl.+21.01.42.png\"><img loading=\"lazy\" decoding=\"async\" border=\"0\" height=\"146\" src=\"http:\/\/4.bp.blogspot.com\/-S6Bo5SPNpRg\/UqjGZXvHkWI\/AAAAAAAAGK0\/fFREWOH6I0Q\/s400\/Ska%CC%88rmavbild+2013-12-11+kl.+21.01.42.png\" width=\"400\"><\/a><\/div>\n<div><\/div>\n<div><\/div>\n<div><a href=\"http:\/\/3.bp.blogspot.com\/-T4WuSJpyRsg\/UqjGVtMPyoI\/AAAAAAAAGKE\/yjGUiWKB0FM\/s1600\/Ska%CC%88rmavbild+2013-12-11+kl.+21.01.10.png\"><img loading=\"lazy\" decoding=\"async\" border=\"0\" height=\"72\" src=\"http:\/\/3.bp.blogspot.com\/-T4WuSJpyRsg\/UqjGVtMPyoI\/AAAAAAAAGKE\/yjGUiWKB0FM\/s400\/Ska%CC%88rmavbild+2013-12-11+kl.+21.01.10.png\" width=\"400\"><\/a><\/div>\n<div><\/div>\n<div><\/div>\n<div><a href=\"http:\/\/1.bp.blogspot.com\/-_L4mZ9o_qB8\/UqjGMjUO4PI\/AAAAAAAAGIE\/CPbJX4fO0wE\/s1600\/Ska%CC%88rmavbild+2013-12-11+kl.+20.55.50.png\"><img loading=\"lazy\" decoding=\"async\" border=\"0\" height=\"102\" src=\"http:\/\/1.bp.blogspot.com\/-_L4mZ9o_qB8\/UqjGMjUO4PI\/AAAAAAAAGIE\/CPbJX4fO0wE\/s400\/Ska%CC%88rmavbild+2013-12-11+kl.+20.55.50.png\" width=\"400\"><\/a><\/div>\n<div><\/div>\n<div>Wilfrid Stinissen har avlidit. Jag k\u00e4nner honom som f\u00f6rfattare till fantastiska b\u00f6cker. L\u00e4s g\u00e4rna mer av honom p\u00e5 n\u00e5got bibliotek.<\/div>\n<div><a href=\"http:\/\/1.bp.blogspot.com\/-R8byVcOBSVM\/UqjGSZsH3ZI\/AAAAAAAAGJM\/vOI3LSJka5g\/s1600\/Ska%CC%88rmavbild+2013-12-11+kl.+20.58.44.png\"><img loading=\"lazy\" decoding=\"async\" border=\"0\" height=\"87\" src=\"http:\/\/1.bp.blogspot.com\/-R8byVcOBSVM\/UqjGSZsH3ZI\/AAAAAAAAGJM\/vOI3LSJka5g\/s400\/Ska%CC%88rmavbild+2013-12-11+kl.+20.58.44.png\" width=\"400\"><\/a><\/div>\n<div><\/div>\n<div><\/div>\n<div><a href=\"http:\/\/3.bp.blogspot.com\/-xProsbo5hB8\/UqjGNyeaYaI\/AAAAAAAAGIY\/Mxxx-neqYyE\/s1600\/Ska%CC%88rmavbild+2013-12-11+kl.+20.56.55.png\"><img loading=\"lazy\" decoding=\"async\" border=\"0\" height=\"90\" src=\"http:\/\/3.bp.blogspot.com\/-xProsbo5hB8\/UqjGNyeaYaI\/AAAAAAAAGIY\/Mxxx-neqYyE\/s400\/Ska%CC%88rmavbild+2013-12-11+kl.+20.56.55.png\" width=\"400\"><\/a><\/div>\n<div><\/div>\n<div><\/div>\n<div>Att tro p\u00e5 Jesus handlar inte om att bli f\u00e4rdig, det \u00e4r en ny b\u00f6rjan!<\/div>\n<div><a href=\"http:\/\/2.bp.blogspot.com\/-RQ3dt3QtyIY\/UqjGWE2JvZI\/AAAAAAAAGKA\/BI86vTQFa2I\/s1600\/Ska%CC%88rmavbild+2013-12-11+kl.+20.59.34.png\"><img loading=\"lazy\" decoding=\"async\" border=\"0\" height=\"72\" src=\"http:\/\/2.bp.blogspot.com\/-RQ3dt3QtyIY\/UqjGWE2JvZI\/AAAAAAAAGKA\/BI86vTQFa2I\/s400\/Ska%CC%88rmavbild+2013-12-11+kl.+20.59.34.png\" width=\"400\"><\/a><\/div>\n<div><\/div>\n<div><\/div>\n<div><a href=\"http:\/\/1.bp.blogspot.com\/-uMFignuTTYk\/UqjGXNHuTzI\/AAAAAAAAGKc\/VjbSZunMSFM\/s1600\/Ska%CC%88rmavbild+2013-12-11+kl.+21.02.13.png\"><img loading=\"lazy\" decoding=\"async\" border=\"0\" height=\"98\" src=\"http:\/\/1.bp.blogspot.com\/-uMFignuTTYk\/UqjGXNHuTzI\/AAAAAAAAGKc\/VjbSZunMSFM\/s400\/Ska%CC%88rmavbild+2013-12-11+kl.+21.02.13.png\" width=\"400\"><\/a><\/div>\n<div><\/div>\n<div><\/div>\n<div>Juls\u00e5ngsparafraserna har duggat t\u00e4tt i veckan. Den h\u00e4r \u00e4r b\u00e4st.<\/div>\n<div><a href=\"http:\/\/2.bp.blogspot.com\/-0UCawONJNTg\/UqjGb-ZfLCI\/AAAAAAAAGLY\/xMNmQHUrZzQ\/s1600\/Ska%CC%88rmavbild+2013-12-11+kl.+21.03.09.png\"><img loading=\"lazy\" decoding=\"async\" border=\"0\" height=\"60\" src=\"http:\/\/2.bp.blogspot.com\/-0UCawONJNTg\/UqjGb-ZfLCI\/AAAAAAAAGLY\/xMNmQHUrZzQ\/s400\/Ska%CC%88rmavbild+2013-12-11+kl.+21.03.09.png\" width=\"400\"><\/a><\/div>\n<div><\/div>\n<div><\/div>\n<div><a href=\"http:\/\/1.bp.blogspot.com\/-61koIR25QX8\/UqjGQS1kMYI\/AAAAAAAAGIw\/kMIxhcmD_8k\/s1600\/Ska%CC%88rmavbild+2013-12-11+kl.+20.57.31.png\"><img loading=\"lazy\" decoding=\"async\" border=\"0\" height=\"72\" src=\"http:\/\/1.bp.blogspot.com\/-61koIR25QX8\/UqjGQS1kMYI\/AAAAAAAAGIw\/kMIxhcmD_8k\/s400\/Ska%CC%88rmavbild+2013-12-11+kl.+20.57.31.png\" width=\"400\"><\/a><\/div>\n<div><\/div>\n<div><\/div>\n<div><a href=\"http:\/\/4.bp.blogspot.com\/-tcbkqLkbQuE\/UqjGQnlccoI\/AAAAAAAAGJE\/pL0vOwqGT2M\/s1600\/Ska%CC%88rmavbild+2013-12-11+kl.+20.57.55.png\"><img loading=\"lazy\" decoding=\"async\" border=\"0\" height=\"72\" src=\"http:\/\/4.bp.blogspot.com\/-tcbkqLkbQuE\/UqjGQnlccoI\/AAAAAAAAGJE\/pL0vOwqGT2M\/s400\/Ska%CC%88rmavbild+2013-12-11+kl.+20.57.55.png\" width=\"400\"><\/a><\/div>\n<div><b><br \/><\/b><\/div>\n<div><b><br \/><\/b><\/div>\n<div><b><br \/><\/b><\/div>\n<div><b><br \/><\/b><\/div>\n<div><b>Kloka tweets<\/b><\/div>\n<div><\/div>\n<div>Jag med!<\/div>\n<div><a href=\"http:\/\/1.bp.blogspot.com\/-My44HznZBc0\/UqjGMmWK08I\/AAAAAAAAGIA\/C5R90cSkLjA\/s1600\/Ska%CC%88rmavbild+2013-12-11+kl.+20.55.13.png\"><img loading=\"lazy\" decoding=\"async\" border=\"0\" height=\"73\" src=\"http:\/\/1.bp.blogspot.com\/-My44HznZBc0\/UqjGMmWK08I\/AAAAAAAAGIA\/C5R90cSkLjA\/s400\/Ska%CC%88rmavbild+2013-12-11+kl.+20.55.13.png\" width=\"400\"><\/a><\/div>\n<div><\/div>\n<div><\/div>\n<div>\u00c4ven Mandela har avlidit, det kanske inte undg\u00e5tt n\u00e5gon?<\/div>\n<div><a href=\"http:\/\/1.bp.blogspot.com\/-RU5z5T4UQdk\/UqjGNdplwoI\/AAAAAAAAGIc\/sRcmddIGPTM\/s1600\/Ska%CC%88rmavbild+2013-12-11+kl.+20.56.21.png\"><img loading=\"lazy\" decoding=\"async\" border=\"0\" height=\"91\" src=\"http:\/\/1.bp.blogspot.com\/-RU5z5T4UQdk\/UqjGNdplwoI\/AAAAAAAAGIc\/sRcmddIGPTM\/s400\/Ska%CC%88rmavbild+2013-12-11+kl.+20.56.21.png\" width=\"400\"><\/a><\/div>\n<div><\/div>\n<div><\/div>\n<div>Yepp, <a href=\"http:\/\/www.vandravagen.se\/2013\/08\/detta-ar-vad-karlek-ar.html\">detta \u00e4r n\u00e4mligen vad k\u00e4rlek \u00e4r.<\/a><\/div>\n<div><a href=\"http:\/\/3.bp.blogspot.com\/-b7KbTpoqzo8\/UqjGPLuxCUI\/AAAAAAAAGIs\/6Nuo9WSV_DE\/s1600\/Ska%CC%88rmavbild+2013-12-11+kl.+20.57.11.png\"><img loading=\"lazy\" decoding=\"async\" border=\"0\" height=\"58\" src=\"http:\/\/3.bp.blogspot.com\/-b7KbTpoqzo8\/UqjGPLuxCUI\/AAAAAAAAGIs\/6Nuo9WSV_DE\/s400\/Ska%CC%88rmavbild+2013-12-11+kl.+20.57.11.png\" width=\"400\"><\/a><\/div>\n<div><\/div>\n<div><\/div>\n<div>Den medeltida munken Thomas k\u00e4nns st\u00e4ndigt lika aktuell!<\/div>\n<div><a href=\"http:\/\/1.bp.blogspot.com\/-BCK1YhFXsgk\/UqjGWaHhRBI\/AAAAAAAAGKM\/l2oUj3N0zRY\/s1600\/Ska%CC%88rmavbild+2013-12-11+kl.+21.01.18.png\"><img loading=\"lazy\" decoding=\"async\" border=\"0\" height=\"73\" src=\"http:\/\/1.bp.blogspot.com\/-BCK1YhFXsgk\/UqjGWaHhRBI\/AAAAAAAAGKM\/l2oUj3N0zRY\/s400\/Ska%CC%88rmavbild+2013-12-11+kl.+21.01.18.png\" width=\"400\"><\/a><\/div>\n<div><\/div>\n<div><\/div>\n<div>Det ligger en hel del i det h\u00e4r. M\u00e5nga kan med mycket mer n\u00e4r det \u00e4r riskfritt, se bara p\u00e5 anonyma p\u00e5 n\u00e4tet.<\/div>\n<div><a href=\"http:\/\/4.bp.blogspot.com\/-nM1tkU2-2qs\/UqjGQ3MruUI\/AAAAAAAAGJA\/mFPpF-sP2S0\/s1600\/Ska%CC%88rmavbild+2013-12-11+kl.+20.58.21.png\"><img loading=\"lazy\" decoding=\"async\" border=\"0\" height=\"73\" src=\"http:\/\/4.bp.blogspot.com\/-nM1tkU2-2qs\/UqjGQ3MruUI\/AAAAAAAAGJA\/mFPpF-sP2S0\/s400\/Ska%CC%88rmavbild+2013-12-11+kl.+20.58.21.png\" width=\"400\"><\/a><\/div>\n<div><\/div>\n<div><\/div>\n<div><a href=\"http:\/\/2.bp.blogspot.com\/-xEctv8SDXp8\/UqjGTqbeV1I\/AAAAAAAAGJc\/8cqFlHrCQvA\/s1600\/Ska%CC%88rmavbild+2013-12-11+kl.+20.59.43.png\"><img loading=\"lazy\" decoding=\"async\" border=\"0\" height=\"88\" src=\"http:\/\/2.bp.blogspot.com\/-xEctv8SDXp8\/UqjGTqbeV1I\/AAAAAAAAGJc\/8cqFlHrCQvA\/s400\/Ska%CC%88rmavbild+2013-12-11+kl.+20.59.43.png\" width=\"400\"><\/a><\/div>\n<div><\/div>\n<div><\/div>\n<div><\/div>\n<div><b>Roliga\/fyndiga\/\u00f6vriga tweets<\/b><\/div>\n<div>Det \u00e4r k\u00e4rlek det!<\/div>\n<div><a href=\"http:\/\/2.bp.blogspot.com\/-BcUJUdwrEw4\/UqjGTR6hASI\/AAAAAAAAGJk\/ZSnb7za-hvo\/s1600\/Ska%CC%88rmavbild+2013-12-11+kl.+20.55.21.png\"><img loading=\"lazy\" decoding=\"async\" border=\"0\" height=\"71\" src=\"http:\/\/2.bp.blogspot.com\/-BcUJUdwrEw4\/UqjGTR6hASI\/AAAAAAAAGJk\/ZSnb7za-hvo\/s400\/Ska%CC%88rmavbild+2013-12-11+kl.+20.55.21.png\" width=\"400\"><\/a><\/div>\n<\/p>\n<div><\/div>\n<\/p>\n<div><a href=\"http:\/\/2.bp.blogspot.com\/-wPV5nXhVHqg\/UqjGPe5HlrI\/AAAAAAAAGIo\/XLDb9Za06UE\/s1600\/Ska%CC%88rmavbild+2013-12-11+kl.+20.57.21.png\"><img loading=\"lazy\" decoding=\"async\" border=\"0\" height=\"75\" src=\"http:\/\/2.bp.blogspot.com\/-wPV5nXhVHqg\/UqjGPe5HlrI\/AAAAAAAAGIo\/XLDb9Za06UE\/s400\/Ska%CC%88rmavbild+2013-12-11+kl.+20.57.21.png\" width=\"400\"><\/a><\/div>\n<\/p>\n<div><\/div>\n<div>D\u00e4r har jag varit! P\u00e5 sommaren&#8230;<\/div>\n<div><a href=\"http:\/\/1.bp.blogspot.com\/-lVtpRHXXSLk\/UqjGSoafeTI\/AAAAAAAAGJU\/ZtmO0VcoQgU\/s1600\/Ska%CC%88rmavbild+2013-12-11+kl.+20.59.16.png\"><img loading=\"lazy\" decoding=\"async\" border=\"0\" height=\"60\" src=\"http:\/\/1.bp.blogspot.com\/-lVtpRHXXSLk\/UqjGSoafeTI\/AAAAAAAAGJU\/ZtmO0VcoQgU\/s400\/Ska%CC%88rmavbild+2013-12-11+kl.+20.59.16.png\" width=\"400\"><\/a><\/div>\n<div><\/div>\n<\/p>\n<div><a href=\"http:\/\/4.bp.blogspot.com\/-ssxAl6aRd_4\/UqjGUJ3X5FI\/AAAAAAAAGJs\/RgEf9jqp6OY\/s1600\/Ska%CC%88rmavbild+2013-12-11+kl.+20.59.50.png\"><img loading=\"lazy\" decoding=\"async\" border=\"0\" height=\"71\" src=\"http:\/\/4.bp.blogspot.com\/-ssxAl6aRd_4\/UqjGUJ3X5FI\/AAAAAAAAGJs\/RgEf9jqp6OY\/s400\/Ska%CC%88rmavbild+2013-12-11+kl.+20.59.50.png\" width=\"400\"><\/a><\/div>\n<div><\/div>\n<div><\/div>\n<\/p>\n<div><a href=\"http:\/\/2.bp.blogspot.com\/-JB3hXcoDadU\/UqjGXhdz5mI\/AAAAAAAAGKY\/2LOGsVqutKc\/s1600\/Ska%CC%88rmavbild+2013-12-11+kl.+21.00.03.png\"><img loading=\"lazy\" decoding=\"async\" border=\"0\" height=\"71\" src=\"http:\/\/2.bp.blogspot.com\/-JB3hXcoDadU\/UqjGXhdz5mI\/AAAAAAAAGKY\/2LOGsVqutKc\/s400\/Ska%CC%88rmavbild+2013-12-11+kl.+21.00.03.png\" width=\"400\"><\/a><\/div>\n<div><\/div>\n<\/p>\n<div><a href=\"http:\/\/2.bp.blogspot.com\/-dcO3248O3Qg\/UqjGU3gkGRI\/AAAAAAAAGJ0\/9kAxpzzF87U\/s1600\/Ska%CC%88rmavbild+2013-12-11+kl.+21.00.59.png\"><img loading=\"lazy\" decoding=\"async\" border=\"0\" height=\"61\" src=\"http:\/\/2.bp.blogspot.com\/-dcO3248O3Qg\/UqjGU3gkGRI\/AAAAAAAAGJ0\/9kAxpzzF87U\/s400\/Ska%CC%88rmavbild+2013-12-11+kl.+21.00.59.png\" width=\"400\"><\/a><\/div>\n<\/p>\n<div><\/div>\n<div><a href=\"http:\/\/1.bp.blogspot.com\/-uBXwr9Xm_D8\/UqjGYJwLPSI\/AAAAAAAAGKg\/lGHbxN182yU\/s1600\/Ska%CC%88rmavbild+2013-12-11+kl.+21.02.48.png\"><img loading=\"lazy\" decoding=\"async\" border=\"0\" height=\"75\" src=\"http:\/\/1.bp.blogspot.com\/-uBXwr9Xm_D8\/UqjGYJwLPSI\/AAAAAAAAGKg\/lGHbxN182yU\/s400\/Ska%CC%88rmavbild+2013-12-11+kl.+21.02.48.png\" width=\"400\"><\/a><\/div>\n<\/p>\n<div><\/div>\n<div>Ujuj, bara att sk\u00e4rpa sig d\u00e5.<\/div>\n<div><a href=\"http:\/\/4.bp.blogspot.com\/-pEZjLr-HiBw\/UqjGYs8StnI\/AAAAAAAAGKw\/njRSbK32puA\/s1600\/Ska%CC%88rmavbild+2013-12-11+kl.+21.04.08.png\"><img loading=\"lazy\" decoding=\"async\" border=\"0\" height=\"73\" src=\"http:\/\/4.bp.blogspot.com\/-pEZjLr-HiBw\/UqjGYs8StnI\/AAAAAAAAGKw\/njRSbK32puA\/s400\/Ska%CC%88rmavbild+2013-12-11+kl.+21.04.08.png\" width=\"400\"><\/a><\/div>\n<div><\/div>\n<\/p>\n<div><a href=\"http:\/\/3.bp.blogspot.com\/-JLQk6X2NDeE\/UqjGZ0SgW9I\/AAAAAAAAGLE\/L6FXU0JJ3B4\/s1600\/Ska%CC%88rmavbild+2013-12-11+kl.+21.05.02.png\"><img loading=\"lazy\" decoding=\"async\" border=\"0\" height=\"73\" src=\"http:\/\/3.bp.blogspot.com\/-JLQk6X2NDeE\/UqjGZ0SgW9I\/AAAAAAAAGLE\/L6FXU0JJ3B4\/s400\/Ska%CC%88rmavbild+2013-12-11+kl.+21.05.02.png\" width=\"400\"><\/a><\/div>\n<div><\/div>\n<\/p>\n<div><a href=\"http:\/\/3.bp.blogspot.com\/-LHFvRoVJNJQ\/UqjGaFA72EI\/AAAAAAAAGK8\/WHDUwm5M4os\/s1600\/Ska%CC%88rmavbild+2013-12-11+kl.+21.06.01.png\"><img loading=\"lazy\" decoding=\"async\" border=\"0\" height=\"71\" src=\"http:\/\/3.bp.blogspot.com\/-LHFvRoVJNJQ\/UqjGaFA72EI\/AAAAAAAAGK8\/WHDUwm5M4os\/s400\/Ska%CC%88rmavbild+2013-12-11+kl.+21.06.01.png\" width=\"400\"><\/a><\/div>\n<div><\/div>\n<div><\/div>\n<div>Och nu \u00f6kar sk\u00e4ggen igen? P\u00e5 mig i alla fall.<\/div>\n<div><a href=\"http:\/\/1.bp.blogspot.com\/-6rwtPmYdp_Y\/UqjGacSsqtI\/AAAAAAAAGLc\/2VjAcTWPq9w\/s1600\/Ska%CC%88rmavbild+2013-12-11+kl.+21.06.10.png\"><img loading=\"lazy\" decoding=\"async\" border=\"0\" height=\"75\" src=\"http:\/\/1.bp.blogspot.com\/-6rwtPmYdp_Y\/UqjGacSsqtI\/AAAAAAAAGLc\/2VjAcTWPq9w\/s400\/Ska%CC%88rmavbild+2013-12-11+kl.+21.06.10.png\" width=\"400\"><\/a><\/div>\n<div><\/div>\n<\/p>\n<div><a href=\"http:\/\/1.bp.blogspot.com\/-XkKawIF8zOg\/UqjGa67TrMI\/AAAAAAAAGLM\/Qq4rek27uE8\/s1600\/Ska%CC%88rmavbild+2013-12-11+kl.+21.06.16.png\"><img loading=\"lazy\" decoding=\"async\" border=\"0\" height=\"72\" src=\"http:\/\/1.bp.blogspot.com\/-XkKawIF8zOg\/UqjGa67TrMI\/AAAAAAAAGLM\/Qq4rek27uE8\/s400\/Ska%CC%88rmavbild+2013-12-11+kl.+21.06.16.png\" width=\"400\"><\/a><\/div>\n<div><\/div>\n<div><\/div>\n<div><b>Veckans b\u00e4sta tweet<\/b><\/div>\n<div><\/div>\n<div>Kommer fr\u00e5n @urbanthoms<\/div>\n<div>Det g\u00e4ller nog b\u00e5de mellan m\u00e4nniskor och inuti oss?<\/div>\n<div><\/div>\n<div><a href=\"http:\/\/4.bp.blogspot.com\/-LQ1usrjJaSM\/UqjGNK7mCiI\/AAAAAAAAGII\/62Bm7oNaSrM\/s1600\/Ska%CC%88rmavbild+2013-12-11+kl.+20.55.56.png\"><img loading=\"lazy\" decoding=\"async\" border=\"0\" height=\"58\" src=\"http:\/\/4.bp.blogspot.com\/-LQ1usrjJaSM\/UqjGNK7mCiI\/AAAAAAAAGII\/62Bm7oNaSrM\/s400\/Ska%CC%88rmavbild+2013-12-11+kl.+20.55.56.png\" width=\"400\"><\/a><\/div>\n<\/p>\n<div><\/div>\n<div>\n<div>Tack f\u00f6r den h\u00e4r veckan!<\/div>\n<\/div>\n<div><\/div>\n","protected":false},"excerpt":{"rendered":"<p>\u00c4ntligen dags igen f\u00f6r en veckas samlade fintweets. Det h\u00e4r \u00e4r de b\u00e4sta jag kunnat hitta, h\u00e5ll tillgodo med fyndiga, kloka och ett och annat uppbyggligt tweet! Kristna (?) tweets Det r\u00e4cker inte att ha en tro, den ska matas ocks\u00e5. Wilfrid Stinissen har avlidit. Jag k\u00e4nner honom som f\u00f6rfattare till fantastiska b\u00f6cker. L\u00e4s g\u00e4rna [&hellip;]<\/p>\n","protected":false},"author":392,"featured_media":0,"comment_status":"open","ping_status":"open","sticky":false,"template":"","format":"standard","meta":{"_acf_changed":false,"footnotes":""},"categories":[76189,78772],"tags":[],"class_list":["post-246","post","type-post","status-publish","format-standard","hentry","category-dagens-kyrka","category-favorittweets"],"acf":[],"yoast_head":"<!-- This site is optimized with the Yoast SEO plugin v27.1.1 - https:\/\/yoast.com\/product\/yoast-seo-wordpress\/ -->\n<title>Veckans samlade favoriter fr\u00e5n twitter - Vandra V\u00e4gen<\/title>\n<meta name=\"robots\" content=\"index, follow, max-snippet:-1, max-image-preview:large, max-video-preview:-1\" \/>\n<link rel=\"canonical\" href=\"https:\/\/blogg.svenskakyrkan.se\/vandravagen\/2013\/12\/12\/veckans-samlade-favoriter-fran-twitter-5\/\" \/>\n<meta property=\"og:locale\" content=\"sv_SE\" \/>\n<meta property=\"og:type\" content=\"article\" \/>\n<meta property=\"og:title\" content=\"Veckans samlade favoriter fr\u00e5n twitter - Vandra V\u00e4gen\" \/>\n<meta property=\"og:description\" content=\"\u00c4ntligen dags igen f\u00f6r en veckas samlade fintweets. Det h\u00e4r \u00e4r de b\u00e4sta jag kunnat hitta, h\u00e5ll tillgodo med fyndiga, kloka och ett och annat uppbyggligt tweet! Kristna (?) tweets Det r\u00e4cker inte att ha en tro, den ska matas ocks\u00e5. Wilfrid Stinissen har avlidit. Jag k\u00e4nner honom som f\u00f6rfattare till fantastiska b\u00f6cker. L\u00e4s g\u00e4rna [&hellip;]\" \/>\n<meta property=\"og:url\" content=\"https:\/\/blogg.svenskakyrkan.se\/vandravagen\/2013\/12\/12\/veckans-samlade-favoriter-fran-twitter-5\/\" \/>\n<meta property=\"og:site_name\" content=\"Vandra V\u00e4gen\" \/>\n<meta property=\"article:publisher\" content=\"http:\/\/facebook.com\/vandravagen\" \/>\n<meta property=\"article:published_time\" content=\"2013-12-12T07:00:00+00:00\" \/>\n<meta property=\"og:image\" content=\"http:\/\/4.bp.blogspot.com\/-S6Bo5SPNpRg\/UqjGZXvHkWI\/AAAAAAAAGK0\/fFREWOH6I0Q\/s400\/Ska%CC%88rmavbild+2013-12-11+kl.+21.01.42.png\" \/>\n<meta name=\"author\" content=\"Tomas Jarvid\" \/>\n<meta name=\"twitter:card\" content=\"summary_large_image\" \/>\n<meta name=\"twitter:creator\" content=\"@fadertomas\" \/>\n<meta name=\"twitter:site\" content=\"@fadertomas\" \/>\n<meta name=\"twitter:label1\" content=\"Skriven av\" \/>\n\t<meta name=\"twitter:data1\" content=\"Tomas Jarvid\" \/>\n\t<meta name=\"twitter:label2\" content=\"Ber\u00e4knad l\u00e4stid\" \/>\n\t<meta name=\"twitter:data2\" content=\"1 minut\" \/>\n<script type=\"application\/ld+json\" class=\"yoast-schema-graph\">{\"@context\":\"https:\/\/schema.org\",\"@graph\":[{\"@type\":\"Article\",\"@id\":\"https:\/\/blogg.svenskakyrkan.se\/vandravagen\/2013\/12\/12\/veckans-samlade-favoriter-fran-twitter-5\/#article\",\"isPartOf\":{\"@id\":\"https:\/\/blogg.svenskakyrkan.se\/vandravagen\/2013\/12\/12\/veckans-samlade-favoriter-fran-twitter-5\/\"},\"author\":{\"name\":\"Tomas Jarvid\",\"@id\":\"https:\/\/blogg.svenskakyrkan.se\/vandravagen\/#\/schema\/person\/25da02d4f76b137d04291711e2c9fc16\"},\"headline\":\"Veckans samlade favoriter fr\u00e5n twitter\",\"datePublished\":\"2013-12-12T07:00:00+00:00\",\"mainEntityOfPage\":{\"@id\":\"https:\/\/blogg.svenskakyrkan.se\/vandravagen\/2013\/12\/12\/veckans-samlade-favoriter-fran-twitter-5\/\"},\"wordCount\":230,\"commentCount\":0,\"publisher\":{\"@id\":\"https:\/\/blogg.svenskakyrkan.se\/vandravagen\/#organization\"},\"image\":{\"@id\":\"https:\/\/blogg.svenskakyrkan.se\/vandravagen\/2013\/12\/12\/veckans-samlade-favoriter-fran-twitter-5\/#primaryimage\"},\"thumbnailUrl\":\"http:\/\/4.bp.blogspot.com\/-S6Bo5SPNpRg\/UqjGZXvHkWI\/AAAAAAAAGK0\/fFREWOH6I0Q\/s400\/Ska%CC%88rmavbild+2013-12-11+kl.+21.01.42.png\",\"articleSection\":[\"Dagens Kyrka\",\"favorittweets\"],\"inLanguage\":\"sv-SE\",\"potentialAction\":[{\"@type\":\"CommentAction\",\"name\":\"Comment\",\"target\":[\"https:\/\/blogg.svenskakyrkan.se\/vandravagen\/2013\/12\/12\/veckans-samlade-favoriter-fran-twitter-5\/#respond\"]}]},{\"@type\":\"WebPage\",\"@id\":\"https:\/\/blogg.svenskakyrkan.se\/vandravagen\/2013\/12\/12\/veckans-samlade-favoriter-fran-twitter-5\/\",\"url\":\"https:\/\/blogg.svenskakyrkan.se\/vandravagen\/2013\/12\/12\/veckans-samlade-favoriter-fran-twitter-5\/\",\"name\":\"Veckans samlade favoriter fr\u00e5n twitter - Vandra V\u00e4gen\",\"isPartOf\":{\"@id\":\"https:\/\/blogg.svenskakyrkan.se\/vandravagen\/#website\"},\"primaryImageOfPage\":{\"@id\":\"https:\/\/blogg.svenskakyrkan.se\/vandravagen\/2013\/12\/12\/veckans-samlade-favoriter-fran-twitter-5\/#primaryimage\"},\"image\":{\"@id\":\"https:\/\/blogg.svenskakyrkan.se\/vandravagen\/2013\/12\/12\/veckans-samlade-favoriter-fran-twitter-5\/#primaryimage\"},\"thumbnailUrl\":\"http:\/\/4.bp.blogspot.com\/-S6Bo5SPNpRg\/UqjGZXvHkWI\/AAAAAAAAGK0\/fFREWOH6I0Q\/s400\/Ska%CC%88rmavbild+2013-12-11+kl.+21.01.42.png\",\"datePublished\":\"2013-12-12T07:00:00+00:00\",\"breadcrumb\":{\"@id\":\"https:\/\/blogg.svenskakyrkan.se\/vandravagen\/2013\/12\/12\/veckans-samlade-favoriter-fran-twitter-5\/#breadcrumb\"},\"inLanguage\":\"sv-SE\",\"potentialAction\":[{\"@type\":\"ReadAction\",\"target\":[\"https:\/\/blogg.svenskakyrkan.se\/vandravagen\/2013\/12\/12\/veckans-samlade-favoriter-fran-twitter-5\/\"]}]},{\"@type\":\"ImageObject\",\"inLanguage\":\"sv-SE\",\"@id\":\"https:\/\/blogg.svenskakyrkan.se\/vandravagen\/2013\/12\/12\/veckans-samlade-favoriter-fran-twitter-5\/#primaryimage\",\"url\":\"http:\/\/4.bp.blogspot.com\/-S6Bo5SPNpRg\/UqjGZXvHkWI\/AAAAAAAAGK0\/fFREWOH6I0Q\/s400\/Ska%CC%88rmavbild+2013-12-11+kl.+21.01.42.png\",\"contentUrl\":\"http:\/\/4.bp.blogspot.com\/-S6Bo5SPNpRg\/UqjGZXvHkWI\/AAAAAAAAGK0\/fFREWOH6I0Q\/s400\/Ska%CC%88rmavbild+2013-12-11+kl.+21.01.42.png\"},{\"@type\":\"BreadcrumbList\",\"@id\":\"https:\/\/blogg.svenskakyrkan.se\/vandravagen\/2013\/12\/12\/veckans-samlade-favoriter-fran-twitter-5\/#breadcrumb\",\"itemListElement\":[{\"@type\":\"ListItem\",\"position\":1,\"name\":\"Hem\",\"item\":\"https:\/\/blogg.svenskakyrkan.se\/vandravagen\/\"},{\"@type\":\"ListItem\",\"position\":2,\"name\":\"Veckans samlade favoriter fr\u00e5n twitter\"}]},{\"@type\":\"WebSite\",\"@id\":\"https:\/\/blogg.svenskakyrkan.se\/vandravagen\/#website\",\"url\":\"https:\/\/blogg.svenskakyrkan.se\/vandravagen\/\",\"name\":\"Vandra V\u00e4gen\",\"description\":\"-Mot en tro f\u00f6r hela livet\",\"publisher\":{\"@id\":\"https:\/\/blogg.svenskakyrkan.se\/vandravagen\/#organization\"},\"potentialAction\":[{\"@type\":\"SearchAction\",\"target\":{\"@type\":\"EntryPoint\",\"urlTemplate\":\"https:\/\/blogg.svenskakyrkan.se\/vandravagen\/?s={search_term_string}\"},\"query-input\":{\"@type\":\"PropertyValueSpecification\",\"valueRequired\":true,\"valueName\":\"search_term_string\"}}],\"inLanguage\":\"sv-SE\"},{\"@type\":\"Organization\",\"@id\":\"https:\/\/blogg.svenskakyrkan.se\/vandravagen\/#organization\",\"name\":\"ulricehamns pastorat\",\"alternateName\":\"ulricehamns pastorat\",\"url\":\"https:\/\/blogg.svenskakyrkan.se\/vandravagen\/\",\"logo\":{\"@type\":\"ImageObject\",\"inLanguage\":\"sv-SE\",\"@id\":\"https:\/\/blogg.svenskakyrkan.se\/vandravagen\/#\/schema\/logo\/image\/\",\"url\":\"https:\/\/blogg.svenskakyrkan.se\/vandravagen\/files\/2023\/05\/Ulr_logo_RGB.png\",\"contentUrl\":\"https:\/\/blogg.svenskakyrkan.se\/vandravagen\/files\/2023\/05\/Ulr_logo_RGB.png\",\"width\":205,\"height\":77,\"caption\":\"ulricehamns pastorat\"},\"image\":{\"@id\":\"https:\/\/blogg.svenskakyrkan.se\/vandravagen\/#\/schema\/logo\/image\/\"},\"sameAs\":[\"http:\/\/facebook.com\/vandravagen\",\"https:\/\/x.com\/fadertomas\",\"http:\/\/www.facebook.com\/svenskakyrkaniulricehamn\"]},{\"@type\":\"Person\",\"@id\":\"https:\/\/blogg.svenskakyrkan.se\/vandravagen\/#\/schema\/person\/25da02d4f76b137d04291711e2c9fc16\",\"name\":\"Tomas Jarvid\",\"image\":{\"@type\":\"ImageObject\",\"inLanguage\":\"sv-SE\",\"@id\":\"https:\/\/blogg.svenskakyrkan.se\/vandravagen\/#\/schema\/person\/image\/\",\"url\":\"https:\/\/secure.gravatar.com\/avatar\/7fa71899795e8f540f615a1f5ab25255dc27aa40f05ee7ddd21aac521e01bf50?s=96&d=identicon&r=g\",\"contentUrl\":\"https:\/\/secure.gravatar.com\/avatar\/7fa71899795e8f540f615a1f5ab25255dc27aa40f05ee7ddd21aac521e01bf50?s=96&d=identicon&r=g\",\"caption\":\"Tomas Jarvid\"},\"description\":\"Jag bor i Ulricehamn i V\u00e4sterg\u00f6tland och \u00e4r f\u00f6rsamlingspr\u00e4st i Svenska Kyrkan f\u00f6r Dalstorps f\u00f6rsamling i Kinds pastorat. P\u00e5 den h\u00e4r bloggen skriver jag ner tankar om vandringen som kristen.\",\"sameAs\":[\"http:\/\/www.vandravagen.se\"],\"url\":\"https:\/\/blogg.svenskakyrkan.se\/vandravagen\/author\/vandravagen\/\"}]}<\/script>\n<!-- \/ Yoast SEO plugin. -->","yoast_head_json":{"title":"Veckans samlade favoriter fr\u00e5n twitter - Vandra V\u00e4gen","robots":{"index":"index","follow":"follow","max-snippet":"max-snippet:-1","max-image-preview":"max-image-preview:large","max-video-preview":"max-video-preview:-1"},"canonical":"https:\/\/blogg.svenskakyrkan.se\/vandravagen\/2013\/12\/12\/veckans-samlade-favoriter-fran-twitter-5\/","og_locale":"sv_SE","og_type":"article","og_title":"Veckans samlade favoriter fr\u00e5n twitter - Vandra V\u00e4gen","og_description":"\u00c4ntligen dags igen f\u00f6r en veckas samlade fintweets. Det h\u00e4r \u00e4r de b\u00e4sta jag kunnat hitta, h\u00e5ll tillgodo med fyndiga, kloka och ett och annat uppbyggligt tweet! Kristna (?) tweets Det r\u00e4cker inte att ha en tro, den ska matas ocks\u00e5. Wilfrid Stinissen har avlidit. Jag k\u00e4nner honom som f\u00f6rfattare till fantastiska b\u00f6cker. L\u00e4s g\u00e4rna [&hellip;]","og_url":"https:\/\/blogg.svenskakyrkan.se\/vandravagen\/2013\/12\/12\/veckans-samlade-favoriter-fran-twitter-5\/","og_site_name":"Vandra V\u00e4gen","article_publisher":"http:\/\/facebook.com\/vandravagen","article_published_time":"2013-12-12T07:00:00+00:00","og_image":[{"url":"http:\/\/4.bp.blogspot.com\/-S6Bo5SPNpRg\/UqjGZXvHkWI\/AAAAAAAAGK0\/fFREWOH6I0Q\/s400\/Ska%CC%88rmavbild+2013-12-11+kl.+21.01.42.png","type":"","width":"","height":""}],"author":"Tomas Jarvid","twitter_card":"summary_large_image","twitter_creator":"@fadertomas","twitter_site":"@fadertomas","twitter_misc":{"Skriven av":"Tomas Jarvid","Ber\u00e4knad l\u00e4stid":"1 minut"},"schema":{"@context":"https:\/\/schema.org","@graph":[{"@type":"Article","@id":"https:\/\/blogg.svenskakyrkan.se\/vandravagen\/2013\/12\/12\/veckans-samlade-favoriter-fran-twitter-5\/#article","isPartOf":{"@id":"https:\/\/blogg.svenskakyrkan.se\/vandravagen\/2013\/12\/12\/veckans-samlade-favoriter-fran-twitter-5\/"},"author":{"name":"Tomas Jarvid","@id":"https:\/\/blogg.svenskakyrkan.se\/vandravagen\/#\/schema\/person\/25da02d4f76b137d04291711e2c9fc16"},"headline":"Veckans samlade favoriter fr\u00e5n twitter","datePublished":"2013-12-12T07:00:00+00:00","mainEntityOfPage":{"@id":"https:\/\/blogg.svenskakyrkan.se\/vandravagen\/2013\/12\/12\/veckans-samlade-favoriter-fran-twitter-5\/"},"wordCount":230,"commentCount":0,"publisher":{"@id":"https:\/\/blogg.svenskakyrkan.se\/vandravagen\/#organization"},"image":{"@id":"https:\/\/blogg.svenskakyrkan.se\/vandravagen\/2013\/12\/12\/veckans-samlade-favoriter-fran-twitter-5\/#primaryimage"},"thumbnailUrl":"http:\/\/4.bp.blogspot.com\/-S6Bo5SPNpRg\/UqjGZXvHkWI\/AAAAAAAAGK0\/fFREWOH6I0Q\/s400\/Ska%CC%88rmavbild+2013-12-11+kl.+21.01.42.png","articleSection":["Dagens Kyrka","favorittweets"],"inLanguage":"sv-SE","potentialAction":[{"@type":"CommentAction","name":"Comment","target":["https:\/\/blogg.svenskakyrkan.se\/vandravagen\/2013\/12\/12\/veckans-samlade-favoriter-fran-twitter-5\/#respond"]}]},{"@type":"WebPage","@id":"https:\/\/blogg.svenskakyrkan.se\/vandravagen\/2013\/12\/12\/veckans-samlade-favoriter-fran-twitter-5\/","url":"https:\/\/blogg.svenskakyrkan.se\/vandravagen\/2013\/12\/12\/veckans-samlade-favoriter-fran-twitter-5\/","name":"Veckans samlade favoriter fr\u00e5n twitter - Vandra V\u00e4gen","isPartOf":{"@id":"https:\/\/blogg.svenskakyrkan.se\/vandravagen\/#website"},"primaryImageOfPage":{"@id":"https:\/\/blogg.svenskakyrkan.se\/vandravagen\/2013\/12\/12\/veckans-samlade-favoriter-fran-twitter-5\/#primaryimage"},"image":{"@id":"https:\/\/blogg.svenskakyrkan.se\/vandravagen\/2013\/12\/12\/veckans-samlade-favoriter-fran-twitter-5\/#primaryimage"},"thumbnailUrl":"http:\/\/4.bp.blogspot.com\/-S6Bo5SPNpRg\/UqjGZXvHkWI\/AAAAAAAAGK0\/fFREWOH6I0Q\/s400\/Ska%CC%88rmavbild+2013-12-11+kl.+21.01.42.png","datePublished":"2013-12-12T07:00:00+00:00","breadcrumb":{"@id":"https:\/\/blogg.svenskakyrkan.se\/vandravagen\/2013\/12\/12\/veckans-samlade-favoriter-fran-twitter-5\/#breadcrumb"},"inLanguage":"sv-SE","potentialAction":[{"@type":"ReadAction","target":["https:\/\/blogg.svenskakyrkan.se\/vandravagen\/2013\/12\/12\/veckans-samlade-favoriter-fran-twitter-5\/"]}]},{"@type":"ImageObject","inLanguage":"sv-SE","@id":"https:\/\/blogg.svenskakyrkan.se\/vandravagen\/2013\/12\/12\/veckans-samlade-favoriter-fran-twitter-5\/#primaryimage","url":"http:\/\/4.bp.blogspot.com\/-S6Bo5SPNpRg\/UqjGZXvHkWI\/AAAAAAAAGK0\/fFREWOH6I0Q\/s400\/Ska%CC%88rmavbild+2013-12-11+kl.+21.01.42.png","contentUrl":"http:\/\/4.bp.blogspot.com\/-S6Bo5SPNpRg\/UqjGZXvHkWI\/AAAAAAAAGK0\/fFREWOH6I0Q\/s400\/Ska%CC%88rmavbild+2013-12-11+kl.+21.01.42.png"},{"@type":"BreadcrumbList","@id":"https:\/\/blogg.svenskakyrkan.se\/vandravagen\/2013\/12\/12\/veckans-samlade-favoriter-fran-twitter-5\/#breadcrumb","itemListElement":[{"@type":"ListItem","position":1,"name":"Hem","item":"https:\/\/blogg.svenskakyrkan.se\/vandravagen\/"},{"@type":"ListItem","position":2,"name":"Veckans samlade favoriter fr\u00e5n twitter"}]},{"@type":"WebSite","@id":"https:\/\/blogg.svenskakyrkan.se\/vandravagen\/#website","url":"https:\/\/blogg.svenskakyrkan.se\/vandravagen\/","name":"Vandra V\u00e4gen","description":"-Mot en tro f\u00f6r hela livet","publisher":{"@id":"https:\/\/blogg.svenskakyrkan.se\/vandravagen\/#organization"},"potentialAction":[{"@type":"SearchAction","target":{"@type":"EntryPoint","urlTemplate":"https:\/\/blogg.svenskakyrkan.se\/vandravagen\/?s={search_term_string}"},"query-input":{"@type":"PropertyValueSpecification","valueRequired":true,"valueName":"search_term_string"}}],"inLanguage":"sv-SE"},{"@type":"Organization","@id":"https:\/\/blogg.svenskakyrkan.se\/vandravagen\/#organization","name":"ulricehamns pastorat","alternateName":"ulricehamns pastorat","url":"https:\/\/blogg.svenskakyrkan.se\/vandravagen\/","logo":{"@type":"ImageObject","inLanguage":"sv-SE","@id":"https:\/\/blogg.svenskakyrkan.se\/vandravagen\/#\/schema\/logo\/image\/","url":"https:\/\/blogg.svenskakyrkan.se\/vandravagen\/files\/2023\/05\/Ulr_logo_RGB.png","contentUrl":"https:\/\/blogg.svenskakyrkan.se\/vandravagen\/files\/2023\/05\/Ulr_logo_RGB.png","width":205,"height":77,"caption":"ulricehamns pastorat"},"image":{"@id":"https:\/\/blogg.svenskakyrkan.se\/vandravagen\/#\/schema\/logo\/image\/"},"sameAs":["http:\/\/facebook.com\/vandravagen","https:\/\/x.com\/fadertomas","http:\/\/www.facebook.com\/svenskakyrkaniulricehamn"]},{"@type":"Person","@id":"https:\/\/blogg.svenskakyrkan.se\/vandravagen\/#\/schema\/person\/25da02d4f76b137d04291711e2c9fc16","name":"Tomas Jarvid","image":{"@type":"ImageObject","inLanguage":"sv-SE","@id":"https:\/\/blogg.svenskakyrkan.se\/vandravagen\/#\/schema\/person\/image\/","url":"https:\/\/secure.gravatar.com\/avatar\/7fa71899795e8f540f615a1f5ab25255dc27aa40f05ee7ddd21aac521e01bf50?s=96&d=identicon&r=g","contentUrl":"https:\/\/secure.gravatar.com\/avatar\/7fa71899795e8f540f615a1f5ab25255dc27aa40f05ee7ddd21aac521e01bf50?s=96&d=identicon&r=g","caption":"Tomas Jarvid"},"description":"Jag bor i Ulricehamn i V\u00e4sterg\u00f6tland och \u00e4r f\u00f6rsamlingspr\u00e4st i Svenska Kyrkan f\u00f6r Dalstorps f\u00f6rsamling i Kinds pastorat. P\u00e5 den h\u00e4r bloggen skriver jag ner tankar om vandringen som kristen.","sameAs":["http:\/\/www.vandravagen.se"],"url":"https:\/\/blogg.svenskakyrkan.se\/vandravagen\/author\/vandravagen\/"}]}},"author_meta":{"ID":"392","user_nicename":"vandravagen","user_url":"http:\/\/www.vandravagen.se","user_registered":"2014-05-19 05:44:52","display_name":"Tomas Jarvid","first_name":"Tomas","last_name":"Jarvid","avatar":"https:\/\/secure.gravatar.com\/avatar\/7fa71899795e8f540f615a1f5ab25255dc27aa40f05ee7ddd21aac521e01bf50?s=96&d=identicon&r=g"},"featured_image":false,"bloginfo":{"name":"Vandra V\u00e4gen","url":"https:\/\/blogg.svenskakyrkan.se\/vandravagen"},"_links":{"self":[{"href":"https:\/\/blogg.svenskakyrkan.se\/vandravagen\/wp-json\/wp\/v2\/posts\/246","targetHints":{"allow":["GET"]}}],"collection":[{"href":"https:\/\/blogg.svenskakyrkan.se\/vandravagen\/wp-json\/wp\/v2\/posts"}],"about":[{"href":"https:\/\/blogg.svenskakyrkan.se\/vandravagen\/wp-json\/wp\/v2\/types\/post"}],"author":[{"embeddable":true,"href":"https:\/\/blogg.svenskakyrkan.se\/vandravagen\/wp-json\/wp\/v2\/users\/392"}],"replies":[{"embeddable":true,"href":"https:\/\/blogg.svenskakyrkan.se\/vandravagen\/wp-json\/wp\/v2\/comments?post=246"}],"version-history":[{"count":0,"href":"https:\/\/blogg.svenskakyrkan.se\/vandravagen\/wp-json\/wp\/v2\/posts\/246\/revisions"}],"wp:attachment":[{"href":"https:\/\/blogg.svenskakyrkan.se\/vandravagen\/wp-json\/wp\/v2\/media?parent=246"}],"wp:term":[{"taxonomy":"category","embeddable":true,"href":"https:\/\/blogg.svenskakyrkan.se\/vandravagen\/wp-json\/wp\/v2\/categories?post=246"},{"taxonomy":"post_tag","embeddable":true,"href":"https:\/\/blogg.svenskakyrkan.se\/vandravagen\/wp-json\/wp\/v2\/tags?post=246"}],"curies":[{"name":"wp","href":"https:\/\/api.w.org\/{rel}","templated":true}]}}