{"id":247,"date":"2013-12-11T10:38:00","date_gmt":"2013-12-11T09:38:00","guid":{"rendered":"http:\/\/blogg.svenskakyrkan.se\/vandravagen\/2013\/12\/11\/det-susar-genom-livets-str-vada-skulle-livet-vara-en-strid\/"},"modified":"2013-12-11T10:38:00","modified_gmt":"2013-12-11T09:38:00","slug":"det-susar-genom-livets-str-vada-skulle-livet-vara-en-strid","status":"publish","type":"post","link":"https:\/\/blogg.svenskakyrkan.se\/vandravagen\/2013\/12\/11\/det-susar-genom-livets-str-vada-skulle-livet-vara-en-strid\/","title":{"rendered":"Det susar genom livets str&#8230; Vad\u00e5 skulle livet vara en strid?"},"content":{"rendered":"<table align=\"center\" cellpadding=\"0\" cellspacing=\"0\">\n<tbody>\n<tr>\n<td><a href=\"http:\/\/1.bp.blogspot.com\/-JWJPATxKIpc\/UqgjhuVaPdI\/AAAAAAAAGHg\/IdTTYA_V_xs\/s1600\/IMG_2698.JPG\"><img loading=\"lazy\" decoding=\"async\" border=\"0\" height=\"506\" src=\"http:\/\/1.bp.blogspot.com\/-JWJPATxKIpc\/UqgjhuVaPdI\/AAAAAAAAGHg\/IdTTYA_V_xs\/s640\/IMG_2698.JPG\" width=\"640\"><\/a><\/td>\n<\/tr>\n<tr>\n<td>Jod\u00e5, livet \u00e4r en strid, s\u00e4rskilt f\u00f6r dessa gamla samurajer fr\u00e5n 1800-talet.<\/td>\n<\/tr>\n<\/tbody>\n<\/table>\n<p>I en av v\u00e5ra adventspsalmer sjunger vi &#8221;Det susar genom livets strid, en doft av himmelrikets frid&#8221;.<\/p>\n<p>Jag l\u00e4ste nyligen om ungas oh\u00e4lsa. Det verkar som att b\u00e5de psykisk och fysisk h\u00e4lsa alltj\u00e4mt \u00f6kar f\u00f6r n\u00e4stan alla grupper i samh\u00e4llet. Utom just n\u00e4r det g\u00e4ller ungas psykiska h\u00e4lsa. Man kan undra vad det beror p\u00e5. Ofta s\u00e4gs det att samh\u00e4llet blivit h\u00e5rdare men n\u00e4r man talar med gamla m\u00e4nniskor om vilka p\u00e5frestningar livet inneh\u00f6ll f\u00f6r inte s\u00e5 l\u00e4nge sedan s\u00e5 undrar man om det verkligen st\u00e4mmer. Vad \u00e4r det d\u00e5 som g\u00f6r att unga m\u00e5r s\u00e5 d\u00e5ligt? Det ryktas (vad vet jag?) om att en del unga har sv\u00e5rt att tackla \u00e4ven normala motg\u00e5ngar (som att flickv\u00e4nnen g\u00f6r slut) utan att s\u00f6ka psykiatrisk hj\u00e4lp. Om det \u00e4r s\u00e5 tyder det i f\u00f6rsta hand p\u00e5 d\u00e5lig beredskap f\u00f6r motg\u00e5ngar?<\/p>\n<p>En stor del av det att unga m\u00e5r d\u00e5ligt kanske \u00e4r att vi ocks\u00e5 kan m\u00e5 d\u00e5ligt av att m\u00e5 d\u00e5ligt eftersom det inte st\u00e4mmer med v\u00e5ra f\u00f6rv\u00e4ntningar?<\/p>\n<p>N\u00e4r jag sjungit om himmelrikets frid som susar genom livets strid har jag t\u00e4nkt att det kanske \u00e4r ganska obegripliga ord f\u00f6r m\u00e5nga. Inte f\u00f6r att betydelsen i sig \u00e4r sv\u00e5rbegriplig utan f\u00f6r att man inte i f\u00f6rsta hand t\u00e4nker sig att livet ska vara en strid? Unga f\u00e5r l\u00e4ra sig att allt \u00e4r m\u00f6jligt och ser dessutom m\u00e4ngder av dr\u00f6mbilder av tillvaron via media. Det blir kanske sv\u00e5rare \u00e4n f\u00f6r n\u00e5gon tidigare generation att f\u00f6rv\u00e4nta sig att livet inneh\u00e5ller mycket sv\u00e5righeter? F\u00f6r de som nu \u00e4r gamla var livets begr\u00e4nsningar ofta alltf\u00f6r givna.<\/p>\n<p>Det h\u00e4r kan man fundera p\u00e5 i vinterm\u00f6rkret. Det g\u00e4ller nog inte bara unga utan vi m\u00e5ste alla fundera p\u00e5 vad som \u00e4r rimliga (inte f\u00f6r h\u00f6ga men inte heller f\u00f6r l\u00e5ga) f\u00f6rv\u00e4ntningar p\u00e5 tillvaron. D\u00e5 kan pressen p\u00e5 livet l\u00e4tta. Och trots allt \u00e4r det ocks\u00e5 s\u00e5 att det susar ett rykte genom livets strid ocks\u00e5. Om att v\u00e5rt liv inte beror helt p\u00e5 hur vi sj\u00e4lva bygger det.<\/p>\n<p>Hur t\u00e4nker du om detta? Skriv en kommentar!<\/p>\n","protected":false},"excerpt":{"rendered":"<p>Jod\u00e5, livet \u00e4r en strid, s\u00e4rskilt f\u00f6r dessa gamla samurajer fr\u00e5n 1800-talet. I en av v\u00e5ra adventspsalmer sjunger vi &#8221;Det susar genom livets strid, en doft av himmelrikets frid&#8221;. Jag l\u00e4ste nyligen om ungas oh\u00e4lsa. Det verkar som att b\u00e5de psykisk och fysisk h\u00e4lsa alltj\u00e4mt \u00f6kar f\u00f6r n\u00e4stan alla grupper i samh\u00e4llet. Utom just n\u00e4r [&hellip;]<\/p>\n","protected":false},"author":392,"featured_media":0,"comment_status":"open","ping_status":"open","sticky":false,"template":"","format":"standard","meta":{"_acf_changed":false,"footnotes":""},"categories":[76189,8252,77554],"tags":[],"class_list":["post-247","post","type-post","status-publish","format-standard","hentry","category-dagens-kyrka","category-kyrkoaret","category-vara-manniska"],"acf":[],"yoast_head":"<!-- This site is optimized with the Yoast SEO plugin v27.1.1 - https:\/\/yoast.com\/product\/yoast-seo-wordpress\/ -->\n<title>Det susar genom livets str... Vad\u00e5 skulle livet vara en strid? - Vandra V\u00e4gen<\/title>\n<meta name=\"robots\" content=\"index, follow, max-snippet:-1, max-image-preview:large, max-video-preview:-1\" \/>\n<link rel=\"canonical\" href=\"https:\/\/blogg.svenskakyrkan.se\/vandravagen\/2013\/12\/11\/det-susar-genom-livets-str-vada-skulle-livet-vara-en-strid\/\" \/>\n<meta property=\"og:locale\" content=\"sv_SE\" \/>\n<meta property=\"og:type\" content=\"article\" \/>\n<meta property=\"og:title\" content=\"Det susar genom livets str... Vad\u00e5 skulle livet vara en strid? - Vandra V\u00e4gen\" \/>\n<meta property=\"og:description\" content=\"Jod\u00e5, livet \u00e4r en strid, s\u00e4rskilt f\u00f6r dessa gamla samurajer fr\u00e5n 1800-talet. I en av v\u00e5ra adventspsalmer sjunger vi &#8221;Det susar genom livets strid, en doft av himmelrikets frid&#8221;. Jag l\u00e4ste nyligen om ungas oh\u00e4lsa. Det verkar som att b\u00e5de psykisk och fysisk h\u00e4lsa alltj\u00e4mt \u00f6kar f\u00f6r n\u00e4stan alla grupper i samh\u00e4llet. Utom just n\u00e4r [&hellip;]\" \/>\n<meta property=\"og:url\" content=\"https:\/\/blogg.svenskakyrkan.se\/vandravagen\/2013\/12\/11\/det-susar-genom-livets-str-vada-skulle-livet-vara-en-strid\/\" \/>\n<meta property=\"og:site_name\" content=\"Vandra V\u00e4gen\" \/>\n<meta property=\"article:publisher\" content=\"http:\/\/facebook.com\/vandravagen\" \/>\n<meta property=\"article:published_time\" content=\"2013-12-11T09:38:00+00:00\" \/>\n<meta property=\"og:image\" content=\"http:\/\/1.bp.blogspot.com\/-JWJPATxKIpc\/UqgjhuVaPdI\/AAAAAAAAGHg\/IdTTYA_V_xs\/s640\/IMG_2698.JPG\" \/>\n<meta name=\"author\" content=\"Tomas Jarvid\" \/>\n<meta name=\"twitter:card\" content=\"summary_large_image\" \/>\n<meta name=\"twitter:creator\" content=\"@fadertomas\" \/>\n<meta name=\"twitter:site\" content=\"@fadertomas\" \/>\n<meta name=\"twitter:label1\" content=\"Skriven av\" \/>\n\t<meta name=\"twitter:data1\" content=\"Tomas Jarvid\" \/>\n\t<meta name=\"twitter:label2\" content=\"Ber\u00e4knad l\u00e4stid\" \/>\n\t<meta name=\"twitter:data2\" content=\"2 minuter\" \/>\n<script type=\"application\/ld+json\" class=\"yoast-schema-graph\">{\"@context\":\"https:\/\/schema.org\",\"@graph\":[{\"@type\":\"Article\",\"@id\":\"https:\/\/blogg.svenskakyrkan.se\/vandravagen\/2013\/12\/11\/det-susar-genom-livets-str-vada-skulle-livet-vara-en-strid\/#article\",\"isPartOf\":{\"@id\":\"https:\/\/blogg.svenskakyrkan.se\/vandravagen\/2013\/12\/11\/det-susar-genom-livets-str-vada-skulle-livet-vara-en-strid\/\"},\"author\":{\"name\":\"Tomas Jarvid\",\"@id\":\"https:\/\/blogg.svenskakyrkan.se\/vandravagen\/#\/schema\/person\/25da02d4f76b137d04291711e2c9fc16\"},\"headline\":\"Det susar genom livets str&#8230; Vad\u00e5 skulle livet vara en strid?\",\"datePublished\":\"2013-12-11T09:38:00+00:00\",\"mainEntityOfPage\":{\"@id\":\"https:\/\/blogg.svenskakyrkan.se\/vandravagen\/2013\/12\/11\/det-susar-genom-livets-str-vada-skulle-livet-vara-en-strid\/\"},\"wordCount\":445,\"commentCount\":3,\"publisher\":{\"@id\":\"https:\/\/blogg.svenskakyrkan.se\/vandravagen\/#organization\"},\"image\":{\"@id\":\"https:\/\/blogg.svenskakyrkan.se\/vandravagen\/2013\/12\/11\/det-susar-genom-livets-str-vada-skulle-livet-vara-en-strid\/#primaryimage\"},\"thumbnailUrl\":\"http:\/\/1.bp.blogspot.com\/-JWJPATxKIpc\/UqgjhuVaPdI\/AAAAAAAAGHg\/IdTTYA_V_xs\/s640\/IMG_2698.JPG\",\"articleSection\":[\"Dagens Kyrka\",\"kyrko\u00e5ret\",\"vara m\u00e4nniska\"],\"inLanguage\":\"sv-SE\",\"potentialAction\":[{\"@type\":\"CommentAction\",\"name\":\"Comment\",\"target\":[\"https:\/\/blogg.svenskakyrkan.se\/vandravagen\/2013\/12\/11\/det-susar-genom-livets-str-vada-skulle-livet-vara-en-strid\/#respond\"]}]},{\"@type\":\"WebPage\",\"@id\":\"https:\/\/blogg.svenskakyrkan.se\/vandravagen\/2013\/12\/11\/det-susar-genom-livets-str-vada-skulle-livet-vara-en-strid\/\",\"url\":\"https:\/\/blogg.svenskakyrkan.se\/vandravagen\/2013\/12\/11\/det-susar-genom-livets-str-vada-skulle-livet-vara-en-strid\/\",\"name\":\"Det susar genom livets str... Vad\u00e5 skulle livet vara en strid? - Vandra V\u00e4gen\",\"isPartOf\":{\"@id\":\"https:\/\/blogg.svenskakyrkan.se\/vandravagen\/#website\"},\"primaryImageOfPage\":{\"@id\":\"https:\/\/blogg.svenskakyrkan.se\/vandravagen\/2013\/12\/11\/det-susar-genom-livets-str-vada-skulle-livet-vara-en-strid\/#primaryimage\"},\"image\":{\"@id\":\"https:\/\/blogg.svenskakyrkan.se\/vandravagen\/2013\/12\/11\/det-susar-genom-livets-str-vada-skulle-livet-vara-en-strid\/#primaryimage\"},\"thumbnailUrl\":\"http:\/\/1.bp.blogspot.com\/-JWJPATxKIpc\/UqgjhuVaPdI\/AAAAAAAAGHg\/IdTTYA_V_xs\/s640\/IMG_2698.JPG\",\"datePublished\":\"2013-12-11T09:38:00+00:00\",\"breadcrumb\":{\"@id\":\"https:\/\/blogg.svenskakyrkan.se\/vandravagen\/2013\/12\/11\/det-susar-genom-livets-str-vada-skulle-livet-vara-en-strid\/#breadcrumb\"},\"inLanguage\":\"sv-SE\",\"potentialAction\":[{\"@type\":\"ReadAction\",\"target\":[\"https:\/\/blogg.svenskakyrkan.se\/vandravagen\/2013\/12\/11\/det-susar-genom-livets-str-vada-skulle-livet-vara-en-strid\/\"]}]},{\"@type\":\"ImageObject\",\"inLanguage\":\"sv-SE\",\"@id\":\"https:\/\/blogg.svenskakyrkan.se\/vandravagen\/2013\/12\/11\/det-susar-genom-livets-str-vada-skulle-livet-vara-en-strid\/#primaryimage\",\"url\":\"http:\/\/1.bp.blogspot.com\/-JWJPATxKIpc\/UqgjhuVaPdI\/AAAAAAAAGHg\/IdTTYA_V_xs\/s640\/IMG_2698.JPG\",\"contentUrl\":\"http:\/\/1.bp.blogspot.com\/-JWJPATxKIpc\/UqgjhuVaPdI\/AAAAAAAAGHg\/IdTTYA_V_xs\/s640\/IMG_2698.JPG\"},{\"@type\":\"BreadcrumbList\",\"@id\":\"https:\/\/blogg.svenskakyrkan.se\/vandravagen\/2013\/12\/11\/det-susar-genom-livets-str-vada-skulle-livet-vara-en-strid\/#breadcrumb\",\"itemListElement\":[{\"@type\":\"ListItem\",\"position\":1,\"name\":\"Hem\",\"item\":\"https:\/\/blogg.svenskakyrkan.se\/vandravagen\/\"},{\"@type\":\"ListItem\",\"position\":2,\"name\":\"Det susar genom livets str&#8230; Vad\u00e5 skulle livet vara en strid?\"}]},{\"@type\":\"WebSite\",\"@id\":\"https:\/\/blogg.svenskakyrkan.se\/vandravagen\/#website\",\"url\":\"https:\/\/blogg.svenskakyrkan.se\/vandravagen\/\",\"name\":\"Vandra V\u00e4gen\",\"description\":\"-Mot en tro f\u00f6r hela livet\",\"publisher\":{\"@id\":\"https:\/\/blogg.svenskakyrkan.se\/vandravagen\/#organization\"},\"potentialAction\":[{\"@type\":\"SearchAction\",\"target\":{\"@type\":\"EntryPoint\",\"urlTemplate\":\"https:\/\/blogg.svenskakyrkan.se\/vandravagen\/?s={search_term_string}\"},\"query-input\":{\"@type\":\"PropertyValueSpecification\",\"valueRequired\":true,\"valueName\":\"search_term_string\"}}],\"inLanguage\":\"sv-SE\"},{\"@type\":\"Organization\",\"@id\":\"https:\/\/blogg.svenskakyrkan.se\/vandravagen\/#organization\",\"name\":\"ulricehamns pastorat\",\"alternateName\":\"ulricehamns pastorat\",\"url\":\"https:\/\/blogg.svenskakyrkan.se\/vandravagen\/\",\"logo\":{\"@type\":\"ImageObject\",\"inLanguage\":\"sv-SE\",\"@id\":\"https:\/\/blogg.svenskakyrkan.se\/vandravagen\/#\/schema\/logo\/image\/\",\"url\":\"https:\/\/blogg.svenskakyrkan.se\/vandravagen\/files\/2023\/05\/Ulr_logo_RGB.png\",\"contentUrl\":\"https:\/\/blogg.svenskakyrkan.se\/vandravagen\/files\/2023\/05\/Ulr_logo_RGB.png\",\"width\":205,\"height\":77,\"caption\":\"ulricehamns pastorat\"},\"image\":{\"@id\":\"https:\/\/blogg.svenskakyrkan.se\/vandravagen\/#\/schema\/logo\/image\/\"},\"sameAs\":[\"http:\/\/facebook.com\/vandravagen\",\"https:\/\/x.com\/fadertomas\",\"http:\/\/www.facebook.com\/svenskakyrkaniulricehamn\"]},{\"@type\":\"Person\",\"@id\":\"https:\/\/blogg.svenskakyrkan.se\/vandravagen\/#\/schema\/person\/25da02d4f76b137d04291711e2c9fc16\",\"name\":\"Tomas Jarvid\",\"image\":{\"@type\":\"ImageObject\",\"inLanguage\":\"sv-SE\",\"@id\":\"https:\/\/blogg.svenskakyrkan.se\/vandravagen\/#\/schema\/person\/image\/\",\"url\":\"https:\/\/secure.gravatar.com\/avatar\/7fa71899795e8f540f615a1f5ab25255dc27aa40f05ee7ddd21aac521e01bf50?s=96&d=identicon&r=g\",\"contentUrl\":\"https:\/\/secure.gravatar.com\/avatar\/7fa71899795e8f540f615a1f5ab25255dc27aa40f05ee7ddd21aac521e01bf50?s=96&d=identicon&r=g\",\"caption\":\"Tomas Jarvid\"},\"description\":\"Jag bor i Ulricehamn i V\u00e4sterg\u00f6tland och \u00e4r f\u00f6rsamlingspr\u00e4st i Svenska Kyrkan f\u00f6r Dalstorps f\u00f6rsamling i Kinds pastorat. P\u00e5 den h\u00e4r bloggen skriver jag ner tankar om vandringen som kristen.\",\"sameAs\":[\"http:\/\/www.vandravagen.se\"],\"url\":\"https:\/\/blogg.svenskakyrkan.se\/vandravagen\/author\/vandravagen\/\"}]}<\/script>\n<!-- \/ Yoast SEO plugin. -->","yoast_head_json":{"title":"Det susar genom livets str... Vad\u00e5 skulle livet vara en strid? - Vandra V\u00e4gen","robots":{"index":"index","follow":"follow","max-snippet":"max-snippet:-1","max-image-preview":"max-image-preview:large","max-video-preview":"max-video-preview:-1"},"canonical":"https:\/\/blogg.svenskakyrkan.se\/vandravagen\/2013\/12\/11\/det-susar-genom-livets-str-vada-skulle-livet-vara-en-strid\/","og_locale":"sv_SE","og_type":"article","og_title":"Det susar genom livets str... Vad\u00e5 skulle livet vara en strid? - Vandra V\u00e4gen","og_description":"Jod\u00e5, livet \u00e4r en strid, s\u00e4rskilt f\u00f6r dessa gamla samurajer fr\u00e5n 1800-talet. I en av v\u00e5ra adventspsalmer sjunger vi &#8221;Det susar genom livets strid, en doft av himmelrikets frid&#8221;. Jag l\u00e4ste nyligen om ungas oh\u00e4lsa. Det verkar som att b\u00e5de psykisk och fysisk h\u00e4lsa alltj\u00e4mt \u00f6kar f\u00f6r n\u00e4stan alla grupper i samh\u00e4llet. Utom just n\u00e4r [&hellip;]","og_url":"https:\/\/blogg.svenskakyrkan.se\/vandravagen\/2013\/12\/11\/det-susar-genom-livets-str-vada-skulle-livet-vara-en-strid\/","og_site_name":"Vandra V\u00e4gen","article_publisher":"http:\/\/facebook.com\/vandravagen","article_published_time":"2013-12-11T09:38:00+00:00","og_image":[{"url":"http:\/\/1.bp.blogspot.com\/-JWJPATxKIpc\/UqgjhuVaPdI\/AAAAAAAAGHg\/IdTTYA_V_xs\/s640\/IMG_2698.JPG","type":"","width":"","height":""}],"author":"Tomas Jarvid","twitter_card":"summary_large_image","twitter_creator":"@fadertomas","twitter_site":"@fadertomas","twitter_misc":{"Skriven av":"Tomas Jarvid","Ber\u00e4knad l\u00e4stid":"2 minuter"},"schema":{"@context":"https:\/\/schema.org","@graph":[{"@type":"Article","@id":"https:\/\/blogg.svenskakyrkan.se\/vandravagen\/2013\/12\/11\/det-susar-genom-livets-str-vada-skulle-livet-vara-en-strid\/#article","isPartOf":{"@id":"https:\/\/blogg.svenskakyrkan.se\/vandravagen\/2013\/12\/11\/det-susar-genom-livets-str-vada-skulle-livet-vara-en-strid\/"},"author":{"name":"Tomas Jarvid","@id":"https:\/\/blogg.svenskakyrkan.se\/vandravagen\/#\/schema\/person\/25da02d4f76b137d04291711e2c9fc16"},"headline":"Det susar genom livets str&#8230; Vad\u00e5 skulle livet vara en strid?","datePublished":"2013-12-11T09:38:00+00:00","mainEntityOfPage":{"@id":"https:\/\/blogg.svenskakyrkan.se\/vandravagen\/2013\/12\/11\/det-susar-genom-livets-str-vada-skulle-livet-vara-en-strid\/"},"wordCount":445,"commentCount":3,"publisher":{"@id":"https:\/\/blogg.svenskakyrkan.se\/vandravagen\/#organization"},"image":{"@id":"https:\/\/blogg.svenskakyrkan.se\/vandravagen\/2013\/12\/11\/det-susar-genom-livets-str-vada-skulle-livet-vara-en-strid\/#primaryimage"},"thumbnailUrl":"http:\/\/1.bp.blogspot.com\/-JWJPATxKIpc\/UqgjhuVaPdI\/AAAAAAAAGHg\/IdTTYA_V_xs\/s640\/IMG_2698.JPG","articleSection":["Dagens Kyrka","kyrko\u00e5ret","vara m\u00e4nniska"],"inLanguage":"sv-SE","potentialAction":[{"@type":"CommentAction","name":"Comment","target":["https:\/\/blogg.svenskakyrkan.se\/vandravagen\/2013\/12\/11\/det-susar-genom-livets-str-vada-skulle-livet-vara-en-strid\/#respond"]}]},{"@type":"WebPage","@id":"https:\/\/blogg.svenskakyrkan.se\/vandravagen\/2013\/12\/11\/det-susar-genom-livets-str-vada-skulle-livet-vara-en-strid\/","url":"https:\/\/blogg.svenskakyrkan.se\/vandravagen\/2013\/12\/11\/det-susar-genom-livets-str-vada-skulle-livet-vara-en-strid\/","name":"Det susar genom livets str... Vad\u00e5 skulle livet vara en strid? - Vandra V\u00e4gen","isPartOf":{"@id":"https:\/\/blogg.svenskakyrkan.se\/vandravagen\/#website"},"primaryImageOfPage":{"@id":"https:\/\/blogg.svenskakyrkan.se\/vandravagen\/2013\/12\/11\/det-susar-genom-livets-str-vada-skulle-livet-vara-en-strid\/#primaryimage"},"image":{"@id":"https:\/\/blogg.svenskakyrkan.se\/vandravagen\/2013\/12\/11\/det-susar-genom-livets-str-vada-skulle-livet-vara-en-strid\/#primaryimage"},"thumbnailUrl":"http:\/\/1.bp.blogspot.com\/-JWJPATxKIpc\/UqgjhuVaPdI\/AAAAAAAAGHg\/IdTTYA_V_xs\/s640\/IMG_2698.JPG","datePublished":"2013-12-11T09:38:00+00:00","breadcrumb":{"@id":"https:\/\/blogg.svenskakyrkan.se\/vandravagen\/2013\/12\/11\/det-susar-genom-livets-str-vada-skulle-livet-vara-en-strid\/#breadcrumb"},"inLanguage":"sv-SE","potentialAction":[{"@type":"ReadAction","target":["https:\/\/blogg.svenskakyrkan.se\/vandravagen\/2013\/12\/11\/det-susar-genom-livets-str-vada-skulle-livet-vara-en-strid\/"]}]},{"@type":"ImageObject","inLanguage":"sv-SE","@id":"https:\/\/blogg.svenskakyrkan.se\/vandravagen\/2013\/12\/11\/det-susar-genom-livets-str-vada-skulle-livet-vara-en-strid\/#primaryimage","url":"http:\/\/1.bp.blogspot.com\/-JWJPATxKIpc\/UqgjhuVaPdI\/AAAAAAAAGHg\/IdTTYA_V_xs\/s640\/IMG_2698.JPG","contentUrl":"http:\/\/1.bp.blogspot.com\/-JWJPATxKIpc\/UqgjhuVaPdI\/AAAAAAAAGHg\/IdTTYA_V_xs\/s640\/IMG_2698.JPG"},{"@type":"BreadcrumbList","@id":"https:\/\/blogg.svenskakyrkan.se\/vandravagen\/2013\/12\/11\/det-susar-genom-livets-str-vada-skulle-livet-vara-en-strid\/#breadcrumb","itemListElement":[{"@type":"ListItem","position":1,"name":"Hem","item":"https:\/\/blogg.svenskakyrkan.se\/vandravagen\/"},{"@type":"ListItem","position":2,"name":"Det susar genom livets str&#8230; Vad\u00e5 skulle livet vara en strid?"}]},{"@type":"WebSite","@id":"https:\/\/blogg.svenskakyrkan.se\/vandravagen\/#website","url":"https:\/\/blogg.svenskakyrkan.se\/vandravagen\/","name":"Vandra V\u00e4gen","description":"-Mot en tro f\u00f6r hela livet","publisher":{"@id":"https:\/\/blogg.svenskakyrkan.se\/vandravagen\/#organization"},"potentialAction":[{"@type":"SearchAction","target":{"@type":"EntryPoint","urlTemplate":"https:\/\/blogg.svenskakyrkan.se\/vandravagen\/?s={search_term_string}"},"query-input":{"@type":"PropertyValueSpecification","valueRequired":true,"valueName":"search_term_string"}}],"inLanguage":"sv-SE"},{"@type":"Organization","@id":"https:\/\/blogg.svenskakyrkan.se\/vandravagen\/#organization","name":"ulricehamns pastorat","alternateName":"ulricehamns pastorat","url":"https:\/\/blogg.svenskakyrkan.se\/vandravagen\/","logo":{"@type":"ImageObject","inLanguage":"sv-SE","@id":"https:\/\/blogg.svenskakyrkan.se\/vandravagen\/#\/schema\/logo\/image\/","url":"https:\/\/blogg.svenskakyrkan.se\/vandravagen\/files\/2023\/05\/Ulr_logo_RGB.png","contentUrl":"https:\/\/blogg.svenskakyrkan.se\/vandravagen\/files\/2023\/05\/Ulr_logo_RGB.png","width":205,"height":77,"caption":"ulricehamns pastorat"},"image":{"@id":"https:\/\/blogg.svenskakyrkan.se\/vandravagen\/#\/schema\/logo\/image\/"},"sameAs":["http:\/\/facebook.com\/vandravagen","https:\/\/x.com\/fadertomas","http:\/\/www.facebook.com\/svenskakyrkaniulricehamn"]},{"@type":"Person","@id":"https:\/\/blogg.svenskakyrkan.se\/vandravagen\/#\/schema\/person\/25da02d4f76b137d04291711e2c9fc16","name":"Tomas Jarvid","image":{"@type":"ImageObject","inLanguage":"sv-SE","@id":"https:\/\/blogg.svenskakyrkan.se\/vandravagen\/#\/schema\/person\/image\/","url":"https:\/\/secure.gravatar.com\/avatar\/7fa71899795e8f540f615a1f5ab25255dc27aa40f05ee7ddd21aac521e01bf50?s=96&d=identicon&r=g","contentUrl":"https:\/\/secure.gravatar.com\/avatar\/7fa71899795e8f540f615a1f5ab25255dc27aa40f05ee7ddd21aac521e01bf50?s=96&d=identicon&r=g","caption":"Tomas Jarvid"},"description":"Jag bor i Ulricehamn i V\u00e4sterg\u00f6tland och \u00e4r f\u00f6rsamlingspr\u00e4st i Svenska Kyrkan f\u00f6r Dalstorps f\u00f6rsamling i Kinds pastorat. P\u00e5 den h\u00e4r bloggen skriver jag ner tankar om vandringen som kristen.","sameAs":["http:\/\/www.vandravagen.se"],"url":"https:\/\/blogg.svenskakyrkan.se\/vandravagen\/author\/vandravagen\/"}]}},"author_meta":{"ID":"392","user_nicename":"vandravagen","user_url":"http:\/\/www.vandravagen.se","user_registered":"2014-05-19 05:44:52","display_name":"Tomas Jarvid","first_name":"Tomas","last_name":"Jarvid","avatar":"https:\/\/secure.gravatar.com\/avatar\/7fa71899795e8f540f615a1f5ab25255dc27aa40f05ee7ddd21aac521e01bf50?s=96&d=identicon&r=g"},"featured_image":false,"bloginfo":{"name":"Vandra V\u00e4gen","url":"https:\/\/blogg.svenskakyrkan.se\/vandravagen"},"_links":{"self":[{"href":"https:\/\/blogg.svenskakyrkan.se\/vandravagen\/wp-json\/wp\/v2\/posts\/247","targetHints":{"allow":["GET"]}}],"collection":[{"href":"https:\/\/blogg.svenskakyrkan.se\/vandravagen\/wp-json\/wp\/v2\/posts"}],"about":[{"href":"https:\/\/blogg.svenskakyrkan.se\/vandravagen\/wp-json\/wp\/v2\/types\/post"}],"author":[{"embeddable":true,"href":"https:\/\/blogg.svenskakyrkan.se\/vandravagen\/wp-json\/wp\/v2\/users\/392"}],"replies":[{"embeddable":true,"href":"https:\/\/blogg.svenskakyrkan.se\/vandravagen\/wp-json\/wp\/v2\/comments?post=247"}],"version-history":[{"count":0,"href":"https:\/\/blogg.svenskakyrkan.se\/vandravagen\/wp-json\/wp\/v2\/posts\/247\/revisions"}],"wp:attachment":[{"href":"https:\/\/blogg.svenskakyrkan.se\/vandravagen\/wp-json\/wp\/v2\/media?parent=247"}],"wp:term":[{"taxonomy":"category","embeddable":true,"href":"https:\/\/blogg.svenskakyrkan.se\/vandravagen\/wp-json\/wp\/v2\/categories?post=247"},{"taxonomy":"post_tag","embeddable":true,"href":"https:\/\/blogg.svenskakyrkan.se\/vandravagen\/wp-json\/wp\/v2\/tags?post=247"}],"curies":[{"name":"wp","href":"https:\/\/api.w.org\/{rel}","templated":true}]}}