{"id":249,"date":"2013-12-09T08:12:00","date_gmt":"2013-12-09T07:12:00","guid":{"rendered":"http:\/\/blogg.svenskakyrkan.se\/vandravagen\/2013\/12\/09\/adventstidens-ikoner-del-ii-tecknets-gudsmoder\/"},"modified":"2013-12-09T08:12:00","modified_gmt":"2013-12-09T07:12:00","slug":"adventstidens-ikoner-del-ii-tecknets-gudsmoder","status":"publish","type":"post","link":"https:\/\/blogg.svenskakyrkan.se\/vandravagen\/2013\/12\/09\/adventstidens-ikoner-del-ii-tecknets-gudsmoder\/","title":{"rendered":"Adventstidens ikoner del II; tecknets gudsmoder"},"content":{"rendered":"<table align=\"center\" cellpadding=\"0\" cellspacing=\"0\">\n<tbody>\n<tr>\n<td><a href=\"http:\/\/4.bp.blogspot.com\/-93vocngYtLU\/Up22kax80rI\/AAAAAAAAGC0\/VpmAUgupzpU\/s1600\/Orans-Theotokos.jpg\"><img loading=\"lazy\" decoding=\"async\" border=\"0\" height=\"640\" src=\"http:\/\/4.bp.blogspot.com\/-93vocngYtLU\/Up22kax80rI\/AAAAAAAAGC0\/VpmAUgupzpU\/s640\/Orans-Theotokos.jpg\" width=\"506\"><\/a><\/td>\n<\/tr>\n<tr>\n<td>Tecknets Gudsmoder-ikon<\/td>\n<\/tr>\n<\/tbody>\n<\/table>\n<p>F\u00f6rutom ikonen jag skrev om h\u00e4romdagen <a href=\"http:\/\/www.vandravagen.se\/2013\/12\/adventstidens-ikoner-del-1.html\">med Jesu int\u00e5g i Jerusalem<\/a>\u00a0s\u00e5 vill jag ocks\u00e5 g\u00e4rna titta p\u00e5 denna s\u00e5 h\u00e4r \u00e5rs. Det \u00e4r ett av m\u00e5nga vanliga Mariamotiv.\u00a0<\/p>\n<div><\/div>\n<div>H\u00e4r ser vi Maria med h\u00e4nderna lyfta i lovs\u00e5ng och som profet. I en ring p\u00e5 hennes mage ser vi Jesusbarnet omstr\u00f6dd av stj\u00e4rnor och kl\u00e4dd i kunglig dr\u00e4kt (det \u00e4r Maria ocks\u00e5).<\/div>\n<div><\/div>\n<div>Jesus \u00e4r i en sf\u00e4r men man kan ocks\u00e5 t\u00e4nka att han \u00e4r inne i Marias mage och att vi ser honom genom henne.\u00a0<\/div>\n<div><\/div>\n<div>Maria \u00e4r verkligen en viktig person, h\u00e4r kallas hon tecknets Gudsmoder eftersom hon bland mycket annat (p\u00e5 s\u00e4tt och vis) \u00e4r den sista profeten. Den sista som vittnar om Jesus innan han har kommit in i v\u00e4rlden genom henne.\u00a0<\/div>\n<div><\/div>\n<div>Ikonen visar hennes \u00f6ppenhet f\u00f6r Gud och vad det f\u00f6r med sig. Det g\u00e4ller ocks\u00e5 oss, n\u00e4r vi \u00e4r \u00f6ppna f\u00f6r Gud s\u00e5 blir det l\u00e4ttare f\u00f6r andra att hitta till Jesus.<\/div>\n<div><\/div>\n<div>\u00c4n s\u00e5 l\u00e4nge vilar Jesus i Marias mage, \u00e4n s\u00e5 l\u00e4nge \u00e4r det bara adventstid.<\/div>\n<div><\/div>\n<div><\/div>\n<div><\/div>\n","protected":false},"excerpt":{"rendered":"<p>Tecknets Gudsmoder-ikon F\u00f6rutom ikonen jag skrev om h\u00e4romdagen med Jesu int\u00e5g i Jerusalem\u00a0s\u00e5 vill jag ocks\u00e5 g\u00e4rna titta p\u00e5 denna s\u00e5 h\u00e4r \u00e5rs. Det \u00e4r ett av m\u00e5nga vanliga Mariamotiv.\u00a0 H\u00e4r ser vi Maria med h\u00e4nderna lyfta i lovs\u00e5ng och som profet. I en ring p\u00e5 hennes mage ser vi Jesusbarnet omstr\u00f6dd av stj\u00e4rnor och [&hellip;]<\/p>\n","protected":false},"author":392,"featured_media":0,"comment_status":"open","ping_status":"open","sticky":false,"template":"","format":"standard","meta":{"_acf_changed":false,"footnotes":""},"categories":[76189,77928,8252],"tags":[],"class_list":["post-249","post","type-post","status-publish","format-standard","hentry","category-dagens-kyrka","category-ikon","category-kyrkoaret"],"acf":[],"yoast_head":"<!-- This site is optimized with the Yoast SEO plugin v27.1.1 - https:\/\/yoast.com\/product\/yoast-seo-wordpress\/ -->\n<title>Adventstidens ikoner del II; tecknets gudsmoder - Vandra V\u00e4gen<\/title>\n<meta name=\"robots\" content=\"index, follow, max-snippet:-1, max-image-preview:large, max-video-preview:-1\" \/>\n<link rel=\"canonical\" href=\"https:\/\/blogg.svenskakyrkan.se\/vandravagen\/2013\/12\/09\/adventstidens-ikoner-del-ii-tecknets-gudsmoder\/\" \/>\n<meta property=\"og:locale\" content=\"sv_SE\" \/>\n<meta property=\"og:type\" content=\"article\" \/>\n<meta property=\"og:title\" content=\"Adventstidens ikoner del II; tecknets gudsmoder - Vandra V\u00e4gen\" \/>\n<meta property=\"og:description\" content=\"Tecknets Gudsmoder-ikon F\u00f6rutom ikonen jag skrev om h\u00e4romdagen med Jesu int\u00e5g i Jerusalem\u00a0s\u00e5 vill jag ocks\u00e5 g\u00e4rna titta p\u00e5 denna s\u00e5 h\u00e4r \u00e5rs. Det \u00e4r ett av m\u00e5nga vanliga Mariamotiv.\u00a0 H\u00e4r ser vi Maria med h\u00e4nderna lyfta i lovs\u00e5ng och som profet. I en ring p\u00e5 hennes mage ser vi Jesusbarnet omstr\u00f6dd av stj\u00e4rnor och [&hellip;]\" \/>\n<meta property=\"og:url\" content=\"https:\/\/blogg.svenskakyrkan.se\/vandravagen\/2013\/12\/09\/adventstidens-ikoner-del-ii-tecknets-gudsmoder\/\" \/>\n<meta property=\"og:site_name\" content=\"Vandra V\u00e4gen\" \/>\n<meta property=\"article:publisher\" content=\"http:\/\/facebook.com\/vandravagen\" \/>\n<meta property=\"article:published_time\" content=\"2013-12-09T07:12:00+00:00\" \/>\n<meta property=\"og:image\" content=\"http:\/\/4.bp.blogspot.com\/-93vocngYtLU\/Up22kax80rI\/AAAAAAAAGC0\/VpmAUgupzpU\/s640\/Orans-Theotokos.jpg\" \/>\n<meta name=\"author\" content=\"Tomas Jarvid\" \/>\n<meta name=\"twitter:card\" content=\"summary_large_image\" \/>\n<meta name=\"twitter:creator\" content=\"@fadertomas\" \/>\n<meta name=\"twitter:site\" content=\"@fadertomas\" \/>\n<meta name=\"twitter:label1\" content=\"Skriven av\" \/>\n\t<meta name=\"twitter:data1\" content=\"Tomas Jarvid\" \/>\n\t<meta name=\"twitter:label2\" content=\"Ber\u00e4knad l\u00e4stid\" \/>\n\t<meta name=\"twitter:data2\" content=\"1 minut\" \/>\n<script type=\"application\/ld+json\" class=\"yoast-schema-graph\">{\"@context\":\"https:\/\/schema.org\",\"@graph\":[{\"@type\":\"Article\",\"@id\":\"https:\/\/blogg.svenskakyrkan.se\/vandravagen\/2013\/12\/09\/adventstidens-ikoner-del-ii-tecknets-gudsmoder\/#article\",\"isPartOf\":{\"@id\":\"https:\/\/blogg.svenskakyrkan.se\/vandravagen\/2013\/12\/09\/adventstidens-ikoner-del-ii-tecknets-gudsmoder\/\"},\"author\":{\"name\":\"Tomas Jarvid\",\"@id\":\"https:\/\/blogg.svenskakyrkan.se\/vandravagen\/#\/schema\/person\/25da02d4f76b137d04291711e2c9fc16\"},\"headline\":\"Adventstidens ikoner del II; tecknets gudsmoder\",\"datePublished\":\"2013-12-09T07:12:00+00:00\",\"mainEntityOfPage\":{\"@id\":\"https:\/\/blogg.svenskakyrkan.se\/vandravagen\/2013\/12\/09\/adventstidens-ikoner-del-ii-tecknets-gudsmoder\/\"},\"wordCount\":207,\"commentCount\":0,\"publisher\":{\"@id\":\"https:\/\/blogg.svenskakyrkan.se\/vandravagen\/#organization\"},\"image\":{\"@id\":\"https:\/\/blogg.svenskakyrkan.se\/vandravagen\/2013\/12\/09\/adventstidens-ikoner-del-ii-tecknets-gudsmoder\/#primaryimage\"},\"thumbnailUrl\":\"http:\/\/4.bp.blogspot.com\/-93vocngYtLU\/Up22kax80rI\/AAAAAAAAGC0\/VpmAUgupzpU\/s640\/Orans-Theotokos.jpg\",\"articleSection\":[\"Dagens Kyrka\",\"ikon\",\"kyrko\u00e5ret\"],\"inLanguage\":\"sv-SE\",\"potentialAction\":[{\"@type\":\"CommentAction\",\"name\":\"Comment\",\"target\":[\"https:\/\/blogg.svenskakyrkan.se\/vandravagen\/2013\/12\/09\/adventstidens-ikoner-del-ii-tecknets-gudsmoder\/#respond\"]}]},{\"@type\":\"WebPage\",\"@id\":\"https:\/\/blogg.svenskakyrkan.se\/vandravagen\/2013\/12\/09\/adventstidens-ikoner-del-ii-tecknets-gudsmoder\/\",\"url\":\"https:\/\/blogg.svenskakyrkan.se\/vandravagen\/2013\/12\/09\/adventstidens-ikoner-del-ii-tecknets-gudsmoder\/\",\"name\":\"Adventstidens ikoner del II; tecknets gudsmoder - Vandra V\u00e4gen\",\"isPartOf\":{\"@id\":\"https:\/\/blogg.svenskakyrkan.se\/vandravagen\/#website\"},\"primaryImageOfPage\":{\"@id\":\"https:\/\/blogg.svenskakyrkan.se\/vandravagen\/2013\/12\/09\/adventstidens-ikoner-del-ii-tecknets-gudsmoder\/#primaryimage\"},\"image\":{\"@id\":\"https:\/\/blogg.svenskakyrkan.se\/vandravagen\/2013\/12\/09\/adventstidens-ikoner-del-ii-tecknets-gudsmoder\/#primaryimage\"},\"thumbnailUrl\":\"http:\/\/4.bp.blogspot.com\/-93vocngYtLU\/Up22kax80rI\/AAAAAAAAGC0\/VpmAUgupzpU\/s640\/Orans-Theotokos.jpg\",\"datePublished\":\"2013-12-09T07:12:00+00:00\",\"breadcrumb\":{\"@id\":\"https:\/\/blogg.svenskakyrkan.se\/vandravagen\/2013\/12\/09\/adventstidens-ikoner-del-ii-tecknets-gudsmoder\/#breadcrumb\"},\"inLanguage\":\"sv-SE\",\"potentialAction\":[{\"@type\":\"ReadAction\",\"target\":[\"https:\/\/blogg.svenskakyrkan.se\/vandravagen\/2013\/12\/09\/adventstidens-ikoner-del-ii-tecknets-gudsmoder\/\"]}]},{\"@type\":\"ImageObject\",\"inLanguage\":\"sv-SE\",\"@id\":\"https:\/\/blogg.svenskakyrkan.se\/vandravagen\/2013\/12\/09\/adventstidens-ikoner-del-ii-tecknets-gudsmoder\/#primaryimage\",\"url\":\"http:\/\/4.bp.blogspot.com\/-93vocngYtLU\/Up22kax80rI\/AAAAAAAAGC0\/VpmAUgupzpU\/s640\/Orans-Theotokos.jpg\",\"contentUrl\":\"http:\/\/4.bp.blogspot.com\/-93vocngYtLU\/Up22kax80rI\/AAAAAAAAGC0\/VpmAUgupzpU\/s640\/Orans-Theotokos.jpg\"},{\"@type\":\"BreadcrumbList\",\"@id\":\"https:\/\/blogg.svenskakyrkan.se\/vandravagen\/2013\/12\/09\/adventstidens-ikoner-del-ii-tecknets-gudsmoder\/#breadcrumb\",\"itemListElement\":[{\"@type\":\"ListItem\",\"position\":1,\"name\":\"Hem\",\"item\":\"https:\/\/blogg.svenskakyrkan.se\/vandravagen\/\"},{\"@type\":\"ListItem\",\"position\":2,\"name\":\"Adventstidens ikoner del II; tecknets gudsmoder\"}]},{\"@type\":\"WebSite\",\"@id\":\"https:\/\/blogg.svenskakyrkan.se\/vandravagen\/#website\",\"url\":\"https:\/\/blogg.svenskakyrkan.se\/vandravagen\/\",\"name\":\"Vandra V\u00e4gen\",\"description\":\"-Mot en tro f\u00f6r hela livet\",\"publisher\":{\"@id\":\"https:\/\/blogg.svenskakyrkan.se\/vandravagen\/#organization\"},\"potentialAction\":[{\"@type\":\"SearchAction\",\"target\":{\"@type\":\"EntryPoint\",\"urlTemplate\":\"https:\/\/blogg.svenskakyrkan.se\/vandravagen\/?s={search_term_string}\"},\"query-input\":{\"@type\":\"PropertyValueSpecification\",\"valueRequired\":true,\"valueName\":\"search_term_string\"}}],\"inLanguage\":\"sv-SE\"},{\"@type\":\"Organization\",\"@id\":\"https:\/\/blogg.svenskakyrkan.se\/vandravagen\/#organization\",\"name\":\"ulricehamns pastorat\",\"alternateName\":\"ulricehamns pastorat\",\"url\":\"https:\/\/blogg.svenskakyrkan.se\/vandravagen\/\",\"logo\":{\"@type\":\"ImageObject\",\"inLanguage\":\"sv-SE\",\"@id\":\"https:\/\/blogg.svenskakyrkan.se\/vandravagen\/#\/schema\/logo\/image\/\",\"url\":\"https:\/\/blogg.svenskakyrkan.se\/vandravagen\/files\/2023\/05\/Ulr_logo_RGB.png\",\"contentUrl\":\"https:\/\/blogg.svenskakyrkan.se\/vandravagen\/files\/2023\/05\/Ulr_logo_RGB.png\",\"width\":205,\"height\":77,\"caption\":\"ulricehamns pastorat\"},\"image\":{\"@id\":\"https:\/\/blogg.svenskakyrkan.se\/vandravagen\/#\/schema\/logo\/image\/\"},\"sameAs\":[\"http:\/\/facebook.com\/vandravagen\",\"https:\/\/x.com\/fadertomas\",\"http:\/\/www.facebook.com\/svenskakyrkaniulricehamn\"]},{\"@type\":\"Person\",\"@id\":\"https:\/\/blogg.svenskakyrkan.se\/vandravagen\/#\/schema\/person\/25da02d4f76b137d04291711e2c9fc16\",\"name\":\"Tomas Jarvid\",\"image\":{\"@type\":\"ImageObject\",\"inLanguage\":\"sv-SE\",\"@id\":\"https:\/\/blogg.svenskakyrkan.se\/vandravagen\/#\/schema\/person\/image\/\",\"url\":\"https:\/\/secure.gravatar.com\/avatar\/7fa71899795e8f540f615a1f5ab25255dc27aa40f05ee7ddd21aac521e01bf50?s=96&d=identicon&r=g\",\"contentUrl\":\"https:\/\/secure.gravatar.com\/avatar\/7fa71899795e8f540f615a1f5ab25255dc27aa40f05ee7ddd21aac521e01bf50?s=96&d=identicon&r=g\",\"caption\":\"Tomas Jarvid\"},\"description\":\"Jag bor i Ulricehamn i V\u00e4sterg\u00f6tland och \u00e4r f\u00f6rsamlingspr\u00e4st i Svenska Kyrkan f\u00f6r Dalstorps f\u00f6rsamling i Kinds pastorat. P\u00e5 den h\u00e4r bloggen skriver jag ner tankar om vandringen som kristen.\",\"sameAs\":[\"http:\/\/www.vandravagen.se\"],\"url\":\"https:\/\/blogg.svenskakyrkan.se\/vandravagen\/author\/vandravagen\/\"}]}<\/script>\n<!-- \/ Yoast SEO plugin. -->","yoast_head_json":{"title":"Adventstidens ikoner del II; tecknets gudsmoder - Vandra V\u00e4gen","robots":{"index":"index","follow":"follow","max-snippet":"max-snippet:-1","max-image-preview":"max-image-preview:large","max-video-preview":"max-video-preview:-1"},"canonical":"https:\/\/blogg.svenskakyrkan.se\/vandravagen\/2013\/12\/09\/adventstidens-ikoner-del-ii-tecknets-gudsmoder\/","og_locale":"sv_SE","og_type":"article","og_title":"Adventstidens ikoner del II; tecknets gudsmoder - Vandra V\u00e4gen","og_description":"Tecknets Gudsmoder-ikon F\u00f6rutom ikonen jag skrev om h\u00e4romdagen med Jesu int\u00e5g i Jerusalem\u00a0s\u00e5 vill jag ocks\u00e5 g\u00e4rna titta p\u00e5 denna s\u00e5 h\u00e4r \u00e5rs. Det \u00e4r ett av m\u00e5nga vanliga Mariamotiv.\u00a0 H\u00e4r ser vi Maria med h\u00e4nderna lyfta i lovs\u00e5ng och som profet. I en ring p\u00e5 hennes mage ser vi Jesusbarnet omstr\u00f6dd av stj\u00e4rnor och [&hellip;]","og_url":"https:\/\/blogg.svenskakyrkan.se\/vandravagen\/2013\/12\/09\/adventstidens-ikoner-del-ii-tecknets-gudsmoder\/","og_site_name":"Vandra V\u00e4gen","article_publisher":"http:\/\/facebook.com\/vandravagen","article_published_time":"2013-12-09T07:12:00+00:00","og_image":[{"url":"http:\/\/4.bp.blogspot.com\/-93vocngYtLU\/Up22kax80rI\/AAAAAAAAGC0\/VpmAUgupzpU\/s640\/Orans-Theotokos.jpg","type":"","width":"","height":""}],"author":"Tomas Jarvid","twitter_card":"summary_large_image","twitter_creator":"@fadertomas","twitter_site":"@fadertomas","twitter_misc":{"Skriven av":"Tomas Jarvid","Ber\u00e4knad l\u00e4stid":"1 minut"},"schema":{"@context":"https:\/\/schema.org","@graph":[{"@type":"Article","@id":"https:\/\/blogg.svenskakyrkan.se\/vandravagen\/2013\/12\/09\/adventstidens-ikoner-del-ii-tecknets-gudsmoder\/#article","isPartOf":{"@id":"https:\/\/blogg.svenskakyrkan.se\/vandravagen\/2013\/12\/09\/adventstidens-ikoner-del-ii-tecknets-gudsmoder\/"},"author":{"name":"Tomas Jarvid","@id":"https:\/\/blogg.svenskakyrkan.se\/vandravagen\/#\/schema\/person\/25da02d4f76b137d04291711e2c9fc16"},"headline":"Adventstidens ikoner del II; tecknets gudsmoder","datePublished":"2013-12-09T07:12:00+00:00","mainEntityOfPage":{"@id":"https:\/\/blogg.svenskakyrkan.se\/vandravagen\/2013\/12\/09\/adventstidens-ikoner-del-ii-tecknets-gudsmoder\/"},"wordCount":207,"commentCount":0,"publisher":{"@id":"https:\/\/blogg.svenskakyrkan.se\/vandravagen\/#organization"},"image":{"@id":"https:\/\/blogg.svenskakyrkan.se\/vandravagen\/2013\/12\/09\/adventstidens-ikoner-del-ii-tecknets-gudsmoder\/#primaryimage"},"thumbnailUrl":"http:\/\/4.bp.blogspot.com\/-93vocngYtLU\/Up22kax80rI\/AAAAAAAAGC0\/VpmAUgupzpU\/s640\/Orans-Theotokos.jpg","articleSection":["Dagens Kyrka","ikon","kyrko\u00e5ret"],"inLanguage":"sv-SE","potentialAction":[{"@type":"CommentAction","name":"Comment","target":["https:\/\/blogg.svenskakyrkan.se\/vandravagen\/2013\/12\/09\/adventstidens-ikoner-del-ii-tecknets-gudsmoder\/#respond"]}]},{"@type":"WebPage","@id":"https:\/\/blogg.svenskakyrkan.se\/vandravagen\/2013\/12\/09\/adventstidens-ikoner-del-ii-tecknets-gudsmoder\/","url":"https:\/\/blogg.svenskakyrkan.se\/vandravagen\/2013\/12\/09\/adventstidens-ikoner-del-ii-tecknets-gudsmoder\/","name":"Adventstidens ikoner del II; tecknets gudsmoder - Vandra V\u00e4gen","isPartOf":{"@id":"https:\/\/blogg.svenskakyrkan.se\/vandravagen\/#website"},"primaryImageOfPage":{"@id":"https:\/\/blogg.svenskakyrkan.se\/vandravagen\/2013\/12\/09\/adventstidens-ikoner-del-ii-tecknets-gudsmoder\/#primaryimage"},"image":{"@id":"https:\/\/blogg.svenskakyrkan.se\/vandravagen\/2013\/12\/09\/adventstidens-ikoner-del-ii-tecknets-gudsmoder\/#primaryimage"},"thumbnailUrl":"http:\/\/4.bp.blogspot.com\/-93vocngYtLU\/Up22kax80rI\/AAAAAAAAGC0\/VpmAUgupzpU\/s640\/Orans-Theotokos.jpg","datePublished":"2013-12-09T07:12:00+00:00","breadcrumb":{"@id":"https:\/\/blogg.svenskakyrkan.se\/vandravagen\/2013\/12\/09\/adventstidens-ikoner-del-ii-tecknets-gudsmoder\/#breadcrumb"},"inLanguage":"sv-SE","potentialAction":[{"@type":"ReadAction","target":["https:\/\/blogg.svenskakyrkan.se\/vandravagen\/2013\/12\/09\/adventstidens-ikoner-del-ii-tecknets-gudsmoder\/"]}]},{"@type":"ImageObject","inLanguage":"sv-SE","@id":"https:\/\/blogg.svenskakyrkan.se\/vandravagen\/2013\/12\/09\/adventstidens-ikoner-del-ii-tecknets-gudsmoder\/#primaryimage","url":"http:\/\/4.bp.blogspot.com\/-93vocngYtLU\/Up22kax80rI\/AAAAAAAAGC0\/VpmAUgupzpU\/s640\/Orans-Theotokos.jpg","contentUrl":"http:\/\/4.bp.blogspot.com\/-93vocngYtLU\/Up22kax80rI\/AAAAAAAAGC0\/VpmAUgupzpU\/s640\/Orans-Theotokos.jpg"},{"@type":"BreadcrumbList","@id":"https:\/\/blogg.svenskakyrkan.se\/vandravagen\/2013\/12\/09\/adventstidens-ikoner-del-ii-tecknets-gudsmoder\/#breadcrumb","itemListElement":[{"@type":"ListItem","position":1,"name":"Hem","item":"https:\/\/blogg.svenskakyrkan.se\/vandravagen\/"},{"@type":"ListItem","position":2,"name":"Adventstidens ikoner del II; tecknets gudsmoder"}]},{"@type":"WebSite","@id":"https:\/\/blogg.svenskakyrkan.se\/vandravagen\/#website","url":"https:\/\/blogg.svenskakyrkan.se\/vandravagen\/","name":"Vandra V\u00e4gen","description":"-Mot en tro f\u00f6r hela livet","publisher":{"@id":"https:\/\/blogg.svenskakyrkan.se\/vandravagen\/#organization"},"potentialAction":[{"@type":"SearchAction","target":{"@type":"EntryPoint","urlTemplate":"https:\/\/blogg.svenskakyrkan.se\/vandravagen\/?s={search_term_string}"},"query-input":{"@type":"PropertyValueSpecification","valueRequired":true,"valueName":"search_term_string"}}],"inLanguage":"sv-SE"},{"@type":"Organization","@id":"https:\/\/blogg.svenskakyrkan.se\/vandravagen\/#organization","name":"ulricehamns pastorat","alternateName":"ulricehamns pastorat","url":"https:\/\/blogg.svenskakyrkan.se\/vandravagen\/","logo":{"@type":"ImageObject","inLanguage":"sv-SE","@id":"https:\/\/blogg.svenskakyrkan.se\/vandravagen\/#\/schema\/logo\/image\/","url":"https:\/\/blogg.svenskakyrkan.se\/vandravagen\/files\/2023\/05\/Ulr_logo_RGB.png","contentUrl":"https:\/\/blogg.svenskakyrkan.se\/vandravagen\/files\/2023\/05\/Ulr_logo_RGB.png","width":205,"height":77,"caption":"ulricehamns pastorat"},"image":{"@id":"https:\/\/blogg.svenskakyrkan.se\/vandravagen\/#\/schema\/logo\/image\/"},"sameAs":["http:\/\/facebook.com\/vandravagen","https:\/\/x.com\/fadertomas","http:\/\/www.facebook.com\/svenskakyrkaniulricehamn"]},{"@type":"Person","@id":"https:\/\/blogg.svenskakyrkan.se\/vandravagen\/#\/schema\/person\/25da02d4f76b137d04291711e2c9fc16","name":"Tomas Jarvid","image":{"@type":"ImageObject","inLanguage":"sv-SE","@id":"https:\/\/blogg.svenskakyrkan.se\/vandravagen\/#\/schema\/person\/image\/","url":"https:\/\/secure.gravatar.com\/avatar\/7fa71899795e8f540f615a1f5ab25255dc27aa40f05ee7ddd21aac521e01bf50?s=96&d=identicon&r=g","contentUrl":"https:\/\/secure.gravatar.com\/avatar\/7fa71899795e8f540f615a1f5ab25255dc27aa40f05ee7ddd21aac521e01bf50?s=96&d=identicon&r=g","caption":"Tomas Jarvid"},"description":"Jag bor i Ulricehamn i V\u00e4sterg\u00f6tland och \u00e4r f\u00f6rsamlingspr\u00e4st i Svenska Kyrkan f\u00f6r Dalstorps f\u00f6rsamling i Kinds pastorat. P\u00e5 den h\u00e4r bloggen skriver jag ner tankar om vandringen som kristen.","sameAs":["http:\/\/www.vandravagen.se"],"url":"https:\/\/blogg.svenskakyrkan.se\/vandravagen\/author\/vandravagen\/"}]}},"author_meta":{"ID":"392","user_nicename":"vandravagen","user_url":"http:\/\/www.vandravagen.se","user_registered":"2014-05-19 05:44:52","display_name":"Tomas Jarvid","first_name":"Tomas","last_name":"Jarvid","avatar":"https:\/\/secure.gravatar.com\/avatar\/7fa71899795e8f540f615a1f5ab25255dc27aa40f05ee7ddd21aac521e01bf50?s=96&d=identicon&r=g"},"featured_image":false,"bloginfo":{"name":"Vandra V\u00e4gen","url":"https:\/\/blogg.svenskakyrkan.se\/vandravagen"},"_links":{"self":[{"href":"https:\/\/blogg.svenskakyrkan.se\/vandravagen\/wp-json\/wp\/v2\/posts\/249","targetHints":{"allow":["GET"]}}],"collection":[{"href":"https:\/\/blogg.svenskakyrkan.se\/vandravagen\/wp-json\/wp\/v2\/posts"}],"about":[{"href":"https:\/\/blogg.svenskakyrkan.se\/vandravagen\/wp-json\/wp\/v2\/types\/post"}],"author":[{"embeddable":true,"href":"https:\/\/blogg.svenskakyrkan.se\/vandravagen\/wp-json\/wp\/v2\/users\/392"}],"replies":[{"embeddable":true,"href":"https:\/\/blogg.svenskakyrkan.se\/vandravagen\/wp-json\/wp\/v2\/comments?post=249"}],"version-history":[{"count":0,"href":"https:\/\/blogg.svenskakyrkan.se\/vandravagen\/wp-json\/wp\/v2\/posts\/249\/revisions"}],"wp:attachment":[{"href":"https:\/\/blogg.svenskakyrkan.se\/vandravagen\/wp-json\/wp\/v2\/media?parent=249"}],"wp:term":[{"taxonomy":"category","embeddable":true,"href":"https:\/\/blogg.svenskakyrkan.se\/vandravagen\/wp-json\/wp\/v2\/categories?post=249"},{"taxonomy":"post_tag","embeddable":true,"href":"https:\/\/blogg.svenskakyrkan.se\/vandravagen\/wp-json\/wp\/v2\/tags?post=249"}],"curies":[{"name":"wp","href":"https:\/\/api.w.org\/{rel}","templated":true}]}}