{"id":2506,"date":"2015-01-06T06:24:09","date_gmt":"2015-01-06T05:24:09","guid":{"rendered":"http:\/\/blogg.svenskakyrkan.se\/vandravagen\/?p=2506"},"modified":"2015-01-05T21:42:57","modified_gmt":"2015-01-05T20:42:57","slug":"historiens-historia-och-lite-nofret","status":"publish","type":"post","link":"https:\/\/blogg.svenskakyrkan.se\/vandravagen\/2015\/01\/06\/historiens-historia-och-lite-nofret\/","title":{"rendered":"Historiens historia. Och lite Nofret."},"content":{"rendered":"<p>&nbsp;<\/p>\n<div id=\"attachment_2509\" style=\"width: 436px\" class=\"wp-caption aligncenter\"><a href=\"http:\/\/blogg.svenskakyrkan.se\/vandravagen\/files\/2015\/01\/DSC_0490.jpg\"><img loading=\"lazy\" decoding=\"async\" aria-describedby=\"caption-attachment-2509\" class=\"size-full wp-image-2509\" src=\"http:\/\/blogg.svenskakyrkan.se\/vandravagen\/files\/2015\/01\/DSC_0490.jpg\" alt=\"&quot;Gud \u00e4r ett verb&quot; av Ola Wikander.\" width=\"426\" height=\"640\" srcset=\"https:\/\/blogg.svenskakyrkan.se\/vandravagen\/files\/2015\/01\/DSC_0490.jpg 426w, https:\/\/blogg.svenskakyrkan.se\/vandravagen\/files\/2015\/01\/DSC_0490-300x450.jpg 300w, https:\/\/blogg.svenskakyrkan.se\/vandravagen\/files\/2015\/01\/DSC_0490-199x300.jpg 199w\" sizes=\"auto, (max-width: 426px) 100vw, 426px\" \/><\/a><p id=\"caption-attachment-2509\" class=\"wp-caption-text\">&#8221;Gud \u00e4r ett verb&#8221; av Ola Wikander.<\/p><\/div>\n<p>H\u00e4r \u00e4r ytterligare n\u00e5gra b\u00f6cker jag l\u00e4st. Jag t\u00e4nkte skriva n\u00e5gon rad om dem innan jag kommer till rubrikens \u00e4mne, historien om historien.<\/p>\n<p>Ola Wikander har f\u00e5tt en del uppm\u00e4rksamhet f\u00f6r sin senaste bok &#8221;Gud \u00e4r ett verb&#8221;. Wikander undervisar vid religionsvetenskapliga institutionen i G\u00f6teborg och \u00e4r typ j\u00e4mn\u00e5rig med mig men redan sedan l\u00e4nge expert p\u00e5 en hel dr\u00f6s d\u00f6da spr\u00e5k. I den h\u00e4r boken skriver han om gamla testamentet ur ett historiskt-kritiskt perspektiv. Det \u00e4r inte s\u00e5 mycket d\u00e4r som chockar mig eftersom jag ju \u00e4nd\u00e5 \u00e4gnat n\u00e5gra \u00e5r \u00e5t bibelvetenskap. D\u00e4remot kanske det kan vara ovant f\u00f6r en del att se p\u00e5 bibeln ur ett annat perspektiv och hur den text vi har framf\u00f6r oss idag h\u00f6r hemma i ett historiskt sammanhang. En r\u00e4tt bra bok tycker jag det \u00e4r \u00e4ven om det f\u00f6r min del kom nya saker mest mot slutet. Har du l\u00e4st den?<\/p>\n<div id=\"attachment_2510\" style=\"width: 436px\" class=\"wp-caption aligncenter\"><a href=\"http:\/\/blogg.svenskakyrkan.se\/vandravagen\/files\/2015\/01\/DSC_0489.jpg\"><img loading=\"lazy\" decoding=\"async\" aria-describedby=\"caption-attachment-2510\" class=\"size-full wp-image-2510\" src=\"http:\/\/blogg.svenskakyrkan.se\/vandravagen\/files\/2015\/01\/DSC_0489.jpg\" alt=\"Nofret.\" width=\"426\" height=\"640\" srcset=\"https:\/\/blogg.svenskakyrkan.se\/vandravagen\/files\/2015\/01\/DSC_0489.jpg 426w, https:\/\/blogg.svenskakyrkan.se\/vandravagen\/files\/2015\/01\/DSC_0489-300x450.jpg 300w, https:\/\/blogg.svenskakyrkan.se\/vandravagen\/files\/2015\/01\/DSC_0489-199x300.jpg 199w\" sizes=\"auto, (max-width: 426px) 100vw, 426px\" \/><\/a><p id=\"caption-attachment-2510\" class=\"wp-caption-text\">Nofret.<\/p><\/div>\n<p>Sedan har jag i samma veva (det blandas h\u00f6gt och l\u00e5gt h\u00e4r) l\u00e4st den gamla \u00e4ventyrsserien om &#8221;Nofret&#8221; som likt en Tintin i den antika v\u00e4rlden \u00e4ventyrar runt i det gamla Egypten och p\u00e5 annat h\u00e5ll. \u00c5tminstone l\u00e4ngre fram i serien tycker jag det \u00e4r riktigt bra serier och man f\u00e5r ocks\u00e5 l\u00e4ra sig ett och annat p\u00e5 kuppen. Om den stora staden Ugarit som numera \u00e4r k\u00e4nd f\u00f6r de skriftfynd som gjorts d\u00e4r till exempel. Jag hade en g\u00e5ng i tiden som motto att &#8221;allt jag vet har jag l\u00e4rt mig fr\u00e5n serier&#8221; och det var inte menat som bildningsf\u00f6rakt utan f\u00f6r att man faktiskt snappar upp r\u00e4tt mycket fr\u00e5n v\u00e4lresearchade serier. Och s\u00e5 \u00e4r det ofta kul.<\/p>\n<p>\u00c4ntligen till saken. En sp\u00e4nnande sak som Wikander tar upp i sin bok \u00e4r det faktum att det egentligen inte alls \u00e4r sj\u00e4lvklart att se historien som ett meningsfullt f\u00f6rlopp d\u00e4r h\u00e4ndelserna har inneb\u00f6rd som i en ber\u00e4ttelse. I m\u00e5nga kulturer ser man p\u00e5 v\u00e5r tidsbundna existens som ett meningsl\u00f6st f\u00e4ngelse att f\u00f6rs\u00f6ka fly. Att det \u00e4r som det \u00e4r med v\u00e5r kulturs syn p\u00e5 historia (med ursprung, teman, br\u00e4nnpunkter och ett slutligt m\u00e5l historien \u00e4r p\u00e5 v\u00e4g mot) beror enligt Wikander just p\u00e5 gamla testamentet (och f\u00e5r man s\u00e4ga i \u00e4nnu h\u00f6gre grad hela bibeln men han h\u00e5ller sig i GT). F\u00f6r de gamla hebreerna (och som jag f\u00f6rst\u00e5tt det f\u00f6r en del omgivande folk ocks\u00e5) s\u00e5 var historien en arena d\u00e4r Gud handlar och leder utvecklingen mot de m\u00e5l han berett. All historia i bibeln \u00e4r &#8221;fr\u00e4lsningshistoria&#8221; eftersom den \u00e4r en enda stor ber\u00e4ttelse om Guds handlande med sitt folk. Ingen h\u00e4ndelse ses som meningsl\u00f6s utan det finns en riktning.<\/p>\n<p>Detta lever alltsedan dess kvar i v\u00e5r f\u00f6rest\u00e4llningsv\u00e4rld. Med en mer upplysningsfilosofisk touch t\u00e4nker sig m\u00e5nga till exempel att allt bara kommer bli b\u00e4ttre och b\u00e4ttre s\u00e5 l\u00e4nge f\u00f6rnuftet f\u00e5r r\u00e5da. \u00c4ven ateistiska regimer som kommunismen s\u00e5g utopiska tillst\u00e5nd som historiens m\u00e5l, n\u00e5got man allts\u00e5 egentligen har i arv fr\u00e5n bibeln.<\/p>\n<p>R\u00e4tt coolt \u00e4nd\u00e5. Bibeln inf\u00f6rde historien. wow.<\/p>\n","protected":false},"excerpt":{"rendered":"<p>&nbsp; H\u00e4r \u00e4r ytterligare n\u00e5gra b\u00f6cker jag l\u00e4st. Jag t\u00e4nkte skriva n\u00e5gon rad om dem innan jag kommer till rubrikens \u00e4mne, historien om historien. Ola Wikander har f\u00e5tt en del uppm\u00e4rksamhet f\u00f6r sin senaste bok &#8221;Gud \u00e4r ett verb&#8221;. Wikander undervisar vid religionsvetenskapliga institutionen i G\u00f6teborg och \u00e4r typ j\u00e4mn\u00e5rig med mig men redan sedan [&hellip;]<\/p>\n","protected":false},"author":392,"featured_media":0,"comment_status":"open","ping_status":"open","sticky":false,"template":"","format":"standard","meta":{"_acf_changed":false,"footnotes":""},"categories":[8253,42374,76189,8337],"tags":[],"class_list":["post-2506","post","type-post","status-publish","format-standard","hentry","category-bocker","category-boktips","category-dagens-kyrka","category-historia"],"acf":[],"yoast_head":"<!-- This site is optimized with the Yoast SEO plugin v27.1.1 - https:\/\/yoast.com\/product\/yoast-seo-wordpress\/ -->\n<title>Historiens historia. Och lite Nofret. - Vandra V\u00e4gen<\/title>\n<meta name=\"robots\" content=\"index, follow, max-snippet:-1, max-image-preview:large, max-video-preview:-1\" \/>\n<link rel=\"canonical\" href=\"https:\/\/blogg.svenskakyrkan.se\/vandravagen\/2015\/01\/06\/historiens-historia-och-lite-nofret\/\" \/>\n<meta property=\"og:locale\" content=\"sv_SE\" \/>\n<meta property=\"og:type\" content=\"article\" \/>\n<meta property=\"og:title\" content=\"Historiens historia. Och lite Nofret. - Vandra V\u00e4gen\" \/>\n<meta property=\"og:description\" content=\"&nbsp; H\u00e4r \u00e4r ytterligare n\u00e5gra b\u00f6cker jag l\u00e4st. Jag t\u00e4nkte skriva n\u00e5gon rad om dem innan jag kommer till rubrikens \u00e4mne, historien om historien. Ola Wikander har f\u00e5tt en del uppm\u00e4rksamhet f\u00f6r sin senaste bok &#8221;Gud \u00e4r ett verb&#8221;. Wikander undervisar vid religionsvetenskapliga institutionen i G\u00f6teborg och \u00e4r typ j\u00e4mn\u00e5rig med mig men redan sedan [&hellip;]\" \/>\n<meta property=\"og:url\" content=\"https:\/\/blogg.svenskakyrkan.se\/vandravagen\/2015\/01\/06\/historiens-historia-och-lite-nofret\/\" \/>\n<meta property=\"og:site_name\" content=\"Vandra V\u00e4gen\" \/>\n<meta property=\"article:publisher\" content=\"http:\/\/facebook.com\/vandravagen\" \/>\n<meta property=\"article:published_time\" content=\"2015-01-06T05:24:09+00:00\" \/>\n<meta property=\"og:image\" content=\"http:\/\/blogg.svenskakyrkan.se\/vandravagen\/files\/2015\/01\/DSC_0490.jpg\" \/>\n<meta name=\"author\" content=\"Tomas Jarvid\" \/>\n<meta name=\"twitter:card\" content=\"summary_large_image\" \/>\n<meta name=\"twitter:creator\" content=\"@fadertomas\" \/>\n<meta name=\"twitter:site\" content=\"@fadertomas\" \/>\n<meta name=\"twitter:label1\" content=\"Skriven av\" \/>\n\t<meta name=\"twitter:data1\" content=\"Tomas Jarvid\" \/>\n\t<meta name=\"twitter:label2\" content=\"Ber\u00e4knad l\u00e4stid\" \/>\n\t<meta name=\"twitter:data2\" content=\"3 minuter\" \/>\n<script type=\"application\/ld+json\" class=\"yoast-schema-graph\">{\"@context\":\"https:\/\/schema.org\",\"@graph\":[{\"@type\":\"Article\",\"@id\":\"https:\/\/blogg.svenskakyrkan.se\/vandravagen\/2015\/01\/06\/historiens-historia-och-lite-nofret\/#article\",\"isPartOf\":{\"@id\":\"https:\/\/blogg.svenskakyrkan.se\/vandravagen\/2015\/01\/06\/historiens-historia-och-lite-nofret\/\"},\"author\":{\"name\":\"Tomas Jarvid\",\"@id\":\"https:\/\/blogg.svenskakyrkan.se\/vandravagen\/#\/schema\/person\/25da02d4f76b137d04291711e2c9fc16\"},\"headline\":\"Historiens historia. Och lite Nofret.\",\"datePublished\":\"2015-01-06T05:24:09+00:00\",\"mainEntityOfPage\":{\"@id\":\"https:\/\/blogg.svenskakyrkan.se\/vandravagen\/2015\/01\/06\/historiens-historia-och-lite-nofret\/\"},\"wordCount\":612,\"commentCount\":11,\"publisher\":{\"@id\":\"https:\/\/blogg.svenskakyrkan.se\/vandravagen\/#organization\"},\"image\":{\"@id\":\"https:\/\/blogg.svenskakyrkan.se\/vandravagen\/2015\/01\/06\/historiens-historia-och-lite-nofret\/#primaryimage\"},\"thumbnailUrl\":\"http:\/\/blogg.svenskakyrkan.se\/vandravagen\/files\/2015\/01\/DSC_0490.jpg\",\"articleSection\":[\"b\u00f6cker\",\"boktips\",\"Dagens Kyrka\",\"historia\"],\"inLanguage\":\"sv-SE\",\"potentialAction\":[{\"@type\":\"CommentAction\",\"name\":\"Comment\",\"target\":[\"https:\/\/blogg.svenskakyrkan.se\/vandravagen\/2015\/01\/06\/historiens-historia-och-lite-nofret\/#respond\"]}]},{\"@type\":\"WebPage\",\"@id\":\"https:\/\/blogg.svenskakyrkan.se\/vandravagen\/2015\/01\/06\/historiens-historia-och-lite-nofret\/\",\"url\":\"https:\/\/blogg.svenskakyrkan.se\/vandravagen\/2015\/01\/06\/historiens-historia-och-lite-nofret\/\",\"name\":\"Historiens historia. Och lite Nofret. - Vandra V\u00e4gen\",\"isPartOf\":{\"@id\":\"https:\/\/blogg.svenskakyrkan.se\/vandravagen\/#website\"},\"primaryImageOfPage\":{\"@id\":\"https:\/\/blogg.svenskakyrkan.se\/vandravagen\/2015\/01\/06\/historiens-historia-och-lite-nofret\/#primaryimage\"},\"image\":{\"@id\":\"https:\/\/blogg.svenskakyrkan.se\/vandravagen\/2015\/01\/06\/historiens-historia-och-lite-nofret\/#primaryimage\"},\"thumbnailUrl\":\"http:\/\/blogg.svenskakyrkan.se\/vandravagen\/files\/2015\/01\/DSC_0490.jpg\",\"datePublished\":\"2015-01-06T05:24:09+00:00\",\"breadcrumb\":{\"@id\":\"https:\/\/blogg.svenskakyrkan.se\/vandravagen\/2015\/01\/06\/historiens-historia-och-lite-nofret\/#breadcrumb\"},\"inLanguage\":\"sv-SE\",\"potentialAction\":[{\"@type\":\"ReadAction\",\"target\":[\"https:\/\/blogg.svenskakyrkan.se\/vandravagen\/2015\/01\/06\/historiens-historia-och-lite-nofret\/\"]}]},{\"@type\":\"ImageObject\",\"inLanguage\":\"sv-SE\",\"@id\":\"https:\/\/blogg.svenskakyrkan.se\/vandravagen\/2015\/01\/06\/historiens-historia-och-lite-nofret\/#primaryimage\",\"url\":\"http:\/\/blogg.svenskakyrkan.se\/vandravagen\/files\/2015\/01\/DSC_0490.jpg\",\"contentUrl\":\"http:\/\/blogg.svenskakyrkan.se\/vandravagen\/files\/2015\/01\/DSC_0490.jpg\"},{\"@type\":\"BreadcrumbList\",\"@id\":\"https:\/\/blogg.svenskakyrkan.se\/vandravagen\/2015\/01\/06\/historiens-historia-och-lite-nofret\/#breadcrumb\",\"itemListElement\":[{\"@type\":\"ListItem\",\"position\":1,\"name\":\"Hem\",\"item\":\"https:\/\/blogg.svenskakyrkan.se\/vandravagen\/\"},{\"@type\":\"ListItem\",\"position\":2,\"name\":\"Historiens historia. Och lite Nofret.\"}]},{\"@type\":\"WebSite\",\"@id\":\"https:\/\/blogg.svenskakyrkan.se\/vandravagen\/#website\",\"url\":\"https:\/\/blogg.svenskakyrkan.se\/vandravagen\/\",\"name\":\"Vandra V\u00e4gen\",\"description\":\"-Mot en tro f\u00f6r hela livet\",\"publisher\":{\"@id\":\"https:\/\/blogg.svenskakyrkan.se\/vandravagen\/#organization\"},\"potentialAction\":[{\"@type\":\"SearchAction\",\"target\":{\"@type\":\"EntryPoint\",\"urlTemplate\":\"https:\/\/blogg.svenskakyrkan.se\/vandravagen\/?s={search_term_string}\"},\"query-input\":{\"@type\":\"PropertyValueSpecification\",\"valueRequired\":true,\"valueName\":\"search_term_string\"}}],\"inLanguage\":\"sv-SE\"},{\"@type\":\"Organization\",\"@id\":\"https:\/\/blogg.svenskakyrkan.se\/vandravagen\/#organization\",\"name\":\"ulricehamns pastorat\",\"alternateName\":\"ulricehamns pastorat\",\"url\":\"https:\/\/blogg.svenskakyrkan.se\/vandravagen\/\",\"logo\":{\"@type\":\"ImageObject\",\"inLanguage\":\"sv-SE\",\"@id\":\"https:\/\/blogg.svenskakyrkan.se\/vandravagen\/#\/schema\/logo\/image\/\",\"url\":\"https:\/\/blogg.svenskakyrkan.se\/vandravagen\/files\/2023\/05\/Ulr_logo_RGB.png\",\"contentUrl\":\"https:\/\/blogg.svenskakyrkan.se\/vandravagen\/files\/2023\/05\/Ulr_logo_RGB.png\",\"width\":205,\"height\":77,\"caption\":\"ulricehamns pastorat\"},\"image\":{\"@id\":\"https:\/\/blogg.svenskakyrkan.se\/vandravagen\/#\/schema\/logo\/image\/\"},\"sameAs\":[\"http:\/\/facebook.com\/vandravagen\",\"https:\/\/x.com\/fadertomas\",\"http:\/\/www.facebook.com\/svenskakyrkaniulricehamn\"]},{\"@type\":\"Person\",\"@id\":\"https:\/\/blogg.svenskakyrkan.se\/vandravagen\/#\/schema\/person\/25da02d4f76b137d04291711e2c9fc16\",\"name\":\"Tomas Jarvid\",\"image\":{\"@type\":\"ImageObject\",\"inLanguage\":\"sv-SE\",\"@id\":\"https:\/\/blogg.svenskakyrkan.se\/vandravagen\/#\/schema\/person\/image\/\",\"url\":\"https:\/\/secure.gravatar.com\/avatar\/7fa71899795e8f540f615a1f5ab25255dc27aa40f05ee7ddd21aac521e01bf50?s=96&d=identicon&r=g\",\"contentUrl\":\"https:\/\/secure.gravatar.com\/avatar\/7fa71899795e8f540f615a1f5ab25255dc27aa40f05ee7ddd21aac521e01bf50?s=96&d=identicon&r=g\",\"caption\":\"Tomas Jarvid\"},\"description\":\"Jag bor i Ulricehamn i V\u00e4sterg\u00f6tland och \u00e4r f\u00f6rsamlingspr\u00e4st i Svenska Kyrkan f\u00f6r Dalstorps f\u00f6rsamling i Kinds pastorat. P\u00e5 den h\u00e4r bloggen skriver jag ner tankar om vandringen som kristen.\",\"sameAs\":[\"http:\/\/www.vandravagen.se\"],\"url\":\"https:\/\/blogg.svenskakyrkan.se\/vandravagen\/author\/vandravagen\/\"}]}<\/script>\n<!-- \/ Yoast SEO plugin. -->","yoast_head_json":{"title":"Historiens historia. Och lite Nofret. - Vandra V\u00e4gen","robots":{"index":"index","follow":"follow","max-snippet":"max-snippet:-1","max-image-preview":"max-image-preview:large","max-video-preview":"max-video-preview:-1"},"canonical":"https:\/\/blogg.svenskakyrkan.se\/vandravagen\/2015\/01\/06\/historiens-historia-och-lite-nofret\/","og_locale":"sv_SE","og_type":"article","og_title":"Historiens historia. Och lite Nofret. - Vandra V\u00e4gen","og_description":"&nbsp; H\u00e4r \u00e4r ytterligare n\u00e5gra b\u00f6cker jag l\u00e4st. Jag t\u00e4nkte skriva n\u00e5gon rad om dem innan jag kommer till rubrikens \u00e4mne, historien om historien. Ola Wikander har f\u00e5tt en del uppm\u00e4rksamhet f\u00f6r sin senaste bok &#8221;Gud \u00e4r ett verb&#8221;. Wikander undervisar vid religionsvetenskapliga institutionen i G\u00f6teborg och \u00e4r typ j\u00e4mn\u00e5rig med mig men redan sedan [&hellip;]","og_url":"https:\/\/blogg.svenskakyrkan.se\/vandravagen\/2015\/01\/06\/historiens-historia-och-lite-nofret\/","og_site_name":"Vandra V\u00e4gen","article_publisher":"http:\/\/facebook.com\/vandravagen","article_published_time":"2015-01-06T05:24:09+00:00","og_image":[{"url":"http:\/\/blogg.svenskakyrkan.se\/vandravagen\/files\/2015\/01\/DSC_0490.jpg","type":"","width":"","height":""}],"author":"Tomas Jarvid","twitter_card":"summary_large_image","twitter_creator":"@fadertomas","twitter_site":"@fadertomas","twitter_misc":{"Skriven av":"Tomas Jarvid","Ber\u00e4knad l\u00e4stid":"3 minuter"},"schema":{"@context":"https:\/\/schema.org","@graph":[{"@type":"Article","@id":"https:\/\/blogg.svenskakyrkan.se\/vandravagen\/2015\/01\/06\/historiens-historia-och-lite-nofret\/#article","isPartOf":{"@id":"https:\/\/blogg.svenskakyrkan.se\/vandravagen\/2015\/01\/06\/historiens-historia-och-lite-nofret\/"},"author":{"name":"Tomas Jarvid","@id":"https:\/\/blogg.svenskakyrkan.se\/vandravagen\/#\/schema\/person\/25da02d4f76b137d04291711e2c9fc16"},"headline":"Historiens historia. Och lite Nofret.","datePublished":"2015-01-06T05:24:09+00:00","mainEntityOfPage":{"@id":"https:\/\/blogg.svenskakyrkan.se\/vandravagen\/2015\/01\/06\/historiens-historia-och-lite-nofret\/"},"wordCount":612,"commentCount":11,"publisher":{"@id":"https:\/\/blogg.svenskakyrkan.se\/vandravagen\/#organization"},"image":{"@id":"https:\/\/blogg.svenskakyrkan.se\/vandravagen\/2015\/01\/06\/historiens-historia-och-lite-nofret\/#primaryimage"},"thumbnailUrl":"http:\/\/blogg.svenskakyrkan.se\/vandravagen\/files\/2015\/01\/DSC_0490.jpg","articleSection":["b\u00f6cker","boktips","Dagens Kyrka","historia"],"inLanguage":"sv-SE","potentialAction":[{"@type":"CommentAction","name":"Comment","target":["https:\/\/blogg.svenskakyrkan.se\/vandravagen\/2015\/01\/06\/historiens-historia-och-lite-nofret\/#respond"]}]},{"@type":"WebPage","@id":"https:\/\/blogg.svenskakyrkan.se\/vandravagen\/2015\/01\/06\/historiens-historia-och-lite-nofret\/","url":"https:\/\/blogg.svenskakyrkan.se\/vandravagen\/2015\/01\/06\/historiens-historia-och-lite-nofret\/","name":"Historiens historia. Och lite Nofret. - Vandra V\u00e4gen","isPartOf":{"@id":"https:\/\/blogg.svenskakyrkan.se\/vandravagen\/#website"},"primaryImageOfPage":{"@id":"https:\/\/blogg.svenskakyrkan.se\/vandravagen\/2015\/01\/06\/historiens-historia-och-lite-nofret\/#primaryimage"},"image":{"@id":"https:\/\/blogg.svenskakyrkan.se\/vandravagen\/2015\/01\/06\/historiens-historia-och-lite-nofret\/#primaryimage"},"thumbnailUrl":"http:\/\/blogg.svenskakyrkan.se\/vandravagen\/files\/2015\/01\/DSC_0490.jpg","datePublished":"2015-01-06T05:24:09+00:00","breadcrumb":{"@id":"https:\/\/blogg.svenskakyrkan.se\/vandravagen\/2015\/01\/06\/historiens-historia-och-lite-nofret\/#breadcrumb"},"inLanguage":"sv-SE","potentialAction":[{"@type":"ReadAction","target":["https:\/\/blogg.svenskakyrkan.se\/vandravagen\/2015\/01\/06\/historiens-historia-och-lite-nofret\/"]}]},{"@type":"ImageObject","inLanguage":"sv-SE","@id":"https:\/\/blogg.svenskakyrkan.se\/vandravagen\/2015\/01\/06\/historiens-historia-och-lite-nofret\/#primaryimage","url":"http:\/\/blogg.svenskakyrkan.se\/vandravagen\/files\/2015\/01\/DSC_0490.jpg","contentUrl":"http:\/\/blogg.svenskakyrkan.se\/vandravagen\/files\/2015\/01\/DSC_0490.jpg"},{"@type":"BreadcrumbList","@id":"https:\/\/blogg.svenskakyrkan.se\/vandravagen\/2015\/01\/06\/historiens-historia-och-lite-nofret\/#breadcrumb","itemListElement":[{"@type":"ListItem","position":1,"name":"Hem","item":"https:\/\/blogg.svenskakyrkan.se\/vandravagen\/"},{"@type":"ListItem","position":2,"name":"Historiens historia. Och lite Nofret."}]},{"@type":"WebSite","@id":"https:\/\/blogg.svenskakyrkan.se\/vandravagen\/#website","url":"https:\/\/blogg.svenskakyrkan.se\/vandravagen\/","name":"Vandra V\u00e4gen","description":"-Mot en tro f\u00f6r hela livet","publisher":{"@id":"https:\/\/blogg.svenskakyrkan.se\/vandravagen\/#organization"},"potentialAction":[{"@type":"SearchAction","target":{"@type":"EntryPoint","urlTemplate":"https:\/\/blogg.svenskakyrkan.se\/vandravagen\/?s={search_term_string}"},"query-input":{"@type":"PropertyValueSpecification","valueRequired":true,"valueName":"search_term_string"}}],"inLanguage":"sv-SE"},{"@type":"Organization","@id":"https:\/\/blogg.svenskakyrkan.se\/vandravagen\/#organization","name":"ulricehamns pastorat","alternateName":"ulricehamns pastorat","url":"https:\/\/blogg.svenskakyrkan.se\/vandravagen\/","logo":{"@type":"ImageObject","inLanguage":"sv-SE","@id":"https:\/\/blogg.svenskakyrkan.se\/vandravagen\/#\/schema\/logo\/image\/","url":"https:\/\/blogg.svenskakyrkan.se\/vandravagen\/files\/2023\/05\/Ulr_logo_RGB.png","contentUrl":"https:\/\/blogg.svenskakyrkan.se\/vandravagen\/files\/2023\/05\/Ulr_logo_RGB.png","width":205,"height":77,"caption":"ulricehamns pastorat"},"image":{"@id":"https:\/\/blogg.svenskakyrkan.se\/vandravagen\/#\/schema\/logo\/image\/"},"sameAs":["http:\/\/facebook.com\/vandravagen","https:\/\/x.com\/fadertomas","http:\/\/www.facebook.com\/svenskakyrkaniulricehamn"]},{"@type":"Person","@id":"https:\/\/blogg.svenskakyrkan.se\/vandravagen\/#\/schema\/person\/25da02d4f76b137d04291711e2c9fc16","name":"Tomas Jarvid","image":{"@type":"ImageObject","inLanguage":"sv-SE","@id":"https:\/\/blogg.svenskakyrkan.se\/vandravagen\/#\/schema\/person\/image\/","url":"https:\/\/secure.gravatar.com\/avatar\/7fa71899795e8f540f615a1f5ab25255dc27aa40f05ee7ddd21aac521e01bf50?s=96&d=identicon&r=g","contentUrl":"https:\/\/secure.gravatar.com\/avatar\/7fa71899795e8f540f615a1f5ab25255dc27aa40f05ee7ddd21aac521e01bf50?s=96&d=identicon&r=g","caption":"Tomas Jarvid"},"description":"Jag bor i Ulricehamn i V\u00e4sterg\u00f6tland och \u00e4r f\u00f6rsamlingspr\u00e4st i Svenska Kyrkan f\u00f6r Dalstorps f\u00f6rsamling i Kinds pastorat. P\u00e5 den h\u00e4r bloggen skriver jag ner tankar om vandringen som kristen.","sameAs":["http:\/\/www.vandravagen.se"],"url":"https:\/\/blogg.svenskakyrkan.se\/vandravagen\/author\/vandravagen\/"}]}},"author_meta":{"ID":"392","user_nicename":"vandravagen","user_url":"http:\/\/www.vandravagen.se","user_registered":"2014-05-19 05:44:52","display_name":"Tomas Jarvid","first_name":"Tomas","last_name":"Jarvid","avatar":"https:\/\/secure.gravatar.com\/avatar\/7fa71899795e8f540f615a1f5ab25255dc27aa40f05ee7ddd21aac521e01bf50?s=96&d=identicon&r=g"},"featured_image":false,"bloginfo":{"name":"Vandra V\u00e4gen","url":"https:\/\/blogg.svenskakyrkan.se\/vandravagen"},"_links":{"self":[{"href":"https:\/\/blogg.svenskakyrkan.se\/vandravagen\/wp-json\/wp\/v2\/posts\/2506","targetHints":{"allow":["GET"]}}],"collection":[{"href":"https:\/\/blogg.svenskakyrkan.se\/vandravagen\/wp-json\/wp\/v2\/posts"}],"about":[{"href":"https:\/\/blogg.svenskakyrkan.se\/vandravagen\/wp-json\/wp\/v2\/types\/post"}],"author":[{"embeddable":true,"href":"https:\/\/blogg.svenskakyrkan.se\/vandravagen\/wp-json\/wp\/v2\/users\/392"}],"replies":[{"embeddable":true,"href":"https:\/\/blogg.svenskakyrkan.se\/vandravagen\/wp-json\/wp\/v2\/comments?post=2506"}],"version-history":[{"count":2,"href":"https:\/\/blogg.svenskakyrkan.se\/vandravagen\/wp-json\/wp\/v2\/posts\/2506\/revisions"}],"predecessor-version":[{"id":2511,"href":"https:\/\/blogg.svenskakyrkan.se\/vandravagen\/wp-json\/wp\/v2\/posts\/2506\/revisions\/2511"}],"wp:attachment":[{"href":"https:\/\/blogg.svenskakyrkan.se\/vandravagen\/wp-json\/wp\/v2\/media?parent=2506"}],"wp:term":[{"taxonomy":"category","embeddable":true,"href":"https:\/\/blogg.svenskakyrkan.se\/vandravagen\/wp-json\/wp\/v2\/categories?post=2506"},{"taxonomy":"post_tag","embeddable":true,"href":"https:\/\/blogg.svenskakyrkan.se\/vandravagen\/wp-json\/wp\/v2\/tags?post=2506"}],"curies":[{"name":"wp","href":"https:\/\/api.w.org\/{rel}","templated":true}]}}