{"id":252,"date":"2013-12-06T13:06:00","date_gmt":"2013-12-06T12:06:00","guid":{"rendered":"http:\/\/blogg.svenskakyrkan.se\/vandravagen\/2013\/12\/06\/adventstidens-ikoner-del-1\/"},"modified":"2013-12-06T13:06:00","modified_gmt":"2013-12-06T12:06:00","slug":"adventstidens-ikoner-del-1","status":"publish","type":"post","link":"https:\/\/blogg.svenskakyrkan.se\/vandravagen\/2013\/12\/06\/adventstidens-ikoner-del-1\/","title":{"rendered":"Adventstidens ikoner, del 1"},"content":{"rendered":"<table align=\"center\" cellpadding=\"0\" cellspacing=\"0\">\n<tbody>\n<tr>\n<td><a href=\"http:\/\/1.bp.blogspot.com\/-i1ydPgQWJVI\/Up22blBFgpI\/AAAAAAAAGCs\/_3TMytfKeEc\/s1600\/Palm+Sunday+3.jpg\"><img loading=\"lazy\" decoding=\"async\" border=\"0\" height=\"640\" src=\"http:\/\/1.bp.blogspot.com\/-i1ydPgQWJVI\/Up22blBFgpI\/AAAAAAAAGCs\/_3TMytfKeEc\/s640\/Palm+Sunday+3.jpg\" width=\"472\"><\/a><\/td>\n<\/tr>\n<tr>\n<td>Jesus rider in i Jerusalem. De som \u00e4r sm\u00e5 tar emot honom hj\u00e4rtligast?<\/td>\n<\/tr>\n<\/tbody>\n<\/table>\n<p>Dagens blogginl\u00e4gg \u00e4r n\u00e5got sent p\u00e5 grund av stormen Sven som l\u00e4mnade oss utan el p\u00e5 morgonen (efter 5 dagar p\u00e5 landet kom f\u00f6rsta elavbrottet&#8230;).<\/p>\n<div><\/div>\n<div>H\u00e4r \u00e4r en fantastiskt uttrycksfull ikon f\u00f6rest\u00e4llande Jesu int\u00e5g i Jerusalem, aktuellt s\u00e5h\u00e4r i adventstid. Jag \u00e4r inte v\u00e4ldigt insatt i symboliken men vi ser i alla fall l\u00e4rjungarna som f\u00f6ljer Jesus in i staden (&#8221;l\u00e5t oss f\u00f6lja med och d\u00f6 tillsammans med honom&#8221;, sa Thomas, han som brukar kallas tvivlaren). F\u00f6rst g\u00e5r Petrus med sitt runda sk\u00e4gg. I staden finns det heliga templet och m\u00e4nniskor har kommit ut f\u00f6r att m\u00f6ta och motta Jesus.\u00a0<\/div>\n<div><\/div>\n<div>D\u00e4r finns ocks\u00e5 de som sk\u00e4r kvistar fr\u00e5n tr\u00e4den eller tar av sig sina kl\u00e4der och l\u00e4gger framf\u00f6r Jesus och \u00e5snan (\u00e4r det i sj\u00e4lva verket sina liv och sig sj\u00e4lva de l\u00e4gger ner f\u00f6r honom?). Som vi ser \u00e4r de som engagerar sig mest mycket sm\u00e5 i storleken. Kanske f\u00f6r att det \u00e4r de sm\u00e5, de som \u00e4r som barn, som b\u00e4st tar emot Guds rike? De har inget att f\u00f6rsvara utan tar emot honom helhj\u00e4rtat!<\/p>\n<div><\/div>\n<div><\/div>\n<div>Om du k\u00e4nner till mer symbolik s\u00e5 kommentera g\u00e4rna! Vad \u00e4r det f\u00f6r klippa?<\/div>\n<\/div>\n","protected":false},"excerpt":{"rendered":"<p>Jesus rider in i Jerusalem. De som \u00e4r sm\u00e5 tar emot honom hj\u00e4rtligast? Dagens blogginl\u00e4gg \u00e4r n\u00e5got sent p\u00e5 grund av stormen Sven som l\u00e4mnade oss utan el p\u00e5 morgonen (efter 5 dagar p\u00e5 landet kom f\u00f6rsta elavbrottet&#8230;). H\u00e4r \u00e4r en fantastiskt uttrycksfull ikon f\u00f6rest\u00e4llande Jesu int\u00e5g i Jerusalem, aktuellt s\u00e5h\u00e4r i adventstid. Jag \u00e4r [&hellip;]<\/p>\n","protected":false},"author":392,"featured_media":0,"comment_status":"open","ping_status":"open","sticky":false,"template":"","format":"standard","meta":{"_acf_changed":false,"footnotes":""},"categories":[76189,77928,8252],"tags":[],"class_list":["post-252","post","type-post","status-publish","format-standard","hentry","category-dagens-kyrka","category-ikon","category-kyrkoaret"],"acf":[],"yoast_head":"<!-- This site is optimized with the Yoast SEO plugin v27.1.1 - https:\/\/yoast.com\/product\/yoast-seo-wordpress\/ -->\n<title>Adventstidens ikoner, del 1 - Vandra V\u00e4gen<\/title>\n<meta name=\"robots\" content=\"index, follow, max-snippet:-1, max-image-preview:large, max-video-preview:-1\" \/>\n<link rel=\"canonical\" href=\"https:\/\/blogg.svenskakyrkan.se\/vandravagen\/2013\/12\/06\/adventstidens-ikoner-del-1\/\" \/>\n<meta property=\"og:locale\" content=\"sv_SE\" \/>\n<meta property=\"og:type\" content=\"article\" \/>\n<meta property=\"og:title\" content=\"Adventstidens ikoner, del 1 - Vandra V\u00e4gen\" \/>\n<meta property=\"og:description\" content=\"Jesus rider in i Jerusalem. De som \u00e4r sm\u00e5 tar emot honom hj\u00e4rtligast? Dagens blogginl\u00e4gg \u00e4r n\u00e5got sent p\u00e5 grund av stormen Sven som l\u00e4mnade oss utan el p\u00e5 morgonen (efter 5 dagar p\u00e5 landet kom f\u00f6rsta elavbrottet&#8230;). H\u00e4r \u00e4r en fantastiskt uttrycksfull ikon f\u00f6rest\u00e4llande Jesu int\u00e5g i Jerusalem, aktuellt s\u00e5h\u00e4r i adventstid. Jag \u00e4r [&hellip;]\" \/>\n<meta property=\"og:url\" content=\"https:\/\/blogg.svenskakyrkan.se\/vandravagen\/2013\/12\/06\/adventstidens-ikoner-del-1\/\" \/>\n<meta property=\"og:site_name\" content=\"Vandra V\u00e4gen\" \/>\n<meta property=\"article:publisher\" content=\"http:\/\/facebook.com\/vandravagen\" \/>\n<meta property=\"article:published_time\" content=\"2013-12-06T12:06:00+00:00\" \/>\n<meta property=\"og:image\" content=\"http:\/\/1.bp.blogspot.com\/-i1ydPgQWJVI\/Up22blBFgpI\/AAAAAAAAGCs\/_3TMytfKeEc\/s640\/Palm+Sunday+3.jpg\" \/>\n<meta name=\"author\" content=\"Tomas Jarvid\" \/>\n<meta name=\"twitter:card\" content=\"summary_large_image\" \/>\n<meta name=\"twitter:creator\" content=\"@fadertomas\" \/>\n<meta name=\"twitter:site\" content=\"@fadertomas\" \/>\n<meta name=\"twitter:label1\" content=\"Skriven av\" \/>\n\t<meta name=\"twitter:data1\" content=\"Tomas Jarvid\" \/>\n\t<meta name=\"twitter:label2\" content=\"Ber\u00e4knad l\u00e4stid\" \/>\n\t<meta name=\"twitter:data2\" content=\"1 minut\" \/>\n<script type=\"application\/ld+json\" class=\"yoast-schema-graph\">{\"@context\":\"https:\/\/schema.org\",\"@graph\":[{\"@type\":\"Article\",\"@id\":\"https:\/\/blogg.svenskakyrkan.se\/vandravagen\/2013\/12\/06\/adventstidens-ikoner-del-1\/#article\",\"isPartOf\":{\"@id\":\"https:\/\/blogg.svenskakyrkan.se\/vandravagen\/2013\/12\/06\/adventstidens-ikoner-del-1\/\"},\"author\":{\"name\":\"Tomas Jarvid\",\"@id\":\"https:\/\/blogg.svenskakyrkan.se\/vandravagen\/#\/schema\/person\/25da02d4f76b137d04291711e2c9fc16\"},\"headline\":\"Adventstidens ikoner, del 1\",\"datePublished\":\"2013-12-06T12:06:00+00:00\",\"mainEntityOfPage\":{\"@id\":\"https:\/\/blogg.svenskakyrkan.se\/vandravagen\/2013\/12\/06\/adventstidens-ikoner-del-1\/\"},\"wordCount\":246,\"commentCount\":2,\"publisher\":{\"@id\":\"https:\/\/blogg.svenskakyrkan.se\/vandravagen\/#organization\"},\"image\":{\"@id\":\"https:\/\/blogg.svenskakyrkan.se\/vandravagen\/2013\/12\/06\/adventstidens-ikoner-del-1\/#primaryimage\"},\"thumbnailUrl\":\"http:\/\/1.bp.blogspot.com\/-i1ydPgQWJVI\/Up22blBFgpI\/AAAAAAAAGCs\/_3TMytfKeEc\/s640\/Palm+Sunday+3.jpg\",\"articleSection\":[\"Dagens Kyrka\",\"ikon\",\"kyrko\u00e5ret\"],\"inLanguage\":\"sv-SE\",\"potentialAction\":[{\"@type\":\"CommentAction\",\"name\":\"Comment\",\"target\":[\"https:\/\/blogg.svenskakyrkan.se\/vandravagen\/2013\/12\/06\/adventstidens-ikoner-del-1\/#respond\"]}]},{\"@type\":\"WebPage\",\"@id\":\"https:\/\/blogg.svenskakyrkan.se\/vandravagen\/2013\/12\/06\/adventstidens-ikoner-del-1\/\",\"url\":\"https:\/\/blogg.svenskakyrkan.se\/vandravagen\/2013\/12\/06\/adventstidens-ikoner-del-1\/\",\"name\":\"Adventstidens ikoner, del 1 - Vandra V\u00e4gen\",\"isPartOf\":{\"@id\":\"https:\/\/blogg.svenskakyrkan.se\/vandravagen\/#website\"},\"primaryImageOfPage\":{\"@id\":\"https:\/\/blogg.svenskakyrkan.se\/vandravagen\/2013\/12\/06\/adventstidens-ikoner-del-1\/#primaryimage\"},\"image\":{\"@id\":\"https:\/\/blogg.svenskakyrkan.se\/vandravagen\/2013\/12\/06\/adventstidens-ikoner-del-1\/#primaryimage\"},\"thumbnailUrl\":\"http:\/\/1.bp.blogspot.com\/-i1ydPgQWJVI\/Up22blBFgpI\/AAAAAAAAGCs\/_3TMytfKeEc\/s640\/Palm+Sunday+3.jpg\",\"datePublished\":\"2013-12-06T12:06:00+00:00\",\"breadcrumb\":{\"@id\":\"https:\/\/blogg.svenskakyrkan.se\/vandravagen\/2013\/12\/06\/adventstidens-ikoner-del-1\/#breadcrumb\"},\"inLanguage\":\"sv-SE\",\"potentialAction\":[{\"@type\":\"ReadAction\",\"target\":[\"https:\/\/blogg.svenskakyrkan.se\/vandravagen\/2013\/12\/06\/adventstidens-ikoner-del-1\/\"]}]},{\"@type\":\"ImageObject\",\"inLanguage\":\"sv-SE\",\"@id\":\"https:\/\/blogg.svenskakyrkan.se\/vandravagen\/2013\/12\/06\/adventstidens-ikoner-del-1\/#primaryimage\",\"url\":\"http:\/\/1.bp.blogspot.com\/-i1ydPgQWJVI\/Up22blBFgpI\/AAAAAAAAGCs\/_3TMytfKeEc\/s640\/Palm+Sunday+3.jpg\",\"contentUrl\":\"http:\/\/1.bp.blogspot.com\/-i1ydPgQWJVI\/Up22blBFgpI\/AAAAAAAAGCs\/_3TMytfKeEc\/s640\/Palm+Sunday+3.jpg\"},{\"@type\":\"BreadcrumbList\",\"@id\":\"https:\/\/blogg.svenskakyrkan.se\/vandravagen\/2013\/12\/06\/adventstidens-ikoner-del-1\/#breadcrumb\",\"itemListElement\":[{\"@type\":\"ListItem\",\"position\":1,\"name\":\"Hem\",\"item\":\"https:\/\/blogg.svenskakyrkan.se\/vandravagen\/\"},{\"@type\":\"ListItem\",\"position\":2,\"name\":\"Adventstidens ikoner, del 1\"}]},{\"@type\":\"WebSite\",\"@id\":\"https:\/\/blogg.svenskakyrkan.se\/vandravagen\/#website\",\"url\":\"https:\/\/blogg.svenskakyrkan.se\/vandravagen\/\",\"name\":\"Vandra V\u00e4gen\",\"description\":\"-Mot en tro f\u00f6r hela livet\",\"publisher\":{\"@id\":\"https:\/\/blogg.svenskakyrkan.se\/vandravagen\/#organization\"},\"potentialAction\":[{\"@type\":\"SearchAction\",\"target\":{\"@type\":\"EntryPoint\",\"urlTemplate\":\"https:\/\/blogg.svenskakyrkan.se\/vandravagen\/?s={search_term_string}\"},\"query-input\":{\"@type\":\"PropertyValueSpecification\",\"valueRequired\":true,\"valueName\":\"search_term_string\"}}],\"inLanguage\":\"sv-SE\"},{\"@type\":\"Organization\",\"@id\":\"https:\/\/blogg.svenskakyrkan.se\/vandravagen\/#organization\",\"name\":\"ulricehamns pastorat\",\"alternateName\":\"ulricehamns pastorat\",\"url\":\"https:\/\/blogg.svenskakyrkan.se\/vandravagen\/\",\"logo\":{\"@type\":\"ImageObject\",\"inLanguage\":\"sv-SE\",\"@id\":\"https:\/\/blogg.svenskakyrkan.se\/vandravagen\/#\/schema\/logo\/image\/\",\"url\":\"https:\/\/blogg.svenskakyrkan.se\/vandravagen\/files\/2023\/05\/Ulr_logo_RGB.png\",\"contentUrl\":\"https:\/\/blogg.svenskakyrkan.se\/vandravagen\/files\/2023\/05\/Ulr_logo_RGB.png\",\"width\":205,\"height\":77,\"caption\":\"ulricehamns pastorat\"},\"image\":{\"@id\":\"https:\/\/blogg.svenskakyrkan.se\/vandravagen\/#\/schema\/logo\/image\/\"},\"sameAs\":[\"http:\/\/facebook.com\/vandravagen\",\"https:\/\/x.com\/fadertomas\",\"http:\/\/www.facebook.com\/svenskakyrkaniulricehamn\"]},{\"@type\":\"Person\",\"@id\":\"https:\/\/blogg.svenskakyrkan.se\/vandravagen\/#\/schema\/person\/25da02d4f76b137d04291711e2c9fc16\",\"name\":\"Tomas Jarvid\",\"image\":{\"@type\":\"ImageObject\",\"inLanguage\":\"sv-SE\",\"@id\":\"https:\/\/blogg.svenskakyrkan.se\/vandravagen\/#\/schema\/person\/image\/\",\"url\":\"https:\/\/secure.gravatar.com\/avatar\/7fa71899795e8f540f615a1f5ab25255dc27aa40f05ee7ddd21aac521e01bf50?s=96&d=identicon&r=g\",\"contentUrl\":\"https:\/\/secure.gravatar.com\/avatar\/7fa71899795e8f540f615a1f5ab25255dc27aa40f05ee7ddd21aac521e01bf50?s=96&d=identicon&r=g\",\"caption\":\"Tomas Jarvid\"},\"description\":\"Jag bor i Ulricehamn i V\u00e4sterg\u00f6tland och \u00e4r f\u00f6rsamlingspr\u00e4st i Svenska Kyrkan f\u00f6r Dalstorps f\u00f6rsamling i Kinds pastorat. P\u00e5 den h\u00e4r bloggen skriver jag ner tankar om vandringen som kristen.\",\"sameAs\":[\"http:\/\/www.vandravagen.se\"],\"url\":\"https:\/\/blogg.svenskakyrkan.se\/vandravagen\/author\/vandravagen\/\"}]}<\/script>\n<!-- \/ Yoast SEO plugin. -->","yoast_head_json":{"title":"Adventstidens ikoner, del 1 - Vandra V\u00e4gen","robots":{"index":"index","follow":"follow","max-snippet":"max-snippet:-1","max-image-preview":"max-image-preview:large","max-video-preview":"max-video-preview:-1"},"canonical":"https:\/\/blogg.svenskakyrkan.se\/vandravagen\/2013\/12\/06\/adventstidens-ikoner-del-1\/","og_locale":"sv_SE","og_type":"article","og_title":"Adventstidens ikoner, del 1 - Vandra V\u00e4gen","og_description":"Jesus rider in i Jerusalem. De som \u00e4r sm\u00e5 tar emot honom hj\u00e4rtligast? Dagens blogginl\u00e4gg \u00e4r n\u00e5got sent p\u00e5 grund av stormen Sven som l\u00e4mnade oss utan el p\u00e5 morgonen (efter 5 dagar p\u00e5 landet kom f\u00f6rsta elavbrottet&#8230;). H\u00e4r \u00e4r en fantastiskt uttrycksfull ikon f\u00f6rest\u00e4llande Jesu int\u00e5g i Jerusalem, aktuellt s\u00e5h\u00e4r i adventstid. Jag \u00e4r [&hellip;]","og_url":"https:\/\/blogg.svenskakyrkan.se\/vandravagen\/2013\/12\/06\/adventstidens-ikoner-del-1\/","og_site_name":"Vandra V\u00e4gen","article_publisher":"http:\/\/facebook.com\/vandravagen","article_published_time":"2013-12-06T12:06:00+00:00","og_image":[{"url":"http:\/\/1.bp.blogspot.com\/-i1ydPgQWJVI\/Up22blBFgpI\/AAAAAAAAGCs\/_3TMytfKeEc\/s640\/Palm+Sunday+3.jpg","type":"","width":"","height":""}],"author":"Tomas Jarvid","twitter_card":"summary_large_image","twitter_creator":"@fadertomas","twitter_site":"@fadertomas","twitter_misc":{"Skriven av":"Tomas Jarvid","Ber\u00e4knad l\u00e4stid":"1 minut"},"schema":{"@context":"https:\/\/schema.org","@graph":[{"@type":"Article","@id":"https:\/\/blogg.svenskakyrkan.se\/vandravagen\/2013\/12\/06\/adventstidens-ikoner-del-1\/#article","isPartOf":{"@id":"https:\/\/blogg.svenskakyrkan.se\/vandravagen\/2013\/12\/06\/adventstidens-ikoner-del-1\/"},"author":{"name":"Tomas Jarvid","@id":"https:\/\/blogg.svenskakyrkan.se\/vandravagen\/#\/schema\/person\/25da02d4f76b137d04291711e2c9fc16"},"headline":"Adventstidens ikoner, del 1","datePublished":"2013-12-06T12:06:00+00:00","mainEntityOfPage":{"@id":"https:\/\/blogg.svenskakyrkan.se\/vandravagen\/2013\/12\/06\/adventstidens-ikoner-del-1\/"},"wordCount":246,"commentCount":2,"publisher":{"@id":"https:\/\/blogg.svenskakyrkan.se\/vandravagen\/#organization"},"image":{"@id":"https:\/\/blogg.svenskakyrkan.se\/vandravagen\/2013\/12\/06\/adventstidens-ikoner-del-1\/#primaryimage"},"thumbnailUrl":"http:\/\/1.bp.blogspot.com\/-i1ydPgQWJVI\/Up22blBFgpI\/AAAAAAAAGCs\/_3TMytfKeEc\/s640\/Palm+Sunday+3.jpg","articleSection":["Dagens Kyrka","ikon","kyrko\u00e5ret"],"inLanguage":"sv-SE","potentialAction":[{"@type":"CommentAction","name":"Comment","target":["https:\/\/blogg.svenskakyrkan.se\/vandravagen\/2013\/12\/06\/adventstidens-ikoner-del-1\/#respond"]}]},{"@type":"WebPage","@id":"https:\/\/blogg.svenskakyrkan.se\/vandravagen\/2013\/12\/06\/adventstidens-ikoner-del-1\/","url":"https:\/\/blogg.svenskakyrkan.se\/vandravagen\/2013\/12\/06\/adventstidens-ikoner-del-1\/","name":"Adventstidens ikoner, del 1 - Vandra V\u00e4gen","isPartOf":{"@id":"https:\/\/blogg.svenskakyrkan.se\/vandravagen\/#website"},"primaryImageOfPage":{"@id":"https:\/\/blogg.svenskakyrkan.se\/vandravagen\/2013\/12\/06\/adventstidens-ikoner-del-1\/#primaryimage"},"image":{"@id":"https:\/\/blogg.svenskakyrkan.se\/vandravagen\/2013\/12\/06\/adventstidens-ikoner-del-1\/#primaryimage"},"thumbnailUrl":"http:\/\/1.bp.blogspot.com\/-i1ydPgQWJVI\/Up22blBFgpI\/AAAAAAAAGCs\/_3TMytfKeEc\/s640\/Palm+Sunday+3.jpg","datePublished":"2013-12-06T12:06:00+00:00","breadcrumb":{"@id":"https:\/\/blogg.svenskakyrkan.se\/vandravagen\/2013\/12\/06\/adventstidens-ikoner-del-1\/#breadcrumb"},"inLanguage":"sv-SE","potentialAction":[{"@type":"ReadAction","target":["https:\/\/blogg.svenskakyrkan.se\/vandravagen\/2013\/12\/06\/adventstidens-ikoner-del-1\/"]}]},{"@type":"ImageObject","inLanguage":"sv-SE","@id":"https:\/\/blogg.svenskakyrkan.se\/vandravagen\/2013\/12\/06\/adventstidens-ikoner-del-1\/#primaryimage","url":"http:\/\/1.bp.blogspot.com\/-i1ydPgQWJVI\/Up22blBFgpI\/AAAAAAAAGCs\/_3TMytfKeEc\/s640\/Palm+Sunday+3.jpg","contentUrl":"http:\/\/1.bp.blogspot.com\/-i1ydPgQWJVI\/Up22blBFgpI\/AAAAAAAAGCs\/_3TMytfKeEc\/s640\/Palm+Sunday+3.jpg"},{"@type":"BreadcrumbList","@id":"https:\/\/blogg.svenskakyrkan.se\/vandravagen\/2013\/12\/06\/adventstidens-ikoner-del-1\/#breadcrumb","itemListElement":[{"@type":"ListItem","position":1,"name":"Hem","item":"https:\/\/blogg.svenskakyrkan.se\/vandravagen\/"},{"@type":"ListItem","position":2,"name":"Adventstidens ikoner, del 1"}]},{"@type":"WebSite","@id":"https:\/\/blogg.svenskakyrkan.se\/vandravagen\/#website","url":"https:\/\/blogg.svenskakyrkan.se\/vandravagen\/","name":"Vandra V\u00e4gen","description":"-Mot en tro f\u00f6r hela livet","publisher":{"@id":"https:\/\/blogg.svenskakyrkan.se\/vandravagen\/#organization"},"potentialAction":[{"@type":"SearchAction","target":{"@type":"EntryPoint","urlTemplate":"https:\/\/blogg.svenskakyrkan.se\/vandravagen\/?s={search_term_string}"},"query-input":{"@type":"PropertyValueSpecification","valueRequired":true,"valueName":"search_term_string"}}],"inLanguage":"sv-SE"},{"@type":"Organization","@id":"https:\/\/blogg.svenskakyrkan.se\/vandravagen\/#organization","name":"ulricehamns pastorat","alternateName":"ulricehamns pastorat","url":"https:\/\/blogg.svenskakyrkan.se\/vandravagen\/","logo":{"@type":"ImageObject","inLanguage":"sv-SE","@id":"https:\/\/blogg.svenskakyrkan.se\/vandravagen\/#\/schema\/logo\/image\/","url":"https:\/\/blogg.svenskakyrkan.se\/vandravagen\/files\/2023\/05\/Ulr_logo_RGB.png","contentUrl":"https:\/\/blogg.svenskakyrkan.se\/vandravagen\/files\/2023\/05\/Ulr_logo_RGB.png","width":205,"height":77,"caption":"ulricehamns pastorat"},"image":{"@id":"https:\/\/blogg.svenskakyrkan.se\/vandravagen\/#\/schema\/logo\/image\/"},"sameAs":["http:\/\/facebook.com\/vandravagen","https:\/\/x.com\/fadertomas","http:\/\/www.facebook.com\/svenskakyrkaniulricehamn"]},{"@type":"Person","@id":"https:\/\/blogg.svenskakyrkan.se\/vandravagen\/#\/schema\/person\/25da02d4f76b137d04291711e2c9fc16","name":"Tomas Jarvid","image":{"@type":"ImageObject","inLanguage":"sv-SE","@id":"https:\/\/blogg.svenskakyrkan.se\/vandravagen\/#\/schema\/person\/image\/","url":"https:\/\/secure.gravatar.com\/avatar\/7fa71899795e8f540f615a1f5ab25255dc27aa40f05ee7ddd21aac521e01bf50?s=96&d=identicon&r=g","contentUrl":"https:\/\/secure.gravatar.com\/avatar\/7fa71899795e8f540f615a1f5ab25255dc27aa40f05ee7ddd21aac521e01bf50?s=96&d=identicon&r=g","caption":"Tomas Jarvid"},"description":"Jag bor i Ulricehamn i V\u00e4sterg\u00f6tland och \u00e4r f\u00f6rsamlingspr\u00e4st i Svenska Kyrkan f\u00f6r Dalstorps f\u00f6rsamling i Kinds pastorat. P\u00e5 den h\u00e4r bloggen skriver jag ner tankar om vandringen som kristen.","sameAs":["http:\/\/www.vandravagen.se"],"url":"https:\/\/blogg.svenskakyrkan.se\/vandravagen\/author\/vandravagen\/"}]}},"author_meta":{"ID":"392","user_nicename":"vandravagen","user_url":"http:\/\/www.vandravagen.se","user_registered":"2014-05-19 05:44:52","display_name":"Tomas Jarvid","first_name":"Tomas","last_name":"Jarvid","avatar":"https:\/\/secure.gravatar.com\/avatar\/7fa71899795e8f540f615a1f5ab25255dc27aa40f05ee7ddd21aac521e01bf50?s=96&d=identicon&r=g"},"featured_image":false,"bloginfo":{"name":"Vandra V\u00e4gen","url":"https:\/\/blogg.svenskakyrkan.se\/vandravagen"},"_links":{"self":[{"href":"https:\/\/blogg.svenskakyrkan.se\/vandravagen\/wp-json\/wp\/v2\/posts\/252","targetHints":{"allow":["GET"]}}],"collection":[{"href":"https:\/\/blogg.svenskakyrkan.se\/vandravagen\/wp-json\/wp\/v2\/posts"}],"about":[{"href":"https:\/\/blogg.svenskakyrkan.se\/vandravagen\/wp-json\/wp\/v2\/types\/post"}],"author":[{"embeddable":true,"href":"https:\/\/blogg.svenskakyrkan.se\/vandravagen\/wp-json\/wp\/v2\/users\/392"}],"replies":[{"embeddable":true,"href":"https:\/\/blogg.svenskakyrkan.se\/vandravagen\/wp-json\/wp\/v2\/comments?post=252"}],"version-history":[{"count":0,"href":"https:\/\/blogg.svenskakyrkan.se\/vandravagen\/wp-json\/wp\/v2\/posts\/252\/revisions"}],"wp:attachment":[{"href":"https:\/\/blogg.svenskakyrkan.se\/vandravagen\/wp-json\/wp\/v2\/media?parent=252"}],"wp:term":[{"taxonomy":"category","embeddable":true,"href":"https:\/\/blogg.svenskakyrkan.se\/vandravagen\/wp-json\/wp\/v2\/categories?post=252"},{"taxonomy":"post_tag","embeddable":true,"href":"https:\/\/blogg.svenskakyrkan.se\/vandravagen\/wp-json\/wp\/v2\/tags?post=252"}],"curies":[{"name":"wp","href":"https:\/\/api.w.org\/{rel}","templated":true}]}}