{"id":253,"date":"2013-12-05T10:27:00","date_gmt":"2013-12-05T09:27:00","guid":{"rendered":"http:\/\/blogg.svenskakyrkan.se\/vandravagen\/2013\/12\/05\/veckans-samlade-favoriter-fran-twitter-6\/"},"modified":"2013-12-05T10:27:00","modified_gmt":"2013-12-05T09:27:00","slug":"veckans-samlade-favoriter-fran-twitter-6","status":"publish","type":"post","link":"https:\/\/blogg.svenskakyrkan.se\/vandravagen\/2013\/12\/05\/veckans-samlade-favoriter-fran-twitter-6\/","title":{"rendered":"Veckans samlade favoriter fr\u00e5n twitter"},"content":{"rendered":"<table align=\"center\" cellpadding=\"0\" cellspacing=\"0\">\n<tbody>\n<tr>\n<td><a href=\"http:\/\/3.bp.blogspot.com\/-z-wwLqviM4o\/UqA0_FcAOrI\/AAAAAAAAGFE\/75lN8DQ0TbI\/s1600\/IMG_2621.JPG\"><img loading=\"lazy\" decoding=\"async\" border=\"0\" height=\"482\" src=\"http:\/\/3.bp.blogspot.com\/-z-wwLqviM4o\/UqA0_FcAOrI\/AAAAAAAAGFE\/75lN8DQ0TbI\/s640\/IMG_2621.JPG\" width=\"640\"><\/a><\/td>\n<\/tr>\n<tr>\n<td>Den progressive bonden l\u00e4ser tidningen, men h\u00e4r \u00e4r annars en massa fina tweets!\u00a0<\/td>\n<\/tr>\n<\/tbody>\n<\/table>\n<div><\/div>\n<div>Idag ska jag prata med dagbarn och dagmammor om julen. Men f\u00f6rst tar vi en liten h\u00f6g av de b\u00e4sta tweets n\u00e4tet erbjudit i veckan!<\/div>\n<div><\/div>\n<div><b>Kristna (?) tweets<\/b><\/div>\n<div><\/div>\n<div>Adventstweetet nummer 1!<\/div>\n<div><a href=\"http:\/\/3.bp.blogspot.com\/-RLjnnIAFIo4\/UqA03cwN-RI\/AAAAAAAAGEo\/H-_sj1pYPRQ\/s1600\/Ska%CC%88rmavbild+2013-12-04+kl.+20.02.35.png\"><img loading=\"lazy\" decoding=\"async\" border=\"0\" height=\"83\" src=\"http:\/\/3.bp.blogspot.com\/-RLjnnIAFIo4\/UqA03cwN-RI\/AAAAAAAAGEo\/H-_sj1pYPRQ\/s400\/Ska%CC%88rmavbild+2013-12-04+kl.+20.02.35.png\" width=\"400\"><\/a><\/div>\n<div><\/div>\n<div>Det h\u00e4r var ju j\u00e4ttebra Augustinus! Nu kan jag skylla ifr\u00e5n mig p\u00e5 lyssnaren n\u00e4r jag \u00e4r tr\u00e5kig \ud83d\ude09<\/div>\n<div><a href=\"http:\/\/1.bp.blogspot.com\/-jtVYvClzr1c\/UqA0z_-baGI\/AAAAAAAAGEA\/LqKAEGoDVpQ\/s1600\/Ska%CC%88rmavbild+2013-12-04+kl.+19.55.50.png\"><img loading=\"lazy\" decoding=\"async\" border=\"0\" height=\"86\" src=\"http:\/\/1.bp.blogspot.com\/-jtVYvClzr1c\/UqA0z_-baGI\/AAAAAAAAGEA\/LqKAEGoDVpQ\/s400\/Ska%CC%88rmavbild+2013-12-04+kl.+19.55.50.png\" width=\"400\"><\/a><\/div>\n<div><\/div>\n<div><a href=\"http:\/\/1.bp.blogspot.com\/-mCsEDya4KxI\/UqA0xSYQ0uI\/AAAAAAAAGDY\/WIc-z8WPkvA\/s1600\/Ska%CC%88rmavbild+2013-12-04+kl.+19.56.33.png\"><img loading=\"lazy\" decoding=\"async\" border=\"0\" height=\"85\" src=\"http:\/\/1.bp.blogspot.com\/-mCsEDya4KxI\/UqA0xSYQ0uI\/AAAAAAAAGDY\/WIc-z8WPkvA\/s400\/Ska%CC%88rmavbild+2013-12-04+kl.+19.56.33.png\" width=\"400\"><\/a><\/div>\n<div><\/div>\n<div><\/div>\n<div><a href=\"http:\/\/1.bp.blogspot.com\/-Q7NFS9vxGCw\/UqA0ysE9_ZI\/AAAAAAAAGDw\/BU1qRUyTFKg\/s1600\/Ska%CC%88rmavbild+2013-12-04+kl.+19.57.25.png\"><img loading=\"lazy\" decoding=\"async\" border=\"0\" height=\"71\" src=\"http:\/\/1.bp.blogspot.com\/-Q7NFS9vxGCw\/UqA0ysE9_ZI\/AAAAAAAAGDw\/BU1qRUyTFKg\/s400\/Ska%CC%88rmavbild+2013-12-04+kl.+19.57.25.png\" width=\"400\"><\/a><\/div>\n<div><\/div>\n<div><\/div>\n<div><a href=\"http:\/\/2.bp.blogspot.com\/-zCUcd6ba3-A\/UqA00Th6QsI\/AAAAAAAAGEQ\/Y2hAlsaetro\/s1600\/Ska%CC%88rmavbild+2013-12-04+kl.+19.59.10.png\"><img loading=\"lazy\" decoding=\"async\" border=\"0\" height=\"72\" src=\"http:\/\/2.bp.blogspot.com\/-zCUcd6ba3-A\/UqA00Th6QsI\/AAAAAAAAGEQ\/Y2hAlsaetro\/s400\/Ska%CC%88rmavbild+2013-12-04+kl.+19.59.10.png\" width=\"400\"><\/a><\/div>\n<div><\/div>\n<div><\/div>\n<div><b>Kloka tweets<\/b><\/div>\n<\/p>\n<div><a href=\"http:\/\/2.bp.blogspot.com\/-yjACEfasnDc\/UqA0xY29qFI\/AAAAAAAAGDU\/uadsz87CgTc\/s1600\/Ska%CC%88rmavbild+2013-12-04+kl.+19.56.24.png\"><img loading=\"lazy\" decoding=\"async\" border=\"0\" height=\"72\" src=\"http:\/\/2.bp.blogspot.com\/-yjACEfasnDc\/UqA0xY29qFI\/AAAAAAAAGDU\/uadsz87CgTc\/s400\/Ska%CC%88rmavbild+2013-12-04+kl.+19.56.24.png\" width=\"400\"><\/a><\/div>\n<div><\/div>\n<\/p>\n<div><a href=\"http:\/\/2.bp.blogspot.com\/-LJSr4gvof-4\/UqA04_hbK0I\/AAAAAAAAGE0\/n39DMgUTSms\/s1600\/Ska%CC%88rmavbild+2013-12-04+kl.+20.04.28.png\"><img loading=\"lazy\" decoding=\"async\" border=\"0\" height=\"73\" src=\"http:\/\/2.bp.blogspot.com\/-LJSr4gvof-4\/UqA04_hbK0I\/AAAAAAAAGE0\/n39DMgUTSms\/s400\/Ska%CC%88rmavbild+2013-12-04+kl.+20.04.28.png\" width=\"400\"><\/a><\/div>\n<div><\/div>\n<\/p>\n<div><a href=\"http:\/\/3.bp.blogspot.com\/-FMcHUQvdxWE\/UqA0x8j9bHI\/AAAAAAAAGDc\/IGdzx9aITNk\/s1600\/Ska%CC%88rmavbild+2013-12-04+kl.+19.56.43.png\"><img loading=\"lazy\" decoding=\"async\" border=\"0\" height=\"58\" src=\"http:\/\/3.bp.blogspot.com\/-FMcHUQvdxWE\/UqA0x8j9bHI\/AAAAAAAAGDc\/IGdzx9aITNk\/s400\/Ska%CC%88rmavbild+2013-12-04+kl.+19.56.43.png\" width=\"400\"><\/a><\/div>\n<div><\/div>\n<\/p>\n<div>Kanske beror det mest p\u00e5 <a href=\"http:\/\/www.vandravagen.se\/2013\/05\/allt-om-anknytning-jamarigorientering.html\">anknytningen?<\/a><\/div>\n<div><a href=\"http:\/\/1.bp.blogspot.com\/-4iNZB1ZI8rw\/UqA00ecPsFI\/AAAAAAAAGEM\/kD4gV4rPq-o\/s1600\/Ska%CC%88rmavbild+2013-12-04+kl.+20.00.00.png\"><img loading=\"lazy\" decoding=\"async\" border=\"0\" height=\"73\" src=\"http:\/\/1.bp.blogspot.com\/-4iNZB1ZI8rw\/UqA00ecPsFI\/AAAAAAAAGEM\/kD4gV4rPq-o\/s400\/Ska%CC%88rmavbild+2013-12-04+kl.+20.00.00.png\" width=\"400\"><\/a><\/div>\n<\/p>\n<div><\/div>\n<\/p>\n<div><b>Roliga\/\u00f6vriga tweets<\/b><\/div>\n<\/p>\n<div><a href=\"http:\/\/1.bp.blogspot.com\/-z5qmuf2dZ8M\/UqA03KqFWhI\/AAAAAAAAGEk\/CPT8AhC42r0\/s1600\/Ska%CC%88rmavbild+2013-12-04+kl.+19.58.06.png\"><img loading=\"lazy\" decoding=\"async\" border=\"0\" height=\"71\" src=\"http:\/\/1.bp.blogspot.com\/-z5qmuf2dZ8M\/UqA03KqFWhI\/AAAAAAAAGEk\/CPT8AhC42r0\/s400\/Ska%CC%88rmavbild+2013-12-04+kl.+19.58.06.png\" width=\"400\"><\/a><\/div>\n<div><a href=\"http:\/\/2.bp.blogspot.com\/-noL18aeqJ68\/UqA0zg24Q8I\/AAAAAAAAGD8\/uEYCRKXyXl4\/s1600\/Ska%CC%88rmavbild+2013-12-04+kl.+19.58.34.png\"><img loading=\"lazy\" decoding=\"async\" border=\"0\" height=\"100\" src=\"http:\/\/2.bp.blogspot.com\/-noL18aeqJ68\/UqA0zg24Q8I\/AAAAAAAAGD8\/uEYCRKXyXl4\/s400\/Ska%CC%88rmavbild+2013-12-04+kl.+19.58.34.png\" width=\"400\"><\/a><\/div>\n<\/p>\n<div><\/div>\n<div><\/div>\n<div><a href=\"http:\/\/1.bp.blogspot.com\/-IrokgNBXNvU\/UqA01AcSvKI\/AAAAAAAAGEY\/-A2bBUic78s\/s1600\/Ska%CC%88rmavbild+2013-12-04+kl.+20.00.29.png\"><img loading=\"lazy\" decoding=\"async\" border=\"0\" height=\"142\" src=\"http:\/\/1.bp.blogspot.com\/-IrokgNBXNvU\/UqA01AcSvKI\/AAAAAAAAGEY\/-A2bBUic78s\/s400\/Ska%CC%88rmavbild+2013-12-04+kl.+20.00.29.png\" width=\"400\"><\/a><\/div>\n<\/p>\n<div><\/div>\n<\/p>\n<div><a href=\"http:\/\/2.bp.blogspot.com\/-dcuKJu1hJqA\/UqA04w2C7VI\/AAAAAAAAGE4\/yw2sBkug6f4\/s1600\/Ska%CC%88rmavbild+2013-12-04+kl.+20.04.16.png\"><img loading=\"lazy\" decoding=\"async\" border=\"0\" height=\"90\" src=\"http:\/\/2.bp.blogspot.com\/-dcuKJu1hJqA\/UqA04w2C7VI\/AAAAAAAAGE4\/yw2sBkug6f4\/s400\/Ska%CC%88rmavbild+2013-12-04+kl.+20.04.16.png\" width=\"400\"><\/a><\/div>\n<div><\/div>\n<\/p>\n<div><\/div>\n<div><\/div>\n<div><b>Veckans b\u00e4sta tweet<\/b><\/div>\n<div><\/div>\n<div>Fr\u00e5n @FrknMlmqvst rymmer stor vishet, sj\u00e4lv \u00e4r jag l\u00e5ngt d\u00e4rifr\u00e5n \u00e4nnu&#8230;<\/div>\n<div><a href=\"http:\/\/2.bp.blogspot.com\/--eXVG8J5XyA\/UqA0yjnsAnI\/AAAAAAAAGDs\/0eg8MUBYibo\/s1600\/Ska%CC%88rmavbild+2013-12-04+kl.+19.57.40.png\"><img loading=\"lazy\" decoding=\"async\" border=\"0\" height=\"70\" src=\"http:\/\/2.bp.blogspot.com\/--eXVG8J5XyA\/UqA0yjnsAnI\/AAAAAAAAGDs\/0eg8MUBYibo\/s400\/Ska%CC%88rmavbild+2013-12-04+kl.+19.57.40.png\" width=\"400\"><\/a><\/div>\n<div><\/div>\n<div>Tack alla f\u00f6r \u00e4nnu en vecka!<\/div><\/p>\n","protected":false},"excerpt":{"rendered":"<p>Den progressive bonden l\u00e4ser tidningen, men h\u00e4r \u00e4r annars en massa fina tweets!\u00a0 Idag ska jag prata med dagbarn och dagmammor om julen. Men f\u00f6rst tar vi en liten h\u00f6g av de b\u00e4sta tweets n\u00e4tet erbjudit i veckan! Kristna (?) tweets Adventstweetet nummer 1! Det h\u00e4r var ju j\u00e4ttebra Augustinus! Nu kan jag skylla ifr\u00e5n [&hellip;]<\/p>\n","protected":false},"author":392,"featured_media":0,"comment_status":"open","ping_status":"open","sticky":false,"template":"","format":"standard","meta":{"_acf_changed":false,"footnotes":""},"categories":[76189,78772],"tags":[],"class_list":["post-253","post","type-post","status-publish","format-standard","hentry","category-dagens-kyrka","category-favorittweets"],"acf":[],"yoast_head":"<!-- This site is optimized with the Yoast SEO plugin v27.1.1 - https:\/\/yoast.com\/product\/yoast-seo-wordpress\/ -->\n<title>Veckans samlade favoriter fr\u00e5n twitter - Vandra V\u00e4gen<\/title>\n<meta name=\"robots\" content=\"index, follow, max-snippet:-1, max-image-preview:large, max-video-preview:-1\" \/>\n<link rel=\"canonical\" href=\"https:\/\/blogg.svenskakyrkan.se\/vandravagen\/2013\/12\/05\/veckans-samlade-favoriter-fran-twitter-6\/\" \/>\n<meta property=\"og:locale\" content=\"sv_SE\" \/>\n<meta property=\"og:type\" content=\"article\" \/>\n<meta property=\"og:title\" content=\"Veckans samlade favoriter fr\u00e5n twitter - Vandra V\u00e4gen\" \/>\n<meta property=\"og:description\" content=\"Den progressive bonden l\u00e4ser tidningen, men h\u00e4r \u00e4r annars en massa fina tweets!\u00a0 Idag ska jag prata med dagbarn och dagmammor om julen. Men f\u00f6rst tar vi en liten h\u00f6g av de b\u00e4sta tweets n\u00e4tet erbjudit i veckan! Kristna (?) tweets Adventstweetet nummer 1! Det h\u00e4r var ju j\u00e4ttebra Augustinus! Nu kan jag skylla ifr\u00e5n [&hellip;]\" \/>\n<meta property=\"og:url\" content=\"https:\/\/blogg.svenskakyrkan.se\/vandravagen\/2013\/12\/05\/veckans-samlade-favoriter-fran-twitter-6\/\" \/>\n<meta property=\"og:site_name\" content=\"Vandra V\u00e4gen\" \/>\n<meta property=\"article:publisher\" content=\"http:\/\/facebook.com\/vandravagen\" \/>\n<meta property=\"article:published_time\" content=\"2013-12-05T09:27:00+00:00\" \/>\n<meta property=\"og:image\" content=\"http:\/\/3.bp.blogspot.com\/-z-wwLqviM4o\/UqA0_FcAOrI\/AAAAAAAAGFE\/75lN8DQ0TbI\/s640\/IMG_2621.JPG\" \/>\n<meta name=\"author\" content=\"Tomas Jarvid\" \/>\n<meta name=\"twitter:card\" content=\"summary_large_image\" \/>\n<meta name=\"twitter:creator\" content=\"@fadertomas\" \/>\n<meta name=\"twitter:site\" content=\"@fadertomas\" \/>\n<meta name=\"twitter:label1\" content=\"Skriven av\" \/>\n\t<meta name=\"twitter:data1\" content=\"Tomas Jarvid\" \/>\n\t<meta name=\"twitter:label2\" content=\"Ber\u00e4knad l\u00e4stid\" \/>\n\t<meta name=\"twitter:data2\" content=\"1 minut\" \/>\n<script type=\"application\/ld+json\" class=\"yoast-schema-graph\">{\"@context\":\"https:\/\/schema.org\",\"@graph\":[{\"@type\":\"Article\",\"@id\":\"https:\/\/blogg.svenskakyrkan.se\/vandravagen\/2013\/12\/05\/veckans-samlade-favoriter-fran-twitter-6\/#article\",\"isPartOf\":{\"@id\":\"https:\/\/blogg.svenskakyrkan.se\/vandravagen\/2013\/12\/05\/veckans-samlade-favoriter-fran-twitter-6\/\"},\"author\":{\"name\":\"Tomas Jarvid\",\"@id\":\"https:\/\/blogg.svenskakyrkan.se\/vandravagen\/#\/schema\/person\/25da02d4f76b137d04291711e2c9fc16\"},\"headline\":\"Veckans samlade favoriter fr\u00e5n twitter\",\"datePublished\":\"2013-12-05T09:27:00+00:00\",\"mainEntityOfPage\":{\"@id\":\"https:\/\/blogg.svenskakyrkan.se\/vandravagen\/2013\/12\/05\/veckans-samlade-favoriter-fran-twitter-6\/\"},\"wordCount\":115,\"commentCount\":0,\"publisher\":{\"@id\":\"https:\/\/blogg.svenskakyrkan.se\/vandravagen\/#organization\"},\"image\":{\"@id\":\"https:\/\/blogg.svenskakyrkan.se\/vandravagen\/2013\/12\/05\/veckans-samlade-favoriter-fran-twitter-6\/#primaryimage\"},\"thumbnailUrl\":\"http:\/\/3.bp.blogspot.com\/-z-wwLqviM4o\/UqA0_FcAOrI\/AAAAAAAAGFE\/75lN8DQ0TbI\/s640\/IMG_2621.JPG\",\"articleSection\":[\"Dagens Kyrka\",\"favorittweets\"],\"inLanguage\":\"sv-SE\",\"potentialAction\":[{\"@type\":\"CommentAction\",\"name\":\"Comment\",\"target\":[\"https:\/\/blogg.svenskakyrkan.se\/vandravagen\/2013\/12\/05\/veckans-samlade-favoriter-fran-twitter-6\/#respond\"]}]},{\"@type\":\"WebPage\",\"@id\":\"https:\/\/blogg.svenskakyrkan.se\/vandravagen\/2013\/12\/05\/veckans-samlade-favoriter-fran-twitter-6\/\",\"url\":\"https:\/\/blogg.svenskakyrkan.se\/vandravagen\/2013\/12\/05\/veckans-samlade-favoriter-fran-twitter-6\/\",\"name\":\"Veckans samlade favoriter fr\u00e5n twitter - Vandra V\u00e4gen\",\"isPartOf\":{\"@id\":\"https:\/\/blogg.svenskakyrkan.se\/vandravagen\/#website\"},\"primaryImageOfPage\":{\"@id\":\"https:\/\/blogg.svenskakyrkan.se\/vandravagen\/2013\/12\/05\/veckans-samlade-favoriter-fran-twitter-6\/#primaryimage\"},\"image\":{\"@id\":\"https:\/\/blogg.svenskakyrkan.se\/vandravagen\/2013\/12\/05\/veckans-samlade-favoriter-fran-twitter-6\/#primaryimage\"},\"thumbnailUrl\":\"http:\/\/3.bp.blogspot.com\/-z-wwLqviM4o\/UqA0_FcAOrI\/AAAAAAAAGFE\/75lN8DQ0TbI\/s640\/IMG_2621.JPG\",\"datePublished\":\"2013-12-05T09:27:00+00:00\",\"breadcrumb\":{\"@id\":\"https:\/\/blogg.svenskakyrkan.se\/vandravagen\/2013\/12\/05\/veckans-samlade-favoriter-fran-twitter-6\/#breadcrumb\"},\"inLanguage\":\"sv-SE\",\"potentialAction\":[{\"@type\":\"ReadAction\",\"target\":[\"https:\/\/blogg.svenskakyrkan.se\/vandravagen\/2013\/12\/05\/veckans-samlade-favoriter-fran-twitter-6\/\"]}]},{\"@type\":\"ImageObject\",\"inLanguage\":\"sv-SE\",\"@id\":\"https:\/\/blogg.svenskakyrkan.se\/vandravagen\/2013\/12\/05\/veckans-samlade-favoriter-fran-twitter-6\/#primaryimage\",\"url\":\"http:\/\/3.bp.blogspot.com\/-z-wwLqviM4o\/UqA0_FcAOrI\/AAAAAAAAGFE\/75lN8DQ0TbI\/s640\/IMG_2621.JPG\",\"contentUrl\":\"http:\/\/3.bp.blogspot.com\/-z-wwLqviM4o\/UqA0_FcAOrI\/AAAAAAAAGFE\/75lN8DQ0TbI\/s640\/IMG_2621.JPG\"},{\"@type\":\"BreadcrumbList\",\"@id\":\"https:\/\/blogg.svenskakyrkan.se\/vandravagen\/2013\/12\/05\/veckans-samlade-favoriter-fran-twitter-6\/#breadcrumb\",\"itemListElement\":[{\"@type\":\"ListItem\",\"position\":1,\"name\":\"Hem\",\"item\":\"https:\/\/blogg.svenskakyrkan.se\/vandravagen\/\"},{\"@type\":\"ListItem\",\"position\":2,\"name\":\"Veckans samlade favoriter fr\u00e5n twitter\"}]},{\"@type\":\"WebSite\",\"@id\":\"https:\/\/blogg.svenskakyrkan.se\/vandravagen\/#website\",\"url\":\"https:\/\/blogg.svenskakyrkan.se\/vandravagen\/\",\"name\":\"Vandra V\u00e4gen\",\"description\":\"-Mot en tro f\u00f6r hela livet\",\"publisher\":{\"@id\":\"https:\/\/blogg.svenskakyrkan.se\/vandravagen\/#organization\"},\"potentialAction\":[{\"@type\":\"SearchAction\",\"target\":{\"@type\":\"EntryPoint\",\"urlTemplate\":\"https:\/\/blogg.svenskakyrkan.se\/vandravagen\/?s={search_term_string}\"},\"query-input\":{\"@type\":\"PropertyValueSpecification\",\"valueRequired\":true,\"valueName\":\"search_term_string\"}}],\"inLanguage\":\"sv-SE\"},{\"@type\":\"Organization\",\"@id\":\"https:\/\/blogg.svenskakyrkan.se\/vandravagen\/#organization\",\"name\":\"ulricehamns pastorat\",\"alternateName\":\"ulricehamns pastorat\",\"url\":\"https:\/\/blogg.svenskakyrkan.se\/vandravagen\/\",\"logo\":{\"@type\":\"ImageObject\",\"inLanguage\":\"sv-SE\",\"@id\":\"https:\/\/blogg.svenskakyrkan.se\/vandravagen\/#\/schema\/logo\/image\/\",\"url\":\"https:\/\/blogg.svenskakyrkan.se\/vandravagen\/files\/2023\/05\/Ulr_logo_RGB.png\",\"contentUrl\":\"https:\/\/blogg.svenskakyrkan.se\/vandravagen\/files\/2023\/05\/Ulr_logo_RGB.png\",\"width\":205,\"height\":77,\"caption\":\"ulricehamns pastorat\"},\"image\":{\"@id\":\"https:\/\/blogg.svenskakyrkan.se\/vandravagen\/#\/schema\/logo\/image\/\"},\"sameAs\":[\"http:\/\/facebook.com\/vandravagen\",\"https:\/\/x.com\/fadertomas\",\"http:\/\/www.facebook.com\/svenskakyrkaniulricehamn\"]},{\"@type\":\"Person\",\"@id\":\"https:\/\/blogg.svenskakyrkan.se\/vandravagen\/#\/schema\/person\/25da02d4f76b137d04291711e2c9fc16\",\"name\":\"Tomas Jarvid\",\"image\":{\"@type\":\"ImageObject\",\"inLanguage\":\"sv-SE\",\"@id\":\"https:\/\/blogg.svenskakyrkan.se\/vandravagen\/#\/schema\/person\/image\/\",\"url\":\"https:\/\/secure.gravatar.com\/avatar\/7fa71899795e8f540f615a1f5ab25255dc27aa40f05ee7ddd21aac521e01bf50?s=96&d=identicon&r=g\",\"contentUrl\":\"https:\/\/secure.gravatar.com\/avatar\/7fa71899795e8f540f615a1f5ab25255dc27aa40f05ee7ddd21aac521e01bf50?s=96&d=identicon&r=g\",\"caption\":\"Tomas Jarvid\"},\"description\":\"Jag bor i Ulricehamn i V\u00e4sterg\u00f6tland och \u00e4r f\u00f6rsamlingspr\u00e4st i Svenska Kyrkan f\u00f6r Dalstorps f\u00f6rsamling i Kinds pastorat. P\u00e5 den h\u00e4r bloggen skriver jag ner tankar om vandringen som kristen.\",\"sameAs\":[\"http:\/\/www.vandravagen.se\"],\"url\":\"https:\/\/blogg.svenskakyrkan.se\/vandravagen\/author\/vandravagen\/\"}]}<\/script>\n<!-- \/ Yoast SEO plugin. -->","yoast_head_json":{"title":"Veckans samlade favoriter fr\u00e5n twitter - Vandra V\u00e4gen","robots":{"index":"index","follow":"follow","max-snippet":"max-snippet:-1","max-image-preview":"max-image-preview:large","max-video-preview":"max-video-preview:-1"},"canonical":"https:\/\/blogg.svenskakyrkan.se\/vandravagen\/2013\/12\/05\/veckans-samlade-favoriter-fran-twitter-6\/","og_locale":"sv_SE","og_type":"article","og_title":"Veckans samlade favoriter fr\u00e5n twitter - Vandra V\u00e4gen","og_description":"Den progressive bonden l\u00e4ser tidningen, men h\u00e4r \u00e4r annars en massa fina tweets!\u00a0 Idag ska jag prata med dagbarn och dagmammor om julen. Men f\u00f6rst tar vi en liten h\u00f6g av de b\u00e4sta tweets n\u00e4tet erbjudit i veckan! Kristna (?) tweets Adventstweetet nummer 1! Det h\u00e4r var ju j\u00e4ttebra Augustinus! Nu kan jag skylla ifr\u00e5n [&hellip;]","og_url":"https:\/\/blogg.svenskakyrkan.se\/vandravagen\/2013\/12\/05\/veckans-samlade-favoriter-fran-twitter-6\/","og_site_name":"Vandra V\u00e4gen","article_publisher":"http:\/\/facebook.com\/vandravagen","article_published_time":"2013-12-05T09:27:00+00:00","og_image":[{"url":"http:\/\/3.bp.blogspot.com\/-z-wwLqviM4o\/UqA0_FcAOrI\/AAAAAAAAGFE\/75lN8DQ0TbI\/s640\/IMG_2621.JPG","type":"","width":"","height":""}],"author":"Tomas Jarvid","twitter_card":"summary_large_image","twitter_creator":"@fadertomas","twitter_site":"@fadertomas","twitter_misc":{"Skriven av":"Tomas Jarvid","Ber\u00e4knad l\u00e4stid":"1 minut"},"schema":{"@context":"https:\/\/schema.org","@graph":[{"@type":"Article","@id":"https:\/\/blogg.svenskakyrkan.se\/vandravagen\/2013\/12\/05\/veckans-samlade-favoriter-fran-twitter-6\/#article","isPartOf":{"@id":"https:\/\/blogg.svenskakyrkan.se\/vandravagen\/2013\/12\/05\/veckans-samlade-favoriter-fran-twitter-6\/"},"author":{"name":"Tomas Jarvid","@id":"https:\/\/blogg.svenskakyrkan.se\/vandravagen\/#\/schema\/person\/25da02d4f76b137d04291711e2c9fc16"},"headline":"Veckans samlade favoriter fr\u00e5n twitter","datePublished":"2013-12-05T09:27:00+00:00","mainEntityOfPage":{"@id":"https:\/\/blogg.svenskakyrkan.se\/vandravagen\/2013\/12\/05\/veckans-samlade-favoriter-fran-twitter-6\/"},"wordCount":115,"commentCount":0,"publisher":{"@id":"https:\/\/blogg.svenskakyrkan.se\/vandravagen\/#organization"},"image":{"@id":"https:\/\/blogg.svenskakyrkan.se\/vandravagen\/2013\/12\/05\/veckans-samlade-favoriter-fran-twitter-6\/#primaryimage"},"thumbnailUrl":"http:\/\/3.bp.blogspot.com\/-z-wwLqviM4o\/UqA0_FcAOrI\/AAAAAAAAGFE\/75lN8DQ0TbI\/s640\/IMG_2621.JPG","articleSection":["Dagens Kyrka","favorittweets"],"inLanguage":"sv-SE","potentialAction":[{"@type":"CommentAction","name":"Comment","target":["https:\/\/blogg.svenskakyrkan.se\/vandravagen\/2013\/12\/05\/veckans-samlade-favoriter-fran-twitter-6\/#respond"]}]},{"@type":"WebPage","@id":"https:\/\/blogg.svenskakyrkan.se\/vandravagen\/2013\/12\/05\/veckans-samlade-favoriter-fran-twitter-6\/","url":"https:\/\/blogg.svenskakyrkan.se\/vandravagen\/2013\/12\/05\/veckans-samlade-favoriter-fran-twitter-6\/","name":"Veckans samlade favoriter fr\u00e5n twitter - Vandra V\u00e4gen","isPartOf":{"@id":"https:\/\/blogg.svenskakyrkan.se\/vandravagen\/#website"},"primaryImageOfPage":{"@id":"https:\/\/blogg.svenskakyrkan.se\/vandravagen\/2013\/12\/05\/veckans-samlade-favoriter-fran-twitter-6\/#primaryimage"},"image":{"@id":"https:\/\/blogg.svenskakyrkan.se\/vandravagen\/2013\/12\/05\/veckans-samlade-favoriter-fran-twitter-6\/#primaryimage"},"thumbnailUrl":"http:\/\/3.bp.blogspot.com\/-z-wwLqviM4o\/UqA0_FcAOrI\/AAAAAAAAGFE\/75lN8DQ0TbI\/s640\/IMG_2621.JPG","datePublished":"2013-12-05T09:27:00+00:00","breadcrumb":{"@id":"https:\/\/blogg.svenskakyrkan.se\/vandravagen\/2013\/12\/05\/veckans-samlade-favoriter-fran-twitter-6\/#breadcrumb"},"inLanguage":"sv-SE","potentialAction":[{"@type":"ReadAction","target":["https:\/\/blogg.svenskakyrkan.se\/vandravagen\/2013\/12\/05\/veckans-samlade-favoriter-fran-twitter-6\/"]}]},{"@type":"ImageObject","inLanguage":"sv-SE","@id":"https:\/\/blogg.svenskakyrkan.se\/vandravagen\/2013\/12\/05\/veckans-samlade-favoriter-fran-twitter-6\/#primaryimage","url":"http:\/\/3.bp.blogspot.com\/-z-wwLqviM4o\/UqA0_FcAOrI\/AAAAAAAAGFE\/75lN8DQ0TbI\/s640\/IMG_2621.JPG","contentUrl":"http:\/\/3.bp.blogspot.com\/-z-wwLqviM4o\/UqA0_FcAOrI\/AAAAAAAAGFE\/75lN8DQ0TbI\/s640\/IMG_2621.JPG"},{"@type":"BreadcrumbList","@id":"https:\/\/blogg.svenskakyrkan.se\/vandravagen\/2013\/12\/05\/veckans-samlade-favoriter-fran-twitter-6\/#breadcrumb","itemListElement":[{"@type":"ListItem","position":1,"name":"Hem","item":"https:\/\/blogg.svenskakyrkan.se\/vandravagen\/"},{"@type":"ListItem","position":2,"name":"Veckans samlade favoriter fr\u00e5n twitter"}]},{"@type":"WebSite","@id":"https:\/\/blogg.svenskakyrkan.se\/vandravagen\/#website","url":"https:\/\/blogg.svenskakyrkan.se\/vandravagen\/","name":"Vandra V\u00e4gen","description":"-Mot en tro f\u00f6r hela livet","publisher":{"@id":"https:\/\/blogg.svenskakyrkan.se\/vandravagen\/#organization"},"potentialAction":[{"@type":"SearchAction","target":{"@type":"EntryPoint","urlTemplate":"https:\/\/blogg.svenskakyrkan.se\/vandravagen\/?s={search_term_string}"},"query-input":{"@type":"PropertyValueSpecification","valueRequired":true,"valueName":"search_term_string"}}],"inLanguage":"sv-SE"},{"@type":"Organization","@id":"https:\/\/blogg.svenskakyrkan.se\/vandravagen\/#organization","name":"ulricehamns pastorat","alternateName":"ulricehamns pastorat","url":"https:\/\/blogg.svenskakyrkan.se\/vandravagen\/","logo":{"@type":"ImageObject","inLanguage":"sv-SE","@id":"https:\/\/blogg.svenskakyrkan.se\/vandravagen\/#\/schema\/logo\/image\/","url":"https:\/\/blogg.svenskakyrkan.se\/vandravagen\/files\/2023\/05\/Ulr_logo_RGB.png","contentUrl":"https:\/\/blogg.svenskakyrkan.se\/vandravagen\/files\/2023\/05\/Ulr_logo_RGB.png","width":205,"height":77,"caption":"ulricehamns pastorat"},"image":{"@id":"https:\/\/blogg.svenskakyrkan.se\/vandravagen\/#\/schema\/logo\/image\/"},"sameAs":["http:\/\/facebook.com\/vandravagen","https:\/\/x.com\/fadertomas","http:\/\/www.facebook.com\/svenskakyrkaniulricehamn"]},{"@type":"Person","@id":"https:\/\/blogg.svenskakyrkan.se\/vandravagen\/#\/schema\/person\/25da02d4f76b137d04291711e2c9fc16","name":"Tomas Jarvid","image":{"@type":"ImageObject","inLanguage":"sv-SE","@id":"https:\/\/blogg.svenskakyrkan.se\/vandravagen\/#\/schema\/person\/image\/","url":"https:\/\/secure.gravatar.com\/avatar\/7fa71899795e8f540f615a1f5ab25255dc27aa40f05ee7ddd21aac521e01bf50?s=96&d=identicon&r=g","contentUrl":"https:\/\/secure.gravatar.com\/avatar\/7fa71899795e8f540f615a1f5ab25255dc27aa40f05ee7ddd21aac521e01bf50?s=96&d=identicon&r=g","caption":"Tomas Jarvid"},"description":"Jag bor i Ulricehamn i V\u00e4sterg\u00f6tland och \u00e4r f\u00f6rsamlingspr\u00e4st i Svenska Kyrkan f\u00f6r Dalstorps f\u00f6rsamling i Kinds pastorat. P\u00e5 den h\u00e4r bloggen skriver jag ner tankar om vandringen som kristen.","sameAs":["http:\/\/www.vandravagen.se"],"url":"https:\/\/blogg.svenskakyrkan.se\/vandravagen\/author\/vandravagen\/"}]}},"author_meta":{"ID":"392","user_nicename":"vandravagen","user_url":"http:\/\/www.vandravagen.se","user_registered":"2014-05-19 05:44:52","display_name":"Tomas Jarvid","first_name":"Tomas","last_name":"Jarvid","avatar":"https:\/\/secure.gravatar.com\/avatar\/7fa71899795e8f540f615a1f5ab25255dc27aa40f05ee7ddd21aac521e01bf50?s=96&d=identicon&r=g"},"featured_image":false,"bloginfo":{"name":"Vandra V\u00e4gen","url":"https:\/\/blogg.svenskakyrkan.se\/vandravagen"},"_links":{"self":[{"href":"https:\/\/blogg.svenskakyrkan.se\/vandravagen\/wp-json\/wp\/v2\/posts\/253","targetHints":{"allow":["GET"]}}],"collection":[{"href":"https:\/\/blogg.svenskakyrkan.se\/vandravagen\/wp-json\/wp\/v2\/posts"}],"about":[{"href":"https:\/\/blogg.svenskakyrkan.se\/vandravagen\/wp-json\/wp\/v2\/types\/post"}],"author":[{"embeddable":true,"href":"https:\/\/blogg.svenskakyrkan.se\/vandravagen\/wp-json\/wp\/v2\/users\/392"}],"replies":[{"embeddable":true,"href":"https:\/\/blogg.svenskakyrkan.se\/vandravagen\/wp-json\/wp\/v2\/comments?post=253"}],"version-history":[{"count":0,"href":"https:\/\/blogg.svenskakyrkan.se\/vandravagen\/wp-json\/wp\/v2\/posts\/253\/revisions"}],"wp:attachment":[{"href":"https:\/\/blogg.svenskakyrkan.se\/vandravagen\/wp-json\/wp\/v2\/media?parent=253"}],"wp:term":[{"taxonomy":"category","embeddable":true,"href":"https:\/\/blogg.svenskakyrkan.se\/vandravagen\/wp-json\/wp\/v2\/categories?post=253"},{"taxonomy":"post_tag","embeddable":true,"href":"https:\/\/blogg.svenskakyrkan.se\/vandravagen\/wp-json\/wp\/v2\/tags?post=253"}],"curies":[{"name":"wp","href":"https:\/\/api.w.org\/{rel}","templated":true}]}}