{"id":2538,"date":"2015-01-13T07:00:51","date_gmt":"2015-01-13T06:00:51","guid":{"rendered":"http:\/\/blogg.svenskakyrkan.se\/vandravagen\/?p=2538"},"modified":"2015-01-12T22:21:33","modified_gmt":"2015-01-12T21:21:33","slug":"fotobloggpost-fran-lastad-kyrka","status":"publish","type":"post","link":"https:\/\/blogg.svenskakyrkan.se\/vandravagen\/2015\/01\/13\/fotobloggpost-fran-lastad-kyrka\/","title":{"rendered":"Fotobloggpost fr\u00e5n L\u00e5stad kyrka"},"content":{"rendered":"<div id=\"attachment_2539\" style=\"width: 650px\" class=\"wp-caption aligncenter\"><a href=\"http:\/\/blogg.svenskakyrkan.se\/vandravagen\/files\/2015\/01\/DSC_0595.jpg\"><img loading=\"lazy\" decoding=\"async\" aria-describedby=\"caption-attachment-2539\" class=\"size-full wp-image-2539\" src=\"http:\/\/blogg.svenskakyrkan.se\/vandravagen\/files\/2015\/01\/DSC_0595.jpg\" alt=\"Sn\u00f6ig kyrka.\" width=\"640\" height=\"426\" srcset=\"https:\/\/blogg.svenskakyrkan.se\/vandravagen\/files\/2015\/01\/DSC_0595.jpg 640w, https:\/\/blogg.svenskakyrkan.se\/vandravagen\/files\/2015\/01\/DSC_0595-300x199.jpg 300w, https:\/\/blogg.svenskakyrkan.se\/vandravagen\/files\/2015\/01\/DSC_0595-450x300.jpg 450w\" sizes=\"auto, (max-width: 640px) 100vw, 640px\" \/><\/a><p id=\"caption-attachment-2539\" class=\"wp-caption-text\">Sn\u00f6ig kyrka.<\/p><\/div>\n<p>Idag vankas \u00e4nnu en fotobloggpost om en kyrka i Ullervads pastorat. Denna g\u00e5ng f\u00f6ljde vi min hustru till L\u00e5stad kyrka. Efter\u00e5t var det julgransplundring och gr\u00f6t s\u00e5 nu har vi avslutat julen ordentligt.<\/p>\n<div id=\"attachment_2540\" style=\"width: 435px\" class=\"wp-caption aligncenter\"><a href=\"http:\/\/blogg.svenskakyrkan.se\/vandravagen\/files\/2015\/01\/DSC_0583.jpg\"><img loading=\"lazy\" decoding=\"async\" aria-describedby=\"caption-attachment-2540\" class=\"size-full wp-image-2540\" src=\"http:\/\/blogg.svenskakyrkan.se\/vandravagen\/files\/2015\/01\/DSC_0583.jpg\" alt=\"\u00c4n \u00e4r det vackra julb\u00e5gar i f\u00f6nstren.\" width=\"425\" height=\"640\" srcset=\"https:\/\/blogg.svenskakyrkan.se\/vandravagen\/files\/2015\/01\/DSC_0583.jpg 425w, https:\/\/blogg.svenskakyrkan.se\/vandravagen\/files\/2015\/01\/DSC_0583-300x451.jpg 300w, https:\/\/blogg.svenskakyrkan.se\/vandravagen\/files\/2015\/01\/DSC_0583-199x300.jpg 199w\" sizes=\"auto, (max-width: 425px) 100vw, 425px\" \/><\/a><p id=\"caption-attachment-2540\" class=\"wp-caption-text\">\u00c4n \u00e4r det vackra julb\u00e5gar i f\u00f6nstren.<\/p><\/div>\n<p>L\u00e5stad kyrka har vackra f\u00e4rger och m\u00e5nga fina detaljer. Jag fick visst inte till n\u00e5got kort p\u00e5 altaruppsatsen som helhet men s\u00e5 h\u00e4r ser den ut upptill. En m\u00e5ngvingad \u00e4ngel, kanske ska den p\u00e5minna om det Jesaja s\u00e5g vid sin vision av Gud p\u00e5 tronen?<\/p>\n<div id=\"attachment_2541\" style=\"width: 650px\" class=\"wp-caption aligncenter\"><a href=\"http:\/\/blogg.svenskakyrkan.se\/vandravagen\/files\/2015\/01\/DSC_0586.jpg\"><img loading=\"lazy\" decoding=\"async\" aria-describedby=\"caption-attachment-2541\" class=\"size-full wp-image-2541\" src=\"http:\/\/blogg.svenskakyrkan.se\/vandravagen\/files\/2015\/01\/DSC_0586.jpg\" alt=\"M\u00e5ngvingad \u00e4ngel.\" width=\"640\" height=\"426\" srcset=\"https:\/\/blogg.svenskakyrkan.se\/vandravagen\/files\/2015\/01\/DSC_0586.jpg 640w, https:\/\/blogg.svenskakyrkan.se\/vandravagen\/files\/2015\/01\/DSC_0586-300x199.jpg 300w, https:\/\/blogg.svenskakyrkan.se\/vandravagen\/files\/2015\/01\/DSC_0586-450x300.jpg 450w\" sizes=\"auto, (max-width: 640px) 100vw, 640px\" \/><\/a><p id=\"caption-attachment-2541\" class=\"wp-caption-text\">M\u00e5ngvingad \u00e4ngel.<\/p><\/div>\n<p>En m\u00e4rklig och charmig detalj \u00e4r de h\u00e4r ljusstakarna p\u00e5 altaruppsatsen. Det \u00e4r helt enkelt tv\u00e5 armar som sticker ut och h\u00e5ller i ljusen. Ska man v\u00e5ga sig p\u00e5 s\u00e5 mycket symbolik h\u00e4r att det \u00e4r \u00e4nglaarmar som sticker ut fr\u00e5n &#8221;himmelssidan&#8221; om altaret, som ju representerar Gud omr\u00e5de.<\/p>\n<div id=\"attachment_2542\" style=\"width: 650px\" class=\"wp-caption aligncenter\"><a href=\"http:\/\/blogg.svenskakyrkan.se\/vandravagen\/files\/2015\/01\/DSC_0585.jpg\"><img loading=\"lazy\" decoding=\"async\" aria-describedby=\"caption-attachment-2542\" class=\"size-full wp-image-2542\" src=\"http:\/\/blogg.svenskakyrkan.se\/vandravagen\/files\/2015\/01\/DSC_0585.jpg\" alt=\"Armar ur v\u00e4ggen.\" width=\"640\" height=\"426\" srcset=\"https:\/\/blogg.svenskakyrkan.se\/vandravagen\/files\/2015\/01\/DSC_0585.jpg 640w, https:\/\/blogg.svenskakyrkan.se\/vandravagen\/files\/2015\/01\/DSC_0585-300x199.jpg 300w, https:\/\/blogg.svenskakyrkan.se\/vandravagen\/files\/2015\/01\/DSC_0585-450x300.jpg 450w\" sizes=\"auto, (max-width: 640px) 100vw, 640px\" \/><\/a><p id=\"caption-attachment-2542\" class=\"wp-caption-text\">Armar ur v\u00e4ggen.<\/p><\/div>\n<p>Den h\u00e4r mysige farbrorn p\u00e5 predikstolen borde vara evangelisten Matteus men figuren bredvid brukar oftast mer likna en \u00e4ngel \u00e4n en.. sekreterare? Fin panna f\u00f6rresten.<\/p>\n<div id=\"attachment_2543\" style=\"width: 407px\" class=\"wp-caption aligncenter\"><a href=\"http:\/\/blogg.svenskakyrkan.se\/vandravagen\/files\/2015\/01\/DSC_0587.jpg\"><img loading=\"lazy\" decoding=\"async\" aria-describedby=\"caption-attachment-2543\" class=\"size-full wp-image-2543\" src=\"http:\/\/blogg.svenskakyrkan.se\/vandravagen\/files\/2015\/01\/DSC_0587.jpg\" alt=\"Borde vara evangelisten Matteus.\" width=\"397\" height=\"640\" srcset=\"https:\/\/blogg.svenskakyrkan.se\/vandravagen\/files\/2015\/01\/DSC_0587.jpg 397w, https:\/\/blogg.svenskakyrkan.se\/vandravagen\/files\/2015\/01\/DSC_0587-300x483.jpg 300w, https:\/\/blogg.svenskakyrkan.se\/vandravagen\/files\/2015\/01\/DSC_0587-186x300.jpg 186w\" sizes=\"auto, (max-width: 397px) 100vw, 397px\" \/><\/a><p id=\"caption-attachment-2543\" class=\"wp-caption-text\">Borde vara evangelisten Matteus.<\/p><\/div>\n<p>Mitt bland evangelisterna p\u00e5 predikstolen finns som vanligt &#8221;salvator mundi&#8221; -v\u00e4rldens fr\u00e4lsare. H\u00e4r g\u00f6r de lite lustigt intryck med sina j\u00e4ttestora huvuden men jag tycker om ansiktet. Korset p\u00e5 klotet i handen har visst f\u00f6rsvunnit?<\/p>\n<div id=\"attachment_2544\" style=\"width: 479px\" class=\"wp-caption aligncenter\"><a href=\"http:\/\/blogg.svenskakyrkan.se\/vandravagen\/files\/2015\/01\/DSC_0590.jpg\"><img loading=\"lazy\" decoding=\"async\" aria-describedby=\"caption-attachment-2544\" class=\"size-full wp-image-2544\" src=\"http:\/\/blogg.svenskakyrkan.se\/vandravagen\/files\/2015\/01\/DSC_0590.jpg\" alt=\"Mysig och fin Jesus med stort hattnummer.\" width=\"469\" height=\"640\" srcset=\"https:\/\/blogg.svenskakyrkan.se\/vandravagen\/files\/2015\/01\/DSC_0590.jpg 469w, https:\/\/blogg.svenskakyrkan.se\/vandravagen\/files\/2015\/01\/DSC_0590-300x409.jpg 300w, https:\/\/blogg.svenskakyrkan.se\/vandravagen\/files\/2015\/01\/DSC_0590-219x300.jpg 219w\" sizes=\"auto, (max-width: 469px) 100vw, 469px\" \/><\/a><p id=\"caption-attachment-2544\" class=\"wp-caption-text\">Mysig och fin Jesus med stort hattnummer.<\/p><\/div>\n<p>Det tog nog ett tag att brodera detta va? Sm\u00e5 stygn p\u00e5 &#8221;antependiet&#8221; (som \u00e4r termen f\u00f6r tyget som h\u00e4nger ner p\u00e5 framsidan av altaret).<\/p>\n<div id=\"attachment_2545\" style=\"width: 460px\" class=\"wp-caption aligncenter\"><a href=\"http:\/\/blogg.svenskakyrkan.se\/vandravagen\/files\/2015\/01\/DSC_0584.jpg\"><img loading=\"lazy\" decoding=\"async\" aria-describedby=\"caption-attachment-2545\" class=\"size-full wp-image-2545\" src=\"http:\/\/blogg.svenskakyrkan.se\/vandravagen\/files\/2015\/01\/DSC_0584.jpg\" alt=\"Brodyr.\" width=\"450\" height=\"640\" srcset=\"https:\/\/blogg.svenskakyrkan.se\/vandravagen\/files\/2015\/01\/DSC_0584.jpg 450w, https:\/\/blogg.svenskakyrkan.se\/vandravagen\/files\/2015\/01\/DSC_0584-300x426.jpg 300w, https:\/\/blogg.svenskakyrkan.se\/vandravagen\/files\/2015\/01\/DSC_0584-210x300.jpg 210w\" sizes=\"auto, (max-width: 450px) 100vw, 450px\" \/><\/a><p id=\"caption-attachment-2545\" class=\"wp-caption-text\">Brodyr.<\/p><\/div>\n<p>Sista bilden \u00e4r n\u00e4stan som en fotog\u00e5ta. det \u00e4r predikstolen snett underifr\u00e5n med denna vackra och (tror jag) v\u00e4ldigt lutherska rossymbol. Det var allt f\u00f6r denna g\u00e5ng. Har du varit i L\u00e5stad m\u00e5nne?<\/p>\n<div id=\"attachment_2547\" style=\"width: 650px\" class=\"wp-caption aligncenter\"><a href=\"http:\/\/blogg.svenskakyrkan.se\/vandravagen\/files\/2015\/01\/DSC_0591.jpg\"><img loading=\"lazy\" decoding=\"async\" aria-describedby=\"caption-attachment-2547\" class=\"size-full wp-image-2547\" src=\"http:\/\/blogg.svenskakyrkan.se\/vandravagen\/files\/2015\/01\/DSC_0591.jpg\" alt=\"N\u00e4stan en bildg\u00e5ta.\" width=\"640\" height=\"426\" srcset=\"https:\/\/blogg.svenskakyrkan.se\/vandravagen\/files\/2015\/01\/DSC_0591.jpg 640w, https:\/\/blogg.svenskakyrkan.se\/vandravagen\/files\/2015\/01\/DSC_0591-300x199.jpg 300w, https:\/\/blogg.svenskakyrkan.se\/vandravagen\/files\/2015\/01\/DSC_0591-450x300.jpg 450w\" sizes=\"auto, (max-width: 640px) 100vw, 640px\" \/><\/a><p id=\"caption-attachment-2547\" class=\"wp-caption-text\">N\u00e4stan en bildg\u00e5ta.<\/p><\/div>\n<p>&nbsp;<\/p>\n<p>&nbsp;<\/p>\n","protected":false},"excerpt":{"rendered":"<p>Idag vankas \u00e4nnu en fotobloggpost om en kyrka i Ullervads pastorat. Denna g\u00e5ng f\u00f6ljde vi min hustru till L\u00e5stad kyrka. Efter\u00e5t var det julgransplundring och gr\u00f6t s\u00e5 nu har vi avslutat julen ordentligt. L\u00e5stad kyrka har vackra f\u00e4rger och m\u00e5nga fina detaljer. Jag fick visst inte till n\u00e5got kort p\u00e5 altaruppsatsen som helhet men s\u00e5 [&hellip;]<\/p>\n","protected":false},"author":392,"featured_media":0,"comment_status":"open","ping_status":"open","sticky":false,"template":"","format":"standard","meta":{"_acf_changed":false,"footnotes":""},"categories":[56,76189,33574],"tags":[],"class_list":["post-2538","post","type-post","status-publish","format-standard","hentry","category-bilder","category-dagens-kyrka","category-kyrkan"],"acf":[],"yoast_head":"<!-- This site is optimized with the Yoast SEO plugin v27.1.1 - https:\/\/yoast.com\/product\/yoast-seo-wordpress\/ -->\n<title>Fotobloggpost fr\u00e5n L\u00e5stad kyrka - Vandra V\u00e4gen<\/title>\n<meta name=\"robots\" content=\"index, follow, max-snippet:-1, max-image-preview:large, max-video-preview:-1\" \/>\n<link rel=\"canonical\" href=\"https:\/\/blogg.svenskakyrkan.se\/vandravagen\/2015\/01\/13\/fotobloggpost-fran-lastad-kyrka\/\" \/>\n<meta property=\"og:locale\" content=\"sv_SE\" \/>\n<meta property=\"og:type\" content=\"article\" \/>\n<meta property=\"og:title\" content=\"Fotobloggpost fr\u00e5n L\u00e5stad kyrka - Vandra V\u00e4gen\" \/>\n<meta property=\"og:description\" content=\"Idag vankas \u00e4nnu en fotobloggpost om en kyrka i Ullervads pastorat. Denna g\u00e5ng f\u00f6ljde vi min hustru till L\u00e5stad kyrka. Efter\u00e5t var det julgransplundring och gr\u00f6t s\u00e5 nu har vi avslutat julen ordentligt. L\u00e5stad kyrka har vackra f\u00e4rger och m\u00e5nga fina detaljer. Jag fick visst inte till n\u00e5got kort p\u00e5 altaruppsatsen som helhet men s\u00e5 [&hellip;]\" \/>\n<meta property=\"og:url\" content=\"https:\/\/blogg.svenskakyrkan.se\/vandravagen\/2015\/01\/13\/fotobloggpost-fran-lastad-kyrka\/\" \/>\n<meta property=\"og:site_name\" content=\"Vandra V\u00e4gen\" \/>\n<meta property=\"article:publisher\" content=\"http:\/\/facebook.com\/vandravagen\" \/>\n<meta property=\"article:published_time\" content=\"2015-01-13T06:00:51+00:00\" \/>\n<meta property=\"og:image\" content=\"http:\/\/blogg.svenskakyrkan.se\/vandravagen\/files\/2015\/01\/DSC_0595.jpg\" \/>\n<meta name=\"author\" content=\"Tomas Jarvid\" \/>\n<meta name=\"twitter:card\" content=\"summary_large_image\" \/>\n<meta name=\"twitter:creator\" content=\"@fadertomas\" \/>\n<meta name=\"twitter:site\" content=\"@fadertomas\" \/>\n<meta name=\"twitter:label1\" content=\"Skriven av\" \/>\n\t<meta name=\"twitter:data1\" content=\"Tomas Jarvid\" \/>\n\t<meta name=\"twitter:label2\" content=\"Ber\u00e4knad l\u00e4stid\" \/>\n\t<meta name=\"twitter:data2\" content=\"2 minuter\" \/>\n<script type=\"application\/ld+json\" class=\"yoast-schema-graph\">{\"@context\":\"https:\/\/schema.org\",\"@graph\":[{\"@type\":\"Article\",\"@id\":\"https:\/\/blogg.svenskakyrkan.se\/vandravagen\/2015\/01\/13\/fotobloggpost-fran-lastad-kyrka\/#article\",\"isPartOf\":{\"@id\":\"https:\/\/blogg.svenskakyrkan.se\/vandravagen\/2015\/01\/13\/fotobloggpost-fran-lastad-kyrka\/\"},\"author\":{\"name\":\"Tomas Jarvid\",\"@id\":\"https:\/\/blogg.svenskakyrkan.se\/vandravagen\/#\/schema\/person\/25da02d4f76b137d04291711e2c9fc16\"},\"headline\":\"Fotobloggpost fr\u00e5n L\u00e5stad kyrka\",\"datePublished\":\"2015-01-13T06:00:51+00:00\",\"mainEntityOfPage\":{\"@id\":\"https:\/\/blogg.svenskakyrkan.se\/vandravagen\/2015\/01\/13\/fotobloggpost-fran-lastad-kyrka\/\"},\"wordCount\":383,\"commentCount\":20,\"publisher\":{\"@id\":\"https:\/\/blogg.svenskakyrkan.se\/vandravagen\/#organization\"},\"image\":{\"@id\":\"https:\/\/blogg.svenskakyrkan.se\/vandravagen\/2015\/01\/13\/fotobloggpost-fran-lastad-kyrka\/#primaryimage\"},\"thumbnailUrl\":\"http:\/\/blogg.svenskakyrkan.se\/vandravagen\/files\/2015\/01\/DSC_0595.jpg\",\"articleSection\":[\"bilder\",\"Dagens Kyrka\",\"kyrkan\"],\"inLanguage\":\"sv-SE\",\"potentialAction\":[{\"@type\":\"CommentAction\",\"name\":\"Comment\",\"target\":[\"https:\/\/blogg.svenskakyrkan.se\/vandravagen\/2015\/01\/13\/fotobloggpost-fran-lastad-kyrka\/#respond\"]}]},{\"@type\":\"WebPage\",\"@id\":\"https:\/\/blogg.svenskakyrkan.se\/vandravagen\/2015\/01\/13\/fotobloggpost-fran-lastad-kyrka\/\",\"url\":\"https:\/\/blogg.svenskakyrkan.se\/vandravagen\/2015\/01\/13\/fotobloggpost-fran-lastad-kyrka\/\",\"name\":\"Fotobloggpost fr\u00e5n L\u00e5stad kyrka - Vandra V\u00e4gen\",\"isPartOf\":{\"@id\":\"https:\/\/blogg.svenskakyrkan.se\/vandravagen\/#website\"},\"primaryImageOfPage\":{\"@id\":\"https:\/\/blogg.svenskakyrkan.se\/vandravagen\/2015\/01\/13\/fotobloggpost-fran-lastad-kyrka\/#primaryimage\"},\"image\":{\"@id\":\"https:\/\/blogg.svenskakyrkan.se\/vandravagen\/2015\/01\/13\/fotobloggpost-fran-lastad-kyrka\/#primaryimage\"},\"thumbnailUrl\":\"http:\/\/blogg.svenskakyrkan.se\/vandravagen\/files\/2015\/01\/DSC_0595.jpg\",\"datePublished\":\"2015-01-13T06:00:51+00:00\",\"breadcrumb\":{\"@id\":\"https:\/\/blogg.svenskakyrkan.se\/vandravagen\/2015\/01\/13\/fotobloggpost-fran-lastad-kyrka\/#breadcrumb\"},\"inLanguage\":\"sv-SE\",\"potentialAction\":[{\"@type\":\"ReadAction\",\"target\":[\"https:\/\/blogg.svenskakyrkan.se\/vandravagen\/2015\/01\/13\/fotobloggpost-fran-lastad-kyrka\/\"]}]},{\"@type\":\"ImageObject\",\"inLanguage\":\"sv-SE\",\"@id\":\"https:\/\/blogg.svenskakyrkan.se\/vandravagen\/2015\/01\/13\/fotobloggpost-fran-lastad-kyrka\/#primaryimage\",\"url\":\"http:\/\/blogg.svenskakyrkan.se\/vandravagen\/files\/2015\/01\/DSC_0595.jpg\",\"contentUrl\":\"http:\/\/blogg.svenskakyrkan.se\/vandravagen\/files\/2015\/01\/DSC_0595.jpg\"},{\"@type\":\"BreadcrumbList\",\"@id\":\"https:\/\/blogg.svenskakyrkan.se\/vandravagen\/2015\/01\/13\/fotobloggpost-fran-lastad-kyrka\/#breadcrumb\",\"itemListElement\":[{\"@type\":\"ListItem\",\"position\":1,\"name\":\"Hem\",\"item\":\"https:\/\/blogg.svenskakyrkan.se\/vandravagen\/\"},{\"@type\":\"ListItem\",\"position\":2,\"name\":\"Fotobloggpost fr\u00e5n L\u00e5stad kyrka\"}]},{\"@type\":\"WebSite\",\"@id\":\"https:\/\/blogg.svenskakyrkan.se\/vandravagen\/#website\",\"url\":\"https:\/\/blogg.svenskakyrkan.se\/vandravagen\/\",\"name\":\"Vandra V\u00e4gen\",\"description\":\"-Mot en tro f\u00f6r hela livet\",\"publisher\":{\"@id\":\"https:\/\/blogg.svenskakyrkan.se\/vandravagen\/#organization\"},\"potentialAction\":[{\"@type\":\"SearchAction\",\"target\":{\"@type\":\"EntryPoint\",\"urlTemplate\":\"https:\/\/blogg.svenskakyrkan.se\/vandravagen\/?s={search_term_string}\"},\"query-input\":{\"@type\":\"PropertyValueSpecification\",\"valueRequired\":true,\"valueName\":\"search_term_string\"}}],\"inLanguage\":\"sv-SE\"},{\"@type\":\"Organization\",\"@id\":\"https:\/\/blogg.svenskakyrkan.se\/vandravagen\/#organization\",\"name\":\"ulricehamns pastorat\",\"alternateName\":\"ulricehamns pastorat\",\"url\":\"https:\/\/blogg.svenskakyrkan.se\/vandravagen\/\",\"logo\":{\"@type\":\"ImageObject\",\"inLanguage\":\"sv-SE\",\"@id\":\"https:\/\/blogg.svenskakyrkan.se\/vandravagen\/#\/schema\/logo\/image\/\",\"url\":\"https:\/\/blogg.svenskakyrkan.se\/vandravagen\/files\/2023\/05\/Ulr_logo_RGB.png\",\"contentUrl\":\"https:\/\/blogg.svenskakyrkan.se\/vandravagen\/files\/2023\/05\/Ulr_logo_RGB.png\",\"width\":205,\"height\":77,\"caption\":\"ulricehamns pastorat\"},\"image\":{\"@id\":\"https:\/\/blogg.svenskakyrkan.se\/vandravagen\/#\/schema\/logo\/image\/\"},\"sameAs\":[\"http:\/\/facebook.com\/vandravagen\",\"https:\/\/x.com\/fadertomas\",\"http:\/\/www.facebook.com\/svenskakyrkaniulricehamn\"]},{\"@type\":\"Person\",\"@id\":\"https:\/\/blogg.svenskakyrkan.se\/vandravagen\/#\/schema\/person\/25da02d4f76b137d04291711e2c9fc16\",\"name\":\"Tomas Jarvid\",\"image\":{\"@type\":\"ImageObject\",\"inLanguage\":\"sv-SE\",\"@id\":\"https:\/\/blogg.svenskakyrkan.se\/vandravagen\/#\/schema\/person\/image\/\",\"url\":\"https:\/\/secure.gravatar.com\/avatar\/7fa71899795e8f540f615a1f5ab25255dc27aa40f05ee7ddd21aac521e01bf50?s=96&d=identicon&r=g\",\"contentUrl\":\"https:\/\/secure.gravatar.com\/avatar\/7fa71899795e8f540f615a1f5ab25255dc27aa40f05ee7ddd21aac521e01bf50?s=96&d=identicon&r=g\",\"caption\":\"Tomas Jarvid\"},\"description\":\"Jag bor i Ulricehamn i V\u00e4sterg\u00f6tland och \u00e4r f\u00f6rsamlingspr\u00e4st i Svenska Kyrkan f\u00f6r Dalstorps f\u00f6rsamling i Kinds pastorat. P\u00e5 den h\u00e4r bloggen skriver jag ner tankar om vandringen som kristen.\",\"sameAs\":[\"http:\/\/www.vandravagen.se\"],\"url\":\"https:\/\/blogg.svenskakyrkan.se\/vandravagen\/author\/vandravagen\/\"}]}<\/script>\n<!-- \/ Yoast SEO plugin. -->","yoast_head_json":{"title":"Fotobloggpost fr\u00e5n L\u00e5stad kyrka - Vandra V\u00e4gen","robots":{"index":"index","follow":"follow","max-snippet":"max-snippet:-1","max-image-preview":"max-image-preview:large","max-video-preview":"max-video-preview:-1"},"canonical":"https:\/\/blogg.svenskakyrkan.se\/vandravagen\/2015\/01\/13\/fotobloggpost-fran-lastad-kyrka\/","og_locale":"sv_SE","og_type":"article","og_title":"Fotobloggpost fr\u00e5n L\u00e5stad kyrka - Vandra V\u00e4gen","og_description":"Idag vankas \u00e4nnu en fotobloggpost om en kyrka i Ullervads pastorat. Denna g\u00e5ng f\u00f6ljde vi min hustru till L\u00e5stad kyrka. Efter\u00e5t var det julgransplundring och gr\u00f6t s\u00e5 nu har vi avslutat julen ordentligt. L\u00e5stad kyrka har vackra f\u00e4rger och m\u00e5nga fina detaljer. Jag fick visst inte till n\u00e5got kort p\u00e5 altaruppsatsen som helhet men s\u00e5 [&hellip;]","og_url":"https:\/\/blogg.svenskakyrkan.se\/vandravagen\/2015\/01\/13\/fotobloggpost-fran-lastad-kyrka\/","og_site_name":"Vandra V\u00e4gen","article_publisher":"http:\/\/facebook.com\/vandravagen","article_published_time":"2015-01-13T06:00:51+00:00","og_image":[{"url":"http:\/\/blogg.svenskakyrkan.se\/vandravagen\/files\/2015\/01\/DSC_0595.jpg","type":"","width":"","height":""}],"author":"Tomas Jarvid","twitter_card":"summary_large_image","twitter_creator":"@fadertomas","twitter_site":"@fadertomas","twitter_misc":{"Skriven av":"Tomas Jarvid","Ber\u00e4knad l\u00e4stid":"2 minuter"},"schema":{"@context":"https:\/\/schema.org","@graph":[{"@type":"Article","@id":"https:\/\/blogg.svenskakyrkan.se\/vandravagen\/2015\/01\/13\/fotobloggpost-fran-lastad-kyrka\/#article","isPartOf":{"@id":"https:\/\/blogg.svenskakyrkan.se\/vandravagen\/2015\/01\/13\/fotobloggpost-fran-lastad-kyrka\/"},"author":{"name":"Tomas Jarvid","@id":"https:\/\/blogg.svenskakyrkan.se\/vandravagen\/#\/schema\/person\/25da02d4f76b137d04291711e2c9fc16"},"headline":"Fotobloggpost fr\u00e5n L\u00e5stad kyrka","datePublished":"2015-01-13T06:00:51+00:00","mainEntityOfPage":{"@id":"https:\/\/blogg.svenskakyrkan.se\/vandravagen\/2015\/01\/13\/fotobloggpost-fran-lastad-kyrka\/"},"wordCount":383,"commentCount":20,"publisher":{"@id":"https:\/\/blogg.svenskakyrkan.se\/vandravagen\/#organization"},"image":{"@id":"https:\/\/blogg.svenskakyrkan.se\/vandravagen\/2015\/01\/13\/fotobloggpost-fran-lastad-kyrka\/#primaryimage"},"thumbnailUrl":"http:\/\/blogg.svenskakyrkan.se\/vandravagen\/files\/2015\/01\/DSC_0595.jpg","articleSection":["bilder","Dagens Kyrka","kyrkan"],"inLanguage":"sv-SE","potentialAction":[{"@type":"CommentAction","name":"Comment","target":["https:\/\/blogg.svenskakyrkan.se\/vandravagen\/2015\/01\/13\/fotobloggpost-fran-lastad-kyrka\/#respond"]}]},{"@type":"WebPage","@id":"https:\/\/blogg.svenskakyrkan.se\/vandravagen\/2015\/01\/13\/fotobloggpost-fran-lastad-kyrka\/","url":"https:\/\/blogg.svenskakyrkan.se\/vandravagen\/2015\/01\/13\/fotobloggpost-fran-lastad-kyrka\/","name":"Fotobloggpost fr\u00e5n L\u00e5stad kyrka - Vandra V\u00e4gen","isPartOf":{"@id":"https:\/\/blogg.svenskakyrkan.se\/vandravagen\/#website"},"primaryImageOfPage":{"@id":"https:\/\/blogg.svenskakyrkan.se\/vandravagen\/2015\/01\/13\/fotobloggpost-fran-lastad-kyrka\/#primaryimage"},"image":{"@id":"https:\/\/blogg.svenskakyrkan.se\/vandravagen\/2015\/01\/13\/fotobloggpost-fran-lastad-kyrka\/#primaryimage"},"thumbnailUrl":"http:\/\/blogg.svenskakyrkan.se\/vandravagen\/files\/2015\/01\/DSC_0595.jpg","datePublished":"2015-01-13T06:00:51+00:00","breadcrumb":{"@id":"https:\/\/blogg.svenskakyrkan.se\/vandravagen\/2015\/01\/13\/fotobloggpost-fran-lastad-kyrka\/#breadcrumb"},"inLanguage":"sv-SE","potentialAction":[{"@type":"ReadAction","target":["https:\/\/blogg.svenskakyrkan.se\/vandravagen\/2015\/01\/13\/fotobloggpost-fran-lastad-kyrka\/"]}]},{"@type":"ImageObject","inLanguage":"sv-SE","@id":"https:\/\/blogg.svenskakyrkan.se\/vandravagen\/2015\/01\/13\/fotobloggpost-fran-lastad-kyrka\/#primaryimage","url":"http:\/\/blogg.svenskakyrkan.se\/vandravagen\/files\/2015\/01\/DSC_0595.jpg","contentUrl":"http:\/\/blogg.svenskakyrkan.se\/vandravagen\/files\/2015\/01\/DSC_0595.jpg"},{"@type":"BreadcrumbList","@id":"https:\/\/blogg.svenskakyrkan.se\/vandravagen\/2015\/01\/13\/fotobloggpost-fran-lastad-kyrka\/#breadcrumb","itemListElement":[{"@type":"ListItem","position":1,"name":"Hem","item":"https:\/\/blogg.svenskakyrkan.se\/vandravagen\/"},{"@type":"ListItem","position":2,"name":"Fotobloggpost fr\u00e5n L\u00e5stad kyrka"}]},{"@type":"WebSite","@id":"https:\/\/blogg.svenskakyrkan.se\/vandravagen\/#website","url":"https:\/\/blogg.svenskakyrkan.se\/vandravagen\/","name":"Vandra V\u00e4gen","description":"-Mot en tro f\u00f6r hela livet","publisher":{"@id":"https:\/\/blogg.svenskakyrkan.se\/vandravagen\/#organization"},"potentialAction":[{"@type":"SearchAction","target":{"@type":"EntryPoint","urlTemplate":"https:\/\/blogg.svenskakyrkan.se\/vandravagen\/?s={search_term_string}"},"query-input":{"@type":"PropertyValueSpecification","valueRequired":true,"valueName":"search_term_string"}}],"inLanguage":"sv-SE"},{"@type":"Organization","@id":"https:\/\/blogg.svenskakyrkan.se\/vandravagen\/#organization","name":"ulricehamns pastorat","alternateName":"ulricehamns pastorat","url":"https:\/\/blogg.svenskakyrkan.se\/vandravagen\/","logo":{"@type":"ImageObject","inLanguage":"sv-SE","@id":"https:\/\/blogg.svenskakyrkan.se\/vandravagen\/#\/schema\/logo\/image\/","url":"https:\/\/blogg.svenskakyrkan.se\/vandravagen\/files\/2023\/05\/Ulr_logo_RGB.png","contentUrl":"https:\/\/blogg.svenskakyrkan.se\/vandravagen\/files\/2023\/05\/Ulr_logo_RGB.png","width":205,"height":77,"caption":"ulricehamns pastorat"},"image":{"@id":"https:\/\/blogg.svenskakyrkan.se\/vandravagen\/#\/schema\/logo\/image\/"},"sameAs":["http:\/\/facebook.com\/vandravagen","https:\/\/x.com\/fadertomas","http:\/\/www.facebook.com\/svenskakyrkaniulricehamn"]},{"@type":"Person","@id":"https:\/\/blogg.svenskakyrkan.se\/vandravagen\/#\/schema\/person\/25da02d4f76b137d04291711e2c9fc16","name":"Tomas Jarvid","image":{"@type":"ImageObject","inLanguage":"sv-SE","@id":"https:\/\/blogg.svenskakyrkan.se\/vandravagen\/#\/schema\/person\/image\/","url":"https:\/\/secure.gravatar.com\/avatar\/7fa71899795e8f540f615a1f5ab25255dc27aa40f05ee7ddd21aac521e01bf50?s=96&d=identicon&r=g","contentUrl":"https:\/\/secure.gravatar.com\/avatar\/7fa71899795e8f540f615a1f5ab25255dc27aa40f05ee7ddd21aac521e01bf50?s=96&d=identicon&r=g","caption":"Tomas Jarvid"},"description":"Jag bor i Ulricehamn i V\u00e4sterg\u00f6tland och \u00e4r f\u00f6rsamlingspr\u00e4st i Svenska Kyrkan f\u00f6r Dalstorps f\u00f6rsamling i Kinds pastorat. P\u00e5 den h\u00e4r bloggen skriver jag ner tankar om vandringen som kristen.","sameAs":["http:\/\/www.vandravagen.se"],"url":"https:\/\/blogg.svenskakyrkan.se\/vandravagen\/author\/vandravagen\/"}]}},"author_meta":{"ID":"392","user_nicename":"vandravagen","user_url":"http:\/\/www.vandravagen.se","user_registered":"2014-05-19 05:44:52","display_name":"Tomas Jarvid","first_name":"Tomas","last_name":"Jarvid","avatar":"https:\/\/secure.gravatar.com\/avatar\/7fa71899795e8f540f615a1f5ab25255dc27aa40f05ee7ddd21aac521e01bf50?s=96&d=identicon&r=g"},"featured_image":false,"bloginfo":{"name":"Vandra V\u00e4gen","url":"https:\/\/blogg.svenskakyrkan.se\/vandravagen"},"_links":{"self":[{"href":"https:\/\/blogg.svenskakyrkan.se\/vandravagen\/wp-json\/wp\/v2\/posts\/2538","targetHints":{"allow":["GET"]}}],"collection":[{"href":"https:\/\/blogg.svenskakyrkan.se\/vandravagen\/wp-json\/wp\/v2\/posts"}],"about":[{"href":"https:\/\/blogg.svenskakyrkan.se\/vandravagen\/wp-json\/wp\/v2\/types\/post"}],"author":[{"embeddable":true,"href":"https:\/\/blogg.svenskakyrkan.se\/vandravagen\/wp-json\/wp\/v2\/users\/392"}],"replies":[{"embeddable":true,"href":"https:\/\/blogg.svenskakyrkan.se\/vandravagen\/wp-json\/wp\/v2\/comments?post=2538"}],"version-history":[{"count":1,"href":"https:\/\/blogg.svenskakyrkan.se\/vandravagen\/wp-json\/wp\/v2\/posts\/2538\/revisions"}],"predecessor-version":[{"id":2548,"href":"https:\/\/blogg.svenskakyrkan.se\/vandravagen\/wp-json\/wp\/v2\/posts\/2538\/revisions\/2548"}],"wp:attachment":[{"href":"https:\/\/blogg.svenskakyrkan.se\/vandravagen\/wp-json\/wp\/v2\/media?parent=2538"}],"wp:term":[{"taxonomy":"category","embeddable":true,"href":"https:\/\/blogg.svenskakyrkan.se\/vandravagen\/wp-json\/wp\/v2\/categories?post=2538"},{"taxonomy":"post_tag","embeddable":true,"href":"https:\/\/blogg.svenskakyrkan.se\/vandravagen\/wp-json\/wp\/v2\/tags?post=2538"}],"curies":[{"name":"wp","href":"https:\/\/api.w.org\/{rel}","templated":true}]}}