{"id":254,"date":"2013-12-04T08:00:00","date_gmt":"2013-12-04T07:00:00","guid":{"rendered":"http:\/\/blogg.svenskakyrkan.se\/vandravagen\/2013\/12\/04\/vandra-vagens-exklusiva-q-a-guide-till-adventstiden\/"},"modified":"2013-12-04T08:00:00","modified_gmt":"2013-12-04T07:00:00","slug":"vandra-vagens-exklusiva-q-a-guide-till-adventstiden","status":"publish","type":"post","link":"https:\/\/blogg.svenskakyrkan.se\/vandravagen\/2013\/12\/04\/vandra-vagens-exklusiva-q-a-guide-till-adventstiden\/","title":{"rendered":"Vandra V\u00e4gens exklusiva Q &amp; A-guide till adventstiden!"},"content":{"rendered":"<table align=\"center\" cellpadding=\"0\" cellspacing=\"0\">\n<tbody>\n<tr>\n<td><a href=\"http:\/\/3.bp.blogspot.com\/-K1YHnmjeKMc\/UpzjNSVTsfI\/AAAAAAAAGCE\/gX0UlU_60iQ\/s1600\/IMG_2643.JPG\"><img loading=\"lazy\" decoding=\"async\" border=\"0\" height=\"640\" src=\"http:\/\/3.bp.blogspot.com\/-K1YHnmjeKMc\/UpzjNSVTsfI\/AAAAAAAAGCE\/gX0UlU_60iQ\/s640\/IMG_2643.JPG\" width=\"512\"><\/a><\/td>\n<\/tr>\n<tr>\n<td>Ocks\u00e5 ett int\u00e5g: en dinosaurie som kommer med helikopter till stan&#8230;<\/td>\n<\/tr>\n<\/tbody>\n<\/table>\n<p>Jaja, exklusiv och exklusiv. Det \u00e4r v\u00e4l snarare s\u00e5 att minst tv\u00e5 av de h\u00e4r sakerna s\u00e4gs av 97% av alla adventspredikanter VARJE \u00c5R. Kanske \u00e4r det \u00e4nd\u00e5 ett och annat som \u00e4r nytt f\u00f6r dig, i s\u00e5 fall \u00e4r jag glad att reda ut begreppen kring alla m\u00e4rkliga adventsuttryck.<\/p>\n<p><b>ORDET ADVENT<\/b><br \/>Betyder ankomst. &#8221;Adventus Domini&#8221; p\u00e5 latin betyder &#8221;Herrens ankomst&#8221; och det \u00e4r ju det vi firar. Adventstiden \u00e4r f\u00f6rberedelse f\u00f6r julen, Jesu ankomst till denna v\u00e4rld. P\u00e5 teologiskt fackspr\u00e5k kallas det &#8221;inkarnationen&#8221;, att Gud &#8221;blir k\u00f6tt&#8221; eller &#8221;m\u00e4nniska&#8221; om man vill uttrycka sig mindre brutalt.<\/p>\n<p><b>MEN \u00c5SNEGREJEN D\u00c5?<\/b><br \/>Jo, vi vet att Jesusbarnet ska f\u00f6das men den h\u00e4r vuxne Jesus som rider p\u00e5 en \u00e5sna? I bibeln och teologins v\u00e4rld l\u00e5ter man ofta olika texter och h\u00e4ndelser belysa varandra. S\u00e5 \u00e4r det ocks\u00e5 i det h\u00e4r fallet, b\u00e5de inkarnationen i julen och Jesu int\u00e5g i Jerusalem \u00e4r ju olika slags int\u00e5g s\u00e5 d\u00e5 kan man l\u00e4sa b\u00e5da och f\u00f6rst\u00e5 olika aspekter av att vem det \u00e4r som kommer till oss. Fiffigt det!<\/p>\n<p><b>NY\u00c5RSFIRANDE<\/b><br \/>Kyrkans \u00e5r b\u00f6rjar med advent. Det \u00e4r ju helt logiskt egentligen att det b\u00f6rjar med Jesu f\u00f6delse, det \u00e4r ju liksom startskottet p\u00e5 evangeliet, och adventstiden \u00e4r ett slags f\u00f6rspel till det. Allts\u00e5 b\u00f6rjar vi om \u00e5ret strax f\u00f6re jul medan sekul\u00e4ra v\u00e4rlden best\u00e4mt sig f\u00f6r att man vill fira den f\u00f6rsta januari.<\/p>\n<p><b>KRISTI BRUD, \u00c4R DET H\u00c4R EN SEKT?<\/b><br \/>&#8221;Gl\u00e4d dig, du Kristi brud&#8221; sjunger vi i en av de k\u00e4nda adventspsalmerna. N\u00e5gon kanske fortfarande associerar det till pingstf\u00f6rsamlingen i Knutby och mordfallet d\u00e4r? Talet om Kristi brud \u00e4r f\u00f6rst\u00e5s mycket \u00e4ldre \u00e4n s\u00e5, Kristus liknar sig m\u00e5nga g\u00e5nger vid en brudgum och hans Kyrka \u00e4r d\u00e4rf\u00f6r p\u00e5 ett s\u00e4tt en brud. Den Kristus \u00e4lskar (dig och mig) \u00e4r allts\u00e5 Kristi brud. S\u00e5 enkelt.<\/p>\n<p><b>VAD BETYDER EGENTLIGEN HOSIANNA?<\/b><br \/>DET f\u00f6rst\u00e5r ni, det har jag skrivit en hel utl\u00e4ggning om innan. <a href=\"http:\/\/www.vandravagen.se\/2012\/12\/vad-betyder-hosianna-egentligen.html\">L\u00e4s h\u00e4r!<\/a><\/p>\n<p><b>MEN VEM \u00c4R D\u00c5 HOSIANNA DAVIDSSON?<\/b><br \/>&#8221;Hj\u00e4lp oss Davids son&#8221;, de v\u00e4nder sig ju till Jesus med sina rop p\u00e5 hj\u00e4lp p\u00e5 det s\u00e4ttet p\u00e5 grund av en profetia i Jesaja 11:1ff, d\u00e4r det st\u00e5r om ett skott fr\u00e5n Jishajs rot. Jishaj \u00e4r kung Davids pappa, det ska allts\u00e5 komma en god kung som David och ge fred och r\u00e4ttvisa \u00e5t folket. Det \u00e4r d\u00e4rf\u00f6r det \u00e4r viktigt f\u00f6r evangelisterna att visa att Jesus (genom fosterpappan Josef) h\u00f6r till Davids sl\u00e4kt. S\u00e5 h\u00e4r st\u00e5r det (i bibel 2000):<\/p>\n<div>\n<div><span>\u00a0<span><span>1<\/span><\/span><span>En gren skall v\u00e4xa ur Jishajs avhuggna stam,<\/span><\/span><\/div>\n<p><span><\/span><\/p>\n<div><span>ett skott skall skjuta upp ur hans rot.<\/span><\/div>\n<p><span><\/span><\/p>\n<div><span><\/span><span>2<\/span>Han \u00e4r fylld av Herrens ande,<\/div>\n<div>vishetens och insiktens ande,<\/div>\n<div>klokhetens och kraftens ande,<\/div>\n<div>kunskapens och gudsfruktans ande.<\/div>\n<div><span>3<\/span>Han d\u00f6mer inte efter skenet,<\/div>\n<div>skipar inte r\u00e4tt efter rykten.<\/div>\n<div><span>4<\/span>R\u00e4ttvist d\u00f6mer han de svaga,<\/div>\n<div>med ov\u00e4ld skipar han r\u00e4tt \u00e5t de fattiga i landet.<\/div>\n<div>Hans ord \u00e4r en k\u00e4pp p\u00e5 v\u00e5ldsm\u00e4nnens rygg,<\/div>\n<div>de ondas liv bl\u00e5ses ut av hans tal.<\/div>\n<div><span>5<\/span>R\u00e4ttvisan \u00e4r hans b\u00e4lte,<\/div>\n<div>troheten b\u00e4r han kring livet.<\/div>\n<\/div>\n<div>\n<div><span>6<\/span>D\u00e5 skall vargen bo med lammet,<\/div>\n<div>pantern ligga vid killingens sida.<\/div>\n<div>Kalv och lejon g\u00e5r i bet<\/div>\n<div>och en liten pojke vallar dem.<\/div>\n<div><span>7<\/span>Kon och bj\u00f6rnen betar tillsammans,<\/div>\n<div>deras ungar ligger sida vid sida.<\/div>\n<div>Lejonet \u00e4ter h\u00f6 som oxen.<\/div>\n<div><span>8<\/span>Sp\u00e4dbarnet leker vid ormens h\u00e5la,<\/div>\n<div>ett barn sticker handen i kobrans bo.<\/div>\n<div><span>9<\/span>Ingenstans p\u00e5 mitt heliga berg<\/div>\n<div>skall ske n\u00e5got ont eller vr\u00e5ngt,<\/div>\n<div>ty kunskap om Herren skall uppfylla landet,<\/div>\n<div>liksom havet \u00e4r fyllt av vatten.<\/div>\n<\/div>\n<div><span>10<\/span>Den dagen skall folken s\u00f6ka sig till Jishajs rot, till honom som st\u00e5r som ett f\u00e4lttecken f\u00f6r alla folk, och platsen d\u00e4r han tronar skall bli \u00e4rad.<\/div>\n<div><b><br \/><\/b><\/div>\n<p><b>Dotter Sion d\u00e5?<\/b><\/p>\n<div>Jo, Sion \u00e4r berget som Jerusalem ligger p\u00e5 och Sions dotter \u00e4r d\u00e4rf\u00f6r sj\u00e4lva staden, eller de som bor i den. Det \u00e4r staden och dess inv\u00e5nare som f\u00e5r gl\u00e4dja sig, enkelt som en pl\u00e4tt!<\/p>\n<p>Finns det andra uttryck kring advent som du undrat \u00f6ver? Jag f\u00f6rs\u00f6ker g\u00e4rna reda ut dem ocks\u00e5, skriv en kommentar!<\/p><\/div>\n<div><\/div>\n","protected":false},"excerpt":{"rendered":"<p>Ocks\u00e5 ett int\u00e5g: en dinosaurie som kommer med helikopter till stan&#8230; Jaja, exklusiv och exklusiv. Det \u00e4r v\u00e4l snarare s\u00e5 att minst tv\u00e5 av de h\u00e4r sakerna s\u00e4gs av 97% av alla adventspredikanter VARJE \u00c5R. Kanske \u00e4r det \u00e4nd\u00e5 ett och annat som \u00e4r nytt f\u00f6r dig, i s\u00e5 fall \u00e4r jag glad att reda [&hellip;]<\/p>\n","protected":false},"author":392,"featured_media":0,"comment_status":"open","ping_status":"open","sticky":false,"template":"","format":"standard","meta":{"_acf_changed":false,"footnotes":""},"categories":[76189,8252],"tags":[],"class_list":["post-254","post","type-post","status-publish","format-standard","hentry","category-dagens-kyrka","category-kyrkoaret"],"acf":[],"yoast_head":"<!-- This site is optimized with the Yoast SEO plugin v27.1.1 - https:\/\/yoast.com\/product\/yoast-seo-wordpress\/ -->\n<title>Vandra V\u00e4gens exklusiva Q &amp; A-guide till adventstiden! - Vandra V\u00e4gen<\/title>\n<meta name=\"robots\" content=\"index, follow, max-snippet:-1, max-image-preview:large, max-video-preview:-1\" \/>\n<link rel=\"canonical\" href=\"https:\/\/blogg.svenskakyrkan.se\/vandravagen\/2013\/12\/04\/vandra-vagens-exklusiva-q-a-guide-till-adventstiden\/\" \/>\n<meta property=\"og:locale\" content=\"sv_SE\" \/>\n<meta property=\"og:type\" content=\"article\" \/>\n<meta property=\"og:title\" content=\"Vandra V\u00e4gens exklusiva Q &amp; A-guide till adventstiden! - Vandra V\u00e4gen\" \/>\n<meta property=\"og:description\" content=\"Ocks\u00e5 ett int\u00e5g: en dinosaurie som kommer med helikopter till stan&#8230; Jaja, exklusiv och exklusiv. Det \u00e4r v\u00e4l snarare s\u00e5 att minst tv\u00e5 av de h\u00e4r sakerna s\u00e4gs av 97% av alla adventspredikanter VARJE \u00c5R. Kanske \u00e4r det \u00e4nd\u00e5 ett och annat som \u00e4r nytt f\u00f6r dig, i s\u00e5 fall \u00e4r jag glad att reda [&hellip;]\" \/>\n<meta property=\"og:url\" content=\"https:\/\/blogg.svenskakyrkan.se\/vandravagen\/2013\/12\/04\/vandra-vagens-exklusiva-q-a-guide-till-adventstiden\/\" \/>\n<meta property=\"og:site_name\" content=\"Vandra V\u00e4gen\" \/>\n<meta property=\"article:publisher\" content=\"http:\/\/facebook.com\/vandravagen\" \/>\n<meta property=\"article:published_time\" content=\"2013-12-04T07:00:00+00:00\" \/>\n<meta property=\"og:image\" content=\"http:\/\/3.bp.blogspot.com\/-K1YHnmjeKMc\/UpzjNSVTsfI\/AAAAAAAAGCE\/gX0UlU_60iQ\/s640\/IMG_2643.JPG\" \/>\n<meta name=\"author\" content=\"Tomas Jarvid\" \/>\n<meta name=\"twitter:card\" content=\"summary_large_image\" \/>\n<meta name=\"twitter:creator\" content=\"@fadertomas\" \/>\n<meta name=\"twitter:site\" content=\"@fadertomas\" \/>\n<meta name=\"twitter:label1\" content=\"Skriven av\" \/>\n\t<meta name=\"twitter:data1\" content=\"Tomas Jarvid\" \/>\n\t<meta name=\"twitter:label2\" content=\"Ber\u00e4knad l\u00e4stid\" \/>\n\t<meta name=\"twitter:data2\" content=\"4 minuter\" \/>\n<script type=\"application\/ld+json\" class=\"yoast-schema-graph\">{\"@context\":\"https:\/\/schema.org\",\"@graph\":[{\"@type\":\"Article\",\"@id\":\"https:\/\/blogg.svenskakyrkan.se\/vandravagen\/2013\/12\/04\/vandra-vagens-exklusiva-q-a-guide-till-adventstiden\/#article\",\"isPartOf\":{\"@id\":\"https:\/\/blogg.svenskakyrkan.se\/vandravagen\/2013\/12\/04\/vandra-vagens-exklusiva-q-a-guide-till-adventstiden\/\"},\"author\":{\"name\":\"Tomas Jarvid\",\"@id\":\"https:\/\/blogg.svenskakyrkan.se\/vandravagen\/#\/schema\/person\/25da02d4f76b137d04291711e2c9fc16\"},\"headline\":\"Vandra V\u00e4gens exklusiva Q &amp; A-guide till adventstiden!\",\"datePublished\":\"2013-12-04T07:00:00+00:00\",\"mainEntityOfPage\":{\"@id\":\"https:\/\/blogg.svenskakyrkan.se\/vandravagen\/2013\/12\/04\/vandra-vagens-exklusiva-q-a-guide-till-adventstiden\/\"},\"wordCount\":772,\"commentCount\":2,\"publisher\":{\"@id\":\"https:\/\/blogg.svenskakyrkan.se\/vandravagen\/#organization\"},\"image\":{\"@id\":\"https:\/\/blogg.svenskakyrkan.se\/vandravagen\/2013\/12\/04\/vandra-vagens-exklusiva-q-a-guide-till-adventstiden\/#primaryimage\"},\"thumbnailUrl\":\"http:\/\/3.bp.blogspot.com\/-K1YHnmjeKMc\/UpzjNSVTsfI\/AAAAAAAAGCE\/gX0UlU_60iQ\/s640\/IMG_2643.JPG\",\"articleSection\":[\"Dagens Kyrka\",\"kyrko\u00e5ret\"],\"inLanguage\":\"sv-SE\",\"potentialAction\":[{\"@type\":\"CommentAction\",\"name\":\"Comment\",\"target\":[\"https:\/\/blogg.svenskakyrkan.se\/vandravagen\/2013\/12\/04\/vandra-vagens-exklusiva-q-a-guide-till-adventstiden\/#respond\"]}]},{\"@type\":\"WebPage\",\"@id\":\"https:\/\/blogg.svenskakyrkan.se\/vandravagen\/2013\/12\/04\/vandra-vagens-exklusiva-q-a-guide-till-adventstiden\/\",\"url\":\"https:\/\/blogg.svenskakyrkan.se\/vandravagen\/2013\/12\/04\/vandra-vagens-exklusiva-q-a-guide-till-adventstiden\/\",\"name\":\"Vandra V\u00e4gens exklusiva Q &amp; A-guide till adventstiden! - Vandra V\u00e4gen\",\"isPartOf\":{\"@id\":\"https:\/\/blogg.svenskakyrkan.se\/vandravagen\/#website\"},\"primaryImageOfPage\":{\"@id\":\"https:\/\/blogg.svenskakyrkan.se\/vandravagen\/2013\/12\/04\/vandra-vagens-exklusiva-q-a-guide-till-adventstiden\/#primaryimage\"},\"image\":{\"@id\":\"https:\/\/blogg.svenskakyrkan.se\/vandravagen\/2013\/12\/04\/vandra-vagens-exklusiva-q-a-guide-till-adventstiden\/#primaryimage\"},\"thumbnailUrl\":\"http:\/\/3.bp.blogspot.com\/-K1YHnmjeKMc\/UpzjNSVTsfI\/AAAAAAAAGCE\/gX0UlU_60iQ\/s640\/IMG_2643.JPG\",\"datePublished\":\"2013-12-04T07:00:00+00:00\",\"breadcrumb\":{\"@id\":\"https:\/\/blogg.svenskakyrkan.se\/vandravagen\/2013\/12\/04\/vandra-vagens-exklusiva-q-a-guide-till-adventstiden\/#breadcrumb\"},\"inLanguage\":\"sv-SE\",\"potentialAction\":[{\"@type\":\"ReadAction\",\"target\":[\"https:\/\/blogg.svenskakyrkan.se\/vandravagen\/2013\/12\/04\/vandra-vagens-exklusiva-q-a-guide-till-adventstiden\/\"]}]},{\"@type\":\"ImageObject\",\"inLanguage\":\"sv-SE\",\"@id\":\"https:\/\/blogg.svenskakyrkan.se\/vandravagen\/2013\/12\/04\/vandra-vagens-exklusiva-q-a-guide-till-adventstiden\/#primaryimage\",\"url\":\"http:\/\/3.bp.blogspot.com\/-K1YHnmjeKMc\/UpzjNSVTsfI\/AAAAAAAAGCE\/gX0UlU_60iQ\/s640\/IMG_2643.JPG\",\"contentUrl\":\"http:\/\/3.bp.blogspot.com\/-K1YHnmjeKMc\/UpzjNSVTsfI\/AAAAAAAAGCE\/gX0UlU_60iQ\/s640\/IMG_2643.JPG\"},{\"@type\":\"BreadcrumbList\",\"@id\":\"https:\/\/blogg.svenskakyrkan.se\/vandravagen\/2013\/12\/04\/vandra-vagens-exklusiva-q-a-guide-till-adventstiden\/#breadcrumb\",\"itemListElement\":[{\"@type\":\"ListItem\",\"position\":1,\"name\":\"Hem\",\"item\":\"https:\/\/blogg.svenskakyrkan.se\/vandravagen\/\"},{\"@type\":\"ListItem\",\"position\":2,\"name\":\"Vandra V\u00e4gens exklusiva Q &amp; A-guide till adventstiden!\"}]},{\"@type\":\"WebSite\",\"@id\":\"https:\/\/blogg.svenskakyrkan.se\/vandravagen\/#website\",\"url\":\"https:\/\/blogg.svenskakyrkan.se\/vandravagen\/\",\"name\":\"Vandra V\u00e4gen\",\"description\":\"-Mot en tro f\u00f6r hela livet\",\"publisher\":{\"@id\":\"https:\/\/blogg.svenskakyrkan.se\/vandravagen\/#organization\"},\"potentialAction\":[{\"@type\":\"SearchAction\",\"target\":{\"@type\":\"EntryPoint\",\"urlTemplate\":\"https:\/\/blogg.svenskakyrkan.se\/vandravagen\/?s={search_term_string}\"},\"query-input\":{\"@type\":\"PropertyValueSpecification\",\"valueRequired\":true,\"valueName\":\"search_term_string\"}}],\"inLanguage\":\"sv-SE\"},{\"@type\":\"Organization\",\"@id\":\"https:\/\/blogg.svenskakyrkan.se\/vandravagen\/#organization\",\"name\":\"ulricehamns pastorat\",\"alternateName\":\"ulricehamns pastorat\",\"url\":\"https:\/\/blogg.svenskakyrkan.se\/vandravagen\/\",\"logo\":{\"@type\":\"ImageObject\",\"inLanguage\":\"sv-SE\",\"@id\":\"https:\/\/blogg.svenskakyrkan.se\/vandravagen\/#\/schema\/logo\/image\/\",\"url\":\"https:\/\/blogg.svenskakyrkan.se\/vandravagen\/files\/2023\/05\/Ulr_logo_RGB.png\",\"contentUrl\":\"https:\/\/blogg.svenskakyrkan.se\/vandravagen\/files\/2023\/05\/Ulr_logo_RGB.png\",\"width\":205,\"height\":77,\"caption\":\"ulricehamns pastorat\"},\"image\":{\"@id\":\"https:\/\/blogg.svenskakyrkan.se\/vandravagen\/#\/schema\/logo\/image\/\"},\"sameAs\":[\"http:\/\/facebook.com\/vandravagen\",\"https:\/\/x.com\/fadertomas\",\"http:\/\/www.facebook.com\/svenskakyrkaniulricehamn\"]},{\"@type\":\"Person\",\"@id\":\"https:\/\/blogg.svenskakyrkan.se\/vandravagen\/#\/schema\/person\/25da02d4f76b137d04291711e2c9fc16\",\"name\":\"Tomas Jarvid\",\"image\":{\"@type\":\"ImageObject\",\"inLanguage\":\"sv-SE\",\"@id\":\"https:\/\/blogg.svenskakyrkan.se\/vandravagen\/#\/schema\/person\/image\/\",\"url\":\"https:\/\/secure.gravatar.com\/avatar\/7fa71899795e8f540f615a1f5ab25255dc27aa40f05ee7ddd21aac521e01bf50?s=96&d=identicon&r=g\",\"contentUrl\":\"https:\/\/secure.gravatar.com\/avatar\/7fa71899795e8f540f615a1f5ab25255dc27aa40f05ee7ddd21aac521e01bf50?s=96&d=identicon&r=g\",\"caption\":\"Tomas Jarvid\"},\"description\":\"Jag bor i Ulricehamn i V\u00e4sterg\u00f6tland och \u00e4r f\u00f6rsamlingspr\u00e4st i Svenska Kyrkan f\u00f6r Dalstorps f\u00f6rsamling i Kinds pastorat. P\u00e5 den h\u00e4r bloggen skriver jag ner tankar om vandringen som kristen.\",\"sameAs\":[\"http:\/\/www.vandravagen.se\"],\"url\":\"https:\/\/blogg.svenskakyrkan.se\/vandravagen\/author\/vandravagen\/\"}]}<\/script>\n<!-- \/ Yoast SEO plugin. -->","yoast_head_json":{"title":"Vandra V\u00e4gens exklusiva Q &amp; A-guide till adventstiden! - Vandra V\u00e4gen","robots":{"index":"index","follow":"follow","max-snippet":"max-snippet:-1","max-image-preview":"max-image-preview:large","max-video-preview":"max-video-preview:-1"},"canonical":"https:\/\/blogg.svenskakyrkan.se\/vandravagen\/2013\/12\/04\/vandra-vagens-exklusiva-q-a-guide-till-adventstiden\/","og_locale":"sv_SE","og_type":"article","og_title":"Vandra V\u00e4gens exklusiva Q &amp; A-guide till adventstiden! - Vandra V\u00e4gen","og_description":"Ocks\u00e5 ett int\u00e5g: en dinosaurie som kommer med helikopter till stan&#8230; Jaja, exklusiv och exklusiv. Det \u00e4r v\u00e4l snarare s\u00e5 att minst tv\u00e5 av de h\u00e4r sakerna s\u00e4gs av 97% av alla adventspredikanter VARJE \u00c5R. Kanske \u00e4r det \u00e4nd\u00e5 ett och annat som \u00e4r nytt f\u00f6r dig, i s\u00e5 fall \u00e4r jag glad att reda [&hellip;]","og_url":"https:\/\/blogg.svenskakyrkan.se\/vandravagen\/2013\/12\/04\/vandra-vagens-exklusiva-q-a-guide-till-adventstiden\/","og_site_name":"Vandra V\u00e4gen","article_publisher":"http:\/\/facebook.com\/vandravagen","article_published_time":"2013-12-04T07:00:00+00:00","og_image":[{"url":"http:\/\/3.bp.blogspot.com\/-K1YHnmjeKMc\/UpzjNSVTsfI\/AAAAAAAAGCE\/gX0UlU_60iQ\/s640\/IMG_2643.JPG","type":"","width":"","height":""}],"author":"Tomas Jarvid","twitter_card":"summary_large_image","twitter_creator":"@fadertomas","twitter_site":"@fadertomas","twitter_misc":{"Skriven av":"Tomas Jarvid","Ber\u00e4knad l\u00e4stid":"4 minuter"},"schema":{"@context":"https:\/\/schema.org","@graph":[{"@type":"Article","@id":"https:\/\/blogg.svenskakyrkan.se\/vandravagen\/2013\/12\/04\/vandra-vagens-exklusiva-q-a-guide-till-adventstiden\/#article","isPartOf":{"@id":"https:\/\/blogg.svenskakyrkan.se\/vandravagen\/2013\/12\/04\/vandra-vagens-exklusiva-q-a-guide-till-adventstiden\/"},"author":{"name":"Tomas Jarvid","@id":"https:\/\/blogg.svenskakyrkan.se\/vandravagen\/#\/schema\/person\/25da02d4f76b137d04291711e2c9fc16"},"headline":"Vandra V\u00e4gens exklusiva Q &amp; A-guide till adventstiden!","datePublished":"2013-12-04T07:00:00+00:00","mainEntityOfPage":{"@id":"https:\/\/blogg.svenskakyrkan.se\/vandravagen\/2013\/12\/04\/vandra-vagens-exklusiva-q-a-guide-till-adventstiden\/"},"wordCount":772,"commentCount":2,"publisher":{"@id":"https:\/\/blogg.svenskakyrkan.se\/vandravagen\/#organization"},"image":{"@id":"https:\/\/blogg.svenskakyrkan.se\/vandravagen\/2013\/12\/04\/vandra-vagens-exklusiva-q-a-guide-till-adventstiden\/#primaryimage"},"thumbnailUrl":"http:\/\/3.bp.blogspot.com\/-K1YHnmjeKMc\/UpzjNSVTsfI\/AAAAAAAAGCE\/gX0UlU_60iQ\/s640\/IMG_2643.JPG","articleSection":["Dagens Kyrka","kyrko\u00e5ret"],"inLanguage":"sv-SE","potentialAction":[{"@type":"CommentAction","name":"Comment","target":["https:\/\/blogg.svenskakyrkan.se\/vandravagen\/2013\/12\/04\/vandra-vagens-exklusiva-q-a-guide-till-adventstiden\/#respond"]}]},{"@type":"WebPage","@id":"https:\/\/blogg.svenskakyrkan.se\/vandravagen\/2013\/12\/04\/vandra-vagens-exklusiva-q-a-guide-till-adventstiden\/","url":"https:\/\/blogg.svenskakyrkan.se\/vandravagen\/2013\/12\/04\/vandra-vagens-exklusiva-q-a-guide-till-adventstiden\/","name":"Vandra V\u00e4gens exklusiva Q &amp; A-guide till adventstiden! - Vandra V\u00e4gen","isPartOf":{"@id":"https:\/\/blogg.svenskakyrkan.se\/vandravagen\/#website"},"primaryImageOfPage":{"@id":"https:\/\/blogg.svenskakyrkan.se\/vandravagen\/2013\/12\/04\/vandra-vagens-exklusiva-q-a-guide-till-adventstiden\/#primaryimage"},"image":{"@id":"https:\/\/blogg.svenskakyrkan.se\/vandravagen\/2013\/12\/04\/vandra-vagens-exklusiva-q-a-guide-till-adventstiden\/#primaryimage"},"thumbnailUrl":"http:\/\/3.bp.blogspot.com\/-K1YHnmjeKMc\/UpzjNSVTsfI\/AAAAAAAAGCE\/gX0UlU_60iQ\/s640\/IMG_2643.JPG","datePublished":"2013-12-04T07:00:00+00:00","breadcrumb":{"@id":"https:\/\/blogg.svenskakyrkan.se\/vandravagen\/2013\/12\/04\/vandra-vagens-exklusiva-q-a-guide-till-adventstiden\/#breadcrumb"},"inLanguage":"sv-SE","potentialAction":[{"@type":"ReadAction","target":["https:\/\/blogg.svenskakyrkan.se\/vandravagen\/2013\/12\/04\/vandra-vagens-exklusiva-q-a-guide-till-adventstiden\/"]}]},{"@type":"ImageObject","inLanguage":"sv-SE","@id":"https:\/\/blogg.svenskakyrkan.se\/vandravagen\/2013\/12\/04\/vandra-vagens-exklusiva-q-a-guide-till-adventstiden\/#primaryimage","url":"http:\/\/3.bp.blogspot.com\/-K1YHnmjeKMc\/UpzjNSVTsfI\/AAAAAAAAGCE\/gX0UlU_60iQ\/s640\/IMG_2643.JPG","contentUrl":"http:\/\/3.bp.blogspot.com\/-K1YHnmjeKMc\/UpzjNSVTsfI\/AAAAAAAAGCE\/gX0UlU_60iQ\/s640\/IMG_2643.JPG"},{"@type":"BreadcrumbList","@id":"https:\/\/blogg.svenskakyrkan.se\/vandravagen\/2013\/12\/04\/vandra-vagens-exklusiva-q-a-guide-till-adventstiden\/#breadcrumb","itemListElement":[{"@type":"ListItem","position":1,"name":"Hem","item":"https:\/\/blogg.svenskakyrkan.se\/vandravagen\/"},{"@type":"ListItem","position":2,"name":"Vandra V\u00e4gens exklusiva Q &amp; A-guide till adventstiden!"}]},{"@type":"WebSite","@id":"https:\/\/blogg.svenskakyrkan.se\/vandravagen\/#website","url":"https:\/\/blogg.svenskakyrkan.se\/vandravagen\/","name":"Vandra V\u00e4gen","description":"-Mot en tro f\u00f6r hela livet","publisher":{"@id":"https:\/\/blogg.svenskakyrkan.se\/vandravagen\/#organization"},"potentialAction":[{"@type":"SearchAction","target":{"@type":"EntryPoint","urlTemplate":"https:\/\/blogg.svenskakyrkan.se\/vandravagen\/?s={search_term_string}"},"query-input":{"@type":"PropertyValueSpecification","valueRequired":true,"valueName":"search_term_string"}}],"inLanguage":"sv-SE"},{"@type":"Organization","@id":"https:\/\/blogg.svenskakyrkan.se\/vandravagen\/#organization","name":"ulricehamns pastorat","alternateName":"ulricehamns pastorat","url":"https:\/\/blogg.svenskakyrkan.se\/vandravagen\/","logo":{"@type":"ImageObject","inLanguage":"sv-SE","@id":"https:\/\/blogg.svenskakyrkan.se\/vandravagen\/#\/schema\/logo\/image\/","url":"https:\/\/blogg.svenskakyrkan.se\/vandravagen\/files\/2023\/05\/Ulr_logo_RGB.png","contentUrl":"https:\/\/blogg.svenskakyrkan.se\/vandravagen\/files\/2023\/05\/Ulr_logo_RGB.png","width":205,"height":77,"caption":"ulricehamns pastorat"},"image":{"@id":"https:\/\/blogg.svenskakyrkan.se\/vandravagen\/#\/schema\/logo\/image\/"},"sameAs":["http:\/\/facebook.com\/vandravagen","https:\/\/x.com\/fadertomas","http:\/\/www.facebook.com\/svenskakyrkaniulricehamn"]},{"@type":"Person","@id":"https:\/\/blogg.svenskakyrkan.se\/vandravagen\/#\/schema\/person\/25da02d4f76b137d04291711e2c9fc16","name":"Tomas Jarvid","image":{"@type":"ImageObject","inLanguage":"sv-SE","@id":"https:\/\/blogg.svenskakyrkan.se\/vandravagen\/#\/schema\/person\/image\/","url":"https:\/\/secure.gravatar.com\/avatar\/7fa71899795e8f540f615a1f5ab25255dc27aa40f05ee7ddd21aac521e01bf50?s=96&d=identicon&r=g","contentUrl":"https:\/\/secure.gravatar.com\/avatar\/7fa71899795e8f540f615a1f5ab25255dc27aa40f05ee7ddd21aac521e01bf50?s=96&d=identicon&r=g","caption":"Tomas Jarvid"},"description":"Jag bor i Ulricehamn i V\u00e4sterg\u00f6tland och \u00e4r f\u00f6rsamlingspr\u00e4st i Svenska Kyrkan f\u00f6r Dalstorps f\u00f6rsamling i Kinds pastorat. P\u00e5 den h\u00e4r bloggen skriver jag ner tankar om vandringen som kristen.","sameAs":["http:\/\/www.vandravagen.se"],"url":"https:\/\/blogg.svenskakyrkan.se\/vandravagen\/author\/vandravagen\/"}]}},"author_meta":{"ID":"392","user_nicename":"vandravagen","user_url":"http:\/\/www.vandravagen.se","user_registered":"2014-05-19 05:44:52","display_name":"Tomas Jarvid","first_name":"Tomas","last_name":"Jarvid","avatar":"https:\/\/secure.gravatar.com\/avatar\/7fa71899795e8f540f615a1f5ab25255dc27aa40f05ee7ddd21aac521e01bf50?s=96&d=identicon&r=g"},"featured_image":false,"bloginfo":{"name":"Vandra V\u00e4gen","url":"https:\/\/blogg.svenskakyrkan.se\/vandravagen"},"_links":{"self":[{"href":"https:\/\/blogg.svenskakyrkan.se\/vandravagen\/wp-json\/wp\/v2\/posts\/254","targetHints":{"allow":["GET"]}}],"collection":[{"href":"https:\/\/blogg.svenskakyrkan.se\/vandravagen\/wp-json\/wp\/v2\/posts"}],"about":[{"href":"https:\/\/blogg.svenskakyrkan.se\/vandravagen\/wp-json\/wp\/v2\/types\/post"}],"author":[{"embeddable":true,"href":"https:\/\/blogg.svenskakyrkan.se\/vandravagen\/wp-json\/wp\/v2\/users\/392"}],"replies":[{"embeddable":true,"href":"https:\/\/blogg.svenskakyrkan.se\/vandravagen\/wp-json\/wp\/v2\/comments?post=254"}],"version-history":[{"count":0,"href":"https:\/\/blogg.svenskakyrkan.se\/vandravagen\/wp-json\/wp\/v2\/posts\/254\/revisions"}],"wp:attachment":[{"href":"https:\/\/blogg.svenskakyrkan.se\/vandravagen\/wp-json\/wp\/v2\/media?parent=254"}],"wp:term":[{"taxonomy":"category","embeddable":true,"href":"https:\/\/blogg.svenskakyrkan.se\/vandravagen\/wp-json\/wp\/v2\/categories?post=254"},{"taxonomy":"post_tag","embeddable":true,"href":"https:\/\/blogg.svenskakyrkan.se\/vandravagen\/wp-json\/wp\/v2\/tags?post=254"}],"curies":[{"name":"wp","href":"https:\/\/api.w.org\/{rel}","templated":true}]}}