{"id":255,"date":"2013-12-03T19:00:00","date_gmt":"2013-12-03T18:00:00","guid":{"rendered":"http:\/\/blogg.svenskakyrkan.se\/vandravagen\/2013\/12\/03\/10-lankar-till-bra-saker-andra-skrivit-och-gjort\/"},"modified":"2013-12-03T19:00:00","modified_gmt":"2013-12-03T18:00:00","slug":"10-lankar-till-bra-saker-andra-skrivit-och-gjort","status":"publish","type":"post","link":"https:\/\/blogg.svenskakyrkan.se\/vandravagen\/2013\/12\/03\/10-lankar-till-bra-saker-andra-skrivit-och-gjort\/","title":{"rendered":"10 l\u00e4nkar till bra saker andra skrivit och gjort"},"content":{"rendered":"<table align=\"center\" cellpadding=\"0\" cellspacing=\"0\">\n<tbody>\n<tr>\n<td><a href=\"http:\/\/2.bp.blogspot.com\/-7_PxeBxu1Kk\/Up27iwguZCI\/AAAAAAAAGDE\/xRgz75fH4ZA\/s1600\/IMG_2655.JPG\"><img loading=\"lazy\" decoding=\"async\" border=\"0\" height=\"640\" src=\"http:\/\/2.bp.blogspot.com\/-7_PxeBxu1Kk\/Up27iwguZCI\/AAAAAAAAGDE\/xRgz75fH4ZA\/s640\/IMG_2655.JPG\" width=\"520\"><\/a><\/td>\n<\/tr>\n<tr>\n<td>Det finns s\u00e5 mycket att l\u00e4sa. P\u00e5 n\u00e4tet ocks\u00e5. H\u00e4r \u00e4r n\u00e5gra l\u00e4nkar.<\/td>\n<\/tr>\n<\/tbody>\n<\/table>\n<p>Jag vill g\u00e4rna dela n\u00e5gra l\u00e4nkar med dig. De \u00e4r av v\u00e4ldigt skilda slag \u00e4ven om m\u00e5nga r\u00f6r sig inom s\u00e5na \u00e4mnen jag brukar skriva om p\u00e5 Vandra V\u00e4gen.<\/p>\n<p><b>M\u00c4RKLIGT<\/b><br \/>Kan man kalla denna fotopost med konstfoton f\u00f6rest\u00e4llande <a href=\"http:\/\/www.laravisual.com\/old-finnish-people-with-things-on-their-heads\/\">gamla m\u00e4nniskor i Finland med saker p\u00e5 sina huvuden.<\/a><\/p>\n<p><b>RELIKG\u00c5TA<\/b><br \/>Under Peterskyrkan i Rom finns Petrus grav och reliker, eller kan man vara s\u00e4ker p\u00e5 det? <a href=\"http:\/\/signum.se\/petrus-grav-och-deckarhistorien-om-hans-reliker\/\">Katolska tidskriften Signum reder ut!<\/a><\/p>\n<p><b>FELAKTIGA SK\u00c4L ATT BLI ATEIST<\/b><br \/>Owe Wikstr\u00f6m skriver om <a href=\"http:\/\/www.owewikstrom.se\/2013\/09\/irrvagar-till-ateism\/\">n\u00e5gra klassiska tankemissar<\/a> som g\u00f6r att m\u00e5nga avf\u00e4rdar gudstro i on\u00f6dan.<\/p>\n<p><b>FATTIGT<\/b><br \/>Elin skriver p\u00e5 sin blogg <a href=\"http:\/\/poppelin.se\/2013\/11\/23\/om-frivillig-fattigdom\/\">om frivillig fattigdom i solidaritet med verkligt fattiga<\/a>. Det \u00e4r inte s\u00e5 helt enkelt visar det sig. Mycket intressant!<\/p>\n<p><b>EXPRESSEN<\/b><br \/>L\u00e4nkar jag s\u00e4llan till h\u00e4rifr\u00e5n men h\u00e4r \u00e4r en kr\u00f6nika av Jenny Str\u00f6mstedt <a href=\"http:\/\/www.expressen.se\/kronikorer\/jenny-stromstedt\/vi-maste-anstranga-oss-mer-for-att-se-vardet-i-mangfald\/\">om hur olidligt det blir att leva n\u00e4r vi aldrig f\u00e5r vara svaga <\/a>(mitt favorit\u00e4mne med andra ord).<\/p>\n<p><b>UPPSATS<\/b><br \/>I alla fall utdrag ur en uppsats. Micael Grenholm har skrivit om Jesus och \u00e4nkan med kopparslantarna. <a href=\"http:\/\/helapingsten.wordpress.com\/2013\/11\/19\/ankan-med-kopparslantarna-forebild-eller-fortryckt\/\">\u00c4r hon en f\u00f6rebild f\u00f6r oss eller \u00e4r hon f\u00f6rtryckt?<\/a> Lite bibelvetenskap piggar alltid upp!<\/p>\n<p><b>LITANIA I V\u00c5R TID<\/b><br \/><a href=\"http:\/\/www.tumblr.com\/ZgiB2y_SK_Q6\">En b\u00f6n f\u00f6r v\u00e5r tid<\/a>\u00a0(som \u00e4r s\u00e5 rik men \u00e4nd\u00e5 s\u00e5 fattig).<\/p>\n<p><b>TRO<\/b><br \/><a href=\"http:\/\/www.areopagen.se\/2013\/11\/14\/att-tro\/\">Olof B\u00e4ckersten skriver om vad tro \u00e4r.<\/a> Ett bra perspektiv att ha med sig.<\/p>\n<p><b>HITLER OCH \u00c4RKEBISKOPEN<\/b><br \/>\u00c4rkebiskop\u00a0<a href=\"http:\/\/www.bt.se\/ledare\/eidem-sa-mer-om-hitler-an-nagon-annan-vagade(3853385).gm\">Erling Eidem v\u00e5gade s\u00e4ga ifr\u00e5n p\u00e5 skarpen till Hitler<\/a>. I Tyskland. Det ni!<\/p>\n<p><b>\u00c4KTENSKAP \u00c4R INGET F\u00d6R DIG<\/b><br \/>Det \u00e4r f\u00f6r den du \u00e4r gift med. <a href=\"http:\/\/sethadamsmith.com\/2013\/11\/02\/marriage-isnt-for-you\/\">L\u00e4s det h\u00e4r!<\/a><\/p>\n","protected":false},"excerpt":{"rendered":"<p>Det finns s\u00e5 mycket att l\u00e4sa. P\u00e5 n\u00e4tet ocks\u00e5. H\u00e4r \u00e4r n\u00e5gra l\u00e4nkar. Jag vill g\u00e4rna dela n\u00e5gra l\u00e4nkar med dig. De \u00e4r av v\u00e4ldigt skilda slag \u00e4ven om m\u00e5nga r\u00f6r sig inom s\u00e5na \u00e4mnen jag brukar skriva om p\u00e5 Vandra V\u00e4gen. M\u00c4RKLIGTKan man kalla denna fotopost med konstfoton f\u00f6rest\u00e4llande gamla m\u00e4nniskor i Finland med [&hellip;]<\/p>\n","protected":false},"author":392,"featured_media":0,"comment_status":"open","ping_status":"open","sticky":false,"template":"","format":"standard","meta":{"_acf_changed":false,"footnotes":""},"categories":[76189,8313],"tags":[],"class_list":["post-255","post","type-post","status-publish","format-standard","hentry","category-dagens-kyrka","category-lankar"],"acf":[],"yoast_head":"<!-- This site is optimized with the Yoast SEO plugin v27.1.1 - https:\/\/yoast.com\/product\/yoast-seo-wordpress\/ -->\n<title>10 l\u00e4nkar till bra saker andra skrivit och gjort - Vandra V\u00e4gen<\/title>\n<meta name=\"robots\" content=\"index, follow, max-snippet:-1, max-image-preview:large, max-video-preview:-1\" \/>\n<link rel=\"canonical\" href=\"https:\/\/blogg.svenskakyrkan.se\/vandravagen\/2013\/12\/03\/10-lankar-till-bra-saker-andra-skrivit-och-gjort\/\" \/>\n<meta property=\"og:locale\" content=\"sv_SE\" \/>\n<meta property=\"og:type\" content=\"article\" \/>\n<meta property=\"og:title\" content=\"10 l\u00e4nkar till bra saker andra skrivit och gjort - Vandra V\u00e4gen\" \/>\n<meta property=\"og:description\" content=\"Det finns s\u00e5 mycket att l\u00e4sa. P\u00e5 n\u00e4tet ocks\u00e5. H\u00e4r \u00e4r n\u00e5gra l\u00e4nkar. Jag vill g\u00e4rna dela n\u00e5gra l\u00e4nkar med dig. De \u00e4r av v\u00e4ldigt skilda slag \u00e4ven om m\u00e5nga r\u00f6r sig inom s\u00e5na \u00e4mnen jag brukar skriva om p\u00e5 Vandra V\u00e4gen. M\u00c4RKLIGTKan man kalla denna fotopost med konstfoton f\u00f6rest\u00e4llande gamla m\u00e4nniskor i Finland med [&hellip;]\" \/>\n<meta property=\"og:url\" content=\"https:\/\/blogg.svenskakyrkan.se\/vandravagen\/2013\/12\/03\/10-lankar-till-bra-saker-andra-skrivit-och-gjort\/\" \/>\n<meta property=\"og:site_name\" content=\"Vandra V\u00e4gen\" \/>\n<meta property=\"article:publisher\" content=\"http:\/\/facebook.com\/vandravagen\" \/>\n<meta property=\"article:published_time\" content=\"2013-12-03T18:00:00+00:00\" \/>\n<meta property=\"og:image\" content=\"http:\/\/2.bp.blogspot.com\/-7_PxeBxu1Kk\/Up27iwguZCI\/AAAAAAAAGDE\/xRgz75fH4ZA\/s640\/IMG_2655.JPG\" \/>\n<meta name=\"author\" content=\"Tomas Jarvid\" \/>\n<meta name=\"twitter:card\" content=\"summary_large_image\" \/>\n<meta name=\"twitter:creator\" content=\"@fadertomas\" \/>\n<meta name=\"twitter:site\" content=\"@fadertomas\" \/>\n<meta name=\"twitter:label1\" content=\"Skriven av\" \/>\n\t<meta name=\"twitter:data1\" content=\"Tomas Jarvid\" \/>\n\t<meta name=\"twitter:label2\" content=\"Ber\u00e4knad l\u00e4stid\" \/>\n\t<meta name=\"twitter:data2\" content=\"1 minut\" \/>\n<script type=\"application\/ld+json\" class=\"yoast-schema-graph\">{\"@context\":\"https:\/\/schema.org\",\"@graph\":[{\"@type\":\"Article\",\"@id\":\"https:\/\/blogg.svenskakyrkan.se\/vandravagen\/2013\/12\/03\/10-lankar-till-bra-saker-andra-skrivit-och-gjort\/#article\",\"isPartOf\":{\"@id\":\"https:\/\/blogg.svenskakyrkan.se\/vandravagen\/2013\/12\/03\/10-lankar-till-bra-saker-andra-skrivit-och-gjort\/\"},\"author\":{\"name\":\"Tomas Jarvid\",\"@id\":\"https:\/\/blogg.svenskakyrkan.se\/vandravagen\/#\/schema\/person\/25da02d4f76b137d04291711e2c9fc16\"},\"headline\":\"10 l\u00e4nkar till bra saker andra skrivit och gjort\",\"datePublished\":\"2013-12-03T18:00:00+00:00\",\"mainEntityOfPage\":{\"@id\":\"https:\/\/blogg.svenskakyrkan.se\/vandravagen\/2013\/12\/03\/10-lankar-till-bra-saker-andra-skrivit-och-gjort\/\"},\"wordCount\":317,\"commentCount\":0,\"publisher\":{\"@id\":\"https:\/\/blogg.svenskakyrkan.se\/vandravagen\/#organization\"},\"image\":{\"@id\":\"https:\/\/blogg.svenskakyrkan.se\/vandravagen\/2013\/12\/03\/10-lankar-till-bra-saker-andra-skrivit-och-gjort\/#primaryimage\"},\"thumbnailUrl\":\"http:\/\/2.bp.blogspot.com\/-7_PxeBxu1Kk\/Up27iwguZCI\/AAAAAAAAGDE\/xRgz75fH4ZA\/s640\/IMG_2655.JPG\",\"articleSection\":[\"Dagens Kyrka\",\"l\u00e4nkar\"],\"inLanguage\":\"sv-SE\",\"potentialAction\":[{\"@type\":\"CommentAction\",\"name\":\"Comment\",\"target\":[\"https:\/\/blogg.svenskakyrkan.se\/vandravagen\/2013\/12\/03\/10-lankar-till-bra-saker-andra-skrivit-och-gjort\/#respond\"]}]},{\"@type\":\"WebPage\",\"@id\":\"https:\/\/blogg.svenskakyrkan.se\/vandravagen\/2013\/12\/03\/10-lankar-till-bra-saker-andra-skrivit-och-gjort\/\",\"url\":\"https:\/\/blogg.svenskakyrkan.se\/vandravagen\/2013\/12\/03\/10-lankar-till-bra-saker-andra-skrivit-och-gjort\/\",\"name\":\"10 l\u00e4nkar till bra saker andra skrivit och gjort - Vandra V\u00e4gen\",\"isPartOf\":{\"@id\":\"https:\/\/blogg.svenskakyrkan.se\/vandravagen\/#website\"},\"primaryImageOfPage\":{\"@id\":\"https:\/\/blogg.svenskakyrkan.se\/vandravagen\/2013\/12\/03\/10-lankar-till-bra-saker-andra-skrivit-och-gjort\/#primaryimage\"},\"image\":{\"@id\":\"https:\/\/blogg.svenskakyrkan.se\/vandravagen\/2013\/12\/03\/10-lankar-till-bra-saker-andra-skrivit-och-gjort\/#primaryimage\"},\"thumbnailUrl\":\"http:\/\/2.bp.blogspot.com\/-7_PxeBxu1Kk\/Up27iwguZCI\/AAAAAAAAGDE\/xRgz75fH4ZA\/s640\/IMG_2655.JPG\",\"datePublished\":\"2013-12-03T18:00:00+00:00\",\"breadcrumb\":{\"@id\":\"https:\/\/blogg.svenskakyrkan.se\/vandravagen\/2013\/12\/03\/10-lankar-till-bra-saker-andra-skrivit-och-gjort\/#breadcrumb\"},\"inLanguage\":\"sv-SE\",\"potentialAction\":[{\"@type\":\"ReadAction\",\"target\":[\"https:\/\/blogg.svenskakyrkan.se\/vandravagen\/2013\/12\/03\/10-lankar-till-bra-saker-andra-skrivit-och-gjort\/\"]}]},{\"@type\":\"ImageObject\",\"inLanguage\":\"sv-SE\",\"@id\":\"https:\/\/blogg.svenskakyrkan.se\/vandravagen\/2013\/12\/03\/10-lankar-till-bra-saker-andra-skrivit-och-gjort\/#primaryimage\",\"url\":\"http:\/\/2.bp.blogspot.com\/-7_PxeBxu1Kk\/Up27iwguZCI\/AAAAAAAAGDE\/xRgz75fH4ZA\/s640\/IMG_2655.JPG\",\"contentUrl\":\"http:\/\/2.bp.blogspot.com\/-7_PxeBxu1Kk\/Up27iwguZCI\/AAAAAAAAGDE\/xRgz75fH4ZA\/s640\/IMG_2655.JPG\"},{\"@type\":\"BreadcrumbList\",\"@id\":\"https:\/\/blogg.svenskakyrkan.se\/vandravagen\/2013\/12\/03\/10-lankar-till-bra-saker-andra-skrivit-och-gjort\/#breadcrumb\",\"itemListElement\":[{\"@type\":\"ListItem\",\"position\":1,\"name\":\"Hem\",\"item\":\"https:\/\/blogg.svenskakyrkan.se\/vandravagen\/\"},{\"@type\":\"ListItem\",\"position\":2,\"name\":\"10 l\u00e4nkar till bra saker andra skrivit och gjort\"}]},{\"@type\":\"WebSite\",\"@id\":\"https:\/\/blogg.svenskakyrkan.se\/vandravagen\/#website\",\"url\":\"https:\/\/blogg.svenskakyrkan.se\/vandravagen\/\",\"name\":\"Vandra V\u00e4gen\",\"description\":\"-Mot en tro f\u00f6r hela livet\",\"publisher\":{\"@id\":\"https:\/\/blogg.svenskakyrkan.se\/vandravagen\/#organization\"},\"potentialAction\":[{\"@type\":\"SearchAction\",\"target\":{\"@type\":\"EntryPoint\",\"urlTemplate\":\"https:\/\/blogg.svenskakyrkan.se\/vandravagen\/?s={search_term_string}\"},\"query-input\":{\"@type\":\"PropertyValueSpecification\",\"valueRequired\":true,\"valueName\":\"search_term_string\"}}],\"inLanguage\":\"sv-SE\"},{\"@type\":\"Organization\",\"@id\":\"https:\/\/blogg.svenskakyrkan.se\/vandravagen\/#organization\",\"name\":\"ulricehamns pastorat\",\"alternateName\":\"ulricehamns pastorat\",\"url\":\"https:\/\/blogg.svenskakyrkan.se\/vandravagen\/\",\"logo\":{\"@type\":\"ImageObject\",\"inLanguage\":\"sv-SE\",\"@id\":\"https:\/\/blogg.svenskakyrkan.se\/vandravagen\/#\/schema\/logo\/image\/\",\"url\":\"https:\/\/blogg.svenskakyrkan.se\/vandravagen\/files\/2023\/05\/Ulr_logo_RGB.png\",\"contentUrl\":\"https:\/\/blogg.svenskakyrkan.se\/vandravagen\/files\/2023\/05\/Ulr_logo_RGB.png\",\"width\":205,\"height\":77,\"caption\":\"ulricehamns pastorat\"},\"image\":{\"@id\":\"https:\/\/blogg.svenskakyrkan.se\/vandravagen\/#\/schema\/logo\/image\/\"},\"sameAs\":[\"http:\/\/facebook.com\/vandravagen\",\"https:\/\/x.com\/fadertomas\",\"http:\/\/www.facebook.com\/svenskakyrkaniulricehamn\"]},{\"@type\":\"Person\",\"@id\":\"https:\/\/blogg.svenskakyrkan.se\/vandravagen\/#\/schema\/person\/25da02d4f76b137d04291711e2c9fc16\",\"name\":\"Tomas Jarvid\",\"image\":{\"@type\":\"ImageObject\",\"inLanguage\":\"sv-SE\",\"@id\":\"https:\/\/blogg.svenskakyrkan.se\/vandravagen\/#\/schema\/person\/image\/\",\"url\":\"https:\/\/secure.gravatar.com\/avatar\/7fa71899795e8f540f615a1f5ab25255dc27aa40f05ee7ddd21aac521e01bf50?s=96&d=identicon&r=g\",\"contentUrl\":\"https:\/\/secure.gravatar.com\/avatar\/7fa71899795e8f540f615a1f5ab25255dc27aa40f05ee7ddd21aac521e01bf50?s=96&d=identicon&r=g\",\"caption\":\"Tomas Jarvid\"},\"description\":\"Jag bor i Ulricehamn i V\u00e4sterg\u00f6tland och \u00e4r f\u00f6rsamlingspr\u00e4st i Svenska Kyrkan f\u00f6r Dalstorps f\u00f6rsamling i Kinds pastorat. P\u00e5 den h\u00e4r bloggen skriver jag ner tankar om vandringen som kristen.\",\"sameAs\":[\"http:\/\/www.vandravagen.se\"],\"url\":\"https:\/\/blogg.svenskakyrkan.se\/vandravagen\/author\/vandravagen\/\"}]}<\/script>\n<!-- \/ Yoast SEO plugin. -->","yoast_head_json":{"title":"10 l\u00e4nkar till bra saker andra skrivit och gjort - Vandra V\u00e4gen","robots":{"index":"index","follow":"follow","max-snippet":"max-snippet:-1","max-image-preview":"max-image-preview:large","max-video-preview":"max-video-preview:-1"},"canonical":"https:\/\/blogg.svenskakyrkan.se\/vandravagen\/2013\/12\/03\/10-lankar-till-bra-saker-andra-skrivit-och-gjort\/","og_locale":"sv_SE","og_type":"article","og_title":"10 l\u00e4nkar till bra saker andra skrivit och gjort - Vandra V\u00e4gen","og_description":"Det finns s\u00e5 mycket att l\u00e4sa. P\u00e5 n\u00e4tet ocks\u00e5. H\u00e4r \u00e4r n\u00e5gra l\u00e4nkar. Jag vill g\u00e4rna dela n\u00e5gra l\u00e4nkar med dig. De \u00e4r av v\u00e4ldigt skilda slag \u00e4ven om m\u00e5nga r\u00f6r sig inom s\u00e5na \u00e4mnen jag brukar skriva om p\u00e5 Vandra V\u00e4gen. M\u00c4RKLIGTKan man kalla denna fotopost med konstfoton f\u00f6rest\u00e4llande gamla m\u00e4nniskor i Finland med [&hellip;]","og_url":"https:\/\/blogg.svenskakyrkan.se\/vandravagen\/2013\/12\/03\/10-lankar-till-bra-saker-andra-skrivit-och-gjort\/","og_site_name":"Vandra V\u00e4gen","article_publisher":"http:\/\/facebook.com\/vandravagen","article_published_time":"2013-12-03T18:00:00+00:00","og_image":[{"url":"http:\/\/2.bp.blogspot.com\/-7_PxeBxu1Kk\/Up27iwguZCI\/AAAAAAAAGDE\/xRgz75fH4ZA\/s640\/IMG_2655.JPG","type":"","width":"","height":""}],"author":"Tomas Jarvid","twitter_card":"summary_large_image","twitter_creator":"@fadertomas","twitter_site":"@fadertomas","twitter_misc":{"Skriven av":"Tomas Jarvid","Ber\u00e4knad l\u00e4stid":"1 minut"},"schema":{"@context":"https:\/\/schema.org","@graph":[{"@type":"Article","@id":"https:\/\/blogg.svenskakyrkan.se\/vandravagen\/2013\/12\/03\/10-lankar-till-bra-saker-andra-skrivit-och-gjort\/#article","isPartOf":{"@id":"https:\/\/blogg.svenskakyrkan.se\/vandravagen\/2013\/12\/03\/10-lankar-till-bra-saker-andra-skrivit-och-gjort\/"},"author":{"name":"Tomas Jarvid","@id":"https:\/\/blogg.svenskakyrkan.se\/vandravagen\/#\/schema\/person\/25da02d4f76b137d04291711e2c9fc16"},"headline":"10 l\u00e4nkar till bra saker andra skrivit och gjort","datePublished":"2013-12-03T18:00:00+00:00","mainEntityOfPage":{"@id":"https:\/\/blogg.svenskakyrkan.se\/vandravagen\/2013\/12\/03\/10-lankar-till-bra-saker-andra-skrivit-och-gjort\/"},"wordCount":317,"commentCount":0,"publisher":{"@id":"https:\/\/blogg.svenskakyrkan.se\/vandravagen\/#organization"},"image":{"@id":"https:\/\/blogg.svenskakyrkan.se\/vandravagen\/2013\/12\/03\/10-lankar-till-bra-saker-andra-skrivit-och-gjort\/#primaryimage"},"thumbnailUrl":"http:\/\/2.bp.blogspot.com\/-7_PxeBxu1Kk\/Up27iwguZCI\/AAAAAAAAGDE\/xRgz75fH4ZA\/s640\/IMG_2655.JPG","articleSection":["Dagens Kyrka","l\u00e4nkar"],"inLanguage":"sv-SE","potentialAction":[{"@type":"CommentAction","name":"Comment","target":["https:\/\/blogg.svenskakyrkan.se\/vandravagen\/2013\/12\/03\/10-lankar-till-bra-saker-andra-skrivit-och-gjort\/#respond"]}]},{"@type":"WebPage","@id":"https:\/\/blogg.svenskakyrkan.se\/vandravagen\/2013\/12\/03\/10-lankar-till-bra-saker-andra-skrivit-och-gjort\/","url":"https:\/\/blogg.svenskakyrkan.se\/vandravagen\/2013\/12\/03\/10-lankar-till-bra-saker-andra-skrivit-och-gjort\/","name":"10 l\u00e4nkar till bra saker andra skrivit och gjort - Vandra V\u00e4gen","isPartOf":{"@id":"https:\/\/blogg.svenskakyrkan.se\/vandravagen\/#website"},"primaryImageOfPage":{"@id":"https:\/\/blogg.svenskakyrkan.se\/vandravagen\/2013\/12\/03\/10-lankar-till-bra-saker-andra-skrivit-och-gjort\/#primaryimage"},"image":{"@id":"https:\/\/blogg.svenskakyrkan.se\/vandravagen\/2013\/12\/03\/10-lankar-till-bra-saker-andra-skrivit-och-gjort\/#primaryimage"},"thumbnailUrl":"http:\/\/2.bp.blogspot.com\/-7_PxeBxu1Kk\/Up27iwguZCI\/AAAAAAAAGDE\/xRgz75fH4ZA\/s640\/IMG_2655.JPG","datePublished":"2013-12-03T18:00:00+00:00","breadcrumb":{"@id":"https:\/\/blogg.svenskakyrkan.se\/vandravagen\/2013\/12\/03\/10-lankar-till-bra-saker-andra-skrivit-och-gjort\/#breadcrumb"},"inLanguage":"sv-SE","potentialAction":[{"@type":"ReadAction","target":["https:\/\/blogg.svenskakyrkan.se\/vandravagen\/2013\/12\/03\/10-lankar-till-bra-saker-andra-skrivit-och-gjort\/"]}]},{"@type":"ImageObject","inLanguage":"sv-SE","@id":"https:\/\/blogg.svenskakyrkan.se\/vandravagen\/2013\/12\/03\/10-lankar-till-bra-saker-andra-skrivit-och-gjort\/#primaryimage","url":"http:\/\/2.bp.blogspot.com\/-7_PxeBxu1Kk\/Up27iwguZCI\/AAAAAAAAGDE\/xRgz75fH4ZA\/s640\/IMG_2655.JPG","contentUrl":"http:\/\/2.bp.blogspot.com\/-7_PxeBxu1Kk\/Up27iwguZCI\/AAAAAAAAGDE\/xRgz75fH4ZA\/s640\/IMG_2655.JPG"},{"@type":"BreadcrumbList","@id":"https:\/\/blogg.svenskakyrkan.se\/vandravagen\/2013\/12\/03\/10-lankar-till-bra-saker-andra-skrivit-och-gjort\/#breadcrumb","itemListElement":[{"@type":"ListItem","position":1,"name":"Hem","item":"https:\/\/blogg.svenskakyrkan.se\/vandravagen\/"},{"@type":"ListItem","position":2,"name":"10 l\u00e4nkar till bra saker andra skrivit och gjort"}]},{"@type":"WebSite","@id":"https:\/\/blogg.svenskakyrkan.se\/vandravagen\/#website","url":"https:\/\/blogg.svenskakyrkan.se\/vandravagen\/","name":"Vandra V\u00e4gen","description":"-Mot en tro f\u00f6r hela livet","publisher":{"@id":"https:\/\/blogg.svenskakyrkan.se\/vandravagen\/#organization"},"potentialAction":[{"@type":"SearchAction","target":{"@type":"EntryPoint","urlTemplate":"https:\/\/blogg.svenskakyrkan.se\/vandravagen\/?s={search_term_string}"},"query-input":{"@type":"PropertyValueSpecification","valueRequired":true,"valueName":"search_term_string"}}],"inLanguage":"sv-SE"},{"@type":"Organization","@id":"https:\/\/blogg.svenskakyrkan.se\/vandravagen\/#organization","name":"ulricehamns pastorat","alternateName":"ulricehamns pastorat","url":"https:\/\/blogg.svenskakyrkan.se\/vandravagen\/","logo":{"@type":"ImageObject","inLanguage":"sv-SE","@id":"https:\/\/blogg.svenskakyrkan.se\/vandravagen\/#\/schema\/logo\/image\/","url":"https:\/\/blogg.svenskakyrkan.se\/vandravagen\/files\/2023\/05\/Ulr_logo_RGB.png","contentUrl":"https:\/\/blogg.svenskakyrkan.se\/vandravagen\/files\/2023\/05\/Ulr_logo_RGB.png","width":205,"height":77,"caption":"ulricehamns pastorat"},"image":{"@id":"https:\/\/blogg.svenskakyrkan.se\/vandravagen\/#\/schema\/logo\/image\/"},"sameAs":["http:\/\/facebook.com\/vandravagen","https:\/\/x.com\/fadertomas","http:\/\/www.facebook.com\/svenskakyrkaniulricehamn"]},{"@type":"Person","@id":"https:\/\/blogg.svenskakyrkan.se\/vandravagen\/#\/schema\/person\/25da02d4f76b137d04291711e2c9fc16","name":"Tomas Jarvid","image":{"@type":"ImageObject","inLanguage":"sv-SE","@id":"https:\/\/blogg.svenskakyrkan.se\/vandravagen\/#\/schema\/person\/image\/","url":"https:\/\/secure.gravatar.com\/avatar\/7fa71899795e8f540f615a1f5ab25255dc27aa40f05ee7ddd21aac521e01bf50?s=96&d=identicon&r=g","contentUrl":"https:\/\/secure.gravatar.com\/avatar\/7fa71899795e8f540f615a1f5ab25255dc27aa40f05ee7ddd21aac521e01bf50?s=96&d=identicon&r=g","caption":"Tomas Jarvid"},"description":"Jag bor i Ulricehamn i V\u00e4sterg\u00f6tland och \u00e4r f\u00f6rsamlingspr\u00e4st i Svenska Kyrkan f\u00f6r Dalstorps f\u00f6rsamling i Kinds pastorat. P\u00e5 den h\u00e4r bloggen skriver jag ner tankar om vandringen som kristen.","sameAs":["http:\/\/www.vandravagen.se"],"url":"https:\/\/blogg.svenskakyrkan.se\/vandravagen\/author\/vandravagen\/"}]}},"author_meta":{"ID":"392","user_nicename":"vandravagen","user_url":"http:\/\/www.vandravagen.se","user_registered":"2014-05-19 05:44:52","display_name":"Tomas Jarvid","first_name":"Tomas","last_name":"Jarvid","avatar":"https:\/\/secure.gravatar.com\/avatar\/7fa71899795e8f540f615a1f5ab25255dc27aa40f05ee7ddd21aac521e01bf50?s=96&d=identicon&r=g"},"featured_image":false,"bloginfo":{"name":"Vandra V\u00e4gen","url":"https:\/\/blogg.svenskakyrkan.se\/vandravagen"},"_links":{"self":[{"href":"https:\/\/blogg.svenskakyrkan.se\/vandravagen\/wp-json\/wp\/v2\/posts\/255","targetHints":{"allow":["GET"]}}],"collection":[{"href":"https:\/\/blogg.svenskakyrkan.se\/vandravagen\/wp-json\/wp\/v2\/posts"}],"about":[{"href":"https:\/\/blogg.svenskakyrkan.se\/vandravagen\/wp-json\/wp\/v2\/types\/post"}],"author":[{"embeddable":true,"href":"https:\/\/blogg.svenskakyrkan.se\/vandravagen\/wp-json\/wp\/v2\/users\/392"}],"replies":[{"embeddable":true,"href":"https:\/\/blogg.svenskakyrkan.se\/vandravagen\/wp-json\/wp\/v2\/comments?post=255"}],"version-history":[{"count":0,"href":"https:\/\/blogg.svenskakyrkan.se\/vandravagen\/wp-json\/wp\/v2\/posts\/255\/revisions"}],"wp:attachment":[{"href":"https:\/\/blogg.svenskakyrkan.se\/vandravagen\/wp-json\/wp\/v2\/media?parent=255"}],"wp:term":[{"taxonomy":"category","embeddable":true,"href":"https:\/\/blogg.svenskakyrkan.se\/vandravagen\/wp-json\/wp\/v2\/categories?post=255"},{"taxonomy":"post_tag","embeddable":true,"href":"https:\/\/blogg.svenskakyrkan.se\/vandravagen\/wp-json\/wp\/v2\/tags?post=255"}],"curies":[{"name":"wp","href":"https:\/\/api.w.org\/{rel}","templated":true}]}}